{"id":50748,"date":"2022-10-28T15:05:11","date_gmt":"2022-10-28T12:05:11","guid":{"rendered":"http:\/\/www.textilegence.com\/?p=50748"},"modified":"2022-10-28T15:05:23","modified_gmt":"2022-10-28T12:05:23","slug":"oerlikon-focuses-on-sustainability-at-k-2022","status":"publish","type":"post","link":"https:\/\/www.textilegence.com\/en\/oerlikon-focuses-on-sustainability-at-k-2022\/","title":{"rendered":"Oerlikon focuses on sustainability at K 2022"},"content":{"rendered":"\n<p>The Swiss Oerlikon Group\u2019s Polymer Processing Solutions <a href=\"https:\/\/www.oerlikon.com\/polymer-processing\/en\/profile-1\/\" target=\"_blank\" rel=\"noreferrer noopener\">division<\/a> presented itself under the banner of \u2018Feel the Flow. Keep Control\u2019 at the K 2022, one of the leading international trade fairs for the plastics industry, held in D\u00fcsseldorf, Germany, on October 19-26. Oerlikon showed a broad range of products and services focused on manufacturing and processing plastics at Stand D10 in Hall 1. Innovative solutions and technologies concentrating on such topics as raw material preparation based on modern polycondensation and extrusion <a href=\"https:\/\/www.textilegence.com\/en\/category\/spinning\/\" target=\"_blank\" rel=\"noreferrer noopener\">systems<\/a>, the latest recycling technologies, efficient hot runner systems, innovative coating solutions, sustainable manufacturing processes for filtration applications and high-quality gear metering pumps were the center of the visitors\u2019 interest during the fair.<\/p>\n\n\n\n<h2 class=\"wp-block-heading\" id=\"h-oerlikon-supports-manufacturers-in-achieving-their-own-sustainability-targets\">Oerlikon supports manufacturers in achieving their own sustainability targets<\/h2>\n\n\n\n<p>The Oerlikon Polymer Processing Solutions division CEO and Oerlikon Group CSO Georg Stausberg stated that they see their technology solutions as enablers of a better world, saying: \u201cIn the polymer processing industry, we have to come to a sustainable, closed circular economy for packaging materials and textiles, for example, while simultaneously intensively expanding the recycling of the materials used. With our current technologies and our future innovations, we support manufacturers along the entire process chain in achieving their own sustainability targets.\u201d<\/p>\n\n\n<div class=\"wp-block-image\">\n<figure class=\"aligncenter size-full\"><img loading=\"lazy\" decoding=\"async\" width=\"1920\" height=\"1080\" src=\"https:\/\/www.textilegence.com\/wp-content\/uploads\/2022\/10\/oerlikon-detail.jpg\" alt=\"\" class=\"wp-image-50744\" srcset=\"https:\/\/www.textilegence.com\/wp-content\/uploads\/2022\/10\/oerlikon-detail.jpg 1920w, https:\/\/www.textilegence.com\/wp-content\/uploads\/2022\/10\/oerlikon-detail-768x432.jpg 768w, https:\/\/www.textilegence.com\/wp-content\/uploads\/2022\/10\/oerlikon-detail-1536x864.jpg 1536w, https:\/\/www.textilegence.com\/wp-content\/uploads\/2022\/10\/oerlikon-detail-300x169.jpg 300w, https:\/\/www.textilegence.com\/wp-content\/uploads\/2022\/10\/oerlikon-detail-600x338.jpg 600w, https:\/\/www.textilegence.com\/wp-content\/uploads\/2022\/10\/oerlikon-detail-696x392.jpg 696w, https:\/\/www.textilegence.com\/wp-content\/uploads\/2022\/10\/oerlikon-detail-1068x601.jpg 1068w\" sizes=\"auto, (max-width: 1920px) 100vw, 1920px\" \/><figcaption>Oerlikon focuses on sustainability at K 2022 <\/figcaption><\/figure>\n<\/div>\n\n\n<p>Head of Marketing, Corporate Communications and Public Affairs at the Oerlikon Polymer Processing Solutions division, Andr\u00e9 Wissenberg noted that longer service lives for components and tools increase efficiency in plastics-processing manufacturing, and also provide for more stable processes and hence less waste. Wissenberg added all their technology brands and the innovations being presented at the K 2022 have a clear focus on this these.<\/p>\n\n\n\n<h2 class=\"wp-block-heading\" id=\"h-from-sustainable-solutions-to-virtual-experiences\">From sustainable solutions to virtual experiences<\/h2>\n\n\n\n<p>Oerlikon attended K 2022 with numerous attractive solutions and one of them was Oerlikon Barmag Huitong Engineering continuous polycondensation systems. High-quality melt has a direct impact on the end product and it forms the basis for high-end bottle, film and fiber polyester. Oerlikon\u2019s efficient and high-quality systems produce homogeneous melt by means of a chemical reaction during which different monomers are joined together to create polymers.<\/p>\n\n\n\n<p>Oerlikon Barmag also exhibited various solutions including eccentric screw pumps for conveying highly-filled, high-viscosity and abrasive media on the occasion of the K 2022. Furthermore, there was also a spotlight on a new pump for conveying high-viscosity, shear-sensitive materials such as adhesives and silicones. Using virtual reality glasses, visitors had the opportunity to delve into the pumps themselves.<\/p>\n\n\n\n<p>Hot runner specialist Oerlikon HRSflow showcased a comprehensive hot runner assortment that is tailored to small shot weights as well as its new Xp nozzle series for use in thin-wall injection molding. Both support the trend towards greater sustainability by helping to reduce energy and material consumption in plastic processing.<\/p>\n\n\n\n<p>A further Oerlikon Surface Solutions division technology brand also attended the K 2022, with Oerlikon Balzers presenting BALINIT MOLDENA, a new coating for the injection molding process, and the extrusion of filled polymers with outstanding abrasion and corrosion resistance. In addition to all these, technologies for manufacturing nonwovens and sustainable filtration applications, and state-of-the-art systems for recycling plastics were also included at Oerlikon\u2019s stand.<\/p>\n\n\n<div class=\"wp-block-image\">\n<figure class=\"aligncenter size-full\"><img loading=\"lazy\" decoding=\"async\" width=\"1920\" height=\"1080\" src=\"https:\/\/www.textilegence.com\/wp-content\/uploads\/2022\/10\/oerlikon-detail1.jpg\" alt=\"\" class=\"wp-image-50746\" srcset=\"https:\/\/www.textilegence.com\/wp-content\/uploads\/2022\/10\/oerlikon-detail1.jpg 1920w, https:\/\/www.textilegence.com\/wp-content\/uploads\/2022\/10\/oerlikon-detail1-768x432.jpg 768w, https:\/\/www.textilegence.com\/wp-content\/uploads\/2022\/10\/oerlikon-detail1-1536x864.jpg 1536w, https:\/\/www.textilegence.com\/wp-content\/uploads\/2022\/10\/oerlikon-detail1-300x169.jpg 300w, https:\/\/www.textilegence.com\/wp-content\/uploads\/2022\/10\/oerlikon-detail1-600x338.jpg 600w, https:\/\/www.textilegence.com\/wp-content\/uploads\/2022\/10\/oerlikon-detail1-696x392.jpg 696w, https:\/\/www.textilegence.com\/wp-content\/uploads\/2022\/10\/oerlikon-detail1-1068x601.jpg 1068w\" sizes=\"auto, (max-width: 1920px) 100vw, 1920px\" \/><figcaption>The company\u2019s total solutions in an audiovisual 4D experience<\/figcaption><\/figure>\n<\/div>\n\n\n<h2 class=\"wp-block-heading\" id=\"h-the-company-s-total-solutions-in-an-audiovisual-4d-experience\">The company\u2019s total solutions in an audiovisual 4D experience<\/h2>\n\n\n\n<p>Besides product and technology innovations, Oerlikon offered a diverse accompanying program at the K 2022. Visitors to the stand were shown the company\u2019s total solutions offering in an audiovisual 4D experience. Furthermore, thanks to the trade fair\u2019s close proximity to the Oerlikon Barmag site in Remscheid, existing and potential customers will also be offered an insight into one of the world\u2019s largest manmade fibre R&amp;D centres.<\/p>\n","protected":false},"excerpt":{"rendered":"<p>The Swiss Oerlikon Group\u2019s Polymer Processing Solutions division presented itself under the banner of \u2018Feel the Flow. Keep Control\u2019 at the K 2022, one of the leading international trade fairs for the plastics industry, held in D\u00fcsseldorf, Germany, on October 19-26. Oerlikon showed a broad range of products and services focused on manufacturing and processing [&hellip;]<\/p>\n","protected":false},"author":26,"featured_media":50742,"comment_status":"open","ping_status":"closed","sticky":false,"template":"","format":"standard","meta":{"footnotes":""},"categories":[9857],"tags":[16144,12527,9896,10369],"class_list":{"0":"post-50748","1":"post","2":"type-post","3":"status-publish","4":"format-standard","5":"has-post-thumbnail","7":"category-spinning","8":"tag-k-2022","9":"tag-oerlikon","10":"tag-spinning-3","11":"tag-textile-news-en"},"yoast_head":"<!-- This site is optimized with the Yoast SEO Premium plugin v27.3 (Yoast SEO v27.3) - https:\/\/yoast.com\/product\/yoast-seo-premium-wordpress\/ -->\n<title>Oerlikon focuses on sustainability at K 2022 - Textilegence<\/title>\n<meta name=\"description\" content=\"The Swiss Oerlikon Group\u2019s Polymer Processing Solutions division presented itself under the banner of \u2018Feel the Flow. Keep Control\u2019...\" \/>\n<meta name=\"robots\" content=\"index, follow, max-snippet:-1, max-image-preview:large, max-video-preview:-1\" \/>\n<link rel=\"canonical\" href=\"https:\/\/www.textilegence.com\/en\/oerlikon-focuses-on-sustainability-at-k-2022\/\" \/>\n<meta property=\"og:locale\" content=\"en_US\" \/>\n<meta property=\"og:type\" content=\"article\" \/>\n<meta property=\"og:title\" content=\"Oerlikon focuses on sustainability at K 2022\" \/>\n<meta property=\"og:description\" content=\"The Swiss Oerlikon Group\u2019s Polymer Processing Solutions division presented itself under the banner of \u2018Feel the Flow. Keep Control\u2019 at the K 2022, one of\" \/>\n<meta property=\"og:url\" content=\"https:\/\/www.textilegence.com\/en\/oerlikon-focuses-on-sustainability-at-k-2022\/\" \/>\n<meta property=\"og:site_name\" content=\"Textilegence Magazine and Digital Platform\" \/>\n<meta property=\"article:publisher\" content=\"https:\/\/www.facebook.com\/TextilegenceMagazine\" \/>\n<meta property=\"article:author\" content=\"https:\/\/www.facebook.com\/TextilegenceMagazine\" \/>\n<meta property=\"article:published_time\" content=\"2022-10-28T12:05:11+00:00\" \/>\n<meta property=\"article:modified_time\" content=\"2022-10-28T12:05:23+00:00\" \/>\n<meta property=\"og:image\" content=\"https:\/\/www.textilegence.com\/wp-content\/uploads\/2022\/10\/oerlikon-textilegence.jpg\" \/>\n\t<meta property=\"og:image:width\" content=\"1920\" \/>\n\t<meta property=\"og:image:height\" content=\"1080\" \/>\n\t<meta property=\"og:image:type\" content=\"image\/jpeg\" \/>\n<meta name=\"author\" content=\"Ya\u011fmur Melis \u015eim\u015fek\" \/>\n<meta name=\"twitter:card\" content=\"summary_large_image\" \/>\n<meta name=\"twitter:creator\" content=\"@https:\/\/twitter.com\/textilegence\" \/>\n<meta name=\"twitter:site\" content=\"@textilegence\" \/>\n<meta name=\"twitter:label1\" content=\"Written by\" \/>\n\t<meta name=\"twitter:data1\" content=\"Ya\u011fmur Melis \u015eim\u015fek\" \/>\n<script type=\"application\/ld+json\" class=\"yoast-schema-graph\">{\"@context\":\"https:\\\/\\\/schema.org\",\"@graph\":[{\"@type\":\"NewsArticle\",\"@id\":\"https:\\\/\\\/www.textilegence.com\\\/en\\\/oerlikon-focuses-on-sustainability-at-k-2022\\\/#article\",\"isPartOf\":{\"@id\":\"https:\\\/\\\/www.textilegence.com\\\/en\\\/oerlikon-focuses-on-sustainability-at-k-2022\\\/\"},\"author\":{\"name\":\"Ya\u011fmur Melis \u015eim\u015fek\",\"@id\":\"https:\\\/\\\/www.textilegence.com\\\/en\\\/#\\\/schema\\\/person\\\/cfa6baf17f0478131c673c93a9b88ef3\"},\"headline\":\"Oerlikon focuses on sustainability at K 2022\",\"datePublished\":\"2022-10-28T12:05:11+00:00\",\"dateModified\":\"2022-10-28T12:05:23+00:00\",\"mainEntityOfPage\":{\"@id\":\"https:\\\/\\\/www.textilegence.com\\\/en\\\/oerlikon-focuses-on-sustainability-at-k-2022\\\/\"},\"wordCount\":611,\"commentCount\":0,\"publisher\":{\"@id\":\"https:\\\/\\\/www.textilegence.com\\\/en\\\/#organization\"},\"image\":{\"@id\":\"https:\\\/\\\/www.textilegence.com\\\/en\\\/oerlikon-focuses-on-sustainability-at-k-2022\\\/#primaryimage\"},\"thumbnailUrl\":\"https:\\\/\\\/www.textilegence.com\\\/wp-content\\\/uploads\\\/2022\\\/10\\\/oerlikon-textilegence.jpg\",\"keywords\":[\"K 2022\",\"oerlikon\",\"spinning\",\"textile news\"],\"articleSection\":[\"Spinning\"],\"inLanguage\":\"en-US\",\"potentialAction\":[{\"@type\":\"CommentAction\",\"name\":\"Comment\",\"target\":[\"https:\\\/\\\/www.textilegence.com\\\/en\\\/oerlikon-focuses-on-sustainability-at-k-2022\\\/#respond\"]}]},{\"@type\":\"WebPage\",\"@id\":\"https:\\\/\\\/www.textilegence.com\\\/en\\\/oerlikon-focuses-on-sustainability-at-k-2022\\\/\",\"url\":\"https:\\\/\\\/www.textilegence.com\\\/en\\\/oerlikon-focuses-on-sustainability-at-k-2022\\\/\",\"name\":\"Oerlikon focuses on sustainability at K 2022 - Textilegence\",\"isPartOf\":{\"@id\":\"https:\\\/\\\/www.textilegence.com\\\/en\\\/#website\"},\"primaryImageOfPage\":{\"@id\":\"https:\\\/\\\/www.textilegence.com\\\/en\\\/oerlikon-focuses-on-sustainability-at-k-2022\\\/#primaryimage\"},\"image\":{\"@id\":\"https:\\\/\\\/www.textilegence.com\\\/en\\\/oerlikon-focuses-on-sustainability-at-k-2022\\\/#primaryimage\"},\"thumbnailUrl\":\"https:\\\/\\\/www.textilegence.com\\\/wp-content\\\/uploads\\\/2022\\\/10\\\/oerlikon-textilegence.jpg\",\"datePublished\":\"2022-10-28T12:05:11+00:00\",\"dateModified\":\"2022-10-28T12:05:23+00:00\",\"description\":\"The Swiss Oerlikon Group\u2019s Polymer Processing Solutions division presented itself under the banner of \u2018Feel the Flow. Keep Control\u2019...\",\"breadcrumb\":{\"@id\":\"https:\\\/\\\/www.textilegence.com\\\/en\\\/oerlikon-focuses-on-sustainability-at-k-2022\\\/#breadcrumb\"},\"inLanguage\":\"en-US\",\"potentialAction\":[{\"@type\":\"ReadAction\",\"target\":[\"https:\\\/\\\/www.textilegence.com\\\/en\\\/oerlikon-focuses-on-sustainability-at-k-2022\\\/\"]}]},{\"@type\":\"ImageObject\",\"inLanguage\":\"en-US\",\"@id\":\"https:\\\/\\\/www.textilegence.com\\\/en\\\/oerlikon-focuses-on-sustainability-at-k-2022\\\/#primaryimage\",\"url\":\"https:\\\/\\\/www.textilegence.com\\\/wp-content\\\/uploads\\\/2022\\\/10\\\/oerlikon-textilegence.jpg\",\"contentUrl\":\"https:\\\/\\\/www.textilegence.com\\\/wp-content\\\/uploads\\\/2022\\\/10\\\/oerlikon-textilegence.jpg\",\"width\":1920,\"height\":1080},{\"@type\":\"BreadcrumbList\",\"@id\":\"https:\\\/\\\/www.textilegence.com\\\/en\\\/oerlikon-focuses-on-sustainability-at-k-2022\\\/#breadcrumb\",\"itemListElement\":[{\"@type\":\"ListItem\",\"position\":1,\"name\":\"Home Page\",\"item\":\"https:\\\/\\\/www.textilegence.com\\\/en\\\/homepage-the-rimont\\\/\"},{\"@type\":\"ListItem\",\"position\":2,\"name\":\"Spinning\",\"item\":\"https:\\\/\\\/www.textilegence.com\\\/en\\\/category\\\/spinning\\\/\"},{\"@type\":\"ListItem\",\"position\":3,\"name\":\"Oerlikon focuses on sustainability at K 2022\"}]},{\"@type\":\"WebSite\",\"@id\":\"https:\\\/\\\/www.textilegence.com\\\/en\\\/#website\",\"url\":\"https:\\\/\\\/www.textilegence.com\\\/en\\\/\",\"name\":\"Textilegence Magazine and Digital Platform\",\"description\":\"Textile News Center\",\"publisher\":{\"@id\":\"https:\\\/\\\/www.textilegence.com\\\/en\\\/#organization\"},\"potentialAction\":[{\"@type\":\"SearchAction\",\"target\":{\"@type\":\"EntryPoint\",\"urlTemplate\":\"https:\\\/\\\/www.textilegence.com\\\/en\\\/?s={search_term_string}\"},\"query-input\":{\"@type\":\"PropertyValueSpecification\",\"valueRequired\":true,\"valueName\":\"search_term_string\"}}],\"inLanguage\":\"en-US\"},{\"@type\":\"Organization\",\"@id\":\"https:\\\/\\\/www.textilegence.com\\\/en\\\/#organization\",\"name\":\"Textilegence Magazine and Digital Platform\",\"url\":\"https:\\\/\\\/www.textilegence.com\\\/en\\\/\",\"logo\":{\"@type\":\"ImageObject\",\"inLanguage\":\"en-US\",\"@id\":\"https:\\\/\\\/www.textilegence.com\\\/en\\\/#\\\/schema\\\/logo\\\/image\\\/\",\"url\":\"https:\\\/\\\/www.textilegence.com\\\/wp-content\\\/uploads\\\/2016\\\/11\\\/New_Retina_Logo_Textilegence.png\",\"contentUrl\":\"https:\\\/\\\/www.textilegence.com\\\/wp-content\\\/uploads\\\/2016\\\/11\\\/New_Retina_Logo_Textilegence.png\",\"width\":544,\"height\":180,\"caption\":\"Textilegence Magazine and Digital Platform\"},\"image\":{\"@id\":\"https:\\\/\\\/www.textilegence.com\\\/en\\\/#\\\/schema\\\/logo\\\/image\\\/\"},\"sameAs\":[\"https:\\\/\\\/www.facebook.com\\\/TextilegenceMagazine\",\"https:\\\/\\\/x.com\\\/textilegence\",\"https:\\\/\\\/www.instagram.com\\\/textilegence\\\/\",\"https:\\\/\\\/www.linkedin.com\\\/groups\\\/Textilegence-Magazine-Digital-Platform-4897253\",\"https:\\\/\\\/www.youtube.com\\\/user\\\/textilegence\"],\"description\":\"Textilegence is a magazine and digital platform established in 2013. It focuses on the textile industry and sub-segments. The platform provides news, articles, and updates on various aspects of the textile industry, including sustainability, technological advancements, and market trends.\",\"email\":\"editor@textilegence.com\",\"telephone\":\"+90 212 442 24 12\",\"legalName\":\"Textilegence Mag and Digital Platform\",\"foundingDate\":\"2013-01-01\",\"numberOfEmployees\":{\"@type\":\"QuantitativeValue\",\"minValue\":\"1\",\"maxValue\":\"10\"}},{\"@type\":\"Person\",\"@id\":\"https:\\\/\\\/www.textilegence.com\\\/en\\\/#\\\/schema\\\/person\\\/cfa6baf17f0478131c673c93a9b88ef3\",\"name\":\"Ya\u011fmur Melis \u015eim\u015fek\",\"image\":{\"@type\":\"ImageObject\",\"inLanguage\":\"en-US\",\"@id\":\"https:\\\/\\\/www.textilegence.com\\\/wp-content\\\/uploads\\\/2022\\\/03\\\/Yagmur_photo1.jpg\",\"url\":\"https:\\\/\\\/www.textilegence.com\\\/wp-content\\\/uploads\\\/2022\\\/03\\\/Yagmur_photo1.jpg\",\"contentUrl\":\"https:\\\/\\\/www.textilegence.com\\\/wp-content\\\/uploads\\\/2022\\\/03\\\/Yagmur_photo1.jpg\",\"caption\":\"Ya\u011fmur Melis \u015eim\u015fek\"},\"description\":\"Ya\u011fmur Melis \u015eim\u015fek, Saint-Beno\u00eet Frans\u0131z Lisesi\u2019nde e\u011fitim g\u00f6rm\u00fc\u015f, ard\u0131ndan Anadolu \u00dcniversitesi\u2019nde iki y\u0131ll\u0131k Foto\u011fraf\u00e7\u0131l\u0131k B\u00f6l\u00fcm\u00fc\u2019n\u00fc tamamlam\u0131\u015ft\u0131r. Daha sonra lisans e\u011fitimini \u0130stanbul \u00dcniversitesi Gazetecilik B\u00f6l\u00fcm\u00fc\u2019nde s\u00fcrd\u00fcrm\u00fc\u015f, mezuniyetin ard\u0131ndan ise 2017 y\u0131l\u0131nda i\u015f hayat\u0131na at\u0131lm\u0131\u015ft\u0131r. Pek \u00e7ok farkl\u0131 projede, foto\u011fraf\u00e7\u0131l\u0131k ve grafik tasar\u0131mc\u0131l\u0131\u011f\u0131n yan\u0131 s\u0131ra teknoloji alan\u0131nda i\u00e7erik ve haber yazarl\u0131\u011f\u0131 gibi \u00e7e\u015fitli pozisyonlarda yer alan \u015eim\u015fek, 2021 y\u0131l\u0131ndan bu yana Textilegence\u2019da d\u0131\u015f haberlerde yard\u0131mc\u0131 edit\u00f6r olarak g\u00f6rev yapmaktad\u0131r.\",\"sameAs\":[\"https:\\\/\\\/www.textilegence.com\\\/\",\"https:\\\/\\\/www.facebook.com\\\/TextilegenceMagazine\",\"https:\\\/\\\/www.instagram.com\\\/textilegence\\\/\",\"https:\\\/\\\/www.linkedin.com\\\/company\\\/2985016\",\"https:\\\/\\\/x.com\\\/https:\\\/\\\/twitter.com\\\/textilegence\",\"https:\\\/\\\/www.youtube.com\\\/channel\\\/UCgtcny5ljhiXu-yvOiAlpRA\"],\"url\":\"https:\\\/\\\/www.textilegence.com\\\/en\\\/author\\\/yms\\\/\"}]}<\/script>\n<!-- \/ Yoast SEO Premium plugin. -->","yoast_head_json":{"title":"Oerlikon focuses on sustainability at K 2022 - Textilegence","description":"The Swiss Oerlikon Group\u2019s Polymer Processing Solutions division presented itself under the banner of \u2018Feel the Flow. Keep Control\u2019...","robots":{"index":"index","follow":"follow","max-snippet":"max-snippet:-1","max-image-preview":"max-image-preview:large","max-video-preview":"max-video-preview:-1"},"canonical":"https:\/\/www.textilegence.com\/en\/oerlikon-focuses-on-sustainability-at-k-2022\/","og_locale":"en_US","og_type":"article","og_title":"Oerlikon focuses on sustainability at K 2022","og_description":"The Swiss Oerlikon Group\u2019s Polymer Processing Solutions division presented itself under the banner of \u2018Feel the Flow. Keep Control\u2019 at the K 2022, one of","og_url":"https:\/\/www.textilegence.com\/en\/oerlikon-focuses-on-sustainability-at-k-2022\/","og_site_name":"Textilegence Magazine and Digital Platform","article_publisher":"https:\/\/www.facebook.com\/TextilegenceMagazine","article_author":"https:\/\/www.facebook.com\/TextilegenceMagazine","article_published_time":"2022-10-28T12:05:11+00:00","article_modified_time":"2022-10-28T12:05:23+00:00","og_image":[{"width":1920,"height":1080,"url":"https:\/\/www.textilegence.com\/wp-content\/uploads\/2022\/10\/oerlikon-textilegence.jpg","type":"image\/jpeg"}],"author":"Ya\u011fmur Melis \u015eim\u015fek","twitter_card":"summary_large_image","twitter_creator":"@https:\/\/twitter.com\/textilegence","twitter_site":"@textilegence","twitter_misc":{"Written by":"Ya\u011fmur Melis \u015eim\u015fek"},"schema":{"@context":"https:\/\/schema.org","@graph":[{"@type":"NewsArticle","@id":"https:\/\/www.textilegence.com\/en\/oerlikon-focuses-on-sustainability-at-k-2022\/#article","isPartOf":{"@id":"https:\/\/www.textilegence.com\/en\/oerlikon-focuses-on-sustainability-at-k-2022\/"},"author":{"name":"Ya\u011fmur Melis \u015eim\u015fek","@id":"https:\/\/www.textilegence.com\/en\/#\/schema\/person\/cfa6baf17f0478131c673c93a9b88ef3"},"headline":"Oerlikon focuses on sustainability at K 2022","datePublished":"2022-10-28T12:05:11+00:00","dateModified":"2022-10-28T12:05:23+00:00","mainEntityOfPage":{"@id":"https:\/\/www.textilegence.com\/en\/oerlikon-focuses-on-sustainability-at-k-2022\/"},"wordCount":611,"commentCount":0,"publisher":{"@id":"https:\/\/www.textilegence.com\/en\/#organization"},"image":{"@id":"https:\/\/www.textilegence.com\/en\/oerlikon-focuses-on-sustainability-at-k-2022\/#primaryimage"},"thumbnailUrl":"https:\/\/www.textilegence.com\/wp-content\/uploads\/2022\/10\/oerlikon-textilegence.jpg","keywords":["K 2022","oerlikon","spinning","textile news"],"articleSection":["Spinning"],"inLanguage":"en-US","potentialAction":[{"@type":"CommentAction","name":"Comment","target":["https:\/\/www.textilegence.com\/en\/oerlikon-focuses-on-sustainability-at-k-2022\/#respond"]}]},{"@type":"WebPage","@id":"https:\/\/www.textilegence.com\/en\/oerlikon-focuses-on-sustainability-at-k-2022\/","url":"https:\/\/www.textilegence.com\/en\/oerlikon-focuses-on-sustainability-at-k-2022\/","name":"Oerlikon focuses on sustainability at K 2022 - Textilegence","isPartOf":{"@id":"https:\/\/www.textilegence.com\/en\/#website"},"primaryImageOfPage":{"@id":"https:\/\/www.textilegence.com\/en\/oerlikon-focuses-on-sustainability-at-k-2022\/#primaryimage"},"image":{"@id":"https:\/\/www.textilegence.com\/en\/oerlikon-focuses-on-sustainability-at-k-2022\/#primaryimage"},"thumbnailUrl":"https:\/\/www.textilegence.com\/wp-content\/uploads\/2022\/10\/oerlikon-textilegence.jpg","datePublished":"2022-10-28T12:05:11+00:00","dateModified":"2022-10-28T12:05:23+00:00","description":"The Swiss Oerlikon Group\u2019s Polymer Processing Solutions division presented itself under the banner of \u2018Feel the Flow. Keep Control\u2019...","breadcrumb":{"@id":"https:\/\/www.textilegence.com\/en\/oerlikon-focuses-on-sustainability-at-k-2022\/#breadcrumb"},"inLanguage":"en-US","potentialAction":[{"@type":"ReadAction","target":["https:\/\/www.textilegence.com\/en\/oerlikon-focuses-on-sustainability-at-k-2022\/"]}]},{"@type":"ImageObject","inLanguage":"en-US","@id":"https:\/\/www.textilegence.com\/en\/oerlikon-focuses-on-sustainability-at-k-2022\/#primaryimage","url":"https:\/\/www.textilegence.com\/wp-content\/uploads\/2022\/10\/oerlikon-textilegence.jpg","contentUrl":"https:\/\/www.textilegence.com\/wp-content\/uploads\/2022\/10\/oerlikon-textilegence.jpg","width":1920,"height":1080},{"@type":"BreadcrumbList","@id":"https:\/\/www.textilegence.com\/en\/oerlikon-focuses-on-sustainability-at-k-2022\/#breadcrumb","itemListElement":[{"@type":"ListItem","position":1,"name":"Home Page","item":"https:\/\/www.textilegence.com\/en\/homepage-the-rimont\/"},{"@type":"ListItem","position":2,"name":"Spinning","item":"https:\/\/www.textilegence.com\/en\/category\/spinning\/"},{"@type":"ListItem","position":3,"name":"Oerlikon focuses on sustainability at K 2022"}]},{"@type":"WebSite","@id":"https:\/\/www.textilegence.com\/en\/#website","url":"https:\/\/www.textilegence.com\/en\/","name":"Textilegence Magazine and Digital Platform","description":"Textile News Center","publisher":{"@id":"https:\/\/www.textilegence.com\/en\/#organization"},"potentialAction":[{"@type":"SearchAction","target":{"@type":"EntryPoint","urlTemplate":"https:\/\/www.textilegence.com\/en\/?s={search_term_string}"},"query-input":{"@type":"PropertyValueSpecification","valueRequired":true,"valueName":"search_term_string"}}],"inLanguage":"en-US"},{"@type":"Organization","@id":"https:\/\/www.textilegence.com\/en\/#organization","name":"Textilegence Magazine and Digital Platform","url":"https:\/\/www.textilegence.com\/en\/","logo":{"@type":"ImageObject","inLanguage":"en-US","@id":"https:\/\/www.textilegence.com\/en\/#\/schema\/logo\/image\/","url":"https:\/\/www.textilegence.com\/wp-content\/uploads\/2016\/11\/New_Retina_Logo_Textilegence.png","contentUrl":"https:\/\/www.textilegence.com\/wp-content\/uploads\/2016\/11\/New_Retina_Logo_Textilegence.png","width":544,"height":180,"caption":"Textilegence Magazine and Digital Platform"},"image":{"@id":"https:\/\/www.textilegence.com\/en\/#\/schema\/logo\/image\/"},"sameAs":["https:\/\/www.facebook.com\/TextilegenceMagazine","https:\/\/x.com\/textilegence","https:\/\/www.instagram.com\/textilegence\/","https:\/\/www.linkedin.com\/groups\/Textilegence-Magazine-Digital-Platform-4897253","https:\/\/www.youtube.com\/user\/textilegence"],"description":"Textilegence is a magazine and digital platform established in 2013. It focuses on the textile industry and sub-segments. The platform provides news, articles, and updates on various aspects of the textile industry, including sustainability, technological advancements, and market trends.","email":"editor@textilegence.com","telephone":"+90 212 442 24 12","legalName":"Textilegence Mag and Digital Platform","foundingDate":"2013-01-01","numberOfEmployees":{"@type":"QuantitativeValue","minValue":"1","maxValue":"10"}},{"@type":"Person","@id":"https:\/\/www.textilegence.com\/en\/#\/schema\/person\/cfa6baf17f0478131c673c93a9b88ef3","name":"Ya\u011fmur Melis \u015eim\u015fek","image":{"@type":"ImageObject","inLanguage":"en-US","@id":"https:\/\/www.textilegence.com\/wp-content\/uploads\/2022\/03\/Yagmur_photo1.jpg","url":"https:\/\/www.textilegence.com\/wp-content\/uploads\/2022\/03\/Yagmur_photo1.jpg","contentUrl":"https:\/\/www.textilegence.com\/wp-content\/uploads\/2022\/03\/Yagmur_photo1.jpg","caption":"Ya\u011fmur Melis \u015eim\u015fek"},"description":"Ya\u011fmur Melis \u015eim\u015fek, Saint-Beno\u00eet Frans\u0131z Lisesi\u2019nde e\u011fitim g\u00f6rm\u00fc\u015f, ard\u0131ndan Anadolu \u00dcniversitesi\u2019nde iki y\u0131ll\u0131k Foto\u011fraf\u00e7\u0131l\u0131k B\u00f6l\u00fcm\u00fc\u2019n\u00fc tamamlam\u0131\u015ft\u0131r. Daha sonra lisans e\u011fitimini \u0130stanbul \u00dcniversitesi Gazetecilik B\u00f6l\u00fcm\u00fc\u2019nde s\u00fcrd\u00fcrm\u00fc\u015f, mezuniyetin ard\u0131ndan ise 2017 y\u0131l\u0131nda i\u015f hayat\u0131na at\u0131lm\u0131\u015ft\u0131r. Pek \u00e7ok farkl\u0131 projede, foto\u011fraf\u00e7\u0131l\u0131k ve grafik tasar\u0131mc\u0131l\u0131\u011f\u0131n yan\u0131 s\u0131ra teknoloji alan\u0131nda i\u00e7erik ve haber yazarl\u0131\u011f\u0131 gibi \u00e7e\u015fitli pozisyonlarda yer alan \u015eim\u015fek, 2021 y\u0131l\u0131ndan bu yana Textilegence\u2019da d\u0131\u015f haberlerde yard\u0131mc\u0131 edit\u00f6r olarak g\u00f6rev yapmaktad\u0131r.","sameAs":["https:\/\/www.textilegence.com\/","https:\/\/www.facebook.com\/TextilegenceMagazine","https:\/\/www.instagram.com\/textilegence\/","https:\/\/www.linkedin.com\/company\/2985016","https:\/\/x.com\/https:\/\/twitter.com\/textilegence","https:\/\/www.youtube.com\/channel\/UCgtcny5ljhiXu-yvOiAlpRA"],"url":"https:\/\/www.textilegence.com\/en\/author\/yms\/"}]}},"_links":{"self":[{"href":"https:\/\/www.textilegence.com\/en\/wp-json\/wp\/v2\/posts\/50748","targetHints":{"allow":["GET"]}}],"collection":[{"href":"https:\/\/www.textilegence.com\/en\/wp-json\/wp\/v2\/posts"}],"about":[{"href":"https:\/\/www.textilegence.com\/en\/wp-json\/wp\/v2\/types\/post"}],"author":[{"embeddable":true,"href":"https:\/\/www.textilegence.com\/en\/wp-json\/wp\/v2\/users\/26"}],"replies":[{"embeddable":true,"href":"https:\/\/www.textilegence.com\/en\/wp-json\/wp\/v2\/comments?post=50748"}],"version-history":[{"count":0,"href":"https:\/\/www.textilegence.com\/en\/wp-json\/wp\/v2\/posts\/50748\/revisions"}],"wp:featuredmedia":[{"embeddable":true,"href":"https:\/\/www.textilegence.com\/en\/wp-json\/wp\/v2\/media\/50742"}],"wp:attachment":[{"href":"https:\/\/www.textilegence.com\/en\/wp-json\/wp\/v2\/media?parent=50748"}],"wp:term":[{"taxonomy":"category","embeddable":true,"href":"https:\/\/www.textilegence.com\/en\/wp-json\/wp\/v2\/categories?post=50748"},{"taxonomy":"post_tag","embeddable":true,"href":"https:\/\/www.textilegence.com\/en\/wp-json\/wp\/v2\/tags?post=50748"}],"curies":[{"name":"wp","href":"https:\/\/api.w.org\/{rel}","templated":true}]}}