{"id":51520,"date":"2022-12-16T17:10:35","date_gmt":"2022-12-16T14:10:35","guid":{"rendered":"http:\/\/www.textilegence.com\/?p=51520"},"modified":"2022-12-16T17:10:38","modified_gmt":"2022-12-16T14:10:38","slug":"tanrikulu-recycles-plastics-with-starlinger","status":"publish","type":"post","link":"https:\/\/www.textilegence.com\/en\/tanrikulu-recycles-plastics-with-starlinger\/","title":{"rendered":"Tanr\u0131kulu recycles plastics with Starlinger"},"content":{"rendered":"\n<p>Starlinger post-consumer HDPE and PP <a href=\"https:\/\/www.textilegence.com\/en\/category\/green-times\/\" target=\"_blank\" rel=\"noreferrer noopener\">recycling <\/a>line, installed at the recycling facility of Tanr\u0131kulu, one of the T\u00fcrkiye\u2019s recycling companies, in Ba\u015fiskele, Kocaeli Province, took up operation mid-September 2022. With currently ten plastics recycling and manufacturing plants in various parts of Kocaeli in T\u00fcrkiye, Tanr\u0131kulu supplies the produced regranulate to the Turkish plastic product manufacturing industry. While the recycled polypropylene is used mainly to produce automobile plastic parts, furniture, toys and other injection moulding products, as well as for pallets, buckets or packaging films; the recycled polyethylene is used for pipes, bottles, plastic bags, and similar products.<\/p>\n\n\n\n<p>Featuring Starlinger\u2019s special high-vacuum degassing <a href=\"https:\/\/www.starlinger.com\/en\/\" target=\"_blank\" rel=\"noreferrer noopener\">unit<\/a>, the recoSTAR dynamic 215 C-VAC has a production capacity of two tonnes of high-quality plastic pellets per hour. The line is equipped with a SMART feeder which ensures ideal material preparation prior to extrusion, effectively drying and homogenising the input material, processing post-consumer HDPE and PP bottle flakes.<\/p>\n\n\n\n<p>Starlinger Recycling Technology Commercial Head Paul Niedl said the Starlinger recoSTAR dynamic recycling lines have been designed with the focus on processing contaminated and highly humid post-consumer plastic waste. Niedl explained: \u201cThe elaborate construction of the SMART feeder allows the recycling of materials with higher levels of humidity. In combination with Starlinger\u2019s Dynamic Automation Package which regulates the ideal operating point, it achieves a significant output increase.\u201d The specially developed C-VAC degassing unit with its modern cascade setup takes care of volatile contaminants after the main extruder, effectively removing them by expanding the melt surface by 300%.<\/p>\n\n\n<div class=\"wp-block-image\">\n<figure class=\"aligncenter size-full\"><img loading=\"lazy\" decoding=\"async\" width=\"1920\" height=\"1079\" src=\"https:\/\/www.textilegence.com\/wp-content\/uploads\/2022\/12\/starlinger-detail-1.jpg\" alt=\"\" class=\"wp-image-51528\" srcset=\"https:\/\/www.textilegence.com\/wp-content\/uploads\/2022\/12\/starlinger-detail-1.jpg 1920w, https:\/\/www.textilegence.com\/wp-content\/uploads\/2022\/12\/starlinger-detail-1-768x432.jpg 768w, https:\/\/www.textilegence.com\/wp-content\/uploads\/2022\/12\/starlinger-detail-1-1536x863.jpg 1536w, https:\/\/www.textilegence.com\/wp-content\/uploads\/2022\/12\/starlinger-detail-1-300x169.jpg 300w, https:\/\/www.textilegence.com\/wp-content\/uploads\/2022\/12\/starlinger-detail-1-600x337.jpg 600w, https:\/\/www.textilegence.com\/wp-content\/uploads\/2022\/12\/starlinger-detail-1-696x391.jpg 696w, https:\/\/www.textilegence.com\/wp-content\/uploads\/2022\/12\/starlinger-detail-1-1068x600.jpg 1068w\" sizes=\"auto, (max-width: 1920px) 100vw, 1920px\" \/><figcaption class=\"wp-element-caption\">Tanr\u0131kulu recycles plastics with Starlinger<\/figcaption><\/figure>\n<\/div>\n\n\n<h2 class=\"wp-block-heading\" id=\"h-starlinger-helps-us-to-achieve-the-best-product-quality-at-favourable-costs\">\u201cStarlinger helps us to achieve the best product quality at favourable costs\u201d<\/h2>\n\n\n\n<p>Tanr\u0131kulu Group of Companies General Manager \u0130zzet Tanr\u0131kulu stated that at the company, they try to improve themselves at every opportunity they get. Saying, for that, they continuously upgrade their production equipment, Tanr\u0131kulu explained the process as follows: \u201cTo ensure best regranulate quality, the post-consumer input material passes metal detectors and filtration systems before being washed and sorted. The excellent vacuum degassing capacity of the Starlinger line combined with its high production output helps us to achieve best product quality at favourable costs, ensuring continuous supply of high-quality PP and PE regranulate to our customers.\u201d<\/p>\n\n\n\n<p>Tanr\u0131kulu started out in 1989 in Istanbul, recycling paper, glass and metal waste. The company began to produce regranulate from plastic waste in 2006 and diversified by adding a facility for the production of PET sheet in 2014. Since then, Tanr\u0131kulu has become one of T\u00fcrkiye\u2019s leading plastics recycling enterprises and exports 50% of its PET sheet products to overseas markets. Its plastics recycling capacity doubled after opening the \u0130zpack PET packaging production facility in 2018 and installing automatic plastic sorting systems in 2019.<\/p>\n","protected":false},"excerpt":{"rendered":"<p>Starlinger post-consumer HDPE and PP recycling line, installed at the recycling facility of Tanr\u0131kulu, one of the T\u00fcrkiye\u2019s recycling companies, in Ba\u015fiskele, Kocaeli Province, took up operation mid-September 2022. With currently ten plastics recycling and manufacturing plants in various parts of Kocaeli in T\u00fcrkiye, Tanr\u0131kulu supplies the produced regranulate to the Turkish plastic product manufacturing [&hellip;]<\/p>\n","protected":false},"author":26,"featured_media":51526,"comment_status":"open","ping_status":"closed","sticky":false,"template":"","format":"standard","meta":{"footnotes":""},"categories":[14912],"tags":[14931,10230,11143,16179,10369],"class_list":{"0":"post-51520","1":"post","2":"type-post","3":"status-publish","4":"format-standard","5":"has-post-thumbnail","7":"category-green-times","8":"tag-green-times","9":"tag-starlinger-en","10":"tag-sustainability-en","11":"tag-tanrikulu-en","12":"tag-textile-news-en"},"yoast_head":"<!-- This site is optimized with the Yoast SEO Premium plugin v27.3 (Yoast SEO v27.3) - https:\/\/yoast.com\/product\/yoast-seo-premium-wordpress\/ -->\n<title>Tanr\u0131kulu recycles plastics with Starlinger - Textilegence<\/title>\n<meta name=\"description\" content=\"Starlinger post-consumer HDPE and PP recycling line, installed at the recycling facility of Tanr\u0131kulu, one of the T\u00fcrkiye\u2019s recycling...\" \/>\n<meta name=\"robots\" content=\"index, follow, max-snippet:-1, max-image-preview:large, max-video-preview:-1\" \/>\n<link rel=\"canonical\" href=\"https:\/\/www.textilegence.com\/en\/tanrikulu-recycles-plastics-with-starlinger\/\" \/>\n<meta property=\"og:locale\" content=\"en_US\" \/>\n<meta property=\"og:type\" content=\"article\" \/>\n<meta property=\"og:title\" content=\"Tanr\u0131kulu recycles plastics with Starlinger\" \/>\n<meta property=\"og:description\" content=\"Starlinger post-consumer HDPE and PP recycling line, installed at the recycling facility of Tanr\u0131kulu, one of the T\u00fcrkiye\u2019s recycling companies, in\" \/>\n<meta property=\"og:url\" content=\"https:\/\/www.textilegence.com\/en\/tanrikulu-recycles-plastics-with-starlinger\/\" \/>\n<meta property=\"og:site_name\" content=\"Textilegence Magazine and Digital Platform\" \/>\n<meta property=\"article:publisher\" content=\"https:\/\/www.facebook.com\/TextilegenceMagazine\" \/>\n<meta property=\"article:author\" content=\"https:\/\/www.facebook.com\/TextilegenceMagazine\" \/>\n<meta property=\"article:published_time\" content=\"2022-12-16T14:10:35+00:00\" \/>\n<meta property=\"article:modified_time\" content=\"2022-12-16T14:10:38+00:00\" \/>\n<meta property=\"og:image\" content=\"https:\/\/www.textilegence.com\/wp-content\/uploads\/2022\/12\/starlinger-textilegence.jpg\" \/>\n\t<meta property=\"og:image:width\" content=\"1920\" \/>\n\t<meta property=\"og:image:height\" content=\"1080\" \/>\n\t<meta property=\"og:image:type\" content=\"image\/jpeg\" \/>\n<meta name=\"author\" content=\"Ya\u011fmur Melis \u015eim\u015fek\" \/>\n<meta name=\"twitter:card\" content=\"summary_large_image\" \/>\n<meta name=\"twitter:creator\" content=\"@https:\/\/twitter.com\/textilegence\" \/>\n<meta name=\"twitter:site\" content=\"@textilegence\" \/>\n<meta name=\"twitter:label1\" content=\"Written by\" \/>\n\t<meta name=\"twitter:data1\" content=\"Ya\u011fmur Melis \u015eim\u015fek\" \/>\n<script type=\"application\/ld+json\" class=\"yoast-schema-graph\">{\"@context\":\"https:\\\/\\\/schema.org\",\"@graph\":[{\"@type\":\"NewsArticle\",\"@id\":\"https:\\\/\\\/www.textilegence.com\\\/en\\\/tanrikulu-recycles-plastics-with-starlinger\\\/#article\",\"isPartOf\":{\"@id\":\"https:\\\/\\\/www.textilegence.com\\\/en\\\/tanrikulu-recycles-plastics-with-starlinger\\\/\"},\"author\":{\"name\":\"Ya\u011fmur Melis \u015eim\u015fek\",\"@id\":\"https:\\\/\\\/www.textilegence.com\\\/en\\\/#\\\/schema\\\/person\\\/cfa6baf17f0478131c673c93a9b88ef3\"},\"headline\":\"Tanr\u0131kulu recycles plastics with Starlinger\",\"datePublished\":\"2022-12-16T14:10:35+00:00\",\"dateModified\":\"2022-12-16T14:10:38+00:00\",\"mainEntityOfPage\":{\"@id\":\"https:\\\/\\\/www.textilegence.com\\\/en\\\/tanrikulu-recycles-plastics-with-starlinger\\\/\"},\"wordCount\":457,\"commentCount\":0,\"publisher\":{\"@id\":\"https:\\\/\\\/www.textilegence.com\\\/en\\\/#organization\"},\"image\":{\"@id\":\"https:\\\/\\\/www.textilegence.com\\\/en\\\/tanrikulu-recycles-plastics-with-starlinger\\\/#primaryimage\"},\"thumbnailUrl\":\"https:\\\/\\\/www.textilegence.com\\\/wp-content\\\/uploads\\\/2022\\\/12\\\/starlinger-textilegence.jpg\",\"keywords\":[\"green times\",\"starlinger\",\"sustainability\",\"Tanr\u0131kulu\",\"textile news\"],\"articleSection\":[\"Green Times\"],\"inLanguage\":\"en-US\",\"potentialAction\":[{\"@type\":\"CommentAction\",\"name\":\"Comment\",\"target\":[\"https:\\\/\\\/www.textilegence.com\\\/en\\\/tanrikulu-recycles-plastics-with-starlinger\\\/#respond\"]}]},{\"@type\":\"WebPage\",\"@id\":\"https:\\\/\\\/www.textilegence.com\\\/en\\\/tanrikulu-recycles-plastics-with-starlinger\\\/\",\"url\":\"https:\\\/\\\/www.textilegence.com\\\/en\\\/tanrikulu-recycles-plastics-with-starlinger\\\/\",\"name\":\"Tanr\u0131kulu recycles plastics with Starlinger - Textilegence\",\"isPartOf\":{\"@id\":\"https:\\\/\\\/www.textilegence.com\\\/en\\\/#website\"},\"primaryImageOfPage\":{\"@id\":\"https:\\\/\\\/www.textilegence.com\\\/en\\\/tanrikulu-recycles-plastics-with-starlinger\\\/#primaryimage\"},\"image\":{\"@id\":\"https:\\\/\\\/www.textilegence.com\\\/en\\\/tanrikulu-recycles-plastics-with-starlinger\\\/#primaryimage\"},\"thumbnailUrl\":\"https:\\\/\\\/www.textilegence.com\\\/wp-content\\\/uploads\\\/2022\\\/12\\\/starlinger-textilegence.jpg\",\"datePublished\":\"2022-12-16T14:10:35+00:00\",\"dateModified\":\"2022-12-16T14:10:38+00:00\",\"description\":\"Starlinger post-consumer HDPE and PP recycling line, installed at the recycling facility of Tanr\u0131kulu, one of the T\u00fcrkiye\u2019s recycling...\",\"breadcrumb\":{\"@id\":\"https:\\\/\\\/www.textilegence.com\\\/en\\\/tanrikulu-recycles-plastics-with-starlinger\\\/#breadcrumb\"},\"inLanguage\":\"en-US\",\"potentialAction\":[{\"@type\":\"ReadAction\",\"target\":[\"https:\\\/\\\/www.textilegence.com\\\/en\\\/tanrikulu-recycles-plastics-with-starlinger\\\/\"]}]},{\"@type\":\"ImageObject\",\"inLanguage\":\"en-US\",\"@id\":\"https:\\\/\\\/www.textilegence.com\\\/en\\\/tanrikulu-recycles-plastics-with-starlinger\\\/#primaryimage\",\"url\":\"https:\\\/\\\/www.textilegence.com\\\/wp-content\\\/uploads\\\/2022\\\/12\\\/starlinger-textilegence.jpg\",\"contentUrl\":\"https:\\\/\\\/www.textilegence.com\\\/wp-content\\\/uploads\\\/2022\\\/12\\\/starlinger-textilegence.jpg\",\"width\":1920,\"height\":1080},{\"@type\":\"BreadcrumbList\",\"@id\":\"https:\\\/\\\/www.textilegence.com\\\/en\\\/tanrikulu-recycles-plastics-with-starlinger\\\/#breadcrumb\",\"itemListElement\":[{\"@type\":\"ListItem\",\"position\":1,\"name\":\"Home Page\",\"item\":\"https:\\\/\\\/www.textilegence.com\\\/en\\\/homepage-the-rimont\\\/\"},{\"@type\":\"ListItem\",\"position\":2,\"name\":\"Green Times\",\"item\":\"https:\\\/\\\/www.textilegence.com\\\/en\\\/category\\\/green-times\\\/\"},{\"@type\":\"ListItem\",\"position\":3,\"name\":\"Tanr\u0131kulu recycles plastics with Starlinger\"}]},{\"@type\":\"WebSite\",\"@id\":\"https:\\\/\\\/www.textilegence.com\\\/en\\\/#website\",\"url\":\"https:\\\/\\\/www.textilegence.com\\\/en\\\/\",\"name\":\"Textilegence Magazine and Digital Platform\",\"description\":\"Textile News Center\",\"publisher\":{\"@id\":\"https:\\\/\\\/www.textilegence.com\\\/en\\\/#organization\"},\"potentialAction\":[{\"@type\":\"SearchAction\",\"target\":{\"@type\":\"EntryPoint\",\"urlTemplate\":\"https:\\\/\\\/www.textilegence.com\\\/en\\\/?s={search_term_string}\"},\"query-input\":{\"@type\":\"PropertyValueSpecification\",\"valueRequired\":true,\"valueName\":\"search_term_string\"}}],\"inLanguage\":\"en-US\"},{\"@type\":\"Organization\",\"@id\":\"https:\\\/\\\/www.textilegence.com\\\/en\\\/#organization\",\"name\":\"Textilegence Magazine and Digital Platform\",\"url\":\"https:\\\/\\\/www.textilegence.com\\\/en\\\/\",\"logo\":{\"@type\":\"ImageObject\",\"inLanguage\":\"en-US\",\"@id\":\"https:\\\/\\\/www.textilegence.com\\\/en\\\/#\\\/schema\\\/logo\\\/image\\\/\",\"url\":\"https:\\\/\\\/www.textilegence.com\\\/wp-content\\\/uploads\\\/2016\\\/11\\\/New_Retina_Logo_Textilegence.png\",\"contentUrl\":\"https:\\\/\\\/www.textilegence.com\\\/wp-content\\\/uploads\\\/2016\\\/11\\\/New_Retina_Logo_Textilegence.png\",\"width\":544,\"height\":180,\"caption\":\"Textilegence Magazine and Digital Platform\"},\"image\":{\"@id\":\"https:\\\/\\\/www.textilegence.com\\\/en\\\/#\\\/schema\\\/logo\\\/image\\\/\"},\"sameAs\":[\"https:\\\/\\\/www.facebook.com\\\/TextilegenceMagazine\",\"https:\\\/\\\/x.com\\\/textilegence\",\"https:\\\/\\\/www.instagram.com\\\/textilegence\\\/\",\"https:\\\/\\\/www.linkedin.com\\\/groups\\\/Textilegence-Magazine-Digital-Platform-4897253\",\"https:\\\/\\\/www.youtube.com\\\/user\\\/textilegence\"],\"description\":\"Textilegence is a magazine and digital platform established in 2013. It focuses on the textile industry and sub-segments. The platform provides news, articles, and updates on various aspects of the textile industry, including sustainability, technological advancements, and market trends.\",\"email\":\"editor@textilegence.com\",\"telephone\":\"+90 212 442 24 12\",\"legalName\":\"Textilegence Mag and Digital Platform\",\"foundingDate\":\"2013-01-01\",\"numberOfEmployees\":{\"@type\":\"QuantitativeValue\",\"minValue\":\"1\",\"maxValue\":\"10\"}},{\"@type\":\"Person\",\"@id\":\"https:\\\/\\\/www.textilegence.com\\\/en\\\/#\\\/schema\\\/person\\\/cfa6baf17f0478131c673c93a9b88ef3\",\"name\":\"Ya\u011fmur Melis \u015eim\u015fek\",\"image\":{\"@type\":\"ImageObject\",\"inLanguage\":\"en-US\",\"@id\":\"https:\\\/\\\/www.textilegence.com\\\/wp-content\\\/uploads\\\/2022\\\/03\\\/Yagmur_photo1.jpg\",\"url\":\"https:\\\/\\\/www.textilegence.com\\\/wp-content\\\/uploads\\\/2022\\\/03\\\/Yagmur_photo1.jpg\",\"contentUrl\":\"https:\\\/\\\/www.textilegence.com\\\/wp-content\\\/uploads\\\/2022\\\/03\\\/Yagmur_photo1.jpg\",\"caption\":\"Ya\u011fmur Melis \u015eim\u015fek\"},\"description\":\"Ya\u011fmur Melis \u015eim\u015fek, Saint-Beno\u00eet Frans\u0131z Lisesi\u2019nde e\u011fitim g\u00f6rm\u00fc\u015f, ard\u0131ndan Anadolu \u00dcniversitesi\u2019nde iki y\u0131ll\u0131k Foto\u011fraf\u00e7\u0131l\u0131k B\u00f6l\u00fcm\u00fc\u2019n\u00fc tamamlam\u0131\u015ft\u0131r. Daha sonra lisans e\u011fitimini \u0130stanbul \u00dcniversitesi Gazetecilik B\u00f6l\u00fcm\u00fc\u2019nde s\u00fcrd\u00fcrm\u00fc\u015f, mezuniyetin ard\u0131ndan ise 2017 y\u0131l\u0131nda i\u015f hayat\u0131na at\u0131lm\u0131\u015ft\u0131r. Pek \u00e7ok farkl\u0131 projede, foto\u011fraf\u00e7\u0131l\u0131k ve grafik tasar\u0131mc\u0131l\u0131\u011f\u0131n yan\u0131 s\u0131ra teknoloji alan\u0131nda i\u00e7erik ve haber yazarl\u0131\u011f\u0131 gibi \u00e7e\u015fitli pozisyonlarda yer alan \u015eim\u015fek, 2021 y\u0131l\u0131ndan bu yana Textilegence\u2019da d\u0131\u015f haberlerde yard\u0131mc\u0131 edit\u00f6r olarak g\u00f6rev yapmaktad\u0131r.\",\"sameAs\":[\"https:\\\/\\\/www.textilegence.com\\\/\",\"https:\\\/\\\/www.facebook.com\\\/TextilegenceMagazine\",\"https:\\\/\\\/www.instagram.com\\\/textilegence\\\/\",\"https:\\\/\\\/www.linkedin.com\\\/company\\\/2985016\",\"https:\\\/\\\/x.com\\\/https:\\\/\\\/twitter.com\\\/textilegence\",\"https:\\\/\\\/www.youtube.com\\\/channel\\\/UCgtcny5ljhiXu-yvOiAlpRA\"],\"url\":\"https:\\\/\\\/www.textilegence.com\\\/en\\\/author\\\/yms\\\/\"}]}<\/script>\n<!-- \/ Yoast SEO Premium plugin. -->","yoast_head_json":{"title":"Tanr\u0131kulu recycles plastics with Starlinger - Textilegence","description":"Starlinger post-consumer HDPE and PP recycling line, installed at the recycling facility of Tanr\u0131kulu, one of the T\u00fcrkiye\u2019s recycling...","robots":{"index":"index","follow":"follow","max-snippet":"max-snippet:-1","max-image-preview":"max-image-preview:large","max-video-preview":"max-video-preview:-1"},"canonical":"https:\/\/www.textilegence.com\/en\/tanrikulu-recycles-plastics-with-starlinger\/","og_locale":"en_US","og_type":"article","og_title":"Tanr\u0131kulu recycles plastics with Starlinger","og_description":"Starlinger post-consumer HDPE and PP recycling line, installed at the recycling facility of Tanr\u0131kulu, one of the T\u00fcrkiye\u2019s recycling companies, in","og_url":"https:\/\/www.textilegence.com\/en\/tanrikulu-recycles-plastics-with-starlinger\/","og_site_name":"Textilegence Magazine and Digital Platform","article_publisher":"https:\/\/www.facebook.com\/TextilegenceMagazine","article_author":"https:\/\/www.facebook.com\/TextilegenceMagazine","article_published_time":"2022-12-16T14:10:35+00:00","article_modified_time":"2022-12-16T14:10:38+00:00","og_image":[{"width":1920,"height":1080,"url":"https:\/\/www.textilegence.com\/wp-content\/uploads\/2022\/12\/starlinger-textilegence.jpg","type":"image\/jpeg"}],"author":"Ya\u011fmur Melis \u015eim\u015fek","twitter_card":"summary_large_image","twitter_creator":"@https:\/\/twitter.com\/textilegence","twitter_site":"@textilegence","twitter_misc":{"Written by":"Ya\u011fmur Melis \u015eim\u015fek"},"schema":{"@context":"https:\/\/schema.org","@graph":[{"@type":"NewsArticle","@id":"https:\/\/www.textilegence.com\/en\/tanrikulu-recycles-plastics-with-starlinger\/#article","isPartOf":{"@id":"https:\/\/www.textilegence.com\/en\/tanrikulu-recycles-plastics-with-starlinger\/"},"author":{"name":"Ya\u011fmur Melis \u015eim\u015fek","@id":"https:\/\/www.textilegence.com\/en\/#\/schema\/person\/cfa6baf17f0478131c673c93a9b88ef3"},"headline":"Tanr\u0131kulu recycles plastics with Starlinger","datePublished":"2022-12-16T14:10:35+00:00","dateModified":"2022-12-16T14:10:38+00:00","mainEntityOfPage":{"@id":"https:\/\/www.textilegence.com\/en\/tanrikulu-recycles-plastics-with-starlinger\/"},"wordCount":457,"commentCount":0,"publisher":{"@id":"https:\/\/www.textilegence.com\/en\/#organization"},"image":{"@id":"https:\/\/www.textilegence.com\/en\/tanrikulu-recycles-plastics-with-starlinger\/#primaryimage"},"thumbnailUrl":"https:\/\/www.textilegence.com\/wp-content\/uploads\/2022\/12\/starlinger-textilegence.jpg","keywords":["green times","starlinger","sustainability","Tanr\u0131kulu","textile news"],"articleSection":["Green Times"],"inLanguage":"en-US","potentialAction":[{"@type":"CommentAction","name":"Comment","target":["https:\/\/www.textilegence.com\/en\/tanrikulu-recycles-plastics-with-starlinger\/#respond"]}]},{"@type":"WebPage","@id":"https:\/\/www.textilegence.com\/en\/tanrikulu-recycles-plastics-with-starlinger\/","url":"https:\/\/www.textilegence.com\/en\/tanrikulu-recycles-plastics-with-starlinger\/","name":"Tanr\u0131kulu recycles plastics with Starlinger - Textilegence","isPartOf":{"@id":"https:\/\/www.textilegence.com\/en\/#website"},"primaryImageOfPage":{"@id":"https:\/\/www.textilegence.com\/en\/tanrikulu-recycles-plastics-with-starlinger\/#primaryimage"},"image":{"@id":"https:\/\/www.textilegence.com\/en\/tanrikulu-recycles-plastics-with-starlinger\/#primaryimage"},"thumbnailUrl":"https:\/\/www.textilegence.com\/wp-content\/uploads\/2022\/12\/starlinger-textilegence.jpg","datePublished":"2022-12-16T14:10:35+00:00","dateModified":"2022-12-16T14:10:38+00:00","description":"Starlinger post-consumer HDPE and PP recycling line, installed at the recycling facility of Tanr\u0131kulu, one of the T\u00fcrkiye\u2019s recycling...","breadcrumb":{"@id":"https:\/\/www.textilegence.com\/en\/tanrikulu-recycles-plastics-with-starlinger\/#breadcrumb"},"inLanguage":"en-US","potentialAction":[{"@type":"ReadAction","target":["https:\/\/www.textilegence.com\/en\/tanrikulu-recycles-plastics-with-starlinger\/"]}]},{"@type":"ImageObject","inLanguage":"en-US","@id":"https:\/\/www.textilegence.com\/en\/tanrikulu-recycles-plastics-with-starlinger\/#primaryimage","url":"https:\/\/www.textilegence.com\/wp-content\/uploads\/2022\/12\/starlinger-textilegence.jpg","contentUrl":"https:\/\/www.textilegence.com\/wp-content\/uploads\/2022\/12\/starlinger-textilegence.jpg","width":1920,"height":1080},{"@type":"BreadcrumbList","@id":"https:\/\/www.textilegence.com\/en\/tanrikulu-recycles-plastics-with-starlinger\/#breadcrumb","itemListElement":[{"@type":"ListItem","position":1,"name":"Home Page","item":"https:\/\/www.textilegence.com\/en\/homepage-the-rimont\/"},{"@type":"ListItem","position":2,"name":"Green Times","item":"https:\/\/www.textilegence.com\/en\/category\/green-times\/"},{"@type":"ListItem","position":3,"name":"Tanr\u0131kulu recycles plastics with Starlinger"}]},{"@type":"WebSite","@id":"https:\/\/www.textilegence.com\/en\/#website","url":"https:\/\/www.textilegence.com\/en\/","name":"Textilegence Magazine and Digital Platform","description":"Textile News Center","publisher":{"@id":"https:\/\/www.textilegence.com\/en\/#organization"},"potentialAction":[{"@type":"SearchAction","target":{"@type":"EntryPoint","urlTemplate":"https:\/\/www.textilegence.com\/en\/?s={search_term_string}"},"query-input":{"@type":"PropertyValueSpecification","valueRequired":true,"valueName":"search_term_string"}}],"inLanguage":"en-US"},{"@type":"Organization","@id":"https:\/\/www.textilegence.com\/en\/#organization","name":"Textilegence Magazine and Digital Platform","url":"https:\/\/www.textilegence.com\/en\/","logo":{"@type":"ImageObject","inLanguage":"en-US","@id":"https:\/\/www.textilegence.com\/en\/#\/schema\/logo\/image\/","url":"https:\/\/www.textilegence.com\/wp-content\/uploads\/2016\/11\/New_Retina_Logo_Textilegence.png","contentUrl":"https:\/\/www.textilegence.com\/wp-content\/uploads\/2016\/11\/New_Retina_Logo_Textilegence.png","width":544,"height":180,"caption":"Textilegence Magazine and Digital Platform"},"image":{"@id":"https:\/\/www.textilegence.com\/en\/#\/schema\/logo\/image\/"},"sameAs":["https:\/\/www.facebook.com\/TextilegenceMagazine","https:\/\/x.com\/textilegence","https:\/\/www.instagram.com\/textilegence\/","https:\/\/www.linkedin.com\/groups\/Textilegence-Magazine-Digital-Platform-4897253","https:\/\/www.youtube.com\/user\/textilegence"],"description":"Textilegence is a magazine and digital platform established in 2013. It focuses on the textile industry and sub-segments. The platform provides news, articles, and updates on various aspects of the textile industry, including sustainability, technological advancements, and market trends.","email":"editor@textilegence.com","telephone":"+90 212 442 24 12","legalName":"Textilegence Mag and Digital Platform","foundingDate":"2013-01-01","numberOfEmployees":{"@type":"QuantitativeValue","minValue":"1","maxValue":"10"}},{"@type":"Person","@id":"https:\/\/www.textilegence.com\/en\/#\/schema\/person\/cfa6baf17f0478131c673c93a9b88ef3","name":"Ya\u011fmur Melis \u015eim\u015fek","image":{"@type":"ImageObject","inLanguage":"en-US","@id":"https:\/\/www.textilegence.com\/wp-content\/uploads\/2022\/03\/Yagmur_photo1.jpg","url":"https:\/\/www.textilegence.com\/wp-content\/uploads\/2022\/03\/Yagmur_photo1.jpg","contentUrl":"https:\/\/www.textilegence.com\/wp-content\/uploads\/2022\/03\/Yagmur_photo1.jpg","caption":"Ya\u011fmur Melis \u015eim\u015fek"},"description":"Ya\u011fmur Melis \u015eim\u015fek, Saint-Beno\u00eet Frans\u0131z Lisesi\u2019nde e\u011fitim g\u00f6rm\u00fc\u015f, ard\u0131ndan Anadolu \u00dcniversitesi\u2019nde iki y\u0131ll\u0131k Foto\u011fraf\u00e7\u0131l\u0131k B\u00f6l\u00fcm\u00fc\u2019n\u00fc tamamlam\u0131\u015ft\u0131r. Daha sonra lisans e\u011fitimini \u0130stanbul \u00dcniversitesi Gazetecilik B\u00f6l\u00fcm\u00fc\u2019nde s\u00fcrd\u00fcrm\u00fc\u015f, mezuniyetin ard\u0131ndan ise 2017 y\u0131l\u0131nda i\u015f hayat\u0131na at\u0131lm\u0131\u015ft\u0131r. Pek \u00e7ok farkl\u0131 projede, foto\u011fraf\u00e7\u0131l\u0131k ve grafik tasar\u0131mc\u0131l\u0131\u011f\u0131n yan\u0131 s\u0131ra teknoloji alan\u0131nda i\u00e7erik ve haber yazarl\u0131\u011f\u0131 gibi \u00e7e\u015fitli pozisyonlarda yer alan \u015eim\u015fek, 2021 y\u0131l\u0131ndan bu yana Textilegence\u2019da d\u0131\u015f haberlerde yard\u0131mc\u0131 edit\u00f6r olarak g\u00f6rev yapmaktad\u0131r.","sameAs":["https:\/\/www.textilegence.com\/","https:\/\/www.facebook.com\/TextilegenceMagazine","https:\/\/www.instagram.com\/textilegence\/","https:\/\/www.linkedin.com\/company\/2985016","https:\/\/x.com\/https:\/\/twitter.com\/textilegence","https:\/\/www.youtube.com\/channel\/UCgtcny5ljhiXu-yvOiAlpRA"],"url":"https:\/\/www.textilegence.com\/en\/author\/yms\/"}]}},"_links":{"self":[{"href":"https:\/\/www.textilegence.com\/en\/wp-json\/wp\/v2\/posts\/51520","targetHints":{"allow":["GET"]}}],"collection":[{"href":"https:\/\/www.textilegence.com\/en\/wp-json\/wp\/v2\/posts"}],"about":[{"href":"https:\/\/www.textilegence.com\/en\/wp-json\/wp\/v2\/types\/post"}],"author":[{"embeddable":true,"href":"https:\/\/www.textilegence.com\/en\/wp-json\/wp\/v2\/users\/26"}],"replies":[{"embeddable":true,"href":"https:\/\/www.textilegence.com\/en\/wp-json\/wp\/v2\/comments?post=51520"}],"version-history":[{"count":0,"href":"https:\/\/www.textilegence.com\/en\/wp-json\/wp\/v2\/posts\/51520\/revisions"}],"wp:featuredmedia":[{"embeddable":true,"href":"https:\/\/www.textilegence.com\/en\/wp-json\/wp\/v2\/media\/51526"}],"wp:attachment":[{"href":"https:\/\/www.textilegence.com\/en\/wp-json\/wp\/v2\/media?parent=51520"}],"wp:term":[{"taxonomy":"category","embeddable":true,"href":"https:\/\/www.textilegence.com\/en\/wp-json\/wp\/v2\/categories?post=51520"},{"taxonomy":"post_tag","embeddable":true,"href":"https:\/\/www.textilegence.com\/en\/wp-json\/wp\/v2\/tags?post=51520"}],"curies":[{"name":"wp","href":"https:\/\/api.w.org\/{rel}","templated":true}]}}