{"id":51799,"date":"2023-01-03T16:20:43","date_gmt":"2023-01-03T13:20:43","guid":{"rendered":"http:\/\/www.textilegence.com\/?p=51799"},"modified":"2023-01-03T16:20:47","modified_gmt":"2023-01-03T13:20:47","slug":"kornit-apollo-sets-off-for-new-targets-in-printing-in-2023","status":"publish","type":"post","link":"https:\/\/www.textilegence.com\/en\/kornit-apollo-sets-off-for-new-targets-in-printing-in-2023\/","title":{"rendered":"Kornit Apollo sets off for new targets in printing in 2023"},"content":{"rendered":"\n<p>Dijital tekstil bask\u0131 <a href=\"https:\/\/www.kornit.com\/tr\/\" target=\"_blank\" rel=\"noreferrer noopener\">uzman\u0131 <\/a>Kornit Digital, 2023 y\u0131l\u0131nda DTF ve DTG <a href=\"https:\/\/www.textilegence.com\/category\/baski\/\" target=\"_blank\" rel=\"noreferrer noopener\">bask\u0131 <\/a>i\u00e7in en \u00e7ok talep g\u00f6ren \u00fcr\u00fcnlerinin yan\u0131 s\u0131ra s\u00fcrd\u00fcr\u00fclebilir, talep \u00fczerine dijital direkt kuma\u015fa bask\u0131 \u00fcretimi i\u00e7in en yetkin sistemlerden biri olan Kornit Apollo ile \u00f6n plana \u00e7\u0131kacak. Kornit Digital T\u00fcrkiye, BAE, G\u00fcney Afrika \u00dclke M\u00fcd\u00fcr\u00fc Nathalie Hizveren, s\u00fcrd\u00fcr\u00fclebilirlik ve dijitalle\u015fme anlam\u0131nda sekt\u00f6re de\u011fer katan yeniliklerini ve 2023 beklentilerini Textilegence\u2019a anlatt\u0131.<\/p>\n\n<p>Hizveren, 2023 y\u0131l\u0131nda, s\u00fcrd\u00fcr\u00fclebilir, talebe \u00fczerine dijital do\u011frudan kuma\u015fa bask\u0131 \u00fcretimi i\u00e7in \u015fimdiye kadarki en yetkin sistem olan Kornit Apollo\u2019yu hayata ge\u00e7ireceklerini ifade etti ve bu sistemin, saatte 400 bask\u0131 yapabilen ve seri \u00fcretim i\u00e7in ger\u00e7ek bir dijital \u00e7\u00f6z\u00fcm sunan, hat i\u00e7i k\u00fcrleme \u00f6zelli\u011fine sahip ilk sistem oldu\u011funu vurgulad\u0131. \u201cTalebe ba\u011fl\u0131 yakla\u015f\u0131m\u0131m\u0131z\u0131 \u0131s\u0131tma enerjisine geni\u015fleten bir \u2018ak\u0131ll\u0131 k\u00fcrleme \u00e7\u00f6z\u00fcm\u00fc\u2019 sunuyoruz; bu da gerekti\u011finde h\u0131zl\u0131 bir \u015fekilde \u0131s\u0131nmas\u0131, her bir kuma\u015f\u0131n \u00f6zelliklerine g\u00f6re her ge\u00e7en giysiyi tam olarak hedeflemesi, tutarl\u0131 bir bitmi\u015f \u00fcr\u00fcn i\u00e7in tutarl\u0131 bir \u015fekilde \u0131s\u0131 uygulamas\u0131 ve \u0131s\u0131n\u0131n bo\u015fa harcanmamas\u0131n\u0131 sa\u011flamak i\u00e7in iyi yal\u0131t\u0131lm\u0131\u015f \u2018so\u011fuk \u00e7al\u0131\u015fmas\u0131\u2019 anlam\u0131na geliyor. Sonu\u00e7 olarak ortaya \u00e7\u0131kan \u00e7\u00f6z\u00fcm %30\u2019a kadar daha az gaz kullan\u0131yor ve rakip \u00e7\u00f6z\u00fcmlere k\u0131yasla y\u0131lda 60 ton karbondioksit emisyonu tasarrufu sa\u011flayacak \u015fekilde derecelendiriliyor\u201d diyen Hizveren, m\u00fc\u015fterileri i\u00e7in uyarlanabilir paletler ve \u015fimdiye kadar mevcut olan en ak\u0131ll\u0131, enerji tasarruflu k\u00fcrleme (kurutma) sistemi de dahil olmak \u00fczere di\u011fer son teknoloji \u00e7\u00f6z\u00fcmleri de tan\u0131tacaklar\u0131n\u0131 s\u00f6zlerine ekledi.<\/p>\n<div class=\"wp-block-image\">\n<figure class=\"aligncenter size-full\"><img loading=\"lazy\" decoding=\"async\" width=\"1920\" height=\"1080\" src=\"https:\/\/www.textilegence.com\/wp-content\/uploads\/2023\/01\/kornit-detail.jpg\" alt=\"\" class=\"wp-image-51794\" srcset=\"https:\/\/www.textilegence.com\/wp-content\/uploads\/2023\/01\/kornit-detail.jpg 1920w, https:\/\/www.textilegence.com\/wp-content\/uploads\/2023\/01\/kornit-detail-768x432.jpg 768w, https:\/\/www.textilegence.com\/wp-content\/uploads\/2023\/01\/kornit-detail-1536x864.jpg 1536w, https:\/\/www.textilegence.com\/wp-content\/uploads\/2023\/01\/kornit-detail-300x169.jpg 300w, https:\/\/www.textilegence.com\/wp-content\/uploads\/2023\/01\/kornit-detail-600x338.jpg 600w, https:\/\/www.textilegence.com\/wp-content\/uploads\/2023\/01\/kornit-detail-696x392.jpg 696w, https:\/\/www.textilegence.com\/wp-content\/uploads\/2023\/01\/kornit-detail-1068x601.jpg 1068w\" sizes=\"auto, (max-width: 1920px) 100vw, 1920px\" \/><figcaption class=\"wp-element-caption\">Kornit Digital T\u00fcrkiye, BAE, G\u00fcney Afrika \u00dclke M\u00fcd\u00fcr\u00fc Nathalie Hizveren<\/figcaption><\/figure>\n<\/div>\n<h2 class=\"wp-block-heading\" id=\"h-musterilerimiz-kornit-presto-max-ile-yilda-55-7-milyon-litre-su-tasarrufu-sagliyor\">\u201cM\u00fc\u015fterilerimiz Kornit Presto MAX ile y\u0131lda 55,7 milyon litre su tasarrufu sa\u011fl\u0131yor\u201d<\/h2>\n\n<p>Nathalie Hizveren, s\u00fcrd\u00fcr\u00fclebilirlik a\u00e7\u0131s\u0131ndan, \u00fcretim teknolojilerini uygulayan moda ve tekstil \u00fcreticilerinin Kornit Presto MAX ile y\u0131lda 1,1 milyar gereksiz giysi \u00fcretimini ve \u015fu anda fazla \u00fcretilen giysilerin %30\u2019unu \u00f6nleme potansiyelini g\u00f6rd\u00fcklerini s\u00f6yledi. Ayr\u0131ca s\u00fcrd\u00fcr\u00fclebilirlik konusunda kurum i\u00e7i faaliyetlerine de de\u011finen Hizveren; \u201c\u015eirket olarak, tehlikeli ve tehlikesiz at\u0131k yo\u011funlu\u011funun azalt\u0131lmas\u0131, sera gaz\u0131 emisyon yo\u011funlu\u011funun azalt\u0131lmas\u0131, malzeme geri d\u00f6n\u00fc\u015f\u00fcm\u00fcn\u00fcn art\u0131r\u0131lmas\u0131 ve \u0130srail\u2019deki yeni boya \u00fcretim tesisimizin ISO45001 sertifikas\u0131 da dahil olmak \u00fczere karbon ayak izimizi azaltma konusunda \u00f6nemli kazan\u0131mlar elde ettik\u201d dedi.<\/p>\n\n<h2 class=\"wp-block-heading\" id=\"h-dijital-bir-tedarik-zinciri-ureticilere-onemli-faydalar-saglayacak\">\u201cDijital bir tedarik zinciri \u00fcreticilere \u00f6nemli faydalar sa\u011flayacak\u201d<\/h2>\n\n<p>Nathalie Hizveren, bir\u00e7ok sekt\u00f6rde oldu\u011fu gibi uluslararas\u0131 tedarik zincirlerinin de belirsizliklerin s\u00fcrmesi, darbo\u011fazlar ve sosyopolitik aksakl\u0131klara maruz kalaca\u011f\u0131n\u0131 \u00f6ng\u00f6rd\u00fcklerini belirterek \u015funlar\u0131 s\u00f6yledi: \u201cKornit, b\u00fcy\u00fcyen m\u00fc\u015fteri a\u011f\u0131n\u0131 kullanarak, sipari\u015flerin son t\u00fcketiciye daha yak\u0131n bir yerde \u00fcretilmesini sa\u011flayarak, deniza\u015f\u0131r\u0131 \u00fcretimle ili\u015fkili gereksiz zaman, israf ve riski ortadan kald\u0131rarak bu zafiyetin \u00e7o\u011funu \u00f6nleyen bir yak\u0131n \u00fcretim modeli sunmay\u0131 ama\u00e7l\u0131yor. Dijital \u00fcretimin ve dijital ba\u011flanabilirli\u011fin g\u00fczel taraf\u0131, onshoring (\u00fclke i\u00e7i \u00fcretime d\u00f6nme) ve nearshoring\u2019i (faaliyetlerini yak\u0131n bir \u00fclkeye ta\u015f\u0131ma) bir zamanlar hayal edilenden \u00e7ok daha basit hale getirmesi ve talebe dayal\u0131 \u00fcretimin envanter\/stok fazlas\u0131 riskini ortadan kald\u0131rarak y\u00fcksek maliyetli b\u00f6lgelerde faaliyet g\u00f6sterirken bile karl\u0131l\u0131k sa\u011flamas\u0131. \u2018Dijital tedarik zinciri\u2019, i\u015fletmelerini gelece\u011fe haz\u0131rlama ve sipari\u015fleri teslim etmek i\u00e7in gereken s\u00fcreyi k\u0131saltma niyetinde olan \u00fcreticiler i\u00e7in \u00f6nemli faydalar sunarken, hangi \u00fcr\u00fcn ve uygulamalar\u0131 ve hacimleri ger\u00e7ekten teslim edebilecekleri konusundaki k\u0131s\u0131tlamalar\u0131 ortadan kald\u0131racakt\u0131r.\u201d<\/p>\n\n<p>Hizveren, sadece sanal showroomlar de\u011fil, Metaverse, NFT\u2019ler ve di\u011fer yenilik\u00e7i konseptler gibi sanal d\u00fcnya ile teknolojilerinin hayal edilenin ger\u00e7ekle\u015ftirilmesini sa\u011flad\u0131\u011f\u0131 fiziksel d\u00fcnya aras\u0131nda k\u00f6pr\u00fc kurmaya b\u00fcy\u00fck ilgi oldu\u011funu belirtti. Tasar\u0131mc\u0131lar, markalar, \u00fcreticiler ve t\u00fcketiciler aras\u0131nda ad\u0131mlar\u0131 ortadan kald\u0131ran ve daha sorunsuz, zahmetsiz, aktif bir deneyim sa\u011flayan her yeni geli\u015fme gibi bu e\u011filimin de devam edece\u011fini \u00f6ng\u00f6rd\u00fcklerini ifade eden Hizveren; \u201c\u0130nsanlara istediklerini, istedikleri zaman, sorumlu bir \u015fekilde; yeni zorluklara ve f\u0131rsatlara g\u00fcvenle ve \u00fcrettikleri \u00fcr\u00fcnlerde tutarl\u0131 bir kaliteyle tepki verebilecek bir \u00e7eviklikle vermek isteyen markalar\u0131n k\u00fcresel bir destek\u00e7isi olarak liderli\u011fimizi s\u00fcrd\u00fcrmeyi ama\u00e7l\u0131yoruz\u201d dedi.<\/p>\n<div class=\"wp-block-image\">\n<figure class=\"aligncenter size-full\"><img loading=\"lazy\" decoding=\"async\" width=\"1920\" height=\"1080\" src=\"https:\/\/www.textilegence.com\/wp-content\/uploads\/2023\/01\/kornit-detail1.jpg\" alt=\"\" class=\"wp-image-51796\" srcset=\"https:\/\/www.textilegence.com\/wp-content\/uploads\/2023\/01\/kornit-detail1.jpg 1920w, https:\/\/www.textilegence.com\/wp-content\/uploads\/2023\/01\/kornit-detail1-768x432.jpg 768w, https:\/\/www.textilegence.com\/wp-content\/uploads\/2023\/01\/kornit-detail1-1536x864.jpg 1536w, https:\/\/www.textilegence.com\/wp-content\/uploads\/2023\/01\/kornit-detail1-300x169.jpg 300w, https:\/\/www.textilegence.com\/wp-content\/uploads\/2023\/01\/kornit-detail1-600x338.jpg 600w, https:\/\/www.textilegence.com\/wp-content\/uploads\/2023\/01\/kornit-detail1-696x392.jpg 696w, https:\/\/www.textilegence.com\/wp-content\/uploads\/2023\/01\/kornit-detail1-1068x601.jpg 1068w\" sizes=\"auto, (max-width: 1920px) 100vw, 1920px\" \/><figcaption class=\"wp-element-caption\">\u201cM\u00fc\u015fterilerimiz Kornit Presto MAX ile y\u0131lda 55,7 milyon litre su tasarrufu sa\u011fl\u0131yor\u201d<\/figcaption><\/figure>\n<\/div>\n<h2 class=\"wp-block-heading\" id=\"h-simdiye-kadarki-en-gelismis-dogrudan-kumasa-baski-uretim-sistemimiz-itma-da-olacak\">\u201c\u015eimdiye kadarki en geli\u015fmi\u015f do\u011frudan kuma\u015fa bask\u0131 \u00fcretim sistemimiz ITMA\u2019da olacak\u201d<\/h2>\n\n<p>Kornit Digital\u2019in, T\u00fcrkiye distrib\u00fct\u00f6r\u00fc MatTex ile birlikte sekt\u00f6r\u00fcn en b\u00fcy\u00fck etkinli\u011fi olan ITMA 2023\u2019e kat\u0131laca\u011f\u0131n\u0131 hat\u0131rlatan Nathalie Hizveren, ITMA fuar alan\u0131nda \u015fimdiye kadarki en geli\u015fmi\u015f do\u011frudan kuma\u015fa bask\u0131 \u00fcretim sistemlerini tan\u0131tacaklar\u0131n\u0131 belirtti. Gelece\u011fin bug\u00fcnden ula\u015f\u0131labilir olmas\u0131 ve d\u00fcnya \u00e7ap\u0131ndaki vizyoner yarat\u0131c\u0131lar, markalar ve uygulay\u0131c\u0131lar i\u00e7in ger\u00e7ek bir b\u00fcy\u00fcme ve refah yaratmas\u0131 bir yana; gelece\u011fin s\u00fcrd\u00fcr\u00fclebilir, iste\u011fe ba\u011fl\u0131, tamamen dijitalle\u015ftirilmi\u015f tekstil ve haz\u0131r giyim \u00fcretim s\u00fcrecini g\u00f6stermeye adanm\u0131\u015f kapsaml\u0131 bir program sunmay\u0131 planlad\u0131klar\u0131n\u0131 s\u00f6yleyen Hizveren s\u00f6zlerini \u015f\u00f6yle noktalad\u0131:<\/p>\n\n<p>\u201cBu ba\u015far\u0131 hikayelerini y\u0131llard\u0131r payla\u015f\u0131yoruz ve ITMA\u2019da ziyaret\u00e7iler bu teknolojinin tekstil i\u015fi hakk\u0131nda bildikleri her \u015feyi temelden nas\u0131l de\u011fi\u015ftirebilece\u011fini kendileri g\u00f6recekler. Bu fuar, Kornit vizyonunu sergilemek i\u00e7in \u015fimdiye kadarki en b\u00fcy\u00fck sahnemiz olacak ve d\u00fcnya \u00e7ap\u0131nda s\u00fcrd\u00fcr\u00fclebilir, talebe dayal\u0131 \u00fcretim i\u00e7in i\u015fletim sistemini yazarken, bu vizyonu de\u011fi\u015fime, s\u00fcrd\u00fcr\u00fclebilirli\u011fe ve s\u0131n\u0131rs\u0131z yarat\u0131c\u0131 olanaklara \u00f6zlem duyan bir pazarla payla\u015fma f\u0131rsat\u0131n\u0131 memnuniyetle kar\u015f\u0131l\u0131yoruz.\u201d<\/p>\n","protected":false},"excerpt":{"rendered":"<p>Dijital tekstil bask\u0131 uzman\u0131 Kornit Digital, 2023 y\u0131l\u0131nda DTF ve DTG bask\u0131 i\u00e7in en \u00e7ok talep g\u00f6ren \u00fcr\u00fcnlerinin yan\u0131 s\u0131ra s\u00fcrd\u00fcr\u00fclebilir, talep \u00fczerine dijital direkt kuma\u015fa bask\u0131 \u00fcretimi i\u00e7in en yetkin sistemlerden biri olan Kornit Apollo ile \u00f6n plana \u00e7\u0131kacak. Kornit Digital T\u00fcrkiye, BAE, G\u00fcney Afrika \u00dclke M\u00fcd\u00fcr\u00fc Nathalie Hizveren, s\u00fcrd\u00fcr\u00fclebilirlik ve dijitalle\u015fme anlam\u0131nda sekt\u00f6re [&hellip;]<\/p>\n","protected":false},"author":8,"featured_media":51793,"comment_status":"open","ping_status":"closed","sticky":false,"template":"","format":"standard","meta":{"footnotes":""},"categories":[9853],"tags":[10234,10055,10369],"class_list":{"0":"post-51799","1":"post","2":"type-post","3":"status-publish","4":"format-standard","5":"has-post-thumbnail","7":"category-printing","8":"tag-digital-printing","9":"tag-kornit-digital-en","10":"tag-textile-news-en"},"yoast_head":"<!-- This site is optimized with the Yoast SEO Premium plugin v27.3 (Yoast SEO v27.3) - https:\/\/yoast.com\/product\/yoast-seo-premium-wordpress\/ -->\n<title>Kornit Apollo sets off\u00a0 for new targets in printing in 2023 - Textilegence<\/title>\n<meta name=\"description\" content=\"The digital textile printing specialist Kornit Digital will come to the fore with Kornit Apollo, one of the most capable systems for...\" \/>\n<meta name=\"robots\" content=\"index, follow, max-snippet:-1, max-image-preview:large, max-video-preview:-1\" \/>\n<link rel=\"canonical\" href=\"https:\/\/www.textilegence.com\/en\/kornit-apollo-sets-off-for-new-targets-in-printing-in-2023\/\" \/>\n<meta property=\"og:locale\" content=\"en_US\" \/>\n<meta property=\"og:type\" content=\"article\" \/>\n<meta property=\"og:title\" content=\"Kornit Apollo sets off for new targets in printing in 2023\" \/>\n<meta property=\"og:description\" content=\"Dijital tekstil bask\u0131 uzman\u0131 Kornit Digital, 2023 y\u0131l\u0131nda DTF ve DTG bask\u0131 i\u00e7in en \u00e7ok talep g\u00f6ren \u00fcr\u00fcnlerinin yan\u0131 s\u0131ra s\u00fcrd\u00fcr\u00fclebilir, talep \u00fczerine\" \/>\n<meta property=\"og:url\" content=\"https:\/\/www.textilegence.com\/en\/kornit-apollo-sets-off-for-new-targets-in-printing-in-2023\/\" \/>\n<meta property=\"og:site_name\" content=\"Textilegence Magazine and Digital Platform\" \/>\n<meta property=\"article:publisher\" content=\"https:\/\/www.facebook.com\/TextilegenceMagazine\" \/>\n<meta property=\"article:author\" content=\"https:\/\/www.facebook.com\/TextilegenceMagazine\" \/>\n<meta property=\"article:published_time\" content=\"2023-01-03T13:20:43+00:00\" \/>\n<meta property=\"article:modified_time\" content=\"2023-01-03T13:20:47+00:00\" \/>\n<meta property=\"og:image\" content=\"https:\/\/www.textilegence.com\/wp-content\/uploads\/2023\/01\/kornit-textilegence.jpg\" \/>\n\t<meta property=\"og:image:width\" content=\"1920\" \/>\n\t<meta property=\"og:image:height\" content=\"1080\" \/>\n\t<meta property=\"og:image:type\" content=\"image\/jpeg\" \/>\n<meta name=\"author\" content=\"Fatih Cengiarslan\" \/>\n<meta name=\"twitter:card\" content=\"summary_large_image\" \/>\n<meta name=\"twitter:creator\" content=\"@https:\/\/twitter.com\/textilegence\" \/>\n<meta name=\"twitter:site\" content=\"@textilegence\" \/>\n<meta name=\"twitter:label1\" content=\"Written by\" \/>\n\t<meta name=\"twitter:data1\" content=\"Fatih Cengiarslan\" \/>\n\t<meta name=\"twitter:label2\" content=\"Est. reading time\" \/>\n\t<meta name=\"twitter:data2\" content=\"6 minutes\" \/>\n<script type=\"application\/ld+json\" class=\"yoast-schema-graph\">{\"@context\":\"https:\\\/\\\/schema.org\",\"@graph\":[{\"@type\":\"NewsArticle\",\"@id\":\"https:\\\/\\\/www.textilegence.com\\\/en\\\/kornit-apollo-sets-off-for-new-targets-in-printing-in-2023\\\/#article\",\"isPartOf\":{\"@id\":\"https:\\\/\\\/www.textilegence.com\\\/en\\\/kornit-apollo-sets-off-for-new-targets-in-printing-in-2023\\\/\"},\"author\":{\"name\":\"Fatih Cengiarslan\",\"@id\":\"https:\\\/\\\/www.textilegence.com\\\/en\\\/#\\\/schema\\\/person\\\/1c3977109f8a6e1e2b95678836d75cb7\"},\"headline\":\"Kornit Apollo sets off for new targets in printing in 2023\",\"datePublished\":\"2023-01-03T13:20:43+00:00\",\"dateModified\":\"2023-01-03T13:20:47+00:00\",\"mainEntityOfPage\":{\"@id\":\"https:\\\/\\\/www.textilegence.com\\\/en\\\/kornit-apollo-sets-off-for-new-targets-in-printing-in-2023\\\/\"},\"wordCount\":1021,\"commentCount\":0,\"publisher\":{\"@id\":\"https:\\\/\\\/www.textilegence.com\\\/en\\\/#organization\"},\"image\":{\"@id\":\"https:\\\/\\\/www.textilegence.com\\\/en\\\/kornit-apollo-sets-off-for-new-targets-in-printing-in-2023\\\/#primaryimage\"},\"thumbnailUrl\":\"https:\\\/\\\/www.textilegence.com\\\/wp-content\\\/uploads\\\/2023\\\/01\\\/kornit-textilegence.jpg\",\"keywords\":[\"digital printing\",\"kornit digital\",\"textile news\"],\"articleSection\":[\"Printing\"],\"inLanguage\":\"en-US\",\"potentialAction\":[{\"@type\":\"CommentAction\",\"name\":\"Comment\",\"target\":[\"https:\\\/\\\/www.textilegence.com\\\/en\\\/kornit-apollo-sets-off-for-new-targets-in-printing-in-2023\\\/#respond\"]}]},{\"@type\":\"WebPage\",\"@id\":\"https:\\\/\\\/www.textilegence.com\\\/en\\\/kornit-apollo-sets-off-for-new-targets-in-printing-in-2023\\\/\",\"url\":\"https:\\\/\\\/www.textilegence.com\\\/en\\\/kornit-apollo-sets-off-for-new-targets-in-printing-in-2023\\\/\",\"name\":\"Kornit Apollo sets off\u00a0 for new targets in printing in 2023 - Textilegence\",\"isPartOf\":{\"@id\":\"https:\\\/\\\/www.textilegence.com\\\/en\\\/#website\"},\"primaryImageOfPage\":{\"@id\":\"https:\\\/\\\/www.textilegence.com\\\/en\\\/kornit-apollo-sets-off-for-new-targets-in-printing-in-2023\\\/#primaryimage\"},\"image\":{\"@id\":\"https:\\\/\\\/www.textilegence.com\\\/en\\\/kornit-apollo-sets-off-for-new-targets-in-printing-in-2023\\\/#primaryimage\"},\"thumbnailUrl\":\"https:\\\/\\\/www.textilegence.com\\\/wp-content\\\/uploads\\\/2023\\\/01\\\/kornit-textilegence.jpg\",\"datePublished\":\"2023-01-03T13:20:43+00:00\",\"dateModified\":\"2023-01-03T13:20:47+00:00\",\"description\":\"The digital textile printing specialist Kornit Digital will come to the fore with Kornit Apollo, one of the most capable systems for...\",\"breadcrumb\":{\"@id\":\"https:\\\/\\\/www.textilegence.com\\\/en\\\/kornit-apollo-sets-off-for-new-targets-in-printing-in-2023\\\/#breadcrumb\"},\"inLanguage\":\"en-US\",\"potentialAction\":[{\"@type\":\"ReadAction\",\"target\":[\"https:\\\/\\\/www.textilegence.com\\\/en\\\/kornit-apollo-sets-off-for-new-targets-in-printing-in-2023\\\/\"]}]},{\"@type\":\"ImageObject\",\"inLanguage\":\"en-US\",\"@id\":\"https:\\\/\\\/www.textilegence.com\\\/en\\\/kornit-apollo-sets-off-for-new-targets-in-printing-in-2023\\\/#primaryimage\",\"url\":\"https:\\\/\\\/www.textilegence.com\\\/wp-content\\\/uploads\\\/2023\\\/01\\\/kornit-textilegence.jpg\",\"contentUrl\":\"https:\\\/\\\/www.textilegence.com\\\/wp-content\\\/uploads\\\/2023\\\/01\\\/kornit-textilegence.jpg\",\"width\":1920,\"height\":1080},{\"@type\":\"BreadcrumbList\",\"@id\":\"https:\\\/\\\/www.textilegence.com\\\/en\\\/kornit-apollo-sets-off-for-new-targets-in-printing-in-2023\\\/#breadcrumb\",\"itemListElement\":[{\"@type\":\"ListItem\",\"position\":1,\"name\":\"Home Page\",\"item\":\"https:\\\/\\\/www.textilegence.com\\\/en\\\/homepage-the-rimont\\\/\"},{\"@type\":\"ListItem\",\"position\":2,\"name\":\"Printing\",\"item\":\"https:\\\/\\\/www.textilegence.com\\\/en\\\/category\\\/printing\\\/\"},{\"@type\":\"ListItem\",\"position\":3,\"name\":\"Kornit Apollo sets off for new targets in printing in 2023\"}]},{\"@type\":\"WebSite\",\"@id\":\"https:\\\/\\\/www.textilegence.com\\\/en\\\/#website\",\"url\":\"https:\\\/\\\/www.textilegence.com\\\/en\\\/\",\"name\":\"Textilegence Magazine and Digital Platform\",\"description\":\"Textile News Center\",\"publisher\":{\"@id\":\"https:\\\/\\\/www.textilegence.com\\\/en\\\/#organization\"},\"potentialAction\":[{\"@type\":\"SearchAction\",\"target\":{\"@type\":\"EntryPoint\",\"urlTemplate\":\"https:\\\/\\\/www.textilegence.com\\\/en\\\/?s={search_term_string}\"},\"query-input\":{\"@type\":\"PropertyValueSpecification\",\"valueRequired\":true,\"valueName\":\"search_term_string\"}}],\"inLanguage\":\"en-US\"},{\"@type\":\"Organization\",\"@id\":\"https:\\\/\\\/www.textilegence.com\\\/en\\\/#organization\",\"name\":\"Textilegence Magazine and Digital Platform\",\"url\":\"https:\\\/\\\/www.textilegence.com\\\/en\\\/\",\"logo\":{\"@type\":\"ImageObject\",\"inLanguage\":\"en-US\",\"@id\":\"https:\\\/\\\/www.textilegence.com\\\/en\\\/#\\\/schema\\\/logo\\\/image\\\/\",\"url\":\"https:\\\/\\\/www.textilegence.com\\\/wp-content\\\/uploads\\\/2016\\\/11\\\/New_Retina_Logo_Textilegence.png\",\"contentUrl\":\"https:\\\/\\\/www.textilegence.com\\\/wp-content\\\/uploads\\\/2016\\\/11\\\/New_Retina_Logo_Textilegence.png\",\"width\":544,\"height\":180,\"caption\":\"Textilegence Magazine and Digital Platform\"},\"image\":{\"@id\":\"https:\\\/\\\/www.textilegence.com\\\/en\\\/#\\\/schema\\\/logo\\\/image\\\/\"},\"sameAs\":[\"https:\\\/\\\/www.facebook.com\\\/TextilegenceMagazine\",\"https:\\\/\\\/x.com\\\/textilegence\",\"https:\\\/\\\/www.instagram.com\\\/textilegence\\\/\",\"https:\\\/\\\/www.linkedin.com\\\/groups\\\/Textilegence-Magazine-Digital-Platform-4897253\",\"https:\\\/\\\/www.youtube.com\\\/user\\\/textilegence\"],\"description\":\"Textilegence is a magazine and digital platform established in 2013. It focuses on the textile industry and sub-segments. The platform provides news, articles, and updates on various aspects of the textile industry, including sustainability, technological advancements, and market trends.\",\"email\":\"editor@textilegence.com\",\"telephone\":\"+90 212 442 24 12\",\"legalName\":\"Textilegence Mag and Digital Platform\",\"foundingDate\":\"2013-01-01\",\"numberOfEmployees\":{\"@type\":\"QuantitativeValue\",\"minValue\":\"1\",\"maxValue\":\"10\"}},{\"@type\":\"Person\",\"@id\":\"https:\\\/\\\/www.textilegence.com\\\/en\\\/#\\\/schema\\\/person\\\/1c3977109f8a6e1e2b95678836d75cb7\",\"name\":\"Fatih Cengiarslan\",\"image\":{\"@type\":\"ImageObject\",\"inLanguage\":\"en-US\",\"@id\":\"https:\\\/\\\/www.textilegence.com\\\/wp-content\\\/uploads\\\/2018\\\/12\\\/fatih-cengiarslan.jpg\",\"url\":\"https:\\\/\\\/www.textilegence.com\\\/wp-content\\\/uploads\\\/2018\\\/12\\\/fatih-cengiarslan.jpg\",\"contentUrl\":\"https:\\\/\\\/www.textilegence.com\\\/wp-content\\\/uploads\\\/2018\\\/12\\\/fatih-cengiarslan.jpg\",\"caption\":\"Fatih Cengiarslan\"},\"description\":\"Fatih Cengiarslan; Akademik \u0130ngilizce e\u011fitimini Bat\u0131 Avustralya \u00dcniversitesi\u2019nde tamamlad\u0131ktan sonra T\u00fcrkiye\u2019ye d\u00f6nerek \u0130stanbul Ayd\u0131n \u00dcniversitesi\u2019nde \u0130nternet Gazetecili\u011fi ve Yay\u0131nc\u0131l\u0131k b\u00f6l\u00fcm\u00fcn\u00fc bitirip, Litvanya \u2013 Kaunas Teknoloji \u00dcniversitesi\u2019nde interaktif media \u00fczerine 8 ayl\u0131k e\u011fitim ald\u0131. Daha sonra Eski\u015fehir Anadolu \u00dcniversitesi girerek \u0130\u015fletme Fak\u00fcltesini ba\u015far\u0131yla tamamlad\u0131. CNNTURK\u2019 kanal\u0131nda staj\u0131n\u0131 tamamlad\u0131ktan sonra Referans Gazetesi\u2019nde \u00e7al\u0131\u015fmaya ba\u015flad\u0131. 2 y\u0131l sonra Textilegence markas\u0131yla tekstil end\u00fcstrisine y\u00f6nelik kendi medyas\u0131n\u0131 kurdu. \u015eu anda Textilegence.com, Printing3D ve NEFA PR Ajans\u0131\u2019n\u0131n 12 y\u0131ld\u0131r y\u00f6netimini yapmaktad\u0131r.\",\"sameAs\":[\"https:\\\/\\\/www.textilegence.com\",\"https:\\\/\\\/www.facebook.com\\\/TextilegenceMagazine\",\"https:\\\/\\\/www.instagram.com\\\/textilegence\\\/\",\"https:\\\/\\\/www.linkedin.com\\\/in\\\/fatih-cengiarslan-32352265\\\/\",\"https:\\\/\\\/x.com\\\/https:\\\/\\\/twitter.com\\\/textilegence\"],\"url\":\"https:\\\/\\\/www.textilegence.com\\\/en\\\/author\\\/admin\\\/\"}]}<\/script>\n<!-- \/ Yoast SEO Premium plugin. -->","yoast_head_json":{"title":"Kornit Apollo sets off\u00a0 for new targets in printing in 2023 - Textilegence","description":"The digital textile printing specialist Kornit Digital will come to the fore with Kornit Apollo, one of the most capable systems for...","robots":{"index":"index","follow":"follow","max-snippet":"max-snippet:-1","max-image-preview":"max-image-preview:large","max-video-preview":"max-video-preview:-1"},"canonical":"https:\/\/www.textilegence.com\/en\/kornit-apollo-sets-off-for-new-targets-in-printing-in-2023\/","og_locale":"en_US","og_type":"article","og_title":"Kornit Apollo sets off for new targets in printing in 2023","og_description":"Dijital tekstil bask\u0131 uzman\u0131 Kornit Digital, 2023 y\u0131l\u0131nda DTF ve DTG bask\u0131 i\u00e7in en \u00e7ok talep g\u00f6ren \u00fcr\u00fcnlerinin yan\u0131 s\u0131ra s\u00fcrd\u00fcr\u00fclebilir, talep \u00fczerine","og_url":"https:\/\/www.textilegence.com\/en\/kornit-apollo-sets-off-for-new-targets-in-printing-in-2023\/","og_site_name":"Textilegence Magazine and Digital Platform","article_publisher":"https:\/\/www.facebook.com\/TextilegenceMagazine","article_author":"https:\/\/www.facebook.com\/TextilegenceMagazine","article_published_time":"2023-01-03T13:20:43+00:00","article_modified_time":"2023-01-03T13:20:47+00:00","og_image":[{"width":1920,"height":1080,"url":"https:\/\/www.textilegence.com\/wp-content\/uploads\/2023\/01\/kornit-textilegence.jpg","type":"image\/jpeg"}],"author":"Fatih Cengiarslan","twitter_card":"summary_large_image","twitter_creator":"@https:\/\/twitter.com\/textilegence","twitter_site":"@textilegence","twitter_misc":{"Written by":"Fatih Cengiarslan","Est. reading time":"6 minutes"},"schema":{"@context":"https:\/\/schema.org","@graph":[{"@type":"NewsArticle","@id":"https:\/\/www.textilegence.com\/en\/kornit-apollo-sets-off-for-new-targets-in-printing-in-2023\/#article","isPartOf":{"@id":"https:\/\/www.textilegence.com\/en\/kornit-apollo-sets-off-for-new-targets-in-printing-in-2023\/"},"author":{"name":"Fatih Cengiarslan","@id":"https:\/\/www.textilegence.com\/en\/#\/schema\/person\/1c3977109f8a6e1e2b95678836d75cb7"},"headline":"Kornit Apollo sets off for new targets in printing in 2023","datePublished":"2023-01-03T13:20:43+00:00","dateModified":"2023-01-03T13:20:47+00:00","mainEntityOfPage":{"@id":"https:\/\/www.textilegence.com\/en\/kornit-apollo-sets-off-for-new-targets-in-printing-in-2023\/"},"wordCount":1021,"commentCount":0,"publisher":{"@id":"https:\/\/www.textilegence.com\/en\/#organization"},"image":{"@id":"https:\/\/www.textilegence.com\/en\/kornit-apollo-sets-off-for-new-targets-in-printing-in-2023\/#primaryimage"},"thumbnailUrl":"https:\/\/www.textilegence.com\/wp-content\/uploads\/2023\/01\/kornit-textilegence.jpg","keywords":["digital printing","kornit digital","textile news"],"articleSection":["Printing"],"inLanguage":"en-US","potentialAction":[{"@type":"CommentAction","name":"Comment","target":["https:\/\/www.textilegence.com\/en\/kornit-apollo-sets-off-for-new-targets-in-printing-in-2023\/#respond"]}]},{"@type":"WebPage","@id":"https:\/\/www.textilegence.com\/en\/kornit-apollo-sets-off-for-new-targets-in-printing-in-2023\/","url":"https:\/\/www.textilegence.com\/en\/kornit-apollo-sets-off-for-new-targets-in-printing-in-2023\/","name":"Kornit Apollo sets off\u00a0 for new targets in printing in 2023 - Textilegence","isPartOf":{"@id":"https:\/\/www.textilegence.com\/en\/#website"},"primaryImageOfPage":{"@id":"https:\/\/www.textilegence.com\/en\/kornit-apollo-sets-off-for-new-targets-in-printing-in-2023\/#primaryimage"},"image":{"@id":"https:\/\/www.textilegence.com\/en\/kornit-apollo-sets-off-for-new-targets-in-printing-in-2023\/#primaryimage"},"thumbnailUrl":"https:\/\/www.textilegence.com\/wp-content\/uploads\/2023\/01\/kornit-textilegence.jpg","datePublished":"2023-01-03T13:20:43+00:00","dateModified":"2023-01-03T13:20:47+00:00","description":"The digital textile printing specialist Kornit Digital will come to the fore with Kornit Apollo, one of the most capable systems for...","breadcrumb":{"@id":"https:\/\/www.textilegence.com\/en\/kornit-apollo-sets-off-for-new-targets-in-printing-in-2023\/#breadcrumb"},"inLanguage":"en-US","potentialAction":[{"@type":"ReadAction","target":["https:\/\/www.textilegence.com\/en\/kornit-apollo-sets-off-for-new-targets-in-printing-in-2023\/"]}]},{"@type":"ImageObject","inLanguage":"en-US","@id":"https:\/\/www.textilegence.com\/en\/kornit-apollo-sets-off-for-new-targets-in-printing-in-2023\/#primaryimage","url":"https:\/\/www.textilegence.com\/wp-content\/uploads\/2023\/01\/kornit-textilegence.jpg","contentUrl":"https:\/\/www.textilegence.com\/wp-content\/uploads\/2023\/01\/kornit-textilegence.jpg","width":1920,"height":1080},{"@type":"BreadcrumbList","@id":"https:\/\/www.textilegence.com\/en\/kornit-apollo-sets-off-for-new-targets-in-printing-in-2023\/#breadcrumb","itemListElement":[{"@type":"ListItem","position":1,"name":"Home Page","item":"https:\/\/www.textilegence.com\/en\/homepage-the-rimont\/"},{"@type":"ListItem","position":2,"name":"Printing","item":"https:\/\/www.textilegence.com\/en\/category\/printing\/"},{"@type":"ListItem","position":3,"name":"Kornit Apollo sets off for new targets in printing in 2023"}]},{"@type":"WebSite","@id":"https:\/\/www.textilegence.com\/en\/#website","url":"https:\/\/www.textilegence.com\/en\/","name":"Textilegence Magazine and Digital Platform","description":"Textile News Center","publisher":{"@id":"https:\/\/www.textilegence.com\/en\/#organization"},"potentialAction":[{"@type":"SearchAction","target":{"@type":"EntryPoint","urlTemplate":"https:\/\/www.textilegence.com\/en\/?s={search_term_string}"},"query-input":{"@type":"PropertyValueSpecification","valueRequired":true,"valueName":"search_term_string"}}],"inLanguage":"en-US"},{"@type":"Organization","@id":"https:\/\/www.textilegence.com\/en\/#organization","name":"Textilegence Magazine and Digital Platform","url":"https:\/\/www.textilegence.com\/en\/","logo":{"@type":"ImageObject","inLanguage":"en-US","@id":"https:\/\/www.textilegence.com\/en\/#\/schema\/logo\/image\/","url":"https:\/\/www.textilegence.com\/wp-content\/uploads\/2016\/11\/New_Retina_Logo_Textilegence.png","contentUrl":"https:\/\/www.textilegence.com\/wp-content\/uploads\/2016\/11\/New_Retina_Logo_Textilegence.png","width":544,"height":180,"caption":"Textilegence Magazine and Digital Platform"},"image":{"@id":"https:\/\/www.textilegence.com\/en\/#\/schema\/logo\/image\/"},"sameAs":["https:\/\/www.facebook.com\/TextilegenceMagazine","https:\/\/x.com\/textilegence","https:\/\/www.instagram.com\/textilegence\/","https:\/\/www.linkedin.com\/groups\/Textilegence-Magazine-Digital-Platform-4897253","https:\/\/www.youtube.com\/user\/textilegence"],"description":"Textilegence is a magazine and digital platform established in 2013. It focuses on the textile industry and sub-segments. The platform provides news, articles, and updates on various aspects of the textile industry, including sustainability, technological advancements, and market trends.","email":"editor@textilegence.com","telephone":"+90 212 442 24 12","legalName":"Textilegence Mag and Digital Platform","foundingDate":"2013-01-01","numberOfEmployees":{"@type":"QuantitativeValue","minValue":"1","maxValue":"10"}},{"@type":"Person","@id":"https:\/\/www.textilegence.com\/en\/#\/schema\/person\/1c3977109f8a6e1e2b95678836d75cb7","name":"Fatih Cengiarslan","image":{"@type":"ImageObject","inLanguage":"en-US","@id":"https:\/\/www.textilegence.com\/wp-content\/uploads\/2018\/12\/fatih-cengiarslan.jpg","url":"https:\/\/www.textilegence.com\/wp-content\/uploads\/2018\/12\/fatih-cengiarslan.jpg","contentUrl":"https:\/\/www.textilegence.com\/wp-content\/uploads\/2018\/12\/fatih-cengiarslan.jpg","caption":"Fatih Cengiarslan"},"description":"Fatih Cengiarslan; Akademik \u0130ngilizce e\u011fitimini Bat\u0131 Avustralya \u00dcniversitesi\u2019nde tamamlad\u0131ktan sonra T\u00fcrkiye\u2019ye d\u00f6nerek \u0130stanbul Ayd\u0131n \u00dcniversitesi\u2019nde \u0130nternet Gazetecili\u011fi ve Yay\u0131nc\u0131l\u0131k b\u00f6l\u00fcm\u00fcn\u00fc bitirip, Litvanya \u2013 Kaunas Teknoloji \u00dcniversitesi\u2019nde interaktif media \u00fczerine 8 ayl\u0131k e\u011fitim ald\u0131. Daha sonra Eski\u015fehir Anadolu \u00dcniversitesi girerek \u0130\u015fletme Fak\u00fcltesini ba\u015far\u0131yla tamamlad\u0131. CNNTURK\u2019 kanal\u0131nda staj\u0131n\u0131 tamamlad\u0131ktan sonra Referans Gazetesi\u2019nde \u00e7al\u0131\u015fmaya ba\u015flad\u0131. 2 y\u0131l sonra Textilegence markas\u0131yla tekstil end\u00fcstrisine y\u00f6nelik kendi medyas\u0131n\u0131 kurdu. \u015eu anda Textilegence.com, Printing3D ve NEFA PR Ajans\u0131\u2019n\u0131n 12 y\u0131ld\u0131r y\u00f6netimini yapmaktad\u0131r.","sameAs":["https:\/\/www.textilegence.com","https:\/\/www.facebook.com\/TextilegenceMagazine","https:\/\/www.instagram.com\/textilegence\/","https:\/\/www.linkedin.com\/in\/fatih-cengiarslan-32352265\/","https:\/\/x.com\/https:\/\/twitter.com\/textilegence"],"url":"https:\/\/www.textilegence.com\/en\/author\/admin\/"}]}},"_links":{"self":[{"href":"https:\/\/www.textilegence.com\/en\/wp-json\/wp\/v2\/posts\/51799","targetHints":{"allow":["GET"]}}],"collection":[{"href":"https:\/\/www.textilegence.com\/en\/wp-json\/wp\/v2\/posts"}],"about":[{"href":"https:\/\/www.textilegence.com\/en\/wp-json\/wp\/v2\/types\/post"}],"author":[{"embeddable":true,"href":"https:\/\/www.textilegence.com\/en\/wp-json\/wp\/v2\/users\/8"}],"replies":[{"embeddable":true,"href":"https:\/\/www.textilegence.com\/en\/wp-json\/wp\/v2\/comments?post=51799"}],"version-history":[{"count":0,"href":"https:\/\/www.textilegence.com\/en\/wp-json\/wp\/v2\/posts\/51799\/revisions"}],"wp:featuredmedia":[{"embeddable":true,"href":"https:\/\/www.textilegence.com\/en\/wp-json\/wp\/v2\/media\/51793"}],"wp:attachment":[{"href":"https:\/\/www.textilegence.com\/en\/wp-json\/wp\/v2\/media?parent=51799"}],"wp:term":[{"taxonomy":"category","embeddable":true,"href":"https:\/\/www.textilegence.com\/en\/wp-json\/wp\/v2\/categories?post=51799"},{"taxonomy":"post_tag","embeddable":true,"href":"https:\/\/www.textilegence.com\/en\/wp-json\/wp\/v2\/tags?post=51799"}],"curies":[{"name":"wp","href":"https:\/\/api.w.org\/{rel}","templated":true}]}}