{"id":51832,"date":"2023-01-05T17:48:09","date_gmt":"2023-01-05T14:48:09","guid":{"rendered":"http:\/\/www.textilegence.com\/?p=51832"},"modified":"2023-01-05T17:48:12","modified_gmt":"2023-01-05T14:48:12","slug":"textile-exporters-to-increase-sustainability-initiatives-in-2023","status":"publish","type":"post","link":"https:\/\/www.textilegence.com\/en\/textile-exporters-to-increase-sustainability-initiatives-in-2023\/","title":{"rendered":"Textile exporters to increase sustainability initiatives in 2023"},"content":{"rendered":"\n<p>The textile sector, which is among the sectors that provide the highest added value in T\u00fcrkiye\u2019s <a href=\"https:\/\/www.textilegence.com\/en\/category\/topical\/\" target=\"_blank\" rel=\"noreferrer noopener\">exports<\/a>, continues its efforts to increase sustainable exports in the Aegean Region. Aegean Exporters\u2019 Associations Coordinator President and Aegean Textile and Raw Materials Exporters\u2019 Association (<a href=\"https:\/\/www.eib.org.tr\/en\/Sayfa.Asp?SI_Id=B52A4F977C\" target=\"_blank\" rel=\"noreferrer noopener\">ETH\u0130B<\/a>) Chairman Jak Eskinazi said that in order to achieve the 2023 targets, various new tools will be used to put digitalisation and sustainability at the centre. Eskinazi underlined that efforts are needed for the adaptation and awareness of other companies other than large companies in terms of adaptation to rapidly developing technology, and stated that sustainability policy initiatives will increase in the sector in 2023.<\/p>\n\n\n\n<p>Eskinazi reminded that 2021 was a year in which monthly textile export records were broken, and disclosed that their exports decreased in 2022, especially due to the economic recession and decrease in demand in their main markets. Eskinazi pointed out that sustainability, digitalisation, quality and value-added production continue to be the issues that will make them stand out in this period of decreasing demand and increasing competition. He said: \u201cConsumers\u2019 demands for sustainability will continue to increase and the demand for products made from sustainable fibres continues to be reflected in the orders of our foreign buyers. We continue our activities as an association in this direction.\u201d<\/p>\n\n\n<div class=\"wp-block-image\">\n<figure class=\"aligncenter size-full\"><img loading=\"lazy\" decoding=\"async\" width=\"1920\" height=\"1080\" src=\"https:\/\/www.textilegence.com\/wp-content\/uploads\/2023\/01\/turkish-exports-detail.jpg\" alt=\"\" class=\"wp-image-51828\" srcset=\"https:\/\/www.textilegence.com\/wp-content\/uploads\/2023\/01\/turkish-exports-detail.jpg 1920w, https:\/\/www.textilegence.com\/wp-content\/uploads\/2023\/01\/turkish-exports-detail-768x432.jpg 768w, https:\/\/www.textilegence.com\/wp-content\/uploads\/2023\/01\/turkish-exports-detail-1536x864.jpg 1536w, https:\/\/www.textilegence.com\/wp-content\/uploads\/2023\/01\/turkish-exports-detail-300x169.jpg 300w, https:\/\/www.textilegence.com\/wp-content\/uploads\/2023\/01\/turkish-exports-detail-600x338.jpg 600w, https:\/\/www.textilegence.com\/wp-content\/uploads\/2023\/01\/turkish-exports-detail-696x392.jpg 696w, https:\/\/www.textilegence.com\/wp-content\/uploads\/2023\/01\/turkish-exports-detail-1068x601.jpg 1068w\" sizes=\"auto, (max-width: 1920px) 100vw, 1920px\" \/><figcaption class=\"wp-element-caption\">Aegean Exporters\u2019 Associations Coordinator President and Aegean Textile and Raw Materials Exporters\u2019 Association (ETH\u0130B) Chairman Jak Eskinazi<\/figcaption><\/figure>\n<\/div>\n\n\n<h2 class=\"wp-block-heading\" id=\"h-ethib-supports-the-sustainability-developments-of-textile-companies-with-the-urge-project\">ETH\u0130B supports the sustainability developments of textile companies with the URGE project<\/h2>\n\n\n\n<p>The \u2018Development of Sustainable Competitiveness in the Textile Sector\u2019 URGE project is carried out by ETH\u0130B with the support of the Ministry of Trade in order to improve the capacities of 18 member companies within sustainability theme. Saying: \u201cWe carry out Energy Efficiency consultancy services with 6 companies, 14064 corporate carbon footprint consultancy activities with 9 companies and 14001 Environmental management system consultancy services with 5 companies under our project,\u201d Jak Eskinazi continued: \u201cSince the brands and customers operating in our main markets attach particular importance to this issue, our project aims to ensure that our companies are more technically competent in this regard and that they are prepared for the framework conditions that will affect the dynamics of the sector in the coming period, especially in line with the Sustainable Development Goals and the European Green Deal.\u201d<\/p>\n\n\n\n<h2 class=\"wp-block-heading\" id=\"h-turkiye-is-one-of-the-rare-countries-producing-non-gmo-cotton\">\u201cT\u00fcrkiye is one of the rare countries producing non-GMO cotton\u201d<\/h2>\n\n\n\n<p>Pointing out that T\u00fcrkiye has an advantage, especially in cotton, Jak Eskinazi stated that T\u00fcrkiye has become the 6th largest cotton producer in the world as of the 2022\/23 season. Eskinazi noted that T\u00fcrkiye is the second largest producer of organic cotton in the world after India and added it is an important point to note that all cotton produced in T\u00fcrkiye is non-GMO cotton. Underlining that T\u00fcrkiye is one of the rare countries producing GMO-free cotton, Eskinazi stated that the only countries producing GMO-free cotton in the world are T\u00fcrkiye, Greece and Spain and T\u00fcrkiye has increased its competitive chances with the \u2018<a href=\"https:\/\/www.textilegence.com\/en\/gmo-free-turkish-cotton-is-branding-in-the-global-market\/\" target=\"_blank\" rel=\"noreferrer noopener\">GMO Free Turkish Cotton<\/a>\u2019 brand.<\/p>\n\n\n<div class=\"wp-block-image\">\n<figure class=\"aligncenter size-full\"><img loading=\"lazy\" decoding=\"async\" width=\"1920\" height=\"1080\" src=\"https:\/\/www.textilegence.com\/wp-content\/uploads\/2023\/01\/turkish-exports-detail1.jpg\" alt=\"\" class=\"wp-image-51830\" srcset=\"https:\/\/www.textilegence.com\/wp-content\/uploads\/2023\/01\/turkish-exports-detail1.jpg 1920w, https:\/\/www.textilegence.com\/wp-content\/uploads\/2023\/01\/turkish-exports-detail1-768x432.jpg 768w, https:\/\/www.textilegence.com\/wp-content\/uploads\/2023\/01\/turkish-exports-detail1-1536x864.jpg 1536w, https:\/\/www.textilegence.com\/wp-content\/uploads\/2023\/01\/turkish-exports-detail1-300x169.jpg 300w, https:\/\/www.textilegence.com\/wp-content\/uploads\/2023\/01\/turkish-exports-detail1-600x338.jpg 600w, https:\/\/www.textilegence.com\/wp-content\/uploads\/2023\/01\/turkish-exports-detail1-696x392.jpg 696w, https:\/\/www.textilegence.com\/wp-content\/uploads\/2023\/01\/turkish-exports-detail1-1068x601.jpg 1068w\" sizes=\"auto, (max-width: 1920px) 100vw, 1920px\" \/><figcaption class=\"wp-element-caption\">\u201cT\u00fcrkiye is one of the rare countries producing non-GMO cotton\u201d<\/figcaption><\/figure>\n<\/div>\n\n\n<p>Eskinazi, explaining that they will continue to work both by focusing on the international promotion of the brand and for the sector to embrace it more, said: \u201cIn addition, we aim to meet new geographies with export market diversification within the scope of our Ministry\u2019s far countries strategy in order to increase our exports in 2023 and to strengthen the competitive structure by responding to the needs of producers and consumers in every point of the world.\u201d<\/p>\n\n\n\n<h2 class=\"wp-block-heading\" id=\"h-the-target-market-in-2023-is-the-usa\">The target market in 2023 is the USA<\/h2>\n\n\n\n<p>Jak Eskinazi, explaining that in 2023, they are planning to organise a sectoral trade delegation to the USA as a textile association, stated that they aim to protect their existing export markets by investing more in sustainable production and exports and to increase their exports to distant countries. Eskinazi disclosed: \u201cAt the same time, our Association will participate with a delegation to ITMA &#8211; International Textile &amp; Garment Technology Exhibition, a very important exhibition for our sector, which will take place in Milan on June 8-14, 2023 and is held every 4 years. We continue our joint work with our other associations. Our work to make the activities of our Sustainability and Education Committees jointly in 2023 and to improve our activities continues.\u201d<\/p>\n","protected":false},"excerpt":{"rendered":"<p>The textile sector, which is among the sectors that provide the highest added value in T\u00fcrkiye\u2019s exports, continues its efforts to increase sustainable exports in the Aegean Region. Aegean Exporters\u2019 Associations Coordinator President and Aegean Textile and Raw Materials Exporters\u2019 Association (ETH\u0130B) Chairman Jak Eskinazi said that in order to achieve the 2023 targets, various [&hellip;]<\/p>\n","protected":false},"author":2,"featured_media":51826,"comment_status":"open","ping_status":"closed","sticky":false,"template":"","format":"standard","meta":{"footnotes":""},"categories":[9859],"tags":[10142,11143,10369,12450],"class_list":{"0":"post-51832","1":"post","2":"type-post","3":"status-publish","4":"format-standard","5":"has-post-thumbnail","7":"category-topical","8":"tag-ethib","9":"tag-sustainability-en","10":"tag-textile-news-en","11":"tag-topical"},"yoast_head":"<!-- This site is optimized with the Yoast SEO Premium plugin v27.3 (Yoast SEO v27.3) - https:\/\/yoast.com\/product\/yoast-seo-premium-wordpress\/ -->\n<title>Textile exporters to increase sustainability initiatives in 2023 - Textilegence<\/title>\n<meta name=\"description\" content=\"The textile sector, which is among the sectors that provide the highest added value in T\u00fcrkiye\u2019s exports, continues its efforts...\" \/>\n<meta name=\"robots\" content=\"index, follow, max-snippet:-1, max-image-preview:large, max-video-preview:-1\" \/>\n<link rel=\"canonical\" href=\"https:\/\/www.textilegence.com\/en\/textile-exporters-to-increase-sustainability-initiatives-in-2023\/\" \/>\n<meta property=\"og:locale\" content=\"en_US\" \/>\n<meta property=\"og:type\" content=\"article\" \/>\n<meta property=\"og:title\" content=\"Textile exporters to increase sustainability initiatives in 2023\" \/>\n<meta property=\"og:description\" content=\"The textile sector, which is among the sectors that provide the highest added value in T\u00fcrkiye\u2019s exports, continues its efforts to increase sustainable\" \/>\n<meta property=\"og:url\" content=\"https:\/\/www.textilegence.com\/en\/textile-exporters-to-increase-sustainability-initiatives-in-2023\/\" \/>\n<meta property=\"og:site_name\" content=\"Textilegence Magazine and Digital Platform\" \/>\n<meta property=\"article:publisher\" content=\"https:\/\/www.facebook.com\/TextilegenceMagazine\" \/>\n<meta property=\"article:author\" content=\"https:\/\/www.facebook.com\/TextilegenceMagazine\" \/>\n<meta property=\"article:published_time\" content=\"2023-01-05T14:48:09+00:00\" \/>\n<meta property=\"article:modified_time\" content=\"2023-01-05T14:48:12+00:00\" \/>\n<meta property=\"og:image\" content=\"https:\/\/www.textilegence.com\/wp-content\/uploads\/2023\/01\/turkish-exporters-textilegence.jpg\" \/>\n\t<meta property=\"og:image:width\" content=\"1920\" \/>\n\t<meta property=\"og:image:height\" content=\"1080\" \/>\n\t<meta property=\"og:image:type\" content=\"image\/jpeg\" \/>\n<meta name=\"author\" content=\"Engin Buz\" \/>\n<meta name=\"twitter:card\" content=\"summary_large_image\" \/>\n<meta name=\"twitter:creator\" content=\"@https:\/\/twitter.com\/textilegence\" \/>\n<meta name=\"twitter:site\" content=\"@textilegence\" \/>\n<meta name=\"twitter:label1\" content=\"Written by\" \/>\n\t<meta name=\"twitter:data1\" content=\"Engin Buz\" \/>\n\t<meta name=\"twitter:label2\" content=\"Est. reading time\" \/>\n\t<meta name=\"twitter:data2\" content=\"5 minutes\" \/>\n<script type=\"application\/ld+json\" class=\"yoast-schema-graph\">{\"@context\":\"https:\\\/\\\/schema.org\",\"@graph\":[{\"@type\":\"NewsArticle\",\"@id\":\"https:\\\/\\\/www.textilegence.com\\\/en\\\/textile-exporters-to-increase-sustainability-initiatives-in-2023\\\/#article\",\"isPartOf\":{\"@id\":\"https:\\\/\\\/www.textilegence.com\\\/en\\\/textile-exporters-to-increase-sustainability-initiatives-in-2023\\\/\"},\"author\":{\"name\":\"Engin Buz\",\"@id\":\"https:\\\/\\\/www.textilegence.com\\\/en\\\/#\\\/schema\\\/person\\\/46ccc7bfc34edbc7d46b6b189f88849f\"},\"headline\":\"Textile exporters to increase sustainability initiatives in 2023\",\"datePublished\":\"2023-01-05T14:48:09+00:00\",\"dateModified\":\"2023-01-05T14:48:12+00:00\",\"mainEntityOfPage\":{\"@id\":\"https:\\\/\\\/www.textilegence.com\\\/en\\\/textile-exporters-to-increase-sustainability-initiatives-in-2023\\\/\"},\"wordCount\":723,\"commentCount\":0,\"publisher\":{\"@id\":\"https:\\\/\\\/www.textilegence.com\\\/en\\\/#organization\"},\"image\":{\"@id\":\"https:\\\/\\\/www.textilegence.com\\\/en\\\/textile-exporters-to-increase-sustainability-initiatives-in-2023\\\/#primaryimage\"},\"thumbnailUrl\":\"https:\\\/\\\/www.textilegence.com\\\/wp-content\\\/uploads\\\/2023\\\/01\\\/turkish-exporters-textilegence.jpg\",\"keywords\":[\"ethib\",\"sustainability\",\"textile news\",\"topical\"],\"articleSection\":[\"Topical\"],\"inLanguage\":\"en-US\",\"potentialAction\":[{\"@type\":\"CommentAction\",\"name\":\"Comment\",\"target\":[\"https:\\\/\\\/www.textilegence.com\\\/en\\\/textile-exporters-to-increase-sustainability-initiatives-in-2023\\\/#respond\"]}]},{\"@type\":\"WebPage\",\"@id\":\"https:\\\/\\\/www.textilegence.com\\\/en\\\/textile-exporters-to-increase-sustainability-initiatives-in-2023\\\/\",\"url\":\"https:\\\/\\\/www.textilegence.com\\\/en\\\/textile-exporters-to-increase-sustainability-initiatives-in-2023\\\/\",\"name\":\"Textile exporters to increase sustainability initiatives in 2023 - Textilegence\",\"isPartOf\":{\"@id\":\"https:\\\/\\\/www.textilegence.com\\\/en\\\/#website\"},\"primaryImageOfPage\":{\"@id\":\"https:\\\/\\\/www.textilegence.com\\\/en\\\/textile-exporters-to-increase-sustainability-initiatives-in-2023\\\/#primaryimage\"},\"image\":{\"@id\":\"https:\\\/\\\/www.textilegence.com\\\/en\\\/textile-exporters-to-increase-sustainability-initiatives-in-2023\\\/#primaryimage\"},\"thumbnailUrl\":\"https:\\\/\\\/www.textilegence.com\\\/wp-content\\\/uploads\\\/2023\\\/01\\\/turkish-exporters-textilegence.jpg\",\"datePublished\":\"2023-01-05T14:48:09+00:00\",\"dateModified\":\"2023-01-05T14:48:12+00:00\",\"description\":\"The textile sector, which is among the sectors that provide the highest added value in T\u00fcrkiye\u2019s exports, continues its efforts...\",\"breadcrumb\":{\"@id\":\"https:\\\/\\\/www.textilegence.com\\\/en\\\/textile-exporters-to-increase-sustainability-initiatives-in-2023\\\/#breadcrumb\"},\"inLanguage\":\"en-US\",\"potentialAction\":[{\"@type\":\"ReadAction\",\"target\":[\"https:\\\/\\\/www.textilegence.com\\\/en\\\/textile-exporters-to-increase-sustainability-initiatives-in-2023\\\/\"]}]},{\"@type\":\"ImageObject\",\"inLanguage\":\"en-US\",\"@id\":\"https:\\\/\\\/www.textilegence.com\\\/en\\\/textile-exporters-to-increase-sustainability-initiatives-in-2023\\\/#primaryimage\",\"url\":\"https:\\\/\\\/www.textilegence.com\\\/wp-content\\\/uploads\\\/2023\\\/01\\\/turkish-exporters-textilegence.jpg\",\"contentUrl\":\"https:\\\/\\\/www.textilegence.com\\\/wp-content\\\/uploads\\\/2023\\\/01\\\/turkish-exporters-textilegence.jpg\",\"width\":1920,\"height\":1080},{\"@type\":\"BreadcrumbList\",\"@id\":\"https:\\\/\\\/www.textilegence.com\\\/en\\\/textile-exporters-to-increase-sustainability-initiatives-in-2023\\\/#breadcrumb\",\"itemListElement\":[{\"@type\":\"ListItem\",\"position\":1,\"name\":\"Home Page\",\"item\":\"https:\\\/\\\/www.textilegence.com\\\/en\\\/homepage-the-rimont\\\/\"},{\"@type\":\"ListItem\",\"position\":2,\"name\":\"Topical\",\"item\":\"https:\\\/\\\/www.textilegence.com\\\/en\\\/category\\\/topical\\\/\"},{\"@type\":\"ListItem\",\"position\":3,\"name\":\"Textile exporters to increase sustainability initiatives in 2023\"}]},{\"@type\":\"WebSite\",\"@id\":\"https:\\\/\\\/www.textilegence.com\\\/en\\\/#website\",\"url\":\"https:\\\/\\\/www.textilegence.com\\\/en\\\/\",\"name\":\"Textilegence Magazine and Digital Platform\",\"description\":\"Textile News Center\",\"publisher\":{\"@id\":\"https:\\\/\\\/www.textilegence.com\\\/en\\\/#organization\"},\"potentialAction\":[{\"@type\":\"SearchAction\",\"target\":{\"@type\":\"EntryPoint\",\"urlTemplate\":\"https:\\\/\\\/www.textilegence.com\\\/en\\\/?s={search_term_string}\"},\"query-input\":{\"@type\":\"PropertyValueSpecification\",\"valueRequired\":true,\"valueName\":\"search_term_string\"}}],\"inLanguage\":\"en-US\"},{\"@type\":\"Organization\",\"@id\":\"https:\\\/\\\/www.textilegence.com\\\/en\\\/#organization\",\"name\":\"Textilegence Magazine and Digital Platform\",\"url\":\"https:\\\/\\\/www.textilegence.com\\\/en\\\/\",\"logo\":{\"@type\":\"ImageObject\",\"inLanguage\":\"en-US\",\"@id\":\"https:\\\/\\\/www.textilegence.com\\\/en\\\/#\\\/schema\\\/logo\\\/image\\\/\",\"url\":\"https:\\\/\\\/www.textilegence.com\\\/wp-content\\\/uploads\\\/2016\\\/11\\\/New_Retina_Logo_Textilegence.png\",\"contentUrl\":\"https:\\\/\\\/www.textilegence.com\\\/wp-content\\\/uploads\\\/2016\\\/11\\\/New_Retina_Logo_Textilegence.png\",\"width\":544,\"height\":180,\"caption\":\"Textilegence Magazine and Digital Platform\"},\"image\":{\"@id\":\"https:\\\/\\\/www.textilegence.com\\\/en\\\/#\\\/schema\\\/logo\\\/image\\\/\"},\"sameAs\":[\"https:\\\/\\\/www.facebook.com\\\/TextilegenceMagazine\",\"https:\\\/\\\/x.com\\\/textilegence\",\"https:\\\/\\\/www.instagram.com\\\/textilegence\\\/\",\"https:\\\/\\\/www.linkedin.com\\\/groups\\\/Textilegence-Magazine-Digital-Platform-4897253\",\"https:\\\/\\\/www.youtube.com\\\/user\\\/textilegence\"],\"description\":\"Textilegence is a magazine and digital platform established in 2013. It focuses on the textile industry and sub-segments. The platform provides news, articles, and updates on various aspects of the textile industry, including sustainability, technological advancements, and market trends.\",\"email\":\"editor@textilegence.com\",\"telephone\":\"+90 212 442 24 12\",\"legalName\":\"Textilegence Mag and Digital Platform\",\"foundingDate\":\"2013-01-01\",\"numberOfEmployees\":{\"@type\":\"QuantitativeValue\",\"minValue\":\"1\",\"maxValue\":\"10\"}},{\"@type\":\"Person\",\"@id\":\"https:\\\/\\\/www.textilegence.com\\\/en\\\/#\\\/schema\\\/person\\\/46ccc7bfc34edbc7d46b6b189f88849f\",\"name\":\"Engin Buz\",\"image\":{\"@type\":\"ImageObject\",\"inLanguage\":\"en-US\",\"@id\":\"https:\\\/\\\/www.textilegence.com\\\/wp-content\\\/uploads\\\/2018\\\/12\\\/engin-buz.jpg\",\"url\":\"https:\\\/\\\/www.textilegence.com\\\/wp-content\\\/uploads\\\/2018\\\/12\\\/engin-buz.jpg\",\"contentUrl\":\"https:\\\/\\\/www.textilegence.com\\\/wp-content\\\/uploads\\\/2018\\\/12\\\/engin-buz.jpg\",\"caption\":\"Engin Buz\"},\"description\":\"Engin Buz, Ankara \u00dcniversitesi \u0130leti\u015fim Fak\u00fcltesi Gazetecilik B\u00f6l\u00fcm\u00fc\u2019nden mezun olduktan sonra Y\u0131ld\u0131z Teknik \u00dcniversitesi\u2019nde Siyaset Bilimi ve Uluslararas\u0131 \u0130li\u015fkiler alan\u0131nda y\u00fcksek lisans\u0131n\u0131 tamamlam\u0131\u015ft\u0131r. 2000 y\u0131l\u0131ndan sonra \u00e7e\u015fitli yay\u0131nc\u0131l\u0131k \u015firketlerinde \u00e7al\u0131\u015fmaya ba\u015flayarak k\u00fclt\u00fcr-sanat ve daha sonra ekonomi haberleri haz\u0131rlam\u0131\u015ft\u0131r. 2009 y\u0131l\u0131ndan itibaren tekstil end\u00fcstrisine d\u00f6n\u00fck yay\u0131nlarda edit\u00f6r olarak g\u00f6rev alan Buz, 2013 itibariyle kurulan Textilegence\u2019de haber edit\u00f6r\u00fc olarak yer almaya ba\u015flam\u0131\u015ft\u0131r. Engin Buz halen ba\u015fta tekstil ve dijital bask\u0131 end\u00fcstrileri olmak \u00fczere ekonomi haberleri haz\u0131rlamaktad\u0131r.\",\"sameAs\":[\"https:\\\/\\\/www.textilegence.com\",\"https:\\\/\\\/www.facebook.com\\\/TextilegenceMagazine\",\"https:\\\/\\\/www.instagram.com\\\/textilegence\\\/\",\"https:\\\/\\\/www.linkedin.com\\\/in\\\/engin-buz-6190799a\\\/\",\"https:\\\/\\\/x.com\\\/https:\\\/\\\/twitter.com\\\/textilegence\"],\"url\":\"https:\\\/\\\/www.textilegence.com\\\/en\\\/author\\\/engin-buz\\\/\"}]}<\/script>\n<!-- \/ Yoast SEO Premium plugin. -->","yoast_head_json":{"title":"Textile exporters to increase sustainability initiatives in 2023 - Textilegence","description":"The textile sector, which is among the sectors that provide the highest added value in T\u00fcrkiye\u2019s exports, continues its efforts...","robots":{"index":"index","follow":"follow","max-snippet":"max-snippet:-1","max-image-preview":"max-image-preview:large","max-video-preview":"max-video-preview:-1"},"canonical":"https:\/\/www.textilegence.com\/en\/textile-exporters-to-increase-sustainability-initiatives-in-2023\/","og_locale":"en_US","og_type":"article","og_title":"Textile exporters to increase sustainability initiatives in 2023","og_description":"The textile sector, which is among the sectors that provide the highest added value in T\u00fcrkiye\u2019s exports, continues its efforts to increase sustainable","og_url":"https:\/\/www.textilegence.com\/en\/textile-exporters-to-increase-sustainability-initiatives-in-2023\/","og_site_name":"Textilegence Magazine and Digital Platform","article_publisher":"https:\/\/www.facebook.com\/TextilegenceMagazine","article_author":"https:\/\/www.facebook.com\/TextilegenceMagazine","article_published_time":"2023-01-05T14:48:09+00:00","article_modified_time":"2023-01-05T14:48:12+00:00","og_image":[{"width":1920,"height":1080,"url":"https:\/\/www.textilegence.com\/wp-content\/uploads\/2023\/01\/turkish-exporters-textilegence.jpg","type":"image\/jpeg"}],"author":"Engin Buz","twitter_card":"summary_large_image","twitter_creator":"@https:\/\/twitter.com\/textilegence","twitter_site":"@textilegence","twitter_misc":{"Written by":"Engin Buz","Est. reading time":"5 minutes"},"schema":{"@context":"https:\/\/schema.org","@graph":[{"@type":"NewsArticle","@id":"https:\/\/www.textilegence.com\/en\/textile-exporters-to-increase-sustainability-initiatives-in-2023\/#article","isPartOf":{"@id":"https:\/\/www.textilegence.com\/en\/textile-exporters-to-increase-sustainability-initiatives-in-2023\/"},"author":{"name":"Engin Buz","@id":"https:\/\/www.textilegence.com\/en\/#\/schema\/person\/46ccc7bfc34edbc7d46b6b189f88849f"},"headline":"Textile exporters to increase sustainability initiatives in 2023","datePublished":"2023-01-05T14:48:09+00:00","dateModified":"2023-01-05T14:48:12+00:00","mainEntityOfPage":{"@id":"https:\/\/www.textilegence.com\/en\/textile-exporters-to-increase-sustainability-initiatives-in-2023\/"},"wordCount":723,"commentCount":0,"publisher":{"@id":"https:\/\/www.textilegence.com\/en\/#organization"},"image":{"@id":"https:\/\/www.textilegence.com\/en\/textile-exporters-to-increase-sustainability-initiatives-in-2023\/#primaryimage"},"thumbnailUrl":"https:\/\/www.textilegence.com\/wp-content\/uploads\/2023\/01\/turkish-exporters-textilegence.jpg","keywords":["ethib","sustainability","textile news","topical"],"articleSection":["Topical"],"inLanguage":"en-US","potentialAction":[{"@type":"CommentAction","name":"Comment","target":["https:\/\/www.textilegence.com\/en\/textile-exporters-to-increase-sustainability-initiatives-in-2023\/#respond"]}]},{"@type":"WebPage","@id":"https:\/\/www.textilegence.com\/en\/textile-exporters-to-increase-sustainability-initiatives-in-2023\/","url":"https:\/\/www.textilegence.com\/en\/textile-exporters-to-increase-sustainability-initiatives-in-2023\/","name":"Textile exporters to increase sustainability initiatives in 2023 - Textilegence","isPartOf":{"@id":"https:\/\/www.textilegence.com\/en\/#website"},"primaryImageOfPage":{"@id":"https:\/\/www.textilegence.com\/en\/textile-exporters-to-increase-sustainability-initiatives-in-2023\/#primaryimage"},"image":{"@id":"https:\/\/www.textilegence.com\/en\/textile-exporters-to-increase-sustainability-initiatives-in-2023\/#primaryimage"},"thumbnailUrl":"https:\/\/www.textilegence.com\/wp-content\/uploads\/2023\/01\/turkish-exporters-textilegence.jpg","datePublished":"2023-01-05T14:48:09+00:00","dateModified":"2023-01-05T14:48:12+00:00","description":"The textile sector, which is among the sectors that provide the highest added value in T\u00fcrkiye\u2019s exports, continues its efforts...","breadcrumb":{"@id":"https:\/\/www.textilegence.com\/en\/textile-exporters-to-increase-sustainability-initiatives-in-2023\/#breadcrumb"},"inLanguage":"en-US","potentialAction":[{"@type":"ReadAction","target":["https:\/\/www.textilegence.com\/en\/textile-exporters-to-increase-sustainability-initiatives-in-2023\/"]}]},{"@type":"ImageObject","inLanguage":"en-US","@id":"https:\/\/www.textilegence.com\/en\/textile-exporters-to-increase-sustainability-initiatives-in-2023\/#primaryimage","url":"https:\/\/www.textilegence.com\/wp-content\/uploads\/2023\/01\/turkish-exporters-textilegence.jpg","contentUrl":"https:\/\/www.textilegence.com\/wp-content\/uploads\/2023\/01\/turkish-exporters-textilegence.jpg","width":1920,"height":1080},{"@type":"BreadcrumbList","@id":"https:\/\/www.textilegence.com\/en\/textile-exporters-to-increase-sustainability-initiatives-in-2023\/#breadcrumb","itemListElement":[{"@type":"ListItem","position":1,"name":"Home Page","item":"https:\/\/www.textilegence.com\/en\/homepage-the-rimont\/"},{"@type":"ListItem","position":2,"name":"Topical","item":"https:\/\/www.textilegence.com\/en\/category\/topical\/"},{"@type":"ListItem","position":3,"name":"Textile exporters to increase sustainability initiatives in 2023"}]},{"@type":"WebSite","@id":"https:\/\/www.textilegence.com\/en\/#website","url":"https:\/\/www.textilegence.com\/en\/","name":"Textilegence Magazine and Digital Platform","description":"Textile News Center","publisher":{"@id":"https:\/\/www.textilegence.com\/en\/#organization"},"potentialAction":[{"@type":"SearchAction","target":{"@type":"EntryPoint","urlTemplate":"https:\/\/www.textilegence.com\/en\/?s={search_term_string}"},"query-input":{"@type":"PropertyValueSpecification","valueRequired":true,"valueName":"search_term_string"}}],"inLanguage":"en-US"},{"@type":"Organization","@id":"https:\/\/www.textilegence.com\/en\/#organization","name":"Textilegence Magazine and Digital Platform","url":"https:\/\/www.textilegence.com\/en\/","logo":{"@type":"ImageObject","inLanguage":"en-US","@id":"https:\/\/www.textilegence.com\/en\/#\/schema\/logo\/image\/","url":"https:\/\/www.textilegence.com\/wp-content\/uploads\/2016\/11\/New_Retina_Logo_Textilegence.png","contentUrl":"https:\/\/www.textilegence.com\/wp-content\/uploads\/2016\/11\/New_Retina_Logo_Textilegence.png","width":544,"height":180,"caption":"Textilegence Magazine and Digital Platform"},"image":{"@id":"https:\/\/www.textilegence.com\/en\/#\/schema\/logo\/image\/"},"sameAs":["https:\/\/www.facebook.com\/TextilegenceMagazine","https:\/\/x.com\/textilegence","https:\/\/www.instagram.com\/textilegence\/","https:\/\/www.linkedin.com\/groups\/Textilegence-Magazine-Digital-Platform-4897253","https:\/\/www.youtube.com\/user\/textilegence"],"description":"Textilegence is a magazine and digital platform established in 2013. It focuses on the textile industry and sub-segments. The platform provides news, articles, and updates on various aspects of the textile industry, including sustainability, technological advancements, and market trends.","email":"editor@textilegence.com","telephone":"+90 212 442 24 12","legalName":"Textilegence Mag and Digital Platform","foundingDate":"2013-01-01","numberOfEmployees":{"@type":"QuantitativeValue","minValue":"1","maxValue":"10"}},{"@type":"Person","@id":"https:\/\/www.textilegence.com\/en\/#\/schema\/person\/46ccc7bfc34edbc7d46b6b189f88849f","name":"Engin Buz","image":{"@type":"ImageObject","inLanguage":"en-US","@id":"https:\/\/www.textilegence.com\/wp-content\/uploads\/2018\/12\/engin-buz.jpg","url":"https:\/\/www.textilegence.com\/wp-content\/uploads\/2018\/12\/engin-buz.jpg","contentUrl":"https:\/\/www.textilegence.com\/wp-content\/uploads\/2018\/12\/engin-buz.jpg","caption":"Engin Buz"},"description":"Engin Buz, Ankara \u00dcniversitesi \u0130leti\u015fim Fak\u00fcltesi Gazetecilik B\u00f6l\u00fcm\u00fc\u2019nden mezun olduktan sonra Y\u0131ld\u0131z Teknik \u00dcniversitesi\u2019nde Siyaset Bilimi ve Uluslararas\u0131 \u0130li\u015fkiler alan\u0131nda y\u00fcksek lisans\u0131n\u0131 tamamlam\u0131\u015ft\u0131r. 2000 y\u0131l\u0131ndan sonra \u00e7e\u015fitli yay\u0131nc\u0131l\u0131k \u015firketlerinde \u00e7al\u0131\u015fmaya ba\u015flayarak k\u00fclt\u00fcr-sanat ve daha sonra ekonomi haberleri haz\u0131rlam\u0131\u015ft\u0131r. 2009 y\u0131l\u0131ndan itibaren tekstil end\u00fcstrisine d\u00f6n\u00fck yay\u0131nlarda edit\u00f6r olarak g\u00f6rev alan Buz, 2013 itibariyle kurulan Textilegence\u2019de haber edit\u00f6r\u00fc olarak yer almaya ba\u015flam\u0131\u015ft\u0131r. Engin Buz halen ba\u015fta tekstil ve dijital bask\u0131 end\u00fcstrileri olmak \u00fczere ekonomi haberleri haz\u0131rlamaktad\u0131r.","sameAs":["https:\/\/www.textilegence.com","https:\/\/www.facebook.com\/TextilegenceMagazine","https:\/\/www.instagram.com\/textilegence\/","https:\/\/www.linkedin.com\/in\/engin-buz-6190799a\/","https:\/\/x.com\/https:\/\/twitter.com\/textilegence"],"url":"https:\/\/www.textilegence.com\/en\/author\/engin-buz\/"}]}},"_links":{"self":[{"href":"https:\/\/www.textilegence.com\/en\/wp-json\/wp\/v2\/posts\/51832","targetHints":{"allow":["GET"]}}],"collection":[{"href":"https:\/\/www.textilegence.com\/en\/wp-json\/wp\/v2\/posts"}],"about":[{"href":"https:\/\/www.textilegence.com\/en\/wp-json\/wp\/v2\/types\/post"}],"author":[{"embeddable":true,"href":"https:\/\/www.textilegence.com\/en\/wp-json\/wp\/v2\/users\/2"}],"replies":[{"embeddable":true,"href":"https:\/\/www.textilegence.com\/en\/wp-json\/wp\/v2\/comments?post=51832"}],"version-history":[{"count":0,"href":"https:\/\/www.textilegence.com\/en\/wp-json\/wp\/v2\/posts\/51832\/revisions"}],"wp:featuredmedia":[{"embeddable":true,"href":"https:\/\/www.textilegence.com\/en\/wp-json\/wp\/v2\/media\/51826"}],"wp:attachment":[{"href":"https:\/\/www.textilegence.com\/en\/wp-json\/wp\/v2\/media?parent=51832"}],"wp:term":[{"taxonomy":"category","embeddable":true,"href":"https:\/\/www.textilegence.com\/en\/wp-json\/wp\/v2\/categories?post=51832"},{"taxonomy":"post_tag","embeddable":true,"href":"https:\/\/www.textilegence.com\/en\/wp-json\/wp\/v2\/tags?post=51832"}],"curies":[{"name":"wp","href":"https:\/\/api.w.org\/{rel}","templated":true}]}}