{"id":51865,"date":"2023-01-10T16:09:13","date_gmt":"2023-01-10T13:09:13","guid":{"rendered":"http:\/\/www.textilegence.com\/?p=51865"},"modified":"2023-01-10T16:09:16","modified_gmt":"2023-01-10T13:09:16","slug":"messe-frankfurt-revises-its-textile-fairs-dates-in-china","status":"publish","type":"post","link":"https:\/\/www.textilegence.com\/en\/messe-frankfurt-revises-its-textile-fairs-dates-in-china\/","title":{"rendered":"Messe Frankfurt revises its textile fairs dates in China"},"content":{"rendered":"\n<p>In view of the easing of pandemic restriction policies in China, the textile <a href=\"https:\/\/www.textilegence.com\/en\/category\/trade-fairs\/\" target=\"_blank\" rel=\"noreferrer noopener\">fairs <\/a>co-organised by Messe Frankfurt (<a href=\"https:\/\/www.hk.messefrankfurt.com\/hongkong\/en.html\" target=\"_blank\" rel=\"noreferrer noopener\">HK<\/a>); the Spring Editions of Intertextile Shanghai Apparel Fabrics, Yarn Expo and Intertextile Shanghai Home Textiles have been moved to the new dates of 28\u201330 March 2023. This will allow both local and international fairgoers more time to prepare for their participation, with a higher industry turnout now expected at the three fairs. The fairs originally planned to be held from 8\u201310 March, will still be located at the National Exhibition and Convention Center in Shanghai.<\/p>\n\n\n\n<p>The Chinese government recently eased its pandemic guidelines including reopening the border and scrapping quarantine, testing on arrival, and health code requirements for travellers starting from January 8. In line with these measures, more international flights are resuming, while the border between Mainland China and Hong Kong is scheduled to reopen gradually by mid-January 2023. These steps send a clear signal that China is ready to open up for international business.<\/p>\n\n\n<div class=\"wp-block-image\">\n<figure class=\"aligncenter size-full\"><img loading=\"lazy\" decoding=\"async\" width=\"1920\" height=\"1080\" src=\"https:\/\/www.textilegence.com\/wp-content\/uploads\/2023\/01\/messe-frankfurt-detail.jpg\" alt=\"\" class=\"wp-image-51871\" srcset=\"https:\/\/www.textilegence.com\/wp-content\/uploads\/2023\/01\/messe-frankfurt-detail.jpg 1920w, https:\/\/www.textilegence.com\/wp-content\/uploads\/2023\/01\/messe-frankfurt-detail-768x432.jpg 768w, https:\/\/www.textilegence.com\/wp-content\/uploads\/2023\/01\/messe-frankfurt-detail-1536x864.jpg 1536w, https:\/\/www.textilegence.com\/wp-content\/uploads\/2023\/01\/messe-frankfurt-detail-300x169.jpg 300w, https:\/\/www.textilegence.com\/wp-content\/uploads\/2023\/01\/messe-frankfurt-detail-600x338.jpg 600w, https:\/\/www.textilegence.com\/wp-content\/uploads\/2023\/01\/messe-frankfurt-detail-696x392.jpg 696w, https:\/\/www.textilegence.com\/wp-content\/uploads\/2023\/01\/messe-frankfurt-detail-1068x601.jpg 1068w\" sizes=\"auto, (max-width: 1920px) 100vw, 1920px\" \/><figcaption class=\"wp-element-caption\">Exhibitor and visitor expectations for textile fairs strengthened<\/figcaption><\/figure>\n<\/div>\n\n\n<h2 class=\"wp-block-heading\" id=\"h-exhibitor-and-visitor-expectations-for-textile-fairs-strengthened\">Exhibitor and visitor expectations for textile fairs strengthened<\/h2>\n\n\n\n<p>Messe Frankfurt (HK) Ltd Deputy General Manager Wilmet Shea, in the statement regarding the change of dates, said that after talking to their stakeholders, they believe adjusting the spring show dates to the end of March is the right move. Shea explained that it provides enough time for exhibitors and visitors from local and abroad to plan for the fairs and capitalise on the ample international business opportunities brought by the reopening of China\u2019s border and continued as follows:<\/p>\n\n\n\n<p>\u201cI would like to express our thanks to all participants for their unwavering understanding and support. We are looking forward to providing the textile industry with a safe, international and effective business platform. With the reopening of the border and relaxing of quarantine restrictions we expect the three spring fairs to attract more international and regional participants as a result.\u201d<\/p>\n\n\n\n<p>Intertextile Shanghai Apparel Fabrics is co-organised by Messe Frankfurt (HK) Ltd; the Sub-Council of Textile Industry, CCPIT; and the China Textile Information Centre. The co-organisers of Yarn Expo are Messe Frankfurt (HK) Ltd and the Sub-Council of Textile Industry, CCPIT. Intertextile Shanghai Home Textiles is co-organised by Messe Frankfurt (HK) Ltd; the Sub-Council of Textile Industry, CCPIT; and the China Home Textile Association (CHTA). Messe Frankfurt\u2019s China textile fairs form a part of the company\u2019s Texpertise Network, which consists of some 50 fairs around the world.<\/p>\n","protected":false},"excerpt":{"rendered":"<p>In view of the easing of pandemic restriction policies in China, the textile fairs co-organised by Messe Frankfurt (HK); the Spring Editions of Intertextile Shanghai Apparel Fabrics, Yarn Expo and Intertextile Shanghai Home Textiles have been moved to the new dates of 28\u201330 March 2023. This will allow both local and international fairgoers more time [&hellip;]<\/p>\n","protected":false},"author":26,"featured_media":51868,"comment_status":"open","ping_status":"closed","sticky":false,"template":"","format":"standard","meta":{"footnotes":""},"categories":[9845],"tags":[10062,10369,12448],"class_list":{"0":"post-51865","1":"post","2":"type-post","3":"status-publish","4":"format-standard","5":"has-post-thumbnail","7":"category-trade-fairs","8":"tag-messe-frankfurt-en","9":"tag-textile-news-en","10":"tag-trade-fairs"},"yoast_head":"<!-- This site is optimized with the Yoast SEO Premium plugin v27.3 (Yoast SEO v27.3) - https:\/\/yoast.com\/product\/yoast-seo-premium-wordpress\/ -->\n<title>Messe Frankfurt revises its textile fairs dates in China - Textilegence<\/title>\n<meta name=\"description\" content=\"In view of the easing of pandemic restriction policies in China, the textile fairs co-organised by Messe Frankfurt (HK); the Spring...\" \/>\n<meta name=\"robots\" content=\"index, follow, max-snippet:-1, max-image-preview:large, max-video-preview:-1\" \/>\n<link rel=\"canonical\" href=\"https:\/\/www.textilegence.com\/en\/messe-frankfurt-revises-its-textile-fairs-dates-in-china\/\" \/>\n<meta property=\"og:locale\" content=\"en_US\" \/>\n<meta property=\"og:type\" content=\"article\" \/>\n<meta property=\"og:title\" content=\"Messe Frankfurt revises its textile fairs dates in China\" \/>\n<meta property=\"og:description\" content=\"In view of the easing of pandemic restriction policies in China, the textile fairs co-organised by Messe Frankfurt (HK); the Spring Editions of\" \/>\n<meta property=\"og:url\" content=\"https:\/\/www.textilegence.com\/en\/messe-frankfurt-revises-its-textile-fairs-dates-in-china\/\" \/>\n<meta property=\"og:site_name\" content=\"Textilegence Magazine and Digital Platform\" \/>\n<meta property=\"article:publisher\" content=\"https:\/\/www.facebook.com\/TextilegenceMagazine\" \/>\n<meta property=\"article:author\" content=\"https:\/\/www.facebook.com\/TextilegenceMagazine\" \/>\n<meta property=\"article:published_time\" content=\"2023-01-10T13:09:13+00:00\" \/>\n<meta property=\"article:modified_time\" content=\"2023-01-10T13:09:16+00:00\" \/>\n<meta property=\"og:image\" content=\"https:\/\/www.textilegence.com\/wp-content\/uploads\/2023\/01\/messe-frankfurt-textilegence.jpg\" \/>\n\t<meta property=\"og:image:width\" content=\"1920\" \/>\n\t<meta property=\"og:image:height\" content=\"1080\" \/>\n\t<meta property=\"og:image:type\" content=\"image\/jpeg\" \/>\n<meta name=\"author\" content=\"Ya\u011fmur Melis \u015eim\u015fek\" \/>\n<meta name=\"twitter:card\" content=\"summary_large_image\" \/>\n<meta name=\"twitter:creator\" content=\"@https:\/\/twitter.com\/textilegence\" \/>\n<meta name=\"twitter:site\" content=\"@textilegence\" \/>\n<meta name=\"twitter:label1\" content=\"Written by\" \/>\n\t<meta name=\"twitter:data1\" content=\"Ya\u011fmur Melis \u015eim\u015fek\" \/>\n\t<meta name=\"twitter:label2\" content=\"Est. reading time\" \/>\n\t<meta name=\"twitter:data2\" content=\"3 minutes\" \/>\n<script type=\"application\/ld+json\" class=\"yoast-schema-graph\">{\"@context\":\"https:\\\/\\\/schema.org\",\"@graph\":[{\"@type\":\"NewsArticle\",\"@id\":\"https:\\\/\\\/www.textilegence.com\\\/en\\\/messe-frankfurt-revises-its-textile-fairs-dates-in-china\\\/#article\",\"isPartOf\":{\"@id\":\"https:\\\/\\\/www.textilegence.com\\\/en\\\/messe-frankfurt-revises-its-textile-fairs-dates-in-china\\\/\"},\"author\":{\"name\":\"Ya\u011fmur Melis \u015eim\u015fek\",\"@id\":\"https:\\\/\\\/www.textilegence.com\\\/en\\\/#\\\/schema\\\/person\\\/cfa6baf17f0478131c673c93a9b88ef3\"},\"headline\":\"Messe Frankfurt revises its textile fairs dates in China\",\"datePublished\":\"2023-01-10T13:09:13+00:00\",\"dateModified\":\"2023-01-10T13:09:16+00:00\",\"mainEntityOfPage\":{\"@id\":\"https:\\\/\\\/www.textilegence.com\\\/en\\\/messe-frankfurt-revises-its-textile-fairs-dates-in-china\\\/\"},\"wordCount\":412,\"commentCount\":0,\"publisher\":{\"@id\":\"https:\\\/\\\/www.textilegence.com\\\/en\\\/#organization\"},\"image\":{\"@id\":\"https:\\\/\\\/www.textilegence.com\\\/en\\\/messe-frankfurt-revises-its-textile-fairs-dates-in-china\\\/#primaryimage\"},\"thumbnailUrl\":\"https:\\\/\\\/www.textilegence.com\\\/wp-content\\\/uploads\\\/2023\\\/01\\\/messe-frankfurt-textilegence.jpg\",\"keywords\":[\"messe frankfurt\",\"textile news\",\"trade fairs\"],\"articleSection\":[\"Trade Fairs\"],\"inLanguage\":\"en-US\",\"potentialAction\":[{\"@type\":\"CommentAction\",\"name\":\"Comment\",\"target\":[\"https:\\\/\\\/www.textilegence.com\\\/en\\\/messe-frankfurt-revises-its-textile-fairs-dates-in-china\\\/#respond\"]}]},{\"@type\":\"WebPage\",\"@id\":\"https:\\\/\\\/www.textilegence.com\\\/en\\\/messe-frankfurt-revises-its-textile-fairs-dates-in-china\\\/\",\"url\":\"https:\\\/\\\/www.textilegence.com\\\/en\\\/messe-frankfurt-revises-its-textile-fairs-dates-in-china\\\/\",\"name\":\"Messe Frankfurt revises its textile fairs dates in China - Textilegence\",\"isPartOf\":{\"@id\":\"https:\\\/\\\/www.textilegence.com\\\/en\\\/#website\"},\"primaryImageOfPage\":{\"@id\":\"https:\\\/\\\/www.textilegence.com\\\/en\\\/messe-frankfurt-revises-its-textile-fairs-dates-in-china\\\/#primaryimage\"},\"image\":{\"@id\":\"https:\\\/\\\/www.textilegence.com\\\/en\\\/messe-frankfurt-revises-its-textile-fairs-dates-in-china\\\/#primaryimage\"},\"thumbnailUrl\":\"https:\\\/\\\/www.textilegence.com\\\/wp-content\\\/uploads\\\/2023\\\/01\\\/messe-frankfurt-textilegence.jpg\",\"datePublished\":\"2023-01-10T13:09:13+00:00\",\"dateModified\":\"2023-01-10T13:09:16+00:00\",\"description\":\"In view of the easing of pandemic restriction policies in China, the textile fairs co-organised by Messe Frankfurt (HK); the Spring...\",\"breadcrumb\":{\"@id\":\"https:\\\/\\\/www.textilegence.com\\\/en\\\/messe-frankfurt-revises-its-textile-fairs-dates-in-china\\\/#breadcrumb\"},\"inLanguage\":\"en-US\",\"potentialAction\":[{\"@type\":\"ReadAction\",\"target\":[\"https:\\\/\\\/www.textilegence.com\\\/en\\\/messe-frankfurt-revises-its-textile-fairs-dates-in-china\\\/\"]}]},{\"@type\":\"ImageObject\",\"inLanguage\":\"en-US\",\"@id\":\"https:\\\/\\\/www.textilegence.com\\\/en\\\/messe-frankfurt-revises-its-textile-fairs-dates-in-china\\\/#primaryimage\",\"url\":\"https:\\\/\\\/www.textilegence.com\\\/wp-content\\\/uploads\\\/2023\\\/01\\\/messe-frankfurt-textilegence.jpg\",\"contentUrl\":\"https:\\\/\\\/www.textilegence.com\\\/wp-content\\\/uploads\\\/2023\\\/01\\\/messe-frankfurt-textilegence.jpg\",\"width\":1920,\"height\":1080},{\"@type\":\"BreadcrumbList\",\"@id\":\"https:\\\/\\\/www.textilegence.com\\\/en\\\/messe-frankfurt-revises-its-textile-fairs-dates-in-china\\\/#breadcrumb\",\"itemListElement\":[{\"@type\":\"ListItem\",\"position\":1,\"name\":\"Home Page\",\"item\":\"https:\\\/\\\/www.textilegence.com\\\/en\\\/homepage-the-rimont\\\/\"},{\"@type\":\"ListItem\",\"position\":2,\"name\":\"Trade Fairs\",\"item\":\"https:\\\/\\\/www.textilegence.com\\\/en\\\/category\\\/trade-fairs\\\/\"},{\"@type\":\"ListItem\",\"position\":3,\"name\":\"Messe Frankfurt revises its textile fairs dates in China\"}]},{\"@type\":\"WebSite\",\"@id\":\"https:\\\/\\\/www.textilegence.com\\\/en\\\/#website\",\"url\":\"https:\\\/\\\/www.textilegence.com\\\/en\\\/\",\"name\":\"Textilegence Magazine and Digital Platform\",\"description\":\"Textile News Center\",\"publisher\":{\"@id\":\"https:\\\/\\\/www.textilegence.com\\\/en\\\/#organization\"},\"potentialAction\":[{\"@type\":\"SearchAction\",\"target\":{\"@type\":\"EntryPoint\",\"urlTemplate\":\"https:\\\/\\\/www.textilegence.com\\\/en\\\/?s={search_term_string}\"},\"query-input\":{\"@type\":\"PropertyValueSpecification\",\"valueRequired\":true,\"valueName\":\"search_term_string\"}}],\"inLanguage\":\"en-US\"},{\"@type\":\"Organization\",\"@id\":\"https:\\\/\\\/www.textilegence.com\\\/en\\\/#organization\",\"name\":\"Textilegence Magazine and Digital Platform\",\"url\":\"https:\\\/\\\/www.textilegence.com\\\/en\\\/\",\"logo\":{\"@type\":\"ImageObject\",\"inLanguage\":\"en-US\",\"@id\":\"https:\\\/\\\/www.textilegence.com\\\/en\\\/#\\\/schema\\\/logo\\\/image\\\/\",\"url\":\"https:\\\/\\\/www.textilegence.com\\\/wp-content\\\/uploads\\\/2016\\\/11\\\/New_Retina_Logo_Textilegence.png\",\"contentUrl\":\"https:\\\/\\\/www.textilegence.com\\\/wp-content\\\/uploads\\\/2016\\\/11\\\/New_Retina_Logo_Textilegence.png\",\"width\":544,\"height\":180,\"caption\":\"Textilegence Magazine and Digital Platform\"},\"image\":{\"@id\":\"https:\\\/\\\/www.textilegence.com\\\/en\\\/#\\\/schema\\\/logo\\\/image\\\/\"},\"sameAs\":[\"https:\\\/\\\/www.facebook.com\\\/TextilegenceMagazine\",\"https:\\\/\\\/x.com\\\/textilegence\",\"https:\\\/\\\/www.instagram.com\\\/textilegence\\\/\",\"https:\\\/\\\/www.linkedin.com\\\/groups\\\/Textilegence-Magazine-Digital-Platform-4897253\",\"https:\\\/\\\/www.youtube.com\\\/user\\\/textilegence\"],\"description\":\"Textilegence is a magazine and digital platform established in 2013. It focuses on the textile industry and sub-segments. The platform provides news, articles, and updates on various aspects of the textile industry, including sustainability, technological advancements, and market trends.\",\"email\":\"editor@textilegence.com\",\"telephone\":\"+90 212 442 24 12\",\"legalName\":\"Textilegence Mag and Digital Platform\",\"foundingDate\":\"2013-01-01\",\"numberOfEmployees\":{\"@type\":\"QuantitativeValue\",\"minValue\":\"1\",\"maxValue\":\"10\"}},{\"@type\":\"Person\",\"@id\":\"https:\\\/\\\/www.textilegence.com\\\/en\\\/#\\\/schema\\\/person\\\/cfa6baf17f0478131c673c93a9b88ef3\",\"name\":\"Ya\u011fmur Melis \u015eim\u015fek\",\"image\":{\"@type\":\"ImageObject\",\"inLanguage\":\"en-US\",\"@id\":\"https:\\\/\\\/www.textilegence.com\\\/wp-content\\\/uploads\\\/2022\\\/03\\\/Yagmur_photo1.jpg\",\"url\":\"https:\\\/\\\/www.textilegence.com\\\/wp-content\\\/uploads\\\/2022\\\/03\\\/Yagmur_photo1.jpg\",\"contentUrl\":\"https:\\\/\\\/www.textilegence.com\\\/wp-content\\\/uploads\\\/2022\\\/03\\\/Yagmur_photo1.jpg\",\"caption\":\"Ya\u011fmur Melis \u015eim\u015fek\"},\"description\":\"Ya\u011fmur Melis \u015eim\u015fek, Saint-Beno\u00eet Frans\u0131z Lisesi\u2019nde e\u011fitim g\u00f6rm\u00fc\u015f, ard\u0131ndan Anadolu \u00dcniversitesi\u2019nde iki y\u0131ll\u0131k Foto\u011fraf\u00e7\u0131l\u0131k B\u00f6l\u00fcm\u00fc\u2019n\u00fc tamamlam\u0131\u015ft\u0131r. Daha sonra lisans e\u011fitimini \u0130stanbul \u00dcniversitesi Gazetecilik B\u00f6l\u00fcm\u00fc\u2019nde s\u00fcrd\u00fcrm\u00fc\u015f, mezuniyetin ard\u0131ndan ise 2017 y\u0131l\u0131nda i\u015f hayat\u0131na at\u0131lm\u0131\u015ft\u0131r. Pek \u00e7ok farkl\u0131 projede, foto\u011fraf\u00e7\u0131l\u0131k ve grafik tasar\u0131mc\u0131l\u0131\u011f\u0131n yan\u0131 s\u0131ra teknoloji alan\u0131nda i\u00e7erik ve haber yazarl\u0131\u011f\u0131 gibi \u00e7e\u015fitli pozisyonlarda yer alan \u015eim\u015fek, 2021 y\u0131l\u0131ndan bu yana Textilegence\u2019da d\u0131\u015f haberlerde yard\u0131mc\u0131 edit\u00f6r olarak g\u00f6rev yapmaktad\u0131r.\",\"sameAs\":[\"https:\\\/\\\/www.textilegence.com\\\/\",\"https:\\\/\\\/www.facebook.com\\\/TextilegenceMagazine\",\"https:\\\/\\\/www.instagram.com\\\/textilegence\\\/\",\"https:\\\/\\\/www.linkedin.com\\\/company\\\/2985016\",\"https:\\\/\\\/x.com\\\/https:\\\/\\\/twitter.com\\\/textilegence\",\"https:\\\/\\\/www.youtube.com\\\/channel\\\/UCgtcny5ljhiXu-yvOiAlpRA\"],\"url\":\"https:\\\/\\\/www.textilegence.com\\\/en\\\/author\\\/yms\\\/\"}]}<\/script>\n<!-- \/ Yoast SEO Premium plugin. -->","yoast_head_json":{"title":"Messe Frankfurt revises its textile fairs dates in China - Textilegence","description":"In view of the easing of pandemic restriction policies in China, the textile fairs co-organised by Messe Frankfurt (HK); the Spring...","robots":{"index":"index","follow":"follow","max-snippet":"max-snippet:-1","max-image-preview":"max-image-preview:large","max-video-preview":"max-video-preview:-1"},"canonical":"https:\/\/www.textilegence.com\/en\/messe-frankfurt-revises-its-textile-fairs-dates-in-china\/","og_locale":"en_US","og_type":"article","og_title":"Messe Frankfurt revises its textile fairs dates in China","og_description":"In view of the easing of pandemic restriction policies in China, the textile fairs co-organised by Messe Frankfurt (HK); the Spring Editions of","og_url":"https:\/\/www.textilegence.com\/en\/messe-frankfurt-revises-its-textile-fairs-dates-in-china\/","og_site_name":"Textilegence Magazine and Digital Platform","article_publisher":"https:\/\/www.facebook.com\/TextilegenceMagazine","article_author":"https:\/\/www.facebook.com\/TextilegenceMagazine","article_published_time":"2023-01-10T13:09:13+00:00","article_modified_time":"2023-01-10T13:09:16+00:00","og_image":[{"width":1920,"height":1080,"url":"https:\/\/www.textilegence.com\/wp-content\/uploads\/2023\/01\/messe-frankfurt-textilegence.jpg","type":"image\/jpeg"}],"author":"Ya\u011fmur Melis \u015eim\u015fek","twitter_card":"summary_large_image","twitter_creator":"@https:\/\/twitter.com\/textilegence","twitter_site":"@textilegence","twitter_misc":{"Written by":"Ya\u011fmur Melis \u015eim\u015fek","Est. reading time":"3 minutes"},"schema":{"@context":"https:\/\/schema.org","@graph":[{"@type":"NewsArticle","@id":"https:\/\/www.textilegence.com\/en\/messe-frankfurt-revises-its-textile-fairs-dates-in-china\/#article","isPartOf":{"@id":"https:\/\/www.textilegence.com\/en\/messe-frankfurt-revises-its-textile-fairs-dates-in-china\/"},"author":{"name":"Ya\u011fmur Melis \u015eim\u015fek","@id":"https:\/\/www.textilegence.com\/en\/#\/schema\/person\/cfa6baf17f0478131c673c93a9b88ef3"},"headline":"Messe Frankfurt revises its textile fairs dates in China","datePublished":"2023-01-10T13:09:13+00:00","dateModified":"2023-01-10T13:09:16+00:00","mainEntityOfPage":{"@id":"https:\/\/www.textilegence.com\/en\/messe-frankfurt-revises-its-textile-fairs-dates-in-china\/"},"wordCount":412,"commentCount":0,"publisher":{"@id":"https:\/\/www.textilegence.com\/en\/#organization"},"image":{"@id":"https:\/\/www.textilegence.com\/en\/messe-frankfurt-revises-its-textile-fairs-dates-in-china\/#primaryimage"},"thumbnailUrl":"https:\/\/www.textilegence.com\/wp-content\/uploads\/2023\/01\/messe-frankfurt-textilegence.jpg","keywords":["messe frankfurt","textile news","trade fairs"],"articleSection":["Trade Fairs"],"inLanguage":"en-US","potentialAction":[{"@type":"CommentAction","name":"Comment","target":["https:\/\/www.textilegence.com\/en\/messe-frankfurt-revises-its-textile-fairs-dates-in-china\/#respond"]}]},{"@type":"WebPage","@id":"https:\/\/www.textilegence.com\/en\/messe-frankfurt-revises-its-textile-fairs-dates-in-china\/","url":"https:\/\/www.textilegence.com\/en\/messe-frankfurt-revises-its-textile-fairs-dates-in-china\/","name":"Messe Frankfurt revises its textile fairs dates in China - Textilegence","isPartOf":{"@id":"https:\/\/www.textilegence.com\/en\/#website"},"primaryImageOfPage":{"@id":"https:\/\/www.textilegence.com\/en\/messe-frankfurt-revises-its-textile-fairs-dates-in-china\/#primaryimage"},"image":{"@id":"https:\/\/www.textilegence.com\/en\/messe-frankfurt-revises-its-textile-fairs-dates-in-china\/#primaryimage"},"thumbnailUrl":"https:\/\/www.textilegence.com\/wp-content\/uploads\/2023\/01\/messe-frankfurt-textilegence.jpg","datePublished":"2023-01-10T13:09:13+00:00","dateModified":"2023-01-10T13:09:16+00:00","description":"In view of the easing of pandemic restriction policies in China, the textile fairs co-organised by Messe Frankfurt (HK); the Spring...","breadcrumb":{"@id":"https:\/\/www.textilegence.com\/en\/messe-frankfurt-revises-its-textile-fairs-dates-in-china\/#breadcrumb"},"inLanguage":"en-US","potentialAction":[{"@type":"ReadAction","target":["https:\/\/www.textilegence.com\/en\/messe-frankfurt-revises-its-textile-fairs-dates-in-china\/"]}]},{"@type":"ImageObject","inLanguage":"en-US","@id":"https:\/\/www.textilegence.com\/en\/messe-frankfurt-revises-its-textile-fairs-dates-in-china\/#primaryimage","url":"https:\/\/www.textilegence.com\/wp-content\/uploads\/2023\/01\/messe-frankfurt-textilegence.jpg","contentUrl":"https:\/\/www.textilegence.com\/wp-content\/uploads\/2023\/01\/messe-frankfurt-textilegence.jpg","width":1920,"height":1080},{"@type":"BreadcrumbList","@id":"https:\/\/www.textilegence.com\/en\/messe-frankfurt-revises-its-textile-fairs-dates-in-china\/#breadcrumb","itemListElement":[{"@type":"ListItem","position":1,"name":"Home Page","item":"https:\/\/www.textilegence.com\/en\/homepage-the-rimont\/"},{"@type":"ListItem","position":2,"name":"Trade Fairs","item":"https:\/\/www.textilegence.com\/en\/category\/trade-fairs\/"},{"@type":"ListItem","position":3,"name":"Messe Frankfurt revises its textile fairs dates in China"}]},{"@type":"WebSite","@id":"https:\/\/www.textilegence.com\/en\/#website","url":"https:\/\/www.textilegence.com\/en\/","name":"Textilegence Magazine and Digital Platform","description":"Textile News Center","publisher":{"@id":"https:\/\/www.textilegence.com\/en\/#organization"},"potentialAction":[{"@type":"SearchAction","target":{"@type":"EntryPoint","urlTemplate":"https:\/\/www.textilegence.com\/en\/?s={search_term_string}"},"query-input":{"@type":"PropertyValueSpecification","valueRequired":true,"valueName":"search_term_string"}}],"inLanguage":"en-US"},{"@type":"Organization","@id":"https:\/\/www.textilegence.com\/en\/#organization","name":"Textilegence Magazine and Digital Platform","url":"https:\/\/www.textilegence.com\/en\/","logo":{"@type":"ImageObject","inLanguage":"en-US","@id":"https:\/\/www.textilegence.com\/en\/#\/schema\/logo\/image\/","url":"https:\/\/www.textilegence.com\/wp-content\/uploads\/2016\/11\/New_Retina_Logo_Textilegence.png","contentUrl":"https:\/\/www.textilegence.com\/wp-content\/uploads\/2016\/11\/New_Retina_Logo_Textilegence.png","width":544,"height":180,"caption":"Textilegence Magazine and Digital Platform"},"image":{"@id":"https:\/\/www.textilegence.com\/en\/#\/schema\/logo\/image\/"},"sameAs":["https:\/\/www.facebook.com\/TextilegenceMagazine","https:\/\/x.com\/textilegence","https:\/\/www.instagram.com\/textilegence\/","https:\/\/www.linkedin.com\/groups\/Textilegence-Magazine-Digital-Platform-4897253","https:\/\/www.youtube.com\/user\/textilegence"],"description":"Textilegence is a magazine and digital platform established in 2013. It focuses on the textile industry and sub-segments. The platform provides news, articles, and updates on various aspects of the textile industry, including sustainability, technological advancements, and market trends.","email":"editor@textilegence.com","telephone":"+90 212 442 24 12","legalName":"Textilegence Mag and Digital Platform","foundingDate":"2013-01-01","numberOfEmployees":{"@type":"QuantitativeValue","minValue":"1","maxValue":"10"}},{"@type":"Person","@id":"https:\/\/www.textilegence.com\/en\/#\/schema\/person\/cfa6baf17f0478131c673c93a9b88ef3","name":"Ya\u011fmur Melis \u015eim\u015fek","image":{"@type":"ImageObject","inLanguage":"en-US","@id":"https:\/\/www.textilegence.com\/wp-content\/uploads\/2022\/03\/Yagmur_photo1.jpg","url":"https:\/\/www.textilegence.com\/wp-content\/uploads\/2022\/03\/Yagmur_photo1.jpg","contentUrl":"https:\/\/www.textilegence.com\/wp-content\/uploads\/2022\/03\/Yagmur_photo1.jpg","caption":"Ya\u011fmur Melis \u015eim\u015fek"},"description":"Ya\u011fmur Melis \u015eim\u015fek, Saint-Beno\u00eet Frans\u0131z Lisesi\u2019nde e\u011fitim g\u00f6rm\u00fc\u015f, ard\u0131ndan Anadolu \u00dcniversitesi\u2019nde iki y\u0131ll\u0131k Foto\u011fraf\u00e7\u0131l\u0131k B\u00f6l\u00fcm\u00fc\u2019n\u00fc tamamlam\u0131\u015ft\u0131r. Daha sonra lisans e\u011fitimini \u0130stanbul \u00dcniversitesi Gazetecilik B\u00f6l\u00fcm\u00fc\u2019nde s\u00fcrd\u00fcrm\u00fc\u015f, mezuniyetin ard\u0131ndan ise 2017 y\u0131l\u0131nda i\u015f hayat\u0131na at\u0131lm\u0131\u015ft\u0131r. Pek \u00e7ok farkl\u0131 projede, foto\u011fraf\u00e7\u0131l\u0131k ve grafik tasar\u0131mc\u0131l\u0131\u011f\u0131n yan\u0131 s\u0131ra teknoloji alan\u0131nda i\u00e7erik ve haber yazarl\u0131\u011f\u0131 gibi \u00e7e\u015fitli pozisyonlarda yer alan \u015eim\u015fek, 2021 y\u0131l\u0131ndan bu yana Textilegence\u2019da d\u0131\u015f haberlerde yard\u0131mc\u0131 edit\u00f6r olarak g\u00f6rev yapmaktad\u0131r.","sameAs":["https:\/\/www.textilegence.com\/","https:\/\/www.facebook.com\/TextilegenceMagazine","https:\/\/www.instagram.com\/textilegence\/","https:\/\/www.linkedin.com\/company\/2985016","https:\/\/x.com\/https:\/\/twitter.com\/textilegence","https:\/\/www.youtube.com\/channel\/UCgtcny5ljhiXu-yvOiAlpRA"],"url":"https:\/\/www.textilegence.com\/en\/author\/yms\/"}]}},"_links":{"self":[{"href":"https:\/\/www.textilegence.com\/en\/wp-json\/wp\/v2\/posts\/51865","targetHints":{"allow":["GET"]}}],"collection":[{"href":"https:\/\/www.textilegence.com\/en\/wp-json\/wp\/v2\/posts"}],"about":[{"href":"https:\/\/www.textilegence.com\/en\/wp-json\/wp\/v2\/types\/post"}],"author":[{"embeddable":true,"href":"https:\/\/www.textilegence.com\/en\/wp-json\/wp\/v2\/users\/26"}],"replies":[{"embeddable":true,"href":"https:\/\/www.textilegence.com\/en\/wp-json\/wp\/v2\/comments?post=51865"}],"version-history":[{"count":0,"href":"https:\/\/www.textilegence.com\/en\/wp-json\/wp\/v2\/posts\/51865\/revisions"}],"wp:featuredmedia":[{"embeddable":true,"href":"https:\/\/www.textilegence.com\/en\/wp-json\/wp\/v2\/media\/51868"}],"wp:attachment":[{"href":"https:\/\/www.textilegence.com\/en\/wp-json\/wp\/v2\/media?parent=51865"}],"wp:term":[{"taxonomy":"category","embeddable":true,"href":"https:\/\/www.textilegence.com\/en\/wp-json\/wp\/v2\/categories?post=51865"},{"taxonomy":"post_tag","embeddable":true,"href":"https:\/\/www.textilegence.com\/en\/wp-json\/wp\/v2\/tags?post=51865"}],"curies":[{"name":"wp","href":"https:\/\/api.w.org\/{rel}","templated":true}]}}