{"id":51979,"date":"2023-01-16T14:21:27","date_gmt":"2023-01-16T11:21:27","guid":{"rendered":"http:\/\/www.textilegence.com\/?p=51979"},"modified":"2023-01-16T14:59:34","modified_gmt":"2023-01-16T11:59:34","slug":"optimum-digital-raises-its-target-in-european-market-with-new-sales-director","status":"publish","type":"post","link":"https:\/\/www.textilegence.com\/en\/optimum-digital-raises-its-target-in-european-market-with-new-sales-director\/","title":{"rendered":"Optimum Digital raises its target in European market with new sales director"},"content":{"rendered":"\n<p>T\u00fcrkiye-based Optimum Digital, standing out in the digital textile <a href=\"https:\/\/www.textilegence.com\/en\/category\/printing\/\" target=\"_blank\" rel=\"noreferrer noopener\">printing <\/a>sector with its sustainable and innovative <a href=\"https:\/\/www.optimumdigital.com\/en\" target=\"_blank\" rel=\"noreferrer noopener\">solutions<\/a>, announced that <strong>Theo van Bruggen<\/strong>, a highly experienced name in the sector, took office as Sales Director of Europe as of January 2023. Van Bruggen, who stayed in a variety of different countries like Germany, Switzerland and South Africa in the line of his first jobs before he resettled to Holland in 1995, started in the printing industry some 20 years ago, mainly being active in selling wide-format and UV printing equipment. He gained his first experience with textiles around 2006 and dedicated entirely to the textile printing industry since 2012, working for Kornit Digital. Van Bruggen will continue his career in his new position at Optimum Digital and contribute to making the brand stronger in Europe.<\/p>\n\n\n\n<p>In a statement to Textilegence regarding his new position, Van Bruggen disclosed: \u201cFor my career, the choice for Optimum Digital was an easy one, to be honest. The entire portfolio of systems is developed and built in such a way that they not only provide top-class quality, but also provide a great return on investment. Optimum was founded more than 25 years ago and its reliability, print quality and support capabilities are very well-known in the industry. The way how they take their responsibility to create a sustainable textile production is exemplary.\u201d<\/p>\n\n\n<div class=\"wp-block-image\">\n<figure class=\"aligncenter size-full\"><img loading=\"lazy\" decoding=\"async\" width=\"1920\" height=\"1080\" src=\"https:\/\/www.textilegence.com\/wp-content\/uploads\/2023\/01\/optimum-digital-textilegence.jpg\" alt=\"\" class=\"wp-image-51981\" srcset=\"https:\/\/www.textilegence.com\/wp-content\/uploads\/2023\/01\/optimum-digital-textilegence.jpg 1920w, https:\/\/www.textilegence.com\/wp-content\/uploads\/2023\/01\/optimum-digital-textilegence-768x432.jpg 768w, https:\/\/www.textilegence.com\/wp-content\/uploads\/2023\/01\/optimum-digital-textilegence-1536x864.jpg 1536w, https:\/\/www.textilegence.com\/wp-content\/uploads\/2023\/01\/optimum-digital-textilegence-300x169.jpg 300w, https:\/\/www.textilegence.com\/wp-content\/uploads\/2023\/01\/optimum-digital-textilegence-600x338.jpg 600w, https:\/\/www.textilegence.com\/wp-content\/uploads\/2023\/01\/optimum-digital-textilegence-696x392.jpg 696w, https:\/\/www.textilegence.com\/wp-content\/uploads\/2023\/01\/optimum-digital-textilegence-1068x601.jpg 1068w\" sizes=\"auto, (max-width: 1920px) 100vw, 1920px\" \/><figcaption class=\"wp-element-caption\">Optimum Digital raises its target in European market with new sales director<\/figcaption><\/figure>\n<\/div>\n\n\n<h2 class=\"wp-block-heading\" id=\"h-optimum-digital-leads-the-way-in-sustainability-in-the-sector\">\u201cOptimum Digital leads the way in sustainability in the sector\u201d<\/h2>\n\n\n\n<p><strong>Theo van Bruggen<\/strong> said that in the last few years, the market has been changing rapidly because of reasons known to everyone: the worldwide pandemic, supply chain issues, shortage of resources and now obviously the crisis in Ukraine. He continued: \u201cCombine these with the changed consumer behavior like e-shopping and personalization and the extreme influence of the Internet and social media, all this means just one thing: proximity production. This, however, can only be successful if it is done in a 100% true sustainable way, meaning water free, using as little power as possible and not contributing to the Co2 emission. Optimum Digital leads the way here with their latest product, the Nirvana Belt.\u201d Van Bruggen underlined that this pigment printer is the only true single-step system that does not need any form of pre- or post -treatment, stating that as it can print on a very wide variety of different fabric types, no other equipment is needed, so everything can be produce without the need for additional washing or steaming equipment.<\/p>\n\n\n\n<p>He also added that it seems like almost everyone is now convinced that pigment ink is the ink of the future, and there is still a lot to do, saying: \u201cThe successful manufacturers of the future will not only look at the flexibility of choice of fabrics but they have to be produced in a 100% sustainable, fast and economic way, meaning waterless and everything to be produced in one single step, fitting into a print on demand environment.\u201d<\/p>\n\n\n\n<h2 class=\"wp-block-heading\" id=\"h-our-long-term-vision-is-very-clear-being-europe-s-number-1\">\u201cOur long-term vision is very clear: being Europe\u2019s number 1!\u201d<\/h2>\n\n\n\n<p><strong>Theo van Bruggen<\/strong> noted that the very strong advantage among many strengths that make Optimum Digital the first choice is their innovative way of thinking, which can be seen in how their printers are designed and manufactured. Adding that everything is done with both customer and sustainability first in mind, he mentioned that the R&amp;D department is always looking for new capabilities and features to integrate, so they can customize at customer\u2019s request, which is very unique.<\/p>\n\n\n\n<p>Saying: \u201cThe plans for the short and mid-term are obvious: getting more brand awareness, visibility and placing the first units in Western-Europe. The long-term vision is very clear: being Europe\u2019s number 1!\u201d Van Bruggen concluded his words as follows: \u201cI was extremely fond when I discovered that the people within Optimum Digital shared my vision about how the textile printing market will have to change in order to be successful in the upcoming years. Showing me their current portfolio printers and future plans gave me great confidence both in the company and in the people.<\/p>\n","protected":false},"excerpt":{"rendered":"<p>T\u00fcrkiye-based Optimum Digital, standing out in the digital textile printing sector with its sustainable and innovative solutions, announced that Theo van Bruggen, a highly experienced name in the sector, took office as Sales Director of Europe as of January 2023. Van Bruggen, who stayed in a variety of different countries like Germany, Switzerland and South [&hellip;]<\/p>\n","protected":false},"author":26,"featured_media":51992,"comment_status":"open","ping_status":"closed","sticky":false,"template":"","format":"standard","meta":{"footnotes":""},"categories":[9853],"tags":[10234,11988,10369],"class_list":{"0":"post-51979","1":"post","2":"type-post","3":"status-publish","4":"format-standard","5":"has-post-thumbnail","7":"category-printing","8":"tag-digital-printing","9":"tag-optimum-digital-planet-en","10":"tag-textile-news-en"},"yoast_head":"<!-- This site is optimized with the Yoast SEO Premium plugin v27.3 (Yoast SEO v27.3) - https:\/\/yoast.com\/product\/yoast-seo-premium-wordpress\/ -->\n<title>Optimum Digital raises its target in European market with new sales director - Textilegence<\/title>\n<meta name=\"description\" content=\"T\u00fcrkiye-based Optimum Digital, standing out in the digital textile printing sector with its sustainable and innovative solutions...\" \/>\n<meta name=\"robots\" content=\"index, follow, max-snippet:-1, max-image-preview:large, max-video-preview:-1\" \/>\n<link rel=\"canonical\" href=\"https:\/\/www.textilegence.com\/en\/optimum-digital-raises-its-target-in-european-market-with-new-sales-director\/\" \/>\n<meta property=\"og:locale\" content=\"en_US\" \/>\n<meta property=\"og:type\" content=\"article\" \/>\n<meta property=\"og:title\" content=\"Optimum Digital raises its target in European market with new sales director\" \/>\n<meta property=\"og:description\" content=\"T\u00fcrkiye-based Optimum Digital, standing out in the digital textile printing sector with its sustainable and innovative solutions, announced that Theo van\" \/>\n<meta property=\"og:url\" content=\"https:\/\/www.textilegence.com\/en\/optimum-digital-raises-its-target-in-european-market-with-new-sales-director\/\" \/>\n<meta property=\"og:site_name\" content=\"Textilegence Magazine and Digital Platform\" \/>\n<meta property=\"article:publisher\" content=\"https:\/\/www.facebook.com\/TextilegenceMagazine\" \/>\n<meta property=\"article:author\" content=\"https:\/\/www.facebook.com\/TextilegenceMagazine\" \/>\n<meta property=\"article:published_time\" content=\"2023-01-16T11:21:27+00:00\" \/>\n<meta property=\"article:modified_time\" content=\"2023-01-16T11:59:34+00:00\" \/>\n<meta property=\"og:image\" content=\"https:\/\/www.textilegence.com\/wp-content\/uploads\/2023\/01\/optimum-digital-textilegence-1.jpg\" \/>\n\t<meta property=\"og:image:width\" content=\"1920\" \/>\n\t<meta property=\"og:image:height\" content=\"1080\" \/>\n\t<meta property=\"og:image:type\" content=\"image\/jpeg\" \/>\n<meta name=\"author\" content=\"Ya\u011fmur Melis \u015eim\u015fek\" \/>\n<meta name=\"twitter:card\" content=\"summary_large_image\" \/>\n<meta name=\"twitter:creator\" content=\"@https:\/\/twitter.com\/textilegence\" \/>\n<meta name=\"twitter:site\" content=\"@textilegence\" \/>\n<meta name=\"twitter:label1\" content=\"Written by\" \/>\n\t<meta name=\"twitter:data1\" content=\"Ya\u011fmur Melis \u015eim\u015fek\" \/>\n\t<meta name=\"twitter:label2\" content=\"Est. reading time\" \/>\n\t<meta name=\"twitter:data2\" content=\"5 minutes\" \/>\n<script type=\"application\/ld+json\" class=\"yoast-schema-graph\">{\"@context\":\"https:\\\/\\\/schema.org\",\"@graph\":[{\"@type\":\"NewsArticle\",\"@id\":\"https:\\\/\\\/www.textilegence.com\\\/en\\\/optimum-digital-raises-its-target-in-european-market-with-new-sales-director\\\/#article\",\"isPartOf\":{\"@id\":\"https:\\\/\\\/www.textilegence.com\\\/en\\\/optimum-digital-raises-its-target-in-european-market-with-new-sales-director\\\/\"},\"author\":{\"name\":\"Ya\u011fmur Melis \u015eim\u015fek\",\"@id\":\"https:\\\/\\\/www.textilegence.com\\\/en\\\/#\\\/schema\\\/person\\\/cfa6baf17f0478131c673c93a9b88ef3\"},\"headline\":\"Optimum Digital raises its target in European market with new sales director\",\"datePublished\":\"2023-01-16T11:21:27+00:00\",\"dateModified\":\"2023-01-16T11:59:34+00:00\",\"mainEntityOfPage\":{\"@id\":\"https:\\\/\\\/www.textilegence.com\\\/en\\\/optimum-digital-raises-its-target-in-european-market-with-new-sales-director\\\/\"},\"wordCount\":689,\"commentCount\":0,\"publisher\":{\"@id\":\"https:\\\/\\\/www.textilegence.com\\\/en\\\/#organization\"},\"image\":{\"@id\":\"https:\\\/\\\/www.textilegence.com\\\/en\\\/optimum-digital-raises-its-target-in-european-market-with-new-sales-director\\\/#primaryimage\"},\"thumbnailUrl\":\"https:\\\/\\\/www.textilegence.com\\\/wp-content\\\/uploads\\\/2023\\\/01\\\/optimum-digital-textilegence-1.jpg\",\"keywords\":[\"digital printing\",\"optimum digital planet\",\"textile news\"],\"articleSection\":[\"Printing\"],\"inLanguage\":\"en-US\",\"potentialAction\":[{\"@type\":\"CommentAction\",\"name\":\"Comment\",\"target\":[\"https:\\\/\\\/www.textilegence.com\\\/en\\\/optimum-digital-raises-its-target-in-european-market-with-new-sales-director\\\/#respond\"]}]},{\"@type\":\"WebPage\",\"@id\":\"https:\\\/\\\/www.textilegence.com\\\/en\\\/optimum-digital-raises-its-target-in-european-market-with-new-sales-director\\\/\",\"url\":\"https:\\\/\\\/www.textilegence.com\\\/en\\\/optimum-digital-raises-its-target-in-european-market-with-new-sales-director\\\/\",\"name\":\"Optimum Digital raises its target in European market with new sales director - Textilegence\",\"isPartOf\":{\"@id\":\"https:\\\/\\\/www.textilegence.com\\\/en\\\/#website\"},\"primaryImageOfPage\":{\"@id\":\"https:\\\/\\\/www.textilegence.com\\\/en\\\/optimum-digital-raises-its-target-in-european-market-with-new-sales-director\\\/#primaryimage\"},\"image\":{\"@id\":\"https:\\\/\\\/www.textilegence.com\\\/en\\\/optimum-digital-raises-its-target-in-european-market-with-new-sales-director\\\/#primaryimage\"},\"thumbnailUrl\":\"https:\\\/\\\/www.textilegence.com\\\/wp-content\\\/uploads\\\/2023\\\/01\\\/optimum-digital-textilegence-1.jpg\",\"datePublished\":\"2023-01-16T11:21:27+00:00\",\"dateModified\":\"2023-01-16T11:59:34+00:00\",\"description\":\"T\u00fcrkiye-based Optimum Digital, standing out in the digital textile printing sector with its sustainable and innovative solutions...\",\"breadcrumb\":{\"@id\":\"https:\\\/\\\/www.textilegence.com\\\/en\\\/optimum-digital-raises-its-target-in-european-market-with-new-sales-director\\\/#breadcrumb\"},\"inLanguage\":\"en-US\",\"potentialAction\":[{\"@type\":\"ReadAction\",\"target\":[\"https:\\\/\\\/www.textilegence.com\\\/en\\\/optimum-digital-raises-its-target-in-european-market-with-new-sales-director\\\/\"]}]},{\"@type\":\"ImageObject\",\"inLanguage\":\"en-US\",\"@id\":\"https:\\\/\\\/www.textilegence.com\\\/en\\\/optimum-digital-raises-its-target-in-european-market-with-new-sales-director\\\/#primaryimage\",\"url\":\"https:\\\/\\\/www.textilegence.com\\\/wp-content\\\/uploads\\\/2023\\\/01\\\/optimum-digital-textilegence-1.jpg\",\"contentUrl\":\"https:\\\/\\\/www.textilegence.com\\\/wp-content\\\/uploads\\\/2023\\\/01\\\/optimum-digital-textilegence-1.jpg\",\"width\":1920,\"height\":1080},{\"@type\":\"BreadcrumbList\",\"@id\":\"https:\\\/\\\/www.textilegence.com\\\/en\\\/optimum-digital-raises-its-target-in-european-market-with-new-sales-director\\\/#breadcrumb\",\"itemListElement\":[{\"@type\":\"ListItem\",\"position\":1,\"name\":\"Home Page\",\"item\":\"https:\\\/\\\/www.textilegence.com\\\/en\\\/homepage-the-rimont\\\/\"},{\"@type\":\"ListItem\",\"position\":2,\"name\":\"Printing\",\"item\":\"https:\\\/\\\/www.textilegence.com\\\/en\\\/category\\\/printing\\\/\"},{\"@type\":\"ListItem\",\"position\":3,\"name\":\"Optimum Digital raises its target in European market with new sales director\"}]},{\"@type\":\"WebSite\",\"@id\":\"https:\\\/\\\/www.textilegence.com\\\/en\\\/#website\",\"url\":\"https:\\\/\\\/www.textilegence.com\\\/en\\\/\",\"name\":\"Textilegence Magazine and Digital Platform\",\"description\":\"Textile News Center\",\"publisher\":{\"@id\":\"https:\\\/\\\/www.textilegence.com\\\/en\\\/#organization\"},\"potentialAction\":[{\"@type\":\"SearchAction\",\"target\":{\"@type\":\"EntryPoint\",\"urlTemplate\":\"https:\\\/\\\/www.textilegence.com\\\/en\\\/?s={search_term_string}\"},\"query-input\":{\"@type\":\"PropertyValueSpecification\",\"valueRequired\":true,\"valueName\":\"search_term_string\"}}],\"inLanguage\":\"en-US\"},{\"@type\":\"Organization\",\"@id\":\"https:\\\/\\\/www.textilegence.com\\\/en\\\/#organization\",\"name\":\"Textilegence Magazine and Digital Platform\",\"url\":\"https:\\\/\\\/www.textilegence.com\\\/en\\\/\",\"logo\":{\"@type\":\"ImageObject\",\"inLanguage\":\"en-US\",\"@id\":\"https:\\\/\\\/www.textilegence.com\\\/en\\\/#\\\/schema\\\/logo\\\/image\\\/\",\"url\":\"https:\\\/\\\/www.textilegence.com\\\/wp-content\\\/uploads\\\/2016\\\/11\\\/New_Retina_Logo_Textilegence.png\",\"contentUrl\":\"https:\\\/\\\/www.textilegence.com\\\/wp-content\\\/uploads\\\/2016\\\/11\\\/New_Retina_Logo_Textilegence.png\",\"width\":544,\"height\":180,\"caption\":\"Textilegence Magazine and Digital Platform\"},\"image\":{\"@id\":\"https:\\\/\\\/www.textilegence.com\\\/en\\\/#\\\/schema\\\/logo\\\/image\\\/\"},\"sameAs\":[\"https:\\\/\\\/www.facebook.com\\\/TextilegenceMagazine\",\"https:\\\/\\\/x.com\\\/textilegence\",\"https:\\\/\\\/www.instagram.com\\\/textilegence\\\/\",\"https:\\\/\\\/www.linkedin.com\\\/groups\\\/Textilegence-Magazine-Digital-Platform-4897253\",\"https:\\\/\\\/www.youtube.com\\\/user\\\/textilegence\"],\"description\":\"Textilegence is a magazine and digital platform established in 2013. It focuses on the textile industry and sub-segments. The platform provides news, articles, and updates on various aspects of the textile industry, including sustainability, technological advancements, and market trends.\",\"email\":\"editor@textilegence.com\",\"telephone\":\"+90 212 442 24 12\",\"legalName\":\"Textilegence Mag and Digital Platform\",\"foundingDate\":\"2013-01-01\",\"numberOfEmployees\":{\"@type\":\"QuantitativeValue\",\"minValue\":\"1\",\"maxValue\":\"10\"}},{\"@type\":\"Person\",\"@id\":\"https:\\\/\\\/www.textilegence.com\\\/en\\\/#\\\/schema\\\/person\\\/cfa6baf17f0478131c673c93a9b88ef3\",\"name\":\"Ya\u011fmur Melis \u015eim\u015fek\",\"image\":{\"@type\":\"ImageObject\",\"inLanguage\":\"en-US\",\"@id\":\"https:\\\/\\\/www.textilegence.com\\\/wp-content\\\/uploads\\\/2022\\\/03\\\/Yagmur_photo1.jpg\",\"url\":\"https:\\\/\\\/www.textilegence.com\\\/wp-content\\\/uploads\\\/2022\\\/03\\\/Yagmur_photo1.jpg\",\"contentUrl\":\"https:\\\/\\\/www.textilegence.com\\\/wp-content\\\/uploads\\\/2022\\\/03\\\/Yagmur_photo1.jpg\",\"caption\":\"Ya\u011fmur Melis \u015eim\u015fek\"},\"description\":\"Ya\u011fmur Melis \u015eim\u015fek, Saint-Beno\u00eet Frans\u0131z Lisesi\u2019nde e\u011fitim g\u00f6rm\u00fc\u015f, ard\u0131ndan Anadolu \u00dcniversitesi\u2019nde iki y\u0131ll\u0131k Foto\u011fraf\u00e7\u0131l\u0131k B\u00f6l\u00fcm\u00fc\u2019n\u00fc tamamlam\u0131\u015ft\u0131r. Daha sonra lisans e\u011fitimini \u0130stanbul \u00dcniversitesi Gazetecilik B\u00f6l\u00fcm\u00fc\u2019nde s\u00fcrd\u00fcrm\u00fc\u015f, mezuniyetin ard\u0131ndan ise 2017 y\u0131l\u0131nda i\u015f hayat\u0131na at\u0131lm\u0131\u015ft\u0131r. Pek \u00e7ok farkl\u0131 projede, foto\u011fraf\u00e7\u0131l\u0131k ve grafik tasar\u0131mc\u0131l\u0131\u011f\u0131n yan\u0131 s\u0131ra teknoloji alan\u0131nda i\u00e7erik ve haber yazarl\u0131\u011f\u0131 gibi \u00e7e\u015fitli pozisyonlarda yer alan \u015eim\u015fek, 2021 y\u0131l\u0131ndan bu yana Textilegence\u2019da d\u0131\u015f haberlerde yard\u0131mc\u0131 edit\u00f6r olarak g\u00f6rev yapmaktad\u0131r.\",\"sameAs\":[\"https:\\\/\\\/www.textilegence.com\\\/\",\"https:\\\/\\\/www.facebook.com\\\/TextilegenceMagazine\",\"https:\\\/\\\/www.instagram.com\\\/textilegence\\\/\",\"https:\\\/\\\/www.linkedin.com\\\/company\\\/2985016\",\"https:\\\/\\\/x.com\\\/https:\\\/\\\/twitter.com\\\/textilegence\",\"https:\\\/\\\/www.youtube.com\\\/channel\\\/UCgtcny5ljhiXu-yvOiAlpRA\"],\"url\":\"https:\\\/\\\/www.textilegence.com\\\/en\\\/author\\\/yms\\\/\"}]}<\/script>\n<!-- \/ Yoast SEO Premium plugin. -->","yoast_head_json":{"title":"Optimum Digital raises its target in European market with new sales director - Textilegence","description":"T\u00fcrkiye-based Optimum Digital, standing out in the digital textile printing sector with its sustainable and innovative solutions...","robots":{"index":"index","follow":"follow","max-snippet":"max-snippet:-1","max-image-preview":"max-image-preview:large","max-video-preview":"max-video-preview:-1"},"canonical":"https:\/\/www.textilegence.com\/en\/optimum-digital-raises-its-target-in-european-market-with-new-sales-director\/","og_locale":"en_US","og_type":"article","og_title":"Optimum Digital raises its target in European market with new sales director","og_description":"T\u00fcrkiye-based Optimum Digital, standing out in the digital textile printing sector with its sustainable and innovative solutions, announced that Theo van","og_url":"https:\/\/www.textilegence.com\/en\/optimum-digital-raises-its-target-in-european-market-with-new-sales-director\/","og_site_name":"Textilegence Magazine and Digital Platform","article_publisher":"https:\/\/www.facebook.com\/TextilegenceMagazine","article_author":"https:\/\/www.facebook.com\/TextilegenceMagazine","article_published_time":"2023-01-16T11:21:27+00:00","article_modified_time":"2023-01-16T11:59:34+00:00","og_image":[{"width":1920,"height":1080,"url":"https:\/\/www.textilegence.com\/wp-content\/uploads\/2023\/01\/optimum-digital-textilegence-1.jpg","type":"image\/jpeg"}],"author":"Ya\u011fmur Melis \u015eim\u015fek","twitter_card":"summary_large_image","twitter_creator":"@https:\/\/twitter.com\/textilegence","twitter_site":"@textilegence","twitter_misc":{"Written by":"Ya\u011fmur Melis \u015eim\u015fek","Est. reading time":"5 minutes"},"schema":{"@context":"https:\/\/schema.org","@graph":[{"@type":"NewsArticle","@id":"https:\/\/www.textilegence.com\/en\/optimum-digital-raises-its-target-in-european-market-with-new-sales-director\/#article","isPartOf":{"@id":"https:\/\/www.textilegence.com\/en\/optimum-digital-raises-its-target-in-european-market-with-new-sales-director\/"},"author":{"name":"Ya\u011fmur Melis \u015eim\u015fek","@id":"https:\/\/www.textilegence.com\/en\/#\/schema\/person\/cfa6baf17f0478131c673c93a9b88ef3"},"headline":"Optimum Digital raises its target in European market with new sales director","datePublished":"2023-01-16T11:21:27+00:00","dateModified":"2023-01-16T11:59:34+00:00","mainEntityOfPage":{"@id":"https:\/\/www.textilegence.com\/en\/optimum-digital-raises-its-target-in-european-market-with-new-sales-director\/"},"wordCount":689,"commentCount":0,"publisher":{"@id":"https:\/\/www.textilegence.com\/en\/#organization"},"image":{"@id":"https:\/\/www.textilegence.com\/en\/optimum-digital-raises-its-target-in-european-market-with-new-sales-director\/#primaryimage"},"thumbnailUrl":"https:\/\/www.textilegence.com\/wp-content\/uploads\/2023\/01\/optimum-digital-textilegence-1.jpg","keywords":["digital printing","optimum digital planet","textile news"],"articleSection":["Printing"],"inLanguage":"en-US","potentialAction":[{"@type":"CommentAction","name":"Comment","target":["https:\/\/www.textilegence.com\/en\/optimum-digital-raises-its-target-in-european-market-with-new-sales-director\/#respond"]}]},{"@type":"WebPage","@id":"https:\/\/www.textilegence.com\/en\/optimum-digital-raises-its-target-in-european-market-with-new-sales-director\/","url":"https:\/\/www.textilegence.com\/en\/optimum-digital-raises-its-target-in-european-market-with-new-sales-director\/","name":"Optimum Digital raises its target in European market with new sales director - Textilegence","isPartOf":{"@id":"https:\/\/www.textilegence.com\/en\/#website"},"primaryImageOfPage":{"@id":"https:\/\/www.textilegence.com\/en\/optimum-digital-raises-its-target-in-european-market-with-new-sales-director\/#primaryimage"},"image":{"@id":"https:\/\/www.textilegence.com\/en\/optimum-digital-raises-its-target-in-european-market-with-new-sales-director\/#primaryimage"},"thumbnailUrl":"https:\/\/www.textilegence.com\/wp-content\/uploads\/2023\/01\/optimum-digital-textilegence-1.jpg","datePublished":"2023-01-16T11:21:27+00:00","dateModified":"2023-01-16T11:59:34+00:00","description":"T\u00fcrkiye-based Optimum Digital, standing out in the digital textile printing sector with its sustainable and innovative solutions...","breadcrumb":{"@id":"https:\/\/www.textilegence.com\/en\/optimum-digital-raises-its-target-in-european-market-with-new-sales-director\/#breadcrumb"},"inLanguage":"en-US","potentialAction":[{"@type":"ReadAction","target":["https:\/\/www.textilegence.com\/en\/optimum-digital-raises-its-target-in-european-market-with-new-sales-director\/"]}]},{"@type":"ImageObject","inLanguage":"en-US","@id":"https:\/\/www.textilegence.com\/en\/optimum-digital-raises-its-target-in-european-market-with-new-sales-director\/#primaryimage","url":"https:\/\/www.textilegence.com\/wp-content\/uploads\/2023\/01\/optimum-digital-textilegence-1.jpg","contentUrl":"https:\/\/www.textilegence.com\/wp-content\/uploads\/2023\/01\/optimum-digital-textilegence-1.jpg","width":1920,"height":1080},{"@type":"BreadcrumbList","@id":"https:\/\/www.textilegence.com\/en\/optimum-digital-raises-its-target-in-european-market-with-new-sales-director\/#breadcrumb","itemListElement":[{"@type":"ListItem","position":1,"name":"Home Page","item":"https:\/\/www.textilegence.com\/en\/homepage-the-rimont\/"},{"@type":"ListItem","position":2,"name":"Printing","item":"https:\/\/www.textilegence.com\/en\/category\/printing\/"},{"@type":"ListItem","position":3,"name":"Optimum Digital raises its target in European market with new sales director"}]},{"@type":"WebSite","@id":"https:\/\/www.textilegence.com\/en\/#website","url":"https:\/\/www.textilegence.com\/en\/","name":"Textilegence Magazine and Digital Platform","description":"Textile News Center","publisher":{"@id":"https:\/\/www.textilegence.com\/en\/#organization"},"potentialAction":[{"@type":"SearchAction","target":{"@type":"EntryPoint","urlTemplate":"https:\/\/www.textilegence.com\/en\/?s={search_term_string}"},"query-input":{"@type":"PropertyValueSpecification","valueRequired":true,"valueName":"search_term_string"}}],"inLanguage":"en-US"},{"@type":"Organization","@id":"https:\/\/www.textilegence.com\/en\/#organization","name":"Textilegence Magazine and Digital Platform","url":"https:\/\/www.textilegence.com\/en\/","logo":{"@type":"ImageObject","inLanguage":"en-US","@id":"https:\/\/www.textilegence.com\/en\/#\/schema\/logo\/image\/","url":"https:\/\/www.textilegence.com\/wp-content\/uploads\/2016\/11\/New_Retina_Logo_Textilegence.png","contentUrl":"https:\/\/www.textilegence.com\/wp-content\/uploads\/2016\/11\/New_Retina_Logo_Textilegence.png","width":544,"height":180,"caption":"Textilegence Magazine and Digital Platform"},"image":{"@id":"https:\/\/www.textilegence.com\/en\/#\/schema\/logo\/image\/"},"sameAs":["https:\/\/www.facebook.com\/TextilegenceMagazine","https:\/\/x.com\/textilegence","https:\/\/www.instagram.com\/textilegence\/","https:\/\/www.linkedin.com\/groups\/Textilegence-Magazine-Digital-Platform-4897253","https:\/\/www.youtube.com\/user\/textilegence"],"description":"Textilegence is a magazine and digital platform established in 2013. It focuses on the textile industry and sub-segments. The platform provides news, articles, and updates on various aspects of the textile industry, including sustainability, technological advancements, and market trends.","email":"editor@textilegence.com","telephone":"+90 212 442 24 12","legalName":"Textilegence Mag and Digital Platform","foundingDate":"2013-01-01","numberOfEmployees":{"@type":"QuantitativeValue","minValue":"1","maxValue":"10"}},{"@type":"Person","@id":"https:\/\/www.textilegence.com\/en\/#\/schema\/person\/cfa6baf17f0478131c673c93a9b88ef3","name":"Ya\u011fmur Melis \u015eim\u015fek","image":{"@type":"ImageObject","inLanguage":"en-US","@id":"https:\/\/www.textilegence.com\/wp-content\/uploads\/2022\/03\/Yagmur_photo1.jpg","url":"https:\/\/www.textilegence.com\/wp-content\/uploads\/2022\/03\/Yagmur_photo1.jpg","contentUrl":"https:\/\/www.textilegence.com\/wp-content\/uploads\/2022\/03\/Yagmur_photo1.jpg","caption":"Ya\u011fmur Melis \u015eim\u015fek"},"description":"Ya\u011fmur Melis \u015eim\u015fek, Saint-Beno\u00eet Frans\u0131z Lisesi\u2019nde e\u011fitim g\u00f6rm\u00fc\u015f, ard\u0131ndan Anadolu \u00dcniversitesi\u2019nde iki y\u0131ll\u0131k Foto\u011fraf\u00e7\u0131l\u0131k B\u00f6l\u00fcm\u00fc\u2019n\u00fc tamamlam\u0131\u015ft\u0131r. Daha sonra lisans e\u011fitimini \u0130stanbul \u00dcniversitesi Gazetecilik B\u00f6l\u00fcm\u00fc\u2019nde s\u00fcrd\u00fcrm\u00fc\u015f, mezuniyetin ard\u0131ndan ise 2017 y\u0131l\u0131nda i\u015f hayat\u0131na at\u0131lm\u0131\u015ft\u0131r. Pek \u00e7ok farkl\u0131 projede, foto\u011fraf\u00e7\u0131l\u0131k ve grafik tasar\u0131mc\u0131l\u0131\u011f\u0131n yan\u0131 s\u0131ra teknoloji alan\u0131nda i\u00e7erik ve haber yazarl\u0131\u011f\u0131 gibi \u00e7e\u015fitli pozisyonlarda yer alan \u015eim\u015fek, 2021 y\u0131l\u0131ndan bu yana Textilegence\u2019da d\u0131\u015f haberlerde yard\u0131mc\u0131 edit\u00f6r olarak g\u00f6rev yapmaktad\u0131r.","sameAs":["https:\/\/www.textilegence.com\/","https:\/\/www.facebook.com\/TextilegenceMagazine","https:\/\/www.instagram.com\/textilegence\/","https:\/\/www.linkedin.com\/company\/2985016","https:\/\/x.com\/https:\/\/twitter.com\/textilegence","https:\/\/www.youtube.com\/channel\/UCgtcny5ljhiXu-yvOiAlpRA"],"url":"https:\/\/www.textilegence.com\/en\/author\/yms\/"}]}},"_links":{"self":[{"href":"https:\/\/www.textilegence.com\/en\/wp-json\/wp\/v2\/posts\/51979","targetHints":{"allow":["GET"]}}],"collection":[{"href":"https:\/\/www.textilegence.com\/en\/wp-json\/wp\/v2\/posts"}],"about":[{"href":"https:\/\/www.textilegence.com\/en\/wp-json\/wp\/v2\/types\/post"}],"author":[{"embeddable":true,"href":"https:\/\/www.textilegence.com\/en\/wp-json\/wp\/v2\/users\/26"}],"replies":[{"embeddable":true,"href":"https:\/\/www.textilegence.com\/en\/wp-json\/wp\/v2\/comments?post=51979"}],"version-history":[{"count":0,"href":"https:\/\/www.textilegence.com\/en\/wp-json\/wp\/v2\/posts\/51979\/revisions"}],"wp:featuredmedia":[{"embeddable":true,"href":"https:\/\/www.textilegence.com\/en\/wp-json\/wp\/v2\/media\/51992"}],"wp:attachment":[{"href":"https:\/\/www.textilegence.com\/en\/wp-json\/wp\/v2\/media?parent=51979"}],"wp:term":[{"taxonomy":"category","embeddable":true,"href":"https:\/\/www.textilegence.com\/en\/wp-json\/wp\/v2\/categories?post=51979"},{"taxonomy":"post_tag","embeddable":true,"href":"https:\/\/www.textilegence.com\/en\/wp-json\/wp\/v2\/tags?post=51979"}],"curies":[{"name":"wp","href":"https:\/\/api.w.org\/{rel}","templated":true}]}}