{"id":52661,"date":"2023-03-10T17:00:44","date_gmt":"2023-03-10T14:00:44","guid":{"rendered":"http:\/\/www.textilegence.com\/?p=52661"},"modified":"2023-03-10T17:00:48","modified_gmt":"2023-03-10T14:00:48","slug":"groz-beckert-to-exhibit-its-latest-carding-solutions-at-index","status":"publish","type":"post","link":"https:\/\/www.textilegence.com\/en\/groz-beckert-to-exhibit-its-latest-carding-solutions-at-index\/","title":{"rendered":"Groz-Beckert to exhibit its latest carding solutions at INDEX\u2122"},"content":{"rendered":"\n<p>Groz-Beckert, the provider of industrial machine needles, precision parts and fine tools, as well as systems and services for the production and joining of textile fabrics, will be presenting the latest innovations from its product area Carding to visitors at INDEX\u2122 in Geneva, Switzerland, on April, 18\u201321. INDEX\u2122, one of the leading international trade fairs for the <a href=\"https:\/\/www.textilegence.com\/en\/category\/weaving\/\" target=\"_blank\" rel=\"noreferrer noopener\">nonwoven <\/a>sector is expected to host over 660 exhibitors and around 13,000 visitors from more than 100 countries in an exhibition area of over 50,000 m2. The InLine card clothing series for the nonwoven industry will take centre stage at the Groz-Beckert exhibition booth 2541. While a new and patented manufacturing process made the development of the innovative metallic card clothing series possible, it offers customers improved process reliability and increased uptime of the card. At the same time, the new process enables environmentally friendly and resource-saving production.<\/p>\n\n\n\n<p>In addition to a controlled and precise hardening of the teeth, the wires are characterized by a reduced rib height and a completely scale-free surface. An exhibit at the booth will demonstrate what distinguishes the new process from the conventional production method and will highlight the differences between the new Groz-Beckert InLine card clothing series and its predecessor generation.<\/p>\n\n\n<div class=\"wp-block-image\">\n<figure class=\"aligncenter size-full\"><img loading=\"lazy\" decoding=\"async\" width=\"1920\" height=\"1080\" src=\"https:\/\/www.textilegence.com\/wp-content\/uploads\/2023\/03\/groz-beckert-detail.jpg\" alt=\"\" class=\"wp-image-52659\" srcset=\"https:\/\/www.textilegence.com\/wp-content\/uploads\/2023\/03\/groz-beckert-detail.jpg 1920w, https:\/\/www.textilegence.com\/wp-content\/uploads\/2023\/03\/groz-beckert-detail-768x432.jpg 768w, https:\/\/www.textilegence.com\/wp-content\/uploads\/2023\/03\/groz-beckert-detail-1536x864.jpg 1536w, https:\/\/www.textilegence.com\/wp-content\/uploads\/2023\/03\/groz-beckert-detail-300x169.jpg 300w, https:\/\/www.textilegence.com\/wp-content\/uploads\/2023\/03\/groz-beckert-detail-600x338.jpg 600w, https:\/\/www.textilegence.com\/wp-content\/uploads\/2023\/03\/groz-beckert-detail-696x392.jpg 696w, https:\/\/www.textilegence.com\/wp-content\/uploads\/2023\/03\/groz-beckert-detail-1068x601.jpg 1068w\" sizes=\"auto, (max-width: 1920px) 100vw, 1920px\" \/><figcaption class=\"wp-element-caption\">Groz-Beckert to exhibit its latest carding solutions at INDEX\u2122<\/figcaption><\/figure>\n<\/div>\n\n\n<h2 class=\"wp-block-heading\" id=\"h-visitors-will-experience-the-groz-beckert-technology-with-augmented-reality\">Visitors will experience the Groz-Beckert technology with augmented reality<\/h2>\n\n\n\n<p>The first special geometry of the Groz-Beckert InLine card clothing series to be developed was the SiroLock\u2122 plus worker and doffer wire. It impresses with a more effective fiber take-up, control and transfer. Augmented reality will allow visitors to experience the functionality and operating principle behind SiroLock\u2122 plus at INDEX\u2122.<\/p>\n\n\n\n<p>The <a href=\"https:\/\/www.groz-beckert.com\/\" target=\"_blank\" rel=\"noreferrer noopener\">company <\/a>focuses on top quality and offers industrial machine needles, precision parts and fine tools, as well as systems and services for the manufacture and joining of textile surfaces. Groz-Beckert and solidian, are also breaking into the growth field of textile reinforcements for sustainable construction. In cooperation with TKM, a market-leading specialist for industrial knives, the company is also expanding its product portfolio with industrial cutting solutions that play a key role in many manufacturing industries.<\/p>\n\n\n\n<p>Groz-Beckert employed around 9,500 people worldwide and generated a turnover of 814 million euros in 2022. The company is present with agencies, production and distribution subsidiaries in more than 150 countries around the world.<\/p>\n","protected":false},"excerpt":{"rendered":"<p>Groz-Beckert, the provider of industrial machine needles, precision parts and fine tools, as well as systems and services for the production and joining of textile fabrics, will be presenting the latest innovations from its product area Carding to visitors at INDEX\u2122 in Geneva, Switzerland, on April, 18\u201321. INDEX\u2122, one of the leading international trade fairs [&hellip;]<\/p>\n","protected":false},"author":8,"featured_media":52657,"comment_status":"open","ping_status":"closed","sticky":false,"template":"","format":"standard","meta":{"footnotes":""},"categories":[9856],"tags":[11151,10369,10227],"class_list":{"0":"post-52661","1":"post","2":"type-post","3":"status-publish","4":"format-standard","5":"has-post-thumbnail","7":"category-weaving","8":"tag-groz-beckert","9":"tag-textile-news-en","10":"tag-weaving"},"yoast_head":"<!-- This site is optimized with the Yoast SEO Premium plugin v27.3 (Yoast SEO v27.3) - https:\/\/yoast.com\/product\/yoast-seo-premium-wordpress\/ -->\n<title>Groz-Beckert to exhibit its latest carding solutions at INDEX\u2122 - Textilegence<\/title>\n<meta name=\"description\" content=\"Groz-Beckert, the provider of industrial machine needles, precision parts and fine tools, as well as systems and services for...\" \/>\n<meta name=\"robots\" content=\"index, follow, max-snippet:-1, max-image-preview:large, max-video-preview:-1\" \/>\n<link rel=\"canonical\" href=\"https:\/\/www.textilegence.com\/en\/groz-beckert-to-exhibit-its-latest-carding-solutions-at-index\/\" \/>\n<meta property=\"og:locale\" content=\"en_US\" \/>\n<meta property=\"og:type\" content=\"article\" \/>\n<meta property=\"og:title\" content=\"Groz-Beckert to exhibit its latest carding solutions at INDEX\u2122\" \/>\n<meta property=\"og:description\" content=\"Groz-Beckert, the provider of industrial machine needles, precision parts and fine tools, as well as systems and services for the production and joining\" \/>\n<meta property=\"og:url\" content=\"https:\/\/www.textilegence.com\/en\/groz-beckert-to-exhibit-its-latest-carding-solutions-at-index\/\" \/>\n<meta property=\"og:site_name\" content=\"Textilegence Magazine and Digital Platform\" \/>\n<meta property=\"article:publisher\" content=\"https:\/\/www.facebook.com\/TextilegenceMagazine\" \/>\n<meta property=\"article:author\" content=\"https:\/\/www.facebook.com\/TextilegenceMagazine\" \/>\n<meta property=\"article:published_time\" content=\"2023-03-10T14:00:44+00:00\" \/>\n<meta property=\"article:modified_time\" content=\"2023-03-10T14:00:48+00:00\" \/>\n<meta property=\"og:image\" content=\"https:\/\/www.textilegence.com\/wp-content\/uploads\/2023\/03\/groz-beckert-textilegence.jpg\" \/>\n\t<meta property=\"og:image:width\" content=\"1920\" \/>\n\t<meta property=\"og:image:height\" content=\"1080\" \/>\n\t<meta property=\"og:image:type\" content=\"image\/jpeg\" \/>\n<meta name=\"author\" content=\"Fatih Cengiarslan\" \/>\n<meta name=\"twitter:card\" content=\"summary_large_image\" \/>\n<meta name=\"twitter:creator\" content=\"@https:\/\/twitter.com\/textilegence\" \/>\n<meta name=\"twitter:site\" content=\"@textilegence\" \/>\n<meta name=\"twitter:label1\" content=\"Written by\" \/>\n\t<meta name=\"twitter:data1\" content=\"Fatih Cengiarslan\" \/>\n\t<meta name=\"twitter:label2\" content=\"Est. reading time\" \/>\n\t<meta name=\"twitter:data2\" content=\"3 minutes\" \/>\n<script type=\"application\/ld+json\" class=\"yoast-schema-graph\">{\"@context\":\"https:\\\/\\\/schema.org\",\"@graph\":[{\"@type\":\"NewsArticle\",\"@id\":\"https:\\\/\\\/www.textilegence.com\\\/en\\\/groz-beckert-to-exhibit-its-latest-carding-solutions-at-index\\\/#article\",\"isPartOf\":{\"@id\":\"https:\\\/\\\/www.textilegence.com\\\/en\\\/groz-beckert-to-exhibit-its-latest-carding-solutions-at-index\\\/\"},\"author\":{\"name\":\"Fatih Cengiarslan\",\"@id\":\"https:\\\/\\\/www.textilegence.com\\\/en\\\/#\\\/schema\\\/person\\\/1c3977109f8a6e1e2b95678836d75cb7\"},\"headline\":\"Groz-Beckert to exhibit its latest carding solutions at INDEX\u2122\",\"datePublished\":\"2023-03-10T14:00:44+00:00\",\"dateModified\":\"2023-03-10T14:00:48+00:00\",\"mainEntityOfPage\":{\"@id\":\"https:\\\/\\\/www.textilegence.com\\\/en\\\/groz-beckert-to-exhibit-its-latest-carding-solutions-at-index\\\/\"},\"wordCount\":382,\"commentCount\":0,\"publisher\":{\"@id\":\"https:\\\/\\\/www.textilegence.com\\\/en\\\/#organization\"},\"image\":{\"@id\":\"https:\\\/\\\/www.textilegence.com\\\/en\\\/groz-beckert-to-exhibit-its-latest-carding-solutions-at-index\\\/#primaryimage\"},\"thumbnailUrl\":\"https:\\\/\\\/www.textilegence.com\\\/wp-content\\\/uploads\\\/2023\\\/03\\\/groz-beckert-textilegence.jpg\",\"keywords\":[\"groz-beckert\",\"textile news\",\"weaving\"],\"articleSection\":[\"Weaving\"],\"inLanguage\":\"en-US\",\"potentialAction\":[{\"@type\":\"CommentAction\",\"name\":\"Comment\",\"target\":[\"https:\\\/\\\/www.textilegence.com\\\/en\\\/groz-beckert-to-exhibit-its-latest-carding-solutions-at-index\\\/#respond\"]}]},{\"@type\":\"WebPage\",\"@id\":\"https:\\\/\\\/www.textilegence.com\\\/en\\\/groz-beckert-to-exhibit-its-latest-carding-solutions-at-index\\\/\",\"url\":\"https:\\\/\\\/www.textilegence.com\\\/en\\\/groz-beckert-to-exhibit-its-latest-carding-solutions-at-index\\\/\",\"name\":\"Groz-Beckert to exhibit its latest carding solutions at INDEX\u2122 - Textilegence\",\"isPartOf\":{\"@id\":\"https:\\\/\\\/www.textilegence.com\\\/en\\\/#website\"},\"primaryImageOfPage\":{\"@id\":\"https:\\\/\\\/www.textilegence.com\\\/en\\\/groz-beckert-to-exhibit-its-latest-carding-solutions-at-index\\\/#primaryimage\"},\"image\":{\"@id\":\"https:\\\/\\\/www.textilegence.com\\\/en\\\/groz-beckert-to-exhibit-its-latest-carding-solutions-at-index\\\/#primaryimage\"},\"thumbnailUrl\":\"https:\\\/\\\/www.textilegence.com\\\/wp-content\\\/uploads\\\/2023\\\/03\\\/groz-beckert-textilegence.jpg\",\"datePublished\":\"2023-03-10T14:00:44+00:00\",\"dateModified\":\"2023-03-10T14:00:48+00:00\",\"description\":\"Groz-Beckert, the provider of industrial machine needles, precision parts and fine tools, as well as systems and services for...\",\"breadcrumb\":{\"@id\":\"https:\\\/\\\/www.textilegence.com\\\/en\\\/groz-beckert-to-exhibit-its-latest-carding-solutions-at-index\\\/#breadcrumb\"},\"inLanguage\":\"en-US\",\"potentialAction\":[{\"@type\":\"ReadAction\",\"target\":[\"https:\\\/\\\/www.textilegence.com\\\/en\\\/groz-beckert-to-exhibit-its-latest-carding-solutions-at-index\\\/\"]}]},{\"@type\":\"ImageObject\",\"inLanguage\":\"en-US\",\"@id\":\"https:\\\/\\\/www.textilegence.com\\\/en\\\/groz-beckert-to-exhibit-its-latest-carding-solutions-at-index\\\/#primaryimage\",\"url\":\"https:\\\/\\\/www.textilegence.com\\\/wp-content\\\/uploads\\\/2023\\\/03\\\/groz-beckert-textilegence.jpg\",\"contentUrl\":\"https:\\\/\\\/www.textilegence.com\\\/wp-content\\\/uploads\\\/2023\\\/03\\\/groz-beckert-textilegence.jpg\",\"width\":1920,\"height\":1080},{\"@type\":\"BreadcrumbList\",\"@id\":\"https:\\\/\\\/www.textilegence.com\\\/en\\\/groz-beckert-to-exhibit-its-latest-carding-solutions-at-index\\\/#breadcrumb\",\"itemListElement\":[{\"@type\":\"ListItem\",\"position\":1,\"name\":\"Home Page\",\"item\":\"https:\\\/\\\/www.textilegence.com\\\/en\\\/homepage-the-rimont\\\/\"},{\"@type\":\"ListItem\",\"position\":2,\"name\":\"Weaving\",\"item\":\"https:\\\/\\\/www.textilegence.com\\\/en\\\/category\\\/weaving\\\/\"},{\"@type\":\"ListItem\",\"position\":3,\"name\":\"Groz-Beckert to exhibit its latest carding solutions at INDEX\u2122\"}]},{\"@type\":\"WebSite\",\"@id\":\"https:\\\/\\\/www.textilegence.com\\\/en\\\/#website\",\"url\":\"https:\\\/\\\/www.textilegence.com\\\/en\\\/\",\"name\":\"Textilegence Magazine and Digital Platform\",\"description\":\"Textile News Center\",\"publisher\":{\"@id\":\"https:\\\/\\\/www.textilegence.com\\\/en\\\/#organization\"},\"potentialAction\":[{\"@type\":\"SearchAction\",\"target\":{\"@type\":\"EntryPoint\",\"urlTemplate\":\"https:\\\/\\\/www.textilegence.com\\\/en\\\/?s={search_term_string}\"},\"query-input\":{\"@type\":\"PropertyValueSpecification\",\"valueRequired\":true,\"valueName\":\"search_term_string\"}}],\"inLanguage\":\"en-US\"},{\"@type\":\"Organization\",\"@id\":\"https:\\\/\\\/www.textilegence.com\\\/en\\\/#organization\",\"name\":\"Textilegence Magazine and Digital Platform\",\"url\":\"https:\\\/\\\/www.textilegence.com\\\/en\\\/\",\"logo\":{\"@type\":\"ImageObject\",\"inLanguage\":\"en-US\",\"@id\":\"https:\\\/\\\/www.textilegence.com\\\/en\\\/#\\\/schema\\\/logo\\\/image\\\/\",\"url\":\"https:\\\/\\\/www.textilegence.com\\\/wp-content\\\/uploads\\\/2016\\\/11\\\/New_Retina_Logo_Textilegence.png\",\"contentUrl\":\"https:\\\/\\\/www.textilegence.com\\\/wp-content\\\/uploads\\\/2016\\\/11\\\/New_Retina_Logo_Textilegence.png\",\"width\":544,\"height\":180,\"caption\":\"Textilegence Magazine and Digital Platform\"},\"image\":{\"@id\":\"https:\\\/\\\/www.textilegence.com\\\/en\\\/#\\\/schema\\\/logo\\\/image\\\/\"},\"sameAs\":[\"https:\\\/\\\/www.facebook.com\\\/TextilegenceMagazine\",\"https:\\\/\\\/x.com\\\/textilegence\",\"https:\\\/\\\/www.instagram.com\\\/textilegence\\\/\",\"https:\\\/\\\/www.linkedin.com\\\/groups\\\/Textilegence-Magazine-Digital-Platform-4897253\",\"https:\\\/\\\/www.youtube.com\\\/user\\\/textilegence\"],\"description\":\"Textilegence is a magazine and digital platform established in 2013. It focuses on the textile industry and sub-segments. The platform provides news, articles, and updates on various aspects of the textile industry, including sustainability, technological advancements, and market trends.\",\"email\":\"editor@textilegence.com\",\"telephone\":\"+90 212 442 24 12\",\"legalName\":\"Textilegence Mag and Digital Platform\",\"foundingDate\":\"2013-01-01\",\"numberOfEmployees\":{\"@type\":\"QuantitativeValue\",\"minValue\":\"1\",\"maxValue\":\"10\"}},{\"@type\":\"Person\",\"@id\":\"https:\\\/\\\/www.textilegence.com\\\/en\\\/#\\\/schema\\\/person\\\/1c3977109f8a6e1e2b95678836d75cb7\",\"name\":\"Fatih Cengiarslan\",\"image\":{\"@type\":\"ImageObject\",\"inLanguage\":\"en-US\",\"@id\":\"https:\\\/\\\/www.textilegence.com\\\/wp-content\\\/uploads\\\/2018\\\/12\\\/fatih-cengiarslan.jpg\",\"url\":\"https:\\\/\\\/www.textilegence.com\\\/wp-content\\\/uploads\\\/2018\\\/12\\\/fatih-cengiarslan.jpg\",\"contentUrl\":\"https:\\\/\\\/www.textilegence.com\\\/wp-content\\\/uploads\\\/2018\\\/12\\\/fatih-cengiarslan.jpg\",\"caption\":\"Fatih Cengiarslan\"},\"description\":\"Fatih Cengiarslan; Akademik \u0130ngilizce e\u011fitimini Bat\u0131 Avustralya \u00dcniversitesi\u2019nde tamamlad\u0131ktan sonra T\u00fcrkiye\u2019ye d\u00f6nerek \u0130stanbul Ayd\u0131n \u00dcniversitesi\u2019nde \u0130nternet Gazetecili\u011fi ve Yay\u0131nc\u0131l\u0131k b\u00f6l\u00fcm\u00fcn\u00fc bitirip, Litvanya \u2013 Kaunas Teknoloji \u00dcniversitesi\u2019nde interaktif media \u00fczerine 8 ayl\u0131k e\u011fitim ald\u0131. Daha sonra Eski\u015fehir Anadolu \u00dcniversitesi girerek \u0130\u015fletme Fak\u00fcltesini ba\u015far\u0131yla tamamlad\u0131. CNNTURK\u2019 kanal\u0131nda staj\u0131n\u0131 tamamlad\u0131ktan sonra Referans Gazetesi\u2019nde \u00e7al\u0131\u015fmaya ba\u015flad\u0131. 2 y\u0131l sonra Textilegence markas\u0131yla tekstil end\u00fcstrisine y\u00f6nelik kendi medyas\u0131n\u0131 kurdu. \u015eu anda Textilegence.com, Printing3D ve NEFA PR Ajans\u0131\u2019n\u0131n 12 y\u0131ld\u0131r y\u00f6netimini yapmaktad\u0131r.\",\"sameAs\":[\"https:\\\/\\\/www.textilegence.com\",\"https:\\\/\\\/www.facebook.com\\\/TextilegenceMagazine\",\"https:\\\/\\\/www.instagram.com\\\/textilegence\\\/\",\"https:\\\/\\\/www.linkedin.com\\\/in\\\/fatih-cengiarslan-32352265\\\/\",\"https:\\\/\\\/x.com\\\/https:\\\/\\\/twitter.com\\\/textilegence\"],\"url\":\"https:\\\/\\\/www.textilegence.com\\\/en\\\/author\\\/admin\\\/\"}]}<\/script>\n<!-- \/ Yoast SEO Premium plugin. -->","yoast_head_json":{"title":"Groz-Beckert to exhibit its latest carding solutions at INDEX\u2122 - Textilegence","description":"Groz-Beckert, the provider of industrial machine needles, precision parts and fine tools, as well as systems and services for...","robots":{"index":"index","follow":"follow","max-snippet":"max-snippet:-1","max-image-preview":"max-image-preview:large","max-video-preview":"max-video-preview:-1"},"canonical":"https:\/\/www.textilegence.com\/en\/groz-beckert-to-exhibit-its-latest-carding-solutions-at-index\/","og_locale":"en_US","og_type":"article","og_title":"Groz-Beckert to exhibit its latest carding solutions at INDEX\u2122","og_description":"Groz-Beckert, the provider of industrial machine needles, precision parts and fine tools, as well as systems and services for the production and joining","og_url":"https:\/\/www.textilegence.com\/en\/groz-beckert-to-exhibit-its-latest-carding-solutions-at-index\/","og_site_name":"Textilegence Magazine and Digital Platform","article_publisher":"https:\/\/www.facebook.com\/TextilegenceMagazine","article_author":"https:\/\/www.facebook.com\/TextilegenceMagazine","article_published_time":"2023-03-10T14:00:44+00:00","article_modified_time":"2023-03-10T14:00:48+00:00","og_image":[{"width":1920,"height":1080,"url":"https:\/\/www.textilegence.com\/wp-content\/uploads\/2023\/03\/groz-beckert-textilegence.jpg","type":"image\/jpeg"}],"author":"Fatih Cengiarslan","twitter_card":"summary_large_image","twitter_creator":"@https:\/\/twitter.com\/textilegence","twitter_site":"@textilegence","twitter_misc":{"Written by":"Fatih Cengiarslan","Est. reading time":"3 minutes"},"schema":{"@context":"https:\/\/schema.org","@graph":[{"@type":"NewsArticle","@id":"https:\/\/www.textilegence.com\/en\/groz-beckert-to-exhibit-its-latest-carding-solutions-at-index\/#article","isPartOf":{"@id":"https:\/\/www.textilegence.com\/en\/groz-beckert-to-exhibit-its-latest-carding-solutions-at-index\/"},"author":{"name":"Fatih Cengiarslan","@id":"https:\/\/www.textilegence.com\/en\/#\/schema\/person\/1c3977109f8a6e1e2b95678836d75cb7"},"headline":"Groz-Beckert to exhibit its latest carding solutions at INDEX\u2122","datePublished":"2023-03-10T14:00:44+00:00","dateModified":"2023-03-10T14:00:48+00:00","mainEntityOfPage":{"@id":"https:\/\/www.textilegence.com\/en\/groz-beckert-to-exhibit-its-latest-carding-solutions-at-index\/"},"wordCount":382,"commentCount":0,"publisher":{"@id":"https:\/\/www.textilegence.com\/en\/#organization"},"image":{"@id":"https:\/\/www.textilegence.com\/en\/groz-beckert-to-exhibit-its-latest-carding-solutions-at-index\/#primaryimage"},"thumbnailUrl":"https:\/\/www.textilegence.com\/wp-content\/uploads\/2023\/03\/groz-beckert-textilegence.jpg","keywords":["groz-beckert","textile news","weaving"],"articleSection":["Weaving"],"inLanguage":"en-US","potentialAction":[{"@type":"CommentAction","name":"Comment","target":["https:\/\/www.textilegence.com\/en\/groz-beckert-to-exhibit-its-latest-carding-solutions-at-index\/#respond"]}]},{"@type":"WebPage","@id":"https:\/\/www.textilegence.com\/en\/groz-beckert-to-exhibit-its-latest-carding-solutions-at-index\/","url":"https:\/\/www.textilegence.com\/en\/groz-beckert-to-exhibit-its-latest-carding-solutions-at-index\/","name":"Groz-Beckert to exhibit its latest carding solutions at INDEX\u2122 - Textilegence","isPartOf":{"@id":"https:\/\/www.textilegence.com\/en\/#website"},"primaryImageOfPage":{"@id":"https:\/\/www.textilegence.com\/en\/groz-beckert-to-exhibit-its-latest-carding-solutions-at-index\/#primaryimage"},"image":{"@id":"https:\/\/www.textilegence.com\/en\/groz-beckert-to-exhibit-its-latest-carding-solutions-at-index\/#primaryimage"},"thumbnailUrl":"https:\/\/www.textilegence.com\/wp-content\/uploads\/2023\/03\/groz-beckert-textilegence.jpg","datePublished":"2023-03-10T14:00:44+00:00","dateModified":"2023-03-10T14:00:48+00:00","description":"Groz-Beckert, the provider of industrial machine needles, precision parts and fine tools, as well as systems and services for...","breadcrumb":{"@id":"https:\/\/www.textilegence.com\/en\/groz-beckert-to-exhibit-its-latest-carding-solutions-at-index\/#breadcrumb"},"inLanguage":"en-US","potentialAction":[{"@type":"ReadAction","target":["https:\/\/www.textilegence.com\/en\/groz-beckert-to-exhibit-its-latest-carding-solutions-at-index\/"]}]},{"@type":"ImageObject","inLanguage":"en-US","@id":"https:\/\/www.textilegence.com\/en\/groz-beckert-to-exhibit-its-latest-carding-solutions-at-index\/#primaryimage","url":"https:\/\/www.textilegence.com\/wp-content\/uploads\/2023\/03\/groz-beckert-textilegence.jpg","contentUrl":"https:\/\/www.textilegence.com\/wp-content\/uploads\/2023\/03\/groz-beckert-textilegence.jpg","width":1920,"height":1080},{"@type":"BreadcrumbList","@id":"https:\/\/www.textilegence.com\/en\/groz-beckert-to-exhibit-its-latest-carding-solutions-at-index\/#breadcrumb","itemListElement":[{"@type":"ListItem","position":1,"name":"Home Page","item":"https:\/\/www.textilegence.com\/en\/homepage-the-rimont\/"},{"@type":"ListItem","position":2,"name":"Weaving","item":"https:\/\/www.textilegence.com\/en\/category\/weaving\/"},{"@type":"ListItem","position":3,"name":"Groz-Beckert to exhibit its latest carding solutions at INDEX\u2122"}]},{"@type":"WebSite","@id":"https:\/\/www.textilegence.com\/en\/#website","url":"https:\/\/www.textilegence.com\/en\/","name":"Textilegence Magazine and Digital Platform","description":"Textile News Center","publisher":{"@id":"https:\/\/www.textilegence.com\/en\/#organization"},"potentialAction":[{"@type":"SearchAction","target":{"@type":"EntryPoint","urlTemplate":"https:\/\/www.textilegence.com\/en\/?s={search_term_string}"},"query-input":{"@type":"PropertyValueSpecification","valueRequired":true,"valueName":"search_term_string"}}],"inLanguage":"en-US"},{"@type":"Organization","@id":"https:\/\/www.textilegence.com\/en\/#organization","name":"Textilegence Magazine and Digital Platform","url":"https:\/\/www.textilegence.com\/en\/","logo":{"@type":"ImageObject","inLanguage":"en-US","@id":"https:\/\/www.textilegence.com\/en\/#\/schema\/logo\/image\/","url":"https:\/\/www.textilegence.com\/wp-content\/uploads\/2016\/11\/New_Retina_Logo_Textilegence.png","contentUrl":"https:\/\/www.textilegence.com\/wp-content\/uploads\/2016\/11\/New_Retina_Logo_Textilegence.png","width":544,"height":180,"caption":"Textilegence Magazine and Digital Platform"},"image":{"@id":"https:\/\/www.textilegence.com\/en\/#\/schema\/logo\/image\/"},"sameAs":["https:\/\/www.facebook.com\/TextilegenceMagazine","https:\/\/x.com\/textilegence","https:\/\/www.instagram.com\/textilegence\/","https:\/\/www.linkedin.com\/groups\/Textilegence-Magazine-Digital-Platform-4897253","https:\/\/www.youtube.com\/user\/textilegence"],"description":"Textilegence is a magazine and digital platform established in 2013. It focuses on the textile industry and sub-segments. The platform provides news, articles, and updates on various aspects of the textile industry, including sustainability, technological advancements, and market trends.","email":"editor@textilegence.com","telephone":"+90 212 442 24 12","legalName":"Textilegence Mag and Digital Platform","foundingDate":"2013-01-01","numberOfEmployees":{"@type":"QuantitativeValue","minValue":"1","maxValue":"10"}},{"@type":"Person","@id":"https:\/\/www.textilegence.com\/en\/#\/schema\/person\/1c3977109f8a6e1e2b95678836d75cb7","name":"Fatih Cengiarslan","image":{"@type":"ImageObject","inLanguage":"en-US","@id":"https:\/\/www.textilegence.com\/wp-content\/uploads\/2018\/12\/fatih-cengiarslan.jpg","url":"https:\/\/www.textilegence.com\/wp-content\/uploads\/2018\/12\/fatih-cengiarslan.jpg","contentUrl":"https:\/\/www.textilegence.com\/wp-content\/uploads\/2018\/12\/fatih-cengiarslan.jpg","caption":"Fatih Cengiarslan"},"description":"Fatih Cengiarslan; Akademik \u0130ngilizce e\u011fitimini Bat\u0131 Avustralya \u00dcniversitesi\u2019nde tamamlad\u0131ktan sonra T\u00fcrkiye\u2019ye d\u00f6nerek \u0130stanbul Ayd\u0131n \u00dcniversitesi\u2019nde \u0130nternet Gazetecili\u011fi ve Yay\u0131nc\u0131l\u0131k b\u00f6l\u00fcm\u00fcn\u00fc bitirip, Litvanya \u2013 Kaunas Teknoloji \u00dcniversitesi\u2019nde interaktif media \u00fczerine 8 ayl\u0131k e\u011fitim ald\u0131. Daha sonra Eski\u015fehir Anadolu \u00dcniversitesi girerek \u0130\u015fletme Fak\u00fcltesini ba\u015far\u0131yla tamamlad\u0131. CNNTURK\u2019 kanal\u0131nda staj\u0131n\u0131 tamamlad\u0131ktan sonra Referans Gazetesi\u2019nde \u00e7al\u0131\u015fmaya ba\u015flad\u0131. 2 y\u0131l sonra Textilegence markas\u0131yla tekstil end\u00fcstrisine y\u00f6nelik kendi medyas\u0131n\u0131 kurdu. \u015eu anda Textilegence.com, Printing3D ve NEFA PR Ajans\u0131\u2019n\u0131n 12 y\u0131ld\u0131r y\u00f6netimini yapmaktad\u0131r.","sameAs":["https:\/\/www.textilegence.com","https:\/\/www.facebook.com\/TextilegenceMagazine","https:\/\/www.instagram.com\/textilegence\/","https:\/\/www.linkedin.com\/in\/fatih-cengiarslan-32352265\/","https:\/\/x.com\/https:\/\/twitter.com\/textilegence"],"url":"https:\/\/www.textilegence.com\/en\/author\/admin\/"}]}},"_links":{"self":[{"href":"https:\/\/www.textilegence.com\/en\/wp-json\/wp\/v2\/posts\/52661","targetHints":{"allow":["GET"]}}],"collection":[{"href":"https:\/\/www.textilegence.com\/en\/wp-json\/wp\/v2\/posts"}],"about":[{"href":"https:\/\/www.textilegence.com\/en\/wp-json\/wp\/v2\/types\/post"}],"author":[{"embeddable":true,"href":"https:\/\/www.textilegence.com\/en\/wp-json\/wp\/v2\/users\/8"}],"replies":[{"embeddable":true,"href":"https:\/\/www.textilegence.com\/en\/wp-json\/wp\/v2\/comments?post=52661"}],"version-history":[{"count":0,"href":"https:\/\/www.textilegence.com\/en\/wp-json\/wp\/v2\/posts\/52661\/revisions"}],"wp:featuredmedia":[{"embeddable":true,"href":"https:\/\/www.textilegence.com\/en\/wp-json\/wp\/v2\/media\/52657"}],"wp:attachment":[{"href":"https:\/\/www.textilegence.com\/en\/wp-json\/wp\/v2\/media?parent=52661"}],"wp:term":[{"taxonomy":"category","embeddable":true,"href":"https:\/\/www.textilegence.com\/en\/wp-json\/wp\/v2\/categories?post=52661"},{"taxonomy":"post_tag","embeddable":true,"href":"https:\/\/www.textilegence.com\/en\/wp-json\/wp\/v2\/tags?post=52661"}],"curies":[{"name":"wp","href":"https:\/\/api.w.org\/{rel}","templated":true}]}}