{"id":53041,"date":"2023-04-04T16:42:00","date_gmt":"2023-04-04T13:42:00","guid":{"rendered":"http:\/\/www.textilegence.com\/?p=53041"},"modified":"2023-04-04T16:42:04","modified_gmt":"2023-04-04T13:42:04","slug":"green-deal-industrial-plan-could-result-in-trade-wars","status":"publish","type":"post","link":"https:\/\/www.textilegence.com\/en\/green-deal-industrial-plan-could-result-in-trade-wars\/","title":{"rendered":"\u201cGreen Deal Industrial Plan could result in trade wars\u201d"},"content":{"rendered":"\n<p>Works that directly affect the EU\u2019s domestic market and all trading partners are continuing within the scope of the European Green Deal, which was first announced in December 2019 as a roadmap to make the European Union (EU) economy <a href=\"https:\/\/www.textilegence.com\/en\/category\/green-times\/\" target=\"_blank\" rel=\"noreferrer noopener\">sustainable<\/a>. The European Commission announced the Green Deal Industrial Plan on February 1, 2023, to increase the competitiveness of Europe\u2019s net zero industry and support a rapid transition to climate neutrality. The European Parliament\u2019s Committee on International Trade (INTA) discussed its commercial dimension at its meeting on March 1, 2023. <a href=\"https:\/\/www.eib.org.tr\/en\/\" target=\"_blank\" rel=\"noreferrer noopener\">Aegean Exporters\u2019 Associations<\/a> (E\u0130B) Coordinator President Jak Eskinazi, making statements on the topic, said: \u201cThe EU\u2019s biggest industrial transformation of all time is signalling that it could end in a trade war.\u201d<\/p>\n\n\n\n<h2 class=\"wp-block-heading\" id=\"h-turkish-exporters-will-be-hit-hard-by-the-eu-green-deal\">\u201cTurkish exporters will be hit hard by the EU Green Deal\u201d<\/h2>\n\n\n\n<p>Jak Eskinazi reminded that EU Commission President Ursula von der Leyen announced the Green Deal Industrial Plan for the first time in Davos this year, and said that the same issue was recently discussed between US President Biden and Leyen. Eskinazi continued as follows: \u201cWe think that Turkish exporters, who have been struggling both in accessing financing and maintaining their competitiveness for a long time due to the trade war on the Washington-Beijing line, export restrictions and protectionism measures, coronavirus pandemic, Ukraine-Russia war, inflation, energy crisis, recession, economic uncertainty, climate crisis, will be very hit hard by the EU Green Deal. Most important for exporters are the Eco-Label, Digital Product Passport and Carbon Border Adjustment Mechanism (CBAM). The European Green Deal Industrial Plan prepared in this context deepens our concerns.\u201d<\/p>\n\n\n<div class=\"wp-block-image\">\n<figure class=\"aligncenter size-full\"><img loading=\"lazy\" decoding=\"async\" width=\"1920\" height=\"1080\" src=\"https:\/\/www.textilegence.com\/wp-content\/uploads\/2023\/04\/green-deal-detail.jpg\" alt=\"\" class=\"wp-image-53034\" srcset=\"https:\/\/www.textilegence.com\/wp-content\/uploads\/2023\/04\/green-deal-detail.jpg 1920w, https:\/\/www.textilegence.com\/wp-content\/uploads\/2023\/04\/green-deal-detail-768x432.jpg 768w, https:\/\/www.textilegence.com\/wp-content\/uploads\/2023\/04\/green-deal-detail-1536x864.jpg 1536w, https:\/\/www.textilegence.com\/wp-content\/uploads\/2023\/04\/green-deal-detail-300x169.jpg 300w, https:\/\/www.textilegence.com\/wp-content\/uploads\/2023\/04\/green-deal-detail-600x338.jpg 600w, https:\/\/www.textilegence.com\/wp-content\/uploads\/2023\/04\/green-deal-detail-696x392.jpg 696w, https:\/\/www.textilegence.com\/wp-content\/uploads\/2023\/04\/green-deal-detail-1068x601.jpg 1068w\" sizes=\"auto, (max-width: 1920px) 100vw, 1920px\" \/><figcaption class=\"wp-element-caption\">E\u0130B Coordinator President Jak Eskinazi<\/figcaption><\/figure>\n<\/div>\n\n\n<h2 class=\"wp-block-heading\" id=\"h-european-union-protects-itself-with-the-green-deal-industrial-plan\">\u201cEuropean Union protects itself with the Green Deal Industrial Plan\u201d<\/h2>\n\n\n\n<p>Jak Eskinazi, stating that the European Continent, T\u00fcrkiye\u2019s largest export and import partner, has a total share of 48 percent of T\u00fcrkiye\u2019s exports and that the country exports 109 billion dollars to the region, also added that T\u00fcrkiye imports about 25 percent of its imports from the EU. Saying: \u201cEuropean Union is changing its supply chain from top to bottom with the Green Deal, and with the Green Deal Industrial Plan it is protecting itself against the global funding crisis and creating its own internal dynamics,\u201d Eskinazi pointed out that increasing support to EU countries within the framework of the Green Deal allows for a number of exemptions such as facilitating, diversifying, increasing and extending the processes.<\/p>\n\n\n\n<h2 class=\"wp-block-heading\" id=\"h-we-are-facing-a-mechanism-that-will-weaken-our-competitiveness\">\u201cWe are facing a mechanism that will weaken our competitiveness\u201d<\/h2>\n\n\n\n<p>Jak Eskinazi underlined that this move of the EU will increase import costs as well as make exports difficult and thus bring protectionism measures around the world, and made the following statement: \u201cAt the end of the day, we will either have to source our supplies from the EU, both in the markets we export to and in the markets where we import semi-finished products, or the countries from which we buy semi-finished products will also have to fulfil the requirements of the EU Green Deal. In short, we are facing a mechanism that will weaken our competitiveness. While our Customs Union agreement, which has been waiting for an update for a long time, has been seriously damaged by the barriers to bilateral trade, the cluster of trade wars and protectionism measures, new strategies need to be developed at the state level and harmonised according to EU standards in order to prevent the Green Deal Industrial Plan from turning into a new trade war.\u201d<\/p>\n\n\n<div class=\"wp-block-image\">\n<figure class=\"aligncenter size-full\"><img loading=\"lazy\" decoding=\"async\" width=\"1920\" height=\"1080\" src=\"https:\/\/www.textilegence.com\/wp-content\/uploads\/2023\/04\/green-deal-detail1.jpg\" alt=\"\" class=\"wp-image-53037\" srcset=\"https:\/\/www.textilegence.com\/wp-content\/uploads\/2023\/04\/green-deal-detail1.jpg 1920w, https:\/\/www.textilegence.com\/wp-content\/uploads\/2023\/04\/green-deal-detail1-768x432.jpg 768w, https:\/\/www.textilegence.com\/wp-content\/uploads\/2023\/04\/green-deal-detail1-1536x864.jpg 1536w, https:\/\/www.textilegence.com\/wp-content\/uploads\/2023\/04\/green-deal-detail1-300x169.jpg 300w, https:\/\/www.textilegence.com\/wp-content\/uploads\/2023\/04\/green-deal-detail1-600x338.jpg 600w, https:\/\/www.textilegence.com\/wp-content\/uploads\/2023\/04\/green-deal-detail1-696x392.jpg 696w, https:\/\/www.textilegence.com\/wp-content\/uploads\/2023\/04\/green-deal-detail1-1068x601.jpg 1068w\" sizes=\"auto, (max-width: 1920px) 100vw, 1920px\" \/><figcaption class=\"wp-element-caption\">\u201cTurkish exporters will be hit hard by the EU Green Deal\u201d<\/figcaption><\/figure>\n<\/div>\n\n\n<h2 class=\"wp-block-heading\" id=\"h-we-need-regulations-in-line-with-the-eu-green-deal\">\u201cWe need regulations in line with the EU Green Deal\u201d<\/h2>\n\n\n\n<p>Jak Eskinazi said: \u201cWe urgently need to negotiate an updated model to transform the Customs Union between T\u00fcrkiye and the EU into a Free Trade Agreement,\u201d and pointed out that T\u00fcrkiye should also ensure control in the countries it imports from. Eskinazi also stated that there is a need for legislative changes within the framework of the European Green Deal, and that other sectors with a high share in trade with the EU should be supported, starting with carbon-intensive sectors that need urgent transformation as a priority. Eskinazi disclosed: \u201cWe have already written to the Ministry of Trade regarding our views on the issue and we hope that an updated support package on sustainability will be announced. We need regulations in line with the European Green Deal.\u201d<\/p>\n","protected":false},"excerpt":{"rendered":"<p>Works that directly affect the EU\u2019s domestic market and all trading partners are continuing within the scope of the European Green Deal, which was first announced in December 2019 as a roadmap to make the European Union (EU) economy sustainable. The European Commission announced the Green Deal Industrial Plan on February 1, 2023, to increase [&hellip;]<\/p>\n","protected":false},"author":26,"featured_media":53032,"comment_status":"open","ping_status":"closed","sticky":false,"template":"","format":"standard","meta":{"footnotes":""},"categories":[14912],"tags":[14918,15072,14931,11143,10369],"class_list":{"0":"post-53041","1":"post","2":"type-post","3":"status-publish","4":"format-standard","5":"has-post-thumbnail","7":"category-green-times","8":"tag-aegean-exporters-association","9":"tag-european-green-deal","10":"tag-green-times","11":"tag-sustainability-en","12":"tag-textile-news-en"},"yoast_head":"<!-- This site is optimized with the Yoast SEO Premium plugin v27.3 (Yoast SEO v27.3) - https:\/\/yoast.com\/product\/yoast-seo-premium-wordpress\/ -->\n<title>\u201cGreen Deal Industrial Plan could result in trade wars\u201d - Textilegence<\/title>\n<meta name=\"description\" content=\"Works that directly affect the EU\u2019s domestic market and all trading partners are continuing within the scope of the European Green Deal...\" \/>\n<meta name=\"robots\" content=\"index, follow, max-snippet:-1, max-image-preview:large, max-video-preview:-1\" \/>\n<link rel=\"canonical\" href=\"https:\/\/www.textilegence.com\/en\/green-deal-industrial-plan-could-result-in-trade-wars\/\" \/>\n<meta property=\"og:locale\" content=\"en_US\" \/>\n<meta property=\"og:type\" content=\"article\" \/>\n<meta property=\"og:title\" content=\"\u201cGreen Deal Industrial Plan could result in trade wars\u201d\" \/>\n<meta property=\"og:description\" content=\"Works that directly affect the EU\u2019s domestic market and all trading partners are continuing within the scope of the European Green Deal, which was first\" \/>\n<meta property=\"og:url\" content=\"https:\/\/www.textilegence.com\/en\/green-deal-industrial-plan-could-result-in-trade-wars\/\" \/>\n<meta property=\"og:site_name\" content=\"Textilegence Magazine and Digital Platform\" \/>\n<meta property=\"article:publisher\" content=\"https:\/\/www.facebook.com\/TextilegenceMagazine\" \/>\n<meta property=\"article:author\" content=\"https:\/\/www.facebook.com\/TextilegenceMagazine\" \/>\n<meta property=\"article:published_time\" content=\"2023-04-04T13:42:00+00:00\" \/>\n<meta property=\"article:modified_time\" content=\"2023-04-04T13:42:04+00:00\" \/>\n<meta property=\"og:image\" content=\"https:\/\/www.textilegence.com\/wp-content\/uploads\/2023\/04\/green-deal-textilegence.jpg\" \/>\n\t<meta property=\"og:image:width\" content=\"1920\" \/>\n\t<meta property=\"og:image:height\" content=\"1080\" \/>\n\t<meta property=\"og:image:type\" content=\"image\/jpeg\" \/>\n<meta name=\"author\" content=\"Ya\u011fmur Melis \u015eim\u015fek\" \/>\n<meta name=\"twitter:card\" content=\"summary_large_image\" \/>\n<meta name=\"twitter:creator\" content=\"@https:\/\/twitter.com\/textilegence\" \/>\n<meta name=\"twitter:site\" content=\"@textilegence\" \/>\n<meta name=\"twitter:label1\" content=\"Written by\" \/>\n\t<meta name=\"twitter:data1\" content=\"Ya\u011fmur Melis \u015eim\u015fek\" \/>\n\t<meta name=\"twitter:label2\" content=\"Est. reading time\" \/>\n\t<meta name=\"twitter:data2\" content=\"5 minutes\" \/>\n<script type=\"application\/ld+json\" class=\"yoast-schema-graph\">{\"@context\":\"https:\\\/\\\/schema.org\",\"@graph\":[{\"@type\":\"NewsArticle\",\"@id\":\"https:\\\/\\\/www.textilegence.com\\\/en\\\/green-deal-industrial-plan-could-result-in-trade-wars\\\/#article\",\"isPartOf\":{\"@id\":\"https:\\\/\\\/www.textilegence.com\\\/en\\\/green-deal-industrial-plan-could-result-in-trade-wars\\\/\"},\"author\":{\"name\":\"Ya\u011fmur Melis \u015eim\u015fek\",\"@id\":\"https:\\\/\\\/www.textilegence.com\\\/en\\\/#\\\/schema\\\/person\\\/cfa6baf17f0478131c673c93a9b88ef3\"},\"headline\":\"\u201cGreen Deal Industrial Plan could result in trade wars\u201d\",\"datePublished\":\"2023-04-04T13:42:00+00:00\",\"dateModified\":\"2023-04-04T13:42:04+00:00\",\"mainEntityOfPage\":{\"@id\":\"https:\\\/\\\/www.textilegence.com\\\/en\\\/green-deal-industrial-plan-could-result-in-trade-wars\\\/\"},\"wordCount\":730,\"commentCount\":0,\"publisher\":{\"@id\":\"https:\\\/\\\/www.textilegence.com\\\/en\\\/#organization\"},\"image\":{\"@id\":\"https:\\\/\\\/www.textilegence.com\\\/en\\\/green-deal-industrial-plan-could-result-in-trade-wars\\\/#primaryimage\"},\"thumbnailUrl\":\"https:\\\/\\\/www.textilegence.com\\\/wp-content\\\/uploads\\\/2023\\\/04\\\/green-deal-textilegence.jpg\",\"keywords\":[\"aegean exporters association\",\"European Green Deal\",\"green times\",\"sustainability\",\"textile news\"],\"articleSection\":[\"Green Times\"],\"inLanguage\":\"en-US\",\"potentialAction\":[{\"@type\":\"CommentAction\",\"name\":\"Comment\",\"target\":[\"https:\\\/\\\/www.textilegence.com\\\/en\\\/green-deal-industrial-plan-could-result-in-trade-wars\\\/#respond\"]}]},{\"@type\":\"WebPage\",\"@id\":\"https:\\\/\\\/www.textilegence.com\\\/en\\\/green-deal-industrial-plan-could-result-in-trade-wars\\\/\",\"url\":\"https:\\\/\\\/www.textilegence.com\\\/en\\\/green-deal-industrial-plan-could-result-in-trade-wars\\\/\",\"name\":\"\u201cGreen Deal Industrial Plan could result in trade wars\u201d - Textilegence\",\"isPartOf\":{\"@id\":\"https:\\\/\\\/www.textilegence.com\\\/en\\\/#website\"},\"primaryImageOfPage\":{\"@id\":\"https:\\\/\\\/www.textilegence.com\\\/en\\\/green-deal-industrial-plan-could-result-in-trade-wars\\\/#primaryimage\"},\"image\":{\"@id\":\"https:\\\/\\\/www.textilegence.com\\\/en\\\/green-deal-industrial-plan-could-result-in-trade-wars\\\/#primaryimage\"},\"thumbnailUrl\":\"https:\\\/\\\/www.textilegence.com\\\/wp-content\\\/uploads\\\/2023\\\/04\\\/green-deal-textilegence.jpg\",\"datePublished\":\"2023-04-04T13:42:00+00:00\",\"dateModified\":\"2023-04-04T13:42:04+00:00\",\"description\":\"Works that directly affect the EU\u2019s domestic market and all trading partners are continuing within the scope of the European Green Deal...\",\"breadcrumb\":{\"@id\":\"https:\\\/\\\/www.textilegence.com\\\/en\\\/green-deal-industrial-plan-could-result-in-trade-wars\\\/#breadcrumb\"},\"inLanguage\":\"en-US\",\"potentialAction\":[{\"@type\":\"ReadAction\",\"target\":[\"https:\\\/\\\/www.textilegence.com\\\/en\\\/green-deal-industrial-plan-could-result-in-trade-wars\\\/\"]}]},{\"@type\":\"ImageObject\",\"inLanguage\":\"en-US\",\"@id\":\"https:\\\/\\\/www.textilegence.com\\\/en\\\/green-deal-industrial-plan-could-result-in-trade-wars\\\/#primaryimage\",\"url\":\"https:\\\/\\\/www.textilegence.com\\\/wp-content\\\/uploads\\\/2023\\\/04\\\/green-deal-textilegence.jpg\",\"contentUrl\":\"https:\\\/\\\/www.textilegence.com\\\/wp-content\\\/uploads\\\/2023\\\/04\\\/green-deal-textilegence.jpg\",\"width\":1920,\"height\":1080},{\"@type\":\"BreadcrumbList\",\"@id\":\"https:\\\/\\\/www.textilegence.com\\\/en\\\/green-deal-industrial-plan-could-result-in-trade-wars\\\/#breadcrumb\",\"itemListElement\":[{\"@type\":\"ListItem\",\"position\":1,\"name\":\"Home Page\",\"item\":\"https:\\\/\\\/www.textilegence.com\\\/en\\\/homepage-the-rimont\\\/\"},{\"@type\":\"ListItem\",\"position\":2,\"name\":\"Green Times\",\"item\":\"https:\\\/\\\/www.textilegence.com\\\/en\\\/category\\\/green-times\\\/\"},{\"@type\":\"ListItem\",\"position\":3,\"name\":\"\u201cGreen Deal Industrial Plan could result in trade wars\u201d\"}]},{\"@type\":\"WebSite\",\"@id\":\"https:\\\/\\\/www.textilegence.com\\\/en\\\/#website\",\"url\":\"https:\\\/\\\/www.textilegence.com\\\/en\\\/\",\"name\":\"Textilegence Magazine and Digital Platform\",\"description\":\"Textile News Center\",\"publisher\":{\"@id\":\"https:\\\/\\\/www.textilegence.com\\\/en\\\/#organization\"},\"potentialAction\":[{\"@type\":\"SearchAction\",\"target\":{\"@type\":\"EntryPoint\",\"urlTemplate\":\"https:\\\/\\\/www.textilegence.com\\\/en\\\/?s={search_term_string}\"},\"query-input\":{\"@type\":\"PropertyValueSpecification\",\"valueRequired\":true,\"valueName\":\"search_term_string\"}}],\"inLanguage\":\"en-US\"},{\"@type\":\"Organization\",\"@id\":\"https:\\\/\\\/www.textilegence.com\\\/en\\\/#organization\",\"name\":\"Textilegence Magazine and Digital Platform\",\"url\":\"https:\\\/\\\/www.textilegence.com\\\/en\\\/\",\"logo\":{\"@type\":\"ImageObject\",\"inLanguage\":\"en-US\",\"@id\":\"https:\\\/\\\/www.textilegence.com\\\/en\\\/#\\\/schema\\\/logo\\\/image\\\/\",\"url\":\"https:\\\/\\\/www.textilegence.com\\\/wp-content\\\/uploads\\\/2016\\\/11\\\/New_Retina_Logo_Textilegence.png\",\"contentUrl\":\"https:\\\/\\\/www.textilegence.com\\\/wp-content\\\/uploads\\\/2016\\\/11\\\/New_Retina_Logo_Textilegence.png\",\"width\":544,\"height\":180,\"caption\":\"Textilegence Magazine and Digital Platform\"},\"image\":{\"@id\":\"https:\\\/\\\/www.textilegence.com\\\/en\\\/#\\\/schema\\\/logo\\\/image\\\/\"},\"sameAs\":[\"https:\\\/\\\/www.facebook.com\\\/TextilegenceMagazine\",\"https:\\\/\\\/x.com\\\/textilegence\",\"https:\\\/\\\/www.instagram.com\\\/textilegence\\\/\",\"https:\\\/\\\/www.linkedin.com\\\/groups\\\/Textilegence-Magazine-Digital-Platform-4897253\",\"https:\\\/\\\/www.youtube.com\\\/user\\\/textilegence\"],\"description\":\"Textilegence is a magazine and digital platform established in 2013. It focuses on the textile industry and sub-segments. The platform provides news, articles, and updates on various aspects of the textile industry, including sustainability, technological advancements, and market trends.\",\"email\":\"editor@textilegence.com\",\"telephone\":\"+90 212 442 24 12\",\"legalName\":\"Textilegence Mag and Digital Platform\",\"foundingDate\":\"2013-01-01\",\"numberOfEmployees\":{\"@type\":\"QuantitativeValue\",\"minValue\":\"1\",\"maxValue\":\"10\"}},{\"@type\":\"Person\",\"@id\":\"https:\\\/\\\/www.textilegence.com\\\/en\\\/#\\\/schema\\\/person\\\/cfa6baf17f0478131c673c93a9b88ef3\",\"name\":\"Ya\u011fmur Melis \u015eim\u015fek\",\"image\":{\"@type\":\"ImageObject\",\"inLanguage\":\"en-US\",\"@id\":\"https:\\\/\\\/www.textilegence.com\\\/wp-content\\\/uploads\\\/2022\\\/03\\\/Yagmur_photo1.jpg\",\"url\":\"https:\\\/\\\/www.textilegence.com\\\/wp-content\\\/uploads\\\/2022\\\/03\\\/Yagmur_photo1.jpg\",\"contentUrl\":\"https:\\\/\\\/www.textilegence.com\\\/wp-content\\\/uploads\\\/2022\\\/03\\\/Yagmur_photo1.jpg\",\"caption\":\"Ya\u011fmur Melis \u015eim\u015fek\"},\"description\":\"Ya\u011fmur Melis \u015eim\u015fek, Saint-Beno\u00eet Frans\u0131z Lisesi\u2019nde e\u011fitim g\u00f6rm\u00fc\u015f, ard\u0131ndan Anadolu \u00dcniversitesi\u2019nde iki y\u0131ll\u0131k Foto\u011fraf\u00e7\u0131l\u0131k B\u00f6l\u00fcm\u00fc\u2019n\u00fc tamamlam\u0131\u015ft\u0131r. Daha sonra lisans e\u011fitimini \u0130stanbul \u00dcniversitesi Gazetecilik B\u00f6l\u00fcm\u00fc\u2019nde s\u00fcrd\u00fcrm\u00fc\u015f, mezuniyetin ard\u0131ndan ise 2017 y\u0131l\u0131nda i\u015f hayat\u0131na at\u0131lm\u0131\u015ft\u0131r. Pek \u00e7ok farkl\u0131 projede, foto\u011fraf\u00e7\u0131l\u0131k ve grafik tasar\u0131mc\u0131l\u0131\u011f\u0131n yan\u0131 s\u0131ra teknoloji alan\u0131nda i\u00e7erik ve haber yazarl\u0131\u011f\u0131 gibi \u00e7e\u015fitli pozisyonlarda yer alan \u015eim\u015fek, 2021 y\u0131l\u0131ndan bu yana Textilegence\u2019da d\u0131\u015f haberlerde yard\u0131mc\u0131 edit\u00f6r olarak g\u00f6rev yapmaktad\u0131r.\",\"sameAs\":[\"https:\\\/\\\/www.textilegence.com\\\/\",\"https:\\\/\\\/www.facebook.com\\\/TextilegenceMagazine\",\"https:\\\/\\\/www.instagram.com\\\/textilegence\\\/\",\"https:\\\/\\\/www.linkedin.com\\\/company\\\/2985016\",\"https:\\\/\\\/x.com\\\/https:\\\/\\\/twitter.com\\\/textilegence\",\"https:\\\/\\\/www.youtube.com\\\/channel\\\/UCgtcny5ljhiXu-yvOiAlpRA\"],\"url\":\"https:\\\/\\\/www.textilegence.com\\\/en\\\/author\\\/yms\\\/\"}]}<\/script>\n<!-- \/ Yoast SEO Premium plugin. -->","yoast_head_json":{"title":"\u201cGreen Deal Industrial Plan could result in trade wars\u201d - Textilegence","description":"Works that directly affect the EU\u2019s domestic market and all trading partners are continuing within the scope of the European Green Deal...","robots":{"index":"index","follow":"follow","max-snippet":"max-snippet:-1","max-image-preview":"max-image-preview:large","max-video-preview":"max-video-preview:-1"},"canonical":"https:\/\/www.textilegence.com\/en\/green-deal-industrial-plan-could-result-in-trade-wars\/","og_locale":"en_US","og_type":"article","og_title":"\u201cGreen Deal Industrial Plan could result in trade wars\u201d","og_description":"Works that directly affect the EU\u2019s domestic market and all trading partners are continuing within the scope of the European Green Deal, which was first","og_url":"https:\/\/www.textilegence.com\/en\/green-deal-industrial-plan-could-result-in-trade-wars\/","og_site_name":"Textilegence Magazine and Digital Platform","article_publisher":"https:\/\/www.facebook.com\/TextilegenceMagazine","article_author":"https:\/\/www.facebook.com\/TextilegenceMagazine","article_published_time":"2023-04-04T13:42:00+00:00","article_modified_time":"2023-04-04T13:42:04+00:00","og_image":[{"width":1920,"height":1080,"url":"https:\/\/www.textilegence.com\/wp-content\/uploads\/2023\/04\/green-deal-textilegence.jpg","type":"image\/jpeg"}],"author":"Ya\u011fmur Melis \u015eim\u015fek","twitter_card":"summary_large_image","twitter_creator":"@https:\/\/twitter.com\/textilegence","twitter_site":"@textilegence","twitter_misc":{"Written by":"Ya\u011fmur Melis \u015eim\u015fek","Est. reading time":"5 minutes"},"schema":{"@context":"https:\/\/schema.org","@graph":[{"@type":"NewsArticle","@id":"https:\/\/www.textilegence.com\/en\/green-deal-industrial-plan-could-result-in-trade-wars\/#article","isPartOf":{"@id":"https:\/\/www.textilegence.com\/en\/green-deal-industrial-plan-could-result-in-trade-wars\/"},"author":{"name":"Ya\u011fmur Melis \u015eim\u015fek","@id":"https:\/\/www.textilegence.com\/en\/#\/schema\/person\/cfa6baf17f0478131c673c93a9b88ef3"},"headline":"\u201cGreen Deal Industrial Plan could result in trade wars\u201d","datePublished":"2023-04-04T13:42:00+00:00","dateModified":"2023-04-04T13:42:04+00:00","mainEntityOfPage":{"@id":"https:\/\/www.textilegence.com\/en\/green-deal-industrial-plan-could-result-in-trade-wars\/"},"wordCount":730,"commentCount":0,"publisher":{"@id":"https:\/\/www.textilegence.com\/en\/#organization"},"image":{"@id":"https:\/\/www.textilegence.com\/en\/green-deal-industrial-plan-could-result-in-trade-wars\/#primaryimage"},"thumbnailUrl":"https:\/\/www.textilegence.com\/wp-content\/uploads\/2023\/04\/green-deal-textilegence.jpg","keywords":["aegean exporters association","European Green Deal","green times","sustainability","textile news"],"articleSection":["Green Times"],"inLanguage":"en-US","potentialAction":[{"@type":"CommentAction","name":"Comment","target":["https:\/\/www.textilegence.com\/en\/green-deal-industrial-plan-could-result-in-trade-wars\/#respond"]}]},{"@type":"WebPage","@id":"https:\/\/www.textilegence.com\/en\/green-deal-industrial-plan-could-result-in-trade-wars\/","url":"https:\/\/www.textilegence.com\/en\/green-deal-industrial-plan-could-result-in-trade-wars\/","name":"\u201cGreen Deal Industrial Plan could result in trade wars\u201d - Textilegence","isPartOf":{"@id":"https:\/\/www.textilegence.com\/en\/#website"},"primaryImageOfPage":{"@id":"https:\/\/www.textilegence.com\/en\/green-deal-industrial-plan-could-result-in-trade-wars\/#primaryimage"},"image":{"@id":"https:\/\/www.textilegence.com\/en\/green-deal-industrial-plan-could-result-in-trade-wars\/#primaryimage"},"thumbnailUrl":"https:\/\/www.textilegence.com\/wp-content\/uploads\/2023\/04\/green-deal-textilegence.jpg","datePublished":"2023-04-04T13:42:00+00:00","dateModified":"2023-04-04T13:42:04+00:00","description":"Works that directly affect the EU\u2019s domestic market and all trading partners are continuing within the scope of the European Green Deal...","breadcrumb":{"@id":"https:\/\/www.textilegence.com\/en\/green-deal-industrial-plan-could-result-in-trade-wars\/#breadcrumb"},"inLanguage":"en-US","potentialAction":[{"@type":"ReadAction","target":["https:\/\/www.textilegence.com\/en\/green-deal-industrial-plan-could-result-in-trade-wars\/"]}]},{"@type":"ImageObject","inLanguage":"en-US","@id":"https:\/\/www.textilegence.com\/en\/green-deal-industrial-plan-could-result-in-trade-wars\/#primaryimage","url":"https:\/\/www.textilegence.com\/wp-content\/uploads\/2023\/04\/green-deal-textilegence.jpg","contentUrl":"https:\/\/www.textilegence.com\/wp-content\/uploads\/2023\/04\/green-deal-textilegence.jpg","width":1920,"height":1080},{"@type":"BreadcrumbList","@id":"https:\/\/www.textilegence.com\/en\/green-deal-industrial-plan-could-result-in-trade-wars\/#breadcrumb","itemListElement":[{"@type":"ListItem","position":1,"name":"Home Page","item":"https:\/\/www.textilegence.com\/en\/homepage-the-rimont\/"},{"@type":"ListItem","position":2,"name":"Green Times","item":"https:\/\/www.textilegence.com\/en\/category\/green-times\/"},{"@type":"ListItem","position":3,"name":"\u201cGreen Deal Industrial Plan could result in trade wars\u201d"}]},{"@type":"WebSite","@id":"https:\/\/www.textilegence.com\/en\/#website","url":"https:\/\/www.textilegence.com\/en\/","name":"Textilegence Magazine and Digital Platform","description":"Textile News Center","publisher":{"@id":"https:\/\/www.textilegence.com\/en\/#organization"},"potentialAction":[{"@type":"SearchAction","target":{"@type":"EntryPoint","urlTemplate":"https:\/\/www.textilegence.com\/en\/?s={search_term_string}"},"query-input":{"@type":"PropertyValueSpecification","valueRequired":true,"valueName":"search_term_string"}}],"inLanguage":"en-US"},{"@type":"Organization","@id":"https:\/\/www.textilegence.com\/en\/#organization","name":"Textilegence Magazine and Digital Platform","url":"https:\/\/www.textilegence.com\/en\/","logo":{"@type":"ImageObject","inLanguage":"en-US","@id":"https:\/\/www.textilegence.com\/en\/#\/schema\/logo\/image\/","url":"https:\/\/www.textilegence.com\/wp-content\/uploads\/2016\/11\/New_Retina_Logo_Textilegence.png","contentUrl":"https:\/\/www.textilegence.com\/wp-content\/uploads\/2016\/11\/New_Retina_Logo_Textilegence.png","width":544,"height":180,"caption":"Textilegence Magazine and Digital Platform"},"image":{"@id":"https:\/\/www.textilegence.com\/en\/#\/schema\/logo\/image\/"},"sameAs":["https:\/\/www.facebook.com\/TextilegenceMagazine","https:\/\/x.com\/textilegence","https:\/\/www.instagram.com\/textilegence\/","https:\/\/www.linkedin.com\/groups\/Textilegence-Magazine-Digital-Platform-4897253","https:\/\/www.youtube.com\/user\/textilegence"],"description":"Textilegence is a magazine and digital platform established in 2013. It focuses on the textile industry and sub-segments. The platform provides news, articles, and updates on various aspects of the textile industry, including sustainability, technological advancements, and market trends.","email":"editor@textilegence.com","telephone":"+90 212 442 24 12","legalName":"Textilegence Mag and Digital Platform","foundingDate":"2013-01-01","numberOfEmployees":{"@type":"QuantitativeValue","minValue":"1","maxValue":"10"}},{"@type":"Person","@id":"https:\/\/www.textilegence.com\/en\/#\/schema\/person\/cfa6baf17f0478131c673c93a9b88ef3","name":"Ya\u011fmur Melis \u015eim\u015fek","image":{"@type":"ImageObject","inLanguage":"en-US","@id":"https:\/\/www.textilegence.com\/wp-content\/uploads\/2022\/03\/Yagmur_photo1.jpg","url":"https:\/\/www.textilegence.com\/wp-content\/uploads\/2022\/03\/Yagmur_photo1.jpg","contentUrl":"https:\/\/www.textilegence.com\/wp-content\/uploads\/2022\/03\/Yagmur_photo1.jpg","caption":"Ya\u011fmur Melis \u015eim\u015fek"},"description":"Ya\u011fmur Melis \u015eim\u015fek, Saint-Beno\u00eet Frans\u0131z Lisesi\u2019nde e\u011fitim g\u00f6rm\u00fc\u015f, ard\u0131ndan Anadolu \u00dcniversitesi\u2019nde iki y\u0131ll\u0131k Foto\u011fraf\u00e7\u0131l\u0131k B\u00f6l\u00fcm\u00fc\u2019n\u00fc tamamlam\u0131\u015ft\u0131r. Daha sonra lisans e\u011fitimini \u0130stanbul \u00dcniversitesi Gazetecilik B\u00f6l\u00fcm\u00fc\u2019nde s\u00fcrd\u00fcrm\u00fc\u015f, mezuniyetin ard\u0131ndan ise 2017 y\u0131l\u0131nda i\u015f hayat\u0131na at\u0131lm\u0131\u015ft\u0131r. Pek \u00e7ok farkl\u0131 projede, foto\u011fraf\u00e7\u0131l\u0131k ve grafik tasar\u0131mc\u0131l\u0131\u011f\u0131n yan\u0131 s\u0131ra teknoloji alan\u0131nda i\u00e7erik ve haber yazarl\u0131\u011f\u0131 gibi \u00e7e\u015fitli pozisyonlarda yer alan \u015eim\u015fek, 2021 y\u0131l\u0131ndan bu yana Textilegence\u2019da d\u0131\u015f haberlerde yard\u0131mc\u0131 edit\u00f6r olarak g\u00f6rev yapmaktad\u0131r.","sameAs":["https:\/\/www.textilegence.com\/","https:\/\/www.facebook.com\/TextilegenceMagazine","https:\/\/www.instagram.com\/textilegence\/","https:\/\/www.linkedin.com\/company\/2985016","https:\/\/x.com\/https:\/\/twitter.com\/textilegence","https:\/\/www.youtube.com\/channel\/UCgtcny5ljhiXu-yvOiAlpRA"],"url":"https:\/\/www.textilegence.com\/en\/author\/yms\/"}]}},"_links":{"self":[{"href":"https:\/\/www.textilegence.com\/en\/wp-json\/wp\/v2\/posts\/53041","targetHints":{"allow":["GET"]}}],"collection":[{"href":"https:\/\/www.textilegence.com\/en\/wp-json\/wp\/v2\/posts"}],"about":[{"href":"https:\/\/www.textilegence.com\/en\/wp-json\/wp\/v2\/types\/post"}],"author":[{"embeddable":true,"href":"https:\/\/www.textilegence.com\/en\/wp-json\/wp\/v2\/users\/26"}],"replies":[{"embeddable":true,"href":"https:\/\/www.textilegence.com\/en\/wp-json\/wp\/v2\/comments?post=53041"}],"version-history":[{"count":0,"href":"https:\/\/www.textilegence.com\/en\/wp-json\/wp\/v2\/posts\/53041\/revisions"}],"wp:featuredmedia":[{"embeddable":true,"href":"https:\/\/www.textilegence.com\/en\/wp-json\/wp\/v2\/media\/53032"}],"wp:attachment":[{"href":"https:\/\/www.textilegence.com\/en\/wp-json\/wp\/v2\/media?parent=53041"}],"wp:term":[{"taxonomy":"category","embeddable":true,"href":"https:\/\/www.textilegence.com\/en\/wp-json\/wp\/v2\/categories?post=53041"},{"taxonomy":"post_tag","embeddable":true,"href":"https:\/\/www.textilegence.com\/en\/wp-json\/wp\/v2\/tags?post=53041"}],"curies":[{"name":"wp","href":"https:\/\/api.w.org\/{rel}","templated":true}]}}