{"id":53205,"date":"2023-04-13T17:10:23","date_gmt":"2023-04-13T14:10:23","guid":{"rendered":"http:\/\/www.textilegence.com\/?p=53205"},"modified":"2023-04-13T17:10:26","modified_gmt":"2023-04-13T14:10:26","slug":"mayer-cie-to-make-itma-the-stage-of-innovations-once-again","status":"publish","type":"post","link":"https:\/\/www.textilegence.com\/en\/mayer-cie-to-make-itma-the-stage-of-innovations-once-again\/","title":{"rendered":"Mayer &amp; Cie. to make ITMA the stage of innovations once again"},"content":{"rendered":"\n<p>The textile machinery <a href=\"https:\/\/www.mayercie.com\/en\/\" target=\"_blank\" rel=\"noreferrer noopener\">manufacturer<\/a> Mayer &amp; Cie. will be at ITMA 2023, for the first time with both of its business units: circular <a href=\"https:\/\/www.textilegence.com\/en\/category\/knitting\/\" target=\"_blank\" rel=\"noreferrer noopener\">knitting<\/a> machines and braiding machines. The company will focus on similar features in both areas: sound machines fitted out with solutions that make braiders and circular knitting machines more efficient, longer-lasting and thereby more valuable at its stand E101 in Hall 2. The solutions range from upgrade kits for individual machines and innovations to reduce waste to digital solutions that improve the customer experience.<\/p>\n\n\n\n<p>Mayer &amp; Cie. CEO Benjamin Mayer saying; \u201cWith our ITMA presentation we show why and how investing in Mayer &amp; Cie. machines is worthwhile and pays long-term dividends,\u201d and noted that last but not least they thereby also respond to the desire for more sustainability in the use of resources.<\/p>\n\n\n<div class=\"wp-block-image\">\n<figure class=\"aligncenter size-full\"><img loading=\"lazy\" decoding=\"async\" width=\"1920\" height=\"1080\" src=\"https:\/\/www.textilegence.com\/wp-content\/uploads\/2023\/04\/mayer-cie-detail.jpg\" alt=\"\" class=\"wp-image-53200\" srcset=\"https:\/\/www.textilegence.com\/wp-content\/uploads\/2023\/04\/mayer-cie-detail.jpg 1920w, https:\/\/www.textilegence.com\/wp-content\/uploads\/2023\/04\/mayer-cie-detail-768x432.jpg 768w, https:\/\/www.textilegence.com\/wp-content\/uploads\/2023\/04\/mayer-cie-detail-1536x864.jpg 1536w, https:\/\/www.textilegence.com\/wp-content\/uploads\/2023\/04\/mayer-cie-detail-300x169.jpg 300w, https:\/\/www.textilegence.com\/wp-content\/uploads\/2023\/04\/mayer-cie-detail-600x338.jpg 600w, https:\/\/www.textilegence.com\/wp-content\/uploads\/2023\/04\/mayer-cie-detail-696x392.jpg 696w, https:\/\/www.textilegence.com\/wp-content\/uploads\/2023\/04\/mayer-cie-detail-1068x601.jpg 1068w\" sizes=\"auto, (max-width: 1920px) 100vw, 1920px\" \/><figcaption class=\"wp-element-caption\">The OVJA 2.4 EM knits double jacquard with electronic individual needle selection in the cylinder and double fabric with weft thread<\/figcaption><\/figure>\n<\/div>\n\n\n<h2 class=\"wp-block-heading\" id=\"h-new-developments-on-circular-knitting-machines-from-mayer-cie-at-itma\">New developments on circular knitting machines from Mayer &amp; Cie. at ITMA<\/h2>\n\n\n\n<p>Mayer &amp; Cie. will be exhibiting three circular knitting machines at ITMA: the revised OVJA 2.4 EM and Relanit 3.2 HS and the new three-thread fleece SF4 3.2 III. All three serve classical uses and, except for the new SF4-3.2 III, are established in the market.<\/p>\n\n\n\n<p>The OVJA 2.4 EM, currently accepted as one of the most productive machines in its class, knits double jacquard with electronic individual needle selection in the cylinder and double fabric with weft thread. Spacer fabric has now been added to its portfolio.<\/p>\n\n\n\n<p>For ITMA 2023 Mayer &amp; Cie. has fitted out the existing Relanit 3.2 HS with improved yarn guides. It has a needle with an optimised hook and tongue shape and a pre-determined breaking point to improve safety at higher output. The new sinker is another feature of the Relanit 3.2 HS. It makes the machine run smoother and reduces wear and tear. Mayer &amp; Cie. Head of Product Management Axel Br\u00fcnner says that many knitting mills all over the world already swear by Relanit machines and states that for them and new customers, they are working on further improvements to their bestsellers.<\/p>\n\n\n\n<p>With the third machine on show Mayer &amp; Cie. is addressing a major trend in the clothing industry. The SF4-3.2 III for three-thread fleece, especially for leisurewear, both in pure cotton and in blends, is in great demand. As Axel Br\u00fcnner explains, \u201cIn this new machine we combine our tried and trusted MBF 3.2 and components of our MFC 3.2 that have proved advantageous in the Chinese market.\u201d<\/p>\n\n\n\n<h2 class=\"wp-block-heading\" id=\"h-brisk-braiding-extra-speed-machine-for-textile-braid\">Brisk braiding: Extra-speed machine for textile braid<\/h2>\n\n\n\n<p>The MR-15\/18 C\/Single Deck braider on show at ITMA 2023 is designed for textile braiding. It comes with the new capstan wheel pull-off that is especially suitable for smaller-diameter hoses with textile braiding. The SpeedBooster upgrade kit delivers more speed and up to ten per cent more output.<\/p>\n\n\n<div class=\"wp-block-image\">\n<figure class=\"aligncenter size-full is-resized\"><img loading=\"lazy\" decoding=\"async\" src=\"https:\/\/www.textilegence.com\/wp-content\/uploads\/2023\/04\/mayer-cie-detail1.jpg\" alt=\"\" class=\"wp-image-53203\" width=\"1068\" height=\"600\" srcset=\"https:\/\/www.textilegence.com\/wp-content\/uploads\/2023\/04\/mayer-cie-detail1.jpg 1920w, https:\/\/www.textilegence.com\/wp-content\/uploads\/2023\/04\/mayer-cie-detail1-768x432.jpg 768w, https:\/\/www.textilegence.com\/wp-content\/uploads\/2023\/04\/mayer-cie-detail1-1536x864.jpg 1536w, https:\/\/www.textilegence.com\/wp-content\/uploads\/2023\/04\/mayer-cie-detail1-300x169.jpg 300w, https:\/\/www.textilegence.com\/wp-content\/uploads\/2023\/04\/mayer-cie-detail1-600x338.jpg 600w, https:\/\/www.textilegence.com\/wp-content\/uploads\/2023\/04\/mayer-cie-detail1-696x392.jpg 696w, https:\/\/www.textilegence.com\/wp-content\/uploads\/2023\/04\/mayer-cie-detail1-1068x601.jpg 1068w\" sizes=\"auto, (max-width: 1068px) 100vw, 1068px\" \/><figcaption class=\"wp-element-caption\"><em>Mayer &amp; Cie. will showcase braiding machines with circular knitting machines for the first time at ITMA 2023<\/em><\/figcaption><\/figure>\n<\/div>\n\n\n<h2 class=\"wp-block-heading\" id=\"h-smart-upgrades-for-long-efficient-machine-life\">Smart upgrades for long, efficient machine life<\/h2>\n\n\n\n<p>Longer, faster and with even greater precision, upgrade kits enable customers to benefit from technical progress at Mayer &amp; Cie. The upgraded portfolio ranges from speed boosters to special plaiting and laying equipment. Another newcomer is spare parts with upgrade kits customised for individual machines. They deliver additional production and planning safety. Upgrade kits, like all known spare parts, are available from the web shop. Along with an easy-to-use search function, the web shop provides smart additional functions and includes the new loyalty programme my.loyaltyclub with attractive discounts.<\/p>\n\n\n\n<p>Visitors to the company\u2019s booth will also be able to get information about its smart functions: knitlink, knithawk and Control 5.0. The new knithawk recognises and identifies knitting faults fast during the knitting process, switching the machine off automatically. knitlink, the platform that links the manufacturer, representatives and customers,&nbsp; is IIoT-based (Industrial Internet of Things) and the central location for all machine data that every customer can use to record and evaluate the performance of his machines. Circular knitting machines with Control 5.0 are IoT-enabled and can inter alia be operated from mobile devices, so the knitter no longer needs to be physically at the controls.<\/p>\n","protected":false},"excerpt":{"rendered":"<p>The textile machinery manufacturer Mayer &amp; Cie. will be at ITMA 2023, for the first time with both of its business units: circular knitting machines and braiding machines. The company will focus on similar features in both areas: sound machines fitted out with solutions that make braiders and circular knitting machines more efficient, longer-lasting and [&hellip;]<\/p>\n","protected":false},"author":26,"featured_media":53198,"comment_status":"closed","ping_status":"closed","sticky":false,"template":"","format":"standard","meta":{"footnotes":""},"categories":[16254],"tags":[10287,10371,10369],"class_list":{"0":"post-53205","1":"post","2":"type-post","3":"status-publish","4":"format-standard","5":"has-post-thumbnail","7":"category-itma-fair","8":"tag-knitting","9":"tag-mayer-cie-en","10":"tag-textile-news-en"},"yoast_head":"<!-- This site is optimized with the Yoast SEO Premium plugin v27.3 (Yoast SEO v27.3) - https:\/\/yoast.com\/product\/yoast-seo-premium-wordpress\/ -->\n<title>Mayer &amp; Cie. to make ITMA the stage of innovations once again - Textilegence<\/title>\n<meta name=\"description\" content=\"The textile machinery manufacturer Mayer &amp; Cie. will be at ITMA 2023, for the first time with both of its business units: circular...\" \/>\n<meta name=\"robots\" content=\"index, follow, max-snippet:-1, max-image-preview:large, max-video-preview:-1\" \/>\n<link rel=\"canonical\" href=\"https:\/\/www.textilegence.com\/en\/mayer-cie-to-make-itma-the-stage-of-innovations-once-again\/\" \/>\n<meta property=\"og:locale\" content=\"en_US\" \/>\n<meta property=\"og:type\" content=\"article\" \/>\n<meta property=\"og:title\" content=\"Mayer &amp; Cie. to make ITMA the stage of innovations once again\" \/>\n<meta property=\"og:description\" content=\"The textile machinery manufacturer Mayer &amp; Cie. will be at ITMA 2023, for the first time with both of its business units: circular knitting machines\" \/>\n<meta property=\"og:url\" content=\"https:\/\/www.textilegence.com\/en\/mayer-cie-to-make-itma-the-stage-of-innovations-once-again\/\" \/>\n<meta property=\"og:site_name\" content=\"Textilegence Magazine and Digital Platform\" \/>\n<meta property=\"article:publisher\" content=\"https:\/\/www.facebook.com\/TextilegenceMagazine\" \/>\n<meta property=\"article:author\" content=\"https:\/\/www.facebook.com\/TextilegenceMagazine\" \/>\n<meta property=\"article:published_time\" content=\"2023-04-13T14:10:23+00:00\" \/>\n<meta property=\"article:modified_time\" content=\"2023-04-13T14:10:26+00:00\" \/>\n<meta property=\"og:image\" content=\"https:\/\/www.textilegence.com\/wp-content\/uploads\/2023\/04\/mayer-cie-textilegence.jpg\" \/>\n\t<meta property=\"og:image:width\" content=\"1920\" \/>\n\t<meta property=\"og:image:height\" content=\"1080\" \/>\n\t<meta property=\"og:image:type\" content=\"image\/jpeg\" \/>\n<meta name=\"author\" content=\"Ya\u011fmur Melis \u015eim\u015fek\" \/>\n<meta name=\"twitter:card\" content=\"summary_large_image\" \/>\n<meta name=\"twitter:creator\" content=\"@https:\/\/twitter.com\/textilegence\" \/>\n<meta name=\"twitter:site\" content=\"@textilegence\" \/>\n<meta name=\"twitter:label1\" content=\"Written by\" \/>\n\t<meta name=\"twitter:data1\" content=\"Ya\u011fmur Melis \u015eim\u015fek\" \/>\n\t<meta name=\"twitter:label2\" content=\"Est. reading time\" \/>\n\t<meta name=\"twitter:data2\" content=\"5 minutes\" \/>\n<script type=\"application\/ld+json\" class=\"yoast-schema-graph\">{\"@context\":\"https:\\\/\\\/schema.org\",\"@graph\":[{\"@type\":\"NewsArticle\",\"@id\":\"https:\\\/\\\/www.textilegence.com\\\/en\\\/mayer-cie-to-make-itma-the-stage-of-innovations-once-again\\\/#article\",\"isPartOf\":{\"@id\":\"https:\\\/\\\/www.textilegence.com\\\/en\\\/mayer-cie-to-make-itma-the-stage-of-innovations-once-again\\\/\"},\"author\":{\"name\":\"Ya\u011fmur Melis \u015eim\u015fek\",\"@id\":\"https:\\\/\\\/www.textilegence.com\\\/en\\\/#\\\/schema\\\/person\\\/cfa6baf17f0478131c673c93a9b88ef3\"},\"headline\":\"Mayer &amp; Cie. to make ITMA the stage of innovations once again\",\"datePublished\":\"2023-04-13T14:10:23+00:00\",\"dateModified\":\"2023-04-13T14:10:26+00:00\",\"mainEntityOfPage\":{\"@id\":\"https:\\\/\\\/www.textilegence.com\\\/en\\\/mayer-cie-to-make-itma-the-stage-of-innovations-once-again\\\/\"},\"wordCount\":706,\"publisher\":{\"@id\":\"https:\\\/\\\/www.textilegence.com\\\/en\\\/#organization\"},\"image\":{\"@id\":\"https:\\\/\\\/www.textilegence.com\\\/en\\\/mayer-cie-to-make-itma-the-stage-of-innovations-once-again\\\/#primaryimage\"},\"thumbnailUrl\":\"https:\\\/\\\/www.textilegence.com\\\/wp-content\\\/uploads\\\/2023\\\/04\\\/mayer-cie-textilegence.jpg\",\"keywords\":[\"knitting\",\"mayer cie\",\"textile news\"],\"articleSection\":[\"ITMA\"],\"inLanguage\":\"en-US\"},{\"@type\":\"WebPage\",\"@id\":\"https:\\\/\\\/www.textilegence.com\\\/en\\\/mayer-cie-to-make-itma-the-stage-of-innovations-once-again\\\/\",\"url\":\"https:\\\/\\\/www.textilegence.com\\\/en\\\/mayer-cie-to-make-itma-the-stage-of-innovations-once-again\\\/\",\"name\":\"Mayer & Cie. to make ITMA the stage of innovations once again - Textilegence\",\"isPartOf\":{\"@id\":\"https:\\\/\\\/www.textilegence.com\\\/en\\\/#website\"},\"primaryImageOfPage\":{\"@id\":\"https:\\\/\\\/www.textilegence.com\\\/en\\\/mayer-cie-to-make-itma-the-stage-of-innovations-once-again\\\/#primaryimage\"},\"image\":{\"@id\":\"https:\\\/\\\/www.textilegence.com\\\/en\\\/mayer-cie-to-make-itma-the-stage-of-innovations-once-again\\\/#primaryimage\"},\"thumbnailUrl\":\"https:\\\/\\\/www.textilegence.com\\\/wp-content\\\/uploads\\\/2023\\\/04\\\/mayer-cie-textilegence.jpg\",\"datePublished\":\"2023-04-13T14:10:23+00:00\",\"dateModified\":\"2023-04-13T14:10:26+00:00\",\"description\":\"The textile machinery manufacturer Mayer & Cie. will be at ITMA 2023, for the first time with both of its business units: circular...\",\"breadcrumb\":{\"@id\":\"https:\\\/\\\/www.textilegence.com\\\/en\\\/mayer-cie-to-make-itma-the-stage-of-innovations-once-again\\\/#breadcrumb\"},\"inLanguage\":\"en-US\",\"potentialAction\":[{\"@type\":\"ReadAction\",\"target\":[\"https:\\\/\\\/www.textilegence.com\\\/en\\\/mayer-cie-to-make-itma-the-stage-of-innovations-once-again\\\/\"]}]},{\"@type\":\"ImageObject\",\"inLanguage\":\"en-US\",\"@id\":\"https:\\\/\\\/www.textilegence.com\\\/en\\\/mayer-cie-to-make-itma-the-stage-of-innovations-once-again\\\/#primaryimage\",\"url\":\"https:\\\/\\\/www.textilegence.com\\\/wp-content\\\/uploads\\\/2023\\\/04\\\/mayer-cie-textilegence.jpg\",\"contentUrl\":\"https:\\\/\\\/www.textilegence.com\\\/wp-content\\\/uploads\\\/2023\\\/04\\\/mayer-cie-textilegence.jpg\",\"width\":1920,\"height\":1080},{\"@type\":\"BreadcrumbList\",\"@id\":\"https:\\\/\\\/www.textilegence.com\\\/en\\\/mayer-cie-to-make-itma-the-stage-of-innovations-once-again\\\/#breadcrumb\",\"itemListElement\":[{\"@type\":\"ListItem\",\"position\":1,\"name\":\"Home Page\",\"item\":\"https:\\\/\\\/www.textilegence.com\\\/en\\\/homepage-the-rimont\\\/\"},{\"@type\":\"ListItem\",\"position\":2,\"name\":\"Knitting\",\"item\":\"https:\\\/\\\/www.textilegence.com\\\/en\\\/category\\\/knitting\\\/\"},{\"@type\":\"ListItem\",\"position\":3,\"name\":\"Mayer &amp; Cie. to make ITMA the stage of innovations once again\"}]},{\"@type\":\"WebSite\",\"@id\":\"https:\\\/\\\/www.textilegence.com\\\/en\\\/#website\",\"url\":\"https:\\\/\\\/www.textilegence.com\\\/en\\\/\",\"name\":\"Textilegence Magazine and Digital Platform\",\"description\":\"Textile News Center\",\"publisher\":{\"@id\":\"https:\\\/\\\/www.textilegence.com\\\/en\\\/#organization\"},\"potentialAction\":[{\"@type\":\"SearchAction\",\"target\":{\"@type\":\"EntryPoint\",\"urlTemplate\":\"https:\\\/\\\/www.textilegence.com\\\/en\\\/?s={search_term_string}\"},\"query-input\":{\"@type\":\"PropertyValueSpecification\",\"valueRequired\":true,\"valueName\":\"search_term_string\"}}],\"inLanguage\":\"en-US\"},{\"@type\":\"Organization\",\"@id\":\"https:\\\/\\\/www.textilegence.com\\\/en\\\/#organization\",\"name\":\"Textilegence Magazine and Digital Platform\",\"url\":\"https:\\\/\\\/www.textilegence.com\\\/en\\\/\",\"logo\":{\"@type\":\"ImageObject\",\"inLanguage\":\"en-US\",\"@id\":\"https:\\\/\\\/www.textilegence.com\\\/en\\\/#\\\/schema\\\/logo\\\/image\\\/\",\"url\":\"https:\\\/\\\/www.textilegence.com\\\/wp-content\\\/uploads\\\/2016\\\/11\\\/New_Retina_Logo_Textilegence.png\",\"contentUrl\":\"https:\\\/\\\/www.textilegence.com\\\/wp-content\\\/uploads\\\/2016\\\/11\\\/New_Retina_Logo_Textilegence.png\",\"width\":544,\"height\":180,\"caption\":\"Textilegence Magazine and Digital Platform\"},\"image\":{\"@id\":\"https:\\\/\\\/www.textilegence.com\\\/en\\\/#\\\/schema\\\/logo\\\/image\\\/\"},\"sameAs\":[\"https:\\\/\\\/www.facebook.com\\\/TextilegenceMagazine\",\"https:\\\/\\\/x.com\\\/textilegence\",\"https:\\\/\\\/www.instagram.com\\\/textilegence\\\/\",\"https:\\\/\\\/www.linkedin.com\\\/groups\\\/Textilegence-Magazine-Digital-Platform-4897253\",\"https:\\\/\\\/www.youtube.com\\\/user\\\/textilegence\"],\"description\":\"Textilegence is a magazine and digital platform established in 2013. It focuses on the textile industry and sub-segments. The platform provides news, articles, and updates on various aspects of the textile industry, including sustainability, technological advancements, and market trends.\",\"email\":\"editor@textilegence.com\",\"telephone\":\"+90 212 442 24 12\",\"legalName\":\"Textilegence Mag and Digital Platform\",\"foundingDate\":\"2013-01-01\",\"numberOfEmployees\":{\"@type\":\"QuantitativeValue\",\"minValue\":\"1\",\"maxValue\":\"10\"}},{\"@type\":\"Person\",\"@id\":\"https:\\\/\\\/www.textilegence.com\\\/en\\\/#\\\/schema\\\/person\\\/cfa6baf17f0478131c673c93a9b88ef3\",\"name\":\"Ya\u011fmur Melis \u015eim\u015fek\",\"image\":{\"@type\":\"ImageObject\",\"inLanguage\":\"en-US\",\"@id\":\"https:\\\/\\\/www.textilegence.com\\\/wp-content\\\/uploads\\\/2022\\\/03\\\/Yagmur_photo1.jpg\",\"url\":\"https:\\\/\\\/www.textilegence.com\\\/wp-content\\\/uploads\\\/2022\\\/03\\\/Yagmur_photo1.jpg\",\"contentUrl\":\"https:\\\/\\\/www.textilegence.com\\\/wp-content\\\/uploads\\\/2022\\\/03\\\/Yagmur_photo1.jpg\",\"caption\":\"Ya\u011fmur Melis \u015eim\u015fek\"},\"description\":\"Ya\u011fmur Melis \u015eim\u015fek, Saint-Beno\u00eet Frans\u0131z Lisesi\u2019nde e\u011fitim g\u00f6rm\u00fc\u015f, ard\u0131ndan Anadolu \u00dcniversitesi\u2019nde iki y\u0131ll\u0131k Foto\u011fraf\u00e7\u0131l\u0131k B\u00f6l\u00fcm\u00fc\u2019n\u00fc tamamlam\u0131\u015ft\u0131r. Daha sonra lisans e\u011fitimini \u0130stanbul \u00dcniversitesi Gazetecilik B\u00f6l\u00fcm\u00fc\u2019nde s\u00fcrd\u00fcrm\u00fc\u015f, mezuniyetin ard\u0131ndan ise 2017 y\u0131l\u0131nda i\u015f hayat\u0131na at\u0131lm\u0131\u015ft\u0131r. Pek \u00e7ok farkl\u0131 projede, foto\u011fraf\u00e7\u0131l\u0131k ve grafik tasar\u0131mc\u0131l\u0131\u011f\u0131n yan\u0131 s\u0131ra teknoloji alan\u0131nda i\u00e7erik ve haber yazarl\u0131\u011f\u0131 gibi \u00e7e\u015fitli pozisyonlarda yer alan \u015eim\u015fek, 2021 y\u0131l\u0131ndan bu yana Textilegence\u2019da d\u0131\u015f haberlerde yard\u0131mc\u0131 edit\u00f6r olarak g\u00f6rev yapmaktad\u0131r.\",\"sameAs\":[\"https:\\\/\\\/www.textilegence.com\\\/\",\"https:\\\/\\\/www.facebook.com\\\/TextilegenceMagazine\",\"https:\\\/\\\/www.instagram.com\\\/textilegence\\\/\",\"https:\\\/\\\/www.linkedin.com\\\/company\\\/2985016\",\"https:\\\/\\\/x.com\\\/https:\\\/\\\/twitter.com\\\/textilegence\",\"https:\\\/\\\/www.youtube.com\\\/channel\\\/UCgtcny5ljhiXu-yvOiAlpRA\"],\"url\":\"https:\\\/\\\/www.textilegence.com\\\/en\\\/author\\\/yms\\\/\"}]}<\/script>\n<!-- \/ Yoast SEO Premium plugin. -->","yoast_head_json":{"title":"Mayer & Cie. to make ITMA the stage of innovations once again - Textilegence","description":"The textile machinery manufacturer Mayer & Cie. will be at ITMA 2023, for the first time with both of its business units: circular...","robots":{"index":"index","follow":"follow","max-snippet":"max-snippet:-1","max-image-preview":"max-image-preview:large","max-video-preview":"max-video-preview:-1"},"canonical":"https:\/\/www.textilegence.com\/en\/mayer-cie-to-make-itma-the-stage-of-innovations-once-again\/","og_locale":"en_US","og_type":"article","og_title":"Mayer &amp; Cie. to make ITMA the stage of innovations once again","og_description":"The textile machinery manufacturer Mayer &amp; Cie. will be at ITMA 2023, for the first time with both of its business units: circular knitting machines","og_url":"https:\/\/www.textilegence.com\/en\/mayer-cie-to-make-itma-the-stage-of-innovations-once-again\/","og_site_name":"Textilegence Magazine and Digital Platform","article_publisher":"https:\/\/www.facebook.com\/TextilegenceMagazine","article_author":"https:\/\/www.facebook.com\/TextilegenceMagazine","article_published_time":"2023-04-13T14:10:23+00:00","article_modified_time":"2023-04-13T14:10:26+00:00","og_image":[{"width":1920,"height":1080,"url":"https:\/\/www.textilegence.com\/wp-content\/uploads\/2023\/04\/mayer-cie-textilegence.jpg","type":"image\/jpeg"}],"author":"Ya\u011fmur Melis \u015eim\u015fek","twitter_card":"summary_large_image","twitter_creator":"@https:\/\/twitter.com\/textilegence","twitter_site":"@textilegence","twitter_misc":{"Written by":"Ya\u011fmur Melis \u015eim\u015fek","Est. reading time":"5 minutes"},"schema":{"@context":"https:\/\/schema.org","@graph":[{"@type":"NewsArticle","@id":"https:\/\/www.textilegence.com\/en\/mayer-cie-to-make-itma-the-stage-of-innovations-once-again\/#article","isPartOf":{"@id":"https:\/\/www.textilegence.com\/en\/mayer-cie-to-make-itma-the-stage-of-innovations-once-again\/"},"author":{"name":"Ya\u011fmur Melis \u015eim\u015fek","@id":"https:\/\/www.textilegence.com\/en\/#\/schema\/person\/cfa6baf17f0478131c673c93a9b88ef3"},"headline":"Mayer &amp; Cie. to make ITMA the stage of innovations once again","datePublished":"2023-04-13T14:10:23+00:00","dateModified":"2023-04-13T14:10:26+00:00","mainEntityOfPage":{"@id":"https:\/\/www.textilegence.com\/en\/mayer-cie-to-make-itma-the-stage-of-innovations-once-again\/"},"wordCount":706,"publisher":{"@id":"https:\/\/www.textilegence.com\/en\/#organization"},"image":{"@id":"https:\/\/www.textilegence.com\/en\/mayer-cie-to-make-itma-the-stage-of-innovations-once-again\/#primaryimage"},"thumbnailUrl":"https:\/\/www.textilegence.com\/wp-content\/uploads\/2023\/04\/mayer-cie-textilegence.jpg","keywords":["knitting","mayer cie","textile news"],"articleSection":["ITMA"],"inLanguage":"en-US"},{"@type":"WebPage","@id":"https:\/\/www.textilegence.com\/en\/mayer-cie-to-make-itma-the-stage-of-innovations-once-again\/","url":"https:\/\/www.textilegence.com\/en\/mayer-cie-to-make-itma-the-stage-of-innovations-once-again\/","name":"Mayer & Cie. to make ITMA the stage of innovations once again - Textilegence","isPartOf":{"@id":"https:\/\/www.textilegence.com\/en\/#website"},"primaryImageOfPage":{"@id":"https:\/\/www.textilegence.com\/en\/mayer-cie-to-make-itma-the-stage-of-innovations-once-again\/#primaryimage"},"image":{"@id":"https:\/\/www.textilegence.com\/en\/mayer-cie-to-make-itma-the-stage-of-innovations-once-again\/#primaryimage"},"thumbnailUrl":"https:\/\/www.textilegence.com\/wp-content\/uploads\/2023\/04\/mayer-cie-textilegence.jpg","datePublished":"2023-04-13T14:10:23+00:00","dateModified":"2023-04-13T14:10:26+00:00","description":"The textile machinery manufacturer Mayer & Cie. will be at ITMA 2023, for the first time with both of its business units: circular...","breadcrumb":{"@id":"https:\/\/www.textilegence.com\/en\/mayer-cie-to-make-itma-the-stage-of-innovations-once-again\/#breadcrumb"},"inLanguage":"en-US","potentialAction":[{"@type":"ReadAction","target":["https:\/\/www.textilegence.com\/en\/mayer-cie-to-make-itma-the-stage-of-innovations-once-again\/"]}]},{"@type":"ImageObject","inLanguage":"en-US","@id":"https:\/\/www.textilegence.com\/en\/mayer-cie-to-make-itma-the-stage-of-innovations-once-again\/#primaryimage","url":"https:\/\/www.textilegence.com\/wp-content\/uploads\/2023\/04\/mayer-cie-textilegence.jpg","contentUrl":"https:\/\/www.textilegence.com\/wp-content\/uploads\/2023\/04\/mayer-cie-textilegence.jpg","width":1920,"height":1080},{"@type":"BreadcrumbList","@id":"https:\/\/www.textilegence.com\/en\/mayer-cie-to-make-itma-the-stage-of-innovations-once-again\/#breadcrumb","itemListElement":[{"@type":"ListItem","position":1,"name":"Home Page","item":"https:\/\/www.textilegence.com\/en\/homepage-the-rimont\/"},{"@type":"ListItem","position":2,"name":"Knitting","item":"https:\/\/www.textilegence.com\/en\/category\/knitting\/"},{"@type":"ListItem","position":3,"name":"Mayer &amp; Cie. to make ITMA the stage of innovations once again"}]},{"@type":"WebSite","@id":"https:\/\/www.textilegence.com\/en\/#website","url":"https:\/\/www.textilegence.com\/en\/","name":"Textilegence Magazine and Digital Platform","description":"Textile News Center","publisher":{"@id":"https:\/\/www.textilegence.com\/en\/#organization"},"potentialAction":[{"@type":"SearchAction","target":{"@type":"EntryPoint","urlTemplate":"https:\/\/www.textilegence.com\/en\/?s={search_term_string}"},"query-input":{"@type":"PropertyValueSpecification","valueRequired":true,"valueName":"search_term_string"}}],"inLanguage":"en-US"},{"@type":"Organization","@id":"https:\/\/www.textilegence.com\/en\/#organization","name":"Textilegence Magazine and Digital Platform","url":"https:\/\/www.textilegence.com\/en\/","logo":{"@type":"ImageObject","inLanguage":"en-US","@id":"https:\/\/www.textilegence.com\/en\/#\/schema\/logo\/image\/","url":"https:\/\/www.textilegence.com\/wp-content\/uploads\/2016\/11\/New_Retina_Logo_Textilegence.png","contentUrl":"https:\/\/www.textilegence.com\/wp-content\/uploads\/2016\/11\/New_Retina_Logo_Textilegence.png","width":544,"height":180,"caption":"Textilegence Magazine and Digital Platform"},"image":{"@id":"https:\/\/www.textilegence.com\/en\/#\/schema\/logo\/image\/"},"sameAs":["https:\/\/www.facebook.com\/TextilegenceMagazine","https:\/\/x.com\/textilegence","https:\/\/www.instagram.com\/textilegence\/","https:\/\/www.linkedin.com\/groups\/Textilegence-Magazine-Digital-Platform-4897253","https:\/\/www.youtube.com\/user\/textilegence"],"description":"Textilegence is a magazine and digital platform established in 2013. It focuses on the textile industry and sub-segments. The platform provides news, articles, and updates on various aspects of the textile industry, including sustainability, technological advancements, and market trends.","email":"editor@textilegence.com","telephone":"+90 212 442 24 12","legalName":"Textilegence Mag and Digital Platform","foundingDate":"2013-01-01","numberOfEmployees":{"@type":"QuantitativeValue","minValue":"1","maxValue":"10"}},{"@type":"Person","@id":"https:\/\/www.textilegence.com\/en\/#\/schema\/person\/cfa6baf17f0478131c673c93a9b88ef3","name":"Ya\u011fmur Melis \u015eim\u015fek","image":{"@type":"ImageObject","inLanguage":"en-US","@id":"https:\/\/www.textilegence.com\/wp-content\/uploads\/2022\/03\/Yagmur_photo1.jpg","url":"https:\/\/www.textilegence.com\/wp-content\/uploads\/2022\/03\/Yagmur_photo1.jpg","contentUrl":"https:\/\/www.textilegence.com\/wp-content\/uploads\/2022\/03\/Yagmur_photo1.jpg","caption":"Ya\u011fmur Melis \u015eim\u015fek"},"description":"Ya\u011fmur Melis \u015eim\u015fek, Saint-Beno\u00eet Frans\u0131z Lisesi\u2019nde e\u011fitim g\u00f6rm\u00fc\u015f, ard\u0131ndan Anadolu \u00dcniversitesi\u2019nde iki y\u0131ll\u0131k Foto\u011fraf\u00e7\u0131l\u0131k B\u00f6l\u00fcm\u00fc\u2019n\u00fc tamamlam\u0131\u015ft\u0131r. Daha sonra lisans e\u011fitimini \u0130stanbul \u00dcniversitesi Gazetecilik B\u00f6l\u00fcm\u00fc\u2019nde s\u00fcrd\u00fcrm\u00fc\u015f, mezuniyetin ard\u0131ndan ise 2017 y\u0131l\u0131nda i\u015f hayat\u0131na at\u0131lm\u0131\u015ft\u0131r. Pek \u00e7ok farkl\u0131 projede, foto\u011fraf\u00e7\u0131l\u0131k ve grafik tasar\u0131mc\u0131l\u0131\u011f\u0131n yan\u0131 s\u0131ra teknoloji alan\u0131nda i\u00e7erik ve haber yazarl\u0131\u011f\u0131 gibi \u00e7e\u015fitli pozisyonlarda yer alan \u015eim\u015fek, 2021 y\u0131l\u0131ndan bu yana Textilegence\u2019da d\u0131\u015f haberlerde yard\u0131mc\u0131 edit\u00f6r olarak g\u00f6rev yapmaktad\u0131r.","sameAs":["https:\/\/www.textilegence.com\/","https:\/\/www.facebook.com\/TextilegenceMagazine","https:\/\/www.instagram.com\/textilegence\/","https:\/\/www.linkedin.com\/company\/2985016","https:\/\/x.com\/https:\/\/twitter.com\/textilegence","https:\/\/www.youtube.com\/channel\/UCgtcny5ljhiXu-yvOiAlpRA"],"url":"https:\/\/www.textilegence.com\/en\/author\/yms\/"}]}},"_links":{"self":[{"href":"https:\/\/www.textilegence.com\/en\/wp-json\/wp\/v2\/posts\/53205","targetHints":{"allow":["GET"]}}],"collection":[{"href":"https:\/\/www.textilegence.com\/en\/wp-json\/wp\/v2\/posts"}],"about":[{"href":"https:\/\/www.textilegence.com\/en\/wp-json\/wp\/v2\/types\/post"}],"author":[{"embeddable":true,"href":"https:\/\/www.textilegence.com\/en\/wp-json\/wp\/v2\/users\/26"}],"replies":[{"embeddable":true,"href":"https:\/\/www.textilegence.com\/en\/wp-json\/wp\/v2\/comments?post=53205"}],"version-history":[{"count":0,"href":"https:\/\/www.textilegence.com\/en\/wp-json\/wp\/v2\/posts\/53205\/revisions"}],"wp:featuredmedia":[{"embeddable":true,"href":"https:\/\/www.textilegence.com\/en\/wp-json\/wp\/v2\/media\/53198"}],"wp:attachment":[{"href":"https:\/\/www.textilegence.com\/en\/wp-json\/wp\/v2\/media?parent=53205"}],"wp:term":[{"taxonomy":"category","embeddable":true,"href":"https:\/\/www.textilegence.com\/en\/wp-json\/wp\/v2\/categories?post=53205"},{"taxonomy":"post_tag","embeddable":true,"href":"https:\/\/www.textilegence.com\/en\/wp-json\/wp\/v2\/tags?post=53205"}],"curies":[{"name":"wp","href":"https:\/\/api.w.org\/{rel}","templated":true}]}}