{"id":53253,"date":"2023-04-15T13:03:15","date_gmt":"2023-04-15T10:03:15","guid":{"rendered":"http:\/\/www.textilegence.com\/?p=53253"},"modified":"2023-04-15T13:03:19","modified_gmt":"2023-04-15T10:03:19","slug":"acimit-opens-the-curtain-on-sustainability-and-digitalisation-at-itma-2023","status":"publish","type":"post","link":"https:\/\/www.textilegence.com\/en\/acimit-opens-the-curtain-on-sustainability-and-digitalisation-at-itma-2023\/","title":{"rendered":"ACIMIT opens the curtain on sustainability and digitalisation at ITMA 2023"},"content":{"rendered":"\n<p>While the excitement and innovative wind of the upcoming ITMA 2023 started to surround the <a href=\"https:\/\/www.textilegence.com\/en\/category\/topical\/\" target=\"_blank\" rel=\"noreferrer noopener\">textile <\/a>industry, ACIMIT, the umbrella <a href=\"https:\/\/www.acimit.it\/en\/\" target=\"_blank\" rel=\"noreferrer noopener\">organisation <\/a>of Italian machinery manufacturers, hosted the leading representatives of the global textile media at Villa Fua in Stresa on March 15 and held a press conference. The meeting highlighted the strong expectations of the Italian machinery manufacturers, who completed 2022 with successful results, for 2023 and the ITMA Milan exhibition. It was discussed that Italy, which will host the exhibition to be held in Fiera Milano Rho on June 8-14, will highlight the competencies of its technologies at ITMA, as well as seize opportunities to encourage new investments in the textile industry. The meeting, which we followed on-site as Textilegence, turned into an important pre-meeting for the sector.<\/p>\n\n\n\n<p>Delivering the opening speech, ACIMIT President Alessandro Zucchi announced that 2022 was a successful period for the Italian textile machinery sector. Zucchi said that both Italian production and exports of textile machinery increased by more than 10% compared to the previous year, and gave the following details on this subject: \u201cThe production value exceeded 2.6 billion euro. Of this value, 87%, or around 2.3 billion euro, was realised abroad. Italian exports went mainly to Asia and Europe. Overall, the two areas absorbed 79% of foreign sales. China, Turkey, India and the United States of America were the main destinations of Italian sales abroad in 2022.\u201d<\/p>\n\n\n\n<p>Zucchi stated that the positive results do not, however, cancel out the obstacles that companies still face in this period., and argued that the critical issues following the Covid-19 pandemic have been amplified by the ongoing Russian-Ukrainian conflict. Saying: \u201cEven in this early 2023, unfavourable conditions to business still exist, such as high inflation, constraints on the functioning of value chains, and energy commodity prices above the average of recent years,\u201d Zucchi noted, however, forecasts prepared by their Economic Office show an improvement in the second half of the year and in the 2024-26 period, which gives them hope.<\/p>\n\n\n<div class=\"wp-block-image\">\n<figure class=\"aligncenter size-full\"><img loading=\"lazy\" decoding=\"async\" width=\"1920\" height=\"1080\" src=\"https:\/\/www.textilegence.com\/wp-content\/uploads\/2023\/04\/acimit-detail.jpg\" alt=\"\" class=\"wp-image-53246\" srcset=\"https:\/\/www.textilegence.com\/wp-content\/uploads\/2023\/04\/acimit-detail.jpg 1920w, https:\/\/www.textilegence.com\/wp-content\/uploads\/2023\/04\/acimit-detail-768x432.jpg 768w, https:\/\/www.textilegence.com\/wp-content\/uploads\/2023\/04\/acimit-detail-1536x864.jpg 1536w, https:\/\/www.textilegence.com\/wp-content\/uploads\/2023\/04\/acimit-detail-300x169.jpg 300w, https:\/\/www.textilegence.com\/wp-content\/uploads\/2023\/04\/acimit-detail-600x338.jpg 600w, https:\/\/www.textilegence.com\/wp-content\/uploads\/2023\/04\/acimit-detail-696x392.jpg 696w, https:\/\/www.textilegence.com\/wp-content\/uploads\/2023\/04\/acimit-detail-1068x601.jpg 1068w\" sizes=\"auto, (max-width: 1920px) 100vw, 1920px\" \/><figcaption class=\"wp-element-caption\">ACIMIT President Alessandro Zucchi<\/figcaption><\/figure>\n<\/div>\n\n\n<h2 class=\"wp-block-heading\" id=\"h-itma-2023-will-encourage-the-textile-industry-for-investments\">ITMA 2023 will encourage the textile industry for investments<\/h2>\n\n\n\n<p>Alessandro Zucchi stated that with these forecasts, ITMA 2023, the leading fair for the textile machinery industry, to be held in June in Milan, could be the driving force able to stimulate investment in the textile sector, not only the Italian one. Expressing that their manufacturers are very confident about next June\u2019s event, Zucchi emphasised that the Italian presence in the exhibition will be great. Zucchi disclosed: \u201cAs shown by the figures on the Italian presence at the event: almost 400 Italian exhibitors, about 36,000 square metres, with an increase in the occupied surface area of over 20% compared to the previous edition held in Barcelona. 30% of the total exhibition area at ITMA 2023 will be taken up by Italian machinery manufacturers\u201c.<\/p>\n\n\n\n<h2 class=\"wp-block-heading\" id=\"h-acimit-and-ita-are-undertaking-new-projects-for-the-sector\">ACIMIT and ITA are undertaking new projects for the sector<\/h2>\n\n\n\n<p>The meeting, which was followed with great interest by the media, also announced the various initiatives that ACIMIT, with the support of the Italian Trade Agency ITA, has put in place to encourage Italian companies to participate in the exhibition. ITA General Manager Roberto Luongo said that the Italian textile machinery industry represents one of the leading production sectors for their country due to its strong projection on international markets. Luongo disclosed: \u201cOur textile technologies are considered to be of a high quality level, and for us at ITA this represents an element of great pride and satisfaction, which pushes us to support Italian companies in an increasingly convinced and decisive manner, through an effective collaboration, now consolidated and tested, with ACIMIT. ITMA is a unique opportunity for the Italian textile machinery industry, due to the high number of exhibitors and the tens of thousands of visitors it usually attracts. As ITA we have therefore prepared, in accordance with ACIMIT, an extensive project aimed at promoting the Italian textile machinery sector through the enhancement of the three drivers that distinguish it: technology, digitalization and sustainability.\u201d<\/p>\n\n\n\n<p>Luongo, announcing that 140 top foreign buyers from 25 different countries will come to the exhibition, also said that they will carry out an intensive and widespread communication campaign abroad. Noting that they will have a special focus on sustainable technologies and digitalisation processes, Luongo informed that there will be various training events focusing on the innovations offered by Italian companies at ITMA 2023. Luongo stated that Italian Textile Technologies Awards organised by ITA and ACIMIT will also be awarded and 18 deserving students from textile universities in Bangladesh, India, Mongolia, Pakistan, Peru and Vietnam, where Italian Technology Education Centres are located, will be awarded.<\/p>\n\n\n<div class=\"wp-block-image\">\n<figure class=\"aligncenter size-full\"><img loading=\"lazy\" decoding=\"async\" width=\"1920\" height=\"1080\" src=\"https:\/\/www.textilegence.com\/wp-content\/uploads\/2023\/04\/acimit-detail1.jpg\" alt=\"\" class=\"wp-image-53248\" srcset=\"https:\/\/www.textilegence.com\/wp-content\/uploads\/2023\/04\/acimit-detail1.jpg 1920w, https:\/\/www.textilegence.com\/wp-content\/uploads\/2023\/04\/acimit-detail1-768x432.jpg 768w, https:\/\/www.textilegence.com\/wp-content\/uploads\/2023\/04\/acimit-detail1-1536x864.jpg 1536w, https:\/\/www.textilegence.com\/wp-content\/uploads\/2023\/04\/acimit-detail1-300x169.jpg 300w, https:\/\/www.textilegence.com\/wp-content\/uploads\/2023\/04\/acimit-detail1-600x338.jpg 600w, https:\/\/www.textilegence.com\/wp-content\/uploads\/2023\/04\/acimit-detail1-696x392.jpg 696w, https:\/\/www.textilegence.com\/wp-content\/uploads\/2023\/04\/acimit-detail1-1068x601.jpg 1068w\" sizes=\"auto, (max-width: 1920px) 100vw, 1920px\" \/><figcaption class=\"wp-element-caption\">ACIMIT opens the curtain on sustainability and digitalisation at ITMA 2023<\/figcaption><\/figure>\n<\/div>\n\n\n<h2 class=\"wp-block-heading\" id=\"h-main-theme-shaping-the-future\">Main theme; SHAPING THE FUTURE<\/h2>\n\n\n\n<p>ACIMIT\u2019s promotional campaign titled \u2018SHAPING THE FUTURE\u2019, which is carried out on social media and traditional channels, was an important title. Alessandro Zucchi explained the campaign details as follows: \u201cShaping the future is a concept that aims to show how Italian manufacturers are key players in the development of the entire textile supply chain, able to outline virtuous paths that testify to the proactive nature of the entire sector and that enable the future of the sector to be shaped through the three pillars, technology, digitalization, and sustainability, which are also the key themes of ITMA 2023. The textile supply chain is moving towards increasingly competitive production processes, where the reduction of production costs, through lower consumption of water, energy and raw materials, is combined with attention to the environment. Equally important is the ongoing digital transformation of companies, a process that will enable technology suppliers and their customers to operate more and more constructively and efficiently.\u201d<\/p>\n\n\n\n<p>Zucchi concluded his words as follows: \u201cWe believe that the future of textiles that we want to shape lies in a sustainable and digitised technological supply.\u201d<\/p>\n\n\n<div class=\"wp-block-image\">\n<figure class=\"aligncenter size-full\"><img loading=\"lazy\" decoding=\"async\" width=\"1920\" height=\"1080\" src=\"https:\/\/www.textilegence.com\/wp-content\/uploads\/2023\/04\/acimit-detail2.jpg\" alt=\"\" class=\"wp-image-53251\" srcset=\"https:\/\/www.textilegence.com\/wp-content\/uploads\/2023\/04\/acimit-detail2.jpg 1920w, https:\/\/www.textilegence.com\/wp-content\/uploads\/2023\/04\/acimit-detail2-768x432.jpg 768w, https:\/\/www.textilegence.com\/wp-content\/uploads\/2023\/04\/acimit-detail2-1536x864.jpg 1536w, https:\/\/www.textilegence.com\/wp-content\/uploads\/2023\/04\/acimit-detail2-300x169.jpg 300w, https:\/\/www.textilegence.com\/wp-content\/uploads\/2023\/04\/acimit-detail2-600x338.jpg 600w, https:\/\/www.textilegence.com\/wp-content\/uploads\/2023\/04\/acimit-detail2-696x392.jpg 696w, https:\/\/www.textilegence.com\/wp-content\/uploads\/2023\/04\/acimit-detail2-1068x601.jpg 1068w\" sizes=\"auto, (max-width: 1920px) 100vw, 1920px\" \/><figcaption class=\"wp-element-caption\">ITEMA Marketing and Communications Manager Valentine Brignoli<\/figcaption><\/figure>\n<\/div>\n\n\n<h2 class=\"wp-block-heading\" id=\"h-acimit-members-experiences-in-sustainability-and-digitalisation-provide-inspiration\">ACIMIT members\u2019 experiences in sustainability and digitalisation provide inspiration<\/h2>\n\n\n\n<p>In the press conference hosted by ACIMIT, five member companies shared their experiences in sustainability and digitalisation with the press members. Representatives of Flainox (Andrea Bozzo), Itema (Valentina Brignoli), Marzoli (Cristian Locatelli), Salvad\u00e8 (Marco Salvade) and Sperotto Rimar (Federico Businaro) provided information about their work and innovative products.<\/p>\n\n\n\n<p>The company representatives mainly emphasised the contribution of ACIMIT\u2019s Green Label Sustainable Technologies Project and ACIMIT Digital Ready digital certification. Both projects demonstrate the commitment of Italian machinery manufacturers to consolidate their leadership in textile technologies in the future. Member companies certify the environmental and economic performance of their textile machines and commit to reduce the CO2 emissions of their machines through continuous improvement with Green Label. With Digital Ready, the aim is to standardise the production and management data of Italian textile machinery and their ability to be digitally integrated into the customer\u2019s factory.<\/p>\n","protected":false},"excerpt":{"rendered":"<p>While the excitement and innovative wind of the upcoming ITMA 2023 started to surround the textile industry, ACIMIT, the umbrella organisation of Italian machinery manufacturers, hosted the leading representatives of the global textile media at Villa Fua in Stresa on March 15 and held a press conference. The meeting highlighted the strong expectations of the [&hellip;]<\/p>\n","protected":false},"author":8,"featured_media":53244,"comment_status":"closed","ping_status":"closed","sticky":false,"template":"","format":"standard","meta":{"footnotes":""},"categories":[16254],"tags":[10576,16214,11143,10369],"class_list":{"0":"post-53253","1":"post","2":"type-post","3":"status-publish","4":"format-standard","5":"has-post-thumbnail","7":"category-itma-fair","8":"tag-acimit-en","9":"tag-itma-2023","10":"tag-sustainability-en","11":"tag-textile-news-en"},"yoast_head":"<!-- This site is optimized with the Yoast SEO Premium plugin v27.3 (Yoast SEO v27.3) - https:\/\/yoast.com\/product\/yoast-seo-premium-wordpress\/ -->\n<title>ACIMIT opens the curtain on sustainability and digitalisation at ITMA 2023 -Textilegence<\/title>\n<meta name=\"description\" content=\"While the excitement and innovative wind of the upcoming ITMA 2023 started to surround the textile industry, ACIMIT, the umbrella...\" \/>\n<meta name=\"robots\" content=\"index, follow, max-snippet:-1, max-image-preview:large, max-video-preview:-1\" \/>\n<link rel=\"canonical\" href=\"https:\/\/www.textilegence.com\/en\/acimit-opens-the-curtain-on-sustainability-and-digitalisation-at-itma-2023\/\" \/>\n<meta property=\"og:locale\" content=\"en_US\" \/>\n<meta property=\"og:type\" content=\"article\" \/>\n<meta property=\"og:title\" content=\"ACIMIT opens the curtain on sustainability and digitalisation at ITMA 2023\" \/>\n<meta property=\"og:description\" content=\"While the excitement and innovative wind of the upcoming ITMA 2023 started to surround the textile industry, ACIMIT, the umbrella organisation of Italian\" \/>\n<meta property=\"og:url\" content=\"https:\/\/www.textilegence.com\/en\/acimit-opens-the-curtain-on-sustainability-and-digitalisation-at-itma-2023\/\" \/>\n<meta property=\"og:site_name\" content=\"Textilegence Magazine and Digital Platform\" \/>\n<meta property=\"article:publisher\" content=\"https:\/\/www.facebook.com\/TextilegenceMagazine\" \/>\n<meta property=\"article:author\" content=\"https:\/\/www.facebook.com\/TextilegenceMagazine\" \/>\n<meta property=\"article:published_time\" content=\"2023-04-15T10:03:15+00:00\" \/>\n<meta property=\"article:modified_time\" content=\"2023-04-15T10:03:19+00:00\" \/>\n<meta property=\"og:image\" content=\"https:\/\/www.textilegence.com\/wp-content\/uploads\/2023\/04\/acimit-textilegence.jpg\" \/>\n\t<meta property=\"og:image:width\" content=\"1920\" \/>\n\t<meta property=\"og:image:height\" content=\"1080\" \/>\n\t<meta property=\"og:image:type\" content=\"image\/jpeg\" \/>\n<meta name=\"author\" content=\"Fatih Cengiarslan\" \/>\n<meta name=\"twitter:card\" content=\"summary_large_image\" \/>\n<meta name=\"twitter:creator\" content=\"@https:\/\/twitter.com\/textilegence\" \/>\n<meta name=\"twitter:site\" content=\"@textilegence\" \/>\n<meta name=\"twitter:label1\" content=\"Written by\" \/>\n\t<meta name=\"twitter:data1\" content=\"Fatih Cengiarslan\" \/>\n\t<meta name=\"twitter:label2\" content=\"Est. reading time\" \/>\n\t<meta name=\"twitter:data2\" content=\"8 minutes\" \/>\n<script type=\"application\/ld+json\" class=\"yoast-schema-graph\">{\"@context\":\"https:\\\/\\\/schema.org\",\"@graph\":[{\"@type\":\"NewsArticle\",\"@id\":\"https:\\\/\\\/www.textilegence.com\\\/en\\\/acimit-opens-the-curtain-on-sustainability-and-digitalisation-at-itma-2023\\\/#article\",\"isPartOf\":{\"@id\":\"https:\\\/\\\/www.textilegence.com\\\/en\\\/acimit-opens-the-curtain-on-sustainability-and-digitalisation-at-itma-2023\\\/\"},\"author\":{\"name\":\"Fatih Cengiarslan\",\"@id\":\"https:\\\/\\\/www.textilegence.com\\\/en\\\/#\\\/schema\\\/person\\\/1c3977109f8a6e1e2b95678836d75cb7\"},\"headline\":\"ACIMIT opens the curtain on sustainability and digitalisation at ITMA 2023\",\"datePublished\":\"2023-04-15T10:03:15+00:00\",\"dateModified\":\"2023-04-15T10:03:19+00:00\",\"mainEntityOfPage\":{\"@id\":\"https:\\\/\\\/www.textilegence.com\\\/en\\\/acimit-opens-the-curtain-on-sustainability-and-digitalisation-at-itma-2023\\\/\"},\"wordCount\":1116,\"publisher\":{\"@id\":\"https:\\\/\\\/www.textilegence.com\\\/en\\\/#organization\"},\"image\":{\"@id\":\"https:\\\/\\\/www.textilegence.com\\\/en\\\/acimit-opens-the-curtain-on-sustainability-and-digitalisation-at-itma-2023\\\/#primaryimage\"},\"thumbnailUrl\":\"https:\\\/\\\/www.textilegence.com\\\/wp-content\\\/uploads\\\/2023\\\/04\\\/acimit-textilegence.jpg\",\"keywords\":[\"acimit\",\"ITMA 2023\",\"sustainability\",\"textile news\"],\"articleSection\":[\"ITMA\"],\"inLanguage\":\"en-US\"},{\"@type\":\"WebPage\",\"@id\":\"https:\\\/\\\/www.textilegence.com\\\/en\\\/acimit-opens-the-curtain-on-sustainability-and-digitalisation-at-itma-2023\\\/\",\"url\":\"https:\\\/\\\/www.textilegence.com\\\/en\\\/acimit-opens-the-curtain-on-sustainability-and-digitalisation-at-itma-2023\\\/\",\"name\":\"ACIMIT opens the curtain on sustainability and digitalisation at ITMA 2023 -Textilegence\",\"isPartOf\":{\"@id\":\"https:\\\/\\\/www.textilegence.com\\\/en\\\/#website\"},\"primaryImageOfPage\":{\"@id\":\"https:\\\/\\\/www.textilegence.com\\\/en\\\/acimit-opens-the-curtain-on-sustainability-and-digitalisation-at-itma-2023\\\/#primaryimage\"},\"image\":{\"@id\":\"https:\\\/\\\/www.textilegence.com\\\/en\\\/acimit-opens-the-curtain-on-sustainability-and-digitalisation-at-itma-2023\\\/#primaryimage\"},\"thumbnailUrl\":\"https:\\\/\\\/www.textilegence.com\\\/wp-content\\\/uploads\\\/2023\\\/04\\\/acimit-textilegence.jpg\",\"datePublished\":\"2023-04-15T10:03:15+00:00\",\"dateModified\":\"2023-04-15T10:03:19+00:00\",\"description\":\"While the excitement and innovative wind of the upcoming ITMA 2023 started to surround the textile industry, ACIMIT, the umbrella...\",\"breadcrumb\":{\"@id\":\"https:\\\/\\\/www.textilegence.com\\\/en\\\/acimit-opens-the-curtain-on-sustainability-and-digitalisation-at-itma-2023\\\/#breadcrumb\"},\"inLanguage\":\"en-US\",\"potentialAction\":[{\"@type\":\"ReadAction\",\"target\":[\"https:\\\/\\\/www.textilegence.com\\\/en\\\/acimit-opens-the-curtain-on-sustainability-and-digitalisation-at-itma-2023\\\/\"]}]},{\"@type\":\"ImageObject\",\"inLanguage\":\"en-US\",\"@id\":\"https:\\\/\\\/www.textilegence.com\\\/en\\\/acimit-opens-the-curtain-on-sustainability-and-digitalisation-at-itma-2023\\\/#primaryimage\",\"url\":\"https:\\\/\\\/www.textilegence.com\\\/wp-content\\\/uploads\\\/2023\\\/04\\\/acimit-textilegence.jpg\",\"contentUrl\":\"https:\\\/\\\/www.textilegence.com\\\/wp-content\\\/uploads\\\/2023\\\/04\\\/acimit-textilegence.jpg\",\"width\":1920,\"height\":1080},{\"@type\":\"BreadcrumbList\",\"@id\":\"https:\\\/\\\/www.textilegence.com\\\/en\\\/acimit-opens-the-curtain-on-sustainability-and-digitalisation-at-itma-2023\\\/#breadcrumb\",\"itemListElement\":[{\"@type\":\"ListItem\",\"position\":1,\"name\":\"Home Page\",\"item\":\"https:\\\/\\\/www.textilegence.com\\\/en\\\/homepage-the-rimont\\\/\"},{\"@type\":\"ListItem\",\"position\":2,\"name\":\"Topical\",\"item\":\"https:\\\/\\\/www.textilegence.com\\\/en\\\/category\\\/topical\\\/\"},{\"@type\":\"ListItem\",\"position\":3,\"name\":\"ACIMIT opens the curtain on sustainability and digitalisation at ITMA 2023\"}]},{\"@type\":\"WebSite\",\"@id\":\"https:\\\/\\\/www.textilegence.com\\\/en\\\/#website\",\"url\":\"https:\\\/\\\/www.textilegence.com\\\/en\\\/\",\"name\":\"Textilegence Magazine and Digital Platform\",\"description\":\"Textile News Center\",\"publisher\":{\"@id\":\"https:\\\/\\\/www.textilegence.com\\\/en\\\/#organization\"},\"potentialAction\":[{\"@type\":\"SearchAction\",\"target\":{\"@type\":\"EntryPoint\",\"urlTemplate\":\"https:\\\/\\\/www.textilegence.com\\\/en\\\/?s={search_term_string}\"},\"query-input\":{\"@type\":\"PropertyValueSpecification\",\"valueRequired\":true,\"valueName\":\"search_term_string\"}}],\"inLanguage\":\"en-US\"},{\"@type\":\"Organization\",\"@id\":\"https:\\\/\\\/www.textilegence.com\\\/en\\\/#organization\",\"name\":\"Textilegence Magazine and Digital Platform\",\"url\":\"https:\\\/\\\/www.textilegence.com\\\/en\\\/\",\"logo\":{\"@type\":\"ImageObject\",\"inLanguage\":\"en-US\",\"@id\":\"https:\\\/\\\/www.textilegence.com\\\/en\\\/#\\\/schema\\\/logo\\\/image\\\/\",\"url\":\"https:\\\/\\\/www.textilegence.com\\\/wp-content\\\/uploads\\\/2016\\\/11\\\/New_Retina_Logo_Textilegence.png\",\"contentUrl\":\"https:\\\/\\\/www.textilegence.com\\\/wp-content\\\/uploads\\\/2016\\\/11\\\/New_Retina_Logo_Textilegence.png\",\"width\":544,\"height\":180,\"caption\":\"Textilegence Magazine and Digital Platform\"},\"image\":{\"@id\":\"https:\\\/\\\/www.textilegence.com\\\/en\\\/#\\\/schema\\\/logo\\\/image\\\/\"},\"sameAs\":[\"https:\\\/\\\/www.facebook.com\\\/TextilegenceMagazine\",\"https:\\\/\\\/x.com\\\/textilegence\",\"https:\\\/\\\/www.instagram.com\\\/textilegence\\\/\",\"https:\\\/\\\/www.linkedin.com\\\/groups\\\/Textilegence-Magazine-Digital-Platform-4897253\",\"https:\\\/\\\/www.youtube.com\\\/user\\\/textilegence\"],\"description\":\"Textilegence is a magazine and digital platform established in 2013. It focuses on the textile industry and sub-segments. The platform provides news, articles, and updates on various aspects of the textile industry, including sustainability, technological advancements, and market trends.\",\"email\":\"editor@textilegence.com\",\"telephone\":\"+90 212 442 24 12\",\"legalName\":\"Textilegence Mag and Digital Platform\",\"foundingDate\":\"2013-01-01\",\"numberOfEmployees\":{\"@type\":\"QuantitativeValue\",\"minValue\":\"1\",\"maxValue\":\"10\"}},{\"@type\":\"Person\",\"@id\":\"https:\\\/\\\/www.textilegence.com\\\/en\\\/#\\\/schema\\\/person\\\/1c3977109f8a6e1e2b95678836d75cb7\",\"name\":\"Fatih Cengiarslan\",\"image\":{\"@type\":\"ImageObject\",\"inLanguage\":\"en-US\",\"@id\":\"https:\\\/\\\/www.textilegence.com\\\/wp-content\\\/uploads\\\/2018\\\/12\\\/fatih-cengiarslan.jpg\",\"url\":\"https:\\\/\\\/www.textilegence.com\\\/wp-content\\\/uploads\\\/2018\\\/12\\\/fatih-cengiarslan.jpg\",\"contentUrl\":\"https:\\\/\\\/www.textilegence.com\\\/wp-content\\\/uploads\\\/2018\\\/12\\\/fatih-cengiarslan.jpg\",\"caption\":\"Fatih Cengiarslan\"},\"description\":\"Fatih Cengiarslan; Akademik \u0130ngilizce e\u011fitimini Bat\u0131 Avustralya \u00dcniversitesi\u2019nde tamamlad\u0131ktan sonra T\u00fcrkiye\u2019ye d\u00f6nerek \u0130stanbul Ayd\u0131n \u00dcniversitesi\u2019nde \u0130nternet Gazetecili\u011fi ve Yay\u0131nc\u0131l\u0131k b\u00f6l\u00fcm\u00fcn\u00fc bitirip, Litvanya \u2013 Kaunas Teknoloji \u00dcniversitesi\u2019nde interaktif media \u00fczerine 8 ayl\u0131k e\u011fitim ald\u0131. Daha sonra Eski\u015fehir Anadolu \u00dcniversitesi girerek \u0130\u015fletme Fak\u00fcltesini ba\u015far\u0131yla tamamlad\u0131. CNNTURK\u2019 kanal\u0131nda staj\u0131n\u0131 tamamlad\u0131ktan sonra Referans Gazetesi\u2019nde \u00e7al\u0131\u015fmaya ba\u015flad\u0131. 2 y\u0131l sonra Textilegence markas\u0131yla tekstil end\u00fcstrisine y\u00f6nelik kendi medyas\u0131n\u0131 kurdu. \u015eu anda Textilegence.com, Printing3D ve NEFA PR Ajans\u0131\u2019n\u0131n 12 y\u0131ld\u0131r y\u00f6netimini yapmaktad\u0131r.\",\"sameAs\":[\"https:\\\/\\\/www.textilegence.com\",\"https:\\\/\\\/www.facebook.com\\\/TextilegenceMagazine\",\"https:\\\/\\\/www.instagram.com\\\/textilegence\\\/\",\"https:\\\/\\\/www.linkedin.com\\\/in\\\/fatih-cengiarslan-32352265\\\/\",\"https:\\\/\\\/x.com\\\/https:\\\/\\\/twitter.com\\\/textilegence\"],\"url\":\"https:\\\/\\\/www.textilegence.com\\\/en\\\/author\\\/admin\\\/\"}]}<\/script>\n<!-- \/ Yoast SEO Premium plugin. -->","yoast_head_json":{"title":"ACIMIT opens the curtain on sustainability and digitalisation at ITMA 2023 -Textilegence","description":"While the excitement and innovative wind of the upcoming ITMA 2023 started to surround the textile industry, ACIMIT, the umbrella...","robots":{"index":"index","follow":"follow","max-snippet":"max-snippet:-1","max-image-preview":"max-image-preview:large","max-video-preview":"max-video-preview:-1"},"canonical":"https:\/\/www.textilegence.com\/en\/acimit-opens-the-curtain-on-sustainability-and-digitalisation-at-itma-2023\/","og_locale":"en_US","og_type":"article","og_title":"ACIMIT opens the curtain on sustainability and digitalisation at ITMA 2023","og_description":"While the excitement and innovative wind of the upcoming ITMA 2023 started to surround the textile industry, ACIMIT, the umbrella organisation of Italian","og_url":"https:\/\/www.textilegence.com\/en\/acimit-opens-the-curtain-on-sustainability-and-digitalisation-at-itma-2023\/","og_site_name":"Textilegence Magazine and Digital Platform","article_publisher":"https:\/\/www.facebook.com\/TextilegenceMagazine","article_author":"https:\/\/www.facebook.com\/TextilegenceMagazine","article_published_time":"2023-04-15T10:03:15+00:00","article_modified_time":"2023-04-15T10:03:19+00:00","og_image":[{"width":1920,"height":1080,"url":"https:\/\/www.textilegence.com\/wp-content\/uploads\/2023\/04\/acimit-textilegence.jpg","type":"image\/jpeg"}],"author":"Fatih Cengiarslan","twitter_card":"summary_large_image","twitter_creator":"@https:\/\/twitter.com\/textilegence","twitter_site":"@textilegence","twitter_misc":{"Written by":"Fatih Cengiarslan","Est. reading time":"8 minutes"},"schema":{"@context":"https:\/\/schema.org","@graph":[{"@type":"NewsArticle","@id":"https:\/\/www.textilegence.com\/en\/acimit-opens-the-curtain-on-sustainability-and-digitalisation-at-itma-2023\/#article","isPartOf":{"@id":"https:\/\/www.textilegence.com\/en\/acimit-opens-the-curtain-on-sustainability-and-digitalisation-at-itma-2023\/"},"author":{"name":"Fatih Cengiarslan","@id":"https:\/\/www.textilegence.com\/en\/#\/schema\/person\/1c3977109f8a6e1e2b95678836d75cb7"},"headline":"ACIMIT opens the curtain on sustainability and digitalisation at ITMA 2023","datePublished":"2023-04-15T10:03:15+00:00","dateModified":"2023-04-15T10:03:19+00:00","mainEntityOfPage":{"@id":"https:\/\/www.textilegence.com\/en\/acimit-opens-the-curtain-on-sustainability-and-digitalisation-at-itma-2023\/"},"wordCount":1116,"publisher":{"@id":"https:\/\/www.textilegence.com\/en\/#organization"},"image":{"@id":"https:\/\/www.textilegence.com\/en\/acimit-opens-the-curtain-on-sustainability-and-digitalisation-at-itma-2023\/#primaryimage"},"thumbnailUrl":"https:\/\/www.textilegence.com\/wp-content\/uploads\/2023\/04\/acimit-textilegence.jpg","keywords":["acimit","ITMA 2023","sustainability","textile news"],"articleSection":["ITMA"],"inLanguage":"en-US"},{"@type":"WebPage","@id":"https:\/\/www.textilegence.com\/en\/acimit-opens-the-curtain-on-sustainability-and-digitalisation-at-itma-2023\/","url":"https:\/\/www.textilegence.com\/en\/acimit-opens-the-curtain-on-sustainability-and-digitalisation-at-itma-2023\/","name":"ACIMIT opens the curtain on sustainability and digitalisation at ITMA 2023 -Textilegence","isPartOf":{"@id":"https:\/\/www.textilegence.com\/en\/#website"},"primaryImageOfPage":{"@id":"https:\/\/www.textilegence.com\/en\/acimit-opens-the-curtain-on-sustainability-and-digitalisation-at-itma-2023\/#primaryimage"},"image":{"@id":"https:\/\/www.textilegence.com\/en\/acimit-opens-the-curtain-on-sustainability-and-digitalisation-at-itma-2023\/#primaryimage"},"thumbnailUrl":"https:\/\/www.textilegence.com\/wp-content\/uploads\/2023\/04\/acimit-textilegence.jpg","datePublished":"2023-04-15T10:03:15+00:00","dateModified":"2023-04-15T10:03:19+00:00","description":"While the excitement and innovative wind of the upcoming ITMA 2023 started to surround the textile industry, ACIMIT, the umbrella...","breadcrumb":{"@id":"https:\/\/www.textilegence.com\/en\/acimit-opens-the-curtain-on-sustainability-and-digitalisation-at-itma-2023\/#breadcrumb"},"inLanguage":"en-US","potentialAction":[{"@type":"ReadAction","target":["https:\/\/www.textilegence.com\/en\/acimit-opens-the-curtain-on-sustainability-and-digitalisation-at-itma-2023\/"]}]},{"@type":"ImageObject","inLanguage":"en-US","@id":"https:\/\/www.textilegence.com\/en\/acimit-opens-the-curtain-on-sustainability-and-digitalisation-at-itma-2023\/#primaryimage","url":"https:\/\/www.textilegence.com\/wp-content\/uploads\/2023\/04\/acimit-textilegence.jpg","contentUrl":"https:\/\/www.textilegence.com\/wp-content\/uploads\/2023\/04\/acimit-textilegence.jpg","width":1920,"height":1080},{"@type":"BreadcrumbList","@id":"https:\/\/www.textilegence.com\/en\/acimit-opens-the-curtain-on-sustainability-and-digitalisation-at-itma-2023\/#breadcrumb","itemListElement":[{"@type":"ListItem","position":1,"name":"Home Page","item":"https:\/\/www.textilegence.com\/en\/homepage-the-rimont\/"},{"@type":"ListItem","position":2,"name":"Topical","item":"https:\/\/www.textilegence.com\/en\/category\/topical\/"},{"@type":"ListItem","position":3,"name":"ACIMIT opens the curtain on sustainability and digitalisation at ITMA 2023"}]},{"@type":"WebSite","@id":"https:\/\/www.textilegence.com\/en\/#website","url":"https:\/\/www.textilegence.com\/en\/","name":"Textilegence Magazine and Digital Platform","description":"Textile News Center","publisher":{"@id":"https:\/\/www.textilegence.com\/en\/#organization"},"potentialAction":[{"@type":"SearchAction","target":{"@type":"EntryPoint","urlTemplate":"https:\/\/www.textilegence.com\/en\/?s={search_term_string}"},"query-input":{"@type":"PropertyValueSpecification","valueRequired":true,"valueName":"search_term_string"}}],"inLanguage":"en-US"},{"@type":"Organization","@id":"https:\/\/www.textilegence.com\/en\/#organization","name":"Textilegence Magazine and Digital Platform","url":"https:\/\/www.textilegence.com\/en\/","logo":{"@type":"ImageObject","inLanguage":"en-US","@id":"https:\/\/www.textilegence.com\/en\/#\/schema\/logo\/image\/","url":"https:\/\/www.textilegence.com\/wp-content\/uploads\/2016\/11\/New_Retina_Logo_Textilegence.png","contentUrl":"https:\/\/www.textilegence.com\/wp-content\/uploads\/2016\/11\/New_Retina_Logo_Textilegence.png","width":544,"height":180,"caption":"Textilegence Magazine and Digital Platform"},"image":{"@id":"https:\/\/www.textilegence.com\/en\/#\/schema\/logo\/image\/"},"sameAs":["https:\/\/www.facebook.com\/TextilegenceMagazine","https:\/\/x.com\/textilegence","https:\/\/www.instagram.com\/textilegence\/","https:\/\/www.linkedin.com\/groups\/Textilegence-Magazine-Digital-Platform-4897253","https:\/\/www.youtube.com\/user\/textilegence"],"description":"Textilegence is a magazine and digital platform established in 2013. It focuses on the textile industry and sub-segments. The platform provides news, articles, and updates on various aspects of the textile industry, including sustainability, technological advancements, and market trends.","email":"editor@textilegence.com","telephone":"+90 212 442 24 12","legalName":"Textilegence Mag and Digital Platform","foundingDate":"2013-01-01","numberOfEmployees":{"@type":"QuantitativeValue","minValue":"1","maxValue":"10"}},{"@type":"Person","@id":"https:\/\/www.textilegence.com\/en\/#\/schema\/person\/1c3977109f8a6e1e2b95678836d75cb7","name":"Fatih Cengiarslan","image":{"@type":"ImageObject","inLanguage":"en-US","@id":"https:\/\/www.textilegence.com\/wp-content\/uploads\/2018\/12\/fatih-cengiarslan.jpg","url":"https:\/\/www.textilegence.com\/wp-content\/uploads\/2018\/12\/fatih-cengiarslan.jpg","contentUrl":"https:\/\/www.textilegence.com\/wp-content\/uploads\/2018\/12\/fatih-cengiarslan.jpg","caption":"Fatih Cengiarslan"},"description":"Fatih Cengiarslan; Akademik \u0130ngilizce e\u011fitimini Bat\u0131 Avustralya \u00dcniversitesi\u2019nde tamamlad\u0131ktan sonra T\u00fcrkiye\u2019ye d\u00f6nerek \u0130stanbul Ayd\u0131n \u00dcniversitesi\u2019nde \u0130nternet Gazetecili\u011fi ve Yay\u0131nc\u0131l\u0131k b\u00f6l\u00fcm\u00fcn\u00fc bitirip, Litvanya \u2013 Kaunas Teknoloji \u00dcniversitesi\u2019nde interaktif media \u00fczerine 8 ayl\u0131k e\u011fitim ald\u0131. Daha sonra Eski\u015fehir Anadolu \u00dcniversitesi girerek \u0130\u015fletme Fak\u00fcltesini ba\u015far\u0131yla tamamlad\u0131. CNNTURK\u2019 kanal\u0131nda staj\u0131n\u0131 tamamlad\u0131ktan sonra Referans Gazetesi\u2019nde \u00e7al\u0131\u015fmaya ba\u015flad\u0131. 2 y\u0131l sonra Textilegence markas\u0131yla tekstil end\u00fcstrisine y\u00f6nelik kendi medyas\u0131n\u0131 kurdu. \u015eu anda Textilegence.com, Printing3D ve NEFA PR Ajans\u0131\u2019n\u0131n 12 y\u0131ld\u0131r y\u00f6netimini yapmaktad\u0131r.","sameAs":["https:\/\/www.textilegence.com","https:\/\/www.facebook.com\/TextilegenceMagazine","https:\/\/www.instagram.com\/textilegence\/","https:\/\/www.linkedin.com\/in\/fatih-cengiarslan-32352265\/","https:\/\/x.com\/https:\/\/twitter.com\/textilegence"],"url":"https:\/\/www.textilegence.com\/en\/author\/admin\/"}]}},"_links":{"self":[{"href":"https:\/\/www.textilegence.com\/en\/wp-json\/wp\/v2\/posts\/53253","targetHints":{"allow":["GET"]}}],"collection":[{"href":"https:\/\/www.textilegence.com\/en\/wp-json\/wp\/v2\/posts"}],"about":[{"href":"https:\/\/www.textilegence.com\/en\/wp-json\/wp\/v2\/types\/post"}],"author":[{"embeddable":true,"href":"https:\/\/www.textilegence.com\/en\/wp-json\/wp\/v2\/users\/8"}],"replies":[{"embeddable":true,"href":"https:\/\/www.textilegence.com\/en\/wp-json\/wp\/v2\/comments?post=53253"}],"version-history":[{"count":0,"href":"https:\/\/www.textilegence.com\/en\/wp-json\/wp\/v2\/posts\/53253\/revisions"}],"wp:featuredmedia":[{"embeddable":true,"href":"https:\/\/www.textilegence.com\/en\/wp-json\/wp\/v2\/media\/53244"}],"wp:attachment":[{"href":"https:\/\/www.textilegence.com\/en\/wp-json\/wp\/v2\/media?parent=53253"}],"wp:term":[{"taxonomy":"category","embeddable":true,"href":"https:\/\/www.textilegence.com\/en\/wp-json\/wp\/v2\/categories?post=53253"},{"taxonomy":"post_tag","embeddable":true,"href":"https:\/\/www.textilegence.com\/en\/wp-json\/wp\/v2\/tags?post=53253"}],"curies":[{"name":"wp","href":"https:\/\/api.w.org\/{rel}","templated":true}]}}