{"id":53286,"date":"2023-04-15T12:24:40","date_gmt":"2023-04-15T09:24:40","guid":{"rendered":"http:\/\/www.textilegence.com\/?p=53286"},"modified":"2023-04-15T12:24:43","modified_gmt":"2023-04-15T09:24:43","slug":"fespa-gpe-comes-back-with-great-participation-in-2023","status":"publish","type":"post","link":"https:\/\/www.textilegence.com\/en\/fespa-gpe-comes-back-with-great-participation-in-2023\/","title":{"rendered":"FESPA GPE comes back with great participation in 2023"},"content":{"rendered":"\n<p>FESPA Global Print Expo (FESPA GPE), European Sign Expo and Personalisation Experience 2023 are preparing to host 490 exhibiting companies, which are already confirmed their <a href=\"https:\/\/www.fespa.com\/en\/events\/2023\/fespa-global-print-expo-2023\" target=\"_blank\" rel=\"noreferrer noopener\">participation<\/a>, on May 23-26. The companies, including 95 suppliers who were unable to attend the events in the last two years due to travel restrictions, amongst them are DP Solutions, eurolaser, INX, L\u00fcscher Technologies, Marabu, SPS TechnoScreen, Vastex International and Vivid Laminating Technologies. The line-up also features 78 new <a href=\"https:\/\/www.textilegence.com\/en\/category\/trade-fairs\/\" target=\"_blank\" rel=\"noreferrer noopener\">exhibitors<\/a>, including Aerolam Decoratives, CarbonQuota, Duveholm Stallbacken, Magon, Newtown Packaging, Ronchini Massimo, Scandinavian Print Group, Toscana Systems and XEIKON.<\/p>\n\n\n\n<p>Visitors to FESPA GPE 2023 will see solutions from event sponsors Durst, Surfex, Brother, Mimaki, Hanglory and HP and hardware from leading suppliers including AGFA, Aeoon, Aleph, Canon, Epson, Fujifilm, HP, Kongsberg, Liyu, MHM, Sakurai, swissQprint, Ricoh, Roland, ROQ and Z\u00fcnd.<\/p>\n\n\n\n<p>Confirmed automation and workflow software suppliers include Caldera, efi, Enfocus BV, OneVision and PrintFactory. Ahlstrom Munksj\u00f6, APA, Hexis, ImagePerfect\/Berger Textiles, InkTec, Neschen, ORAFOL, Poli-Tape and Sun Chemical are also among the companies presenting media and consumables.<\/p>\n\n\n\n<h2 class=\"wp-block-heading\" id=\"h-fespa-gpe-2023-will-offer-new-perspectives-to-printers-and-signmakers\">FESPA GPE 2023 will offer new perspectives to printers and signmakers<\/h2>\n\n\n\n<p>Head of FESPA Global Print Expo Michael Ryan said that exhibitors who have not been able to participate in FESPA events in the last few years cannot wait to share their innovations and expertise with their visitors. Ryan also added that they know that printers benefit hugely from being able to see products from many suppliers in one place, helping them to compare and evaluate the right investments for their business and continued: \u201cOur mission this year is to give valuable new perspectives to printers and signmakers. With the strongest line-up of FESPA exhibitors since 2019, we can guarantee that visitors to Munich in May will be in the best place to get the insight and advice they need to overcome their production challenges, access new opportunities and imagine their business future.\u201d<\/p>\n\n\n<div class=\"wp-block-image\">\n<figure class=\"aligncenter size-full\"><img loading=\"lazy\" decoding=\"async\" width=\"1920\" height=\"1080\" src=\"https:\/\/www.textilegence.com\/wp-content\/uploads\/2023\/04\/fespa-gpe-detail.jpg\" alt=\"\" class=\"wp-image-53284\" srcset=\"https:\/\/www.textilegence.com\/wp-content\/uploads\/2023\/04\/fespa-gpe-detail.jpg 1920w, https:\/\/www.textilegence.com\/wp-content\/uploads\/2023\/04\/fespa-gpe-detail-768x432.jpg 768w, https:\/\/www.textilegence.com\/wp-content\/uploads\/2023\/04\/fespa-gpe-detail-1536x864.jpg 1536w, https:\/\/www.textilegence.com\/wp-content\/uploads\/2023\/04\/fespa-gpe-detail-300x169.jpg 300w, https:\/\/www.textilegence.com\/wp-content\/uploads\/2023\/04\/fespa-gpe-detail-600x338.jpg 600w, https:\/\/www.textilegence.com\/wp-content\/uploads\/2023\/04\/fespa-gpe-detail-696x392.jpg 696w, https:\/\/www.textilegence.com\/wp-content\/uploads\/2023\/04\/fespa-gpe-detail-1068x601.jpg 1068w\" sizes=\"auto, (max-width: 1920px) 100vw, 1920px\" \/><figcaption class=\"wp-element-caption\">FESPA GPE comes back with great participation in 2023<\/figcaption><\/figure>\n<\/div>\n\n\n<p>Durst CEO &amp; Co-Owner Christoph Gamper disclosed that whereas there was a strong focus on faster production in recent years, digital printing is now no longer the new kid on the block. Gamper noted that the emphasis is now on automation, efficiency, and an overall sustainable process in the various digital printing applications, saying: \u201cWe are pleased to have FESPA in our \u2018neighbourhood\u2019 this year and look forward to a lively exchange of applications and unique views, celebrating achievements and discussing new perspectives. The best ideas are born in dialogue, and FESPA offers the ideal setting.\u201d<\/p>\n\n\n\n<h2 class=\"wp-block-heading\" id=\"h-new-personalisation-experience-will-be-held-for-the-first-time\">New Personalisation Experience will be held for the first time<\/h2>\n\n\n\n<p>European Sign Expo 2023, the leading European exhibition for signage and visual communications, will be co-located with FESPA Global Print Expo. With the support of Platinum Sponsor EFKA, the event will reunite key signage professionals with companies specialising in channel lettering, digital signage, dimensional signage, engraving and etching, illuminated displays, out of home media, LED, outdoor systems, laser cutters and sign tools.<\/p>\n\n\n\n<p>NEW for 2023, the co-located Personalisation Experience will bring together 3,500 stakeholders from retailers, brands, agencies to printers and fulfilment houses, connecting them with software providers and OEMs to explore the potential of personalisation in sportswear, packaging, product, loyalty and custom interiors. It will give visitors the opportunity to learn more about personalisation, with specialist suppliers including Antigro, Brother, Dreamscape, Infigo, Optimus, Printbox, Print &amp; Logistics, Taopix and XMPie showcasing products and solutions.<\/p>\n\n\n\n<p>Registration for FESPA Global Print Expo, European Sign Expo and Personalisation Experience is now live. Entry to all three exhibition areas is free for members of a FESPA national association or FESPA Direct. The ticket price is \u20ac30.00 for non-members who pre-register using code FESM306 before 23rd March.<\/p>\n\n\n\n<p>A four-day pass for the Personalisation Experience conference area will be priced at \u20ac495. Tickets to the PE conference are \u20ac225 for visitors who register before March 23rd using code PEX1.<\/p>\n","protected":false},"excerpt":{"rendered":"<p>FESPA Global Print Expo (FESPA GPE), European Sign Expo and Personalisation Experience 2023 are preparing to host 490 exhibiting companies, which are already confirmed their participation, on May 23-26. The companies, including 95 suppliers who were unable to attend the events in the last two years due to travel restrictions, amongst them are DP Solutions, [&hellip;]<\/p>\n","protected":false},"author":2,"featured_media":53282,"comment_status":"closed","ping_status":"closed","sticky":false,"template":"","format":"standard","meta":{"footnotes":""},"categories":[9845],"tags":[16247,10369,12448],"class_list":{"0":"post-53286","1":"post","2":"type-post","3":"status-publish","4":"format-standard","5":"has-post-thumbnail","7":"category-trade-fairs","8":"tag-fespa-global-print-expo-2023","9":"tag-textile-news-en","10":"tag-trade-fairs"},"yoast_head":"<!-- This site is optimized with the Yoast SEO Premium plugin v27.3 (Yoast SEO v27.3) - https:\/\/yoast.com\/product\/yoast-seo-premium-wordpress\/ -->\n<title>FESPA GPE comes back with great participation in 2023 - Textilegence<\/title>\n<meta name=\"description\" content=\"FESPA Global Print Expo (FESPA GPE), European Sign Expo and Personalisation Experience 2023 are preparing to...\" \/>\n<meta name=\"robots\" content=\"index, follow, max-snippet:-1, max-image-preview:large, max-video-preview:-1\" \/>\n<link rel=\"canonical\" href=\"https:\/\/www.textilegence.com\/en\/fespa-gpe-comes-back-with-great-participation-in-2023\/\" \/>\n<meta property=\"og:locale\" content=\"en_US\" \/>\n<meta property=\"og:type\" content=\"article\" \/>\n<meta property=\"og:title\" content=\"FESPA GPE comes back with great participation in 2023\" \/>\n<meta property=\"og:description\" content=\"FESPA Global Print Expo (FESPA GPE), European Sign Expo and Personalisation Experience 2023 are preparing to host 490 exhibiting companies, which are\" \/>\n<meta property=\"og:url\" content=\"https:\/\/www.textilegence.com\/en\/fespa-gpe-comes-back-with-great-participation-in-2023\/\" \/>\n<meta property=\"og:site_name\" content=\"Textilegence Magazine and Digital Platform\" \/>\n<meta property=\"article:publisher\" content=\"https:\/\/www.facebook.com\/TextilegenceMagazine\" \/>\n<meta property=\"article:author\" content=\"https:\/\/www.facebook.com\/TextilegenceMagazine\" \/>\n<meta property=\"article:published_time\" content=\"2023-04-15T09:24:40+00:00\" \/>\n<meta property=\"article:modified_time\" content=\"2023-04-15T09:24:43+00:00\" \/>\n<meta property=\"og:image\" content=\"https:\/\/www.textilegence.com\/wp-content\/uploads\/2023\/04\/fespa-gpe-textilegence.jpg\" \/>\n\t<meta property=\"og:image:width\" content=\"1920\" \/>\n\t<meta property=\"og:image:height\" content=\"1080\" \/>\n\t<meta property=\"og:image:type\" content=\"image\/jpeg\" \/>\n<meta name=\"author\" content=\"Engin Buz\" \/>\n<meta name=\"twitter:card\" content=\"summary_large_image\" \/>\n<meta name=\"twitter:creator\" content=\"@https:\/\/twitter.com\/textilegence\" \/>\n<meta name=\"twitter:site\" content=\"@textilegence\" \/>\n<meta name=\"twitter:label1\" content=\"Written by\" \/>\n\t<meta name=\"twitter:data1\" content=\"Engin Buz\" \/>\n\t<meta name=\"twitter:label2\" content=\"Est. reading time\" \/>\n\t<meta name=\"twitter:data2\" content=\"5 minutes\" \/>\n<script type=\"application\/ld+json\" class=\"yoast-schema-graph\">{\"@context\":\"https:\\\/\\\/schema.org\",\"@graph\":[{\"@type\":\"NewsArticle\",\"@id\":\"https:\\\/\\\/www.textilegence.com\\\/en\\\/fespa-gpe-comes-back-with-great-participation-in-2023\\\/#article\",\"isPartOf\":{\"@id\":\"https:\\\/\\\/www.textilegence.com\\\/en\\\/fespa-gpe-comes-back-with-great-participation-in-2023\\\/\"},\"author\":{\"name\":\"Engin Buz\",\"@id\":\"https:\\\/\\\/www.textilegence.com\\\/en\\\/#\\\/schema\\\/person\\\/46ccc7bfc34edbc7d46b6b189f88849f\"},\"headline\":\"FESPA GPE comes back with great participation in 2023\",\"datePublished\":\"2023-04-15T09:24:40+00:00\",\"dateModified\":\"2023-04-15T09:24:43+00:00\",\"mainEntityOfPage\":{\"@id\":\"https:\\\/\\\/www.textilegence.com\\\/en\\\/fespa-gpe-comes-back-with-great-participation-in-2023\\\/\"},\"wordCount\":639,\"publisher\":{\"@id\":\"https:\\\/\\\/www.textilegence.com\\\/en\\\/#organization\"},\"image\":{\"@id\":\"https:\\\/\\\/www.textilegence.com\\\/en\\\/fespa-gpe-comes-back-with-great-participation-in-2023\\\/#primaryimage\"},\"thumbnailUrl\":\"https:\\\/\\\/www.textilegence.com\\\/wp-content\\\/uploads\\\/2023\\\/04\\\/fespa-gpe-textilegence.jpg\",\"keywords\":[\"FESPA Global Print Expo 2023\",\"textile news\",\"trade fairs\"],\"articleSection\":[\"Trade Fairs\"],\"inLanguage\":\"en-US\"},{\"@type\":\"WebPage\",\"@id\":\"https:\\\/\\\/www.textilegence.com\\\/en\\\/fespa-gpe-comes-back-with-great-participation-in-2023\\\/\",\"url\":\"https:\\\/\\\/www.textilegence.com\\\/en\\\/fespa-gpe-comes-back-with-great-participation-in-2023\\\/\",\"name\":\"FESPA GPE comes back with great participation in 2023 - Textilegence\",\"isPartOf\":{\"@id\":\"https:\\\/\\\/www.textilegence.com\\\/en\\\/#website\"},\"primaryImageOfPage\":{\"@id\":\"https:\\\/\\\/www.textilegence.com\\\/en\\\/fespa-gpe-comes-back-with-great-participation-in-2023\\\/#primaryimage\"},\"image\":{\"@id\":\"https:\\\/\\\/www.textilegence.com\\\/en\\\/fespa-gpe-comes-back-with-great-participation-in-2023\\\/#primaryimage\"},\"thumbnailUrl\":\"https:\\\/\\\/www.textilegence.com\\\/wp-content\\\/uploads\\\/2023\\\/04\\\/fespa-gpe-textilegence.jpg\",\"datePublished\":\"2023-04-15T09:24:40+00:00\",\"dateModified\":\"2023-04-15T09:24:43+00:00\",\"description\":\"FESPA Global Print Expo (FESPA GPE), European Sign Expo and Personalisation Experience 2023 are preparing to...\",\"breadcrumb\":{\"@id\":\"https:\\\/\\\/www.textilegence.com\\\/en\\\/fespa-gpe-comes-back-with-great-participation-in-2023\\\/#breadcrumb\"},\"inLanguage\":\"en-US\",\"potentialAction\":[{\"@type\":\"ReadAction\",\"target\":[\"https:\\\/\\\/www.textilegence.com\\\/en\\\/fespa-gpe-comes-back-with-great-participation-in-2023\\\/\"]}]},{\"@type\":\"ImageObject\",\"inLanguage\":\"en-US\",\"@id\":\"https:\\\/\\\/www.textilegence.com\\\/en\\\/fespa-gpe-comes-back-with-great-participation-in-2023\\\/#primaryimage\",\"url\":\"https:\\\/\\\/www.textilegence.com\\\/wp-content\\\/uploads\\\/2023\\\/04\\\/fespa-gpe-textilegence.jpg\",\"contentUrl\":\"https:\\\/\\\/www.textilegence.com\\\/wp-content\\\/uploads\\\/2023\\\/04\\\/fespa-gpe-textilegence.jpg\",\"width\":1920,\"height\":1080},{\"@type\":\"BreadcrumbList\",\"@id\":\"https:\\\/\\\/www.textilegence.com\\\/en\\\/fespa-gpe-comes-back-with-great-participation-in-2023\\\/#breadcrumb\",\"itemListElement\":[{\"@type\":\"ListItem\",\"position\":1,\"name\":\"Home Page\",\"item\":\"https:\\\/\\\/www.textilegence.com\\\/en\\\/homepage-the-rimont\\\/\"},{\"@type\":\"ListItem\",\"position\":2,\"name\":\"Trade Fairs\",\"item\":\"https:\\\/\\\/www.textilegence.com\\\/en\\\/category\\\/trade-fairs\\\/\"},{\"@type\":\"ListItem\",\"position\":3,\"name\":\"FESPA GPE comes back with great participation in 2023\"}]},{\"@type\":\"WebSite\",\"@id\":\"https:\\\/\\\/www.textilegence.com\\\/en\\\/#website\",\"url\":\"https:\\\/\\\/www.textilegence.com\\\/en\\\/\",\"name\":\"Textilegence Magazine and Digital Platform\",\"description\":\"Textile News Center\",\"publisher\":{\"@id\":\"https:\\\/\\\/www.textilegence.com\\\/en\\\/#organization\"},\"potentialAction\":[{\"@type\":\"SearchAction\",\"target\":{\"@type\":\"EntryPoint\",\"urlTemplate\":\"https:\\\/\\\/www.textilegence.com\\\/en\\\/?s={search_term_string}\"},\"query-input\":{\"@type\":\"PropertyValueSpecification\",\"valueRequired\":true,\"valueName\":\"search_term_string\"}}],\"inLanguage\":\"en-US\"},{\"@type\":\"Organization\",\"@id\":\"https:\\\/\\\/www.textilegence.com\\\/en\\\/#organization\",\"name\":\"Textilegence Magazine and Digital Platform\",\"url\":\"https:\\\/\\\/www.textilegence.com\\\/en\\\/\",\"logo\":{\"@type\":\"ImageObject\",\"inLanguage\":\"en-US\",\"@id\":\"https:\\\/\\\/www.textilegence.com\\\/en\\\/#\\\/schema\\\/logo\\\/image\\\/\",\"url\":\"https:\\\/\\\/www.textilegence.com\\\/wp-content\\\/uploads\\\/2016\\\/11\\\/New_Retina_Logo_Textilegence.png\",\"contentUrl\":\"https:\\\/\\\/www.textilegence.com\\\/wp-content\\\/uploads\\\/2016\\\/11\\\/New_Retina_Logo_Textilegence.png\",\"width\":544,\"height\":180,\"caption\":\"Textilegence Magazine and Digital Platform\"},\"image\":{\"@id\":\"https:\\\/\\\/www.textilegence.com\\\/en\\\/#\\\/schema\\\/logo\\\/image\\\/\"},\"sameAs\":[\"https:\\\/\\\/www.facebook.com\\\/TextilegenceMagazine\",\"https:\\\/\\\/x.com\\\/textilegence\",\"https:\\\/\\\/www.instagram.com\\\/textilegence\\\/\",\"https:\\\/\\\/www.linkedin.com\\\/groups\\\/Textilegence-Magazine-Digital-Platform-4897253\",\"https:\\\/\\\/www.youtube.com\\\/user\\\/textilegence\"],\"description\":\"Textilegence is a magazine and digital platform established in 2013. It focuses on the textile industry and sub-segments. The platform provides news, articles, and updates on various aspects of the textile industry, including sustainability, technological advancements, and market trends.\",\"email\":\"editor@textilegence.com\",\"telephone\":\"+90 212 442 24 12\",\"legalName\":\"Textilegence Mag and Digital Platform\",\"foundingDate\":\"2013-01-01\",\"numberOfEmployees\":{\"@type\":\"QuantitativeValue\",\"minValue\":\"1\",\"maxValue\":\"10\"}},{\"@type\":\"Person\",\"@id\":\"https:\\\/\\\/www.textilegence.com\\\/en\\\/#\\\/schema\\\/person\\\/46ccc7bfc34edbc7d46b6b189f88849f\",\"name\":\"Engin Buz\",\"image\":{\"@type\":\"ImageObject\",\"inLanguage\":\"en-US\",\"@id\":\"https:\\\/\\\/www.textilegence.com\\\/wp-content\\\/uploads\\\/2018\\\/12\\\/engin-buz.jpg\",\"url\":\"https:\\\/\\\/www.textilegence.com\\\/wp-content\\\/uploads\\\/2018\\\/12\\\/engin-buz.jpg\",\"contentUrl\":\"https:\\\/\\\/www.textilegence.com\\\/wp-content\\\/uploads\\\/2018\\\/12\\\/engin-buz.jpg\",\"caption\":\"Engin Buz\"},\"description\":\"Engin Buz, Ankara \u00dcniversitesi \u0130leti\u015fim Fak\u00fcltesi Gazetecilik B\u00f6l\u00fcm\u00fc\u2019nden mezun olduktan sonra Y\u0131ld\u0131z Teknik \u00dcniversitesi\u2019nde Siyaset Bilimi ve Uluslararas\u0131 \u0130li\u015fkiler alan\u0131nda y\u00fcksek lisans\u0131n\u0131 tamamlam\u0131\u015ft\u0131r. 2000 y\u0131l\u0131ndan sonra \u00e7e\u015fitli yay\u0131nc\u0131l\u0131k \u015firketlerinde \u00e7al\u0131\u015fmaya ba\u015flayarak k\u00fclt\u00fcr-sanat ve daha sonra ekonomi haberleri haz\u0131rlam\u0131\u015ft\u0131r. 2009 y\u0131l\u0131ndan itibaren tekstil end\u00fcstrisine d\u00f6n\u00fck yay\u0131nlarda edit\u00f6r olarak g\u00f6rev alan Buz, 2013 itibariyle kurulan Textilegence\u2019de haber edit\u00f6r\u00fc olarak yer almaya ba\u015flam\u0131\u015ft\u0131r. Engin Buz halen ba\u015fta tekstil ve dijital bask\u0131 end\u00fcstrileri olmak \u00fczere ekonomi haberleri haz\u0131rlamaktad\u0131r.\",\"sameAs\":[\"https:\\\/\\\/www.textilegence.com\",\"https:\\\/\\\/www.facebook.com\\\/TextilegenceMagazine\",\"https:\\\/\\\/www.instagram.com\\\/textilegence\\\/\",\"https:\\\/\\\/www.linkedin.com\\\/in\\\/engin-buz-6190799a\\\/\",\"https:\\\/\\\/x.com\\\/https:\\\/\\\/twitter.com\\\/textilegence\"],\"url\":\"https:\\\/\\\/www.textilegence.com\\\/en\\\/author\\\/engin-buz\\\/\"}]}<\/script>\n<!-- \/ Yoast SEO Premium plugin. -->","yoast_head_json":{"title":"FESPA GPE comes back with great participation in 2023 - Textilegence","description":"FESPA Global Print Expo (FESPA GPE), European Sign Expo and Personalisation Experience 2023 are preparing to...","robots":{"index":"index","follow":"follow","max-snippet":"max-snippet:-1","max-image-preview":"max-image-preview:large","max-video-preview":"max-video-preview:-1"},"canonical":"https:\/\/www.textilegence.com\/en\/fespa-gpe-comes-back-with-great-participation-in-2023\/","og_locale":"en_US","og_type":"article","og_title":"FESPA GPE comes back with great participation in 2023","og_description":"FESPA Global Print Expo (FESPA GPE), European Sign Expo and Personalisation Experience 2023 are preparing to host 490 exhibiting companies, which are","og_url":"https:\/\/www.textilegence.com\/en\/fespa-gpe-comes-back-with-great-participation-in-2023\/","og_site_name":"Textilegence Magazine and Digital Platform","article_publisher":"https:\/\/www.facebook.com\/TextilegenceMagazine","article_author":"https:\/\/www.facebook.com\/TextilegenceMagazine","article_published_time":"2023-04-15T09:24:40+00:00","article_modified_time":"2023-04-15T09:24:43+00:00","og_image":[{"width":1920,"height":1080,"url":"https:\/\/www.textilegence.com\/wp-content\/uploads\/2023\/04\/fespa-gpe-textilegence.jpg","type":"image\/jpeg"}],"author":"Engin Buz","twitter_card":"summary_large_image","twitter_creator":"@https:\/\/twitter.com\/textilegence","twitter_site":"@textilegence","twitter_misc":{"Written by":"Engin Buz","Est. reading time":"5 minutes"},"schema":{"@context":"https:\/\/schema.org","@graph":[{"@type":"NewsArticle","@id":"https:\/\/www.textilegence.com\/en\/fespa-gpe-comes-back-with-great-participation-in-2023\/#article","isPartOf":{"@id":"https:\/\/www.textilegence.com\/en\/fespa-gpe-comes-back-with-great-participation-in-2023\/"},"author":{"name":"Engin Buz","@id":"https:\/\/www.textilegence.com\/en\/#\/schema\/person\/46ccc7bfc34edbc7d46b6b189f88849f"},"headline":"FESPA GPE comes back with great participation in 2023","datePublished":"2023-04-15T09:24:40+00:00","dateModified":"2023-04-15T09:24:43+00:00","mainEntityOfPage":{"@id":"https:\/\/www.textilegence.com\/en\/fespa-gpe-comes-back-with-great-participation-in-2023\/"},"wordCount":639,"publisher":{"@id":"https:\/\/www.textilegence.com\/en\/#organization"},"image":{"@id":"https:\/\/www.textilegence.com\/en\/fespa-gpe-comes-back-with-great-participation-in-2023\/#primaryimage"},"thumbnailUrl":"https:\/\/www.textilegence.com\/wp-content\/uploads\/2023\/04\/fespa-gpe-textilegence.jpg","keywords":["FESPA Global Print Expo 2023","textile news","trade fairs"],"articleSection":["Trade Fairs"],"inLanguage":"en-US"},{"@type":"WebPage","@id":"https:\/\/www.textilegence.com\/en\/fespa-gpe-comes-back-with-great-participation-in-2023\/","url":"https:\/\/www.textilegence.com\/en\/fespa-gpe-comes-back-with-great-participation-in-2023\/","name":"FESPA GPE comes back with great participation in 2023 - Textilegence","isPartOf":{"@id":"https:\/\/www.textilegence.com\/en\/#website"},"primaryImageOfPage":{"@id":"https:\/\/www.textilegence.com\/en\/fespa-gpe-comes-back-with-great-participation-in-2023\/#primaryimage"},"image":{"@id":"https:\/\/www.textilegence.com\/en\/fespa-gpe-comes-back-with-great-participation-in-2023\/#primaryimage"},"thumbnailUrl":"https:\/\/www.textilegence.com\/wp-content\/uploads\/2023\/04\/fespa-gpe-textilegence.jpg","datePublished":"2023-04-15T09:24:40+00:00","dateModified":"2023-04-15T09:24:43+00:00","description":"FESPA Global Print Expo (FESPA GPE), European Sign Expo and Personalisation Experience 2023 are preparing to...","breadcrumb":{"@id":"https:\/\/www.textilegence.com\/en\/fespa-gpe-comes-back-with-great-participation-in-2023\/#breadcrumb"},"inLanguage":"en-US","potentialAction":[{"@type":"ReadAction","target":["https:\/\/www.textilegence.com\/en\/fespa-gpe-comes-back-with-great-participation-in-2023\/"]}]},{"@type":"ImageObject","inLanguage":"en-US","@id":"https:\/\/www.textilegence.com\/en\/fespa-gpe-comes-back-with-great-participation-in-2023\/#primaryimage","url":"https:\/\/www.textilegence.com\/wp-content\/uploads\/2023\/04\/fespa-gpe-textilegence.jpg","contentUrl":"https:\/\/www.textilegence.com\/wp-content\/uploads\/2023\/04\/fespa-gpe-textilegence.jpg","width":1920,"height":1080},{"@type":"BreadcrumbList","@id":"https:\/\/www.textilegence.com\/en\/fespa-gpe-comes-back-with-great-participation-in-2023\/#breadcrumb","itemListElement":[{"@type":"ListItem","position":1,"name":"Home Page","item":"https:\/\/www.textilegence.com\/en\/homepage-the-rimont\/"},{"@type":"ListItem","position":2,"name":"Trade Fairs","item":"https:\/\/www.textilegence.com\/en\/category\/trade-fairs\/"},{"@type":"ListItem","position":3,"name":"FESPA GPE comes back with great participation in 2023"}]},{"@type":"WebSite","@id":"https:\/\/www.textilegence.com\/en\/#website","url":"https:\/\/www.textilegence.com\/en\/","name":"Textilegence Magazine and Digital Platform","description":"Textile News Center","publisher":{"@id":"https:\/\/www.textilegence.com\/en\/#organization"},"potentialAction":[{"@type":"SearchAction","target":{"@type":"EntryPoint","urlTemplate":"https:\/\/www.textilegence.com\/en\/?s={search_term_string}"},"query-input":{"@type":"PropertyValueSpecification","valueRequired":true,"valueName":"search_term_string"}}],"inLanguage":"en-US"},{"@type":"Organization","@id":"https:\/\/www.textilegence.com\/en\/#organization","name":"Textilegence Magazine and Digital Platform","url":"https:\/\/www.textilegence.com\/en\/","logo":{"@type":"ImageObject","inLanguage":"en-US","@id":"https:\/\/www.textilegence.com\/en\/#\/schema\/logo\/image\/","url":"https:\/\/www.textilegence.com\/wp-content\/uploads\/2016\/11\/New_Retina_Logo_Textilegence.png","contentUrl":"https:\/\/www.textilegence.com\/wp-content\/uploads\/2016\/11\/New_Retina_Logo_Textilegence.png","width":544,"height":180,"caption":"Textilegence Magazine and Digital Platform"},"image":{"@id":"https:\/\/www.textilegence.com\/en\/#\/schema\/logo\/image\/"},"sameAs":["https:\/\/www.facebook.com\/TextilegenceMagazine","https:\/\/x.com\/textilegence","https:\/\/www.instagram.com\/textilegence\/","https:\/\/www.linkedin.com\/groups\/Textilegence-Magazine-Digital-Platform-4897253","https:\/\/www.youtube.com\/user\/textilegence"],"description":"Textilegence is a magazine and digital platform established in 2013. It focuses on the textile industry and sub-segments. The platform provides news, articles, and updates on various aspects of the textile industry, including sustainability, technological advancements, and market trends.","email":"editor@textilegence.com","telephone":"+90 212 442 24 12","legalName":"Textilegence Mag and Digital Platform","foundingDate":"2013-01-01","numberOfEmployees":{"@type":"QuantitativeValue","minValue":"1","maxValue":"10"}},{"@type":"Person","@id":"https:\/\/www.textilegence.com\/en\/#\/schema\/person\/46ccc7bfc34edbc7d46b6b189f88849f","name":"Engin Buz","image":{"@type":"ImageObject","inLanguage":"en-US","@id":"https:\/\/www.textilegence.com\/wp-content\/uploads\/2018\/12\/engin-buz.jpg","url":"https:\/\/www.textilegence.com\/wp-content\/uploads\/2018\/12\/engin-buz.jpg","contentUrl":"https:\/\/www.textilegence.com\/wp-content\/uploads\/2018\/12\/engin-buz.jpg","caption":"Engin Buz"},"description":"Engin Buz, Ankara \u00dcniversitesi \u0130leti\u015fim Fak\u00fcltesi Gazetecilik B\u00f6l\u00fcm\u00fc\u2019nden mezun olduktan sonra Y\u0131ld\u0131z Teknik \u00dcniversitesi\u2019nde Siyaset Bilimi ve Uluslararas\u0131 \u0130li\u015fkiler alan\u0131nda y\u00fcksek lisans\u0131n\u0131 tamamlam\u0131\u015ft\u0131r. 2000 y\u0131l\u0131ndan sonra \u00e7e\u015fitli yay\u0131nc\u0131l\u0131k \u015firketlerinde \u00e7al\u0131\u015fmaya ba\u015flayarak k\u00fclt\u00fcr-sanat ve daha sonra ekonomi haberleri haz\u0131rlam\u0131\u015ft\u0131r. 2009 y\u0131l\u0131ndan itibaren tekstil end\u00fcstrisine d\u00f6n\u00fck yay\u0131nlarda edit\u00f6r olarak g\u00f6rev alan Buz, 2013 itibariyle kurulan Textilegence\u2019de haber edit\u00f6r\u00fc olarak yer almaya ba\u015flam\u0131\u015ft\u0131r. Engin Buz halen ba\u015fta tekstil ve dijital bask\u0131 end\u00fcstrileri olmak \u00fczere ekonomi haberleri haz\u0131rlamaktad\u0131r.","sameAs":["https:\/\/www.textilegence.com","https:\/\/www.facebook.com\/TextilegenceMagazine","https:\/\/www.instagram.com\/textilegence\/","https:\/\/www.linkedin.com\/in\/engin-buz-6190799a\/","https:\/\/x.com\/https:\/\/twitter.com\/textilegence"],"url":"https:\/\/www.textilegence.com\/en\/author\/engin-buz\/"}]}},"_links":{"self":[{"href":"https:\/\/www.textilegence.com\/en\/wp-json\/wp\/v2\/posts\/53286","targetHints":{"allow":["GET"]}}],"collection":[{"href":"https:\/\/www.textilegence.com\/en\/wp-json\/wp\/v2\/posts"}],"about":[{"href":"https:\/\/www.textilegence.com\/en\/wp-json\/wp\/v2\/types\/post"}],"author":[{"embeddable":true,"href":"https:\/\/www.textilegence.com\/en\/wp-json\/wp\/v2\/users\/2"}],"replies":[{"embeddable":true,"href":"https:\/\/www.textilegence.com\/en\/wp-json\/wp\/v2\/comments?post=53286"}],"version-history":[{"count":0,"href":"https:\/\/www.textilegence.com\/en\/wp-json\/wp\/v2\/posts\/53286\/revisions"}],"wp:featuredmedia":[{"embeddable":true,"href":"https:\/\/www.textilegence.com\/en\/wp-json\/wp\/v2\/media\/53282"}],"wp:attachment":[{"href":"https:\/\/www.textilegence.com\/en\/wp-json\/wp\/v2\/media?parent=53286"}],"wp:term":[{"taxonomy":"category","embeddable":true,"href":"https:\/\/www.textilegence.com\/en\/wp-json\/wp\/v2\/categories?post=53286"},{"taxonomy":"post_tag","embeddable":true,"href":"https:\/\/www.textilegence.com\/en\/wp-json\/wp\/v2\/tags?post=53286"}],"curies":[{"name":"wp","href":"https:\/\/api.w.org\/{rel}","templated":true}]}}