{"id":53353,"date":"2023-04-19T15:32:05","date_gmt":"2023-04-19T12:32:05","guid":{"rendered":"http:\/\/www.textilegence.com\/?p=53353"},"modified":"2023-04-19T15:32:08","modified_gmt":"2023-04-19T12:32:08","slug":"trutzschler-stands-by-its-turkish-colleagues-affected-by-the-earthquake","status":"publish","type":"post","link":"https:\/\/www.textilegence.com\/en\/trutzschler-stands-by-its-turkish-colleagues-affected-by-the-earthquake\/","title":{"rendered":"Tr\u00fctzschler stands by its Turkish colleagues affected by the earthquake"},"content":{"rendered":"\n<p>Textile machinery <a href=\"https:\/\/www.truetzschler.com\/en\/\" target=\"_blank\" rel=\"noreferrer noopener\">manufacturer<\/a> Tr\u00fctzschler, which operates service locations in the Gaziantep and Kahramanmara\u015f areas, took action in solidarity with its employees after the <a href=\"https:\/\/www.textilegence.com\/en\/category\/topical\/\" target=\"_blank\" rel=\"noreferrer noopener\">earthquakes <\/a>in T\u00fcrkiye. As an immediate relief measure, the company set up an internal fundraising campaign across all of its sites worldwide. A total of 260,000 euros have been collected thanks to current and former Tr\u00fctzschler employees and their networks. Tr\u00fctzschler has 80 employees working at service bases in Gaziantep and Kahramanmara\u015f.<\/p>\n\n\n\n<p>Tr\u00fctzschler CEO Dr. Ulrich Schwenken said that the news naturally hit them deeply and stated: \u201cWe wanted to act immediately and effectively. Our crisis team in M\u00f6nchengladbach was in close contact with our site manager in T\u00fcrkiye to get an overview of the situation and implement the first immediate measures with a team in the affected region.\u201d<\/p>\n\n\n<div class=\"wp-block-image\">\n<figure class=\"aligncenter size-full\"><img loading=\"lazy\" decoding=\"async\" width=\"1920\" height=\"1080\" src=\"https:\/\/www.textilegence.com\/wp-content\/uploads\/2023\/04\/truetzschler-detail.jpg\" alt=\"\" class=\"wp-image-53351\" srcset=\"https:\/\/www.textilegence.com\/wp-content\/uploads\/2023\/04\/truetzschler-detail.jpg 1920w, https:\/\/www.textilegence.com\/wp-content\/uploads\/2023\/04\/truetzschler-detail-768x432.jpg 768w, https:\/\/www.textilegence.com\/wp-content\/uploads\/2023\/04\/truetzschler-detail-1536x864.jpg 1536w, https:\/\/www.textilegence.com\/wp-content\/uploads\/2023\/04\/truetzschler-detail-300x169.jpg 300w, https:\/\/www.textilegence.com\/wp-content\/uploads\/2023\/04\/truetzschler-detail-600x338.jpg 600w, https:\/\/www.textilegence.com\/wp-content\/uploads\/2023\/04\/truetzschler-detail-696x392.jpg 696w, https:\/\/www.textilegence.com\/wp-content\/uploads\/2023\/04\/truetzschler-detail-1068x601.jpg 1068w\" sizes=\"auto, (max-width: 1920px) 100vw, 1920px\" \/><figcaption class=\"wp-element-caption\">Tr\u00fctzschler stands by its Turkish colleagues affected by the earthquake<\/figcaption><\/figure>\n<\/div>\n\n\n<h2 class=\"wp-block-heading\" id=\"h-it-has-shown-that-turkish-employees-of-trutzschler-are-not-alone\">\u201cIt has shown that Turkish employees of Tr\u00fctzschler are not alone\u201d<\/h2>\n\n\n\n<p>Ad hoc measures included providing relief supplies such as (baby) food, clothing and hygiene items, as well as shelter in earthquake-free areas. In addition, Tr\u00fctzschler launched an internal fundraising campaign at its sites worldwide. 122,323 euros were collected thanks to a large number of generous individual donations, as well as donations from various organizations. The company then added to this and reached a final donation of 260,000 euros.<\/p>\n\n\n\n<p>Christoph Weber, head of the Turkish service company TEMASA, disclosed that they are very impressed by this global effort and the great empathy of everyone involved, saying; \u201cIt has shown our Turkish employees that they are not alone \u2013 and this spirit of togetherness particularly characterizes us as a family company.\u201d<\/p>\n\n\n\n<p>Tr\u00fctzschler is making sure these donations directly benefit affected colleagues in T\u00fcrkiye, as well as their families and local communities. The company has expressed its particular thanks to everybody who donated to this campaign, as well as to the teams who are coordinating measures in T\u00fcrkiye.<\/p>\n","protected":false},"excerpt":{"rendered":"<p>Textile machinery manufacturer Tr\u00fctzschler, which operates service locations in the Gaziantep and Kahramanmara\u015f areas, took action in solidarity with its employees after the earthquakes in T\u00fcrkiye. As an immediate relief measure, the company set up an internal fundraising campaign across all of its sites worldwide. A total of 260,000 euros have been collected thanks to [&hellip;]<\/p>\n","protected":false},"author":26,"featured_media":53349,"comment_status":"closed","ping_status":"closed","sticky":false,"template":"","format":"standard","meta":{"footnotes":""},"categories":[9859],"tags":[16209,10369,12450,11460],"class_list":{"0":"post-53353","1":"post","2":"type-post","3":"status-publish","4":"format-standard","5":"has-post-thumbnail","7":"category-topical","8":"tag-earthquake","9":"tag-textile-news-en","10":"tag-topical","11":"tag-truetzschler"},"yoast_head":"<!-- This site is optimized with the Yoast SEO Premium plugin v27.3 (Yoast SEO v27.3) - https:\/\/yoast.com\/product\/yoast-seo-premium-wordpress\/ -->\n<title>Tr\u00fctzschler stands by its Turkish colleagues affected by the earthquake - Textilegence<\/title>\n<meta name=\"description\" content=\"Textile machinery manufacturer Tr\u00fctzschler, which operates service locations in the Gaziantep and Kahramanmara\u015f areas...\" \/>\n<meta name=\"robots\" content=\"index, follow, max-snippet:-1, max-image-preview:large, max-video-preview:-1\" \/>\n<link rel=\"canonical\" href=\"https:\/\/www.textilegence.com\/en\/trutzschler-stands-by-its-turkish-colleagues-affected-by-the-earthquake\/\" \/>\n<meta property=\"og:locale\" content=\"en_US\" \/>\n<meta property=\"og:type\" content=\"article\" \/>\n<meta property=\"og:title\" content=\"Tr\u00fctzschler stands by its Turkish colleagues affected by the earthquake\" \/>\n<meta property=\"og:description\" content=\"Textile machinery manufacturer Tr\u00fctzschler, which operates service locations in the Gaziantep and Kahramanmara\u015f areas, took action in solidarity with its\" \/>\n<meta property=\"og:url\" content=\"https:\/\/www.textilegence.com\/en\/trutzschler-stands-by-its-turkish-colleagues-affected-by-the-earthquake\/\" \/>\n<meta property=\"og:site_name\" content=\"Textilegence Magazine and Digital Platform\" \/>\n<meta property=\"article:publisher\" content=\"https:\/\/www.facebook.com\/TextilegenceMagazine\" \/>\n<meta property=\"article:author\" content=\"https:\/\/www.facebook.com\/TextilegenceMagazine\" \/>\n<meta property=\"article:published_time\" content=\"2023-04-19T12:32:05+00:00\" \/>\n<meta property=\"article:modified_time\" content=\"2023-04-19T12:32:08+00:00\" \/>\n<meta property=\"og:image\" content=\"https:\/\/www.textilegence.com\/wp-content\/uploads\/2023\/04\/truetzschler-textilegence.jpg\" \/>\n\t<meta property=\"og:image:width\" content=\"1920\" \/>\n\t<meta property=\"og:image:height\" content=\"1080\" \/>\n\t<meta property=\"og:image:type\" content=\"image\/jpeg\" \/>\n<meta name=\"author\" content=\"Ya\u011fmur Melis \u015eim\u015fek\" \/>\n<meta name=\"twitter:card\" content=\"summary_large_image\" \/>\n<meta name=\"twitter:creator\" content=\"@https:\/\/twitter.com\/textilegence\" \/>\n<meta name=\"twitter:site\" content=\"@textilegence\" \/>\n<meta name=\"twitter:label1\" content=\"Written by\" \/>\n\t<meta name=\"twitter:data1\" content=\"Ya\u011fmur Melis \u015eim\u015fek\" \/>\n\t<meta name=\"twitter:label2\" content=\"Est. reading time\" \/>\n\t<meta name=\"twitter:data2\" content=\"3 minutes\" \/>\n<script type=\"application\/ld+json\" class=\"yoast-schema-graph\">{\"@context\":\"https:\\\/\\\/schema.org\",\"@graph\":[{\"@type\":\"NewsArticle\",\"@id\":\"https:\\\/\\\/www.textilegence.com\\\/en\\\/trutzschler-stands-by-its-turkish-colleagues-affected-by-the-earthquake\\\/#article\",\"isPartOf\":{\"@id\":\"https:\\\/\\\/www.textilegence.com\\\/en\\\/trutzschler-stands-by-its-turkish-colleagues-affected-by-the-earthquake\\\/\"},\"author\":{\"name\":\"Ya\u011fmur Melis \u015eim\u015fek\",\"@id\":\"https:\\\/\\\/www.textilegence.com\\\/en\\\/#\\\/schema\\\/person\\\/cfa6baf17f0478131c673c93a9b88ef3\"},\"headline\":\"Tr\u00fctzschler stands by its Turkish colleagues affected by the earthquake\",\"datePublished\":\"2023-04-19T12:32:05+00:00\",\"dateModified\":\"2023-04-19T12:32:08+00:00\",\"mainEntityOfPage\":{\"@id\":\"https:\\\/\\\/www.textilegence.com\\\/en\\\/trutzschler-stands-by-its-turkish-colleagues-affected-by-the-earthquake\\\/\"},\"wordCount\":337,\"publisher\":{\"@id\":\"https:\\\/\\\/www.textilegence.com\\\/en\\\/#organization\"},\"image\":{\"@id\":\"https:\\\/\\\/www.textilegence.com\\\/en\\\/trutzschler-stands-by-its-turkish-colleagues-affected-by-the-earthquake\\\/#primaryimage\"},\"thumbnailUrl\":\"https:\\\/\\\/www.textilegence.com\\\/wp-content\\\/uploads\\\/2023\\\/04\\\/truetzschler-textilegence.jpg\",\"keywords\":[\"earthquake\",\"textile news\",\"topical\",\"truetzschler\"],\"articleSection\":[\"Topical\"],\"inLanguage\":\"en-US\"},{\"@type\":\"WebPage\",\"@id\":\"https:\\\/\\\/www.textilegence.com\\\/en\\\/trutzschler-stands-by-its-turkish-colleagues-affected-by-the-earthquake\\\/\",\"url\":\"https:\\\/\\\/www.textilegence.com\\\/en\\\/trutzschler-stands-by-its-turkish-colleagues-affected-by-the-earthquake\\\/\",\"name\":\"Tr\u00fctzschler stands by its Turkish colleagues affected by the earthquake - Textilegence\",\"isPartOf\":{\"@id\":\"https:\\\/\\\/www.textilegence.com\\\/en\\\/#website\"},\"primaryImageOfPage\":{\"@id\":\"https:\\\/\\\/www.textilegence.com\\\/en\\\/trutzschler-stands-by-its-turkish-colleagues-affected-by-the-earthquake\\\/#primaryimage\"},\"image\":{\"@id\":\"https:\\\/\\\/www.textilegence.com\\\/en\\\/trutzschler-stands-by-its-turkish-colleagues-affected-by-the-earthquake\\\/#primaryimage\"},\"thumbnailUrl\":\"https:\\\/\\\/www.textilegence.com\\\/wp-content\\\/uploads\\\/2023\\\/04\\\/truetzschler-textilegence.jpg\",\"datePublished\":\"2023-04-19T12:32:05+00:00\",\"dateModified\":\"2023-04-19T12:32:08+00:00\",\"description\":\"Textile machinery manufacturer Tr\u00fctzschler, which operates service locations in the Gaziantep and Kahramanmara\u015f areas...\",\"breadcrumb\":{\"@id\":\"https:\\\/\\\/www.textilegence.com\\\/en\\\/trutzschler-stands-by-its-turkish-colleagues-affected-by-the-earthquake\\\/#breadcrumb\"},\"inLanguage\":\"en-US\",\"potentialAction\":[{\"@type\":\"ReadAction\",\"target\":[\"https:\\\/\\\/www.textilegence.com\\\/en\\\/trutzschler-stands-by-its-turkish-colleagues-affected-by-the-earthquake\\\/\"]}]},{\"@type\":\"ImageObject\",\"inLanguage\":\"en-US\",\"@id\":\"https:\\\/\\\/www.textilegence.com\\\/en\\\/trutzschler-stands-by-its-turkish-colleagues-affected-by-the-earthquake\\\/#primaryimage\",\"url\":\"https:\\\/\\\/www.textilegence.com\\\/wp-content\\\/uploads\\\/2023\\\/04\\\/truetzschler-textilegence.jpg\",\"contentUrl\":\"https:\\\/\\\/www.textilegence.com\\\/wp-content\\\/uploads\\\/2023\\\/04\\\/truetzschler-textilegence.jpg\",\"width\":1920,\"height\":1080},{\"@type\":\"BreadcrumbList\",\"@id\":\"https:\\\/\\\/www.textilegence.com\\\/en\\\/trutzschler-stands-by-its-turkish-colleagues-affected-by-the-earthquake\\\/#breadcrumb\",\"itemListElement\":[{\"@type\":\"ListItem\",\"position\":1,\"name\":\"Home Page\",\"item\":\"https:\\\/\\\/www.textilegence.com\\\/en\\\/homepage-the-rimont\\\/\"},{\"@type\":\"ListItem\",\"position\":2,\"name\":\"Topical\",\"item\":\"https:\\\/\\\/www.textilegence.com\\\/en\\\/category\\\/topical\\\/\"},{\"@type\":\"ListItem\",\"position\":3,\"name\":\"Tr\u00fctzschler stands by its Turkish colleagues affected by the earthquake\"}]},{\"@type\":\"WebSite\",\"@id\":\"https:\\\/\\\/www.textilegence.com\\\/en\\\/#website\",\"url\":\"https:\\\/\\\/www.textilegence.com\\\/en\\\/\",\"name\":\"Textilegence Magazine and Digital Platform\",\"description\":\"Textile News Center\",\"publisher\":{\"@id\":\"https:\\\/\\\/www.textilegence.com\\\/en\\\/#organization\"},\"potentialAction\":[{\"@type\":\"SearchAction\",\"target\":{\"@type\":\"EntryPoint\",\"urlTemplate\":\"https:\\\/\\\/www.textilegence.com\\\/en\\\/?s={search_term_string}\"},\"query-input\":{\"@type\":\"PropertyValueSpecification\",\"valueRequired\":true,\"valueName\":\"search_term_string\"}}],\"inLanguage\":\"en-US\"},{\"@type\":\"Organization\",\"@id\":\"https:\\\/\\\/www.textilegence.com\\\/en\\\/#organization\",\"name\":\"Textilegence Magazine and Digital Platform\",\"url\":\"https:\\\/\\\/www.textilegence.com\\\/en\\\/\",\"logo\":{\"@type\":\"ImageObject\",\"inLanguage\":\"en-US\",\"@id\":\"https:\\\/\\\/www.textilegence.com\\\/en\\\/#\\\/schema\\\/logo\\\/image\\\/\",\"url\":\"https:\\\/\\\/www.textilegence.com\\\/wp-content\\\/uploads\\\/2016\\\/11\\\/New_Retina_Logo_Textilegence.png\",\"contentUrl\":\"https:\\\/\\\/www.textilegence.com\\\/wp-content\\\/uploads\\\/2016\\\/11\\\/New_Retina_Logo_Textilegence.png\",\"width\":544,\"height\":180,\"caption\":\"Textilegence Magazine and Digital Platform\"},\"image\":{\"@id\":\"https:\\\/\\\/www.textilegence.com\\\/en\\\/#\\\/schema\\\/logo\\\/image\\\/\"},\"sameAs\":[\"https:\\\/\\\/www.facebook.com\\\/TextilegenceMagazine\",\"https:\\\/\\\/x.com\\\/textilegence\",\"https:\\\/\\\/www.instagram.com\\\/textilegence\\\/\",\"https:\\\/\\\/www.linkedin.com\\\/groups\\\/Textilegence-Magazine-Digital-Platform-4897253\",\"https:\\\/\\\/www.youtube.com\\\/user\\\/textilegence\"],\"description\":\"Textilegence is a magazine and digital platform established in 2013. It focuses on the textile industry and sub-segments. The platform provides news, articles, and updates on various aspects of the textile industry, including sustainability, technological advancements, and market trends.\",\"email\":\"editor@textilegence.com\",\"telephone\":\"+90 212 442 24 12\",\"legalName\":\"Textilegence Mag and Digital Platform\",\"foundingDate\":\"2013-01-01\",\"numberOfEmployees\":{\"@type\":\"QuantitativeValue\",\"minValue\":\"1\",\"maxValue\":\"10\"}},{\"@type\":\"Person\",\"@id\":\"https:\\\/\\\/www.textilegence.com\\\/en\\\/#\\\/schema\\\/person\\\/cfa6baf17f0478131c673c93a9b88ef3\",\"name\":\"Ya\u011fmur Melis \u015eim\u015fek\",\"image\":{\"@type\":\"ImageObject\",\"inLanguage\":\"en-US\",\"@id\":\"https:\\\/\\\/www.textilegence.com\\\/wp-content\\\/uploads\\\/2022\\\/03\\\/Yagmur_photo1.jpg\",\"url\":\"https:\\\/\\\/www.textilegence.com\\\/wp-content\\\/uploads\\\/2022\\\/03\\\/Yagmur_photo1.jpg\",\"contentUrl\":\"https:\\\/\\\/www.textilegence.com\\\/wp-content\\\/uploads\\\/2022\\\/03\\\/Yagmur_photo1.jpg\",\"caption\":\"Ya\u011fmur Melis \u015eim\u015fek\"},\"description\":\"Ya\u011fmur Melis \u015eim\u015fek, Saint-Beno\u00eet Frans\u0131z Lisesi\u2019nde e\u011fitim g\u00f6rm\u00fc\u015f, ard\u0131ndan Anadolu \u00dcniversitesi\u2019nde iki y\u0131ll\u0131k Foto\u011fraf\u00e7\u0131l\u0131k B\u00f6l\u00fcm\u00fc\u2019n\u00fc tamamlam\u0131\u015ft\u0131r. Daha sonra lisans e\u011fitimini \u0130stanbul \u00dcniversitesi Gazetecilik B\u00f6l\u00fcm\u00fc\u2019nde s\u00fcrd\u00fcrm\u00fc\u015f, mezuniyetin ard\u0131ndan ise 2017 y\u0131l\u0131nda i\u015f hayat\u0131na at\u0131lm\u0131\u015ft\u0131r. Pek \u00e7ok farkl\u0131 projede, foto\u011fraf\u00e7\u0131l\u0131k ve grafik tasar\u0131mc\u0131l\u0131\u011f\u0131n yan\u0131 s\u0131ra teknoloji alan\u0131nda i\u00e7erik ve haber yazarl\u0131\u011f\u0131 gibi \u00e7e\u015fitli pozisyonlarda yer alan \u015eim\u015fek, 2021 y\u0131l\u0131ndan bu yana Textilegence\u2019da d\u0131\u015f haberlerde yard\u0131mc\u0131 edit\u00f6r olarak g\u00f6rev yapmaktad\u0131r.\",\"sameAs\":[\"https:\\\/\\\/www.textilegence.com\\\/\",\"https:\\\/\\\/www.facebook.com\\\/TextilegenceMagazine\",\"https:\\\/\\\/www.instagram.com\\\/textilegence\\\/\",\"https:\\\/\\\/www.linkedin.com\\\/company\\\/2985016\",\"https:\\\/\\\/x.com\\\/https:\\\/\\\/twitter.com\\\/textilegence\",\"https:\\\/\\\/www.youtube.com\\\/channel\\\/UCgtcny5ljhiXu-yvOiAlpRA\"],\"url\":\"https:\\\/\\\/www.textilegence.com\\\/en\\\/author\\\/yms\\\/\"}]}<\/script>\n<!-- \/ Yoast SEO Premium plugin. -->","yoast_head_json":{"title":"Tr\u00fctzschler stands by its Turkish colleagues affected by the earthquake - Textilegence","description":"Textile machinery manufacturer Tr\u00fctzschler, which operates service locations in the Gaziantep and Kahramanmara\u015f areas...","robots":{"index":"index","follow":"follow","max-snippet":"max-snippet:-1","max-image-preview":"max-image-preview:large","max-video-preview":"max-video-preview:-1"},"canonical":"https:\/\/www.textilegence.com\/en\/trutzschler-stands-by-its-turkish-colleagues-affected-by-the-earthquake\/","og_locale":"en_US","og_type":"article","og_title":"Tr\u00fctzschler stands by its Turkish colleagues affected by the earthquake","og_description":"Textile machinery manufacturer Tr\u00fctzschler, which operates service locations in the Gaziantep and Kahramanmara\u015f areas, took action in solidarity with its","og_url":"https:\/\/www.textilegence.com\/en\/trutzschler-stands-by-its-turkish-colleagues-affected-by-the-earthquake\/","og_site_name":"Textilegence Magazine and Digital Platform","article_publisher":"https:\/\/www.facebook.com\/TextilegenceMagazine","article_author":"https:\/\/www.facebook.com\/TextilegenceMagazine","article_published_time":"2023-04-19T12:32:05+00:00","article_modified_time":"2023-04-19T12:32:08+00:00","og_image":[{"width":1920,"height":1080,"url":"https:\/\/www.textilegence.com\/wp-content\/uploads\/2023\/04\/truetzschler-textilegence.jpg","type":"image\/jpeg"}],"author":"Ya\u011fmur Melis \u015eim\u015fek","twitter_card":"summary_large_image","twitter_creator":"@https:\/\/twitter.com\/textilegence","twitter_site":"@textilegence","twitter_misc":{"Written by":"Ya\u011fmur Melis \u015eim\u015fek","Est. reading time":"3 minutes"},"schema":{"@context":"https:\/\/schema.org","@graph":[{"@type":"NewsArticle","@id":"https:\/\/www.textilegence.com\/en\/trutzschler-stands-by-its-turkish-colleagues-affected-by-the-earthquake\/#article","isPartOf":{"@id":"https:\/\/www.textilegence.com\/en\/trutzschler-stands-by-its-turkish-colleagues-affected-by-the-earthquake\/"},"author":{"name":"Ya\u011fmur Melis \u015eim\u015fek","@id":"https:\/\/www.textilegence.com\/en\/#\/schema\/person\/cfa6baf17f0478131c673c93a9b88ef3"},"headline":"Tr\u00fctzschler stands by its Turkish colleagues affected by the earthquake","datePublished":"2023-04-19T12:32:05+00:00","dateModified":"2023-04-19T12:32:08+00:00","mainEntityOfPage":{"@id":"https:\/\/www.textilegence.com\/en\/trutzschler-stands-by-its-turkish-colleagues-affected-by-the-earthquake\/"},"wordCount":337,"publisher":{"@id":"https:\/\/www.textilegence.com\/en\/#organization"},"image":{"@id":"https:\/\/www.textilegence.com\/en\/trutzschler-stands-by-its-turkish-colleagues-affected-by-the-earthquake\/#primaryimage"},"thumbnailUrl":"https:\/\/www.textilegence.com\/wp-content\/uploads\/2023\/04\/truetzschler-textilegence.jpg","keywords":["earthquake","textile news","topical","truetzschler"],"articleSection":["Topical"],"inLanguage":"en-US"},{"@type":"WebPage","@id":"https:\/\/www.textilegence.com\/en\/trutzschler-stands-by-its-turkish-colleagues-affected-by-the-earthquake\/","url":"https:\/\/www.textilegence.com\/en\/trutzschler-stands-by-its-turkish-colleagues-affected-by-the-earthquake\/","name":"Tr\u00fctzschler stands by its Turkish colleagues affected by the earthquake - Textilegence","isPartOf":{"@id":"https:\/\/www.textilegence.com\/en\/#website"},"primaryImageOfPage":{"@id":"https:\/\/www.textilegence.com\/en\/trutzschler-stands-by-its-turkish-colleagues-affected-by-the-earthquake\/#primaryimage"},"image":{"@id":"https:\/\/www.textilegence.com\/en\/trutzschler-stands-by-its-turkish-colleagues-affected-by-the-earthquake\/#primaryimage"},"thumbnailUrl":"https:\/\/www.textilegence.com\/wp-content\/uploads\/2023\/04\/truetzschler-textilegence.jpg","datePublished":"2023-04-19T12:32:05+00:00","dateModified":"2023-04-19T12:32:08+00:00","description":"Textile machinery manufacturer Tr\u00fctzschler, which operates service locations in the Gaziantep and Kahramanmara\u015f areas...","breadcrumb":{"@id":"https:\/\/www.textilegence.com\/en\/trutzschler-stands-by-its-turkish-colleagues-affected-by-the-earthquake\/#breadcrumb"},"inLanguage":"en-US","potentialAction":[{"@type":"ReadAction","target":["https:\/\/www.textilegence.com\/en\/trutzschler-stands-by-its-turkish-colleagues-affected-by-the-earthquake\/"]}]},{"@type":"ImageObject","inLanguage":"en-US","@id":"https:\/\/www.textilegence.com\/en\/trutzschler-stands-by-its-turkish-colleagues-affected-by-the-earthquake\/#primaryimage","url":"https:\/\/www.textilegence.com\/wp-content\/uploads\/2023\/04\/truetzschler-textilegence.jpg","contentUrl":"https:\/\/www.textilegence.com\/wp-content\/uploads\/2023\/04\/truetzschler-textilegence.jpg","width":1920,"height":1080},{"@type":"BreadcrumbList","@id":"https:\/\/www.textilegence.com\/en\/trutzschler-stands-by-its-turkish-colleagues-affected-by-the-earthquake\/#breadcrumb","itemListElement":[{"@type":"ListItem","position":1,"name":"Home Page","item":"https:\/\/www.textilegence.com\/en\/homepage-the-rimont\/"},{"@type":"ListItem","position":2,"name":"Topical","item":"https:\/\/www.textilegence.com\/en\/category\/topical\/"},{"@type":"ListItem","position":3,"name":"Tr\u00fctzschler stands by its Turkish colleagues affected by the earthquake"}]},{"@type":"WebSite","@id":"https:\/\/www.textilegence.com\/en\/#website","url":"https:\/\/www.textilegence.com\/en\/","name":"Textilegence Magazine and Digital Platform","description":"Textile News Center","publisher":{"@id":"https:\/\/www.textilegence.com\/en\/#organization"},"potentialAction":[{"@type":"SearchAction","target":{"@type":"EntryPoint","urlTemplate":"https:\/\/www.textilegence.com\/en\/?s={search_term_string}"},"query-input":{"@type":"PropertyValueSpecification","valueRequired":true,"valueName":"search_term_string"}}],"inLanguage":"en-US"},{"@type":"Organization","@id":"https:\/\/www.textilegence.com\/en\/#organization","name":"Textilegence Magazine and Digital Platform","url":"https:\/\/www.textilegence.com\/en\/","logo":{"@type":"ImageObject","inLanguage":"en-US","@id":"https:\/\/www.textilegence.com\/en\/#\/schema\/logo\/image\/","url":"https:\/\/www.textilegence.com\/wp-content\/uploads\/2016\/11\/New_Retina_Logo_Textilegence.png","contentUrl":"https:\/\/www.textilegence.com\/wp-content\/uploads\/2016\/11\/New_Retina_Logo_Textilegence.png","width":544,"height":180,"caption":"Textilegence Magazine and Digital Platform"},"image":{"@id":"https:\/\/www.textilegence.com\/en\/#\/schema\/logo\/image\/"},"sameAs":["https:\/\/www.facebook.com\/TextilegenceMagazine","https:\/\/x.com\/textilegence","https:\/\/www.instagram.com\/textilegence\/","https:\/\/www.linkedin.com\/groups\/Textilegence-Magazine-Digital-Platform-4897253","https:\/\/www.youtube.com\/user\/textilegence"],"description":"Textilegence is a magazine and digital platform established in 2013. It focuses on the textile industry and sub-segments. The platform provides news, articles, and updates on various aspects of the textile industry, including sustainability, technological advancements, and market trends.","email":"editor@textilegence.com","telephone":"+90 212 442 24 12","legalName":"Textilegence Mag and Digital Platform","foundingDate":"2013-01-01","numberOfEmployees":{"@type":"QuantitativeValue","minValue":"1","maxValue":"10"}},{"@type":"Person","@id":"https:\/\/www.textilegence.com\/en\/#\/schema\/person\/cfa6baf17f0478131c673c93a9b88ef3","name":"Ya\u011fmur Melis \u015eim\u015fek","image":{"@type":"ImageObject","inLanguage":"en-US","@id":"https:\/\/www.textilegence.com\/wp-content\/uploads\/2022\/03\/Yagmur_photo1.jpg","url":"https:\/\/www.textilegence.com\/wp-content\/uploads\/2022\/03\/Yagmur_photo1.jpg","contentUrl":"https:\/\/www.textilegence.com\/wp-content\/uploads\/2022\/03\/Yagmur_photo1.jpg","caption":"Ya\u011fmur Melis \u015eim\u015fek"},"description":"Ya\u011fmur Melis \u015eim\u015fek, Saint-Beno\u00eet Frans\u0131z Lisesi\u2019nde e\u011fitim g\u00f6rm\u00fc\u015f, ard\u0131ndan Anadolu \u00dcniversitesi\u2019nde iki y\u0131ll\u0131k Foto\u011fraf\u00e7\u0131l\u0131k B\u00f6l\u00fcm\u00fc\u2019n\u00fc tamamlam\u0131\u015ft\u0131r. Daha sonra lisans e\u011fitimini \u0130stanbul \u00dcniversitesi Gazetecilik B\u00f6l\u00fcm\u00fc\u2019nde s\u00fcrd\u00fcrm\u00fc\u015f, mezuniyetin ard\u0131ndan ise 2017 y\u0131l\u0131nda i\u015f hayat\u0131na at\u0131lm\u0131\u015ft\u0131r. Pek \u00e7ok farkl\u0131 projede, foto\u011fraf\u00e7\u0131l\u0131k ve grafik tasar\u0131mc\u0131l\u0131\u011f\u0131n yan\u0131 s\u0131ra teknoloji alan\u0131nda i\u00e7erik ve haber yazarl\u0131\u011f\u0131 gibi \u00e7e\u015fitli pozisyonlarda yer alan \u015eim\u015fek, 2021 y\u0131l\u0131ndan bu yana Textilegence\u2019da d\u0131\u015f haberlerde yard\u0131mc\u0131 edit\u00f6r olarak g\u00f6rev yapmaktad\u0131r.","sameAs":["https:\/\/www.textilegence.com\/","https:\/\/www.facebook.com\/TextilegenceMagazine","https:\/\/www.instagram.com\/textilegence\/","https:\/\/www.linkedin.com\/company\/2985016","https:\/\/x.com\/https:\/\/twitter.com\/textilegence","https:\/\/www.youtube.com\/channel\/UCgtcny5ljhiXu-yvOiAlpRA"],"url":"https:\/\/www.textilegence.com\/en\/author\/yms\/"}]}},"_links":{"self":[{"href":"https:\/\/www.textilegence.com\/en\/wp-json\/wp\/v2\/posts\/53353","targetHints":{"allow":["GET"]}}],"collection":[{"href":"https:\/\/www.textilegence.com\/en\/wp-json\/wp\/v2\/posts"}],"about":[{"href":"https:\/\/www.textilegence.com\/en\/wp-json\/wp\/v2\/types\/post"}],"author":[{"embeddable":true,"href":"https:\/\/www.textilegence.com\/en\/wp-json\/wp\/v2\/users\/26"}],"replies":[{"embeddable":true,"href":"https:\/\/www.textilegence.com\/en\/wp-json\/wp\/v2\/comments?post=53353"}],"version-history":[{"count":0,"href":"https:\/\/www.textilegence.com\/en\/wp-json\/wp\/v2\/posts\/53353\/revisions"}],"wp:featuredmedia":[{"embeddable":true,"href":"https:\/\/www.textilegence.com\/en\/wp-json\/wp\/v2\/media\/53349"}],"wp:attachment":[{"href":"https:\/\/www.textilegence.com\/en\/wp-json\/wp\/v2\/media?parent=53353"}],"wp:term":[{"taxonomy":"category","embeddable":true,"href":"https:\/\/www.textilegence.com\/en\/wp-json\/wp\/v2\/categories?post=53353"},{"taxonomy":"post_tag","embeddable":true,"href":"https:\/\/www.textilegence.com\/en\/wp-json\/wp\/v2\/tags?post=53353"}],"curies":[{"name":"wp","href":"https:\/\/api.w.org\/{rel}","templated":true}]}}