{"id":53752,"date":"2023-05-09T14:35:59","date_gmt":"2023-05-09T11:35:59","guid":{"rendered":"http:\/\/www.textilegence.com\/?p=53752"},"modified":"2023-05-09T14:36:02","modified_gmt":"2023-05-09T11:36:02","slug":"brands-need-to-move-beyond-name-in-personalised-packaging","status":"publish","type":"post","link":"https:\/\/www.textilegence.com\/en\/brands-need-to-move-beyond-name-in-personalised-packaging\/","title":{"rendered":"\u201cBrands need to move beyond name in personalised packaging\u201d"},"content":{"rendered":"\n<p>Personalised packaging plays an important role in the purchasing process by appealing to consumers individually. Coca-Cola\u2019s Share-a-Coke campaign put consumers\u2019 names on cans and bottles more than ten years ago and showed the packaging <a href=\"https:\/\/www.textilegence.com\/en\/category\/packaging\/\" target=\"_blank\" rel=\"noreferrer noopener\">industry <\/a>what was possible and sparked interest in personalisation. <a href=\"https:\/\/www.fespa.com\/en\" target=\"_blank\" rel=\"noreferrer noopener\">FESPA<\/a>\u2019s Personalisation Ambassador Richard Askam points out that since then, the industry seems to have stalled at what should have been the jumping-off point for the next evolution in packaging and explains why personalised packaging needs to move beyond names.<\/p>\n\n\n\n<h2 class=\"wp-block-heading\" id=\"h-don-t-ask-how-ask-why\">\u201cDon\u2019t ask how; ask why\u201d<\/h2>\n\n\n\n<p>Richard Askam says that as a brand owner, the question should no longer be about whether you can personalise something and they have already reached the point at which you can personalise packaging to the nth degree if you wish to. Askam points out that however, just because you can, does not mean you should and personalisation needs to have a purpose, disclosing: \u201cSo, the question you should be asking is not whether you can personalise, but rather what story you want the packaging to tell about the brand, the product or the customer themselves. The answer to that question should, in turn, be what dictates the personalisation tactics you deploy.\u201d<\/p>\n\n\n\n<p>Saying personalisation is impactful because it makes an emotional connection Askam notes that yet, while someone\u2019s name may be an identifier, it really is one of the least personal and emotive things about them. Askam relays that this is why brands and retailers need to move beyond names and continued: \u201cHuman beings are hardwired for ego, and personalisation plays into that by demonstrating a company\u2019s recognition of our individuality. By using their understanding of their customers \u2013 from specific customer information and demographics through to buying behaviour and motivations for purchase \u2013 brands can deploy surprise and delight with personalised packaging that taps into customers\u2019 desire to feel special.\u201d<\/p>\n\n\n<div class=\"wp-block-image\">\n<figure class=\"aligncenter size-full\"><img loading=\"lazy\" decoding=\"async\" width=\"1920\" height=\"1080\" src=\"https:\/\/www.textilegence.com\/wp-content\/uploads\/2023\/05\/personalised-packaging-detail.jpg\" alt=\"\" class=\"wp-image-53750\" srcset=\"https:\/\/www.textilegence.com\/wp-content\/uploads\/2023\/05\/personalised-packaging-detail.jpg 1920w, https:\/\/www.textilegence.com\/wp-content\/uploads\/2023\/05\/personalised-packaging-detail-768x432.jpg 768w, https:\/\/www.textilegence.com\/wp-content\/uploads\/2023\/05\/personalised-packaging-detail-1536x864.jpg 1536w, https:\/\/www.textilegence.com\/wp-content\/uploads\/2023\/05\/personalised-packaging-detail-300x169.jpg 300w, https:\/\/www.textilegence.com\/wp-content\/uploads\/2023\/05\/personalised-packaging-detail-600x338.jpg 600w, https:\/\/www.textilegence.com\/wp-content\/uploads\/2023\/05\/personalised-packaging-detail-696x392.jpg 696w, https:\/\/www.textilegence.com\/wp-content\/uploads\/2023\/05\/personalised-packaging-detail-1068x601.jpg 1068w\" sizes=\"auto, (max-width: 1920px) 100vw, 1920px\" \/><figcaption class=\"wp-element-caption\">\u201cBrands need to move beyond name in personalised packaging\u201d<\/figcaption><\/figure>\n<\/div>\n\n\n<h2 class=\"wp-block-heading\" id=\"h-create-an-emotional-touchpoint-on-the-customer-experience-journey\">\u201cCreate an emotional touchpoint on the customer experience journey\u201d<\/h2>\n\n\n\n<p>Richard Askam states that the unboxing experience can be an opportunity to validate the customer\u2019s purchase decision and begin to build loyalty, saying that by adding personalisation, brands and retailers can enhance this further by turning this experience into an emotional touchpoint on the customer experience journey.<\/p>\n\n\n\n<p>Askam discloses that good packaging tells a story about the brand before it has even been opened, so it is no surprise that luxury packaging is forecast to grow at around 5.5% on annual basis over the next decade and notes that the use of personalisation and customisation to make an emotional connection with consumers is one of the drivers of this growth.<\/p>\n\n\n\n<p>Saying; \u201cAlongside the many motivators for making packaging part of the personalised customer experience, another trend increasing personalisation\u2019s appeal is the shift toward more minimalist and environmentally friendly packaging,\u201d Richard Askam noted that when less is more, packaging needs to work even harder to stand out, and personalisation can be an impactful way to achieve this.<\/p>\n\n\n\n<h2 class=\"wp-block-heading\" id=\"h-personalised-packaging-will-stand-out-at-fespa-gpe\">Personalised packaging will stand out at FESPA GPE<\/h2>\n\n\n\n<p>Askam says that the opportunities in personalised packaging are plentiful but are not necessarily joined up yet and concluded: \u201cPersonalisation Experience, co-located with FESPA Global Print Expo 2023 (Munich, 23rd \u2013 26th May 2023), aims to address this. By bringing together creative agencies, brand owners and retailers with packaging and print businesses, the event will catalyse conversations and establish the connections businesses need to capitalise on the personalisation opportunity. With a line-up that includes pioneers in personalised packaging, retail experts and consumer behaviourists, the Personalisation Experience conference will provide valuable insight into the future of personalisation and inspire delegates with ideas and applications they had not even imagined were possible.\u201d<\/p>\n","protected":false},"excerpt":{"rendered":"<p>Personalised packaging plays an important role in the purchasing process by appealing to consumers individually. Coca-Cola\u2019s Share-a-Coke campaign put consumers\u2019 names on cans and bottles more than ten years ago and showed the packaging industry what was possible and sparked interest in personalisation. FESPA\u2019s Personalisation Ambassador Richard Askam points out that since then, the industry [&hellip;]<\/p>\n","protected":false},"author":2,"featured_media":53748,"comment_status":"closed","ping_status":"closed","sticky":false,"template":"","format":"standard","meta":{"footnotes":""},"categories":[16099],"tags":[16247,16109,10369],"class_list":{"0":"post-53752","1":"post","2":"type-post","3":"status-publish","4":"format-standard","5":"has-post-thumbnail","7":"category-packaging","8":"tag-fespa-global-print-expo-2023","9":"tag-packaging-en","10":"tag-textile-news-en"},"yoast_head":"<!-- This site is optimized with the Yoast SEO Premium plugin v27.3 (Yoast SEO v27.3) - https:\/\/yoast.com\/product\/yoast-seo-premium-wordpress\/ -->\n<title>\u201cBrands need to move beyond name in personalised packaging\u201d - Textilegence<\/title>\n<meta name=\"description\" content=\"Personalised packaging plays an important role in the purchasing process by appealing to consumers individually...\" \/>\n<meta name=\"robots\" content=\"index, follow, max-snippet:-1, max-image-preview:large, max-video-preview:-1\" \/>\n<link rel=\"canonical\" href=\"https:\/\/www.textilegence.com\/en\/brands-need-to-move-beyond-name-in-personalised-packaging\/\" \/>\n<meta property=\"og:locale\" content=\"en_US\" \/>\n<meta property=\"og:type\" content=\"article\" \/>\n<meta property=\"og:title\" content=\"\u201cBrands need to move beyond name in personalised packaging\u201d\" \/>\n<meta property=\"og:description\" content=\"Personalised packaging plays an important role in the purchasing process by appealing to consumers individually. Coca-Cola\u2019s Share-a-Coke campaign put\" \/>\n<meta property=\"og:url\" content=\"https:\/\/www.textilegence.com\/en\/brands-need-to-move-beyond-name-in-personalised-packaging\/\" \/>\n<meta property=\"og:site_name\" content=\"Textilegence Magazine and Digital Platform\" \/>\n<meta property=\"article:publisher\" content=\"https:\/\/www.facebook.com\/TextilegenceMagazine\" \/>\n<meta property=\"article:author\" content=\"https:\/\/www.facebook.com\/TextilegenceMagazine\" \/>\n<meta property=\"article:published_time\" content=\"2023-05-09T11:35:59+00:00\" \/>\n<meta property=\"article:modified_time\" content=\"2023-05-09T11:36:02+00:00\" \/>\n<meta property=\"og:image\" content=\"https:\/\/www.textilegence.com\/wp-content\/uploads\/2023\/05\/personalised-packaging-textilegence.jpg\" \/>\n\t<meta property=\"og:image:width\" content=\"1920\" \/>\n\t<meta property=\"og:image:height\" content=\"1080\" \/>\n\t<meta property=\"og:image:type\" content=\"image\/jpeg\" \/>\n<meta name=\"author\" content=\"Engin Buz\" \/>\n<meta name=\"twitter:card\" content=\"summary_large_image\" \/>\n<meta name=\"twitter:creator\" content=\"@https:\/\/twitter.com\/textilegence\" \/>\n<meta name=\"twitter:site\" content=\"@textilegence\" \/>\n<meta name=\"twitter:label1\" content=\"Written by\" \/>\n\t<meta name=\"twitter:data1\" content=\"Engin Buz\" \/>\n\t<meta name=\"twitter:label2\" content=\"Est. reading time\" \/>\n\t<meta name=\"twitter:data2\" content=\"4 minutes\" \/>\n<script type=\"application\/ld+json\" class=\"yoast-schema-graph\">{\"@context\":\"https:\\\/\\\/schema.org\",\"@graph\":[{\"@type\":\"NewsArticle\",\"@id\":\"https:\\\/\\\/www.textilegence.com\\\/en\\\/brands-need-to-move-beyond-name-in-personalised-packaging\\\/#article\",\"isPartOf\":{\"@id\":\"https:\\\/\\\/www.textilegence.com\\\/en\\\/brands-need-to-move-beyond-name-in-personalised-packaging\\\/\"},\"author\":{\"name\":\"Engin Buz\",\"@id\":\"https:\\\/\\\/www.textilegence.com\\\/en\\\/#\\\/schema\\\/person\\\/46ccc7bfc34edbc7d46b6b189f88849f\"},\"headline\":\"\u201cBrands need to move beyond name in personalised packaging\u201d\",\"datePublished\":\"2023-05-09T11:35:59+00:00\",\"dateModified\":\"2023-05-09T11:36:02+00:00\",\"mainEntityOfPage\":{\"@id\":\"https:\\\/\\\/www.textilegence.com\\\/en\\\/brands-need-to-move-beyond-name-in-personalised-packaging\\\/\"},\"wordCount\":620,\"publisher\":{\"@id\":\"https:\\\/\\\/www.textilegence.com\\\/en\\\/#organization\"},\"image\":{\"@id\":\"https:\\\/\\\/www.textilegence.com\\\/en\\\/brands-need-to-move-beyond-name-in-personalised-packaging\\\/#primaryimage\"},\"thumbnailUrl\":\"https:\\\/\\\/www.textilegence.com\\\/wp-content\\\/uploads\\\/2023\\\/05\\\/personalised-packaging-textilegence.jpg\",\"keywords\":[\"FESPA Global Print Expo 2023\",\"packaging\",\"textile news\"],\"articleSection\":[\"Packaging\"],\"inLanguage\":\"en-US\"},{\"@type\":\"WebPage\",\"@id\":\"https:\\\/\\\/www.textilegence.com\\\/en\\\/brands-need-to-move-beyond-name-in-personalised-packaging\\\/\",\"url\":\"https:\\\/\\\/www.textilegence.com\\\/en\\\/brands-need-to-move-beyond-name-in-personalised-packaging\\\/\",\"name\":\"\u201cBrands need to move beyond name in personalised packaging\u201d - Textilegence\",\"isPartOf\":{\"@id\":\"https:\\\/\\\/www.textilegence.com\\\/en\\\/#website\"},\"primaryImageOfPage\":{\"@id\":\"https:\\\/\\\/www.textilegence.com\\\/en\\\/brands-need-to-move-beyond-name-in-personalised-packaging\\\/#primaryimage\"},\"image\":{\"@id\":\"https:\\\/\\\/www.textilegence.com\\\/en\\\/brands-need-to-move-beyond-name-in-personalised-packaging\\\/#primaryimage\"},\"thumbnailUrl\":\"https:\\\/\\\/www.textilegence.com\\\/wp-content\\\/uploads\\\/2023\\\/05\\\/personalised-packaging-textilegence.jpg\",\"datePublished\":\"2023-05-09T11:35:59+00:00\",\"dateModified\":\"2023-05-09T11:36:02+00:00\",\"description\":\"Personalised packaging plays an important role in the purchasing process by appealing to consumers individually...\",\"breadcrumb\":{\"@id\":\"https:\\\/\\\/www.textilegence.com\\\/en\\\/brands-need-to-move-beyond-name-in-personalised-packaging\\\/#breadcrumb\"},\"inLanguage\":\"en-US\",\"potentialAction\":[{\"@type\":\"ReadAction\",\"target\":[\"https:\\\/\\\/www.textilegence.com\\\/en\\\/brands-need-to-move-beyond-name-in-personalised-packaging\\\/\"]}]},{\"@type\":\"ImageObject\",\"inLanguage\":\"en-US\",\"@id\":\"https:\\\/\\\/www.textilegence.com\\\/en\\\/brands-need-to-move-beyond-name-in-personalised-packaging\\\/#primaryimage\",\"url\":\"https:\\\/\\\/www.textilegence.com\\\/wp-content\\\/uploads\\\/2023\\\/05\\\/personalised-packaging-textilegence.jpg\",\"contentUrl\":\"https:\\\/\\\/www.textilegence.com\\\/wp-content\\\/uploads\\\/2023\\\/05\\\/personalised-packaging-textilegence.jpg\",\"width\":1920,\"height\":1080},{\"@type\":\"BreadcrumbList\",\"@id\":\"https:\\\/\\\/www.textilegence.com\\\/en\\\/brands-need-to-move-beyond-name-in-personalised-packaging\\\/#breadcrumb\",\"itemListElement\":[{\"@type\":\"ListItem\",\"position\":1,\"name\":\"Home Page\",\"item\":\"https:\\\/\\\/www.textilegence.com\\\/en\\\/homepage-the-rimont\\\/\"},{\"@type\":\"ListItem\",\"position\":2,\"name\":\"Packaging\",\"item\":\"https:\\\/\\\/www.textilegence.com\\\/en\\\/category\\\/packaging\\\/\"},{\"@type\":\"ListItem\",\"position\":3,\"name\":\"\u201cBrands need to move beyond name in personalised packaging\u201d\"}]},{\"@type\":\"WebSite\",\"@id\":\"https:\\\/\\\/www.textilegence.com\\\/en\\\/#website\",\"url\":\"https:\\\/\\\/www.textilegence.com\\\/en\\\/\",\"name\":\"Textilegence Magazine and Digital Platform\",\"description\":\"Textile News Center\",\"publisher\":{\"@id\":\"https:\\\/\\\/www.textilegence.com\\\/en\\\/#organization\"},\"potentialAction\":[{\"@type\":\"SearchAction\",\"target\":{\"@type\":\"EntryPoint\",\"urlTemplate\":\"https:\\\/\\\/www.textilegence.com\\\/en\\\/?s={search_term_string}\"},\"query-input\":{\"@type\":\"PropertyValueSpecification\",\"valueRequired\":true,\"valueName\":\"search_term_string\"}}],\"inLanguage\":\"en-US\"},{\"@type\":\"Organization\",\"@id\":\"https:\\\/\\\/www.textilegence.com\\\/en\\\/#organization\",\"name\":\"Textilegence Magazine and Digital Platform\",\"url\":\"https:\\\/\\\/www.textilegence.com\\\/en\\\/\",\"logo\":{\"@type\":\"ImageObject\",\"inLanguage\":\"en-US\",\"@id\":\"https:\\\/\\\/www.textilegence.com\\\/en\\\/#\\\/schema\\\/logo\\\/image\\\/\",\"url\":\"https:\\\/\\\/www.textilegence.com\\\/wp-content\\\/uploads\\\/2016\\\/11\\\/New_Retina_Logo_Textilegence.png\",\"contentUrl\":\"https:\\\/\\\/www.textilegence.com\\\/wp-content\\\/uploads\\\/2016\\\/11\\\/New_Retina_Logo_Textilegence.png\",\"width\":544,\"height\":180,\"caption\":\"Textilegence Magazine and Digital Platform\"},\"image\":{\"@id\":\"https:\\\/\\\/www.textilegence.com\\\/en\\\/#\\\/schema\\\/logo\\\/image\\\/\"},\"sameAs\":[\"https:\\\/\\\/www.facebook.com\\\/TextilegenceMagazine\",\"https:\\\/\\\/x.com\\\/textilegence\",\"https:\\\/\\\/www.instagram.com\\\/textilegence\\\/\",\"https:\\\/\\\/www.linkedin.com\\\/groups\\\/Textilegence-Magazine-Digital-Platform-4897253\",\"https:\\\/\\\/www.youtube.com\\\/user\\\/textilegence\"],\"description\":\"Textilegence is a magazine and digital platform established in 2013. It focuses on the textile industry and sub-segments. The platform provides news, articles, and updates on various aspects of the textile industry, including sustainability, technological advancements, and market trends.\",\"email\":\"editor@textilegence.com\",\"telephone\":\"+90 212 442 24 12\",\"legalName\":\"Textilegence Mag and Digital Platform\",\"foundingDate\":\"2013-01-01\",\"numberOfEmployees\":{\"@type\":\"QuantitativeValue\",\"minValue\":\"1\",\"maxValue\":\"10\"}},{\"@type\":\"Person\",\"@id\":\"https:\\\/\\\/www.textilegence.com\\\/en\\\/#\\\/schema\\\/person\\\/46ccc7bfc34edbc7d46b6b189f88849f\",\"name\":\"Engin Buz\",\"image\":{\"@type\":\"ImageObject\",\"inLanguage\":\"en-US\",\"@id\":\"https:\\\/\\\/www.textilegence.com\\\/wp-content\\\/uploads\\\/2018\\\/12\\\/engin-buz.jpg\",\"url\":\"https:\\\/\\\/www.textilegence.com\\\/wp-content\\\/uploads\\\/2018\\\/12\\\/engin-buz.jpg\",\"contentUrl\":\"https:\\\/\\\/www.textilegence.com\\\/wp-content\\\/uploads\\\/2018\\\/12\\\/engin-buz.jpg\",\"caption\":\"Engin Buz\"},\"description\":\"Engin Buz, Ankara \u00dcniversitesi \u0130leti\u015fim Fak\u00fcltesi Gazetecilik B\u00f6l\u00fcm\u00fc\u2019nden mezun olduktan sonra Y\u0131ld\u0131z Teknik \u00dcniversitesi\u2019nde Siyaset Bilimi ve Uluslararas\u0131 \u0130li\u015fkiler alan\u0131nda y\u00fcksek lisans\u0131n\u0131 tamamlam\u0131\u015ft\u0131r. 2000 y\u0131l\u0131ndan sonra \u00e7e\u015fitli yay\u0131nc\u0131l\u0131k \u015firketlerinde \u00e7al\u0131\u015fmaya ba\u015flayarak k\u00fclt\u00fcr-sanat ve daha sonra ekonomi haberleri haz\u0131rlam\u0131\u015ft\u0131r. 2009 y\u0131l\u0131ndan itibaren tekstil end\u00fcstrisine d\u00f6n\u00fck yay\u0131nlarda edit\u00f6r olarak g\u00f6rev alan Buz, 2013 itibariyle kurulan Textilegence\u2019de haber edit\u00f6r\u00fc olarak yer almaya ba\u015flam\u0131\u015ft\u0131r. Engin Buz halen ba\u015fta tekstil ve dijital bask\u0131 end\u00fcstrileri olmak \u00fczere ekonomi haberleri haz\u0131rlamaktad\u0131r.\",\"sameAs\":[\"https:\\\/\\\/www.textilegence.com\",\"https:\\\/\\\/www.facebook.com\\\/TextilegenceMagazine\",\"https:\\\/\\\/www.instagram.com\\\/textilegence\\\/\",\"https:\\\/\\\/www.linkedin.com\\\/in\\\/engin-buz-6190799a\\\/\",\"https:\\\/\\\/x.com\\\/https:\\\/\\\/twitter.com\\\/textilegence\"],\"url\":\"https:\\\/\\\/www.textilegence.com\\\/en\\\/author\\\/engin-buz\\\/\"}]}<\/script>\n<!-- \/ Yoast SEO Premium plugin. -->","yoast_head_json":{"title":"\u201cBrands need to move beyond name in personalised packaging\u201d - Textilegence","description":"Personalised packaging plays an important role in the purchasing process by appealing to consumers individually...","robots":{"index":"index","follow":"follow","max-snippet":"max-snippet:-1","max-image-preview":"max-image-preview:large","max-video-preview":"max-video-preview:-1"},"canonical":"https:\/\/www.textilegence.com\/en\/brands-need-to-move-beyond-name-in-personalised-packaging\/","og_locale":"en_US","og_type":"article","og_title":"\u201cBrands need to move beyond name in personalised packaging\u201d","og_description":"Personalised packaging plays an important role in the purchasing process by appealing to consumers individually. Coca-Cola\u2019s Share-a-Coke campaign put","og_url":"https:\/\/www.textilegence.com\/en\/brands-need-to-move-beyond-name-in-personalised-packaging\/","og_site_name":"Textilegence Magazine and Digital Platform","article_publisher":"https:\/\/www.facebook.com\/TextilegenceMagazine","article_author":"https:\/\/www.facebook.com\/TextilegenceMagazine","article_published_time":"2023-05-09T11:35:59+00:00","article_modified_time":"2023-05-09T11:36:02+00:00","og_image":[{"width":1920,"height":1080,"url":"https:\/\/www.textilegence.com\/wp-content\/uploads\/2023\/05\/personalised-packaging-textilegence.jpg","type":"image\/jpeg"}],"author":"Engin Buz","twitter_card":"summary_large_image","twitter_creator":"@https:\/\/twitter.com\/textilegence","twitter_site":"@textilegence","twitter_misc":{"Written by":"Engin Buz","Est. reading time":"4 minutes"},"schema":{"@context":"https:\/\/schema.org","@graph":[{"@type":"NewsArticle","@id":"https:\/\/www.textilegence.com\/en\/brands-need-to-move-beyond-name-in-personalised-packaging\/#article","isPartOf":{"@id":"https:\/\/www.textilegence.com\/en\/brands-need-to-move-beyond-name-in-personalised-packaging\/"},"author":{"name":"Engin Buz","@id":"https:\/\/www.textilegence.com\/en\/#\/schema\/person\/46ccc7bfc34edbc7d46b6b189f88849f"},"headline":"\u201cBrands need to move beyond name in personalised packaging\u201d","datePublished":"2023-05-09T11:35:59+00:00","dateModified":"2023-05-09T11:36:02+00:00","mainEntityOfPage":{"@id":"https:\/\/www.textilegence.com\/en\/brands-need-to-move-beyond-name-in-personalised-packaging\/"},"wordCount":620,"publisher":{"@id":"https:\/\/www.textilegence.com\/en\/#organization"},"image":{"@id":"https:\/\/www.textilegence.com\/en\/brands-need-to-move-beyond-name-in-personalised-packaging\/#primaryimage"},"thumbnailUrl":"https:\/\/www.textilegence.com\/wp-content\/uploads\/2023\/05\/personalised-packaging-textilegence.jpg","keywords":["FESPA Global Print Expo 2023","packaging","textile news"],"articleSection":["Packaging"],"inLanguage":"en-US"},{"@type":"WebPage","@id":"https:\/\/www.textilegence.com\/en\/brands-need-to-move-beyond-name-in-personalised-packaging\/","url":"https:\/\/www.textilegence.com\/en\/brands-need-to-move-beyond-name-in-personalised-packaging\/","name":"\u201cBrands need to move beyond name in personalised packaging\u201d - Textilegence","isPartOf":{"@id":"https:\/\/www.textilegence.com\/en\/#website"},"primaryImageOfPage":{"@id":"https:\/\/www.textilegence.com\/en\/brands-need-to-move-beyond-name-in-personalised-packaging\/#primaryimage"},"image":{"@id":"https:\/\/www.textilegence.com\/en\/brands-need-to-move-beyond-name-in-personalised-packaging\/#primaryimage"},"thumbnailUrl":"https:\/\/www.textilegence.com\/wp-content\/uploads\/2023\/05\/personalised-packaging-textilegence.jpg","datePublished":"2023-05-09T11:35:59+00:00","dateModified":"2023-05-09T11:36:02+00:00","description":"Personalised packaging plays an important role in the purchasing process by appealing to consumers individually...","breadcrumb":{"@id":"https:\/\/www.textilegence.com\/en\/brands-need-to-move-beyond-name-in-personalised-packaging\/#breadcrumb"},"inLanguage":"en-US","potentialAction":[{"@type":"ReadAction","target":["https:\/\/www.textilegence.com\/en\/brands-need-to-move-beyond-name-in-personalised-packaging\/"]}]},{"@type":"ImageObject","inLanguage":"en-US","@id":"https:\/\/www.textilegence.com\/en\/brands-need-to-move-beyond-name-in-personalised-packaging\/#primaryimage","url":"https:\/\/www.textilegence.com\/wp-content\/uploads\/2023\/05\/personalised-packaging-textilegence.jpg","contentUrl":"https:\/\/www.textilegence.com\/wp-content\/uploads\/2023\/05\/personalised-packaging-textilegence.jpg","width":1920,"height":1080},{"@type":"BreadcrumbList","@id":"https:\/\/www.textilegence.com\/en\/brands-need-to-move-beyond-name-in-personalised-packaging\/#breadcrumb","itemListElement":[{"@type":"ListItem","position":1,"name":"Home Page","item":"https:\/\/www.textilegence.com\/en\/homepage-the-rimont\/"},{"@type":"ListItem","position":2,"name":"Packaging","item":"https:\/\/www.textilegence.com\/en\/category\/packaging\/"},{"@type":"ListItem","position":3,"name":"\u201cBrands need to move beyond name in personalised packaging\u201d"}]},{"@type":"WebSite","@id":"https:\/\/www.textilegence.com\/en\/#website","url":"https:\/\/www.textilegence.com\/en\/","name":"Textilegence Magazine and Digital Platform","description":"Textile News Center","publisher":{"@id":"https:\/\/www.textilegence.com\/en\/#organization"},"potentialAction":[{"@type":"SearchAction","target":{"@type":"EntryPoint","urlTemplate":"https:\/\/www.textilegence.com\/en\/?s={search_term_string}"},"query-input":{"@type":"PropertyValueSpecification","valueRequired":true,"valueName":"search_term_string"}}],"inLanguage":"en-US"},{"@type":"Organization","@id":"https:\/\/www.textilegence.com\/en\/#organization","name":"Textilegence Magazine and Digital Platform","url":"https:\/\/www.textilegence.com\/en\/","logo":{"@type":"ImageObject","inLanguage":"en-US","@id":"https:\/\/www.textilegence.com\/en\/#\/schema\/logo\/image\/","url":"https:\/\/www.textilegence.com\/wp-content\/uploads\/2016\/11\/New_Retina_Logo_Textilegence.png","contentUrl":"https:\/\/www.textilegence.com\/wp-content\/uploads\/2016\/11\/New_Retina_Logo_Textilegence.png","width":544,"height":180,"caption":"Textilegence Magazine and Digital Platform"},"image":{"@id":"https:\/\/www.textilegence.com\/en\/#\/schema\/logo\/image\/"},"sameAs":["https:\/\/www.facebook.com\/TextilegenceMagazine","https:\/\/x.com\/textilegence","https:\/\/www.instagram.com\/textilegence\/","https:\/\/www.linkedin.com\/groups\/Textilegence-Magazine-Digital-Platform-4897253","https:\/\/www.youtube.com\/user\/textilegence"],"description":"Textilegence is a magazine and digital platform established in 2013. It focuses on the textile industry and sub-segments. The platform provides news, articles, and updates on various aspects of the textile industry, including sustainability, technological advancements, and market trends.","email":"editor@textilegence.com","telephone":"+90 212 442 24 12","legalName":"Textilegence Mag and Digital Platform","foundingDate":"2013-01-01","numberOfEmployees":{"@type":"QuantitativeValue","minValue":"1","maxValue":"10"}},{"@type":"Person","@id":"https:\/\/www.textilegence.com\/en\/#\/schema\/person\/46ccc7bfc34edbc7d46b6b189f88849f","name":"Engin Buz","image":{"@type":"ImageObject","inLanguage":"en-US","@id":"https:\/\/www.textilegence.com\/wp-content\/uploads\/2018\/12\/engin-buz.jpg","url":"https:\/\/www.textilegence.com\/wp-content\/uploads\/2018\/12\/engin-buz.jpg","contentUrl":"https:\/\/www.textilegence.com\/wp-content\/uploads\/2018\/12\/engin-buz.jpg","caption":"Engin Buz"},"description":"Engin Buz, Ankara \u00dcniversitesi \u0130leti\u015fim Fak\u00fcltesi Gazetecilik B\u00f6l\u00fcm\u00fc\u2019nden mezun olduktan sonra Y\u0131ld\u0131z Teknik \u00dcniversitesi\u2019nde Siyaset Bilimi ve Uluslararas\u0131 \u0130li\u015fkiler alan\u0131nda y\u00fcksek lisans\u0131n\u0131 tamamlam\u0131\u015ft\u0131r. 2000 y\u0131l\u0131ndan sonra \u00e7e\u015fitli yay\u0131nc\u0131l\u0131k \u015firketlerinde \u00e7al\u0131\u015fmaya ba\u015flayarak k\u00fclt\u00fcr-sanat ve daha sonra ekonomi haberleri haz\u0131rlam\u0131\u015ft\u0131r. 2009 y\u0131l\u0131ndan itibaren tekstil end\u00fcstrisine d\u00f6n\u00fck yay\u0131nlarda edit\u00f6r olarak g\u00f6rev alan Buz, 2013 itibariyle kurulan Textilegence\u2019de haber edit\u00f6r\u00fc olarak yer almaya ba\u015flam\u0131\u015ft\u0131r. Engin Buz halen ba\u015fta tekstil ve dijital bask\u0131 end\u00fcstrileri olmak \u00fczere ekonomi haberleri haz\u0131rlamaktad\u0131r.","sameAs":["https:\/\/www.textilegence.com","https:\/\/www.facebook.com\/TextilegenceMagazine","https:\/\/www.instagram.com\/textilegence\/","https:\/\/www.linkedin.com\/in\/engin-buz-6190799a\/","https:\/\/x.com\/https:\/\/twitter.com\/textilegence"],"url":"https:\/\/www.textilegence.com\/en\/author\/engin-buz\/"}]}},"_links":{"self":[{"href":"https:\/\/www.textilegence.com\/en\/wp-json\/wp\/v2\/posts\/53752","targetHints":{"allow":["GET"]}}],"collection":[{"href":"https:\/\/www.textilegence.com\/en\/wp-json\/wp\/v2\/posts"}],"about":[{"href":"https:\/\/www.textilegence.com\/en\/wp-json\/wp\/v2\/types\/post"}],"author":[{"embeddable":true,"href":"https:\/\/www.textilegence.com\/en\/wp-json\/wp\/v2\/users\/2"}],"replies":[{"embeddable":true,"href":"https:\/\/www.textilegence.com\/en\/wp-json\/wp\/v2\/comments?post=53752"}],"version-history":[{"count":0,"href":"https:\/\/www.textilegence.com\/en\/wp-json\/wp\/v2\/posts\/53752\/revisions"}],"wp:featuredmedia":[{"embeddable":true,"href":"https:\/\/www.textilegence.com\/en\/wp-json\/wp\/v2\/media\/53748"}],"wp:attachment":[{"href":"https:\/\/www.textilegence.com\/en\/wp-json\/wp\/v2\/media?parent=53752"}],"wp:term":[{"taxonomy":"category","embeddable":true,"href":"https:\/\/www.textilegence.com\/en\/wp-json\/wp\/v2\/categories?post=53752"},{"taxonomy":"post_tag","embeddable":true,"href":"https:\/\/www.textilegence.com\/en\/wp-json\/wp\/v2\/tags?post=53752"}],"curies":[{"name":"wp","href":"https:\/\/api.w.org\/{rel}","templated":true}]}}