{"id":54227,"date":"2023-06-01T10:51:54","date_gmt":"2023-06-01T07:51:54","guid":{"rendered":"http:\/\/www.textilegence.com\/?p=54227"},"modified":"2023-06-01T10:52:14","modified_gmt":"2023-06-01T07:52:14","slug":"downward-trend-in-turkish-textile-exports-continues-growth-postponed-to-another-spring","status":"publish","type":"post","link":"https:\/\/www.textilegence.com\/en\/downward-trend-in-turkish-textile-exports-continues-growth-postponed-to-another-spring\/","title":{"rendered":"Downward trend in Turkish textile exports continues, growth postponed to another spring"},"content":{"rendered":"\n<p>Turkish textile and raw materials sector suffered a loss in April in 2023, which it entered in a fluctuating way in <a href=\"https:\/\/www.textilegence.com\/en\/category\/topical\/\" target=\"_blank\" rel=\"noreferrer noopener\">exports<\/a>. According to the April export performance report published by <a href=\"https:\/\/www.ithib.org.tr\/en\/default.html\" target=\"_blank\" rel=\"noreferrer noopener\">ITHIB<\/a>, the exports of the sector decreased by 26.1% to 921 million dollars. In this month, the sector&#8217;s share in T\u00fcrkiye\u2019s overall exports was recorded as 4.8%. In April, T\u00fcrkiye\u2019s total exports decreased by 17.2% to 19.3 million dollars. Starting 2023 with a 5.4% loss in January, the textile sector continued to experience an uninterrupted decline in April, declining by 21.2% in February and 8.6% in March. The sector lost 26.1% compared to the same month of last year and 16.1% compared to March 2023. In the January-April period of 2023, the sector generated exports worth 80.8 million dollars with an annual decrease of 3%.<\/p>\n\n\n\n<p>In the first four months of 2023, the largest export market of the Turkish textile industry was the EU market consisting of 27 countries. Exports to this market decreased by 26.4% compared to the same period of 2022 and totalled 1.6 billion dollars. The second largest export destination of the sector was African countries. Exports to this region also decreased by 22.1% to 412 million dollars.<\/p>\n\n\n<div class=\"wp-block-image\">\n<figure class=\"aligncenter size-full\"><img loading=\"lazy\" decoding=\"async\" width=\"1920\" height=\"1080\" src=\"https:\/\/www.textilegence.com\/wp-content\/uploads\/2023\/05\/turkish-textile-detail.jpg\" alt=\"\" class=\"wp-image-54222\" srcset=\"https:\/\/www.textilegence.com\/wp-content\/uploads\/2023\/05\/turkish-textile-detail.jpg 1920w, https:\/\/www.textilegence.com\/wp-content\/uploads\/2023\/05\/turkish-textile-detail-768x432.jpg 768w, https:\/\/www.textilegence.com\/wp-content\/uploads\/2023\/05\/turkish-textile-detail-1536x864.jpg 1536w, https:\/\/www.textilegence.com\/wp-content\/uploads\/2023\/05\/turkish-textile-detail-300x169.jpg 300w, https:\/\/www.textilegence.com\/wp-content\/uploads\/2023\/05\/turkish-textile-detail-600x338.jpg 600w, https:\/\/www.textilegence.com\/wp-content\/uploads\/2023\/05\/turkish-textile-detail-696x392.jpg 696w, https:\/\/www.textilegence.com\/wp-content\/uploads\/2023\/05\/turkish-textile-detail-1068x601.jpg 1068w\" sizes=\"auto, (max-width: 1920px) 100vw, 1920px\" \/><figcaption class=\"wp-element-caption\">Downward trend in Turkish textile exports continues, growth postponed to another spring<\/figcaption><\/figure>\n<\/div>\n\n\n<h2 class=\"wp-block-heading\" id=\"h-textile-export-volume-decreased-by-12-1\">Textile export volume decreased by 12.1%<\/h2>\n\n\n\n<p>In addition to the depreciation in textile exports on both monthly and periodical basis, a decline was also observed on quantity basis. In the first four months of the year, exports of the sector decreased by 12.1% on quantity basis and were recorded as 832 thousand tonnes. In the January-April period, textile exports to EU countries decreased by 23% on quantity basis and reached 322 thousand tonnes. The amount of exports to African countries was calculated as 91 thousand tonnes.<\/p>\n\n\n\n<h2 class=\"wp-block-heading\" id=\"h-italy-ranks-first-once-again-in-turkish-textile-exports\">Italy ranks first once again in Turkish textile exports<\/h2>\n\n\n\n<p>In the January-April period of 2023, the leading market in Turkish textile and raw materials exports was Italy. In this period, textile exports to Italy decreased by 34.1% in value to 316 million dollars. Exports to Germany, which ranked second, decreased by 23.5% to 275 million dollars. Exports to the USA, which ranked third, decreased by 32.9% to 212 million dollars. In this period, Spain and the United Kingdom took their place in the ranking as the fourth and fifth largest markets, respectively.<\/p>\n\n\n\n<h2 class=\"wp-block-heading\" id=\"h-the-only-product-group-with-an-increase-in-exports-was-garment-sub-industry-products\">The only product group with an increase in exports was garment sub-industry products<\/h2>\n\n\n\n<p>In the first four months of the year, the most important export product of the Turkish textile and raw materials sector was woven fabric with a share of 21.3%. 9.8% decline in woven fabric exports created a value of 828 million dollars. 7.2% loss of value was experienced in the exports of technical textiles, which ranked second with a share of 17.4%, and 748 million dollars of income was obtained. In the January &#8211; April period of 2023, yarn exports decreased by 26.6% to 706 million dollars. In knitted fabrics, which ranked fourth, the decline was 1.2%, relatively lower than the other groups. The sector generated 660 million dollars of income from knitted fabrics.<\/p>\n\n\n\n<p>Home textile exports decreased by 17.9% to 629 million dollars and fibre exports decreased by 7.8% to 365.5 million dollars. The only product group with an increase in exports was garment sub-industry products. Exports of these products, which constitute 10.6% of total textile exports, increased by 5.3% to 208 million dollars.<\/p>\n\n\n<div class=\"wp-block-image\">\n<figure class=\"aligncenter size-full\"><img loading=\"lazy\" decoding=\"async\" width=\"1920\" height=\"1080\" src=\"https:\/\/www.textilegence.com\/wp-content\/uploads\/2023\/05\/turkish-textile-detail1.jpg\" alt=\"\" class=\"wp-image-54225\" srcset=\"https:\/\/www.textilegence.com\/wp-content\/uploads\/2023\/05\/turkish-textile-detail1.jpg 1920w, https:\/\/www.textilegence.com\/wp-content\/uploads\/2023\/05\/turkish-textile-detail1-768x432.jpg 768w, https:\/\/www.textilegence.com\/wp-content\/uploads\/2023\/05\/turkish-textile-detail1-1536x864.jpg 1536w, https:\/\/www.textilegence.com\/wp-content\/uploads\/2023\/05\/turkish-textile-detail1-300x169.jpg 300w, https:\/\/www.textilegence.com\/wp-content\/uploads\/2023\/05\/turkish-textile-detail1-600x338.jpg 600w, https:\/\/www.textilegence.com\/wp-content\/uploads\/2023\/05\/turkish-textile-detail1-696x392.jpg 696w, https:\/\/www.textilegence.com\/wp-content\/uploads\/2023\/05\/turkish-textile-detail1-1068x601.jpg 1068w\" sizes=\"auto, (max-width: 1920px) 100vw, 1920px\" \/><figcaption class=\"wp-element-caption\">Capacity utilisation rate and production index in decline<\/figcaption><\/figure>\n<\/div>\n\n\n<h2 class=\"wp-block-heading\" id=\"h-capacity-utilisation-rate-and-production-index-in-decline\">Capacity utilisation rate and production index in decline<\/h2>\n\n\n\n<p>According to the Central Bank of the Republic of T\u00fcrkiye, the capacity utilisation rate of the textile industry decreased by 161.1% in April compared to the same month of the previous year. In addition, according to the data of the Turkish Statistical Institute (TURKSTAT), the textile industry production index in February 2023 decreased by 27% compared to the previous year\u2019s data.<\/p>\n\n\n\n<p>According to TURKSTAT data, textile and raw materials sector provided 493 thousand jobs in February 2023, which means a 5.6% decrease compared to the same month of last year. In February, total employment in textile and ready-to-wear sectors decreased by 1% compared to last year and totalled 1 million 203 thousand.<\/p>\n\n\n\n<p>Ready-to-wear industry increased by 3.8% in April on an annual basis and by 17.2% compared to the previous month. The sector exported 6.7 billion dollars in the January-April period of 2023. The most important export markets of the sector were Germany, Spain, the Netherlands, the United Kingdom and France. In exports, knitted products had a share of 49%, woven products 41% and ready-made goods 10%.<\/p>\n","protected":false},"excerpt":{"rendered":"<p>Turkish textile and raw materials sector suffered a loss in April in 2023, which it entered in a fluctuating way in exports. According to the April export performance report published by ITHIB, the exports of the sector decreased by 26.1% to 921 million dollars. In this month, the sector&#8217;s share in T\u00fcrkiye\u2019s overall exports was [&hellip;]<\/p>\n","protected":false},"author":2,"featured_media":54220,"comment_status":"closed","ping_status":"closed","sticky":false,"template":"","format":"standard","meta":{"footnotes":""},"categories":[16254],"tags":[11799,10777,10369],"class_list":{"0":"post-54227","1":"post","2":"type-post","3":"status-publish","4":"format-standard","5":"has-post-thumbnail","7":"category-itma-fair","8":"tag-exports-en","9":"tag-ithib-en","10":"tag-textile-news-en"},"yoast_head":"<!-- This site is optimized with the Yoast SEO Premium plugin v27.3 (Yoast SEO v27.3) - https:\/\/yoast.com\/product\/yoast-seo-premium-wordpress\/ -->\n<title>Downward trend in Turkish textile exports continues, growth postponed to another spring - Textilegence<\/title>\n<meta name=\"description\" content=\"Turkish textile and raw materials sector suffered a loss in April in 2023, which it entered in a fluctuating way in exports...\" \/>\n<meta name=\"robots\" content=\"index, follow, max-snippet:-1, max-image-preview:large, max-video-preview:-1\" \/>\n<link rel=\"canonical\" href=\"https:\/\/www.textilegence.com\/en\/downward-trend-in-turkish-textile-exports-continues-growth-postponed-to-another-spring\/\" \/>\n<meta property=\"og:locale\" content=\"en_US\" \/>\n<meta property=\"og:type\" content=\"article\" \/>\n<meta property=\"og:title\" content=\"Downward trend in Turkish textile exports continues, growth postponed to another spring\" \/>\n<meta property=\"og:description\" content=\"Turkish textile and raw materials sector suffered a loss in April in 2023, which it entered in a fluctuating way in exports. According to the April export\" \/>\n<meta property=\"og:url\" content=\"https:\/\/www.textilegence.com\/en\/downward-trend-in-turkish-textile-exports-continues-growth-postponed-to-another-spring\/\" \/>\n<meta property=\"og:site_name\" content=\"Textilegence Magazine and Digital Platform\" \/>\n<meta property=\"article:publisher\" content=\"https:\/\/www.facebook.com\/TextilegenceMagazine\" \/>\n<meta property=\"article:author\" content=\"https:\/\/www.facebook.com\/TextilegenceMagazine\" \/>\n<meta property=\"article:published_time\" content=\"2023-06-01T07:51:54+00:00\" \/>\n<meta property=\"article:modified_time\" content=\"2023-06-01T07:52:14+00:00\" \/>\n<meta property=\"og:image\" content=\"https:\/\/www.textilegence.com\/wp-content\/uploads\/2023\/05\/turkish-textile-textilegence.jpg\" \/>\n\t<meta property=\"og:image:width\" content=\"1920\" \/>\n\t<meta property=\"og:image:height\" content=\"1080\" \/>\n\t<meta property=\"og:image:type\" content=\"image\/jpeg\" \/>\n<meta name=\"author\" content=\"Engin Buz\" \/>\n<meta name=\"twitter:card\" content=\"summary_large_image\" \/>\n<meta name=\"twitter:creator\" content=\"@https:\/\/twitter.com\/textilegence\" \/>\n<meta name=\"twitter:site\" content=\"@textilegence\" \/>\n<meta name=\"twitter:label1\" content=\"Written by\" \/>\n\t<meta name=\"twitter:data1\" content=\"Engin Buz\" \/>\n\t<meta name=\"twitter:label2\" content=\"Est. reading time\" \/>\n\t<meta name=\"twitter:data2\" content=\"5 minutes\" \/>\n<script type=\"application\/ld+json\" class=\"yoast-schema-graph\">{\"@context\":\"https:\\\/\\\/schema.org\",\"@graph\":[{\"@type\":\"NewsArticle\",\"@id\":\"https:\\\/\\\/www.textilegence.com\\\/en\\\/downward-trend-in-turkish-textile-exports-continues-growth-postponed-to-another-spring\\\/#article\",\"isPartOf\":{\"@id\":\"https:\\\/\\\/www.textilegence.com\\\/en\\\/downward-trend-in-turkish-textile-exports-continues-growth-postponed-to-another-spring\\\/\"},\"author\":{\"name\":\"Engin Buz\",\"@id\":\"https:\\\/\\\/www.textilegence.com\\\/en\\\/#\\\/schema\\\/person\\\/46ccc7bfc34edbc7d46b6b189f88849f\"},\"headline\":\"Downward trend in Turkish textile exports continues, growth postponed to another spring\",\"datePublished\":\"2023-06-01T07:51:54+00:00\",\"dateModified\":\"2023-06-01T07:52:14+00:00\",\"mainEntityOfPage\":{\"@id\":\"https:\\\/\\\/www.textilegence.com\\\/en\\\/downward-trend-in-turkish-textile-exports-continues-growth-postponed-to-another-spring\\\/\"},\"wordCount\":712,\"publisher\":{\"@id\":\"https:\\\/\\\/www.textilegence.com\\\/en\\\/#organization\"},\"image\":{\"@id\":\"https:\\\/\\\/www.textilegence.com\\\/en\\\/downward-trend-in-turkish-textile-exports-continues-growth-postponed-to-another-spring\\\/#primaryimage\"},\"thumbnailUrl\":\"https:\\\/\\\/www.textilegence.com\\\/wp-content\\\/uploads\\\/2023\\\/05\\\/turkish-textile-textilegence.jpg\",\"keywords\":[\"exports\",\"ithib\",\"textile news\"],\"articleSection\":[\"ITMA\"],\"inLanguage\":\"en-US\"},{\"@type\":\"WebPage\",\"@id\":\"https:\\\/\\\/www.textilegence.com\\\/en\\\/downward-trend-in-turkish-textile-exports-continues-growth-postponed-to-another-spring\\\/\",\"url\":\"https:\\\/\\\/www.textilegence.com\\\/en\\\/downward-trend-in-turkish-textile-exports-continues-growth-postponed-to-another-spring\\\/\",\"name\":\"Downward trend in Turkish textile exports continues, growth postponed to another spring - Textilegence\",\"isPartOf\":{\"@id\":\"https:\\\/\\\/www.textilegence.com\\\/en\\\/#website\"},\"primaryImageOfPage\":{\"@id\":\"https:\\\/\\\/www.textilegence.com\\\/en\\\/downward-trend-in-turkish-textile-exports-continues-growth-postponed-to-another-spring\\\/#primaryimage\"},\"image\":{\"@id\":\"https:\\\/\\\/www.textilegence.com\\\/en\\\/downward-trend-in-turkish-textile-exports-continues-growth-postponed-to-another-spring\\\/#primaryimage\"},\"thumbnailUrl\":\"https:\\\/\\\/www.textilegence.com\\\/wp-content\\\/uploads\\\/2023\\\/05\\\/turkish-textile-textilegence.jpg\",\"datePublished\":\"2023-06-01T07:51:54+00:00\",\"dateModified\":\"2023-06-01T07:52:14+00:00\",\"description\":\"Turkish textile and raw materials sector suffered a loss in April in 2023, which it entered in a fluctuating way in exports...\",\"breadcrumb\":{\"@id\":\"https:\\\/\\\/www.textilegence.com\\\/en\\\/downward-trend-in-turkish-textile-exports-continues-growth-postponed-to-another-spring\\\/#breadcrumb\"},\"inLanguage\":\"en-US\",\"potentialAction\":[{\"@type\":\"ReadAction\",\"target\":[\"https:\\\/\\\/www.textilegence.com\\\/en\\\/downward-trend-in-turkish-textile-exports-continues-growth-postponed-to-another-spring\\\/\"]}]},{\"@type\":\"ImageObject\",\"inLanguage\":\"en-US\",\"@id\":\"https:\\\/\\\/www.textilegence.com\\\/en\\\/downward-trend-in-turkish-textile-exports-continues-growth-postponed-to-another-spring\\\/#primaryimage\",\"url\":\"https:\\\/\\\/www.textilegence.com\\\/wp-content\\\/uploads\\\/2023\\\/05\\\/turkish-textile-textilegence.jpg\",\"contentUrl\":\"https:\\\/\\\/www.textilegence.com\\\/wp-content\\\/uploads\\\/2023\\\/05\\\/turkish-textile-textilegence.jpg\",\"width\":1920,\"height\":1080},{\"@type\":\"BreadcrumbList\",\"@id\":\"https:\\\/\\\/www.textilegence.com\\\/en\\\/downward-trend-in-turkish-textile-exports-continues-growth-postponed-to-another-spring\\\/#breadcrumb\",\"itemListElement\":[{\"@type\":\"ListItem\",\"position\":1,\"name\":\"Home Page\",\"item\":\"https:\\\/\\\/www.textilegence.com\\\/en\\\/homepage-the-rimont\\\/\"},{\"@type\":\"ListItem\",\"position\":2,\"name\":\"ITMA\",\"item\":\"https:\\\/\\\/www.textilegence.com\\\/en\\\/category\\\/itma-fair\\\/\"},{\"@type\":\"ListItem\",\"position\":3,\"name\":\"Downward trend in Turkish textile exports continues, growth postponed to another spring\"}]},{\"@type\":\"WebSite\",\"@id\":\"https:\\\/\\\/www.textilegence.com\\\/en\\\/#website\",\"url\":\"https:\\\/\\\/www.textilegence.com\\\/en\\\/\",\"name\":\"Textilegence Magazine and Digital Platform\",\"description\":\"Textile News Center\",\"publisher\":{\"@id\":\"https:\\\/\\\/www.textilegence.com\\\/en\\\/#organization\"},\"potentialAction\":[{\"@type\":\"SearchAction\",\"target\":{\"@type\":\"EntryPoint\",\"urlTemplate\":\"https:\\\/\\\/www.textilegence.com\\\/en\\\/?s={search_term_string}\"},\"query-input\":{\"@type\":\"PropertyValueSpecification\",\"valueRequired\":true,\"valueName\":\"search_term_string\"}}],\"inLanguage\":\"en-US\"},{\"@type\":\"Organization\",\"@id\":\"https:\\\/\\\/www.textilegence.com\\\/en\\\/#organization\",\"name\":\"Textilegence Magazine and Digital Platform\",\"url\":\"https:\\\/\\\/www.textilegence.com\\\/en\\\/\",\"logo\":{\"@type\":\"ImageObject\",\"inLanguage\":\"en-US\",\"@id\":\"https:\\\/\\\/www.textilegence.com\\\/en\\\/#\\\/schema\\\/logo\\\/image\\\/\",\"url\":\"https:\\\/\\\/www.textilegence.com\\\/wp-content\\\/uploads\\\/2016\\\/11\\\/New_Retina_Logo_Textilegence.png\",\"contentUrl\":\"https:\\\/\\\/www.textilegence.com\\\/wp-content\\\/uploads\\\/2016\\\/11\\\/New_Retina_Logo_Textilegence.png\",\"width\":544,\"height\":180,\"caption\":\"Textilegence Magazine and Digital Platform\"},\"image\":{\"@id\":\"https:\\\/\\\/www.textilegence.com\\\/en\\\/#\\\/schema\\\/logo\\\/image\\\/\"},\"sameAs\":[\"https:\\\/\\\/www.facebook.com\\\/TextilegenceMagazine\",\"https:\\\/\\\/x.com\\\/textilegence\",\"https:\\\/\\\/www.instagram.com\\\/textilegence\\\/\",\"https:\\\/\\\/www.linkedin.com\\\/groups\\\/Textilegence-Magazine-Digital-Platform-4897253\",\"https:\\\/\\\/www.youtube.com\\\/user\\\/textilegence\"],\"description\":\"Textilegence is a magazine and digital platform established in 2013. It focuses on the textile industry and sub-segments. The platform provides news, articles, and updates on various aspects of the textile industry, including sustainability, technological advancements, and market trends.\",\"email\":\"editor@textilegence.com\",\"telephone\":\"+90 212 442 24 12\",\"legalName\":\"Textilegence Mag and Digital Platform\",\"foundingDate\":\"2013-01-01\",\"numberOfEmployees\":{\"@type\":\"QuantitativeValue\",\"minValue\":\"1\",\"maxValue\":\"10\"}},{\"@type\":\"Person\",\"@id\":\"https:\\\/\\\/www.textilegence.com\\\/en\\\/#\\\/schema\\\/person\\\/46ccc7bfc34edbc7d46b6b189f88849f\",\"name\":\"Engin Buz\",\"image\":{\"@type\":\"ImageObject\",\"inLanguage\":\"en-US\",\"@id\":\"https:\\\/\\\/www.textilegence.com\\\/wp-content\\\/uploads\\\/2018\\\/12\\\/engin-buz.jpg\",\"url\":\"https:\\\/\\\/www.textilegence.com\\\/wp-content\\\/uploads\\\/2018\\\/12\\\/engin-buz.jpg\",\"contentUrl\":\"https:\\\/\\\/www.textilegence.com\\\/wp-content\\\/uploads\\\/2018\\\/12\\\/engin-buz.jpg\",\"caption\":\"Engin Buz\"},\"description\":\"Engin Buz, Ankara \u00dcniversitesi \u0130leti\u015fim Fak\u00fcltesi Gazetecilik B\u00f6l\u00fcm\u00fc\u2019nden mezun olduktan sonra Y\u0131ld\u0131z Teknik \u00dcniversitesi\u2019nde Siyaset Bilimi ve Uluslararas\u0131 \u0130li\u015fkiler alan\u0131nda y\u00fcksek lisans\u0131n\u0131 tamamlam\u0131\u015ft\u0131r. 2000 y\u0131l\u0131ndan sonra \u00e7e\u015fitli yay\u0131nc\u0131l\u0131k \u015firketlerinde \u00e7al\u0131\u015fmaya ba\u015flayarak k\u00fclt\u00fcr-sanat ve daha sonra ekonomi haberleri haz\u0131rlam\u0131\u015ft\u0131r. 2009 y\u0131l\u0131ndan itibaren tekstil end\u00fcstrisine d\u00f6n\u00fck yay\u0131nlarda edit\u00f6r olarak g\u00f6rev alan Buz, 2013 itibariyle kurulan Textilegence\u2019de haber edit\u00f6r\u00fc olarak yer almaya ba\u015flam\u0131\u015ft\u0131r. Engin Buz halen ba\u015fta tekstil ve dijital bask\u0131 end\u00fcstrileri olmak \u00fczere ekonomi haberleri haz\u0131rlamaktad\u0131r.\",\"sameAs\":[\"https:\\\/\\\/www.textilegence.com\",\"https:\\\/\\\/www.facebook.com\\\/TextilegenceMagazine\",\"https:\\\/\\\/www.instagram.com\\\/textilegence\\\/\",\"https:\\\/\\\/www.linkedin.com\\\/in\\\/engin-buz-6190799a\\\/\",\"https:\\\/\\\/x.com\\\/https:\\\/\\\/twitter.com\\\/textilegence\"],\"url\":\"https:\\\/\\\/www.textilegence.com\\\/en\\\/author\\\/engin-buz\\\/\"}]}<\/script>\n<!-- \/ Yoast SEO Premium plugin. -->","yoast_head_json":{"title":"Downward trend in Turkish textile exports continues, growth postponed to another spring - Textilegence","description":"Turkish textile and raw materials sector suffered a loss in April in 2023, which it entered in a fluctuating way in exports...","robots":{"index":"index","follow":"follow","max-snippet":"max-snippet:-1","max-image-preview":"max-image-preview:large","max-video-preview":"max-video-preview:-1"},"canonical":"https:\/\/www.textilegence.com\/en\/downward-trend-in-turkish-textile-exports-continues-growth-postponed-to-another-spring\/","og_locale":"en_US","og_type":"article","og_title":"Downward trend in Turkish textile exports continues, growth postponed to another spring","og_description":"Turkish textile and raw materials sector suffered a loss in April in 2023, which it entered in a fluctuating way in exports. According to the April export","og_url":"https:\/\/www.textilegence.com\/en\/downward-trend-in-turkish-textile-exports-continues-growth-postponed-to-another-spring\/","og_site_name":"Textilegence Magazine and Digital Platform","article_publisher":"https:\/\/www.facebook.com\/TextilegenceMagazine","article_author":"https:\/\/www.facebook.com\/TextilegenceMagazine","article_published_time":"2023-06-01T07:51:54+00:00","article_modified_time":"2023-06-01T07:52:14+00:00","og_image":[{"width":1920,"height":1080,"url":"https:\/\/www.textilegence.com\/wp-content\/uploads\/2023\/05\/turkish-textile-textilegence.jpg","type":"image\/jpeg"}],"author":"Engin Buz","twitter_card":"summary_large_image","twitter_creator":"@https:\/\/twitter.com\/textilegence","twitter_site":"@textilegence","twitter_misc":{"Written by":"Engin Buz","Est. reading time":"5 minutes"},"schema":{"@context":"https:\/\/schema.org","@graph":[{"@type":"NewsArticle","@id":"https:\/\/www.textilegence.com\/en\/downward-trend-in-turkish-textile-exports-continues-growth-postponed-to-another-spring\/#article","isPartOf":{"@id":"https:\/\/www.textilegence.com\/en\/downward-trend-in-turkish-textile-exports-continues-growth-postponed-to-another-spring\/"},"author":{"name":"Engin Buz","@id":"https:\/\/www.textilegence.com\/en\/#\/schema\/person\/46ccc7bfc34edbc7d46b6b189f88849f"},"headline":"Downward trend in Turkish textile exports continues, growth postponed to another spring","datePublished":"2023-06-01T07:51:54+00:00","dateModified":"2023-06-01T07:52:14+00:00","mainEntityOfPage":{"@id":"https:\/\/www.textilegence.com\/en\/downward-trend-in-turkish-textile-exports-continues-growth-postponed-to-another-spring\/"},"wordCount":712,"publisher":{"@id":"https:\/\/www.textilegence.com\/en\/#organization"},"image":{"@id":"https:\/\/www.textilegence.com\/en\/downward-trend-in-turkish-textile-exports-continues-growth-postponed-to-another-spring\/#primaryimage"},"thumbnailUrl":"https:\/\/www.textilegence.com\/wp-content\/uploads\/2023\/05\/turkish-textile-textilegence.jpg","keywords":["exports","ithib","textile news"],"articleSection":["ITMA"],"inLanguage":"en-US"},{"@type":"WebPage","@id":"https:\/\/www.textilegence.com\/en\/downward-trend-in-turkish-textile-exports-continues-growth-postponed-to-another-spring\/","url":"https:\/\/www.textilegence.com\/en\/downward-trend-in-turkish-textile-exports-continues-growth-postponed-to-another-spring\/","name":"Downward trend in Turkish textile exports continues, growth postponed to another spring - Textilegence","isPartOf":{"@id":"https:\/\/www.textilegence.com\/en\/#website"},"primaryImageOfPage":{"@id":"https:\/\/www.textilegence.com\/en\/downward-trend-in-turkish-textile-exports-continues-growth-postponed-to-another-spring\/#primaryimage"},"image":{"@id":"https:\/\/www.textilegence.com\/en\/downward-trend-in-turkish-textile-exports-continues-growth-postponed-to-another-spring\/#primaryimage"},"thumbnailUrl":"https:\/\/www.textilegence.com\/wp-content\/uploads\/2023\/05\/turkish-textile-textilegence.jpg","datePublished":"2023-06-01T07:51:54+00:00","dateModified":"2023-06-01T07:52:14+00:00","description":"Turkish textile and raw materials sector suffered a loss in April in 2023, which it entered in a fluctuating way in exports...","breadcrumb":{"@id":"https:\/\/www.textilegence.com\/en\/downward-trend-in-turkish-textile-exports-continues-growth-postponed-to-another-spring\/#breadcrumb"},"inLanguage":"en-US","potentialAction":[{"@type":"ReadAction","target":["https:\/\/www.textilegence.com\/en\/downward-trend-in-turkish-textile-exports-continues-growth-postponed-to-another-spring\/"]}]},{"@type":"ImageObject","inLanguage":"en-US","@id":"https:\/\/www.textilegence.com\/en\/downward-trend-in-turkish-textile-exports-continues-growth-postponed-to-another-spring\/#primaryimage","url":"https:\/\/www.textilegence.com\/wp-content\/uploads\/2023\/05\/turkish-textile-textilegence.jpg","contentUrl":"https:\/\/www.textilegence.com\/wp-content\/uploads\/2023\/05\/turkish-textile-textilegence.jpg","width":1920,"height":1080},{"@type":"BreadcrumbList","@id":"https:\/\/www.textilegence.com\/en\/downward-trend-in-turkish-textile-exports-continues-growth-postponed-to-another-spring\/#breadcrumb","itemListElement":[{"@type":"ListItem","position":1,"name":"Home Page","item":"https:\/\/www.textilegence.com\/en\/homepage-the-rimont\/"},{"@type":"ListItem","position":2,"name":"ITMA","item":"https:\/\/www.textilegence.com\/en\/category\/itma-fair\/"},{"@type":"ListItem","position":3,"name":"Downward trend in Turkish textile exports continues, growth postponed to another spring"}]},{"@type":"WebSite","@id":"https:\/\/www.textilegence.com\/en\/#website","url":"https:\/\/www.textilegence.com\/en\/","name":"Textilegence Magazine and Digital Platform","description":"Textile News Center","publisher":{"@id":"https:\/\/www.textilegence.com\/en\/#organization"},"potentialAction":[{"@type":"SearchAction","target":{"@type":"EntryPoint","urlTemplate":"https:\/\/www.textilegence.com\/en\/?s={search_term_string}"},"query-input":{"@type":"PropertyValueSpecification","valueRequired":true,"valueName":"search_term_string"}}],"inLanguage":"en-US"},{"@type":"Organization","@id":"https:\/\/www.textilegence.com\/en\/#organization","name":"Textilegence Magazine and Digital Platform","url":"https:\/\/www.textilegence.com\/en\/","logo":{"@type":"ImageObject","inLanguage":"en-US","@id":"https:\/\/www.textilegence.com\/en\/#\/schema\/logo\/image\/","url":"https:\/\/www.textilegence.com\/wp-content\/uploads\/2016\/11\/New_Retina_Logo_Textilegence.png","contentUrl":"https:\/\/www.textilegence.com\/wp-content\/uploads\/2016\/11\/New_Retina_Logo_Textilegence.png","width":544,"height":180,"caption":"Textilegence Magazine and Digital Platform"},"image":{"@id":"https:\/\/www.textilegence.com\/en\/#\/schema\/logo\/image\/"},"sameAs":["https:\/\/www.facebook.com\/TextilegenceMagazine","https:\/\/x.com\/textilegence","https:\/\/www.instagram.com\/textilegence\/","https:\/\/www.linkedin.com\/groups\/Textilegence-Magazine-Digital-Platform-4897253","https:\/\/www.youtube.com\/user\/textilegence"],"description":"Textilegence is a magazine and digital platform established in 2013. It focuses on the textile industry and sub-segments. The platform provides news, articles, and updates on various aspects of the textile industry, including sustainability, technological advancements, and market trends.","email":"editor@textilegence.com","telephone":"+90 212 442 24 12","legalName":"Textilegence Mag and Digital Platform","foundingDate":"2013-01-01","numberOfEmployees":{"@type":"QuantitativeValue","minValue":"1","maxValue":"10"}},{"@type":"Person","@id":"https:\/\/www.textilegence.com\/en\/#\/schema\/person\/46ccc7bfc34edbc7d46b6b189f88849f","name":"Engin Buz","image":{"@type":"ImageObject","inLanguage":"en-US","@id":"https:\/\/www.textilegence.com\/wp-content\/uploads\/2018\/12\/engin-buz.jpg","url":"https:\/\/www.textilegence.com\/wp-content\/uploads\/2018\/12\/engin-buz.jpg","contentUrl":"https:\/\/www.textilegence.com\/wp-content\/uploads\/2018\/12\/engin-buz.jpg","caption":"Engin Buz"},"description":"Engin Buz, Ankara \u00dcniversitesi \u0130leti\u015fim Fak\u00fcltesi Gazetecilik B\u00f6l\u00fcm\u00fc\u2019nden mezun olduktan sonra Y\u0131ld\u0131z Teknik \u00dcniversitesi\u2019nde Siyaset Bilimi ve Uluslararas\u0131 \u0130li\u015fkiler alan\u0131nda y\u00fcksek lisans\u0131n\u0131 tamamlam\u0131\u015ft\u0131r. 2000 y\u0131l\u0131ndan sonra \u00e7e\u015fitli yay\u0131nc\u0131l\u0131k \u015firketlerinde \u00e7al\u0131\u015fmaya ba\u015flayarak k\u00fclt\u00fcr-sanat ve daha sonra ekonomi haberleri haz\u0131rlam\u0131\u015ft\u0131r. 2009 y\u0131l\u0131ndan itibaren tekstil end\u00fcstrisine d\u00f6n\u00fck yay\u0131nlarda edit\u00f6r olarak g\u00f6rev alan Buz, 2013 itibariyle kurulan Textilegence\u2019de haber edit\u00f6r\u00fc olarak yer almaya ba\u015flam\u0131\u015ft\u0131r. Engin Buz halen ba\u015fta tekstil ve dijital bask\u0131 end\u00fcstrileri olmak \u00fczere ekonomi haberleri haz\u0131rlamaktad\u0131r.","sameAs":["https:\/\/www.textilegence.com","https:\/\/www.facebook.com\/TextilegenceMagazine","https:\/\/www.instagram.com\/textilegence\/","https:\/\/www.linkedin.com\/in\/engin-buz-6190799a\/","https:\/\/x.com\/https:\/\/twitter.com\/textilegence"],"url":"https:\/\/www.textilegence.com\/en\/author\/engin-buz\/"}]}},"_links":{"self":[{"href":"https:\/\/www.textilegence.com\/en\/wp-json\/wp\/v2\/posts\/54227","targetHints":{"allow":["GET"]}}],"collection":[{"href":"https:\/\/www.textilegence.com\/en\/wp-json\/wp\/v2\/posts"}],"about":[{"href":"https:\/\/www.textilegence.com\/en\/wp-json\/wp\/v2\/types\/post"}],"author":[{"embeddable":true,"href":"https:\/\/www.textilegence.com\/en\/wp-json\/wp\/v2\/users\/2"}],"replies":[{"embeddable":true,"href":"https:\/\/www.textilegence.com\/en\/wp-json\/wp\/v2\/comments?post=54227"}],"version-history":[{"count":0,"href":"https:\/\/www.textilegence.com\/en\/wp-json\/wp\/v2\/posts\/54227\/revisions"}],"wp:featuredmedia":[{"embeddable":true,"href":"https:\/\/www.textilegence.com\/en\/wp-json\/wp\/v2\/media\/54220"}],"wp:attachment":[{"href":"https:\/\/www.textilegence.com\/en\/wp-json\/wp\/v2\/media?parent=54227"}],"wp:term":[{"taxonomy":"category","embeddable":true,"href":"https:\/\/www.textilegence.com\/en\/wp-json\/wp\/v2\/categories?post=54227"},{"taxonomy":"post_tag","embeddable":true,"href":"https:\/\/www.textilegence.com\/en\/wp-json\/wp\/v2\/tags?post=54227"}],"curies":[{"name":"wp","href":"https:\/\/api.w.org\/{rel}","templated":true}]}}