{"id":54397,"date":"2023-06-01T10:27:28","date_gmt":"2023-06-01T07:27:28","guid":{"rendered":"http:\/\/www.textilegence.com\/?p=54397"},"modified":"2023-06-01T10:27:38","modified_gmt":"2023-06-01T07:27:38","slug":"swissqprint-focuses-on-new-possibilities-for-green-printing-at-fespa-gpe","status":"publish","type":"post","link":"https:\/\/www.textilegence.com\/en\/swissqprint-focuses-on-new-possibilities-for-green-printing-at-fespa-gpe\/","title":{"rendered":"swissQprint focuses on new possibilities for green printing at FESPA GPE"},"content":{"rendered":"\n<p>swissQprint exhibited the latest developments in its machines and applications, highlighting the concept of sustainability at the FESPA Global Print Expo (GPE) 2023 in Munich on May 23-26. The <a href=\"https:\/\/www.swissqprint.com\/ch\/en\/\" target=\"_blank\" rel=\"noreferrer noopener\">company<\/a>, showcasing its latest innovations in UV flatbed and roll to roll printing to <a href=\"https:\/\/www.textilegence.com\/en\/category\/printing\/\" target=\"_blank\" rel=\"noreferrer noopener\">print <\/a>professionals from all over Europe as well as visitors from the global market, inspired print professionals and visitors not only with the best print quality and productivity but also with its vision for environmental protection. swissQprint also celebrated the shipment of the 1000th machine of the successful Nyala model with enthusiasm, both at the exhibition and with its team at its headquarters.<\/p>\n\n\n\n<p>The Oryx, Impala (2.5&#215;2 m) and Nyala (3.2&#215;2 m) flatbed printers are well-known in the market for their high print quality, productivity and huge versatility. swissQprint\u2019s fourth-generation models use the latest printheads with a maximum resolution of 1350 dpi. The printers\u2019 modular design, including a roll-to-roll option, along with special inks such as neon, white and varnish, all work in concert to enable a wide range of applications. Visitors to FESPA GPE had the opportunity to experience the powerful effect of neon inks with glowing print samples in a specialised dark room.<\/p>\n\n\n<div class=\"wp-block-image\">\n<figure class=\"aligncenter size-full\"><img loading=\"lazy\" decoding=\"async\" width=\"1920\" height=\"1080\" src=\"https:\/\/www.textilegence.com\/wp-content\/uploads\/2023\/05\/swissqprint-detail.jpg\" alt=\"\" class=\"wp-image-54393\" srcset=\"https:\/\/www.textilegence.com\/wp-content\/uploads\/2023\/05\/swissqprint-detail.jpg 1920w, https:\/\/www.textilegence.com\/wp-content\/uploads\/2023\/05\/swissqprint-detail-768x432.jpg 768w, https:\/\/www.textilegence.com\/wp-content\/uploads\/2023\/05\/swissqprint-detail-1536x864.jpg 1536w, https:\/\/www.textilegence.com\/wp-content\/uploads\/2023\/05\/swissqprint-detail-300x169.jpg 300w, https:\/\/www.textilegence.com\/wp-content\/uploads\/2023\/05\/swissqprint-detail-600x338.jpg 600w, https:\/\/www.textilegence.com\/wp-content\/uploads\/2023\/05\/swissqprint-detail-696x392.jpg 696w, https:\/\/www.textilegence.com\/wp-content\/uploads\/2023\/05\/swissqprint-detail-1068x601.jpg 1068w\" sizes=\"auto, (max-width: 1920px) 100vw, 1920px\" \/><figcaption class=\"wp-element-caption\">swissQprint focuses on new possibilities for green printing at FESPA GPE<\/figcaption><\/figure>\n<\/div>\n\n\n<h2 class=\"wp-block-heading\" id=\"h-karibu-2-roll-to-roll-printer\">Karibu 2 roll to roll printer<\/h2>\n\n\n\n<p>Karibu roll to roll printer with 3.4 m print width meets the sector with its second generation. Among the features that make this printer different from those in the mainstream market, special capabilities such as neon, varnish, white and relief printing stand out. Other efficiency-orientated features include a cassette system for quick loading of rolls, Tip Switch Vacuum feature for fine-tuned vacuum control and a multilayer mode for registration accuracy when overprinting various layers.<\/p>\n\n\n\n<h2 class=\"wp-block-heading\" id=\"h-kudu-high-end-printer\">Kudu, high-end printer<\/h2>\n\n\n\n<p>The only swissQprint printer with 10 colour channels and up to 30 print heads, the Kudu offers a little more versatility than other swissQprint models, which were already versatile with nine colour channels and a choice of ink configurations. Visitors to the stand were impressed not only by the Kudu\u2019s print quality, but also by its productivity of up to 304 m2\/h and the power of both flatbed and optional roll to roll printing (3.2m).<\/p>\n\n\n<div class=\"wp-block-image\">\n<figure class=\"aligncenter size-full\"><img loading=\"lazy\" decoding=\"async\" width=\"1920\" height=\"1080\" src=\"https:\/\/www.textilegence.com\/wp-content\/uploads\/2023\/05\/swissqprint-detail1.jpg\" alt=\"\" class=\"wp-image-54395\" srcset=\"https:\/\/www.textilegence.com\/wp-content\/uploads\/2023\/05\/swissqprint-detail1.jpg 1920w, https:\/\/www.textilegence.com\/wp-content\/uploads\/2023\/05\/swissqprint-detail1-768x432.jpg 768w, https:\/\/www.textilegence.com\/wp-content\/uploads\/2023\/05\/swissqprint-detail1-1536x864.jpg 1536w, https:\/\/www.textilegence.com\/wp-content\/uploads\/2023\/05\/swissqprint-detail1-300x169.jpg 300w, https:\/\/www.textilegence.com\/wp-content\/uploads\/2023\/05\/swissqprint-detail1-600x338.jpg 600w, https:\/\/www.textilegence.com\/wp-content\/uploads\/2023\/05\/swissqprint-detail1-696x392.jpg 696w, https:\/\/www.textilegence.com\/wp-content\/uploads\/2023\/05\/swissqprint-detail1-1068x601.jpg 1068w\" sizes=\"auto, (max-width: 1920px) 100vw, 1920px\" \/><figcaption class=\"wp-element-caption\">A success story: 1000th Nyala flatbed printer sold<\/figcaption><\/figure>\n<\/div>\n\n\n<h2 class=\"wp-block-heading\" id=\"h-a-success-story-1000th-nyala-flatbed-printer-sold\">A success story: 1000th Nyala flatbed printer sold<\/h2>\n\n\n\n<p>swissQprint sold the 1000th machine of the Nyala model in May 2023. The success was celebrated both at headquarters and among the exhibition team in Munich, including its distributors. With a 3.2 metre print width, the Nyala has been swissQprint\u2019s flagship for more than ten years and has won a variety of awards during that time. The Nyala has been Europe\u2019s best-selling printer in its class for eight years in a row, and 11 years after its launch and now in its 4th generation, it continues to create benefits and added value for print professionals. swissQprint shared the Nyala\u2019s success story with visitors and business partners at FESPA GPE 2023.<\/p>\n","protected":false},"excerpt":{"rendered":"<p>swissQprint exhibited the latest developments in its machines and applications, highlighting the concept of sustainability at the FESPA Global Print Expo (GPE) 2023 in Munich on May 23-26. The company, showcasing its latest innovations in UV flatbed and roll to roll printing to print professionals from all over Europe as well as visitors from the [&hellip;]<\/p>\n","protected":false},"author":8,"featured_media":54391,"comment_status":"closed","ping_status":"closed","sticky":false,"template":"","format":"standard","meta":{"footnotes":""},"categories":[9853],"tags":[10234,16247,10052,10369],"class_list":{"0":"post-54397","1":"post","2":"type-post","3":"status-publish","4":"format-standard","5":"has-post-thumbnail","7":"category-printing","8":"tag-digital-printing","9":"tag-fespa-global-print-expo-2023","10":"tag-swissqprint-en","11":"tag-textile-news-en"},"yoast_head":"<!-- This site is optimized with the Yoast SEO Premium plugin v27.3 (Yoast SEO v27.3) - https:\/\/yoast.com\/product\/yoast-seo-premium-wordpress\/ -->\n<title>swissQprint focuses on new possibilities for green printing at FESPA GPE - Textilegence<\/title>\n<meta name=\"description\" content=\"swissQprint exhibited the latest developments in its machines and applications, highlighting the concept of sustainability at the...\" \/>\n<meta name=\"robots\" content=\"index, follow, max-snippet:-1, max-image-preview:large, max-video-preview:-1\" \/>\n<link rel=\"canonical\" href=\"https:\/\/www.textilegence.com\/en\/swissqprint-focuses-on-new-possibilities-for-green-printing-at-fespa-gpe\/\" \/>\n<meta property=\"og:locale\" content=\"en_US\" \/>\n<meta property=\"og:type\" content=\"article\" \/>\n<meta property=\"og:title\" content=\"swissQprint focuses on new possibilities for green printing at FESPA GPE\" \/>\n<meta property=\"og:description\" content=\"swissQprint exhibited the latest developments in its machines and applications, highlighting the concept of sustainability at the FESPA Global Print Expo\" \/>\n<meta property=\"og:url\" content=\"https:\/\/www.textilegence.com\/en\/swissqprint-focuses-on-new-possibilities-for-green-printing-at-fespa-gpe\/\" \/>\n<meta property=\"og:site_name\" content=\"Textilegence Magazine and Digital Platform\" \/>\n<meta property=\"article:publisher\" content=\"https:\/\/www.facebook.com\/TextilegenceMagazine\" \/>\n<meta property=\"article:author\" content=\"https:\/\/www.facebook.com\/TextilegenceMagazine\" \/>\n<meta property=\"article:published_time\" content=\"2023-06-01T07:27:28+00:00\" \/>\n<meta property=\"article:modified_time\" content=\"2023-06-01T07:27:38+00:00\" \/>\n<meta property=\"og:image\" content=\"https:\/\/www.textilegence.com\/wp-content\/uploads\/2023\/05\/swissqprint-textilegence.jpg\" \/>\n\t<meta property=\"og:image:width\" content=\"1920\" \/>\n\t<meta property=\"og:image:height\" content=\"1080\" \/>\n\t<meta property=\"og:image:type\" content=\"image\/jpeg\" \/>\n<meta name=\"author\" content=\"Fatih Cengiarslan\" \/>\n<meta name=\"twitter:card\" content=\"summary_large_image\" \/>\n<meta name=\"twitter:creator\" content=\"@https:\/\/twitter.com\/textilegence\" \/>\n<meta name=\"twitter:site\" content=\"@textilegence\" \/>\n<meta name=\"twitter:label1\" content=\"Written by\" \/>\n\t<meta name=\"twitter:data1\" content=\"Fatih Cengiarslan\" \/>\n\t<meta name=\"twitter:label2\" content=\"Est. reading time\" \/>\n\t<meta name=\"twitter:data2\" content=\"4 minutes\" \/>\n<script type=\"application\/ld+json\" class=\"yoast-schema-graph\">{\"@context\":\"https:\\\/\\\/schema.org\",\"@graph\":[{\"@type\":\"NewsArticle\",\"@id\":\"https:\\\/\\\/www.textilegence.com\\\/en\\\/swissqprint-focuses-on-new-possibilities-for-green-printing-at-fespa-gpe\\\/#article\",\"isPartOf\":{\"@id\":\"https:\\\/\\\/www.textilegence.com\\\/en\\\/swissqprint-focuses-on-new-possibilities-for-green-printing-at-fespa-gpe\\\/\"},\"author\":{\"name\":\"Fatih Cengiarslan\",\"@id\":\"https:\\\/\\\/www.textilegence.com\\\/en\\\/#\\\/schema\\\/person\\\/1c3977109f8a6e1e2b95678836d75cb7\"},\"headline\":\"swissQprint focuses on new possibilities for green printing at FESPA GPE\",\"datePublished\":\"2023-06-01T07:27:28+00:00\",\"dateModified\":\"2023-06-01T07:27:38+00:00\",\"mainEntityOfPage\":{\"@id\":\"https:\\\/\\\/www.textilegence.com\\\/en\\\/swissqprint-focuses-on-new-possibilities-for-green-printing-at-fespa-gpe\\\/\"},\"wordCount\":499,\"publisher\":{\"@id\":\"https:\\\/\\\/www.textilegence.com\\\/en\\\/#organization\"},\"image\":{\"@id\":\"https:\\\/\\\/www.textilegence.com\\\/en\\\/swissqprint-focuses-on-new-possibilities-for-green-printing-at-fespa-gpe\\\/#primaryimage\"},\"thumbnailUrl\":\"https:\\\/\\\/www.textilegence.com\\\/wp-content\\\/uploads\\\/2023\\\/05\\\/swissqprint-textilegence.jpg\",\"keywords\":[\"digital printing\",\"FESPA Global Print Expo 2023\",\"swissqprint\",\"textile news\"],\"articleSection\":[\"Printing\"],\"inLanguage\":\"en-US\"},{\"@type\":\"WebPage\",\"@id\":\"https:\\\/\\\/www.textilegence.com\\\/en\\\/swissqprint-focuses-on-new-possibilities-for-green-printing-at-fespa-gpe\\\/\",\"url\":\"https:\\\/\\\/www.textilegence.com\\\/en\\\/swissqprint-focuses-on-new-possibilities-for-green-printing-at-fespa-gpe\\\/\",\"name\":\"swissQprint focuses on new possibilities for green printing at FESPA GPE - Textilegence\",\"isPartOf\":{\"@id\":\"https:\\\/\\\/www.textilegence.com\\\/en\\\/#website\"},\"primaryImageOfPage\":{\"@id\":\"https:\\\/\\\/www.textilegence.com\\\/en\\\/swissqprint-focuses-on-new-possibilities-for-green-printing-at-fespa-gpe\\\/#primaryimage\"},\"image\":{\"@id\":\"https:\\\/\\\/www.textilegence.com\\\/en\\\/swissqprint-focuses-on-new-possibilities-for-green-printing-at-fespa-gpe\\\/#primaryimage\"},\"thumbnailUrl\":\"https:\\\/\\\/www.textilegence.com\\\/wp-content\\\/uploads\\\/2023\\\/05\\\/swissqprint-textilegence.jpg\",\"datePublished\":\"2023-06-01T07:27:28+00:00\",\"dateModified\":\"2023-06-01T07:27:38+00:00\",\"description\":\"swissQprint exhibited the latest developments in its machines and applications, highlighting the concept of sustainability at the...\",\"breadcrumb\":{\"@id\":\"https:\\\/\\\/www.textilegence.com\\\/en\\\/swissqprint-focuses-on-new-possibilities-for-green-printing-at-fespa-gpe\\\/#breadcrumb\"},\"inLanguage\":\"en-US\",\"potentialAction\":[{\"@type\":\"ReadAction\",\"target\":[\"https:\\\/\\\/www.textilegence.com\\\/en\\\/swissqprint-focuses-on-new-possibilities-for-green-printing-at-fespa-gpe\\\/\"]}]},{\"@type\":\"ImageObject\",\"inLanguage\":\"en-US\",\"@id\":\"https:\\\/\\\/www.textilegence.com\\\/en\\\/swissqprint-focuses-on-new-possibilities-for-green-printing-at-fespa-gpe\\\/#primaryimage\",\"url\":\"https:\\\/\\\/www.textilegence.com\\\/wp-content\\\/uploads\\\/2023\\\/05\\\/swissqprint-textilegence.jpg\",\"contentUrl\":\"https:\\\/\\\/www.textilegence.com\\\/wp-content\\\/uploads\\\/2023\\\/05\\\/swissqprint-textilegence.jpg\",\"width\":1920,\"height\":1080},{\"@type\":\"BreadcrumbList\",\"@id\":\"https:\\\/\\\/www.textilegence.com\\\/en\\\/swissqprint-focuses-on-new-possibilities-for-green-printing-at-fespa-gpe\\\/#breadcrumb\",\"itemListElement\":[{\"@type\":\"ListItem\",\"position\":1,\"name\":\"Home Page\",\"item\":\"https:\\\/\\\/www.textilegence.com\\\/en\\\/homepage-the-rimont\\\/\"},{\"@type\":\"ListItem\",\"position\":2,\"name\":\"Printing\",\"item\":\"https:\\\/\\\/www.textilegence.com\\\/en\\\/category\\\/printing\\\/\"},{\"@type\":\"ListItem\",\"position\":3,\"name\":\"swissQprint focuses on new possibilities for green printing at FESPA GPE\"}]},{\"@type\":\"WebSite\",\"@id\":\"https:\\\/\\\/www.textilegence.com\\\/en\\\/#website\",\"url\":\"https:\\\/\\\/www.textilegence.com\\\/en\\\/\",\"name\":\"Textilegence Magazine and Digital Platform\",\"description\":\"Textile News Center\",\"publisher\":{\"@id\":\"https:\\\/\\\/www.textilegence.com\\\/en\\\/#organization\"},\"potentialAction\":[{\"@type\":\"SearchAction\",\"target\":{\"@type\":\"EntryPoint\",\"urlTemplate\":\"https:\\\/\\\/www.textilegence.com\\\/en\\\/?s={search_term_string}\"},\"query-input\":{\"@type\":\"PropertyValueSpecification\",\"valueRequired\":true,\"valueName\":\"search_term_string\"}}],\"inLanguage\":\"en-US\"},{\"@type\":\"Organization\",\"@id\":\"https:\\\/\\\/www.textilegence.com\\\/en\\\/#organization\",\"name\":\"Textilegence Magazine and Digital Platform\",\"url\":\"https:\\\/\\\/www.textilegence.com\\\/en\\\/\",\"logo\":{\"@type\":\"ImageObject\",\"inLanguage\":\"en-US\",\"@id\":\"https:\\\/\\\/www.textilegence.com\\\/en\\\/#\\\/schema\\\/logo\\\/image\\\/\",\"url\":\"https:\\\/\\\/www.textilegence.com\\\/wp-content\\\/uploads\\\/2016\\\/11\\\/New_Retina_Logo_Textilegence.png\",\"contentUrl\":\"https:\\\/\\\/www.textilegence.com\\\/wp-content\\\/uploads\\\/2016\\\/11\\\/New_Retina_Logo_Textilegence.png\",\"width\":544,\"height\":180,\"caption\":\"Textilegence Magazine and Digital Platform\"},\"image\":{\"@id\":\"https:\\\/\\\/www.textilegence.com\\\/en\\\/#\\\/schema\\\/logo\\\/image\\\/\"},\"sameAs\":[\"https:\\\/\\\/www.facebook.com\\\/TextilegenceMagazine\",\"https:\\\/\\\/x.com\\\/textilegence\",\"https:\\\/\\\/www.instagram.com\\\/textilegence\\\/\",\"https:\\\/\\\/www.linkedin.com\\\/groups\\\/Textilegence-Magazine-Digital-Platform-4897253\",\"https:\\\/\\\/www.youtube.com\\\/user\\\/textilegence\"],\"description\":\"Textilegence is a magazine and digital platform established in 2013. It focuses on the textile industry and sub-segments. The platform provides news, articles, and updates on various aspects of the textile industry, including sustainability, technological advancements, and market trends.\",\"email\":\"editor@textilegence.com\",\"telephone\":\"+90 212 442 24 12\",\"legalName\":\"Textilegence Mag and Digital Platform\",\"foundingDate\":\"2013-01-01\",\"numberOfEmployees\":{\"@type\":\"QuantitativeValue\",\"minValue\":\"1\",\"maxValue\":\"10\"}},{\"@type\":\"Person\",\"@id\":\"https:\\\/\\\/www.textilegence.com\\\/en\\\/#\\\/schema\\\/person\\\/1c3977109f8a6e1e2b95678836d75cb7\",\"name\":\"Fatih Cengiarslan\",\"image\":{\"@type\":\"ImageObject\",\"inLanguage\":\"en-US\",\"@id\":\"https:\\\/\\\/www.textilegence.com\\\/wp-content\\\/uploads\\\/2018\\\/12\\\/fatih-cengiarslan.jpg\",\"url\":\"https:\\\/\\\/www.textilegence.com\\\/wp-content\\\/uploads\\\/2018\\\/12\\\/fatih-cengiarslan.jpg\",\"contentUrl\":\"https:\\\/\\\/www.textilegence.com\\\/wp-content\\\/uploads\\\/2018\\\/12\\\/fatih-cengiarslan.jpg\",\"caption\":\"Fatih Cengiarslan\"},\"description\":\"Fatih Cengiarslan; Akademik \u0130ngilizce e\u011fitimini Bat\u0131 Avustralya \u00dcniversitesi\u2019nde tamamlad\u0131ktan sonra T\u00fcrkiye\u2019ye d\u00f6nerek \u0130stanbul Ayd\u0131n \u00dcniversitesi\u2019nde \u0130nternet Gazetecili\u011fi ve Yay\u0131nc\u0131l\u0131k b\u00f6l\u00fcm\u00fcn\u00fc bitirip, Litvanya \u2013 Kaunas Teknoloji \u00dcniversitesi\u2019nde interaktif media \u00fczerine 8 ayl\u0131k e\u011fitim ald\u0131. Daha sonra Eski\u015fehir Anadolu \u00dcniversitesi girerek \u0130\u015fletme Fak\u00fcltesini ba\u015far\u0131yla tamamlad\u0131. CNNTURK\u2019 kanal\u0131nda staj\u0131n\u0131 tamamlad\u0131ktan sonra Referans Gazetesi\u2019nde \u00e7al\u0131\u015fmaya ba\u015flad\u0131. 2 y\u0131l sonra Textilegence markas\u0131yla tekstil end\u00fcstrisine y\u00f6nelik kendi medyas\u0131n\u0131 kurdu. \u015eu anda Textilegence.com, Printing3D ve NEFA PR Ajans\u0131\u2019n\u0131n 12 y\u0131ld\u0131r y\u00f6netimini yapmaktad\u0131r.\",\"sameAs\":[\"https:\\\/\\\/www.textilegence.com\",\"https:\\\/\\\/www.facebook.com\\\/TextilegenceMagazine\",\"https:\\\/\\\/www.instagram.com\\\/textilegence\\\/\",\"https:\\\/\\\/www.linkedin.com\\\/in\\\/fatih-cengiarslan-32352265\\\/\",\"https:\\\/\\\/x.com\\\/https:\\\/\\\/twitter.com\\\/textilegence\"],\"url\":\"https:\\\/\\\/www.textilegence.com\\\/en\\\/author\\\/admin\\\/\"}]}<\/script>\n<!-- \/ Yoast SEO Premium plugin. -->","yoast_head_json":{"title":"swissQprint focuses on new possibilities for green printing at FESPA GPE - Textilegence","description":"swissQprint exhibited the latest developments in its machines and applications, highlighting the concept of sustainability at the...","robots":{"index":"index","follow":"follow","max-snippet":"max-snippet:-1","max-image-preview":"max-image-preview:large","max-video-preview":"max-video-preview:-1"},"canonical":"https:\/\/www.textilegence.com\/en\/swissqprint-focuses-on-new-possibilities-for-green-printing-at-fespa-gpe\/","og_locale":"en_US","og_type":"article","og_title":"swissQprint focuses on new possibilities for green printing at FESPA GPE","og_description":"swissQprint exhibited the latest developments in its machines and applications, highlighting the concept of sustainability at the FESPA Global Print Expo","og_url":"https:\/\/www.textilegence.com\/en\/swissqprint-focuses-on-new-possibilities-for-green-printing-at-fespa-gpe\/","og_site_name":"Textilegence Magazine and Digital Platform","article_publisher":"https:\/\/www.facebook.com\/TextilegenceMagazine","article_author":"https:\/\/www.facebook.com\/TextilegenceMagazine","article_published_time":"2023-06-01T07:27:28+00:00","article_modified_time":"2023-06-01T07:27:38+00:00","og_image":[{"width":1920,"height":1080,"url":"https:\/\/www.textilegence.com\/wp-content\/uploads\/2023\/05\/swissqprint-textilegence.jpg","type":"image\/jpeg"}],"author":"Fatih Cengiarslan","twitter_card":"summary_large_image","twitter_creator":"@https:\/\/twitter.com\/textilegence","twitter_site":"@textilegence","twitter_misc":{"Written by":"Fatih Cengiarslan","Est. reading time":"4 minutes"},"schema":{"@context":"https:\/\/schema.org","@graph":[{"@type":"NewsArticle","@id":"https:\/\/www.textilegence.com\/en\/swissqprint-focuses-on-new-possibilities-for-green-printing-at-fespa-gpe\/#article","isPartOf":{"@id":"https:\/\/www.textilegence.com\/en\/swissqprint-focuses-on-new-possibilities-for-green-printing-at-fespa-gpe\/"},"author":{"name":"Fatih Cengiarslan","@id":"https:\/\/www.textilegence.com\/en\/#\/schema\/person\/1c3977109f8a6e1e2b95678836d75cb7"},"headline":"swissQprint focuses on new possibilities for green printing at FESPA GPE","datePublished":"2023-06-01T07:27:28+00:00","dateModified":"2023-06-01T07:27:38+00:00","mainEntityOfPage":{"@id":"https:\/\/www.textilegence.com\/en\/swissqprint-focuses-on-new-possibilities-for-green-printing-at-fespa-gpe\/"},"wordCount":499,"publisher":{"@id":"https:\/\/www.textilegence.com\/en\/#organization"},"image":{"@id":"https:\/\/www.textilegence.com\/en\/swissqprint-focuses-on-new-possibilities-for-green-printing-at-fespa-gpe\/#primaryimage"},"thumbnailUrl":"https:\/\/www.textilegence.com\/wp-content\/uploads\/2023\/05\/swissqprint-textilegence.jpg","keywords":["digital printing","FESPA Global Print Expo 2023","swissqprint","textile news"],"articleSection":["Printing"],"inLanguage":"en-US"},{"@type":"WebPage","@id":"https:\/\/www.textilegence.com\/en\/swissqprint-focuses-on-new-possibilities-for-green-printing-at-fespa-gpe\/","url":"https:\/\/www.textilegence.com\/en\/swissqprint-focuses-on-new-possibilities-for-green-printing-at-fespa-gpe\/","name":"swissQprint focuses on new possibilities for green printing at FESPA GPE - Textilegence","isPartOf":{"@id":"https:\/\/www.textilegence.com\/en\/#website"},"primaryImageOfPage":{"@id":"https:\/\/www.textilegence.com\/en\/swissqprint-focuses-on-new-possibilities-for-green-printing-at-fespa-gpe\/#primaryimage"},"image":{"@id":"https:\/\/www.textilegence.com\/en\/swissqprint-focuses-on-new-possibilities-for-green-printing-at-fespa-gpe\/#primaryimage"},"thumbnailUrl":"https:\/\/www.textilegence.com\/wp-content\/uploads\/2023\/05\/swissqprint-textilegence.jpg","datePublished":"2023-06-01T07:27:28+00:00","dateModified":"2023-06-01T07:27:38+00:00","description":"swissQprint exhibited the latest developments in its machines and applications, highlighting the concept of sustainability at the...","breadcrumb":{"@id":"https:\/\/www.textilegence.com\/en\/swissqprint-focuses-on-new-possibilities-for-green-printing-at-fespa-gpe\/#breadcrumb"},"inLanguage":"en-US","potentialAction":[{"@type":"ReadAction","target":["https:\/\/www.textilegence.com\/en\/swissqprint-focuses-on-new-possibilities-for-green-printing-at-fespa-gpe\/"]}]},{"@type":"ImageObject","inLanguage":"en-US","@id":"https:\/\/www.textilegence.com\/en\/swissqprint-focuses-on-new-possibilities-for-green-printing-at-fespa-gpe\/#primaryimage","url":"https:\/\/www.textilegence.com\/wp-content\/uploads\/2023\/05\/swissqprint-textilegence.jpg","contentUrl":"https:\/\/www.textilegence.com\/wp-content\/uploads\/2023\/05\/swissqprint-textilegence.jpg","width":1920,"height":1080},{"@type":"BreadcrumbList","@id":"https:\/\/www.textilegence.com\/en\/swissqprint-focuses-on-new-possibilities-for-green-printing-at-fespa-gpe\/#breadcrumb","itemListElement":[{"@type":"ListItem","position":1,"name":"Home Page","item":"https:\/\/www.textilegence.com\/en\/homepage-the-rimont\/"},{"@type":"ListItem","position":2,"name":"Printing","item":"https:\/\/www.textilegence.com\/en\/category\/printing\/"},{"@type":"ListItem","position":3,"name":"swissQprint focuses on new possibilities for green printing at FESPA GPE"}]},{"@type":"WebSite","@id":"https:\/\/www.textilegence.com\/en\/#website","url":"https:\/\/www.textilegence.com\/en\/","name":"Textilegence Magazine and Digital Platform","description":"Textile News Center","publisher":{"@id":"https:\/\/www.textilegence.com\/en\/#organization"},"potentialAction":[{"@type":"SearchAction","target":{"@type":"EntryPoint","urlTemplate":"https:\/\/www.textilegence.com\/en\/?s={search_term_string}"},"query-input":{"@type":"PropertyValueSpecification","valueRequired":true,"valueName":"search_term_string"}}],"inLanguage":"en-US"},{"@type":"Organization","@id":"https:\/\/www.textilegence.com\/en\/#organization","name":"Textilegence Magazine and Digital Platform","url":"https:\/\/www.textilegence.com\/en\/","logo":{"@type":"ImageObject","inLanguage":"en-US","@id":"https:\/\/www.textilegence.com\/en\/#\/schema\/logo\/image\/","url":"https:\/\/www.textilegence.com\/wp-content\/uploads\/2016\/11\/New_Retina_Logo_Textilegence.png","contentUrl":"https:\/\/www.textilegence.com\/wp-content\/uploads\/2016\/11\/New_Retina_Logo_Textilegence.png","width":544,"height":180,"caption":"Textilegence Magazine and Digital Platform"},"image":{"@id":"https:\/\/www.textilegence.com\/en\/#\/schema\/logo\/image\/"},"sameAs":["https:\/\/www.facebook.com\/TextilegenceMagazine","https:\/\/x.com\/textilegence","https:\/\/www.instagram.com\/textilegence\/","https:\/\/www.linkedin.com\/groups\/Textilegence-Magazine-Digital-Platform-4897253","https:\/\/www.youtube.com\/user\/textilegence"],"description":"Textilegence is a magazine and digital platform established in 2013. It focuses on the textile industry and sub-segments. The platform provides news, articles, and updates on various aspects of the textile industry, including sustainability, technological advancements, and market trends.","email":"editor@textilegence.com","telephone":"+90 212 442 24 12","legalName":"Textilegence Mag and Digital Platform","foundingDate":"2013-01-01","numberOfEmployees":{"@type":"QuantitativeValue","minValue":"1","maxValue":"10"}},{"@type":"Person","@id":"https:\/\/www.textilegence.com\/en\/#\/schema\/person\/1c3977109f8a6e1e2b95678836d75cb7","name":"Fatih Cengiarslan","image":{"@type":"ImageObject","inLanguage":"en-US","@id":"https:\/\/www.textilegence.com\/wp-content\/uploads\/2018\/12\/fatih-cengiarslan.jpg","url":"https:\/\/www.textilegence.com\/wp-content\/uploads\/2018\/12\/fatih-cengiarslan.jpg","contentUrl":"https:\/\/www.textilegence.com\/wp-content\/uploads\/2018\/12\/fatih-cengiarslan.jpg","caption":"Fatih Cengiarslan"},"description":"Fatih Cengiarslan; Akademik \u0130ngilizce e\u011fitimini Bat\u0131 Avustralya \u00dcniversitesi\u2019nde tamamlad\u0131ktan sonra T\u00fcrkiye\u2019ye d\u00f6nerek \u0130stanbul Ayd\u0131n \u00dcniversitesi\u2019nde \u0130nternet Gazetecili\u011fi ve Yay\u0131nc\u0131l\u0131k b\u00f6l\u00fcm\u00fcn\u00fc bitirip, Litvanya \u2013 Kaunas Teknoloji \u00dcniversitesi\u2019nde interaktif media \u00fczerine 8 ayl\u0131k e\u011fitim ald\u0131. Daha sonra Eski\u015fehir Anadolu \u00dcniversitesi girerek \u0130\u015fletme Fak\u00fcltesini ba\u015far\u0131yla tamamlad\u0131. CNNTURK\u2019 kanal\u0131nda staj\u0131n\u0131 tamamlad\u0131ktan sonra Referans Gazetesi\u2019nde \u00e7al\u0131\u015fmaya ba\u015flad\u0131. 2 y\u0131l sonra Textilegence markas\u0131yla tekstil end\u00fcstrisine y\u00f6nelik kendi medyas\u0131n\u0131 kurdu. \u015eu anda Textilegence.com, Printing3D ve NEFA PR Ajans\u0131\u2019n\u0131n 12 y\u0131ld\u0131r y\u00f6netimini yapmaktad\u0131r.","sameAs":["https:\/\/www.textilegence.com","https:\/\/www.facebook.com\/TextilegenceMagazine","https:\/\/www.instagram.com\/textilegence\/","https:\/\/www.linkedin.com\/in\/fatih-cengiarslan-32352265\/","https:\/\/x.com\/https:\/\/twitter.com\/textilegence"],"url":"https:\/\/www.textilegence.com\/en\/author\/admin\/"}]}},"_links":{"self":[{"href":"https:\/\/www.textilegence.com\/en\/wp-json\/wp\/v2\/posts\/54397","targetHints":{"allow":["GET"]}}],"collection":[{"href":"https:\/\/www.textilegence.com\/en\/wp-json\/wp\/v2\/posts"}],"about":[{"href":"https:\/\/www.textilegence.com\/en\/wp-json\/wp\/v2\/types\/post"}],"author":[{"embeddable":true,"href":"https:\/\/www.textilegence.com\/en\/wp-json\/wp\/v2\/users\/8"}],"replies":[{"embeddable":true,"href":"https:\/\/www.textilegence.com\/en\/wp-json\/wp\/v2\/comments?post=54397"}],"version-history":[{"count":0,"href":"https:\/\/www.textilegence.com\/en\/wp-json\/wp\/v2\/posts\/54397\/revisions"}],"wp:featuredmedia":[{"embeddable":true,"href":"https:\/\/www.textilegence.com\/en\/wp-json\/wp\/v2\/media\/54391"}],"wp:attachment":[{"href":"https:\/\/www.textilegence.com\/en\/wp-json\/wp\/v2\/media?parent=54397"}],"wp:term":[{"taxonomy":"category","embeddable":true,"href":"https:\/\/www.textilegence.com\/en\/wp-json\/wp\/v2\/categories?post=54397"},{"taxonomy":"post_tag","embeddable":true,"href":"https:\/\/www.textilegence.com\/en\/wp-json\/wp\/v2\/tags?post=54397"}],"curies":[{"name":"wp","href":"https:\/\/api.w.org\/{rel}","templated":true}]}}