{"id":54408,"date":"2023-06-01T11:10:10","date_gmt":"2023-06-01T08:10:10","guid":{"rendered":"http:\/\/www.textilegence.com\/?p=54408"},"modified":"2023-06-01T11:10:16","modified_gmt":"2023-06-01T08:10:16","slug":"konica-minolta-raises-the-level-of-sustainability-in-textile-printing","status":"publish","type":"post","link":"https:\/\/www.textilegence.com\/en\/konica-minolta-raises-the-level-of-sustainability-in-textile-printing\/","title":{"rendered":"Konica Minolta raises the level of sustainability in textile printing"},"content":{"rendered":"\n<p>Konica Minolta, one of the leading brands in digital textile printing will showcase a series of solutions which will positively impact the environment like step process reduction and waterless applications at <a href=\"https:\/\/www.textilegence.com\/en\/category\/itma-fair\/\" target=\"_blank\" rel=\"noreferrer noopener\">ITMA 2023<\/a> on June 8-14. In the <a href=\"https:\/\/www.konicaminolta.eu\/eu-en\" target=\"_blank\" rel=\"noreferrer noopener\">company\u2019s <\/a>booth B301 in Hall 7, which will be an active part of the exhibition, the visitors are able to view and touch fabrics printed with the latest technological innovations.<\/p>\n\n\n\n<p>Konica Minolta Director of Sales IJ Textile Gianluca Macchi, in a statement to Textilegence, said that the first ITMA exhibition after the pandemic is of great importance for the entire textile industry as it is an opportunity for companies to present their latest technological innovations, machinery, and materials in person. He added that it also represents a symbol of recovery for a sector severely affected by the pandemic and continued: \u201cFor us, it will be an opportunity to present new products and technological innovations that are sustainable and have a low environmental impact. The pandemic has accelerated the need for technological innovations and sustainable production processes in the textile industry. ITMA is the best opportunity for companies to present their solutions to meet these challenges and demonstrate their commitment to environmental sustainability.\u201d<\/p>\n\n\n<div class=\"wp-block-image\">\n<figure class=\"aligncenter size-full\"><img loading=\"lazy\" decoding=\"async\" width=\"1920\" height=\"1080\" src=\"https:\/\/www.textilegence.com\/wp-content\/uploads\/2023\/05\/konica-minolta-detail.jpg\" alt=\"\" class=\"wp-image-54403\" srcset=\"https:\/\/www.textilegence.com\/wp-content\/uploads\/2023\/05\/konica-minolta-detail.jpg 1920w, https:\/\/www.textilegence.com\/wp-content\/uploads\/2023\/05\/konica-minolta-detail-768x432.jpg 768w, https:\/\/www.textilegence.com\/wp-content\/uploads\/2023\/05\/konica-minolta-detail-1536x864.jpg 1536w, https:\/\/www.textilegence.com\/wp-content\/uploads\/2023\/05\/konica-minolta-detail-300x169.jpg 300w, https:\/\/www.textilegence.com\/wp-content\/uploads\/2023\/05\/konica-minolta-detail-600x338.jpg 600w, https:\/\/www.textilegence.com\/wp-content\/uploads\/2023\/05\/konica-minolta-detail-696x392.jpg 696w, https:\/\/www.textilegence.com\/wp-content\/uploads\/2023\/05\/konica-minolta-detail-1068x601.jpg 1068w\" sizes=\"auto, (max-width: 1920px) 100vw, 1920px\" \/><figcaption class=\"wp-element-caption\">Konica Minolta Director of Sales IJ Textile Gianluca Macchi<\/figcaption><\/figure>\n<\/div>\n\n\n<h2 class=\"wp-block-heading\" id=\"h-konica-minolta-proved-itself-as-a-sustainable-corporation\">\u201cKonica Minolta proved itself as a sustainable corporation\u201d<\/h2>\n\n\n\n<p>Reminding that sustainability will be the central theme at the upcoming ITMA 2023 in Milan, where we will focus on environmental, eco-toxicological and economic sustainability, Gianluca Macchi mentioned that they proved itself as a sustainable corporation again and again. He stated that Konica Minolta was included in the list of the \u201c2023 Global 100 Most Sustainable Corporations in the World\u201d and received a GOLD-level recognition medal in the EcoVadis Sustainability Ratings for 2023, and said: \u201cFurthermore our company was listed in the Top 5% of the most sustainable companies in its industry in the Sustainable Yearbook 2023 by S&amp;P Global. This is the 13th straight year that Konica Minolta has been named in the Sustainability Yearbook demonstrating the company\u2019s commitment to environmental sustainability. Our solutions are recognised worldwide as highly reliable and durable products; we develop our printers, inks and printheads using our proprietary technology. Thanks to these unique sources, we provide complete customer assurance through a unique interface and exceptional technical service.\u201d<\/p>\n\n\n\n<h2 class=\"wp-block-heading\" id=\"h-for-a-more-sustainable-printing-process-the-focus-should-be-on-chemical-innovations\">\u201cFor a more sustainable printing process, the focus should be on chemical innovations\u201d<\/h2>\n\n\n\n<p>Gianluca Macchi pointed out that the printing process should be developed not only focusing on the mechanical process, but mainly with chemical innovations which should reduce, or even remove, certain steps of the actual printing textile process. He added that as a global multinational company, they offer their customers unique innovative solutions to optimize the current printing process and in this context, he emphasised the importance of their slogan: Rethink Textile Printing. He continued: \u201cIt is not just a slogan, but rather a way of living and thinking. The Rethink motto is an invitation not to stop doing things as usual, or as they have always been done, but to go further by pushing oneself to think outside the box, pushing always trying to innovate and change to adapt to the changing reality of the market. We are a company that has been in existence for 150 years and if we had not learnt to adapt we would not still be here trying to improve. It is a global campaign to \u2018rethink print possibilities\u2019 in the case of textile printing processes to look for and create environmentally friendly solutions that can create efficiencies in the printing and fabric creation processes.\u201d<\/p>\n\n\n<div class=\"wp-block-image\">\n<figure class=\"aligncenter size-full\"><img loading=\"lazy\" decoding=\"async\" width=\"1920\" height=\"1080\" src=\"https:\/\/www.textilegence.com\/wp-content\/uploads\/2023\/05\/konica-minolta-detail1.jpg\" alt=\"\" class=\"wp-image-54405\" srcset=\"https:\/\/www.textilegence.com\/wp-content\/uploads\/2023\/05\/konica-minolta-detail1.jpg 1920w, https:\/\/www.textilegence.com\/wp-content\/uploads\/2023\/05\/konica-minolta-detail1-768x432.jpg 768w, https:\/\/www.textilegence.com\/wp-content\/uploads\/2023\/05\/konica-minolta-detail1-1536x864.jpg 1536w, https:\/\/www.textilegence.com\/wp-content\/uploads\/2023\/05\/konica-minolta-detail1-300x169.jpg 300w, https:\/\/www.textilegence.com\/wp-content\/uploads\/2023\/05\/konica-minolta-detail1-600x338.jpg 600w, https:\/\/www.textilegence.com\/wp-content\/uploads\/2023\/05\/konica-minolta-detail1-696x392.jpg 696w, https:\/\/www.textilegence.com\/wp-content\/uploads\/2023\/05\/konica-minolta-detail1-1068x601.jpg 1068w\" sizes=\"auto, (max-width: 1920px) 100vw, 1920px\" \/><figcaption class=\"wp-element-caption\">Konica Minolta raises the level of sustainability in textile printing<\/figcaption><\/figure>\n<\/div>\n\n\n<h2 class=\"wp-block-heading\" id=\"h-in-25-years-we-increased-productivity-500-times\">\u201cIn 25 years we increased productivity 500 times\u201d<\/h2>\n\n\n\n<p>Gianluca Macchi, mentioning their R&amp;D studies, said that they always looking for total customer satisfaction and during the last years they focused on further improving reliability and product customisation for various needs. He underlined that the concept of sustainability at the 360\u00b0 level is the driver of their developments, noting that as a printing machine manufacturer, since the launch of the first Nassenger 1 in 1998, they increased productivity 500 times reaching a top speed of 60 m\/min with Nassenger SP-1 keeping the maximum quality level in 25 years. He said that their R&amp;D department is working in mid-terms on developing digital dyeing as well and concluded: \u201cWe invite all visitors who are looking for sustainable digital printing solutions to our booth at ITMA Milan. Konica Minolta along with our agent SPOT will also welcome all Turkish customers during the exhibition and be ready to discuss the advantages of our technologies.\u201d<\/p>\n","protected":false},"excerpt":{"rendered":"<p>Konica Minolta, one of the leading brands in digital textile printing will showcase a series of solutions which will positively impact the environment like step process reduction and waterless applications at ITMA 2023 on June 8-14. In the company\u2019s booth B301 in Hall 7, which will be an active part of the exhibition, the visitors [&hellip;]<\/p>\n","protected":false},"author":2,"featured_media":54401,"comment_status":"closed","ping_status":"closed","sticky":false,"template":"","format":"standard","meta":{"footnotes":""},"categories":[16254],"tags":[16214,11559,10369],"class_list":{"0":"post-54408","1":"post","2":"type-post","3":"status-publish","4":"format-standard","5":"has-post-thumbnail","7":"category-itma-fair","8":"tag-itma-2023","9":"tag-konica-minolta-en","10":"tag-textile-news-en"},"yoast_head":"<!-- This site is optimized with the Yoast SEO Premium plugin v27.3 (Yoast SEO v27.3) - https:\/\/yoast.com\/product\/yoast-seo-premium-wordpress\/ -->\n<title>Konica Minolta raises the level of sustainability in textile printing - Textilegence<\/title>\n<meta name=\"description\" content=\"Konica Minolta, one of the leading brands in digital textile printing will showcase a series of solutions which will positively...\" \/>\n<meta name=\"robots\" content=\"index, follow, max-snippet:-1, max-image-preview:large, max-video-preview:-1\" \/>\n<link rel=\"canonical\" href=\"https:\/\/www.textilegence.com\/en\/konica-minolta-raises-the-level-of-sustainability-in-textile-printing\/\" \/>\n<meta property=\"og:locale\" content=\"en_US\" \/>\n<meta property=\"og:type\" content=\"article\" \/>\n<meta property=\"og:title\" content=\"Konica Minolta raises the level of sustainability in textile printing\" \/>\n<meta property=\"og:description\" content=\"Konica Minolta, one of the leading brands in digital textile printing will showcase a series of solutions which will positively impact the environment\" \/>\n<meta property=\"og:url\" content=\"https:\/\/www.textilegence.com\/en\/konica-minolta-raises-the-level-of-sustainability-in-textile-printing\/\" \/>\n<meta property=\"og:site_name\" content=\"Textilegence Magazine and Digital Platform\" \/>\n<meta property=\"article:publisher\" content=\"https:\/\/www.facebook.com\/TextilegenceMagazine\" \/>\n<meta property=\"article:author\" content=\"https:\/\/www.facebook.com\/TextilegenceMagazine\" \/>\n<meta property=\"article:published_time\" content=\"2023-06-01T08:10:10+00:00\" \/>\n<meta property=\"article:modified_time\" content=\"2023-06-01T08:10:16+00:00\" \/>\n<meta property=\"og:image\" content=\"https:\/\/www.textilegence.com\/wp-content\/uploads\/2023\/05\/konica-minolta-textilegence.jpg\" \/>\n\t<meta property=\"og:image:width\" content=\"1920\" \/>\n\t<meta property=\"og:image:height\" content=\"1080\" \/>\n\t<meta property=\"og:image:type\" content=\"image\/jpeg\" \/>\n<meta name=\"author\" content=\"Engin Buz\" \/>\n<meta name=\"twitter:card\" content=\"summary_large_image\" \/>\n<meta name=\"twitter:creator\" content=\"@https:\/\/twitter.com\/textilegence\" \/>\n<meta name=\"twitter:site\" content=\"@textilegence\" \/>\n<meta name=\"twitter:label1\" content=\"Written by\" \/>\n\t<meta name=\"twitter:data1\" content=\"Engin Buz\" \/>\n\t<meta name=\"twitter:label2\" content=\"Est. reading time\" \/>\n\t<meta name=\"twitter:data2\" content=\"5 minutes\" \/>\n<script type=\"application\/ld+json\" class=\"yoast-schema-graph\">{\"@context\":\"https:\\\/\\\/schema.org\",\"@graph\":[{\"@type\":\"NewsArticle\",\"@id\":\"https:\\\/\\\/www.textilegence.com\\\/en\\\/konica-minolta-raises-the-level-of-sustainability-in-textile-printing\\\/#article\",\"isPartOf\":{\"@id\":\"https:\\\/\\\/www.textilegence.com\\\/en\\\/konica-minolta-raises-the-level-of-sustainability-in-textile-printing\\\/\"},\"author\":{\"name\":\"Engin Buz\",\"@id\":\"https:\\\/\\\/www.textilegence.com\\\/en\\\/#\\\/schema\\\/person\\\/46ccc7bfc34edbc7d46b6b189f88849f\"},\"headline\":\"Konica Minolta raises the level of sustainability in textile printing\",\"datePublished\":\"2023-06-01T08:10:10+00:00\",\"dateModified\":\"2023-06-01T08:10:16+00:00\",\"mainEntityOfPage\":{\"@id\":\"https:\\\/\\\/www.textilegence.com\\\/en\\\/konica-minolta-raises-the-level-of-sustainability-in-textile-printing\\\/\"},\"wordCount\":764,\"publisher\":{\"@id\":\"https:\\\/\\\/www.textilegence.com\\\/en\\\/#organization\"},\"image\":{\"@id\":\"https:\\\/\\\/www.textilegence.com\\\/en\\\/konica-minolta-raises-the-level-of-sustainability-in-textile-printing\\\/#primaryimage\"},\"thumbnailUrl\":\"https:\\\/\\\/www.textilegence.com\\\/wp-content\\\/uploads\\\/2023\\\/05\\\/konica-minolta-textilegence.jpg\",\"keywords\":[\"ITMA 2023\",\"konica minolta\",\"textile news\"],\"articleSection\":[\"ITMA\"],\"inLanguage\":\"en-US\"},{\"@type\":\"WebPage\",\"@id\":\"https:\\\/\\\/www.textilegence.com\\\/en\\\/konica-minolta-raises-the-level-of-sustainability-in-textile-printing\\\/\",\"url\":\"https:\\\/\\\/www.textilegence.com\\\/en\\\/konica-minolta-raises-the-level-of-sustainability-in-textile-printing\\\/\",\"name\":\"Konica Minolta raises the level of sustainability in textile printing - Textilegence\",\"isPartOf\":{\"@id\":\"https:\\\/\\\/www.textilegence.com\\\/en\\\/#website\"},\"primaryImageOfPage\":{\"@id\":\"https:\\\/\\\/www.textilegence.com\\\/en\\\/konica-minolta-raises-the-level-of-sustainability-in-textile-printing\\\/#primaryimage\"},\"image\":{\"@id\":\"https:\\\/\\\/www.textilegence.com\\\/en\\\/konica-minolta-raises-the-level-of-sustainability-in-textile-printing\\\/#primaryimage\"},\"thumbnailUrl\":\"https:\\\/\\\/www.textilegence.com\\\/wp-content\\\/uploads\\\/2023\\\/05\\\/konica-minolta-textilegence.jpg\",\"datePublished\":\"2023-06-01T08:10:10+00:00\",\"dateModified\":\"2023-06-01T08:10:16+00:00\",\"description\":\"Konica Minolta, one of the leading brands in digital textile printing will showcase a series of solutions which will positively...\",\"breadcrumb\":{\"@id\":\"https:\\\/\\\/www.textilegence.com\\\/en\\\/konica-minolta-raises-the-level-of-sustainability-in-textile-printing\\\/#breadcrumb\"},\"inLanguage\":\"en-US\",\"potentialAction\":[{\"@type\":\"ReadAction\",\"target\":[\"https:\\\/\\\/www.textilegence.com\\\/en\\\/konica-minolta-raises-the-level-of-sustainability-in-textile-printing\\\/\"]}]},{\"@type\":\"ImageObject\",\"inLanguage\":\"en-US\",\"@id\":\"https:\\\/\\\/www.textilegence.com\\\/en\\\/konica-minolta-raises-the-level-of-sustainability-in-textile-printing\\\/#primaryimage\",\"url\":\"https:\\\/\\\/www.textilegence.com\\\/wp-content\\\/uploads\\\/2023\\\/05\\\/konica-minolta-textilegence.jpg\",\"contentUrl\":\"https:\\\/\\\/www.textilegence.com\\\/wp-content\\\/uploads\\\/2023\\\/05\\\/konica-minolta-textilegence.jpg\",\"width\":1920,\"height\":1080},{\"@type\":\"BreadcrumbList\",\"@id\":\"https:\\\/\\\/www.textilegence.com\\\/en\\\/konica-minolta-raises-the-level-of-sustainability-in-textile-printing\\\/#breadcrumb\",\"itemListElement\":[{\"@type\":\"ListItem\",\"position\":1,\"name\":\"Home Page\",\"item\":\"https:\\\/\\\/www.textilegence.com\\\/en\\\/homepage-the-rimont\\\/\"},{\"@type\":\"ListItem\",\"position\":2,\"name\":\"ITMA\",\"item\":\"https:\\\/\\\/www.textilegence.com\\\/en\\\/category\\\/itma-fair\\\/\"},{\"@type\":\"ListItem\",\"position\":3,\"name\":\"Konica Minolta raises the level of sustainability in textile printing\"}]},{\"@type\":\"WebSite\",\"@id\":\"https:\\\/\\\/www.textilegence.com\\\/en\\\/#website\",\"url\":\"https:\\\/\\\/www.textilegence.com\\\/en\\\/\",\"name\":\"Textilegence Magazine and Digital Platform\",\"description\":\"Textile News Center\",\"publisher\":{\"@id\":\"https:\\\/\\\/www.textilegence.com\\\/en\\\/#organization\"},\"potentialAction\":[{\"@type\":\"SearchAction\",\"target\":{\"@type\":\"EntryPoint\",\"urlTemplate\":\"https:\\\/\\\/www.textilegence.com\\\/en\\\/?s={search_term_string}\"},\"query-input\":{\"@type\":\"PropertyValueSpecification\",\"valueRequired\":true,\"valueName\":\"search_term_string\"}}],\"inLanguage\":\"en-US\"},{\"@type\":\"Organization\",\"@id\":\"https:\\\/\\\/www.textilegence.com\\\/en\\\/#organization\",\"name\":\"Textilegence Magazine and Digital Platform\",\"url\":\"https:\\\/\\\/www.textilegence.com\\\/en\\\/\",\"logo\":{\"@type\":\"ImageObject\",\"inLanguage\":\"en-US\",\"@id\":\"https:\\\/\\\/www.textilegence.com\\\/en\\\/#\\\/schema\\\/logo\\\/image\\\/\",\"url\":\"https:\\\/\\\/www.textilegence.com\\\/wp-content\\\/uploads\\\/2016\\\/11\\\/New_Retina_Logo_Textilegence.png\",\"contentUrl\":\"https:\\\/\\\/www.textilegence.com\\\/wp-content\\\/uploads\\\/2016\\\/11\\\/New_Retina_Logo_Textilegence.png\",\"width\":544,\"height\":180,\"caption\":\"Textilegence Magazine and Digital Platform\"},\"image\":{\"@id\":\"https:\\\/\\\/www.textilegence.com\\\/en\\\/#\\\/schema\\\/logo\\\/image\\\/\"},\"sameAs\":[\"https:\\\/\\\/www.facebook.com\\\/TextilegenceMagazine\",\"https:\\\/\\\/x.com\\\/textilegence\",\"https:\\\/\\\/www.instagram.com\\\/textilegence\\\/\",\"https:\\\/\\\/www.linkedin.com\\\/groups\\\/Textilegence-Magazine-Digital-Platform-4897253\",\"https:\\\/\\\/www.youtube.com\\\/user\\\/textilegence\"],\"description\":\"Textilegence is a magazine and digital platform established in 2013. It focuses on the textile industry and sub-segments. The platform provides news, articles, and updates on various aspects of the textile industry, including sustainability, technological advancements, and market trends.\",\"email\":\"editor@textilegence.com\",\"telephone\":\"+90 212 442 24 12\",\"legalName\":\"Textilegence Mag and Digital Platform\",\"foundingDate\":\"2013-01-01\",\"numberOfEmployees\":{\"@type\":\"QuantitativeValue\",\"minValue\":\"1\",\"maxValue\":\"10\"}},{\"@type\":\"Person\",\"@id\":\"https:\\\/\\\/www.textilegence.com\\\/en\\\/#\\\/schema\\\/person\\\/46ccc7bfc34edbc7d46b6b189f88849f\",\"name\":\"Engin Buz\",\"image\":{\"@type\":\"ImageObject\",\"inLanguage\":\"en-US\",\"@id\":\"https:\\\/\\\/www.textilegence.com\\\/wp-content\\\/uploads\\\/2018\\\/12\\\/engin-buz.jpg\",\"url\":\"https:\\\/\\\/www.textilegence.com\\\/wp-content\\\/uploads\\\/2018\\\/12\\\/engin-buz.jpg\",\"contentUrl\":\"https:\\\/\\\/www.textilegence.com\\\/wp-content\\\/uploads\\\/2018\\\/12\\\/engin-buz.jpg\",\"caption\":\"Engin Buz\"},\"description\":\"Engin Buz, Ankara \u00dcniversitesi \u0130leti\u015fim Fak\u00fcltesi Gazetecilik B\u00f6l\u00fcm\u00fc\u2019nden mezun olduktan sonra Y\u0131ld\u0131z Teknik \u00dcniversitesi\u2019nde Siyaset Bilimi ve Uluslararas\u0131 \u0130li\u015fkiler alan\u0131nda y\u00fcksek lisans\u0131n\u0131 tamamlam\u0131\u015ft\u0131r. 2000 y\u0131l\u0131ndan sonra \u00e7e\u015fitli yay\u0131nc\u0131l\u0131k \u015firketlerinde \u00e7al\u0131\u015fmaya ba\u015flayarak k\u00fclt\u00fcr-sanat ve daha sonra ekonomi haberleri haz\u0131rlam\u0131\u015ft\u0131r. 2009 y\u0131l\u0131ndan itibaren tekstil end\u00fcstrisine d\u00f6n\u00fck yay\u0131nlarda edit\u00f6r olarak g\u00f6rev alan Buz, 2013 itibariyle kurulan Textilegence\u2019de haber edit\u00f6r\u00fc olarak yer almaya ba\u015flam\u0131\u015ft\u0131r. Engin Buz halen ba\u015fta tekstil ve dijital bask\u0131 end\u00fcstrileri olmak \u00fczere ekonomi haberleri haz\u0131rlamaktad\u0131r.\",\"sameAs\":[\"https:\\\/\\\/www.textilegence.com\",\"https:\\\/\\\/www.facebook.com\\\/TextilegenceMagazine\",\"https:\\\/\\\/www.instagram.com\\\/textilegence\\\/\",\"https:\\\/\\\/www.linkedin.com\\\/in\\\/engin-buz-6190799a\\\/\",\"https:\\\/\\\/x.com\\\/https:\\\/\\\/twitter.com\\\/textilegence\"],\"url\":\"https:\\\/\\\/www.textilegence.com\\\/en\\\/author\\\/engin-buz\\\/\"}]}<\/script>\n<!-- \/ Yoast SEO Premium plugin. -->","yoast_head_json":{"title":"Konica Minolta raises the level of sustainability in textile printing - Textilegence","description":"Konica Minolta, one of the leading brands in digital textile printing will showcase a series of solutions which will positively...","robots":{"index":"index","follow":"follow","max-snippet":"max-snippet:-1","max-image-preview":"max-image-preview:large","max-video-preview":"max-video-preview:-1"},"canonical":"https:\/\/www.textilegence.com\/en\/konica-minolta-raises-the-level-of-sustainability-in-textile-printing\/","og_locale":"en_US","og_type":"article","og_title":"Konica Minolta raises the level of sustainability in textile printing","og_description":"Konica Minolta, one of the leading brands in digital textile printing will showcase a series of solutions which will positively impact the environment","og_url":"https:\/\/www.textilegence.com\/en\/konica-minolta-raises-the-level-of-sustainability-in-textile-printing\/","og_site_name":"Textilegence Magazine and Digital Platform","article_publisher":"https:\/\/www.facebook.com\/TextilegenceMagazine","article_author":"https:\/\/www.facebook.com\/TextilegenceMagazine","article_published_time":"2023-06-01T08:10:10+00:00","article_modified_time":"2023-06-01T08:10:16+00:00","og_image":[{"width":1920,"height":1080,"url":"https:\/\/www.textilegence.com\/wp-content\/uploads\/2023\/05\/konica-minolta-textilegence.jpg","type":"image\/jpeg"}],"author":"Engin Buz","twitter_card":"summary_large_image","twitter_creator":"@https:\/\/twitter.com\/textilegence","twitter_site":"@textilegence","twitter_misc":{"Written by":"Engin Buz","Est. reading time":"5 minutes"},"schema":{"@context":"https:\/\/schema.org","@graph":[{"@type":"NewsArticle","@id":"https:\/\/www.textilegence.com\/en\/konica-minolta-raises-the-level-of-sustainability-in-textile-printing\/#article","isPartOf":{"@id":"https:\/\/www.textilegence.com\/en\/konica-minolta-raises-the-level-of-sustainability-in-textile-printing\/"},"author":{"name":"Engin Buz","@id":"https:\/\/www.textilegence.com\/en\/#\/schema\/person\/46ccc7bfc34edbc7d46b6b189f88849f"},"headline":"Konica Minolta raises the level of sustainability in textile printing","datePublished":"2023-06-01T08:10:10+00:00","dateModified":"2023-06-01T08:10:16+00:00","mainEntityOfPage":{"@id":"https:\/\/www.textilegence.com\/en\/konica-minolta-raises-the-level-of-sustainability-in-textile-printing\/"},"wordCount":764,"publisher":{"@id":"https:\/\/www.textilegence.com\/en\/#organization"},"image":{"@id":"https:\/\/www.textilegence.com\/en\/konica-minolta-raises-the-level-of-sustainability-in-textile-printing\/#primaryimage"},"thumbnailUrl":"https:\/\/www.textilegence.com\/wp-content\/uploads\/2023\/05\/konica-minolta-textilegence.jpg","keywords":["ITMA 2023","konica minolta","textile news"],"articleSection":["ITMA"],"inLanguage":"en-US"},{"@type":"WebPage","@id":"https:\/\/www.textilegence.com\/en\/konica-minolta-raises-the-level-of-sustainability-in-textile-printing\/","url":"https:\/\/www.textilegence.com\/en\/konica-minolta-raises-the-level-of-sustainability-in-textile-printing\/","name":"Konica Minolta raises the level of sustainability in textile printing - Textilegence","isPartOf":{"@id":"https:\/\/www.textilegence.com\/en\/#website"},"primaryImageOfPage":{"@id":"https:\/\/www.textilegence.com\/en\/konica-minolta-raises-the-level-of-sustainability-in-textile-printing\/#primaryimage"},"image":{"@id":"https:\/\/www.textilegence.com\/en\/konica-minolta-raises-the-level-of-sustainability-in-textile-printing\/#primaryimage"},"thumbnailUrl":"https:\/\/www.textilegence.com\/wp-content\/uploads\/2023\/05\/konica-minolta-textilegence.jpg","datePublished":"2023-06-01T08:10:10+00:00","dateModified":"2023-06-01T08:10:16+00:00","description":"Konica Minolta, one of the leading brands in digital textile printing will showcase a series of solutions which will positively...","breadcrumb":{"@id":"https:\/\/www.textilegence.com\/en\/konica-minolta-raises-the-level-of-sustainability-in-textile-printing\/#breadcrumb"},"inLanguage":"en-US","potentialAction":[{"@type":"ReadAction","target":["https:\/\/www.textilegence.com\/en\/konica-minolta-raises-the-level-of-sustainability-in-textile-printing\/"]}]},{"@type":"ImageObject","inLanguage":"en-US","@id":"https:\/\/www.textilegence.com\/en\/konica-minolta-raises-the-level-of-sustainability-in-textile-printing\/#primaryimage","url":"https:\/\/www.textilegence.com\/wp-content\/uploads\/2023\/05\/konica-minolta-textilegence.jpg","contentUrl":"https:\/\/www.textilegence.com\/wp-content\/uploads\/2023\/05\/konica-minolta-textilegence.jpg","width":1920,"height":1080},{"@type":"BreadcrumbList","@id":"https:\/\/www.textilegence.com\/en\/konica-minolta-raises-the-level-of-sustainability-in-textile-printing\/#breadcrumb","itemListElement":[{"@type":"ListItem","position":1,"name":"Home Page","item":"https:\/\/www.textilegence.com\/en\/homepage-the-rimont\/"},{"@type":"ListItem","position":2,"name":"ITMA","item":"https:\/\/www.textilegence.com\/en\/category\/itma-fair\/"},{"@type":"ListItem","position":3,"name":"Konica Minolta raises the level of sustainability in textile printing"}]},{"@type":"WebSite","@id":"https:\/\/www.textilegence.com\/en\/#website","url":"https:\/\/www.textilegence.com\/en\/","name":"Textilegence Magazine and Digital Platform","description":"Textile News Center","publisher":{"@id":"https:\/\/www.textilegence.com\/en\/#organization"},"potentialAction":[{"@type":"SearchAction","target":{"@type":"EntryPoint","urlTemplate":"https:\/\/www.textilegence.com\/en\/?s={search_term_string}"},"query-input":{"@type":"PropertyValueSpecification","valueRequired":true,"valueName":"search_term_string"}}],"inLanguage":"en-US"},{"@type":"Organization","@id":"https:\/\/www.textilegence.com\/en\/#organization","name":"Textilegence Magazine and Digital Platform","url":"https:\/\/www.textilegence.com\/en\/","logo":{"@type":"ImageObject","inLanguage":"en-US","@id":"https:\/\/www.textilegence.com\/en\/#\/schema\/logo\/image\/","url":"https:\/\/www.textilegence.com\/wp-content\/uploads\/2016\/11\/New_Retina_Logo_Textilegence.png","contentUrl":"https:\/\/www.textilegence.com\/wp-content\/uploads\/2016\/11\/New_Retina_Logo_Textilegence.png","width":544,"height":180,"caption":"Textilegence Magazine and Digital Platform"},"image":{"@id":"https:\/\/www.textilegence.com\/en\/#\/schema\/logo\/image\/"},"sameAs":["https:\/\/www.facebook.com\/TextilegenceMagazine","https:\/\/x.com\/textilegence","https:\/\/www.instagram.com\/textilegence\/","https:\/\/www.linkedin.com\/groups\/Textilegence-Magazine-Digital-Platform-4897253","https:\/\/www.youtube.com\/user\/textilegence"],"description":"Textilegence is a magazine and digital platform established in 2013. It focuses on the textile industry and sub-segments. The platform provides news, articles, and updates on various aspects of the textile industry, including sustainability, technological advancements, and market trends.","email":"editor@textilegence.com","telephone":"+90 212 442 24 12","legalName":"Textilegence Mag and Digital Platform","foundingDate":"2013-01-01","numberOfEmployees":{"@type":"QuantitativeValue","minValue":"1","maxValue":"10"}},{"@type":"Person","@id":"https:\/\/www.textilegence.com\/en\/#\/schema\/person\/46ccc7bfc34edbc7d46b6b189f88849f","name":"Engin Buz","image":{"@type":"ImageObject","inLanguage":"en-US","@id":"https:\/\/www.textilegence.com\/wp-content\/uploads\/2018\/12\/engin-buz.jpg","url":"https:\/\/www.textilegence.com\/wp-content\/uploads\/2018\/12\/engin-buz.jpg","contentUrl":"https:\/\/www.textilegence.com\/wp-content\/uploads\/2018\/12\/engin-buz.jpg","caption":"Engin Buz"},"description":"Engin Buz, Ankara \u00dcniversitesi \u0130leti\u015fim Fak\u00fcltesi Gazetecilik B\u00f6l\u00fcm\u00fc\u2019nden mezun olduktan sonra Y\u0131ld\u0131z Teknik \u00dcniversitesi\u2019nde Siyaset Bilimi ve Uluslararas\u0131 \u0130li\u015fkiler alan\u0131nda y\u00fcksek lisans\u0131n\u0131 tamamlam\u0131\u015ft\u0131r. 2000 y\u0131l\u0131ndan sonra \u00e7e\u015fitli yay\u0131nc\u0131l\u0131k \u015firketlerinde \u00e7al\u0131\u015fmaya ba\u015flayarak k\u00fclt\u00fcr-sanat ve daha sonra ekonomi haberleri haz\u0131rlam\u0131\u015ft\u0131r. 2009 y\u0131l\u0131ndan itibaren tekstil end\u00fcstrisine d\u00f6n\u00fck yay\u0131nlarda edit\u00f6r olarak g\u00f6rev alan Buz, 2013 itibariyle kurulan Textilegence\u2019de haber edit\u00f6r\u00fc olarak yer almaya ba\u015flam\u0131\u015ft\u0131r. Engin Buz halen ba\u015fta tekstil ve dijital bask\u0131 end\u00fcstrileri olmak \u00fczere ekonomi haberleri haz\u0131rlamaktad\u0131r.","sameAs":["https:\/\/www.textilegence.com","https:\/\/www.facebook.com\/TextilegenceMagazine","https:\/\/www.instagram.com\/textilegence\/","https:\/\/www.linkedin.com\/in\/engin-buz-6190799a\/","https:\/\/x.com\/https:\/\/twitter.com\/textilegence"],"url":"https:\/\/www.textilegence.com\/en\/author\/engin-buz\/"}]}},"_links":{"self":[{"href":"https:\/\/www.textilegence.com\/en\/wp-json\/wp\/v2\/posts\/54408","targetHints":{"allow":["GET"]}}],"collection":[{"href":"https:\/\/www.textilegence.com\/en\/wp-json\/wp\/v2\/posts"}],"about":[{"href":"https:\/\/www.textilegence.com\/en\/wp-json\/wp\/v2\/types\/post"}],"author":[{"embeddable":true,"href":"https:\/\/www.textilegence.com\/en\/wp-json\/wp\/v2\/users\/2"}],"replies":[{"embeddable":true,"href":"https:\/\/www.textilegence.com\/en\/wp-json\/wp\/v2\/comments?post=54408"}],"version-history":[{"count":0,"href":"https:\/\/www.textilegence.com\/en\/wp-json\/wp\/v2\/posts\/54408\/revisions"}],"wp:featuredmedia":[{"embeddable":true,"href":"https:\/\/www.textilegence.com\/en\/wp-json\/wp\/v2\/media\/54401"}],"wp:attachment":[{"href":"https:\/\/www.textilegence.com\/en\/wp-json\/wp\/v2\/media?parent=54408"}],"wp:term":[{"taxonomy":"category","embeddable":true,"href":"https:\/\/www.textilegence.com\/en\/wp-json\/wp\/v2\/categories?post=54408"},{"taxonomy":"post_tag","embeddable":true,"href":"https:\/\/www.textilegence.com\/en\/wp-json\/wp\/v2\/tags?post=54408"}],"curies":[{"name":"wp","href":"https:\/\/api.w.org\/{rel}","templated":true}]}}