{"id":54496,"date":"2023-06-02T17:00:41","date_gmt":"2023-06-02T14:00:41","guid":{"rendered":"http:\/\/www.textilegence.com\/?p=54496"},"modified":"2023-06-02T17:00:48","modified_gmt":"2023-06-02T14:00:48","slug":"saurer-at-itma-2023-for-shaping-the-future-of-textiles","status":"publish","type":"post","link":"https:\/\/www.textilegence.com\/en\/saurer-at-itma-2023-for-shaping-the-future-of-textiles\/","title":{"rendered":"Saurer at ITMA 2023 for shaping the future of textiles"},"content":{"rendered":"\n<p>Saurer, a technology <a href=\"https:\/\/saurer.com\/en\" target=\"_blank\" rel=\"noreferrer noopener\">company <\/a>with a focus on machines and components for yarn production, will welcome its visitors with its solutions for future trends at <a href=\"https:\/\/www.textilegence.com\/en\/category\/itma-fair\/\" target=\"_blank\" rel=\"noreferrer noopener\">ITMA 2023<\/a> Milan. The company, supporting the textile industry in the areas of sustainability, digitisation, and automation, will exhibit the new&nbsp; Autocard SC7, the new and fully automatic Autocoro 11 rotor-spinning machine and many more at booth B101 in hall 2. The visitors will also have the opportunity to see Saurer machinery performances in first-hand with live demonstrations during the exhibition.<\/p>\n\n\n\n<h2 class=\"wp-block-heading\" id=\"h-saurer-supports-its-customers-towards-a-circular-economy\">Saurer supports its customers towards a circular economy<\/h2>\n\n\n\n<p>Saurer offers many new features to optimise the processing of recycled fibres. Starting with the new Autocard SC7, for example: all drafting systems are driven independently and can be adjusted easily online to facilitate processing of recycled fibres. Increasing the carding area to over 4m2 makes it possible to gently process all fibre types and results in increased productivity. In addition to discover the more about Autocards SC7, the visitors can also see the BD 8 semi-automatic rotor-spinning machine live at the Saurer booth. The new Twinsuction system at both ends of the BD 8 results in energy savings and higher quality consistency. Automatic package removal makes it possible to change a package by simply pushing a button. This ergonomic solution allows operators to change packages easily.<\/p>\n\n\n<div class=\"wp-block-image\">\n<figure class=\"aligncenter size-full is-resized\"><img loading=\"lazy\" decoding=\"async\" src=\"https:\/\/www.textilegence.com\/wp-content\/uploads\/2023\/06\/saurer-detail1.jpg\" alt=\"\" class=\"wp-image-54494\" width=\"1068\" height=\"600\" srcset=\"https:\/\/www.textilegence.com\/wp-content\/uploads\/2023\/06\/saurer-detail1.jpg 1920w, https:\/\/www.textilegence.com\/wp-content\/uploads\/2023\/06\/saurer-detail1-768x432.jpg 768w, https:\/\/www.textilegence.com\/wp-content\/uploads\/2023\/06\/saurer-detail1-1536x864.jpg 1536w, https:\/\/www.textilegence.com\/wp-content\/uploads\/2023\/06\/saurer-detail1-300x169.jpg 300w, https:\/\/www.textilegence.com\/wp-content\/uploads\/2023\/06\/saurer-detail1-600x338.jpg 600w, https:\/\/www.textilegence.com\/wp-content\/uploads\/2023\/06\/saurer-detail1-696x392.jpg 696w, https:\/\/www.textilegence.com\/wp-content\/uploads\/2023\/06\/saurer-detail1-1068x601.jpg 1068w\" sizes=\"auto, (max-width: 1068px) 100vw, 1068px\" \/><figcaption class=\"wp-element-caption\"><em>Saurer at ITMA 2023 for shaping the future of textiles<\/em><\/figcaption><\/figure>\n<\/div>\n\n\n<p>Another important solution at the booth, the new, fully automatic Autocoro 11 rotor-spinning machine is the 4th generation of Autocoro with individual drive technology, which is already operating reliably with more than 1 million positions worldwide. Equipped with the Recycling Xtreme rX edition, the new Autocoro generation is tailor-made for recycled fibres. In addition, the Autocoro 11 shines with more powerful automation and with a new LED-supported operator guidance system, which further enhances the high productivity of the Autocoro 11.<\/p>\n\n\n\n<p>The Saurer booth will also include the Autoairo, which sets new benchmarks for producing high-quality air spun yarns, named Belairo and the energy-efficient Autospeed roving frame with automatic doffer, which allows spinning mills to be less dependent on the availability of skilled personnel and at the same time increases the quality of the roving. At the ITMA exhibition, the Autospeed will be combined with the bobbin transport system, with Roweclean, the automatic tube cleaner and the Rowestore empty tube magazine.<\/p>\n\n\n<div class=\"wp-block-image\">\n<figure class=\"aligncenter size-full\"><img loading=\"lazy\" decoding=\"async\" width=\"1920\" height=\"1080\" src=\"https:\/\/www.textilegence.com\/wp-content\/uploads\/2023\/06\/saurer-detail.jpg\" alt=\"\" class=\"wp-image-54492\" srcset=\"https:\/\/www.textilegence.com\/wp-content\/uploads\/2023\/06\/saurer-detail.jpg 1920w, https:\/\/www.textilegence.com\/wp-content\/uploads\/2023\/06\/saurer-detail-768x432.jpg 768w, https:\/\/www.textilegence.com\/wp-content\/uploads\/2023\/06\/saurer-detail-1536x864.jpg 1536w, https:\/\/www.textilegence.com\/wp-content\/uploads\/2023\/06\/saurer-detail-300x169.jpg 300w, https:\/\/www.textilegence.com\/wp-content\/uploads\/2023\/06\/saurer-detail-600x338.jpg 600w, https:\/\/www.textilegence.com\/wp-content\/uploads\/2023\/06\/saurer-detail-696x392.jpg 696w, https:\/\/www.textilegence.com\/wp-content\/uploads\/2023\/06\/saurer-detail-1068x601.jpg 1068w\" sizes=\"auto, (max-width: 1920px) 100vw, 1920px\" \/><figcaption class=\"wp-element-caption\"><em>Sustainable and economical solutions for the short and long staple sector<\/em><\/figcaption><\/figure>\n<\/div>\n\n\n<h2 class=\"wp-block-heading\" id=\"h-sustainable-and-economical-solutions-for-the-short-and-long-staple-sector\">Sustainable and economical solutions for the short and long staple sector<\/h2>\n\n\n\n<p>Saurer, one of the pioneers for sustainable and economical solutions in ring-spinning, will present machines for the short and long staple sector at ITMA 2023. The highly productive ZI 72XL compact-spinning machine offers a high degree of flexibility for almost all applications and is suitable for recycling fibres. Featuring the new self-cleaning compact yarn system Impact FX pro with multihole aprons, the ZI 72XL delivers excellent yarn values for standard and recycled yarns, especially for fine yarns. In addition, the ZI 451 worsted compact-spinning machine for woollen and acrylic yarns will be on show at the Saurer booth and will delight worsted spinners with its high flexibility and profitability.<\/p>\n\n\n\n<p>The Texparts product line supplies high-quality components for ring and rotor-spinning that ensure excellent yarn quality and maximum productivity. The newly designed PK 1580 drafting system for roving frames is designed ergonomically and easy to handle. Fast and precise adjustment of the load with narrow load tolerances is important for processing a wide range of fibres and is also advantageous for recycled fibres.<\/p>\n\n\n\n<p>In addition to the CompactTwister, which can twist recycled yarns and thus increase the strength for the downstream process, Saurer will also present its offers to reduce energy consumption including the new Texparts spindle Eshape, CarpetCabler\/CarpetTwister 1.12 and CakeFormingWinder. The automation solutions for spinning and twisting will be also at ITMA.<\/p>\n\n\n\n<p>Saurer\u2019s customer support experts in the booth await to inform visitors about solutions available to increase the quality, performance, and profitability of the production plants.<\/p>\n","protected":false},"excerpt":{"rendered":"<p>Saurer, a technology company with a focus on machines and components for yarn production, will welcome its visitors with its solutions for future trends at ITMA 2023 Milan. The company, supporting the textile industry in the areas of sustainability, digitisation, and automation, will exhibit the new&nbsp; Autocard SC7, the new and fully automatic Autocoro 11 [&hellip;]<\/p>\n","protected":false},"author":2,"featured_media":54490,"comment_status":"closed","ping_status":"closed","sticky":false,"template":"","format":"standard","meta":{"footnotes":""},"categories":[16254],"tags":[16214,10033,10369],"class_list":{"0":"post-54496","1":"post","2":"type-post","3":"status-publish","4":"format-standard","5":"has-post-thumbnail","7":"category-itma-fair","8":"tag-itma-2023","9":"tag-saurer-en","10":"tag-textile-news-en"},"yoast_head":"<!-- This site is optimized with the Yoast SEO Premium plugin v27.3 (Yoast SEO v27.3) - https:\/\/yoast.com\/product\/yoast-seo-premium-wordpress\/ -->\n<title>Saurer at ITMA 2023 for shaping the future of textiles - Textilegence<\/title>\n<meta name=\"description\" content=\"Saurer, a technology company with a focus on machines and components for yarn production, will welcome its visitors...\" \/>\n<meta name=\"robots\" content=\"index, follow, max-snippet:-1, max-image-preview:large, max-video-preview:-1\" \/>\n<link rel=\"canonical\" href=\"https:\/\/www.textilegence.com\/en\/saurer-at-itma-2023-for-shaping-the-future-of-textiles\/\" \/>\n<meta property=\"og:locale\" content=\"en_US\" \/>\n<meta property=\"og:type\" content=\"article\" \/>\n<meta property=\"og:title\" content=\"Saurer at ITMA 2023 for shaping the future of textiles\" \/>\n<meta property=\"og:description\" content=\"Saurer, a technology company with a focus on machines and components for yarn production, will welcome its visitors with its solutions for future trends\" \/>\n<meta property=\"og:url\" content=\"https:\/\/www.textilegence.com\/en\/saurer-at-itma-2023-for-shaping-the-future-of-textiles\/\" \/>\n<meta property=\"og:site_name\" content=\"Textilegence Magazine and Digital Platform\" \/>\n<meta property=\"article:publisher\" content=\"https:\/\/www.facebook.com\/TextilegenceMagazine\" \/>\n<meta property=\"article:author\" content=\"https:\/\/www.facebook.com\/TextilegenceMagazine\" \/>\n<meta property=\"article:published_time\" content=\"2023-06-02T14:00:41+00:00\" \/>\n<meta property=\"article:modified_time\" content=\"2023-06-02T14:00:48+00:00\" \/>\n<meta property=\"og:image\" content=\"https:\/\/www.textilegence.com\/wp-content\/uploads\/2023\/06\/saurer-textilegence.jpg\" \/>\n\t<meta property=\"og:image:width\" content=\"1920\" \/>\n\t<meta property=\"og:image:height\" content=\"1080\" \/>\n\t<meta property=\"og:image:type\" content=\"image\/jpeg\" \/>\n<meta name=\"author\" content=\"Engin Buz\" \/>\n<meta name=\"twitter:card\" content=\"summary_large_image\" \/>\n<meta name=\"twitter:creator\" content=\"@https:\/\/twitter.com\/textilegence\" \/>\n<meta name=\"twitter:site\" content=\"@textilegence\" \/>\n<meta name=\"twitter:label1\" content=\"Written by\" \/>\n\t<meta name=\"twitter:data1\" content=\"Engin Buz\" \/>\n\t<meta name=\"twitter:label2\" content=\"Est. reading time\" \/>\n\t<meta name=\"twitter:data2\" content=\"5 minutes\" \/>\n<script type=\"application\/ld+json\" class=\"yoast-schema-graph\">{\"@context\":\"https:\\\/\\\/schema.org\",\"@graph\":[{\"@type\":\"NewsArticle\",\"@id\":\"https:\\\/\\\/www.textilegence.com\\\/en\\\/saurer-at-itma-2023-for-shaping-the-future-of-textiles\\\/#article\",\"isPartOf\":{\"@id\":\"https:\\\/\\\/www.textilegence.com\\\/en\\\/saurer-at-itma-2023-for-shaping-the-future-of-textiles\\\/\"},\"author\":{\"name\":\"Engin Buz\",\"@id\":\"https:\\\/\\\/www.textilegence.com\\\/en\\\/#\\\/schema\\\/person\\\/46ccc7bfc34edbc7d46b6b189f88849f\"},\"headline\":\"Saurer at ITMA 2023 for shaping the future of textiles\",\"datePublished\":\"2023-06-02T14:00:41+00:00\",\"dateModified\":\"2023-06-02T14:00:48+00:00\",\"mainEntityOfPage\":{\"@id\":\"https:\\\/\\\/www.textilegence.com\\\/en\\\/saurer-at-itma-2023-for-shaping-the-future-of-textiles\\\/\"},\"wordCount\":659,\"publisher\":{\"@id\":\"https:\\\/\\\/www.textilegence.com\\\/en\\\/#organization\"},\"image\":{\"@id\":\"https:\\\/\\\/www.textilegence.com\\\/en\\\/saurer-at-itma-2023-for-shaping-the-future-of-textiles\\\/#primaryimage\"},\"thumbnailUrl\":\"https:\\\/\\\/www.textilegence.com\\\/wp-content\\\/uploads\\\/2023\\\/06\\\/saurer-textilegence.jpg\",\"keywords\":[\"ITMA 2023\",\"saurer\",\"textile news\"],\"articleSection\":[\"ITMA\"],\"inLanguage\":\"en-US\"},{\"@type\":\"WebPage\",\"@id\":\"https:\\\/\\\/www.textilegence.com\\\/en\\\/saurer-at-itma-2023-for-shaping-the-future-of-textiles\\\/\",\"url\":\"https:\\\/\\\/www.textilegence.com\\\/en\\\/saurer-at-itma-2023-for-shaping-the-future-of-textiles\\\/\",\"name\":\"Saurer at ITMA 2023 for shaping the future of textiles - Textilegence\",\"isPartOf\":{\"@id\":\"https:\\\/\\\/www.textilegence.com\\\/en\\\/#website\"},\"primaryImageOfPage\":{\"@id\":\"https:\\\/\\\/www.textilegence.com\\\/en\\\/saurer-at-itma-2023-for-shaping-the-future-of-textiles\\\/#primaryimage\"},\"image\":{\"@id\":\"https:\\\/\\\/www.textilegence.com\\\/en\\\/saurer-at-itma-2023-for-shaping-the-future-of-textiles\\\/#primaryimage\"},\"thumbnailUrl\":\"https:\\\/\\\/www.textilegence.com\\\/wp-content\\\/uploads\\\/2023\\\/06\\\/saurer-textilegence.jpg\",\"datePublished\":\"2023-06-02T14:00:41+00:00\",\"dateModified\":\"2023-06-02T14:00:48+00:00\",\"description\":\"Saurer, a technology company with a focus on machines and components for yarn production, will welcome its visitors...\",\"breadcrumb\":{\"@id\":\"https:\\\/\\\/www.textilegence.com\\\/en\\\/saurer-at-itma-2023-for-shaping-the-future-of-textiles\\\/#breadcrumb\"},\"inLanguage\":\"en-US\",\"potentialAction\":[{\"@type\":\"ReadAction\",\"target\":[\"https:\\\/\\\/www.textilegence.com\\\/en\\\/saurer-at-itma-2023-for-shaping-the-future-of-textiles\\\/\"]}]},{\"@type\":\"ImageObject\",\"inLanguage\":\"en-US\",\"@id\":\"https:\\\/\\\/www.textilegence.com\\\/en\\\/saurer-at-itma-2023-for-shaping-the-future-of-textiles\\\/#primaryimage\",\"url\":\"https:\\\/\\\/www.textilegence.com\\\/wp-content\\\/uploads\\\/2023\\\/06\\\/saurer-textilegence.jpg\",\"contentUrl\":\"https:\\\/\\\/www.textilegence.com\\\/wp-content\\\/uploads\\\/2023\\\/06\\\/saurer-textilegence.jpg\",\"width\":1920,\"height\":1080},{\"@type\":\"BreadcrumbList\",\"@id\":\"https:\\\/\\\/www.textilegence.com\\\/en\\\/saurer-at-itma-2023-for-shaping-the-future-of-textiles\\\/#breadcrumb\",\"itemListElement\":[{\"@type\":\"ListItem\",\"position\":1,\"name\":\"Home Page\",\"item\":\"https:\\\/\\\/www.textilegence.com\\\/en\\\/homepage-the-rimont\\\/\"},{\"@type\":\"ListItem\",\"position\":2,\"name\":\"ITMA\",\"item\":\"https:\\\/\\\/www.textilegence.com\\\/en\\\/category\\\/itma-fair\\\/\"},{\"@type\":\"ListItem\",\"position\":3,\"name\":\"Saurer at ITMA 2023 for shaping the future of textiles\"}]},{\"@type\":\"WebSite\",\"@id\":\"https:\\\/\\\/www.textilegence.com\\\/en\\\/#website\",\"url\":\"https:\\\/\\\/www.textilegence.com\\\/en\\\/\",\"name\":\"Textilegence Magazine and Digital Platform\",\"description\":\"Textile News Center\",\"publisher\":{\"@id\":\"https:\\\/\\\/www.textilegence.com\\\/en\\\/#organization\"},\"potentialAction\":[{\"@type\":\"SearchAction\",\"target\":{\"@type\":\"EntryPoint\",\"urlTemplate\":\"https:\\\/\\\/www.textilegence.com\\\/en\\\/?s={search_term_string}\"},\"query-input\":{\"@type\":\"PropertyValueSpecification\",\"valueRequired\":true,\"valueName\":\"search_term_string\"}}],\"inLanguage\":\"en-US\"},{\"@type\":\"Organization\",\"@id\":\"https:\\\/\\\/www.textilegence.com\\\/en\\\/#organization\",\"name\":\"Textilegence Magazine and Digital Platform\",\"url\":\"https:\\\/\\\/www.textilegence.com\\\/en\\\/\",\"logo\":{\"@type\":\"ImageObject\",\"inLanguage\":\"en-US\",\"@id\":\"https:\\\/\\\/www.textilegence.com\\\/en\\\/#\\\/schema\\\/logo\\\/image\\\/\",\"url\":\"https:\\\/\\\/www.textilegence.com\\\/wp-content\\\/uploads\\\/2016\\\/11\\\/New_Retina_Logo_Textilegence.png\",\"contentUrl\":\"https:\\\/\\\/www.textilegence.com\\\/wp-content\\\/uploads\\\/2016\\\/11\\\/New_Retina_Logo_Textilegence.png\",\"width\":544,\"height\":180,\"caption\":\"Textilegence Magazine and Digital Platform\"},\"image\":{\"@id\":\"https:\\\/\\\/www.textilegence.com\\\/en\\\/#\\\/schema\\\/logo\\\/image\\\/\"},\"sameAs\":[\"https:\\\/\\\/www.facebook.com\\\/TextilegenceMagazine\",\"https:\\\/\\\/x.com\\\/textilegence\",\"https:\\\/\\\/www.instagram.com\\\/textilegence\\\/\",\"https:\\\/\\\/www.linkedin.com\\\/groups\\\/Textilegence-Magazine-Digital-Platform-4897253\",\"https:\\\/\\\/www.youtube.com\\\/user\\\/textilegence\"],\"description\":\"Textilegence is a magazine and digital platform established in 2013. It focuses on the textile industry and sub-segments. The platform provides news, articles, and updates on various aspects of the textile industry, including sustainability, technological advancements, and market trends.\",\"email\":\"editor@textilegence.com\",\"telephone\":\"+90 212 442 24 12\",\"legalName\":\"Textilegence Mag and Digital Platform\",\"foundingDate\":\"2013-01-01\",\"numberOfEmployees\":{\"@type\":\"QuantitativeValue\",\"minValue\":\"1\",\"maxValue\":\"10\"}},{\"@type\":\"Person\",\"@id\":\"https:\\\/\\\/www.textilegence.com\\\/en\\\/#\\\/schema\\\/person\\\/46ccc7bfc34edbc7d46b6b189f88849f\",\"name\":\"Engin Buz\",\"image\":{\"@type\":\"ImageObject\",\"inLanguage\":\"en-US\",\"@id\":\"https:\\\/\\\/www.textilegence.com\\\/wp-content\\\/uploads\\\/2018\\\/12\\\/engin-buz.jpg\",\"url\":\"https:\\\/\\\/www.textilegence.com\\\/wp-content\\\/uploads\\\/2018\\\/12\\\/engin-buz.jpg\",\"contentUrl\":\"https:\\\/\\\/www.textilegence.com\\\/wp-content\\\/uploads\\\/2018\\\/12\\\/engin-buz.jpg\",\"caption\":\"Engin Buz\"},\"description\":\"Engin Buz, Ankara \u00dcniversitesi \u0130leti\u015fim Fak\u00fcltesi Gazetecilik B\u00f6l\u00fcm\u00fc\u2019nden mezun olduktan sonra Y\u0131ld\u0131z Teknik \u00dcniversitesi\u2019nde Siyaset Bilimi ve Uluslararas\u0131 \u0130li\u015fkiler alan\u0131nda y\u00fcksek lisans\u0131n\u0131 tamamlam\u0131\u015ft\u0131r. 2000 y\u0131l\u0131ndan sonra \u00e7e\u015fitli yay\u0131nc\u0131l\u0131k \u015firketlerinde \u00e7al\u0131\u015fmaya ba\u015flayarak k\u00fclt\u00fcr-sanat ve daha sonra ekonomi haberleri haz\u0131rlam\u0131\u015ft\u0131r. 2009 y\u0131l\u0131ndan itibaren tekstil end\u00fcstrisine d\u00f6n\u00fck yay\u0131nlarda edit\u00f6r olarak g\u00f6rev alan Buz, 2013 itibariyle kurulan Textilegence\u2019de haber edit\u00f6r\u00fc olarak yer almaya ba\u015flam\u0131\u015ft\u0131r. Engin Buz halen ba\u015fta tekstil ve dijital bask\u0131 end\u00fcstrileri olmak \u00fczere ekonomi haberleri haz\u0131rlamaktad\u0131r.\",\"sameAs\":[\"https:\\\/\\\/www.textilegence.com\",\"https:\\\/\\\/www.facebook.com\\\/TextilegenceMagazine\",\"https:\\\/\\\/www.instagram.com\\\/textilegence\\\/\",\"https:\\\/\\\/www.linkedin.com\\\/in\\\/engin-buz-6190799a\\\/\",\"https:\\\/\\\/x.com\\\/https:\\\/\\\/twitter.com\\\/textilegence\"],\"url\":\"https:\\\/\\\/www.textilegence.com\\\/en\\\/author\\\/engin-buz\\\/\"}]}<\/script>\n<!-- \/ Yoast SEO Premium plugin. -->","yoast_head_json":{"title":"Saurer at ITMA 2023 for shaping the future of textiles - Textilegence","description":"Saurer, a technology company with a focus on machines and components for yarn production, will welcome its visitors...","robots":{"index":"index","follow":"follow","max-snippet":"max-snippet:-1","max-image-preview":"max-image-preview:large","max-video-preview":"max-video-preview:-1"},"canonical":"https:\/\/www.textilegence.com\/en\/saurer-at-itma-2023-for-shaping-the-future-of-textiles\/","og_locale":"en_US","og_type":"article","og_title":"Saurer at ITMA 2023 for shaping the future of textiles","og_description":"Saurer, a technology company with a focus on machines and components for yarn production, will welcome its visitors with its solutions for future trends","og_url":"https:\/\/www.textilegence.com\/en\/saurer-at-itma-2023-for-shaping-the-future-of-textiles\/","og_site_name":"Textilegence Magazine and Digital Platform","article_publisher":"https:\/\/www.facebook.com\/TextilegenceMagazine","article_author":"https:\/\/www.facebook.com\/TextilegenceMagazine","article_published_time":"2023-06-02T14:00:41+00:00","article_modified_time":"2023-06-02T14:00:48+00:00","og_image":[{"width":1920,"height":1080,"url":"https:\/\/www.textilegence.com\/wp-content\/uploads\/2023\/06\/saurer-textilegence.jpg","type":"image\/jpeg"}],"author":"Engin Buz","twitter_card":"summary_large_image","twitter_creator":"@https:\/\/twitter.com\/textilegence","twitter_site":"@textilegence","twitter_misc":{"Written by":"Engin Buz","Est. reading time":"5 minutes"},"schema":{"@context":"https:\/\/schema.org","@graph":[{"@type":"NewsArticle","@id":"https:\/\/www.textilegence.com\/en\/saurer-at-itma-2023-for-shaping-the-future-of-textiles\/#article","isPartOf":{"@id":"https:\/\/www.textilegence.com\/en\/saurer-at-itma-2023-for-shaping-the-future-of-textiles\/"},"author":{"name":"Engin Buz","@id":"https:\/\/www.textilegence.com\/en\/#\/schema\/person\/46ccc7bfc34edbc7d46b6b189f88849f"},"headline":"Saurer at ITMA 2023 for shaping the future of textiles","datePublished":"2023-06-02T14:00:41+00:00","dateModified":"2023-06-02T14:00:48+00:00","mainEntityOfPage":{"@id":"https:\/\/www.textilegence.com\/en\/saurer-at-itma-2023-for-shaping-the-future-of-textiles\/"},"wordCount":659,"publisher":{"@id":"https:\/\/www.textilegence.com\/en\/#organization"},"image":{"@id":"https:\/\/www.textilegence.com\/en\/saurer-at-itma-2023-for-shaping-the-future-of-textiles\/#primaryimage"},"thumbnailUrl":"https:\/\/www.textilegence.com\/wp-content\/uploads\/2023\/06\/saurer-textilegence.jpg","keywords":["ITMA 2023","saurer","textile news"],"articleSection":["ITMA"],"inLanguage":"en-US"},{"@type":"WebPage","@id":"https:\/\/www.textilegence.com\/en\/saurer-at-itma-2023-for-shaping-the-future-of-textiles\/","url":"https:\/\/www.textilegence.com\/en\/saurer-at-itma-2023-for-shaping-the-future-of-textiles\/","name":"Saurer at ITMA 2023 for shaping the future of textiles - Textilegence","isPartOf":{"@id":"https:\/\/www.textilegence.com\/en\/#website"},"primaryImageOfPage":{"@id":"https:\/\/www.textilegence.com\/en\/saurer-at-itma-2023-for-shaping-the-future-of-textiles\/#primaryimage"},"image":{"@id":"https:\/\/www.textilegence.com\/en\/saurer-at-itma-2023-for-shaping-the-future-of-textiles\/#primaryimage"},"thumbnailUrl":"https:\/\/www.textilegence.com\/wp-content\/uploads\/2023\/06\/saurer-textilegence.jpg","datePublished":"2023-06-02T14:00:41+00:00","dateModified":"2023-06-02T14:00:48+00:00","description":"Saurer, a technology company with a focus on machines and components for yarn production, will welcome its visitors...","breadcrumb":{"@id":"https:\/\/www.textilegence.com\/en\/saurer-at-itma-2023-for-shaping-the-future-of-textiles\/#breadcrumb"},"inLanguage":"en-US","potentialAction":[{"@type":"ReadAction","target":["https:\/\/www.textilegence.com\/en\/saurer-at-itma-2023-for-shaping-the-future-of-textiles\/"]}]},{"@type":"ImageObject","inLanguage":"en-US","@id":"https:\/\/www.textilegence.com\/en\/saurer-at-itma-2023-for-shaping-the-future-of-textiles\/#primaryimage","url":"https:\/\/www.textilegence.com\/wp-content\/uploads\/2023\/06\/saurer-textilegence.jpg","contentUrl":"https:\/\/www.textilegence.com\/wp-content\/uploads\/2023\/06\/saurer-textilegence.jpg","width":1920,"height":1080},{"@type":"BreadcrumbList","@id":"https:\/\/www.textilegence.com\/en\/saurer-at-itma-2023-for-shaping-the-future-of-textiles\/#breadcrumb","itemListElement":[{"@type":"ListItem","position":1,"name":"Home Page","item":"https:\/\/www.textilegence.com\/en\/homepage-the-rimont\/"},{"@type":"ListItem","position":2,"name":"ITMA","item":"https:\/\/www.textilegence.com\/en\/category\/itma-fair\/"},{"@type":"ListItem","position":3,"name":"Saurer at ITMA 2023 for shaping the future of textiles"}]},{"@type":"WebSite","@id":"https:\/\/www.textilegence.com\/en\/#website","url":"https:\/\/www.textilegence.com\/en\/","name":"Textilegence Magazine and Digital Platform","description":"Textile News Center","publisher":{"@id":"https:\/\/www.textilegence.com\/en\/#organization"},"potentialAction":[{"@type":"SearchAction","target":{"@type":"EntryPoint","urlTemplate":"https:\/\/www.textilegence.com\/en\/?s={search_term_string}"},"query-input":{"@type":"PropertyValueSpecification","valueRequired":true,"valueName":"search_term_string"}}],"inLanguage":"en-US"},{"@type":"Organization","@id":"https:\/\/www.textilegence.com\/en\/#organization","name":"Textilegence Magazine and Digital Platform","url":"https:\/\/www.textilegence.com\/en\/","logo":{"@type":"ImageObject","inLanguage":"en-US","@id":"https:\/\/www.textilegence.com\/en\/#\/schema\/logo\/image\/","url":"https:\/\/www.textilegence.com\/wp-content\/uploads\/2016\/11\/New_Retina_Logo_Textilegence.png","contentUrl":"https:\/\/www.textilegence.com\/wp-content\/uploads\/2016\/11\/New_Retina_Logo_Textilegence.png","width":544,"height":180,"caption":"Textilegence Magazine and Digital Platform"},"image":{"@id":"https:\/\/www.textilegence.com\/en\/#\/schema\/logo\/image\/"},"sameAs":["https:\/\/www.facebook.com\/TextilegenceMagazine","https:\/\/x.com\/textilegence","https:\/\/www.instagram.com\/textilegence\/","https:\/\/www.linkedin.com\/groups\/Textilegence-Magazine-Digital-Platform-4897253","https:\/\/www.youtube.com\/user\/textilegence"],"description":"Textilegence is a magazine and digital platform established in 2013. It focuses on the textile industry and sub-segments. The platform provides news, articles, and updates on various aspects of the textile industry, including sustainability, technological advancements, and market trends.","email":"editor@textilegence.com","telephone":"+90 212 442 24 12","legalName":"Textilegence Mag and Digital Platform","foundingDate":"2013-01-01","numberOfEmployees":{"@type":"QuantitativeValue","minValue":"1","maxValue":"10"}},{"@type":"Person","@id":"https:\/\/www.textilegence.com\/en\/#\/schema\/person\/46ccc7bfc34edbc7d46b6b189f88849f","name":"Engin Buz","image":{"@type":"ImageObject","inLanguage":"en-US","@id":"https:\/\/www.textilegence.com\/wp-content\/uploads\/2018\/12\/engin-buz.jpg","url":"https:\/\/www.textilegence.com\/wp-content\/uploads\/2018\/12\/engin-buz.jpg","contentUrl":"https:\/\/www.textilegence.com\/wp-content\/uploads\/2018\/12\/engin-buz.jpg","caption":"Engin Buz"},"description":"Engin Buz, Ankara \u00dcniversitesi \u0130leti\u015fim Fak\u00fcltesi Gazetecilik B\u00f6l\u00fcm\u00fc\u2019nden mezun olduktan sonra Y\u0131ld\u0131z Teknik \u00dcniversitesi\u2019nde Siyaset Bilimi ve Uluslararas\u0131 \u0130li\u015fkiler alan\u0131nda y\u00fcksek lisans\u0131n\u0131 tamamlam\u0131\u015ft\u0131r. 2000 y\u0131l\u0131ndan sonra \u00e7e\u015fitli yay\u0131nc\u0131l\u0131k \u015firketlerinde \u00e7al\u0131\u015fmaya ba\u015flayarak k\u00fclt\u00fcr-sanat ve daha sonra ekonomi haberleri haz\u0131rlam\u0131\u015ft\u0131r. 2009 y\u0131l\u0131ndan itibaren tekstil end\u00fcstrisine d\u00f6n\u00fck yay\u0131nlarda edit\u00f6r olarak g\u00f6rev alan Buz, 2013 itibariyle kurulan Textilegence\u2019de haber edit\u00f6r\u00fc olarak yer almaya ba\u015flam\u0131\u015ft\u0131r. Engin Buz halen ba\u015fta tekstil ve dijital bask\u0131 end\u00fcstrileri olmak \u00fczere ekonomi haberleri haz\u0131rlamaktad\u0131r.","sameAs":["https:\/\/www.textilegence.com","https:\/\/www.facebook.com\/TextilegenceMagazine","https:\/\/www.instagram.com\/textilegence\/","https:\/\/www.linkedin.com\/in\/engin-buz-6190799a\/","https:\/\/x.com\/https:\/\/twitter.com\/textilegence"],"url":"https:\/\/www.textilegence.com\/en\/author\/engin-buz\/"}]}},"_links":{"self":[{"href":"https:\/\/www.textilegence.com\/en\/wp-json\/wp\/v2\/posts\/54496","targetHints":{"allow":["GET"]}}],"collection":[{"href":"https:\/\/www.textilegence.com\/en\/wp-json\/wp\/v2\/posts"}],"about":[{"href":"https:\/\/www.textilegence.com\/en\/wp-json\/wp\/v2\/types\/post"}],"author":[{"embeddable":true,"href":"https:\/\/www.textilegence.com\/en\/wp-json\/wp\/v2\/users\/2"}],"replies":[{"embeddable":true,"href":"https:\/\/www.textilegence.com\/en\/wp-json\/wp\/v2\/comments?post=54496"}],"version-history":[{"count":0,"href":"https:\/\/www.textilegence.com\/en\/wp-json\/wp\/v2\/posts\/54496\/revisions"}],"wp:featuredmedia":[{"embeddable":true,"href":"https:\/\/www.textilegence.com\/en\/wp-json\/wp\/v2\/media\/54490"}],"wp:attachment":[{"href":"https:\/\/www.textilegence.com\/en\/wp-json\/wp\/v2\/media?parent=54496"}],"wp:term":[{"taxonomy":"category","embeddable":true,"href":"https:\/\/www.textilegence.com\/en\/wp-json\/wp\/v2\/categories?post=54496"},{"taxonomy":"post_tag","embeddable":true,"href":"https:\/\/www.textilegence.com\/en\/wp-json\/wp\/v2\/tags?post=54496"}],"curies":[{"name":"wp","href":"https:\/\/api.w.org\/{rel}","templated":true}]}}