{"id":54505,"date":"2023-06-02T17:27:49","date_gmt":"2023-06-02T14:27:49","guid":{"rendered":"http:\/\/www.textilegence.com\/?p=54505"},"modified":"2023-06-02T17:28:15","modified_gmt":"2023-06-02T14:28:15","slug":"bruckner-invites-to-explore-new-possibilities-for-climate-neutral-finishing","status":"publish","type":"post","link":"https:\/\/www.textilegence.com\/en\/bruckner-invites-to-explore-new-possibilities-for-climate-neutral-finishing\/","title":{"rendered":"BR\u00dcCKNER invites to explore new possibilities for climate-neutral finishing"},"content":{"rendered":"\n<p>BR\u00dcCKNER, one of the leading suppliers of customized machinery and lines, will present innovative and trend-setting highlights for textile finishing and coating at <a href=\"https:\/\/www.textilegence.com\/en\/category\/itma-fair\/\" target=\"_blank\" rel=\"noreferrer noopener\">ITMA 2023<\/a> in Milan. At booth A101 in hall 18, the <a href=\"https:\/\/www.brueckner-textile.com\/en\/\" target=\"_blank\" rel=\"noreferrer noopener\">company <\/a>will show the next stenter generation POWER-FRAME SFP-4 with many new features: new electric \/ hydrogen-powered heating systems, intelligent software solutions for optimizing formulas, systems for heat-recovery and exhaust air purification, innovative application systems for chemicals, and newly developed machine concepts.<\/p>\n\n\n\n<h2 class=\"wp-block-heading\" id=\"h-co2-free-heating-systems\">CO2 -free heating systems<\/h2>\n\n\n\n<p>The most important innovation of the BR\u00dcCKNER dryer is the innovative heating systems. Driven by the energy crisis and the constant focus on energy-efficient solutions, new possibilities to combine different heating media like gas, steam, oil or electricity have been developed. In addition, BR\u00dcCKNER also offers burners which can be operated with hydrogen in the future. These combination possibilities allow the textile finisher maximum flexibility in the choice of the energy carrier. Another exciting development are solutions for the purely electric heating of industrial ovens by means of heat pumps, which BR\u00dcCKNER offers together with a partner. In the present situation and with a view to the future, these new types of heating offer decisive advantages: Green hydrogen and\/or electricity reduce the dependence on fossil raw materials and contribute considerably to minimize the CO2 footprint.<\/p>\n\n\n<div class=\"wp-block-image\">\n<figure class=\"aligncenter size-full\"><img loading=\"lazy\" decoding=\"async\" width=\"1920\" height=\"1080\" src=\"https:\/\/www.textilegence.com\/wp-content\/uploads\/2023\/06\/bruckner-detail.jpg\" alt=\"\" class=\"wp-image-54503\" srcset=\"https:\/\/www.textilegence.com\/wp-content\/uploads\/2023\/06\/bruckner-detail.jpg 1920w, https:\/\/www.textilegence.com\/wp-content\/uploads\/2023\/06\/bruckner-detail-768x432.jpg 768w, https:\/\/www.textilegence.com\/wp-content\/uploads\/2023\/06\/bruckner-detail-1536x864.jpg 1536w, https:\/\/www.textilegence.com\/wp-content\/uploads\/2023\/06\/bruckner-detail-300x169.jpg 300w, https:\/\/www.textilegence.com\/wp-content\/uploads\/2023\/06\/bruckner-detail-600x338.jpg 600w, https:\/\/www.textilegence.com\/wp-content\/uploads\/2023\/06\/bruckner-detail-696x392.jpg 696w, https:\/\/www.textilegence.com\/wp-content\/uploads\/2023\/06\/bruckner-detail-1068x601.jpg 1068w\" sizes=\"auto, (max-width: 1920px) 100vw, 1920px\" \/><figcaption class=\"wp-element-caption\">BR\u00dcCKNER at ITMA 2023: Discovery of climate-neutral finishing possibilities<\/figcaption><\/figure>\n<\/div>\n\n\n<h2 class=\"wp-block-heading\" id=\"h-smart-production-systems\">Smart Production Systems<\/h2>\n\n\n\n<p>Digital products and services are another highlight. On request, new lines are equipped with various intelligent assistance systems that support the machine operator in finding the optimum machine setting for each process. A special innovation is the new simulation tool ExperTex: with the help of artificial intelligence, the desired production process of drying or heat-setting is simulated on the computer. Different scenarios can then be compared with each other: Throughput times, energy consumption, CO2 footprint and production costs. This innovative system offers customers considerable added value, as it allows accurate pre-calculation of orders, opens up productivity gains and\/or energy savings, and permits &#8220;right-first-time production&#8221; by means of pre-optimized formulas. Expert knowledge and years of experience in textile finishing are thus available at the push of a button. This tool and much more will be available to customers in the new myBr\u00fcckner customer portal in the future. All important machine information, access to digital services, and a service system will be bundled there and can be accessed at any time.<\/p>\n\n\n\n<p>Another point Br\u00fcckner to focus on ITMA 2023 will be heat-recovery and exhaust air purification systems. The new generation of ECO-HEAT heat-recovery and ECO-AIR exhaust air purification systems features a new type of intelligent control. Both types of lines can also be retrofitted at any time to older lines from various manufacturers in order to realize the best possible energy savings and solve existing exhaust air problems. All exhaust air treatment systems can be tested in advance at customers\u2019 sites by means of laboratory systems in order to better assess utilization rate and efficiency.<\/p>\n\n\n\n<h2 class=\"wp-block-heading\" id=\"h-innovative-systems-for-the-application-of-chemicals\">Innovative systems for the application of chemicals<\/h2>\n\n\n\n<p>Customers can inform themselves on the BR\u00dcCKNER booth also about numerous further possibilities to save primary resources such as energy, water, chemicals and waste water. It includes the minimum application unit ECO-COAT, a new type of padder with minimum preparation quantity or residual liquor, and a further developed coating unit OPTI-COAT 2in1, which combines the use of floating knife and knife-over-cylinder application in one system. With a high-precision coating cylinder and a perfectly ground coating knife, excellent results can be achieved for paste and foam coatings. In addition, the special design of the unit ensures optimum accessibility for cleaning and maintenance purposes.<\/p>\n\n\n\n<p>Another highlight is a completely new designed high-performance relaxation dryer POWER-DRY which can be heated CO2-free by means of a high-temperature heat pump. In order to show the variety of BR\u00dcCKNER&#8217;s product portfolio and to illustrate technologies in a realistic and \u2018tangible\u2019 way, many machine models will also be exhibited.<\/p>\n\n\n\n<p>The BR\u00dcCKNER team is looking forward to meet visitors personally and to talk about further innovations at ITMA 2023.<\/p>\n","protected":false},"excerpt":{"rendered":"<p>BR\u00dcCKNER, one of the leading suppliers of customized machinery and lines, will present innovative and trend-setting highlights for textile finishing and coating at ITMA 2023 in Milan. At booth A101 in hall 18, the company will show the next stenter generation POWER-FRAME SFP-4 with many new features: new electric \/ hydrogen-powered heating systems, intelligent software [&hellip;]<\/p>\n","protected":false},"author":26,"featured_media":54501,"comment_status":"closed","ping_status":"closed","sticky":false,"template":"","format":"standard","meta":{"footnotes":""},"categories":[16254],"tags":[10256,16214,10369],"class_list":{"0":"post-54505","1":"post","2":"type-post","3":"status-publish","4":"format-standard","5":"has-post-thumbnail","7":"category-itma-fair","8":"tag-bruckner","9":"tag-itma-2023","10":"tag-textile-news-en"},"yoast_head":"<!-- This site is optimized with the Yoast SEO Premium plugin v27.3 (Yoast SEO v27.3) - https:\/\/yoast.com\/product\/yoast-seo-premium-wordpress\/ -->\n<title>BR\u00dcCKNER at ITMA 2023: Discovery of climate-neutral finishing possibilities - Textilegence<\/title>\n<meta name=\"description\" content=\"BR\u00dcCKNER, one of the leading suppliers of customized machinery and lines, will present innovative and trend-setting highlights...\" \/>\n<meta name=\"robots\" content=\"index, follow, max-snippet:-1, max-image-preview:large, max-video-preview:-1\" \/>\n<link rel=\"canonical\" href=\"https:\/\/www.textilegence.com\/en\/bruckner-invites-to-explore-new-possibilities-for-climate-neutral-finishing\/\" \/>\n<meta property=\"og:locale\" content=\"en_US\" \/>\n<meta property=\"og:type\" content=\"article\" \/>\n<meta property=\"og:title\" content=\"BR\u00dcCKNER invites to explore new possibilities for climate-neutral finishing\" \/>\n<meta property=\"og:description\" content=\"BR\u00dcCKNER, one of the leading suppliers of customized machinery and lines, will present innovative and trend-setting highlights for textile finishing and\" \/>\n<meta property=\"og:url\" content=\"https:\/\/www.textilegence.com\/en\/bruckner-invites-to-explore-new-possibilities-for-climate-neutral-finishing\/\" \/>\n<meta property=\"og:site_name\" content=\"Textilegence Magazine and Digital Platform\" \/>\n<meta property=\"article:publisher\" content=\"https:\/\/www.facebook.com\/TextilegenceMagazine\" \/>\n<meta property=\"article:author\" content=\"https:\/\/www.facebook.com\/TextilegenceMagazine\" \/>\n<meta property=\"article:published_time\" content=\"2023-06-02T14:27:49+00:00\" \/>\n<meta property=\"article:modified_time\" content=\"2023-06-02T14:28:15+00:00\" \/>\n<meta property=\"og:image\" content=\"https:\/\/www.textilegence.com\/wp-content\/uploads\/2023\/06\/bruckner-textilegence.jpg\" \/>\n\t<meta property=\"og:image:width\" content=\"1920\" \/>\n\t<meta property=\"og:image:height\" content=\"1080\" \/>\n\t<meta property=\"og:image:type\" content=\"image\/jpeg\" \/>\n<meta name=\"author\" content=\"Ya\u011fmur Melis \u015eim\u015fek\" \/>\n<meta name=\"twitter:card\" content=\"summary_large_image\" \/>\n<meta name=\"twitter:creator\" content=\"@https:\/\/twitter.com\/textilegence\" \/>\n<meta name=\"twitter:site\" content=\"@textilegence\" \/>\n<meta name=\"twitter:label1\" content=\"Written by\" \/>\n\t<meta name=\"twitter:data1\" content=\"Ya\u011fmur Melis \u015eim\u015fek\" \/>\n\t<meta name=\"twitter:label2\" content=\"Est. reading time\" \/>\n\t<meta name=\"twitter:data2\" content=\"5 minutes\" \/>\n<script type=\"application\/ld+json\" class=\"yoast-schema-graph\">{\"@context\":\"https:\\\/\\\/schema.org\",\"@graph\":[{\"@type\":\"NewsArticle\",\"@id\":\"https:\\\/\\\/www.textilegence.com\\\/en\\\/bruckner-invites-to-explore-new-possibilities-for-climate-neutral-finishing\\\/#article\",\"isPartOf\":{\"@id\":\"https:\\\/\\\/www.textilegence.com\\\/en\\\/bruckner-invites-to-explore-new-possibilities-for-climate-neutral-finishing\\\/\"},\"author\":{\"name\":\"Ya\u011fmur Melis \u015eim\u015fek\",\"@id\":\"https:\\\/\\\/www.textilegence.com\\\/en\\\/#\\\/schema\\\/person\\\/cfa6baf17f0478131c673c93a9b88ef3\"},\"headline\":\"BR\u00dcCKNER invites to explore new possibilities for climate-neutral finishing\",\"datePublished\":\"2023-06-02T14:27:49+00:00\",\"dateModified\":\"2023-06-02T14:28:15+00:00\",\"mainEntityOfPage\":{\"@id\":\"https:\\\/\\\/www.textilegence.com\\\/en\\\/bruckner-invites-to-explore-new-possibilities-for-climate-neutral-finishing\\\/\"},\"wordCount\":686,\"publisher\":{\"@id\":\"https:\\\/\\\/www.textilegence.com\\\/en\\\/#organization\"},\"image\":{\"@id\":\"https:\\\/\\\/www.textilegence.com\\\/en\\\/bruckner-invites-to-explore-new-possibilities-for-climate-neutral-finishing\\\/#primaryimage\"},\"thumbnailUrl\":\"https:\\\/\\\/www.textilegence.com\\\/wp-content\\\/uploads\\\/2023\\\/06\\\/bruckner-textilegence.jpg\",\"keywords\":[\"br\u00fcckner\",\"ITMA 2023\",\"textile news\"],\"articleSection\":[\"ITMA\"],\"inLanguage\":\"en-US\"},{\"@type\":\"WebPage\",\"@id\":\"https:\\\/\\\/www.textilegence.com\\\/en\\\/bruckner-invites-to-explore-new-possibilities-for-climate-neutral-finishing\\\/\",\"url\":\"https:\\\/\\\/www.textilegence.com\\\/en\\\/bruckner-invites-to-explore-new-possibilities-for-climate-neutral-finishing\\\/\",\"name\":\"BR\u00dcCKNER at ITMA 2023: Discovery of climate-neutral finishing possibilities - Textilegence\",\"isPartOf\":{\"@id\":\"https:\\\/\\\/www.textilegence.com\\\/en\\\/#website\"},\"primaryImageOfPage\":{\"@id\":\"https:\\\/\\\/www.textilegence.com\\\/en\\\/bruckner-invites-to-explore-new-possibilities-for-climate-neutral-finishing\\\/#primaryimage\"},\"image\":{\"@id\":\"https:\\\/\\\/www.textilegence.com\\\/en\\\/bruckner-invites-to-explore-new-possibilities-for-climate-neutral-finishing\\\/#primaryimage\"},\"thumbnailUrl\":\"https:\\\/\\\/www.textilegence.com\\\/wp-content\\\/uploads\\\/2023\\\/06\\\/bruckner-textilegence.jpg\",\"datePublished\":\"2023-06-02T14:27:49+00:00\",\"dateModified\":\"2023-06-02T14:28:15+00:00\",\"description\":\"BR\u00dcCKNER, one of the leading suppliers of customized machinery and lines, will present innovative and trend-setting highlights...\",\"breadcrumb\":{\"@id\":\"https:\\\/\\\/www.textilegence.com\\\/en\\\/bruckner-invites-to-explore-new-possibilities-for-climate-neutral-finishing\\\/#breadcrumb\"},\"inLanguage\":\"en-US\",\"potentialAction\":[{\"@type\":\"ReadAction\",\"target\":[\"https:\\\/\\\/www.textilegence.com\\\/en\\\/bruckner-invites-to-explore-new-possibilities-for-climate-neutral-finishing\\\/\"]}]},{\"@type\":\"ImageObject\",\"inLanguage\":\"en-US\",\"@id\":\"https:\\\/\\\/www.textilegence.com\\\/en\\\/bruckner-invites-to-explore-new-possibilities-for-climate-neutral-finishing\\\/#primaryimage\",\"url\":\"https:\\\/\\\/www.textilegence.com\\\/wp-content\\\/uploads\\\/2023\\\/06\\\/bruckner-textilegence.jpg\",\"contentUrl\":\"https:\\\/\\\/www.textilegence.com\\\/wp-content\\\/uploads\\\/2023\\\/06\\\/bruckner-textilegence.jpg\",\"width\":1920,\"height\":1080},{\"@type\":\"BreadcrumbList\",\"@id\":\"https:\\\/\\\/www.textilegence.com\\\/en\\\/bruckner-invites-to-explore-new-possibilities-for-climate-neutral-finishing\\\/#breadcrumb\",\"itemListElement\":[{\"@type\":\"ListItem\",\"position\":1,\"name\":\"Home Page\",\"item\":\"https:\\\/\\\/www.textilegence.com\\\/en\\\/homepage-the-rimont\\\/\"},{\"@type\":\"ListItem\",\"position\":2,\"name\":\"ITMA\",\"item\":\"https:\\\/\\\/www.textilegence.com\\\/en\\\/category\\\/itma-fair\\\/\"},{\"@type\":\"ListItem\",\"position\":3,\"name\":\"BR\u00dcCKNER invites to explore new possibilities for climate-neutral finishing\"}]},{\"@type\":\"WebSite\",\"@id\":\"https:\\\/\\\/www.textilegence.com\\\/en\\\/#website\",\"url\":\"https:\\\/\\\/www.textilegence.com\\\/en\\\/\",\"name\":\"Textilegence Magazine and Digital Platform\",\"description\":\"Textile News Center\",\"publisher\":{\"@id\":\"https:\\\/\\\/www.textilegence.com\\\/en\\\/#organization\"},\"potentialAction\":[{\"@type\":\"SearchAction\",\"target\":{\"@type\":\"EntryPoint\",\"urlTemplate\":\"https:\\\/\\\/www.textilegence.com\\\/en\\\/?s={search_term_string}\"},\"query-input\":{\"@type\":\"PropertyValueSpecification\",\"valueRequired\":true,\"valueName\":\"search_term_string\"}}],\"inLanguage\":\"en-US\"},{\"@type\":\"Organization\",\"@id\":\"https:\\\/\\\/www.textilegence.com\\\/en\\\/#organization\",\"name\":\"Textilegence Magazine and Digital Platform\",\"url\":\"https:\\\/\\\/www.textilegence.com\\\/en\\\/\",\"logo\":{\"@type\":\"ImageObject\",\"inLanguage\":\"en-US\",\"@id\":\"https:\\\/\\\/www.textilegence.com\\\/en\\\/#\\\/schema\\\/logo\\\/image\\\/\",\"url\":\"https:\\\/\\\/www.textilegence.com\\\/wp-content\\\/uploads\\\/2016\\\/11\\\/New_Retina_Logo_Textilegence.png\",\"contentUrl\":\"https:\\\/\\\/www.textilegence.com\\\/wp-content\\\/uploads\\\/2016\\\/11\\\/New_Retina_Logo_Textilegence.png\",\"width\":544,\"height\":180,\"caption\":\"Textilegence Magazine and Digital Platform\"},\"image\":{\"@id\":\"https:\\\/\\\/www.textilegence.com\\\/en\\\/#\\\/schema\\\/logo\\\/image\\\/\"},\"sameAs\":[\"https:\\\/\\\/www.facebook.com\\\/TextilegenceMagazine\",\"https:\\\/\\\/x.com\\\/textilegence\",\"https:\\\/\\\/www.instagram.com\\\/textilegence\\\/\",\"https:\\\/\\\/www.linkedin.com\\\/groups\\\/Textilegence-Magazine-Digital-Platform-4897253\",\"https:\\\/\\\/www.youtube.com\\\/user\\\/textilegence\"],\"description\":\"Textilegence is a magazine and digital platform established in 2013. It focuses on the textile industry and sub-segments. The platform provides news, articles, and updates on various aspects of the textile industry, including sustainability, technological advancements, and market trends.\",\"email\":\"editor@textilegence.com\",\"telephone\":\"+90 212 442 24 12\",\"legalName\":\"Textilegence Mag and Digital Platform\",\"foundingDate\":\"2013-01-01\",\"numberOfEmployees\":{\"@type\":\"QuantitativeValue\",\"minValue\":\"1\",\"maxValue\":\"10\"}},{\"@type\":\"Person\",\"@id\":\"https:\\\/\\\/www.textilegence.com\\\/en\\\/#\\\/schema\\\/person\\\/cfa6baf17f0478131c673c93a9b88ef3\",\"name\":\"Ya\u011fmur Melis \u015eim\u015fek\",\"image\":{\"@type\":\"ImageObject\",\"inLanguage\":\"en-US\",\"@id\":\"https:\\\/\\\/www.textilegence.com\\\/wp-content\\\/uploads\\\/2022\\\/03\\\/Yagmur_photo1.jpg\",\"url\":\"https:\\\/\\\/www.textilegence.com\\\/wp-content\\\/uploads\\\/2022\\\/03\\\/Yagmur_photo1.jpg\",\"contentUrl\":\"https:\\\/\\\/www.textilegence.com\\\/wp-content\\\/uploads\\\/2022\\\/03\\\/Yagmur_photo1.jpg\",\"caption\":\"Ya\u011fmur Melis \u015eim\u015fek\"},\"description\":\"Ya\u011fmur Melis \u015eim\u015fek, Saint-Beno\u00eet Frans\u0131z Lisesi\u2019nde e\u011fitim g\u00f6rm\u00fc\u015f, ard\u0131ndan Anadolu \u00dcniversitesi\u2019nde iki y\u0131ll\u0131k Foto\u011fraf\u00e7\u0131l\u0131k B\u00f6l\u00fcm\u00fc\u2019n\u00fc tamamlam\u0131\u015ft\u0131r. Daha sonra lisans e\u011fitimini \u0130stanbul \u00dcniversitesi Gazetecilik B\u00f6l\u00fcm\u00fc\u2019nde s\u00fcrd\u00fcrm\u00fc\u015f, mezuniyetin ard\u0131ndan ise 2017 y\u0131l\u0131nda i\u015f hayat\u0131na at\u0131lm\u0131\u015ft\u0131r. Pek \u00e7ok farkl\u0131 projede, foto\u011fraf\u00e7\u0131l\u0131k ve grafik tasar\u0131mc\u0131l\u0131\u011f\u0131n yan\u0131 s\u0131ra teknoloji alan\u0131nda i\u00e7erik ve haber yazarl\u0131\u011f\u0131 gibi \u00e7e\u015fitli pozisyonlarda yer alan \u015eim\u015fek, 2021 y\u0131l\u0131ndan bu yana Textilegence\u2019da d\u0131\u015f haberlerde yard\u0131mc\u0131 edit\u00f6r olarak g\u00f6rev yapmaktad\u0131r.\",\"sameAs\":[\"https:\\\/\\\/www.textilegence.com\\\/\",\"https:\\\/\\\/www.facebook.com\\\/TextilegenceMagazine\",\"https:\\\/\\\/www.instagram.com\\\/textilegence\\\/\",\"https:\\\/\\\/www.linkedin.com\\\/company\\\/2985016\",\"https:\\\/\\\/x.com\\\/https:\\\/\\\/twitter.com\\\/textilegence\",\"https:\\\/\\\/www.youtube.com\\\/channel\\\/UCgtcny5ljhiXu-yvOiAlpRA\"],\"url\":\"https:\\\/\\\/www.textilegence.com\\\/en\\\/author\\\/yms\\\/\"}]}<\/script>\n<!-- \/ Yoast SEO Premium plugin. -->","yoast_head_json":{"title":"BR\u00dcCKNER at ITMA 2023: Discovery of climate-neutral finishing possibilities - Textilegence","description":"BR\u00dcCKNER, one of the leading suppliers of customized machinery and lines, will present innovative and trend-setting highlights...","robots":{"index":"index","follow":"follow","max-snippet":"max-snippet:-1","max-image-preview":"max-image-preview:large","max-video-preview":"max-video-preview:-1"},"canonical":"https:\/\/www.textilegence.com\/en\/bruckner-invites-to-explore-new-possibilities-for-climate-neutral-finishing\/","og_locale":"en_US","og_type":"article","og_title":"BR\u00dcCKNER invites to explore new possibilities for climate-neutral finishing","og_description":"BR\u00dcCKNER, one of the leading suppliers of customized machinery and lines, will present innovative and trend-setting highlights for textile finishing and","og_url":"https:\/\/www.textilegence.com\/en\/bruckner-invites-to-explore-new-possibilities-for-climate-neutral-finishing\/","og_site_name":"Textilegence Magazine and Digital Platform","article_publisher":"https:\/\/www.facebook.com\/TextilegenceMagazine","article_author":"https:\/\/www.facebook.com\/TextilegenceMagazine","article_published_time":"2023-06-02T14:27:49+00:00","article_modified_time":"2023-06-02T14:28:15+00:00","og_image":[{"width":1920,"height":1080,"url":"https:\/\/www.textilegence.com\/wp-content\/uploads\/2023\/06\/bruckner-textilegence.jpg","type":"image\/jpeg"}],"author":"Ya\u011fmur Melis \u015eim\u015fek","twitter_card":"summary_large_image","twitter_creator":"@https:\/\/twitter.com\/textilegence","twitter_site":"@textilegence","twitter_misc":{"Written by":"Ya\u011fmur Melis \u015eim\u015fek","Est. reading time":"5 minutes"},"schema":{"@context":"https:\/\/schema.org","@graph":[{"@type":"NewsArticle","@id":"https:\/\/www.textilegence.com\/en\/bruckner-invites-to-explore-new-possibilities-for-climate-neutral-finishing\/#article","isPartOf":{"@id":"https:\/\/www.textilegence.com\/en\/bruckner-invites-to-explore-new-possibilities-for-climate-neutral-finishing\/"},"author":{"name":"Ya\u011fmur Melis \u015eim\u015fek","@id":"https:\/\/www.textilegence.com\/en\/#\/schema\/person\/cfa6baf17f0478131c673c93a9b88ef3"},"headline":"BR\u00dcCKNER invites to explore new possibilities for climate-neutral finishing","datePublished":"2023-06-02T14:27:49+00:00","dateModified":"2023-06-02T14:28:15+00:00","mainEntityOfPage":{"@id":"https:\/\/www.textilegence.com\/en\/bruckner-invites-to-explore-new-possibilities-for-climate-neutral-finishing\/"},"wordCount":686,"publisher":{"@id":"https:\/\/www.textilegence.com\/en\/#organization"},"image":{"@id":"https:\/\/www.textilegence.com\/en\/bruckner-invites-to-explore-new-possibilities-for-climate-neutral-finishing\/#primaryimage"},"thumbnailUrl":"https:\/\/www.textilegence.com\/wp-content\/uploads\/2023\/06\/bruckner-textilegence.jpg","keywords":["br\u00fcckner","ITMA 2023","textile news"],"articleSection":["ITMA"],"inLanguage":"en-US"},{"@type":"WebPage","@id":"https:\/\/www.textilegence.com\/en\/bruckner-invites-to-explore-new-possibilities-for-climate-neutral-finishing\/","url":"https:\/\/www.textilegence.com\/en\/bruckner-invites-to-explore-new-possibilities-for-climate-neutral-finishing\/","name":"BR\u00dcCKNER at ITMA 2023: Discovery of climate-neutral finishing possibilities - Textilegence","isPartOf":{"@id":"https:\/\/www.textilegence.com\/en\/#website"},"primaryImageOfPage":{"@id":"https:\/\/www.textilegence.com\/en\/bruckner-invites-to-explore-new-possibilities-for-climate-neutral-finishing\/#primaryimage"},"image":{"@id":"https:\/\/www.textilegence.com\/en\/bruckner-invites-to-explore-new-possibilities-for-climate-neutral-finishing\/#primaryimage"},"thumbnailUrl":"https:\/\/www.textilegence.com\/wp-content\/uploads\/2023\/06\/bruckner-textilegence.jpg","datePublished":"2023-06-02T14:27:49+00:00","dateModified":"2023-06-02T14:28:15+00:00","description":"BR\u00dcCKNER, one of the leading suppliers of customized machinery and lines, will present innovative and trend-setting highlights...","breadcrumb":{"@id":"https:\/\/www.textilegence.com\/en\/bruckner-invites-to-explore-new-possibilities-for-climate-neutral-finishing\/#breadcrumb"},"inLanguage":"en-US","potentialAction":[{"@type":"ReadAction","target":["https:\/\/www.textilegence.com\/en\/bruckner-invites-to-explore-new-possibilities-for-climate-neutral-finishing\/"]}]},{"@type":"ImageObject","inLanguage":"en-US","@id":"https:\/\/www.textilegence.com\/en\/bruckner-invites-to-explore-new-possibilities-for-climate-neutral-finishing\/#primaryimage","url":"https:\/\/www.textilegence.com\/wp-content\/uploads\/2023\/06\/bruckner-textilegence.jpg","contentUrl":"https:\/\/www.textilegence.com\/wp-content\/uploads\/2023\/06\/bruckner-textilegence.jpg","width":1920,"height":1080},{"@type":"BreadcrumbList","@id":"https:\/\/www.textilegence.com\/en\/bruckner-invites-to-explore-new-possibilities-for-climate-neutral-finishing\/#breadcrumb","itemListElement":[{"@type":"ListItem","position":1,"name":"Home Page","item":"https:\/\/www.textilegence.com\/en\/homepage-the-rimont\/"},{"@type":"ListItem","position":2,"name":"ITMA","item":"https:\/\/www.textilegence.com\/en\/category\/itma-fair\/"},{"@type":"ListItem","position":3,"name":"BR\u00dcCKNER invites to explore new possibilities for climate-neutral finishing"}]},{"@type":"WebSite","@id":"https:\/\/www.textilegence.com\/en\/#website","url":"https:\/\/www.textilegence.com\/en\/","name":"Textilegence Magazine and Digital Platform","description":"Textile News Center","publisher":{"@id":"https:\/\/www.textilegence.com\/en\/#organization"},"potentialAction":[{"@type":"SearchAction","target":{"@type":"EntryPoint","urlTemplate":"https:\/\/www.textilegence.com\/en\/?s={search_term_string}"},"query-input":{"@type":"PropertyValueSpecification","valueRequired":true,"valueName":"search_term_string"}}],"inLanguage":"en-US"},{"@type":"Organization","@id":"https:\/\/www.textilegence.com\/en\/#organization","name":"Textilegence Magazine and Digital Platform","url":"https:\/\/www.textilegence.com\/en\/","logo":{"@type":"ImageObject","inLanguage":"en-US","@id":"https:\/\/www.textilegence.com\/en\/#\/schema\/logo\/image\/","url":"https:\/\/www.textilegence.com\/wp-content\/uploads\/2016\/11\/New_Retina_Logo_Textilegence.png","contentUrl":"https:\/\/www.textilegence.com\/wp-content\/uploads\/2016\/11\/New_Retina_Logo_Textilegence.png","width":544,"height":180,"caption":"Textilegence Magazine and Digital Platform"},"image":{"@id":"https:\/\/www.textilegence.com\/en\/#\/schema\/logo\/image\/"},"sameAs":["https:\/\/www.facebook.com\/TextilegenceMagazine","https:\/\/x.com\/textilegence","https:\/\/www.instagram.com\/textilegence\/","https:\/\/www.linkedin.com\/groups\/Textilegence-Magazine-Digital-Platform-4897253","https:\/\/www.youtube.com\/user\/textilegence"],"description":"Textilegence is a magazine and digital platform established in 2013. It focuses on the textile industry and sub-segments. The platform provides news, articles, and updates on various aspects of the textile industry, including sustainability, technological advancements, and market trends.","email":"editor@textilegence.com","telephone":"+90 212 442 24 12","legalName":"Textilegence Mag and Digital Platform","foundingDate":"2013-01-01","numberOfEmployees":{"@type":"QuantitativeValue","minValue":"1","maxValue":"10"}},{"@type":"Person","@id":"https:\/\/www.textilegence.com\/en\/#\/schema\/person\/cfa6baf17f0478131c673c93a9b88ef3","name":"Ya\u011fmur Melis \u015eim\u015fek","image":{"@type":"ImageObject","inLanguage":"en-US","@id":"https:\/\/www.textilegence.com\/wp-content\/uploads\/2022\/03\/Yagmur_photo1.jpg","url":"https:\/\/www.textilegence.com\/wp-content\/uploads\/2022\/03\/Yagmur_photo1.jpg","contentUrl":"https:\/\/www.textilegence.com\/wp-content\/uploads\/2022\/03\/Yagmur_photo1.jpg","caption":"Ya\u011fmur Melis \u015eim\u015fek"},"description":"Ya\u011fmur Melis \u015eim\u015fek, Saint-Beno\u00eet Frans\u0131z Lisesi\u2019nde e\u011fitim g\u00f6rm\u00fc\u015f, ard\u0131ndan Anadolu \u00dcniversitesi\u2019nde iki y\u0131ll\u0131k Foto\u011fraf\u00e7\u0131l\u0131k B\u00f6l\u00fcm\u00fc\u2019n\u00fc tamamlam\u0131\u015ft\u0131r. Daha sonra lisans e\u011fitimini \u0130stanbul \u00dcniversitesi Gazetecilik B\u00f6l\u00fcm\u00fc\u2019nde s\u00fcrd\u00fcrm\u00fc\u015f, mezuniyetin ard\u0131ndan ise 2017 y\u0131l\u0131nda i\u015f hayat\u0131na at\u0131lm\u0131\u015ft\u0131r. Pek \u00e7ok farkl\u0131 projede, foto\u011fraf\u00e7\u0131l\u0131k ve grafik tasar\u0131mc\u0131l\u0131\u011f\u0131n yan\u0131 s\u0131ra teknoloji alan\u0131nda i\u00e7erik ve haber yazarl\u0131\u011f\u0131 gibi \u00e7e\u015fitli pozisyonlarda yer alan \u015eim\u015fek, 2021 y\u0131l\u0131ndan bu yana Textilegence\u2019da d\u0131\u015f haberlerde yard\u0131mc\u0131 edit\u00f6r olarak g\u00f6rev yapmaktad\u0131r.","sameAs":["https:\/\/www.textilegence.com\/","https:\/\/www.facebook.com\/TextilegenceMagazine","https:\/\/www.instagram.com\/textilegence\/","https:\/\/www.linkedin.com\/company\/2985016","https:\/\/x.com\/https:\/\/twitter.com\/textilegence","https:\/\/www.youtube.com\/channel\/UCgtcny5ljhiXu-yvOiAlpRA"],"url":"https:\/\/www.textilegence.com\/en\/author\/yms\/"}]}},"_links":{"self":[{"href":"https:\/\/www.textilegence.com\/en\/wp-json\/wp\/v2\/posts\/54505","targetHints":{"allow":["GET"]}}],"collection":[{"href":"https:\/\/www.textilegence.com\/en\/wp-json\/wp\/v2\/posts"}],"about":[{"href":"https:\/\/www.textilegence.com\/en\/wp-json\/wp\/v2\/types\/post"}],"author":[{"embeddable":true,"href":"https:\/\/www.textilegence.com\/en\/wp-json\/wp\/v2\/users\/26"}],"replies":[{"embeddable":true,"href":"https:\/\/www.textilegence.com\/en\/wp-json\/wp\/v2\/comments?post=54505"}],"version-history":[{"count":0,"href":"https:\/\/www.textilegence.com\/en\/wp-json\/wp\/v2\/posts\/54505\/revisions"}],"wp:featuredmedia":[{"embeddable":true,"href":"https:\/\/www.textilegence.com\/en\/wp-json\/wp\/v2\/media\/54501"}],"wp:attachment":[{"href":"https:\/\/www.textilegence.com\/en\/wp-json\/wp\/v2\/media?parent=54505"}],"wp:term":[{"taxonomy":"category","embeddable":true,"href":"https:\/\/www.textilegence.com\/en\/wp-json\/wp\/v2\/categories?post=54505"},{"taxonomy":"post_tag","embeddable":true,"href":"https:\/\/www.textilegence.com\/en\/wp-json\/wp\/v2\/tags?post=54505"}],"curies":[{"name":"wp","href":"https:\/\/api.w.org\/{rel}","templated":true}]}}