{"id":54744,"date":"2023-06-20T14:42:01","date_gmt":"2023-06-20T11:42:01","guid":{"rendered":"http:\/\/www.textilegence.com\/?p=54744"},"modified":"2023-06-20T14:42:12","modified_gmt":"2023-06-20T11:42:12","slug":"textile-sector-stages-its-great-show-at-itma-2023-milan","status":"publish","type":"post","link":"https:\/\/www.textilegence.com\/en\/textile-sector-stages-its-great-show-at-itma-2023-milan\/","title":{"rendered":"Textile sector stages its great show at ITMA 2023 Milan"},"content":{"rendered":"\n<p>ITMA 2023 held in Milan for the first time after the pandemic had undoubtedly been the most important meeting of the global textile sector. While leaving behind 7 days full of launches and machine sales, textile professionals from all over the world came together, this highly anticipated <a href=\"https:\/\/www.textilegence.com\/en\/category\/itma-fair\/\" target=\"_blank\" rel=\"noreferrer noopener\">exhibition<\/a> since its 2019 <a href=\"https:\/\/www.itma.com\/\" target=\"_blank\" rel=\"noreferrer noopener\">edition <\/a>in Barcelona, has stuck in mind with cutting-edge technologies that shape the textile industry\u2019s future towards sustainability and digitalisation and attractive demonstrations. As Textilegence, we also followed the exhibition on-site and witnessed the brands\u2019 exciting shows, which are the fruits of four years, of bringing to the scene first-hand.<\/p>\n\n\n\n<p>1,709 exhibitors including the global industry\u2019s major players such as Tr\u00fctzschler, Mayer &amp; Cie., Br\u00fcckner, Konica Minolta and more from spinning to weaving, knitting to finishing, dyeing to printing shared their latest solutions for changing market demands on June, 8-14. Over 111,000 visitors from 143 countries have come to ITMA 2023 to discover new opportunities. The top six visitor arrival countries are Italy (29%), followed by Turkey, India and Germany (6% each), France (4%) and Brazil (3%).<\/p>\n\n\n<div class=\"wp-block-image\">\n<figure class=\"aligncenter size-full\"><img loading=\"lazy\" decoding=\"async\" width=\"1920\" height=\"1080\" src=\"https:\/\/www.textilegence.com\/wp-content\/uploads\/2023\/06\/itma-2023-detail.jpg\" alt=\"\" class=\"wp-image-54737\" srcset=\"https:\/\/www.textilegence.com\/wp-content\/uploads\/2023\/06\/itma-2023-detail.jpg 1920w, https:\/\/www.textilegence.com\/wp-content\/uploads\/2023\/06\/itma-2023-detail-768x432.jpg 768w, https:\/\/www.textilegence.com\/wp-content\/uploads\/2023\/06\/itma-2023-detail-1536x864.jpg 1536w, https:\/\/www.textilegence.com\/wp-content\/uploads\/2023\/06\/itma-2023-detail-300x169.jpg 300w, https:\/\/www.textilegence.com\/wp-content\/uploads\/2023\/06\/itma-2023-detail-600x338.jpg 600w, https:\/\/www.textilegence.com\/wp-content\/uploads\/2023\/06\/itma-2023-detail-696x392.jpg 696w, https:\/\/www.textilegence.com\/wp-content\/uploads\/2023\/06\/itma-2023-detail-1068x601.jpg 1068w\" sizes=\"auto, (max-width: 1920px) 100vw, 1920px\" \/><figcaption class=\"wp-element-caption\">Textile sector stages its great show at ITMA 2023 Milan<\/figcaption><\/figure>\n<\/div>\n\n\n<h2 class=\"wp-block-heading\" id=\"h-transformation-journey-toward-digitalisation-and-sustainability-has-taken-a-huge-leap-forward-at-itma-2023\">\u201cTransformation journey toward digitalisation and sustainability has taken a huge leap forward at ITMA 2023\u201d<\/h2>\n\n\n\n<p>CEMATEX President Ernesto Maurer said that this edition has been a great success with the visitorship higher than the previous exhibition in 2019 and noted that at this ITMA, the transformation journey toward digitalisation and sustainability has taken a huge leap forward. Maurer continued: \u201cIt has been a mega gathering with the presence of stakeholders of the entire textile and garment making ecosystem. CEMATEX associations and their member companies, as well as all other exhibitors, are delighted with the results as the exhibition has surpassed all our expectations.\u201d<\/p>\n\n\n\n<p>ACIMIT Director Federico Pellegata commented: \u201cThe results of Milan edition confirmed ITMA as the most important showcase for the world textile machinery industry. It was a great success, judging from the quality of visitors in attendance, and many Italian exhibitors have secured contracts and sold their machines.\u201d<\/p>\n\n\n<div class=\"wp-block-image\">\n<figure class=\"aligncenter size-full\"><img loading=\"lazy\" decoding=\"async\" width=\"1920\" height=\"1080\" src=\"https:\/\/www.textilegence.com\/wp-content\/uploads\/2023\/06\/itma-2023-detail1.jpg\" alt=\"\" class=\"wp-image-54739\" srcset=\"https:\/\/www.textilegence.com\/wp-content\/uploads\/2023\/06\/itma-2023-detail1.jpg 1920w, https:\/\/www.textilegence.com\/wp-content\/uploads\/2023\/06\/itma-2023-detail1-768x432.jpg 768w, https:\/\/www.textilegence.com\/wp-content\/uploads\/2023\/06\/itma-2023-detail1-1536x864.jpg 1536w, https:\/\/www.textilegence.com\/wp-content\/uploads\/2023\/06\/itma-2023-detail1-300x169.jpg 300w, https:\/\/www.textilegence.com\/wp-content\/uploads\/2023\/06\/itma-2023-detail1-600x338.jpg 600w, https:\/\/www.textilegence.com\/wp-content\/uploads\/2023\/06\/itma-2023-detail1-696x392.jpg 696w, https:\/\/www.textilegence.com\/wp-content\/uploads\/2023\/06\/itma-2023-detail1-1068x601.jpg 1068w\" sizes=\"auto, (max-width: 1920px) 100vw, 1920px\" \/><figcaption class=\"wp-element-caption\">CEMATEX President Ernesto Maurer<\/figcaption><\/figure>\n<\/div>\n\n\n<h2 class=\"wp-block-heading\" id=\"h-delegations-from-leading-textile-producing-countries-showed-great-interest-in-the-exhibition\">Delegations from leading textile-producing countries showed great interest in the exhibition<\/h2>\n\n\n\n<p>The 19th edition of the world\u2019s largest textile and garment technology exhibition also drew the participation of several delegations and supporting organisation groups. Among many officials and government representatives, ITMA 2023 hosted high-level country delegations from two of the major textile producing countries, India and Uzbekistan. The delegation from the 6th largest cotton producer in the world was led by President Shavkat Mirziyoyev of Uzbekistan, who declared his strong intentions to boost the textile industry in his country. Mirziyoyev visited the stands of important manufacturers in the weaving segment, especially St\u00e4ubli, and received detailed information.<\/p>\n\n\n\n<p>&nbsp;India was represented by Darshana Vikram Jardosh, Minister of State (Textiles and Railways) of India who led the Confederation of Indian Textile Industry (CITI) business delegation. The delegation comprised 39 top Indian textile and apparel CEOs keened to seize new opportunities by riding on the digitalisation and sustainability wave.<\/p>\n\n\n\n<p>Jardosh, saying that ITMA 2023 was an excellent showcase of textile machinery, stated: \u201cI am confident that interactions during the fair will further spur investments in the sector and help India achieve Prime Minister Narendra Modi\u2019s 5F vision of Farm to Fibre to Factory to Fashion to Foreign vision.\u201d<\/p>\n\n\n\n<p>ITMA 2023 also welcomed Valentina Superti, Director, European Commission, DG GROW-Internal Market, Industry, Entrepreneurship and SMEs. She gave a presentation at the Impact Financing for Sustainable Transformation forum.<\/p>\n\n\n\n<h2 class=\"wp-block-heading\" id=\"h-exhibitors-left-the-exhibition-satisfied\">Exhibitors left the exhibition satisfied<\/h2>\n\n\n\n<p>Exhibitors, ranging from start-ups to seasoned industry bellwethers at ITMA, gave the 2023 edition the thumbs up. CEO of Karl Mayer Group Arno G\u00e4rtner said that they had an unbelievable number of intensive discussions with their international customers and noted: \u201cWe are glad that the enforcement of IPR regulation is taken seriously at ITMA. We had successfully taken action against a case of infringement of our patent rights during the exhibition.\u201d<\/p>\n\n\n\n<p>In addition to the regular participants, some brands experience an ITMA exhibition for the first time. TreeToTextile Head of Application &amp; Sustainability Ida Alnemo said that ITMA 2023 in Milan was their first participation in a large trade show, where they were offered the opportunity to participate in the Start-up Valley, a truly innovative environment which drew high attention amongst the visitors. Alnemo stated: \u201cWe had an overwhelming positive response from all over the world, and from all parts of the value chain. ITMA has been a great platform for future collaboration needed to scale breakthrough innovations like ours, to make a positive change of the textile industry in offering better fibres to all.\u201d<\/p>\n\n\n\n<p>In addition, ITMAconnect, the world\u2019s largest digital listing of textile and garment technology manufacturers, was launched to complement this year\u2019s ITMA exhibition. Non ITMA 2023 visitors are now be able to access the platform to source and network with international technology owners and manufacturers who took part in the Milan exhibition.<\/p>\n\n\n<div class=\"wp-block-image\">\n<figure class=\"aligncenter size-full\"><img loading=\"lazy\" decoding=\"async\" width=\"1920\" height=\"1080\" src=\"https:\/\/www.textilegence.com\/wp-content\/uploads\/2023\/06\/itma-2023-detail2.jpg\" alt=\"\" class=\"wp-image-54742\" srcset=\"https:\/\/www.textilegence.com\/wp-content\/uploads\/2023\/06\/itma-2023-detail2.jpg 1920w, https:\/\/www.textilegence.com\/wp-content\/uploads\/2023\/06\/itma-2023-detail2-768x432.jpg 768w, https:\/\/www.textilegence.com\/wp-content\/uploads\/2023\/06\/itma-2023-detail2-1536x864.jpg 1536w, https:\/\/www.textilegence.com\/wp-content\/uploads\/2023\/06\/itma-2023-detail2-300x169.jpg 300w, https:\/\/www.textilegence.com\/wp-content\/uploads\/2023\/06\/itma-2023-detail2-600x338.jpg 600w, https:\/\/www.textilegence.com\/wp-content\/uploads\/2023\/06\/itma-2023-detail2-696x392.jpg 696w, https:\/\/www.textilegence.com\/wp-content\/uploads\/2023\/06\/itma-2023-detail2-1068x601.jpg 1068w\" sizes=\"auto, (max-width: 1920px) 100vw, 1920px\" \/><figcaption class=\"wp-element-caption\">Next stop of ITMA is Germany<\/figcaption><\/figure>\n<\/div>\n\n\n<h2 class=\"wp-block-heading\" id=\"h-next-stop-of-itma-is-germany\">Next stop of ITMA is Germany<\/h2>\n\n\n\n<p>ITMA, which successfully concluded another edition with an intense participation and interest, will bring the global textile industry together in Hannover in 2027 for the first time since 1991. ITMA 2027 will be held at the Hannover Exhibition Center on 16-22 September 2027.<\/p>\n\n\n\n<p>VDMA Textile Machinery Chairman Dr Janpeter Horn said that ITMA 2023 is one of the few international shows that did not suffer a drop in the number and quality of visitors after the pandemic and commented: \u201cThis speaks volumes about the brilliance of ITMA! The Milan exhibition has set the benchmark for ITMA 2027 in Hanover. We are eager and confident to continue ITMA\u2019s success story 36 years after it has been hosted there.\u201d<\/p>\n","protected":false},"excerpt":{"rendered":"<p>ITMA 2023 held in Milan for the first time after the pandemic had undoubtedly been the most important meeting of the global textile sector. While leaving behind 7 days full of launches and machine sales, textile professionals from all over the world came together, this highly anticipated exhibition since its 2019 edition in Barcelona, has [&hellip;]<\/p>\n","protected":false},"author":26,"featured_media":54735,"comment_status":"closed","ping_status":"closed","sticky":false,"template":"","format":"standard","meta":{"footnotes":""},"categories":[16254],"tags":[16214,10369],"class_list":{"0":"post-54744","1":"post","2":"type-post","3":"status-publish","4":"format-standard","5":"has-post-thumbnail","7":"category-itma-fair","8":"tag-itma-2023","9":"tag-textile-news-en"},"yoast_head":"<!-- This site is optimized with the Yoast SEO Premium plugin v27.3 (Yoast SEO v27.3) - https:\/\/yoast.com\/product\/yoast-seo-premium-wordpress\/ -->\n<title>Textile sector stages its great show at ITMA 2023 Milan - Textilegence<\/title>\n<meta name=\"description\" content=\"ITMA 2023 held in Milan for the first time after the pandemic had undoubtedly been the most important meeting of the global textile...\" \/>\n<meta name=\"robots\" content=\"index, follow, max-snippet:-1, max-image-preview:large, max-video-preview:-1\" \/>\n<link rel=\"canonical\" href=\"https:\/\/www.textilegence.com\/en\/textile-sector-stages-its-great-show-at-itma-2023-milan\/\" \/>\n<meta property=\"og:locale\" content=\"en_US\" \/>\n<meta property=\"og:type\" content=\"article\" \/>\n<meta property=\"og:title\" content=\"Textile sector stages its great show at ITMA 2023 Milan\" \/>\n<meta property=\"og:description\" content=\"ITMA 2023 held in Milan for the first time after the pandemic had undoubtedly been the most important meeting of the global textile sector. While leaving\" \/>\n<meta property=\"og:url\" content=\"https:\/\/www.textilegence.com\/en\/textile-sector-stages-its-great-show-at-itma-2023-milan\/\" \/>\n<meta property=\"og:site_name\" content=\"Textilegence Magazine and Digital Platform\" \/>\n<meta property=\"article:publisher\" content=\"https:\/\/www.facebook.com\/TextilegenceMagazine\" \/>\n<meta property=\"article:author\" content=\"https:\/\/www.facebook.com\/TextilegenceMagazine\" \/>\n<meta property=\"article:published_time\" content=\"2023-06-20T11:42:01+00:00\" \/>\n<meta property=\"article:modified_time\" content=\"2023-06-20T11:42:12+00:00\" \/>\n<meta property=\"og:image\" content=\"https:\/\/www.textilegence.com\/wp-content\/uploads\/2023\/06\/itma-2023-textilegence.jpg\" \/>\n\t<meta property=\"og:image:width\" content=\"1920\" \/>\n\t<meta property=\"og:image:height\" content=\"1080\" \/>\n\t<meta property=\"og:image:type\" content=\"image\/jpeg\" \/>\n<meta name=\"author\" content=\"Ya\u011fmur Melis \u015eim\u015fek\" \/>\n<meta name=\"twitter:card\" content=\"summary_large_image\" \/>\n<meta name=\"twitter:creator\" content=\"@https:\/\/twitter.com\/textilegence\" \/>\n<meta name=\"twitter:site\" content=\"@textilegence\" \/>\n<meta name=\"twitter:label1\" content=\"Written by\" \/>\n\t<meta name=\"twitter:data1\" content=\"Ya\u011fmur Melis \u015eim\u015fek\" \/>\n\t<meta name=\"twitter:label2\" content=\"Est. reading time\" \/>\n\t<meta name=\"twitter:data2\" content=\"7 minutes\" \/>\n<script type=\"application\/ld+json\" class=\"yoast-schema-graph\">{\"@context\":\"https:\\\/\\\/schema.org\",\"@graph\":[{\"@type\":\"NewsArticle\",\"@id\":\"https:\\\/\\\/www.textilegence.com\\\/en\\\/textile-sector-stages-its-great-show-at-itma-2023-milan\\\/#article\",\"isPartOf\":{\"@id\":\"https:\\\/\\\/www.textilegence.com\\\/en\\\/textile-sector-stages-its-great-show-at-itma-2023-milan\\\/\"},\"author\":{\"name\":\"Ya\u011fmur Melis \u015eim\u015fek\",\"@id\":\"https:\\\/\\\/www.textilegence.com\\\/en\\\/#\\\/schema\\\/person\\\/cfa6baf17f0478131c673c93a9b88ef3\"},\"headline\":\"Textile sector stages its great show at ITMA 2023 Milan\",\"datePublished\":\"2023-06-20T11:42:01+00:00\",\"dateModified\":\"2023-06-20T11:42:12+00:00\",\"mainEntityOfPage\":{\"@id\":\"https:\\\/\\\/www.textilegence.com\\\/en\\\/textile-sector-stages-its-great-show-at-itma-2023-milan\\\/\"},\"wordCount\":937,\"publisher\":{\"@id\":\"https:\\\/\\\/www.textilegence.com\\\/en\\\/#organization\"},\"image\":{\"@id\":\"https:\\\/\\\/www.textilegence.com\\\/en\\\/textile-sector-stages-its-great-show-at-itma-2023-milan\\\/#primaryimage\"},\"thumbnailUrl\":\"https:\\\/\\\/www.textilegence.com\\\/wp-content\\\/uploads\\\/2023\\\/06\\\/itma-2023-textilegence.jpg\",\"keywords\":[\"ITMA 2023\",\"textile news\"],\"articleSection\":[\"ITMA\"],\"inLanguage\":\"en-US\"},{\"@type\":\"WebPage\",\"@id\":\"https:\\\/\\\/www.textilegence.com\\\/en\\\/textile-sector-stages-its-great-show-at-itma-2023-milan\\\/\",\"url\":\"https:\\\/\\\/www.textilegence.com\\\/en\\\/textile-sector-stages-its-great-show-at-itma-2023-milan\\\/\",\"name\":\"Textile sector stages its great show at ITMA 2023 Milan - Textilegence\",\"isPartOf\":{\"@id\":\"https:\\\/\\\/www.textilegence.com\\\/en\\\/#website\"},\"primaryImageOfPage\":{\"@id\":\"https:\\\/\\\/www.textilegence.com\\\/en\\\/textile-sector-stages-its-great-show-at-itma-2023-milan\\\/#primaryimage\"},\"image\":{\"@id\":\"https:\\\/\\\/www.textilegence.com\\\/en\\\/textile-sector-stages-its-great-show-at-itma-2023-milan\\\/#primaryimage\"},\"thumbnailUrl\":\"https:\\\/\\\/www.textilegence.com\\\/wp-content\\\/uploads\\\/2023\\\/06\\\/itma-2023-textilegence.jpg\",\"datePublished\":\"2023-06-20T11:42:01+00:00\",\"dateModified\":\"2023-06-20T11:42:12+00:00\",\"description\":\"ITMA 2023 held in Milan for the first time after the pandemic had undoubtedly been the most important meeting of the global textile...\",\"breadcrumb\":{\"@id\":\"https:\\\/\\\/www.textilegence.com\\\/en\\\/textile-sector-stages-its-great-show-at-itma-2023-milan\\\/#breadcrumb\"},\"inLanguage\":\"en-US\",\"potentialAction\":[{\"@type\":\"ReadAction\",\"target\":[\"https:\\\/\\\/www.textilegence.com\\\/en\\\/textile-sector-stages-its-great-show-at-itma-2023-milan\\\/\"]}]},{\"@type\":\"ImageObject\",\"inLanguage\":\"en-US\",\"@id\":\"https:\\\/\\\/www.textilegence.com\\\/en\\\/textile-sector-stages-its-great-show-at-itma-2023-milan\\\/#primaryimage\",\"url\":\"https:\\\/\\\/www.textilegence.com\\\/wp-content\\\/uploads\\\/2023\\\/06\\\/itma-2023-textilegence.jpg\",\"contentUrl\":\"https:\\\/\\\/www.textilegence.com\\\/wp-content\\\/uploads\\\/2023\\\/06\\\/itma-2023-textilegence.jpg\",\"width\":1920,\"height\":1080},{\"@type\":\"BreadcrumbList\",\"@id\":\"https:\\\/\\\/www.textilegence.com\\\/en\\\/textile-sector-stages-its-great-show-at-itma-2023-milan\\\/#breadcrumb\",\"itemListElement\":[{\"@type\":\"ListItem\",\"position\":1,\"name\":\"Home Page\",\"item\":\"https:\\\/\\\/www.textilegence.com\\\/en\\\/homepage-the-rimont\\\/\"},{\"@type\":\"ListItem\",\"position\":2,\"name\":\"ITMA\",\"item\":\"https:\\\/\\\/www.textilegence.com\\\/en\\\/category\\\/itma-fair\\\/\"},{\"@type\":\"ListItem\",\"position\":3,\"name\":\"Textile sector stages its great show at ITMA 2023 Milan\"}]},{\"@type\":\"WebSite\",\"@id\":\"https:\\\/\\\/www.textilegence.com\\\/en\\\/#website\",\"url\":\"https:\\\/\\\/www.textilegence.com\\\/en\\\/\",\"name\":\"Textilegence Magazine and Digital Platform\",\"description\":\"Textile News Center\",\"publisher\":{\"@id\":\"https:\\\/\\\/www.textilegence.com\\\/en\\\/#organization\"},\"potentialAction\":[{\"@type\":\"SearchAction\",\"target\":{\"@type\":\"EntryPoint\",\"urlTemplate\":\"https:\\\/\\\/www.textilegence.com\\\/en\\\/?s={search_term_string}\"},\"query-input\":{\"@type\":\"PropertyValueSpecification\",\"valueRequired\":true,\"valueName\":\"search_term_string\"}}],\"inLanguage\":\"en-US\"},{\"@type\":\"Organization\",\"@id\":\"https:\\\/\\\/www.textilegence.com\\\/en\\\/#organization\",\"name\":\"Textilegence Magazine and Digital Platform\",\"url\":\"https:\\\/\\\/www.textilegence.com\\\/en\\\/\",\"logo\":{\"@type\":\"ImageObject\",\"inLanguage\":\"en-US\",\"@id\":\"https:\\\/\\\/www.textilegence.com\\\/en\\\/#\\\/schema\\\/logo\\\/image\\\/\",\"url\":\"https:\\\/\\\/www.textilegence.com\\\/wp-content\\\/uploads\\\/2016\\\/11\\\/New_Retina_Logo_Textilegence.png\",\"contentUrl\":\"https:\\\/\\\/www.textilegence.com\\\/wp-content\\\/uploads\\\/2016\\\/11\\\/New_Retina_Logo_Textilegence.png\",\"width\":544,\"height\":180,\"caption\":\"Textilegence Magazine and Digital Platform\"},\"image\":{\"@id\":\"https:\\\/\\\/www.textilegence.com\\\/en\\\/#\\\/schema\\\/logo\\\/image\\\/\"},\"sameAs\":[\"https:\\\/\\\/www.facebook.com\\\/TextilegenceMagazine\",\"https:\\\/\\\/x.com\\\/textilegence\",\"https:\\\/\\\/www.instagram.com\\\/textilegence\\\/\",\"https:\\\/\\\/www.linkedin.com\\\/groups\\\/Textilegence-Magazine-Digital-Platform-4897253\",\"https:\\\/\\\/www.youtube.com\\\/user\\\/textilegence\"],\"description\":\"Textilegence is a magazine and digital platform established in 2013. It focuses on the textile industry and sub-segments. The platform provides news, articles, and updates on various aspects of the textile industry, including sustainability, technological advancements, and market trends.\",\"email\":\"editor@textilegence.com\",\"telephone\":\"+90 212 442 24 12\",\"legalName\":\"Textilegence Mag and Digital Platform\",\"foundingDate\":\"2013-01-01\",\"numberOfEmployees\":{\"@type\":\"QuantitativeValue\",\"minValue\":\"1\",\"maxValue\":\"10\"}},{\"@type\":\"Person\",\"@id\":\"https:\\\/\\\/www.textilegence.com\\\/en\\\/#\\\/schema\\\/person\\\/cfa6baf17f0478131c673c93a9b88ef3\",\"name\":\"Ya\u011fmur Melis \u015eim\u015fek\",\"image\":{\"@type\":\"ImageObject\",\"inLanguage\":\"en-US\",\"@id\":\"https:\\\/\\\/www.textilegence.com\\\/wp-content\\\/uploads\\\/2022\\\/03\\\/Yagmur_photo1.jpg\",\"url\":\"https:\\\/\\\/www.textilegence.com\\\/wp-content\\\/uploads\\\/2022\\\/03\\\/Yagmur_photo1.jpg\",\"contentUrl\":\"https:\\\/\\\/www.textilegence.com\\\/wp-content\\\/uploads\\\/2022\\\/03\\\/Yagmur_photo1.jpg\",\"caption\":\"Ya\u011fmur Melis \u015eim\u015fek\"},\"description\":\"Ya\u011fmur Melis \u015eim\u015fek, Saint-Beno\u00eet Frans\u0131z Lisesi\u2019nde e\u011fitim g\u00f6rm\u00fc\u015f, ard\u0131ndan Anadolu \u00dcniversitesi\u2019nde iki y\u0131ll\u0131k Foto\u011fraf\u00e7\u0131l\u0131k B\u00f6l\u00fcm\u00fc\u2019n\u00fc tamamlam\u0131\u015ft\u0131r. Daha sonra lisans e\u011fitimini \u0130stanbul \u00dcniversitesi Gazetecilik B\u00f6l\u00fcm\u00fc\u2019nde s\u00fcrd\u00fcrm\u00fc\u015f, mezuniyetin ard\u0131ndan ise 2017 y\u0131l\u0131nda i\u015f hayat\u0131na at\u0131lm\u0131\u015ft\u0131r. Pek \u00e7ok farkl\u0131 projede, foto\u011fraf\u00e7\u0131l\u0131k ve grafik tasar\u0131mc\u0131l\u0131\u011f\u0131n yan\u0131 s\u0131ra teknoloji alan\u0131nda i\u00e7erik ve haber yazarl\u0131\u011f\u0131 gibi \u00e7e\u015fitli pozisyonlarda yer alan \u015eim\u015fek, 2021 y\u0131l\u0131ndan bu yana Textilegence\u2019da d\u0131\u015f haberlerde yard\u0131mc\u0131 edit\u00f6r olarak g\u00f6rev yapmaktad\u0131r.\",\"sameAs\":[\"https:\\\/\\\/www.textilegence.com\\\/\",\"https:\\\/\\\/www.facebook.com\\\/TextilegenceMagazine\",\"https:\\\/\\\/www.instagram.com\\\/textilegence\\\/\",\"https:\\\/\\\/www.linkedin.com\\\/company\\\/2985016\",\"https:\\\/\\\/x.com\\\/https:\\\/\\\/twitter.com\\\/textilegence\",\"https:\\\/\\\/www.youtube.com\\\/channel\\\/UCgtcny5ljhiXu-yvOiAlpRA\"],\"url\":\"https:\\\/\\\/www.textilegence.com\\\/en\\\/author\\\/yms\\\/\"}]}<\/script>\n<!-- \/ Yoast SEO Premium plugin. -->","yoast_head_json":{"title":"Textile sector stages its great show at ITMA 2023 Milan - Textilegence","description":"ITMA 2023 held in Milan for the first time after the pandemic had undoubtedly been the most important meeting of the global textile...","robots":{"index":"index","follow":"follow","max-snippet":"max-snippet:-1","max-image-preview":"max-image-preview:large","max-video-preview":"max-video-preview:-1"},"canonical":"https:\/\/www.textilegence.com\/en\/textile-sector-stages-its-great-show-at-itma-2023-milan\/","og_locale":"en_US","og_type":"article","og_title":"Textile sector stages its great show at ITMA 2023 Milan","og_description":"ITMA 2023 held in Milan for the first time after the pandemic had undoubtedly been the most important meeting of the global textile sector. While leaving","og_url":"https:\/\/www.textilegence.com\/en\/textile-sector-stages-its-great-show-at-itma-2023-milan\/","og_site_name":"Textilegence Magazine and Digital Platform","article_publisher":"https:\/\/www.facebook.com\/TextilegenceMagazine","article_author":"https:\/\/www.facebook.com\/TextilegenceMagazine","article_published_time":"2023-06-20T11:42:01+00:00","article_modified_time":"2023-06-20T11:42:12+00:00","og_image":[{"width":1920,"height":1080,"url":"https:\/\/www.textilegence.com\/wp-content\/uploads\/2023\/06\/itma-2023-textilegence.jpg","type":"image\/jpeg"}],"author":"Ya\u011fmur Melis \u015eim\u015fek","twitter_card":"summary_large_image","twitter_creator":"@https:\/\/twitter.com\/textilegence","twitter_site":"@textilegence","twitter_misc":{"Written by":"Ya\u011fmur Melis \u015eim\u015fek","Est. reading time":"7 minutes"},"schema":{"@context":"https:\/\/schema.org","@graph":[{"@type":"NewsArticle","@id":"https:\/\/www.textilegence.com\/en\/textile-sector-stages-its-great-show-at-itma-2023-milan\/#article","isPartOf":{"@id":"https:\/\/www.textilegence.com\/en\/textile-sector-stages-its-great-show-at-itma-2023-milan\/"},"author":{"name":"Ya\u011fmur Melis \u015eim\u015fek","@id":"https:\/\/www.textilegence.com\/en\/#\/schema\/person\/cfa6baf17f0478131c673c93a9b88ef3"},"headline":"Textile sector stages its great show at ITMA 2023 Milan","datePublished":"2023-06-20T11:42:01+00:00","dateModified":"2023-06-20T11:42:12+00:00","mainEntityOfPage":{"@id":"https:\/\/www.textilegence.com\/en\/textile-sector-stages-its-great-show-at-itma-2023-milan\/"},"wordCount":937,"publisher":{"@id":"https:\/\/www.textilegence.com\/en\/#organization"},"image":{"@id":"https:\/\/www.textilegence.com\/en\/textile-sector-stages-its-great-show-at-itma-2023-milan\/#primaryimage"},"thumbnailUrl":"https:\/\/www.textilegence.com\/wp-content\/uploads\/2023\/06\/itma-2023-textilegence.jpg","keywords":["ITMA 2023","textile news"],"articleSection":["ITMA"],"inLanguage":"en-US"},{"@type":"WebPage","@id":"https:\/\/www.textilegence.com\/en\/textile-sector-stages-its-great-show-at-itma-2023-milan\/","url":"https:\/\/www.textilegence.com\/en\/textile-sector-stages-its-great-show-at-itma-2023-milan\/","name":"Textile sector stages its great show at ITMA 2023 Milan - Textilegence","isPartOf":{"@id":"https:\/\/www.textilegence.com\/en\/#website"},"primaryImageOfPage":{"@id":"https:\/\/www.textilegence.com\/en\/textile-sector-stages-its-great-show-at-itma-2023-milan\/#primaryimage"},"image":{"@id":"https:\/\/www.textilegence.com\/en\/textile-sector-stages-its-great-show-at-itma-2023-milan\/#primaryimage"},"thumbnailUrl":"https:\/\/www.textilegence.com\/wp-content\/uploads\/2023\/06\/itma-2023-textilegence.jpg","datePublished":"2023-06-20T11:42:01+00:00","dateModified":"2023-06-20T11:42:12+00:00","description":"ITMA 2023 held in Milan for the first time after the pandemic had undoubtedly been the most important meeting of the global textile...","breadcrumb":{"@id":"https:\/\/www.textilegence.com\/en\/textile-sector-stages-its-great-show-at-itma-2023-milan\/#breadcrumb"},"inLanguage":"en-US","potentialAction":[{"@type":"ReadAction","target":["https:\/\/www.textilegence.com\/en\/textile-sector-stages-its-great-show-at-itma-2023-milan\/"]}]},{"@type":"ImageObject","inLanguage":"en-US","@id":"https:\/\/www.textilegence.com\/en\/textile-sector-stages-its-great-show-at-itma-2023-milan\/#primaryimage","url":"https:\/\/www.textilegence.com\/wp-content\/uploads\/2023\/06\/itma-2023-textilegence.jpg","contentUrl":"https:\/\/www.textilegence.com\/wp-content\/uploads\/2023\/06\/itma-2023-textilegence.jpg","width":1920,"height":1080},{"@type":"BreadcrumbList","@id":"https:\/\/www.textilegence.com\/en\/textile-sector-stages-its-great-show-at-itma-2023-milan\/#breadcrumb","itemListElement":[{"@type":"ListItem","position":1,"name":"Home Page","item":"https:\/\/www.textilegence.com\/en\/homepage-the-rimont\/"},{"@type":"ListItem","position":2,"name":"ITMA","item":"https:\/\/www.textilegence.com\/en\/category\/itma-fair\/"},{"@type":"ListItem","position":3,"name":"Textile sector stages its great show at ITMA 2023 Milan"}]},{"@type":"WebSite","@id":"https:\/\/www.textilegence.com\/en\/#website","url":"https:\/\/www.textilegence.com\/en\/","name":"Textilegence Magazine and Digital Platform","description":"Textile News Center","publisher":{"@id":"https:\/\/www.textilegence.com\/en\/#organization"},"potentialAction":[{"@type":"SearchAction","target":{"@type":"EntryPoint","urlTemplate":"https:\/\/www.textilegence.com\/en\/?s={search_term_string}"},"query-input":{"@type":"PropertyValueSpecification","valueRequired":true,"valueName":"search_term_string"}}],"inLanguage":"en-US"},{"@type":"Organization","@id":"https:\/\/www.textilegence.com\/en\/#organization","name":"Textilegence Magazine and Digital Platform","url":"https:\/\/www.textilegence.com\/en\/","logo":{"@type":"ImageObject","inLanguage":"en-US","@id":"https:\/\/www.textilegence.com\/en\/#\/schema\/logo\/image\/","url":"https:\/\/www.textilegence.com\/wp-content\/uploads\/2016\/11\/New_Retina_Logo_Textilegence.png","contentUrl":"https:\/\/www.textilegence.com\/wp-content\/uploads\/2016\/11\/New_Retina_Logo_Textilegence.png","width":544,"height":180,"caption":"Textilegence Magazine and Digital Platform"},"image":{"@id":"https:\/\/www.textilegence.com\/en\/#\/schema\/logo\/image\/"},"sameAs":["https:\/\/www.facebook.com\/TextilegenceMagazine","https:\/\/x.com\/textilegence","https:\/\/www.instagram.com\/textilegence\/","https:\/\/www.linkedin.com\/groups\/Textilegence-Magazine-Digital-Platform-4897253","https:\/\/www.youtube.com\/user\/textilegence"],"description":"Textilegence is a magazine and digital platform established in 2013. It focuses on the textile industry and sub-segments. The platform provides news, articles, and updates on various aspects of the textile industry, including sustainability, technological advancements, and market trends.","email":"editor@textilegence.com","telephone":"+90 212 442 24 12","legalName":"Textilegence Mag and Digital Platform","foundingDate":"2013-01-01","numberOfEmployees":{"@type":"QuantitativeValue","minValue":"1","maxValue":"10"}},{"@type":"Person","@id":"https:\/\/www.textilegence.com\/en\/#\/schema\/person\/cfa6baf17f0478131c673c93a9b88ef3","name":"Ya\u011fmur Melis \u015eim\u015fek","image":{"@type":"ImageObject","inLanguage":"en-US","@id":"https:\/\/www.textilegence.com\/wp-content\/uploads\/2022\/03\/Yagmur_photo1.jpg","url":"https:\/\/www.textilegence.com\/wp-content\/uploads\/2022\/03\/Yagmur_photo1.jpg","contentUrl":"https:\/\/www.textilegence.com\/wp-content\/uploads\/2022\/03\/Yagmur_photo1.jpg","caption":"Ya\u011fmur Melis \u015eim\u015fek"},"description":"Ya\u011fmur Melis \u015eim\u015fek, Saint-Beno\u00eet Frans\u0131z Lisesi\u2019nde e\u011fitim g\u00f6rm\u00fc\u015f, ard\u0131ndan Anadolu \u00dcniversitesi\u2019nde iki y\u0131ll\u0131k Foto\u011fraf\u00e7\u0131l\u0131k B\u00f6l\u00fcm\u00fc\u2019n\u00fc tamamlam\u0131\u015ft\u0131r. Daha sonra lisans e\u011fitimini \u0130stanbul \u00dcniversitesi Gazetecilik B\u00f6l\u00fcm\u00fc\u2019nde s\u00fcrd\u00fcrm\u00fc\u015f, mezuniyetin ard\u0131ndan ise 2017 y\u0131l\u0131nda i\u015f hayat\u0131na at\u0131lm\u0131\u015ft\u0131r. Pek \u00e7ok farkl\u0131 projede, foto\u011fraf\u00e7\u0131l\u0131k ve grafik tasar\u0131mc\u0131l\u0131\u011f\u0131n yan\u0131 s\u0131ra teknoloji alan\u0131nda i\u00e7erik ve haber yazarl\u0131\u011f\u0131 gibi \u00e7e\u015fitli pozisyonlarda yer alan \u015eim\u015fek, 2021 y\u0131l\u0131ndan bu yana Textilegence\u2019da d\u0131\u015f haberlerde yard\u0131mc\u0131 edit\u00f6r olarak g\u00f6rev yapmaktad\u0131r.","sameAs":["https:\/\/www.textilegence.com\/","https:\/\/www.facebook.com\/TextilegenceMagazine","https:\/\/www.instagram.com\/textilegence\/","https:\/\/www.linkedin.com\/company\/2985016","https:\/\/x.com\/https:\/\/twitter.com\/textilegence","https:\/\/www.youtube.com\/channel\/UCgtcny5ljhiXu-yvOiAlpRA"],"url":"https:\/\/www.textilegence.com\/en\/author\/yms\/"}]}},"_links":{"self":[{"href":"https:\/\/www.textilegence.com\/en\/wp-json\/wp\/v2\/posts\/54744","targetHints":{"allow":["GET"]}}],"collection":[{"href":"https:\/\/www.textilegence.com\/en\/wp-json\/wp\/v2\/posts"}],"about":[{"href":"https:\/\/www.textilegence.com\/en\/wp-json\/wp\/v2\/types\/post"}],"author":[{"embeddable":true,"href":"https:\/\/www.textilegence.com\/en\/wp-json\/wp\/v2\/users\/26"}],"replies":[{"embeddable":true,"href":"https:\/\/www.textilegence.com\/en\/wp-json\/wp\/v2\/comments?post=54744"}],"version-history":[{"count":0,"href":"https:\/\/www.textilegence.com\/en\/wp-json\/wp\/v2\/posts\/54744\/revisions"}],"wp:featuredmedia":[{"embeddable":true,"href":"https:\/\/www.textilegence.com\/en\/wp-json\/wp\/v2\/media\/54735"}],"wp:attachment":[{"href":"https:\/\/www.textilegence.com\/en\/wp-json\/wp\/v2\/media?parent=54744"}],"wp:term":[{"taxonomy":"category","embeddable":true,"href":"https:\/\/www.textilegence.com\/en\/wp-json\/wp\/v2\/categories?post=54744"},{"taxonomy":"post_tag","embeddable":true,"href":"https:\/\/www.textilegence.com\/en\/wp-json\/wp\/v2\/tags?post=54744"}],"curies":[{"name":"wp","href":"https:\/\/api.w.org\/{rel}","templated":true}]}}