{"id":54873,"date":"2023-07-12T15:06:54","date_gmt":"2023-07-12T12:06:54","guid":{"rendered":"http:\/\/www.textilegence.com\/?p=54873"},"modified":"2023-07-13T13:45:26","modified_gmt":"2023-07-13T10:45:26","slug":"three-in-one-at-trutzschler-booth-productivity-quality-and-sustainability","status":"publish","type":"post","link":"https:\/\/www.textilegence.com\/en\/three-in-one-at-trutzschler-booth-productivity-quality-and-sustainability\/","title":{"rendered":"Three in one at Tr\u00fctzschler booth: productivity, quality and sustainability"},"content":{"rendered":"\n<p>German textile machinery manufacturer Tr\u00fctzschler Group met its visitors from all over the world through <a href=\"https:\/\/www.textilegence.com\/en\/category\/itma-fair\/\" target=\"_blank\" rel=\"noreferrer noopener\">ITMA 2023<\/a> and welcomed them in its booth full of innovations. Focusing on productivity, quality and sustainability in its booth, the <a href=\"https:\/\/www.truetzschler.com\/en\/\" target=\"_blank\" rel=\"noreferrer noopener\">company <\/a>stood out with its digital solutions that make production processes easier. As Textilegence team, we have talked with Tr\u00fctzschler Group Head of Global Marketing Bettina Temath, Tr\u00fctzschler Card Clothing Sales and Marketing T\u00fcrkiye \u00d6zge Al\u0131c\u0131 and Tr\u00fctzschler Nonwovens Head of Marketing Jutta Stehr on ITMA 2023 and the solution they presented. In our interview, Temath made also a special announcement about Tr\u00fctzschler\u2019s cooperation with a Turkish brand.<\/p>\n\n\n\n<p>Temath said that they were very pleased with the exhibition and the participation and interest exceeded their expectations. Stating that the general number of visitors increase by 60 percent compared to the last ITMA, Temath disclosed: \u201cThis is also something that we notice at our booth, so we have a very good response and a lot of visitors from all over the world. We are very happy with the quantity and quality of our conversations.\u201d<\/p>\n\n\n<div class=\"wp-block-image\">\n<figure class=\"aligncenter size-full\"><img loading=\"lazy\" decoding=\"async\" width=\"1920\" height=\"1080\" src=\"https:\/\/www.textilegence.com\/wp-content\/uploads\/2023\/07\/truetzschler-detail.jpg\" alt=\"\" class=\"wp-image-54864\" srcset=\"https:\/\/www.textilegence.com\/wp-content\/uploads\/2023\/07\/truetzschler-detail.jpg 1920w, https:\/\/www.textilegence.com\/wp-content\/uploads\/2023\/07\/truetzschler-detail-768x432.jpg 768w, https:\/\/www.textilegence.com\/wp-content\/uploads\/2023\/07\/truetzschler-detail-1536x864.jpg 1536w, https:\/\/www.textilegence.com\/wp-content\/uploads\/2023\/07\/truetzschler-detail-300x169.jpg 300w, https:\/\/www.textilegence.com\/wp-content\/uploads\/2023\/07\/truetzschler-detail-600x338.jpg 600w, https:\/\/www.textilegence.com\/wp-content\/uploads\/2023\/07\/truetzschler-detail-696x392.jpg 696w, https:\/\/www.textilegence.com\/wp-content\/uploads\/2023\/07\/truetzschler-detail-1068x601.jpg 1068w\" sizes=\"auto, (max-width: 1920px) 100vw, 1920px\" \/><figcaption class=\"wp-element-caption\">Tr\u00fctzschler Group Head of Global Marketing Bettina Temath<\/figcaption><\/figure>\n<\/div>\n\n\n<p>Temath noted that in their booth, their main focus is bringing more productivity, quality and sustainability to the mills of their customers and what they have exhibited is really circling around these topics. Temath stated that the major highlight at their booth is the new card TC 30i, which has an extended cylinder diameter, more active flats and more options for more sustainability and better raw material utilisation in the mill. Relaying that they also present their new comber TCO 21XL which has 12 heads, she said that thanks to this, it is easy to calculate 50 percent more productivity. In addition, she mentioned their new brand TRUECYCLED:<\/p>\n\n\n\n<p>\u201cTRUECYCLED, a brand from Tr\u00fctzschler, stands for our recycling process. We have a range of machinery that is specifically developed for recycling. All the machinery is compatible with each other. So, we guarantee, it is the best process, the best machinery that you can have for recycling and we call this process TRUECYCLED. Our customers can also use the brand for the product in addition to the process. They can put TRUECYCLED on the website and can use it also in packaging like a certificate.\u201d<\/p>\n\n\n<div class=\"wp-block-image\">\n<figure class=\"aligncenter size-full\"><img loading=\"lazy\" decoding=\"async\" width=\"1920\" height=\"1080\" src=\"https:\/\/www.textilegence.com\/wp-content\/uploads\/2023\/07\/truetzschler-detail1.jpg\" alt=\"\" class=\"wp-image-54867\" srcset=\"https:\/\/www.textilegence.com\/wp-content\/uploads\/2023\/07\/truetzschler-detail1.jpg 1920w, https:\/\/www.textilegence.com\/wp-content\/uploads\/2023\/07\/truetzschler-detail1-768x432.jpg 768w, https:\/\/www.textilegence.com\/wp-content\/uploads\/2023\/07\/truetzschler-detail1-1536x864.jpg 1536w, https:\/\/www.textilegence.com\/wp-content\/uploads\/2023\/07\/truetzschler-detail1-300x169.jpg 300w, https:\/\/www.textilegence.com\/wp-content\/uploads\/2023\/07\/truetzschler-detail1-600x338.jpg 600w, https:\/\/www.textilegence.com\/wp-content\/uploads\/2023\/07\/truetzschler-detail1-696x392.jpg 696w, https:\/\/www.textilegence.com\/wp-content\/uploads\/2023\/07\/truetzschler-detail1-1068x601.jpg 1068w\" sizes=\"auto, (max-width: 1920px) 100vw, 1920px\" \/><figcaption class=\"wp-element-caption\">\u201cTRUECYCLED, a brand from Tr\u00fctzschler, stands for our recycling process.&#8221;<\/figcaption><\/figure>\n<\/div>\n\n\n<h2 class=\"wp-block-heading\" id=\"h-my-mill-machines-are-talking\">My Mill: Machines are talking<\/h2>\n\n\n\n<p>Bettina Temath expressed their digital solutions that make managing operations easier, pointing out that it is essential that machinery start communicating with each other. Saying that their mill monitoring system, My Mill, is a great example in this term, Temath shared the details as follows:<\/p>\n\n\n\n<p>\u201cMy Mill allows the managers to view their mills at one glance. You really have a central view on your spinning mill. In the past, when something was going wrong, the yarn quality was bad. You had to walk around in your mill and it took a very long time to find out exactly what the problem was. But now all machines are constantly sending data to My Mill, the central interface. We see what each machine is doing and can compare them easily. When something is going wrong, for example, one machine is producing out of its limits, you will be notified immediately. My Mill tells you what you need to do to fix the problem \u2013 which saves time in daily routines.\u201d<\/p>\n\n\n\n<p>In addition, noting that they have a customer portal including their digital solutions, Temath said: \u201cWhen our customers access the portal My Tr\u00fctzschler, they can use My Mill or My Wires. It also allows them to benefit from the training or Tr\u00fctzschler service and a spare part shop.\u201d Temath said that they develop their solutions in parallel with the customer&#8217;s demands and needs, adding that so, we will continue to use the trend technologies like AI in this sense.\u201d<\/p>\n\n\n<div class=\"wp-block-image\">\n<figure class=\"aligncenter size-full\"><img loading=\"lazy\" decoding=\"async\" width=\"1920\" height=\"1080\" src=\"https:\/\/www.textilegence.com\/wp-content\/uploads\/2023\/07\/truetzschler-detail2.jpg\" alt=\"\" class=\"wp-image-54869\" srcset=\"https:\/\/www.textilegence.com\/wp-content\/uploads\/2023\/07\/truetzschler-detail2.jpg 1920w, https:\/\/www.textilegence.com\/wp-content\/uploads\/2023\/07\/truetzschler-detail2-768x432.jpg 768w, https:\/\/www.textilegence.com\/wp-content\/uploads\/2023\/07\/truetzschler-detail2-1536x864.jpg 1536w, https:\/\/www.textilegence.com\/wp-content\/uploads\/2023\/07\/truetzschler-detail2-300x169.jpg 300w, https:\/\/www.textilegence.com\/wp-content\/uploads\/2023\/07\/truetzschler-detail2-600x338.jpg 600w, https:\/\/www.textilegence.com\/wp-content\/uploads\/2023\/07\/truetzschler-detail2-696x392.jpg 696w, https:\/\/www.textilegence.com\/wp-content\/uploads\/2023\/07\/truetzschler-detail2-1068x601.jpg 1068w\" sizes=\"auto, (max-width: 1920px) 100vw, 1920px\" \/><figcaption class=\"wp-element-caption\">My Mill: Machines are talking<\/figcaption><\/figure>\n<\/div>\n\n\n<h2 class=\"wp-block-heading\" id=\"h-t-one-a-special-digital-solution-for-nonwovens\">T-ONE: a special digital solution for nonwovens<\/h2>\n\n\n\n<p>Tr\u00fctzschler Nonwovens Head of Marketing, Jutta Stehr said that one of their digital solutions standing out in their booth is T-ONE. Stehr stated that this solution has a different approach than My Wires or My Tr\u00fctzschler, because it is a real working environment and continued as follows:<\/p>\n\n\n\n<p>\u201cT-ONE is very similar to the production process. It appeals to every kind of production line for nonwovens. So, you really can boost efficiency and performance by digitalising work processes. The customers have some operators who know well what they do due to their years of experience but if the operators are new, then they have no idea to set the parameter. That is why we decided to make a huge database with all the settings for producing the many products customers have. This is recipe management. Everything is fixed for one particular product for one customer. So, you are very sure when you produce that exact product again for a customer you take out your recipe, you set all the values in the machine and everything works.\u201d<\/p>\n\n\n<div class=\"wp-block-image\">\n<figure class=\"aligncenter size-full\"><img loading=\"lazy\" decoding=\"async\" width=\"1920\" height=\"1080\" src=\"https:\/\/www.textilegence.com\/wp-content\/uploads\/2023\/07\/truetzschler-detail4.jpg\" alt=\"\" class=\"wp-image-54898\" srcset=\"https:\/\/www.textilegence.com\/wp-content\/uploads\/2023\/07\/truetzschler-detail4.jpg 1920w, https:\/\/www.textilegence.com\/wp-content\/uploads\/2023\/07\/truetzschler-detail4-768x432.jpg 768w, https:\/\/www.textilegence.com\/wp-content\/uploads\/2023\/07\/truetzschler-detail4-1536x864.jpg 1536w, https:\/\/www.textilegence.com\/wp-content\/uploads\/2023\/07\/truetzschler-detail4-300x169.jpg 300w, https:\/\/www.textilegence.com\/wp-content\/uploads\/2023\/07\/truetzschler-detail4-600x338.jpg 600w, https:\/\/www.textilegence.com\/wp-content\/uploads\/2023\/07\/truetzschler-detail4-696x392.jpg 696w, https:\/\/www.textilegence.com\/wp-content\/uploads\/2023\/07\/truetzschler-detail4-1068x601.jpg 1068w\" sizes=\"auto, (max-width: 1920px) 100vw, 1920px\" \/><figcaption class=\"wp-element-caption\">Tr\u00fctzschler Nonwovens Head of Marketing Jutta Stehr<\/figcaption><\/figure>\n<\/div>\n\n\n<h2 class=\"wp-block-heading\" id=\"h-trutzschler-always-support-their-customers-and-colleagues-in-turkiye\">\u201cTr\u00fctzschler always support their customers and colleagues in T\u00fcrkiye\u201d<\/h2>\n\n\n\n<p>Tr\u00fctzschler Card Clothing Sales and Marketing T\u00fcrkiye, \u00d6zge Al\u0131c\u0131 emphasised the strong ties between the company and the Turkish market, mentioning the earthquakes in T\u00fcrkiye which affected especially the textile production centres. Al\u0131c\u0131 said that they had lost one of their colleagues and his family in this catastrophe and stated that the Tr\u00fctzschler Group had protected and supported their team and customers in the region from the very first day. Al\u0131c\u0131 continued: \u201cOne month later we moved our Kahramanmara\u015f office to Gaziantep, in the 5th Organised Industrial Zone. We were quickly able to support our customers.\u201d<\/p>\n\n\n\n<h2 class=\"wp-block-heading\" id=\"h-trutzschler-joined-forces-with-balkan-to-offer-a-complete-solution-for-recycling\">Tr\u00fctzschler joined forces with Balkan to offer a complete solution for recycling<\/h2>\n\n\n\n<p>In our interview, Dr. Bettina Temath also announced their cooperation with the Turkish company, Balkan Textile Machinery, saying that this cooperation \u201ccompletes the Tr\u00fctzschler product portfolio for recycling by cutting and pulling solutions, making us the first full-liner in spinning preparation for recycling.\u201d Underlining that the Turkish market is of great importance to them, Temath concluded: \u201cWe believe that many Turkish customers are looking for the best technology and we believe that as Tr\u00fctzschler, we can provide benefits in this term.\u201d<\/p>\n","protected":false},"excerpt":{"rendered":"<p>German textile machinery manufacturer Tr\u00fctzschler Group met its visitors from all over the world through ITMA 2023 and welcomed them in its booth full of innovations. Focusing on productivity, quality and sustainability in its booth, the company stood out with its digital solutions that make production processes easier. As Textilegence team, we have talked with [&hellip;]<\/p>\n","protected":false},"author":26,"featured_media":54862,"comment_status":"closed","ping_status":"closed","sticky":false,"template":"","format":"standard","meta":{"footnotes":""},"categories":[16254],"tags":[16214,11143,10369,11460],"class_list":{"0":"post-54873","1":"post","2":"type-post","3":"status-publish","4":"format-standard","5":"has-post-thumbnail","7":"category-itma-fair","8":"tag-itma-2023","9":"tag-sustainability-en","10":"tag-textile-news-en","11":"tag-truetzschler"},"yoast_head":"<!-- This site is optimized with the Yoast SEO Premium plugin v27.3 (Yoast SEO v27.3) - https:\/\/yoast.com\/product\/yoast-seo-premium-wordpress\/ -->\n<title>Three in one at Tr\u00fctzschler booth: productivity, quality and sustainability - Textilegence<\/title>\n<meta name=\"description\" content=\"German textile machinery manufacturer Tr\u00fctzschler Group met its visitors from all over the world through ITMA 2023 and welcomed...\" \/>\n<meta name=\"robots\" content=\"index, follow, max-snippet:-1, max-image-preview:large, max-video-preview:-1\" \/>\n<link rel=\"canonical\" href=\"https:\/\/www.textilegence.com\/en\/three-in-one-at-trutzschler-booth-productivity-quality-and-sustainability\/\" \/>\n<meta property=\"og:locale\" content=\"en_US\" \/>\n<meta property=\"og:type\" content=\"article\" \/>\n<meta property=\"og:title\" content=\"Three in one at Tr\u00fctzschler booth: productivity, quality and sustainability\" \/>\n<meta property=\"og:description\" content=\"German textile machinery manufacturer Tr\u00fctzschler Group met its visitors from all over the world through ITMA 2023 and welcomed them in its booth full of\" \/>\n<meta property=\"og:url\" content=\"https:\/\/www.textilegence.com\/en\/three-in-one-at-trutzschler-booth-productivity-quality-and-sustainability\/\" \/>\n<meta property=\"og:site_name\" content=\"Textilegence Magazine and Digital Platform\" \/>\n<meta property=\"article:publisher\" content=\"https:\/\/www.facebook.com\/TextilegenceMagazine\" \/>\n<meta property=\"article:author\" content=\"https:\/\/www.facebook.com\/TextilegenceMagazine\" \/>\n<meta property=\"article:published_time\" content=\"2023-07-12T12:06:54+00:00\" \/>\n<meta property=\"article:modified_time\" content=\"2023-07-13T10:45:26+00:00\" \/>\n<meta property=\"og:image\" content=\"https:\/\/www.textilegence.com\/wp-content\/uploads\/2023\/07\/truetzschler-textilegence.jpg\" \/>\n\t<meta property=\"og:image:width\" content=\"1920\" \/>\n\t<meta property=\"og:image:height\" content=\"1080\" \/>\n\t<meta property=\"og:image:type\" content=\"image\/jpeg\" \/>\n<meta name=\"author\" content=\"Ya\u011fmur Melis \u015eim\u015fek\" \/>\n<meta name=\"twitter:card\" content=\"summary_large_image\" \/>\n<meta name=\"twitter:creator\" content=\"@https:\/\/twitter.com\/textilegence\" \/>\n<meta name=\"twitter:site\" content=\"@textilegence\" \/>\n<meta name=\"twitter:label1\" content=\"Written by\" \/>\n\t<meta name=\"twitter:data1\" content=\"Ya\u011fmur Melis \u015eim\u015fek\" \/>\n\t<meta name=\"twitter:label2\" content=\"Est. reading time\" \/>\n\t<meta name=\"twitter:data2\" content=\"8 minutes\" \/>\n<script type=\"application\/ld+json\" class=\"yoast-schema-graph\">{\"@context\":\"https:\\\/\\\/schema.org\",\"@graph\":[{\"@type\":\"NewsArticle\",\"@id\":\"https:\\\/\\\/www.textilegence.com\\\/en\\\/three-in-one-at-trutzschler-booth-productivity-quality-and-sustainability\\\/#article\",\"isPartOf\":{\"@id\":\"https:\\\/\\\/www.textilegence.com\\\/en\\\/three-in-one-at-trutzschler-booth-productivity-quality-and-sustainability\\\/\"},\"author\":{\"name\":\"Ya\u011fmur Melis \u015eim\u015fek\",\"@id\":\"https:\\\/\\\/www.textilegence.com\\\/en\\\/#\\\/schema\\\/person\\\/cfa6baf17f0478131c673c93a9b88ef3\"},\"headline\":\"Three in one at Tr\u00fctzschler booth: productivity, quality and sustainability\",\"datePublished\":\"2023-07-12T12:06:54+00:00\",\"dateModified\":\"2023-07-13T10:45:26+00:00\",\"mainEntityOfPage\":{\"@id\":\"https:\\\/\\\/www.textilegence.com\\\/en\\\/three-in-one-at-trutzschler-booth-productivity-quality-and-sustainability\\\/\"},\"wordCount\":1069,\"publisher\":{\"@id\":\"https:\\\/\\\/www.textilegence.com\\\/en\\\/#organization\"},\"image\":{\"@id\":\"https:\\\/\\\/www.textilegence.com\\\/en\\\/three-in-one-at-trutzschler-booth-productivity-quality-and-sustainability\\\/#primaryimage\"},\"thumbnailUrl\":\"https:\\\/\\\/www.textilegence.com\\\/wp-content\\\/uploads\\\/2023\\\/07\\\/truetzschler-textilegence.jpg\",\"keywords\":[\"ITMA 2023\",\"sustainability\",\"textile news\",\"truetzschler\"],\"articleSection\":[\"ITMA\"],\"inLanguage\":\"en-US\"},{\"@type\":\"WebPage\",\"@id\":\"https:\\\/\\\/www.textilegence.com\\\/en\\\/three-in-one-at-trutzschler-booth-productivity-quality-and-sustainability\\\/\",\"url\":\"https:\\\/\\\/www.textilegence.com\\\/en\\\/three-in-one-at-trutzschler-booth-productivity-quality-and-sustainability\\\/\",\"name\":\"Three in one at Tr\u00fctzschler booth: productivity, quality and sustainability - Textilegence\",\"isPartOf\":{\"@id\":\"https:\\\/\\\/www.textilegence.com\\\/en\\\/#website\"},\"primaryImageOfPage\":{\"@id\":\"https:\\\/\\\/www.textilegence.com\\\/en\\\/three-in-one-at-trutzschler-booth-productivity-quality-and-sustainability\\\/#primaryimage\"},\"image\":{\"@id\":\"https:\\\/\\\/www.textilegence.com\\\/en\\\/three-in-one-at-trutzschler-booth-productivity-quality-and-sustainability\\\/#primaryimage\"},\"thumbnailUrl\":\"https:\\\/\\\/www.textilegence.com\\\/wp-content\\\/uploads\\\/2023\\\/07\\\/truetzschler-textilegence.jpg\",\"datePublished\":\"2023-07-12T12:06:54+00:00\",\"dateModified\":\"2023-07-13T10:45:26+00:00\",\"description\":\"German textile machinery manufacturer Tr\u00fctzschler Group met its visitors from all over the world through ITMA 2023 and welcomed...\",\"breadcrumb\":{\"@id\":\"https:\\\/\\\/www.textilegence.com\\\/en\\\/three-in-one-at-trutzschler-booth-productivity-quality-and-sustainability\\\/#breadcrumb\"},\"inLanguage\":\"en-US\",\"potentialAction\":[{\"@type\":\"ReadAction\",\"target\":[\"https:\\\/\\\/www.textilegence.com\\\/en\\\/three-in-one-at-trutzschler-booth-productivity-quality-and-sustainability\\\/\"]}]},{\"@type\":\"ImageObject\",\"inLanguage\":\"en-US\",\"@id\":\"https:\\\/\\\/www.textilegence.com\\\/en\\\/three-in-one-at-trutzschler-booth-productivity-quality-and-sustainability\\\/#primaryimage\",\"url\":\"https:\\\/\\\/www.textilegence.com\\\/wp-content\\\/uploads\\\/2023\\\/07\\\/truetzschler-textilegence.jpg\",\"contentUrl\":\"https:\\\/\\\/www.textilegence.com\\\/wp-content\\\/uploads\\\/2023\\\/07\\\/truetzschler-textilegence.jpg\",\"width\":1920,\"height\":1080},{\"@type\":\"BreadcrumbList\",\"@id\":\"https:\\\/\\\/www.textilegence.com\\\/en\\\/three-in-one-at-trutzschler-booth-productivity-quality-and-sustainability\\\/#breadcrumb\",\"itemListElement\":[{\"@type\":\"ListItem\",\"position\":1,\"name\":\"Home Page\",\"item\":\"https:\\\/\\\/www.textilegence.com\\\/en\\\/homepage-the-rimont\\\/\"},{\"@type\":\"ListItem\",\"position\":2,\"name\":\"ITMA\",\"item\":\"https:\\\/\\\/www.textilegence.com\\\/en\\\/category\\\/itma-fair\\\/\"},{\"@type\":\"ListItem\",\"position\":3,\"name\":\"Three in one at Tr\u00fctzschler booth: productivity, quality and sustainability\"}]},{\"@type\":\"WebSite\",\"@id\":\"https:\\\/\\\/www.textilegence.com\\\/en\\\/#website\",\"url\":\"https:\\\/\\\/www.textilegence.com\\\/en\\\/\",\"name\":\"Textilegence Magazine and Digital Platform\",\"description\":\"Textile News Center\",\"publisher\":{\"@id\":\"https:\\\/\\\/www.textilegence.com\\\/en\\\/#organization\"},\"potentialAction\":[{\"@type\":\"SearchAction\",\"target\":{\"@type\":\"EntryPoint\",\"urlTemplate\":\"https:\\\/\\\/www.textilegence.com\\\/en\\\/?s={search_term_string}\"},\"query-input\":{\"@type\":\"PropertyValueSpecification\",\"valueRequired\":true,\"valueName\":\"search_term_string\"}}],\"inLanguage\":\"en-US\"},{\"@type\":\"Organization\",\"@id\":\"https:\\\/\\\/www.textilegence.com\\\/en\\\/#organization\",\"name\":\"Textilegence Magazine and Digital Platform\",\"url\":\"https:\\\/\\\/www.textilegence.com\\\/en\\\/\",\"logo\":{\"@type\":\"ImageObject\",\"inLanguage\":\"en-US\",\"@id\":\"https:\\\/\\\/www.textilegence.com\\\/en\\\/#\\\/schema\\\/logo\\\/image\\\/\",\"url\":\"https:\\\/\\\/www.textilegence.com\\\/wp-content\\\/uploads\\\/2016\\\/11\\\/New_Retina_Logo_Textilegence.png\",\"contentUrl\":\"https:\\\/\\\/www.textilegence.com\\\/wp-content\\\/uploads\\\/2016\\\/11\\\/New_Retina_Logo_Textilegence.png\",\"width\":544,\"height\":180,\"caption\":\"Textilegence Magazine and Digital Platform\"},\"image\":{\"@id\":\"https:\\\/\\\/www.textilegence.com\\\/en\\\/#\\\/schema\\\/logo\\\/image\\\/\"},\"sameAs\":[\"https:\\\/\\\/www.facebook.com\\\/TextilegenceMagazine\",\"https:\\\/\\\/x.com\\\/textilegence\",\"https:\\\/\\\/www.instagram.com\\\/textilegence\\\/\",\"https:\\\/\\\/www.linkedin.com\\\/groups\\\/Textilegence-Magazine-Digital-Platform-4897253\",\"https:\\\/\\\/www.youtube.com\\\/user\\\/textilegence\"],\"description\":\"Textilegence is a magazine and digital platform established in 2013. It focuses on the textile industry and sub-segments. The platform provides news, articles, and updates on various aspects of the textile industry, including sustainability, technological advancements, and market trends.\",\"email\":\"editor@textilegence.com\",\"telephone\":\"+90 212 442 24 12\",\"legalName\":\"Textilegence Mag and Digital Platform\",\"foundingDate\":\"2013-01-01\",\"numberOfEmployees\":{\"@type\":\"QuantitativeValue\",\"minValue\":\"1\",\"maxValue\":\"10\"}},{\"@type\":\"Person\",\"@id\":\"https:\\\/\\\/www.textilegence.com\\\/en\\\/#\\\/schema\\\/person\\\/cfa6baf17f0478131c673c93a9b88ef3\",\"name\":\"Ya\u011fmur Melis \u015eim\u015fek\",\"image\":{\"@type\":\"ImageObject\",\"inLanguage\":\"en-US\",\"@id\":\"https:\\\/\\\/www.textilegence.com\\\/wp-content\\\/uploads\\\/2022\\\/03\\\/Yagmur_photo1.jpg\",\"url\":\"https:\\\/\\\/www.textilegence.com\\\/wp-content\\\/uploads\\\/2022\\\/03\\\/Yagmur_photo1.jpg\",\"contentUrl\":\"https:\\\/\\\/www.textilegence.com\\\/wp-content\\\/uploads\\\/2022\\\/03\\\/Yagmur_photo1.jpg\",\"caption\":\"Ya\u011fmur Melis \u015eim\u015fek\"},\"description\":\"Ya\u011fmur Melis \u015eim\u015fek, Saint-Beno\u00eet Frans\u0131z Lisesi\u2019nde e\u011fitim g\u00f6rm\u00fc\u015f, ard\u0131ndan Anadolu \u00dcniversitesi\u2019nde iki y\u0131ll\u0131k Foto\u011fraf\u00e7\u0131l\u0131k B\u00f6l\u00fcm\u00fc\u2019n\u00fc tamamlam\u0131\u015ft\u0131r. Daha sonra lisans e\u011fitimini \u0130stanbul \u00dcniversitesi Gazetecilik B\u00f6l\u00fcm\u00fc\u2019nde s\u00fcrd\u00fcrm\u00fc\u015f, mezuniyetin ard\u0131ndan ise 2017 y\u0131l\u0131nda i\u015f hayat\u0131na at\u0131lm\u0131\u015ft\u0131r. Pek \u00e7ok farkl\u0131 projede, foto\u011fraf\u00e7\u0131l\u0131k ve grafik tasar\u0131mc\u0131l\u0131\u011f\u0131n yan\u0131 s\u0131ra teknoloji alan\u0131nda i\u00e7erik ve haber yazarl\u0131\u011f\u0131 gibi \u00e7e\u015fitli pozisyonlarda yer alan \u015eim\u015fek, 2021 y\u0131l\u0131ndan bu yana Textilegence\u2019da d\u0131\u015f haberlerde yard\u0131mc\u0131 edit\u00f6r olarak g\u00f6rev yapmaktad\u0131r.\",\"sameAs\":[\"https:\\\/\\\/www.textilegence.com\\\/\",\"https:\\\/\\\/www.facebook.com\\\/TextilegenceMagazine\",\"https:\\\/\\\/www.instagram.com\\\/textilegence\\\/\",\"https:\\\/\\\/www.linkedin.com\\\/company\\\/2985016\",\"https:\\\/\\\/x.com\\\/https:\\\/\\\/twitter.com\\\/textilegence\",\"https:\\\/\\\/www.youtube.com\\\/channel\\\/UCgtcny5ljhiXu-yvOiAlpRA\"],\"url\":\"https:\\\/\\\/www.textilegence.com\\\/en\\\/author\\\/yms\\\/\"}]}<\/script>\n<!-- \/ Yoast SEO Premium plugin. -->","yoast_head_json":{"title":"Three in one at Tr\u00fctzschler booth: productivity, quality and sustainability - Textilegence","description":"German textile machinery manufacturer Tr\u00fctzschler Group met its visitors from all over the world through ITMA 2023 and welcomed...","robots":{"index":"index","follow":"follow","max-snippet":"max-snippet:-1","max-image-preview":"max-image-preview:large","max-video-preview":"max-video-preview:-1"},"canonical":"https:\/\/www.textilegence.com\/en\/three-in-one-at-trutzschler-booth-productivity-quality-and-sustainability\/","og_locale":"en_US","og_type":"article","og_title":"Three in one at Tr\u00fctzschler booth: productivity, quality and sustainability","og_description":"German textile machinery manufacturer Tr\u00fctzschler Group met its visitors from all over the world through ITMA 2023 and welcomed them in its booth full of","og_url":"https:\/\/www.textilegence.com\/en\/three-in-one-at-trutzschler-booth-productivity-quality-and-sustainability\/","og_site_name":"Textilegence Magazine and Digital Platform","article_publisher":"https:\/\/www.facebook.com\/TextilegenceMagazine","article_author":"https:\/\/www.facebook.com\/TextilegenceMagazine","article_published_time":"2023-07-12T12:06:54+00:00","article_modified_time":"2023-07-13T10:45:26+00:00","og_image":[{"width":1920,"height":1080,"url":"https:\/\/www.textilegence.com\/wp-content\/uploads\/2023\/07\/truetzschler-textilegence.jpg","type":"image\/jpeg"}],"author":"Ya\u011fmur Melis \u015eim\u015fek","twitter_card":"summary_large_image","twitter_creator":"@https:\/\/twitter.com\/textilegence","twitter_site":"@textilegence","twitter_misc":{"Written by":"Ya\u011fmur Melis \u015eim\u015fek","Est. reading time":"8 minutes"},"schema":{"@context":"https:\/\/schema.org","@graph":[{"@type":"NewsArticle","@id":"https:\/\/www.textilegence.com\/en\/three-in-one-at-trutzschler-booth-productivity-quality-and-sustainability\/#article","isPartOf":{"@id":"https:\/\/www.textilegence.com\/en\/three-in-one-at-trutzschler-booth-productivity-quality-and-sustainability\/"},"author":{"name":"Ya\u011fmur Melis \u015eim\u015fek","@id":"https:\/\/www.textilegence.com\/en\/#\/schema\/person\/cfa6baf17f0478131c673c93a9b88ef3"},"headline":"Three in one at Tr\u00fctzschler booth: productivity, quality and sustainability","datePublished":"2023-07-12T12:06:54+00:00","dateModified":"2023-07-13T10:45:26+00:00","mainEntityOfPage":{"@id":"https:\/\/www.textilegence.com\/en\/three-in-one-at-trutzschler-booth-productivity-quality-and-sustainability\/"},"wordCount":1069,"publisher":{"@id":"https:\/\/www.textilegence.com\/en\/#organization"},"image":{"@id":"https:\/\/www.textilegence.com\/en\/three-in-one-at-trutzschler-booth-productivity-quality-and-sustainability\/#primaryimage"},"thumbnailUrl":"https:\/\/www.textilegence.com\/wp-content\/uploads\/2023\/07\/truetzschler-textilegence.jpg","keywords":["ITMA 2023","sustainability","textile news","truetzschler"],"articleSection":["ITMA"],"inLanguage":"en-US"},{"@type":"WebPage","@id":"https:\/\/www.textilegence.com\/en\/three-in-one-at-trutzschler-booth-productivity-quality-and-sustainability\/","url":"https:\/\/www.textilegence.com\/en\/three-in-one-at-trutzschler-booth-productivity-quality-and-sustainability\/","name":"Three in one at Tr\u00fctzschler booth: productivity, quality and sustainability - Textilegence","isPartOf":{"@id":"https:\/\/www.textilegence.com\/en\/#website"},"primaryImageOfPage":{"@id":"https:\/\/www.textilegence.com\/en\/three-in-one-at-trutzschler-booth-productivity-quality-and-sustainability\/#primaryimage"},"image":{"@id":"https:\/\/www.textilegence.com\/en\/three-in-one-at-trutzschler-booth-productivity-quality-and-sustainability\/#primaryimage"},"thumbnailUrl":"https:\/\/www.textilegence.com\/wp-content\/uploads\/2023\/07\/truetzschler-textilegence.jpg","datePublished":"2023-07-12T12:06:54+00:00","dateModified":"2023-07-13T10:45:26+00:00","description":"German textile machinery manufacturer Tr\u00fctzschler Group met its visitors from all over the world through ITMA 2023 and welcomed...","breadcrumb":{"@id":"https:\/\/www.textilegence.com\/en\/three-in-one-at-trutzschler-booth-productivity-quality-and-sustainability\/#breadcrumb"},"inLanguage":"en-US","potentialAction":[{"@type":"ReadAction","target":["https:\/\/www.textilegence.com\/en\/three-in-one-at-trutzschler-booth-productivity-quality-and-sustainability\/"]}]},{"@type":"ImageObject","inLanguage":"en-US","@id":"https:\/\/www.textilegence.com\/en\/three-in-one-at-trutzschler-booth-productivity-quality-and-sustainability\/#primaryimage","url":"https:\/\/www.textilegence.com\/wp-content\/uploads\/2023\/07\/truetzschler-textilegence.jpg","contentUrl":"https:\/\/www.textilegence.com\/wp-content\/uploads\/2023\/07\/truetzschler-textilegence.jpg","width":1920,"height":1080},{"@type":"BreadcrumbList","@id":"https:\/\/www.textilegence.com\/en\/three-in-one-at-trutzschler-booth-productivity-quality-and-sustainability\/#breadcrumb","itemListElement":[{"@type":"ListItem","position":1,"name":"Home Page","item":"https:\/\/www.textilegence.com\/en\/homepage-the-rimont\/"},{"@type":"ListItem","position":2,"name":"ITMA","item":"https:\/\/www.textilegence.com\/en\/category\/itma-fair\/"},{"@type":"ListItem","position":3,"name":"Three in one at Tr\u00fctzschler booth: productivity, quality and sustainability"}]},{"@type":"WebSite","@id":"https:\/\/www.textilegence.com\/en\/#website","url":"https:\/\/www.textilegence.com\/en\/","name":"Textilegence Magazine and Digital Platform","description":"Textile News Center","publisher":{"@id":"https:\/\/www.textilegence.com\/en\/#organization"},"potentialAction":[{"@type":"SearchAction","target":{"@type":"EntryPoint","urlTemplate":"https:\/\/www.textilegence.com\/en\/?s={search_term_string}"},"query-input":{"@type":"PropertyValueSpecification","valueRequired":true,"valueName":"search_term_string"}}],"inLanguage":"en-US"},{"@type":"Organization","@id":"https:\/\/www.textilegence.com\/en\/#organization","name":"Textilegence Magazine and Digital Platform","url":"https:\/\/www.textilegence.com\/en\/","logo":{"@type":"ImageObject","inLanguage":"en-US","@id":"https:\/\/www.textilegence.com\/en\/#\/schema\/logo\/image\/","url":"https:\/\/www.textilegence.com\/wp-content\/uploads\/2016\/11\/New_Retina_Logo_Textilegence.png","contentUrl":"https:\/\/www.textilegence.com\/wp-content\/uploads\/2016\/11\/New_Retina_Logo_Textilegence.png","width":544,"height":180,"caption":"Textilegence Magazine and Digital Platform"},"image":{"@id":"https:\/\/www.textilegence.com\/en\/#\/schema\/logo\/image\/"},"sameAs":["https:\/\/www.facebook.com\/TextilegenceMagazine","https:\/\/x.com\/textilegence","https:\/\/www.instagram.com\/textilegence\/","https:\/\/www.linkedin.com\/groups\/Textilegence-Magazine-Digital-Platform-4897253","https:\/\/www.youtube.com\/user\/textilegence"],"description":"Textilegence is a magazine and digital platform established in 2013. It focuses on the textile industry and sub-segments. The platform provides news, articles, and updates on various aspects of the textile industry, including sustainability, technological advancements, and market trends.","email":"editor@textilegence.com","telephone":"+90 212 442 24 12","legalName":"Textilegence Mag and Digital Platform","foundingDate":"2013-01-01","numberOfEmployees":{"@type":"QuantitativeValue","minValue":"1","maxValue":"10"}},{"@type":"Person","@id":"https:\/\/www.textilegence.com\/en\/#\/schema\/person\/cfa6baf17f0478131c673c93a9b88ef3","name":"Ya\u011fmur Melis \u015eim\u015fek","image":{"@type":"ImageObject","inLanguage":"en-US","@id":"https:\/\/www.textilegence.com\/wp-content\/uploads\/2022\/03\/Yagmur_photo1.jpg","url":"https:\/\/www.textilegence.com\/wp-content\/uploads\/2022\/03\/Yagmur_photo1.jpg","contentUrl":"https:\/\/www.textilegence.com\/wp-content\/uploads\/2022\/03\/Yagmur_photo1.jpg","caption":"Ya\u011fmur Melis \u015eim\u015fek"},"description":"Ya\u011fmur Melis \u015eim\u015fek, Saint-Beno\u00eet Frans\u0131z Lisesi\u2019nde e\u011fitim g\u00f6rm\u00fc\u015f, ard\u0131ndan Anadolu \u00dcniversitesi\u2019nde iki y\u0131ll\u0131k Foto\u011fraf\u00e7\u0131l\u0131k B\u00f6l\u00fcm\u00fc\u2019n\u00fc tamamlam\u0131\u015ft\u0131r. Daha sonra lisans e\u011fitimini \u0130stanbul \u00dcniversitesi Gazetecilik B\u00f6l\u00fcm\u00fc\u2019nde s\u00fcrd\u00fcrm\u00fc\u015f, mezuniyetin ard\u0131ndan ise 2017 y\u0131l\u0131nda i\u015f hayat\u0131na at\u0131lm\u0131\u015ft\u0131r. Pek \u00e7ok farkl\u0131 projede, foto\u011fraf\u00e7\u0131l\u0131k ve grafik tasar\u0131mc\u0131l\u0131\u011f\u0131n yan\u0131 s\u0131ra teknoloji alan\u0131nda i\u00e7erik ve haber yazarl\u0131\u011f\u0131 gibi \u00e7e\u015fitli pozisyonlarda yer alan \u015eim\u015fek, 2021 y\u0131l\u0131ndan bu yana Textilegence\u2019da d\u0131\u015f haberlerde yard\u0131mc\u0131 edit\u00f6r olarak g\u00f6rev yapmaktad\u0131r.","sameAs":["https:\/\/www.textilegence.com\/","https:\/\/www.facebook.com\/TextilegenceMagazine","https:\/\/www.instagram.com\/textilegence\/","https:\/\/www.linkedin.com\/company\/2985016","https:\/\/x.com\/https:\/\/twitter.com\/textilegence","https:\/\/www.youtube.com\/channel\/UCgtcny5ljhiXu-yvOiAlpRA"],"url":"https:\/\/www.textilegence.com\/en\/author\/yms\/"}]}},"_links":{"self":[{"href":"https:\/\/www.textilegence.com\/en\/wp-json\/wp\/v2\/posts\/54873","targetHints":{"allow":["GET"]}}],"collection":[{"href":"https:\/\/www.textilegence.com\/en\/wp-json\/wp\/v2\/posts"}],"about":[{"href":"https:\/\/www.textilegence.com\/en\/wp-json\/wp\/v2\/types\/post"}],"author":[{"embeddable":true,"href":"https:\/\/www.textilegence.com\/en\/wp-json\/wp\/v2\/users\/26"}],"replies":[{"embeddable":true,"href":"https:\/\/www.textilegence.com\/en\/wp-json\/wp\/v2\/comments?post=54873"}],"version-history":[{"count":0,"href":"https:\/\/www.textilegence.com\/en\/wp-json\/wp\/v2\/posts\/54873\/revisions"}],"wp:featuredmedia":[{"embeddable":true,"href":"https:\/\/www.textilegence.com\/en\/wp-json\/wp\/v2\/media\/54862"}],"wp:attachment":[{"href":"https:\/\/www.textilegence.com\/en\/wp-json\/wp\/v2\/media?parent=54873"}],"wp:term":[{"taxonomy":"category","embeddable":true,"href":"https:\/\/www.textilegence.com\/en\/wp-json\/wp\/v2\/categories?post=54873"},{"taxonomy":"post_tag","embeddable":true,"href":"https:\/\/www.textilegence.com\/en\/wp-json\/wp\/v2\/tags?post=54873"}],"curies":[{"name":"wp","href":"https:\/\/api.w.org\/{rel}","templated":true}]}}