{"id":55290,"date":"2023-08-17T14:48:48","date_gmt":"2023-08-17T11:48:48","guid":{"rendered":"http:\/\/www.textilegence.com\/?p=55290"},"modified":"2023-08-17T14:48:51","modified_gmt":"2023-08-17T11:48:51","slug":"turkish-textile-industry-takes-initiative-for-green-transformation","status":"publish","type":"post","link":"https:\/\/www.textilegence.com\/en\/turkish-textile-industry-takes-initiative-for-green-transformation\/","title":{"rendered":"Turkish textile industry takes initiative for Green Transformation"},"content":{"rendered":"\n<p>In recent years, climate change, global warming and <a href=\"https:\/\/www.textilegence.com\/en\/category\/green-times\/\" target=\"_blank\" rel=\"noreferrer noopener\">sustainability <\/a>have come to the fore globally, not only in terms of industrial production but also as a general agenda. Numerous countries, particularly European countries, are taking steps one after the other to ensure sustainability and are introducing new regulations. While the new regulations closely concern all units from production to exports, T\u00fcrkiye has also accelerated its efforts to adapt to the new era, improve production conditions and leave a more livable world for future generations. In this context, Istanbul Textile and Raw Materials Exporters\u2019 Association (<a href=\"https:\/\/www.ithib.org.tr\/en\/default.html\" target=\"_blank\" rel=\"noreferrer noopener\">ITHIB<\/a>), which has carried out many studies in the past years, organized the \u2018Clean Production &amp; Clean Water Practices Workshop on the Axis of Green Transformation in the Textile Sector&#8217; in cooperation with the Turkish Textile Finishing Industrialists&#8217; Association (TTTSD). ITHIB Chairman Ahmet \u00d6ks\u00fcz made a speech at the workshop attended by representatives of the Ministry of Trade, Ministry of Industry and Technology and Ministry of Environment, Urbanization and Climate Change, as well as academicians, consultants and sector companies.<\/p>\n\n\n<div class=\"wp-block-image\">\n<figure class=\"aligncenter size-full\"><img loading=\"lazy\" decoding=\"async\" width=\"1920\" height=\"1080\" src=\"https:\/\/www.textilegence.com\/wp-content\/uploads\/2023\/08\/turkish-textile-detail-1.jpg\" alt=\"\" class=\"wp-image-55288\" srcset=\"https:\/\/www.textilegence.com\/wp-content\/uploads\/2023\/08\/turkish-textile-detail-1.jpg 1920w, https:\/\/www.textilegence.com\/wp-content\/uploads\/2023\/08\/turkish-textile-detail-1-768x432.jpg 768w, https:\/\/www.textilegence.com\/wp-content\/uploads\/2023\/08\/turkish-textile-detail-1-1536x864.jpg 1536w, https:\/\/www.textilegence.com\/wp-content\/uploads\/2023\/08\/turkish-textile-detail-1-300x169.jpg 300w, https:\/\/www.textilegence.com\/wp-content\/uploads\/2023\/08\/turkish-textile-detail-1-600x338.jpg 600w, https:\/\/www.textilegence.com\/wp-content\/uploads\/2023\/08\/turkish-textile-detail-1-696x392.jpg 696w, https:\/\/www.textilegence.com\/wp-content\/uploads\/2023\/08\/turkish-textile-detail-1-1068x601.jpg 1068w\" sizes=\"auto, (max-width: 1920px) 100vw, 1920px\" \/><figcaption class=\"wp-element-caption\">ITHIB Chairman Ahmet \u00d6ks\u00fcz<\/figcaption><\/figure>\n<\/div>\n\n\n<h2 class=\"wp-block-heading\" id=\"h-as-turkish-textile-sector-we-manufacture-in-accordance-with-eu-norms\">\u201cAs Turkish textile sector, we manufacture in accordance with EU norms\u201d<\/h2>\n\n\n\n<p>Stating that for the first time, all relevant parties of the Turkish textile industry came together to discuss the road map for clean production and water consumption, Ahmet \u00d6ks\u00fcz shared the following details: \u201cAs the textile sector, we produce 49 billion dollars a year and export 13 billion dollars. I would like to proudly state that we are the fifth largest supplier in the world and the second largest supplier in the EU. While T\u00fcrkiye\u2019s overall exports have a share of 1 percent in world exports, our textile sector has a share of 3.5 percent. Our goal is to be one of the top 3 largest exporting countries in the world. For this, we should increase our exports by 3 billion dollars more and orientate towards value-added exports.\u201d \u00d6ks\u00fcz argued that it is actually quite easy to reach these targets since they manufacture in accordance with EU norms throughout the entire supply chain. \u00d6ks\u00fcz said: \u201cWe are far ahead of our competitors in sustainability and green transformation journey.\u201d<\/p>\n\n\n\n<p>\u00d6ks\u00fcz drew attention to the integrated power of the Turkish textile industry and explained that there are still steps to be taken as follows: \u201cWater use is one of our most sensitive solution points. Approximately two billion people in the world do not have access to safe drinking water. T\u00fcrkiye\u2019s annual usable water amount is approximately 112 billion cubic metres. The largest share of the water supply in T\u00fcrkiye belongs to the manufacture of food products with 22 percent. The food sector is followed by textile products with a share of 18 percent and chemical products with a share of 16 percent. These figures show us that we need to give a good account of ourselves for the world, for our future.\u201d<\/p>\n","protected":false},"excerpt":{"rendered":"<p>In recent years, climate change, global warming and sustainability have come to the fore globally, not only in terms of industrial production but also as a general agenda. Numerous countries, particularly European countries, are taking steps one after the other to ensure sustainability and are introducing new regulations. While the new regulations closely concern all [&hellip;]<\/p>\n","protected":false},"author":26,"featured_media":55286,"comment_status":"closed","ping_status":"closed","sticky":false,"template":"","format":"standard","meta":{"footnotes":""},"categories":[14912],"tags":[14931,10777,11143,10369],"class_list":{"0":"post-55290","1":"post","2":"type-post","3":"status-publish","4":"format-standard","5":"has-post-thumbnail","7":"category-green-times","8":"tag-green-times","9":"tag-ithib-en","10":"tag-sustainability-en","11":"tag-textile-news-en"},"yoast_head":"<!-- This site is optimized with the Yoast SEO Premium plugin v27.3 (Yoast SEO v27.3) - https:\/\/yoast.com\/product\/yoast-seo-premium-wordpress\/ -->\n<title>Turkish textile industry takes initiative for Green Transformation - Textilegence<\/title>\n<meta name=\"description\" content=\"All relevant parties of the Turkish textile industry came together to discuss the road map for clean production...\" \/>\n<meta name=\"robots\" content=\"index, follow, max-snippet:-1, max-image-preview:large, max-video-preview:-1\" \/>\n<link rel=\"canonical\" href=\"https:\/\/www.textilegence.com\/en\/turkish-textile-industry-takes-initiative-for-green-transformation\/\" \/>\n<meta property=\"og:locale\" content=\"en_US\" \/>\n<meta property=\"og:type\" content=\"article\" \/>\n<meta property=\"og:title\" content=\"Turkish textile industry takes initiative for Green Transformation\" \/>\n<meta property=\"og:description\" content=\"In recent years, climate change, global warming and sustainability have come to the fore globally, not only in terms of industrial production but also as\" \/>\n<meta property=\"og:url\" content=\"https:\/\/www.textilegence.com\/en\/turkish-textile-industry-takes-initiative-for-green-transformation\/\" \/>\n<meta property=\"og:site_name\" content=\"Textilegence Magazine and Digital Platform\" \/>\n<meta property=\"article:publisher\" content=\"https:\/\/www.facebook.com\/TextilegenceMagazine\" \/>\n<meta property=\"article:author\" content=\"https:\/\/www.facebook.com\/TextilegenceMagazine\" \/>\n<meta property=\"article:published_time\" content=\"2023-08-17T11:48:48+00:00\" \/>\n<meta property=\"article:modified_time\" content=\"2023-08-17T11:48:51+00:00\" \/>\n<meta property=\"og:image\" content=\"https:\/\/www.textilegence.com\/wp-content\/uploads\/2023\/08\/turkish-textile-textilegence-1.jpg\" \/>\n\t<meta property=\"og:image:width\" content=\"1920\" \/>\n\t<meta property=\"og:image:height\" content=\"1080\" \/>\n\t<meta property=\"og:image:type\" content=\"image\/jpeg\" \/>\n<meta name=\"author\" content=\"Ya\u011fmur Melis \u015eim\u015fek\" \/>\n<meta name=\"twitter:card\" content=\"summary_large_image\" \/>\n<meta name=\"twitter:creator\" content=\"@https:\/\/twitter.com\/textilegence\" \/>\n<meta name=\"twitter:site\" content=\"@textilegence\" \/>\n<meta name=\"twitter:label1\" content=\"Written by\" \/>\n\t<meta name=\"twitter:data1\" content=\"Ya\u011fmur Melis \u015eim\u015fek\" \/>\n\t<meta name=\"twitter:label2\" content=\"Est. reading time\" \/>\n\t<meta name=\"twitter:data2\" content=\"4 minutes\" \/>\n<script type=\"application\/ld+json\" class=\"yoast-schema-graph\">{\"@context\":\"https:\\\/\\\/schema.org\",\"@graph\":[{\"@type\":\"NewsArticle\",\"@id\":\"https:\\\/\\\/www.textilegence.com\\\/en\\\/turkish-textile-industry-takes-initiative-for-green-transformation\\\/#article\",\"isPartOf\":{\"@id\":\"https:\\\/\\\/www.textilegence.com\\\/en\\\/turkish-textile-industry-takes-initiative-for-green-transformation\\\/\"},\"author\":{\"name\":\"Ya\u011fmur Melis \u015eim\u015fek\",\"@id\":\"https:\\\/\\\/www.textilegence.com\\\/en\\\/#\\\/schema\\\/person\\\/cfa6baf17f0478131c673c93a9b88ef3\"},\"headline\":\"Turkish textile industry takes initiative for Green Transformation\",\"datePublished\":\"2023-08-17T11:48:48+00:00\",\"dateModified\":\"2023-08-17T11:48:51+00:00\",\"mainEntityOfPage\":{\"@id\":\"https:\\\/\\\/www.textilegence.com\\\/en\\\/turkish-textile-industry-takes-initiative-for-green-transformation\\\/\"},\"wordCount\":488,\"publisher\":{\"@id\":\"https:\\\/\\\/www.textilegence.com\\\/en\\\/#organization\"},\"image\":{\"@id\":\"https:\\\/\\\/www.textilegence.com\\\/en\\\/turkish-textile-industry-takes-initiative-for-green-transformation\\\/#primaryimage\"},\"thumbnailUrl\":\"https:\\\/\\\/www.textilegence.com\\\/wp-content\\\/uploads\\\/2023\\\/08\\\/turkish-textile-textilegence-1.jpg\",\"keywords\":[\"green times\",\"ithib\",\"sustainability\",\"textile news\"],\"articleSection\":[\"Green Times\"],\"inLanguage\":\"en-US\"},{\"@type\":\"WebPage\",\"@id\":\"https:\\\/\\\/www.textilegence.com\\\/en\\\/turkish-textile-industry-takes-initiative-for-green-transformation\\\/\",\"url\":\"https:\\\/\\\/www.textilegence.com\\\/en\\\/turkish-textile-industry-takes-initiative-for-green-transformation\\\/\",\"name\":\"Turkish textile industry takes initiative for Green Transformation - Textilegence\",\"isPartOf\":{\"@id\":\"https:\\\/\\\/www.textilegence.com\\\/en\\\/#website\"},\"primaryImageOfPage\":{\"@id\":\"https:\\\/\\\/www.textilegence.com\\\/en\\\/turkish-textile-industry-takes-initiative-for-green-transformation\\\/#primaryimage\"},\"image\":{\"@id\":\"https:\\\/\\\/www.textilegence.com\\\/en\\\/turkish-textile-industry-takes-initiative-for-green-transformation\\\/#primaryimage\"},\"thumbnailUrl\":\"https:\\\/\\\/www.textilegence.com\\\/wp-content\\\/uploads\\\/2023\\\/08\\\/turkish-textile-textilegence-1.jpg\",\"datePublished\":\"2023-08-17T11:48:48+00:00\",\"dateModified\":\"2023-08-17T11:48:51+00:00\",\"description\":\"All relevant parties of the Turkish textile industry came together to discuss the road map for clean production...\",\"breadcrumb\":{\"@id\":\"https:\\\/\\\/www.textilegence.com\\\/en\\\/turkish-textile-industry-takes-initiative-for-green-transformation\\\/#breadcrumb\"},\"inLanguage\":\"en-US\",\"potentialAction\":[{\"@type\":\"ReadAction\",\"target\":[\"https:\\\/\\\/www.textilegence.com\\\/en\\\/turkish-textile-industry-takes-initiative-for-green-transformation\\\/\"]}]},{\"@type\":\"ImageObject\",\"inLanguage\":\"en-US\",\"@id\":\"https:\\\/\\\/www.textilegence.com\\\/en\\\/turkish-textile-industry-takes-initiative-for-green-transformation\\\/#primaryimage\",\"url\":\"https:\\\/\\\/www.textilegence.com\\\/wp-content\\\/uploads\\\/2023\\\/08\\\/turkish-textile-textilegence-1.jpg\",\"contentUrl\":\"https:\\\/\\\/www.textilegence.com\\\/wp-content\\\/uploads\\\/2023\\\/08\\\/turkish-textile-textilegence-1.jpg\",\"width\":1920,\"height\":1080},{\"@type\":\"BreadcrumbList\",\"@id\":\"https:\\\/\\\/www.textilegence.com\\\/en\\\/turkish-textile-industry-takes-initiative-for-green-transformation\\\/#breadcrumb\",\"itemListElement\":[{\"@type\":\"ListItem\",\"position\":1,\"name\":\"Home Page\",\"item\":\"https:\\\/\\\/www.textilegence.com\\\/en\\\/homepage-the-rimont\\\/\"},{\"@type\":\"ListItem\",\"position\":2,\"name\":\"Green Times\",\"item\":\"https:\\\/\\\/www.textilegence.com\\\/en\\\/category\\\/green-times\\\/\"},{\"@type\":\"ListItem\",\"position\":3,\"name\":\"Turkish textile industry takes initiative for Green Transformation\"}]},{\"@type\":\"WebSite\",\"@id\":\"https:\\\/\\\/www.textilegence.com\\\/en\\\/#website\",\"url\":\"https:\\\/\\\/www.textilegence.com\\\/en\\\/\",\"name\":\"Textilegence Magazine and Digital Platform\",\"description\":\"Textile News Center\",\"publisher\":{\"@id\":\"https:\\\/\\\/www.textilegence.com\\\/en\\\/#organization\"},\"potentialAction\":[{\"@type\":\"SearchAction\",\"target\":{\"@type\":\"EntryPoint\",\"urlTemplate\":\"https:\\\/\\\/www.textilegence.com\\\/en\\\/?s={search_term_string}\"},\"query-input\":{\"@type\":\"PropertyValueSpecification\",\"valueRequired\":true,\"valueName\":\"search_term_string\"}}],\"inLanguage\":\"en-US\"},{\"@type\":\"Organization\",\"@id\":\"https:\\\/\\\/www.textilegence.com\\\/en\\\/#organization\",\"name\":\"Textilegence Magazine and Digital Platform\",\"url\":\"https:\\\/\\\/www.textilegence.com\\\/en\\\/\",\"logo\":{\"@type\":\"ImageObject\",\"inLanguage\":\"en-US\",\"@id\":\"https:\\\/\\\/www.textilegence.com\\\/en\\\/#\\\/schema\\\/logo\\\/image\\\/\",\"url\":\"https:\\\/\\\/www.textilegence.com\\\/wp-content\\\/uploads\\\/2016\\\/11\\\/New_Retina_Logo_Textilegence.png\",\"contentUrl\":\"https:\\\/\\\/www.textilegence.com\\\/wp-content\\\/uploads\\\/2016\\\/11\\\/New_Retina_Logo_Textilegence.png\",\"width\":544,\"height\":180,\"caption\":\"Textilegence Magazine and Digital Platform\"},\"image\":{\"@id\":\"https:\\\/\\\/www.textilegence.com\\\/en\\\/#\\\/schema\\\/logo\\\/image\\\/\"},\"sameAs\":[\"https:\\\/\\\/www.facebook.com\\\/TextilegenceMagazine\",\"https:\\\/\\\/x.com\\\/textilegence\",\"https:\\\/\\\/www.instagram.com\\\/textilegence\\\/\",\"https:\\\/\\\/www.linkedin.com\\\/groups\\\/Textilegence-Magazine-Digital-Platform-4897253\",\"https:\\\/\\\/www.youtube.com\\\/user\\\/textilegence\"],\"description\":\"Textilegence is a magazine and digital platform established in 2013. It focuses on the textile industry and sub-segments. The platform provides news, articles, and updates on various aspects of the textile industry, including sustainability, technological advancements, and market trends.\",\"email\":\"editor@textilegence.com\",\"telephone\":\"+90 212 442 24 12\",\"legalName\":\"Textilegence Mag and Digital Platform\",\"foundingDate\":\"2013-01-01\",\"numberOfEmployees\":{\"@type\":\"QuantitativeValue\",\"minValue\":\"1\",\"maxValue\":\"10\"}},{\"@type\":\"Person\",\"@id\":\"https:\\\/\\\/www.textilegence.com\\\/en\\\/#\\\/schema\\\/person\\\/cfa6baf17f0478131c673c93a9b88ef3\",\"name\":\"Ya\u011fmur Melis \u015eim\u015fek\",\"image\":{\"@type\":\"ImageObject\",\"inLanguage\":\"en-US\",\"@id\":\"https:\\\/\\\/www.textilegence.com\\\/wp-content\\\/uploads\\\/2022\\\/03\\\/Yagmur_photo1.jpg\",\"url\":\"https:\\\/\\\/www.textilegence.com\\\/wp-content\\\/uploads\\\/2022\\\/03\\\/Yagmur_photo1.jpg\",\"contentUrl\":\"https:\\\/\\\/www.textilegence.com\\\/wp-content\\\/uploads\\\/2022\\\/03\\\/Yagmur_photo1.jpg\",\"caption\":\"Ya\u011fmur Melis \u015eim\u015fek\"},\"description\":\"Ya\u011fmur Melis \u015eim\u015fek, Saint-Beno\u00eet Frans\u0131z Lisesi\u2019nde e\u011fitim g\u00f6rm\u00fc\u015f, ard\u0131ndan Anadolu \u00dcniversitesi\u2019nde iki y\u0131ll\u0131k Foto\u011fraf\u00e7\u0131l\u0131k B\u00f6l\u00fcm\u00fc\u2019n\u00fc tamamlam\u0131\u015ft\u0131r. Daha sonra lisans e\u011fitimini \u0130stanbul \u00dcniversitesi Gazetecilik B\u00f6l\u00fcm\u00fc\u2019nde s\u00fcrd\u00fcrm\u00fc\u015f, mezuniyetin ard\u0131ndan ise 2017 y\u0131l\u0131nda i\u015f hayat\u0131na at\u0131lm\u0131\u015ft\u0131r. Pek \u00e7ok farkl\u0131 projede, foto\u011fraf\u00e7\u0131l\u0131k ve grafik tasar\u0131mc\u0131l\u0131\u011f\u0131n yan\u0131 s\u0131ra teknoloji alan\u0131nda i\u00e7erik ve haber yazarl\u0131\u011f\u0131 gibi \u00e7e\u015fitli pozisyonlarda yer alan \u015eim\u015fek, 2021 y\u0131l\u0131ndan bu yana Textilegence\u2019da d\u0131\u015f haberlerde yard\u0131mc\u0131 edit\u00f6r olarak g\u00f6rev yapmaktad\u0131r.\",\"sameAs\":[\"https:\\\/\\\/www.textilegence.com\\\/\",\"https:\\\/\\\/www.facebook.com\\\/TextilegenceMagazine\",\"https:\\\/\\\/www.instagram.com\\\/textilegence\\\/\",\"https:\\\/\\\/www.linkedin.com\\\/company\\\/2985016\",\"https:\\\/\\\/x.com\\\/https:\\\/\\\/twitter.com\\\/textilegence\",\"https:\\\/\\\/www.youtube.com\\\/channel\\\/UCgtcny5ljhiXu-yvOiAlpRA\"],\"url\":\"https:\\\/\\\/www.textilegence.com\\\/en\\\/author\\\/yms\\\/\"}]}<\/script>\n<!-- \/ Yoast SEO Premium plugin. -->","yoast_head_json":{"title":"Turkish textile industry takes initiative for Green Transformation - Textilegence","description":"All relevant parties of the Turkish textile industry came together to discuss the road map for clean production...","robots":{"index":"index","follow":"follow","max-snippet":"max-snippet:-1","max-image-preview":"max-image-preview:large","max-video-preview":"max-video-preview:-1"},"canonical":"https:\/\/www.textilegence.com\/en\/turkish-textile-industry-takes-initiative-for-green-transformation\/","og_locale":"en_US","og_type":"article","og_title":"Turkish textile industry takes initiative for Green Transformation","og_description":"In recent years, climate change, global warming and sustainability have come to the fore globally, not only in terms of industrial production but also as","og_url":"https:\/\/www.textilegence.com\/en\/turkish-textile-industry-takes-initiative-for-green-transformation\/","og_site_name":"Textilegence Magazine and Digital Platform","article_publisher":"https:\/\/www.facebook.com\/TextilegenceMagazine","article_author":"https:\/\/www.facebook.com\/TextilegenceMagazine","article_published_time":"2023-08-17T11:48:48+00:00","article_modified_time":"2023-08-17T11:48:51+00:00","og_image":[{"width":1920,"height":1080,"url":"https:\/\/www.textilegence.com\/wp-content\/uploads\/2023\/08\/turkish-textile-textilegence-1.jpg","type":"image\/jpeg"}],"author":"Ya\u011fmur Melis \u015eim\u015fek","twitter_card":"summary_large_image","twitter_creator":"@https:\/\/twitter.com\/textilegence","twitter_site":"@textilegence","twitter_misc":{"Written by":"Ya\u011fmur Melis \u015eim\u015fek","Est. reading time":"4 minutes"},"schema":{"@context":"https:\/\/schema.org","@graph":[{"@type":"NewsArticle","@id":"https:\/\/www.textilegence.com\/en\/turkish-textile-industry-takes-initiative-for-green-transformation\/#article","isPartOf":{"@id":"https:\/\/www.textilegence.com\/en\/turkish-textile-industry-takes-initiative-for-green-transformation\/"},"author":{"name":"Ya\u011fmur Melis \u015eim\u015fek","@id":"https:\/\/www.textilegence.com\/en\/#\/schema\/person\/cfa6baf17f0478131c673c93a9b88ef3"},"headline":"Turkish textile industry takes initiative for Green Transformation","datePublished":"2023-08-17T11:48:48+00:00","dateModified":"2023-08-17T11:48:51+00:00","mainEntityOfPage":{"@id":"https:\/\/www.textilegence.com\/en\/turkish-textile-industry-takes-initiative-for-green-transformation\/"},"wordCount":488,"publisher":{"@id":"https:\/\/www.textilegence.com\/en\/#organization"},"image":{"@id":"https:\/\/www.textilegence.com\/en\/turkish-textile-industry-takes-initiative-for-green-transformation\/#primaryimage"},"thumbnailUrl":"https:\/\/www.textilegence.com\/wp-content\/uploads\/2023\/08\/turkish-textile-textilegence-1.jpg","keywords":["green times","ithib","sustainability","textile news"],"articleSection":["Green Times"],"inLanguage":"en-US"},{"@type":"WebPage","@id":"https:\/\/www.textilegence.com\/en\/turkish-textile-industry-takes-initiative-for-green-transformation\/","url":"https:\/\/www.textilegence.com\/en\/turkish-textile-industry-takes-initiative-for-green-transformation\/","name":"Turkish textile industry takes initiative for Green Transformation - Textilegence","isPartOf":{"@id":"https:\/\/www.textilegence.com\/en\/#website"},"primaryImageOfPage":{"@id":"https:\/\/www.textilegence.com\/en\/turkish-textile-industry-takes-initiative-for-green-transformation\/#primaryimage"},"image":{"@id":"https:\/\/www.textilegence.com\/en\/turkish-textile-industry-takes-initiative-for-green-transformation\/#primaryimage"},"thumbnailUrl":"https:\/\/www.textilegence.com\/wp-content\/uploads\/2023\/08\/turkish-textile-textilegence-1.jpg","datePublished":"2023-08-17T11:48:48+00:00","dateModified":"2023-08-17T11:48:51+00:00","description":"All relevant parties of the Turkish textile industry came together to discuss the road map for clean production...","breadcrumb":{"@id":"https:\/\/www.textilegence.com\/en\/turkish-textile-industry-takes-initiative-for-green-transformation\/#breadcrumb"},"inLanguage":"en-US","potentialAction":[{"@type":"ReadAction","target":["https:\/\/www.textilegence.com\/en\/turkish-textile-industry-takes-initiative-for-green-transformation\/"]}]},{"@type":"ImageObject","inLanguage":"en-US","@id":"https:\/\/www.textilegence.com\/en\/turkish-textile-industry-takes-initiative-for-green-transformation\/#primaryimage","url":"https:\/\/www.textilegence.com\/wp-content\/uploads\/2023\/08\/turkish-textile-textilegence-1.jpg","contentUrl":"https:\/\/www.textilegence.com\/wp-content\/uploads\/2023\/08\/turkish-textile-textilegence-1.jpg","width":1920,"height":1080},{"@type":"BreadcrumbList","@id":"https:\/\/www.textilegence.com\/en\/turkish-textile-industry-takes-initiative-for-green-transformation\/#breadcrumb","itemListElement":[{"@type":"ListItem","position":1,"name":"Home Page","item":"https:\/\/www.textilegence.com\/en\/homepage-the-rimont\/"},{"@type":"ListItem","position":2,"name":"Green Times","item":"https:\/\/www.textilegence.com\/en\/category\/green-times\/"},{"@type":"ListItem","position":3,"name":"Turkish textile industry takes initiative for Green Transformation"}]},{"@type":"WebSite","@id":"https:\/\/www.textilegence.com\/en\/#website","url":"https:\/\/www.textilegence.com\/en\/","name":"Textilegence Magazine and Digital Platform","description":"Textile News Center","publisher":{"@id":"https:\/\/www.textilegence.com\/en\/#organization"},"potentialAction":[{"@type":"SearchAction","target":{"@type":"EntryPoint","urlTemplate":"https:\/\/www.textilegence.com\/en\/?s={search_term_string}"},"query-input":{"@type":"PropertyValueSpecification","valueRequired":true,"valueName":"search_term_string"}}],"inLanguage":"en-US"},{"@type":"Organization","@id":"https:\/\/www.textilegence.com\/en\/#organization","name":"Textilegence Magazine and Digital Platform","url":"https:\/\/www.textilegence.com\/en\/","logo":{"@type":"ImageObject","inLanguage":"en-US","@id":"https:\/\/www.textilegence.com\/en\/#\/schema\/logo\/image\/","url":"https:\/\/www.textilegence.com\/wp-content\/uploads\/2016\/11\/New_Retina_Logo_Textilegence.png","contentUrl":"https:\/\/www.textilegence.com\/wp-content\/uploads\/2016\/11\/New_Retina_Logo_Textilegence.png","width":544,"height":180,"caption":"Textilegence Magazine and Digital Platform"},"image":{"@id":"https:\/\/www.textilegence.com\/en\/#\/schema\/logo\/image\/"},"sameAs":["https:\/\/www.facebook.com\/TextilegenceMagazine","https:\/\/x.com\/textilegence","https:\/\/www.instagram.com\/textilegence\/","https:\/\/www.linkedin.com\/groups\/Textilegence-Magazine-Digital-Platform-4897253","https:\/\/www.youtube.com\/user\/textilegence"],"description":"Textilegence is a magazine and digital platform established in 2013. It focuses on the textile industry and sub-segments. The platform provides news, articles, and updates on various aspects of the textile industry, including sustainability, technological advancements, and market trends.","email":"editor@textilegence.com","telephone":"+90 212 442 24 12","legalName":"Textilegence Mag and Digital Platform","foundingDate":"2013-01-01","numberOfEmployees":{"@type":"QuantitativeValue","minValue":"1","maxValue":"10"}},{"@type":"Person","@id":"https:\/\/www.textilegence.com\/en\/#\/schema\/person\/cfa6baf17f0478131c673c93a9b88ef3","name":"Ya\u011fmur Melis \u015eim\u015fek","image":{"@type":"ImageObject","inLanguage":"en-US","@id":"https:\/\/www.textilegence.com\/wp-content\/uploads\/2022\/03\/Yagmur_photo1.jpg","url":"https:\/\/www.textilegence.com\/wp-content\/uploads\/2022\/03\/Yagmur_photo1.jpg","contentUrl":"https:\/\/www.textilegence.com\/wp-content\/uploads\/2022\/03\/Yagmur_photo1.jpg","caption":"Ya\u011fmur Melis \u015eim\u015fek"},"description":"Ya\u011fmur Melis \u015eim\u015fek, Saint-Beno\u00eet Frans\u0131z Lisesi\u2019nde e\u011fitim g\u00f6rm\u00fc\u015f, ard\u0131ndan Anadolu \u00dcniversitesi\u2019nde iki y\u0131ll\u0131k Foto\u011fraf\u00e7\u0131l\u0131k B\u00f6l\u00fcm\u00fc\u2019n\u00fc tamamlam\u0131\u015ft\u0131r. Daha sonra lisans e\u011fitimini \u0130stanbul \u00dcniversitesi Gazetecilik B\u00f6l\u00fcm\u00fc\u2019nde s\u00fcrd\u00fcrm\u00fc\u015f, mezuniyetin ard\u0131ndan ise 2017 y\u0131l\u0131nda i\u015f hayat\u0131na at\u0131lm\u0131\u015ft\u0131r. Pek \u00e7ok farkl\u0131 projede, foto\u011fraf\u00e7\u0131l\u0131k ve grafik tasar\u0131mc\u0131l\u0131\u011f\u0131n yan\u0131 s\u0131ra teknoloji alan\u0131nda i\u00e7erik ve haber yazarl\u0131\u011f\u0131 gibi \u00e7e\u015fitli pozisyonlarda yer alan \u015eim\u015fek, 2021 y\u0131l\u0131ndan bu yana Textilegence\u2019da d\u0131\u015f haberlerde yard\u0131mc\u0131 edit\u00f6r olarak g\u00f6rev yapmaktad\u0131r.","sameAs":["https:\/\/www.textilegence.com\/","https:\/\/www.facebook.com\/TextilegenceMagazine","https:\/\/www.instagram.com\/textilegence\/","https:\/\/www.linkedin.com\/company\/2985016","https:\/\/x.com\/https:\/\/twitter.com\/textilegence","https:\/\/www.youtube.com\/channel\/UCgtcny5ljhiXu-yvOiAlpRA"],"url":"https:\/\/www.textilegence.com\/en\/author\/yms\/"}]}},"_links":{"self":[{"href":"https:\/\/www.textilegence.com\/en\/wp-json\/wp\/v2\/posts\/55290","targetHints":{"allow":["GET"]}}],"collection":[{"href":"https:\/\/www.textilegence.com\/en\/wp-json\/wp\/v2\/posts"}],"about":[{"href":"https:\/\/www.textilegence.com\/en\/wp-json\/wp\/v2\/types\/post"}],"author":[{"embeddable":true,"href":"https:\/\/www.textilegence.com\/en\/wp-json\/wp\/v2\/users\/26"}],"replies":[{"embeddable":true,"href":"https:\/\/www.textilegence.com\/en\/wp-json\/wp\/v2\/comments?post=55290"}],"version-history":[{"count":0,"href":"https:\/\/www.textilegence.com\/en\/wp-json\/wp\/v2\/posts\/55290\/revisions"}],"wp:featuredmedia":[{"embeddable":true,"href":"https:\/\/www.textilegence.com\/en\/wp-json\/wp\/v2\/media\/55286"}],"wp:attachment":[{"href":"https:\/\/www.textilegence.com\/en\/wp-json\/wp\/v2\/media?parent=55290"}],"wp:term":[{"taxonomy":"category","embeddable":true,"href":"https:\/\/www.textilegence.com\/en\/wp-json\/wp\/v2\/categories?post=55290"},{"taxonomy":"post_tag","embeddable":true,"href":"https:\/\/www.textilegence.com\/en\/wp-json\/wp\/v2\/tags?post=55290"}],"curies":[{"name":"wp","href":"https:\/\/api.w.org\/{rel}","templated":true}]}}