{"id":55516,"date":"2023-09-01T15:07:53","date_gmt":"2023-09-01T12:07:53","guid":{"rendered":"http:\/\/www.textilegence.com\/?p=55516"},"modified":"2023-09-01T15:30:56","modified_gmt":"2023-09-01T12:30:56","slug":"kudu-meets-turkish-market-for-the-first-time-at-sign-istanbul-2023","status":"publish","type":"post","link":"https:\/\/www.textilegence.com\/en\/kudu-meets-turkish-market-for-the-first-time-at-sign-istanbul-2023\/","title":{"rendered":"Kudu meets Turkish market for the first time at SIGN Istanbul 2023"},"content":{"rendered":"\n<p>UV printing <a href=\"https:\/\/pigmentreklam.com.tr\/\">specialist<\/a> Pigment Reklam will present swissQprint\u2019s new flagship UV-LED flatbed printer Kudu to the Turkish <a href=\"https:\/\/www.textilegence.com\/en\/category\/printing\/\">printing<\/a> industry for the first time at SIGN Istanbul 2023, the signage and printing exhibition to be held at T\u00dcYAP on September 21-24. Visitors to Pigment Reklam booth B20 in Hall 11 will have the opportunity to see the performance of this new UV printing solution directly and discuss innovative applications with the company\u2019s expert team.<\/p>\n\n\n\n<p>Stating that they have strong ties with the Turkish printing and signage industry, Pigment Reklam Company Owner Serkan \u00c7a\u011fl\u0131yan emphasized that they are a value-added and solution-oriented partner at the SIGN Istanbul as in previous years. \u00c7a\u011fl\u0131yan; \u201cOur UV and eco-solvent printers especially swissQprint\u2019s new flagship Kudu, which to be exhibited at our booth, have the features to meet the current and future demands of printing professionals. We are looking forward to showing these solutions, which stand out with their print quality and speed, as well as their efficiency and operational advantages, in operation throughout the exhibition, and to talk to our visitors about profitable applications.\u201d \u00c7a\u011fl\u0131yan noted that the booth will have an open concept to increase accessibility allowing visitors to easily examine both the machines and the application examples resembling a small exhibition.<\/p>\n\n\n<div class=\"wp-block-image\">\n<figure class=\"aligncenter size-full\"><img loading=\"lazy\" decoding=\"async\" width=\"1920\" height=\"1080\" src=\"https:\/\/www.textilegence.com\/wp-content\/uploads\/2023\/09\/pigment-textilegence-detail.jpg\" alt=\"\" class=\"wp-image-55522\" srcset=\"https:\/\/www.textilegence.com\/wp-content\/uploads\/2023\/09\/pigment-textilegence-detail.jpg 1920w, https:\/\/www.textilegence.com\/wp-content\/uploads\/2023\/09\/pigment-textilegence-detail-768x432.jpg 768w, https:\/\/www.textilegence.com\/wp-content\/uploads\/2023\/09\/pigment-textilegence-detail-1536x864.jpg 1536w, https:\/\/www.textilegence.com\/wp-content\/uploads\/2023\/09\/pigment-textilegence-detail-300x169.jpg 300w, https:\/\/www.textilegence.com\/wp-content\/uploads\/2023\/09\/pigment-textilegence-detail-600x338.jpg 600w, https:\/\/www.textilegence.com\/wp-content\/uploads\/2023\/09\/pigment-textilegence-detail-696x392.jpg 696w, https:\/\/www.textilegence.com\/wp-content\/uploads\/2023\/09\/pigment-textilegence-detail-1068x601.jpg 1068w\" sizes=\"auto, (max-width: 1920px) 100vw, 1920px\" \/><figcaption class=\"wp-element-caption\">Pigment Reklam Company Owner Serkan \u00c7a\u011fl\u0131yan<\/figcaption><\/figure>\n<\/div>\n\n\n<h2 class=\"wp-block-heading\" id=\"h-kudu-s-presence-will-be-felt-at-sign-istanbul-2023\">Kudu\u2019s presence will be felt at SIGN Istanbul 2023<\/h2>\n\n\n\n<p>Noting that the star product at their booth will undoubtedly be Kudu, Serkan \u00c7a\u011fl\u0131yan said that this first swissQprint UV flatbed printer with 10 color channels will be the choice of professionals who need extra capacity. \u00c7a\u011fl\u0131yan continued his words as follows; \u201cKudu is one of the latest members of the highly anticipated swissQprint family in T\u00fcrkiye and it was the right decision to launch it at SIGN Istanbul at a time when the Turkish printing market is entering a growth period again and evaluating investments. As you may remember, Akademi Reklam made its first Kudu purchase in T\u00fcrkiye at the FESPA Global Print Expo in Munich. After the exhibition in Istanbul, this printer will be delivered to the company for installation. All visitors will be able to see the features that affect Akademi Reklam and determine its preference for investment. I can already say that Kudu\u2019s presence will be felt at SIGN Istanbul this year. Our booth will host a visual feast with both machine performance and application examples.\u201d<\/p>\n\n\n<div class=\"wp-block-image\">\n<figure class=\"aligncenter size-full\"><img loading=\"lazy\" decoding=\"async\" width=\"1920\" height=\"1080\" src=\"https:\/\/www.textilegence.com\/wp-content\/uploads\/2023\/09\/pigment-textilegence-detail2.jpg\" alt=\"\" class=\"wp-image-55524\" srcset=\"https:\/\/www.textilegence.com\/wp-content\/uploads\/2023\/09\/pigment-textilegence-detail2.jpg 1920w, https:\/\/www.textilegence.com\/wp-content\/uploads\/2023\/09\/pigment-textilegence-detail2-768x432.jpg 768w, https:\/\/www.textilegence.com\/wp-content\/uploads\/2023\/09\/pigment-textilegence-detail2-1536x864.jpg 1536w, https:\/\/www.textilegence.com\/wp-content\/uploads\/2023\/09\/pigment-textilegence-detail2-300x169.jpg 300w, https:\/\/www.textilegence.com\/wp-content\/uploads\/2023\/09\/pigment-textilegence-detail2-600x338.jpg 600w, https:\/\/www.textilegence.com\/wp-content\/uploads\/2023\/09\/pigment-textilegence-detail2-696x392.jpg 696w, https:\/\/www.textilegence.com\/wp-content\/uploads\/2023\/09\/pigment-textilegence-detail2-1068x601.jpg 1068w\" sizes=\"auto, (max-width: 1920px) 100vw, 1920px\" \/><figcaption class=\"wp-element-caption\">Kudu\u2019s presence will be felt at SIGN Istanbul 2023<\/figcaption><\/figure>\n<\/div>\n\n\n<h2 class=\"wp-block-heading\" id=\"h-speed-quality-and-efficiency-in-one-machine\">Speed, quality and efficiency in one machine<\/h2>\n\n\n\n<p>Kudu, the first swissQprint flatbed printer that prints with speed, quality and high quality with 10 colours (CMYK + 6 colours), can easily perform work and applications beyond standard jobs with its powerful hardware and features. With a 3.2 m x 2 m printing area, Kudu offers uninterrupted 24\/7 working performance with a printing power of 304 m2 per hour. Kudu has a low-heat LED system, so it does not cause any change or distortion in the natural texture or shape of the material during printing. Kudu produces prints with the finest and sharpest details at a maximum resolution of 1350 dpi, and also successfully produces eye-catching and sparkling prints with swissQprint\u2019s famous neon colours (yellow and pink). In addition to all this, Kudu can print on rigid materials up to 4 m in length with the Board option and also has a roll to roll option, so that two different printer versions can be achieved with a single machine investment.<\/p>\n\n\n<div class=\"wp-block-image\">\n<figure class=\"aligncenter size-full\"><img loading=\"lazy\" decoding=\"async\" width=\"1920\" height=\"1080\" src=\"https:\/\/www.textilegence.com\/wp-content\/uploads\/2023\/09\/pigment-textilegence-detail3.jpg\" alt=\"\" class=\"wp-image-55526\" srcset=\"https:\/\/www.textilegence.com\/wp-content\/uploads\/2023\/09\/pigment-textilegence-detail3.jpg 1920w, https:\/\/www.textilegence.com\/wp-content\/uploads\/2023\/09\/pigment-textilegence-detail3-768x432.jpg 768w, https:\/\/www.textilegence.com\/wp-content\/uploads\/2023\/09\/pigment-textilegence-detail3-1536x864.jpg 1536w, https:\/\/www.textilegence.com\/wp-content\/uploads\/2023\/09\/pigment-textilegence-detail3-300x169.jpg 300w, https:\/\/www.textilegence.com\/wp-content\/uploads\/2023\/09\/pigment-textilegence-detail3-600x338.jpg 600w, https:\/\/www.textilegence.com\/wp-content\/uploads\/2023\/09\/pigment-textilegence-detail3-696x392.jpg 696w, https:\/\/www.textilegence.com\/wp-content\/uploads\/2023\/09\/pigment-textilegence-detail3-1068x601.jpg 1068w\" sizes=\"auto, (max-width: 1920px) 100vw, 1920px\" \/><figcaption class=\"wp-element-caption\">Speed, quality and efficiency in one machine<\/figcaption><\/figure>\n<\/div>\n\n\n<p>The high energy efficiency, which is the first thing that comes to mind in all of swissQprint\u2019s printers, is carried even further with Kudu. The only model with FOGRA standard in this field, Kudu\u2019s average energy consumption is between 2.2 kw and 1.6 kw. Kudu also facilitates the work of printing professionals concerning ink. Offering saturated colors, these UV inks also do not contain VOC and NVC, and its Greenguard Gold certificate confirms that they are not harmful to human health and the environment.<\/p>\n\n\n\n<p>Serkan \u00c7a\u011fl\u0131yan emphasized that they are making all the preparations to talk about innovations and develop new partnerships with printing and signage professionals from T\u00fcrkiye and neighboring regions at SIGN Istanbul on September 21-24 and concluded his words as follows; &#8220;We had a successful performance in the first half of 2023. We generated significant sales and installations. We continued to offer solutions that make our partners in the printing industry more competitive and efficient. I can say that with Kudu\u2019s entry into the Turkish printing market, a new lane has opened in the competition.&#8221;<\/p>\n","protected":false},"excerpt":{"rendered":"<p>UV printing specialist Pigment Reklam will present swissQprint\u2019s new flagship UV-LED flatbed printer Kudu to the Turkish printing industry for the first time at SIGN Istanbul 2023, the signage and printing exhibition to be held at T\u00dcYAP on September 21-24. Visitors to Pigment Reklam booth B20 in Hall 11 will have the opportunity to see [&hellip;]<\/p>\n","protected":false},"author":2,"featured_media":55531,"comment_status":"closed","ping_status":"closed","sticky":false,"template":"","format":"standard","meta":{"footnotes":""},"categories":[9853],"tags":[10234,10051,15774,10369],"class_list":{"0":"post-55516","1":"post","2":"type-post","3":"status-publish","4":"format-standard","5":"has-post-thumbnail","7":"category-printing","8":"tag-digital-printing","9":"tag-pigment-reklam-en","10":"tag-swissqprint-kudu-en","11":"tag-textile-news-en"},"yoast_head":"<!-- This site is optimized with the Yoast SEO Premium plugin v27.3 (Yoast SEO v27.3) - https:\/\/yoast.com\/product\/yoast-seo-premium-wordpress\/ -->\n<title>Kudu meets Turkish market for the first time at SIGN Istanbul 2023 - Textilegence<\/title>\n<meta name=\"description\" content=\"UV printing specialist Pigment Reklam will present swissQprint\u2019s new flagship UV-LED flatbed printer Kudu to the Turkish printing industry...\" \/>\n<meta name=\"robots\" content=\"index, follow, max-snippet:-1, max-image-preview:large, max-video-preview:-1\" \/>\n<link rel=\"canonical\" href=\"https:\/\/www.textilegence.com\/en\/kudu-meets-turkish-market-for-the-first-time-at-sign-istanbul-2023\/\" \/>\n<meta property=\"og:locale\" content=\"en_US\" \/>\n<meta property=\"og:type\" content=\"article\" \/>\n<meta property=\"og:title\" content=\"Kudu meets Turkish market for the first time at SIGN Istanbul 2023\" \/>\n<meta property=\"og:description\" content=\"UV printing specialist Pigment Reklam will present swissQprint\u2019s new flagship UV-LED flatbed printer Kudu to the Turkish printing industry for the first\" \/>\n<meta property=\"og:url\" content=\"https:\/\/www.textilegence.com\/en\/kudu-meets-turkish-market-for-the-first-time-at-sign-istanbul-2023\/\" \/>\n<meta property=\"og:site_name\" content=\"Textilegence Magazine and Digital Platform\" \/>\n<meta property=\"article:publisher\" content=\"https:\/\/www.facebook.com\/TextilegenceMagazine\" \/>\n<meta property=\"article:author\" content=\"https:\/\/www.facebook.com\/TextilegenceMagazine\" \/>\n<meta property=\"article:published_time\" content=\"2023-09-01T12:07:53+00:00\" \/>\n<meta property=\"article:modified_time\" content=\"2023-09-01T12:30:56+00:00\" \/>\n<meta property=\"og:image\" content=\"https:\/\/www.textilegence.com\/wp-content\/uploads\/2023\/09\/pigment-textilegence-.jpg\" \/>\n\t<meta property=\"og:image:width\" content=\"1920\" \/>\n\t<meta property=\"og:image:height\" content=\"1080\" \/>\n\t<meta property=\"og:image:type\" content=\"image\/jpeg\" \/>\n<meta name=\"author\" content=\"Engin Buz\" \/>\n<meta name=\"twitter:card\" content=\"summary_large_image\" \/>\n<meta name=\"twitter:creator\" content=\"@https:\/\/twitter.com\/textilegence\" \/>\n<meta name=\"twitter:site\" content=\"@textilegence\" \/>\n<meta name=\"twitter:label1\" content=\"Written by\" \/>\n\t<meta name=\"twitter:data1\" content=\"Engin Buz\" \/>\n\t<meta name=\"twitter:label2\" content=\"Est. reading time\" \/>\n\t<meta name=\"twitter:data2\" content=\"6 minutes\" \/>\n<script type=\"application\/ld+json\" class=\"yoast-schema-graph\">{\"@context\":\"https:\\\/\\\/schema.org\",\"@graph\":[{\"@type\":\"NewsArticle\",\"@id\":\"https:\\\/\\\/www.textilegence.com\\\/en\\\/kudu-meets-turkish-market-for-the-first-time-at-sign-istanbul-2023\\\/#article\",\"isPartOf\":{\"@id\":\"https:\\\/\\\/www.textilegence.com\\\/en\\\/kudu-meets-turkish-market-for-the-first-time-at-sign-istanbul-2023\\\/\"},\"author\":{\"name\":\"Engin Buz\",\"@id\":\"https:\\\/\\\/www.textilegence.com\\\/en\\\/#\\\/schema\\\/person\\\/46ccc7bfc34edbc7d46b6b189f88849f\"},\"headline\":\"Kudu meets Turkish market for the first time at SIGN Istanbul 2023\",\"datePublished\":\"2023-09-01T12:07:53+00:00\",\"dateModified\":\"2023-09-01T12:30:56+00:00\",\"mainEntityOfPage\":{\"@id\":\"https:\\\/\\\/www.textilegence.com\\\/en\\\/kudu-meets-turkish-market-for-the-first-time-at-sign-istanbul-2023\\\/\"},\"wordCount\":777,\"publisher\":{\"@id\":\"https:\\\/\\\/www.textilegence.com\\\/en\\\/#organization\"},\"image\":{\"@id\":\"https:\\\/\\\/www.textilegence.com\\\/en\\\/kudu-meets-turkish-market-for-the-first-time-at-sign-istanbul-2023\\\/#primaryimage\"},\"thumbnailUrl\":\"https:\\\/\\\/www.textilegence.com\\\/wp-content\\\/uploads\\\/2023\\\/09\\\/pigment-textilegence-.jpg\",\"keywords\":[\"digital printing\",\"pigment reklam\",\"swissQprint Kudu\",\"textile news\"],\"articleSection\":[\"Printing\"],\"inLanguage\":\"en-US\"},{\"@type\":\"WebPage\",\"@id\":\"https:\\\/\\\/www.textilegence.com\\\/en\\\/kudu-meets-turkish-market-for-the-first-time-at-sign-istanbul-2023\\\/\",\"url\":\"https:\\\/\\\/www.textilegence.com\\\/en\\\/kudu-meets-turkish-market-for-the-first-time-at-sign-istanbul-2023\\\/\",\"name\":\"Kudu meets Turkish market for the first time at SIGN Istanbul 2023 - Textilegence\",\"isPartOf\":{\"@id\":\"https:\\\/\\\/www.textilegence.com\\\/en\\\/#website\"},\"primaryImageOfPage\":{\"@id\":\"https:\\\/\\\/www.textilegence.com\\\/en\\\/kudu-meets-turkish-market-for-the-first-time-at-sign-istanbul-2023\\\/#primaryimage\"},\"image\":{\"@id\":\"https:\\\/\\\/www.textilegence.com\\\/en\\\/kudu-meets-turkish-market-for-the-first-time-at-sign-istanbul-2023\\\/#primaryimage\"},\"thumbnailUrl\":\"https:\\\/\\\/www.textilegence.com\\\/wp-content\\\/uploads\\\/2023\\\/09\\\/pigment-textilegence-.jpg\",\"datePublished\":\"2023-09-01T12:07:53+00:00\",\"dateModified\":\"2023-09-01T12:30:56+00:00\",\"description\":\"UV printing specialist Pigment Reklam will present swissQprint\u2019s new flagship UV-LED flatbed printer Kudu to the Turkish printing industry...\",\"breadcrumb\":{\"@id\":\"https:\\\/\\\/www.textilegence.com\\\/en\\\/kudu-meets-turkish-market-for-the-first-time-at-sign-istanbul-2023\\\/#breadcrumb\"},\"inLanguage\":\"en-US\",\"potentialAction\":[{\"@type\":\"ReadAction\",\"target\":[\"https:\\\/\\\/www.textilegence.com\\\/en\\\/kudu-meets-turkish-market-for-the-first-time-at-sign-istanbul-2023\\\/\"]}]},{\"@type\":\"ImageObject\",\"inLanguage\":\"en-US\",\"@id\":\"https:\\\/\\\/www.textilegence.com\\\/en\\\/kudu-meets-turkish-market-for-the-first-time-at-sign-istanbul-2023\\\/#primaryimage\",\"url\":\"https:\\\/\\\/www.textilegence.com\\\/wp-content\\\/uploads\\\/2023\\\/09\\\/pigment-textilegence-.jpg\",\"contentUrl\":\"https:\\\/\\\/www.textilegence.com\\\/wp-content\\\/uploads\\\/2023\\\/09\\\/pigment-textilegence-.jpg\",\"width\":1920,\"height\":1080},{\"@type\":\"BreadcrumbList\",\"@id\":\"https:\\\/\\\/www.textilegence.com\\\/en\\\/kudu-meets-turkish-market-for-the-first-time-at-sign-istanbul-2023\\\/#breadcrumb\",\"itemListElement\":[{\"@type\":\"ListItem\",\"position\":1,\"name\":\"Home Page\",\"item\":\"https:\\\/\\\/www.textilegence.com\\\/en\\\/homepage-the-rimont\\\/\"},{\"@type\":\"ListItem\",\"position\":2,\"name\":\"Printing\",\"item\":\"https:\\\/\\\/www.textilegence.com\\\/en\\\/category\\\/printing\\\/\"},{\"@type\":\"ListItem\",\"position\":3,\"name\":\"Kudu meets Turkish market for the first time at SIGN Istanbul 2023\"}]},{\"@type\":\"WebSite\",\"@id\":\"https:\\\/\\\/www.textilegence.com\\\/en\\\/#website\",\"url\":\"https:\\\/\\\/www.textilegence.com\\\/en\\\/\",\"name\":\"Textilegence Magazine and Digital Platform\",\"description\":\"Textile News Center\",\"publisher\":{\"@id\":\"https:\\\/\\\/www.textilegence.com\\\/en\\\/#organization\"},\"potentialAction\":[{\"@type\":\"SearchAction\",\"target\":{\"@type\":\"EntryPoint\",\"urlTemplate\":\"https:\\\/\\\/www.textilegence.com\\\/en\\\/?s={search_term_string}\"},\"query-input\":{\"@type\":\"PropertyValueSpecification\",\"valueRequired\":true,\"valueName\":\"search_term_string\"}}],\"inLanguage\":\"en-US\"},{\"@type\":\"Organization\",\"@id\":\"https:\\\/\\\/www.textilegence.com\\\/en\\\/#organization\",\"name\":\"Textilegence Magazine and Digital Platform\",\"url\":\"https:\\\/\\\/www.textilegence.com\\\/en\\\/\",\"logo\":{\"@type\":\"ImageObject\",\"inLanguage\":\"en-US\",\"@id\":\"https:\\\/\\\/www.textilegence.com\\\/en\\\/#\\\/schema\\\/logo\\\/image\\\/\",\"url\":\"https:\\\/\\\/www.textilegence.com\\\/wp-content\\\/uploads\\\/2016\\\/11\\\/New_Retina_Logo_Textilegence.png\",\"contentUrl\":\"https:\\\/\\\/www.textilegence.com\\\/wp-content\\\/uploads\\\/2016\\\/11\\\/New_Retina_Logo_Textilegence.png\",\"width\":544,\"height\":180,\"caption\":\"Textilegence Magazine and Digital Platform\"},\"image\":{\"@id\":\"https:\\\/\\\/www.textilegence.com\\\/en\\\/#\\\/schema\\\/logo\\\/image\\\/\"},\"sameAs\":[\"https:\\\/\\\/www.facebook.com\\\/TextilegenceMagazine\",\"https:\\\/\\\/x.com\\\/textilegence\",\"https:\\\/\\\/www.instagram.com\\\/textilegence\\\/\",\"https:\\\/\\\/www.linkedin.com\\\/groups\\\/Textilegence-Magazine-Digital-Platform-4897253\",\"https:\\\/\\\/www.youtube.com\\\/user\\\/textilegence\"],\"description\":\"Textilegence is a magazine and digital platform established in 2013. It focuses on the textile industry and sub-segments. The platform provides news, articles, and updates on various aspects of the textile industry, including sustainability, technological advancements, and market trends.\",\"email\":\"editor@textilegence.com\",\"telephone\":\"+90 212 442 24 12\",\"legalName\":\"Textilegence Mag and Digital Platform\",\"foundingDate\":\"2013-01-01\",\"numberOfEmployees\":{\"@type\":\"QuantitativeValue\",\"minValue\":\"1\",\"maxValue\":\"10\"}},{\"@type\":\"Person\",\"@id\":\"https:\\\/\\\/www.textilegence.com\\\/en\\\/#\\\/schema\\\/person\\\/46ccc7bfc34edbc7d46b6b189f88849f\",\"name\":\"Engin Buz\",\"image\":{\"@type\":\"ImageObject\",\"inLanguage\":\"en-US\",\"@id\":\"https:\\\/\\\/www.textilegence.com\\\/wp-content\\\/uploads\\\/2018\\\/12\\\/engin-buz.jpg\",\"url\":\"https:\\\/\\\/www.textilegence.com\\\/wp-content\\\/uploads\\\/2018\\\/12\\\/engin-buz.jpg\",\"contentUrl\":\"https:\\\/\\\/www.textilegence.com\\\/wp-content\\\/uploads\\\/2018\\\/12\\\/engin-buz.jpg\",\"caption\":\"Engin Buz\"},\"description\":\"Engin Buz, Ankara \u00dcniversitesi \u0130leti\u015fim Fak\u00fcltesi Gazetecilik B\u00f6l\u00fcm\u00fc\u2019nden mezun olduktan sonra Y\u0131ld\u0131z Teknik \u00dcniversitesi\u2019nde Siyaset Bilimi ve Uluslararas\u0131 \u0130li\u015fkiler alan\u0131nda y\u00fcksek lisans\u0131n\u0131 tamamlam\u0131\u015ft\u0131r. 2000 y\u0131l\u0131ndan sonra \u00e7e\u015fitli yay\u0131nc\u0131l\u0131k \u015firketlerinde \u00e7al\u0131\u015fmaya ba\u015flayarak k\u00fclt\u00fcr-sanat ve daha sonra ekonomi haberleri haz\u0131rlam\u0131\u015ft\u0131r. 2009 y\u0131l\u0131ndan itibaren tekstil end\u00fcstrisine d\u00f6n\u00fck yay\u0131nlarda edit\u00f6r olarak g\u00f6rev alan Buz, 2013 itibariyle kurulan Textilegence\u2019de haber edit\u00f6r\u00fc olarak yer almaya ba\u015flam\u0131\u015ft\u0131r. Engin Buz halen ba\u015fta tekstil ve dijital bask\u0131 end\u00fcstrileri olmak \u00fczere ekonomi haberleri haz\u0131rlamaktad\u0131r.\",\"sameAs\":[\"https:\\\/\\\/www.textilegence.com\",\"https:\\\/\\\/www.facebook.com\\\/TextilegenceMagazine\",\"https:\\\/\\\/www.instagram.com\\\/textilegence\\\/\",\"https:\\\/\\\/www.linkedin.com\\\/in\\\/engin-buz-6190799a\\\/\",\"https:\\\/\\\/x.com\\\/https:\\\/\\\/twitter.com\\\/textilegence\"],\"url\":\"https:\\\/\\\/www.textilegence.com\\\/en\\\/author\\\/engin-buz\\\/\"}]}<\/script>\n<!-- \/ Yoast SEO Premium plugin. -->","yoast_head_json":{"title":"Kudu meets Turkish market for the first time at SIGN Istanbul 2023 - Textilegence","description":"UV printing specialist Pigment Reklam will present swissQprint\u2019s new flagship UV-LED flatbed printer Kudu to the Turkish printing industry...","robots":{"index":"index","follow":"follow","max-snippet":"max-snippet:-1","max-image-preview":"max-image-preview:large","max-video-preview":"max-video-preview:-1"},"canonical":"https:\/\/www.textilegence.com\/en\/kudu-meets-turkish-market-for-the-first-time-at-sign-istanbul-2023\/","og_locale":"en_US","og_type":"article","og_title":"Kudu meets Turkish market for the first time at SIGN Istanbul 2023","og_description":"UV printing specialist Pigment Reklam will present swissQprint\u2019s new flagship UV-LED flatbed printer Kudu to the Turkish printing industry for the first","og_url":"https:\/\/www.textilegence.com\/en\/kudu-meets-turkish-market-for-the-first-time-at-sign-istanbul-2023\/","og_site_name":"Textilegence Magazine and Digital Platform","article_publisher":"https:\/\/www.facebook.com\/TextilegenceMagazine","article_author":"https:\/\/www.facebook.com\/TextilegenceMagazine","article_published_time":"2023-09-01T12:07:53+00:00","article_modified_time":"2023-09-01T12:30:56+00:00","og_image":[{"width":1920,"height":1080,"url":"https:\/\/www.textilegence.com\/wp-content\/uploads\/2023\/09\/pigment-textilegence-.jpg","type":"image\/jpeg"}],"author":"Engin Buz","twitter_card":"summary_large_image","twitter_creator":"@https:\/\/twitter.com\/textilegence","twitter_site":"@textilegence","twitter_misc":{"Written by":"Engin Buz","Est. reading time":"6 minutes"},"schema":{"@context":"https:\/\/schema.org","@graph":[{"@type":"NewsArticle","@id":"https:\/\/www.textilegence.com\/en\/kudu-meets-turkish-market-for-the-first-time-at-sign-istanbul-2023\/#article","isPartOf":{"@id":"https:\/\/www.textilegence.com\/en\/kudu-meets-turkish-market-for-the-first-time-at-sign-istanbul-2023\/"},"author":{"name":"Engin Buz","@id":"https:\/\/www.textilegence.com\/en\/#\/schema\/person\/46ccc7bfc34edbc7d46b6b189f88849f"},"headline":"Kudu meets Turkish market for the first time at SIGN Istanbul 2023","datePublished":"2023-09-01T12:07:53+00:00","dateModified":"2023-09-01T12:30:56+00:00","mainEntityOfPage":{"@id":"https:\/\/www.textilegence.com\/en\/kudu-meets-turkish-market-for-the-first-time-at-sign-istanbul-2023\/"},"wordCount":777,"publisher":{"@id":"https:\/\/www.textilegence.com\/en\/#organization"},"image":{"@id":"https:\/\/www.textilegence.com\/en\/kudu-meets-turkish-market-for-the-first-time-at-sign-istanbul-2023\/#primaryimage"},"thumbnailUrl":"https:\/\/www.textilegence.com\/wp-content\/uploads\/2023\/09\/pigment-textilegence-.jpg","keywords":["digital printing","pigment reklam","swissQprint Kudu","textile news"],"articleSection":["Printing"],"inLanguage":"en-US"},{"@type":"WebPage","@id":"https:\/\/www.textilegence.com\/en\/kudu-meets-turkish-market-for-the-first-time-at-sign-istanbul-2023\/","url":"https:\/\/www.textilegence.com\/en\/kudu-meets-turkish-market-for-the-first-time-at-sign-istanbul-2023\/","name":"Kudu meets Turkish market for the first time at SIGN Istanbul 2023 - Textilegence","isPartOf":{"@id":"https:\/\/www.textilegence.com\/en\/#website"},"primaryImageOfPage":{"@id":"https:\/\/www.textilegence.com\/en\/kudu-meets-turkish-market-for-the-first-time-at-sign-istanbul-2023\/#primaryimage"},"image":{"@id":"https:\/\/www.textilegence.com\/en\/kudu-meets-turkish-market-for-the-first-time-at-sign-istanbul-2023\/#primaryimage"},"thumbnailUrl":"https:\/\/www.textilegence.com\/wp-content\/uploads\/2023\/09\/pigment-textilegence-.jpg","datePublished":"2023-09-01T12:07:53+00:00","dateModified":"2023-09-01T12:30:56+00:00","description":"UV printing specialist Pigment Reklam will present swissQprint\u2019s new flagship UV-LED flatbed printer Kudu to the Turkish printing industry...","breadcrumb":{"@id":"https:\/\/www.textilegence.com\/en\/kudu-meets-turkish-market-for-the-first-time-at-sign-istanbul-2023\/#breadcrumb"},"inLanguage":"en-US","potentialAction":[{"@type":"ReadAction","target":["https:\/\/www.textilegence.com\/en\/kudu-meets-turkish-market-for-the-first-time-at-sign-istanbul-2023\/"]}]},{"@type":"ImageObject","inLanguage":"en-US","@id":"https:\/\/www.textilegence.com\/en\/kudu-meets-turkish-market-for-the-first-time-at-sign-istanbul-2023\/#primaryimage","url":"https:\/\/www.textilegence.com\/wp-content\/uploads\/2023\/09\/pigment-textilegence-.jpg","contentUrl":"https:\/\/www.textilegence.com\/wp-content\/uploads\/2023\/09\/pigment-textilegence-.jpg","width":1920,"height":1080},{"@type":"BreadcrumbList","@id":"https:\/\/www.textilegence.com\/en\/kudu-meets-turkish-market-for-the-first-time-at-sign-istanbul-2023\/#breadcrumb","itemListElement":[{"@type":"ListItem","position":1,"name":"Home Page","item":"https:\/\/www.textilegence.com\/en\/homepage-the-rimont\/"},{"@type":"ListItem","position":2,"name":"Printing","item":"https:\/\/www.textilegence.com\/en\/category\/printing\/"},{"@type":"ListItem","position":3,"name":"Kudu meets Turkish market for the first time at SIGN Istanbul 2023"}]},{"@type":"WebSite","@id":"https:\/\/www.textilegence.com\/en\/#website","url":"https:\/\/www.textilegence.com\/en\/","name":"Textilegence Magazine and Digital Platform","description":"Textile News Center","publisher":{"@id":"https:\/\/www.textilegence.com\/en\/#organization"},"potentialAction":[{"@type":"SearchAction","target":{"@type":"EntryPoint","urlTemplate":"https:\/\/www.textilegence.com\/en\/?s={search_term_string}"},"query-input":{"@type":"PropertyValueSpecification","valueRequired":true,"valueName":"search_term_string"}}],"inLanguage":"en-US"},{"@type":"Organization","@id":"https:\/\/www.textilegence.com\/en\/#organization","name":"Textilegence Magazine and Digital Platform","url":"https:\/\/www.textilegence.com\/en\/","logo":{"@type":"ImageObject","inLanguage":"en-US","@id":"https:\/\/www.textilegence.com\/en\/#\/schema\/logo\/image\/","url":"https:\/\/www.textilegence.com\/wp-content\/uploads\/2016\/11\/New_Retina_Logo_Textilegence.png","contentUrl":"https:\/\/www.textilegence.com\/wp-content\/uploads\/2016\/11\/New_Retina_Logo_Textilegence.png","width":544,"height":180,"caption":"Textilegence Magazine and Digital Platform"},"image":{"@id":"https:\/\/www.textilegence.com\/en\/#\/schema\/logo\/image\/"},"sameAs":["https:\/\/www.facebook.com\/TextilegenceMagazine","https:\/\/x.com\/textilegence","https:\/\/www.instagram.com\/textilegence\/","https:\/\/www.linkedin.com\/groups\/Textilegence-Magazine-Digital-Platform-4897253","https:\/\/www.youtube.com\/user\/textilegence"],"description":"Textilegence is a magazine and digital platform established in 2013. It focuses on the textile industry and sub-segments. The platform provides news, articles, and updates on various aspects of the textile industry, including sustainability, technological advancements, and market trends.","email":"editor@textilegence.com","telephone":"+90 212 442 24 12","legalName":"Textilegence Mag and Digital Platform","foundingDate":"2013-01-01","numberOfEmployees":{"@type":"QuantitativeValue","minValue":"1","maxValue":"10"}},{"@type":"Person","@id":"https:\/\/www.textilegence.com\/en\/#\/schema\/person\/46ccc7bfc34edbc7d46b6b189f88849f","name":"Engin Buz","image":{"@type":"ImageObject","inLanguage":"en-US","@id":"https:\/\/www.textilegence.com\/wp-content\/uploads\/2018\/12\/engin-buz.jpg","url":"https:\/\/www.textilegence.com\/wp-content\/uploads\/2018\/12\/engin-buz.jpg","contentUrl":"https:\/\/www.textilegence.com\/wp-content\/uploads\/2018\/12\/engin-buz.jpg","caption":"Engin Buz"},"description":"Engin Buz, Ankara \u00dcniversitesi \u0130leti\u015fim Fak\u00fcltesi Gazetecilik B\u00f6l\u00fcm\u00fc\u2019nden mezun olduktan sonra Y\u0131ld\u0131z Teknik \u00dcniversitesi\u2019nde Siyaset Bilimi ve Uluslararas\u0131 \u0130li\u015fkiler alan\u0131nda y\u00fcksek lisans\u0131n\u0131 tamamlam\u0131\u015ft\u0131r. 2000 y\u0131l\u0131ndan sonra \u00e7e\u015fitli yay\u0131nc\u0131l\u0131k \u015firketlerinde \u00e7al\u0131\u015fmaya ba\u015flayarak k\u00fclt\u00fcr-sanat ve daha sonra ekonomi haberleri haz\u0131rlam\u0131\u015ft\u0131r. 2009 y\u0131l\u0131ndan itibaren tekstil end\u00fcstrisine d\u00f6n\u00fck yay\u0131nlarda edit\u00f6r olarak g\u00f6rev alan Buz, 2013 itibariyle kurulan Textilegence\u2019de haber edit\u00f6r\u00fc olarak yer almaya ba\u015flam\u0131\u015ft\u0131r. Engin Buz halen ba\u015fta tekstil ve dijital bask\u0131 end\u00fcstrileri olmak \u00fczere ekonomi haberleri haz\u0131rlamaktad\u0131r.","sameAs":["https:\/\/www.textilegence.com","https:\/\/www.facebook.com\/TextilegenceMagazine","https:\/\/www.instagram.com\/textilegence\/","https:\/\/www.linkedin.com\/in\/engin-buz-6190799a\/","https:\/\/x.com\/https:\/\/twitter.com\/textilegence"],"url":"https:\/\/www.textilegence.com\/en\/author\/engin-buz\/"}]}},"_links":{"self":[{"href":"https:\/\/www.textilegence.com\/en\/wp-json\/wp\/v2\/posts\/55516","targetHints":{"allow":["GET"]}}],"collection":[{"href":"https:\/\/www.textilegence.com\/en\/wp-json\/wp\/v2\/posts"}],"about":[{"href":"https:\/\/www.textilegence.com\/en\/wp-json\/wp\/v2\/types\/post"}],"author":[{"embeddable":true,"href":"https:\/\/www.textilegence.com\/en\/wp-json\/wp\/v2\/users\/2"}],"replies":[{"embeddable":true,"href":"https:\/\/www.textilegence.com\/en\/wp-json\/wp\/v2\/comments?post=55516"}],"version-history":[{"count":0,"href":"https:\/\/www.textilegence.com\/en\/wp-json\/wp\/v2\/posts\/55516\/revisions"}],"wp:featuredmedia":[{"embeddable":true,"href":"https:\/\/www.textilegence.com\/en\/wp-json\/wp\/v2\/media\/55531"}],"wp:attachment":[{"href":"https:\/\/www.textilegence.com\/en\/wp-json\/wp\/v2\/media?parent=55516"}],"wp:term":[{"taxonomy":"category","embeddable":true,"href":"https:\/\/www.textilegence.com\/en\/wp-json\/wp\/v2\/categories?post=55516"},{"taxonomy":"post_tag","embeddable":true,"href":"https:\/\/www.textilegence.com\/en\/wp-json\/wp\/v2\/tags?post=55516"}],"curies":[{"name":"wp","href":"https:\/\/api.w.org\/{rel}","templated":true}]}}