{"id":55542,"date":"2023-09-04T15:17:07","date_gmt":"2023-09-04T12:17:07","guid":{"rendered":"http:\/\/www.textilegence.com\/?p=55542"},"modified":"2023-09-04T15:17:44","modified_gmt":"2023-09-04T12:17:44","slug":"quebec-textile-industry-is-stronger-with-collaborations","status":"publish","type":"post","link":"https:\/\/www.textilegence.com\/en\/quebec-textile-industry-is-stronger-with-collaborations\/","title":{"rendered":"Quebec textile industry is stronger with collaborations"},"content":{"rendered":"\n<p>CTT Group and TechniTextile Qu\u00e9bec by expressing their partnership pointed out Quebec and the Canadian textile industry, with its innovative and sustainable approach, at <a href=\"https:\/\/www.textilegence.com\/en\/category\/itma-fair\/\">ITMA 2023<\/a>. CTT Group, known for specialized in applied research and <a href=\"https:\/\/gcttg.com\/en\/\">analysis<\/a> in technical textiles, and TechniTextile Qu\u00e9bec, a cluster that brings together industrial, technical, scientific and government stakeholders involved in the value chain of technical textile materials in Qu\u00e9bec, demonstrated their partnership in terms of innovation, and development of textile-based products in the exhibition. The visitors had the opportunity to discover the advantages of Quebec textile solutions during 7 days.<\/p>\n\n\n\n<p>Answering the questions of Textilegence, CTT Group Vice President, Business Development &amp; Partnership, Val\u00e9rio Izquierdo, and TechniTextile Qu\u00e9bec General Manager Dany Charest evaluated the exhibition and the innovative solutions that they offer for the textile industry. By highlighting the Quebec textile industry, both elaborated the developments, research-based solutions, and technology concerning the industry.<\/p>\n\n\n<div class=\"wp-block-image\">\n<figure class=\"aligncenter size-full\"><img loading=\"lazy\" decoding=\"async\" width=\"1920\" height=\"1080\" src=\"https:\/\/www.textilegence.com\/wp-content\/uploads\/2023\/09\/Cttgroup-textilengece-detail1.jpg\" alt=\"\" class=\"wp-image-55547\" srcset=\"https:\/\/www.textilegence.com\/wp-content\/uploads\/2023\/09\/Cttgroup-textilengece-detail1.jpg 1920w, https:\/\/www.textilegence.com\/wp-content\/uploads\/2023\/09\/Cttgroup-textilengece-detail1-768x432.jpg 768w, https:\/\/www.textilegence.com\/wp-content\/uploads\/2023\/09\/Cttgroup-textilengece-detail1-1536x864.jpg 1536w, https:\/\/www.textilegence.com\/wp-content\/uploads\/2023\/09\/Cttgroup-textilengece-detail1-300x169.jpg 300w, https:\/\/www.textilegence.com\/wp-content\/uploads\/2023\/09\/Cttgroup-textilengece-detail1-600x338.jpg 600w, https:\/\/www.textilegence.com\/wp-content\/uploads\/2023\/09\/Cttgroup-textilengece-detail1-696x392.jpg 696w, https:\/\/www.textilegence.com\/wp-content\/uploads\/2023\/09\/Cttgroup-textilengece-detail1-1068x601.jpg 1068w\" sizes=\"auto, (max-width: 1920px) 100vw, 1920px\" \/><figcaption class=\"wp-element-caption\">CTT Group Vice President, Business Development &amp; Partnership, Val\u00e9rio Izquierdo, and TechniTextile Qu\u00e9bec General Manager Dany Charest<\/figcaption><\/figure>\n<\/div>\n\n\n<h2 class=\"wp-block-heading\" id=\"h-visitors-discovered-investment-opportunities-in-quebec-textile-industry-at-itma-2023\">Visitors discovered investment opportunities in Quebec textile industry at ITMA 2023<\/h2>\n\n\n\n<p>Val\u00e9rio Izquierdo stated that most of the visitors are looking for improvements about sustainability at ITMA 2023 and he highlighted their specialties in research and lab services as CTT Group. Izquierdo explained their experience in the exhibition with these words: \u201cFirst of all we had a lot of Canadian visitors as well as from the rest of the world. Our visitors are mainly manufacturers of fabrics. They visit our booth to see material development and innovation.\u201d He also said that visitors want to invest in new equipment and innovations concerning sustainability and different approaches. In this context, Izquierdo emphasized their aim in the exhibition: \u201cThe main thing we want to highlight is the Canadian textile industry and Quebec textile. Since most of the visitors want to invest in new equipment, we think it is important to relate this kind of information.\u201d<\/p>\n\n\n\n<p>Dany Charest asserted that TechniTextile Qu\u00e9bec fosters innovation in a collaborative way. He also affirmed this collaborative work concerning ITMA 2023 by saying: \u201cWe are about 27 companies from Quebec. We, TechniTextile, created co-inventors for companies with center researchers, and we came to ITMA. We support collaborative projects, but the main action is to promote the sector.\u201d Charest pointed out that Techitextile\u2019s aim for Quebec and Canadian textiles to be more visible, they bring companies and organizations together from different areas of the economy that integrate textiles into their products. In this sense, different companies from the Quebec textile industry and Canada shared a common booth with a collaborative approach at ITMA 2023.<\/p>\n\n\n<div class=\"wp-block-image\">\n<figure class=\"aligncenter size-full\"><img loading=\"lazy\" decoding=\"async\" width=\"1920\" height=\"1080\" src=\"https:\/\/www.textilegence.com\/wp-content\/uploads\/2023\/09\/cttgroup-textilegence-detail2.jpg\" alt=\"\" class=\"wp-image-55549\" srcset=\"https:\/\/www.textilegence.com\/wp-content\/uploads\/2023\/09\/cttgroup-textilegence-detail2.jpg 1920w, https:\/\/www.textilegence.com\/wp-content\/uploads\/2023\/09\/cttgroup-textilegence-detail2-768x432.jpg 768w, https:\/\/www.textilegence.com\/wp-content\/uploads\/2023\/09\/cttgroup-textilegence-detail2-1536x864.jpg 1536w, https:\/\/www.textilegence.com\/wp-content\/uploads\/2023\/09\/cttgroup-textilegence-detail2-300x169.jpg 300w, https:\/\/www.textilegence.com\/wp-content\/uploads\/2023\/09\/cttgroup-textilegence-detail2-600x338.jpg 600w, https:\/\/www.textilegence.com\/wp-content\/uploads\/2023\/09\/cttgroup-textilegence-detail2-696x392.jpg 696w, https:\/\/www.textilegence.com\/wp-content\/uploads\/2023\/09\/cttgroup-textilegence-detail2-1068x601.jpg 1068w\" sizes=\"auto, (max-width: 1920px) 100vw, 1920px\" \/><figcaption class=\"wp-element-caption\">\u201cCTT Group is a research and technology transfer center for the textile industry\u201d<\/figcaption><\/figure>\n<\/div>\n\n\n<h2 class=\"wp-block-heading\" id=\"h-ctt-group-is-a-research-and-technology-transfer-center-for-the-textile-industry\">\u201cCTT Group is a research and technology transfer center for the textile industry\u201d<\/h2>\n\n\n\n<p>Stating that CTT Group is a research and technology transfer center for the textile industry, Valerio Izquierdo; \u201cCTT Group is a research and technology transfer center for the textile industry. We do applied research and testing of technical textiles, advanced textile-based materials for product development. If the industry needs support for their own production development, we are here for them. We are open to any type of research like smart textiles, technical textiles, geosynthetics, 3D performs for composite materials, and arctic climate. We do have specific research for eco textiles and processes. Everything related to sustainability mainly gets into that.\u201d Further, he also highlighted visitors want to find new technologies to be sure to increase the capacity.<\/p>\n\n\n\n<p>Dany Charest explained the role of TechniTextile Qu\u00e9bec that they foster partnerships with industrial, commercial, and institutional organizations to create value, support innovation, boost commercialization, and promote business creation from a sustainable development position. By also stating the support of the Quebec government, Charest; \u201cFor instance, when we have 3 different companies that ready to collaborate together a project of product development, Quebec government gives them some grant to support the collaboration.\u201d He added that the cluster promotes and facilitates the purchase of value-added textiles manufactured or processed in Qu\u00e9bec and explained that they will continue to offer the most effective solutions to the textile world working together.<\/p>\n","protected":false},"excerpt":{"rendered":"<p>CTT Group and TechniTextile Qu\u00e9bec by expressing their partnership pointed out Quebec and the Canadian textile industry, with its innovative and sustainable approach, at ITMA 2023. CTT Group, known for specialized in applied research and analysis in technical textiles, and TechniTextile Qu\u00e9bec, a cluster that brings together industrial, technical, scientific and government stakeholders involved in [&hellip;]<\/p>\n","protected":false},"author":111,"featured_media":55540,"comment_status":"closed","ping_status":"closed","sticky":false,"template":"","format":"standard","meta":{"footnotes":""},"categories":[16254],"tags":[16214,16273,11143,10369],"class_list":{"0":"post-55542","1":"post","2":"type-post","3":"status-publish","4":"format-standard","5":"has-post-thumbnail","7":"category-itma-fair","8":"tag-itma-2023","9":"tag-quebec-textile","10":"tag-sustainability-en","11":"tag-textile-news-en"},"yoast_head":"<!-- This site is optimized with the Yoast SEO Premium plugin v27.3 (Yoast SEO v27.3) - https:\/\/yoast.com\/product\/yoast-seo-premium-wordpress\/ -->\n<title>Quebec textile industry is stronger with collaborations - Textilegence<\/title>\n<meta name=\"description\" content=\"CTT Group and TechniTextile Qu\u00e9bec by expressing their partnership pointed out Quebec and Canadian textile industry, with its innovative...\" \/>\n<meta name=\"robots\" content=\"index, follow, max-snippet:-1, max-image-preview:large, max-video-preview:-1\" \/>\n<link rel=\"canonical\" href=\"https:\/\/www.textilegence.com\/en\/quebec-textile-industry-is-stronger-with-collaborations\/\" \/>\n<meta property=\"og:locale\" content=\"en_US\" \/>\n<meta property=\"og:type\" content=\"article\" \/>\n<meta property=\"og:title\" content=\"Quebec textile industry is stronger with collaborations\" \/>\n<meta property=\"og:description\" content=\"CTT Group and TechniTextile Qu\u00e9bec by expressing their partnership pointed out Quebec and the Canadian textile industry, with its innovative and\" \/>\n<meta property=\"og:url\" content=\"https:\/\/www.textilegence.com\/en\/quebec-textile-industry-is-stronger-with-collaborations\/\" \/>\n<meta property=\"og:site_name\" content=\"Textilegence Magazine and Digital Platform\" \/>\n<meta property=\"article:publisher\" content=\"https:\/\/www.facebook.com\/TextilegenceMagazine\" \/>\n<meta property=\"article:author\" content=\"https:\/\/www.facebook.com\/TextilegenceMagazine\" \/>\n<meta property=\"article:published_time\" content=\"2023-09-04T12:17:07+00:00\" \/>\n<meta property=\"article:modified_time\" content=\"2023-09-04T12:17:44+00:00\" \/>\n<meta property=\"og:image\" content=\"https:\/\/www.textilegence.com\/wp-content\/uploads\/2023\/09\/Cttgroup-textilegence.jpg\" \/>\n\t<meta property=\"og:image:width\" content=\"1920\" \/>\n\t<meta property=\"og:image:height\" content=\"1080\" \/>\n\t<meta property=\"og:image:type\" content=\"image\/jpeg\" \/>\n<meta name=\"author\" content=\"B\u00fc\u015fra Akp\u0131nar\" \/>\n<meta name=\"twitter:card\" content=\"summary_large_image\" \/>\n<meta name=\"twitter:creator\" content=\"@https:\/\/twitter.com\/textilegence\" \/>\n<meta name=\"twitter:site\" content=\"@textilegence\" \/>\n<meta name=\"twitter:label1\" content=\"Written by\" \/>\n\t<meta name=\"twitter:data1\" content=\"B\u00fc\u015fra Akp\u0131nar\" \/>\n\t<meta name=\"twitter:label2\" content=\"Est. reading time\" \/>\n\t<meta name=\"twitter:data2\" content=\"5 minutes\" \/>\n<script type=\"application\/ld+json\" class=\"yoast-schema-graph\">{\"@context\":\"https:\\\/\\\/schema.org\",\"@graph\":[{\"@type\":\"NewsArticle\",\"@id\":\"https:\\\/\\\/www.textilegence.com\\\/en\\\/quebec-textile-industry-is-stronger-with-collaborations\\\/#article\",\"isPartOf\":{\"@id\":\"https:\\\/\\\/www.textilegence.com\\\/en\\\/quebec-textile-industry-is-stronger-with-collaborations\\\/\"},\"author\":{\"name\":\"B\u00fc\u015fra Akp\u0131nar\",\"@id\":\"https:\\\/\\\/www.textilegence.com\\\/en\\\/#\\\/schema\\\/person\\\/96143446a340486f03f64df27cdbc55b\"},\"headline\":\"Quebec textile industry is stronger with collaborations\",\"datePublished\":\"2023-09-04T12:17:07+00:00\",\"dateModified\":\"2023-09-04T12:17:44+00:00\",\"mainEntityOfPage\":{\"@id\":\"https:\\\/\\\/www.textilegence.com\\\/en\\\/quebec-textile-industry-is-stronger-with-collaborations\\\/\"},\"wordCount\":692,\"publisher\":{\"@id\":\"https:\\\/\\\/www.textilegence.com\\\/en\\\/#organization\"},\"image\":{\"@id\":\"https:\\\/\\\/www.textilegence.com\\\/en\\\/quebec-textile-industry-is-stronger-with-collaborations\\\/#primaryimage\"},\"thumbnailUrl\":\"https:\\\/\\\/www.textilegence.com\\\/wp-content\\\/uploads\\\/2023\\\/09\\\/Cttgroup-textilegence.jpg\",\"keywords\":[\"ITMA 2023\",\"quebec textile\",\"sustainability\",\"textile news\"],\"articleSection\":[\"ITMA\"],\"inLanguage\":\"en-US\"},{\"@type\":\"WebPage\",\"@id\":\"https:\\\/\\\/www.textilegence.com\\\/en\\\/quebec-textile-industry-is-stronger-with-collaborations\\\/\",\"url\":\"https:\\\/\\\/www.textilegence.com\\\/en\\\/quebec-textile-industry-is-stronger-with-collaborations\\\/\",\"name\":\"Quebec textile industry is stronger with collaborations - Textilegence\",\"isPartOf\":{\"@id\":\"https:\\\/\\\/www.textilegence.com\\\/en\\\/#website\"},\"primaryImageOfPage\":{\"@id\":\"https:\\\/\\\/www.textilegence.com\\\/en\\\/quebec-textile-industry-is-stronger-with-collaborations\\\/#primaryimage\"},\"image\":{\"@id\":\"https:\\\/\\\/www.textilegence.com\\\/en\\\/quebec-textile-industry-is-stronger-with-collaborations\\\/#primaryimage\"},\"thumbnailUrl\":\"https:\\\/\\\/www.textilegence.com\\\/wp-content\\\/uploads\\\/2023\\\/09\\\/Cttgroup-textilegence.jpg\",\"datePublished\":\"2023-09-04T12:17:07+00:00\",\"dateModified\":\"2023-09-04T12:17:44+00:00\",\"description\":\"CTT Group and TechniTextile Qu\u00e9bec by expressing their partnership pointed out Quebec and Canadian textile industry, with its innovative...\",\"breadcrumb\":{\"@id\":\"https:\\\/\\\/www.textilegence.com\\\/en\\\/quebec-textile-industry-is-stronger-with-collaborations\\\/#breadcrumb\"},\"inLanguage\":\"en-US\",\"potentialAction\":[{\"@type\":\"ReadAction\",\"target\":[\"https:\\\/\\\/www.textilegence.com\\\/en\\\/quebec-textile-industry-is-stronger-with-collaborations\\\/\"]}]},{\"@type\":\"ImageObject\",\"inLanguage\":\"en-US\",\"@id\":\"https:\\\/\\\/www.textilegence.com\\\/en\\\/quebec-textile-industry-is-stronger-with-collaborations\\\/#primaryimage\",\"url\":\"https:\\\/\\\/www.textilegence.com\\\/wp-content\\\/uploads\\\/2023\\\/09\\\/Cttgroup-textilegence.jpg\",\"contentUrl\":\"https:\\\/\\\/www.textilegence.com\\\/wp-content\\\/uploads\\\/2023\\\/09\\\/Cttgroup-textilegence.jpg\",\"width\":1920,\"height\":1080},{\"@type\":\"BreadcrumbList\",\"@id\":\"https:\\\/\\\/www.textilegence.com\\\/en\\\/quebec-textile-industry-is-stronger-with-collaborations\\\/#breadcrumb\",\"itemListElement\":[{\"@type\":\"ListItem\",\"position\":1,\"name\":\"Home Page\",\"item\":\"https:\\\/\\\/www.textilegence.com\\\/en\\\/homepage-the-rimont\\\/\"},{\"@type\":\"ListItem\",\"position\":2,\"name\":\"ITMA\",\"item\":\"https:\\\/\\\/www.textilegence.com\\\/en\\\/category\\\/itma-fair\\\/\"},{\"@type\":\"ListItem\",\"position\":3,\"name\":\"Quebec textile industry is stronger with collaborations\"}]},{\"@type\":\"WebSite\",\"@id\":\"https:\\\/\\\/www.textilegence.com\\\/en\\\/#website\",\"url\":\"https:\\\/\\\/www.textilegence.com\\\/en\\\/\",\"name\":\"Textilegence Magazine and Digital Platform\",\"description\":\"Textile News Center\",\"publisher\":{\"@id\":\"https:\\\/\\\/www.textilegence.com\\\/en\\\/#organization\"},\"potentialAction\":[{\"@type\":\"SearchAction\",\"target\":{\"@type\":\"EntryPoint\",\"urlTemplate\":\"https:\\\/\\\/www.textilegence.com\\\/en\\\/?s={search_term_string}\"},\"query-input\":{\"@type\":\"PropertyValueSpecification\",\"valueRequired\":true,\"valueName\":\"search_term_string\"}}],\"inLanguage\":\"en-US\"},{\"@type\":\"Organization\",\"@id\":\"https:\\\/\\\/www.textilegence.com\\\/en\\\/#organization\",\"name\":\"Textilegence Magazine and Digital Platform\",\"url\":\"https:\\\/\\\/www.textilegence.com\\\/en\\\/\",\"logo\":{\"@type\":\"ImageObject\",\"inLanguage\":\"en-US\",\"@id\":\"https:\\\/\\\/www.textilegence.com\\\/en\\\/#\\\/schema\\\/logo\\\/image\\\/\",\"url\":\"https:\\\/\\\/www.textilegence.com\\\/wp-content\\\/uploads\\\/2016\\\/11\\\/New_Retina_Logo_Textilegence.png\",\"contentUrl\":\"https:\\\/\\\/www.textilegence.com\\\/wp-content\\\/uploads\\\/2016\\\/11\\\/New_Retina_Logo_Textilegence.png\",\"width\":544,\"height\":180,\"caption\":\"Textilegence Magazine and Digital Platform\"},\"image\":{\"@id\":\"https:\\\/\\\/www.textilegence.com\\\/en\\\/#\\\/schema\\\/logo\\\/image\\\/\"},\"sameAs\":[\"https:\\\/\\\/www.facebook.com\\\/TextilegenceMagazine\",\"https:\\\/\\\/x.com\\\/textilegence\",\"https:\\\/\\\/www.instagram.com\\\/textilegence\\\/\",\"https:\\\/\\\/www.linkedin.com\\\/groups\\\/Textilegence-Magazine-Digital-Platform-4897253\",\"https:\\\/\\\/www.youtube.com\\\/user\\\/textilegence\"],\"description\":\"Textilegence is a magazine and digital platform established in 2013. It focuses on the textile industry and sub-segments. The platform provides news, articles, and updates on various aspects of the textile industry, including sustainability, technological advancements, and market trends.\",\"email\":\"editor@textilegence.com\",\"telephone\":\"+90 212 442 24 12\",\"legalName\":\"Textilegence Mag and Digital Platform\",\"foundingDate\":\"2013-01-01\",\"numberOfEmployees\":{\"@type\":\"QuantitativeValue\",\"minValue\":\"1\",\"maxValue\":\"10\"}},{\"@type\":\"Person\",\"@id\":\"https:\\\/\\\/www.textilegence.com\\\/en\\\/#\\\/schema\\\/person\\\/96143446a340486f03f64df27cdbc55b\",\"name\":\"B\u00fc\u015fra Akp\u0131nar\",\"image\":{\"@type\":\"ImageObject\",\"inLanguage\":\"en-US\",\"@id\":\"https:\\\/\\\/www.textilegence.com\\\/wp-content\\\/uploads\\\/2023\\\/08\\\/cropped-busra-akpinar-96x96.jpg\",\"url\":\"https:\\\/\\\/www.textilegence.com\\\/wp-content\\\/uploads\\\/2023\\\/08\\\/cropped-busra-akpinar-96x96.jpg\",\"contentUrl\":\"https:\\\/\\\/www.textilegence.com\\\/wp-content\\\/uploads\\\/2023\\\/08\\\/cropped-busra-akpinar-96x96.jpg\",\"caption\":\"B\u00fc\u015fra Akp\u0131nar\"},\"description\":\"B\u00fc\u015fra Akp\u0131nar, Bo\u011fazi\u00e7i \u00dcniversitesi Bat\u0131 Dilleri ve Edebiyat\u0131 b\u00f6l\u00fcm\u00fcnde lisans\u0131n\u0131 tamamlam\u0131\u015ft\u0131r. Lisans e\u011fitimi s\u0131ras\u0131nda ve sonras\u0131nda STK\u2019larda g\u00f6n\u00fcll\u00fcl\u00fck \u00e7al\u0131\u015fmalar\u0131 yapmaya devam ederek \u0130ngilizce Konu\u015fma Kul\u00fcb\u00fc koordinat\u00f6rl\u00fc\u011f\u00fc y\u00fcr\u00fctm\u00fc\u015ft\u00fcr. 2021 y\u0131l\u0131ndan beri \u00e7e\u015fitli dergi ve platformlarda muhabirlik, \u00e7evirmenlik ve edit\u00f6rl\u00fck yapmay\u0131 s\u00fcrd\u00fcren Akp\u0131nar, 2023 y\u0131l\u0131 itibar\u0131yla Textilegence i\u00e7in haberler haz\u0131rlamaya ba\u015flam\u0131\u015ft\u0131r.\",\"sameAs\":[\"https:\\\/\\\/www.textilegence.com\",\"https:\\\/\\\/www.facebook.com\\\/TextilegenceMagazine\",\"https:\\\/\\\/www.instagram.com\\\/textilegence\\\/\",\"https:\\\/\\\/www.linkedin.com\\\/in\\\/busraakpinar\\\/\",\"https:\\\/\\\/x.com\\\/https:\\\/\\\/twitter.com\\\/textilegence\"],\"url\":\"https:\\\/\\\/www.textilegence.com\\\/en\\\/author\\\/busraakpinar\\\/\"}]}<\/script>\n<!-- \/ Yoast SEO Premium plugin. -->","yoast_head_json":{"title":"Quebec textile industry is stronger with collaborations - Textilegence","description":"CTT Group and TechniTextile Qu\u00e9bec by expressing their partnership pointed out Quebec and Canadian textile industry, with its innovative...","robots":{"index":"index","follow":"follow","max-snippet":"max-snippet:-1","max-image-preview":"max-image-preview:large","max-video-preview":"max-video-preview:-1"},"canonical":"https:\/\/www.textilegence.com\/en\/quebec-textile-industry-is-stronger-with-collaborations\/","og_locale":"en_US","og_type":"article","og_title":"Quebec textile industry is stronger with collaborations","og_description":"CTT Group and TechniTextile Qu\u00e9bec by expressing their partnership pointed out Quebec and the Canadian textile industry, with its innovative and","og_url":"https:\/\/www.textilegence.com\/en\/quebec-textile-industry-is-stronger-with-collaborations\/","og_site_name":"Textilegence Magazine and Digital Platform","article_publisher":"https:\/\/www.facebook.com\/TextilegenceMagazine","article_author":"https:\/\/www.facebook.com\/TextilegenceMagazine","article_published_time":"2023-09-04T12:17:07+00:00","article_modified_time":"2023-09-04T12:17:44+00:00","og_image":[{"width":1920,"height":1080,"url":"https:\/\/www.textilegence.com\/wp-content\/uploads\/2023\/09\/Cttgroup-textilegence.jpg","type":"image\/jpeg"}],"author":"B\u00fc\u015fra Akp\u0131nar","twitter_card":"summary_large_image","twitter_creator":"@https:\/\/twitter.com\/textilegence","twitter_site":"@textilegence","twitter_misc":{"Written by":"B\u00fc\u015fra Akp\u0131nar","Est. reading time":"5 minutes"},"schema":{"@context":"https:\/\/schema.org","@graph":[{"@type":"NewsArticle","@id":"https:\/\/www.textilegence.com\/en\/quebec-textile-industry-is-stronger-with-collaborations\/#article","isPartOf":{"@id":"https:\/\/www.textilegence.com\/en\/quebec-textile-industry-is-stronger-with-collaborations\/"},"author":{"name":"B\u00fc\u015fra Akp\u0131nar","@id":"https:\/\/www.textilegence.com\/en\/#\/schema\/person\/96143446a340486f03f64df27cdbc55b"},"headline":"Quebec textile industry is stronger with collaborations","datePublished":"2023-09-04T12:17:07+00:00","dateModified":"2023-09-04T12:17:44+00:00","mainEntityOfPage":{"@id":"https:\/\/www.textilegence.com\/en\/quebec-textile-industry-is-stronger-with-collaborations\/"},"wordCount":692,"publisher":{"@id":"https:\/\/www.textilegence.com\/en\/#organization"},"image":{"@id":"https:\/\/www.textilegence.com\/en\/quebec-textile-industry-is-stronger-with-collaborations\/#primaryimage"},"thumbnailUrl":"https:\/\/www.textilegence.com\/wp-content\/uploads\/2023\/09\/Cttgroup-textilegence.jpg","keywords":["ITMA 2023","quebec textile","sustainability","textile news"],"articleSection":["ITMA"],"inLanguage":"en-US"},{"@type":"WebPage","@id":"https:\/\/www.textilegence.com\/en\/quebec-textile-industry-is-stronger-with-collaborations\/","url":"https:\/\/www.textilegence.com\/en\/quebec-textile-industry-is-stronger-with-collaborations\/","name":"Quebec textile industry is stronger with collaborations - Textilegence","isPartOf":{"@id":"https:\/\/www.textilegence.com\/en\/#website"},"primaryImageOfPage":{"@id":"https:\/\/www.textilegence.com\/en\/quebec-textile-industry-is-stronger-with-collaborations\/#primaryimage"},"image":{"@id":"https:\/\/www.textilegence.com\/en\/quebec-textile-industry-is-stronger-with-collaborations\/#primaryimage"},"thumbnailUrl":"https:\/\/www.textilegence.com\/wp-content\/uploads\/2023\/09\/Cttgroup-textilegence.jpg","datePublished":"2023-09-04T12:17:07+00:00","dateModified":"2023-09-04T12:17:44+00:00","description":"CTT Group and TechniTextile Qu\u00e9bec by expressing their partnership pointed out Quebec and Canadian textile industry, with its innovative...","breadcrumb":{"@id":"https:\/\/www.textilegence.com\/en\/quebec-textile-industry-is-stronger-with-collaborations\/#breadcrumb"},"inLanguage":"en-US","potentialAction":[{"@type":"ReadAction","target":["https:\/\/www.textilegence.com\/en\/quebec-textile-industry-is-stronger-with-collaborations\/"]}]},{"@type":"ImageObject","inLanguage":"en-US","@id":"https:\/\/www.textilegence.com\/en\/quebec-textile-industry-is-stronger-with-collaborations\/#primaryimage","url":"https:\/\/www.textilegence.com\/wp-content\/uploads\/2023\/09\/Cttgroup-textilegence.jpg","contentUrl":"https:\/\/www.textilegence.com\/wp-content\/uploads\/2023\/09\/Cttgroup-textilegence.jpg","width":1920,"height":1080},{"@type":"BreadcrumbList","@id":"https:\/\/www.textilegence.com\/en\/quebec-textile-industry-is-stronger-with-collaborations\/#breadcrumb","itemListElement":[{"@type":"ListItem","position":1,"name":"Home Page","item":"https:\/\/www.textilegence.com\/en\/homepage-the-rimont\/"},{"@type":"ListItem","position":2,"name":"ITMA","item":"https:\/\/www.textilegence.com\/en\/category\/itma-fair\/"},{"@type":"ListItem","position":3,"name":"Quebec textile industry is stronger with collaborations"}]},{"@type":"WebSite","@id":"https:\/\/www.textilegence.com\/en\/#website","url":"https:\/\/www.textilegence.com\/en\/","name":"Textilegence Magazine and Digital Platform","description":"Textile News Center","publisher":{"@id":"https:\/\/www.textilegence.com\/en\/#organization"},"potentialAction":[{"@type":"SearchAction","target":{"@type":"EntryPoint","urlTemplate":"https:\/\/www.textilegence.com\/en\/?s={search_term_string}"},"query-input":{"@type":"PropertyValueSpecification","valueRequired":true,"valueName":"search_term_string"}}],"inLanguage":"en-US"},{"@type":"Organization","@id":"https:\/\/www.textilegence.com\/en\/#organization","name":"Textilegence Magazine and Digital Platform","url":"https:\/\/www.textilegence.com\/en\/","logo":{"@type":"ImageObject","inLanguage":"en-US","@id":"https:\/\/www.textilegence.com\/en\/#\/schema\/logo\/image\/","url":"https:\/\/www.textilegence.com\/wp-content\/uploads\/2016\/11\/New_Retina_Logo_Textilegence.png","contentUrl":"https:\/\/www.textilegence.com\/wp-content\/uploads\/2016\/11\/New_Retina_Logo_Textilegence.png","width":544,"height":180,"caption":"Textilegence Magazine and Digital Platform"},"image":{"@id":"https:\/\/www.textilegence.com\/en\/#\/schema\/logo\/image\/"},"sameAs":["https:\/\/www.facebook.com\/TextilegenceMagazine","https:\/\/x.com\/textilegence","https:\/\/www.instagram.com\/textilegence\/","https:\/\/www.linkedin.com\/groups\/Textilegence-Magazine-Digital-Platform-4897253","https:\/\/www.youtube.com\/user\/textilegence"],"description":"Textilegence is a magazine and digital platform established in 2013. It focuses on the textile industry and sub-segments. The platform provides news, articles, and updates on various aspects of the textile industry, including sustainability, technological advancements, and market trends.","email":"editor@textilegence.com","telephone":"+90 212 442 24 12","legalName":"Textilegence Mag and Digital Platform","foundingDate":"2013-01-01","numberOfEmployees":{"@type":"QuantitativeValue","minValue":"1","maxValue":"10"}},{"@type":"Person","@id":"https:\/\/www.textilegence.com\/en\/#\/schema\/person\/96143446a340486f03f64df27cdbc55b","name":"B\u00fc\u015fra Akp\u0131nar","image":{"@type":"ImageObject","inLanguage":"en-US","@id":"https:\/\/www.textilegence.com\/wp-content\/uploads\/2023\/08\/cropped-busra-akpinar-96x96.jpg","url":"https:\/\/www.textilegence.com\/wp-content\/uploads\/2023\/08\/cropped-busra-akpinar-96x96.jpg","contentUrl":"https:\/\/www.textilegence.com\/wp-content\/uploads\/2023\/08\/cropped-busra-akpinar-96x96.jpg","caption":"B\u00fc\u015fra Akp\u0131nar"},"description":"B\u00fc\u015fra Akp\u0131nar, Bo\u011fazi\u00e7i \u00dcniversitesi Bat\u0131 Dilleri ve Edebiyat\u0131 b\u00f6l\u00fcm\u00fcnde lisans\u0131n\u0131 tamamlam\u0131\u015ft\u0131r. Lisans e\u011fitimi s\u0131ras\u0131nda ve sonras\u0131nda STK\u2019larda g\u00f6n\u00fcll\u00fcl\u00fck \u00e7al\u0131\u015fmalar\u0131 yapmaya devam ederek \u0130ngilizce Konu\u015fma Kul\u00fcb\u00fc koordinat\u00f6rl\u00fc\u011f\u00fc y\u00fcr\u00fctm\u00fc\u015ft\u00fcr. 2021 y\u0131l\u0131ndan beri \u00e7e\u015fitli dergi ve platformlarda muhabirlik, \u00e7evirmenlik ve edit\u00f6rl\u00fck yapmay\u0131 s\u00fcrd\u00fcren Akp\u0131nar, 2023 y\u0131l\u0131 itibar\u0131yla Textilegence i\u00e7in haberler haz\u0131rlamaya ba\u015flam\u0131\u015ft\u0131r.","sameAs":["https:\/\/www.textilegence.com","https:\/\/www.facebook.com\/TextilegenceMagazine","https:\/\/www.instagram.com\/textilegence\/","https:\/\/www.linkedin.com\/in\/busraakpinar\/","https:\/\/x.com\/https:\/\/twitter.com\/textilegence"],"url":"https:\/\/www.textilegence.com\/en\/author\/busraakpinar\/"}]}},"_links":{"self":[{"href":"https:\/\/www.textilegence.com\/en\/wp-json\/wp\/v2\/posts\/55542","targetHints":{"allow":["GET"]}}],"collection":[{"href":"https:\/\/www.textilegence.com\/en\/wp-json\/wp\/v2\/posts"}],"about":[{"href":"https:\/\/www.textilegence.com\/en\/wp-json\/wp\/v2\/types\/post"}],"author":[{"embeddable":true,"href":"https:\/\/www.textilegence.com\/en\/wp-json\/wp\/v2\/users\/111"}],"replies":[{"embeddable":true,"href":"https:\/\/www.textilegence.com\/en\/wp-json\/wp\/v2\/comments?post=55542"}],"version-history":[{"count":0,"href":"https:\/\/www.textilegence.com\/en\/wp-json\/wp\/v2\/posts\/55542\/revisions"}],"wp:featuredmedia":[{"embeddable":true,"href":"https:\/\/www.textilegence.com\/en\/wp-json\/wp\/v2\/media\/55540"}],"wp:attachment":[{"href":"https:\/\/www.textilegence.com\/en\/wp-json\/wp\/v2\/media?parent=55542"}],"wp:term":[{"taxonomy":"category","embeddable":true,"href":"https:\/\/www.textilegence.com\/en\/wp-json\/wp\/v2\/categories?post=55542"},{"taxonomy":"post_tag","embeddable":true,"href":"https:\/\/www.textilegence.com\/en\/wp-json\/wp\/v2\/tags?post=55542"}],"curies":[{"name":"wp","href":"https:\/\/api.w.org\/{rel}","templated":true}]}}