{"id":57507,"date":"2024-02-01T17:27:39","date_gmt":"2024-02-01T14:27:39","guid":{"rendered":"http:\/\/www.textilegence.com\/?p=57507"},"modified":"2024-02-01T17:27:58","modified_gmt":"2024-02-01T14:27:58","slug":"karl-mayer-turkeys-general-manager-is-announced-toros-greenhalgh","status":"publish","type":"post","link":"https:\/\/www.textilegence.com\/en\/karl-mayer-turkeys-general-manager-is-announced-toros-greenhalgh\/","title":{"rendered":"KARL MAYER TURKEY\u2019s General Manager is announced: Toros Greenhalgh"},"content":{"rendered":"\n<p>KARL MAYER <a href=\"https:\/\/www.karlmayer.com\/en\/\">GROUP<\/a>, establishing its own site in Bursa, T\u00fcrkiye in October 2023, declared an important appointment. Accordingly, Toros Greenhalgh was appointed General Manager of KARL MAYER TURKEY on February 1st of this year. Holding a degree in mechanical engineering and materials science from the University of Birmingham, he comes with vast global experience in the fields of industrial plant construction management, renewable energy technologies, and the distribution of medical devices. Now in his late thirties, for the past seven years he has been active in the sector of <a href=\"https:\/\/www.textilegence.com\/en\/category\/topical\/\">textile<\/a> machinery through ERKO with particular focus on KARL MAYER machine sales, service, and spare parts.<\/p>\n\n\n\n<h2 class=\"wp-block-heading\" id=\"h-toros-greenhalgh-s-focus-is-enhancing-the-after-sales-support-experience-for-customers\">Toros Greenhalgh\u2019s focus is enhancing the after-sales support experience for customers<\/h2>\n\n\n\n<p>In his new position, Toros Greenhalgh is focusing on enhancing the after-sales support experience for customers. Greenhalgh made a statement regarding its new role of General Manager: \u201cI plan to streamline and optimize our service processes, ensuring efficient response times and top-notch customer satisfaction. Additionally, I aim to foster a collaborative and motivated team to deliver excellent support and ultimately strengthening our customer relationships.\u201d<\/p>\n\n\n\n<p>He will be able to build on his extensive professional experience and the support of the KARL MAYER GROUP for the tasks ahead. In particular, ongoing training programs and clear communication from the corresponding departments at headquarters will provide effective assistance for Toros Greenhalgh and his team.<\/p>\n\n\n\n<h2 class=\"wp-block-heading\" id=\"h-karl-mayer-turkey-will-meet-increasing-customer-demands\">KARL MAYER TURKEY will meet increasing customer demands<\/h2>\n\n\n\n<p>Increasing its presence in one of its most important markets, KARL MAYER TURKEY will meet increasing customer demands for after-sales service, spare parts (Care Solutions), and academy, in the sectors of warp knitting and warp preparation, while KARL MAYER\u2019s long-standing regional representative ERKO focuses on machine sales.<\/p>\n\n\n\n<p>The headquarters in Bursa covers just under 1,000 m\u00b2 on three levels. It offers space for service, an academy with textile samples and a training machine, a workshop for minor repairs and a warehouse for the spare parts business. Located in the top-selling region in Turkey, it is also designed as a contact point for customers.<\/p>\n","protected":false},"excerpt":{"rendered":"<p>KARL MAYER GROUP, establishing its own site in Bursa, T\u00fcrkiye in October 2023, declared an important appointment. Accordingly, Toros Greenhalgh was appointed General Manager of KARL MAYER TURKEY on February 1st of this year. Holding a degree in mechanical engineering and materials science from the University of Birmingham, he comes with vast global experience in [&hellip;]<\/p>\n","protected":false},"author":26,"featured_media":57504,"comment_status":"closed","ping_status":"closed","sticky":false,"template":"","format":"standard","meta":{"footnotes":""},"categories":[9859],"tags":[10380,10369,12450],"class_list":{"0":"post-57507","1":"post","2":"type-post","3":"status-publish","4":"format-standard","5":"has-post-thumbnail","7":"category-topical","8":"tag-karl-mayer-en","9":"tag-textile-news-en","10":"tag-topical"},"yoast_head":"<!-- This site is optimized with the Yoast SEO Premium plugin v27.3 (Yoast SEO v27.3) - https:\/\/yoast.com\/product\/yoast-seo-premium-wordpress\/ -->\n<title>KARL MAYER TURKEY\u2019s General Manager is announced: Toros Greenhalgh - Textilegence<\/title>\n<meta name=\"description\" content=\"KARL MAYER GROUP, establishing its own site in Bursa, T\u00fcrkiye in October 2023, declared an important appointment. Accordingly, Toros...\" \/>\n<meta name=\"robots\" content=\"index, follow, max-snippet:-1, max-image-preview:large, max-video-preview:-1\" \/>\n<link rel=\"canonical\" href=\"https:\/\/www.textilegence.com\/en\/karl-mayer-turkeys-general-manager-is-announced-toros-greenhalgh\/\" \/>\n<meta property=\"og:locale\" content=\"en_US\" \/>\n<meta property=\"og:type\" content=\"article\" \/>\n<meta property=\"og:title\" content=\"KARL MAYER TURKEY\u2019s General Manager is announced: Toros Greenhalgh\" \/>\n<meta property=\"og:description\" content=\"KARL MAYER GROUP, establishing its own site in Bursa, T\u00fcrkiye in October 2023, declared an important appointment. Accordingly, Toros Greenhalgh was\" \/>\n<meta property=\"og:url\" content=\"https:\/\/www.textilegence.com\/en\/karl-mayer-turkeys-general-manager-is-announced-toros-greenhalgh\/\" \/>\n<meta property=\"og:site_name\" content=\"Textilegence Magazine and Digital Platform\" \/>\n<meta property=\"article:publisher\" content=\"https:\/\/www.facebook.com\/TextilegenceMagazine\" \/>\n<meta property=\"article:author\" content=\"https:\/\/www.facebook.com\/TextilegenceMagazine\" \/>\n<meta property=\"article:published_time\" content=\"2024-02-01T14:27:39+00:00\" \/>\n<meta property=\"article:modified_time\" content=\"2024-02-01T14:27:58+00:00\" \/>\n<meta property=\"og:image\" content=\"https:\/\/www.textilegence.com\/wp-content\/uploads\/2024\/02\/Karl-Mayer-Textilegence-Turkey.jpg\" \/>\n\t<meta property=\"og:image:width\" content=\"1920\" \/>\n\t<meta property=\"og:image:height\" content=\"1080\" \/>\n\t<meta property=\"og:image:type\" content=\"image\/jpeg\" \/>\n<meta name=\"author\" content=\"Ya\u011fmur Melis \u015eim\u015fek\" \/>\n<meta name=\"twitter:card\" content=\"summary_large_image\" \/>\n<meta name=\"twitter:creator\" content=\"@https:\/\/twitter.com\/textilegence\" \/>\n<meta name=\"twitter:site\" content=\"@textilegence\" \/>\n<meta name=\"twitter:label1\" content=\"Written by\" \/>\n\t<meta name=\"twitter:data1\" content=\"Ya\u011fmur Melis \u015eim\u015fek\" \/>\n\t<meta name=\"twitter:label2\" content=\"Est. reading time\" \/>\n\t<meta name=\"twitter:data2\" content=\"3 minutes\" \/>\n<script type=\"application\/ld+json\" class=\"yoast-schema-graph\">{\"@context\":\"https:\\\/\\\/schema.org\",\"@graph\":[{\"@type\":\"NewsArticle\",\"@id\":\"https:\\\/\\\/www.textilegence.com\\\/en\\\/karl-mayer-turkeys-general-manager-is-announced-toros-greenhalgh\\\/#article\",\"isPartOf\":{\"@id\":\"https:\\\/\\\/www.textilegence.com\\\/en\\\/karl-mayer-turkeys-general-manager-is-announced-toros-greenhalgh\\\/\"},\"author\":{\"name\":\"Ya\u011fmur Melis \u015eim\u015fek\",\"@id\":\"https:\\\/\\\/www.textilegence.com\\\/en\\\/#\\\/schema\\\/person\\\/cfa6baf17f0478131c673c93a9b88ef3\"},\"headline\":\"KARL MAYER TURKEY\u2019s General Manager is announced: Toros Greenhalgh\",\"datePublished\":\"2024-02-01T14:27:39+00:00\",\"dateModified\":\"2024-02-01T14:27:58+00:00\",\"mainEntityOfPage\":{\"@id\":\"https:\\\/\\\/www.textilegence.com\\\/en\\\/karl-mayer-turkeys-general-manager-is-announced-toros-greenhalgh\\\/\"},\"wordCount\":349,\"publisher\":{\"@id\":\"https:\\\/\\\/www.textilegence.com\\\/en\\\/#organization\"},\"image\":{\"@id\":\"https:\\\/\\\/www.textilegence.com\\\/en\\\/karl-mayer-turkeys-general-manager-is-announced-toros-greenhalgh\\\/#primaryimage\"},\"thumbnailUrl\":\"https:\\\/\\\/www.textilegence.com\\\/wp-content\\\/uploads\\\/2024\\\/02\\\/Karl-Mayer-Textilegence-Turkey.jpg\",\"keywords\":[\"karl mayer\",\"textile news\",\"topical\"],\"articleSection\":[\"Topical\"],\"inLanguage\":\"en-US\"},{\"@type\":\"WebPage\",\"@id\":\"https:\\\/\\\/www.textilegence.com\\\/en\\\/karl-mayer-turkeys-general-manager-is-announced-toros-greenhalgh\\\/\",\"url\":\"https:\\\/\\\/www.textilegence.com\\\/en\\\/karl-mayer-turkeys-general-manager-is-announced-toros-greenhalgh\\\/\",\"name\":\"KARL MAYER TURKEY\u2019s General Manager is announced: Toros Greenhalgh - Textilegence\",\"isPartOf\":{\"@id\":\"https:\\\/\\\/www.textilegence.com\\\/en\\\/#website\"},\"primaryImageOfPage\":{\"@id\":\"https:\\\/\\\/www.textilegence.com\\\/en\\\/karl-mayer-turkeys-general-manager-is-announced-toros-greenhalgh\\\/#primaryimage\"},\"image\":{\"@id\":\"https:\\\/\\\/www.textilegence.com\\\/en\\\/karl-mayer-turkeys-general-manager-is-announced-toros-greenhalgh\\\/#primaryimage\"},\"thumbnailUrl\":\"https:\\\/\\\/www.textilegence.com\\\/wp-content\\\/uploads\\\/2024\\\/02\\\/Karl-Mayer-Textilegence-Turkey.jpg\",\"datePublished\":\"2024-02-01T14:27:39+00:00\",\"dateModified\":\"2024-02-01T14:27:58+00:00\",\"description\":\"KARL MAYER GROUP, establishing its own site in Bursa, T\u00fcrkiye in October 2023, declared an important appointment. Accordingly, Toros...\",\"breadcrumb\":{\"@id\":\"https:\\\/\\\/www.textilegence.com\\\/en\\\/karl-mayer-turkeys-general-manager-is-announced-toros-greenhalgh\\\/#breadcrumb\"},\"inLanguage\":\"en-US\",\"potentialAction\":[{\"@type\":\"ReadAction\",\"target\":[\"https:\\\/\\\/www.textilegence.com\\\/en\\\/karl-mayer-turkeys-general-manager-is-announced-toros-greenhalgh\\\/\"]}]},{\"@type\":\"ImageObject\",\"inLanguage\":\"en-US\",\"@id\":\"https:\\\/\\\/www.textilegence.com\\\/en\\\/karl-mayer-turkeys-general-manager-is-announced-toros-greenhalgh\\\/#primaryimage\",\"url\":\"https:\\\/\\\/www.textilegence.com\\\/wp-content\\\/uploads\\\/2024\\\/02\\\/Karl-Mayer-Textilegence-Turkey.jpg\",\"contentUrl\":\"https:\\\/\\\/www.textilegence.com\\\/wp-content\\\/uploads\\\/2024\\\/02\\\/Karl-Mayer-Textilegence-Turkey.jpg\",\"width\":1920,\"height\":1080,\"caption\":\"KARL MAYER TURKEY\u2019s General Manager is announced: Toros Greenhalgh Image Source: Karl Mayer\"},{\"@type\":\"BreadcrumbList\",\"@id\":\"https:\\\/\\\/www.textilegence.com\\\/en\\\/karl-mayer-turkeys-general-manager-is-announced-toros-greenhalgh\\\/#breadcrumb\",\"itemListElement\":[{\"@type\":\"ListItem\",\"position\":1,\"name\":\"Home Page\",\"item\":\"https:\\\/\\\/www.textilegence.com\\\/en\\\/homepage-the-rimont\\\/\"},{\"@type\":\"ListItem\",\"position\":2,\"name\":\"Topical\",\"item\":\"https:\\\/\\\/www.textilegence.com\\\/en\\\/category\\\/topical\\\/\"},{\"@type\":\"ListItem\",\"position\":3,\"name\":\"KARL MAYER TURKEY\u2019s General Manager is announced: Toros Greenhalgh\"}]},{\"@type\":\"WebSite\",\"@id\":\"https:\\\/\\\/www.textilegence.com\\\/en\\\/#website\",\"url\":\"https:\\\/\\\/www.textilegence.com\\\/en\\\/\",\"name\":\"Textilegence Magazine and Digital Platform\",\"description\":\"Textile News Center\",\"publisher\":{\"@id\":\"https:\\\/\\\/www.textilegence.com\\\/en\\\/#organization\"},\"potentialAction\":[{\"@type\":\"SearchAction\",\"target\":{\"@type\":\"EntryPoint\",\"urlTemplate\":\"https:\\\/\\\/www.textilegence.com\\\/en\\\/?s={search_term_string}\"},\"query-input\":{\"@type\":\"PropertyValueSpecification\",\"valueRequired\":true,\"valueName\":\"search_term_string\"}}],\"inLanguage\":\"en-US\"},{\"@type\":\"Organization\",\"@id\":\"https:\\\/\\\/www.textilegence.com\\\/en\\\/#organization\",\"name\":\"Textilegence Magazine and Digital Platform\",\"url\":\"https:\\\/\\\/www.textilegence.com\\\/en\\\/\",\"logo\":{\"@type\":\"ImageObject\",\"inLanguage\":\"en-US\",\"@id\":\"https:\\\/\\\/www.textilegence.com\\\/en\\\/#\\\/schema\\\/logo\\\/image\\\/\",\"url\":\"https:\\\/\\\/www.textilegence.com\\\/wp-content\\\/uploads\\\/2016\\\/11\\\/New_Retina_Logo_Textilegence.png\",\"contentUrl\":\"https:\\\/\\\/www.textilegence.com\\\/wp-content\\\/uploads\\\/2016\\\/11\\\/New_Retina_Logo_Textilegence.png\",\"width\":544,\"height\":180,\"caption\":\"Textilegence Magazine and Digital Platform\"},\"image\":{\"@id\":\"https:\\\/\\\/www.textilegence.com\\\/en\\\/#\\\/schema\\\/logo\\\/image\\\/\"},\"sameAs\":[\"https:\\\/\\\/www.facebook.com\\\/TextilegenceMagazine\",\"https:\\\/\\\/x.com\\\/textilegence\",\"https:\\\/\\\/www.instagram.com\\\/textilegence\\\/\",\"https:\\\/\\\/www.linkedin.com\\\/groups\\\/Textilegence-Magazine-Digital-Platform-4897253\",\"https:\\\/\\\/www.youtube.com\\\/user\\\/textilegence\"],\"description\":\"Textilegence is a magazine and digital platform established in 2013. It focuses on the textile industry and sub-segments. The platform provides news, articles, and updates on various aspects of the textile industry, including sustainability, technological advancements, and market trends.\",\"email\":\"editor@textilegence.com\",\"telephone\":\"+90 212 442 24 12\",\"legalName\":\"Textilegence Mag and Digital Platform\",\"foundingDate\":\"2013-01-01\",\"numberOfEmployees\":{\"@type\":\"QuantitativeValue\",\"minValue\":\"1\",\"maxValue\":\"10\"}},{\"@type\":\"Person\",\"@id\":\"https:\\\/\\\/www.textilegence.com\\\/en\\\/#\\\/schema\\\/person\\\/cfa6baf17f0478131c673c93a9b88ef3\",\"name\":\"Ya\u011fmur Melis \u015eim\u015fek\",\"image\":{\"@type\":\"ImageObject\",\"inLanguage\":\"en-US\",\"@id\":\"https:\\\/\\\/www.textilegence.com\\\/wp-content\\\/uploads\\\/2022\\\/03\\\/Yagmur_photo1.jpg\",\"url\":\"https:\\\/\\\/www.textilegence.com\\\/wp-content\\\/uploads\\\/2022\\\/03\\\/Yagmur_photo1.jpg\",\"contentUrl\":\"https:\\\/\\\/www.textilegence.com\\\/wp-content\\\/uploads\\\/2022\\\/03\\\/Yagmur_photo1.jpg\",\"caption\":\"Ya\u011fmur Melis \u015eim\u015fek\"},\"description\":\"Ya\u011fmur Melis \u015eim\u015fek, Saint-Beno\u00eet Frans\u0131z Lisesi\u2019nde e\u011fitim g\u00f6rm\u00fc\u015f, ard\u0131ndan Anadolu \u00dcniversitesi\u2019nde iki y\u0131ll\u0131k Foto\u011fraf\u00e7\u0131l\u0131k B\u00f6l\u00fcm\u00fc\u2019n\u00fc tamamlam\u0131\u015ft\u0131r. Daha sonra lisans e\u011fitimini \u0130stanbul \u00dcniversitesi Gazetecilik B\u00f6l\u00fcm\u00fc\u2019nde s\u00fcrd\u00fcrm\u00fc\u015f, mezuniyetin ard\u0131ndan ise 2017 y\u0131l\u0131nda i\u015f hayat\u0131na at\u0131lm\u0131\u015ft\u0131r. Pek \u00e7ok farkl\u0131 projede, foto\u011fraf\u00e7\u0131l\u0131k ve grafik tasar\u0131mc\u0131l\u0131\u011f\u0131n yan\u0131 s\u0131ra teknoloji alan\u0131nda i\u00e7erik ve haber yazarl\u0131\u011f\u0131 gibi \u00e7e\u015fitli pozisyonlarda yer alan \u015eim\u015fek, 2021 y\u0131l\u0131ndan bu yana Textilegence\u2019da d\u0131\u015f haberlerde yard\u0131mc\u0131 edit\u00f6r olarak g\u00f6rev yapmaktad\u0131r.\",\"sameAs\":[\"https:\\\/\\\/www.textilegence.com\\\/\",\"https:\\\/\\\/www.facebook.com\\\/TextilegenceMagazine\",\"https:\\\/\\\/www.instagram.com\\\/textilegence\\\/\",\"https:\\\/\\\/www.linkedin.com\\\/company\\\/2985016\",\"https:\\\/\\\/x.com\\\/https:\\\/\\\/twitter.com\\\/textilegence\",\"https:\\\/\\\/www.youtube.com\\\/channel\\\/UCgtcny5ljhiXu-yvOiAlpRA\"],\"url\":\"https:\\\/\\\/www.textilegence.com\\\/en\\\/author\\\/yms\\\/\"}]}<\/script>\n<!-- \/ Yoast SEO Premium plugin. -->","yoast_head_json":{"title":"KARL MAYER TURKEY\u2019s General Manager is announced: Toros Greenhalgh - Textilegence","description":"KARL MAYER GROUP, establishing its own site in Bursa, T\u00fcrkiye in October 2023, declared an important appointment. Accordingly, Toros...","robots":{"index":"index","follow":"follow","max-snippet":"max-snippet:-1","max-image-preview":"max-image-preview:large","max-video-preview":"max-video-preview:-1"},"canonical":"https:\/\/www.textilegence.com\/en\/karl-mayer-turkeys-general-manager-is-announced-toros-greenhalgh\/","og_locale":"en_US","og_type":"article","og_title":"KARL MAYER TURKEY\u2019s General Manager is announced: Toros Greenhalgh","og_description":"KARL MAYER GROUP, establishing its own site in Bursa, T\u00fcrkiye in October 2023, declared an important appointment. Accordingly, Toros Greenhalgh was","og_url":"https:\/\/www.textilegence.com\/en\/karl-mayer-turkeys-general-manager-is-announced-toros-greenhalgh\/","og_site_name":"Textilegence Magazine and Digital Platform","article_publisher":"https:\/\/www.facebook.com\/TextilegenceMagazine","article_author":"https:\/\/www.facebook.com\/TextilegenceMagazine","article_published_time":"2024-02-01T14:27:39+00:00","article_modified_time":"2024-02-01T14:27:58+00:00","og_image":[{"width":1920,"height":1080,"url":"https:\/\/www.textilegence.com\/wp-content\/uploads\/2024\/02\/Karl-Mayer-Textilegence-Turkey.jpg","type":"image\/jpeg"}],"author":"Ya\u011fmur Melis \u015eim\u015fek","twitter_card":"summary_large_image","twitter_creator":"@https:\/\/twitter.com\/textilegence","twitter_site":"@textilegence","twitter_misc":{"Written by":"Ya\u011fmur Melis \u015eim\u015fek","Est. reading time":"3 minutes"},"schema":{"@context":"https:\/\/schema.org","@graph":[{"@type":"NewsArticle","@id":"https:\/\/www.textilegence.com\/en\/karl-mayer-turkeys-general-manager-is-announced-toros-greenhalgh\/#article","isPartOf":{"@id":"https:\/\/www.textilegence.com\/en\/karl-mayer-turkeys-general-manager-is-announced-toros-greenhalgh\/"},"author":{"name":"Ya\u011fmur Melis \u015eim\u015fek","@id":"https:\/\/www.textilegence.com\/en\/#\/schema\/person\/cfa6baf17f0478131c673c93a9b88ef3"},"headline":"KARL MAYER TURKEY\u2019s General Manager is announced: Toros Greenhalgh","datePublished":"2024-02-01T14:27:39+00:00","dateModified":"2024-02-01T14:27:58+00:00","mainEntityOfPage":{"@id":"https:\/\/www.textilegence.com\/en\/karl-mayer-turkeys-general-manager-is-announced-toros-greenhalgh\/"},"wordCount":349,"publisher":{"@id":"https:\/\/www.textilegence.com\/en\/#organization"},"image":{"@id":"https:\/\/www.textilegence.com\/en\/karl-mayer-turkeys-general-manager-is-announced-toros-greenhalgh\/#primaryimage"},"thumbnailUrl":"https:\/\/www.textilegence.com\/wp-content\/uploads\/2024\/02\/Karl-Mayer-Textilegence-Turkey.jpg","keywords":["karl mayer","textile news","topical"],"articleSection":["Topical"],"inLanguage":"en-US"},{"@type":"WebPage","@id":"https:\/\/www.textilegence.com\/en\/karl-mayer-turkeys-general-manager-is-announced-toros-greenhalgh\/","url":"https:\/\/www.textilegence.com\/en\/karl-mayer-turkeys-general-manager-is-announced-toros-greenhalgh\/","name":"KARL MAYER TURKEY\u2019s General Manager is announced: Toros Greenhalgh - Textilegence","isPartOf":{"@id":"https:\/\/www.textilegence.com\/en\/#website"},"primaryImageOfPage":{"@id":"https:\/\/www.textilegence.com\/en\/karl-mayer-turkeys-general-manager-is-announced-toros-greenhalgh\/#primaryimage"},"image":{"@id":"https:\/\/www.textilegence.com\/en\/karl-mayer-turkeys-general-manager-is-announced-toros-greenhalgh\/#primaryimage"},"thumbnailUrl":"https:\/\/www.textilegence.com\/wp-content\/uploads\/2024\/02\/Karl-Mayer-Textilegence-Turkey.jpg","datePublished":"2024-02-01T14:27:39+00:00","dateModified":"2024-02-01T14:27:58+00:00","description":"KARL MAYER GROUP, establishing its own site in Bursa, T\u00fcrkiye in October 2023, declared an important appointment. Accordingly, Toros...","breadcrumb":{"@id":"https:\/\/www.textilegence.com\/en\/karl-mayer-turkeys-general-manager-is-announced-toros-greenhalgh\/#breadcrumb"},"inLanguage":"en-US","potentialAction":[{"@type":"ReadAction","target":["https:\/\/www.textilegence.com\/en\/karl-mayer-turkeys-general-manager-is-announced-toros-greenhalgh\/"]}]},{"@type":"ImageObject","inLanguage":"en-US","@id":"https:\/\/www.textilegence.com\/en\/karl-mayer-turkeys-general-manager-is-announced-toros-greenhalgh\/#primaryimage","url":"https:\/\/www.textilegence.com\/wp-content\/uploads\/2024\/02\/Karl-Mayer-Textilegence-Turkey.jpg","contentUrl":"https:\/\/www.textilegence.com\/wp-content\/uploads\/2024\/02\/Karl-Mayer-Textilegence-Turkey.jpg","width":1920,"height":1080,"caption":"KARL MAYER TURKEY\u2019s General Manager is announced: Toros Greenhalgh Image Source: Karl Mayer"},{"@type":"BreadcrumbList","@id":"https:\/\/www.textilegence.com\/en\/karl-mayer-turkeys-general-manager-is-announced-toros-greenhalgh\/#breadcrumb","itemListElement":[{"@type":"ListItem","position":1,"name":"Home Page","item":"https:\/\/www.textilegence.com\/en\/homepage-the-rimont\/"},{"@type":"ListItem","position":2,"name":"Topical","item":"https:\/\/www.textilegence.com\/en\/category\/topical\/"},{"@type":"ListItem","position":3,"name":"KARL MAYER TURKEY\u2019s General Manager is announced: Toros Greenhalgh"}]},{"@type":"WebSite","@id":"https:\/\/www.textilegence.com\/en\/#website","url":"https:\/\/www.textilegence.com\/en\/","name":"Textilegence Magazine and Digital Platform","description":"Textile News Center","publisher":{"@id":"https:\/\/www.textilegence.com\/en\/#organization"},"potentialAction":[{"@type":"SearchAction","target":{"@type":"EntryPoint","urlTemplate":"https:\/\/www.textilegence.com\/en\/?s={search_term_string}"},"query-input":{"@type":"PropertyValueSpecification","valueRequired":true,"valueName":"search_term_string"}}],"inLanguage":"en-US"},{"@type":"Organization","@id":"https:\/\/www.textilegence.com\/en\/#organization","name":"Textilegence Magazine and Digital Platform","url":"https:\/\/www.textilegence.com\/en\/","logo":{"@type":"ImageObject","inLanguage":"en-US","@id":"https:\/\/www.textilegence.com\/en\/#\/schema\/logo\/image\/","url":"https:\/\/www.textilegence.com\/wp-content\/uploads\/2016\/11\/New_Retina_Logo_Textilegence.png","contentUrl":"https:\/\/www.textilegence.com\/wp-content\/uploads\/2016\/11\/New_Retina_Logo_Textilegence.png","width":544,"height":180,"caption":"Textilegence Magazine and Digital Platform"},"image":{"@id":"https:\/\/www.textilegence.com\/en\/#\/schema\/logo\/image\/"},"sameAs":["https:\/\/www.facebook.com\/TextilegenceMagazine","https:\/\/x.com\/textilegence","https:\/\/www.instagram.com\/textilegence\/","https:\/\/www.linkedin.com\/groups\/Textilegence-Magazine-Digital-Platform-4897253","https:\/\/www.youtube.com\/user\/textilegence"],"description":"Textilegence is a magazine and digital platform established in 2013. It focuses on the textile industry and sub-segments. The platform provides news, articles, and updates on various aspects of the textile industry, including sustainability, technological advancements, and market trends.","email":"editor@textilegence.com","telephone":"+90 212 442 24 12","legalName":"Textilegence Mag and Digital Platform","foundingDate":"2013-01-01","numberOfEmployees":{"@type":"QuantitativeValue","minValue":"1","maxValue":"10"}},{"@type":"Person","@id":"https:\/\/www.textilegence.com\/en\/#\/schema\/person\/cfa6baf17f0478131c673c93a9b88ef3","name":"Ya\u011fmur Melis \u015eim\u015fek","image":{"@type":"ImageObject","inLanguage":"en-US","@id":"https:\/\/www.textilegence.com\/wp-content\/uploads\/2022\/03\/Yagmur_photo1.jpg","url":"https:\/\/www.textilegence.com\/wp-content\/uploads\/2022\/03\/Yagmur_photo1.jpg","contentUrl":"https:\/\/www.textilegence.com\/wp-content\/uploads\/2022\/03\/Yagmur_photo1.jpg","caption":"Ya\u011fmur Melis \u015eim\u015fek"},"description":"Ya\u011fmur Melis \u015eim\u015fek, Saint-Beno\u00eet Frans\u0131z Lisesi\u2019nde e\u011fitim g\u00f6rm\u00fc\u015f, ard\u0131ndan Anadolu \u00dcniversitesi\u2019nde iki y\u0131ll\u0131k Foto\u011fraf\u00e7\u0131l\u0131k B\u00f6l\u00fcm\u00fc\u2019n\u00fc tamamlam\u0131\u015ft\u0131r. Daha sonra lisans e\u011fitimini \u0130stanbul \u00dcniversitesi Gazetecilik B\u00f6l\u00fcm\u00fc\u2019nde s\u00fcrd\u00fcrm\u00fc\u015f, mezuniyetin ard\u0131ndan ise 2017 y\u0131l\u0131nda i\u015f hayat\u0131na at\u0131lm\u0131\u015ft\u0131r. Pek \u00e7ok farkl\u0131 projede, foto\u011fraf\u00e7\u0131l\u0131k ve grafik tasar\u0131mc\u0131l\u0131\u011f\u0131n yan\u0131 s\u0131ra teknoloji alan\u0131nda i\u00e7erik ve haber yazarl\u0131\u011f\u0131 gibi \u00e7e\u015fitli pozisyonlarda yer alan \u015eim\u015fek, 2021 y\u0131l\u0131ndan bu yana Textilegence\u2019da d\u0131\u015f haberlerde yard\u0131mc\u0131 edit\u00f6r olarak g\u00f6rev yapmaktad\u0131r.","sameAs":["https:\/\/www.textilegence.com\/","https:\/\/www.facebook.com\/TextilegenceMagazine","https:\/\/www.instagram.com\/textilegence\/","https:\/\/www.linkedin.com\/company\/2985016","https:\/\/x.com\/https:\/\/twitter.com\/textilegence","https:\/\/www.youtube.com\/channel\/UCgtcny5ljhiXu-yvOiAlpRA"],"url":"https:\/\/www.textilegence.com\/en\/author\/yms\/"}]}},"_links":{"self":[{"href":"https:\/\/www.textilegence.com\/en\/wp-json\/wp\/v2\/posts\/57507","targetHints":{"allow":["GET"]}}],"collection":[{"href":"https:\/\/www.textilegence.com\/en\/wp-json\/wp\/v2\/posts"}],"about":[{"href":"https:\/\/www.textilegence.com\/en\/wp-json\/wp\/v2\/types\/post"}],"author":[{"embeddable":true,"href":"https:\/\/www.textilegence.com\/en\/wp-json\/wp\/v2\/users\/26"}],"replies":[{"embeddable":true,"href":"https:\/\/www.textilegence.com\/en\/wp-json\/wp\/v2\/comments?post=57507"}],"version-history":[{"count":0,"href":"https:\/\/www.textilegence.com\/en\/wp-json\/wp\/v2\/posts\/57507\/revisions"}],"wp:featuredmedia":[{"embeddable":true,"href":"https:\/\/www.textilegence.com\/en\/wp-json\/wp\/v2\/media\/57504"}],"wp:attachment":[{"href":"https:\/\/www.textilegence.com\/en\/wp-json\/wp\/v2\/media?parent=57507"}],"wp:term":[{"taxonomy":"category","embeddable":true,"href":"https:\/\/www.textilegence.com\/en\/wp-json\/wp\/v2\/categories?post=57507"},{"taxonomy":"post_tag","embeddable":true,"href":"https:\/\/www.textilegence.com\/en\/wp-json\/wp\/v2\/tags?post=57507"}],"curies":[{"name":"wp","href":"https:\/\/api.w.org\/{rel}","templated":true}]}}