{"id":57590,"date":"2024-02-13T11:34:23","date_gmt":"2024-02-13T08:34:23","guid":{"rendered":"http:\/\/www.textilegence.com\/?p=57590"},"modified":"2024-02-13T11:34:44","modified_gmt":"2024-02-13T08:34:44","slug":"slcp-comes-out-of-its-cocoon-and-stands-on-its-own","status":"publish","type":"post","link":"https:\/\/www.textilegence.com\/en\/slcp-comes-out-of-its-cocoon-and-stands-on-its-own\/","title":{"rendered":"SLCP comes out of its cocoon and stands on its own"},"content":{"rendered":"\n<p>SLCP (Social &amp; Labor Convergence <a href=\"https:\/\/slconvergence.org\/\">Program<\/a>) officially separated from SAC (Sustainable Apparel Coalition), a global, non-profit alliance of over 300 organizations in the apparel, footwear, and textile industry, on February 1, 2024. Its new legal entity is a Dutch non-profit foundation known as a \u2018stichting\u2019. Launched by SAC in 2015, SLCP\u2019s continued aim is to reduce audit fatigue and improve working conditions in the apparel industry.<\/p>\n\n\n\n<p>Over eight years, SLCP has grown significantly, gathering more than 250 signatories and implementing the Converged Assessment Framework (CAF) in over 60 countries. In September 2023, SLCP signatories voted in favour of SLCP\u2019s five-year Strategy, which included the plan to transition to an independent organization. That same month, the SAC Board also approved the plans for separation.<\/p>\n\n\n<div class=\"wp-block-image\">\n<figure class=\"aligncenter size-full\"><img loading=\"lazy\" decoding=\"async\" width=\"1920\" height=\"1080\" src=\"https:\/\/www.textilegence.com\/wp-content\/uploads\/2024\/02\/SLCP-Textilegence-textile.jpg\" alt=\"SLCP kozas\u0131ndan \u00e7\u0131k\u0131p ba\u011f\u0131ms\u0131zla\u015f\u0131yor G\u00f6rsel Kaynak: Freepik\" class=\"wp-image-57584\" srcset=\"https:\/\/www.textilegence.com\/wp-content\/uploads\/2024\/02\/SLCP-Textilegence-textile.jpg 1920w, https:\/\/www.textilegence.com\/wp-content\/uploads\/2024\/02\/SLCP-Textilegence-textile-768x432.jpg 768w, https:\/\/www.textilegence.com\/wp-content\/uploads\/2024\/02\/SLCP-Textilegence-textile-1536x864.jpg 1536w, https:\/\/www.textilegence.com\/wp-content\/uploads\/2024\/02\/SLCP-Textilegence-textile-300x169.jpg 300w, https:\/\/www.textilegence.com\/wp-content\/uploads\/2024\/02\/SLCP-Textilegence-textile-600x338.jpg 600w, https:\/\/www.textilegence.com\/wp-content\/uploads\/2024\/02\/SLCP-Textilegence-textile-696x392.jpg 696w, https:\/\/www.textilegence.com\/wp-content\/uploads\/2024\/02\/SLCP-Textilegence-textile-1068x601.jpg 1068w\" sizes=\"auto, (max-width: 1920px) 100vw, 1920px\" \/><figcaption class=\"wp-element-caption\">SLCP\u2019s continued aim is to reduce audit fatigue and improve working conditions in the apparel industry Image Source: Sustainable Apparel Coalition<\/figcaption><\/figure>\n<\/div>\n\n\n<h2 class=\"wp-block-heading\" id=\"h-the-close-cooperation-has-continued-between-sac-and-slcp\">The close cooperation has continued between SAC and SLCP<\/h2>\n\n\n\n<p>Both SAC and SLCP reaffirm their commitment to a closely-knit strategic collaboration, aligning their tools and strategies for a shared vision of improved global working conditions. The SAC is steadfast in supporting and incorporating the CAF as the preferred social compliance assessment framework for its Higg Facility Social &amp; Labor Module (FSLM) tool.<\/p>\n\n\n\n<p>\u201cAs both organizations navigate this exciting new phase, our commitment to shared goals and values is greater than ever and propels us toward catalyzing collective action at scale,\u201d said Andrew Martin, SAC Executive Vice President. Martin continued: \u201cLeaders stand out by their ethics, integrity, accountability, and responsibility. It is no longer enough to deliver value to shareholders without lasting positive human impact and societal change. We believe our collaborative efforts will continue to uphold safe, respectful working conditions and establish new benchmarks for <a href=\"https:\/\/www.textilegence.com\/en\/category\/green-times\/\">sustainability<\/a> and social responsibility.\u201d<\/p>\n\n\n\n<p>Janet Mensink, SLCP Chief Executive Officer disclosed that they are excited to be moving forward with the next stage of SLCP\u2019s evolution, building on the strong foundation and the impact they have already achieved with SAC, their signatories, and partners. Saying that their collaboration with SAC is a testament to the power of industry-wide cooperation, he disclosed: \u201cThrough the adoption of the CAF and the Higg FSLM, we are able to create a more streamlined approach to social compliance assessments and reallocate resources to fulfill our shared ambition of improving working conditions.\u201d<\/p>\n","protected":false},"excerpt":{"rendered":"<p>SLCP (Social &amp; Labor Convergence Program) officially separated from SAC (Sustainable Apparel Coalition), a global, non-profit alliance of over 300 organizations in the apparel, footwear, and textile industry, on February 1, 2024. Its new legal entity is a Dutch non-profit foundation known as a \u2018stichting\u2019. Launched by SAC in 2015, SLCP\u2019s continued aim is to [&hellip;]<\/p>\n","protected":false},"author":26,"featured_media":57588,"comment_status":"closed","ping_status":"closed","sticky":false,"template":"","format":"standard","meta":{"footnotes":""},"categories":[14912],"tags":[16327,16326,11143,10369],"class_list":{"0":"post-57590","1":"post","2":"type-post","3":"status-publish","4":"format-standard","5":"has-post-thumbnail","7":"category-green-times","8":"tag-sac","9":"tag-slcp","10":"tag-sustainability-en","11":"tag-textile-news-en"},"yoast_head":"<!-- This site is optimized with the Yoast SEO Premium plugin v27.3 (Yoast SEO v27.3) - https:\/\/yoast.com\/product\/yoast-seo-premium-wordpress\/ -->\n<title>SLCP comes out of its cocoon and stands on its own - Textilegence<\/title>\n<meta name=\"description\" content=\"SLCP (Social &amp; Labor Convergence Program) officially separated from SAC (Sustainable Apparel Coalition), a global, non-profit...\" \/>\n<meta name=\"robots\" content=\"index, follow, max-snippet:-1, max-image-preview:large, max-video-preview:-1\" \/>\n<link rel=\"canonical\" href=\"https:\/\/www.textilegence.com\/en\/slcp-comes-out-of-its-cocoon-and-stands-on-its-own\/\" \/>\n<meta property=\"og:locale\" content=\"en_US\" \/>\n<meta property=\"og:type\" content=\"article\" \/>\n<meta property=\"og:title\" content=\"SLCP comes out of its cocoon and stands on its own\" \/>\n<meta property=\"og:description\" content=\"SLCP (Social &amp; Labor Convergence Program) officially separated from SAC (Sustainable Apparel Coalition), a global, non-profit alliance of over 300\" \/>\n<meta property=\"og:url\" content=\"https:\/\/www.textilegence.com\/en\/slcp-comes-out-of-its-cocoon-and-stands-on-its-own\/\" \/>\n<meta property=\"og:site_name\" content=\"Textilegence Magazine and Digital Platform\" \/>\n<meta property=\"article:publisher\" content=\"https:\/\/www.facebook.com\/TextilegenceMagazine\" \/>\n<meta property=\"article:author\" content=\"https:\/\/www.facebook.com\/TextilegenceMagazine\" \/>\n<meta property=\"article:published_time\" content=\"2024-02-13T08:34:23+00:00\" \/>\n<meta property=\"article:modified_time\" content=\"2024-02-13T08:34:44+00:00\" \/>\n<meta property=\"og:image\" content=\"https:\/\/www.textilegence.com\/wp-content\/uploads\/2024\/02\/SLCP-Textilegence-sustainability.jpg\" \/>\n\t<meta property=\"og:image:width\" content=\"1920\" \/>\n\t<meta property=\"og:image:height\" content=\"1080\" \/>\n\t<meta property=\"og:image:type\" content=\"image\/jpeg\" \/>\n<meta name=\"author\" content=\"Ya\u011fmur Melis \u015eim\u015fek\" \/>\n<meta name=\"twitter:card\" content=\"summary_large_image\" \/>\n<meta name=\"twitter:creator\" content=\"@https:\/\/twitter.com\/textilegence\" \/>\n<meta name=\"twitter:site\" content=\"@textilegence\" \/>\n<meta name=\"twitter:label1\" content=\"Written by\" \/>\n\t<meta name=\"twitter:data1\" content=\"Ya\u011fmur Melis \u015eim\u015fek\" \/>\n\t<meta name=\"twitter:label2\" content=\"Est. reading time\" \/>\n\t<meta name=\"twitter:data2\" content=\"3 minutes\" \/>\n<script type=\"application\/ld+json\" class=\"yoast-schema-graph\">{\"@context\":\"https:\\\/\\\/schema.org\",\"@graph\":[{\"@type\":\"NewsArticle\",\"@id\":\"https:\\\/\\\/www.textilegence.com\\\/en\\\/slcp-comes-out-of-its-cocoon-and-stands-on-its-own\\\/#article\",\"isPartOf\":{\"@id\":\"https:\\\/\\\/www.textilegence.com\\\/en\\\/slcp-comes-out-of-its-cocoon-and-stands-on-its-own\\\/\"},\"author\":{\"name\":\"Ya\u011fmur Melis \u015eim\u015fek\",\"@id\":\"https:\\\/\\\/www.textilegence.com\\\/en\\\/#\\\/schema\\\/person\\\/cfa6baf17f0478131c673c93a9b88ef3\"},\"headline\":\"SLCP comes out of its cocoon and stands on its own\",\"datePublished\":\"2024-02-13T08:34:23+00:00\",\"dateModified\":\"2024-02-13T08:34:44+00:00\",\"mainEntityOfPage\":{\"@id\":\"https:\\\/\\\/www.textilegence.com\\\/en\\\/slcp-comes-out-of-its-cocoon-and-stands-on-its-own\\\/\"},\"wordCount\":393,\"publisher\":{\"@id\":\"https:\\\/\\\/www.textilegence.com\\\/en\\\/#organization\"},\"image\":{\"@id\":\"https:\\\/\\\/www.textilegence.com\\\/en\\\/slcp-comes-out-of-its-cocoon-and-stands-on-its-own\\\/#primaryimage\"},\"thumbnailUrl\":\"https:\\\/\\\/www.textilegence.com\\\/wp-content\\\/uploads\\\/2024\\\/02\\\/SLCP-Textilegence-sustainability.jpg\",\"keywords\":[\"SAC\",\"SLCP\",\"sustainability\",\"textile news\"],\"articleSection\":[\"Green Times\"],\"inLanguage\":\"en-US\"},{\"@type\":\"WebPage\",\"@id\":\"https:\\\/\\\/www.textilegence.com\\\/en\\\/slcp-comes-out-of-its-cocoon-and-stands-on-its-own\\\/\",\"url\":\"https:\\\/\\\/www.textilegence.com\\\/en\\\/slcp-comes-out-of-its-cocoon-and-stands-on-its-own\\\/\",\"name\":\"SLCP comes out of its cocoon and stands on its own - Textilegence\",\"isPartOf\":{\"@id\":\"https:\\\/\\\/www.textilegence.com\\\/en\\\/#website\"},\"primaryImageOfPage\":{\"@id\":\"https:\\\/\\\/www.textilegence.com\\\/en\\\/slcp-comes-out-of-its-cocoon-and-stands-on-its-own\\\/#primaryimage\"},\"image\":{\"@id\":\"https:\\\/\\\/www.textilegence.com\\\/en\\\/slcp-comes-out-of-its-cocoon-and-stands-on-its-own\\\/#primaryimage\"},\"thumbnailUrl\":\"https:\\\/\\\/www.textilegence.com\\\/wp-content\\\/uploads\\\/2024\\\/02\\\/SLCP-Textilegence-sustainability.jpg\",\"datePublished\":\"2024-02-13T08:34:23+00:00\",\"dateModified\":\"2024-02-13T08:34:44+00:00\",\"description\":\"SLCP (Social & Labor Convergence Program) officially separated from SAC (Sustainable Apparel Coalition), a global, non-profit...\",\"breadcrumb\":{\"@id\":\"https:\\\/\\\/www.textilegence.com\\\/en\\\/slcp-comes-out-of-its-cocoon-and-stands-on-its-own\\\/#breadcrumb\"},\"inLanguage\":\"en-US\",\"potentialAction\":[{\"@type\":\"ReadAction\",\"target\":[\"https:\\\/\\\/www.textilegence.com\\\/en\\\/slcp-comes-out-of-its-cocoon-and-stands-on-its-own\\\/\"]}]},{\"@type\":\"ImageObject\",\"inLanguage\":\"en-US\",\"@id\":\"https:\\\/\\\/www.textilegence.com\\\/en\\\/slcp-comes-out-of-its-cocoon-and-stands-on-its-own\\\/#primaryimage\",\"url\":\"https:\\\/\\\/www.textilegence.com\\\/wp-content\\\/uploads\\\/2024\\\/02\\\/SLCP-Textilegence-sustainability.jpg\",\"contentUrl\":\"https:\\\/\\\/www.textilegence.com\\\/wp-content\\\/uploads\\\/2024\\\/02\\\/SLCP-Textilegence-sustainability.jpg\",\"width\":1920,\"height\":1080,\"caption\":\"SLCP comes out of its cocoon and stands on its own Image Source: Freepik\"},{\"@type\":\"BreadcrumbList\",\"@id\":\"https:\\\/\\\/www.textilegence.com\\\/en\\\/slcp-comes-out-of-its-cocoon-and-stands-on-its-own\\\/#breadcrumb\",\"itemListElement\":[{\"@type\":\"ListItem\",\"position\":1,\"name\":\"Home Page\",\"item\":\"https:\\\/\\\/www.textilegence.com\\\/en\\\/homepage-the-rimont\\\/\"},{\"@type\":\"ListItem\",\"position\":2,\"name\":\"Green Times\",\"item\":\"https:\\\/\\\/www.textilegence.com\\\/en\\\/category\\\/green-times\\\/\"},{\"@type\":\"ListItem\",\"position\":3,\"name\":\"SLCP comes out of its cocoon and stands on its own\"}]},{\"@type\":\"WebSite\",\"@id\":\"https:\\\/\\\/www.textilegence.com\\\/en\\\/#website\",\"url\":\"https:\\\/\\\/www.textilegence.com\\\/en\\\/\",\"name\":\"Textilegence Magazine and Digital Platform\",\"description\":\"Textile News Center\",\"publisher\":{\"@id\":\"https:\\\/\\\/www.textilegence.com\\\/en\\\/#organization\"},\"potentialAction\":[{\"@type\":\"SearchAction\",\"target\":{\"@type\":\"EntryPoint\",\"urlTemplate\":\"https:\\\/\\\/www.textilegence.com\\\/en\\\/?s={search_term_string}\"},\"query-input\":{\"@type\":\"PropertyValueSpecification\",\"valueRequired\":true,\"valueName\":\"search_term_string\"}}],\"inLanguage\":\"en-US\"},{\"@type\":\"Organization\",\"@id\":\"https:\\\/\\\/www.textilegence.com\\\/en\\\/#organization\",\"name\":\"Textilegence Magazine and Digital Platform\",\"url\":\"https:\\\/\\\/www.textilegence.com\\\/en\\\/\",\"logo\":{\"@type\":\"ImageObject\",\"inLanguage\":\"en-US\",\"@id\":\"https:\\\/\\\/www.textilegence.com\\\/en\\\/#\\\/schema\\\/logo\\\/image\\\/\",\"url\":\"https:\\\/\\\/www.textilegence.com\\\/wp-content\\\/uploads\\\/2016\\\/11\\\/New_Retina_Logo_Textilegence.png\",\"contentUrl\":\"https:\\\/\\\/www.textilegence.com\\\/wp-content\\\/uploads\\\/2016\\\/11\\\/New_Retina_Logo_Textilegence.png\",\"width\":544,\"height\":180,\"caption\":\"Textilegence Magazine and Digital Platform\"},\"image\":{\"@id\":\"https:\\\/\\\/www.textilegence.com\\\/en\\\/#\\\/schema\\\/logo\\\/image\\\/\"},\"sameAs\":[\"https:\\\/\\\/www.facebook.com\\\/TextilegenceMagazine\",\"https:\\\/\\\/x.com\\\/textilegence\",\"https:\\\/\\\/www.instagram.com\\\/textilegence\\\/\",\"https:\\\/\\\/www.linkedin.com\\\/groups\\\/Textilegence-Magazine-Digital-Platform-4897253\",\"https:\\\/\\\/www.youtube.com\\\/user\\\/textilegence\"],\"description\":\"Textilegence is a magazine and digital platform established in 2013. It focuses on the textile industry and sub-segments. The platform provides news, articles, and updates on various aspects of the textile industry, including sustainability, technological advancements, and market trends.\",\"email\":\"editor@textilegence.com\",\"telephone\":\"+90 212 442 24 12\",\"legalName\":\"Textilegence Mag and Digital Platform\",\"foundingDate\":\"2013-01-01\",\"numberOfEmployees\":{\"@type\":\"QuantitativeValue\",\"minValue\":\"1\",\"maxValue\":\"10\"}},{\"@type\":\"Person\",\"@id\":\"https:\\\/\\\/www.textilegence.com\\\/en\\\/#\\\/schema\\\/person\\\/cfa6baf17f0478131c673c93a9b88ef3\",\"name\":\"Ya\u011fmur Melis \u015eim\u015fek\",\"image\":{\"@type\":\"ImageObject\",\"inLanguage\":\"en-US\",\"@id\":\"https:\\\/\\\/www.textilegence.com\\\/wp-content\\\/uploads\\\/2022\\\/03\\\/Yagmur_photo1.jpg\",\"url\":\"https:\\\/\\\/www.textilegence.com\\\/wp-content\\\/uploads\\\/2022\\\/03\\\/Yagmur_photo1.jpg\",\"contentUrl\":\"https:\\\/\\\/www.textilegence.com\\\/wp-content\\\/uploads\\\/2022\\\/03\\\/Yagmur_photo1.jpg\",\"caption\":\"Ya\u011fmur Melis \u015eim\u015fek\"},\"description\":\"Ya\u011fmur Melis \u015eim\u015fek, Saint-Beno\u00eet Frans\u0131z Lisesi\u2019nde e\u011fitim g\u00f6rm\u00fc\u015f, ard\u0131ndan Anadolu \u00dcniversitesi\u2019nde iki y\u0131ll\u0131k Foto\u011fraf\u00e7\u0131l\u0131k B\u00f6l\u00fcm\u00fc\u2019n\u00fc tamamlam\u0131\u015ft\u0131r. Daha sonra lisans e\u011fitimini \u0130stanbul \u00dcniversitesi Gazetecilik B\u00f6l\u00fcm\u00fc\u2019nde s\u00fcrd\u00fcrm\u00fc\u015f, mezuniyetin ard\u0131ndan ise 2017 y\u0131l\u0131nda i\u015f hayat\u0131na at\u0131lm\u0131\u015ft\u0131r. Pek \u00e7ok farkl\u0131 projede, foto\u011fraf\u00e7\u0131l\u0131k ve grafik tasar\u0131mc\u0131l\u0131\u011f\u0131n yan\u0131 s\u0131ra teknoloji alan\u0131nda i\u00e7erik ve haber yazarl\u0131\u011f\u0131 gibi \u00e7e\u015fitli pozisyonlarda yer alan \u015eim\u015fek, 2021 y\u0131l\u0131ndan bu yana Textilegence\u2019da d\u0131\u015f haberlerde yard\u0131mc\u0131 edit\u00f6r olarak g\u00f6rev yapmaktad\u0131r.\",\"sameAs\":[\"https:\\\/\\\/www.textilegence.com\\\/\",\"https:\\\/\\\/www.facebook.com\\\/TextilegenceMagazine\",\"https:\\\/\\\/www.instagram.com\\\/textilegence\\\/\",\"https:\\\/\\\/www.linkedin.com\\\/company\\\/2985016\",\"https:\\\/\\\/x.com\\\/https:\\\/\\\/twitter.com\\\/textilegence\",\"https:\\\/\\\/www.youtube.com\\\/channel\\\/UCgtcny5ljhiXu-yvOiAlpRA\"],\"url\":\"https:\\\/\\\/www.textilegence.com\\\/en\\\/author\\\/yms\\\/\"}]}<\/script>\n<!-- \/ Yoast SEO Premium plugin. -->","yoast_head_json":{"title":"SLCP comes out of its cocoon and stands on its own - Textilegence","description":"SLCP (Social & Labor Convergence Program) officially separated from SAC (Sustainable Apparel Coalition), a global, non-profit...","robots":{"index":"index","follow":"follow","max-snippet":"max-snippet:-1","max-image-preview":"max-image-preview:large","max-video-preview":"max-video-preview:-1"},"canonical":"https:\/\/www.textilegence.com\/en\/slcp-comes-out-of-its-cocoon-and-stands-on-its-own\/","og_locale":"en_US","og_type":"article","og_title":"SLCP comes out of its cocoon and stands on its own","og_description":"SLCP (Social &amp; Labor Convergence Program) officially separated from SAC (Sustainable Apparel Coalition), a global, non-profit alliance of over 300","og_url":"https:\/\/www.textilegence.com\/en\/slcp-comes-out-of-its-cocoon-and-stands-on-its-own\/","og_site_name":"Textilegence Magazine and Digital Platform","article_publisher":"https:\/\/www.facebook.com\/TextilegenceMagazine","article_author":"https:\/\/www.facebook.com\/TextilegenceMagazine","article_published_time":"2024-02-13T08:34:23+00:00","article_modified_time":"2024-02-13T08:34:44+00:00","og_image":[{"width":1920,"height":1080,"url":"https:\/\/www.textilegence.com\/wp-content\/uploads\/2024\/02\/SLCP-Textilegence-sustainability.jpg","type":"image\/jpeg"}],"author":"Ya\u011fmur Melis \u015eim\u015fek","twitter_card":"summary_large_image","twitter_creator":"@https:\/\/twitter.com\/textilegence","twitter_site":"@textilegence","twitter_misc":{"Written by":"Ya\u011fmur Melis \u015eim\u015fek","Est. reading time":"3 minutes"},"schema":{"@context":"https:\/\/schema.org","@graph":[{"@type":"NewsArticle","@id":"https:\/\/www.textilegence.com\/en\/slcp-comes-out-of-its-cocoon-and-stands-on-its-own\/#article","isPartOf":{"@id":"https:\/\/www.textilegence.com\/en\/slcp-comes-out-of-its-cocoon-and-stands-on-its-own\/"},"author":{"name":"Ya\u011fmur Melis \u015eim\u015fek","@id":"https:\/\/www.textilegence.com\/en\/#\/schema\/person\/cfa6baf17f0478131c673c93a9b88ef3"},"headline":"SLCP comes out of its cocoon and stands on its own","datePublished":"2024-02-13T08:34:23+00:00","dateModified":"2024-02-13T08:34:44+00:00","mainEntityOfPage":{"@id":"https:\/\/www.textilegence.com\/en\/slcp-comes-out-of-its-cocoon-and-stands-on-its-own\/"},"wordCount":393,"publisher":{"@id":"https:\/\/www.textilegence.com\/en\/#organization"},"image":{"@id":"https:\/\/www.textilegence.com\/en\/slcp-comes-out-of-its-cocoon-and-stands-on-its-own\/#primaryimage"},"thumbnailUrl":"https:\/\/www.textilegence.com\/wp-content\/uploads\/2024\/02\/SLCP-Textilegence-sustainability.jpg","keywords":["SAC","SLCP","sustainability","textile news"],"articleSection":["Green Times"],"inLanguage":"en-US"},{"@type":"WebPage","@id":"https:\/\/www.textilegence.com\/en\/slcp-comes-out-of-its-cocoon-and-stands-on-its-own\/","url":"https:\/\/www.textilegence.com\/en\/slcp-comes-out-of-its-cocoon-and-stands-on-its-own\/","name":"SLCP comes out of its cocoon and stands on its own - Textilegence","isPartOf":{"@id":"https:\/\/www.textilegence.com\/en\/#website"},"primaryImageOfPage":{"@id":"https:\/\/www.textilegence.com\/en\/slcp-comes-out-of-its-cocoon-and-stands-on-its-own\/#primaryimage"},"image":{"@id":"https:\/\/www.textilegence.com\/en\/slcp-comes-out-of-its-cocoon-and-stands-on-its-own\/#primaryimage"},"thumbnailUrl":"https:\/\/www.textilegence.com\/wp-content\/uploads\/2024\/02\/SLCP-Textilegence-sustainability.jpg","datePublished":"2024-02-13T08:34:23+00:00","dateModified":"2024-02-13T08:34:44+00:00","description":"SLCP (Social & Labor Convergence Program) officially separated from SAC (Sustainable Apparel Coalition), a global, non-profit...","breadcrumb":{"@id":"https:\/\/www.textilegence.com\/en\/slcp-comes-out-of-its-cocoon-and-stands-on-its-own\/#breadcrumb"},"inLanguage":"en-US","potentialAction":[{"@type":"ReadAction","target":["https:\/\/www.textilegence.com\/en\/slcp-comes-out-of-its-cocoon-and-stands-on-its-own\/"]}]},{"@type":"ImageObject","inLanguage":"en-US","@id":"https:\/\/www.textilegence.com\/en\/slcp-comes-out-of-its-cocoon-and-stands-on-its-own\/#primaryimage","url":"https:\/\/www.textilegence.com\/wp-content\/uploads\/2024\/02\/SLCP-Textilegence-sustainability.jpg","contentUrl":"https:\/\/www.textilegence.com\/wp-content\/uploads\/2024\/02\/SLCP-Textilegence-sustainability.jpg","width":1920,"height":1080,"caption":"SLCP comes out of its cocoon and stands on its own Image Source: Freepik"},{"@type":"BreadcrumbList","@id":"https:\/\/www.textilegence.com\/en\/slcp-comes-out-of-its-cocoon-and-stands-on-its-own\/#breadcrumb","itemListElement":[{"@type":"ListItem","position":1,"name":"Home Page","item":"https:\/\/www.textilegence.com\/en\/homepage-the-rimont\/"},{"@type":"ListItem","position":2,"name":"Green Times","item":"https:\/\/www.textilegence.com\/en\/category\/green-times\/"},{"@type":"ListItem","position":3,"name":"SLCP comes out of its cocoon and stands on its own"}]},{"@type":"WebSite","@id":"https:\/\/www.textilegence.com\/en\/#website","url":"https:\/\/www.textilegence.com\/en\/","name":"Textilegence Magazine and Digital Platform","description":"Textile News Center","publisher":{"@id":"https:\/\/www.textilegence.com\/en\/#organization"},"potentialAction":[{"@type":"SearchAction","target":{"@type":"EntryPoint","urlTemplate":"https:\/\/www.textilegence.com\/en\/?s={search_term_string}"},"query-input":{"@type":"PropertyValueSpecification","valueRequired":true,"valueName":"search_term_string"}}],"inLanguage":"en-US"},{"@type":"Organization","@id":"https:\/\/www.textilegence.com\/en\/#organization","name":"Textilegence Magazine and Digital Platform","url":"https:\/\/www.textilegence.com\/en\/","logo":{"@type":"ImageObject","inLanguage":"en-US","@id":"https:\/\/www.textilegence.com\/en\/#\/schema\/logo\/image\/","url":"https:\/\/www.textilegence.com\/wp-content\/uploads\/2016\/11\/New_Retina_Logo_Textilegence.png","contentUrl":"https:\/\/www.textilegence.com\/wp-content\/uploads\/2016\/11\/New_Retina_Logo_Textilegence.png","width":544,"height":180,"caption":"Textilegence Magazine and Digital Platform"},"image":{"@id":"https:\/\/www.textilegence.com\/en\/#\/schema\/logo\/image\/"},"sameAs":["https:\/\/www.facebook.com\/TextilegenceMagazine","https:\/\/x.com\/textilegence","https:\/\/www.instagram.com\/textilegence\/","https:\/\/www.linkedin.com\/groups\/Textilegence-Magazine-Digital-Platform-4897253","https:\/\/www.youtube.com\/user\/textilegence"],"description":"Textilegence is a magazine and digital platform established in 2013. It focuses on the textile industry and sub-segments. The platform provides news, articles, and updates on various aspects of the textile industry, including sustainability, technological advancements, and market trends.","email":"editor@textilegence.com","telephone":"+90 212 442 24 12","legalName":"Textilegence Mag and Digital Platform","foundingDate":"2013-01-01","numberOfEmployees":{"@type":"QuantitativeValue","minValue":"1","maxValue":"10"}},{"@type":"Person","@id":"https:\/\/www.textilegence.com\/en\/#\/schema\/person\/cfa6baf17f0478131c673c93a9b88ef3","name":"Ya\u011fmur Melis \u015eim\u015fek","image":{"@type":"ImageObject","inLanguage":"en-US","@id":"https:\/\/www.textilegence.com\/wp-content\/uploads\/2022\/03\/Yagmur_photo1.jpg","url":"https:\/\/www.textilegence.com\/wp-content\/uploads\/2022\/03\/Yagmur_photo1.jpg","contentUrl":"https:\/\/www.textilegence.com\/wp-content\/uploads\/2022\/03\/Yagmur_photo1.jpg","caption":"Ya\u011fmur Melis \u015eim\u015fek"},"description":"Ya\u011fmur Melis \u015eim\u015fek, Saint-Beno\u00eet Frans\u0131z Lisesi\u2019nde e\u011fitim g\u00f6rm\u00fc\u015f, ard\u0131ndan Anadolu \u00dcniversitesi\u2019nde iki y\u0131ll\u0131k Foto\u011fraf\u00e7\u0131l\u0131k B\u00f6l\u00fcm\u00fc\u2019n\u00fc tamamlam\u0131\u015ft\u0131r. Daha sonra lisans e\u011fitimini \u0130stanbul \u00dcniversitesi Gazetecilik B\u00f6l\u00fcm\u00fc\u2019nde s\u00fcrd\u00fcrm\u00fc\u015f, mezuniyetin ard\u0131ndan ise 2017 y\u0131l\u0131nda i\u015f hayat\u0131na at\u0131lm\u0131\u015ft\u0131r. Pek \u00e7ok farkl\u0131 projede, foto\u011fraf\u00e7\u0131l\u0131k ve grafik tasar\u0131mc\u0131l\u0131\u011f\u0131n yan\u0131 s\u0131ra teknoloji alan\u0131nda i\u00e7erik ve haber yazarl\u0131\u011f\u0131 gibi \u00e7e\u015fitli pozisyonlarda yer alan \u015eim\u015fek, 2021 y\u0131l\u0131ndan bu yana Textilegence\u2019da d\u0131\u015f haberlerde yard\u0131mc\u0131 edit\u00f6r olarak g\u00f6rev yapmaktad\u0131r.","sameAs":["https:\/\/www.textilegence.com\/","https:\/\/www.facebook.com\/TextilegenceMagazine","https:\/\/www.instagram.com\/textilegence\/","https:\/\/www.linkedin.com\/company\/2985016","https:\/\/x.com\/https:\/\/twitter.com\/textilegence","https:\/\/www.youtube.com\/channel\/UCgtcny5ljhiXu-yvOiAlpRA"],"url":"https:\/\/www.textilegence.com\/en\/author\/yms\/"}]}},"_links":{"self":[{"href":"https:\/\/www.textilegence.com\/en\/wp-json\/wp\/v2\/posts\/57590","targetHints":{"allow":["GET"]}}],"collection":[{"href":"https:\/\/www.textilegence.com\/en\/wp-json\/wp\/v2\/posts"}],"about":[{"href":"https:\/\/www.textilegence.com\/en\/wp-json\/wp\/v2\/types\/post"}],"author":[{"embeddable":true,"href":"https:\/\/www.textilegence.com\/en\/wp-json\/wp\/v2\/users\/26"}],"replies":[{"embeddable":true,"href":"https:\/\/www.textilegence.com\/en\/wp-json\/wp\/v2\/comments?post=57590"}],"version-history":[{"count":0,"href":"https:\/\/www.textilegence.com\/en\/wp-json\/wp\/v2\/posts\/57590\/revisions"}],"wp:featuredmedia":[{"embeddable":true,"href":"https:\/\/www.textilegence.com\/en\/wp-json\/wp\/v2\/media\/57588"}],"wp:attachment":[{"href":"https:\/\/www.textilegence.com\/en\/wp-json\/wp\/v2\/media?parent=57590"}],"wp:term":[{"taxonomy":"category","embeddable":true,"href":"https:\/\/www.textilegence.com\/en\/wp-json\/wp\/v2\/categories?post=57590"},{"taxonomy":"post_tag","embeddable":true,"href":"https:\/\/www.textilegence.com\/en\/wp-json\/wp\/v2\/tags?post=57590"}],"curies":[{"name":"wp","href":"https:\/\/api.w.org\/{rel}","templated":true}]}}