{"id":57635,"date":"2024-02-15T14:21:10","date_gmt":"2024-02-15T11:21:10","guid":{"rendered":"http:\/\/www.textilegence.com\/?p=57635"},"modified":"2024-02-15T14:21:21","modified_gmt":"2024-02-15T11:21:21","slug":"environmentally-friendly-phrase-in-product-adverts-restricted","status":"publish","type":"post","link":"https:\/\/www.textilegence.com\/en\/environmentally-friendly-phrase-in-product-adverts-restricted\/","title":{"rendered":"&#8216;Environmentally friendly&#8217; phrase in product adverts restricted"},"content":{"rendered":"\n<p>Members of the <a href=\"https:\/\/www.europarl.europa.eu\/portal\/en\">European Parliament<\/a> adopted a new law banning greenwashing and misleading product information, which means we will no longer see statements like \u201cenvironmentally friendly\u201d, \u201cnatural\u201d or \u201cbiodegradable\u201d on labels if there is no certification or approval. The directive adopted on January 17, with 593 votes in favour, 21 against and 14 abstentions seeks to protect consumers from misleading marketing practices and help them make better purchasing choices. To achieve this, a number of problematic marketing habits related to greenwashing and the early obsolescence of goods will be added to the EU list of banned commercial practices.\u00a0<\/p>\n\n\n\n<p>According to the new rules, Generic environmental claims and other misleading product information will be outlawed; Only sustainability labels based on approved certification schemes or established by public authorities will be allowed; Guarantee information has to be more visible and a new guarantee extension label will be introduced.&nbsp;<\/p>\n\n\n\n<h2 class=\"wp-block-heading\" id=\"h-environmentally-friendly-according-to-whom\"><strong>Environmentally friendly according to whom?<\/strong><\/h2>\n\n\n\n<p>Most importantly, the new rules aim to make product labelling clearer and more trustworthy by banning the use of general environmental claims like \u201cenvironmentally friendly\u201d, \u201cnatural\u201d, \u201cbiodegradable\u201d, \u201cclimate neutral\u201d or \u201ceco\u201d without proof.&nbsp;<\/p>\n\n\n\n<p>The use of <a href=\"https:\/\/www.textilegence.com\/en\/category\/green-times\/\">sustainability<\/a> labels will also now be regulated, given the confusion caused by their proliferation and failure to use comparative data. In the future, only sustainability labels based on official certification schemes or established by public authorities will be allowed in the EU.\u00a0<\/p>\n\n\n\n<p>Additionally, the directive will ban claims that a product has a neutral, reduced or positive impact on the environment because of emissions offsetting schemes.&nbsp;<\/p>\n\n\n\n<figure class=\"wp-block-image size-full\"><img loading=\"lazy\" decoding=\"async\" width=\"1920\" height=\"1080\" src=\"https:\/\/www.textilegence.com\/wp-content\/uploads\/2024\/02\/greenwashing-eu-law.jpg\" alt=\"Members of the European Parliament adopted a new law banning greenwashing and misleading product information   Image Source: \u00a9 Firn \/ Adobe Stock\" class=\"wp-image-57633\" srcset=\"https:\/\/www.textilegence.com\/wp-content\/uploads\/2024\/02\/greenwashing-eu-law.jpg 1920w, https:\/\/www.textilegence.com\/wp-content\/uploads\/2024\/02\/greenwashing-eu-law-768x432.jpg 768w, https:\/\/www.textilegence.com\/wp-content\/uploads\/2024\/02\/greenwashing-eu-law-1536x864.jpg 1536w, https:\/\/www.textilegence.com\/wp-content\/uploads\/2024\/02\/greenwashing-eu-law-300x169.jpg 300w, https:\/\/www.textilegence.com\/wp-content\/uploads\/2024\/02\/greenwashing-eu-law-600x338.jpg 600w, https:\/\/www.textilegence.com\/wp-content\/uploads\/2024\/02\/greenwashing-eu-law-696x392.jpg 696w, https:\/\/www.textilegence.com\/wp-content\/uploads\/2024\/02\/greenwashing-eu-law-1068x601.jpg 1068w\" sizes=\"auto, (max-width: 1920px) 100vw, 1920px\" \/><figcaption class=\"wp-element-caption\">Members of the European Parliament adopted a new law banning greenwashing and misleading product information   Image Source: \u00a9 Firn \/ Adobe Stock<\/figcaption><\/figure>\n\n\n\n<h2 class=\"wp-block-heading\" id=\"h-durability-of-goods-in-focus\"><strong>Durability of goods in focus<\/strong><\/h2>\n\n\n\n<p>Another important objective of the new law is making producers and consumers focus more on the durability of goods. In the future, guarantee information has to be more visible and a new, harmonised label will be created to give more prominence to goods with an extended guarantee period.&nbsp;<\/p>\n\n\n\n<p>The new rules will also ban unfounded durability claims (for example saying that a washing machine will last for 5,000 washing cycles if this is not true under normal conditions), prompts to replace consumables earlier than strictly necessary (often the case with printer ink, for example), and presenting goods as repairable when they are not.&nbsp;<\/p>\n\n\n\n<h2 class=\"wp-block-heading\" id=\"h-this-is-a-big-win-for-all-of-us\"><strong>\u201cThis is a big win for all of us!\u201d<\/strong><\/h2>\n\n\n\n<p>\u201cThis law will change the everyday lives of all Europeans!\u201d said Parliament\u2019s rapporteur Biljana Borzan (S&amp;D, HR) and noted that they will step away from throwaway culture, make marketing more transparent and fight premature obsolescence of goods. Borzan disclosed: \u201cPeople will be able to choose products that are more durable, repairable and sustainable thanks to reliable labels and advertisements. Most importantly, companies can no longer trick people by saying that plastic bottles are good because the company planted trees somewhere \u2013 or say that something is sustainable without explaining how. This is a big win for all of us!\u201d<\/p>\n","protected":false},"excerpt":{"rendered":"<p>Members of the European Parliament adopted a new law banning greenwashing and misleading product information, which means we will no longer see statements like \u201cenvironmentally friendly\u201d, \u201cnatural\u201d or \u201cbiodegradable\u201d on labels if there is no certification or approval. The directive adopted on January 17, with 593 votes in favour, 21 against and 14 abstentions seeks [&hellip;]<\/p>\n","protected":false},"author":26,"featured_media":57631,"comment_status":"closed","ping_status":"closed","sticky":false,"template":"","format":"standard","meta":{"footnotes":""},"categories":[14912],"tags":[14931,11249],"class_list":{"0":"post-57635","1":"post","2":"type-post","3":"status-publish","4":"format-standard","5":"has-post-thumbnail","7":"category-green-times","8":"tag-green-times","9":"tag-sustainable-en-2"},"yoast_head":"<!-- This site is optimized with the Yoast SEO Premium plugin v27.3 (Yoast SEO v27.3) - https:\/\/yoast.com\/product\/yoast-seo-premium-wordpress\/ -->\n<title>&#039;Environmentally friendly&#039; phrase in product adverts restricted - Textilegence<\/title>\n<meta name=\"description\" content=\"European Parliament adopted a new law banning greenwashing, which means we will no longer see statements like \u201cenvironmentally friendly\u201d...\" \/>\n<meta name=\"robots\" content=\"index, follow, max-snippet:-1, max-image-preview:large, max-video-preview:-1\" \/>\n<link rel=\"canonical\" href=\"https:\/\/www.textilegence.com\/en\/environmentally-friendly-phrase-in-product-adverts-restricted\/\" \/>\n<meta property=\"og:locale\" content=\"en_US\" \/>\n<meta property=\"og:type\" content=\"article\" \/>\n<meta property=\"og:title\" content=\"&#039;Environmentally friendly&#039; phrase in product adverts restricted\" \/>\n<meta property=\"og:description\" content=\"Members of the European Parliament adopted a new law banning greenwashing and misleading product information, which means we will no longer see statements\" \/>\n<meta property=\"og:url\" content=\"https:\/\/www.textilegence.com\/en\/environmentally-friendly-phrase-in-product-adverts-restricted\/\" \/>\n<meta property=\"og:site_name\" content=\"Textilegence Magazine and Digital Platform\" \/>\n<meta property=\"article:publisher\" content=\"https:\/\/www.facebook.com\/TextilegenceMagazine\" \/>\n<meta property=\"article:author\" content=\"https:\/\/www.facebook.com\/TextilegenceMagazine\" \/>\n<meta property=\"article:published_time\" content=\"2024-02-15T11:21:10+00:00\" \/>\n<meta property=\"article:modified_time\" content=\"2024-02-15T11:21:21+00:00\" \/>\n<meta property=\"og:image\" content=\"https:\/\/www.textilegence.com\/wp-content\/uploads\/2024\/02\/greenwashing-eu-law-textilegence.jpg\" \/>\n\t<meta property=\"og:image:width\" content=\"1920\" \/>\n\t<meta property=\"og:image:height\" content=\"1080\" \/>\n\t<meta property=\"og:image:type\" content=\"image\/jpeg\" \/>\n<meta name=\"author\" content=\"Ya\u011fmur Melis \u015eim\u015fek\" \/>\n<meta name=\"twitter:card\" content=\"summary_large_image\" \/>\n<meta name=\"twitter:creator\" content=\"@https:\/\/twitter.com\/textilegence\" \/>\n<meta name=\"twitter:site\" content=\"@textilegence\" \/>\n<meta name=\"twitter:label1\" content=\"Written by\" \/>\n\t<meta name=\"twitter:data1\" content=\"Ya\u011fmur Melis \u015eim\u015fek\" \/>\n\t<meta name=\"twitter:label2\" content=\"Est. reading time\" \/>\n\t<meta name=\"twitter:data2\" content=\"4 minutes\" \/>\n<script type=\"application\/ld+json\" class=\"yoast-schema-graph\">{\"@context\":\"https:\\\/\\\/schema.org\",\"@graph\":[{\"@type\":\"NewsArticle\",\"@id\":\"https:\\\/\\\/www.textilegence.com\\\/en\\\/environmentally-friendly-phrase-in-product-adverts-restricted\\\/#article\",\"isPartOf\":{\"@id\":\"https:\\\/\\\/www.textilegence.com\\\/en\\\/environmentally-friendly-phrase-in-product-adverts-restricted\\\/\"},\"author\":{\"name\":\"Ya\u011fmur Melis \u015eim\u015fek\",\"@id\":\"https:\\\/\\\/www.textilegence.com\\\/en\\\/#\\\/schema\\\/person\\\/cfa6baf17f0478131c673c93a9b88ef3\"},\"headline\":\"&#8216;Environmentally friendly&#8217; phrase in product adverts restricted\",\"datePublished\":\"2024-02-15T11:21:10+00:00\",\"dateModified\":\"2024-02-15T11:21:21+00:00\",\"mainEntityOfPage\":{\"@id\":\"https:\\\/\\\/www.textilegence.com\\\/en\\\/environmentally-friendly-phrase-in-product-adverts-restricted\\\/\"},\"wordCount\":498,\"publisher\":{\"@id\":\"https:\\\/\\\/www.textilegence.com\\\/en\\\/#organization\"},\"image\":{\"@id\":\"https:\\\/\\\/www.textilegence.com\\\/en\\\/environmentally-friendly-phrase-in-product-adverts-restricted\\\/#primaryimage\"},\"thumbnailUrl\":\"https:\\\/\\\/www.textilegence.com\\\/wp-content\\\/uploads\\\/2024\\\/02\\\/greenwashing-eu-law-textilegence.jpg\",\"keywords\":[\"green times\",\"sustainable\"],\"articleSection\":[\"Green Times\"],\"inLanguage\":\"en-US\"},{\"@type\":\"WebPage\",\"@id\":\"https:\\\/\\\/www.textilegence.com\\\/en\\\/environmentally-friendly-phrase-in-product-adverts-restricted\\\/\",\"url\":\"https:\\\/\\\/www.textilegence.com\\\/en\\\/environmentally-friendly-phrase-in-product-adverts-restricted\\\/\",\"name\":\"'Environmentally friendly' phrase in product adverts restricted - Textilegence\",\"isPartOf\":{\"@id\":\"https:\\\/\\\/www.textilegence.com\\\/en\\\/#website\"},\"primaryImageOfPage\":{\"@id\":\"https:\\\/\\\/www.textilegence.com\\\/en\\\/environmentally-friendly-phrase-in-product-adverts-restricted\\\/#primaryimage\"},\"image\":{\"@id\":\"https:\\\/\\\/www.textilegence.com\\\/en\\\/environmentally-friendly-phrase-in-product-adverts-restricted\\\/#primaryimage\"},\"thumbnailUrl\":\"https:\\\/\\\/www.textilegence.com\\\/wp-content\\\/uploads\\\/2024\\\/02\\\/greenwashing-eu-law-textilegence.jpg\",\"datePublished\":\"2024-02-15T11:21:10+00:00\",\"dateModified\":\"2024-02-15T11:21:21+00:00\",\"description\":\"European Parliament adopted a new law banning greenwashing, which means we will no longer see statements like \u201cenvironmentally friendly\u201d...\",\"breadcrumb\":{\"@id\":\"https:\\\/\\\/www.textilegence.com\\\/en\\\/environmentally-friendly-phrase-in-product-adverts-restricted\\\/#breadcrumb\"},\"inLanguage\":\"en-US\",\"potentialAction\":[{\"@type\":\"ReadAction\",\"target\":[\"https:\\\/\\\/www.textilegence.com\\\/en\\\/environmentally-friendly-phrase-in-product-adverts-restricted\\\/\"]}]},{\"@type\":\"ImageObject\",\"inLanguage\":\"en-US\",\"@id\":\"https:\\\/\\\/www.textilegence.com\\\/en\\\/environmentally-friendly-phrase-in-product-adverts-restricted\\\/#primaryimage\",\"url\":\"https:\\\/\\\/www.textilegence.com\\\/wp-content\\\/uploads\\\/2024\\\/02\\\/greenwashing-eu-law-textilegence.jpg\",\"contentUrl\":\"https:\\\/\\\/www.textilegence.com\\\/wp-content\\\/uploads\\\/2024\\\/02\\\/greenwashing-eu-law-textilegence.jpg\",\"width\":1920,\"height\":1080,\"caption\":\"'Environmentally friendly' phrase in product adverts restricted Image Source: Freepik\"},{\"@type\":\"BreadcrumbList\",\"@id\":\"https:\\\/\\\/www.textilegence.com\\\/en\\\/environmentally-friendly-phrase-in-product-adverts-restricted\\\/#breadcrumb\",\"itemListElement\":[{\"@type\":\"ListItem\",\"position\":1,\"name\":\"Home Page\",\"item\":\"https:\\\/\\\/www.textilegence.com\\\/en\\\/homepage-the-rimont\\\/\"},{\"@type\":\"ListItem\",\"position\":2,\"name\":\"Green Times\",\"item\":\"https:\\\/\\\/www.textilegence.com\\\/en\\\/category\\\/green-times\\\/\"},{\"@type\":\"ListItem\",\"position\":3,\"name\":\"&#8216;Environmentally friendly&#8217; phrase in product adverts restricted\"}]},{\"@type\":\"WebSite\",\"@id\":\"https:\\\/\\\/www.textilegence.com\\\/en\\\/#website\",\"url\":\"https:\\\/\\\/www.textilegence.com\\\/en\\\/\",\"name\":\"Textilegence Magazine and Digital Platform\",\"description\":\"Textile News Center\",\"publisher\":{\"@id\":\"https:\\\/\\\/www.textilegence.com\\\/en\\\/#organization\"},\"potentialAction\":[{\"@type\":\"SearchAction\",\"target\":{\"@type\":\"EntryPoint\",\"urlTemplate\":\"https:\\\/\\\/www.textilegence.com\\\/en\\\/?s={search_term_string}\"},\"query-input\":{\"@type\":\"PropertyValueSpecification\",\"valueRequired\":true,\"valueName\":\"search_term_string\"}}],\"inLanguage\":\"en-US\"},{\"@type\":\"Organization\",\"@id\":\"https:\\\/\\\/www.textilegence.com\\\/en\\\/#organization\",\"name\":\"Textilegence Magazine and Digital Platform\",\"url\":\"https:\\\/\\\/www.textilegence.com\\\/en\\\/\",\"logo\":{\"@type\":\"ImageObject\",\"inLanguage\":\"en-US\",\"@id\":\"https:\\\/\\\/www.textilegence.com\\\/en\\\/#\\\/schema\\\/logo\\\/image\\\/\",\"url\":\"https:\\\/\\\/www.textilegence.com\\\/wp-content\\\/uploads\\\/2016\\\/11\\\/New_Retina_Logo_Textilegence.png\",\"contentUrl\":\"https:\\\/\\\/www.textilegence.com\\\/wp-content\\\/uploads\\\/2016\\\/11\\\/New_Retina_Logo_Textilegence.png\",\"width\":544,\"height\":180,\"caption\":\"Textilegence Magazine and Digital Platform\"},\"image\":{\"@id\":\"https:\\\/\\\/www.textilegence.com\\\/en\\\/#\\\/schema\\\/logo\\\/image\\\/\"},\"sameAs\":[\"https:\\\/\\\/www.facebook.com\\\/TextilegenceMagazine\",\"https:\\\/\\\/x.com\\\/textilegence\",\"https:\\\/\\\/www.instagram.com\\\/textilegence\\\/\",\"https:\\\/\\\/www.linkedin.com\\\/groups\\\/Textilegence-Magazine-Digital-Platform-4897253\",\"https:\\\/\\\/www.youtube.com\\\/user\\\/textilegence\"],\"description\":\"Textilegence is a magazine and digital platform established in 2013. It focuses on the textile industry and sub-segments. The platform provides news, articles, and updates on various aspects of the textile industry, including sustainability, technological advancements, and market trends.\",\"email\":\"editor@textilegence.com\",\"telephone\":\"+90 212 442 24 12\",\"legalName\":\"Textilegence Mag and Digital Platform\",\"foundingDate\":\"2013-01-01\",\"numberOfEmployees\":{\"@type\":\"QuantitativeValue\",\"minValue\":\"1\",\"maxValue\":\"10\"}},{\"@type\":\"Person\",\"@id\":\"https:\\\/\\\/www.textilegence.com\\\/en\\\/#\\\/schema\\\/person\\\/cfa6baf17f0478131c673c93a9b88ef3\",\"name\":\"Ya\u011fmur Melis \u015eim\u015fek\",\"image\":{\"@type\":\"ImageObject\",\"inLanguage\":\"en-US\",\"@id\":\"https:\\\/\\\/www.textilegence.com\\\/wp-content\\\/uploads\\\/2022\\\/03\\\/Yagmur_photo1.jpg\",\"url\":\"https:\\\/\\\/www.textilegence.com\\\/wp-content\\\/uploads\\\/2022\\\/03\\\/Yagmur_photo1.jpg\",\"contentUrl\":\"https:\\\/\\\/www.textilegence.com\\\/wp-content\\\/uploads\\\/2022\\\/03\\\/Yagmur_photo1.jpg\",\"caption\":\"Ya\u011fmur Melis \u015eim\u015fek\"},\"description\":\"Ya\u011fmur Melis \u015eim\u015fek, Saint-Beno\u00eet Frans\u0131z Lisesi\u2019nde e\u011fitim g\u00f6rm\u00fc\u015f, ard\u0131ndan Anadolu \u00dcniversitesi\u2019nde iki y\u0131ll\u0131k Foto\u011fraf\u00e7\u0131l\u0131k B\u00f6l\u00fcm\u00fc\u2019n\u00fc tamamlam\u0131\u015ft\u0131r. Daha sonra lisans e\u011fitimini \u0130stanbul \u00dcniversitesi Gazetecilik B\u00f6l\u00fcm\u00fc\u2019nde s\u00fcrd\u00fcrm\u00fc\u015f, mezuniyetin ard\u0131ndan ise 2017 y\u0131l\u0131nda i\u015f hayat\u0131na at\u0131lm\u0131\u015ft\u0131r. Pek \u00e7ok farkl\u0131 projede, foto\u011fraf\u00e7\u0131l\u0131k ve grafik tasar\u0131mc\u0131l\u0131\u011f\u0131n yan\u0131 s\u0131ra teknoloji alan\u0131nda i\u00e7erik ve haber yazarl\u0131\u011f\u0131 gibi \u00e7e\u015fitli pozisyonlarda yer alan \u015eim\u015fek, 2021 y\u0131l\u0131ndan bu yana Textilegence\u2019da d\u0131\u015f haberlerde yard\u0131mc\u0131 edit\u00f6r olarak g\u00f6rev yapmaktad\u0131r.\",\"sameAs\":[\"https:\\\/\\\/www.textilegence.com\\\/\",\"https:\\\/\\\/www.facebook.com\\\/TextilegenceMagazine\",\"https:\\\/\\\/www.instagram.com\\\/textilegence\\\/\",\"https:\\\/\\\/www.linkedin.com\\\/company\\\/2985016\",\"https:\\\/\\\/x.com\\\/https:\\\/\\\/twitter.com\\\/textilegence\",\"https:\\\/\\\/www.youtube.com\\\/channel\\\/UCgtcny5ljhiXu-yvOiAlpRA\"],\"url\":\"https:\\\/\\\/www.textilegence.com\\\/en\\\/author\\\/yms\\\/\"}]}<\/script>\n<!-- \/ Yoast SEO Premium plugin. -->","yoast_head_json":{"title":"'Environmentally friendly' phrase in product adverts restricted - Textilegence","description":"European Parliament adopted a new law banning greenwashing, which means we will no longer see statements like \u201cenvironmentally friendly\u201d...","robots":{"index":"index","follow":"follow","max-snippet":"max-snippet:-1","max-image-preview":"max-image-preview:large","max-video-preview":"max-video-preview:-1"},"canonical":"https:\/\/www.textilegence.com\/en\/environmentally-friendly-phrase-in-product-adverts-restricted\/","og_locale":"en_US","og_type":"article","og_title":"'Environmentally friendly' phrase in product adverts restricted","og_description":"Members of the European Parliament adopted a new law banning greenwashing and misleading product information, which means we will no longer see statements","og_url":"https:\/\/www.textilegence.com\/en\/environmentally-friendly-phrase-in-product-adverts-restricted\/","og_site_name":"Textilegence Magazine and Digital Platform","article_publisher":"https:\/\/www.facebook.com\/TextilegenceMagazine","article_author":"https:\/\/www.facebook.com\/TextilegenceMagazine","article_published_time":"2024-02-15T11:21:10+00:00","article_modified_time":"2024-02-15T11:21:21+00:00","og_image":[{"width":1920,"height":1080,"url":"https:\/\/www.textilegence.com\/wp-content\/uploads\/2024\/02\/greenwashing-eu-law-textilegence.jpg","type":"image\/jpeg"}],"author":"Ya\u011fmur Melis \u015eim\u015fek","twitter_card":"summary_large_image","twitter_creator":"@https:\/\/twitter.com\/textilegence","twitter_site":"@textilegence","twitter_misc":{"Written by":"Ya\u011fmur Melis \u015eim\u015fek","Est. reading time":"4 minutes"},"schema":{"@context":"https:\/\/schema.org","@graph":[{"@type":"NewsArticle","@id":"https:\/\/www.textilegence.com\/en\/environmentally-friendly-phrase-in-product-adverts-restricted\/#article","isPartOf":{"@id":"https:\/\/www.textilegence.com\/en\/environmentally-friendly-phrase-in-product-adverts-restricted\/"},"author":{"name":"Ya\u011fmur Melis \u015eim\u015fek","@id":"https:\/\/www.textilegence.com\/en\/#\/schema\/person\/cfa6baf17f0478131c673c93a9b88ef3"},"headline":"&#8216;Environmentally friendly&#8217; phrase in product adverts restricted","datePublished":"2024-02-15T11:21:10+00:00","dateModified":"2024-02-15T11:21:21+00:00","mainEntityOfPage":{"@id":"https:\/\/www.textilegence.com\/en\/environmentally-friendly-phrase-in-product-adverts-restricted\/"},"wordCount":498,"publisher":{"@id":"https:\/\/www.textilegence.com\/en\/#organization"},"image":{"@id":"https:\/\/www.textilegence.com\/en\/environmentally-friendly-phrase-in-product-adverts-restricted\/#primaryimage"},"thumbnailUrl":"https:\/\/www.textilegence.com\/wp-content\/uploads\/2024\/02\/greenwashing-eu-law-textilegence.jpg","keywords":["green times","sustainable"],"articleSection":["Green Times"],"inLanguage":"en-US"},{"@type":"WebPage","@id":"https:\/\/www.textilegence.com\/en\/environmentally-friendly-phrase-in-product-adverts-restricted\/","url":"https:\/\/www.textilegence.com\/en\/environmentally-friendly-phrase-in-product-adverts-restricted\/","name":"'Environmentally friendly' phrase in product adverts restricted - Textilegence","isPartOf":{"@id":"https:\/\/www.textilegence.com\/en\/#website"},"primaryImageOfPage":{"@id":"https:\/\/www.textilegence.com\/en\/environmentally-friendly-phrase-in-product-adverts-restricted\/#primaryimage"},"image":{"@id":"https:\/\/www.textilegence.com\/en\/environmentally-friendly-phrase-in-product-adverts-restricted\/#primaryimage"},"thumbnailUrl":"https:\/\/www.textilegence.com\/wp-content\/uploads\/2024\/02\/greenwashing-eu-law-textilegence.jpg","datePublished":"2024-02-15T11:21:10+00:00","dateModified":"2024-02-15T11:21:21+00:00","description":"European Parliament adopted a new law banning greenwashing, which means we will no longer see statements like \u201cenvironmentally friendly\u201d...","breadcrumb":{"@id":"https:\/\/www.textilegence.com\/en\/environmentally-friendly-phrase-in-product-adverts-restricted\/#breadcrumb"},"inLanguage":"en-US","potentialAction":[{"@type":"ReadAction","target":["https:\/\/www.textilegence.com\/en\/environmentally-friendly-phrase-in-product-adverts-restricted\/"]}]},{"@type":"ImageObject","inLanguage":"en-US","@id":"https:\/\/www.textilegence.com\/en\/environmentally-friendly-phrase-in-product-adverts-restricted\/#primaryimage","url":"https:\/\/www.textilegence.com\/wp-content\/uploads\/2024\/02\/greenwashing-eu-law-textilegence.jpg","contentUrl":"https:\/\/www.textilegence.com\/wp-content\/uploads\/2024\/02\/greenwashing-eu-law-textilegence.jpg","width":1920,"height":1080,"caption":"'Environmentally friendly' phrase in product adverts restricted Image Source: Freepik"},{"@type":"BreadcrumbList","@id":"https:\/\/www.textilegence.com\/en\/environmentally-friendly-phrase-in-product-adverts-restricted\/#breadcrumb","itemListElement":[{"@type":"ListItem","position":1,"name":"Home Page","item":"https:\/\/www.textilegence.com\/en\/homepage-the-rimont\/"},{"@type":"ListItem","position":2,"name":"Green Times","item":"https:\/\/www.textilegence.com\/en\/category\/green-times\/"},{"@type":"ListItem","position":3,"name":"&#8216;Environmentally friendly&#8217; phrase in product adverts restricted"}]},{"@type":"WebSite","@id":"https:\/\/www.textilegence.com\/en\/#website","url":"https:\/\/www.textilegence.com\/en\/","name":"Textilegence Magazine and Digital Platform","description":"Textile News Center","publisher":{"@id":"https:\/\/www.textilegence.com\/en\/#organization"},"potentialAction":[{"@type":"SearchAction","target":{"@type":"EntryPoint","urlTemplate":"https:\/\/www.textilegence.com\/en\/?s={search_term_string}"},"query-input":{"@type":"PropertyValueSpecification","valueRequired":true,"valueName":"search_term_string"}}],"inLanguage":"en-US"},{"@type":"Organization","@id":"https:\/\/www.textilegence.com\/en\/#organization","name":"Textilegence Magazine and Digital Platform","url":"https:\/\/www.textilegence.com\/en\/","logo":{"@type":"ImageObject","inLanguage":"en-US","@id":"https:\/\/www.textilegence.com\/en\/#\/schema\/logo\/image\/","url":"https:\/\/www.textilegence.com\/wp-content\/uploads\/2016\/11\/New_Retina_Logo_Textilegence.png","contentUrl":"https:\/\/www.textilegence.com\/wp-content\/uploads\/2016\/11\/New_Retina_Logo_Textilegence.png","width":544,"height":180,"caption":"Textilegence Magazine and Digital Platform"},"image":{"@id":"https:\/\/www.textilegence.com\/en\/#\/schema\/logo\/image\/"},"sameAs":["https:\/\/www.facebook.com\/TextilegenceMagazine","https:\/\/x.com\/textilegence","https:\/\/www.instagram.com\/textilegence\/","https:\/\/www.linkedin.com\/groups\/Textilegence-Magazine-Digital-Platform-4897253","https:\/\/www.youtube.com\/user\/textilegence"],"description":"Textilegence is a magazine and digital platform established in 2013. It focuses on the textile industry and sub-segments. The platform provides news, articles, and updates on various aspects of the textile industry, including sustainability, technological advancements, and market trends.","email":"editor@textilegence.com","telephone":"+90 212 442 24 12","legalName":"Textilegence Mag and Digital Platform","foundingDate":"2013-01-01","numberOfEmployees":{"@type":"QuantitativeValue","minValue":"1","maxValue":"10"}},{"@type":"Person","@id":"https:\/\/www.textilegence.com\/en\/#\/schema\/person\/cfa6baf17f0478131c673c93a9b88ef3","name":"Ya\u011fmur Melis \u015eim\u015fek","image":{"@type":"ImageObject","inLanguage":"en-US","@id":"https:\/\/www.textilegence.com\/wp-content\/uploads\/2022\/03\/Yagmur_photo1.jpg","url":"https:\/\/www.textilegence.com\/wp-content\/uploads\/2022\/03\/Yagmur_photo1.jpg","contentUrl":"https:\/\/www.textilegence.com\/wp-content\/uploads\/2022\/03\/Yagmur_photo1.jpg","caption":"Ya\u011fmur Melis \u015eim\u015fek"},"description":"Ya\u011fmur Melis \u015eim\u015fek, Saint-Beno\u00eet Frans\u0131z Lisesi\u2019nde e\u011fitim g\u00f6rm\u00fc\u015f, ard\u0131ndan Anadolu \u00dcniversitesi\u2019nde iki y\u0131ll\u0131k Foto\u011fraf\u00e7\u0131l\u0131k B\u00f6l\u00fcm\u00fc\u2019n\u00fc tamamlam\u0131\u015ft\u0131r. Daha sonra lisans e\u011fitimini \u0130stanbul \u00dcniversitesi Gazetecilik B\u00f6l\u00fcm\u00fc\u2019nde s\u00fcrd\u00fcrm\u00fc\u015f, mezuniyetin ard\u0131ndan ise 2017 y\u0131l\u0131nda i\u015f hayat\u0131na at\u0131lm\u0131\u015ft\u0131r. Pek \u00e7ok farkl\u0131 projede, foto\u011fraf\u00e7\u0131l\u0131k ve grafik tasar\u0131mc\u0131l\u0131\u011f\u0131n yan\u0131 s\u0131ra teknoloji alan\u0131nda i\u00e7erik ve haber yazarl\u0131\u011f\u0131 gibi \u00e7e\u015fitli pozisyonlarda yer alan \u015eim\u015fek, 2021 y\u0131l\u0131ndan bu yana Textilegence\u2019da d\u0131\u015f haberlerde yard\u0131mc\u0131 edit\u00f6r olarak g\u00f6rev yapmaktad\u0131r.","sameAs":["https:\/\/www.textilegence.com\/","https:\/\/www.facebook.com\/TextilegenceMagazine","https:\/\/www.instagram.com\/textilegence\/","https:\/\/www.linkedin.com\/company\/2985016","https:\/\/x.com\/https:\/\/twitter.com\/textilegence","https:\/\/www.youtube.com\/channel\/UCgtcny5ljhiXu-yvOiAlpRA"],"url":"https:\/\/www.textilegence.com\/en\/author\/yms\/"}]}},"_links":{"self":[{"href":"https:\/\/www.textilegence.com\/en\/wp-json\/wp\/v2\/posts\/57635","targetHints":{"allow":["GET"]}}],"collection":[{"href":"https:\/\/www.textilegence.com\/en\/wp-json\/wp\/v2\/posts"}],"about":[{"href":"https:\/\/www.textilegence.com\/en\/wp-json\/wp\/v2\/types\/post"}],"author":[{"embeddable":true,"href":"https:\/\/www.textilegence.com\/en\/wp-json\/wp\/v2\/users\/26"}],"replies":[{"embeddable":true,"href":"https:\/\/www.textilegence.com\/en\/wp-json\/wp\/v2\/comments?post=57635"}],"version-history":[{"count":0,"href":"https:\/\/www.textilegence.com\/en\/wp-json\/wp\/v2\/posts\/57635\/revisions"}],"wp:featuredmedia":[{"embeddable":true,"href":"https:\/\/www.textilegence.com\/en\/wp-json\/wp\/v2\/media\/57631"}],"wp:attachment":[{"href":"https:\/\/www.textilegence.com\/en\/wp-json\/wp\/v2\/media?parent=57635"}],"wp:term":[{"taxonomy":"category","embeddable":true,"href":"https:\/\/www.textilegence.com\/en\/wp-json\/wp\/v2\/categories?post=57635"},{"taxonomy":"post_tag","embeddable":true,"href":"https:\/\/www.textilegence.com\/en\/wp-json\/wp\/v2\/tags?post=57635"}],"curies":[{"name":"wp","href":"https:\/\/api.w.org\/{rel}","templated":true}]}}