{"id":57819,"date":"2024-02-27T15:02:42","date_gmt":"2024-02-27T12:02:42","guid":{"rendered":"http:\/\/www.textilegence.com\/?p=57819"},"modified":"2024-02-27T15:02:50","modified_gmt":"2024-02-27T12:02:50","slug":"industry-requested-fespa-eurasia-is-rescheduled-to-september","status":"publish","type":"post","link":"https:\/\/www.textilegence.com\/en\/industry-requested-fespa-eurasia-is-rescheduled-to-september\/","title":{"rendered":"Industry requested, FESPA Eurasia is rescheduled to September"},"content":{"rendered":"\n<p>FESPA Eurasia, the leading large format printing and signage <a href=\"https:\/\/fespaeurasia.com.tr\/en\/\">exhibition<\/a> of the Eurasia Region eagerly awaited all year round, will open its doors in September for the first time this year upon the demand from the printing industry. Preparing to host industry professionals for the 11th time with the slogan \u2018Accelerate Transformation\u2019 on September 11-14 at Istanbul Expo Center (IFM), the exhibition will bring together the latest technologies from signage, <a href=\"https:\/\/www.textilegence.com\/en\/category\/trade-fairs\/\">textile<\/a>, screen printing and promotional printing products to LEDs, 3D products, wide format printing and vehicle coating. It is stated that starting from this year, FESPA Eurasia exhibitions will be organised in September and this year&#8217;s exhibition will host the sector from Wednesday to Saturday.<\/p>\n\n\n\n<p>Hosting more than 500 brands in the 2023 edition held on November 23-26, the exhibition succeeded in attracting international industry professionals from 78 countries and completed the year by reaching a historical record with over 11 thousand unique visitors. The exhibition, where domestic producers had the opportunity to open up to new markets and hosted numerous collaborations, will provide the sector with a trade volume of 1.1 billion euros.<\/p>\n\n\n<div class=\"wp-block-image\">\n<figure class=\"aligncenter size-full\"><img loading=\"lazy\" decoding=\"async\" width=\"1920\" height=\"1080\" src=\"https:\/\/www.textilegence.com\/wp-content\/uploads\/2024\/02\/FESPA-Textilegence-Printing.jpg\" alt=\"Sekt\u00f6r istedi, FESPA Eurasia eyl\u00fcle \u00e7ekildi  G\u00f6rsel Kaynak: FESPA Eurasia\" class=\"wp-image-57814\" srcset=\"https:\/\/www.textilegence.com\/wp-content\/uploads\/2024\/02\/FESPA-Textilegence-Printing.jpg 1920w, https:\/\/www.textilegence.com\/wp-content\/uploads\/2024\/02\/FESPA-Textilegence-Printing-768x432.jpg 768w, https:\/\/www.textilegence.com\/wp-content\/uploads\/2024\/02\/FESPA-Textilegence-Printing-1536x864.jpg 1536w, https:\/\/www.textilegence.com\/wp-content\/uploads\/2024\/02\/FESPA-Textilegence-Printing-300x169.jpg 300w, https:\/\/www.textilegence.com\/wp-content\/uploads\/2024\/02\/FESPA-Textilegence-Printing-600x338.jpg 600w, https:\/\/www.textilegence.com\/wp-content\/uploads\/2024\/02\/FESPA-Textilegence-Printing-696x392.jpg 696w, https:\/\/www.textilegence.com\/wp-content\/uploads\/2024\/02\/FESPA-Textilegence-Printing-1068x601.jpg 1068w\" sizes=\"auto, (max-width: 1920px) 100vw, 1920px\" \/><figcaption class=\"wp-element-caption\">The sector will discover new markets at FESPA Eurasia in the most active period of the year Image Source: FESPA Eurasia<\/figcaption><\/figure>\n<\/div>\n\n\n<h2 class=\"wp-block-heading\" id=\"h-the-sector-will-discover-new-markets-at-fespa-eurasia-in-the-most-active-period-of-the-year\">The sector will discover new markets at FESPA Eurasia in the most active period of the year<\/h2>\n\n\n\n<p>ARED President \u015eahin Acar stated that the exhibition, organised in cooperation with the Sign Association of T\u00fcrkiye (ARED) and the global printing federation FESPA, will support the sector by saying: \u201cWe are proud to complete last year with a record number of visitors. This year, we will lead the sector by hosting visitors from different countries in the region in Istanbul. With the demand of the industrial printing and signage industry, FESPA Eurasia will now be organised in September instead of November or December. In the last quarter of the year, the most active period of the year, exhibitors will have the opportunity to discover new markets and make export connections.\u201d<\/p>\n\n\n\n<p>FESPA Eurasia contributes to the development of the signage and printing industry every year, carrying the sector, which has a total size of 9 billion dollars, forward. The exhibition is recognised as an event that determines the investment plans of international visitors not only from T\u00fcrkiye but also from the Eurasia Region. All kinds of products and services, from wide format printing to screen printing, textile printing to vehicle coating, are presented to visitors at FESPA Eurasia.<\/p>\n","protected":false},"excerpt":{"rendered":"<p>FESPA Eurasia, the leading large format printing and signage exhibition of the Eurasia Region eagerly awaited all year round, will open its doors in September for the first time this year upon the demand from the printing industry. Preparing to host industry professionals for the 11th time with the slogan \u2018Accelerate Transformation\u2019 on September 11-14 [&hellip;]<\/p>\n","protected":false},"author":8,"featured_media":57818,"comment_status":"closed","ping_status":"closed","sticky":false,"template":"","format":"standard","meta":{"footnotes":""},"categories":[9845],"tags":[16336,10369,12448],"class_list":{"0":"post-57819","1":"post","2":"type-post","3":"status-publish","4":"format-standard","5":"has-post-thumbnail","7":"category-trade-fairs","8":"tag-fespa-eurasia-2024","9":"tag-textile-news-en","10":"tag-trade-fairs"},"yoast_head":"<!-- This site is optimized with the Yoast SEO Premium plugin v27.3 (Yoast SEO v27.3) - https:\/\/yoast.com\/product\/yoast-seo-premium-wordpress\/ -->\n<title>Industry requested, FESPA Eurasia is rescheduled to September - Textilegence<\/title>\n<meta name=\"description\" content=\"FESPA Eurasia, the leading large format printing and signage exhibition of the Eurasia Region eagerly awaited all year round...\" \/>\n<meta name=\"robots\" content=\"index, follow, max-snippet:-1, max-image-preview:large, max-video-preview:-1\" \/>\n<link rel=\"canonical\" href=\"https:\/\/www.textilegence.com\/en\/industry-requested-fespa-eurasia-is-rescheduled-to-september\/\" \/>\n<meta property=\"og:locale\" content=\"en_US\" \/>\n<meta property=\"og:type\" content=\"article\" \/>\n<meta property=\"og:title\" content=\"Industry requested, FESPA Eurasia is rescheduled to September\" \/>\n<meta property=\"og:description\" content=\"FESPA Eurasia, the leading large format printing and signage exhibition of the Eurasia Region eagerly awaited all year round, will open its doors in\" \/>\n<meta property=\"og:url\" content=\"https:\/\/www.textilegence.com\/en\/industry-requested-fespa-eurasia-is-rescheduled-to-september\/\" \/>\n<meta property=\"og:site_name\" content=\"Textilegence Magazine and Digital Platform\" \/>\n<meta property=\"article:publisher\" content=\"https:\/\/www.facebook.com\/TextilegenceMagazine\" \/>\n<meta property=\"article:author\" content=\"https:\/\/www.facebook.com\/TextilegenceMagazine\" \/>\n<meta property=\"article:published_time\" content=\"2024-02-27T12:02:42+00:00\" \/>\n<meta property=\"article:modified_time\" content=\"2024-02-27T12:02:50+00:00\" \/>\n<meta property=\"og:image\" content=\"https:\/\/www.textilegence.com\/wp-content\/uploads\/2024\/02\/FESPA-Textilegence-2024.jpg\" \/>\n\t<meta property=\"og:image:width\" content=\"1920\" \/>\n\t<meta property=\"og:image:height\" content=\"1080\" \/>\n\t<meta property=\"og:image:type\" content=\"image\/jpeg\" \/>\n<meta name=\"author\" content=\"Fatih Cengiarslan\" \/>\n<meta name=\"twitter:card\" content=\"summary_large_image\" \/>\n<meta name=\"twitter:creator\" content=\"@https:\/\/twitter.com\/textilegence\" \/>\n<meta name=\"twitter:site\" content=\"@textilegence\" \/>\n<meta name=\"twitter:label1\" content=\"Written by\" \/>\n\t<meta name=\"twitter:data1\" content=\"Fatih Cengiarslan\" \/>\n\t<meta name=\"twitter:label2\" content=\"Est. reading time\" \/>\n\t<meta name=\"twitter:data2\" content=\"3 minutes\" \/>\n<script type=\"application\/ld+json\" class=\"yoast-schema-graph\">{\"@context\":\"https:\\\/\\\/schema.org\",\"@graph\":[{\"@type\":\"NewsArticle\",\"@id\":\"https:\\\/\\\/www.textilegence.com\\\/en\\\/industry-requested-fespa-eurasia-is-rescheduled-to-september\\\/#article\",\"isPartOf\":{\"@id\":\"https:\\\/\\\/www.textilegence.com\\\/en\\\/industry-requested-fespa-eurasia-is-rescheduled-to-september\\\/\"},\"author\":{\"name\":\"Fatih Cengiarslan\",\"@id\":\"https:\\\/\\\/www.textilegence.com\\\/en\\\/#\\\/schema\\\/person\\\/1c3977109f8a6e1e2b95678836d75cb7\"},\"headline\":\"Industry requested, FESPA Eurasia is rescheduled to September\",\"datePublished\":\"2024-02-27T12:02:42+00:00\",\"dateModified\":\"2024-02-27T12:02:50+00:00\",\"mainEntityOfPage\":{\"@id\":\"https:\\\/\\\/www.textilegence.com\\\/en\\\/industry-requested-fespa-eurasia-is-rescheduled-to-september\\\/\"},\"wordCount\":415,\"publisher\":{\"@id\":\"https:\\\/\\\/www.textilegence.com\\\/en\\\/#organization\"},\"image\":{\"@id\":\"https:\\\/\\\/www.textilegence.com\\\/en\\\/industry-requested-fespa-eurasia-is-rescheduled-to-september\\\/#primaryimage\"},\"thumbnailUrl\":\"https:\\\/\\\/www.textilegence.com\\\/wp-content\\\/uploads\\\/2024\\\/02\\\/FESPA-Textilegence-2024.jpg\",\"keywords\":[\"FESPA Eurasia 2024\",\"textile news\",\"trade fairs\"],\"articleSection\":[\"Trade Fairs\"],\"inLanguage\":\"en-US\"},{\"@type\":\"WebPage\",\"@id\":\"https:\\\/\\\/www.textilegence.com\\\/en\\\/industry-requested-fespa-eurasia-is-rescheduled-to-september\\\/\",\"url\":\"https:\\\/\\\/www.textilegence.com\\\/en\\\/industry-requested-fespa-eurasia-is-rescheduled-to-september\\\/\",\"name\":\"Industry requested, FESPA Eurasia is rescheduled to September - Textilegence\",\"isPartOf\":{\"@id\":\"https:\\\/\\\/www.textilegence.com\\\/en\\\/#website\"},\"primaryImageOfPage\":{\"@id\":\"https:\\\/\\\/www.textilegence.com\\\/en\\\/industry-requested-fespa-eurasia-is-rescheduled-to-september\\\/#primaryimage\"},\"image\":{\"@id\":\"https:\\\/\\\/www.textilegence.com\\\/en\\\/industry-requested-fespa-eurasia-is-rescheduled-to-september\\\/#primaryimage\"},\"thumbnailUrl\":\"https:\\\/\\\/www.textilegence.com\\\/wp-content\\\/uploads\\\/2024\\\/02\\\/FESPA-Textilegence-2024.jpg\",\"datePublished\":\"2024-02-27T12:02:42+00:00\",\"dateModified\":\"2024-02-27T12:02:50+00:00\",\"description\":\"FESPA Eurasia, the leading large format printing and signage exhibition of the Eurasia Region eagerly awaited all year round...\",\"breadcrumb\":{\"@id\":\"https:\\\/\\\/www.textilegence.com\\\/en\\\/industry-requested-fespa-eurasia-is-rescheduled-to-september\\\/#breadcrumb\"},\"inLanguage\":\"en-US\",\"potentialAction\":[{\"@type\":\"ReadAction\",\"target\":[\"https:\\\/\\\/www.textilegence.com\\\/en\\\/industry-requested-fespa-eurasia-is-rescheduled-to-september\\\/\"]}]},{\"@type\":\"ImageObject\",\"inLanguage\":\"en-US\",\"@id\":\"https:\\\/\\\/www.textilegence.com\\\/en\\\/industry-requested-fespa-eurasia-is-rescheduled-to-september\\\/#primaryimage\",\"url\":\"https:\\\/\\\/www.textilegence.com\\\/wp-content\\\/uploads\\\/2024\\\/02\\\/FESPA-Textilegence-2024.jpg\",\"contentUrl\":\"https:\\\/\\\/www.textilegence.com\\\/wp-content\\\/uploads\\\/2024\\\/02\\\/FESPA-Textilegence-2024.jpg\",\"width\":1920,\"height\":1080,\"caption\":\"Industry requested, FESPA Eurasia is rescheduled to September Image Source: FESPA Eurasia\"},{\"@type\":\"BreadcrumbList\",\"@id\":\"https:\\\/\\\/www.textilegence.com\\\/en\\\/industry-requested-fespa-eurasia-is-rescheduled-to-september\\\/#breadcrumb\",\"itemListElement\":[{\"@type\":\"ListItem\",\"position\":1,\"name\":\"Home Page\",\"item\":\"https:\\\/\\\/www.textilegence.com\\\/en\\\/homepage-the-rimont\\\/\"},{\"@type\":\"ListItem\",\"position\":2,\"name\":\"Trade Fairs\",\"item\":\"https:\\\/\\\/www.textilegence.com\\\/en\\\/category\\\/trade-fairs\\\/\"},{\"@type\":\"ListItem\",\"position\":3,\"name\":\"Industry requested, FESPA Eurasia is rescheduled to September\"}]},{\"@type\":\"WebSite\",\"@id\":\"https:\\\/\\\/www.textilegence.com\\\/en\\\/#website\",\"url\":\"https:\\\/\\\/www.textilegence.com\\\/en\\\/\",\"name\":\"Textilegence Magazine and Digital Platform\",\"description\":\"Textile News Center\",\"publisher\":{\"@id\":\"https:\\\/\\\/www.textilegence.com\\\/en\\\/#organization\"},\"potentialAction\":[{\"@type\":\"SearchAction\",\"target\":{\"@type\":\"EntryPoint\",\"urlTemplate\":\"https:\\\/\\\/www.textilegence.com\\\/en\\\/?s={search_term_string}\"},\"query-input\":{\"@type\":\"PropertyValueSpecification\",\"valueRequired\":true,\"valueName\":\"search_term_string\"}}],\"inLanguage\":\"en-US\"},{\"@type\":\"Organization\",\"@id\":\"https:\\\/\\\/www.textilegence.com\\\/en\\\/#organization\",\"name\":\"Textilegence Magazine and Digital Platform\",\"url\":\"https:\\\/\\\/www.textilegence.com\\\/en\\\/\",\"logo\":{\"@type\":\"ImageObject\",\"inLanguage\":\"en-US\",\"@id\":\"https:\\\/\\\/www.textilegence.com\\\/en\\\/#\\\/schema\\\/logo\\\/image\\\/\",\"url\":\"https:\\\/\\\/www.textilegence.com\\\/wp-content\\\/uploads\\\/2016\\\/11\\\/New_Retina_Logo_Textilegence.png\",\"contentUrl\":\"https:\\\/\\\/www.textilegence.com\\\/wp-content\\\/uploads\\\/2016\\\/11\\\/New_Retina_Logo_Textilegence.png\",\"width\":544,\"height\":180,\"caption\":\"Textilegence Magazine and Digital Platform\"},\"image\":{\"@id\":\"https:\\\/\\\/www.textilegence.com\\\/en\\\/#\\\/schema\\\/logo\\\/image\\\/\"},\"sameAs\":[\"https:\\\/\\\/www.facebook.com\\\/TextilegenceMagazine\",\"https:\\\/\\\/x.com\\\/textilegence\",\"https:\\\/\\\/www.instagram.com\\\/textilegence\\\/\",\"https:\\\/\\\/www.linkedin.com\\\/groups\\\/Textilegence-Magazine-Digital-Platform-4897253\",\"https:\\\/\\\/www.youtube.com\\\/user\\\/textilegence\"],\"description\":\"Textilegence is a magazine and digital platform established in 2013. It focuses on the textile industry and sub-segments. The platform provides news, articles, and updates on various aspects of the textile industry, including sustainability, technological advancements, and market trends.\",\"email\":\"editor@textilegence.com\",\"telephone\":\"+90 212 442 24 12\",\"legalName\":\"Textilegence Mag and Digital Platform\",\"foundingDate\":\"2013-01-01\",\"numberOfEmployees\":{\"@type\":\"QuantitativeValue\",\"minValue\":\"1\",\"maxValue\":\"10\"}},{\"@type\":\"Person\",\"@id\":\"https:\\\/\\\/www.textilegence.com\\\/en\\\/#\\\/schema\\\/person\\\/1c3977109f8a6e1e2b95678836d75cb7\",\"name\":\"Fatih Cengiarslan\",\"image\":{\"@type\":\"ImageObject\",\"inLanguage\":\"en-US\",\"@id\":\"https:\\\/\\\/www.textilegence.com\\\/wp-content\\\/uploads\\\/2018\\\/12\\\/fatih-cengiarslan.jpg\",\"url\":\"https:\\\/\\\/www.textilegence.com\\\/wp-content\\\/uploads\\\/2018\\\/12\\\/fatih-cengiarslan.jpg\",\"contentUrl\":\"https:\\\/\\\/www.textilegence.com\\\/wp-content\\\/uploads\\\/2018\\\/12\\\/fatih-cengiarslan.jpg\",\"caption\":\"Fatih Cengiarslan\"},\"description\":\"Fatih Cengiarslan; Akademik \u0130ngilizce e\u011fitimini Bat\u0131 Avustralya \u00dcniversitesi\u2019nde tamamlad\u0131ktan sonra T\u00fcrkiye\u2019ye d\u00f6nerek \u0130stanbul Ayd\u0131n \u00dcniversitesi\u2019nde \u0130nternet Gazetecili\u011fi ve Yay\u0131nc\u0131l\u0131k b\u00f6l\u00fcm\u00fcn\u00fc bitirip, Litvanya \u2013 Kaunas Teknoloji \u00dcniversitesi\u2019nde interaktif media \u00fczerine 8 ayl\u0131k e\u011fitim ald\u0131. Daha sonra Eski\u015fehir Anadolu \u00dcniversitesi girerek \u0130\u015fletme Fak\u00fcltesini ba\u015far\u0131yla tamamlad\u0131. CNNTURK\u2019 kanal\u0131nda staj\u0131n\u0131 tamamlad\u0131ktan sonra Referans Gazetesi\u2019nde \u00e7al\u0131\u015fmaya ba\u015flad\u0131. 2 y\u0131l sonra Textilegence markas\u0131yla tekstil end\u00fcstrisine y\u00f6nelik kendi medyas\u0131n\u0131 kurdu. \u015eu anda Textilegence.com, Printing3D ve NEFA PR Ajans\u0131\u2019n\u0131n 12 y\u0131ld\u0131r y\u00f6netimini yapmaktad\u0131r.\",\"sameAs\":[\"https:\\\/\\\/www.textilegence.com\",\"https:\\\/\\\/www.facebook.com\\\/TextilegenceMagazine\",\"https:\\\/\\\/www.instagram.com\\\/textilegence\\\/\",\"https:\\\/\\\/www.linkedin.com\\\/in\\\/fatih-cengiarslan-32352265\\\/\",\"https:\\\/\\\/x.com\\\/https:\\\/\\\/twitter.com\\\/textilegence\"],\"url\":\"https:\\\/\\\/www.textilegence.com\\\/en\\\/author\\\/admin\\\/\"}]}<\/script>\n<!-- \/ Yoast SEO Premium plugin. -->","yoast_head_json":{"title":"Industry requested, FESPA Eurasia is rescheduled to September - Textilegence","description":"FESPA Eurasia, the leading large format printing and signage exhibition of the Eurasia Region eagerly awaited all year round...","robots":{"index":"index","follow":"follow","max-snippet":"max-snippet:-1","max-image-preview":"max-image-preview:large","max-video-preview":"max-video-preview:-1"},"canonical":"https:\/\/www.textilegence.com\/en\/industry-requested-fespa-eurasia-is-rescheduled-to-september\/","og_locale":"en_US","og_type":"article","og_title":"Industry requested, FESPA Eurasia is rescheduled to September","og_description":"FESPA Eurasia, the leading large format printing and signage exhibition of the Eurasia Region eagerly awaited all year round, will open its doors in","og_url":"https:\/\/www.textilegence.com\/en\/industry-requested-fespa-eurasia-is-rescheduled-to-september\/","og_site_name":"Textilegence Magazine and Digital Platform","article_publisher":"https:\/\/www.facebook.com\/TextilegenceMagazine","article_author":"https:\/\/www.facebook.com\/TextilegenceMagazine","article_published_time":"2024-02-27T12:02:42+00:00","article_modified_time":"2024-02-27T12:02:50+00:00","og_image":[{"width":1920,"height":1080,"url":"https:\/\/www.textilegence.com\/wp-content\/uploads\/2024\/02\/FESPA-Textilegence-2024.jpg","type":"image\/jpeg"}],"author":"Fatih Cengiarslan","twitter_card":"summary_large_image","twitter_creator":"@https:\/\/twitter.com\/textilegence","twitter_site":"@textilegence","twitter_misc":{"Written by":"Fatih Cengiarslan","Est. reading time":"3 minutes"},"schema":{"@context":"https:\/\/schema.org","@graph":[{"@type":"NewsArticle","@id":"https:\/\/www.textilegence.com\/en\/industry-requested-fespa-eurasia-is-rescheduled-to-september\/#article","isPartOf":{"@id":"https:\/\/www.textilegence.com\/en\/industry-requested-fespa-eurasia-is-rescheduled-to-september\/"},"author":{"name":"Fatih Cengiarslan","@id":"https:\/\/www.textilegence.com\/en\/#\/schema\/person\/1c3977109f8a6e1e2b95678836d75cb7"},"headline":"Industry requested, FESPA Eurasia is rescheduled to September","datePublished":"2024-02-27T12:02:42+00:00","dateModified":"2024-02-27T12:02:50+00:00","mainEntityOfPage":{"@id":"https:\/\/www.textilegence.com\/en\/industry-requested-fespa-eurasia-is-rescheduled-to-september\/"},"wordCount":415,"publisher":{"@id":"https:\/\/www.textilegence.com\/en\/#organization"},"image":{"@id":"https:\/\/www.textilegence.com\/en\/industry-requested-fespa-eurasia-is-rescheduled-to-september\/#primaryimage"},"thumbnailUrl":"https:\/\/www.textilegence.com\/wp-content\/uploads\/2024\/02\/FESPA-Textilegence-2024.jpg","keywords":["FESPA Eurasia 2024","textile news","trade fairs"],"articleSection":["Trade Fairs"],"inLanguage":"en-US"},{"@type":"WebPage","@id":"https:\/\/www.textilegence.com\/en\/industry-requested-fespa-eurasia-is-rescheduled-to-september\/","url":"https:\/\/www.textilegence.com\/en\/industry-requested-fespa-eurasia-is-rescheduled-to-september\/","name":"Industry requested, FESPA Eurasia is rescheduled to September - Textilegence","isPartOf":{"@id":"https:\/\/www.textilegence.com\/en\/#website"},"primaryImageOfPage":{"@id":"https:\/\/www.textilegence.com\/en\/industry-requested-fespa-eurasia-is-rescheduled-to-september\/#primaryimage"},"image":{"@id":"https:\/\/www.textilegence.com\/en\/industry-requested-fespa-eurasia-is-rescheduled-to-september\/#primaryimage"},"thumbnailUrl":"https:\/\/www.textilegence.com\/wp-content\/uploads\/2024\/02\/FESPA-Textilegence-2024.jpg","datePublished":"2024-02-27T12:02:42+00:00","dateModified":"2024-02-27T12:02:50+00:00","description":"FESPA Eurasia, the leading large format printing and signage exhibition of the Eurasia Region eagerly awaited all year round...","breadcrumb":{"@id":"https:\/\/www.textilegence.com\/en\/industry-requested-fespa-eurasia-is-rescheduled-to-september\/#breadcrumb"},"inLanguage":"en-US","potentialAction":[{"@type":"ReadAction","target":["https:\/\/www.textilegence.com\/en\/industry-requested-fespa-eurasia-is-rescheduled-to-september\/"]}]},{"@type":"ImageObject","inLanguage":"en-US","@id":"https:\/\/www.textilegence.com\/en\/industry-requested-fespa-eurasia-is-rescheduled-to-september\/#primaryimage","url":"https:\/\/www.textilegence.com\/wp-content\/uploads\/2024\/02\/FESPA-Textilegence-2024.jpg","contentUrl":"https:\/\/www.textilegence.com\/wp-content\/uploads\/2024\/02\/FESPA-Textilegence-2024.jpg","width":1920,"height":1080,"caption":"Industry requested, FESPA Eurasia is rescheduled to September Image Source: FESPA Eurasia"},{"@type":"BreadcrumbList","@id":"https:\/\/www.textilegence.com\/en\/industry-requested-fespa-eurasia-is-rescheduled-to-september\/#breadcrumb","itemListElement":[{"@type":"ListItem","position":1,"name":"Home Page","item":"https:\/\/www.textilegence.com\/en\/homepage-the-rimont\/"},{"@type":"ListItem","position":2,"name":"Trade Fairs","item":"https:\/\/www.textilegence.com\/en\/category\/trade-fairs\/"},{"@type":"ListItem","position":3,"name":"Industry requested, FESPA Eurasia is rescheduled to September"}]},{"@type":"WebSite","@id":"https:\/\/www.textilegence.com\/en\/#website","url":"https:\/\/www.textilegence.com\/en\/","name":"Textilegence Magazine and Digital Platform","description":"Textile News Center","publisher":{"@id":"https:\/\/www.textilegence.com\/en\/#organization"},"potentialAction":[{"@type":"SearchAction","target":{"@type":"EntryPoint","urlTemplate":"https:\/\/www.textilegence.com\/en\/?s={search_term_string}"},"query-input":{"@type":"PropertyValueSpecification","valueRequired":true,"valueName":"search_term_string"}}],"inLanguage":"en-US"},{"@type":"Organization","@id":"https:\/\/www.textilegence.com\/en\/#organization","name":"Textilegence Magazine and Digital Platform","url":"https:\/\/www.textilegence.com\/en\/","logo":{"@type":"ImageObject","inLanguage":"en-US","@id":"https:\/\/www.textilegence.com\/en\/#\/schema\/logo\/image\/","url":"https:\/\/www.textilegence.com\/wp-content\/uploads\/2016\/11\/New_Retina_Logo_Textilegence.png","contentUrl":"https:\/\/www.textilegence.com\/wp-content\/uploads\/2016\/11\/New_Retina_Logo_Textilegence.png","width":544,"height":180,"caption":"Textilegence Magazine and Digital Platform"},"image":{"@id":"https:\/\/www.textilegence.com\/en\/#\/schema\/logo\/image\/"},"sameAs":["https:\/\/www.facebook.com\/TextilegenceMagazine","https:\/\/x.com\/textilegence","https:\/\/www.instagram.com\/textilegence\/","https:\/\/www.linkedin.com\/groups\/Textilegence-Magazine-Digital-Platform-4897253","https:\/\/www.youtube.com\/user\/textilegence"],"description":"Textilegence is a magazine and digital platform established in 2013. It focuses on the textile industry and sub-segments. The platform provides news, articles, and updates on various aspects of the textile industry, including sustainability, technological advancements, and market trends.","email":"editor@textilegence.com","telephone":"+90 212 442 24 12","legalName":"Textilegence Mag and Digital Platform","foundingDate":"2013-01-01","numberOfEmployees":{"@type":"QuantitativeValue","minValue":"1","maxValue":"10"}},{"@type":"Person","@id":"https:\/\/www.textilegence.com\/en\/#\/schema\/person\/1c3977109f8a6e1e2b95678836d75cb7","name":"Fatih Cengiarslan","image":{"@type":"ImageObject","inLanguage":"en-US","@id":"https:\/\/www.textilegence.com\/wp-content\/uploads\/2018\/12\/fatih-cengiarslan.jpg","url":"https:\/\/www.textilegence.com\/wp-content\/uploads\/2018\/12\/fatih-cengiarslan.jpg","contentUrl":"https:\/\/www.textilegence.com\/wp-content\/uploads\/2018\/12\/fatih-cengiarslan.jpg","caption":"Fatih Cengiarslan"},"description":"Fatih Cengiarslan; Akademik \u0130ngilizce e\u011fitimini Bat\u0131 Avustralya \u00dcniversitesi\u2019nde tamamlad\u0131ktan sonra T\u00fcrkiye\u2019ye d\u00f6nerek \u0130stanbul Ayd\u0131n \u00dcniversitesi\u2019nde \u0130nternet Gazetecili\u011fi ve Yay\u0131nc\u0131l\u0131k b\u00f6l\u00fcm\u00fcn\u00fc bitirip, Litvanya \u2013 Kaunas Teknoloji \u00dcniversitesi\u2019nde interaktif media \u00fczerine 8 ayl\u0131k e\u011fitim ald\u0131. Daha sonra Eski\u015fehir Anadolu \u00dcniversitesi girerek \u0130\u015fletme Fak\u00fcltesini ba\u015far\u0131yla tamamlad\u0131. CNNTURK\u2019 kanal\u0131nda staj\u0131n\u0131 tamamlad\u0131ktan sonra Referans Gazetesi\u2019nde \u00e7al\u0131\u015fmaya ba\u015flad\u0131. 2 y\u0131l sonra Textilegence markas\u0131yla tekstil end\u00fcstrisine y\u00f6nelik kendi medyas\u0131n\u0131 kurdu. \u015eu anda Textilegence.com, Printing3D ve NEFA PR Ajans\u0131\u2019n\u0131n 12 y\u0131ld\u0131r y\u00f6netimini yapmaktad\u0131r.","sameAs":["https:\/\/www.textilegence.com","https:\/\/www.facebook.com\/TextilegenceMagazine","https:\/\/www.instagram.com\/textilegence\/","https:\/\/www.linkedin.com\/in\/fatih-cengiarslan-32352265\/","https:\/\/x.com\/https:\/\/twitter.com\/textilegence"],"url":"https:\/\/www.textilegence.com\/en\/author\/admin\/"}]}},"_links":{"self":[{"href":"https:\/\/www.textilegence.com\/en\/wp-json\/wp\/v2\/posts\/57819","targetHints":{"allow":["GET"]}}],"collection":[{"href":"https:\/\/www.textilegence.com\/en\/wp-json\/wp\/v2\/posts"}],"about":[{"href":"https:\/\/www.textilegence.com\/en\/wp-json\/wp\/v2\/types\/post"}],"author":[{"embeddable":true,"href":"https:\/\/www.textilegence.com\/en\/wp-json\/wp\/v2\/users\/8"}],"replies":[{"embeddable":true,"href":"https:\/\/www.textilegence.com\/en\/wp-json\/wp\/v2\/comments?post=57819"}],"version-history":[{"count":0,"href":"https:\/\/www.textilegence.com\/en\/wp-json\/wp\/v2\/posts\/57819\/revisions"}],"wp:featuredmedia":[{"embeddable":true,"href":"https:\/\/www.textilegence.com\/en\/wp-json\/wp\/v2\/media\/57818"}],"wp:attachment":[{"href":"https:\/\/www.textilegence.com\/en\/wp-json\/wp\/v2\/media?parent=57819"}],"wp:term":[{"taxonomy":"category","embeddable":true,"href":"https:\/\/www.textilegence.com\/en\/wp-json\/wp\/v2\/categories?post=57819"},{"taxonomy":"post_tag","embeddable":true,"href":"https:\/\/www.textilegence.com\/en\/wp-json\/wp\/v2\/tags?post=57819"}],"curies":[{"name":"wp","href":"https:\/\/api.w.org\/{rel}","templated":true}]}}