{"id":58500,"date":"2024-04-26T12:46:57","date_gmt":"2024-04-26T09:46:57","guid":{"rendered":"http:\/\/www.textilegence.com\/?p=58500"},"modified":"2024-04-26T12:47:47","modified_gmt":"2024-04-26T09:47:47","slug":"turkish-textile-industry-to-achive-success-in-change-with-karl-mayer","status":"publish","type":"post","link":"https:\/\/www.textilegence.com\/en\/turkish-textile-industry-to-achive-success-in-change-with-karl-mayer\/","title":{"rendered":"Turkish textile industry to achive success in change with KARL MAYER"},"content":{"rendered":"\n<p>The KARL MAYER GROUP participates at ITM 2024 on June, 4-8 in \u0130stanbul, with its rich <a href=\"https:\/\/www.karlmayer.com\/en\/\" target=\"_blank\" rel=\"noreferrer noopener\">solution<\/a> portfolio that offers a good opportunity to adapt to the requirements of the new conditions. The company\u2019s technologies at Booth 303A in Hall 3 will focus on profitability despite rising costs, sustainable business practices, flexibility in the face of changing requirements, new business potential and reliable, stable operations despite a shortage of skilled labour.<\/p>\n\n\n\n<h2 class=\"wp-block-heading\" id=\"h-karl-mayer-will-give-momentum-to-the-turkish-warp-knitting-industry\"><strong>KARL MAYER will give momentum to the Turkish warp knitting industry<\/strong><\/h2>\n\n\n\n<p>Warp <a href=\"https:\/\/www.textilegence.com\/en\/category\/knitting\/\" target=\"_blank\" rel=\"noreferrer noopener\">knitting<\/a> companies will find new opportunities for their business development at KARL MAYER\u2019s stand at ITM 2024, focusing on flexibility and speed. One of the main exhibits will be the HKS 3-M ON PLUS. The tricot machine offers an exceptional, flexible product range and maximum speed &#8211; even with strongly changing yarn consumption. The all-rounder produces square marquisette items as well as robust shoe fabrics, also in coarse gauges, and works at maximum speed despite a wide variety of pattern changes, thanks to the ground-breaking Advanced Feeding Control (AFC) function.<\/p>\n\n\n\n<p>The company will present examples from the extensive production range of the HKS 3-M ON PLUS, including an article based on a square marquisette, which could not previously be reliably produced in the gauge E 18. Further textile innovations highlight new business opportunities in established and new applications. On exhibition will be a brand new Seersucker-article from a TM 4 EL and trendy RASCHELTRONIC\u00ae items for fashion and sportswear, terry fabrics, curtains and corduroy fabrics for the home textiles sector, lace articles with a unique appearancefor Lingerie and new textile solutions for the footwear sector, among others.<\/p>\n\n\n\n<p>A presentation of the latest Care Solutions products also awaits the ITM visitors. The presentation will focus on the Customer Portal, which gives users access to the digital world of the KARL MAYER GROUP, and the brand new Energy Efficiency Solution (EES), which supports warp knitting companies on their way to lower energy consumption and greater sustainability.<\/p>\n\n\n<div class=\"wp-block-image\">\n<figure class=\"aligncenter size-full\"><img loading=\"lazy\" decoding=\"async\" width=\"1920\" height=\"1080\" src=\"https:\/\/www.textilegence.com\/wp-content\/uploads\/2024\/04\/2-karl-mayer-warp-knitting.jpg\" alt=\"Warp knitting companies will find new opportunities for their business development at KARL MAYER\u2019s stand at ITM 2024, focusing on flexibility and speed   Image Source: Karl Mayer \" class=\"wp-image-58498\" srcset=\"https:\/\/www.textilegence.com\/wp-content\/uploads\/2024\/04\/2-karl-mayer-warp-knitting.jpg 1920w, https:\/\/www.textilegence.com\/wp-content\/uploads\/2024\/04\/2-karl-mayer-warp-knitting-768x432.jpg 768w, https:\/\/www.textilegence.com\/wp-content\/uploads\/2024\/04\/2-karl-mayer-warp-knitting-1536x864.jpg 1536w, https:\/\/www.textilegence.com\/wp-content\/uploads\/2024\/04\/2-karl-mayer-warp-knitting-300x169.jpg 300w, https:\/\/www.textilegence.com\/wp-content\/uploads\/2024\/04\/2-karl-mayer-warp-knitting-600x338.jpg 600w, https:\/\/www.textilegence.com\/wp-content\/uploads\/2024\/04\/2-karl-mayer-warp-knitting-696x392.jpg 696w, https:\/\/www.textilegence.com\/wp-content\/uploads\/2024\/04\/2-karl-mayer-warp-knitting-1068x601.jpg 1068w\" sizes=\"auto, (max-width: 1920px) 100vw, 1920px\" \/><figcaption class=\"wp-element-caption\">Warp knitting companies will find new opportunities for their business development at KARL MAYER\u2019s stand at ITM 2024, focusing on flexibility and speed   Image Source: Karl Mayer <\/figcaption><\/figure>\n<\/div>\n\n\n<h2 class=\"wp-block-heading\" id=\"h-versatile-solutions-paired-with-a-high-price-performance-ratio-for-the-turkish-flat-knitting-industry\"><strong>Versatile solutions paired with a high price-performance ratio for the Turkish flat knitting industry<\/strong><\/h2>\n\n\n\n<p>STOLL, the brand of KARL MAYER GROUP, will be presenting at ITM four machines with maximum benefits for Turkish customers. On display will be a CMS 503 ki E7.2 and CMS 502 ki E3.5.2 &#8211; two representatives from the Economic range of the CMS series for the volume market &#8211; among others.<\/p>\n\n\n\n<p>STOLL Area Sales Manager Lutz Vogel disclosed that the highly productive machines with an excellent price-performance ratio are extremely interesting for Turkish knitting companies, saying: \u201cThe manufacturers have to meet the special requirements of high-volume production of trend-driven articles under high-cost pressure.\u201d<\/p>\n\n\n\n<p>Other machine highlights for the flat knitting industry include a CMS 530 ki BcW E7.2, which brings chic and variety to the production of technical textiles and thus stands out from the competition, and an ADF 530-32 ki FLEX E7.2, a brand new, highly flexible machine. The newcomer with almost unlimited production possibilities was already presented successfully at ITMA 2023 in Milan. Its appearance in Istanbul is a premiere for the entire region. In addition to the flat knitting machines, examples from their production repertoire will be presented.<\/p>\n\n\n\n<p>At the KARL MAYER&#8217;S booth, a special highlight in store for ITM 2024 guests also includes. In this scope, the new STOLL Trend Collection, which has just been completed, will be presented under the exciting heading \u2018NOCTURNO\u2019. The visitors also have the opportunity to discover the company\u2019s other technologies in warp preparation, technical textiles as well as digital solutions throughout the exhibition.<\/p>\n","protected":false},"excerpt":{"rendered":"<p>The KARL MAYER GROUP participates at ITM 2024 on June, 4-8 in \u0130stanbul, with its rich solution portfolio that offers a good opportunity to adapt to the requirements of the new conditions. The company\u2019s technologies at Booth 303A in Hall 3 will focus on profitability despite rising costs, sustainable business practices, flexibility in the face [&hellip;]<\/p>\n","protected":false},"author":2,"featured_media":58496,"comment_status":"closed","ping_status":"closed","sticky":false,"template":"","format":"standard","meta":{"footnotes":""},"categories":[9862],"tags":[16291,10380,10287,10369],"class_list":{"0":"post-58500","1":"post","2":"type-post","3":"status-publish","4":"format-standard","5":"has-post-thumbnail","7":"category-knitting","8":"tag-itm-2024","9":"tag-karl-mayer-en","10":"tag-knitting","11":"tag-textile-news-en"},"yoast_head":"<!-- This site is optimized with the Yoast SEO Premium plugin v27.3 (Yoast SEO v27.3) - https:\/\/yoast.com\/product\/yoast-seo-premium-wordpress\/ -->\n<title>Turkish textile industry to achive success in change with KARL MAYER - Textilegence<\/title>\n<meta name=\"description\" content=\"The KARL MAYER GROUP participates at ITM 2024 on June, 4-8 in \u0130stanbul, with its rich solution portfolio that offers a good opportunity to...\" \/>\n<meta name=\"robots\" content=\"index, follow, max-snippet:-1, max-image-preview:large, max-video-preview:-1\" \/>\n<link rel=\"canonical\" href=\"https:\/\/www.textilegence.com\/en\/turkish-textile-industry-to-achive-success-in-change-with-karl-mayer\/\" \/>\n<meta property=\"og:locale\" content=\"en_US\" \/>\n<meta property=\"og:type\" content=\"article\" \/>\n<meta property=\"og:title\" content=\"Turkish textile industry to achive success in change with KARL MAYER\" \/>\n<meta property=\"og:description\" content=\"The KARL MAYER GROUP participates at ITM 2024 on June, 4-8 in \u0130stanbul, with its rich solution portfolio that offers a good opportunity to adapt to the\" \/>\n<meta property=\"og:url\" content=\"https:\/\/www.textilegence.com\/en\/turkish-textile-industry-to-achive-success-in-change-with-karl-mayer\/\" \/>\n<meta property=\"og:site_name\" content=\"Textilegence Magazine and Digital Platform\" \/>\n<meta property=\"article:publisher\" content=\"https:\/\/www.facebook.com\/TextilegenceMagazine\" \/>\n<meta property=\"article:author\" content=\"https:\/\/www.facebook.com\/TextilegenceMagazine\" \/>\n<meta property=\"article:published_time\" content=\"2024-04-26T09:46:57+00:00\" \/>\n<meta property=\"article:modified_time\" content=\"2024-04-26T09:47:47+00:00\" \/>\n<meta property=\"og:image\" content=\"https:\/\/www.textilegence.com\/wp-content\/uploads\/2024\/04\/1-karl-mayer-itm.jpg\" \/>\n\t<meta property=\"og:image:width\" content=\"1920\" \/>\n\t<meta property=\"og:image:height\" content=\"1080\" \/>\n\t<meta property=\"og:image:type\" content=\"image\/jpeg\" \/>\n<meta name=\"author\" content=\"Engin Buz\" \/>\n<meta name=\"twitter:card\" content=\"summary_large_image\" \/>\n<meta name=\"twitter:creator\" content=\"@https:\/\/twitter.com\/textilegence\" \/>\n<meta name=\"twitter:site\" content=\"@textilegence\" \/>\n<meta name=\"twitter:label1\" content=\"Written by\" \/>\n\t<meta name=\"twitter:data1\" content=\"Engin Buz\" \/>\n\t<meta name=\"twitter:label2\" content=\"Est. reading time\" \/>\n\t<meta name=\"twitter:data2\" content=\"5 minutes\" \/>\n<script type=\"application\/ld+json\" class=\"yoast-schema-graph\">{\"@context\":\"https:\\\/\\\/schema.org\",\"@graph\":[{\"@type\":\"NewsArticle\",\"@id\":\"https:\\\/\\\/www.textilegence.com\\\/en\\\/turkish-textile-industry-to-achive-success-in-change-with-karl-mayer\\\/#article\",\"isPartOf\":{\"@id\":\"https:\\\/\\\/www.textilegence.com\\\/en\\\/turkish-textile-industry-to-achive-success-in-change-with-karl-mayer\\\/\"},\"author\":{\"name\":\"Engin Buz\",\"@id\":\"https:\\\/\\\/www.textilegence.com\\\/en\\\/#\\\/schema\\\/person\\\/46ccc7bfc34edbc7d46b6b189f88849f\"},\"headline\":\"Turkish textile industry to achive success in change with KARL MAYER\",\"datePublished\":\"2024-04-26T09:46:57+00:00\",\"dateModified\":\"2024-04-26T09:47:47+00:00\",\"mainEntityOfPage\":{\"@id\":\"https:\\\/\\\/www.textilegence.com\\\/en\\\/turkish-textile-industry-to-achive-success-in-change-with-karl-mayer\\\/\"},\"wordCount\":617,\"publisher\":{\"@id\":\"https:\\\/\\\/www.textilegence.com\\\/en\\\/#organization\"},\"image\":{\"@id\":\"https:\\\/\\\/www.textilegence.com\\\/en\\\/turkish-textile-industry-to-achive-success-in-change-with-karl-mayer\\\/#primaryimage\"},\"thumbnailUrl\":\"https:\\\/\\\/www.textilegence.com\\\/wp-content\\\/uploads\\\/2024\\\/04\\\/1-karl-mayer-itm.jpg\",\"keywords\":[\"ITM 2024\",\"karl mayer\",\"knitting\",\"textile news\"],\"articleSection\":[\"Knitting\"],\"inLanguage\":\"en-US\"},{\"@type\":\"WebPage\",\"@id\":\"https:\\\/\\\/www.textilegence.com\\\/en\\\/turkish-textile-industry-to-achive-success-in-change-with-karl-mayer\\\/\",\"url\":\"https:\\\/\\\/www.textilegence.com\\\/en\\\/turkish-textile-industry-to-achive-success-in-change-with-karl-mayer\\\/\",\"name\":\"Turkish textile industry to achive success in change with KARL MAYER - Textilegence\",\"isPartOf\":{\"@id\":\"https:\\\/\\\/www.textilegence.com\\\/en\\\/#website\"},\"primaryImageOfPage\":{\"@id\":\"https:\\\/\\\/www.textilegence.com\\\/en\\\/turkish-textile-industry-to-achive-success-in-change-with-karl-mayer\\\/#primaryimage\"},\"image\":{\"@id\":\"https:\\\/\\\/www.textilegence.com\\\/en\\\/turkish-textile-industry-to-achive-success-in-change-with-karl-mayer\\\/#primaryimage\"},\"thumbnailUrl\":\"https:\\\/\\\/www.textilegence.com\\\/wp-content\\\/uploads\\\/2024\\\/04\\\/1-karl-mayer-itm.jpg\",\"datePublished\":\"2024-04-26T09:46:57+00:00\",\"dateModified\":\"2024-04-26T09:47:47+00:00\",\"description\":\"The KARL MAYER GROUP participates at ITM 2024 on June, 4-8 in \u0130stanbul, with its rich solution portfolio that offers a good opportunity to...\",\"breadcrumb\":{\"@id\":\"https:\\\/\\\/www.textilegence.com\\\/en\\\/turkish-textile-industry-to-achive-success-in-change-with-karl-mayer\\\/#breadcrumb\"},\"inLanguage\":\"en-US\",\"potentialAction\":[{\"@type\":\"ReadAction\",\"target\":[\"https:\\\/\\\/www.textilegence.com\\\/en\\\/turkish-textile-industry-to-achive-success-in-change-with-karl-mayer\\\/\"]}]},{\"@type\":\"ImageObject\",\"inLanguage\":\"en-US\",\"@id\":\"https:\\\/\\\/www.textilegence.com\\\/en\\\/turkish-textile-industry-to-achive-success-in-change-with-karl-mayer\\\/#primaryimage\",\"url\":\"https:\\\/\\\/www.textilegence.com\\\/wp-content\\\/uploads\\\/2024\\\/04\\\/1-karl-mayer-itm.jpg\",\"contentUrl\":\"https:\\\/\\\/www.textilegence.com\\\/wp-content\\\/uploads\\\/2024\\\/04\\\/1-karl-mayer-itm.jpg\",\"width\":1920,\"height\":1080,\"caption\":\"Turkish textile industry to achive success in change with KARL MAYER Image Source: Karl Mayer\"},{\"@type\":\"BreadcrumbList\",\"@id\":\"https:\\\/\\\/www.textilegence.com\\\/en\\\/turkish-textile-industry-to-achive-success-in-change-with-karl-mayer\\\/#breadcrumb\",\"itemListElement\":[{\"@type\":\"ListItem\",\"position\":1,\"name\":\"Home Page\",\"item\":\"https:\\\/\\\/www.textilegence.com\\\/en\\\/homepage-the-rimont\\\/\"},{\"@type\":\"ListItem\",\"position\":2,\"name\":\"Knitting\",\"item\":\"https:\\\/\\\/www.textilegence.com\\\/en\\\/category\\\/knitting\\\/\"},{\"@type\":\"ListItem\",\"position\":3,\"name\":\"Turkish textile industry to achive success in change with KARL MAYER\"}]},{\"@type\":\"WebSite\",\"@id\":\"https:\\\/\\\/www.textilegence.com\\\/en\\\/#website\",\"url\":\"https:\\\/\\\/www.textilegence.com\\\/en\\\/\",\"name\":\"Textilegence Magazine and Digital Platform\",\"description\":\"Textile News Center\",\"publisher\":{\"@id\":\"https:\\\/\\\/www.textilegence.com\\\/en\\\/#organization\"},\"potentialAction\":[{\"@type\":\"SearchAction\",\"target\":{\"@type\":\"EntryPoint\",\"urlTemplate\":\"https:\\\/\\\/www.textilegence.com\\\/en\\\/?s={search_term_string}\"},\"query-input\":{\"@type\":\"PropertyValueSpecification\",\"valueRequired\":true,\"valueName\":\"search_term_string\"}}],\"inLanguage\":\"en-US\"},{\"@type\":\"Organization\",\"@id\":\"https:\\\/\\\/www.textilegence.com\\\/en\\\/#organization\",\"name\":\"Textilegence Magazine and Digital Platform\",\"url\":\"https:\\\/\\\/www.textilegence.com\\\/en\\\/\",\"logo\":{\"@type\":\"ImageObject\",\"inLanguage\":\"en-US\",\"@id\":\"https:\\\/\\\/www.textilegence.com\\\/en\\\/#\\\/schema\\\/logo\\\/image\\\/\",\"url\":\"https:\\\/\\\/www.textilegence.com\\\/wp-content\\\/uploads\\\/2016\\\/11\\\/New_Retina_Logo_Textilegence.png\",\"contentUrl\":\"https:\\\/\\\/www.textilegence.com\\\/wp-content\\\/uploads\\\/2016\\\/11\\\/New_Retina_Logo_Textilegence.png\",\"width\":544,\"height\":180,\"caption\":\"Textilegence Magazine and Digital Platform\"},\"image\":{\"@id\":\"https:\\\/\\\/www.textilegence.com\\\/en\\\/#\\\/schema\\\/logo\\\/image\\\/\"},\"sameAs\":[\"https:\\\/\\\/www.facebook.com\\\/TextilegenceMagazine\",\"https:\\\/\\\/x.com\\\/textilegence\",\"https:\\\/\\\/www.instagram.com\\\/textilegence\\\/\",\"https:\\\/\\\/www.linkedin.com\\\/groups\\\/Textilegence-Magazine-Digital-Platform-4897253\",\"https:\\\/\\\/www.youtube.com\\\/user\\\/textilegence\"],\"description\":\"Textilegence is a magazine and digital platform established in 2013. It focuses on the textile industry and sub-segments. The platform provides news, articles, and updates on various aspects of the textile industry, including sustainability, technological advancements, and market trends.\",\"email\":\"editor@textilegence.com\",\"telephone\":\"+90 212 442 24 12\",\"legalName\":\"Textilegence Mag and Digital Platform\",\"foundingDate\":\"2013-01-01\",\"numberOfEmployees\":{\"@type\":\"QuantitativeValue\",\"minValue\":\"1\",\"maxValue\":\"10\"}},{\"@type\":\"Person\",\"@id\":\"https:\\\/\\\/www.textilegence.com\\\/en\\\/#\\\/schema\\\/person\\\/46ccc7bfc34edbc7d46b6b189f88849f\",\"name\":\"Engin Buz\",\"image\":{\"@type\":\"ImageObject\",\"inLanguage\":\"en-US\",\"@id\":\"https:\\\/\\\/www.textilegence.com\\\/wp-content\\\/uploads\\\/2018\\\/12\\\/engin-buz.jpg\",\"url\":\"https:\\\/\\\/www.textilegence.com\\\/wp-content\\\/uploads\\\/2018\\\/12\\\/engin-buz.jpg\",\"contentUrl\":\"https:\\\/\\\/www.textilegence.com\\\/wp-content\\\/uploads\\\/2018\\\/12\\\/engin-buz.jpg\",\"caption\":\"Engin Buz\"},\"description\":\"Engin Buz, Ankara \u00dcniversitesi \u0130leti\u015fim Fak\u00fcltesi Gazetecilik B\u00f6l\u00fcm\u00fc\u2019nden mezun olduktan sonra Y\u0131ld\u0131z Teknik \u00dcniversitesi\u2019nde Siyaset Bilimi ve Uluslararas\u0131 \u0130li\u015fkiler alan\u0131nda y\u00fcksek lisans\u0131n\u0131 tamamlam\u0131\u015ft\u0131r. 2000 y\u0131l\u0131ndan sonra \u00e7e\u015fitli yay\u0131nc\u0131l\u0131k \u015firketlerinde \u00e7al\u0131\u015fmaya ba\u015flayarak k\u00fclt\u00fcr-sanat ve daha sonra ekonomi haberleri haz\u0131rlam\u0131\u015ft\u0131r. 2009 y\u0131l\u0131ndan itibaren tekstil end\u00fcstrisine d\u00f6n\u00fck yay\u0131nlarda edit\u00f6r olarak g\u00f6rev alan Buz, 2013 itibariyle kurulan Textilegence\u2019de haber edit\u00f6r\u00fc olarak yer almaya ba\u015flam\u0131\u015ft\u0131r. Engin Buz halen ba\u015fta tekstil ve dijital bask\u0131 end\u00fcstrileri olmak \u00fczere ekonomi haberleri haz\u0131rlamaktad\u0131r.\",\"sameAs\":[\"https:\\\/\\\/www.textilegence.com\",\"https:\\\/\\\/www.facebook.com\\\/TextilegenceMagazine\",\"https:\\\/\\\/www.instagram.com\\\/textilegence\\\/\",\"https:\\\/\\\/www.linkedin.com\\\/in\\\/engin-buz-6190799a\\\/\",\"https:\\\/\\\/x.com\\\/https:\\\/\\\/twitter.com\\\/textilegence\"],\"url\":\"https:\\\/\\\/www.textilegence.com\\\/en\\\/author\\\/engin-buz\\\/\"}]}<\/script>\n<!-- \/ Yoast SEO Premium plugin. -->","yoast_head_json":{"title":"Turkish textile industry to achive success in change with KARL MAYER - Textilegence","description":"The KARL MAYER GROUP participates at ITM 2024 on June, 4-8 in \u0130stanbul, with its rich solution portfolio that offers a good opportunity to...","robots":{"index":"index","follow":"follow","max-snippet":"max-snippet:-1","max-image-preview":"max-image-preview:large","max-video-preview":"max-video-preview:-1"},"canonical":"https:\/\/www.textilegence.com\/en\/turkish-textile-industry-to-achive-success-in-change-with-karl-mayer\/","og_locale":"en_US","og_type":"article","og_title":"Turkish textile industry to achive success in change with KARL MAYER","og_description":"The KARL MAYER GROUP participates at ITM 2024 on June, 4-8 in \u0130stanbul, with its rich solution portfolio that offers a good opportunity to adapt to the","og_url":"https:\/\/www.textilegence.com\/en\/turkish-textile-industry-to-achive-success-in-change-with-karl-mayer\/","og_site_name":"Textilegence Magazine and Digital Platform","article_publisher":"https:\/\/www.facebook.com\/TextilegenceMagazine","article_author":"https:\/\/www.facebook.com\/TextilegenceMagazine","article_published_time":"2024-04-26T09:46:57+00:00","article_modified_time":"2024-04-26T09:47:47+00:00","og_image":[{"width":1920,"height":1080,"url":"https:\/\/www.textilegence.com\/wp-content\/uploads\/2024\/04\/1-karl-mayer-itm.jpg","type":"image\/jpeg"}],"author":"Engin Buz","twitter_card":"summary_large_image","twitter_creator":"@https:\/\/twitter.com\/textilegence","twitter_site":"@textilegence","twitter_misc":{"Written by":"Engin Buz","Est. reading time":"5 minutes"},"schema":{"@context":"https:\/\/schema.org","@graph":[{"@type":"NewsArticle","@id":"https:\/\/www.textilegence.com\/en\/turkish-textile-industry-to-achive-success-in-change-with-karl-mayer\/#article","isPartOf":{"@id":"https:\/\/www.textilegence.com\/en\/turkish-textile-industry-to-achive-success-in-change-with-karl-mayer\/"},"author":{"name":"Engin Buz","@id":"https:\/\/www.textilegence.com\/en\/#\/schema\/person\/46ccc7bfc34edbc7d46b6b189f88849f"},"headline":"Turkish textile industry to achive success in change with KARL MAYER","datePublished":"2024-04-26T09:46:57+00:00","dateModified":"2024-04-26T09:47:47+00:00","mainEntityOfPage":{"@id":"https:\/\/www.textilegence.com\/en\/turkish-textile-industry-to-achive-success-in-change-with-karl-mayer\/"},"wordCount":617,"publisher":{"@id":"https:\/\/www.textilegence.com\/en\/#organization"},"image":{"@id":"https:\/\/www.textilegence.com\/en\/turkish-textile-industry-to-achive-success-in-change-with-karl-mayer\/#primaryimage"},"thumbnailUrl":"https:\/\/www.textilegence.com\/wp-content\/uploads\/2024\/04\/1-karl-mayer-itm.jpg","keywords":["ITM 2024","karl mayer","knitting","textile news"],"articleSection":["Knitting"],"inLanguage":"en-US"},{"@type":"WebPage","@id":"https:\/\/www.textilegence.com\/en\/turkish-textile-industry-to-achive-success-in-change-with-karl-mayer\/","url":"https:\/\/www.textilegence.com\/en\/turkish-textile-industry-to-achive-success-in-change-with-karl-mayer\/","name":"Turkish textile industry to achive success in change with KARL MAYER - Textilegence","isPartOf":{"@id":"https:\/\/www.textilegence.com\/en\/#website"},"primaryImageOfPage":{"@id":"https:\/\/www.textilegence.com\/en\/turkish-textile-industry-to-achive-success-in-change-with-karl-mayer\/#primaryimage"},"image":{"@id":"https:\/\/www.textilegence.com\/en\/turkish-textile-industry-to-achive-success-in-change-with-karl-mayer\/#primaryimage"},"thumbnailUrl":"https:\/\/www.textilegence.com\/wp-content\/uploads\/2024\/04\/1-karl-mayer-itm.jpg","datePublished":"2024-04-26T09:46:57+00:00","dateModified":"2024-04-26T09:47:47+00:00","description":"The KARL MAYER GROUP participates at ITM 2024 on June, 4-8 in \u0130stanbul, with its rich solution portfolio that offers a good opportunity to...","breadcrumb":{"@id":"https:\/\/www.textilegence.com\/en\/turkish-textile-industry-to-achive-success-in-change-with-karl-mayer\/#breadcrumb"},"inLanguage":"en-US","potentialAction":[{"@type":"ReadAction","target":["https:\/\/www.textilegence.com\/en\/turkish-textile-industry-to-achive-success-in-change-with-karl-mayer\/"]}]},{"@type":"ImageObject","inLanguage":"en-US","@id":"https:\/\/www.textilegence.com\/en\/turkish-textile-industry-to-achive-success-in-change-with-karl-mayer\/#primaryimage","url":"https:\/\/www.textilegence.com\/wp-content\/uploads\/2024\/04\/1-karl-mayer-itm.jpg","contentUrl":"https:\/\/www.textilegence.com\/wp-content\/uploads\/2024\/04\/1-karl-mayer-itm.jpg","width":1920,"height":1080,"caption":"Turkish textile industry to achive success in change with KARL MAYER Image Source: Karl Mayer"},{"@type":"BreadcrumbList","@id":"https:\/\/www.textilegence.com\/en\/turkish-textile-industry-to-achive-success-in-change-with-karl-mayer\/#breadcrumb","itemListElement":[{"@type":"ListItem","position":1,"name":"Home Page","item":"https:\/\/www.textilegence.com\/en\/homepage-the-rimont\/"},{"@type":"ListItem","position":2,"name":"Knitting","item":"https:\/\/www.textilegence.com\/en\/category\/knitting\/"},{"@type":"ListItem","position":3,"name":"Turkish textile industry to achive success in change with KARL MAYER"}]},{"@type":"WebSite","@id":"https:\/\/www.textilegence.com\/en\/#website","url":"https:\/\/www.textilegence.com\/en\/","name":"Textilegence Magazine and Digital Platform","description":"Textile News Center","publisher":{"@id":"https:\/\/www.textilegence.com\/en\/#organization"},"potentialAction":[{"@type":"SearchAction","target":{"@type":"EntryPoint","urlTemplate":"https:\/\/www.textilegence.com\/en\/?s={search_term_string}"},"query-input":{"@type":"PropertyValueSpecification","valueRequired":true,"valueName":"search_term_string"}}],"inLanguage":"en-US"},{"@type":"Organization","@id":"https:\/\/www.textilegence.com\/en\/#organization","name":"Textilegence Magazine and Digital Platform","url":"https:\/\/www.textilegence.com\/en\/","logo":{"@type":"ImageObject","inLanguage":"en-US","@id":"https:\/\/www.textilegence.com\/en\/#\/schema\/logo\/image\/","url":"https:\/\/www.textilegence.com\/wp-content\/uploads\/2016\/11\/New_Retina_Logo_Textilegence.png","contentUrl":"https:\/\/www.textilegence.com\/wp-content\/uploads\/2016\/11\/New_Retina_Logo_Textilegence.png","width":544,"height":180,"caption":"Textilegence Magazine and Digital Platform"},"image":{"@id":"https:\/\/www.textilegence.com\/en\/#\/schema\/logo\/image\/"},"sameAs":["https:\/\/www.facebook.com\/TextilegenceMagazine","https:\/\/x.com\/textilegence","https:\/\/www.instagram.com\/textilegence\/","https:\/\/www.linkedin.com\/groups\/Textilegence-Magazine-Digital-Platform-4897253","https:\/\/www.youtube.com\/user\/textilegence"],"description":"Textilegence is a magazine and digital platform established in 2013. It focuses on the textile industry and sub-segments. The platform provides news, articles, and updates on various aspects of the textile industry, including sustainability, technological advancements, and market trends.","email":"editor@textilegence.com","telephone":"+90 212 442 24 12","legalName":"Textilegence Mag and Digital Platform","foundingDate":"2013-01-01","numberOfEmployees":{"@type":"QuantitativeValue","minValue":"1","maxValue":"10"}},{"@type":"Person","@id":"https:\/\/www.textilegence.com\/en\/#\/schema\/person\/46ccc7bfc34edbc7d46b6b189f88849f","name":"Engin Buz","image":{"@type":"ImageObject","inLanguage":"en-US","@id":"https:\/\/www.textilegence.com\/wp-content\/uploads\/2018\/12\/engin-buz.jpg","url":"https:\/\/www.textilegence.com\/wp-content\/uploads\/2018\/12\/engin-buz.jpg","contentUrl":"https:\/\/www.textilegence.com\/wp-content\/uploads\/2018\/12\/engin-buz.jpg","caption":"Engin Buz"},"description":"Engin Buz, Ankara \u00dcniversitesi \u0130leti\u015fim Fak\u00fcltesi Gazetecilik B\u00f6l\u00fcm\u00fc\u2019nden mezun olduktan sonra Y\u0131ld\u0131z Teknik \u00dcniversitesi\u2019nde Siyaset Bilimi ve Uluslararas\u0131 \u0130li\u015fkiler alan\u0131nda y\u00fcksek lisans\u0131n\u0131 tamamlam\u0131\u015ft\u0131r. 2000 y\u0131l\u0131ndan sonra \u00e7e\u015fitli yay\u0131nc\u0131l\u0131k \u015firketlerinde \u00e7al\u0131\u015fmaya ba\u015flayarak k\u00fclt\u00fcr-sanat ve daha sonra ekonomi haberleri haz\u0131rlam\u0131\u015ft\u0131r. 2009 y\u0131l\u0131ndan itibaren tekstil end\u00fcstrisine d\u00f6n\u00fck yay\u0131nlarda edit\u00f6r olarak g\u00f6rev alan Buz, 2013 itibariyle kurulan Textilegence\u2019de haber edit\u00f6r\u00fc olarak yer almaya ba\u015flam\u0131\u015ft\u0131r. Engin Buz halen ba\u015fta tekstil ve dijital bask\u0131 end\u00fcstrileri olmak \u00fczere ekonomi haberleri haz\u0131rlamaktad\u0131r.","sameAs":["https:\/\/www.textilegence.com","https:\/\/www.facebook.com\/TextilegenceMagazine","https:\/\/www.instagram.com\/textilegence\/","https:\/\/www.linkedin.com\/in\/engin-buz-6190799a\/","https:\/\/x.com\/https:\/\/twitter.com\/textilegence"],"url":"https:\/\/www.textilegence.com\/en\/author\/engin-buz\/"}]}},"_links":{"self":[{"href":"https:\/\/www.textilegence.com\/en\/wp-json\/wp\/v2\/posts\/58500","targetHints":{"allow":["GET"]}}],"collection":[{"href":"https:\/\/www.textilegence.com\/en\/wp-json\/wp\/v2\/posts"}],"about":[{"href":"https:\/\/www.textilegence.com\/en\/wp-json\/wp\/v2\/types\/post"}],"author":[{"embeddable":true,"href":"https:\/\/www.textilegence.com\/en\/wp-json\/wp\/v2\/users\/2"}],"replies":[{"embeddable":true,"href":"https:\/\/www.textilegence.com\/en\/wp-json\/wp\/v2\/comments?post=58500"}],"version-history":[{"count":0,"href":"https:\/\/www.textilegence.com\/en\/wp-json\/wp\/v2\/posts\/58500\/revisions"}],"wp:featuredmedia":[{"embeddable":true,"href":"https:\/\/www.textilegence.com\/en\/wp-json\/wp\/v2\/media\/58496"}],"wp:attachment":[{"href":"https:\/\/www.textilegence.com\/en\/wp-json\/wp\/v2\/media?parent=58500"}],"wp:term":[{"taxonomy":"category","embeddable":true,"href":"https:\/\/www.textilegence.com\/en\/wp-json\/wp\/v2\/categories?post=58500"},{"taxonomy":"post_tag","embeddable":true,"href":"https:\/\/www.textilegence.com\/en\/wp-json\/wp\/v2\/tags?post=58500"}],"curies":[{"name":"wp","href":"https:\/\/api.w.org\/{rel}","templated":true}]}}