{"id":58948,"date":"2024-05-31T12:39:42","date_gmt":"2024-05-31T09:39:42","guid":{"rendered":"http:\/\/www.textilegence.com\/?p=58948"},"modified":"2024-05-31T12:39:50","modified_gmt":"2024-05-31T09:39:50","slug":"konica-minolta-to-introduce-digital-printing-innovations-at-itm","status":"publish","type":"post","link":"https:\/\/www.textilegence.com\/en\/konica-minolta-to-introduce-digital-printing-innovations-at-itm\/","title":{"rendered":"Konica Minolta to introduce digital printing innovations at ITM"},"content":{"rendered":"\n<p>Konica Minolta, one of the leading <a href=\"https:\/\/www.konicaminolta.it\/it-it\" target=\"_blank\" rel=\"noreferrer noopener\">brands<\/a> in digital textile printing, will take place at ITM 2024 on June 4-8. In collaboration with its local agent SPOT Tekstil, the company will showcase the latest technological innovations in terms of <a href=\"https:\/\/www.textilegence.com\/en\/category\/printing\/\" target=\"_blank\" rel=\"noreferrer noopener\">print<\/a> quality, colour management, efficiency and sustainability in its portfolio at booth 1112 in Hall 11.<\/p>\n\n\n\n<p>Visitors to ITM 2024 will have the opportunity to see first-hand the flagship Nassenger system, which offers state-of-the-art, high-performance printing. The Nassenger system features 9-colour printing heads developed entirely by Konica Minolta itself, offering high printing speed while maintaining the highest quality. Its innovative technology offers unprecedented accuracy, high reliability and improved stability to minimise downtime, as well as ease of use and maintenance.<\/p>\n\n\n\n<h2 class=\"wp-block-heading\" id=\"h-no-more-pretreatment-of-the-entire-fabric\"><strong>No more pretreatment of the entire fabric<\/strong><\/h2>\n\n\n\n<p>The company\u2019s focus has always been on innovation and sustainability and covers every stage of the process, from pre-press, through production, to post-printing. To this end, the printing machine on the stand will be equipped with In-line Pretreatment technology. This technology makes it possible to completely skip the fabric pretreatment phase, going directly to the printing stage. Thanks to this innovation, it is no longer necessary to pre-treat the entire fabric, but the pretreatment ink is only placed where the colour will go. This results in greater speed in the entire fabric printing process with lower water consumption and greater cost savings.<\/p>\n\n\n\n<p>Another innovation at the exhibition will be the water-based pigment ink; with this innovation, the printing process is significantly reduced in steps and time and enormous benefits are achieved in terms of energy savings, reduced water consumption and optimised wastewater disposal. Besides, fabric samples made with this technology will also be shown throughout the exhibition.<\/p>\n\n\n<div class=\"wp-block-image\">\n<figure class=\"aligncenter size-full\"><img loading=\"lazy\" decoding=\"async\" width=\"1920\" height=\"1080\" src=\"https:\/\/www.textilegence.com\/wp-content\/uploads\/2024\/05\/Konica-Minolta-Inkbottle.jpg\" alt=\"Konica Minolta is now working on the other chemistries: acid and disperse ink   Image Source: Konica Minolta\" class=\"wp-image-58946\" srcset=\"https:\/\/www.textilegence.com\/wp-content\/uploads\/2024\/05\/Konica-Minolta-Inkbottle.jpg 1920w, https:\/\/www.textilegence.com\/wp-content\/uploads\/2024\/05\/Konica-Minolta-Inkbottle-768x432.jpg 768w, https:\/\/www.textilegence.com\/wp-content\/uploads\/2024\/05\/Konica-Minolta-Inkbottle-1536x864.jpg 1536w, https:\/\/www.textilegence.com\/wp-content\/uploads\/2024\/05\/Konica-Minolta-Inkbottle-300x169.jpg 300w, https:\/\/www.textilegence.com\/wp-content\/uploads\/2024\/05\/Konica-Minolta-Inkbottle-600x338.jpg 600w, https:\/\/www.textilegence.com\/wp-content\/uploads\/2024\/05\/Konica-Minolta-Inkbottle-696x392.jpg 696w, https:\/\/www.textilegence.com\/wp-content\/uploads\/2024\/05\/Konica-Minolta-Inkbottle-1068x601.jpg 1068w\" sizes=\"auto, (max-width: 1920px) 100vw, 1920px\" \/><figcaption class=\"wp-element-caption\">Konica Minolta is now working on the other chemistries: acid and disperse ink   Image Source: Konica Minolta<\/figcaption><\/figure>\n<\/div>\n\n\n<h2 class=\"wp-block-heading\" id=\"h-konica-minolta-make-the-inks-more-sustainable\"><strong>Konica Minolta make the inks more sustainable<\/strong><\/h2>\n\n\n\n<p>As far as in-line preparation technology is concerned, Konica Minolta has concluded the R&amp;D phase carried out together with the leading Fashion Luxury partner &#8220;Gentili Mosconi&#8221;, who collaborated in developing the final formula for the reactive ink in the pre-treatment process. Since the beginning of this year, Konica Minolta has started distributing the product in Italy and abroad without restriction.<\/p>\n\n\n\n<p>Following this success, the company is now working on the other chemistries: acid and disperse ink. In particular, the primary objective is to renew the acid ink range, improving its sustainability and increasing the colour space.<\/p>\n\n\n\n<h2 class=\"wp-block-heading\" id=\"h-investments-in-comprehensive-technical-services-for-the-turkish-market-continue\"><strong>Investments in comprehensive technical services for the Turkish market continue<\/strong><\/h2>\n\n\n\n<p>Konica Minolta emphasises the importance the company gives to its technical service, which is made up of software, electronic and mechanical engineers. Given the importance of the Turkish market and the number of machines in the territory to date, the company continues to invest in a comprehensive technical service to fully meet the demands of the Turkish and neighbouring markets, with the aim of always putting the customer at the centre. In addition, Konica Minolta expects to receive numerous visits from Turkish customers as well as customers from neighbouring and growing countries such as Uzbekistan, Egypt and Pakistan.<\/p>\n\n\n\n<h2 class=\"wp-block-heading\" id=\"h-the-focus-of-each-solution-is-environment-efficiency-and-quality\"><strong>The focus of each solution is environment, efficiency and quality<\/strong><\/h2>\n\n\n\n<p>All the new technologies presented at the exhibition show a focus on the environment, production process efficiency and printed fabric quality, demonstrating Konica Minolta&#8217;s long-standing commitment to offering solutions and working with different partners in the textile industry to promote innovation and sustainability for the benefit of customers and society in general.<\/p>\n","protected":false},"excerpt":{"rendered":"<p>Konica Minolta, one of the leading brands in digital textile printing, will take place at ITM 2024 on June 4-8. In collaboration with its local agent SPOT Tekstil, the company will showcase the latest technological innovations in terms of print quality, colour management, efficiency and sustainability in its portfolio at booth 1112 in Hall 11. [&hellip;]<\/p>\n","protected":false},"author":26,"featured_media":58944,"comment_status":"closed","ping_status":"closed","sticky":false,"template":"","format":"standard","meta":{"footnotes":""},"categories":[9853],"tags":[10234,16291,11559],"class_list":{"0":"post-58948","1":"post","2":"type-post","3":"status-publish","4":"format-standard","5":"has-post-thumbnail","7":"category-printing","8":"tag-digital-printing","9":"tag-itm-2024","10":"tag-konica-minolta-en"},"yoast_head":"<!-- This site is optimized with the Yoast SEO Premium plugin v27.3 (Yoast SEO v27.3) - https:\/\/yoast.com\/product\/yoast-seo-premium-wordpress\/ -->\n<title>Konica Minolta to introduce digital printing innovations at ITM - Textilegence<\/title>\n<meta name=\"description\" content=\"Konica Minolta, one of the leading brands in digital textile printing, will take place at ITM 2024 on June 4-8. In collaboration with its...\" \/>\n<meta name=\"robots\" content=\"index, follow, max-snippet:-1, max-image-preview:large, max-video-preview:-1\" \/>\n<link rel=\"canonical\" href=\"https:\/\/www.textilegence.com\/en\/konica-minolta-to-introduce-digital-printing-innovations-at-itm\/\" \/>\n<meta property=\"og:locale\" content=\"en_US\" \/>\n<meta property=\"og:type\" content=\"article\" \/>\n<meta property=\"og:title\" content=\"Konica Minolta to introduce digital printing innovations at ITM\" \/>\n<meta property=\"og:description\" content=\"Konica Minolta, one of the leading brands in digital textile printing, will take place at ITM 2024 on June 4-8. In collaboration with its local agent SPOT\" \/>\n<meta property=\"og:url\" content=\"https:\/\/www.textilegence.com\/en\/konica-minolta-to-introduce-digital-printing-innovations-at-itm\/\" \/>\n<meta property=\"og:site_name\" content=\"Textilegence Magazine and Digital Platform\" \/>\n<meta property=\"article:publisher\" content=\"https:\/\/www.facebook.com\/TextilegenceMagazine\" \/>\n<meta property=\"article:author\" content=\"https:\/\/www.facebook.com\/TextilegenceMagazine\" \/>\n<meta property=\"article:published_time\" content=\"2024-05-31T09:39:42+00:00\" \/>\n<meta property=\"article:modified_time\" content=\"2024-05-31T09:39:50+00:00\" \/>\n<meta property=\"og:image\" content=\"https:\/\/www.textilegence.com\/wp-content\/uploads\/2024\/05\/Konica-Minolta-Nassenger_10_PRINT.jpg\" \/>\n\t<meta property=\"og:image:width\" content=\"1920\" \/>\n\t<meta property=\"og:image:height\" content=\"1080\" \/>\n\t<meta property=\"og:image:type\" content=\"image\/jpeg\" \/>\n<meta name=\"author\" content=\"Ya\u011fmur Melis \u015eim\u015fek\" \/>\n<meta name=\"twitter:card\" content=\"summary_large_image\" \/>\n<meta name=\"twitter:creator\" content=\"@https:\/\/twitter.com\/textilegence\" \/>\n<meta name=\"twitter:site\" content=\"@textilegence\" \/>\n<meta name=\"twitter:label1\" content=\"Written by\" \/>\n\t<meta name=\"twitter:data1\" content=\"Ya\u011fmur Melis \u015eim\u015fek\" \/>\n\t<meta name=\"twitter:label2\" content=\"Est. reading time\" \/>\n\t<meta name=\"twitter:data2\" content=\"4 minutes\" \/>\n<script type=\"application\/ld+json\" class=\"yoast-schema-graph\">{\"@context\":\"https:\\\/\\\/schema.org\",\"@graph\":[{\"@type\":\"NewsArticle\",\"@id\":\"https:\\\/\\\/www.textilegence.com\\\/en\\\/konica-minolta-to-introduce-digital-printing-innovations-at-itm\\\/#article\",\"isPartOf\":{\"@id\":\"https:\\\/\\\/www.textilegence.com\\\/en\\\/konica-minolta-to-introduce-digital-printing-innovations-at-itm\\\/\"},\"author\":{\"name\":\"Ya\u011fmur Melis \u015eim\u015fek\",\"@id\":\"https:\\\/\\\/www.textilegence.com\\\/en\\\/#\\\/schema\\\/person\\\/cfa6baf17f0478131c673c93a9b88ef3\"},\"headline\":\"Konica Minolta to introduce digital printing innovations at ITM\",\"datePublished\":\"2024-05-31T09:39:42+00:00\",\"dateModified\":\"2024-05-31T09:39:50+00:00\",\"mainEntityOfPage\":{\"@id\":\"https:\\\/\\\/www.textilegence.com\\\/en\\\/konica-minolta-to-introduce-digital-printing-innovations-at-itm\\\/\"},\"wordCount\":582,\"publisher\":{\"@id\":\"https:\\\/\\\/www.textilegence.com\\\/en\\\/#organization\"},\"image\":{\"@id\":\"https:\\\/\\\/www.textilegence.com\\\/en\\\/konica-minolta-to-introduce-digital-printing-innovations-at-itm\\\/#primaryimage\"},\"thumbnailUrl\":\"https:\\\/\\\/www.textilegence.com\\\/wp-content\\\/uploads\\\/2024\\\/05\\\/Konica-Minolta-Nassenger_10_PRINT.jpg\",\"keywords\":[\"digital printing\",\"ITM 2024\",\"konica minolta\"],\"articleSection\":[\"Printing\"],\"inLanguage\":\"en-US\"},{\"@type\":\"WebPage\",\"@id\":\"https:\\\/\\\/www.textilegence.com\\\/en\\\/konica-minolta-to-introduce-digital-printing-innovations-at-itm\\\/\",\"url\":\"https:\\\/\\\/www.textilegence.com\\\/en\\\/konica-minolta-to-introduce-digital-printing-innovations-at-itm\\\/\",\"name\":\"Konica Minolta to introduce digital printing innovations at ITM - Textilegence\",\"isPartOf\":{\"@id\":\"https:\\\/\\\/www.textilegence.com\\\/en\\\/#website\"},\"primaryImageOfPage\":{\"@id\":\"https:\\\/\\\/www.textilegence.com\\\/en\\\/konica-minolta-to-introduce-digital-printing-innovations-at-itm\\\/#primaryimage\"},\"image\":{\"@id\":\"https:\\\/\\\/www.textilegence.com\\\/en\\\/konica-minolta-to-introduce-digital-printing-innovations-at-itm\\\/#primaryimage\"},\"thumbnailUrl\":\"https:\\\/\\\/www.textilegence.com\\\/wp-content\\\/uploads\\\/2024\\\/05\\\/Konica-Minolta-Nassenger_10_PRINT.jpg\",\"datePublished\":\"2024-05-31T09:39:42+00:00\",\"dateModified\":\"2024-05-31T09:39:50+00:00\",\"description\":\"Konica Minolta, one of the leading brands in digital textile printing, will take place at ITM 2024 on June 4-8. In collaboration with its...\",\"breadcrumb\":{\"@id\":\"https:\\\/\\\/www.textilegence.com\\\/en\\\/konica-minolta-to-introduce-digital-printing-innovations-at-itm\\\/#breadcrumb\"},\"inLanguage\":\"en-US\",\"potentialAction\":[{\"@type\":\"ReadAction\",\"target\":[\"https:\\\/\\\/www.textilegence.com\\\/en\\\/konica-minolta-to-introduce-digital-printing-innovations-at-itm\\\/\"]}]},{\"@type\":\"ImageObject\",\"inLanguage\":\"en-US\",\"@id\":\"https:\\\/\\\/www.textilegence.com\\\/en\\\/konica-minolta-to-introduce-digital-printing-innovations-at-itm\\\/#primaryimage\",\"url\":\"https:\\\/\\\/www.textilegence.com\\\/wp-content\\\/uploads\\\/2024\\\/05\\\/Konica-Minolta-Nassenger_10_PRINT.jpg\",\"contentUrl\":\"https:\\\/\\\/www.textilegence.com\\\/wp-content\\\/uploads\\\/2024\\\/05\\\/Konica-Minolta-Nassenger_10_PRINT.jpg\",\"width\":1920,\"height\":1080,\"caption\":\"Konica Minolta to introduce digital printing innovations at ITM Image Source: Konica Minolta\"},{\"@type\":\"BreadcrumbList\",\"@id\":\"https:\\\/\\\/www.textilegence.com\\\/en\\\/konica-minolta-to-introduce-digital-printing-innovations-at-itm\\\/#breadcrumb\",\"itemListElement\":[{\"@type\":\"ListItem\",\"position\":1,\"name\":\"Home Page\",\"item\":\"https:\\\/\\\/www.textilegence.com\\\/en\\\/homepage-the-rimont\\\/\"},{\"@type\":\"ListItem\",\"position\":2,\"name\":\"Printing\",\"item\":\"https:\\\/\\\/www.textilegence.com\\\/en\\\/category\\\/printing\\\/\"},{\"@type\":\"ListItem\",\"position\":3,\"name\":\"Konica Minolta to introduce digital printing innovations at ITM\"}]},{\"@type\":\"WebSite\",\"@id\":\"https:\\\/\\\/www.textilegence.com\\\/en\\\/#website\",\"url\":\"https:\\\/\\\/www.textilegence.com\\\/en\\\/\",\"name\":\"Textilegence Magazine and Digital Platform\",\"description\":\"Textile News Center\",\"publisher\":{\"@id\":\"https:\\\/\\\/www.textilegence.com\\\/en\\\/#organization\"},\"potentialAction\":[{\"@type\":\"SearchAction\",\"target\":{\"@type\":\"EntryPoint\",\"urlTemplate\":\"https:\\\/\\\/www.textilegence.com\\\/en\\\/?s={search_term_string}\"},\"query-input\":{\"@type\":\"PropertyValueSpecification\",\"valueRequired\":true,\"valueName\":\"search_term_string\"}}],\"inLanguage\":\"en-US\"},{\"@type\":\"Organization\",\"@id\":\"https:\\\/\\\/www.textilegence.com\\\/en\\\/#organization\",\"name\":\"Textilegence Magazine and Digital Platform\",\"url\":\"https:\\\/\\\/www.textilegence.com\\\/en\\\/\",\"logo\":{\"@type\":\"ImageObject\",\"inLanguage\":\"en-US\",\"@id\":\"https:\\\/\\\/www.textilegence.com\\\/en\\\/#\\\/schema\\\/logo\\\/image\\\/\",\"url\":\"https:\\\/\\\/www.textilegence.com\\\/wp-content\\\/uploads\\\/2016\\\/11\\\/New_Retina_Logo_Textilegence.png\",\"contentUrl\":\"https:\\\/\\\/www.textilegence.com\\\/wp-content\\\/uploads\\\/2016\\\/11\\\/New_Retina_Logo_Textilegence.png\",\"width\":544,\"height\":180,\"caption\":\"Textilegence Magazine and Digital Platform\"},\"image\":{\"@id\":\"https:\\\/\\\/www.textilegence.com\\\/en\\\/#\\\/schema\\\/logo\\\/image\\\/\"},\"sameAs\":[\"https:\\\/\\\/www.facebook.com\\\/TextilegenceMagazine\",\"https:\\\/\\\/x.com\\\/textilegence\",\"https:\\\/\\\/www.instagram.com\\\/textilegence\\\/\",\"https:\\\/\\\/www.linkedin.com\\\/groups\\\/Textilegence-Magazine-Digital-Platform-4897253\",\"https:\\\/\\\/www.youtube.com\\\/user\\\/textilegence\"],\"description\":\"Textilegence is a magazine and digital platform established in 2013. It focuses on the textile industry and sub-segments. The platform provides news, articles, and updates on various aspects of the textile industry, including sustainability, technological advancements, and market trends.\",\"email\":\"editor@textilegence.com\",\"telephone\":\"+90 212 442 24 12\",\"legalName\":\"Textilegence Mag and Digital Platform\",\"foundingDate\":\"2013-01-01\",\"numberOfEmployees\":{\"@type\":\"QuantitativeValue\",\"minValue\":\"1\",\"maxValue\":\"10\"}},{\"@type\":\"Person\",\"@id\":\"https:\\\/\\\/www.textilegence.com\\\/en\\\/#\\\/schema\\\/person\\\/cfa6baf17f0478131c673c93a9b88ef3\",\"name\":\"Ya\u011fmur Melis \u015eim\u015fek\",\"image\":{\"@type\":\"ImageObject\",\"inLanguage\":\"en-US\",\"@id\":\"https:\\\/\\\/www.textilegence.com\\\/wp-content\\\/uploads\\\/2022\\\/03\\\/Yagmur_photo1.jpg\",\"url\":\"https:\\\/\\\/www.textilegence.com\\\/wp-content\\\/uploads\\\/2022\\\/03\\\/Yagmur_photo1.jpg\",\"contentUrl\":\"https:\\\/\\\/www.textilegence.com\\\/wp-content\\\/uploads\\\/2022\\\/03\\\/Yagmur_photo1.jpg\",\"caption\":\"Ya\u011fmur Melis \u015eim\u015fek\"},\"description\":\"Ya\u011fmur Melis \u015eim\u015fek, Saint-Beno\u00eet Frans\u0131z Lisesi\u2019nde e\u011fitim g\u00f6rm\u00fc\u015f, ard\u0131ndan Anadolu \u00dcniversitesi\u2019nde iki y\u0131ll\u0131k Foto\u011fraf\u00e7\u0131l\u0131k B\u00f6l\u00fcm\u00fc\u2019n\u00fc tamamlam\u0131\u015ft\u0131r. Daha sonra lisans e\u011fitimini \u0130stanbul \u00dcniversitesi Gazetecilik B\u00f6l\u00fcm\u00fc\u2019nde s\u00fcrd\u00fcrm\u00fc\u015f, mezuniyetin ard\u0131ndan ise 2017 y\u0131l\u0131nda i\u015f hayat\u0131na at\u0131lm\u0131\u015ft\u0131r. Pek \u00e7ok farkl\u0131 projede, foto\u011fraf\u00e7\u0131l\u0131k ve grafik tasar\u0131mc\u0131l\u0131\u011f\u0131n yan\u0131 s\u0131ra teknoloji alan\u0131nda i\u00e7erik ve haber yazarl\u0131\u011f\u0131 gibi \u00e7e\u015fitli pozisyonlarda yer alan \u015eim\u015fek, 2021 y\u0131l\u0131ndan bu yana Textilegence\u2019da d\u0131\u015f haberlerde yard\u0131mc\u0131 edit\u00f6r olarak g\u00f6rev yapmaktad\u0131r.\",\"sameAs\":[\"https:\\\/\\\/www.textilegence.com\\\/\",\"https:\\\/\\\/www.facebook.com\\\/TextilegenceMagazine\",\"https:\\\/\\\/www.instagram.com\\\/textilegence\\\/\",\"https:\\\/\\\/www.linkedin.com\\\/company\\\/2985016\",\"https:\\\/\\\/x.com\\\/https:\\\/\\\/twitter.com\\\/textilegence\",\"https:\\\/\\\/www.youtube.com\\\/channel\\\/UCgtcny5ljhiXu-yvOiAlpRA\"],\"url\":\"https:\\\/\\\/www.textilegence.com\\\/en\\\/author\\\/yms\\\/\"}]}<\/script>\n<!-- \/ Yoast SEO Premium plugin. -->","yoast_head_json":{"title":"Konica Minolta to introduce digital printing innovations at ITM - Textilegence","description":"Konica Minolta, one of the leading brands in digital textile printing, will take place at ITM 2024 on June 4-8. In collaboration with its...","robots":{"index":"index","follow":"follow","max-snippet":"max-snippet:-1","max-image-preview":"max-image-preview:large","max-video-preview":"max-video-preview:-1"},"canonical":"https:\/\/www.textilegence.com\/en\/konica-minolta-to-introduce-digital-printing-innovations-at-itm\/","og_locale":"en_US","og_type":"article","og_title":"Konica Minolta to introduce digital printing innovations at ITM","og_description":"Konica Minolta, one of the leading brands in digital textile printing, will take place at ITM 2024 on June 4-8. In collaboration with its local agent SPOT","og_url":"https:\/\/www.textilegence.com\/en\/konica-minolta-to-introduce-digital-printing-innovations-at-itm\/","og_site_name":"Textilegence Magazine and Digital Platform","article_publisher":"https:\/\/www.facebook.com\/TextilegenceMagazine","article_author":"https:\/\/www.facebook.com\/TextilegenceMagazine","article_published_time":"2024-05-31T09:39:42+00:00","article_modified_time":"2024-05-31T09:39:50+00:00","og_image":[{"width":1920,"height":1080,"url":"https:\/\/www.textilegence.com\/wp-content\/uploads\/2024\/05\/Konica-Minolta-Nassenger_10_PRINT.jpg","type":"image\/jpeg"}],"author":"Ya\u011fmur Melis \u015eim\u015fek","twitter_card":"summary_large_image","twitter_creator":"@https:\/\/twitter.com\/textilegence","twitter_site":"@textilegence","twitter_misc":{"Written by":"Ya\u011fmur Melis \u015eim\u015fek","Est. reading time":"4 minutes"},"schema":{"@context":"https:\/\/schema.org","@graph":[{"@type":"NewsArticle","@id":"https:\/\/www.textilegence.com\/en\/konica-minolta-to-introduce-digital-printing-innovations-at-itm\/#article","isPartOf":{"@id":"https:\/\/www.textilegence.com\/en\/konica-minolta-to-introduce-digital-printing-innovations-at-itm\/"},"author":{"name":"Ya\u011fmur Melis \u015eim\u015fek","@id":"https:\/\/www.textilegence.com\/en\/#\/schema\/person\/cfa6baf17f0478131c673c93a9b88ef3"},"headline":"Konica Minolta to introduce digital printing innovations at ITM","datePublished":"2024-05-31T09:39:42+00:00","dateModified":"2024-05-31T09:39:50+00:00","mainEntityOfPage":{"@id":"https:\/\/www.textilegence.com\/en\/konica-minolta-to-introduce-digital-printing-innovations-at-itm\/"},"wordCount":582,"publisher":{"@id":"https:\/\/www.textilegence.com\/en\/#organization"},"image":{"@id":"https:\/\/www.textilegence.com\/en\/konica-minolta-to-introduce-digital-printing-innovations-at-itm\/#primaryimage"},"thumbnailUrl":"https:\/\/www.textilegence.com\/wp-content\/uploads\/2024\/05\/Konica-Minolta-Nassenger_10_PRINT.jpg","keywords":["digital printing","ITM 2024","konica minolta"],"articleSection":["Printing"],"inLanguage":"en-US"},{"@type":"WebPage","@id":"https:\/\/www.textilegence.com\/en\/konica-minolta-to-introduce-digital-printing-innovations-at-itm\/","url":"https:\/\/www.textilegence.com\/en\/konica-minolta-to-introduce-digital-printing-innovations-at-itm\/","name":"Konica Minolta to introduce digital printing innovations at ITM - Textilegence","isPartOf":{"@id":"https:\/\/www.textilegence.com\/en\/#website"},"primaryImageOfPage":{"@id":"https:\/\/www.textilegence.com\/en\/konica-minolta-to-introduce-digital-printing-innovations-at-itm\/#primaryimage"},"image":{"@id":"https:\/\/www.textilegence.com\/en\/konica-minolta-to-introduce-digital-printing-innovations-at-itm\/#primaryimage"},"thumbnailUrl":"https:\/\/www.textilegence.com\/wp-content\/uploads\/2024\/05\/Konica-Minolta-Nassenger_10_PRINT.jpg","datePublished":"2024-05-31T09:39:42+00:00","dateModified":"2024-05-31T09:39:50+00:00","description":"Konica Minolta, one of the leading brands in digital textile printing, will take place at ITM 2024 on June 4-8. In collaboration with its...","breadcrumb":{"@id":"https:\/\/www.textilegence.com\/en\/konica-minolta-to-introduce-digital-printing-innovations-at-itm\/#breadcrumb"},"inLanguage":"en-US","potentialAction":[{"@type":"ReadAction","target":["https:\/\/www.textilegence.com\/en\/konica-minolta-to-introduce-digital-printing-innovations-at-itm\/"]}]},{"@type":"ImageObject","inLanguage":"en-US","@id":"https:\/\/www.textilegence.com\/en\/konica-minolta-to-introduce-digital-printing-innovations-at-itm\/#primaryimage","url":"https:\/\/www.textilegence.com\/wp-content\/uploads\/2024\/05\/Konica-Minolta-Nassenger_10_PRINT.jpg","contentUrl":"https:\/\/www.textilegence.com\/wp-content\/uploads\/2024\/05\/Konica-Minolta-Nassenger_10_PRINT.jpg","width":1920,"height":1080,"caption":"Konica Minolta to introduce digital printing innovations at ITM Image Source: Konica Minolta"},{"@type":"BreadcrumbList","@id":"https:\/\/www.textilegence.com\/en\/konica-minolta-to-introduce-digital-printing-innovations-at-itm\/#breadcrumb","itemListElement":[{"@type":"ListItem","position":1,"name":"Home Page","item":"https:\/\/www.textilegence.com\/en\/homepage-the-rimont\/"},{"@type":"ListItem","position":2,"name":"Printing","item":"https:\/\/www.textilegence.com\/en\/category\/printing\/"},{"@type":"ListItem","position":3,"name":"Konica Minolta to introduce digital printing innovations at ITM"}]},{"@type":"WebSite","@id":"https:\/\/www.textilegence.com\/en\/#website","url":"https:\/\/www.textilegence.com\/en\/","name":"Textilegence Magazine and Digital Platform","description":"Textile News Center","publisher":{"@id":"https:\/\/www.textilegence.com\/en\/#organization"},"potentialAction":[{"@type":"SearchAction","target":{"@type":"EntryPoint","urlTemplate":"https:\/\/www.textilegence.com\/en\/?s={search_term_string}"},"query-input":{"@type":"PropertyValueSpecification","valueRequired":true,"valueName":"search_term_string"}}],"inLanguage":"en-US"},{"@type":"Organization","@id":"https:\/\/www.textilegence.com\/en\/#organization","name":"Textilegence Magazine and Digital Platform","url":"https:\/\/www.textilegence.com\/en\/","logo":{"@type":"ImageObject","inLanguage":"en-US","@id":"https:\/\/www.textilegence.com\/en\/#\/schema\/logo\/image\/","url":"https:\/\/www.textilegence.com\/wp-content\/uploads\/2016\/11\/New_Retina_Logo_Textilegence.png","contentUrl":"https:\/\/www.textilegence.com\/wp-content\/uploads\/2016\/11\/New_Retina_Logo_Textilegence.png","width":544,"height":180,"caption":"Textilegence Magazine and Digital Platform"},"image":{"@id":"https:\/\/www.textilegence.com\/en\/#\/schema\/logo\/image\/"},"sameAs":["https:\/\/www.facebook.com\/TextilegenceMagazine","https:\/\/x.com\/textilegence","https:\/\/www.instagram.com\/textilegence\/","https:\/\/www.linkedin.com\/groups\/Textilegence-Magazine-Digital-Platform-4897253","https:\/\/www.youtube.com\/user\/textilegence"],"description":"Textilegence is a magazine and digital platform established in 2013. It focuses on the textile industry and sub-segments. The platform provides news, articles, and updates on various aspects of the textile industry, including sustainability, technological advancements, and market trends.","email":"editor@textilegence.com","telephone":"+90 212 442 24 12","legalName":"Textilegence Mag and Digital Platform","foundingDate":"2013-01-01","numberOfEmployees":{"@type":"QuantitativeValue","minValue":"1","maxValue":"10"}},{"@type":"Person","@id":"https:\/\/www.textilegence.com\/en\/#\/schema\/person\/cfa6baf17f0478131c673c93a9b88ef3","name":"Ya\u011fmur Melis \u015eim\u015fek","image":{"@type":"ImageObject","inLanguage":"en-US","@id":"https:\/\/www.textilegence.com\/wp-content\/uploads\/2022\/03\/Yagmur_photo1.jpg","url":"https:\/\/www.textilegence.com\/wp-content\/uploads\/2022\/03\/Yagmur_photo1.jpg","contentUrl":"https:\/\/www.textilegence.com\/wp-content\/uploads\/2022\/03\/Yagmur_photo1.jpg","caption":"Ya\u011fmur Melis \u015eim\u015fek"},"description":"Ya\u011fmur Melis \u015eim\u015fek, Saint-Beno\u00eet Frans\u0131z Lisesi\u2019nde e\u011fitim g\u00f6rm\u00fc\u015f, ard\u0131ndan Anadolu \u00dcniversitesi\u2019nde iki y\u0131ll\u0131k Foto\u011fraf\u00e7\u0131l\u0131k B\u00f6l\u00fcm\u00fc\u2019n\u00fc tamamlam\u0131\u015ft\u0131r. Daha sonra lisans e\u011fitimini \u0130stanbul \u00dcniversitesi Gazetecilik B\u00f6l\u00fcm\u00fc\u2019nde s\u00fcrd\u00fcrm\u00fc\u015f, mezuniyetin ard\u0131ndan ise 2017 y\u0131l\u0131nda i\u015f hayat\u0131na at\u0131lm\u0131\u015ft\u0131r. Pek \u00e7ok farkl\u0131 projede, foto\u011fraf\u00e7\u0131l\u0131k ve grafik tasar\u0131mc\u0131l\u0131\u011f\u0131n yan\u0131 s\u0131ra teknoloji alan\u0131nda i\u00e7erik ve haber yazarl\u0131\u011f\u0131 gibi \u00e7e\u015fitli pozisyonlarda yer alan \u015eim\u015fek, 2021 y\u0131l\u0131ndan bu yana Textilegence\u2019da d\u0131\u015f haberlerde yard\u0131mc\u0131 edit\u00f6r olarak g\u00f6rev yapmaktad\u0131r.","sameAs":["https:\/\/www.textilegence.com\/","https:\/\/www.facebook.com\/TextilegenceMagazine","https:\/\/www.instagram.com\/textilegence\/","https:\/\/www.linkedin.com\/company\/2985016","https:\/\/x.com\/https:\/\/twitter.com\/textilegence","https:\/\/www.youtube.com\/channel\/UCgtcny5ljhiXu-yvOiAlpRA"],"url":"https:\/\/www.textilegence.com\/en\/author\/yms\/"}]}},"_links":{"self":[{"href":"https:\/\/www.textilegence.com\/en\/wp-json\/wp\/v2\/posts\/58948","targetHints":{"allow":["GET"]}}],"collection":[{"href":"https:\/\/www.textilegence.com\/en\/wp-json\/wp\/v2\/posts"}],"about":[{"href":"https:\/\/www.textilegence.com\/en\/wp-json\/wp\/v2\/types\/post"}],"author":[{"embeddable":true,"href":"https:\/\/www.textilegence.com\/en\/wp-json\/wp\/v2\/users\/26"}],"replies":[{"embeddable":true,"href":"https:\/\/www.textilegence.com\/en\/wp-json\/wp\/v2\/comments?post=58948"}],"version-history":[{"count":0,"href":"https:\/\/www.textilegence.com\/en\/wp-json\/wp\/v2\/posts\/58948\/revisions"}],"wp:featuredmedia":[{"embeddable":true,"href":"https:\/\/www.textilegence.com\/en\/wp-json\/wp\/v2\/media\/58944"}],"wp:attachment":[{"href":"https:\/\/www.textilegence.com\/en\/wp-json\/wp\/v2\/media?parent=58948"}],"wp:term":[{"taxonomy":"category","embeddable":true,"href":"https:\/\/www.textilegence.com\/en\/wp-json\/wp\/v2\/categories?post=58948"},{"taxonomy":"post_tag","embeddable":true,"href":"https:\/\/www.textilegence.com\/en\/wp-json\/wp\/v2\/tags?post=58948"}],"curies":[{"name":"wp","href":"https:\/\/api.w.org\/{rel}","templated":true}]}}