{"id":59830,"date":"2024-09-20T11:05:05","date_gmt":"2024-09-20T08:05:05","guid":{"rendered":"http:\/\/www.textilegence.com\/?p=59830"},"modified":"2024-09-20T11:05:17","modified_gmt":"2024-09-20T08:05:17","slug":"minister-of-trade-bolat-gave-the-signal-that-support-for-the-textile-industry-would-continue","status":"publish","type":"post","link":"https:\/\/www.textilegence.com\/en\/minister-of-trade-bolat-gave-the-signal-that-support-for-the-textile-industry-would-continue\/","title":{"rendered":"Minister of Trade Bolat gave the signal that support for the textile industry would continue"},"content":{"rendered":"\n<p>The Turkish textile, garment and apparel <a href=\"https:\/\/www.textilegence.com\/en\/category\/topical\/\" target=\"_blank\" rel=\"noreferrer noopener\">industries<\/a> are among the sectors most affected by both the global inflationary environment and wars as well as domestic economic policies and which lost power in production due to the earthquakes in February 2023, meanwhile they continue their efforts to maintain their power in the market. However, manufacturers, who state that they have difficulty maintaining their competitiveness in the global arena, emphasize state support and regulations at every opportunity.<\/p>\n\n\n\n<p>Speaking at the opening of the <a href=\"https:\/\/www.texhibitionist.com\/\" target=\"_blank\" rel=\"noreferrer noopener\">Texhibition<\/a> Istanbul Fabric, Yarn and Textile Accessories Fair held at the Istanbul Expo Center (IFM) on September 11-13, Minister of Trade \u00d6mer Bolat said that there were intense complaints from manufacturers about some irregular import practices that created unfair competition. \u201cIn the 15 months that have passed, we, as the Ministry of Trade, have solved a great majority of these problems through both our General Directorate of Export and our General Directorate of Import,\u201d said Bolat, noting that Eximbank resources and rediscount credits had been increased 10 times, while the foreign exchange requirement had been reduced from 80 percent to 30 percent.<\/p>\n\n\n\n<h2 class=\"wp-block-heading\" id=\"h-turkish-brands-will-continue-to-grow-in-both-textile-and-garment\"><strong>\u201cTurkish brands will continue to grow in both textile and garment\u201d<\/strong><\/h2>\n\n\n\n<p>Minister Bolat said that as a Ministry, they provided much more grant support than planned in their budget. \u201cAs a result of the investigations carried out for the complaint applications made to us on the import front, we took important decisions without hesitation against wrong practices and practices that create injustice,\u201d he said meanwhile conveying that the Texhibition fair is growing today, and that this shows how important and fundamental strategic the textile and garment industry is for T\u00fcrkiye. Bolat continued his words as follows;<\/p>\n\n\n\n<p>\u201cAs a government, as a state, as T\u00fcrkiye, we have never neglected the textile and apparel industries, and we will not. We have always said the same for other industries, and Turkish textiles, which have become famous worldwide, and Turkish brands will continue to grow in both textiles and apparel. We said that as long as we come to the right prescriptions through consultation, take the right measures, and through branding, innovation, and quality production, it will be possible for you to sell more profitable, higher-priced products in the world arena and in trade. All the measures we have taken have been in line with this. This is a package of 10 million liras per company, and up to 50 percent grant support in consultancy services to companies that initiate green transformation adaptation studies. Companies that embark on this path will also be entitled to receive green transformation financing packages from our Ministry of Industry and Technology and Eximbank under suitable conditions.\u201d<\/p>\n\n\n<div class=\"wp-block-image\">\n<figure class=\"aligncenter size-full\"><img loading=\"lazy\" decoding=\"async\" width=\"1920\" height=\"1080\" src=\"https:\/\/www.textilegence.com\/wp-content\/uploads\/2024\/09\/Turkiye-tekstil.jpg\" alt=\"Minister of Trade Bolat gave the signal that support for the textile industry would continue Image Source: Texhibition\" class=\"wp-image-59828\" srcset=\"https:\/\/www.textilegence.com\/wp-content\/uploads\/2024\/09\/Turkiye-tekstil.jpg 1920w, https:\/\/www.textilegence.com\/wp-content\/uploads\/2024\/09\/Turkiye-tekstil-768x432.jpg 768w, https:\/\/www.textilegence.com\/wp-content\/uploads\/2024\/09\/Turkiye-tekstil-1536x864.jpg 1536w, https:\/\/www.textilegence.com\/wp-content\/uploads\/2024\/09\/Turkiye-tekstil-300x169.jpg 300w, https:\/\/www.textilegence.com\/wp-content\/uploads\/2024\/09\/Turkiye-tekstil-600x338.jpg 600w, https:\/\/www.textilegence.com\/wp-content\/uploads\/2024\/09\/Turkiye-tekstil-696x392.jpg 696w, https:\/\/www.textilegence.com\/wp-content\/uploads\/2024\/09\/Turkiye-tekstil-1068x601.jpg 1068w\" sizes=\"auto, (max-width: 1920px) 100vw, 1920px\" \/><figcaption class=\"wp-element-caption\">Minister of Trade Bolat gave the signal that support for the textile industry would continue   Image Source: Texhibition<\/figcaption><\/figure>\n<\/div>\n\n\n<h2 class=\"wp-block-heading\" id=\"h-we-are-working-hard-to-access-financing-and-reduce-costs\"><strong>\u201cWe are working hard to access financing and reduce costs\u201d<\/strong><\/h2>\n\n\n\n<p>Minister Bolat stated that they will continue to progress in the right direction and towards achieving the targets, and expressed that they are making efforts in terms of access to financing and reducing costs, especially in employment-intensive sectors. He disclosed: \u201cAs the government, we are working between ministries. Therefore, God willing, we will not hesitate to take new measures. In textiles and garment, we have exports of 21.2 billion dollars as of the first 8 months of this year. It was approximately 33 billion dollars in the whole of last year. With the measures we took in textiles last year, we observed together that the factory wheels have accelerated again. The increasing trends in production and exports continued. They reached an export of 6.2 billion dollars as of the first 8 months, which is a head-to-head outlook with last year\u2019s figures.\u201d<\/p>\n","protected":false},"excerpt":{"rendered":"<p>The Turkish textile, garment and apparel industries are among the sectors most affected by both the global inflationary environment and wars as well as domestic economic policies and which lost power in production due to the earthquakes in February 2023, meanwhile they continue their efforts to maintain their power in the market. However, manufacturers, who [&hellip;]<\/p>\n","protected":false},"author":8,"featured_media":59826,"comment_status":"closed","ping_status":"closed","sticky":false,"template":"","format":"standard","meta":{"footnotes":""},"categories":[9859],"tags":[15032,10369,12450],"class_list":{"0":"post-59830","1":"post","2":"type-post","3":"status-publish","4":"format-standard","5":"has-post-thumbnail","7":"category-topical","8":"tag-texhibition-istanbul","9":"tag-textile-news-en","10":"tag-topical"},"yoast_head":"<!-- This site is optimized with the Yoast SEO Premium plugin v27.3 (Yoast SEO v27.3) - https:\/\/yoast.com\/product\/yoast-seo-premium-wordpress\/ -->\n<title>Minister of Trade Bolat gave the signal that support for the textile industry would continue - Textilegence<\/title>\n<meta name=\"description\" content=\"The Turkish textile, garment and apparel industries are among the sectors most affected by both the global inflationary environment and...\" \/>\n<meta name=\"robots\" content=\"index, follow, max-snippet:-1, max-image-preview:large, max-video-preview:-1\" \/>\n<link rel=\"canonical\" href=\"https:\/\/www.textilegence.com\/en\/minister-of-trade-bolat-gave-the-signal-that-support-for-the-textile-industry-would-continue\/\" \/>\n<meta property=\"og:locale\" content=\"en_US\" \/>\n<meta property=\"og:type\" content=\"article\" \/>\n<meta property=\"og:title\" content=\"Minister of Trade Bolat gave the signal that support for the textile industry would continue\" \/>\n<meta property=\"og:description\" content=\"The Turkish textile, garment and apparel industries are among the sectors most affected by both the global inflationary environment and wars as well as\" \/>\n<meta property=\"og:url\" content=\"https:\/\/www.textilegence.com\/en\/minister-of-trade-bolat-gave-the-signal-that-support-for-the-textile-industry-would-continue\/\" \/>\n<meta property=\"og:site_name\" content=\"Textilegence Magazine and Digital Platform\" \/>\n<meta property=\"article:publisher\" content=\"https:\/\/www.facebook.com\/TextilegenceMagazine\" \/>\n<meta property=\"article:author\" content=\"https:\/\/www.facebook.com\/TextilegenceMagazine\" \/>\n<meta property=\"article:published_time\" content=\"2024-09-20T08:05:05+00:00\" \/>\n<meta property=\"article:modified_time\" content=\"2024-09-20T08:05:17+00:00\" \/>\n<meta property=\"og:image\" content=\"https:\/\/www.textilegence.com\/wp-content\/uploads\/2024\/09\/Omer-Bolat.jpg\" \/>\n\t<meta property=\"og:image:width\" content=\"1920\" \/>\n\t<meta property=\"og:image:height\" content=\"1080\" \/>\n\t<meta property=\"og:image:type\" content=\"image\/jpeg\" \/>\n<meta name=\"author\" content=\"Fatih Cengiarslan\" \/>\n<meta name=\"twitter:card\" content=\"summary_large_image\" \/>\n<meta name=\"twitter:creator\" content=\"@https:\/\/twitter.com\/textilegence\" \/>\n<meta name=\"twitter:site\" content=\"@textilegence\" \/>\n<meta name=\"twitter:label1\" content=\"Written by\" \/>\n\t<meta name=\"twitter:data1\" content=\"Fatih Cengiarslan\" \/>\n\t<meta name=\"twitter:label2\" content=\"Est. reading time\" \/>\n\t<meta name=\"twitter:data2\" content=\"5 minutes\" \/>\n<script type=\"application\/ld+json\" class=\"yoast-schema-graph\">{\"@context\":\"https:\\\/\\\/schema.org\",\"@graph\":[{\"@type\":\"NewsArticle\",\"@id\":\"https:\\\/\\\/www.textilegence.com\\\/en\\\/minister-of-trade-bolat-gave-the-signal-that-support-for-the-textile-industry-would-continue\\\/#article\",\"isPartOf\":{\"@id\":\"https:\\\/\\\/www.textilegence.com\\\/en\\\/minister-of-trade-bolat-gave-the-signal-that-support-for-the-textile-industry-would-continue\\\/\"},\"author\":{\"name\":\"Fatih Cengiarslan\",\"@id\":\"https:\\\/\\\/www.textilegence.com\\\/en\\\/#\\\/schema\\\/person\\\/1c3977109f8a6e1e2b95678836d75cb7\"},\"headline\":\"Minister of Trade Bolat gave the signal that support for the textile industry would continue\",\"datePublished\":\"2024-09-20T08:05:05+00:00\",\"dateModified\":\"2024-09-20T08:05:17+00:00\",\"mainEntityOfPage\":{\"@id\":\"https:\\\/\\\/www.textilegence.com\\\/en\\\/minister-of-trade-bolat-gave-the-signal-that-support-for-the-textile-industry-would-continue\\\/\"},\"wordCount\":616,\"publisher\":{\"@id\":\"https:\\\/\\\/www.textilegence.com\\\/en\\\/#organization\"},\"image\":{\"@id\":\"https:\\\/\\\/www.textilegence.com\\\/en\\\/minister-of-trade-bolat-gave-the-signal-that-support-for-the-textile-industry-would-continue\\\/#primaryimage\"},\"thumbnailUrl\":\"https:\\\/\\\/www.textilegence.com\\\/wp-content\\\/uploads\\\/2024\\\/09\\\/Omer-Bolat.jpg\",\"keywords\":[\"texhibition istanbul\",\"textile news\",\"topical\"],\"articleSection\":[\"Topical\"],\"inLanguage\":\"en-US\"},{\"@type\":\"WebPage\",\"@id\":\"https:\\\/\\\/www.textilegence.com\\\/en\\\/minister-of-trade-bolat-gave-the-signal-that-support-for-the-textile-industry-would-continue\\\/\",\"url\":\"https:\\\/\\\/www.textilegence.com\\\/en\\\/minister-of-trade-bolat-gave-the-signal-that-support-for-the-textile-industry-would-continue\\\/\",\"name\":\"Minister of Trade Bolat gave the signal that support for the textile industry would continue - Textilegence\",\"isPartOf\":{\"@id\":\"https:\\\/\\\/www.textilegence.com\\\/en\\\/#website\"},\"primaryImageOfPage\":{\"@id\":\"https:\\\/\\\/www.textilegence.com\\\/en\\\/minister-of-trade-bolat-gave-the-signal-that-support-for-the-textile-industry-would-continue\\\/#primaryimage\"},\"image\":{\"@id\":\"https:\\\/\\\/www.textilegence.com\\\/en\\\/minister-of-trade-bolat-gave-the-signal-that-support-for-the-textile-industry-would-continue\\\/#primaryimage\"},\"thumbnailUrl\":\"https:\\\/\\\/www.textilegence.com\\\/wp-content\\\/uploads\\\/2024\\\/09\\\/Omer-Bolat.jpg\",\"datePublished\":\"2024-09-20T08:05:05+00:00\",\"dateModified\":\"2024-09-20T08:05:17+00:00\",\"description\":\"The Turkish textile, garment and apparel industries are among the sectors most affected by both the global inflationary environment and...\",\"breadcrumb\":{\"@id\":\"https:\\\/\\\/www.textilegence.com\\\/en\\\/minister-of-trade-bolat-gave-the-signal-that-support-for-the-textile-industry-would-continue\\\/#breadcrumb\"},\"inLanguage\":\"en-US\",\"potentialAction\":[{\"@type\":\"ReadAction\",\"target\":[\"https:\\\/\\\/www.textilegence.com\\\/en\\\/minister-of-trade-bolat-gave-the-signal-that-support-for-the-textile-industry-would-continue\\\/\"]}]},{\"@type\":\"ImageObject\",\"inLanguage\":\"en-US\",\"@id\":\"https:\\\/\\\/www.textilegence.com\\\/en\\\/minister-of-trade-bolat-gave-the-signal-that-support-for-the-textile-industry-would-continue\\\/#primaryimage\",\"url\":\"https:\\\/\\\/www.textilegence.com\\\/wp-content\\\/uploads\\\/2024\\\/09\\\/Omer-Bolat.jpg\",\"contentUrl\":\"https:\\\/\\\/www.textilegence.com\\\/wp-content\\\/uploads\\\/2024\\\/09\\\/Omer-Bolat.jpg\",\"width\":1920,\"height\":1080,\"caption\":\"Minister of Trade \u00d6mer Bolat: Texhibition\"},{\"@type\":\"BreadcrumbList\",\"@id\":\"https:\\\/\\\/www.textilegence.com\\\/en\\\/minister-of-trade-bolat-gave-the-signal-that-support-for-the-textile-industry-would-continue\\\/#breadcrumb\",\"itemListElement\":[{\"@type\":\"ListItem\",\"position\":1,\"name\":\"Home Page\",\"item\":\"https:\\\/\\\/www.textilegence.com\\\/en\\\/homepage-the-rimont\\\/\"},{\"@type\":\"ListItem\",\"position\":2,\"name\":\"Topical\",\"item\":\"https:\\\/\\\/www.textilegence.com\\\/en\\\/category\\\/topical\\\/\"},{\"@type\":\"ListItem\",\"position\":3,\"name\":\"Minister of Trade Bolat gave the signal that support for the textile industry would continue\"}]},{\"@type\":\"WebSite\",\"@id\":\"https:\\\/\\\/www.textilegence.com\\\/en\\\/#website\",\"url\":\"https:\\\/\\\/www.textilegence.com\\\/en\\\/\",\"name\":\"Textilegence Magazine and Digital Platform\",\"description\":\"Textile News Center\",\"publisher\":{\"@id\":\"https:\\\/\\\/www.textilegence.com\\\/en\\\/#organization\"},\"potentialAction\":[{\"@type\":\"SearchAction\",\"target\":{\"@type\":\"EntryPoint\",\"urlTemplate\":\"https:\\\/\\\/www.textilegence.com\\\/en\\\/?s={search_term_string}\"},\"query-input\":{\"@type\":\"PropertyValueSpecification\",\"valueRequired\":true,\"valueName\":\"search_term_string\"}}],\"inLanguage\":\"en-US\"},{\"@type\":\"Organization\",\"@id\":\"https:\\\/\\\/www.textilegence.com\\\/en\\\/#organization\",\"name\":\"Textilegence Magazine and Digital Platform\",\"url\":\"https:\\\/\\\/www.textilegence.com\\\/en\\\/\",\"logo\":{\"@type\":\"ImageObject\",\"inLanguage\":\"en-US\",\"@id\":\"https:\\\/\\\/www.textilegence.com\\\/en\\\/#\\\/schema\\\/logo\\\/image\\\/\",\"url\":\"https:\\\/\\\/www.textilegence.com\\\/wp-content\\\/uploads\\\/2016\\\/11\\\/New_Retina_Logo_Textilegence.png\",\"contentUrl\":\"https:\\\/\\\/www.textilegence.com\\\/wp-content\\\/uploads\\\/2016\\\/11\\\/New_Retina_Logo_Textilegence.png\",\"width\":544,\"height\":180,\"caption\":\"Textilegence Magazine and Digital Platform\"},\"image\":{\"@id\":\"https:\\\/\\\/www.textilegence.com\\\/en\\\/#\\\/schema\\\/logo\\\/image\\\/\"},\"sameAs\":[\"https:\\\/\\\/www.facebook.com\\\/TextilegenceMagazine\",\"https:\\\/\\\/x.com\\\/textilegence\",\"https:\\\/\\\/www.instagram.com\\\/textilegence\\\/\",\"https:\\\/\\\/www.linkedin.com\\\/groups\\\/Textilegence-Magazine-Digital-Platform-4897253\",\"https:\\\/\\\/www.youtube.com\\\/user\\\/textilegence\"],\"description\":\"Textilegence is a magazine and digital platform established in 2013. It focuses on the textile industry and sub-segments. The platform provides news, articles, and updates on various aspects of the textile industry, including sustainability, technological advancements, and market trends.\",\"email\":\"editor@textilegence.com\",\"telephone\":\"+90 212 442 24 12\",\"legalName\":\"Textilegence Mag and Digital Platform\",\"foundingDate\":\"2013-01-01\",\"numberOfEmployees\":{\"@type\":\"QuantitativeValue\",\"minValue\":\"1\",\"maxValue\":\"10\"}},{\"@type\":\"Person\",\"@id\":\"https:\\\/\\\/www.textilegence.com\\\/en\\\/#\\\/schema\\\/person\\\/1c3977109f8a6e1e2b95678836d75cb7\",\"name\":\"Fatih Cengiarslan\",\"image\":{\"@type\":\"ImageObject\",\"inLanguage\":\"en-US\",\"@id\":\"https:\\\/\\\/www.textilegence.com\\\/wp-content\\\/uploads\\\/2018\\\/12\\\/fatih-cengiarslan.jpg\",\"url\":\"https:\\\/\\\/www.textilegence.com\\\/wp-content\\\/uploads\\\/2018\\\/12\\\/fatih-cengiarslan.jpg\",\"contentUrl\":\"https:\\\/\\\/www.textilegence.com\\\/wp-content\\\/uploads\\\/2018\\\/12\\\/fatih-cengiarslan.jpg\",\"caption\":\"Fatih Cengiarslan\"},\"description\":\"Fatih Cengiarslan; Akademik \u0130ngilizce e\u011fitimini Bat\u0131 Avustralya \u00dcniversitesi\u2019nde tamamlad\u0131ktan sonra T\u00fcrkiye\u2019ye d\u00f6nerek \u0130stanbul Ayd\u0131n \u00dcniversitesi\u2019nde \u0130nternet Gazetecili\u011fi ve Yay\u0131nc\u0131l\u0131k b\u00f6l\u00fcm\u00fcn\u00fc bitirip, Litvanya \u2013 Kaunas Teknoloji \u00dcniversitesi\u2019nde interaktif media \u00fczerine 8 ayl\u0131k e\u011fitim ald\u0131. Daha sonra Eski\u015fehir Anadolu \u00dcniversitesi girerek \u0130\u015fletme Fak\u00fcltesini ba\u015far\u0131yla tamamlad\u0131. CNNTURK\u2019 kanal\u0131nda staj\u0131n\u0131 tamamlad\u0131ktan sonra Referans Gazetesi\u2019nde \u00e7al\u0131\u015fmaya ba\u015flad\u0131. 2 y\u0131l sonra Textilegence markas\u0131yla tekstil end\u00fcstrisine y\u00f6nelik kendi medyas\u0131n\u0131 kurdu. \u015eu anda Textilegence.com, Printing3D ve NEFA PR Ajans\u0131\u2019n\u0131n 12 y\u0131ld\u0131r y\u00f6netimini yapmaktad\u0131r.\",\"sameAs\":[\"https:\\\/\\\/www.textilegence.com\",\"https:\\\/\\\/www.facebook.com\\\/TextilegenceMagazine\",\"https:\\\/\\\/www.instagram.com\\\/textilegence\\\/\",\"https:\\\/\\\/www.linkedin.com\\\/in\\\/fatih-cengiarslan-32352265\\\/\",\"https:\\\/\\\/x.com\\\/https:\\\/\\\/twitter.com\\\/textilegence\"],\"url\":\"https:\\\/\\\/www.textilegence.com\\\/en\\\/author\\\/admin\\\/\"}]}<\/script>\n<!-- \/ Yoast SEO Premium plugin. -->","yoast_head_json":{"title":"Minister of Trade Bolat gave the signal that support for the textile industry would continue - Textilegence","description":"The Turkish textile, garment and apparel industries are among the sectors most affected by both the global inflationary environment and...","robots":{"index":"index","follow":"follow","max-snippet":"max-snippet:-1","max-image-preview":"max-image-preview:large","max-video-preview":"max-video-preview:-1"},"canonical":"https:\/\/www.textilegence.com\/en\/minister-of-trade-bolat-gave-the-signal-that-support-for-the-textile-industry-would-continue\/","og_locale":"en_US","og_type":"article","og_title":"Minister of Trade Bolat gave the signal that support for the textile industry would continue","og_description":"The Turkish textile, garment and apparel industries are among the sectors most affected by both the global inflationary environment and wars as well as","og_url":"https:\/\/www.textilegence.com\/en\/minister-of-trade-bolat-gave-the-signal-that-support-for-the-textile-industry-would-continue\/","og_site_name":"Textilegence Magazine and Digital Platform","article_publisher":"https:\/\/www.facebook.com\/TextilegenceMagazine","article_author":"https:\/\/www.facebook.com\/TextilegenceMagazine","article_published_time":"2024-09-20T08:05:05+00:00","article_modified_time":"2024-09-20T08:05:17+00:00","og_image":[{"width":1920,"height":1080,"url":"https:\/\/www.textilegence.com\/wp-content\/uploads\/2024\/09\/Omer-Bolat.jpg","type":"image\/jpeg"}],"author":"Fatih Cengiarslan","twitter_card":"summary_large_image","twitter_creator":"@https:\/\/twitter.com\/textilegence","twitter_site":"@textilegence","twitter_misc":{"Written by":"Fatih Cengiarslan","Est. reading time":"5 minutes"},"schema":{"@context":"https:\/\/schema.org","@graph":[{"@type":"NewsArticle","@id":"https:\/\/www.textilegence.com\/en\/minister-of-trade-bolat-gave-the-signal-that-support-for-the-textile-industry-would-continue\/#article","isPartOf":{"@id":"https:\/\/www.textilegence.com\/en\/minister-of-trade-bolat-gave-the-signal-that-support-for-the-textile-industry-would-continue\/"},"author":{"name":"Fatih Cengiarslan","@id":"https:\/\/www.textilegence.com\/en\/#\/schema\/person\/1c3977109f8a6e1e2b95678836d75cb7"},"headline":"Minister of Trade Bolat gave the signal that support for the textile industry would continue","datePublished":"2024-09-20T08:05:05+00:00","dateModified":"2024-09-20T08:05:17+00:00","mainEntityOfPage":{"@id":"https:\/\/www.textilegence.com\/en\/minister-of-trade-bolat-gave-the-signal-that-support-for-the-textile-industry-would-continue\/"},"wordCount":616,"publisher":{"@id":"https:\/\/www.textilegence.com\/en\/#organization"},"image":{"@id":"https:\/\/www.textilegence.com\/en\/minister-of-trade-bolat-gave-the-signal-that-support-for-the-textile-industry-would-continue\/#primaryimage"},"thumbnailUrl":"https:\/\/www.textilegence.com\/wp-content\/uploads\/2024\/09\/Omer-Bolat.jpg","keywords":["texhibition istanbul","textile news","topical"],"articleSection":["Topical"],"inLanguage":"en-US"},{"@type":"WebPage","@id":"https:\/\/www.textilegence.com\/en\/minister-of-trade-bolat-gave-the-signal-that-support-for-the-textile-industry-would-continue\/","url":"https:\/\/www.textilegence.com\/en\/minister-of-trade-bolat-gave-the-signal-that-support-for-the-textile-industry-would-continue\/","name":"Minister of Trade Bolat gave the signal that support for the textile industry would continue - Textilegence","isPartOf":{"@id":"https:\/\/www.textilegence.com\/en\/#website"},"primaryImageOfPage":{"@id":"https:\/\/www.textilegence.com\/en\/minister-of-trade-bolat-gave-the-signal-that-support-for-the-textile-industry-would-continue\/#primaryimage"},"image":{"@id":"https:\/\/www.textilegence.com\/en\/minister-of-trade-bolat-gave-the-signal-that-support-for-the-textile-industry-would-continue\/#primaryimage"},"thumbnailUrl":"https:\/\/www.textilegence.com\/wp-content\/uploads\/2024\/09\/Omer-Bolat.jpg","datePublished":"2024-09-20T08:05:05+00:00","dateModified":"2024-09-20T08:05:17+00:00","description":"The Turkish textile, garment and apparel industries are among the sectors most affected by both the global inflationary environment and...","breadcrumb":{"@id":"https:\/\/www.textilegence.com\/en\/minister-of-trade-bolat-gave-the-signal-that-support-for-the-textile-industry-would-continue\/#breadcrumb"},"inLanguage":"en-US","potentialAction":[{"@type":"ReadAction","target":["https:\/\/www.textilegence.com\/en\/minister-of-trade-bolat-gave-the-signal-that-support-for-the-textile-industry-would-continue\/"]}]},{"@type":"ImageObject","inLanguage":"en-US","@id":"https:\/\/www.textilegence.com\/en\/minister-of-trade-bolat-gave-the-signal-that-support-for-the-textile-industry-would-continue\/#primaryimage","url":"https:\/\/www.textilegence.com\/wp-content\/uploads\/2024\/09\/Omer-Bolat.jpg","contentUrl":"https:\/\/www.textilegence.com\/wp-content\/uploads\/2024\/09\/Omer-Bolat.jpg","width":1920,"height":1080,"caption":"Minister of Trade \u00d6mer Bolat: Texhibition"},{"@type":"BreadcrumbList","@id":"https:\/\/www.textilegence.com\/en\/minister-of-trade-bolat-gave-the-signal-that-support-for-the-textile-industry-would-continue\/#breadcrumb","itemListElement":[{"@type":"ListItem","position":1,"name":"Home Page","item":"https:\/\/www.textilegence.com\/en\/homepage-the-rimont\/"},{"@type":"ListItem","position":2,"name":"Topical","item":"https:\/\/www.textilegence.com\/en\/category\/topical\/"},{"@type":"ListItem","position":3,"name":"Minister of Trade Bolat gave the signal that support for the textile industry would continue"}]},{"@type":"WebSite","@id":"https:\/\/www.textilegence.com\/en\/#website","url":"https:\/\/www.textilegence.com\/en\/","name":"Textilegence Magazine and Digital Platform","description":"Textile News Center","publisher":{"@id":"https:\/\/www.textilegence.com\/en\/#organization"},"potentialAction":[{"@type":"SearchAction","target":{"@type":"EntryPoint","urlTemplate":"https:\/\/www.textilegence.com\/en\/?s={search_term_string}"},"query-input":{"@type":"PropertyValueSpecification","valueRequired":true,"valueName":"search_term_string"}}],"inLanguage":"en-US"},{"@type":"Organization","@id":"https:\/\/www.textilegence.com\/en\/#organization","name":"Textilegence Magazine and Digital Platform","url":"https:\/\/www.textilegence.com\/en\/","logo":{"@type":"ImageObject","inLanguage":"en-US","@id":"https:\/\/www.textilegence.com\/en\/#\/schema\/logo\/image\/","url":"https:\/\/www.textilegence.com\/wp-content\/uploads\/2016\/11\/New_Retina_Logo_Textilegence.png","contentUrl":"https:\/\/www.textilegence.com\/wp-content\/uploads\/2016\/11\/New_Retina_Logo_Textilegence.png","width":544,"height":180,"caption":"Textilegence Magazine and Digital Platform"},"image":{"@id":"https:\/\/www.textilegence.com\/en\/#\/schema\/logo\/image\/"},"sameAs":["https:\/\/www.facebook.com\/TextilegenceMagazine","https:\/\/x.com\/textilegence","https:\/\/www.instagram.com\/textilegence\/","https:\/\/www.linkedin.com\/groups\/Textilegence-Magazine-Digital-Platform-4897253","https:\/\/www.youtube.com\/user\/textilegence"],"description":"Textilegence is a magazine and digital platform established in 2013. It focuses on the textile industry and sub-segments. The platform provides news, articles, and updates on various aspects of the textile industry, including sustainability, technological advancements, and market trends.","email":"editor@textilegence.com","telephone":"+90 212 442 24 12","legalName":"Textilegence Mag and Digital Platform","foundingDate":"2013-01-01","numberOfEmployees":{"@type":"QuantitativeValue","minValue":"1","maxValue":"10"}},{"@type":"Person","@id":"https:\/\/www.textilegence.com\/en\/#\/schema\/person\/1c3977109f8a6e1e2b95678836d75cb7","name":"Fatih Cengiarslan","image":{"@type":"ImageObject","inLanguage":"en-US","@id":"https:\/\/www.textilegence.com\/wp-content\/uploads\/2018\/12\/fatih-cengiarslan.jpg","url":"https:\/\/www.textilegence.com\/wp-content\/uploads\/2018\/12\/fatih-cengiarslan.jpg","contentUrl":"https:\/\/www.textilegence.com\/wp-content\/uploads\/2018\/12\/fatih-cengiarslan.jpg","caption":"Fatih Cengiarslan"},"description":"Fatih Cengiarslan; Akademik \u0130ngilizce e\u011fitimini Bat\u0131 Avustralya \u00dcniversitesi\u2019nde tamamlad\u0131ktan sonra T\u00fcrkiye\u2019ye d\u00f6nerek \u0130stanbul Ayd\u0131n \u00dcniversitesi\u2019nde \u0130nternet Gazetecili\u011fi ve Yay\u0131nc\u0131l\u0131k b\u00f6l\u00fcm\u00fcn\u00fc bitirip, Litvanya \u2013 Kaunas Teknoloji \u00dcniversitesi\u2019nde interaktif media \u00fczerine 8 ayl\u0131k e\u011fitim ald\u0131. Daha sonra Eski\u015fehir Anadolu \u00dcniversitesi girerek \u0130\u015fletme Fak\u00fcltesini ba\u015far\u0131yla tamamlad\u0131. CNNTURK\u2019 kanal\u0131nda staj\u0131n\u0131 tamamlad\u0131ktan sonra Referans Gazetesi\u2019nde \u00e7al\u0131\u015fmaya ba\u015flad\u0131. 2 y\u0131l sonra Textilegence markas\u0131yla tekstil end\u00fcstrisine y\u00f6nelik kendi medyas\u0131n\u0131 kurdu. \u015eu anda Textilegence.com, Printing3D ve NEFA PR Ajans\u0131\u2019n\u0131n 12 y\u0131ld\u0131r y\u00f6netimini yapmaktad\u0131r.","sameAs":["https:\/\/www.textilegence.com","https:\/\/www.facebook.com\/TextilegenceMagazine","https:\/\/www.instagram.com\/textilegence\/","https:\/\/www.linkedin.com\/in\/fatih-cengiarslan-32352265\/","https:\/\/x.com\/https:\/\/twitter.com\/textilegence"],"url":"https:\/\/www.textilegence.com\/en\/author\/admin\/"}]}},"_links":{"self":[{"href":"https:\/\/www.textilegence.com\/en\/wp-json\/wp\/v2\/posts\/59830","targetHints":{"allow":["GET"]}}],"collection":[{"href":"https:\/\/www.textilegence.com\/en\/wp-json\/wp\/v2\/posts"}],"about":[{"href":"https:\/\/www.textilegence.com\/en\/wp-json\/wp\/v2\/types\/post"}],"author":[{"embeddable":true,"href":"https:\/\/www.textilegence.com\/en\/wp-json\/wp\/v2\/users\/8"}],"replies":[{"embeddable":true,"href":"https:\/\/www.textilegence.com\/en\/wp-json\/wp\/v2\/comments?post=59830"}],"version-history":[{"count":0,"href":"https:\/\/www.textilegence.com\/en\/wp-json\/wp\/v2\/posts\/59830\/revisions"}],"wp:featuredmedia":[{"embeddable":true,"href":"https:\/\/www.textilegence.com\/en\/wp-json\/wp\/v2\/media\/59826"}],"wp:attachment":[{"href":"https:\/\/www.textilegence.com\/en\/wp-json\/wp\/v2\/media?parent=59830"}],"wp:term":[{"taxonomy":"category","embeddable":true,"href":"https:\/\/www.textilegence.com\/en\/wp-json\/wp\/v2\/categories?post=59830"},{"taxonomy":"post_tag","embeddable":true,"href":"https:\/\/www.textilegence.com\/en\/wp-json\/wp\/v2\/tags?post=59830"}],"curies":[{"name":"wp","href":"https:\/\/api.w.org\/{rel}","templated":true}]}}