{"id":59873,"date":"2024-09-30T10:58:03","date_gmt":"2024-09-30T07:58:03","guid":{"rendered":"http:\/\/www.textilegence.com\/?p=59873"},"modified":"2024-09-30T10:58:18","modified_gmt":"2024-09-30T07:58:18","slug":"good-news-of-ministry-support-for-textile-exporters","status":"publish","type":"post","link":"https:\/\/www.textilegence.com\/en\/good-news-of-ministry-support-for-textile-exporters\/","title":{"rendered":"Good news of ministry support for textile exporters"},"content":{"rendered":"\n<p>Important topics were discussed at the \u2018ITHIB Stars of Export Award Ceremony\u2019, where successful <a href=\"https:\/\/www.textilegence.com\/en\/category\/topical\/\" target=\"_blank\" rel=\"noreferrer noopener\">textile<\/a> exporters who contributed to the 11.6 billion dollars of exports in 2023 were awarded. The award ceremony, hosted by <a href=\"https:\/\/www.ithib.org.tr\/\" target=\"_blank\" rel=\"noreferrer noopener\">ITHIB<\/a> Chairman Ahmet \u00d6ks\u00fcz, was attended by Ministry of Trade Export General Manager Mehmet Ali K\u0131l\u0131\u00e7kaya, Turkish Exporters Assembly (T\u0130M) Deputy Chairman \u00c7etin Tecdelio\u011flu and several other guests.<\/p>\n\n\n\n<p>Stating that exports will be the engine of growth for T\u00fcrkiye in the upcoming period, K\u0131l\u0131\u00e7kaya underlined that they provide very important support to exporters as a ministry and said that they are preparing additional support for domestic exhibitions. Noting that there has been great interest in the exhibitions held recently and that Istanbul is taking one step further each day on the path to becoming an international exhibition centre, K\u0131l\u0131\u00e7kaya said: \u201cBefore coming here, we sat down with our secretary general and worked. We have an idea. We will support domestic exhibitions more strongly. We will create the legislation and infrastructure for this as soon as possible. I want to give you the good news of this.\u201d<\/p>\n\n\n\n<p>He also touched upon the subject of e-export in his speech and called on exporters not to overlook this matter. K\u0131l\u0131\u00e7kaya disclosed: \u201cAs a ministry, we have prepared packages that strongly support e-export, and we are organizing events and exhibitions. We invited the world\u2019s 30 strongest marketplaces to the event we organized last week, and they came. Around 3,000 meetings were held. I recommend that you closely follow our ministry\u2019s activities on this issue.\u201d<\/p>\n\n\n<div class=\"wp-block-image\">\n<figure class=\"aligncenter size-full\"><img loading=\"lazy\" decoding=\"async\" width=\"1920\" height=\"1080\" src=\"https:\/\/www.textilegence.com\/wp-content\/uploads\/2024\/09\/Mehmet-ali-kilickaya.jpg\" alt=\"Ministry of Trade Export General Manager Mehmet Ali K\u0131l\u0131\u00e7kaya   Image Source: \u0130TH\u0130B\" class=\"wp-image-59869\" srcset=\"https:\/\/www.textilegence.com\/wp-content\/uploads\/2024\/09\/Mehmet-ali-kilickaya.jpg 1920w, https:\/\/www.textilegence.com\/wp-content\/uploads\/2024\/09\/Mehmet-ali-kilickaya-768x432.jpg 768w, https:\/\/www.textilegence.com\/wp-content\/uploads\/2024\/09\/Mehmet-ali-kilickaya-1536x864.jpg 1536w, https:\/\/www.textilegence.com\/wp-content\/uploads\/2024\/09\/Mehmet-ali-kilickaya-300x169.jpg 300w, https:\/\/www.textilegence.com\/wp-content\/uploads\/2024\/09\/Mehmet-ali-kilickaya-600x338.jpg 600w, https:\/\/www.textilegence.com\/wp-content\/uploads\/2024\/09\/Mehmet-ali-kilickaya-696x392.jpg 696w, https:\/\/www.textilegence.com\/wp-content\/uploads\/2024\/09\/Mehmet-ali-kilickaya-1068x601.jpg 1068w\" sizes=\"auto, (max-width: 1920px) 100vw, 1920px\" \/><figcaption class=\"wp-element-caption\">Ministry of Trade Export General Manager Mehmet Ali K\u0131l\u0131\u00e7kaya   Image Source: \u0130TH\u0130B<\/figcaption><\/figure>\n<\/div>\n\n\n<h2 class=\"wp-block-heading\" id=\"h-green-support-package-for-exporters\"><strong>\u2018Green\u2019 support package for exporters<\/strong><\/h2>\n\n\n\n<p>Drawing attention to the European Union Green Deal, K\u0131l\u0131\u00e7kaya said that they have prepared a new support package for compliance with this deal. Stating that they have created a very comprehensive portal on the subject, K\u0131l\u0131\u00e7kaya continued his words as follows: \u201cWhen you log into this portal, you will be able to see how green you are with specific questions prepared. Then, we will create a sustainability roadmap for you. At this point, we will cover half of the consultancy you will receive, up to 10 million TL. In addition, we are working with T\u00fcrk Eximbank and \u0130hracat\u0131 Geli\u015ftirme (\u0130GE) A.\u015e. While you receive consultancy on the one hand, you will also be able to access Eximbank\u2019s loans and \u0130GE\u2019s guarantee system much more easily on the other hand.\u201d<\/p>\n\n\n\n<h2 class=\"wp-block-heading\" id=\"h-we-will-increase-our-competitive-advantage-with-the-nbsp-green-transformation\"><strong>\u201cWe will increase our competitive advantage with the&nbsp;green transformation\u201d<\/strong><\/h2>\n\n\n\n<p>\u00c7etin Tecdelio\u011flu, who emphasized that T\u00fcrkiye stands out from other countries with its quality, speed and flexible production capacity in textile and apparel production, said: \u201cOur geographical proximity to Europe, fast delivery opportunities and environmentally friendly production processes make us a preferred supplier in global markets. In the long term, we have an export target of 40 billion dollars in the apparel industry and 20 billion dollars in the textile industry. I believe that we will reach these figures quickly with the normalization of conditions.\u201d<\/p>\n\n\n\n<p>Underlining that it is also vital for the textile industry to continue taking innovative steps such as sustainability and digitalization, Tecdelio\u011flu stated that T\u0130M and exporters\u2019 associations have completed their sectoral sustainability action plans and that projects such as GreenT\u0130M and EcoT\u0130M have been put into effect for green transformation. He pointed out that the textile industry is the first industry to implement the Sustainability Action Plan they initiated as T\u0130M and said: \u201cOur exporters\u2019 associations are following the realizations in the action plans step by step. I believe that we will increase our competitive advantage with green transformation.\u201d<\/p>\n\n\n\n<h2 class=\"wp-block-heading\" id=\"h-we-must-strengthen-our-place-on-the-world-stage-with-our-own-brands\"><strong>\u201cWe must strengthen our place on the world stage with our own brands\u201d<\/strong><\/h2>\n\n\n\n<p>Ahmet \u00d6ks\u00fcz pointed out that the textile and apparel industries are the cornerstones of the Turkish economy, and stated that the global demand contraction, unexpected rapid increases in production costs and especially the fact that the increase in the exchange rate remained below inflation deeply affected the industry. \u00d6ks\u00fcz touched on the fact that it was time for the industry to write new stories under all these conditions, and spoke as follows;<\/p>\n\n\n<div class=\"wp-block-image\">\n<figure class=\"aligncenter size-full\"><img loading=\"lazy\" decoding=\"async\" width=\"1920\" height=\"1080\" src=\"https:\/\/www.textilegence.com\/wp-content\/uploads\/2024\/09\/Ahmet-oksuz.jpg\" alt=\"ITHIB Chairman Ahmet \u00d6ks\u00fcz   Image Source: \u0130TH\u0130B\" class=\"wp-image-59871\" srcset=\"https:\/\/www.textilegence.com\/wp-content\/uploads\/2024\/09\/Ahmet-oksuz.jpg 1920w, https:\/\/www.textilegence.com\/wp-content\/uploads\/2024\/09\/Ahmet-oksuz-768x432.jpg 768w, https:\/\/www.textilegence.com\/wp-content\/uploads\/2024\/09\/Ahmet-oksuz-1536x864.jpg 1536w, https:\/\/www.textilegence.com\/wp-content\/uploads\/2024\/09\/Ahmet-oksuz-300x169.jpg 300w, https:\/\/www.textilegence.com\/wp-content\/uploads\/2024\/09\/Ahmet-oksuz-600x338.jpg 600w, https:\/\/www.textilegence.com\/wp-content\/uploads\/2024\/09\/Ahmet-oksuz-696x392.jpg 696w, https:\/\/www.textilegence.com\/wp-content\/uploads\/2024\/09\/Ahmet-oksuz-1068x601.jpg 1068w\" sizes=\"auto, (max-width: 1920px) 100vw, 1920px\" \/><figcaption class=\"wp-element-caption\">ITHIB Chairman Ahmet \u00d6ks\u00fcz   Image Source: \u0130TH\u0130B<\/figcaption><\/figure>\n<\/div>\n\n\n<p>\u201cWe should put much more effort into branding, make investments with global brand and company acquisitions or partnership models, and think more globally. We should determine new roadmaps for branded exports. So why do we say branded exports and emphasize added value? While the US\u2019s woven fabric import unit price in the world is 6.7 dollars, the import unit price in T\u00fcrkiye is over 7 dollars. While the import unit price in the European Union is around 6.8 in home textiles, the import unit price in T\u00fcrkiye is around 10 euros. In fact, as the textile industry, we have a production structure and infrastructure with high added value. The more we increase the number of apparel brands that open up to the world, the more support we provide to global brand partners, the stronger the textile and apparel industries will be. The current situation is now too tight for our textile and apparel industries. In other words, this shirt is really too tight for us. In addition to being a qualified supplier of brands, we should strengthen our place on the world stage with our own brands.\u201d<\/p>\n","protected":false},"excerpt":{"rendered":"<p>Important topics were discussed at the \u2018ITHIB Stars of Export Award Ceremony\u2019, where successful textile exporters who contributed to the 11.6 billion dollars of exports in 2023 were awarded. The award ceremony, hosted by ITHIB Chairman Ahmet \u00d6ks\u00fcz, was attended by Ministry of Trade Export General Manager Mehmet Ali K\u0131l\u0131\u00e7kaya, Turkish Exporters Assembly (T\u0130M) Deputy [&hellip;]<\/p>\n","protected":false},"author":8,"featured_media":59867,"comment_status":"closed","ping_status":"closed","sticky":false,"template":"","format":"standard","meta":{"footnotes":""},"categories":[9859],"tags":[11799,10777,10369,12450],"class_list":{"0":"post-59873","1":"post","2":"type-post","3":"status-publish","4":"format-standard","5":"has-post-thumbnail","7":"category-topical","8":"tag-exports-en","9":"tag-ithib-en","10":"tag-textile-news-en","11":"tag-topical"},"yoast_head":"<!-- This site is optimized with the Yoast SEO Premium plugin v27.3 (Yoast SEO v27.3) - https:\/\/yoast.com\/product\/yoast-seo-premium-wordpress\/ -->\n<title>Good news of ministry support for textile exporters - Textilegence<\/title>\n<meta name=\"description\" content=\"Important topics were discussed at the \u2018ITHIB Stars of Export Award Ceremony\u2019, where successful textile exporters who contributed to the...\" \/>\n<meta name=\"robots\" content=\"index, follow, max-snippet:-1, max-image-preview:large, max-video-preview:-1\" \/>\n<link rel=\"canonical\" href=\"https:\/\/www.textilegence.com\/en\/good-news-of-ministry-support-for-textile-exporters\/\" \/>\n<meta property=\"og:locale\" content=\"en_US\" \/>\n<meta property=\"og:type\" content=\"article\" \/>\n<meta property=\"og:title\" content=\"Good news of ministry support for textile exporters\" \/>\n<meta property=\"og:description\" content=\"Important topics were discussed at the \u2018ITHIB Stars of Export Award Ceremony\u2019, where successful textile exporters who contributed to the 11.6 billion\" \/>\n<meta property=\"og:url\" content=\"https:\/\/www.textilegence.com\/en\/good-news-of-ministry-support-for-textile-exporters\/\" \/>\n<meta property=\"og:site_name\" content=\"Textilegence Magazine and Digital Platform\" \/>\n<meta property=\"article:publisher\" content=\"https:\/\/www.facebook.com\/TextilegenceMagazine\" \/>\n<meta property=\"article:author\" content=\"https:\/\/www.facebook.com\/TextilegenceMagazine\" \/>\n<meta property=\"article:published_time\" content=\"2024-09-30T07:58:03+00:00\" \/>\n<meta property=\"article:modified_time\" content=\"2024-09-30T07:58:18+00:00\" \/>\n<meta property=\"og:image\" content=\"https:\/\/www.textilegence.com\/wp-content\/uploads\/2024\/09\/Tekstil-ihracat-ticaret-bakanligi.jpg\" \/>\n\t<meta property=\"og:image:width\" content=\"1920\" \/>\n\t<meta property=\"og:image:height\" content=\"1080\" \/>\n\t<meta property=\"og:image:type\" content=\"image\/jpeg\" \/>\n<meta name=\"author\" content=\"Fatih Cengiarslan\" \/>\n<meta name=\"twitter:card\" content=\"summary_large_image\" \/>\n<meta name=\"twitter:creator\" content=\"@https:\/\/twitter.com\/textilegence\" \/>\n<meta name=\"twitter:site\" content=\"@textilegence\" \/>\n<meta name=\"twitter:label1\" content=\"Written by\" \/>\n\t<meta name=\"twitter:data1\" content=\"Fatih Cengiarslan\" \/>\n\t<meta name=\"twitter:label2\" content=\"Est. reading time\" \/>\n\t<meta name=\"twitter:data2\" content=\"6 minutes\" \/>\n<script type=\"application\/ld+json\" class=\"yoast-schema-graph\">{\"@context\":\"https:\\\/\\\/schema.org\",\"@graph\":[{\"@type\":\"NewsArticle\",\"@id\":\"https:\\\/\\\/www.textilegence.com\\\/en\\\/good-news-of-ministry-support-for-textile-exporters\\\/#article\",\"isPartOf\":{\"@id\":\"https:\\\/\\\/www.textilegence.com\\\/en\\\/good-news-of-ministry-support-for-textile-exporters\\\/\"},\"author\":{\"name\":\"Fatih Cengiarslan\",\"@id\":\"https:\\\/\\\/www.textilegence.com\\\/en\\\/#\\\/schema\\\/person\\\/1c3977109f8a6e1e2b95678836d75cb7\"},\"headline\":\"Good news of ministry support for textile exporters\",\"datePublished\":\"2024-09-30T07:58:03+00:00\",\"dateModified\":\"2024-09-30T07:58:18+00:00\",\"mainEntityOfPage\":{\"@id\":\"https:\\\/\\\/www.textilegence.com\\\/en\\\/good-news-of-ministry-support-for-textile-exporters\\\/\"},\"wordCount\":910,\"publisher\":{\"@id\":\"https:\\\/\\\/www.textilegence.com\\\/en\\\/#organization\"},\"image\":{\"@id\":\"https:\\\/\\\/www.textilegence.com\\\/en\\\/good-news-of-ministry-support-for-textile-exporters\\\/#primaryimage\"},\"thumbnailUrl\":\"https:\\\/\\\/www.textilegence.com\\\/wp-content\\\/uploads\\\/2024\\\/09\\\/Tekstil-ihracat-ticaret-bakanligi.jpg\",\"keywords\":[\"exports\",\"ithib\",\"textile news\",\"topical\"],\"articleSection\":[\"Topical\"],\"inLanguage\":\"en-US\"},{\"@type\":\"WebPage\",\"@id\":\"https:\\\/\\\/www.textilegence.com\\\/en\\\/good-news-of-ministry-support-for-textile-exporters\\\/\",\"url\":\"https:\\\/\\\/www.textilegence.com\\\/en\\\/good-news-of-ministry-support-for-textile-exporters\\\/\",\"name\":\"Good news of ministry support for textile exporters - Textilegence\",\"isPartOf\":{\"@id\":\"https:\\\/\\\/www.textilegence.com\\\/en\\\/#website\"},\"primaryImageOfPage\":{\"@id\":\"https:\\\/\\\/www.textilegence.com\\\/en\\\/good-news-of-ministry-support-for-textile-exporters\\\/#primaryimage\"},\"image\":{\"@id\":\"https:\\\/\\\/www.textilegence.com\\\/en\\\/good-news-of-ministry-support-for-textile-exporters\\\/#primaryimage\"},\"thumbnailUrl\":\"https:\\\/\\\/www.textilegence.com\\\/wp-content\\\/uploads\\\/2024\\\/09\\\/Tekstil-ihracat-ticaret-bakanligi.jpg\",\"datePublished\":\"2024-09-30T07:58:03+00:00\",\"dateModified\":\"2024-09-30T07:58:18+00:00\",\"description\":\"Important topics were discussed at the \u2018ITHIB Stars of Export Award Ceremony\u2019, where successful textile exporters who contributed to the...\",\"breadcrumb\":{\"@id\":\"https:\\\/\\\/www.textilegence.com\\\/en\\\/good-news-of-ministry-support-for-textile-exporters\\\/#breadcrumb\"},\"inLanguage\":\"en-US\",\"potentialAction\":[{\"@type\":\"ReadAction\",\"target\":[\"https:\\\/\\\/www.textilegence.com\\\/en\\\/good-news-of-ministry-support-for-textile-exporters\\\/\"]}]},{\"@type\":\"ImageObject\",\"inLanguage\":\"en-US\",\"@id\":\"https:\\\/\\\/www.textilegence.com\\\/en\\\/good-news-of-ministry-support-for-textile-exporters\\\/#primaryimage\",\"url\":\"https:\\\/\\\/www.textilegence.com\\\/wp-content\\\/uploads\\\/2024\\\/09\\\/Tekstil-ihracat-ticaret-bakanligi.jpg\",\"contentUrl\":\"https:\\\/\\\/www.textilegence.com\\\/wp-content\\\/uploads\\\/2024\\\/09\\\/Tekstil-ihracat-ticaret-bakanligi.jpg\",\"width\":1920,\"height\":1080,\"caption\":\"Good news of ministry support for textile exporters Image Source: AA\"},{\"@type\":\"BreadcrumbList\",\"@id\":\"https:\\\/\\\/www.textilegence.com\\\/en\\\/good-news-of-ministry-support-for-textile-exporters\\\/#breadcrumb\",\"itemListElement\":[{\"@type\":\"ListItem\",\"position\":1,\"name\":\"Home Page\",\"item\":\"https:\\\/\\\/www.textilegence.com\\\/en\\\/homepage-the-rimont\\\/\"},{\"@type\":\"ListItem\",\"position\":2,\"name\":\"Topical\",\"item\":\"https:\\\/\\\/www.textilegence.com\\\/en\\\/category\\\/topical\\\/\"},{\"@type\":\"ListItem\",\"position\":3,\"name\":\"Good news of ministry support for textile exporters\"}]},{\"@type\":\"WebSite\",\"@id\":\"https:\\\/\\\/www.textilegence.com\\\/en\\\/#website\",\"url\":\"https:\\\/\\\/www.textilegence.com\\\/en\\\/\",\"name\":\"Textilegence Magazine and Digital Platform\",\"description\":\"Textile News Center\",\"publisher\":{\"@id\":\"https:\\\/\\\/www.textilegence.com\\\/en\\\/#organization\"},\"potentialAction\":[{\"@type\":\"SearchAction\",\"target\":{\"@type\":\"EntryPoint\",\"urlTemplate\":\"https:\\\/\\\/www.textilegence.com\\\/en\\\/?s={search_term_string}\"},\"query-input\":{\"@type\":\"PropertyValueSpecification\",\"valueRequired\":true,\"valueName\":\"search_term_string\"}}],\"inLanguage\":\"en-US\"},{\"@type\":\"Organization\",\"@id\":\"https:\\\/\\\/www.textilegence.com\\\/en\\\/#organization\",\"name\":\"Textilegence Magazine and Digital Platform\",\"url\":\"https:\\\/\\\/www.textilegence.com\\\/en\\\/\",\"logo\":{\"@type\":\"ImageObject\",\"inLanguage\":\"en-US\",\"@id\":\"https:\\\/\\\/www.textilegence.com\\\/en\\\/#\\\/schema\\\/logo\\\/image\\\/\",\"url\":\"https:\\\/\\\/www.textilegence.com\\\/wp-content\\\/uploads\\\/2016\\\/11\\\/New_Retina_Logo_Textilegence.png\",\"contentUrl\":\"https:\\\/\\\/www.textilegence.com\\\/wp-content\\\/uploads\\\/2016\\\/11\\\/New_Retina_Logo_Textilegence.png\",\"width\":544,\"height\":180,\"caption\":\"Textilegence Magazine and Digital Platform\"},\"image\":{\"@id\":\"https:\\\/\\\/www.textilegence.com\\\/en\\\/#\\\/schema\\\/logo\\\/image\\\/\"},\"sameAs\":[\"https:\\\/\\\/www.facebook.com\\\/TextilegenceMagazine\",\"https:\\\/\\\/x.com\\\/textilegence\",\"https:\\\/\\\/www.instagram.com\\\/textilegence\\\/\",\"https:\\\/\\\/www.linkedin.com\\\/groups\\\/Textilegence-Magazine-Digital-Platform-4897253\",\"https:\\\/\\\/www.youtube.com\\\/user\\\/textilegence\"],\"description\":\"Textilegence is a magazine and digital platform established in 2013. It focuses on the textile industry and sub-segments. The platform provides news, articles, and updates on various aspects of the textile industry, including sustainability, technological advancements, and market trends.\",\"email\":\"editor@textilegence.com\",\"telephone\":\"+90 212 442 24 12\",\"legalName\":\"Textilegence Mag and Digital Platform\",\"foundingDate\":\"2013-01-01\",\"numberOfEmployees\":{\"@type\":\"QuantitativeValue\",\"minValue\":\"1\",\"maxValue\":\"10\"}},{\"@type\":\"Person\",\"@id\":\"https:\\\/\\\/www.textilegence.com\\\/en\\\/#\\\/schema\\\/person\\\/1c3977109f8a6e1e2b95678836d75cb7\",\"name\":\"Fatih Cengiarslan\",\"image\":{\"@type\":\"ImageObject\",\"inLanguage\":\"en-US\",\"@id\":\"https:\\\/\\\/www.textilegence.com\\\/wp-content\\\/uploads\\\/2018\\\/12\\\/fatih-cengiarslan.jpg\",\"url\":\"https:\\\/\\\/www.textilegence.com\\\/wp-content\\\/uploads\\\/2018\\\/12\\\/fatih-cengiarslan.jpg\",\"contentUrl\":\"https:\\\/\\\/www.textilegence.com\\\/wp-content\\\/uploads\\\/2018\\\/12\\\/fatih-cengiarslan.jpg\",\"caption\":\"Fatih Cengiarslan\"},\"description\":\"Fatih Cengiarslan; Akademik \u0130ngilizce e\u011fitimini Bat\u0131 Avustralya \u00dcniversitesi\u2019nde tamamlad\u0131ktan sonra T\u00fcrkiye\u2019ye d\u00f6nerek \u0130stanbul Ayd\u0131n \u00dcniversitesi\u2019nde \u0130nternet Gazetecili\u011fi ve Yay\u0131nc\u0131l\u0131k b\u00f6l\u00fcm\u00fcn\u00fc bitirip, Litvanya \u2013 Kaunas Teknoloji \u00dcniversitesi\u2019nde interaktif media \u00fczerine 8 ayl\u0131k e\u011fitim ald\u0131. Daha sonra Eski\u015fehir Anadolu \u00dcniversitesi girerek \u0130\u015fletme Fak\u00fcltesini ba\u015far\u0131yla tamamlad\u0131. CNNTURK\u2019 kanal\u0131nda staj\u0131n\u0131 tamamlad\u0131ktan sonra Referans Gazetesi\u2019nde \u00e7al\u0131\u015fmaya ba\u015flad\u0131. 2 y\u0131l sonra Textilegence markas\u0131yla tekstil end\u00fcstrisine y\u00f6nelik kendi medyas\u0131n\u0131 kurdu. \u015eu anda Textilegence.com, Printing3D ve NEFA PR Ajans\u0131\u2019n\u0131n 12 y\u0131ld\u0131r y\u00f6netimini yapmaktad\u0131r.\",\"sameAs\":[\"https:\\\/\\\/www.textilegence.com\",\"https:\\\/\\\/www.facebook.com\\\/TextilegenceMagazine\",\"https:\\\/\\\/www.instagram.com\\\/textilegence\\\/\",\"https:\\\/\\\/www.linkedin.com\\\/in\\\/fatih-cengiarslan-32352265\\\/\",\"https:\\\/\\\/x.com\\\/https:\\\/\\\/twitter.com\\\/textilegence\"],\"url\":\"https:\\\/\\\/www.textilegence.com\\\/en\\\/author\\\/admin\\\/\"}]}<\/script>\n<!-- \/ Yoast SEO Premium plugin. -->","yoast_head_json":{"title":"Good news of ministry support for textile exporters - Textilegence","description":"Important topics were discussed at the \u2018ITHIB Stars of Export Award Ceremony\u2019, where successful textile exporters who contributed to the...","robots":{"index":"index","follow":"follow","max-snippet":"max-snippet:-1","max-image-preview":"max-image-preview:large","max-video-preview":"max-video-preview:-1"},"canonical":"https:\/\/www.textilegence.com\/en\/good-news-of-ministry-support-for-textile-exporters\/","og_locale":"en_US","og_type":"article","og_title":"Good news of ministry support for textile exporters","og_description":"Important topics were discussed at the \u2018ITHIB Stars of Export Award Ceremony\u2019, where successful textile exporters who contributed to the 11.6 billion","og_url":"https:\/\/www.textilegence.com\/en\/good-news-of-ministry-support-for-textile-exporters\/","og_site_name":"Textilegence Magazine and Digital Platform","article_publisher":"https:\/\/www.facebook.com\/TextilegenceMagazine","article_author":"https:\/\/www.facebook.com\/TextilegenceMagazine","article_published_time":"2024-09-30T07:58:03+00:00","article_modified_time":"2024-09-30T07:58:18+00:00","og_image":[{"width":1920,"height":1080,"url":"https:\/\/www.textilegence.com\/wp-content\/uploads\/2024\/09\/Tekstil-ihracat-ticaret-bakanligi.jpg","type":"image\/jpeg"}],"author":"Fatih Cengiarslan","twitter_card":"summary_large_image","twitter_creator":"@https:\/\/twitter.com\/textilegence","twitter_site":"@textilegence","twitter_misc":{"Written by":"Fatih Cengiarslan","Est. reading time":"6 minutes"},"schema":{"@context":"https:\/\/schema.org","@graph":[{"@type":"NewsArticle","@id":"https:\/\/www.textilegence.com\/en\/good-news-of-ministry-support-for-textile-exporters\/#article","isPartOf":{"@id":"https:\/\/www.textilegence.com\/en\/good-news-of-ministry-support-for-textile-exporters\/"},"author":{"name":"Fatih Cengiarslan","@id":"https:\/\/www.textilegence.com\/en\/#\/schema\/person\/1c3977109f8a6e1e2b95678836d75cb7"},"headline":"Good news of ministry support for textile exporters","datePublished":"2024-09-30T07:58:03+00:00","dateModified":"2024-09-30T07:58:18+00:00","mainEntityOfPage":{"@id":"https:\/\/www.textilegence.com\/en\/good-news-of-ministry-support-for-textile-exporters\/"},"wordCount":910,"publisher":{"@id":"https:\/\/www.textilegence.com\/en\/#organization"},"image":{"@id":"https:\/\/www.textilegence.com\/en\/good-news-of-ministry-support-for-textile-exporters\/#primaryimage"},"thumbnailUrl":"https:\/\/www.textilegence.com\/wp-content\/uploads\/2024\/09\/Tekstil-ihracat-ticaret-bakanligi.jpg","keywords":["exports","ithib","textile news","topical"],"articleSection":["Topical"],"inLanguage":"en-US"},{"@type":"WebPage","@id":"https:\/\/www.textilegence.com\/en\/good-news-of-ministry-support-for-textile-exporters\/","url":"https:\/\/www.textilegence.com\/en\/good-news-of-ministry-support-for-textile-exporters\/","name":"Good news of ministry support for textile exporters - Textilegence","isPartOf":{"@id":"https:\/\/www.textilegence.com\/en\/#website"},"primaryImageOfPage":{"@id":"https:\/\/www.textilegence.com\/en\/good-news-of-ministry-support-for-textile-exporters\/#primaryimage"},"image":{"@id":"https:\/\/www.textilegence.com\/en\/good-news-of-ministry-support-for-textile-exporters\/#primaryimage"},"thumbnailUrl":"https:\/\/www.textilegence.com\/wp-content\/uploads\/2024\/09\/Tekstil-ihracat-ticaret-bakanligi.jpg","datePublished":"2024-09-30T07:58:03+00:00","dateModified":"2024-09-30T07:58:18+00:00","description":"Important topics were discussed at the \u2018ITHIB Stars of Export Award Ceremony\u2019, where successful textile exporters who contributed to the...","breadcrumb":{"@id":"https:\/\/www.textilegence.com\/en\/good-news-of-ministry-support-for-textile-exporters\/#breadcrumb"},"inLanguage":"en-US","potentialAction":[{"@type":"ReadAction","target":["https:\/\/www.textilegence.com\/en\/good-news-of-ministry-support-for-textile-exporters\/"]}]},{"@type":"ImageObject","inLanguage":"en-US","@id":"https:\/\/www.textilegence.com\/en\/good-news-of-ministry-support-for-textile-exporters\/#primaryimage","url":"https:\/\/www.textilegence.com\/wp-content\/uploads\/2024\/09\/Tekstil-ihracat-ticaret-bakanligi.jpg","contentUrl":"https:\/\/www.textilegence.com\/wp-content\/uploads\/2024\/09\/Tekstil-ihracat-ticaret-bakanligi.jpg","width":1920,"height":1080,"caption":"Good news of ministry support for textile exporters Image Source: AA"},{"@type":"BreadcrumbList","@id":"https:\/\/www.textilegence.com\/en\/good-news-of-ministry-support-for-textile-exporters\/#breadcrumb","itemListElement":[{"@type":"ListItem","position":1,"name":"Home Page","item":"https:\/\/www.textilegence.com\/en\/homepage-the-rimont\/"},{"@type":"ListItem","position":2,"name":"Topical","item":"https:\/\/www.textilegence.com\/en\/category\/topical\/"},{"@type":"ListItem","position":3,"name":"Good news of ministry support for textile exporters"}]},{"@type":"WebSite","@id":"https:\/\/www.textilegence.com\/en\/#website","url":"https:\/\/www.textilegence.com\/en\/","name":"Textilegence Magazine and Digital Platform","description":"Textile News Center","publisher":{"@id":"https:\/\/www.textilegence.com\/en\/#organization"},"potentialAction":[{"@type":"SearchAction","target":{"@type":"EntryPoint","urlTemplate":"https:\/\/www.textilegence.com\/en\/?s={search_term_string}"},"query-input":{"@type":"PropertyValueSpecification","valueRequired":true,"valueName":"search_term_string"}}],"inLanguage":"en-US"},{"@type":"Organization","@id":"https:\/\/www.textilegence.com\/en\/#organization","name":"Textilegence Magazine and Digital Platform","url":"https:\/\/www.textilegence.com\/en\/","logo":{"@type":"ImageObject","inLanguage":"en-US","@id":"https:\/\/www.textilegence.com\/en\/#\/schema\/logo\/image\/","url":"https:\/\/www.textilegence.com\/wp-content\/uploads\/2016\/11\/New_Retina_Logo_Textilegence.png","contentUrl":"https:\/\/www.textilegence.com\/wp-content\/uploads\/2016\/11\/New_Retina_Logo_Textilegence.png","width":544,"height":180,"caption":"Textilegence Magazine and Digital Platform"},"image":{"@id":"https:\/\/www.textilegence.com\/en\/#\/schema\/logo\/image\/"},"sameAs":["https:\/\/www.facebook.com\/TextilegenceMagazine","https:\/\/x.com\/textilegence","https:\/\/www.instagram.com\/textilegence\/","https:\/\/www.linkedin.com\/groups\/Textilegence-Magazine-Digital-Platform-4897253","https:\/\/www.youtube.com\/user\/textilegence"],"description":"Textilegence is a magazine and digital platform established in 2013. It focuses on the textile industry and sub-segments. The platform provides news, articles, and updates on various aspects of the textile industry, including sustainability, technological advancements, and market trends.","email":"editor@textilegence.com","telephone":"+90 212 442 24 12","legalName":"Textilegence Mag and Digital Platform","foundingDate":"2013-01-01","numberOfEmployees":{"@type":"QuantitativeValue","minValue":"1","maxValue":"10"}},{"@type":"Person","@id":"https:\/\/www.textilegence.com\/en\/#\/schema\/person\/1c3977109f8a6e1e2b95678836d75cb7","name":"Fatih Cengiarslan","image":{"@type":"ImageObject","inLanguage":"en-US","@id":"https:\/\/www.textilegence.com\/wp-content\/uploads\/2018\/12\/fatih-cengiarslan.jpg","url":"https:\/\/www.textilegence.com\/wp-content\/uploads\/2018\/12\/fatih-cengiarslan.jpg","contentUrl":"https:\/\/www.textilegence.com\/wp-content\/uploads\/2018\/12\/fatih-cengiarslan.jpg","caption":"Fatih Cengiarslan"},"description":"Fatih Cengiarslan; Akademik \u0130ngilizce e\u011fitimini Bat\u0131 Avustralya \u00dcniversitesi\u2019nde tamamlad\u0131ktan sonra T\u00fcrkiye\u2019ye d\u00f6nerek \u0130stanbul Ayd\u0131n \u00dcniversitesi\u2019nde \u0130nternet Gazetecili\u011fi ve Yay\u0131nc\u0131l\u0131k b\u00f6l\u00fcm\u00fcn\u00fc bitirip, Litvanya \u2013 Kaunas Teknoloji \u00dcniversitesi\u2019nde interaktif media \u00fczerine 8 ayl\u0131k e\u011fitim ald\u0131. Daha sonra Eski\u015fehir Anadolu \u00dcniversitesi girerek \u0130\u015fletme Fak\u00fcltesini ba\u015far\u0131yla tamamlad\u0131. CNNTURK\u2019 kanal\u0131nda staj\u0131n\u0131 tamamlad\u0131ktan sonra Referans Gazetesi\u2019nde \u00e7al\u0131\u015fmaya ba\u015flad\u0131. 2 y\u0131l sonra Textilegence markas\u0131yla tekstil end\u00fcstrisine y\u00f6nelik kendi medyas\u0131n\u0131 kurdu. \u015eu anda Textilegence.com, Printing3D ve NEFA PR Ajans\u0131\u2019n\u0131n 12 y\u0131ld\u0131r y\u00f6netimini yapmaktad\u0131r.","sameAs":["https:\/\/www.textilegence.com","https:\/\/www.facebook.com\/TextilegenceMagazine","https:\/\/www.instagram.com\/textilegence\/","https:\/\/www.linkedin.com\/in\/fatih-cengiarslan-32352265\/","https:\/\/x.com\/https:\/\/twitter.com\/textilegence"],"url":"https:\/\/www.textilegence.com\/en\/author\/admin\/"}]}},"_links":{"self":[{"href":"https:\/\/www.textilegence.com\/en\/wp-json\/wp\/v2\/posts\/59873","targetHints":{"allow":["GET"]}}],"collection":[{"href":"https:\/\/www.textilegence.com\/en\/wp-json\/wp\/v2\/posts"}],"about":[{"href":"https:\/\/www.textilegence.com\/en\/wp-json\/wp\/v2\/types\/post"}],"author":[{"embeddable":true,"href":"https:\/\/www.textilegence.com\/en\/wp-json\/wp\/v2\/users\/8"}],"replies":[{"embeddable":true,"href":"https:\/\/www.textilegence.com\/en\/wp-json\/wp\/v2\/comments?post=59873"}],"version-history":[{"count":0,"href":"https:\/\/www.textilegence.com\/en\/wp-json\/wp\/v2\/posts\/59873\/revisions"}],"wp:featuredmedia":[{"embeddable":true,"href":"https:\/\/www.textilegence.com\/en\/wp-json\/wp\/v2\/media\/59867"}],"wp:attachment":[{"href":"https:\/\/www.textilegence.com\/en\/wp-json\/wp\/v2\/media?parent=59873"}],"wp:term":[{"taxonomy":"category","embeddable":true,"href":"https:\/\/www.textilegence.com\/en\/wp-json\/wp\/v2\/categories?post=59873"},{"taxonomy":"post_tag","embeddable":true,"href":"https:\/\/www.textilegence.com\/en\/wp-json\/wp\/v2\/tags?post=59873"}],"curies":[{"name":"wp","href":"https:\/\/api.w.org\/{rel}","templated":true}]}}