{"id":60089,"date":"2024-09-16T15:50:35","date_gmt":"2024-09-16T12:50:35","guid":{"rendered":"http:\/\/www.textilegence.com\/?p=60089"},"modified":"2024-10-24T15:52:01","modified_gmt":"2024-10-24T12:52:01","slug":"a-fresh-breath-of-air-for-textile-industry-with-texhibition-istanbul","status":"publish","type":"post","link":"https:\/\/www.textilegence.com\/en\/a-fresh-breath-of-air-for-textile-industry-with-texhibition-istanbul\/","title":{"rendered":"A fresh breath of air for textile industry with Texhibition Istanbul"},"content":{"rendered":"\n<p>Bringing together leading representatives of the textile industry from all over the world in Istanbul, Texhibition Istanbul Fabric and Textile Accessories Exhibition opened its doors for the sixth time at the Istanbul Fair Center on September 11-13. Organized by the Istanbul Textile and Raw Materials Exporters\u2019 Association (<a href=\"https:\/\/www.ithib.org.tr\/\" target=\"_blank\" rel=\"noreferrer noopener\">ITHIB<\/a>), the <a href=\"https:\/\/www.textilegence.com\/en\/category\/trade-fairs\/\" target=\"_blank\" rel=\"noreferrer noopener\">exhibition<\/a> was held with the participation of 539 companies from more than 100 countries and hosted nearly 25 thousand visitors. The trend seminars, Sustainability Talks &#8211; Texhibition program and innovation areas were the focus of attention for the visitors.<\/p>\n\n\n\n<h2 class=\"wp-block-heading\" id=\"h-texhibition-will-grow-much-faster-with-the-prestigious-exhibition-support\"><strong>Texhibition will grow much faster with the \u2018prestigious exhibition\u2019 support<\/strong><\/h2>\n\n\n\n<p>\u0130TH\u0130B Board Chairman Ahmet \u00d6ks\u00fcz, stating that Texhibition continues to be on the rise and that there is intense interest in an environment where participation in textile exhibitions all over the world has decreased, noted that they have become one of the best exhibitions in Europe. \u00d6ks\u00fcz disclosed that they organize the event without any profit motive and that their aim is to provide support to the textile industry, which is going through difficult times due to the decrease in global demand and the increase in production costs; \u201cThe foreign buyer rate at the exhibition has approached 40 percent. While trying to be a new breath for the export of the textile industry, we also make a serious contribution to the Istanbul and T\u00fcrkiye brand with the guests we host,\u201d he said.<\/p>\n\n\n<div class=\"wp-block-image\">\n<figure class=\"aligncenter size-full\"><img loading=\"lazy\" decoding=\"async\" width=\"1920\" height=\"1080\" src=\"https:\/\/www.textilegence.com\/wp-content\/uploads\/2024\/10\/ahmet-oksuz-ithib.jpg\" alt=\"\u0130TH\u0130B Board Chairman Ahmet \u00d6ks\u00fcz   Image Source: \u0130TH\u0130B\" class=\"wp-image-60097\" srcset=\"https:\/\/www.textilegence.com\/wp-content\/uploads\/2024\/10\/ahmet-oksuz-ithib.jpg 1920w, https:\/\/www.textilegence.com\/wp-content\/uploads\/2024\/10\/ahmet-oksuz-ithib-768x432.jpg 768w, https:\/\/www.textilegence.com\/wp-content\/uploads\/2024\/10\/ahmet-oksuz-ithib-1536x864.jpg 1536w, https:\/\/www.textilegence.com\/wp-content\/uploads\/2024\/10\/ahmet-oksuz-ithib-300x169.jpg 300w, https:\/\/www.textilegence.com\/wp-content\/uploads\/2024\/10\/ahmet-oksuz-ithib-600x338.jpg 600w, https:\/\/www.textilegence.com\/wp-content\/uploads\/2024\/10\/ahmet-oksuz-ithib-696x392.jpg 696w, https:\/\/www.textilegence.com\/wp-content\/uploads\/2024\/10\/ahmet-oksuz-ithib-1068x601.jpg 1068w\" sizes=\"auto, (max-width: 1920px) 100vw, 1920px\" \/><figcaption class=\"wp-element-caption\">\u0130TH\u0130B Board Chairman Ahmet \u00d6ks\u00fcz   Image Source: \u0130TH\u0130B<\/figcaption><\/figure>\n<\/div>\n\n\n<p>\u00d6ks\u00fcz noted that they were very happy with the participation from more than 100 countries and the intense interest, saying that they would achieve much faster growth if the Ministry of Trade gave \u2018prestigious exhibition support to Texhibition, which has become the favourite of the textile industry. He expressed that they wholeheartedly believe that with this support, which they are waiting for with great hope, they will increase their current momentum even more and write their name among the most important exhibitions in the world.<\/p>\n\n\n\n<h2 class=\"wp-block-heading\" id=\"h-new-roadmaps-should-also-be-created-for-branded-exports\"><strong>\u201cNew roadmaps should also be created for branded exports\u201d<\/strong><\/h2>\n\n\n\n<p>Ahmet \u00d6ks\u00fcz relayed that there was a global contraction in demand in textiles and that they wanted to solve this by turning to alternative markets, and he said that they were going through a period in which branded exports were gaining more importance. He underlined that Turkish textiles had a high value-added production structure and infrastructure, meanwhile stating that much more work should be done on branding and new roadmaps should be created for branded exports.<\/p>\n","protected":false},"excerpt":{"rendered":"<p>Bringing together leading representatives of the textile industry from all over the world in Istanbul, Texhibition Istanbul Fabric and Textile Accessories Exhibition opened its doors for the sixth time at the Istanbul Fair Center on September 11-13. Organized by the Istanbul Textile and Raw Materials Exporters\u2019 Association (ITHIB), the exhibition was held with the participation [&hellip;]<\/p>\n","protected":false},"author":2,"featured_media":60087,"comment_status":"closed","ping_status":"closed","sticky":false,"template":"","format":"standard","meta":{"footnotes":""},"categories":[9845],"tags":[15032,10369,12448],"class_list":{"0":"post-60089","1":"post","2":"type-post","3":"status-publish","4":"format-standard","5":"has-post-thumbnail","7":"category-trade-fairs","8":"tag-texhibition-istanbul","9":"tag-textile-news-en","10":"tag-trade-fairs"},"yoast_head":"<!-- This site is optimized with the Yoast SEO Premium plugin v27.3 (Yoast SEO v27.3) - https:\/\/yoast.com\/product\/yoast-seo-premium-wordpress\/ -->\n<title>A fresh breath of air for textile industry with Texhibition Istanbul - Textilegence<\/title>\n<meta name=\"description\" content=\"Bringing together leading representatives of the textile industry from all over the world in Istanbul, Texhibition Istanbul Fabric and...\" \/>\n<meta name=\"robots\" content=\"index, follow, max-snippet:-1, max-image-preview:large, max-video-preview:-1\" \/>\n<link rel=\"canonical\" href=\"https:\/\/www.textilegence.com\/en\/a-fresh-breath-of-air-for-textile-industry-with-texhibition-istanbul\/\" \/>\n<meta property=\"og:locale\" content=\"en_US\" \/>\n<meta property=\"og:type\" content=\"article\" \/>\n<meta property=\"og:title\" content=\"A fresh breath of air for textile industry with Texhibition Istanbul\" \/>\n<meta property=\"og:description\" content=\"Bringing together leading representatives of the textile industry from all over the world in Istanbul, Texhibition Istanbul Fabric and Textile Accessories\" \/>\n<meta property=\"og:url\" content=\"https:\/\/www.textilegence.com\/en\/a-fresh-breath-of-air-for-textile-industry-with-texhibition-istanbul\/\" \/>\n<meta property=\"og:site_name\" content=\"Textilegence Magazine and Digital Platform\" \/>\n<meta property=\"article:publisher\" content=\"https:\/\/www.facebook.com\/TextilegenceMagazine\" \/>\n<meta property=\"article:author\" content=\"https:\/\/www.facebook.com\/TextilegenceMagazine\" \/>\n<meta property=\"article:published_time\" content=\"2024-09-16T12:50:35+00:00\" \/>\n<meta property=\"article:modified_time\" content=\"2024-10-24T12:52:01+00:00\" \/>\n<meta property=\"og:image\" content=\"https:\/\/www.textilegence.com\/wp-content\/uploads\/2024\/10\/Texhibition-2024.jpg\" \/>\n\t<meta property=\"og:image:width\" content=\"1920\" \/>\n\t<meta property=\"og:image:height\" content=\"1080\" \/>\n\t<meta property=\"og:image:type\" content=\"image\/jpeg\" \/>\n<meta name=\"author\" content=\"Engin Buz\" \/>\n<meta name=\"twitter:card\" content=\"summary_large_image\" \/>\n<meta name=\"twitter:creator\" content=\"@https:\/\/twitter.com\/textilegence\" \/>\n<meta name=\"twitter:site\" content=\"@textilegence\" \/>\n<meta name=\"twitter:label1\" content=\"Written by\" \/>\n\t<meta name=\"twitter:data1\" content=\"Engin Buz\" \/>\n\t<meta name=\"twitter:label2\" content=\"Est. reading time\" \/>\n\t<meta name=\"twitter:data2\" content=\"3 minutes\" \/>\n<script type=\"application\/ld+json\" class=\"yoast-schema-graph\">{\"@context\":\"https:\\\/\\\/schema.org\",\"@graph\":[{\"@type\":\"NewsArticle\",\"@id\":\"https:\\\/\\\/www.textilegence.com\\\/en\\\/a-fresh-breath-of-air-for-textile-industry-with-texhibition-istanbul\\\/#article\",\"isPartOf\":{\"@id\":\"https:\\\/\\\/www.textilegence.com\\\/en\\\/a-fresh-breath-of-air-for-textile-industry-with-texhibition-istanbul\\\/\"},\"author\":{\"name\":\"Engin Buz\",\"@id\":\"https:\\\/\\\/www.textilegence.com\\\/en\\\/#\\\/schema\\\/person\\\/46ccc7bfc34edbc7d46b6b189f88849f\"},\"headline\":\"A fresh breath of air for textile industry with Texhibition Istanbul\",\"datePublished\":\"2024-09-16T12:50:35+00:00\",\"dateModified\":\"2024-10-24T12:52:01+00:00\",\"mainEntityOfPage\":{\"@id\":\"https:\\\/\\\/www.textilegence.com\\\/en\\\/a-fresh-breath-of-air-for-textile-industry-with-texhibition-istanbul\\\/\"},\"wordCount\":423,\"publisher\":{\"@id\":\"https:\\\/\\\/www.textilegence.com\\\/en\\\/#organization\"},\"image\":{\"@id\":\"https:\\\/\\\/www.textilegence.com\\\/en\\\/a-fresh-breath-of-air-for-textile-industry-with-texhibition-istanbul\\\/#primaryimage\"},\"thumbnailUrl\":\"https:\\\/\\\/www.textilegence.com\\\/wp-content\\\/uploads\\\/2024\\\/10\\\/Texhibition-2024.jpg\",\"keywords\":[\"texhibition istanbul\",\"textile news\",\"trade fairs\"],\"articleSection\":[\"Trade Fairs\"],\"inLanguage\":\"en-US\"},{\"@type\":\"WebPage\",\"@id\":\"https:\\\/\\\/www.textilegence.com\\\/en\\\/a-fresh-breath-of-air-for-textile-industry-with-texhibition-istanbul\\\/\",\"url\":\"https:\\\/\\\/www.textilegence.com\\\/en\\\/a-fresh-breath-of-air-for-textile-industry-with-texhibition-istanbul\\\/\",\"name\":\"A fresh breath of air for textile industry with Texhibition Istanbul - Textilegence\",\"isPartOf\":{\"@id\":\"https:\\\/\\\/www.textilegence.com\\\/en\\\/#website\"},\"primaryImageOfPage\":{\"@id\":\"https:\\\/\\\/www.textilegence.com\\\/en\\\/a-fresh-breath-of-air-for-textile-industry-with-texhibition-istanbul\\\/#primaryimage\"},\"image\":{\"@id\":\"https:\\\/\\\/www.textilegence.com\\\/en\\\/a-fresh-breath-of-air-for-textile-industry-with-texhibition-istanbul\\\/#primaryimage\"},\"thumbnailUrl\":\"https:\\\/\\\/www.textilegence.com\\\/wp-content\\\/uploads\\\/2024\\\/10\\\/Texhibition-2024.jpg\",\"datePublished\":\"2024-09-16T12:50:35+00:00\",\"dateModified\":\"2024-10-24T12:52:01+00:00\",\"description\":\"Bringing together leading representatives of the textile industry from all over the world in Istanbul, Texhibition Istanbul Fabric and...\",\"breadcrumb\":{\"@id\":\"https:\\\/\\\/www.textilegence.com\\\/en\\\/a-fresh-breath-of-air-for-textile-industry-with-texhibition-istanbul\\\/#breadcrumb\"},\"inLanguage\":\"en-US\",\"potentialAction\":[{\"@type\":\"ReadAction\",\"target\":[\"https:\\\/\\\/www.textilegence.com\\\/en\\\/a-fresh-breath-of-air-for-textile-industry-with-texhibition-istanbul\\\/\"]}]},{\"@type\":\"ImageObject\",\"inLanguage\":\"en-US\",\"@id\":\"https:\\\/\\\/www.textilegence.com\\\/en\\\/a-fresh-breath-of-air-for-textile-industry-with-texhibition-istanbul\\\/#primaryimage\",\"url\":\"https:\\\/\\\/www.textilegence.com\\\/wp-content\\\/uploads\\\/2024\\\/10\\\/Texhibition-2024.jpg\",\"contentUrl\":\"https:\\\/\\\/www.textilegence.com\\\/wp-content\\\/uploads\\\/2024\\\/10\\\/Texhibition-2024.jpg\",\"width\":1920,\"height\":1080,\"caption\":\"A fresh breath of air for textile industry with Texhibition Istanbul Image Source: Textilegence\"},{\"@type\":\"BreadcrumbList\",\"@id\":\"https:\\\/\\\/www.textilegence.com\\\/en\\\/a-fresh-breath-of-air-for-textile-industry-with-texhibition-istanbul\\\/#breadcrumb\",\"itemListElement\":[{\"@type\":\"ListItem\",\"position\":1,\"name\":\"Home Page\",\"item\":\"https:\\\/\\\/www.textilegence.com\\\/en\\\/homepage-the-rimont\\\/\"},{\"@type\":\"ListItem\",\"position\":2,\"name\":\"Trade Fairs\",\"item\":\"https:\\\/\\\/www.textilegence.com\\\/en\\\/category\\\/trade-fairs\\\/\"},{\"@type\":\"ListItem\",\"position\":3,\"name\":\"A fresh breath of air for textile industry with Texhibition Istanbul\"}]},{\"@type\":\"WebSite\",\"@id\":\"https:\\\/\\\/www.textilegence.com\\\/en\\\/#website\",\"url\":\"https:\\\/\\\/www.textilegence.com\\\/en\\\/\",\"name\":\"Textilegence Magazine and Digital Platform\",\"description\":\"Textile News Center\",\"publisher\":{\"@id\":\"https:\\\/\\\/www.textilegence.com\\\/en\\\/#organization\"},\"potentialAction\":[{\"@type\":\"SearchAction\",\"target\":{\"@type\":\"EntryPoint\",\"urlTemplate\":\"https:\\\/\\\/www.textilegence.com\\\/en\\\/?s={search_term_string}\"},\"query-input\":{\"@type\":\"PropertyValueSpecification\",\"valueRequired\":true,\"valueName\":\"search_term_string\"}}],\"inLanguage\":\"en-US\"},{\"@type\":\"Organization\",\"@id\":\"https:\\\/\\\/www.textilegence.com\\\/en\\\/#organization\",\"name\":\"Textilegence Magazine and Digital Platform\",\"url\":\"https:\\\/\\\/www.textilegence.com\\\/en\\\/\",\"logo\":{\"@type\":\"ImageObject\",\"inLanguage\":\"en-US\",\"@id\":\"https:\\\/\\\/www.textilegence.com\\\/en\\\/#\\\/schema\\\/logo\\\/image\\\/\",\"url\":\"https:\\\/\\\/www.textilegence.com\\\/wp-content\\\/uploads\\\/2016\\\/11\\\/New_Retina_Logo_Textilegence.png\",\"contentUrl\":\"https:\\\/\\\/www.textilegence.com\\\/wp-content\\\/uploads\\\/2016\\\/11\\\/New_Retina_Logo_Textilegence.png\",\"width\":544,\"height\":180,\"caption\":\"Textilegence Magazine and Digital Platform\"},\"image\":{\"@id\":\"https:\\\/\\\/www.textilegence.com\\\/en\\\/#\\\/schema\\\/logo\\\/image\\\/\"},\"sameAs\":[\"https:\\\/\\\/www.facebook.com\\\/TextilegenceMagazine\",\"https:\\\/\\\/x.com\\\/textilegence\",\"https:\\\/\\\/www.instagram.com\\\/textilegence\\\/\",\"https:\\\/\\\/www.linkedin.com\\\/groups\\\/Textilegence-Magazine-Digital-Platform-4897253\",\"https:\\\/\\\/www.youtube.com\\\/user\\\/textilegence\"],\"description\":\"Textilegence is a magazine and digital platform established in 2013. It focuses on the textile industry and sub-segments. The platform provides news, articles, and updates on various aspects of the textile industry, including sustainability, technological advancements, and market trends.\",\"email\":\"editor@textilegence.com\",\"telephone\":\"+90 212 442 24 12\",\"legalName\":\"Textilegence Mag and Digital Platform\",\"foundingDate\":\"2013-01-01\",\"numberOfEmployees\":{\"@type\":\"QuantitativeValue\",\"minValue\":\"1\",\"maxValue\":\"10\"}},{\"@type\":\"Person\",\"@id\":\"https:\\\/\\\/www.textilegence.com\\\/en\\\/#\\\/schema\\\/person\\\/46ccc7bfc34edbc7d46b6b189f88849f\",\"name\":\"Engin Buz\",\"image\":{\"@type\":\"ImageObject\",\"inLanguage\":\"en-US\",\"@id\":\"https:\\\/\\\/www.textilegence.com\\\/wp-content\\\/uploads\\\/2018\\\/12\\\/engin-buz.jpg\",\"url\":\"https:\\\/\\\/www.textilegence.com\\\/wp-content\\\/uploads\\\/2018\\\/12\\\/engin-buz.jpg\",\"contentUrl\":\"https:\\\/\\\/www.textilegence.com\\\/wp-content\\\/uploads\\\/2018\\\/12\\\/engin-buz.jpg\",\"caption\":\"Engin Buz\"},\"description\":\"Engin Buz, Ankara \u00dcniversitesi \u0130leti\u015fim Fak\u00fcltesi Gazetecilik B\u00f6l\u00fcm\u00fc\u2019nden mezun olduktan sonra Y\u0131ld\u0131z Teknik \u00dcniversitesi\u2019nde Siyaset Bilimi ve Uluslararas\u0131 \u0130li\u015fkiler alan\u0131nda y\u00fcksek lisans\u0131n\u0131 tamamlam\u0131\u015ft\u0131r. 2000 y\u0131l\u0131ndan sonra \u00e7e\u015fitli yay\u0131nc\u0131l\u0131k \u015firketlerinde \u00e7al\u0131\u015fmaya ba\u015flayarak k\u00fclt\u00fcr-sanat ve daha sonra ekonomi haberleri haz\u0131rlam\u0131\u015ft\u0131r. 2009 y\u0131l\u0131ndan itibaren tekstil end\u00fcstrisine d\u00f6n\u00fck yay\u0131nlarda edit\u00f6r olarak g\u00f6rev alan Buz, 2013 itibariyle kurulan Textilegence\u2019de haber edit\u00f6r\u00fc olarak yer almaya ba\u015flam\u0131\u015ft\u0131r. Engin Buz halen ba\u015fta tekstil ve dijital bask\u0131 end\u00fcstrileri olmak \u00fczere ekonomi haberleri haz\u0131rlamaktad\u0131r.\",\"sameAs\":[\"https:\\\/\\\/www.textilegence.com\",\"https:\\\/\\\/www.facebook.com\\\/TextilegenceMagazine\",\"https:\\\/\\\/www.instagram.com\\\/textilegence\\\/\",\"https:\\\/\\\/www.linkedin.com\\\/in\\\/engin-buz-6190799a\\\/\",\"https:\\\/\\\/x.com\\\/https:\\\/\\\/twitter.com\\\/textilegence\"],\"url\":\"https:\\\/\\\/www.textilegence.com\\\/en\\\/author\\\/engin-buz\\\/\"}]}<\/script>\n<!-- \/ Yoast SEO Premium plugin. -->","yoast_head_json":{"title":"A fresh breath of air for textile industry with Texhibition Istanbul - Textilegence","description":"Bringing together leading representatives of the textile industry from all over the world in Istanbul, Texhibition Istanbul Fabric and...","robots":{"index":"index","follow":"follow","max-snippet":"max-snippet:-1","max-image-preview":"max-image-preview:large","max-video-preview":"max-video-preview:-1"},"canonical":"https:\/\/www.textilegence.com\/en\/a-fresh-breath-of-air-for-textile-industry-with-texhibition-istanbul\/","og_locale":"en_US","og_type":"article","og_title":"A fresh breath of air for textile industry with Texhibition Istanbul","og_description":"Bringing together leading representatives of the textile industry from all over the world in Istanbul, Texhibition Istanbul Fabric and Textile Accessories","og_url":"https:\/\/www.textilegence.com\/en\/a-fresh-breath-of-air-for-textile-industry-with-texhibition-istanbul\/","og_site_name":"Textilegence Magazine and Digital Platform","article_publisher":"https:\/\/www.facebook.com\/TextilegenceMagazine","article_author":"https:\/\/www.facebook.com\/TextilegenceMagazine","article_published_time":"2024-09-16T12:50:35+00:00","article_modified_time":"2024-10-24T12:52:01+00:00","og_image":[{"width":1920,"height":1080,"url":"https:\/\/www.textilegence.com\/wp-content\/uploads\/2024\/10\/Texhibition-2024.jpg","type":"image\/jpeg"}],"author":"Engin Buz","twitter_card":"summary_large_image","twitter_creator":"@https:\/\/twitter.com\/textilegence","twitter_site":"@textilegence","twitter_misc":{"Written by":"Engin Buz","Est. reading time":"3 minutes"},"schema":{"@context":"https:\/\/schema.org","@graph":[{"@type":"NewsArticle","@id":"https:\/\/www.textilegence.com\/en\/a-fresh-breath-of-air-for-textile-industry-with-texhibition-istanbul\/#article","isPartOf":{"@id":"https:\/\/www.textilegence.com\/en\/a-fresh-breath-of-air-for-textile-industry-with-texhibition-istanbul\/"},"author":{"name":"Engin Buz","@id":"https:\/\/www.textilegence.com\/en\/#\/schema\/person\/46ccc7bfc34edbc7d46b6b189f88849f"},"headline":"A fresh breath of air for textile industry with Texhibition Istanbul","datePublished":"2024-09-16T12:50:35+00:00","dateModified":"2024-10-24T12:52:01+00:00","mainEntityOfPage":{"@id":"https:\/\/www.textilegence.com\/en\/a-fresh-breath-of-air-for-textile-industry-with-texhibition-istanbul\/"},"wordCount":423,"publisher":{"@id":"https:\/\/www.textilegence.com\/en\/#organization"},"image":{"@id":"https:\/\/www.textilegence.com\/en\/a-fresh-breath-of-air-for-textile-industry-with-texhibition-istanbul\/#primaryimage"},"thumbnailUrl":"https:\/\/www.textilegence.com\/wp-content\/uploads\/2024\/10\/Texhibition-2024.jpg","keywords":["texhibition istanbul","textile news","trade fairs"],"articleSection":["Trade Fairs"],"inLanguage":"en-US"},{"@type":"WebPage","@id":"https:\/\/www.textilegence.com\/en\/a-fresh-breath-of-air-for-textile-industry-with-texhibition-istanbul\/","url":"https:\/\/www.textilegence.com\/en\/a-fresh-breath-of-air-for-textile-industry-with-texhibition-istanbul\/","name":"A fresh breath of air for textile industry with Texhibition Istanbul - Textilegence","isPartOf":{"@id":"https:\/\/www.textilegence.com\/en\/#website"},"primaryImageOfPage":{"@id":"https:\/\/www.textilegence.com\/en\/a-fresh-breath-of-air-for-textile-industry-with-texhibition-istanbul\/#primaryimage"},"image":{"@id":"https:\/\/www.textilegence.com\/en\/a-fresh-breath-of-air-for-textile-industry-with-texhibition-istanbul\/#primaryimage"},"thumbnailUrl":"https:\/\/www.textilegence.com\/wp-content\/uploads\/2024\/10\/Texhibition-2024.jpg","datePublished":"2024-09-16T12:50:35+00:00","dateModified":"2024-10-24T12:52:01+00:00","description":"Bringing together leading representatives of the textile industry from all over the world in Istanbul, Texhibition Istanbul Fabric and...","breadcrumb":{"@id":"https:\/\/www.textilegence.com\/en\/a-fresh-breath-of-air-for-textile-industry-with-texhibition-istanbul\/#breadcrumb"},"inLanguage":"en-US","potentialAction":[{"@type":"ReadAction","target":["https:\/\/www.textilegence.com\/en\/a-fresh-breath-of-air-for-textile-industry-with-texhibition-istanbul\/"]}]},{"@type":"ImageObject","inLanguage":"en-US","@id":"https:\/\/www.textilegence.com\/en\/a-fresh-breath-of-air-for-textile-industry-with-texhibition-istanbul\/#primaryimage","url":"https:\/\/www.textilegence.com\/wp-content\/uploads\/2024\/10\/Texhibition-2024.jpg","contentUrl":"https:\/\/www.textilegence.com\/wp-content\/uploads\/2024\/10\/Texhibition-2024.jpg","width":1920,"height":1080,"caption":"A fresh breath of air for textile industry with Texhibition Istanbul Image Source: Textilegence"},{"@type":"BreadcrumbList","@id":"https:\/\/www.textilegence.com\/en\/a-fresh-breath-of-air-for-textile-industry-with-texhibition-istanbul\/#breadcrumb","itemListElement":[{"@type":"ListItem","position":1,"name":"Home Page","item":"https:\/\/www.textilegence.com\/en\/homepage-the-rimont\/"},{"@type":"ListItem","position":2,"name":"Trade Fairs","item":"https:\/\/www.textilegence.com\/en\/category\/trade-fairs\/"},{"@type":"ListItem","position":3,"name":"A fresh breath of air for textile industry with Texhibition Istanbul"}]},{"@type":"WebSite","@id":"https:\/\/www.textilegence.com\/en\/#website","url":"https:\/\/www.textilegence.com\/en\/","name":"Textilegence Magazine and Digital Platform","description":"Textile News Center","publisher":{"@id":"https:\/\/www.textilegence.com\/en\/#organization"},"potentialAction":[{"@type":"SearchAction","target":{"@type":"EntryPoint","urlTemplate":"https:\/\/www.textilegence.com\/en\/?s={search_term_string}"},"query-input":{"@type":"PropertyValueSpecification","valueRequired":true,"valueName":"search_term_string"}}],"inLanguage":"en-US"},{"@type":"Organization","@id":"https:\/\/www.textilegence.com\/en\/#organization","name":"Textilegence Magazine and Digital Platform","url":"https:\/\/www.textilegence.com\/en\/","logo":{"@type":"ImageObject","inLanguage":"en-US","@id":"https:\/\/www.textilegence.com\/en\/#\/schema\/logo\/image\/","url":"https:\/\/www.textilegence.com\/wp-content\/uploads\/2016\/11\/New_Retina_Logo_Textilegence.png","contentUrl":"https:\/\/www.textilegence.com\/wp-content\/uploads\/2016\/11\/New_Retina_Logo_Textilegence.png","width":544,"height":180,"caption":"Textilegence Magazine and Digital Platform"},"image":{"@id":"https:\/\/www.textilegence.com\/en\/#\/schema\/logo\/image\/"},"sameAs":["https:\/\/www.facebook.com\/TextilegenceMagazine","https:\/\/x.com\/textilegence","https:\/\/www.instagram.com\/textilegence\/","https:\/\/www.linkedin.com\/groups\/Textilegence-Magazine-Digital-Platform-4897253","https:\/\/www.youtube.com\/user\/textilegence"],"description":"Textilegence is a magazine and digital platform established in 2013. It focuses on the textile industry and sub-segments. The platform provides news, articles, and updates on various aspects of the textile industry, including sustainability, technological advancements, and market trends.","email":"editor@textilegence.com","telephone":"+90 212 442 24 12","legalName":"Textilegence Mag and Digital Platform","foundingDate":"2013-01-01","numberOfEmployees":{"@type":"QuantitativeValue","minValue":"1","maxValue":"10"}},{"@type":"Person","@id":"https:\/\/www.textilegence.com\/en\/#\/schema\/person\/46ccc7bfc34edbc7d46b6b189f88849f","name":"Engin Buz","image":{"@type":"ImageObject","inLanguage":"en-US","@id":"https:\/\/www.textilegence.com\/wp-content\/uploads\/2018\/12\/engin-buz.jpg","url":"https:\/\/www.textilegence.com\/wp-content\/uploads\/2018\/12\/engin-buz.jpg","contentUrl":"https:\/\/www.textilegence.com\/wp-content\/uploads\/2018\/12\/engin-buz.jpg","caption":"Engin Buz"},"description":"Engin Buz, Ankara \u00dcniversitesi \u0130leti\u015fim Fak\u00fcltesi Gazetecilik B\u00f6l\u00fcm\u00fc\u2019nden mezun olduktan sonra Y\u0131ld\u0131z Teknik \u00dcniversitesi\u2019nde Siyaset Bilimi ve Uluslararas\u0131 \u0130li\u015fkiler alan\u0131nda y\u00fcksek lisans\u0131n\u0131 tamamlam\u0131\u015ft\u0131r. 2000 y\u0131l\u0131ndan sonra \u00e7e\u015fitli yay\u0131nc\u0131l\u0131k \u015firketlerinde \u00e7al\u0131\u015fmaya ba\u015flayarak k\u00fclt\u00fcr-sanat ve daha sonra ekonomi haberleri haz\u0131rlam\u0131\u015ft\u0131r. 2009 y\u0131l\u0131ndan itibaren tekstil end\u00fcstrisine d\u00f6n\u00fck yay\u0131nlarda edit\u00f6r olarak g\u00f6rev alan Buz, 2013 itibariyle kurulan Textilegence\u2019de haber edit\u00f6r\u00fc olarak yer almaya ba\u015flam\u0131\u015ft\u0131r. Engin Buz halen ba\u015fta tekstil ve dijital bask\u0131 end\u00fcstrileri olmak \u00fczere ekonomi haberleri haz\u0131rlamaktad\u0131r.","sameAs":["https:\/\/www.textilegence.com","https:\/\/www.facebook.com\/TextilegenceMagazine","https:\/\/www.instagram.com\/textilegence\/","https:\/\/www.linkedin.com\/in\/engin-buz-6190799a\/","https:\/\/x.com\/https:\/\/twitter.com\/textilegence"],"url":"https:\/\/www.textilegence.com\/en\/author\/engin-buz\/"}]}},"_links":{"self":[{"href":"https:\/\/www.textilegence.com\/en\/wp-json\/wp\/v2\/posts\/60089","targetHints":{"allow":["GET"]}}],"collection":[{"href":"https:\/\/www.textilegence.com\/en\/wp-json\/wp\/v2\/posts"}],"about":[{"href":"https:\/\/www.textilegence.com\/en\/wp-json\/wp\/v2\/types\/post"}],"author":[{"embeddable":true,"href":"https:\/\/www.textilegence.com\/en\/wp-json\/wp\/v2\/users\/2"}],"replies":[{"embeddable":true,"href":"https:\/\/www.textilegence.com\/en\/wp-json\/wp\/v2\/comments?post=60089"}],"version-history":[{"count":0,"href":"https:\/\/www.textilegence.com\/en\/wp-json\/wp\/v2\/posts\/60089\/revisions"}],"wp:featuredmedia":[{"embeddable":true,"href":"https:\/\/www.textilegence.com\/en\/wp-json\/wp\/v2\/media\/60087"}],"wp:attachment":[{"href":"https:\/\/www.textilegence.com\/en\/wp-json\/wp\/v2\/media?parent=60089"}],"wp:term":[{"taxonomy":"category","embeddable":true,"href":"https:\/\/www.textilegence.com\/en\/wp-json\/wp\/v2\/categories?post=60089"},{"taxonomy":"post_tag","embeddable":true,"href":"https:\/\/www.textilegence.com\/en\/wp-json\/wp\/v2\/tags?post=60089"}],"curies":[{"name":"wp","href":"https:\/\/api.w.org\/{rel}","templated":true}]}}