{"id":60622,"date":"2024-12-18T11:33:58","date_gmt":"2024-12-18T08:33:58","guid":{"rendered":"http:\/\/www.textilegence.com\/?p=60622"},"modified":"2024-12-18T11:34:08","modified_gmt":"2024-12-18T08:34:08","slug":"andritz-to-further-strengthen-in-sustainable-packaging-with-its-new-pilot-line","status":"publish","type":"post","link":"https:\/\/www.textilegence.com\/en\/andritz-to-further-strengthen-in-sustainable-packaging-with-its-new-pilot-line\/","title":{"rendered":"ANDRITZ to further strengthen in sustainable packaging with its new pilot line"},"content":{"rendered":"\n<p>International technology <a href=\"https:\/\/www.andritz.com\/group-en\" target=\"_blank\" rel=\"noreferrer noopener\">group<\/a> ANDRITZ has inaugurated a new technical center in Montbonnot, France, dedicated to advancing solutions for dry molded fiber production. Dry molded fiber (DMF) production uses a nearly waterless process to convert cellulose fibers into three-dimensional products for sustainable <a href=\"https:\/\/www.textilegence.com\/en\/category\/packaging\/\" target=\"_blank\" rel=\"noreferrer noopener\">packaging<\/a>. Based on its strategic partnership with the Swedish DMF pioneer PulPac, ANDRITZ is now able to offer complete dry molded fiber lines.<\/p>\n\n\n\n<p>The new technical center with its pilot line will support ANDRITZ\u2019s development of industrial-scale solutions for high-speed, turnkey dry molded fiber production plants for the packaging industry. It will also enable customers to conduct trials, receive support on R&amp;D projects, and create new products with customized shapes and barrier properties.<\/p>\n\n\n\n<p>Andreas Lukas, Senior Vice President of ANDRITZ Nonwoven &amp; Textile said that wood pulp processing has been a core competence of ANDRITZ for a long time and stated: \u201cOur new pilot line is an important step in advancing our solutions for responsible convenience packaging from wood pulp. By combining ANDRITZ Dan-Web\u2019s airlaid forming capabilities with PulPac\u2019s molding technology, we are striving for the highest capacity, product quality and flexibility in this field.\u201d<\/p>\n\n\n<div class=\"wp-block-image\">\n<figure class=\"aligncenter size-full\"><img loading=\"lazy\" decoding=\"async\" width=\"1920\" height=\"1080\" src=\"https:\/\/www.textilegence.com\/wp-content\/uploads\/2024\/12\/Recycled-materials.jpg\" alt=\"The new technical center with its pilot line will support ANDRITZ\u2019s development of industrial-scale solutions for high-speed, turnkey dry molded fiber production plants for the packaging industry   Image Source: ANDRITZ\" class=\"wp-image-60620\" srcset=\"https:\/\/www.textilegence.com\/wp-content\/uploads\/2024\/12\/Recycled-materials.jpg 1920w, https:\/\/www.textilegence.com\/wp-content\/uploads\/2024\/12\/Recycled-materials-768x432.jpg 768w, https:\/\/www.textilegence.com\/wp-content\/uploads\/2024\/12\/Recycled-materials-1536x864.jpg 1536w, https:\/\/www.textilegence.com\/wp-content\/uploads\/2024\/12\/Recycled-materials-300x169.jpg 300w, https:\/\/www.textilegence.com\/wp-content\/uploads\/2024\/12\/Recycled-materials-600x338.jpg 600w, https:\/\/www.textilegence.com\/wp-content\/uploads\/2024\/12\/Recycled-materials-696x392.jpg 696w, https:\/\/www.textilegence.com\/wp-content\/uploads\/2024\/12\/Recycled-materials-1068x601.jpg 1068w\" sizes=\"auto, (max-width: 1920px) 100vw, 1920px\" \/><figcaption class=\"wp-element-caption\">The new technical center with its pilot line will support ANDRITZ\u2019s development of industrial-scale solutions for high-speed, turnkey dry molded fiber production plants for the packaging industry   Image Source: ANDRITZ<\/figcaption><\/figure>\n<\/div>\n\n\n<h2 class=\"wp-block-heading\" id=\"h-the-recyclable-and-biodegradable-products-are-prominent-instead-of-single-use-plastic-ones\"><strong>The recyclable and biodegradable products are prominent instead of single-use plastic ones<\/strong><\/h2>\n\n\n\n<p>Dry Molded Fiber is a nearly waterless process for molding cellulose fibers into three-dimensional products for packaging. These include coffee lids, cutlery, trays and other food-grade items, as well as a wide range of products for non-food applications. Made from wood pulp, these recyclable and biodegradable products are becoming increasingly important in replacing single-use plastic items.<\/p>\n","protected":false},"excerpt":{"rendered":"<p>International technology group ANDRITZ has inaugurated a new technical center in Montbonnot, France, dedicated to advancing solutions for dry molded fiber production. Dry molded fiber (DMF) production uses a nearly waterless process to convert cellulose fibers into three-dimensional products for sustainable packaging. Based on its strategic partnership with the Swedish DMF pioneer PulPac, ANDRITZ is [&hellip;]<\/p>\n","protected":false},"author":8,"featured_media":60618,"comment_status":"closed","ping_status":"closed","sticky":false,"template":"","format":"standard","meta":{"footnotes":""},"categories":[16099],"tags":[10679,10412,16109],"class_list":{"0":"post-60622","1":"post","2":"type-post","3":"status-publish","4":"format-standard","5":"has-post-thumbnail","7":"category-packaging","8":"tag-andritz-en","9":"tag-nonwovens","10":"tag-packaging-en"},"yoast_head":"<!-- This site is optimized with the Yoast SEO Premium plugin v27.3 (Yoast SEO v27.3) - https:\/\/yoast.com\/product\/yoast-seo-premium-wordpress\/ -->\n<title>ANDRITZ to further strengthen in sustainable packaging with its new pilot line - Textilegence<\/title>\n<meta name=\"description\" content=\"International technology group ANDRITZ has inaugurated a new technical center in Montbonnot, France, dedicated to advancing solutions...\" \/>\n<meta name=\"robots\" content=\"index, follow, max-snippet:-1, max-image-preview:large, max-video-preview:-1\" \/>\n<link rel=\"canonical\" href=\"https:\/\/www.textilegence.com\/en\/andritz-to-further-strengthen-in-sustainable-packaging-with-its-new-pilot-line\/\" \/>\n<meta property=\"og:locale\" content=\"en_US\" \/>\n<meta property=\"og:type\" content=\"article\" \/>\n<meta property=\"og:title\" content=\"ANDRITZ to further strengthen in sustainable packaging with its new pilot line\" \/>\n<meta property=\"og:description\" content=\"International technology group ANDRITZ has inaugurated a new technical center in Montbonnot, France, dedicated to advancing solutions for dry molded fiber\" \/>\n<meta property=\"og:url\" content=\"https:\/\/www.textilegence.com\/en\/andritz-to-further-strengthen-in-sustainable-packaging-with-its-new-pilot-line\/\" \/>\n<meta property=\"og:site_name\" content=\"Textilegence Magazine and Digital Platform\" \/>\n<meta property=\"article:publisher\" content=\"https:\/\/www.facebook.com\/TextilegenceMagazine\" \/>\n<meta property=\"article:author\" content=\"https:\/\/www.facebook.com\/TextilegenceMagazine\" \/>\n<meta property=\"article:published_time\" content=\"2024-12-18T08:33:58+00:00\" \/>\n<meta property=\"article:modified_time\" content=\"2024-12-18T08:34:08+00:00\" \/>\n<meta property=\"og:image\" content=\"https:\/\/www.textilegence.com\/wp-content\/uploads\/2024\/12\/Andritz-new-pilot-line.jpg\" \/>\n\t<meta property=\"og:image:width\" content=\"1920\" \/>\n\t<meta property=\"og:image:height\" content=\"1080\" \/>\n\t<meta property=\"og:image:type\" content=\"image\/jpeg\" \/>\n<meta name=\"author\" content=\"Fatih Cengiarslan\" \/>\n<meta name=\"twitter:card\" content=\"summary_large_image\" \/>\n<meta name=\"twitter:creator\" content=\"@https:\/\/twitter.com\/textilegence\" \/>\n<meta name=\"twitter:site\" content=\"@textilegence\" \/>\n<meta name=\"twitter:label1\" content=\"Written by\" \/>\n\t<meta name=\"twitter:data1\" content=\"Fatih Cengiarslan\" \/>\n\t<meta name=\"twitter:label2\" content=\"Est. reading time\" \/>\n\t<meta name=\"twitter:data2\" content=\"3 minutes\" \/>\n<script type=\"application\/ld+json\" class=\"yoast-schema-graph\">{\"@context\":\"https:\\\/\\\/schema.org\",\"@graph\":[{\"@type\":\"NewsArticle\",\"@id\":\"https:\\\/\\\/www.textilegence.com\\\/en\\\/andritz-to-further-strengthen-in-sustainable-packaging-with-its-new-pilot-line\\\/#article\",\"isPartOf\":{\"@id\":\"https:\\\/\\\/www.textilegence.com\\\/en\\\/andritz-to-further-strengthen-in-sustainable-packaging-with-its-new-pilot-line\\\/\"},\"author\":{\"name\":\"Fatih Cengiarslan\",\"@id\":\"https:\\\/\\\/www.textilegence.com\\\/en\\\/#\\\/schema\\\/person\\\/1c3977109f8a6e1e2b95678836d75cb7\"},\"headline\":\"ANDRITZ to further strengthen in sustainable packaging with its new pilot line\",\"datePublished\":\"2024-12-18T08:33:58+00:00\",\"dateModified\":\"2024-12-18T08:34:08+00:00\",\"mainEntityOfPage\":{\"@id\":\"https:\\\/\\\/www.textilegence.com\\\/en\\\/andritz-to-further-strengthen-in-sustainable-packaging-with-its-new-pilot-line\\\/\"},\"wordCount\":302,\"publisher\":{\"@id\":\"https:\\\/\\\/www.textilegence.com\\\/en\\\/#organization\"},\"image\":{\"@id\":\"https:\\\/\\\/www.textilegence.com\\\/en\\\/andritz-to-further-strengthen-in-sustainable-packaging-with-its-new-pilot-line\\\/#primaryimage\"},\"thumbnailUrl\":\"https:\\\/\\\/www.textilegence.com\\\/wp-content\\\/uploads\\\/2024\\\/12\\\/Andritz-new-pilot-line.jpg\",\"keywords\":[\"andritz\",\"nonwovens\",\"packaging\"],\"articleSection\":[\"Packaging\"],\"inLanguage\":\"en-US\"},{\"@type\":\"WebPage\",\"@id\":\"https:\\\/\\\/www.textilegence.com\\\/en\\\/andritz-to-further-strengthen-in-sustainable-packaging-with-its-new-pilot-line\\\/\",\"url\":\"https:\\\/\\\/www.textilegence.com\\\/en\\\/andritz-to-further-strengthen-in-sustainable-packaging-with-its-new-pilot-line\\\/\",\"name\":\"ANDRITZ to further strengthen in sustainable packaging with its new pilot line - Textilegence\",\"isPartOf\":{\"@id\":\"https:\\\/\\\/www.textilegence.com\\\/en\\\/#website\"},\"primaryImageOfPage\":{\"@id\":\"https:\\\/\\\/www.textilegence.com\\\/en\\\/andritz-to-further-strengthen-in-sustainable-packaging-with-its-new-pilot-line\\\/#primaryimage\"},\"image\":{\"@id\":\"https:\\\/\\\/www.textilegence.com\\\/en\\\/andritz-to-further-strengthen-in-sustainable-packaging-with-its-new-pilot-line\\\/#primaryimage\"},\"thumbnailUrl\":\"https:\\\/\\\/www.textilegence.com\\\/wp-content\\\/uploads\\\/2024\\\/12\\\/Andritz-new-pilot-line.jpg\",\"datePublished\":\"2024-12-18T08:33:58+00:00\",\"dateModified\":\"2024-12-18T08:34:08+00:00\",\"description\":\"International technology group ANDRITZ has inaugurated a new technical center in Montbonnot, France, dedicated to advancing solutions...\",\"breadcrumb\":{\"@id\":\"https:\\\/\\\/www.textilegence.com\\\/en\\\/andritz-to-further-strengthen-in-sustainable-packaging-with-its-new-pilot-line\\\/#breadcrumb\"},\"inLanguage\":\"en-US\",\"potentialAction\":[{\"@type\":\"ReadAction\",\"target\":[\"https:\\\/\\\/www.textilegence.com\\\/en\\\/andritz-to-further-strengthen-in-sustainable-packaging-with-its-new-pilot-line\\\/\"]}]},{\"@type\":\"ImageObject\",\"inLanguage\":\"en-US\",\"@id\":\"https:\\\/\\\/www.textilegence.com\\\/en\\\/andritz-to-further-strengthen-in-sustainable-packaging-with-its-new-pilot-line\\\/#primaryimage\",\"url\":\"https:\\\/\\\/www.textilegence.com\\\/wp-content\\\/uploads\\\/2024\\\/12\\\/Andritz-new-pilot-line.jpg\",\"contentUrl\":\"https:\\\/\\\/www.textilegence.com\\\/wp-content\\\/uploads\\\/2024\\\/12\\\/Andritz-new-pilot-line.jpg\",\"width\":1920,\"height\":1080,\"caption\":\"ANDRITZ to further strengthen in sustainable packaging with its new pilot line Image Source: ANDRITZ\"},{\"@type\":\"BreadcrumbList\",\"@id\":\"https:\\\/\\\/www.textilegence.com\\\/en\\\/andritz-to-further-strengthen-in-sustainable-packaging-with-its-new-pilot-line\\\/#breadcrumb\",\"itemListElement\":[{\"@type\":\"ListItem\",\"position\":1,\"name\":\"Home Page\",\"item\":\"https:\\\/\\\/www.textilegence.com\\\/en\\\/homepage-the-rimont\\\/\"},{\"@type\":\"ListItem\",\"position\":2,\"name\":\"Packaging\",\"item\":\"https:\\\/\\\/www.textilegence.com\\\/en\\\/category\\\/packaging\\\/\"},{\"@type\":\"ListItem\",\"position\":3,\"name\":\"ANDRITZ to further strengthen in sustainable packaging with its new pilot line\"}]},{\"@type\":\"WebSite\",\"@id\":\"https:\\\/\\\/www.textilegence.com\\\/en\\\/#website\",\"url\":\"https:\\\/\\\/www.textilegence.com\\\/en\\\/\",\"name\":\"Textilegence Magazine and Digital Platform\",\"description\":\"Textile News Center\",\"publisher\":{\"@id\":\"https:\\\/\\\/www.textilegence.com\\\/en\\\/#organization\"},\"potentialAction\":[{\"@type\":\"SearchAction\",\"target\":{\"@type\":\"EntryPoint\",\"urlTemplate\":\"https:\\\/\\\/www.textilegence.com\\\/en\\\/?s={search_term_string}\"},\"query-input\":{\"@type\":\"PropertyValueSpecification\",\"valueRequired\":true,\"valueName\":\"search_term_string\"}}],\"inLanguage\":\"en-US\"},{\"@type\":\"Organization\",\"@id\":\"https:\\\/\\\/www.textilegence.com\\\/en\\\/#organization\",\"name\":\"Textilegence Magazine and Digital Platform\",\"url\":\"https:\\\/\\\/www.textilegence.com\\\/en\\\/\",\"logo\":{\"@type\":\"ImageObject\",\"inLanguage\":\"en-US\",\"@id\":\"https:\\\/\\\/www.textilegence.com\\\/en\\\/#\\\/schema\\\/logo\\\/image\\\/\",\"url\":\"https:\\\/\\\/www.textilegence.com\\\/wp-content\\\/uploads\\\/2016\\\/11\\\/New_Retina_Logo_Textilegence.png\",\"contentUrl\":\"https:\\\/\\\/www.textilegence.com\\\/wp-content\\\/uploads\\\/2016\\\/11\\\/New_Retina_Logo_Textilegence.png\",\"width\":544,\"height\":180,\"caption\":\"Textilegence Magazine and Digital Platform\"},\"image\":{\"@id\":\"https:\\\/\\\/www.textilegence.com\\\/en\\\/#\\\/schema\\\/logo\\\/image\\\/\"},\"sameAs\":[\"https:\\\/\\\/www.facebook.com\\\/TextilegenceMagazine\",\"https:\\\/\\\/x.com\\\/textilegence\",\"https:\\\/\\\/www.instagram.com\\\/textilegence\\\/\",\"https:\\\/\\\/www.linkedin.com\\\/groups\\\/Textilegence-Magazine-Digital-Platform-4897253\",\"https:\\\/\\\/www.youtube.com\\\/user\\\/textilegence\"],\"description\":\"Textilegence is a magazine and digital platform established in 2013. It focuses on the textile industry and sub-segments. The platform provides news, articles, and updates on various aspects of the textile industry, including sustainability, technological advancements, and market trends.\",\"email\":\"editor@textilegence.com\",\"telephone\":\"+90 212 442 24 12\",\"legalName\":\"Textilegence Mag and Digital Platform\",\"foundingDate\":\"2013-01-01\",\"numberOfEmployees\":{\"@type\":\"QuantitativeValue\",\"minValue\":\"1\",\"maxValue\":\"10\"}},{\"@type\":\"Person\",\"@id\":\"https:\\\/\\\/www.textilegence.com\\\/en\\\/#\\\/schema\\\/person\\\/1c3977109f8a6e1e2b95678836d75cb7\",\"name\":\"Fatih Cengiarslan\",\"image\":{\"@type\":\"ImageObject\",\"inLanguage\":\"en-US\",\"@id\":\"https:\\\/\\\/www.textilegence.com\\\/wp-content\\\/uploads\\\/2018\\\/12\\\/fatih-cengiarslan.jpg\",\"url\":\"https:\\\/\\\/www.textilegence.com\\\/wp-content\\\/uploads\\\/2018\\\/12\\\/fatih-cengiarslan.jpg\",\"contentUrl\":\"https:\\\/\\\/www.textilegence.com\\\/wp-content\\\/uploads\\\/2018\\\/12\\\/fatih-cengiarslan.jpg\",\"caption\":\"Fatih Cengiarslan\"},\"description\":\"Fatih Cengiarslan; Akademik \u0130ngilizce e\u011fitimini Bat\u0131 Avustralya \u00dcniversitesi\u2019nde tamamlad\u0131ktan sonra T\u00fcrkiye\u2019ye d\u00f6nerek \u0130stanbul Ayd\u0131n \u00dcniversitesi\u2019nde \u0130nternet Gazetecili\u011fi ve Yay\u0131nc\u0131l\u0131k b\u00f6l\u00fcm\u00fcn\u00fc bitirip, Litvanya \u2013 Kaunas Teknoloji \u00dcniversitesi\u2019nde interaktif media \u00fczerine 8 ayl\u0131k e\u011fitim ald\u0131. Daha sonra Eski\u015fehir Anadolu \u00dcniversitesi girerek \u0130\u015fletme Fak\u00fcltesini ba\u015far\u0131yla tamamlad\u0131. CNNTURK\u2019 kanal\u0131nda staj\u0131n\u0131 tamamlad\u0131ktan sonra Referans Gazetesi\u2019nde \u00e7al\u0131\u015fmaya ba\u015flad\u0131. 2 y\u0131l sonra Textilegence markas\u0131yla tekstil end\u00fcstrisine y\u00f6nelik kendi medyas\u0131n\u0131 kurdu. \u015eu anda Textilegence.com, Printing3D ve NEFA PR Ajans\u0131\u2019n\u0131n 12 y\u0131ld\u0131r y\u00f6netimini yapmaktad\u0131r.\",\"sameAs\":[\"https:\\\/\\\/www.textilegence.com\",\"https:\\\/\\\/www.facebook.com\\\/TextilegenceMagazine\",\"https:\\\/\\\/www.instagram.com\\\/textilegence\\\/\",\"https:\\\/\\\/www.linkedin.com\\\/in\\\/fatih-cengiarslan-32352265\\\/\",\"https:\\\/\\\/x.com\\\/https:\\\/\\\/twitter.com\\\/textilegence\"],\"url\":\"https:\\\/\\\/www.textilegence.com\\\/en\\\/author\\\/admin\\\/\"}]}<\/script>\n<!-- \/ Yoast SEO Premium plugin. -->","yoast_head_json":{"title":"ANDRITZ to further strengthen in sustainable packaging with its new pilot line - Textilegence","description":"International technology group ANDRITZ has inaugurated a new technical center in Montbonnot, France, dedicated to advancing solutions...","robots":{"index":"index","follow":"follow","max-snippet":"max-snippet:-1","max-image-preview":"max-image-preview:large","max-video-preview":"max-video-preview:-1"},"canonical":"https:\/\/www.textilegence.com\/en\/andritz-to-further-strengthen-in-sustainable-packaging-with-its-new-pilot-line\/","og_locale":"en_US","og_type":"article","og_title":"ANDRITZ to further strengthen in sustainable packaging with its new pilot line","og_description":"International technology group ANDRITZ has inaugurated a new technical center in Montbonnot, France, dedicated to advancing solutions for dry molded fiber","og_url":"https:\/\/www.textilegence.com\/en\/andritz-to-further-strengthen-in-sustainable-packaging-with-its-new-pilot-line\/","og_site_name":"Textilegence Magazine and Digital Platform","article_publisher":"https:\/\/www.facebook.com\/TextilegenceMagazine","article_author":"https:\/\/www.facebook.com\/TextilegenceMagazine","article_published_time":"2024-12-18T08:33:58+00:00","article_modified_time":"2024-12-18T08:34:08+00:00","og_image":[{"width":1920,"height":1080,"url":"https:\/\/www.textilegence.com\/wp-content\/uploads\/2024\/12\/Andritz-new-pilot-line.jpg","type":"image\/jpeg"}],"author":"Fatih Cengiarslan","twitter_card":"summary_large_image","twitter_creator":"@https:\/\/twitter.com\/textilegence","twitter_site":"@textilegence","twitter_misc":{"Written by":"Fatih Cengiarslan","Est. reading time":"3 minutes"},"schema":{"@context":"https:\/\/schema.org","@graph":[{"@type":"NewsArticle","@id":"https:\/\/www.textilegence.com\/en\/andritz-to-further-strengthen-in-sustainable-packaging-with-its-new-pilot-line\/#article","isPartOf":{"@id":"https:\/\/www.textilegence.com\/en\/andritz-to-further-strengthen-in-sustainable-packaging-with-its-new-pilot-line\/"},"author":{"name":"Fatih Cengiarslan","@id":"https:\/\/www.textilegence.com\/en\/#\/schema\/person\/1c3977109f8a6e1e2b95678836d75cb7"},"headline":"ANDRITZ to further strengthen in sustainable packaging with its new pilot line","datePublished":"2024-12-18T08:33:58+00:00","dateModified":"2024-12-18T08:34:08+00:00","mainEntityOfPage":{"@id":"https:\/\/www.textilegence.com\/en\/andritz-to-further-strengthen-in-sustainable-packaging-with-its-new-pilot-line\/"},"wordCount":302,"publisher":{"@id":"https:\/\/www.textilegence.com\/en\/#organization"},"image":{"@id":"https:\/\/www.textilegence.com\/en\/andritz-to-further-strengthen-in-sustainable-packaging-with-its-new-pilot-line\/#primaryimage"},"thumbnailUrl":"https:\/\/www.textilegence.com\/wp-content\/uploads\/2024\/12\/Andritz-new-pilot-line.jpg","keywords":["andritz","nonwovens","packaging"],"articleSection":["Packaging"],"inLanguage":"en-US"},{"@type":"WebPage","@id":"https:\/\/www.textilegence.com\/en\/andritz-to-further-strengthen-in-sustainable-packaging-with-its-new-pilot-line\/","url":"https:\/\/www.textilegence.com\/en\/andritz-to-further-strengthen-in-sustainable-packaging-with-its-new-pilot-line\/","name":"ANDRITZ to further strengthen in sustainable packaging with its new pilot line - Textilegence","isPartOf":{"@id":"https:\/\/www.textilegence.com\/en\/#website"},"primaryImageOfPage":{"@id":"https:\/\/www.textilegence.com\/en\/andritz-to-further-strengthen-in-sustainable-packaging-with-its-new-pilot-line\/#primaryimage"},"image":{"@id":"https:\/\/www.textilegence.com\/en\/andritz-to-further-strengthen-in-sustainable-packaging-with-its-new-pilot-line\/#primaryimage"},"thumbnailUrl":"https:\/\/www.textilegence.com\/wp-content\/uploads\/2024\/12\/Andritz-new-pilot-line.jpg","datePublished":"2024-12-18T08:33:58+00:00","dateModified":"2024-12-18T08:34:08+00:00","description":"International technology group ANDRITZ has inaugurated a new technical center in Montbonnot, France, dedicated to advancing solutions...","breadcrumb":{"@id":"https:\/\/www.textilegence.com\/en\/andritz-to-further-strengthen-in-sustainable-packaging-with-its-new-pilot-line\/#breadcrumb"},"inLanguage":"en-US","potentialAction":[{"@type":"ReadAction","target":["https:\/\/www.textilegence.com\/en\/andritz-to-further-strengthen-in-sustainable-packaging-with-its-new-pilot-line\/"]}]},{"@type":"ImageObject","inLanguage":"en-US","@id":"https:\/\/www.textilegence.com\/en\/andritz-to-further-strengthen-in-sustainable-packaging-with-its-new-pilot-line\/#primaryimage","url":"https:\/\/www.textilegence.com\/wp-content\/uploads\/2024\/12\/Andritz-new-pilot-line.jpg","contentUrl":"https:\/\/www.textilegence.com\/wp-content\/uploads\/2024\/12\/Andritz-new-pilot-line.jpg","width":1920,"height":1080,"caption":"ANDRITZ to further strengthen in sustainable packaging with its new pilot line Image Source: ANDRITZ"},{"@type":"BreadcrumbList","@id":"https:\/\/www.textilegence.com\/en\/andritz-to-further-strengthen-in-sustainable-packaging-with-its-new-pilot-line\/#breadcrumb","itemListElement":[{"@type":"ListItem","position":1,"name":"Home Page","item":"https:\/\/www.textilegence.com\/en\/homepage-the-rimont\/"},{"@type":"ListItem","position":2,"name":"Packaging","item":"https:\/\/www.textilegence.com\/en\/category\/packaging\/"},{"@type":"ListItem","position":3,"name":"ANDRITZ to further strengthen in sustainable packaging with its new pilot line"}]},{"@type":"WebSite","@id":"https:\/\/www.textilegence.com\/en\/#website","url":"https:\/\/www.textilegence.com\/en\/","name":"Textilegence Magazine and Digital Platform","description":"Textile News Center","publisher":{"@id":"https:\/\/www.textilegence.com\/en\/#organization"},"potentialAction":[{"@type":"SearchAction","target":{"@type":"EntryPoint","urlTemplate":"https:\/\/www.textilegence.com\/en\/?s={search_term_string}"},"query-input":{"@type":"PropertyValueSpecification","valueRequired":true,"valueName":"search_term_string"}}],"inLanguage":"en-US"},{"@type":"Organization","@id":"https:\/\/www.textilegence.com\/en\/#organization","name":"Textilegence Magazine and Digital Platform","url":"https:\/\/www.textilegence.com\/en\/","logo":{"@type":"ImageObject","inLanguage":"en-US","@id":"https:\/\/www.textilegence.com\/en\/#\/schema\/logo\/image\/","url":"https:\/\/www.textilegence.com\/wp-content\/uploads\/2016\/11\/New_Retina_Logo_Textilegence.png","contentUrl":"https:\/\/www.textilegence.com\/wp-content\/uploads\/2016\/11\/New_Retina_Logo_Textilegence.png","width":544,"height":180,"caption":"Textilegence Magazine and Digital Platform"},"image":{"@id":"https:\/\/www.textilegence.com\/en\/#\/schema\/logo\/image\/"},"sameAs":["https:\/\/www.facebook.com\/TextilegenceMagazine","https:\/\/x.com\/textilegence","https:\/\/www.instagram.com\/textilegence\/","https:\/\/www.linkedin.com\/groups\/Textilegence-Magazine-Digital-Platform-4897253","https:\/\/www.youtube.com\/user\/textilegence"],"description":"Textilegence is a magazine and digital platform established in 2013. It focuses on the textile industry and sub-segments. The platform provides news, articles, and updates on various aspects of the textile industry, including sustainability, technological advancements, and market trends.","email":"editor@textilegence.com","telephone":"+90 212 442 24 12","legalName":"Textilegence Mag and Digital Platform","foundingDate":"2013-01-01","numberOfEmployees":{"@type":"QuantitativeValue","minValue":"1","maxValue":"10"}},{"@type":"Person","@id":"https:\/\/www.textilegence.com\/en\/#\/schema\/person\/1c3977109f8a6e1e2b95678836d75cb7","name":"Fatih Cengiarslan","image":{"@type":"ImageObject","inLanguage":"en-US","@id":"https:\/\/www.textilegence.com\/wp-content\/uploads\/2018\/12\/fatih-cengiarslan.jpg","url":"https:\/\/www.textilegence.com\/wp-content\/uploads\/2018\/12\/fatih-cengiarslan.jpg","contentUrl":"https:\/\/www.textilegence.com\/wp-content\/uploads\/2018\/12\/fatih-cengiarslan.jpg","caption":"Fatih Cengiarslan"},"description":"Fatih Cengiarslan; Akademik \u0130ngilizce e\u011fitimini Bat\u0131 Avustralya \u00dcniversitesi\u2019nde tamamlad\u0131ktan sonra T\u00fcrkiye\u2019ye d\u00f6nerek \u0130stanbul Ayd\u0131n \u00dcniversitesi\u2019nde \u0130nternet Gazetecili\u011fi ve Yay\u0131nc\u0131l\u0131k b\u00f6l\u00fcm\u00fcn\u00fc bitirip, Litvanya \u2013 Kaunas Teknoloji \u00dcniversitesi\u2019nde interaktif media \u00fczerine 8 ayl\u0131k e\u011fitim ald\u0131. Daha sonra Eski\u015fehir Anadolu \u00dcniversitesi girerek \u0130\u015fletme Fak\u00fcltesini ba\u015far\u0131yla tamamlad\u0131. CNNTURK\u2019 kanal\u0131nda staj\u0131n\u0131 tamamlad\u0131ktan sonra Referans Gazetesi\u2019nde \u00e7al\u0131\u015fmaya ba\u015flad\u0131. 2 y\u0131l sonra Textilegence markas\u0131yla tekstil end\u00fcstrisine y\u00f6nelik kendi medyas\u0131n\u0131 kurdu. \u015eu anda Textilegence.com, Printing3D ve NEFA PR Ajans\u0131\u2019n\u0131n 12 y\u0131ld\u0131r y\u00f6netimini yapmaktad\u0131r.","sameAs":["https:\/\/www.textilegence.com","https:\/\/www.facebook.com\/TextilegenceMagazine","https:\/\/www.instagram.com\/textilegence\/","https:\/\/www.linkedin.com\/in\/fatih-cengiarslan-32352265\/","https:\/\/x.com\/https:\/\/twitter.com\/textilegence"],"url":"https:\/\/www.textilegence.com\/en\/author\/admin\/"}]}},"_links":{"self":[{"href":"https:\/\/www.textilegence.com\/en\/wp-json\/wp\/v2\/posts\/60622","targetHints":{"allow":["GET"]}}],"collection":[{"href":"https:\/\/www.textilegence.com\/en\/wp-json\/wp\/v2\/posts"}],"about":[{"href":"https:\/\/www.textilegence.com\/en\/wp-json\/wp\/v2\/types\/post"}],"author":[{"embeddable":true,"href":"https:\/\/www.textilegence.com\/en\/wp-json\/wp\/v2\/users\/8"}],"replies":[{"embeddable":true,"href":"https:\/\/www.textilegence.com\/en\/wp-json\/wp\/v2\/comments?post=60622"}],"version-history":[{"count":0,"href":"https:\/\/www.textilegence.com\/en\/wp-json\/wp\/v2\/posts\/60622\/revisions"}],"wp:featuredmedia":[{"embeddable":true,"href":"https:\/\/www.textilegence.com\/en\/wp-json\/wp\/v2\/media\/60618"}],"wp:attachment":[{"href":"https:\/\/www.textilegence.com\/en\/wp-json\/wp\/v2\/media?parent=60622"}],"wp:term":[{"taxonomy":"category","embeddable":true,"href":"https:\/\/www.textilegence.com\/en\/wp-json\/wp\/v2\/categories?post=60622"},{"taxonomy":"post_tag","embeddable":true,"href":"https:\/\/www.textilegence.com\/en\/wp-json\/wp\/v2\/tags?post=60622"}],"curies":[{"name":"wp","href":"https:\/\/api.w.org\/{rel}","templated":true}]}}