{"id":61104,"date":"2025-01-20T13:41:25","date_gmt":"2025-01-20T10:41:25","guid":{"rendered":"http:\/\/www.textilegence.com\/?p=61104"},"modified":"2025-01-20T13:41:33","modified_gmt":"2025-01-20T10:41:33","slug":"the-date-of-sign-istanbul-2025-has-been-announced","status":"publish","type":"post","link":"https:\/\/www.textilegence.com\/en\/the-date-of-sign-istanbul-2025-has-been-announced\/","title":{"rendered":"The date of SIGN Istanbul 2025 has been announced"},"content":{"rendered":"\n<p>The dates of the 26th SIGN Istanbul to be held by Informa Markets at T\u00fcyap Istanbul have been announced. SIGN Istanbul, the leading meeting point of the signage and digital printing industries on a regional and international scale, will be held on October 2-5, 2025. The <a href=\"https:\/\/www.signistanbul.com\/\" target=\"_blank\" rel=\"noreferrer noopener\">event<\/a>, preparations for which have begun this year, will showcase technologies that can print on almost any type of material, including round surfaces, from textile to wood, glass to cardboard, plastic to metal, faster, more economical and higher quality wide-format digital printing machines, giant LED screens, neon technologies and new generation display systems. The exhibition will bring together 25 thousand buyers from nearly 100 countries, including T\u00fcrkiye, with over 300 brands, including global brands.<\/p>\n\n\n\n<p>It was announced that the leading manufacturers, distributors and suppliers of the signage and printing <a href=\"https:\/\/www.textilegence.com\/en\/category\/trade-fairs\/\" target=\"_blank\" rel=\"noreferrer noopener\">industries<\/a> have already started to take their places at SIGN Istanbul 2025. The companies participating in the event will present their solutions and inspiring technologies aimed at advertising agencies, printing houses, graphic designers, textile manufacturers and industrial users to the appreciation of the industry at the SIGN Istanbul. During the exhibition, brands will not only have the opportunity to reach new markets in the Eurasia Region and strengthen their existing supplier relationships but will also take the pulse of the industry by discovering the latest trends and innovations.<\/p>\n\n\n<div class=\"wp-block-image\">\n<figure class=\"aligncenter size-full\"><img loading=\"lazy\" decoding=\"async\" width=\"1920\" height=\"1080\" src=\"https:\/\/www.textilegence.com\/wp-content\/uploads\/2025\/01\/Sign-istanbul.jpg\" alt=\"It was announced that the leading manufacturers, distributors and suppliers of the signage and printing industries have already started to take their places at SIGN Istanbul 2025   Image Source: SIGN \u0130stanbul\" class=\"wp-image-61102\" srcset=\"https:\/\/www.textilegence.com\/wp-content\/uploads\/2025\/01\/Sign-istanbul.jpg 1920w, https:\/\/www.textilegence.com\/wp-content\/uploads\/2025\/01\/Sign-istanbul-768x432.jpg 768w, https:\/\/www.textilegence.com\/wp-content\/uploads\/2025\/01\/Sign-istanbul-1536x864.jpg 1536w, https:\/\/www.textilegence.com\/wp-content\/uploads\/2025\/01\/Sign-istanbul-300x169.jpg 300w, https:\/\/www.textilegence.com\/wp-content\/uploads\/2025\/01\/Sign-istanbul-600x338.jpg 600w, https:\/\/www.textilegence.com\/wp-content\/uploads\/2025\/01\/Sign-istanbul-696x392.jpg 696w, https:\/\/www.textilegence.com\/wp-content\/uploads\/2025\/01\/Sign-istanbul-1068x601.jpg 1068w\" sizes=\"auto, (max-width: 1920px) 100vw, 1920px\" \/><figcaption class=\"wp-element-caption\">It was announced that the leading manufacturers, distributors and suppliers of the signage and printing industries have already started to take their places at SIGN Istanbul 2025   Image Source: SIGN \u0130stanbul<\/figcaption><\/figure>\n<\/div>\n\n\n<p>Bringing together the latest innovations in digital printing, signage, textile printing and industrial advertising technologies, the event showcased industry-leading solutions and increased the number of international visitors by 37 percent and the total number of visitors by 17 percent in 2024.<\/p>\n\n\n\n<h2 class=\"wp-block-heading\" id=\"h-the-synergy-of-the-two-exhibitions-will-strengthen-the-advertising-and-promotion-sectors\"><strong>The synergy of the two exhibitions will strengthen the advertising and promotion sectors<\/strong><\/h2>\n\n\n\n<p>Organized simultaneously with SIGN Istanbul in T\u00fcyap Istanbul, PROMOGIFT Istanbul will present the latest designs of the promotion world together, while offering significant trade opportunities to both participating companies and visitors. From corporate promotional products to promotional printing systems, from corporate textile products to gift items, from stationery and office accessories to technology and electronic goods, from printing products to recyclable products, all sectoral innovations will be presented together at PROMOGIFT Istanbul.<\/p>\n","protected":false},"excerpt":{"rendered":"<p>The dates of the 26th SIGN Istanbul to be held by Informa Markets at T\u00fcyap Istanbul have been announced. SIGN Istanbul, the leading meeting point of the signage and digital printing industries on a regional and international scale, will be held on October 2-5, 2025. The event, preparations for which have begun this year, will [&hellip;]<\/p>\n","protected":false},"author":8,"featured_media":61100,"comment_status":"closed","ping_status":"closed","sticky":false,"template":"","format":"standard","meta":{"footnotes":""},"categories":[9845],"tags":[10234,10369,12450,12448],"class_list":{"0":"post-61104","1":"post","2":"type-post","3":"status-publish","4":"format-standard","5":"has-post-thumbnail","7":"category-trade-fairs","8":"tag-digital-printing","9":"tag-textile-news-en","10":"tag-topical","11":"tag-trade-fairs"},"yoast_head":"<!-- This site is optimized with the Yoast SEO Premium plugin v27.3 (Yoast SEO v27.3) - https:\/\/yoast.com\/product\/yoast-seo-premium-wordpress\/ -->\n<title>The date of SIGN Istanbul 2025 has been announced - Textilegence<\/title>\n<meta name=\"description\" content=\"The dates of the 26th SIGN Istanbul to be held by Informa Markets at T\u00fcyap Istanbul have been announced. SIGN Istanbul, the leading...\" \/>\n<meta name=\"robots\" content=\"index, follow, max-snippet:-1, max-image-preview:large, max-video-preview:-1\" \/>\n<link rel=\"canonical\" href=\"https:\/\/www.textilegence.com\/en\/the-date-of-sign-istanbul-2025-has-been-announced\/\" \/>\n<meta property=\"og:locale\" content=\"en_US\" \/>\n<meta property=\"og:type\" content=\"article\" \/>\n<meta property=\"og:title\" content=\"The date of SIGN Istanbul 2025 has been announced\" \/>\n<meta property=\"og:description\" content=\"The dates of the 26th SIGN Istanbul to be held by Informa Markets at T\u00fcyap Istanbul have been announced. SIGN Istanbul, the leading meeting point of the\" \/>\n<meta property=\"og:url\" content=\"https:\/\/www.textilegence.com\/en\/the-date-of-sign-istanbul-2025-has-been-announced\/\" \/>\n<meta property=\"og:site_name\" content=\"Textilegence Magazine and Digital Platform\" \/>\n<meta property=\"article:publisher\" content=\"https:\/\/www.facebook.com\/TextilegenceMagazine\" \/>\n<meta property=\"article:author\" content=\"https:\/\/www.facebook.com\/TextilegenceMagazine\" \/>\n<meta property=\"article:published_time\" content=\"2025-01-20T10:41:25+00:00\" \/>\n<meta property=\"article:modified_time\" content=\"2025-01-20T10:41:33+00:00\" \/>\n<meta property=\"og:image\" content=\"https:\/\/www.textilegence.com\/wp-content\/uploads\/2025\/01\/Sign-istanbul-2025.jpg\" \/>\n\t<meta property=\"og:image:width\" content=\"1920\" \/>\n\t<meta property=\"og:image:height\" content=\"1080\" \/>\n\t<meta property=\"og:image:type\" content=\"image\/jpeg\" \/>\n<meta name=\"author\" content=\"Fatih Cengiarslan\" \/>\n<meta name=\"twitter:card\" content=\"summary_large_image\" \/>\n<meta name=\"twitter:creator\" content=\"@https:\/\/twitter.com\/textilegence\" \/>\n<meta name=\"twitter:site\" content=\"@textilegence\" \/>\n<meta name=\"twitter:label1\" content=\"Written by\" \/>\n\t<meta name=\"twitter:data1\" content=\"Fatih Cengiarslan\" \/>\n\t<meta name=\"twitter:label2\" content=\"Est. reading time\" \/>\n\t<meta name=\"twitter:data2\" content=\"3 minutes\" \/>\n<script type=\"application\/ld+json\" class=\"yoast-schema-graph\">{\"@context\":\"https:\\\/\\\/schema.org\",\"@graph\":[{\"@type\":\"NewsArticle\",\"@id\":\"https:\\\/\\\/www.textilegence.com\\\/en\\\/the-date-of-sign-istanbul-2025-has-been-announced\\\/#article\",\"isPartOf\":{\"@id\":\"https:\\\/\\\/www.textilegence.com\\\/en\\\/the-date-of-sign-istanbul-2025-has-been-announced\\\/\"},\"author\":{\"name\":\"Fatih Cengiarslan\",\"@id\":\"https:\\\/\\\/www.textilegence.com\\\/en\\\/#\\\/schema\\\/person\\\/1c3977109f8a6e1e2b95678836d75cb7\"},\"headline\":\"The date of SIGN Istanbul 2025 has been announced\",\"datePublished\":\"2025-01-20T10:41:25+00:00\",\"dateModified\":\"2025-01-20T10:41:33+00:00\",\"mainEntityOfPage\":{\"@id\":\"https:\\\/\\\/www.textilegence.com\\\/en\\\/the-date-of-sign-istanbul-2025-has-been-announced\\\/\"},\"wordCount\":382,\"publisher\":{\"@id\":\"https:\\\/\\\/www.textilegence.com\\\/en\\\/#organization\"},\"image\":{\"@id\":\"https:\\\/\\\/www.textilegence.com\\\/en\\\/the-date-of-sign-istanbul-2025-has-been-announced\\\/#primaryimage\"},\"thumbnailUrl\":\"https:\\\/\\\/www.textilegence.com\\\/wp-content\\\/uploads\\\/2025\\\/01\\\/Sign-istanbul-2025.jpg\",\"keywords\":[\"digital printing\",\"textile news\",\"topical\",\"trade fairs\"],\"articleSection\":[\"Trade Fairs\"],\"inLanguage\":\"en-US\"},{\"@type\":\"WebPage\",\"@id\":\"https:\\\/\\\/www.textilegence.com\\\/en\\\/the-date-of-sign-istanbul-2025-has-been-announced\\\/\",\"url\":\"https:\\\/\\\/www.textilegence.com\\\/en\\\/the-date-of-sign-istanbul-2025-has-been-announced\\\/\",\"name\":\"The date of SIGN Istanbul 2025 has been announced - Textilegence\",\"isPartOf\":{\"@id\":\"https:\\\/\\\/www.textilegence.com\\\/en\\\/#website\"},\"primaryImageOfPage\":{\"@id\":\"https:\\\/\\\/www.textilegence.com\\\/en\\\/the-date-of-sign-istanbul-2025-has-been-announced\\\/#primaryimage\"},\"image\":{\"@id\":\"https:\\\/\\\/www.textilegence.com\\\/en\\\/the-date-of-sign-istanbul-2025-has-been-announced\\\/#primaryimage\"},\"thumbnailUrl\":\"https:\\\/\\\/www.textilegence.com\\\/wp-content\\\/uploads\\\/2025\\\/01\\\/Sign-istanbul-2025.jpg\",\"datePublished\":\"2025-01-20T10:41:25+00:00\",\"dateModified\":\"2025-01-20T10:41:33+00:00\",\"description\":\"The dates of the 26th SIGN Istanbul to be held by Informa Markets at T\u00fcyap Istanbul have been announced. SIGN Istanbul, the leading...\",\"breadcrumb\":{\"@id\":\"https:\\\/\\\/www.textilegence.com\\\/en\\\/the-date-of-sign-istanbul-2025-has-been-announced\\\/#breadcrumb\"},\"inLanguage\":\"en-US\",\"potentialAction\":[{\"@type\":\"ReadAction\",\"target\":[\"https:\\\/\\\/www.textilegence.com\\\/en\\\/the-date-of-sign-istanbul-2025-has-been-announced\\\/\"]}]},{\"@type\":\"ImageObject\",\"inLanguage\":\"en-US\",\"@id\":\"https:\\\/\\\/www.textilegence.com\\\/en\\\/the-date-of-sign-istanbul-2025-has-been-announced\\\/#primaryimage\",\"url\":\"https:\\\/\\\/www.textilegence.com\\\/wp-content\\\/uploads\\\/2025\\\/01\\\/Sign-istanbul-2025.jpg\",\"contentUrl\":\"https:\\\/\\\/www.textilegence.com\\\/wp-content\\\/uploads\\\/2025\\\/01\\\/Sign-istanbul-2025.jpg\",\"width\":1920,\"height\":1080,\"caption\":\"The date of SIGN Istanbul 2025 has been announced Image Source: SIGN Istanbul\"},{\"@type\":\"BreadcrumbList\",\"@id\":\"https:\\\/\\\/www.textilegence.com\\\/en\\\/the-date-of-sign-istanbul-2025-has-been-announced\\\/#breadcrumb\",\"itemListElement\":[{\"@type\":\"ListItem\",\"position\":1,\"name\":\"Home Page\",\"item\":\"https:\\\/\\\/www.textilegence.com\\\/en\\\/homepage-the-rimont\\\/\"},{\"@type\":\"ListItem\",\"position\":2,\"name\":\"Trade Fairs\",\"item\":\"https:\\\/\\\/www.textilegence.com\\\/en\\\/category\\\/trade-fairs\\\/\"},{\"@type\":\"ListItem\",\"position\":3,\"name\":\"The date of SIGN Istanbul 2025 has been announced\"}]},{\"@type\":\"WebSite\",\"@id\":\"https:\\\/\\\/www.textilegence.com\\\/en\\\/#website\",\"url\":\"https:\\\/\\\/www.textilegence.com\\\/en\\\/\",\"name\":\"Textilegence Magazine and Digital Platform\",\"description\":\"Textile News Center\",\"publisher\":{\"@id\":\"https:\\\/\\\/www.textilegence.com\\\/en\\\/#organization\"},\"potentialAction\":[{\"@type\":\"SearchAction\",\"target\":{\"@type\":\"EntryPoint\",\"urlTemplate\":\"https:\\\/\\\/www.textilegence.com\\\/en\\\/?s={search_term_string}\"},\"query-input\":{\"@type\":\"PropertyValueSpecification\",\"valueRequired\":true,\"valueName\":\"search_term_string\"}}],\"inLanguage\":\"en-US\"},{\"@type\":\"Organization\",\"@id\":\"https:\\\/\\\/www.textilegence.com\\\/en\\\/#organization\",\"name\":\"Textilegence Magazine and Digital Platform\",\"url\":\"https:\\\/\\\/www.textilegence.com\\\/en\\\/\",\"logo\":{\"@type\":\"ImageObject\",\"inLanguage\":\"en-US\",\"@id\":\"https:\\\/\\\/www.textilegence.com\\\/en\\\/#\\\/schema\\\/logo\\\/image\\\/\",\"url\":\"https:\\\/\\\/www.textilegence.com\\\/wp-content\\\/uploads\\\/2016\\\/11\\\/New_Retina_Logo_Textilegence.png\",\"contentUrl\":\"https:\\\/\\\/www.textilegence.com\\\/wp-content\\\/uploads\\\/2016\\\/11\\\/New_Retina_Logo_Textilegence.png\",\"width\":544,\"height\":180,\"caption\":\"Textilegence Magazine and Digital Platform\"},\"image\":{\"@id\":\"https:\\\/\\\/www.textilegence.com\\\/en\\\/#\\\/schema\\\/logo\\\/image\\\/\"},\"sameAs\":[\"https:\\\/\\\/www.facebook.com\\\/TextilegenceMagazine\",\"https:\\\/\\\/x.com\\\/textilegence\",\"https:\\\/\\\/www.instagram.com\\\/textilegence\\\/\",\"https:\\\/\\\/www.linkedin.com\\\/groups\\\/Textilegence-Magazine-Digital-Platform-4897253\",\"https:\\\/\\\/www.youtube.com\\\/user\\\/textilegence\"],\"description\":\"Textilegence is a magazine and digital platform established in 2013. It focuses on the textile industry and sub-segments. The platform provides news, articles, and updates on various aspects of the textile industry, including sustainability, technological advancements, and market trends.\",\"email\":\"editor@textilegence.com\",\"telephone\":\"+90 212 442 24 12\",\"legalName\":\"Textilegence Mag and Digital Platform\",\"foundingDate\":\"2013-01-01\",\"numberOfEmployees\":{\"@type\":\"QuantitativeValue\",\"minValue\":\"1\",\"maxValue\":\"10\"}},{\"@type\":\"Person\",\"@id\":\"https:\\\/\\\/www.textilegence.com\\\/en\\\/#\\\/schema\\\/person\\\/1c3977109f8a6e1e2b95678836d75cb7\",\"name\":\"Fatih Cengiarslan\",\"image\":{\"@type\":\"ImageObject\",\"inLanguage\":\"en-US\",\"@id\":\"https:\\\/\\\/www.textilegence.com\\\/wp-content\\\/uploads\\\/2018\\\/12\\\/fatih-cengiarslan.jpg\",\"url\":\"https:\\\/\\\/www.textilegence.com\\\/wp-content\\\/uploads\\\/2018\\\/12\\\/fatih-cengiarslan.jpg\",\"contentUrl\":\"https:\\\/\\\/www.textilegence.com\\\/wp-content\\\/uploads\\\/2018\\\/12\\\/fatih-cengiarslan.jpg\",\"caption\":\"Fatih Cengiarslan\"},\"description\":\"Fatih Cengiarslan; Akademik \u0130ngilizce e\u011fitimini Bat\u0131 Avustralya \u00dcniversitesi\u2019nde tamamlad\u0131ktan sonra T\u00fcrkiye\u2019ye d\u00f6nerek \u0130stanbul Ayd\u0131n \u00dcniversitesi\u2019nde \u0130nternet Gazetecili\u011fi ve Yay\u0131nc\u0131l\u0131k b\u00f6l\u00fcm\u00fcn\u00fc bitirip, Litvanya \u2013 Kaunas Teknoloji \u00dcniversitesi\u2019nde interaktif media \u00fczerine 8 ayl\u0131k e\u011fitim ald\u0131. Daha sonra Eski\u015fehir Anadolu \u00dcniversitesi girerek \u0130\u015fletme Fak\u00fcltesini ba\u015far\u0131yla tamamlad\u0131. CNNTURK\u2019 kanal\u0131nda staj\u0131n\u0131 tamamlad\u0131ktan sonra Referans Gazetesi\u2019nde \u00e7al\u0131\u015fmaya ba\u015flad\u0131. 2 y\u0131l sonra Textilegence markas\u0131yla tekstil end\u00fcstrisine y\u00f6nelik kendi medyas\u0131n\u0131 kurdu. \u015eu anda Textilegence.com, Printing3D ve NEFA PR Ajans\u0131\u2019n\u0131n 12 y\u0131ld\u0131r y\u00f6netimini yapmaktad\u0131r.\",\"sameAs\":[\"https:\\\/\\\/www.textilegence.com\",\"https:\\\/\\\/www.facebook.com\\\/TextilegenceMagazine\",\"https:\\\/\\\/www.instagram.com\\\/textilegence\\\/\",\"https:\\\/\\\/www.linkedin.com\\\/in\\\/fatih-cengiarslan-32352265\\\/\",\"https:\\\/\\\/x.com\\\/https:\\\/\\\/twitter.com\\\/textilegence\"],\"url\":\"https:\\\/\\\/www.textilegence.com\\\/en\\\/author\\\/admin\\\/\"}]}<\/script>\n<!-- \/ Yoast SEO Premium plugin. -->","yoast_head_json":{"title":"The date of SIGN Istanbul 2025 has been announced - Textilegence","description":"The dates of the 26th SIGN Istanbul to be held by Informa Markets at T\u00fcyap Istanbul have been announced. SIGN Istanbul, the leading...","robots":{"index":"index","follow":"follow","max-snippet":"max-snippet:-1","max-image-preview":"max-image-preview:large","max-video-preview":"max-video-preview:-1"},"canonical":"https:\/\/www.textilegence.com\/en\/the-date-of-sign-istanbul-2025-has-been-announced\/","og_locale":"en_US","og_type":"article","og_title":"The date of SIGN Istanbul 2025 has been announced","og_description":"The dates of the 26th SIGN Istanbul to be held by Informa Markets at T\u00fcyap Istanbul have been announced. SIGN Istanbul, the leading meeting point of the","og_url":"https:\/\/www.textilegence.com\/en\/the-date-of-sign-istanbul-2025-has-been-announced\/","og_site_name":"Textilegence Magazine and Digital Platform","article_publisher":"https:\/\/www.facebook.com\/TextilegenceMagazine","article_author":"https:\/\/www.facebook.com\/TextilegenceMagazine","article_published_time":"2025-01-20T10:41:25+00:00","article_modified_time":"2025-01-20T10:41:33+00:00","og_image":[{"width":1920,"height":1080,"url":"https:\/\/www.textilegence.com\/wp-content\/uploads\/2025\/01\/Sign-istanbul-2025.jpg","type":"image\/jpeg"}],"author":"Fatih Cengiarslan","twitter_card":"summary_large_image","twitter_creator":"@https:\/\/twitter.com\/textilegence","twitter_site":"@textilegence","twitter_misc":{"Written by":"Fatih Cengiarslan","Est. reading time":"3 minutes"},"schema":{"@context":"https:\/\/schema.org","@graph":[{"@type":"NewsArticle","@id":"https:\/\/www.textilegence.com\/en\/the-date-of-sign-istanbul-2025-has-been-announced\/#article","isPartOf":{"@id":"https:\/\/www.textilegence.com\/en\/the-date-of-sign-istanbul-2025-has-been-announced\/"},"author":{"name":"Fatih Cengiarslan","@id":"https:\/\/www.textilegence.com\/en\/#\/schema\/person\/1c3977109f8a6e1e2b95678836d75cb7"},"headline":"The date of SIGN Istanbul 2025 has been announced","datePublished":"2025-01-20T10:41:25+00:00","dateModified":"2025-01-20T10:41:33+00:00","mainEntityOfPage":{"@id":"https:\/\/www.textilegence.com\/en\/the-date-of-sign-istanbul-2025-has-been-announced\/"},"wordCount":382,"publisher":{"@id":"https:\/\/www.textilegence.com\/en\/#organization"},"image":{"@id":"https:\/\/www.textilegence.com\/en\/the-date-of-sign-istanbul-2025-has-been-announced\/#primaryimage"},"thumbnailUrl":"https:\/\/www.textilegence.com\/wp-content\/uploads\/2025\/01\/Sign-istanbul-2025.jpg","keywords":["digital printing","textile news","topical","trade fairs"],"articleSection":["Trade Fairs"],"inLanguage":"en-US"},{"@type":"WebPage","@id":"https:\/\/www.textilegence.com\/en\/the-date-of-sign-istanbul-2025-has-been-announced\/","url":"https:\/\/www.textilegence.com\/en\/the-date-of-sign-istanbul-2025-has-been-announced\/","name":"The date of SIGN Istanbul 2025 has been announced - Textilegence","isPartOf":{"@id":"https:\/\/www.textilegence.com\/en\/#website"},"primaryImageOfPage":{"@id":"https:\/\/www.textilegence.com\/en\/the-date-of-sign-istanbul-2025-has-been-announced\/#primaryimage"},"image":{"@id":"https:\/\/www.textilegence.com\/en\/the-date-of-sign-istanbul-2025-has-been-announced\/#primaryimage"},"thumbnailUrl":"https:\/\/www.textilegence.com\/wp-content\/uploads\/2025\/01\/Sign-istanbul-2025.jpg","datePublished":"2025-01-20T10:41:25+00:00","dateModified":"2025-01-20T10:41:33+00:00","description":"The dates of the 26th SIGN Istanbul to be held by Informa Markets at T\u00fcyap Istanbul have been announced. SIGN Istanbul, the leading...","breadcrumb":{"@id":"https:\/\/www.textilegence.com\/en\/the-date-of-sign-istanbul-2025-has-been-announced\/#breadcrumb"},"inLanguage":"en-US","potentialAction":[{"@type":"ReadAction","target":["https:\/\/www.textilegence.com\/en\/the-date-of-sign-istanbul-2025-has-been-announced\/"]}]},{"@type":"ImageObject","inLanguage":"en-US","@id":"https:\/\/www.textilegence.com\/en\/the-date-of-sign-istanbul-2025-has-been-announced\/#primaryimage","url":"https:\/\/www.textilegence.com\/wp-content\/uploads\/2025\/01\/Sign-istanbul-2025.jpg","contentUrl":"https:\/\/www.textilegence.com\/wp-content\/uploads\/2025\/01\/Sign-istanbul-2025.jpg","width":1920,"height":1080,"caption":"The date of SIGN Istanbul 2025 has been announced Image Source: SIGN Istanbul"},{"@type":"BreadcrumbList","@id":"https:\/\/www.textilegence.com\/en\/the-date-of-sign-istanbul-2025-has-been-announced\/#breadcrumb","itemListElement":[{"@type":"ListItem","position":1,"name":"Home Page","item":"https:\/\/www.textilegence.com\/en\/homepage-the-rimont\/"},{"@type":"ListItem","position":2,"name":"Trade Fairs","item":"https:\/\/www.textilegence.com\/en\/category\/trade-fairs\/"},{"@type":"ListItem","position":3,"name":"The date of SIGN Istanbul 2025 has been announced"}]},{"@type":"WebSite","@id":"https:\/\/www.textilegence.com\/en\/#website","url":"https:\/\/www.textilegence.com\/en\/","name":"Textilegence Magazine and Digital Platform","description":"Textile News Center","publisher":{"@id":"https:\/\/www.textilegence.com\/en\/#organization"},"potentialAction":[{"@type":"SearchAction","target":{"@type":"EntryPoint","urlTemplate":"https:\/\/www.textilegence.com\/en\/?s={search_term_string}"},"query-input":{"@type":"PropertyValueSpecification","valueRequired":true,"valueName":"search_term_string"}}],"inLanguage":"en-US"},{"@type":"Organization","@id":"https:\/\/www.textilegence.com\/en\/#organization","name":"Textilegence Magazine and Digital Platform","url":"https:\/\/www.textilegence.com\/en\/","logo":{"@type":"ImageObject","inLanguage":"en-US","@id":"https:\/\/www.textilegence.com\/en\/#\/schema\/logo\/image\/","url":"https:\/\/www.textilegence.com\/wp-content\/uploads\/2016\/11\/New_Retina_Logo_Textilegence.png","contentUrl":"https:\/\/www.textilegence.com\/wp-content\/uploads\/2016\/11\/New_Retina_Logo_Textilegence.png","width":544,"height":180,"caption":"Textilegence Magazine and Digital Platform"},"image":{"@id":"https:\/\/www.textilegence.com\/en\/#\/schema\/logo\/image\/"},"sameAs":["https:\/\/www.facebook.com\/TextilegenceMagazine","https:\/\/x.com\/textilegence","https:\/\/www.instagram.com\/textilegence\/","https:\/\/www.linkedin.com\/groups\/Textilegence-Magazine-Digital-Platform-4897253","https:\/\/www.youtube.com\/user\/textilegence"],"description":"Textilegence is a magazine and digital platform established in 2013. It focuses on the textile industry and sub-segments. The platform provides news, articles, and updates on various aspects of the textile industry, including sustainability, technological advancements, and market trends.","email":"editor@textilegence.com","telephone":"+90 212 442 24 12","legalName":"Textilegence Mag and Digital Platform","foundingDate":"2013-01-01","numberOfEmployees":{"@type":"QuantitativeValue","minValue":"1","maxValue":"10"}},{"@type":"Person","@id":"https:\/\/www.textilegence.com\/en\/#\/schema\/person\/1c3977109f8a6e1e2b95678836d75cb7","name":"Fatih Cengiarslan","image":{"@type":"ImageObject","inLanguage":"en-US","@id":"https:\/\/www.textilegence.com\/wp-content\/uploads\/2018\/12\/fatih-cengiarslan.jpg","url":"https:\/\/www.textilegence.com\/wp-content\/uploads\/2018\/12\/fatih-cengiarslan.jpg","contentUrl":"https:\/\/www.textilegence.com\/wp-content\/uploads\/2018\/12\/fatih-cengiarslan.jpg","caption":"Fatih Cengiarslan"},"description":"Fatih Cengiarslan; Akademik \u0130ngilizce e\u011fitimini Bat\u0131 Avustralya \u00dcniversitesi\u2019nde tamamlad\u0131ktan sonra T\u00fcrkiye\u2019ye d\u00f6nerek \u0130stanbul Ayd\u0131n \u00dcniversitesi\u2019nde \u0130nternet Gazetecili\u011fi ve Yay\u0131nc\u0131l\u0131k b\u00f6l\u00fcm\u00fcn\u00fc bitirip, Litvanya \u2013 Kaunas Teknoloji \u00dcniversitesi\u2019nde interaktif media \u00fczerine 8 ayl\u0131k e\u011fitim ald\u0131. Daha sonra Eski\u015fehir Anadolu \u00dcniversitesi girerek \u0130\u015fletme Fak\u00fcltesini ba\u015far\u0131yla tamamlad\u0131. CNNTURK\u2019 kanal\u0131nda staj\u0131n\u0131 tamamlad\u0131ktan sonra Referans Gazetesi\u2019nde \u00e7al\u0131\u015fmaya ba\u015flad\u0131. 2 y\u0131l sonra Textilegence markas\u0131yla tekstil end\u00fcstrisine y\u00f6nelik kendi medyas\u0131n\u0131 kurdu. \u015eu anda Textilegence.com, Printing3D ve NEFA PR Ajans\u0131\u2019n\u0131n 12 y\u0131ld\u0131r y\u00f6netimini yapmaktad\u0131r.","sameAs":["https:\/\/www.textilegence.com","https:\/\/www.facebook.com\/TextilegenceMagazine","https:\/\/www.instagram.com\/textilegence\/","https:\/\/www.linkedin.com\/in\/fatih-cengiarslan-32352265\/","https:\/\/x.com\/https:\/\/twitter.com\/textilegence"],"url":"https:\/\/www.textilegence.com\/en\/author\/admin\/"}]}},"_links":{"self":[{"href":"https:\/\/www.textilegence.com\/en\/wp-json\/wp\/v2\/posts\/61104","targetHints":{"allow":["GET"]}}],"collection":[{"href":"https:\/\/www.textilegence.com\/en\/wp-json\/wp\/v2\/posts"}],"about":[{"href":"https:\/\/www.textilegence.com\/en\/wp-json\/wp\/v2\/types\/post"}],"author":[{"embeddable":true,"href":"https:\/\/www.textilegence.com\/en\/wp-json\/wp\/v2\/users\/8"}],"replies":[{"embeddable":true,"href":"https:\/\/www.textilegence.com\/en\/wp-json\/wp\/v2\/comments?post=61104"}],"version-history":[{"count":0,"href":"https:\/\/www.textilegence.com\/en\/wp-json\/wp\/v2\/posts\/61104\/revisions"}],"wp:featuredmedia":[{"embeddable":true,"href":"https:\/\/www.textilegence.com\/en\/wp-json\/wp\/v2\/media\/61100"}],"wp:attachment":[{"href":"https:\/\/www.textilegence.com\/en\/wp-json\/wp\/v2\/media?parent=61104"}],"wp:term":[{"taxonomy":"category","embeddable":true,"href":"https:\/\/www.textilegence.com\/en\/wp-json\/wp\/v2\/categories?post=61104"},{"taxonomy":"post_tag","embeddable":true,"href":"https:\/\/www.textilegence.com\/en\/wp-json\/wp\/v2\/tags?post=61104"}],"curies":[{"name":"wp","href":"https:\/\/api.w.org\/{rel}","templated":true}]}}