{"id":61261,"date":"2025-02-13T14:05:43","date_gmt":"2025-02-13T11:05:43","guid":{"rendered":"http:\/\/www.textilegence.com\/?p=61261"},"modified":"2025-02-13T14:05:53","modified_gmt":"2025-02-13T11:05:53","slug":"asteks-focuses-on-increasing-value-and-power-in-export-markets-in-2025","status":"publish","type":"post","link":"https:\/\/www.textilegence.com\/en\/asteks-focuses-on-increasing-value-and-power-in-export-markets-in-2025\/","title":{"rendered":"Asteks focuses on increasing value and power in export markets in 2025"},"content":{"rendered":"\n<p>Asteks, a leading <a href=\"https:\/\/www.asteks.com\/\" target=\"_blank\" rel=\"noreferrer noopener\">manufacturer<\/a> of high-quality and durable apron and cots varieties as well as advanced grinding, UV surface treatment and automation solutions, has increased its targets for 2025 after successfully closing 2024. Asteks exhibited its high value-added, advantageous products and solutions and established new business connections by participating in numerous international textile exhibitions last year, and will continue this strategy in 2025. The company will present new products that will both strengthen its brand perception and offer advantages to <a href=\"https:\/\/www.textilegence.com\/en\/category\/spinning\/\" target=\"_blank\" rel=\"noreferrer noopener\">textile<\/a> manufacturers by participating in exhibitions in 6 regions where the pulse of the global textile industry beats. The exhibitions that the company will participate in are as follows; Egy Stitch &amp; Tex (20-23 February), DTG Textile &amp; Garment Machinery (20-23 February), Saigontex 2025 (9-12 April), IGATEX Pakistan 2025 (24-26 April), CAITME 2025 (09-11 September) and ITMA ASIA + CITME 2025 (28-31 October).<\/p>\n\n\n\n<p>Asteks Overseas Sales Manager Taner Engin stated that in addition to the contraction in the global market in 2024, the economic conditions in our country are challenging manufacturers and exporters, emphasising that they have demonstrated successful performance as Asteks despite these negativities. \u201cOur company, which has a deep-rooted history and strong capacity, has made significant progress in the global market with both apron and cot products and technology class machine groups. Our export-oriented growth strategy is progressing successfully. For this purpose, we position ourselves on the axis of flexibility and diversity, without being tied to a single market and a single product. In this way, Asteks has become a demanded brand in many places from Uzbekistan to Egypt, from Pakistan to Bangladesh,\u201d he said.<\/p>\n\n\n<div class=\"wp-block-image\">\n<figure class=\"aligncenter size-full\"><img loading=\"lazy\" decoding=\"async\" width=\"1920\" height=\"1080\" src=\"https:\/\/www.textilegence.com\/wp-content\/uploads\/2025\/02\/taner-engin.jpg\" alt=\"Asteks Overseas Sales Manager Taner Engin   Image Source: Asteks\" class=\"wp-image-61257\" srcset=\"https:\/\/www.textilegence.com\/wp-content\/uploads\/2025\/02\/taner-engin.jpg 1920w, https:\/\/www.textilegence.com\/wp-content\/uploads\/2025\/02\/taner-engin-768x432.jpg 768w, https:\/\/www.textilegence.com\/wp-content\/uploads\/2025\/02\/taner-engin-1536x864.jpg 1536w, https:\/\/www.textilegence.com\/wp-content\/uploads\/2025\/02\/taner-engin-300x169.jpg 300w, https:\/\/www.textilegence.com\/wp-content\/uploads\/2025\/02\/taner-engin-600x338.jpg 600w, https:\/\/www.textilegence.com\/wp-content\/uploads\/2025\/02\/taner-engin-696x392.jpg 696w, https:\/\/www.textilegence.com\/wp-content\/uploads\/2025\/02\/taner-engin-1068x601.jpg 1068w\" sizes=\"auto, (max-width: 1920px) 100vw, 1920px\" \/><figcaption class=\"wp-element-caption\">Asteks Overseas Sales Manager Taner Engin   Image Source: Asteks<\/figcaption><\/figure>\n<\/div>\n\n\n<p>Engin noted that the growth of the machinery segment by over 25% was effective in the total turnover increase of Asteks in 2024, and explained that Uzbekistan stood out as the most important market with the largest sales share in this process. He explained that the positive development in the Egyptian market in recent years has also started to be reflected in export figures and that the demand for aprons, cots and grinding solutions has also increased following the yarn investments in this market. Engin shared the following information: \u201cInvestments in capacity increase in the Turkmenistan market also contribute positively to our sales. In addition, when we are in a strong position, we plan to increase our volume in Bangladesh even more. Europe, Brazil, Vietnam and China also found a place in our sales with certain levels of figures.\u201d He noted that they expect the share and volume of export markets in total turnover to exceed the previous year in 2025, and that for this purpose, works are being carried out for market and product diversification and strengthening ties with local representatives.<\/p>\n\n\n\n<h2 class=\"wp-block-heading\" id=\"h-egypt-stands-out-among-target-markets-with-its-high-potential\"><strong>Egypt stands out among target markets with its high potential<\/strong><\/h2>\n\n\n\n<p>The first important exhibition that Asteks will participate in this year and show its solutions will be Egy Stich &amp; Tex 2025 to be held in Cairo on February 20-23. Taner Engin stated that they have been participating in this event regularly since 2020, and emphasized that Asteks is among the important suppliers of the market with its advanced technologies and long-lasting products. \u201cWe will be displaying the automation and efficiency advantages provided by the combined operation of the 401-SFM grinding machine and the UV-305 Cots surface treatment machine at our booth at the exhibition. In addition, our apron and cots range, which constitute our main product group, and complementary products will be presented to visitors at our booth. The Egyptian textile industry with a high potential, will move its ranks even higher among target markets in the coming period,\u201d he said.<\/p>\n\n\n\n<h2 class=\"wp-block-heading\" id=\"h-astek-strengthens-brand-perception-and-value-in-the-bangladesh-market\"><strong>Astek strengthens brand perception and value in the Bangladesh market<\/strong><\/h2>\n\n\n\n<p>DTG Textile Garment Machinery 2025 in Bangladesh, which Asteks will attend simultaneously with the Egypt exhibition, is also of great importance. Asteks has been regularly participating in the exhibition in Dhaka for many years and introducing its products and has already achieved high brand recognition in the market. Preparing to present its solutions to visitors with its local dealers and partners, Asteks has significant power in this market with both its grinding and apron and cots products. Many leading Bangladeshi yarn manufacturers prefer Asteks solutions due to their high quality, durability and efficiency.<\/p>\n\n\n\n<h2 class=\"wp-block-heading\" id=\"h-vietnam-and-pakistan-exhibitions-will-open-doors-to-new-opportunities\"><strong>Vietnam and Pakistan exhibitions will open doors to new opportunities<\/strong><\/h2>\n\n\n\n<p>Asteks has two events on its exhibition agenda in April; SaigonTex 2025 on April 9-12 and IGATEX Pakistan 2025 on April 24-26. The Far Eastern country of Vietnam is considered a rising star with its geo-strategic location and production power. Asteks, which has been participating in SaigonTex exhibitions since 2022, will meet with the local sector at its booth this year to introduce all product segments and strengthen the brand perception.<\/p>\n\n\n\n<p>Taner Engin said that Pakistan is an important textile manufacturer both in the region and globally, expressing that they are in a strong position in this market. \u201cWe have effective and strong references in Pakistan with both our grinding machines and aprons and cots. Leading manufacturers of the sector continue their production with Asteks solutions. We will be ready with our representatives to further strengthen our market network at IGATEX Pakistan 2025,\u201d he continued.<\/p>\n\n\n<div class=\"wp-block-image\">\n<figure class=\"aligncenter size-full\"><img loading=\"lazy\" decoding=\"async\" width=\"1920\" height=\"1080\" src=\"https:\/\/www.textilegence.com\/wp-content\/uploads\/2025\/02\/asteks-uv305.jpg\" alt=\"Asteks has been empowering the industry and bringing innovation for 55 years   Image Source: Asteks\" class=\"wp-image-61259\" srcset=\"https:\/\/www.textilegence.com\/wp-content\/uploads\/2025\/02\/asteks-uv305.jpg 1920w, https:\/\/www.textilegence.com\/wp-content\/uploads\/2025\/02\/asteks-uv305-768x432.jpg 768w, https:\/\/www.textilegence.com\/wp-content\/uploads\/2025\/02\/asteks-uv305-1536x864.jpg 1536w, https:\/\/www.textilegence.com\/wp-content\/uploads\/2025\/02\/asteks-uv305-300x169.jpg 300w, https:\/\/www.textilegence.com\/wp-content\/uploads\/2025\/02\/asteks-uv305-600x338.jpg 600w, https:\/\/www.textilegence.com\/wp-content\/uploads\/2025\/02\/asteks-uv305-696x392.jpg 696w, https:\/\/www.textilegence.com\/wp-content\/uploads\/2025\/02\/asteks-uv305-1068x601.jpg 1068w\" sizes=\"auto, (max-width: 1920px) 100vw, 1920px\" \/><figcaption class=\"wp-element-caption\">Asteks has been empowering the industry and bringing innovation for 55 years   Image Source: Asteks<\/figcaption><\/figure>\n<\/div>\n\n\n<h2 class=\"wp-block-heading\" id=\"h-uzbekistan-remains-the-largest-market-for-asteks-solutions\"><strong>Uzbekistan remains the largest market for Asteks solutions<\/strong><\/h2>\n\n\n\n<p>Uzbekistan with the largest share in Asteks\u2019 exports, continues to strengthen this position with new investments. Taner Engin announced that they received more demand with the new yarn investments in Uzbekistan, and explained that they worked in cooperation with the strong local representative to offer the best solutions. \u201cWith Asteks branded aprons and cots, our machinery park has both a better price-performance ratio compared to its competitors and creates more added value to operating costs. We will hold meetings with textile manufacturers for new business opportunities at the CAITME 2025 to be held in Tashkent on September 9-11,\u201d he disclosed.<\/p>\n\n\n\n<h2 class=\"wp-block-heading\" id=\"h-asteks-takes-its-place-at-the-first-itma-asia-citme-in-singapore\"><strong>Asteks takes its place at the first ITMA ASIA + CITME in Singapore<\/strong><\/h2>\n\n\n\n<p>The last exhibition that Asteks will attend in 2025 will be ITMA ASIA + CITME, the most important meeting platform in Asia for the global textile industry that moved from Shanghai to Singapore, to be held on October 28-31. Taner Engin stated that they will attend the event with a strong presentation, saying: \u201cWe will give the message that we are together with the textile industry and offer them the best and advantageous solutions, as we do in other events. ITMA has always been an important exhibition for the textile industry that brings together manufacturers and suppliers. We will show our difference with our R&amp;D product technologies and the best aprons and cots at a global event. ITMA ASIA + CITME will also be an important event in determining our 2026 targets and expectations for export markets.\u201d<\/p>\n\n\n\n<h2 class=\"wp-block-heading\" id=\"h-asteks-has-been-empowering-the-industry-and-bringing-innovation-for-55-years\"><strong>Asteks has been empowering the industry and bringing innovation for 55 years<\/strong><\/h2>\n\n\n\n<p>Asteks Marketing and Sales Manager Sabri \u0130lknur emphasized that they have been developing automation solutions with aprons, cots and grinding technologies for the global textile market, especially in T\u00fcrkiye, since 1970. Stating that in addition to product quality, supply and service assurance also add value to their brand, \u0130lknur noted that their recent R&amp;D studies have transformed into innovative products and brought them to the forefront in exports. \u201cWhile Asteks is transforming into a technology brand, it focuses on the future needs of the textile industry. Our machines with high automation features and Industry 4.0 compatibility eliminate manual intervention and enable the most efficient process. Asteks focuses on adding value to both itself and the textile industry by offering the power it obtains from the market as innovative products. Our customers will continue to experience the confidence and comfort of knowing that they have obtained the \u2018best\u2019 from aprons to cots, from grinding machines to automation solutions,\u201d he said.<\/p>\n","protected":false},"excerpt":{"rendered":"<p>Asteks, a leading manufacturer of high-quality and durable apron and cots varieties as well as advanced grinding, UV surface treatment and automation solutions, has increased its targets for 2025 after successfully closing 2024. Asteks exhibited its high value-added, advantageous products and solutions and established new business connections by participating in numerous international textile exhibitions last [&hellip;]<\/p>\n","protected":false},"author":2,"featured_media":61255,"comment_status":"closed","ping_status":"closed","sticky":false,"template":"","format":"standard","meta":{"footnotes":""},"categories":[9857],"tags":[9895,9896,10369],"class_list":{"0":"post-61261","1":"post","2":"type-post","3":"status-publish","4":"format-standard","5":"has-post-thumbnail","7":"category-spinning","8":"tag-asteks-en","9":"tag-spinning-3","10":"tag-textile-news-en"},"yoast_head":"<!-- This site is optimized with the Yoast SEO Premium plugin v27.3 (Yoast SEO v27.3) - https:\/\/yoast.com\/product\/yoast-seo-premium-wordpress\/ -->\n<title>Asteks focuses on increasing value and power in export markets in 2025 - Textilegence<\/title>\n<meta name=\"description\" content=\"Asteks, a leading manufacturer of high-quality and durable apron and cots varieties as well as advanced grinding, UV surface treatment...\" \/>\n<meta name=\"robots\" content=\"index, follow, max-snippet:-1, max-image-preview:large, max-video-preview:-1\" \/>\n<link rel=\"canonical\" href=\"https:\/\/www.textilegence.com\/en\/asteks-focuses-on-increasing-value-and-power-in-export-markets-in-2025\/\" \/>\n<meta property=\"og:locale\" content=\"en_US\" \/>\n<meta property=\"og:type\" content=\"article\" \/>\n<meta property=\"og:title\" content=\"Asteks focuses on increasing value and power in export markets in 2025\" \/>\n<meta property=\"og:description\" content=\"Asteks, a leading manufacturer of high-quality and durable apron and cots varieties as well as advanced grinding, UV surface treatment and automation\" \/>\n<meta property=\"og:url\" content=\"https:\/\/www.textilegence.com\/en\/asteks-focuses-on-increasing-value-and-power-in-export-markets-in-2025\/\" \/>\n<meta property=\"og:site_name\" content=\"Textilegence Magazine and Digital Platform\" \/>\n<meta property=\"article:publisher\" content=\"https:\/\/www.facebook.com\/TextilegenceMagazine\" \/>\n<meta property=\"article:author\" content=\"https:\/\/www.facebook.com\/TextilegenceMagazine\" \/>\n<meta property=\"article:published_time\" content=\"2025-02-13T11:05:43+00:00\" \/>\n<meta property=\"article:modified_time\" content=\"2025-02-13T11:05:53+00:00\" \/>\n<meta property=\"og:image\" content=\"https:\/\/www.textilegence.com\/wp-content\/uploads\/2025\/02\/asteks-401-sfm.jpg\" \/>\n\t<meta property=\"og:image:width\" content=\"1920\" \/>\n\t<meta property=\"og:image:height\" content=\"1080\" \/>\n\t<meta property=\"og:image:type\" content=\"image\/jpeg\" \/>\n<meta name=\"author\" content=\"Engin Buz\" \/>\n<meta name=\"twitter:card\" content=\"summary_large_image\" \/>\n<meta name=\"twitter:creator\" content=\"@https:\/\/twitter.com\/textilegence\" \/>\n<meta name=\"twitter:site\" content=\"@textilegence\" \/>\n<meta name=\"twitter:label1\" content=\"Written by\" \/>\n\t<meta name=\"twitter:data1\" content=\"Engin Buz\" \/>\n\t<meta name=\"twitter:label2\" content=\"Est. reading time\" \/>\n\t<meta name=\"twitter:data2\" content=\"9 minutes\" \/>\n<script type=\"application\/ld+json\" class=\"yoast-schema-graph\">{\"@context\":\"https:\\\/\\\/schema.org\",\"@graph\":[{\"@type\":\"NewsArticle\",\"@id\":\"https:\\\/\\\/www.textilegence.com\\\/en\\\/asteks-focuses-on-increasing-value-and-power-in-export-markets-in-2025\\\/#article\",\"isPartOf\":{\"@id\":\"https:\\\/\\\/www.textilegence.com\\\/en\\\/asteks-focuses-on-increasing-value-and-power-in-export-markets-in-2025\\\/\"},\"author\":{\"name\":\"Engin Buz\",\"@id\":\"https:\\\/\\\/www.textilegence.com\\\/en\\\/#\\\/schema\\\/person\\\/46ccc7bfc34edbc7d46b6b189f88849f\"},\"headline\":\"Asteks focuses on increasing value and power in export markets in 2025\",\"datePublished\":\"2025-02-13T11:05:43+00:00\",\"dateModified\":\"2025-02-13T11:05:53+00:00\",\"mainEntityOfPage\":{\"@id\":\"https:\\\/\\\/www.textilegence.com\\\/en\\\/asteks-focuses-on-increasing-value-and-power-in-export-markets-in-2025\\\/\"},\"wordCount\":1298,\"publisher\":{\"@id\":\"https:\\\/\\\/www.textilegence.com\\\/en\\\/#organization\"},\"image\":{\"@id\":\"https:\\\/\\\/www.textilegence.com\\\/en\\\/asteks-focuses-on-increasing-value-and-power-in-export-markets-in-2025\\\/#primaryimage\"},\"thumbnailUrl\":\"https:\\\/\\\/www.textilegence.com\\\/wp-content\\\/uploads\\\/2025\\\/02\\\/asteks-401-sfm.jpg\",\"keywords\":[\"asteks\",\"spinning\",\"textile news\"],\"articleSection\":[\"Spinning\"],\"inLanguage\":\"en-US\"},{\"@type\":\"WebPage\",\"@id\":\"https:\\\/\\\/www.textilegence.com\\\/en\\\/asteks-focuses-on-increasing-value-and-power-in-export-markets-in-2025\\\/\",\"url\":\"https:\\\/\\\/www.textilegence.com\\\/en\\\/asteks-focuses-on-increasing-value-and-power-in-export-markets-in-2025\\\/\",\"name\":\"Asteks focuses on increasing value and power in export markets in 2025 - Textilegence\",\"isPartOf\":{\"@id\":\"https:\\\/\\\/www.textilegence.com\\\/en\\\/#website\"},\"primaryImageOfPage\":{\"@id\":\"https:\\\/\\\/www.textilegence.com\\\/en\\\/asteks-focuses-on-increasing-value-and-power-in-export-markets-in-2025\\\/#primaryimage\"},\"image\":{\"@id\":\"https:\\\/\\\/www.textilegence.com\\\/en\\\/asteks-focuses-on-increasing-value-and-power-in-export-markets-in-2025\\\/#primaryimage\"},\"thumbnailUrl\":\"https:\\\/\\\/www.textilegence.com\\\/wp-content\\\/uploads\\\/2025\\\/02\\\/asteks-401-sfm.jpg\",\"datePublished\":\"2025-02-13T11:05:43+00:00\",\"dateModified\":\"2025-02-13T11:05:53+00:00\",\"description\":\"Asteks, a leading manufacturer of high-quality and durable apron and cots varieties as well as advanced grinding, UV surface treatment...\",\"breadcrumb\":{\"@id\":\"https:\\\/\\\/www.textilegence.com\\\/en\\\/asteks-focuses-on-increasing-value-and-power-in-export-markets-in-2025\\\/#breadcrumb\"},\"inLanguage\":\"en-US\",\"potentialAction\":[{\"@type\":\"ReadAction\",\"target\":[\"https:\\\/\\\/www.textilegence.com\\\/en\\\/asteks-focuses-on-increasing-value-and-power-in-export-markets-in-2025\\\/\"]}]},{\"@type\":\"ImageObject\",\"inLanguage\":\"en-US\",\"@id\":\"https:\\\/\\\/www.textilegence.com\\\/en\\\/asteks-focuses-on-increasing-value-and-power-in-export-markets-in-2025\\\/#primaryimage\",\"url\":\"https:\\\/\\\/www.textilegence.com\\\/wp-content\\\/uploads\\\/2025\\\/02\\\/asteks-401-sfm.jpg\",\"contentUrl\":\"https:\\\/\\\/www.textilegence.com\\\/wp-content\\\/uploads\\\/2025\\\/02\\\/asteks-401-sfm.jpg\",\"width\":1920,\"height\":1080,\"caption\":\"Asteks\u2019 best-selling and most trusted aprons and cots, along with its advanced R&D grinding technologies, stand out with the advantages they offer textile manufacturers Image Source: Asteks\"},{\"@type\":\"BreadcrumbList\",\"@id\":\"https:\\\/\\\/www.textilegence.com\\\/en\\\/asteks-focuses-on-increasing-value-and-power-in-export-markets-in-2025\\\/#breadcrumb\",\"itemListElement\":[{\"@type\":\"ListItem\",\"position\":1,\"name\":\"Home Page\",\"item\":\"https:\\\/\\\/www.textilegence.com\\\/en\\\/homepage-the-rimont\\\/\"},{\"@type\":\"ListItem\",\"position\":2,\"name\":\"Spinning\",\"item\":\"https:\\\/\\\/www.textilegence.com\\\/en\\\/category\\\/spinning\\\/\"},{\"@type\":\"ListItem\",\"position\":3,\"name\":\"Asteks focuses on increasing value and power in export markets in 2025\"}]},{\"@type\":\"WebSite\",\"@id\":\"https:\\\/\\\/www.textilegence.com\\\/en\\\/#website\",\"url\":\"https:\\\/\\\/www.textilegence.com\\\/en\\\/\",\"name\":\"Textilegence Magazine and Digital Platform\",\"description\":\"Textile News Center\",\"publisher\":{\"@id\":\"https:\\\/\\\/www.textilegence.com\\\/en\\\/#organization\"},\"potentialAction\":[{\"@type\":\"SearchAction\",\"target\":{\"@type\":\"EntryPoint\",\"urlTemplate\":\"https:\\\/\\\/www.textilegence.com\\\/en\\\/?s={search_term_string}\"},\"query-input\":{\"@type\":\"PropertyValueSpecification\",\"valueRequired\":true,\"valueName\":\"search_term_string\"}}],\"inLanguage\":\"en-US\"},{\"@type\":\"Organization\",\"@id\":\"https:\\\/\\\/www.textilegence.com\\\/en\\\/#organization\",\"name\":\"Textilegence Magazine and Digital Platform\",\"url\":\"https:\\\/\\\/www.textilegence.com\\\/en\\\/\",\"logo\":{\"@type\":\"ImageObject\",\"inLanguage\":\"en-US\",\"@id\":\"https:\\\/\\\/www.textilegence.com\\\/en\\\/#\\\/schema\\\/logo\\\/image\\\/\",\"url\":\"https:\\\/\\\/www.textilegence.com\\\/wp-content\\\/uploads\\\/2016\\\/11\\\/New_Retina_Logo_Textilegence.png\",\"contentUrl\":\"https:\\\/\\\/www.textilegence.com\\\/wp-content\\\/uploads\\\/2016\\\/11\\\/New_Retina_Logo_Textilegence.png\",\"width\":544,\"height\":180,\"caption\":\"Textilegence Magazine and Digital Platform\"},\"image\":{\"@id\":\"https:\\\/\\\/www.textilegence.com\\\/en\\\/#\\\/schema\\\/logo\\\/image\\\/\"},\"sameAs\":[\"https:\\\/\\\/www.facebook.com\\\/TextilegenceMagazine\",\"https:\\\/\\\/x.com\\\/textilegence\",\"https:\\\/\\\/www.instagram.com\\\/textilegence\\\/\",\"https:\\\/\\\/www.linkedin.com\\\/groups\\\/Textilegence-Magazine-Digital-Platform-4897253\",\"https:\\\/\\\/www.youtube.com\\\/user\\\/textilegence\"],\"description\":\"Textilegence is a magazine and digital platform established in 2013. It focuses on the textile industry and sub-segments. The platform provides news, articles, and updates on various aspects of the textile industry, including sustainability, technological advancements, and market trends.\",\"email\":\"editor@textilegence.com\",\"telephone\":\"+90 212 442 24 12\",\"legalName\":\"Textilegence Mag and Digital Platform\",\"foundingDate\":\"2013-01-01\",\"numberOfEmployees\":{\"@type\":\"QuantitativeValue\",\"minValue\":\"1\",\"maxValue\":\"10\"}},{\"@type\":\"Person\",\"@id\":\"https:\\\/\\\/www.textilegence.com\\\/en\\\/#\\\/schema\\\/person\\\/46ccc7bfc34edbc7d46b6b189f88849f\",\"name\":\"Engin Buz\",\"image\":{\"@type\":\"ImageObject\",\"inLanguage\":\"en-US\",\"@id\":\"https:\\\/\\\/www.textilegence.com\\\/wp-content\\\/uploads\\\/2018\\\/12\\\/engin-buz.jpg\",\"url\":\"https:\\\/\\\/www.textilegence.com\\\/wp-content\\\/uploads\\\/2018\\\/12\\\/engin-buz.jpg\",\"contentUrl\":\"https:\\\/\\\/www.textilegence.com\\\/wp-content\\\/uploads\\\/2018\\\/12\\\/engin-buz.jpg\",\"caption\":\"Engin Buz\"},\"description\":\"Engin Buz, Ankara \u00dcniversitesi \u0130leti\u015fim Fak\u00fcltesi Gazetecilik B\u00f6l\u00fcm\u00fc\u2019nden mezun olduktan sonra Y\u0131ld\u0131z Teknik \u00dcniversitesi\u2019nde Siyaset Bilimi ve Uluslararas\u0131 \u0130li\u015fkiler alan\u0131nda y\u00fcksek lisans\u0131n\u0131 tamamlam\u0131\u015ft\u0131r. 2000 y\u0131l\u0131ndan sonra \u00e7e\u015fitli yay\u0131nc\u0131l\u0131k \u015firketlerinde \u00e7al\u0131\u015fmaya ba\u015flayarak k\u00fclt\u00fcr-sanat ve daha sonra ekonomi haberleri haz\u0131rlam\u0131\u015ft\u0131r. 2009 y\u0131l\u0131ndan itibaren tekstil end\u00fcstrisine d\u00f6n\u00fck yay\u0131nlarda edit\u00f6r olarak g\u00f6rev alan Buz, 2013 itibariyle kurulan Textilegence\u2019de haber edit\u00f6r\u00fc olarak yer almaya ba\u015flam\u0131\u015ft\u0131r. Engin Buz halen ba\u015fta tekstil ve dijital bask\u0131 end\u00fcstrileri olmak \u00fczere ekonomi haberleri haz\u0131rlamaktad\u0131r.\",\"sameAs\":[\"https:\\\/\\\/www.textilegence.com\",\"https:\\\/\\\/www.facebook.com\\\/TextilegenceMagazine\",\"https:\\\/\\\/www.instagram.com\\\/textilegence\\\/\",\"https:\\\/\\\/www.linkedin.com\\\/in\\\/engin-buz-6190799a\\\/\",\"https:\\\/\\\/x.com\\\/https:\\\/\\\/twitter.com\\\/textilegence\"],\"url\":\"https:\\\/\\\/www.textilegence.com\\\/en\\\/author\\\/engin-buz\\\/\"}]}<\/script>\n<!-- \/ Yoast SEO Premium plugin. -->","yoast_head_json":{"title":"Asteks focuses on increasing value and power in export markets in 2025 - Textilegence","description":"Asteks, a leading manufacturer of high-quality and durable apron and cots varieties as well as advanced grinding, UV surface treatment...","robots":{"index":"index","follow":"follow","max-snippet":"max-snippet:-1","max-image-preview":"max-image-preview:large","max-video-preview":"max-video-preview:-1"},"canonical":"https:\/\/www.textilegence.com\/en\/asteks-focuses-on-increasing-value-and-power-in-export-markets-in-2025\/","og_locale":"en_US","og_type":"article","og_title":"Asteks focuses on increasing value and power in export markets in 2025","og_description":"Asteks, a leading manufacturer of high-quality and durable apron and cots varieties as well as advanced grinding, UV surface treatment and automation","og_url":"https:\/\/www.textilegence.com\/en\/asteks-focuses-on-increasing-value-and-power-in-export-markets-in-2025\/","og_site_name":"Textilegence Magazine and Digital Platform","article_publisher":"https:\/\/www.facebook.com\/TextilegenceMagazine","article_author":"https:\/\/www.facebook.com\/TextilegenceMagazine","article_published_time":"2025-02-13T11:05:43+00:00","article_modified_time":"2025-02-13T11:05:53+00:00","og_image":[{"width":1920,"height":1080,"url":"https:\/\/www.textilegence.com\/wp-content\/uploads\/2025\/02\/asteks-401-sfm.jpg","type":"image\/jpeg"}],"author":"Engin Buz","twitter_card":"summary_large_image","twitter_creator":"@https:\/\/twitter.com\/textilegence","twitter_site":"@textilegence","twitter_misc":{"Written by":"Engin Buz","Est. reading time":"9 minutes"},"schema":{"@context":"https:\/\/schema.org","@graph":[{"@type":"NewsArticle","@id":"https:\/\/www.textilegence.com\/en\/asteks-focuses-on-increasing-value-and-power-in-export-markets-in-2025\/#article","isPartOf":{"@id":"https:\/\/www.textilegence.com\/en\/asteks-focuses-on-increasing-value-and-power-in-export-markets-in-2025\/"},"author":{"name":"Engin Buz","@id":"https:\/\/www.textilegence.com\/en\/#\/schema\/person\/46ccc7bfc34edbc7d46b6b189f88849f"},"headline":"Asteks focuses on increasing value and power in export markets in 2025","datePublished":"2025-02-13T11:05:43+00:00","dateModified":"2025-02-13T11:05:53+00:00","mainEntityOfPage":{"@id":"https:\/\/www.textilegence.com\/en\/asteks-focuses-on-increasing-value-and-power-in-export-markets-in-2025\/"},"wordCount":1298,"publisher":{"@id":"https:\/\/www.textilegence.com\/en\/#organization"},"image":{"@id":"https:\/\/www.textilegence.com\/en\/asteks-focuses-on-increasing-value-and-power-in-export-markets-in-2025\/#primaryimage"},"thumbnailUrl":"https:\/\/www.textilegence.com\/wp-content\/uploads\/2025\/02\/asteks-401-sfm.jpg","keywords":["asteks","spinning","textile news"],"articleSection":["Spinning"],"inLanguage":"en-US"},{"@type":"WebPage","@id":"https:\/\/www.textilegence.com\/en\/asteks-focuses-on-increasing-value-and-power-in-export-markets-in-2025\/","url":"https:\/\/www.textilegence.com\/en\/asteks-focuses-on-increasing-value-and-power-in-export-markets-in-2025\/","name":"Asteks focuses on increasing value and power in export markets in 2025 - Textilegence","isPartOf":{"@id":"https:\/\/www.textilegence.com\/en\/#website"},"primaryImageOfPage":{"@id":"https:\/\/www.textilegence.com\/en\/asteks-focuses-on-increasing-value-and-power-in-export-markets-in-2025\/#primaryimage"},"image":{"@id":"https:\/\/www.textilegence.com\/en\/asteks-focuses-on-increasing-value-and-power-in-export-markets-in-2025\/#primaryimage"},"thumbnailUrl":"https:\/\/www.textilegence.com\/wp-content\/uploads\/2025\/02\/asteks-401-sfm.jpg","datePublished":"2025-02-13T11:05:43+00:00","dateModified":"2025-02-13T11:05:53+00:00","description":"Asteks, a leading manufacturer of high-quality and durable apron and cots varieties as well as advanced grinding, UV surface treatment...","breadcrumb":{"@id":"https:\/\/www.textilegence.com\/en\/asteks-focuses-on-increasing-value-and-power-in-export-markets-in-2025\/#breadcrumb"},"inLanguage":"en-US","potentialAction":[{"@type":"ReadAction","target":["https:\/\/www.textilegence.com\/en\/asteks-focuses-on-increasing-value-and-power-in-export-markets-in-2025\/"]}]},{"@type":"ImageObject","inLanguage":"en-US","@id":"https:\/\/www.textilegence.com\/en\/asteks-focuses-on-increasing-value-and-power-in-export-markets-in-2025\/#primaryimage","url":"https:\/\/www.textilegence.com\/wp-content\/uploads\/2025\/02\/asteks-401-sfm.jpg","contentUrl":"https:\/\/www.textilegence.com\/wp-content\/uploads\/2025\/02\/asteks-401-sfm.jpg","width":1920,"height":1080,"caption":"Asteks\u2019 best-selling and most trusted aprons and cots, along with its advanced R&D grinding technologies, stand out with the advantages they offer textile manufacturers Image Source: Asteks"},{"@type":"BreadcrumbList","@id":"https:\/\/www.textilegence.com\/en\/asteks-focuses-on-increasing-value-and-power-in-export-markets-in-2025\/#breadcrumb","itemListElement":[{"@type":"ListItem","position":1,"name":"Home Page","item":"https:\/\/www.textilegence.com\/en\/homepage-the-rimont\/"},{"@type":"ListItem","position":2,"name":"Spinning","item":"https:\/\/www.textilegence.com\/en\/category\/spinning\/"},{"@type":"ListItem","position":3,"name":"Asteks focuses on increasing value and power in export markets in 2025"}]},{"@type":"WebSite","@id":"https:\/\/www.textilegence.com\/en\/#website","url":"https:\/\/www.textilegence.com\/en\/","name":"Textilegence Magazine and Digital Platform","description":"Textile News Center","publisher":{"@id":"https:\/\/www.textilegence.com\/en\/#organization"},"potentialAction":[{"@type":"SearchAction","target":{"@type":"EntryPoint","urlTemplate":"https:\/\/www.textilegence.com\/en\/?s={search_term_string}"},"query-input":{"@type":"PropertyValueSpecification","valueRequired":true,"valueName":"search_term_string"}}],"inLanguage":"en-US"},{"@type":"Organization","@id":"https:\/\/www.textilegence.com\/en\/#organization","name":"Textilegence Magazine and Digital Platform","url":"https:\/\/www.textilegence.com\/en\/","logo":{"@type":"ImageObject","inLanguage":"en-US","@id":"https:\/\/www.textilegence.com\/en\/#\/schema\/logo\/image\/","url":"https:\/\/www.textilegence.com\/wp-content\/uploads\/2016\/11\/New_Retina_Logo_Textilegence.png","contentUrl":"https:\/\/www.textilegence.com\/wp-content\/uploads\/2016\/11\/New_Retina_Logo_Textilegence.png","width":544,"height":180,"caption":"Textilegence Magazine and Digital Platform"},"image":{"@id":"https:\/\/www.textilegence.com\/en\/#\/schema\/logo\/image\/"},"sameAs":["https:\/\/www.facebook.com\/TextilegenceMagazine","https:\/\/x.com\/textilegence","https:\/\/www.instagram.com\/textilegence\/","https:\/\/www.linkedin.com\/groups\/Textilegence-Magazine-Digital-Platform-4897253","https:\/\/www.youtube.com\/user\/textilegence"],"description":"Textilegence is a magazine and digital platform established in 2013. It focuses on the textile industry and sub-segments. The platform provides news, articles, and updates on various aspects of the textile industry, including sustainability, technological advancements, and market trends.","email":"editor@textilegence.com","telephone":"+90 212 442 24 12","legalName":"Textilegence Mag and Digital Platform","foundingDate":"2013-01-01","numberOfEmployees":{"@type":"QuantitativeValue","minValue":"1","maxValue":"10"}},{"@type":"Person","@id":"https:\/\/www.textilegence.com\/en\/#\/schema\/person\/46ccc7bfc34edbc7d46b6b189f88849f","name":"Engin Buz","image":{"@type":"ImageObject","inLanguage":"en-US","@id":"https:\/\/www.textilegence.com\/wp-content\/uploads\/2018\/12\/engin-buz.jpg","url":"https:\/\/www.textilegence.com\/wp-content\/uploads\/2018\/12\/engin-buz.jpg","contentUrl":"https:\/\/www.textilegence.com\/wp-content\/uploads\/2018\/12\/engin-buz.jpg","caption":"Engin Buz"},"description":"Engin Buz, Ankara \u00dcniversitesi \u0130leti\u015fim Fak\u00fcltesi Gazetecilik B\u00f6l\u00fcm\u00fc\u2019nden mezun olduktan sonra Y\u0131ld\u0131z Teknik \u00dcniversitesi\u2019nde Siyaset Bilimi ve Uluslararas\u0131 \u0130li\u015fkiler alan\u0131nda y\u00fcksek lisans\u0131n\u0131 tamamlam\u0131\u015ft\u0131r. 2000 y\u0131l\u0131ndan sonra \u00e7e\u015fitli yay\u0131nc\u0131l\u0131k \u015firketlerinde \u00e7al\u0131\u015fmaya ba\u015flayarak k\u00fclt\u00fcr-sanat ve daha sonra ekonomi haberleri haz\u0131rlam\u0131\u015ft\u0131r. 2009 y\u0131l\u0131ndan itibaren tekstil end\u00fcstrisine d\u00f6n\u00fck yay\u0131nlarda edit\u00f6r olarak g\u00f6rev alan Buz, 2013 itibariyle kurulan Textilegence\u2019de haber edit\u00f6r\u00fc olarak yer almaya ba\u015flam\u0131\u015ft\u0131r. Engin Buz halen ba\u015fta tekstil ve dijital bask\u0131 end\u00fcstrileri olmak \u00fczere ekonomi haberleri haz\u0131rlamaktad\u0131r.","sameAs":["https:\/\/www.textilegence.com","https:\/\/www.facebook.com\/TextilegenceMagazine","https:\/\/www.instagram.com\/textilegence\/","https:\/\/www.linkedin.com\/in\/engin-buz-6190799a\/","https:\/\/x.com\/https:\/\/twitter.com\/textilegence"],"url":"https:\/\/www.textilegence.com\/en\/author\/engin-buz\/"}]}},"_links":{"self":[{"href":"https:\/\/www.textilegence.com\/en\/wp-json\/wp\/v2\/posts\/61261","targetHints":{"allow":["GET"]}}],"collection":[{"href":"https:\/\/www.textilegence.com\/en\/wp-json\/wp\/v2\/posts"}],"about":[{"href":"https:\/\/www.textilegence.com\/en\/wp-json\/wp\/v2\/types\/post"}],"author":[{"embeddable":true,"href":"https:\/\/www.textilegence.com\/en\/wp-json\/wp\/v2\/users\/2"}],"replies":[{"embeddable":true,"href":"https:\/\/www.textilegence.com\/en\/wp-json\/wp\/v2\/comments?post=61261"}],"version-history":[{"count":0,"href":"https:\/\/www.textilegence.com\/en\/wp-json\/wp\/v2\/posts\/61261\/revisions"}],"wp:featuredmedia":[{"embeddable":true,"href":"https:\/\/www.textilegence.com\/en\/wp-json\/wp\/v2\/media\/61255"}],"wp:attachment":[{"href":"https:\/\/www.textilegence.com\/en\/wp-json\/wp\/v2\/media?parent=61261"}],"wp:term":[{"taxonomy":"category","embeddable":true,"href":"https:\/\/www.textilegence.com\/en\/wp-json\/wp\/v2\/categories?post=61261"},{"taxonomy":"post_tag","embeddable":true,"href":"https:\/\/www.textilegence.com\/en\/wp-json\/wp\/v2\/tags?post=61261"}],"curies":[{"name":"wp","href":"https:\/\/api.w.org\/{rel}","templated":true}]}}