{"id":61842,"date":"2025-04-25T14:01:50","date_gmt":"2025-04-25T11:01:50","guid":{"rendered":"http:\/\/www.textilegence.com\/?p=61842"},"modified":"2025-04-25T14:24:08","modified_gmt":"2025-04-25T11:24:08","slug":"hannover-is-ready-for-an-excellent-itma-2027-experience","status":"publish","type":"post","link":"https:\/\/www.textilegence.com\/en\/hannover-is-ready-for-an-excellent-itma-2027-experience\/","title":{"rendered":"Hannover is ready for an excellent ITMA 2027 experience"},"content":{"rendered":"\n<p>The city of Hannover is eagerly waiting to welcome participants of the world\u2019s largest <a href=\"https:\/\/www.textilegence.com\/en\/category\/trade-fairs\/\" target=\"_blank\" rel=\"noreferrer noopener\">textile<\/a> and garment technology <a href=\"https:\/\/www.itma.com\" target=\"_blank\" rel=\"noreferrer noopener\">exhibition<\/a>, ITMA 2027 on September 16 to 22, 2027. It is expected to gross 200,000 square metres, occupying 13 exhibition halls at the Messegelaende Hannover.\u00a0<\/p>\n\n\n\n<p>Held once every four years since 1951, ITMA was last staged in the German city in 1991. The bid for ITMA 2027 was submitted by the venue owner Deutsche Messe in close cooperation with the capital of Lower Saxony and the office of the Lord Mayor.&nbsp;<\/p>\n\n\n\n<p>Belit Onay, Mayor and CEO of the City of Hanover enthused, \u201cWe are elated to have successfully bid for ITMA 2027. A bustling hub for trade fairs and congresses, the city looks forward to welcome ITMA back to Hanover after more than 30 years.\u201d&nbsp;<\/p>\n\n\n\n<p>Onay said that they will spare no effort to ensure the hosting of an excellent ITMA: \u201cHanover is a green and efficient city with a relaxed atmosphere. As a major trade fair city, Hanover is organised, and easy to navigate, making it a stress-free destination for visitors. Its blend of history and modernity makes it a hidden gem for those seeking a well-balanced urban experience.\u201d&nbsp;<\/p>\n\n\n\n<h2 class=\"wp-block-heading\" id=\"h-the-organising-team-is-working-for-a-seamless-fair-experience-in-itma-2027\"><strong>The organising team is working for a seamless fair experience in ITMA 2027<\/strong><\/h2>\n\n\n\n<p>Currently, the city of Hanover offers over 18,000 hotel beds, ranging from budget to premium options. In the surrounding districts and metropolitan region, an additional 54,000 beds are available. According to Deutsche Messe, the exhibition venue operator, around 4,000 private accommodations can also be found throughout the city, nearby areas, and the broader metropolitan region.&nbsp;<\/p>\n\n\n\n<p>Dr Jochen Koeckler, chairman of Deutsche Messe\u2019s Board said that the majority of the accommodation allows you to get to the fairground within 30 to 90 minutes, noting: &#8220;In addition, we have a campground opposite the exhibition venue that is open to participants who bring their motorhomes and caravans. ITMA 2027 participants can expect to have more options when another 700 rooms are made available in the city centre next year.\u201d&nbsp;&nbsp;&nbsp;<\/p>\n\n\n\n<p>A dedicated website is being set up for ITMA participants to book their accommodation. You can contact itmahotels@bnetwork.com. for enquiring about accommodation or to book rooms.&nbsp;<\/p>\n\n\n\n<p>While Hanover may not be a primary global gateway in Germany, it is exceptionally well-connected within Europe and beyond. With direct high-speed train links and a well-connected airport, it serves as a convenient transit point for business travellers.&nbsp;<\/p>\n\n\n\n<p>The fairground is accessible by public transport. It has two modern light rail stations that provide direct connections to the city centre. It also has direct links to the motorways, and around 39,000 car parking spaces.&nbsp;<\/p>\n\n\n\n<p>Alex Zucchi, president of CEMATEX which owns ITMA 2027, said that they look forward to staging their exhibition in Hanover: &#8220;The city has the necessary infrastructure to support a huge congregation of exhibitors and visitors of a mega ITMA exhibition. The organising team is working with the venue owner to ensure that all participants will have a seamless experience akin to what they have been used to at past editions. &#8221;&nbsp;&nbsp;<\/p>\n\n\n\n<p>More exhibition information will be available from the ITMA 2027 website which will be launched this July, ahead of the opening of stand space application in September.&nbsp;<\/p>\n\n\n\n<p>The last ITMA exhibition was held in Milan in 2023. Grossing 200,000 square metres, it featured the participation of 1,709 exhibitors from 47 countries, and visitorship of over 111,000 from 143 countries.&nbsp;<\/p>\n","protected":false},"excerpt":{"rendered":"<p>The city of Hannover is eagerly waiting to welcome participants of the world\u2019s largest textile and garment technology exhibition, ITMA 2027 on September 16 to 22, 2027. It is expected to gross 200,000 square metres, occupying 13 exhibition halls at the Messegelaende Hannover.\u00a0 Held once every four years since 1951, ITMA was last staged in [&hellip;]<\/p>\n","protected":false},"author":2,"featured_media":61840,"comment_status":"closed","ping_status":"closed","sticky":false,"template":"","format":"standard","meta":{"footnotes":""},"categories":[9845],"tags":[16428,10369,12448],"class_list":{"0":"post-61842","1":"post","2":"type-post","3":"status-publish","4":"format-standard","5":"has-post-thumbnail","7":"category-trade-fairs","8":"tag-itma-2027","9":"tag-textile-news-en","10":"tag-trade-fairs"},"yoast_head":"<!-- This site is optimized with the Yoast SEO Premium plugin v27.3 (Yoast SEO v27.3) - https:\/\/yoast.com\/product\/yoast-seo-premium-wordpress\/ -->\n<title>Hannover is ready for an excellent ITMA 2027 experience - Textilegence Magazine and Digital Platform<\/title>\n<meta name=\"robots\" content=\"index, follow, max-snippet:-1, max-image-preview:large, max-video-preview:-1\" \/>\n<link rel=\"canonical\" href=\"https:\/\/www.textilegence.com\/en\/hannover-is-ready-for-an-excellent-itma-2027-experience\/\" \/>\n<meta property=\"og:locale\" content=\"en_US\" \/>\n<meta property=\"og:type\" content=\"article\" \/>\n<meta property=\"og:title\" content=\"Hannover is ready for an excellent ITMA 2027 experience\" \/>\n<meta property=\"og:description\" content=\"The city of Hannover is eagerly waiting to welcome participants of the world\u2019s largest textile and garment technology exhibition, ITMA 2027 on September\" \/>\n<meta property=\"og:url\" content=\"https:\/\/www.textilegence.com\/en\/hannover-is-ready-for-an-excellent-itma-2027-experience\/\" \/>\n<meta property=\"og:site_name\" content=\"Textilegence Magazine and Digital Platform\" \/>\n<meta property=\"article:publisher\" content=\"https:\/\/www.facebook.com\/TextilegenceMagazine\" \/>\n<meta property=\"article:author\" content=\"https:\/\/www.facebook.com\/TextilegenceMagazine\" \/>\n<meta property=\"article:published_time\" content=\"2025-04-25T11:01:50+00:00\" \/>\n<meta property=\"article:modified_time\" content=\"2025-04-25T11:24:08+00:00\" \/>\n<meta property=\"og:image\" content=\"https:\/\/www.textilegence.com\/wp-content\/uploads\/2025\/04\/Haber-Gorseli.jpg\" \/>\n\t<meta property=\"og:image:width\" content=\"1920\" \/>\n\t<meta property=\"og:image:height\" content=\"1080\" \/>\n\t<meta property=\"og:image:type\" content=\"image\/jpeg\" \/>\n<meta name=\"author\" content=\"Engin Buz\" \/>\n<meta name=\"twitter:card\" content=\"summary_large_image\" \/>\n<meta name=\"twitter:creator\" content=\"@https:\/\/twitter.com\/textilegence\" \/>\n<meta name=\"twitter:site\" content=\"@textilegence\" \/>\n<meta name=\"twitter:label1\" content=\"Written by\" \/>\n\t<meta name=\"twitter:data1\" content=\"Engin Buz\" \/>\n\t<meta name=\"twitter:label2\" content=\"Est. reading time\" \/>\n\t<meta name=\"twitter:data2\" content=\"4 minutes\" \/>\n<script type=\"application\/ld+json\" class=\"yoast-schema-graph\">{\"@context\":\"https:\\\/\\\/schema.org\",\"@graph\":[{\"@type\":\"NewsArticle\",\"@id\":\"https:\\\/\\\/www.textilegence.com\\\/en\\\/hannover-is-ready-for-an-excellent-itma-2027-experience\\\/#article\",\"isPartOf\":{\"@id\":\"https:\\\/\\\/www.textilegence.com\\\/en\\\/hannover-is-ready-for-an-excellent-itma-2027-experience\\\/\"},\"author\":{\"name\":\"Engin Buz\",\"@id\":\"https:\\\/\\\/www.textilegence.com\\\/en\\\/#\\\/schema\\\/person\\\/46ccc7bfc34edbc7d46b6b189f88849f\"},\"headline\":\"Hannover is ready for an excellent ITMA 2027 experience\",\"datePublished\":\"2025-04-25T11:01:50+00:00\",\"dateModified\":\"2025-04-25T11:24:08+00:00\",\"mainEntityOfPage\":{\"@id\":\"https:\\\/\\\/www.textilegence.com\\\/en\\\/hannover-is-ready-for-an-excellent-itma-2027-experience\\\/\"},\"wordCount\":564,\"publisher\":{\"@id\":\"https:\\\/\\\/www.textilegence.com\\\/en\\\/#organization\"},\"image\":{\"@id\":\"https:\\\/\\\/www.textilegence.com\\\/en\\\/hannover-is-ready-for-an-excellent-itma-2027-experience\\\/#primaryimage\"},\"thumbnailUrl\":\"https:\\\/\\\/www.textilegence.com\\\/wp-content\\\/uploads\\\/2025\\\/04\\\/Haber-Gorseli.jpg\",\"keywords\":[\"ITMA 2027\",\"textile news\",\"trade fairs\"],\"articleSection\":[\"Trade Fairs\"],\"inLanguage\":\"en-US\"},{\"@type\":\"WebPage\",\"@id\":\"https:\\\/\\\/www.textilegence.com\\\/en\\\/hannover-is-ready-for-an-excellent-itma-2027-experience\\\/\",\"url\":\"https:\\\/\\\/www.textilegence.com\\\/en\\\/hannover-is-ready-for-an-excellent-itma-2027-experience\\\/\",\"name\":\"Hannover is ready for an excellent ITMA 2027 experience - Textilegence Magazine and Digital Platform\",\"isPartOf\":{\"@id\":\"https:\\\/\\\/www.textilegence.com\\\/en\\\/#website\"},\"primaryImageOfPage\":{\"@id\":\"https:\\\/\\\/www.textilegence.com\\\/en\\\/hannover-is-ready-for-an-excellent-itma-2027-experience\\\/#primaryimage\"},\"image\":{\"@id\":\"https:\\\/\\\/www.textilegence.com\\\/en\\\/hannover-is-ready-for-an-excellent-itma-2027-experience\\\/#primaryimage\"},\"thumbnailUrl\":\"https:\\\/\\\/www.textilegence.com\\\/wp-content\\\/uploads\\\/2025\\\/04\\\/Haber-Gorseli.jpg\",\"datePublished\":\"2025-04-25T11:01:50+00:00\",\"dateModified\":\"2025-04-25T11:24:08+00:00\",\"breadcrumb\":{\"@id\":\"https:\\\/\\\/www.textilegence.com\\\/en\\\/hannover-is-ready-for-an-excellent-itma-2027-experience\\\/#breadcrumb\"},\"inLanguage\":\"en-US\",\"potentialAction\":[{\"@type\":\"ReadAction\",\"target\":[\"https:\\\/\\\/www.textilegence.com\\\/en\\\/hannover-is-ready-for-an-excellent-itma-2027-experience\\\/\"]}]},{\"@type\":\"ImageObject\",\"inLanguage\":\"en-US\",\"@id\":\"https:\\\/\\\/www.textilegence.com\\\/en\\\/hannover-is-ready-for-an-excellent-itma-2027-experience\\\/#primaryimage\",\"url\":\"https:\\\/\\\/www.textilegence.com\\\/wp-content\\\/uploads\\\/2025\\\/04\\\/Haber-Gorseli.jpg\",\"contentUrl\":\"https:\\\/\\\/www.textilegence.com\\\/wp-content\\\/uploads\\\/2025\\\/04\\\/Haber-Gorseli.jpg\",\"width\":1920,\"height\":1080,\"caption\":\"Hannover, last hosted the ITMA exhibition in 1991, will welcome the textile industry once again with the ITMA 2027 Image Source: Messegel\u00e4nde Hannover\"},{\"@type\":\"BreadcrumbList\",\"@id\":\"https:\\\/\\\/www.textilegence.com\\\/en\\\/hannover-is-ready-for-an-excellent-itma-2027-experience\\\/#breadcrumb\",\"itemListElement\":[{\"@type\":\"ListItem\",\"position\":1,\"name\":\"Home Page\",\"item\":\"https:\\\/\\\/www.textilegence.com\\\/en\\\/homepage-the-rimont\\\/\"},{\"@type\":\"ListItem\",\"position\":2,\"name\":\"Trade Fairs\",\"item\":\"https:\\\/\\\/www.textilegence.com\\\/en\\\/category\\\/trade-fairs\\\/\"},{\"@type\":\"ListItem\",\"position\":3,\"name\":\"Hannover is ready for an excellent ITMA 2027 experience\"}]},{\"@type\":\"WebSite\",\"@id\":\"https:\\\/\\\/www.textilegence.com\\\/en\\\/#website\",\"url\":\"https:\\\/\\\/www.textilegence.com\\\/en\\\/\",\"name\":\"Textilegence Magazine and Digital Platform\",\"description\":\"Textile News Center\",\"publisher\":{\"@id\":\"https:\\\/\\\/www.textilegence.com\\\/en\\\/#organization\"},\"potentialAction\":[{\"@type\":\"SearchAction\",\"target\":{\"@type\":\"EntryPoint\",\"urlTemplate\":\"https:\\\/\\\/www.textilegence.com\\\/en\\\/?s={search_term_string}\"},\"query-input\":{\"@type\":\"PropertyValueSpecification\",\"valueRequired\":true,\"valueName\":\"search_term_string\"}}],\"inLanguage\":\"en-US\"},{\"@type\":\"Organization\",\"@id\":\"https:\\\/\\\/www.textilegence.com\\\/en\\\/#organization\",\"name\":\"Textilegence Magazine and Digital Platform\",\"url\":\"https:\\\/\\\/www.textilegence.com\\\/en\\\/\",\"logo\":{\"@type\":\"ImageObject\",\"inLanguage\":\"en-US\",\"@id\":\"https:\\\/\\\/www.textilegence.com\\\/en\\\/#\\\/schema\\\/logo\\\/image\\\/\",\"url\":\"https:\\\/\\\/www.textilegence.com\\\/wp-content\\\/uploads\\\/2016\\\/11\\\/New_Retina_Logo_Textilegence.png\",\"contentUrl\":\"https:\\\/\\\/www.textilegence.com\\\/wp-content\\\/uploads\\\/2016\\\/11\\\/New_Retina_Logo_Textilegence.png\",\"width\":544,\"height\":180,\"caption\":\"Textilegence Magazine and Digital Platform\"},\"image\":{\"@id\":\"https:\\\/\\\/www.textilegence.com\\\/en\\\/#\\\/schema\\\/logo\\\/image\\\/\"},\"sameAs\":[\"https:\\\/\\\/www.facebook.com\\\/TextilegenceMagazine\",\"https:\\\/\\\/x.com\\\/textilegence\",\"https:\\\/\\\/www.instagram.com\\\/textilegence\\\/\",\"https:\\\/\\\/www.linkedin.com\\\/groups\\\/Textilegence-Magazine-Digital-Platform-4897253\",\"https:\\\/\\\/www.youtube.com\\\/user\\\/textilegence\"],\"description\":\"Textilegence is a magazine and digital platform established in 2013. It focuses on the textile industry and sub-segments. The platform provides news, articles, and updates on various aspects of the textile industry, including sustainability, technological advancements, and market trends.\",\"email\":\"editor@textilegence.com\",\"telephone\":\"+90 212 442 24 12\",\"legalName\":\"Textilegence Mag and Digital Platform\",\"foundingDate\":\"2013-01-01\",\"numberOfEmployees\":{\"@type\":\"QuantitativeValue\",\"minValue\":\"1\",\"maxValue\":\"10\"}},{\"@type\":\"Person\",\"@id\":\"https:\\\/\\\/www.textilegence.com\\\/en\\\/#\\\/schema\\\/person\\\/46ccc7bfc34edbc7d46b6b189f88849f\",\"name\":\"Engin Buz\",\"image\":{\"@type\":\"ImageObject\",\"inLanguage\":\"en-US\",\"@id\":\"https:\\\/\\\/www.textilegence.com\\\/wp-content\\\/uploads\\\/2018\\\/12\\\/engin-buz.jpg\",\"url\":\"https:\\\/\\\/www.textilegence.com\\\/wp-content\\\/uploads\\\/2018\\\/12\\\/engin-buz.jpg\",\"contentUrl\":\"https:\\\/\\\/www.textilegence.com\\\/wp-content\\\/uploads\\\/2018\\\/12\\\/engin-buz.jpg\",\"caption\":\"Engin Buz\"},\"description\":\"Engin Buz, Ankara \u00dcniversitesi \u0130leti\u015fim Fak\u00fcltesi Gazetecilik B\u00f6l\u00fcm\u00fc\u2019nden mezun olduktan sonra Y\u0131ld\u0131z Teknik \u00dcniversitesi\u2019nde Siyaset Bilimi ve Uluslararas\u0131 \u0130li\u015fkiler alan\u0131nda y\u00fcksek lisans\u0131n\u0131 tamamlam\u0131\u015ft\u0131r. 2000 y\u0131l\u0131ndan sonra \u00e7e\u015fitli yay\u0131nc\u0131l\u0131k \u015firketlerinde \u00e7al\u0131\u015fmaya ba\u015flayarak k\u00fclt\u00fcr-sanat ve daha sonra ekonomi haberleri haz\u0131rlam\u0131\u015ft\u0131r. 2009 y\u0131l\u0131ndan itibaren tekstil end\u00fcstrisine d\u00f6n\u00fck yay\u0131nlarda edit\u00f6r olarak g\u00f6rev alan Buz, 2013 itibariyle kurulan Textilegence\u2019de haber edit\u00f6r\u00fc olarak yer almaya ba\u015flam\u0131\u015ft\u0131r. Engin Buz halen ba\u015fta tekstil ve dijital bask\u0131 end\u00fcstrileri olmak \u00fczere ekonomi haberleri haz\u0131rlamaktad\u0131r.\",\"sameAs\":[\"https:\\\/\\\/www.textilegence.com\",\"https:\\\/\\\/www.facebook.com\\\/TextilegenceMagazine\",\"https:\\\/\\\/www.instagram.com\\\/textilegence\\\/\",\"https:\\\/\\\/www.linkedin.com\\\/in\\\/engin-buz-6190799a\\\/\",\"https:\\\/\\\/x.com\\\/https:\\\/\\\/twitter.com\\\/textilegence\"],\"url\":\"https:\\\/\\\/www.textilegence.com\\\/en\\\/author\\\/engin-buz\\\/\"}]}<\/script>\n<!-- \/ Yoast SEO Premium plugin. -->","yoast_head_json":{"title":"Hannover is ready for an excellent ITMA 2027 experience - Textilegence Magazine and Digital Platform","robots":{"index":"index","follow":"follow","max-snippet":"max-snippet:-1","max-image-preview":"max-image-preview:large","max-video-preview":"max-video-preview:-1"},"canonical":"https:\/\/www.textilegence.com\/en\/hannover-is-ready-for-an-excellent-itma-2027-experience\/","og_locale":"en_US","og_type":"article","og_title":"Hannover is ready for an excellent ITMA 2027 experience","og_description":"The city of Hannover is eagerly waiting to welcome participants of the world\u2019s largest textile and garment technology exhibition, ITMA 2027 on September","og_url":"https:\/\/www.textilegence.com\/en\/hannover-is-ready-for-an-excellent-itma-2027-experience\/","og_site_name":"Textilegence Magazine and Digital Platform","article_publisher":"https:\/\/www.facebook.com\/TextilegenceMagazine","article_author":"https:\/\/www.facebook.com\/TextilegenceMagazine","article_published_time":"2025-04-25T11:01:50+00:00","article_modified_time":"2025-04-25T11:24:08+00:00","og_image":[{"width":1920,"height":1080,"url":"https:\/\/www.textilegence.com\/wp-content\/uploads\/2025\/04\/Haber-Gorseli.jpg","type":"image\/jpeg"}],"author":"Engin Buz","twitter_card":"summary_large_image","twitter_creator":"@https:\/\/twitter.com\/textilegence","twitter_site":"@textilegence","twitter_misc":{"Written by":"Engin Buz","Est. reading time":"4 minutes"},"schema":{"@context":"https:\/\/schema.org","@graph":[{"@type":"NewsArticle","@id":"https:\/\/www.textilegence.com\/en\/hannover-is-ready-for-an-excellent-itma-2027-experience\/#article","isPartOf":{"@id":"https:\/\/www.textilegence.com\/en\/hannover-is-ready-for-an-excellent-itma-2027-experience\/"},"author":{"name":"Engin Buz","@id":"https:\/\/www.textilegence.com\/en\/#\/schema\/person\/46ccc7bfc34edbc7d46b6b189f88849f"},"headline":"Hannover is ready for an excellent ITMA 2027 experience","datePublished":"2025-04-25T11:01:50+00:00","dateModified":"2025-04-25T11:24:08+00:00","mainEntityOfPage":{"@id":"https:\/\/www.textilegence.com\/en\/hannover-is-ready-for-an-excellent-itma-2027-experience\/"},"wordCount":564,"publisher":{"@id":"https:\/\/www.textilegence.com\/en\/#organization"},"image":{"@id":"https:\/\/www.textilegence.com\/en\/hannover-is-ready-for-an-excellent-itma-2027-experience\/#primaryimage"},"thumbnailUrl":"https:\/\/www.textilegence.com\/wp-content\/uploads\/2025\/04\/Haber-Gorseli.jpg","keywords":["ITMA 2027","textile news","trade fairs"],"articleSection":["Trade Fairs"],"inLanguage":"en-US"},{"@type":"WebPage","@id":"https:\/\/www.textilegence.com\/en\/hannover-is-ready-for-an-excellent-itma-2027-experience\/","url":"https:\/\/www.textilegence.com\/en\/hannover-is-ready-for-an-excellent-itma-2027-experience\/","name":"Hannover is ready for an excellent ITMA 2027 experience - Textilegence Magazine and Digital Platform","isPartOf":{"@id":"https:\/\/www.textilegence.com\/en\/#website"},"primaryImageOfPage":{"@id":"https:\/\/www.textilegence.com\/en\/hannover-is-ready-for-an-excellent-itma-2027-experience\/#primaryimage"},"image":{"@id":"https:\/\/www.textilegence.com\/en\/hannover-is-ready-for-an-excellent-itma-2027-experience\/#primaryimage"},"thumbnailUrl":"https:\/\/www.textilegence.com\/wp-content\/uploads\/2025\/04\/Haber-Gorseli.jpg","datePublished":"2025-04-25T11:01:50+00:00","dateModified":"2025-04-25T11:24:08+00:00","breadcrumb":{"@id":"https:\/\/www.textilegence.com\/en\/hannover-is-ready-for-an-excellent-itma-2027-experience\/#breadcrumb"},"inLanguage":"en-US","potentialAction":[{"@type":"ReadAction","target":["https:\/\/www.textilegence.com\/en\/hannover-is-ready-for-an-excellent-itma-2027-experience\/"]}]},{"@type":"ImageObject","inLanguage":"en-US","@id":"https:\/\/www.textilegence.com\/en\/hannover-is-ready-for-an-excellent-itma-2027-experience\/#primaryimage","url":"https:\/\/www.textilegence.com\/wp-content\/uploads\/2025\/04\/Haber-Gorseli.jpg","contentUrl":"https:\/\/www.textilegence.com\/wp-content\/uploads\/2025\/04\/Haber-Gorseli.jpg","width":1920,"height":1080,"caption":"Hannover, last hosted the ITMA exhibition in 1991, will welcome the textile industry once again with the ITMA 2027 Image Source: Messegel\u00e4nde Hannover"},{"@type":"BreadcrumbList","@id":"https:\/\/www.textilegence.com\/en\/hannover-is-ready-for-an-excellent-itma-2027-experience\/#breadcrumb","itemListElement":[{"@type":"ListItem","position":1,"name":"Home Page","item":"https:\/\/www.textilegence.com\/en\/homepage-the-rimont\/"},{"@type":"ListItem","position":2,"name":"Trade Fairs","item":"https:\/\/www.textilegence.com\/en\/category\/trade-fairs\/"},{"@type":"ListItem","position":3,"name":"Hannover is ready for an excellent ITMA 2027 experience"}]},{"@type":"WebSite","@id":"https:\/\/www.textilegence.com\/en\/#website","url":"https:\/\/www.textilegence.com\/en\/","name":"Textilegence Magazine and Digital Platform","description":"Textile News Center","publisher":{"@id":"https:\/\/www.textilegence.com\/en\/#organization"},"potentialAction":[{"@type":"SearchAction","target":{"@type":"EntryPoint","urlTemplate":"https:\/\/www.textilegence.com\/en\/?s={search_term_string}"},"query-input":{"@type":"PropertyValueSpecification","valueRequired":true,"valueName":"search_term_string"}}],"inLanguage":"en-US"},{"@type":"Organization","@id":"https:\/\/www.textilegence.com\/en\/#organization","name":"Textilegence Magazine and Digital Platform","url":"https:\/\/www.textilegence.com\/en\/","logo":{"@type":"ImageObject","inLanguage":"en-US","@id":"https:\/\/www.textilegence.com\/en\/#\/schema\/logo\/image\/","url":"https:\/\/www.textilegence.com\/wp-content\/uploads\/2016\/11\/New_Retina_Logo_Textilegence.png","contentUrl":"https:\/\/www.textilegence.com\/wp-content\/uploads\/2016\/11\/New_Retina_Logo_Textilegence.png","width":544,"height":180,"caption":"Textilegence Magazine and Digital Platform"},"image":{"@id":"https:\/\/www.textilegence.com\/en\/#\/schema\/logo\/image\/"},"sameAs":["https:\/\/www.facebook.com\/TextilegenceMagazine","https:\/\/x.com\/textilegence","https:\/\/www.instagram.com\/textilegence\/","https:\/\/www.linkedin.com\/groups\/Textilegence-Magazine-Digital-Platform-4897253","https:\/\/www.youtube.com\/user\/textilegence"],"description":"Textilegence is a magazine and digital platform established in 2013. It focuses on the textile industry and sub-segments. The platform provides news, articles, and updates on various aspects of the textile industry, including sustainability, technological advancements, and market trends.","email":"editor@textilegence.com","telephone":"+90 212 442 24 12","legalName":"Textilegence Mag and Digital Platform","foundingDate":"2013-01-01","numberOfEmployees":{"@type":"QuantitativeValue","minValue":"1","maxValue":"10"}},{"@type":"Person","@id":"https:\/\/www.textilegence.com\/en\/#\/schema\/person\/46ccc7bfc34edbc7d46b6b189f88849f","name":"Engin Buz","image":{"@type":"ImageObject","inLanguage":"en-US","@id":"https:\/\/www.textilegence.com\/wp-content\/uploads\/2018\/12\/engin-buz.jpg","url":"https:\/\/www.textilegence.com\/wp-content\/uploads\/2018\/12\/engin-buz.jpg","contentUrl":"https:\/\/www.textilegence.com\/wp-content\/uploads\/2018\/12\/engin-buz.jpg","caption":"Engin Buz"},"description":"Engin Buz, Ankara \u00dcniversitesi \u0130leti\u015fim Fak\u00fcltesi Gazetecilik B\u00f6l\u00fcm\u00fc\u2019nden mezun olduktan sonra Y\u0131ld\u0131z Teknik \u00dcniversitesi\u2019nde Siyaset Bilimi ve Uluslararas\u0131 \u0130li\u015fkiler alan\u0131nda y\u00fcksek lisans\u0131n\u0131 tamamlam\u0131\u015ft\u0131r. 2000 y\u0131l\u0131ndan sonra \u00e7e\u015fitli yay\u0131nc\u0131l\u0131k \u015firketlerinde \u00e7al\u0131\u015fmaya ba\u015flayarak k\u00fclt\u00fcr-sanat ve daha sonra ekonomi haberleri haz\u0131rlam\u0131\u015ft\u0131r. 2009 y\u0131l\u0131ndan itibaren tekstil end\u00fcstrisine d\u00f6n\u00fck yay\u0131nlarda edit\u00f6r olarak g\u00f6rev alan Buz, 2013 itibariyle kurulan Textilegence\u2019de haber edit\u00f6r\u00fc olarak yer almaya ba\u015flam\u0131\u015ft\u0131r. Engin Buz halen ba\u015fta tekstil ve dijital bask\u0131 end\u00fcstrileri olmak \u00fczere ekonomi haberleri haz\u0131rlamaktad\u0131r.","sameAs":["https:\/\/www.textilegence.com","https:\/\/www.facebook.com\/TextilegenceMagazine","https:\/\/www.instagram.com\/textilegence\/","https:\/\/www.linkedin.com\/in\/engin-buz-6190799a\/","https:\/\/x.com\/https:\/\/twitter.com\/textilegence"],"url":"https:\/\/www.textilegence.com\/en\/author\/engin-buz\/"}]}},"_links":{"self":[{"href":"https:\/\/www.textilegence.com\/en\/wp-json\/wp\/v2\/posts\/61842","targetHints":{"allow":["GET"]}}],"collection":[{"href":"https:\/\/www.textilegence.com\/en\/wp-json\/wp\/v2\/posts"}],"about":[{"href":"https:\/\/www.textilegence.com\/en\/wp-json\/wp\/v2\/types\/post"}],"author":[{"embeddable":true,"href":"https:\/\/www.textilegence.com\/en\/wp-json\/wp\/v2\/users\/2"}],"replies":[{"embeddable":true,"href":"https:\/\/www.textilegence.com\/en\/wp-json\/wp\/v2\/comments?post=61842"}],"version-history":[{"count":0,"href":"https:\/\/www.textilegence.com\/en\/wp-json\/wp\/v2\/posts\/61842\/revisions"}],"wp:featuredmedia":[{"embeddable":true,"href":"https:\/\/www.textilegence.com\/en\/wp-json\/wp\/v2\/media\/61840"}],"wp:attachment":[{"href":"https:\/\/www.textilegence.com\/en\/wp-json\/wp\/v2\/media?parent=61842"}],"wp:term":[{"taxonomy":"category","embeddable":true,"href":"https:\/\/www.textilegence.com\/en\/wp-json\/wp\/v2\/categories?post=61842"},{"taxonomy":"post_tag","embeddable":true,"href":"https:\/\/www.textilegence.com\/en\/wp-json\/wp\/v2\/tags?post=61842"}],"curies":[{"name":"wp","href":"https:\/\/api.w.org\/{rel}","templated":true}]}}