{"id":61971,"date":"2025-05-05T14:52:10","date_gmt":"2025-05-05T11:52:10","guid":{"rendered":"http:\/\/www.textilegence.com\/?p=61971"},"modified":"2025-05-05T20:48:09","modified_gmt":"2025-05-05T17:48:09","slug":"unfair-trade-practices-undercut-the-u-s-textile-and-apparel-sector","status":"publish","type":"post","link":"https:\/\/www.textilegence.com\/en\/unfair-trade-practices-undercut-the-u-s-textile-and-apparel-sector\/","title":{"rendered":"\u201cUnfair trade practices undercut the U.S. textile and apparel sector\u201d"},"content":{"rendered":"\n<p><a href=\"https:\/\/ustr.gov\" target=\"_blank\" rel=\"noreferrer noopener\">United States Trade Representative<\/a> (USTR), in honor of National Textile Day, has called out the unfair trade practices undercutting the U.S. <a href=\"https:\/\/www.textilegence.com\/en\/category\/topical\/\" target=\"_blank\" rel=\"noreferrer noopener\">textile<\/a> and apparel sector. USTR said\u00a0 that China\u2019s non-market policies and practices in the textiles and apparel sector provide unfair competitive advantages to its domestic manufacturers by enabling them to charge artificially low prices for their products. \u201cU.S. textile and apparel manufacturers have been negatively impacted with 28 U.S. plants closing in the past 22 months\u201d they disclosed and shared a thread on their official X account@:\u00a0<\/p>\n\n\n\n<p>\u201cBy mandating onerous eco-design requirements under the EU Strategy for Sustainable and Circular Textiles, steep extended producer responsibility fees, and the rollout of digital product passports with unrealistic implementation timelines, the EU has effectively imposed new non-tariff barriers that saddle U.S. exporters with burdensome compliance costs.&nbsp;<\/p>\n\n\n\n<p>The United States imported $79.3 billion worth of apparel in 2024, 21% of which came from China.&nbsp;&nbsp;<\/p>\n\n\n\n<p>Chinese e-commerce companies accounted for over 30% of all daily de minimis shipments into the United States, flooding our market with cheap apparel products while bypassing tariffs and evading trade enforcement mechanisms.&nbsp;<\/p>\n\n\n\n<p>The influx of cheap apparel has decimated local industries, particularly in the Southeast United States.&nbsp;<\/p>\n\n\n\n<h2 class=\"wp-block-heading\" id=\"h-ustr-listed-the-unfair-practices-of-other-countries-one-by-one\"><strong>USTR listed the \u201cunfair practices\u201d of other countries one by one<\/strong><\/h2>\n\n\n\n<p>The post series continued by explaining how US producers have been disadvantaged in the global market as a result of the practices of other countries:&nbsp;<\/p>\n\n\n\n<p>India\u2019s textile industry benefits from high tariffs, opaque quality control rules, and a web of unpredictable import licensing requirements that disadvantage U.S. exporters.&nbsp;<\/p>\n\n\n\n<p>Meanwhile, India\u2019s export promotion schemes and production-linked incentives provide Indian manufacturers with a competitive edge, creating an uneven playing field for U.S. textile and apparel manufacturers.&nbsp;<\/p>\n\n\n<div class=\"wp-block-image\">\n<figure class=\"aligncenter size-full\"><img loading=\"lazy\" decoding=\"async\" width=\"1920\" height=\"1080\" src=\"https:\/\/www.textilegence.com\/wp-content\/uploads\/2025\/05\/Haber-Gorseli-2.jpg\" alt=\"Vietnam is the second-largest apparel supplier to the United States, capturing 15.15% of the U.S. textile and apparel import market\u2014second only to China, but rapidly climbing.\u00a0Behind this surge are aggressive state-backed industrial policies and the prevalence of cheap, forced labor.   Image Source: Freepik \/ wirestock\" class=\"wp-image-61969\" srcset=\"https:\/\/www.textilegence.com\/wp-content\/uploads\/2025\/05\/Haber-Gorseli-2.jpg 1920w, https:\/\/www.textilegence.com\/wp-content\/uploads\/2025\/05\/Haber-Gorseli-2-768x432.jpg 768w, https:\/\/www.textilegence.com\/wp-content\/uploads\/2025\/05\/Haber-Gorseli-2-1536x864.jpg 1536w, https:\/\/www.textilegence.com\/wp-content\/uploads\/2025\/05\/Haber-Gorseli-2-300x169.jpg 300w, https:\/\/www.textilegence.com\/wp-content\/uploads\/2025\/05\/Haber-Gorseli-2-600x338.jpg 600w, https:\/\/www.textilegence.com\/wp-content\/uploads\/2025\/05\/Haber-Gorseli-2-696x392.jpg 696w, https:\/\/www.textilegence.com\/wp-content\/uploads\/2025\/05\/Haber-Gorseli-2-1068x601.jpg 1068w\" sizes=\"auto, (max-width: 1920px) 100vw, 1920px\" \/><figcaption class=\"wp-element-caption\">Vietnam is the second-largest apparel supplier to the United States, capturing 15.15% of the U.S. textile and apparel import market\u2014second only to China, but rapidly climbing.\u00a0Behind this surge are aggressive state-backed industrial policies and the prevalence of cheap, forced labor.   Image Source: Freepik \/ wirestock<\/figcaption><\/figure>\n<\/div>\n\n\n<p>Vietnam is the second-largest apparel supplier to the United States, capturing 15.15% of the U.S. textile and apparel import market\u2014second only to China, but rapidly climbing.&nbsp;<\/p>\n\n\n\n<p>Behind this surge are aggressive state-backed industrial policies and the prevalence of cheap, forced labor\u2014Vietnamese textile and garment workers are only paid about $300 per month.&nbsp;<\/p>\n\n\n\n<p>Kenya applies a 35% tariff on U.S. exports of secondhand clothing and many textile products are classified as \u201csensitive items\u201d under the East African Community, some of which are subject to a 50% tariff.&nbsp;&nbsp;<\/p>\n\n\n\n<p>These unfair practices significantly impact U.S. exporters who have limited access to Africa\u2019s largest market for secondhand clothing. Meanwhile, China became the largest secondhand clothing supplier to Kenya in 2023, exporting nearly 5 times the value of U.S. exports to Kenya.&nbsp;<\/p>\n\n\n\n<p>Exploitative labor conditions persist in Cambodia, specifically in the textile industry.&nbsp;<\/p>\n\n\n\n<p>These unfair trade practices artificially suppress labor costs, giving certain Cambodian goods and services an unfair advantage in the U.S. market and in third markets. In 2024, the U.S. imported $3.8 billion in textiles from Cambodia.&nbsp;<\/p>\n\n\n\n<p>The U.S. is facing an unprecedented surge of direct imports of cotton swabs, cotton rounds, cotton balls, and cotton squares from T\u00fcrkiye.&nbsp;<\/p>\n\n\n\n<p>The Turkish lira has devalued by 77.5% in the last five years, making Turkish exports significantly cheaper, despite no change in real production costs.&nbsp;<\/p>\n\n\n\n<p>Bangladesh\u2019s ready-made garment sector continues to be marked by pervasive labor rights violations, including insufficient fines for labor violations, poverty wages, 14-16 hour shifts in unsafe factories, and systemic anti-union discrimination. Moreover, garment workers in Bangladesh are only paid about $113 per month.&nbsp;<\/p>\n\n\n\n<p>These unfair practices underpin ultra-cheap garment imports that undercut U.S. textile and apparel manufacturers.&nbsp;<\/p>\n\n\n\n<p>In Peru, there are significant concerns with respect to freedom of association and collective bargaining in certain sectors, including in the textiles and apparel sector.&nbsp;<\/p>\n\n\n\n<p>These unfair trade practices artificially suppress labor costs, giving certain goods and services from Peru an unfair advantage in the U.S. market.\u201d&nbsp;<\/p>\n","protected":false},"excerpt":{"rendered":"<p>United States Trade Representative (USTR), in honor of National Textile Day, has called out the unfair trade practices undercutting the U.S. textile and apparel sector. USTR said\u00a0 that China\u2019s non-market policies and practices in the textiles and apparel sector provide unfair competitive advantages to its domestic manufacturers by enabling them to charge artificially low prices [&hellip;]<\/p>\n","protected":false},"author":26,"featured_media":61967,"comment_status":"closed","ping_status":"closed","sticky":false,"template":"","format":"standard","meta":{"footnotes":""},"categories":[9859],"tags":[11058,11799,10369,12450,10573],"class_list":{"0":"post-61971","1":"post","2":"type-post","3":"status-publish","4":"format-standard","5":"has-post-thumbnail","7":"category-topical","8":"tag-china-en","9":"tag-exports-en","10":"tag-textile-news-en","11":"tag-topical","12":"tag-usa-en"},"yoast_head":"<!-- This site is optimized with the Yoast SEO Premium plugin v27.3 (Yoast SEO v27.3) - https:\/\/yoast.com\/product\/yoast-seo-premium-wordpress\/ -->\n<title>\u201cUnfair trade practices undercut the U.S. textile and apparel sector\u201d - Textilegence<\/title>\n<meta name=\"description\" content=\"United States Trade Representative (USTR), has called out the unfair trade practices undercutting the U.S. textile and...\" \/>\n<meta name=\"robots\" content=\"index, follow, max-snippet:-1, max-image-preview:large, max-video-preview:-1\" \/>\n<link rel=\"canonical\" href=\"https:\/\/www.textilegence.com\/en\/unfair-trade-practices-undercut-the-u-s-textile-and-apparel-sector\/\" \/>\n<meta property=\"og:locale\" content=\"en_US\" \/>\n<meta property=\"og:type\" content=\"article\" \/>\n<meta property=\"og:title\" content=\"\u201cUnfair trade practices undercut the U.S. textile and apparel sector\u201d\" \/>\n<meta property=\"og:description\" content=\"United States Trade Representative (USTR), in honor of National Textile Day, has called out the unfair trade practices undercutting the U.S. textile and\" \/>\n<meta property=\"og:url\" content=\"https:\/\/www.textilegence.com\/en\/unfair-trade-practices-undercut-the-u-s-textile-and-apparel-sector\/\" \/>\n<meta property=\"og:site_name\" content=\"Textilegence Magazine and Digital Platform\" \/>\n<meta property=\"article:publisher\" content=\"https:\/\/www.facebook.com\/TextilegenceMagazine\" \/>\n<meta property=\"article:author\" content=\"https:\/\/www.facebook.com\/TextilegenceMagazine\" \/>\n<meta property=\"article:published_time\" content=\"2025-05-05T11:52:10+00:00\" \/>\n<meta property=\"article:modified_time\" content=\"2025-05-05T17:48:09+00:00\" \/>\n<meta property=\"og:image\" content=\"https:\/\/www.textilegence.com\/wp-content\/uploads\/2025\/05\/Haber-Gorseli-1.jpg\" \/>\n\t<meta property=\"og:image:width\" content=\"1920\" \/>\n\t<meta property=\"og:image:height\" content=\"1080\" \/>\n\t<meta property=\"og:image:type\" content=\"image\/jpeg\" \/>\n<meta name=\"author\" content=\"Ya\u011fmur Melis \u015eim\u015fek\" \/>\n<meta name=\"twitter:card\" content=\"summary_large_image\" \/>\n<meta name=\"twitter:creator\" content=\"@https:\/\/twitter.com\/textilegence\" \/>\n<meta name=\"twitter:site\" content=\"@textilegence\" \/>\n<meta name=\"twitter:label1\" content=\"Written by\" \/>\n\t<meta name=\"twitter:data1\" content=\"Ya\u011fmur Melis \u015eim\u015fek\" \/>\n\t<meta name=\"twitter:label2\" content=\"Est. reading time\" \/>\n\t<meta name=\"twitter:data2\" content=\"1 minute\" \/>\n<script type=\"application\/ld+json\" class=\"yoast-schema-graph\">{\"@context\":\"https:\\\/\\\/schema.org\",\"@graph\":[{\"@type\":\"NewsArticle\",\"@id\":\"https:\\\/\\\/www.textilegence.com\\\/en\\\/unfair-trade-practices-undercut-the-u-s-textile-and-apparel-sector\\\/#article\",\"isPartOf\":{\"@id\":\"https:\\\/\\\/www.textilegence.com\\\/en\\\/unfair-trade-practices-undercut-the-u-s-textile-and-apparel-sector\\\/\"},\"author\":{\"name\":\"Ya\u011fmur Melis \u015eim\u015fek\",\"@id\":\"https:\\\/\\\/www.textilegence.com\\\/en\\\/#\\\/schema\\\/person\\\/cfa6baf17f0478131c673c93a9b88ef3\"},\"headline\":\"\u201cUnfair trade practices undercut the U.S. textile and apparel sector\u201d\",\"datePublished\":\"2025-05-05T11:52:10+00:00\",\"dateModified\":\"2025-05-05T17:48:09+00:00\",\"mainEntityOfPage\":{\"@id\":\"https:\\\/\\\/www.textilegence.com\\\/en\\\/unfair-trade-practices-undercut-the-u-s-textile-and-apparel-sector\\\/\"},\"wordCount\":692,\"publisher\":{\"@id\":\"https:\\\/\\\/www.textilegence.com\\\/en\\\/#organization\"},\"image\":{\"@id\":\"https:\\\/\\\/www.textilegence.com\\\/en\\\/unfair-trade-practices-undercut-the-u-s-textile-and-apparel-sector\\\/#primaryimage\"},\"thumbnailUrl\":\"https:\\\/\\\/www.textilegence.com\\\/wp-content\\\/uploads\\\/2025\\\/05\\\/Haber-Gorseli-1.jpg\",\"keywords\":[\"china\",\"exports\",\"textile news\",\"topical\",\"usa\"],\"articleSection\":[\"Topical\"],\"inLanguage\":\"en-US\"},{\"@type\":\"WebPage\",\"@id\":\"https:\\\/\\\/www.textilegence.com\\\/en\\\/unfair-trade-practices-undercut-the-u-s-textile-and-apparel-sector\\\/\",\"url\":\"https:\\\/\\\/www.textilegence.com\\\/en\\\/unfair-trade-practices-undercut-the-u-s-textile-and-apparel-sector\\\/\",\"name\":\"\u201cUnfair trade practices undercut the U.S. textile and apparel sector\u201d - Textilegence\",\"isPartOf\":{\"@id\":\"https:\\\/\\\/www.textilegence.com\\\/en\\\/#website\"},\"primaryImageOfPage\":{\"@id\":\"https:\\\/\\\/www.textilegence.com\\\/en\\\/unfair-trade-practices-undercut-the-u-s-textile-and-apparel-sector\\\/#primaryimage\"},\"image\":{\"@id\":\"https:\\\/\\\/www.textilegence.com\\\/en\\\/unfair-trade-practices-undercut-the-u-s-textile-and-apparel-sector\\\/#primaryimage\"},\"thumbnailUrl\":\"https:\\\/\\\/www.textilegence.com\\\/wp-content\\\/uploads\\\/2025\\\/05\\\/Haber-Gorseli-1.jpg\",\"datePublished\":\"2025-05-05T11:52:10+00:00\",\"dateModified\":\"2025-05-05T17:48:09+00:00\",\"description\":\"United States Trade Representative (USTR), has called out the unfair trade practices undercutting the U.S. textile and...\",\"breadcrumb\":{\"@id\":\"https:\\\/\\\/www.textilegence.com\\\/en\\\/unfair-trade-practices-undercut-the-u-s-textile-and-apparel-sector\\\/#breadcrumb\"},\"inLanguage\":\"en-US\",\"potentialAction\":[{\"@type\":\"ReadAction\",\"target\":[\"https:\\\/\\\/www.textilegence.com\\\/en\\\/unfair-trade-practices-undercut-the-u-s-textile-and-apparel-sector\\\/\"]}]},{\"@type\":\"ImageObject\",\"inLanguage\":\"en-US\",\"@id\":\"https:\\\/\\\/www.textilegence.com\\\/en\\\/unfair-trade-practices-undercut-the-u-s-textile-and-apparel-sector\\\/#primaryimage\",\"url\":\"https:\\\/\\\/www.textilegence.com\\\/wp-content\\\/uploads\\\/2025\\\/05\\\/Haber-Gorseli-1.jpg\",\"contentUrl\":\"https:\\\/\\\/www.textilegence.com\\\/wp-content\\\/uploads\\\/2025\\\/05\\\/Haber-Gorseli-1.jpg\",\"width\":1920,\"height\":1080,\"caption\":\"United States Trade Representative (USTR) argued that unfair trade practices have negatively affected U.S. textile and apparel manufacturers. They announced that 28 plants have closed in the U.S. textile and apparel industry in the last 22 months. Image Source: Freepik\"},{\"@type\":\"BreadcrumbList\",\"@id\":\"https:\\\/\\\/www.textilegence.com\\\/en\\\/unfair-trade-practices-undercut-the-u-s-textile-and-apparel-sector\\\/#breadcrumb\",\"itemListElement\":[{\"@type\":\"ListItem\",\"position\":1,\"name\":\"Home Page\",\"item\":\"https:\\\/\\\/www.textilegence.com\\\/en\\\/homepage-the-rimont\\\/\"},{\"@type\":\"ListItem\",\"position\":2,\"name\":\"Topical\",\"item\":\"https:\\\/\\\/www.textilegence.com\\\/en\\\/category\\\/topical\\\/\"},{\"@type\":\"ListItem\",\"position\":3,\"name\":\"\u201cUnfair trade practices undercut the U.S. textile and apparel sector\u201d\"}]},{\"@type\":\"WebSite\",\"@id\":\"https:\\\/\\\/www.textilegence.com\\\/en\\\/#website\",\"url\":\"https:\\\/\\\/www.textilegence.com\\\/en\\\/\",\"name\":\"Textilegence Magazine and Digital Platform\",\"description\":\"Textile News Center\",\"publisher\":{\"@id\":\"https:\\\/\\\/www.textilegence.com\\\/en\\\/#organization\"},\"potentialAction\":[{\"@type\":\"SearchAction\",\"target\":{\"@type\":\"EntryPoint\",\"urlTemplate\":\"https:\\\/\\\/www.textilegence.com\\\/en\\\/?s={search_term_string}\"},\"query-input\":{\"@type\":\"PropertyValueSpecification\",\"valueRequired\":true,\"valueName\":\"search_term_string\"}}],\"inLanguage\":\"en-US\"},{\"@type\":\"Organization\",\"@id\":\"https:\\\/\\\/www.textilegence.com\\\/en\\\/#organization\",\"name\":\"Textilegence Magazine and Digital Platform\",\"url\":\"https:\\\/\\\/www.textilegence.com\\\/en\\\/\",\"logo\":{\"@type\":\"ImageObject\",\"inLanguage\":\"en-US\",\"@id\":\"https:\\\/\\\/www.textilegence.com\\\/en\\\/#\\\/schema\\\/logo\\\/image\\\/\",\"url\":\"https:\\\/\\\/www.textilegence.com\\\/wp-content\\\/uploads\\\/2016\\\/11\\\/New_Retina_Logo_Textilegence.png\",\"contentUrl\":\"https:\\\/\\\/www.textilegence.com\\\/wp-content\\\/uploads\\\/2016\\\/11\\\/New_Retina_Logo_Textilegence.png\",\"width\":544,\"height\":180,\"caption\":\"Textilegence Magazine and Digital Platform\"},\"image\":{\"@id\":\"https:\\\/\\\/www.textilegence.com\\\/en\\\/#\\\/schema\\\/logo\\\/image\\\/\"},\"sameAs\":[\"https:\\\/\\\/www.facebook.com\\\/TextilegenceMagazine\",\"https:\\\/\\\/x.com\\\/textilegence\",\"https:\\\/\\\/www.instagram.com\\\/textilegence\\\/\",\"https:\\\/\\\/www.linkedin.com\\\/groups\\\/Textilegence-Magazine-Digital-Platform-4897253\",\"https:\\\/\\\/www.youtube.com\\\/user\\\/textilegence\"],\"description\":\"Textilegence is a magazine and digital platform established in 2013. It focuses on the textile industry and sub-segments. The platform provides news, articles, and updates on various aspects of the textile industry, including sustainability, technological advancements, and market trends.\",\"email\":\"editor@textilegence.com\",\"telephone\":\"+90 212 442 24 12\",\"legalName\":\"Textilegence Mag and Digital Platform\",\"foundingDate\":\"2013-01-01\",\"numberOfEmployees\":{\"@type\":\"QuantitativeValue\",\"minValue\":\"1\",\"maxValue\":\"10\"}},{\"@type\":\"Person\",\"@id\":\"https:\\\/\\\/www.textilegence.com\\\/en\\\/#\\\/schema\\\/person\\\/cfa6baf17f0478131c673c93a9b88ef3\",\"name\":\"Ya\u011fmur Melis \u015eim\u015fek\",\"image\":{\"@type\":\"ImageObject\",\"inLanguage\":\"en-US\",\"@id\":\"https:\\\/\\\/www.textilegence.com\\\/wp-content\\\/uploads\\\/2022\\\/03\\\/Yagmur_photo1.jpg\",\"url\":\"https:\\\/\\\/www.textilegence.com\\\/wp-content\\\/uploads\\\/2022\\\/03\\\/Yagmur_photo1.jpg\",\"contentUrl\":\"https:\\\/\\\/www.textilegence.com\\\/wp-content\\\/uploads\\\/2022\\\/03\\\/Yagmur_photo1.jpg\",\"caption\":\"Ya\u011fmur Melis \u015eim\u015fek\"},\"description\":\"Ya\u011fmur Melis \u015eim\u015fek, Saint-Beno\u00eet Frans\u0131z Lisesi\u2019nde e\u011fitim g\u00f6rm\u00fc\u015f, ard\u0131ndan Anadolu \u00dcniversitesi\u2019nde iki y\u0131ll\u0131k Foto\u011fraf\u00e7\u0131l\u0131k B\u00f6l\u00fcm\u00fc\u2019n\u00fc tamamlam\u0131\u015ft\u0131r. Daha sonra lisans e\u011fitimini \u0130stanbul \u00dcniversitesi Gazetecilik B\u00f6l\u00fcm\u00fc\u2019nde s\u00fcrd\u00fcrm\u00fc\u015f, mezuniyetin ard\u0131ndan ise 2017 y\u0131l\u0131nda i\u015f hayat\u0131na at\u0131lm\u0131\u015ft\u0131r. Pek \u00e7ok farkl\u0131 projede, foto\u011fraf\u00e7\u0131l\u0131k ve grafik tasar\u0131mc\u0131l\u0131\u011f\u0131n yan\u0131 s\u0131ra teknoloji alan\u0131nda i\u00e7erik ve haber yazarl\u0131\u011f\u0131 gibi \u00e7e\u015fitli pozisyonlarda yer alan \u015eim\u015fek, 2021 y\u0131l\u0131ndan bu yana Textilegence\u2019da d\u0131\u015f haberlerde yard\u0131mc\u0131 edit\u00f6r olarak g\u00f6rev yapmaktad\u0131r.\",\"sameAs\":[\"https:\\\/\\\/www.textilegence.com\\\/\",\"https:\\\/\\\/www.facebook.com\\\/TextilegenceMagazine\",\"https:\\\/\\\/www.instagram.com\\\/textilegence\\\/\",\"https:\\\/\\\/www.linkedin.com\\\/company\\\/2985016\",\"https:\\\/\\\/x.com\\\/https:\\\/\\\/twitter.com\\\/textilegence\",\"https:\\\/\\\/www.youtube.com\\\/channel\\\/UCgtcny5ljhiXu-yvOiAlpRA\"],\"url\":\"https:\\\/\\\/www.textilegence.com\\\/en\\\/author\\\/yms\\\/\"}]}<\/script>\n<!-- \/ Yoast SEO Premium plugin. -->","yoast_head_json":{"title":"\u201cUnfair trade practices undercut the U.S. textile and apparel sector\u201d - Textilegence","description":"United States Trade Representative (USTR), has called out the unfair trade practices undercutting the U.S. textile and...","robots":{"index":"index","follow":"follow","max-snippet":"max-snippet:-1","max-image-preview":"max-image-preview:large","max-video-preview":"max-video-preview:-1"},"canonical":"https:\/\/www.textilegence.com\/en\/unfair-trade-practices-undercut-the-u-s-textile-and-apparel-sector\/","og_locale":"en_US","og_type":"article","og_title":"\u201cUnfair trade practices undercut the U.S. textile and apparel sector\u201d","og_description":"United States Trade Representative (USTR), in honor of National Textile Day, has called out the unfair trade practices undercutting the U.S. textile and","og_url":"https:\/\/www.textilegence.com\/en\/unfair-trade-practices-undercut-the-u-s-textile-and-apparel-sector\/","og_site_name":"Textilegence Magazine and Digital Platform","article_publisher":"https:\/\/www.facebook.com\/TextilegenceMagazine","article_author":"https:\/\/www.facebook.com\/TextilegenceMagazine","article_published_time":"2025-05-05T11:52:10+00:00","article_modified_time":"2025-05-05T17:48:09+00:00","og_image":[{"width":1920,"height":1080,"url":"https:\/\/www.textilegence.com\/wp-content\/uploads\/2025\/05\/Haber-Gorseli-1.jpg","type":"image\/jpeg"}],"author":"Ya\u011fmur Melis \u015eim\u015fek","twitter_card":"summary_large_image","twitter_creator":"@https:\/\/twitter.com\/textilegence","twitter_site":"@textilegence","twitter_misc":{"Written by":"Ya\u011fmur Melis \u015eim\u015fek","Est. reading time":"1 minute"},"schema":{"@context":"https:\/\/schema.org","@graph":[{"@type":"NewsArticle","@id":"https:\/\/www.textilegence.com\/en\/unfair-trade-practices-undercut-the-u-s-textile-and-apparel-sector\/#article","isPartOf":{"@id":"https:\/\/www.textilegence.com\/en\/unfair-trade-practices-undercut-the-u-s-textile-and-apparel-sector\/"},"author":{"name":"Ya\u011fmur Melis \u015eim\u015fek","@id":"https:\/\/www.textilegence.com\/en\/#\/schema\/person\/cfa6baf17f0478131c673c93a9b88ef3"},"headline":"\u201cUnfair trade practices undercut the U.S. textile and apparel sector\u201d","datePublished":"2025-05-05T11:52:10+00:00","dateModified":"2025-05-05T17:48:09+00:00","mainEntityOfPage":{"@id":"https:\/\/www.textilegence.com\/en\/unfair-trade-practices-undercut-the-u-s-textile-and-apparel-sector\/"},"wordCount":692,"publisher":{"@id":"https:\/\/www.textilegence.com\/en\/#organization"},"image":{"@id":"https:\/\/www.textilegence.com\/en\/unfair-trade-practices-undercut-the-u-s-textile-and-apparel-sector\/#primaryimage"},"thumbnailUrl":"https:\/\/www.textilegence.com\/wp-content\/uploads\/2025\/05\/Haber-Gorseli-1.jpg","keywords":["china","exports","textile news","topical","usa"],"articleSection":["Topical"],"inLanguage":"en-US"},{"@type":"WebPage","@id":"https:\/\/www.textilegence.com\/en\/unfair-trade-practices-undercut-the-u-s-textile-and-apparel-sector\/","url":"https:\/\/www.textilegence.com\/en\/unfair-trade-practices-undercut-the-u-s-textile-and-apparel-sector\/","name":"\u201cUnfair trade practices undercut the U.S. textile and apparel sector\u201d - Textilegence","isPartOf":{"@id":"https:\/\/www.textilegence.com\/en\/#website"},"primaryImageOfPage":{"@id":"https:\/\/www.textilegence.com\/en\/unfair-trade-practices-undercut-the-u-s-textile-and-apparel-sector\/#primaryimage"},"image":{"@id":"https:\/\/www.textilegence.com\/en\/unfair-trade-practices-undercut-the-u-s-textile-and-apparel-sector\/#primaryimage"},"thumbnailUrl":"https:\/\/www.textilegence.com\/wp-content\/uploads\/2025\/05\/Haber-Gorseli-1.jpg","datePublished":"2025-05-05T11:52:10+00:00","dateModified":"2025-05-05T17:48:09+00:00","description":"United States Trade Representative (USTR), has called out the unfair trade practices undercutting the U.S. textile and...","breadcrumb":{"@id":"https:\/\/www.textilegence.com\/en\/unfair-trade-practices-undercut-the-u-s-textile-and-apparel-sector\/#breadcrumb"},"inLanguage":"en-US","potentialAction":[{"@type":"ReadAction","target":["https:\/\/www.textilegence.com\/en\/unfair-trade-practices-undercut-the-u-s-textile-and-apparel-sector\/"]}]},{"@type":"ImageObject","inLanguage":"en-US","@id":"https:\/\/www.textilegence.com\/en\/unfair-trade-practices-undercut-the-u-s-textile-and-apparel-sector\/#primaryimage","url":"https:\/\/www.textilegence.com\/wp-content\/uploads\/2025\/05\/Haber-Gorseli-1.jpg","contentUrl":"https:\/\/www.textilegence.com\/wp-content\/uploads\/2025\/05\/Haber-Gorseli-1.jpg","width":1920,"height":1080,"caption":"United States Trade Representative (USTR) argued that unfair trade practices have negatively affected U.S. textile and apparel manufacturers. They announced that 28 plants have closed in the U.S. textile and apparel industry in the last 22 months. Image Source: Freepik"},{"@type":"BreadcrumbList","@id":"https:\/\/www.textilegence.com\/en\/unfair-trade-practices-undercut-the-u-s-textile-and-apparel-sector\/#breadcrumb","itemListElement":[{"@type":"ListItem","position":1,"name":"Home Page","item":"https:\/\/www.textilegence.com\/en\/homepage-the-rimont\/"},{"@type":"ListItem","position":2,"name":"Topical","item":"https:\/\/www.textilegence.com\/en\/category\/topical\/"},{"@type":"ListItem","position":3,"name":"\u201cUnfair trade practices undercut the U.S. textile and apparel sector\u201d"}]},{"@type":"WebSite","@id":"https:\/\/www.textilegence.com\/en\/#website","url":"https:\/\/www.textilegence.com\/en\/","name":"Textilegence Magazine and Digital Platform","description":"Textile News Center","publisher":{"@id":"https:\/\/www.textilegence.com\/en\/#organization"},"potentialAction":[{"@type":"SearchAction","target":{"@type":"EntryPoint","urlTemplate":"https:\/\/www.textilegence.com\/en\/?s={search_term_string}"},"query-input":{"@type":"PropertyValueSpecification","valueRequired":true,"valueName":"search_term_string"}}],"inLanguage":"en-US"},{"@type":"Organization","@id":"https:\/\/www.textilegence.com\/en\/#organization","name":"Textilegence Magazine and Digital Platform","url":"https:\/\/www.textilegence.com\/en\/","logo":{"@type":"ImageObject","inLanguage":"en-US","@id":"https:\/\/www.textilegence.com\/en\/#\/schema\/logo\/image\/","url":"https:\/\/www.textilegence.com\/wp-content\/uploads\/2016\/11\/New_Retina_Logo_Textilegence.png","contentUrl":"https:\/\/www.textilegence.com\/wp-content\/uploads\/2016\/11\/New_Retina_Logo_Textilegence.png","width":544,"height":180,"caption":"Textilegence Magazine and Digital Platform"},"image":{"@id":"https:\/\/www.textilegence.com\/en\/#\/schema\/logo\/image\/"},"sameAs":["https:\/\/www.facebook.com\/TextilegenceMagazine","https:\/\/x.com\/textilegence","https:\/\/www.instagram.com\/textilegence\/","https:\/\/www.linkedin.com\/groups\/Textilegence-Magazine-Digital-Platform-4897253","https:\/\/www.youtube.com\/user\/textilegence"],"description":"Textilegence is a magazine and digital platform established in 2013. It focuses on the textile industry and sub-segments. The platform provides news, articles, and updates on various aspects of the textile industry, including sustainability, technological advancements, and market trends.","email":"editor@textilegence.com","telephone":"+90 212 442 24 12","legalName":"Textilegence Mag and Digital Platform","foundingDate":"2013-01-01","numberOfEmployees":{"@type":"QuantitativeValue","minValue":"1","maxValue":"10"}},{"@type":"Person","@id":"https:\/\/www.textilegence.com\/en\/#\/schema\/person\/cfa6baf17f0478131c673c93a9b88ef3","name":"Ya\u011fmur Melis \u015eim\u015fek","image":{"@type":"ImageObject","inLanguage":"en-US","@id":"https:\/\/www.textilegence.com\/wp-content\/uploads\/2022\/03\/Yagmur_photo1.jpg","url":"https:\/\/www.textilegence.com\/wp-content\/uploads\/2022\/03\/Yagmur_photo1.jpg","contentUrl":"https:\/\/www.textilegence.com\/wp-content\/uploads\/2022\/03\/Yagmur_photo1.jpg","caption":"Ya\u011fmur Melis \u015eim\u015fek"},"description":"Ya\u011fmur Melis \u015eim\u015fek, Saint-Beno\u00eet Frans\u0131z Lisesi\u2019nde e\u011fitim g\u00f6rm\u00fc\u015f, ard\u0131ndan Anadolu \u00dcniversitesi\u2019nde iki y\u0131ll\u0131k Foto\u011fraf\u00e7\u0131l\u0131k B\u00f6l\u00fcm\u00fc\u2019n\u00fc tamamlam\u0131\u015ft\u0131r. Daha sonra lisans e\u011fitimini \u0130stanbul \u00dcniversitesi Gazetecilik B\u00f6l\u00fcm\u00fc\u2019nde s\u00fcrd\u00fcrm\u00fc\u015f, mezuniyetin ard\u0131ndan ise 2017 y\u0131l\u0131nda i\u015f hayat\u0131na at\u0131lm\u0131\u015ft\u0131r. Pek \u00e7ok farkl\u0131 projede, foto\u011fraf\u00e7\u0131l\u0131k ve grafik tasar\u0131mc\u0131l\u0131\u011f\u0131n yan\u0131 s\u0131ra teknoloji alan\u0131nda i\u00e7erik ve haber yazarl\u0131\u011f\u0131 gibi \u00e7e\u015fitli pozisyonlarda yer alan \u015eim\u015fek, 2021 y\u0131l\u0131ndan bu yana Textilegence\u2019da d\u0131\u015f haberlerde yard\u0131mc\u0131 edit\u00f6r olarak g\u00f6rev yapmaktad\u0131r.","sameAs":["https:\/\/www.textilegence.com\/","https:\/\/www.facebook.com\/TextilegenceMagazine","https:\/\/www.instagram.com\/textilegence\/","https:\/\/www.linkedin.com\/company\/2985016","https:\/\/x.com\/https:\/\/twitter.com\/textilegence","https:\/\/www.youtube.com\/channel\/UCgtcny5ljhiXu-yvOiAlpRA"],"url":"https:\/\/www.textilegence.com\/en\/author\/yms\/"}]}},"_links":{"self":[{"href":"https:\/\/www.textilegence.com\/en\/wp-json\/wp\/v2\/posts\/61971","targetHints":{"allow":["GET"]}}],"collection":[{"href":"https:\/\/www.textilegence.com\/en\/wp-json\/wp\/v2\/posts"}],"about":[{"href":"https:\/\/www.textilegence.com\/en\/wp-json\/wp\/v2\/types\/post"}],"author":[{"embeddable":true,"href":"https:\/\/www.textilegence.com\/en\/wp-json\/wp\/v2\/users\/26"}],"replies":[{"embeddable":true,"href":"https:\/\/www.textilegence.com\/en\/wp-json\/wp\/v2\/comments?post=61971"}],"version-history":[{"count":0,"href":"https:\/\/www.textilegence.com\/en\/wp-json\/wp\/v2\/posts\/61971\/revisions"}],"wp:featuredmedia":[{"embeddable":true,"href":"https:\/\/www.textilegence.com\/en\/wp-json\/wp\/v2\/media\/61967"}],"wp:attachment":[{"href":"https:\/\/www.textilegence.com\/en\/wp-json\/wp\/v2\/media?parent=61971"}],"wp:term":[{"taxonomy":"category","embeddable":true,"href":"https:\/\/www.textilegence.com\/en\/wp-json\/wp\/v2\/categories?post=61971"},{"taxonomy":"post_tag","embeddable":true,"href":"https:\/\/www.textilegence.com\/en\/wp-json\/wp\/v2\/tags?post=61971"}],"curies":[{"name":"wp","href":"https:\/\/api.w.org\/{rel}","templated":true}]}}