{"id":62093,"date":"2025-05-07T14:15:00","date_gmt":"2025-05-07T11:15:00","guid":{"rendered":"http:\/\/www.textilegence.com\/?p=62093"},"modified":"2025-05-27T14:29:42","modified_gmt":"2025-05-27T11:29:42","slug":"trutzschler-india-moves-operations-to-new-state-of-the-art-facility-in-sanand","status":"publish","type":"post","link":"https:\/\/www.textilegence.com\/en\/trutzschler-india-moves-operations-to-new-state-of-the-art-facility-in-sanand\/","title":{"rendered":"Tr\u00fctzschler India moves operations to new state-of-the-art facility in Sanand"},"content":{"rendered":"\n<p>Tr\u00fctzschler India celebrated the grand opening of its state-of-the-art manufacturing plant in Sanand, near Ahmedabad, Gujarat. This strategic relocation from the previous Ahmedabad site to the new facility is set to enhance operational efficiency, sustainability, and innovation.<\/p>\n\n\n\n<p>In the celebration, the Tr\u00fctzschler and Sch\u00fcrenkr\u00e4mer families and the Tr\u00fctzschler <a href=\"https:\/\/www.truetzschler.com\/en\/\" target=\"_blank\" rel=\"noreferrer noopener\">Group<\/a> management team, alongside Tr\u00fctzschler India CEO Joseph Thomson, warmly welcomed a distinguished group of guests, including Shri Bhupendra Bhai Patel, Chief Minister of Gujarat, Achim Fabig, Consulate General of Germany in India and Shri Parshottam Ji Rupala, Member of Parliament. In addition, many of Tr\u00fctzschler\u2019s customers, long-time partners and dedicated colleagues joined the celebration for a day of inspiring speeches, networking and a lively cultural program.<\/p>\n\n\n\n<h2 class=\"wp-block-heading\" id=\"h-the-new-facility-adheres-to-high-environmental-standards\"><strong>The new facility <\/strong><strong>adheres to high environmental standards<\/strong><\/h2>\n\n\n\n<p>The new Sanand facility spans 164,000 square meters, with a built-up area of 72,000 square meters, and employs over 1,000 people. This pioneering plant is designed to serve both Indian and global markets, driving continued growth and innovation in the production of <a href=\"https:\/\/www.textilegence.com\/en\/category\/spinning\/\" target=\"_blank\" rel=\"noreferrer noopener\">spinning<\/a> preparation machines, card clothing, and nonwoven equipment. Built with a focus on sustainability, the facility adheres to high environmental standards, including ISO 9001:2008, ISO 14001:2015, and ISO 50001:2018 certifications. It also aims to achieve a gold rating from the Indian Green Building Council. Key features of the plant include solar energy systems, rainwater collection, electric vehicle charging points, and AI-powered process optimization.<\/p>\n\n\n<div class=\"wp-block-image\">\n<figure class=\"aligncenter size-full\"><img loading=\"lazy\" decoding=\"async\" width=\"1920\" height=\"1080\" src=\"https:\/\/www.textilegence.com\/wp-content\/uploads\/2025\/05\/Truetzschler_2.jpg\" alt=\"In the celebration, the Tr\u00fctzschler and Sch\u00fcrenkr\u00e4mer families and the Tr\u00fctzschler Group management team, alongside Tr\u00fctzschler India CEO Joseph Thomson, warmly welcomed a distinguished group of guests, including Shri Bhupendra Bhai Patel, Chief Minister of Gujarat, Achim Fabig, Consulate General of Germany in India and Shri Parshottam Ji Rupala, Member of Parliament   Image Source: Truetzschler\" class=\"wp-image-62091\" srcset=\"https:\/\/www.textilegence.com\/wp-content\/uploads\/2025\/05\/Truetzschler_2.jpg 1920w, https:\/\/www.textilegence.com\/wp-content\/uploads\/2025\/05\/Truetzschler_2-768x432.jpg 768w, https:\/\/www.textilegence.com\/wp-content\/uploads\/2025\/05\/Truetzschler_2-1536x864.jpg 1536w, https:\/\/www.textilegence.com\/wp-content\/uploads\/2025\/05\/Truetzschler_2-300x169.jpg 300w, https:\/\/www.textilegence.com\/wp-content\/uploads\/2025\/05\/Truetzschler_2-600x338.jpg 600w, https:\/\/www.textilegence.com\/wp-content\/uploads\/2025\/05\/Truetzschler_2-696x392.jpg 696w, https:\/\/www.textilegence.com\/wp-content\/uploads\/2025\/05\/Truetzschler_2-1068x601.jpg 1068w\" sizes=\"auto, (max-width: 1920px) 100vw, 1920px\" \/><figcaption class=\"wp-element-caption\">In the celebration, the Tr\u00fctzschler and Sch\u00fcrenkr\u00e4mer families and the Tr\u00fctzschler Group management team, alongside Tr\u00fctzschler India CEO Joseph Thomson, warmly welcomed a distinguished group of guests, including Shri Bhupendra Bhai Patel, Chief Minister of Gujarat, Achim Fabig, Consulate General of Germany in India and Shri Parshottam Ji Rupala, Member of Parliament   Image Source: Truetzschler<\/figcaption><\/figure>\n<\/div>\n\n\n<p>Additionally, the new facility houses a modern Customer Training Center and an expanded Tr\u00fctzschler Training Academy, supporting knowledge sharing and skill development in alignment with the Skill India Mission.<\/p>\n\n\n\n<p>Joseph Thomson, CEO of Tr\u00fctzschler India, remarked, \u201cThe new Sanand plant strengthens our ability to meet the rising demand from India and global markets with technologies, processes, and sustainable standards that truly set us apart. We extend our heartfelt gratitude to everyone who contributed to realizing this vision and to all those who joined us in celebrating this milestone.\u201d<\/p>\n","protected":false},"excerpt":{"rendered":"<p>Tr\u00fctzschler India celebrated the grand opening of its state-of-the-art manufacturing plant in Sanand, near Ahmedabad, Gujarat. This strategic relocation from the previous Ahmedabad site to the new facility is set to enhance operational efficiency, sustainability, and innovation. In the celebration, the Tr\u00fctzschler and Sch\u00fcrenkr\u00e4mer families and the Tr\u00fctzschler Group management team, alongside Tr\u00fctzschler India CEO [&hellip;]<\/p>\n","protected":false},"author":26,"featured_media":62089,"comment_status":"closed","ping_status":"closed","sticky":false,"template":"","format":"standard","meta":{"footnotes":""},"categories":[9857],"tags":[9896,10369,12450,11460],"class_list":{"0":"post-62093","1":"post","2":"type-post","3":"status-publish","4":"format-standard","5":"has-post-thumbnail","7":"category-spinning","8":"tag-spinning-3","9":"tag-textile-news-en","10":"tag-topical","11":"tag-truetzschler"},"yoast_head":"<!-- This site is optimized with the Yoast SEO Premium plugin v27.3 (Yoast SEO v27.3) - https:\/\/yoast.com\/product\/yoast-seo-premium-wordpress\/ -->\n<title>Tr\u00fctzschler India moves operations to new state-of-the-art facility in Sanand - Textilegence<\/title>\n<meta name=\"description\" content=\"Tr\u00fctzschler India celebrated the grand opening of its state-of-the-art manufacturing plant in Sanand, near Ahmedabad, Gujarat. This...\" \/>\n<meta name=\"robots\" content=\"index, follow, max-snippet:-1, max-image-preview:large, max-video-preview:-1\" \/>\n<link rel=\"canonical\" href=\"https:\/\/www.textilegence.com\/en\/trutzschler-india-moves-operations-to-new-state-of-the-art-facility-in-sanand\/\" \/>\n<meta property=\"og:locale\" content=\"en_US\" \/>\n<meta property=\"og:type\" content=\"article\" \/>\n<meta property=\"og:title\" content=\"Tr\u00fctzschler India moves operations to new state-of-the-art facility in Sanand\" \/>\n<meta property=\"og:description\" content=\"Tr\u00fctzschler India celebrated the grand opening of its state-of-the-art manufacturing plant in Sanand, near Ahmedabad, Gujarat. This strategic relocation\" \/>\n<meta property=\"og:url\" content=\"https:\/\/www.textilegence.com\/en\/trutzschler-india-moves-operations-to-new-state-of-the-art-facility-in-sanand\/\" \/>\n<meta property=\"og:site_name\" content=\"Textilegence Magazine and Digital Platform\" \/>\n<meta property=\"article:publisher\" content=\"https:\/\/www.facebook.com\/TextilegenceMagazine\" \/>\n<meta property=\"article:author\" content=\"https:\/\/www.facebook.com\/TextilegenceMagazine\" \/>\n<meta property=\"article:published_time\" content=\"2025-05-07T11:15:00+00:00\" \/>\n<meta property=\"article:modified_time\" content=\"2025-05-27T11:29:42+00:00\" \/>\n<meta property=\"og:image\" content=\"https:\/\/www.textilegence.com\/wp-content\/uploads\/2025\/05\/Truetzschler_1.jpg\" \/>\n\t<meta property=\"og:image:width\" content=\"1920\" \/>\n\t<meta property=\"og:image:height\" content=\"1080\" \/>\n\t<meta property=\"og:image:type\" content=\"image\/jpeg\" \/>\n<meta name=\"author\" content=\"Ya\u011fmur Melis \u015eim\u015fek\" \/>\n<meta name=\"twitter:card\" content=\"summary_large_image\" \/>\n<meta name=\"twitter:creator\" content=\"@https:\/\/twitter.com\/textilegence\" \/>\n<meta name=\"twitter:site\" content=\"@textilegence\" \/>\n<meta name=\"twitter:label1\" content=\"Written by\" \/>\n\t<meta name=\"twitter:data1\" content=\"Ya\u011fmur Melis \u015eim\u015fek\" \/>\n\t<meta name=\"twitter:label2\" content=\"Est. reading time\" \/>\n\t<meta name=\"twitter:data2\" content=\"3 minutes\" \/>\n<script type=\"application\/ld+json\" class=\"yoast-schema-graph\">{\"@context\":\"https:\\\/\\\/schema.org\",\"@graph\":[{\"@type\":\"NewsArticle\",\"@id\":\"https:\\\/\\\/www.textilegence.com\\\/en\\\/trutzschler-india-moves-operations-to-new-state-of-the-art-facility-in-sanand\\\/#article\",\"isPartOf\":{\"@id\":\"https:\\\/\\\/www.textilegence.com\\\/en\\\/trutzschler-india-moves-operations-to-new-state-of-the-art-facility-in-sanand\\\/\"},\"author\":{\"name\":\"Ya\u011fmur Melis \u015eim\u015fek\",\"@id\":\"https:\\\/\\\/www.textilegence.com\\\/en\\\/#\\\/schema\\\/person\\\/cfa6baf17f0478131c673c93a9b88ef3\"},\"headline\":\"Tr\u00fctzschler India moves operations to new state-of-the-art facility in Sanand\",\"datePublished\":\"2025-05-07T11:15:00+00:00\",\"dateModified\":\"2025-05-27T11:29:42+00:00\",\"mainEntityOfPage\":{\"@id\":\"https:\\\/\\\/www.textilegence.com\\\/en\\\/trutzschler-india-moves-operations-to-new-state-of-the-art-facility-in-sanand\\\/\"},\"wordCount\":391,\"publisher\":{\"@id\":\"https:\\\/\\\/www.textilegence.com\\\/en\\\/#organization\"},\"image\":{\"@id\":\"https:\\\/\\\/www.textilegence.com\\\/en\\\/trutzschler-india-moves-operations-to-new-state-of-the-art-facility-in-sanand\\\/#primaryimage\"},\"thumbnailUrl\":\"https:\\\/\\\/www.textilegence.com\\\/wp-content\\\/uploads\\\/2025\\\/05\\\/Truetzschler_1.jpg\",\"keywords\":[\"spinning\",\"textile news\",\"topical\",\"truetzschler\"],\"articleSection\":[\"Spinning\"],\"inLanguage\":\"en-US\"},{\"@type\":\"WebPage\",\"@id\":\"https:\\\/\\\/www.textilegence.com\\\/en\\\/trutzschler-india-moves-operations-to-new-state-of-the-art-facility-in-sanand\\\/\",\"url\":\"https:\\\/\\\/www.textilegence.com\\\/en\\\/trutzschler-india-moves-operations-to-new-state-of-the-art-facility-in-sanand\\\/\",\"name\":\"Tr\u00fctzschler India moves operations to new state-of-the-art facility in Sanand - Textilegence\",\"isPartOf\":{\"@id\":\"https:\\\/\\\/www.textilegence.com\\\/en\\\/#website\"},\"primaryImageOfPage\":{\"@id\":\"https:\\\/\\\/www.textilegence.com\\\/en\\\/trutzschler-india-moves-operations-to-new-state-of-the-art-facility-in-sanand\\\/#primaryimage\"},\"image\":{\"@id\":\"https:\\\/\\\/www.textilegence.com\\\/en\\\/trutzschler-india-moves-operations-to-new-state-of-the-art-facility-in-sanand\\\/#primaryimage\"},\"thumbnailUrl\":\"https:\\\/\\\/www.textilegence.com\\\/wp-content\\\/uploads\\\/2025\\\/05\\\/Truetzschler_1.jpg\",\"datePublished\":\"2025-05-07T11:15:00+00:00\",\"dateModified\":\"2025-05-27T11:29:42+00:00\",\"description\":\"Tr\u00fctzschler India celebrated the grand opening of its state-of-the-art manufacturing plant in Sanand, near Ahmedabad, Gujarat. This...\",\"breadcrumb\":{\"@id\":\"https:\\\/\\\/www.textilegence.com\\\/en\\\/trutzschler-india-moves-operations-to-new-state-of-the-art-facility-in-sanand\\\/#breadcrumb\"},\"inLanguage\":\"en-US\",\"potentialAction\":[{\"@type\":\"ReadAction\",\"target\":[\"https:\\\/\\\/www.textilegence.com\\\/en\\\/trutzschler-india-moves-operations-to-new-state-of-the-art-facility-in-sanand\\\/\"]}]},{\"@type\":\"ImageObject\",\"inLanguage\":\"en-US\",\"@id\":\"https:\\\/\\\/www.textilegence.com\\\/en\\\/trutzschler-india-moves-operations-to-new-state-of-the-art-facility-in-sanand\\\/#primaryimage\",\"url\":\"https:\\\/\\\/www.textilegence.com\\\/wp-content\\\/uploads\\\/2025\\\/05\\\/Truetzschler_1.jpg\",\"contentUrl\":\"https:\\\/\\\/www.textilegence.com\\\/wp-content\\\/uploads\\\/2025\\\/05\\\/Truetzschler_1.jpg\",\"width\":1920,\"height\":1080,\"caption\":\"Tr\u00fctzschler India moves operations to new state-of-the-art facility in Sanand Image Source: Truetzschler\"},{\"@type\":\"BreadcrumbList\",\"@id\":\"https:\\\/\\\/www.textilegence.com\\\/en\\\/trutzschler-india-moves-operations-to-new-state-of-the-art-facility-in-sanand\\\/#breadcrumb\",\"itemListElement\":[{\"@type\":\"ListItem\",\"position\":1,\"name\":\"Home Page\",\"item\":\"https:\\\/\\\/www.textilegence.com\\\/en\\\/homepage-the-rimont\\\/\"},{\"@type\":\"ListItem\",\"position\":2,\"name\":\"Spinning\",\"item\":\"https:\\\/\\\/www.textilegence.com\\\/en\\\/category\\\/spinning\\\/\"},{\"@type\":\"ListItem\",\"position\":3,\"name\":\"Tr\u00fctzschler India moves operations to new state-of-the-art facility in Sanand\"}]},{\"@type\":\"WebSite\",\"@id\":\"https:\\\/\\\/www.textilegence.com\\\/en\\\/#website\",\"url\":\"https:\\\/\\\/www.textilegence.com\\\/en\\\/\",\"name\":\"Textilegence Magazine and Digital Platform\",\"description\":\"Textile News Center\",\"publisher\":{\"@id\":\"https:\\\/\\\/www.textilegence.com\\\/en\\\/#organization\"},\"potentialAction\":[{\"@type\":\"SearchAction\",\"target\":{\"@type\":\"EntryPoint\",\"urlTemplate\":\"https:\\\/\\\/www.textilegence.com\\\/en\\\/?s={search_term_string}\"},\"query-input\":{\"@type\":\"PropertyValueSpecification\",\"valueRequired\":true,\"valueName\":\"search_term_string\"}}],\"inLanguage\":\"en-US\"},{\"@type\":\"Organization\",\"@id\":\"https:\\\/\\\/www.textilegence.com\\\/en\\\/#organization\",\"name\":\"Textilegence Magazine and Digital Platform\",\"url\":\"https:\\\/\\\/www.textilegence.com\\\/en\\\/\",\"logo\":{\"@type\":\"ImageObject\",\"inLanguage\":\"en-US\",\"@id\":\"https:\\\/\\\/www.textilegence.com\\\/en\\\/#\\\/schema\\\/logo\\\/image\\\/\",\"url\":\"https:\\\/\\\/www.textilegence.com\\\/wp-content\\\/uploads\\\/2016\\\/11\\\/New_Retina_Logo_Textilegence.png\",\"contentUrl\":\"https:\\\/\\\/www.textilegence.com\\\/wp-content\\\/uploads\\\/2016\\\/11\\\/New_Retina_Logo_Textilegence.png\",\"width\":544,\"height\":180,\"caption\":\"Textilegence Magazine and Digital Platform\"},\"image\":{\"@id\":\"https:\\\/\\\/www.textilegence.com\\\/en\\\/#\\\/schema\\\/logo\\\/image\\\/\"},\"sameAs\":[\"https:\\\/\\\/www.facebook.com\\\/TextilegenceMagazine\",\"https:\\\/\\\/x.com\\\/textilegence\",\"https:\\\/\\\/www.instagram.com\\\/textilegence\\\/\",\"https:\\\/\\\/www.linkedin.com\\\/groups\\\/Textilegence-Magazine-Digital-Platform-4897253\",\"https:\\\/\\\/www.youtube.com\\\/user\\\/textilegence\"],\"description\":\"Textilegence is a magazine and digital platform established in 2013. It focuses on the textile industry and sub-segments. The platform provides news, articles, and updates on various aspects of the textile industry, including sustainability, technological advancements, and market trends.\",\"email\":\"editor@textilegence.com\",\"telephone\":\"+90 212 442 24 12\",\"legalName\":\"Textilegence Mag and Digital Platform\",\"foundingDate\":\"2013-01-01\",\"numberOfEmployees\":{\"@type\":\"QuantitativeValue\",\"minValue\":\"1\",\"maxValue\":\"10\"}},{\"@type\":\"Person\",\"@id\":\"https:\\\/\\\/www.textilegence.com\\\/en\\\/#\\\/schema\\\/person\\\/cfa6baf17f0478131c673c93a9b88ef3\",\"name\":\"Ya\u011fmur Melis \u015eim\u015fek\",\"image\":{\"@type\":\"ImageObject\",\"inLanguage\":\"en-US\",\"@id\":\"https:\\\/\\\/www.textilegence.com\\\/wp-content\\\/uploads\\\/2022\\\/03\\\/Yagmur_photo1.jpg\",\"url\":\"https:\\\/\\\/www.textilegence.com\\\/wp-content\\\/uploads\\\/2022\\\/03\\\/Yagmur_photo1.jpg\",\"contentUrl\":\"https:\\\/\\\/www.textilegence.com\\\/wp-content\\\/uploads\\\/2022\\\/03\\\/Yagmur_photo1.jpg\",\"caption\":\"Ya\u011fmur Melis \u015eim\u015fek\"},\"description\":\"Ya\u011fmur Melis \u015eim\u015fek, Saint-Beno\u00eet Frans\u0131z Lisesi\u2019nde e\u011fitim g\u00f6rm\u00fc\u015f, ard\u0131ndan Anadolu \u00dcniversitesi\u2019nde iki y\u0131ll\u0131k Foto\u011fraf\u00e7\u0131l\u0131k B\u00f6l\u00fcm\u00fc\u2019n\u00fc tamamlam\u0131\u015ft\u0131r. Daha sonra lisans e\u011fitimini \u0130stanbul \u00dcniversitesi Gazetecilik B\u00f6l\u00fcm\u00fc\u2019nde s\u00fcrd\u00fcrm\u00fc\u015f, mezuniyetin ard\u0131ndan ise 2017 y\u0131l\u0131nda i\u015f hayat\u0131na at\u0131lm\u0131\u015ft\u0131r. Pek \u00e7ok farkl\u0131 projede, foto\u011fraf\u00e7\u0131l\u0131k ve grafik tasar\u0131mc\u0131l\u0131\u011f\u0131n yan\u0131 s\u0131ra teknoloji alan\u0131nda i\u00e7erik ve haber yazarl\u0131\u011f\u0131 gibi \u00e7e\u015fitli pozisyonlarda yer alan \u015eim\u015fek, 2021 y\u0131l\u0131ndan bu yana Textilegence\u2019da d\u0131\u015f haberlerde yard\u0131mc\u0131 edit\u00f6r olarak g\u00f6rev yapmaktad\u0131r.\",\"sameAs\":[\"https:\\\/\\\/www.textilegence.com\\\/\",\"https:\\\/\\\/www.facebook.com\\\/TextilegenceMagazine\",\"https:\\\/\\\/www.instagram.com\\\/textilegence\\\/\",\"https:\\\/\\\/www.linkedin.com\\\/company\\\/2985016\",\"https:\\\/\\\/x.com\\\/https:\\\/\\\/twitter.com\\\/textilegence\",\"https:\\\/\\\/www.youtube.com\\\/channel\\\/UCgtcny5ljhiXu-yvOiAlpRA\"],\"url\":\"https:\\\/\\\/www.textilegence.com\\\/en\\\/author\\\/yms\\\/\"}]}<\/script>\n<!-- \/ Yoast SEO Premium plugin. -->","yoast_head_json":{"title":"Tr\u00fctzschler India moves operations to new state-of-the-art facility in Sanand - Textilegence","description":"Tr\u00fctzschler India celebrated the grand opening of its state-of-the-art manufacturing plant in Sanand, near Ahmedabad, Gujarat. This...","robots":{"index":"index","follow":"follow","max-snippet":"max-snippet:-1","max-image-preview":"max-image-preview:large","max-video-preview":"max-video-preview:-1"},"canonical":"https:\/\/www.textilegence.com\/en\/trutzschler-india-moves-operations-to-new-state-of-the-art-facility-in-sanand\/","og_locale":"en_US","og_type":"article","og_title":"Tr\u00fctzschler India moves operations to new state-of-the-art facility in Sanand","og_description":"Tr\u00fctzschler India celebrated the grand opening of its state-of-the-art manufacturing plant in Sanand, near Ahmedabad, Gujarat. This strategic relocation","og_url":"https:\/\/www.textilegence.com\/en\/trutzschler-india-moves-operations-to-new-state-of-the-art-facility-in-sanand\/","og_site_name":"Textilegence Magazine and Digital Platform","article_publisher":"https:\/\/www.facebook.com\/TextilegenceMagazine","article_author":"https:\/\/www.facebook.com\/TextilegenceMagazine","article_published_time":"2025-05-07T11:15:00+00:00","article_modified_time":"2025-05-27T11:29:42+00:00","og_image":[{"width":1920,"height":1080,"url":"https:\/\/www.textilegence.com\/wp-content\/uploads\/2025\/05\/Truetzschler_1.jpg","type":"image\/jpeg"}],"author":"Ya\u011fmur Melis \u015eim\u015fek","twitter_card":"summary_large_image","twitter_creator":"@https:\/\/twitter.com\/textilegence","twitter_site":"@textilegence","twitter_misc":{"Written by":"Ya\u011fmur Melis \u015eim\u015fek","Est. reading time":"3 minutes"},"schema":{"@context":"https:\/\/schema.org","@graph":[{"@type":"NewsArticle","@id":"https:\/\/www.textilegence.com\/en\/trutzschler-india-moves-operations-to-new-state-of-the-art-facility-in-sanand\/#article","isPartOf":{"@id":"https:\/\/www.textilegence.com\/en\/trutzschler-india-moves-operations-to-new-state-of-the-art-facility-in-sanand\/"},"author":{"name":"Ya\u011fmur Melis \u015eim\u015fek","@id":"https:\/\/www.textilegence.com\/en\/#\/schema\/person\/cfa6baf17f0478131c673c93a9b88ef3"},"headline":"Tr\u00fctzschler India moves operations to new state-of-the-art facility in Sanand","datePublished":"2025-05-07T11:15:00+00:00","dateModified":"2025-05-27T11:29:42+00:00","mainEntityOfPage":{"@id":"https:\/\/www.textilegence.com\/en\/trutzschler-india-moves-operations-to-new-state-of-the-art-facility-in-sanand\/"},"wordCount":391,"publisher":{"@id":"https:\/\/www.textilegence.com\/en\/#organization"},"image":{"@id":"https:\/\/www.textilegence.com\/en\/trutzschler-india-moves-operations-to-new-state-of-the-art-facility-in-sanand\/#primaryimage"},"thumbnailUrl":"https:\/\/www.textilegence.com\/wp-content\/uploads\/2025\/05\/Truetzschler_1.jpg","keywords":["spinning","textile news","topical","truetzschler"],"articleSection":["Spinning"],"inLanguage":"en-US"},{"@type":"WebPage","@id":"https:\/\/www.textilegence.com\/en\/trutzschler-india-moves-operations-to-new-state-of-the-art-facility-in-sanand\/","url":"https:\/\/www.textilegence.com\/en\/trutzschler-india-moves-operations-to-new-state-of-the-art-facility-in-sanand\/","name":"Tr\u00fctzschler India moves operations to new state-of-the-art facility in Sanand - Textilegence","isPartOf":{"@id":"https:\/\/www.textilegence.com\/en\/#website"},"primaryImageOfPage":{"@id":"https:\/\/www.textilegence.com\/en\/trutzschler-india-moves-operations-to-new-state-of-the-art-facility-in-sanand\/#primaryimage"},"image":{"@id":"https:\/\/www.textilegence.com\/en\/trutzschler-india-moves-operations-to-new-state-of-the-art-facility-in-sanand\/#primaryimage"},"thumbnailUrl":"https:\/\/www.textilegence.com\/wp-content\/uploads\/2025\/05\/Truetzschler_1.jpg","datePublished":"2025-05-07T11:15:00+00:00","dateModified":"2025-05-27T11:29:42+00:00","description":"Tr\u00fctzschler India celebrated the grand opening of its state-of-the-art manufacturing plant in Sanand, near Ahmedabad, Gujarat. This...","breadcrumb":{"@id":"https:\/\/www.textilegence.com\/en\/trutzschler-india-moves-operations-to-new-state-of-the-art-facility-in-sanand\/#breadcrumb"},"inLanguage":"en-US","potentialAction":[{"@type":"ReadAction","target":["https:\/\/www.textilegence.com\/en\/trutzschler-india-moves-operations-to-new-state-of-the-art-facility-in-sanand\/"]}]},{"@type":"ImageObject","inLanguage":"en-US","@id":"https:\/\/www.textilegence.com\/en\/trutzschler-india-moves-operations-to-new-state-of-the-art-facility-in-sanand\/#primaryimage","url":"https:\/\/www.textilegence.com\/wp-content\/uploads\/2025\/05\/Truetzschler_1.jpg","contentUrl":"https:\/\/www.textilegence.com\/wp-content\/uploads\/2025\/05\/Truetzschler_1.jpg","width":1920,"height":1080,"caption":"Tr\u00fctzschler India moves operations to new state-of-the-art facility in Sanand Image Source: Truetzschler"},{"@type":"BreadcrumbList","@id":"https:\/\/www.textilegence.com\/en\/trutzschler-india-moves-operations-to-new-state-of-the-art-facility-in-sanand\/#breadcrumb","itemListElement":[{"@type":"ListItem","position":1,"name":"Home Page","item":"https:\/\/www.textilegence.com\/en\/homepage-the-rimont\/"},{"@type":"ListItem","position":2,"name":"Spinning","item":"https:\/\/www.textilegence.com\/en\/category\/spinning\/"},{"@type":"ListItem","position":3,"name":"Tr\u00fctzschler India moves operations to new state-of-the-art facility in Sanand"}]},{"@type":"WebSite","@id":"https:\/\/www.textilegence.com\/en\/#website","url":"https:\/\/www.textilegence.com\/en\/","name":"Textilegence Magazine and Digital Platform","description":"Textile News Center","publisher":{"@id":"https:\/\/www.textilegence.com\/en\/#organization"},"potentialAction":[{"@type":"SearchAction","target":{"@type":"EntryPoint","urlTemplate":"https:\/\/www.textilegence.com\/en\/?s={search_term_string}"},"query-input":{"@type":"PropertyValueSpecification","valueRequired":true,"valueName":"search_term_string"}}],"inLanguage":"en-US"},{"@type":"Organization","@id":"https:\/\/www.textilegence.com\/en\/#organization","name":"Textilegence Magazine and Digital Platform","url":"https:\/\/www.textilegence.com\/en\/","logo":{"@type":"ImageObject","inLanguage":"en-US","@id":"https:\/\/www.textilegence.com\/en\/#\/schema\/logo\/image\/","url":"https:\/\/www.textilegence.com\/wp-content\/uploads\/2016\/11\/New_Retina_Logo_Textilegence.png","contentUrl":"https:\/\/www.textilegence.com\/wp-content\/uploads\/2016\/11\/New_Retina_Logo_Textilegence.png","width":544,"height":180,"caption":"Textilegence Magazine and Digital Platform"},"image":{"@id":"https:\/\/www.textilegence.com\/en\/#\/schema\/logo\/image\/"},"sameAs":["https:\/\/www.facebook.com\/TextilegenceMagazine","https:\/\/x.com\/textilegence","https:\/\/www.instagram.com\/textilegence\/","https:\/\/www.linkedin.com\/groups\/Textilegence-Magazine-Digital-Platform-4897253","https:\/\/www.youtube.com\/user\/textilegence"],"description":"Textilegence is a magazine and digital platform established in 2013. It focuses on the textile industry and sub-segments. The platform provides news, articles, and updates on various aspects of the textile industry, including sustainability, technological advancements, and market trends.","email":"editor@textilegence.com","telephone":"+90 212 442 24 12","legalName":"Textilegence Mag and Digital Platform","foundingDate":"2013-01-01","numberOfEmployees":{"@type":"QuantitativeValue","minValue":"1","maxValue":"10"}},{"@type":"Person","@id":"https:\/\/www.textilegence.com\/en\/#\/schema\/person\/cfa6baf17f0478131c673c93a9b88ef3","name":"Ya\u011fmur Melis \u015eim\u015fek","image":{"@type":"ImageObject","inLanguage":"en-US","@id":"https:\/\/www.textilegence.com\/wp-content\/uploads\/2022\/03\/Yagmur_photo1.jpg","url":"https:\/\/www.textilegence.com\/wp-content\/uploads\/2022\/03\/Yagmur_photo1.jpg","contentUrl":"https:\/\/www.textilegence.com\/wp-content\/uploads\/2022\/03\/Yagmur_photo1.jpg","caption":"Ya\u011fmur Melis \u015eim\u015fek"},"description":"Ya\u011fmur Melis \u015eim\u015fek, Saint-Beno\u00eet Frans\u0131z Lisesi\u2019nde e\u011fitim g\u00f6rm\u00fc\u015f, ard\u0131ndan Anadolu \u00dcniversitesi\u2019nde iki y\u0131ll\u0131k Foto\u011fraf\u00e7\u0131l\u0131k B\u00f6l\u00fcm\u00fc\u2019n\u00fc tamamlam\u0131\u015ft\u0131r. Daha sonra lisans e\u011fitimini \u0130stanbul \u00dcniversitesi Gazetecilik B\u00f6l\u00fcm\u00fc\u2019nde s\u00fcrd\u00fcrm\u00fc\u015f, mezuniyetin ard\u0131ndan ise 2017 y\u0131l\u0131nda i\u015f hayat\u0131na at\u0131lm\u0131\u015ft\u0131r. Pek \u00e7ok farkl\u0131 projede, foto\u011fraf\u00e7\u0131l\u0131k ve grafik tasar\u0131mc\u0131l\u0131\u011f\u0131n yan\u0131 s\u0131ra teknoloji alan\u0131nda i\u00e7erik ve haber yazarl\u0131\u011f\u0131 gibi \u00e7e\u015fitli pozisyonlarda yer alan \u015eim\u015fek, 2021 y\u0131l\u0131ndan bu yana Textilegence\u2019da d\u0131\u015f haberlerde yard\u0131mc\u0131 edit\u00f6r olarak g\u00f6rev yapmaktad\u0131r.","sameAs":["https:\/\/www.textilegence.com\/","https:\/\/www.facebook.com\/TextilegenceMagazine","https:\/\/www.instagram.com\/textilegence\/","https:\/\/www.linkedin.com\/company\/2985016","https:\/\/x.com\/https:\/\/twitter.com\/textilegence","https:\/\/www.youtube.com\/channel\/UCgtcny5ljhiXu-yvOiAlpRA"],"url":"https:\/\/www.textilegence.com\/en\/author\/yms\/"}]}},"_links":{"self":[{"href":"https:\/\/www.textilegence.com\/en\/wp-json\/wp\/v2\/posts\/62093","targetHints":{"allow":["GET"]}}],"collection":[{"href":"https:\/\/www.textilegence.com\/en\/wp-json\/wp\/v2\/posts"}],"about":[{"href":"https:\/\/www.textilegence.com\/en\/wp-json\/wp\/v2\/types\/post"}],"author":[{"embeddable":true,"href":"https:\/\/www.textilegence.com\/en\/wp-json\/wp\/v2\/users\/26"}],"replies":[{"embeddable":true,"href":"https:\/\/www.textilegence.com\/en\/wp-json\/wp\/v2\/comments?post=62093"}],"version-history":[{"count":0,"href":"https:\/\/www.textilegence.com\/en\/wp-json\/wp\/v2\/posts\/62093\/revisions"}],"wp:featuredmedia":[{"embeddable":true,"href":"https:\/\/www.textilegence.com\/en\/wp-json\/wp\/v2\/media\/62089"}],"wp:attachment":[{"href":"https:\/\/www.textilegence.com\/en\/wp-json\/wp\/v2\/media?parent=62093"}],"wp:term":[{"taxonomy":"category","embeddable":true,"href":"https:\/\/www.textilegence.com\/en\/wp-json\/wp\/v2\/categories?post=62093"},{"taxonomy":"post_tag","embeddable":true,"href":"https:\/\/www.textilegence.com\/en\/wp-json\/wp\/v2\/tags?post=62093"}],"curies":[{"name":"wp","href":"https:\/\/api.w.org\/{rel}","templated":true}]}}