{"id":62622,"date":"2025-08-01T09:24:00","date_gmt":"2025-08-01T06:24:00","guid":{"rendered":"http:\/\/www.textilegence.com\/?p=62622"},"modified":"2025-08-04T09:46:02","modified_gmt":"2025-08-04T06:46:02","slug":"trutzschler-will-meet-with-yarn-professionals-at-caitme-2025","status":"publish","type":"post","link":"https:\/\/www.textilegence.com\/en\/trutzschler-will-meet-with-yarn-professionals-at-caitme-2025\/","title":{"rendered":"Tr\u00fctzschler will meet with yarn professionals at CAITME 2025"},"content":{"rendered":"\n<p>German textile machinery manufacturer Tr\u00fctzschler <a href=\"https:\/\/www.truetzschler.com\/en\/\" target=\"_blank\" rel=\"noreferrer noopener\">Group<\/a> will showcase its latest innovations at CAITME in Tashkent, Uzbekistan on September 9-11, 2025. A highlight at Tr\u00fctzschler\u2019s booth D60 in Pavilion 2 will be the TC 30i, the next generation card. The visitors are able to explore the also other innovations and high-performance equipment at the exhibition and connect with the experts from Tr\u00fctzschler Spinning and Tr\u00fctzschler Card Clothing.<\/p>\n\n\n\n<h2 class=\"wp-block-heading\" id=\"h-tc-30i-optimal-carding-gaps-even-under-changing-production-conditions\"><strong>TC 30i: Optimal carding gaps even under changing production conditions<\/strong><\/h2>\n\n\n\n<p>After its market introduction in 2024, customers have reported up to 40% higher productivity in man-made <a href=\"https:\/\/www.textilegence.com\/en\/category\/spinning\/\" target=\"_blank\" rel=\"noreferrer noopener\">fiber<\/a> applications while maintaining or improving yarn quality. &nbsp;<\/p>\n\n\n\n<p>Equipped with the intelligent gap optimizer T-GO, it ensures optimal carding gaps even under changing production conditions, leading to consistent, operator-independent results. A sophisticated waste suction system enables the separate collection of different waste types, allowing more than 50% of card waste to be reused in a high-quality manner. The TC 30i also comes with the proven WASTECONTROL system, an easy-to-use and effective assurance against unnecessary fiber loss.<\/p>\n\n\n\n<p>Visitors can also learn about the integrated draw frame IDF 3, which enables a significantly shortened spinning preparation process without compromising on quality. In fact, the IDF 3 helps to improve yarn quality levels, especially when processing raw materials with high short fiber content, and increases efficiency with a new can changing system that reduces changeover times by 3%.<\/p>\n\n\n\n<p>Another key topic is TRUECYCLED, Tr\u00fctzschler\u2019s complete solution for textile recycling. It enables partners to turn textile waste into high-quality yarns using Tr\u00fctzschler technology in their recycling process. <strong><\/strong><\/p>\n\n\n\n<h2 class=\"wp-block-heading\" id=\"h-tcc-will-showcase-its-full-range-of-expertise-at-the-exhibition\"><strong>TCC will showcase its full range of expertise at the exhibition<\/strong><strong><\/strong><\/h2>\n\n\n\n<p>Tr\u00fctzschler Card Clothing (TCC) will present a wide range of technologies from its card clothing portfolio, including two key innovations: The T-WINDER, a unique piece of service equipment that ensures consistent fitting tension by indicating the actual fitting force \u2013 independent of external influences. It helps customers unlock the full potential of their carding machines while keeping costs low. The T-WINDER is compatible with all cards in spinning and nonwovens.<\/p>\n","protected":false},"excerpt":{"rendered":"<p>German textile machinery manufacturer Tr\u00fctzschler Group will showcase its latest innovations at CAITME in Tashkent, Uzbekistan on September 9-11, 2025. A highlight at Tr\u00fctzschler\u2019s booth D60 in Pavilion 2 will be the TC 30i, the next generation card. The visitors are able to explore the also other innovations and high-performance equipment at the exhibition and [&hellip;]<\/p>\n","protected":false},"author":26,"featured_media":62620,"comment_status":"closed","ping_status":"closed","sticky":false,"template":"","format":"standard","meta":{"footnotes":""},"categories":[9857],"tags":[10953,9896,10369,11460],"class_list":{"0":"post-62622","1":"post","2":"type-post","3":"status-publish","4":"format-standard","5":"has-post-thumbnail","7":"category-spinning","8":"tag-caitme-en","9":"tag-spinning-3","10":"tag-textile-news-en","11":"tag-truetzschler"},"yoast_head":"<!-- This site is optimized with the Yoast SEO Premium plugin v27.3 (Yoast SEO v27.3) - https:\/\/yoast.com\/product\/yoast-seo-premium-wordpress\/ -->\n<title>Tr\u00fctzschler will meet with yarn professionals at CAITME 2025 - Textilegence<\/title>\n<meta name=\"description\" content=\"German textile machinery manufacturer Tr\u00fctzschler Group will showcase its latest innovations at CAITME in Tashkent, Uzbekistan...\" \/>\n<meta name=\"robots\" content=\"index, follow, max-snippet:-1, max-image-preview:large, max-video-preview:-1\" \/>\n<link rel=\"canonical\" href=\"https:\/\/www.textilegence.com\/en\/trutzschler-will-meet-with-yarn-professionals-at-caitme-2025\/\" \/>\n<meta property=\"og:locale\" content=\"en_US\" \/>\n<meta property=\"og:type\" content=\"article\" \/>\n<meta property=\"og:title\" content=\"Tr\u00fctzschler will meet with yarn professionals at CAITME 2025\" \/>\n<meta property=\"og:description\" content=\"German textile machinery manufacturer Tr\u00fctzschler Group will showcase its latest innovations at CAITME in Tashkent, Uzbekistan on September 9-11, 2025. A\" \/>\n<meta property=\"og:url\" content=\"https:\/\/www.textilegence.com\/en\/trutzschler-will-meet-with-yarn-professionals-at-caitme-2025\/\" \/>\n<meta property=\"og:site_name\" content=\"Textilegence Magazine and Digital Platform\" \/>\n<meta property=\"article:publisher\" content=\"https:\/\/www.facebook.com\/TextilegenceMagazine\" \/>\n<meta property=\"article:author\" content=\"https:\/\/www.facebook.com\/TextilegenceMagazine\" \/>\n<meta property=\"article:published_time\" content=\"2025-08-01T06:24:00+00:00\" \/>\n<meta property=\"article:modified_time\" content=\"2025-08-04T06:46:02+00:00\" \/>\n<meta property=\"og:image\" content=\"https:\/\/www.textilegence.com\/wp-content\/uploads\/2025\/08\/IDF_3_TC_30i_1.jpg\" \/>\n\t<meta property=\"og:image:width\" content=\"1920\" \/>\n\t<meta property=\"og:image:height\" content=\"1080\" \/>\n\t<meta property=\"og:image:type\" content=\"image\/jpeg\" \/>\n<meta name=\"author\" content=\"Ya\u011fmur Melis \u015eim\u015fek\" \/>\n<meta name=\"twitter:card\" content=\"summary_large_image\" \/>\n<meta name=\"twitter:creator\" content=\"@https:\/\/twitter.com\/textilegence\" \/>\n<meta name=\"twitter:site\" content=\"@textilegence\" \/>\n<meta name=\"twitter:label1\" content=\"Written by\" \/>\n\t<meta name=\"twitter:data1\" content=\"Ya\u011fmur Melis \u015eim\u015fek\" \/>\n\t<meta name=\"twitter:label2\" content=\"Est. reading time\" \/>\n\t<meta name=\"twitter:data2\" content=\"3 minutes\" \/>\n<script type=\"application\/ld+json\" class=\"yoast-schema-graph\">{\"@context\":\"https:\\\/\\\/schema.org\",\"@graph\":[{\"@type\":\"NewsArticle\",\"@id\":\"https:\\\/\\\/www.textilegence.com\\\/en\\\/trutzschler-will-meet-with-yarn-professionals-at-caitme-2025\\\/#article\",\"isPartOf\":{\"@id\":\"https:\\\/\\\/www.textilegence.com\\\/en\\\/trutzschler-will-meet-with-yarn-professionals-at-caitme-2025\\\/\"},\"author\":{\"name\":\"Ya\u011fmur Melis \u015eim\u015fek\",\"@id\":\"https:\\\/\\\/www.textilegence.com\\\/en\\\/#\\\/schema\\\/person\\\/cfa6baf17f0478131c673c93a9b88ef3\"},\"headline\":\"Tr\u00fctzschler will meet with yarn professionals at CAITME 2025\",\"datePublished\":\"2025-08-01T06:24:00+00:00\",\"dateModified\":\"2025-08-04T06:46:02+00:00\",\"mainEntityOfPage\":{\"@id\":\"https:\\\/\\\/www.textilegence.com\\\/en\\\/trutzschler-will-meet-with-yarn-professionals-at-caitme-2025\\\/\"},\"wordCount\":346,\"publisher\":{\"@id\":\"https:\\\/\\\/www.textilegence.com\\\/en\\\/#organization\"},\"image\":{\"@id\":\"https:\\\/\\\/www.textilegence.com\\\/en\\\/trutzschler-will-meet-with-yarn-professionals-at-caitme-2025\\\/#primaryimage\"},\"thumbnailUrl\":\"https:\\\/\\\/www.textilegence.com\\\/wp-content\\\/uploads\\\/2025\\\/08\\\/IDF_3_TC_30i_1.jpg\",\"keywords\":[\"caitme\",\"spinning\",\"textile news\",\"truetzschler\"],\"articleSection\":[\"Spinning\"],\"inLanguage\":\"en-US\"},{\"@type\":\"WebPage\",\"@id\":\"https:\\\/\\\/www.textilegence.com\\\/en\\\/trutzschler-will-meet-with-yarn-professionals-at-caitme-2025\\\/\",\"url\":\"https:\\\/\\\/www.textilegence.com\\\/en\\\/trutzschler-will-meet-with-yarn-professionals-at-caitme-2025\\\/\",\"name\":\"Tr\u00fctzschler will meet with yarn professionals at CAITME 2025 - Textilegence\",\"isPartOf\":{\"@id\":\"https:\\\/\\\/www.textilegence.com\\\/en\\\/#website\"},\"primaryImageOfPage\":{\"@id\":\"https:\\\/\\\/www.textilegence.com\\\/en\\\/trutzschler-will-meet-with-yarn-professionals-at-caitme-2025\\\/#primaryimage\"},\"image\":{\"@id\":\"https:\\\/\\\/www.textilegence.com\\\/en\\\/trutzschler-will-meet-with-yarn-professionals-at-caitme-2025\\\/#primaryimage\"},\"thumbnailUrl\":\"https:\\\/\\\/www.textilegence.com\\\/wp-content\\\/uploads\\\/2025\\\/08\\\/IDF_3_TC_30i_1.jpg\",\"datePublished\":\"2025-08-01T06:24:00+00:00\",\"dateModified\":\"2025-08-04T06:46:02+00:00\",\"description\":\"German textile machinery manufacturer Tr\u00fctzschler Group will showcase its latest innovations at CAITME in Tashkent, Uzbekistan...\",\"breadcrumb\":{\"@id\":\"https:\\\/\\\/www.textilegence.com\\\/en\\\/trutzschler-will-meet-with-yarn-professionals-at-caitme-2025\\\/#breadcrumb\"},\"inLanguage\":\"en-US\",\"potentialAction\":[{\"@type\":\"ReadAction\",\"target\":[\"https:\\\/\\\/www.textilegence.com\\\/en\\\/trutzschler-will-meet-with-yarn-professionals-at-caitme-2025\\\/\"]}]},{\"@type\":\"ImageObject\",\"inLanguage\":\"en-US\",\"@id\":\"https:\\\/\\\/www.textilegence.com\\\/en\\\/trutzschler-will-meet-with-yarn-professionals-at-caitme-2025\\\/#primaryimage\",\"url\":\"https:\\\/\\\/www.textilegence.com\\\/wp-content\\\/uploads\\\/2025\\\/08\\\/IDF_3_TC_30i_1.jpg\",\"contentUrl\":\"https:\\\/\\\/www.textilegence.com\\\/wp-content\\\/uploads\\\/2025\\\/08\\\/IDF_3_TC_30i_1.jpg\",\"width\":1920,\"height\":1080,\"caption\":\"Tr\u00fctzschler will meet with yarn professionals at CAITME 2025 Image Source: Tr\u00fctzschler\"},{\"@type\":\"BreadcrumbList\",\"@id\":\"https:\\\/\\\/www.textilegence.com\\\/en\\\/trutzschler-will-meet-with-yarn-professionals-at-caitme-2025\\\/#breadcrumb\",\"itemListElement\":[{\"@type\":\"ListItem\",\"position\":1,\"name\":\"Home Page\",\"item\":\"https:\\\/\\\/www.textilegence.com\\\/en\\\/homepage-the-rimont\\\/\"},{\"@type\":\"ListItem\",\"position\":2,\"name\":\"Spinning\",\"item\":\"https:\\\/\\\/www.textilegence.com\\\/en\\\/category\\\/spinning\\\/\"},{\"@type\":\"ListItem\",\"position\":3,\"name\":\"Tr\u00fctzschler will meet with yarn professionals at CAITME 2025\"}]},{\"@type\":\"WebSite\",\"@id\":\"https:\\\/\\\/www.textilegence.com\\\/en\\\/#website\",\"url\":\"https:\\\/\\\/www.textilegence.com\\\/en\\\/\",\"name\":\"Textilegence Magazine and Digital Platform\",\"description\":\"Textile News Center\",\"publisher\":{\"@id\":\"https:\\\/\\\/www.textilegence.com\\\/en\\\/#organization\"},\"potentialAction\":[{\"@type\":\"SearchAction\",\"target\":{\"@type\":\"EntryPoint\",\"urlTemplate\":\"https:\\\/\\\/www.textilegence.com\\\/en\\\/?s={search_term_string}\"},\"query-input\":{\"@type\":\"PropertyValueSpecification\",\"valueRequired\":true,\"valueName\":\"search_term_string\"}}],\"inLanguage\":\"en-US\"},{\"@type\":\"Organization\",\"@id\":\"https:\\\/\\\/www.textilegence.com\\\/en\\\/#organization\",\"name\":\"Textilegence Magazine and Digital Platform\",\"url\":\"https:\\\/\\\/www.textilegence.com\\\/en\\\/\",\"logo\":{\"@type\":\"ImageObject\",\"inLanguage\":\"en-US\",\"@id\":\"https:\\\/\\\/www.textilegence.com\\\/en\\\/#\\\/schema\\\/logo\\\/image\\\/\",\"url\":\"https:\\\/\\\/www.textilegence.com\\\/wp-content\\\/uploads\\\/2016\\\/11\\\/New_Retina_Logo_Textilegence.png\",\"contentUrl\":\"https:\\\/\\\/www.textilegence.com\\\/wp-content\\\/uploads\\\/2016\\\/11\\\/New_Retina_Logo_Textilegence.png\",\"width\":544,\"height\":180,\"caption\":\"Textilegence Magazine and Digital Platform\"},\"image\":{\"@id\":\"https:\\\/\\\/www.textilegence.com\\\/en\\\/#\\\/schema\\\/logo\\\/image\\\/\"},\"sameAs\":[\"https:\\\/\\\/www.facebook.com\\\/TextilegenceMagazine\",\"https:\\\/\\\/x.com\\\/textilegence\",\"https:\\\/\\\/www.instagram.com\\\/textilegence\\\/\",\"https:\\\/\\\/www.linkedin.com\\\/groups\\\/Textilegence-Magazine-Digital-Platform-4897253\",\"https:\\\/\\\/www.youtube.com\\\/user\\\/textilegence\"],\"description\":\"Textilegence is a magazine and digital platform established in 2013. It focuses on the textile industry and sub-segments. The platform provides news, articles, and updates on various aspects of the textile industry, including sustainability, technological advancements, and market trends.\",\"email\":\"editor@textilegence.com\",\"telephone\":\"+90 212 442 24 12\",\"legalName\":\"Textilegence Mag and Digital Platform\",\"foundingDate\":\"2013-01-01\",\"numberOfEmployees\":{\"@type\":\"QuantitativeValue\",\"minValue\":\"1\",\"maxValue\":\"10\"}},{\"@type\":\"Person\",\"@id\":\"https:\\\/\\\/www.textilegence.com\\\/en\\\/#\\\/schema\\\/person\\\/cfa6baf17f0478131c673c93a9b88ef3\",\"name\":\"Ya\u011fmur Melis \u015eim\u015fek\",\"image\":{\"@type\":\"ImageObject\",\"inLanguage\":\"en-US\",\"@id\":\"https:\\\/\\\/www.textilegence.com\\\/wp-content\\\/uploads\\\/2022\\\/03\\\/Yagmur_photo1.jpg\",\"url\":\"https:\\\/\\\/www.textilegence.com\\\/wp-content\\\/uploads\\\/2022\\\/03\\\/Yagmur_photo1.jpg\",\"contentUrl\":\"https:\\\/\\\/www.textilegence.com\\\/wp-content\\\/uploads\\\/2022\\\/03\\\/Yagmur_photo1.jpg\",\"caption\":\"Ya\u011fmur Melis \u015eim\u015fek\"},\"description\":\"Ya\u011fmur Melis \u015eim\u015fek, Saint-Beno\u00eet Frans\u0131z Lisesi\u2019nde e\u011fitim g\u00f6rm\u00fc\u015f, ard\u0131ndan Anadolu \u00dcniversitesi\u2019nde iki y\u0131ll\u0131k Foto\u011fraf\u00e7\u0131l\u0131k B\u00f6l\u00fcm\u00fc\u2019n\u00fc tamamlam\u0131\u015ft\u0131r. Daha sonra lisans e\u011fitimini \u0130stanbul \u00dcniversitesi Gazetecilik B\u00f6l\u00fcm\u00fc\u2019nde s\u00fcrd\u00fcrm\u00fc\u015f, mezuniyetin ard\u0131ndan ise 2017 y\u0131l\u0131nda i\u015f hayat\u0131na at\u0131lm\u0131\u015ft\u0131r. Pek \u00e7ok farkl\u0131 projede, foto\u011fraf\u00e7\u0131l\u0131k ve grafik tasar\u0131mc\u0131l\u0131\u011f\u0131n yan\u0131 s\u0131ra teknoloji alan\u0131nda i\u00e7erik ve haber yazarl\u0131\u011f\u0131 gibi \u00e7e\u015fitli pozisyonlarda yer alan \u015eim\u015fek, 2021 y\u0131l\u0131ndan bu yana Textilegence\u2019da d\u0131\u015f haberlerde yard\u0131mc\u0131 edit\u00f6r olarak g\u00f6rev yapmaktad\u0131r.\",\"sameAs\":[\"https:\\\/\\\/www.textilegence.com\\\/\",\"https:\\\/\\\/www.facebook.com\\\/TextilegenceMagazine\",\"https:\\\/\\\/www.instagram.com\\\/textilegence\\\/\",\"https:\\\/\\\/www.linkedin.com\\\/company\\\/2985016\",\"https:\\\/\\\/x.com\\\/https:\\\/\\\/twitter.com\\\/textilegence\",\"https:\\\/\\\/www.youtube.com\\\/channel\\\/UCgtcny5ljhiXu-yvOiAlpRA\"],\"url\":\"https:\\\/\\\/www.textilegence.com\\\/en\\\/author\\\/yms\\\/\"}]}<\/script>\n<!-- \/ Yoast SEO Premium plugin. -->","yoast_head_json":{"title":"Tr\u00fctzschler will meet with yarn professionals at CAITME 2025 - Textilegence","description":"German textile machinery manufacturer Tr\u00fctzschler Group will showcase its latest innovations at CAITME in Tashkent, Uzbekistan...","robots":{"index":"index","follow":"follow","max-snippet":"max-snippet:-1","max-image-preview":"max-image-preview:large","max-video-preview":"max-video-preview:-1"},"canonical":"https:\/\/www.textilegence.com\/en\/trutzschler-will-meet-with-yarn-professionals-at-caitme-2025\/","og_locale":"en_US","og_type":"article","og_title":"Tr\u00fctzschler will meet with yarn professionals at CAITME 2025","og_description":"German textile machinery manufacturer Tr\u00fctzschler Group will showcase its latest innovations at CAITME in Tashkent, Uzbekistan on September 9-11, 2025. A","og_url":"https:\/\/www.textilegence.com\/en\/trutzschler-will-meet-with-yarn-professionals-at-caitme-2025\/","og_site_name":"Textilegence Magazine and Digital Platform","article_publisher":"https:\/\/www.facebook.com\/TextilegenceMagazine","article_author":"https:\/\/www.facebook.com\/TextilegenceMagazine","article_published_time":"2025-08-01T06:24:00+00:00","article_modified_time":"2025-08-04T06:46:02+00:00","og_image":[{"width":1920,"height":1080,"url":"https:\/\/www.textilegence.com\/wp-content\/uploads\/2025\/08\/IDF_3_TC_30i_1.jpg","type":"image\/jpeg"}],"author":"Ya\u011fmur Melis \u015eim\u015fek","twitter_card":"summary_large_image","twitter_creator":"@https:\/\/twitter.com\/textilegence","twitter_site":"@textilegence","twitter_misc":{"Written by":"Ya\u011fmur Melis \u015eim\u015fek","Est. reading time":"3 minutes"},"schema":{"@context":"https:\/\/schema.org","@graph":[{"@type":"NewsArticle","@id":"https:\/\/www.textilegence.com\/en\/trutzschler-will-meet-with-yarn-professionals-at-caitme-2025\/#article","isPartOf":{"@id":"https:\/\/www.textilegence.com\/en\/trutzschler-will-meet-with-yarn-professionals-at-caitme-2025\/"},"author":{"name":"Ya\u011fmur Melis \u015eim\u015fek","@id":"https:\/\/www.textilegence.com\/en\/#\/schema\/person\/cfa6baf17f0478131c673c93a9b88ef3"},"headline":"Tr\u00fctzschler will meet with yarn professionals at CAITME 2025","datePublished":"2025-08-01T06:24:00+00:00","dateModified":"2025-08-04T06:46:02+00:00","mainEntityOfPage":{"@id":"https:\/\/www.textilegence.com\/en\/trutzschler-will-meet-with-yarn-professionals-at-caitme-2025\/"},"wordCount":346,"publisher":{"@id":"https:\/\/www.textilegence.com\/en\/#organization"},"image":{"@id":"https:\/\/www.textilegence.com\/en\/trutzschler-will-meet-with-yarn-professionals-at-caitme-2025\/#primaryimage"},"thumbnailUrl":"https:\/\/www.textilegence.com\/wp-content\/uploads\/2025\/08\/IDF_3_TC_30i_1.jpg","keywords":["caitme","spinning","textile news","truetzschler"],"articleSection":["Spinning"],"inLanguage":"en-US"},{"@type":"WebPage","@id":"https:\/\/www.textilegence.com\/en\/trutzschler-will-meet-with-yarn-professionals-at-caitme-2025\/","url":"https:\/\/www.textilegence.com\/en\/trutzschler-will-meet-with-yarn-professionals-at-caitme-2025\/","name":"Tr\u00fctzschler will meet with yarn professionals at CAITME 2025 - Textilegence","isPartOf":{"@id":"https:\/\/www.textilegence.com\/en\/#website"},"primaryImageOfPage":{"@id":"https:\/\/www.textilegence.com\/en\/trutzschler-will-meet-with-yarn-professionals-at-caitme-2025\/#primaryimage"},"image":{"@id":"https:\/\/www.textilegence.com\/en\/trutzschler-will-meet-with-yarn-professionals-at-caitme-2025\/#primaryimage"},"thumbnailUrl":"https:\/\/www.textilegence.com\/wp-content\/uploads\/2025\/08\/IDF_3_TC_30i_1.jpg","datePublished":"2025-08-01T06:24:00+00:00","dateModified":"2025-08-04T06:46:02+00:00","description":"German textile machinery manufacturer Tr\u00fctzschler Group will showcase its latest innovations at CAITME in Tashkent, Uzbekistan...","breadcrumb":{"@id":"https:\/\/www.textilegence.com\/en\/trutzschler-will-meet-with-yarn-professionals-at-caitme-2025\/#breadcrumb"},"inLanguage":"en-US","potentialAction":[{"@type":"ReadAction","target":["https:\/\/www.textilegence.com\/en\/trutzschler-will-meet-with-yarn-professionals-at-caitme-2025\/"]}]},{"@type":"ImageObject","inLanguage":"en-US","@id":"https:\/\/www.textilegence.com\/en\/trutzschler-will-meet-with-yarn-professionals-at-caitme-2025\/#primaryimage","url":"https:\/\/www.textilegence.com\/wp-content\/uploads\/2025\/08\/IDF_3_TC_30i_1.jpg","contentUrl":"https:\/\/www.textilegence.com\/wp-content\/uploads\/2025\/08\/IDF_3_TC_30i_1.jpg","width":1920,"height":1080,"caption":"Tr\u00fctzschler will meet with yarn professionals at CAITME 2025 Image Source: Tr\u00fctzschler"},{"@type":"BreadcrumbList","@id":"https:\/\/www.textilegence.com\/en\/trutzschler-will-meet-with-yarn-professionals-at-caitme-2025\/#breadcrumb","itemListElement":[{"@type":"ListItem","position":1,"name":"Home Page","item":"https:\/\/www.textilegence.com\/en\/homepage-the-rimont\/"},{"@type":"ListItem","position":2,"name":"Spinning","item":"https:\/\/www.textilegence.com\/en\/category\/spinning\/"},{"@type":"ListItem","position":3,"name":"Tr\u00fctzschler will meet with yarn professionals at CAITME 2025"}]},{"@type":"WebSite","@id":"https:\/\/www.textilegence.com\/en\/#website","url":"https:\/\/www.textilegence.com\/en\/","name":"Textilegence Magazine and Digital Platform","description":"Textile News Center","publisher":{"@id":"https:\/\/www.textilegence.com\/en\/#organization"},"potentialAction":[{"@type":"SearchAction","target":{"@type":"EntryPoint","urlTemplate":"https:\/\/www.textilegence.com\/en\/?s={search_term_string}"},"query-input":{"@type":"PropertyValueSpecification","valueRequired":true,"valueName":"search_term_string"}}],"inLanguage":"en-US"},{"@type":"Organization","@id":"https:\/\/www.textilegence.com\/en\/#organization","name":"Textilegence Magazine and Digital Platform","url":"https:\/\/www.textilegence.com\/en\/","logo":{"@type":"ImageObject","inLanguage":"en-US","@id":"https:\/\/www.textilegence.com\/en\/#\/schema\/logo\/image\/","url":"https:\/\/www.textilegence.com\/wp-content\/uploads\/2016\/11\/New_Retina_Logo_Textilegence.png","contentUrl":"https:\/\/www.textilegence.com\/wp-content\/uploads\/2016\/11\/New_Retina_Logo_Textilegence.png","width":544,"height":180,"caption":"Textilegence Magazine and Digital Platform"},"image":{"@id":"https:\/\/www.textilegence.com\/en\/#\/schema\/logo\/image\/"},"sameAs":["https:\/\/www.facebook.com\/TextilegenceMagazine","https:\/\/x.com\/textilegence","https:\/\/www.instagram.com\/textilegence\/","https:\/\/www.linkedin.com\/groups\/Textilegence-Magazine-Digital-Platform-4897253","https:\/\/www.youtube.com\/user\/textilegence"],"description":"Textilegence is a magazine and digital platform established in 2013. It focuses on the textile industry and sub-segments. The platform provides news, articles, and updates on various aspects of the textile industry, including sustainability, technological advancements, and market trends.","email":"editor@textilegence.com","telephone":"+90 212 442 24 12","legalName":"Textilegence Mag and Digital Platform","foundingDate":"2013-01-01","numberOfEmployees":{"@type":"QuantitativeValue","minValue":"1","maxValue":"10"}},{"@type":"Person","@id":"https:\/\/www.textilegence.com\/en\/#\/schema\/person\/cfa6baf17f0478131c673c93a9b88ef3","name":"Ya\u011fmur Melis \u015eim\u015fek","image":{"@type":"ImageObject","inLanguage":"en-US","@id":"https:\/\/www.textilegence.com\/wp-content\/uploads\/2022\/03\/Yagmur_photo1.jpg","url":"https:\/\/www.textilegence.com\/wp-content\/uploads\/2022\/03\/Yagmur_photo1.jpg","contentUrl":"https:\/\/www.textilegence.com\/wp-content\/uploads\/2022\/03\/Yagmur_photo1.jpg","caption":"Ya\u011fmur Melis \u015eim\u015fek"},"description":"Ya\u011fmur Melis \u015eim\u015fek, Saint-Beno\u00eet Frans\u0131z Lisesi\u2019nde e\u011fitim g\u00f6rm\u00fc\u015f, ard\u0131ndan Anadolu \u00dcniversitesi\u2019nde iki y\u0131ll\u0131k Foto\u011fraf\u00e7\u0131l\u0131k B\u00f6l\u00fcm\u00fc\u2019n\u00fc tamamlam\u0131\u015ft\u0131r. Daha sonra lisans e\u011fitimini \u0130stanbul \u00dcniversitesi Gazetecilik B\u00f6l\u00fcm\u00fc\u2019nde s\u00fcrd\u00fcrm\u00fc\u015f, mezuniyetin ard\u0131ndan ise 2017 y\u0131l\u0131nda i\u015f hayat\u0131na at\u0131lm\u0131\u015ft\u0131r. Pek \u00e7ok farkl\u0131 projede, foto\u011fraf\u00e7\u0131l\u0131k ve grafik tasar\u0131mc\u0131l\u0131\u011f\u0131n yan\u0131 s\u0131ra teknoloji alan\u0131nda i\u00e7erik ve haber yazarl\u0131\u011f\u0131 gibi \u00e7e\u015fitli pozisyonlarda yer alan \u015eim\u015fek, 2021 y\u0131l\u0131ndan bu yana Textilegence\u2019da d\u0131\u015f haberlerde yard\u0131mc\u0131 edit\u00f6r olarak g\u00f6rev yapmaktad\u0131r.","sameAs":["https:\/\/www.textilegence.com\/","https:\/\/www.facebook.com\/TextilegenceMagazine","https:\/\/www.instagram.com\/textilegence\/","https:\/\/www.linkedin.com\/company\/2985016","https:\/\/x.com\/https:\/\/twitter.com\/textilegence","https:\/\/www.youtube.com\/channel\/UCgtcny5ljhiXu-yvOiAlpRA"],"url":"https:\/\/www.textilegence.com\/en\/author\/yms\/"}]}},"_links":{"self":[{"href":"https:\/\/www.textilegence.com\/en\/wp-json\/wp\/v2\/posts\/62622","targetHints":{"allow":["GET"]}}],"collection":[{"href":"https:\/\/www.textilegence.com\/en\/wp-json\/wp\/v2\/posts"}],"about":[{"href":"https:\/\/www.textilegence.com\/en\/wp-json\/wp\/v2\/types\/post"}],"author":[{"embeddable":true,"href":"https:\/\/www.textilegence.com\/en\/wp-json\/wp\/v2\/users\/26"}],"replies":[{"embeddable":true,"href":"https:\/\/www.textilegence.com\/en\/wp-json\/wp\/v2\/comments?post=62622"}],"version-history":[{"count":0,"href":"https:\/\/www.textilegence.com\/en\/wp-json\/wp\/v2\/posts\/62622\/revisions"}],"wp:featuredmedia":[{"embeddable":true,"href":"https:\/\/www.textilegence.com\/en\/wp-json\/wp\/v2\/media\/62620"}],"wp:attachment":[{"href":"https:\/\/www.textilegence.com\/en\/wp-json\/wp\/v2\/media?parent=62622"}],"wp:term":[{"taxonomy":"category","embeddable":true,"href":"https:\/\/www.textilegence.com\/en\/wp-json\/wp\/v2\/categories?post=62622"},{"taxonomy":"post_tag","embeddable":true,"href":"https:\/\/www.textilegence.com\/en\/wp-json\/wp\/v2\/tags?post=62622"}],"curies":[{"name":"wp","href":"https:\/\/api.w.org\/{rel}","templated":true}]}}