{"id":62715,"date":"2025-08-19T16:25:07","date_gmt":"2025-08-19T13:25:07","guid":{"rendered":"http:\/\/www.textilegence.com\/?p=62715"},"modified":"2025-08-19T16:25:17","modified_gmt":"2025-08-19T13:25:17","slug":"turkish-textile-industry-to-offer-a-unique-experience-at-texhibition","status":"publish","type":"post","link":"https:\/\/www.textilegence.com\/en\/turkish-textile-industry-to-offer-a-unique-experience-at-texhibition\/","title":{"rendered":"Turkish textile industry to offer a unique experience at Texhibition"},"content":{"rendered":"\n<p>The Texhibition Istanbul Textile, Yarn, and Accessories <a href=\"https:\/\/www.texhibitionist.com\" target=\"_blank\" rel=\"noreferrer noopener\">Fair<\/a> will open its doors at the Istanbul Fair Center from September 10\u201312, 2025. Organized by the Istanbul Textile and Raw Materials Exporters&#8217; Association (\u0130TH\u0130B) and \u0130TK\u0130B Fuarc\u0131l\u0131k A.\u015e., the fair stands out for its innovative scope, expanding global participation, and strategic business opportunities it offers.\u00a0\u00a0<\/p>\n\n\n\n<p>This year, the fair will bring together again all supply chain actors under one roof with a wide range of products including woven, knitted, denim, embroidery, and textile accessories. It will also introduce industry professionals to various alternatives, from organic and ecological fabrics to recycled sustainable products. Texhibition Istanbul, where Turkish textiles will be showcased in terms of both design and technical capacity, will offer visitors an inspiring experience.&nbsp;&nbsp;<\/p>\n\n\n\n<h2 class=\"wp-block-heading\" id=\"h-texhibition-will-enrich-the-fair-experience-with-its-special-areas-this-year-as-well-nbsp\"><strong>Texhibition will enrich the fair experience with its special areas this year as well<\/strong>&nbsp;<\/h2>\n\n\n\n<p>Texhibition Istanbul&#8217;s popular special areas, such as Trends Lab, Innovation Hub, Blue Black, and ReValue Stock Hub, will once again take fair visitors on a journey of discovery in its eighth season.&nbsp;&nbsp;<\/p>\n\n\n\n<p>Circular fashion, biomaterials, smart textiles, sustainable designs, and fabrics that combine aesthetics and functionality will be featured in the Trends Lab, while Blue Black will showcase T\u00fcrkiye&#8217;s global strength in denim production with live runway <a href=\"https:\/\/www.textilegence.com\/en\/category\/trade-fairs\/\" target=\"_blank\" rel=\"noreferrer noopener\">shows<\/a>. The area, which will shed light on aesthetic and sustainability trends in the denim industry, will offer visitors a powerful platform from both a visual and commercial perspective.\u00a0\u00a0<\/p>\n\n\n\n<p>ReValue Stock Hub will bring surplus fabrics together with global buyers, reflecting the circular economy model in the textile industry. The area, which creates both economic and environmental value, will introduce business models that raise awareness about resource efficiency.&nbsp;&nbsp;<\/p>\n\n\n\n<p>The Innovation Hub, one of the most dynamic sections of Texhibition, will bring together the latest technological developments and innovative material uses in the industry. By combining material science with design, the Innovation Hub will offer industry professionals the opportunity to experience the production methods of the future today.<\/p>\n","protected":false},"excerpt":{"rendered":"<p>The Texhibition Istanbul Textile, Yarn, and Accessories Fair will open its doors at the Istanbul Fair Center from September 10\u201312, 2025. Organized by the Istanbul Textile and Raw Materials Exporters&#8217; Association (\u0130TH\u0130B) and \u0130TK\u0130B Fuarc\u0131l\u0131k A.\u015e., the fair stands out for its innovative scope, expanding global participation, and strategic business opportunities it offers.\u00a0\u00a0 This year, [&hellip;]<\/p>\n","protected":false},"author":8,"featured_media":62713,"comment_status":"closed","ping_status":"closed","sticky":false,"template":"","format":"standard","meta":{"footnotes":""},"categories":[9845],"tags":[15032,10369,12450,12448],"class_list":{"0":"post-62715","1":"post","2":"type-post","3":"status-publish","4":"format-standard","5":"has-post-thumbnail","7":"category-trade-fairs","8":"tag-texhibition-istanbul","9":"tag-textile-news-en","10":"tag-topical","11":"tag-trade-fairs"},"yoast_head":"<!-- This site is optimized with the Yoast SEO Premium plugin v27.3 (Yoast SEO v27.3) - https:\/\/yoast.com\/product\/yoast-seo-premium-wordpress\/ -->\n<title>Turkish textile industry to offer a unique experience at Texhibition - Textilegence<\/title>\n<meta name=\"description\" content=\"The Texhibition Istanbul Textile, Yarn, and Accessories Fair will open its doors at the Istanbul Fair Center from September 10\u201312, 2025...\" \/>\n<meta name=\"robots\" content=\"index, follow, max-snippet:-1, max-image-preview:large, max-video-preview:-1\" \/>\n<link rel=\"canonical\" href=\"https:\/\/www.textilegence.com\/en\/turkish-textile-industry-to-offer-a-unique-experience-at-texhibition\/\" \/>\n<meta property=\"og:locale\" content=\"en_US\" \/>\n<meta property=\"og:type\" content=\"article\" \/>\n<meta property=\"og:title\" content=\"Turkish textile industry to offer a unique experience at Texhibition\" \/>\n<meta property=\"og:description\" content=\"The Texhibition Istanbul Textile, Yarn, and Accessories Fair will open its doors at the Istanbul Fair Center from September 10\u201312, 2025. Organized by the\" \/>\n<meta property=\"og:url\" content=\"https:\/\/www.textilegence.com\/en\/turkish-textile-industry-to-offer-a-unique-experience-at-texhibition\/\" \/>\n<meta property=\"og:site_name\" content=\"Textilegence Magazine and Digital Platform\" \/>\n<meta property=\"article:publisher\" content=\"https:\/\/www.facebook.com\/TextilegenceMagazine\" \/>\n<meta property=\"article:author\" content=\"https:\/\/www.facebook.com\/TextilegenceMagazine\" \/>\n<meta property=\"article:published_time\" content=\"2025-08-19T13:25:07+00:00\" \/>\n<meta property=\"article:modified_time\" content=\"2025-08-19T13:25:17+00:00\" \/>\n<meta property=\"og:image\" content=\"https:\/\/www.textilegence.com\/wp-content\/uploads\/2025\/08\/Haber-Gorseli-9.jpg\" \/>\n\t<meta property=\"og:image:width\" content=\"1920\" \/>\n\t<meta property=\"og:image:height\" content=\"1080\" \/>\n\t<meta property=\"og:image:type\" content=\"image\/jpeg\" \/>\n<meta name=\"author\" content=\"Fatih Cengiarslan\" \/>\n<meta name=\"twitter:card\" content=\"summary_large_image\" \/>\n<meta name=\"twitter:creator\" content=\"@https:\/\/twitter.com\/textilegence\" \/>\n<meta name=\"twitter:site\" content=\"@textilegence\" \/>\n<meta name=\"twitter:label1\" content=\"Written by\" \/>\n\t<meta name=\"twitter:data1\" content=\"Fatih Cengiarslan\" \/>\n\t<meta name=\"twitter:label2\" content=\"Est. reading time\" \/>\n\t<meta name=\"twitter:data2\" content=\"3 minutes\" \/>\n<script type=\"application\/ld+json\" class=\"yoast-schema-graph\">{\"@context\":\"https:\\\/\\\/schema.org\",\"@graph\":[{\"@type\":\"NewsArticle\",\"@id\":\"https:\\\/\\\/www.textilegence.com\\\/en\\\/turkish-textile-industry-to-offer-a-unique-experience-at-texhibition\\\/#article\",\"isPartOf\":{\"@id\":\"https:\\\/\\\/www.textilegence.com\\\/en\\\/turkish-textile-industry-to-offer-a-unique-experience-at-texhibition\\\/\"},\"author\":{\"name\":\"Fatih Cengiarslan\",\"@id\":\"https:\\\/\\\/www.textilegence.com\\\/en\\\/#\\\/schema\\\/person\\\/1c3977109f8a6e1e2b95678836d75cb7\"},\"headline\":\"Turkish textile industry to offer a unique experience at Texhibition\",\"datePublished\":\"2025-08-19T13:25:07+00:00\",\"dateModified\":\"2025-08-19T13:25:17+00:00\",\"mainEntityOfPage\":{\"@id\":\"https:\\\/\\\/www.textilegence.com\\\/en\\\/turkish-textile-industry-to-offer-a-unique-experience-at-texhibition\\\/\"},\"wordCount\":342,\"publisher\":{\"@id\":\"https:\\\/\\\/www.textilegence.com\\\/en\\\/#organization\"},\"image\":{\"@id\":\"https:\\\/\\\/www.textilegence.com\\\/en\\\/turkish-textile-industry-to-offer-a-unique-experience-at-texhibition\\\/#primaryimage\"},\"thumbnailUrl\":\"https:\\\/\\\/www.textilegence.com\\\/wp-content\\\/uploads\\\/2025\\\/08\\\/Haber-Gorseli-9.jpg\",\"keywords\":[\"texhibition istanbul\",\"textile news\",\"topical\",\"trade fairs\"],\"articleSection\":[\"Trade Fairs\"],\"inLanguage\":\"en-US\"},{\"@type\":\"WebPage\",\"@id\":\"https:\\\/\\\/www.textilegence.com\\\/en\\\/turkish-textile-industry-to-offer-a-unique-experience-at-texhibition\\\/\",\"url\":\"https:\\\/\\\/www.textilegence.com\\\/en\\\/turkish-textile-industry-to-offer-a-unique-experience-at-texhibition\\\/\",\"name\":\"Turkish textile industry to offer a unique experience at Texhibition - Textilegence\",\"isPartOf\":{\"@id\":\"https:\\\/\\\/www.textilegence.com\\\/en\\\/#website\"},\"primaryImageOfPage\":{\"@id\":\"https:\\\/\\\/www.textilegence.com\\\/en\\\/turkish-textile-industry-to-offer-a-unique-experience-at-texhibition\\\/#primaryimage\"},\"image\":{\"@id\":\"https:\\\/\\\/www.textilegence.com\\\/en\\\/turkish-textile-industry-to-offer-a-unique-experience-at-texhibition\\\/#primaryimage\"},\"thumbnailUrl\":\"https:\\\/\\\/www.textilegence.com\\\/wp-content\\\/uploads\\\/2025\\\/08\\\/Haber-Gorseli-9.jpg\",\"datePublished\":\"2025-08-19T13:25:07+00:00\",\"dateModified\":\"2025-08-19T13:25:17+00:00\",\"description\":\"The Texhibition Istanbul Textile, Yarn, and Accessories Fair will open its doors at the Istanbul Fair Center from September 10\u201312, 2025...\",\"breadcrumb\":{\"@id\":\"https:\\\/\\\/www.textilegence.com\\\/en\\\/turkish-textile-industry-to-offer-a-unique-experience-at-texhibition\\\/#breadcrumb\"},\"inLanguage\":\"en-US\",\"potentialAction\":[{\"@type\":\"ReadAction\",\"target\":[\"https:\\\/\\\/www.textilegence.com\\\/en\\\/turkish-textile-industry-to-offer-a-unique-experience-at-texhibition\\\/\"]}]},{\"@type\":\"ImageObject\",\"inLanguage\":\"en-US\",\"@id\":\"https:\\\/\\\/www.textilegence.com\\\/en\\\/turkish-textile-industry-to-offer-a-unique-experience-at-texhibition\\\/#primaryimage\",\"url\":\"https:\\\/\\\/www.textilegence.com\\\/wp-content\\\/uploads\\\/2025\\\/08\\\/Haber-Gorseli-9.jpg\",\"contentUrl\":\"https:\\\/\\\/www.textilegence.com\\\/wp-content\\\/uploads\\\/2025\\\/08\\\/Haber-Gorseli-9.jpg\",\"width\":1920,\"height\":1080,\"caption\":\"Featuring a wide range of products from weaving to knitting, denim to yarn, Texhibition invites visitors to enjoy a rich exhibition experience with special areas such as Trends Lab Image Source: Texhibition\"},{\"@type\":\"BreadcrumbList\",\"@id\":\"https:\\\/\\\/www.textilegence.com\\\/en\\\/turkish-textile-industry-to-offer-a-unique-experience-at-texhibition\\\/#breadcrumb\",\"itemListElement\":[{\"@type\":\"ListItem\",\"position\":1,\"name\":\"Home Page\",\"item\":\"https:\\\/\\\/www.textilegence.com\\\/en\\\/homepage-the-rimont\\\/\"},{\"@type\":\"ListItem\",\"position\":2,\"name\":\"Trade Fairs\",\"item\":\"https:\\\/\\\/www.textilegence.com\\\/en\\\/category\\\/trade-fairs\\\/\"},{\"@type\":\"ListItem\",\"position\":3,\"name\":\"Turkish textile industry to offer a unique experience at Texhibition\"}]},{\"@type\":\"WebSite\",\"@id\":\"https:\\\/\\\/www.textilegence.com\\\/en\\\/#website\",\"url\":\"https:\\\/\\\/www.textilegence.com\\\/en\\\/\",\"name\":\"Textilegence Magazine and Digital Platform\",\"description\":\"Textile News Center\",\"publisher\":{\"@id\":\"https:\\\/\\\/www.textilegence.com\\\/en\\\/#organization\"},\"potentialAction\":[{\"@type\":\"SearchAction\",\"target\":{\"@type\":\"EntryPoint\",\"urlTemplate\":\"https:\\\/\\\/www.textilegence.com\\\/en\\\/?s={search_term_string}\"},\"query-input\":{\"@type\":\"PropertyValueSpecification\",\"valueRequired\":true,\"valueName\":\"search_term_string\"}}],\"inLanguage\":\"en-US\"},{\"@type\":\"Organization\",\"@id\":\"https:\\\/\\\/www.textilegence.com\\\/en\\\/#organization\",\"name\":\"Textilegence Magazine and Digital Platform\",\"url\":\"https:\\\/\\\/www.textilegence.com\\\/en\\\/\",\"logo\":{\"@type\":\"ImageObject\",\"inLanguage\":\"en-US\",\"@id\":\"https:\\\/\\\/www.textilegence.com\\\/en\\\/#\\\/schema\\\/logo\\\/image\\\/\",\"url\":\"https:\\\/\\\/www.textilegence.com\\\/wp-content\\\/uploads\\\/2016\\\/11\\\/New_Retina_Logo_Textilegence.png\",\"contentUrl\":\"https:\\\/\\\/www.textilegence.com\\\/wp-content\\\/uploads\\\/2016\\\/11\\\/New_Retina_Logo_Textilegence.png\",\"width\":544,\"height\":180,\"caption\":\"Textilegence Magazine and Digital Platform\"},\"image\":{\"@id\":\"https:\\\/\\\/www.textilegence.com\\\/en\\\/#\\\/schema\\\/logo\\\/image\\\/\"},\"sameAs\":[\"https:\\\/\\\/www.facebook.com\\\/TextilegenceMagazine\",\"https:\\\/\\\/x.com\\\/textilegence\",\"https:\\\/\\\/www.instagram.com\\\/textilegence\\\/\",\"https:\\\/\\\/www.linkedin.com\\\/groups\\\/Textilegence-Magazine-Digital-Platform-4897253\",\"https:\\\/\\\/www.youtube.com\\\/user\\\/textilegence\"],\"description\":\"Textilegence is a magazine and digital platform established in 2013. It focuses on the textile industry and sub-segments. The platform provides news, articles, and updates on various aspects of the textile industry, including sustainability, technological advancements, and market trends.\",\"email\":\"editor@textilegence.com\",\"telephone\":\"+90 212 442 24 12\",\"legalName\":\"Textilegence Mag and Digital Platform\",\"foundingDate\":\"2013-01-01\",\"numberOfEmployees\":{\"@type\":\"QuantitativeValue\",\"minValue\":\"1\",\"maxValue\":\"10\"}},{\"@type\":\"Person\",\"@id\":\"https:\\\/\\\/www.textilegence.com\\\/en\\\/#\\\/schema\\\/person\\\/1c3977109f8a6e1e2b95678836d75cb7\",\"name\":\"Fatih Cengiarslan\",\"image\":{\"@type\":\"ImageObject\",\"inLanguage\":\"en-US\",\"@id\":\"https:\\\/\\\/www.textilegence.com\\\/wp-content\\\/uploads\\\/2018\\\/12\\\/fatih-cengiarslan.jpg\",\"url\":\"https:\\\/\\\/www.textilegence.com\\\/wp-content\\\/uploads\\\/2018\\\/12\\\/fatih-cengiarslan.jpg\",\"contentUrl\":\"https:\\\/\\\/www.textilegence.com\\\/wp-content\\\/uploads\\\/2018\\\/12\\\/fatih-cengiarslan.jpg\",\"caption\":\"Fatih Cengiarslan\"},\"description\":\"Fatih Cengiarslan; Akademik \u0130ngilizce e\u011fitimini Bat\u0131 Avustralya \u00dcniversitesi\u2019nde tamamlad\u0131ktan sonra T\u00fcrkiye\u2019ye d\u00f6nerek \u0130stanbul Ayd\u0131n \u00dcniversitesi\u2019nde \u0130nternet Gazetecili\u011fi ve Yay\u0131nc\u0131l\u0131k b\u00f6l\u00fcm\u00fcn\u00fc bitirip, Litvanya \u2013 Kaunas Teknoloji \u00dcniversitesi\u2019nde interaktif media \u00fczerine 8 ayl\u0131k e\u011fitim ald\u0131. Daha sonra Eski\u015fehir Anadolu \u00dcniversitesi girerek \u0130\u015fletme Fak\u00fcltesini ba\u015far\u0131yla tamamlad\u0131. CNNTURK\u2019 kanal\u0131nda staj\u0131n\u0131 tamamlad\u0131ktan sonra Referans Gazetesi\u2019nde \u00e7al\u0131\u015fmaya ba\u015flad\u0131. 2 y\u0131l sonra Textilegence markas\u0131yla tekstil end\u00fcstrisine y\u00f6nelik kendi medyas\u0131n\u0131 kurdu. \u015eu anda Textilegence.com, Printing3D ve NEFA PR Ajans\u0131\u2019n\u0131n 12 y\u0131ld\u0131r y\u00f6netimini yapmaktad\u0131r.\",\"sameAs\":[\"https:\\\/\\\/www.textilegence.com\",\"https:\\\/\\\/www.facebook.com\\\/TextilegenceMagazine\",\"https:\\\/\\\/www.instagram.com\\\/textilegence\\\/\",\"https:\\\/\\\/www.linkedin.com\\\/in\\\/fatih-cengiarslan-32352265\\\/\",\"https:\\\/\\\/x.com\\\/https:\\\/\\\/twitter.com\\\/textilegence\"],\"url\":\"https:\\\/\\\/www.textilegence.com\\\/en\\\/author\\\/admin\\\/\"}]}<\/script>\n<!-- \/ Yoast SEO Premium plugin. -->","yoast_head_json":{"title":"Turkish textile industry to offer a unique experience at Texhibition - Textilegence","description":"The Texhibition Istanbul Textile, Yarn, and Accessories Fair will open its doors at the Istanbul Fair Center from September 10\u201312, 2025...","robots":{"index":"index","follow":"follow","max-snippet":"max-snippet:-1","max-image-preview":"max-image-preview:large","max-video-preview":"max-video-preview:-1"},"canonical":"https:\/\/www.textilegence.com\/en\/turkish-textile-industry-to-offer-a-unique-experience-at-texhibition\/","og_locale":"en_US","og_type":"article","og_title":"Turkish textile industry to offer a unique experience at Texhibition","og_description":"The Texhibition Istanbul Textile, Yarn, and Accessories Fair will open its doors at the Istanbul Fair Center from September 10\u201312, 2025. Organized by the","og_url":"https:\/\/www.textilegence.com\/en\/turkish-textile-industry-to-offer-a-unique-experience-at-texhibition\/","og_site_name":"Textilegence Magazine and Digital Platform","article_publisher":"https:\/\/www.facebook.com\/TextilegenceMagazine","article_author":"https:\/\/www.facebook.com\/TextilegenceMagazine","article_published_time":"2025-08-19T13:25:07+00:00","article_modified_time":"2025-08-19T13:25:17+00:00","og_image":[{"width":1920,"height":1080,"url":"https:\/\/www.textilegence.com\/wp-content\/uploads\/2025\/08\/Haber-Gorseli-9.jpg","type":"image\/jpeg"}],"author":"Fatih Cengiarslan","twitter_card":"summary_large_image","twitter_creator":"@https:\/\/twitter.com\/textilegence","twitter_site":"@textilegence","twitter_misc":{"Written by":"Fatih Cengiarslan","Est. reading time":"3 minutes"},"schema":{"@context":"https:\/\/schema.org","@graph":[{"@type":"NewsArticle","@id":"https:\/\/www.textilegence.com\/en\/turkish-textile-industry-to-offer-a-unique-experience-at-texhibition\/#article","isPartOf":{"@id":"https:\/\/www.textilegence.com\/en\/turkish-textile-industry-to-offer-a-unique-experience-at-texhibition\/"},"author":{"name":"Fatih Cengiarslan","@id":"https:\/\/www.textilegence.com\/en\/#\/schema\/person\/1c3977109f8a6e1e2b95678836d75cb7"},"headline":"Turkish textile industry to offer a unique experience at Texhibition","datePublished":"2025-08-19T13:25:07+00:00","dateModified":"2025-08-19T13:25:17+00:00","mainEntityOfPage":{"@id":"https:\/\/www.textilegence.com\/en\/turkish-textile-industry-to-offer-a-unique-experience-at-texhibition\/"},"wordCount":342,"publisher":{"@id":"https:\/\/www.textilegence.com\/en\/#organization"},"image":{"@id":"https:\/\/www.textilegence.com\/en\/turkish-textile-industry-to-offer-a-unique-experience-at-texhibition\/#primaryimage"},"thumbnailUrl":"https:\/\/www.textilegence.com\/wp-content\/uploads\/2025\/08\/Haber-Gorseli-9.jpg","keywords":["texhibition istanbul","textile news","topical","trade fairs"],"articleSection":["Trade Fairs"],"inLanguage":"en-US"},{"@type":"WebPage","@id":"https:\/\/www.textilegence.com\/en\/turkish-textile-industry-to-offer-a-unique-experience-at-texhibition\/","url":"https:\/\/www.textilegence.com\/en\/turkish-textile-industry-to-offer-a-unique-experience-at-texhibition\/","name":"Turkish textile industry to offer a unique experience at Texhibition - Textilegence","isPartOf":{"@id":"https:\/\/www.textilegence.com\/en\/#website"},"primaryImageOfPage":{"@id":"https:\/\/www.textilegence.com\/en\/turkish-textile-industry-to-offer-a-unique-experience-at-texhibition\/#primaryimage"},"image":{"@id":"https:\/\/www.textilegence.com\/en\/turkish-textile-industry-to-offer-a-unique-experience-at-texhibition\/#primaryimage"},"thumbnailUrl":"https:\/\/www.textilegence.com\/wp-content\/uploads\/2025\/08\/Haber-Gorseli-9.jpg","datePublished":"2025-08-19T13:25:07+00:00","dateModified":"2025-08-19T13:25:17+00:00","description":"The Texhibition Istanbul Textile, Yarn, and Accessories Fair will open its doors at the Istanbul Fair Center from September 10\u201312, 2025...","breadcrumb":{"@id":"https:\/\/www.textilegence.com\/en\/turkish-textile-industry-to-offer-a-unique-experience-at-texhibition\/#breadcrumb"},"inLanguage":"en-US","potentialAction":[{"@type":"ReadAction","target":["https:\/\/www.textilegence.com\/en\/turkish-textile-industry-to-offer-a-unique-experience-at-texhibition\/"]}]},{"@type":"ImageObject","inLanguage":"en-US","@id":"https:\/\/www.textilegence.com\/en\/turkish-textile-industry-to-offer-a-unique-experience-at-texhibition\/#primaryimage","url":"https:\/\/www.textilegence.com\/wp-content\/uploads\/2025\/08\/Haber-Gorseli-9.jpg","contentUrl":"https:\/\/www.textilegence.com\/wp-content\/uploads\/2025\/08\/Haber-Gorseli-9.jpg","width":1920,"height":1080,"caption":"Featuring a wide range of products from weaving to knitting, denim to yarn, Texhibition invites visitors to enjoy a rich exhibition experience with special areas such as Trends Lab Image Source: Texhibition"},{"@type":"BreadcrumbList","@id":"https:\/\/www.textilegence.com\/en\/turkish-textile-industry-to-offer-a-unique-experience-at-texhibition\/#breadcrumb","itemListElement":[{"@type":"ListItem","position":1,"name":"Home Page","item":"https:\/\/www.textilegence.com\/en\/homepage-the-rimont\/"},{"@type":"ListItem","position":2,"name":"Trade Fairs","item":"https:\/\/www.textilegence.com\/en\/category\/trade-fairs\/"},{"@type":"ListItem","position":3,"name":"Turkish textile industry to offer a unique experience at Texhibition"}]},{"@type":"WebSite","@id":"https:\/\/www.textilegence.com\/en\/#website","url":"https:\/\/www.textilegence.com\/en\/","name":"Textilegence Magazine and Digital Platform","description":"Textile News Center","publisher":{"@id":"https:\/\/www.textilegence.com\/en\/#organization"},"potentialAction":[{"@type":"SearchAction","target":{"@type":"EntryPoint","urlTemplate":"https:\/\/www.textilegence.com\/en\/?s={search_term_string}"},"query-input":{"@type":"PropertyValueSpecification","valueRequired":true,"valueName":"search_term_string"}}],"inLanguage":"en-US"},{"@type":"Organization","@id":"https:\/\/www.textilegence.com\/en\/#organization","name":"Textilegence Magazine and Digital Platform","url":"https:\/\/www.textilegence.com\/en\/","logo":{"@type":"ImageObject","inLanguage":"en-US","@id":"https:\/\/www.textilegence.com\/en\/#\/schema\/logo\/image\/","url":"https:\/\/www.textilegence.com\/wp-content\/uploads\/2016\/11\/New_Retina_Logo_Textilegence.png","contentUrl":"https:\/\/www.textilegence.com\/wp-content\/uploads\/2016\/11\/New_Retina_Logo_Textilegence.png","width":544,"height":180,"caption":"Textilegence Magazine and Digital Platform"},"image":{"@id":"https:\/\/www.textilegence.com\/en\/#\/schema\/logo\/image\/"},"sameAs":["https:\/\/www.facebook.com\/TextilegenceMagazine","https:\/\/x.com\/textilegence","https:\/\/www.instagram.com\/textilegence\/","https:\/\/www.linkedin.com\/groups\/Textilegence-Magazine-Digital-Platform-4897253","https:\/\/www.youtube.com\/user\/textilegence"],"description":"Textilegence is a magazine and digital platform established in 2013. It focuses on the textile industry and sub-segments. The platform provides news, articles, and updates on various aspects of the textile industry, including sustainability, technological advancements, and market trends.","email":"editor@textilegence.com","telephone":"+90 212 442 24 12","legalName":"Textilegence Mag and Digital Platform","foundingDate":"2013-01-01","numberOfEmployees":{"@type":"QuantitativeValue","minValue":"1","maxValue":"10"}},{"@type":"Person","@id":"https:\/\/www.textilegence.com\/en\/#\/schema\/person\/1c3977109f8a6e1e2b95678836d75cb7","name":"Fatih Cengiarslan","image":{"@type":"ImageObject","inLanguage":"en-US","@id":"https:\/\/www.textilegence.com\/wp-content\/uploads\/2018\/12\/fatih-cengiarslan.jpg","url":"https:\/\/www.textilegence.com\/wp-content\/uploads\/2018\/12\/fatih-cengiarslan.jpg","contentUrl":"https:\/\/www.textilegence.com\/wp-content\/uploads\/2018\/12\/fatih-cengiarslan.jpg","caption":"Fatih Cengiarslan"},"description":"Fatih Cengiarslan; Akademik \u0130ngilizce e\u011fitimini Bat\u0131 Avustralya \u00dcniversitesi\u2019nde tamamlad\u0131ktan sonra T\u00fcrkiye\u2019ye d\u00f6nerek \u0130stanbul Ayd\u0131n \u00dcniversitesi\u2019nde \u0130nternet Gazetecili\u011fi ve Yay\u0131nc\u0131l\u0131k b\u00f6l\u00fcm\u00fcn\u00fc bitirip, Litvanya \u2013 Kaunas Teknoloji \u00dcniversitesi\u2019nde interaktif media \u00fczerine 8 ayl\u0131k e\u011fitim ald\u0131. Daha sonra Eski\u015fehir Anadolu \u00dcniversitesi girerek \u0130\u015fletme Fak\u00fcltesini ba\u015far\u0131yla tamamlad\u0131. CNNTURK\u2019 kanal\u0131nda staj\u0131n\u0131 tamamlad\u0131ktan sonra Referans Gazetesi\u2019nde \u00e7al\u0131\u015fmaya ba\u015flad\u0131. 2 y\u0131l sonra Textilegence markas\u0131yla tekstil end\u00fcstrisine y\u00f6nelik kendi medyas\u0131n\u0131 kurdu. \u015eu anda Textilegence.com, Printing3D ve NEFA PR Ajans\u0131\u2019n\u0131n 12 y\u0131ld\u0131r y\u00f6netimini yapmaktad\u0131r.","sameAs":["https:\/\/www.textilegence.com","https:\/\/www.facebook.com\/TextilegenceMagazine","https:\/\/www.instagram.com\/textilegence\/","https:\/\/www.linkedin.com\/in\/fatih-cengiarslan-32352265\/","https:\/\/x.com\/https:\/\/twitter.com\/textilegence"],"url":"https:\/\/www.textilegence.com\/en\/author\/admin\/"}]}},"_links":{"self":[{"href":"https:\/\/www.textilegence.com\/en\/wp-json\/wp\/v2\/posts\/62715","targetHints":{"allow":["GET"]}}],"collection":[{"href":"https:\/\/www.textilegence.com\/en\/wp-json\/wp\/v2\/posts"}],"about":[{"href":"https:\/\/www.textilegence.com\/en\/wp-json\/wp\/v2\/types\/post"}],"author":[{"embeddable":true,"href":"https:\/\/www.textilegence.com\/en\/wp-json\/wp\/v2\/users\/8"}],"replies":[{"embeddable":true,"href":"https:\/\/www.textilegence.com\/en\/wp-json\/wp\/v2\/comments?post=62715"}],"version-history":[{"count":0,"href":"https:\/\/www.textilegence.com\/en\/wp-json\/wp\/v2\/posts\/62715\/revisions"}],"wp:featuredmedia":[{"embeddable":true,"href":"https:\/\/www.textilegence.com\/en\/wp-json\/wp\/v2\/media\/62713"}],"wp:attachment":[{"href":"https:\/\/www.textilegence.com\/en\/wp-json\/wp\/v2\/media?parent=62715"}],"wp:term":[{"taxonomy":"category","embeddable":true,"href":"https:\/\/www.textilegence.com\/en\/wp-json\/wp\/v2\/categories?post=62715"},{"taxonomy":"post_tag","embeddable":true,"href":"https:\/\/www.textilegence.com\/en\/wp-json\/wp\/v2\/tags?post=62715"}],"curies":[{"name":"wp","href":"https:\/\/api.w.org\/{rel}","templated":true}]}}