{"id":62966,"date":"2025-09-22T17:25:53","date_gmt":"2025-09-22T14:25:53","guid":{"rendered":"http:\/\/www.textilegence.com\/?p=62966"},"modified":"2025-09-22T17:26:09","modified_gmt":"2025-09-22T14:26:09","slug":"garanti-bbva-and-ivy-decarb-join-forces-for-sustainable-transformation-in-textile","status":"publish","type":"post","link":"https:\/\/www.textilegence.com\/en\/garanti-bbva-and-ivy-decarb-join-forces-for-sustainable-transformation-in-textile\/","title":{"rendered":"Garanti BBVA and Ivy Decarb join forces for sustainable transformation in textile"},"content":{"rendered":"\n<p>Garanti BBVA hosted a major event in collaboration with the Ivy Decarb <a href=\"https:\/\/ivydecarb.com\" target=\"_blank\" rel=\"noreferrer noopener\">Marketplace<\/a> to support the acceleration of <a href=\"https:\/\/www.textilegence.com\/en\/category\/green-times\/\" target=\"_blank\" rel=\"noreferrer noopener\">sustainable transformation<\/a> in T\u00fcrkiye\u2019s textile and apparel sector, one of the country\u2019s most important export industries. The event gathered representatives from TEMSAD, \u0130HK\u0130B, \u0130TH\u0130B, T\u0130M, local manufacturers, and European brands to discuss the role of finance and technology in transitioning to low-carbon production. As a participating financial institution on the platform, the bank will support companies in achieving their decarbonization targets.\u00a0<\/p>\n\n\n\n<h2 class=\"wp-block-heading\" id=\"h-garanti-bbva-financing-option-for-machinery-and-equipment-on-ivy-decarb-platform-nbsp\"><strong>Garanti BBVA financing option for machinery and equipment on Ivy Decarb platform<\/strong>&nbsp;<\/h2>\n\n\n\n<p>Garanti BBVA will be listed among the banks providing financing for machinery and equipment purchases on the Ivy Decarb platform. Companies choosing Garanti BBVA through the platform will be able to access credit digitally. Firms that are not yet bank customers can also quickly and easily register online. Those unable to complete the process digitally can contact the bank via the communication channels listed on Garanti BBVA\u2019s website.&nbsp;<\/p>\n\n\n\n<p>Environmental impacts of investments and carbon reduction plans can be transparently monitored by companies through the Ivy platform. The largely digital management of processes offers speed and accessibility advantages to businesses.&nbsp;<\/p>\n\n\n\n<h2 class=\"wp-block-heading\" id=\"h-sustainability-is-no-longer-just-an-environmental-issue-it-is-business-itself-nbsp\"><strong>\u201cSustainability is no longer just an environmental issue\u2014it is business itself\u201d<\/strong>&nbsp;<\/h2>\n\n\n\n<p>Speaking at the opening of the event, Garanti BBVA CEO Mahmut Akten emphasized that sustainable finance is critical not only for environmental goals but also for economic development. Akten stated: \u201cTransitioning to a low-carbon economy and accelerating sustainable transformation in the industrial sectors is essential not only to achieve environmental objectives but also to secure long-term competitiveness. Today, we know that sustainability is no longer just an environmental issue\u2014it is business itself. It is clear that meaningful and lasting transformation cannot occur without a solid financial infrastructure. That is why we have placed sustainable finance at the core of Garanti BBVA\u2019s strategy. We completed our commitment to provide 400 billion TRY in sustainable finance between 2018\u20132025 in early 2025, and have now set an expanded target of 3.5 trillion TRY for 2018\u20132029. We will continue to support Turkish textile companies in implementing decarbonization plans and maintaining their competitive edge with this financial capacity.\u201d&nbsp;<\/p>\n","protected":false},"excerpt":{"rendered":"<p>Garanti BBVA hosted a major event in collaboration with the Ivy Decarb Marketplace to support the acceleration of sustainable transformation in T\u00fcrkiye\u2019s textile and apparel sector, one of the country\u2019s most important export industries. The event gathered representatives from TEMSAD, \u0130HK\u0130B, \u0130TH\u0130B, T\u0130M, local manufacturers, and European brands to discuss the role of finance and [&hellip;]<\/p>\n","protected":false},"author":8,"featured_media":62964,"comment_status":"closed","ping_status":"closed","sticky":false,"template":"","format":"standard","meta":{"footnotes":""},"categories":[14912],"tags":[11143,10775,10369],"class_list":{"0":"post-62966","1":"post","2":"type-post","3":"status-publish","4":"format-standard","5":"has-post-thumbnail","7":"category-green-times","8":"tag-sustainability-en","9":"tag-textile-investment","10":"tag-textile-news-en"},"yoast_head":"<!-- This site is optimized with the Yoast SEO Premium plugin v27.3 (Yoast SEO v27.3) - https:\/\/yoast.com\/product\/yoast-seo-premium-wordpress\/ -->\n<title>Garanti BBVA and Ivy Decarb join forces for sustainable transformation in textile - Textilegence<\/title>\n<meta name=\"description\" content=\"Garanti BBVA hosted a major event in collaboration with the Ivy Decarb Marketplace to support the acceleration of sustainable...\" \/>\n<meta name=\"robots\" content=\"index, follow, max-snippet:-1, max-image-preview:large, max-video-preview:-1\" \/>\n<link rel=\"canonical\" href=\"https:\/\/www.textilegence.com\/en\/garanti-bbva-and-ivy-decarb-join-forces-for-sustainable-transformation-in-textile\/\" \/>\n<meta property=\"og:locale\" content=\"en_US\" \/>\n<meta property=\"og:type\" content=\"article\" \/>\n<meta property=\"og:title\" content=\"Garanti BBVA and Ivy Decarb join forces for sustainable transformation in textile\" \/>\n<meta property=\"og:description\" content=\"Garanti BBVA hosted a major event in collaboration with the Ivy Decarb Marketplace to support the acceleration of sustainable transformation in T\u00fcrkiye\u2019s\" \/>\n<meta property=\"og:url\" content=\"https:\/\/www.textilegence.com\/en\/garanti-bbva-and-ivy-decarb-join-forces-for-sustainable-transformation-in-textile\/\" \/>\n<meta property=\"og:site_name\" content=\"Textilegence Magazine and Digital Platform\" \/>\n<meta property=\"article:publisher\" content=\"https:\/\/www.facebook.com\/TextilegenceMagazine\" \/>\n<meta property=\"article:author\" content=\"https:\/\/www.facebook.com\/TextilegenceMagazine\" \/>\n<meta property=\"article:published_time\" content=\"2025-09-22T14:25:53+00:00\" \/>\n<meta property=\"article:modified_time\" content=\"2025-09-22T14:26:09+00:00\" \/>\n<meta property=\"og:image\" content=\"https:\/\/www.textilegence.com\/wp-content\/uploads\/2025\/09\/20250911aw536099-0.jpg\" \/>\n\t<meta property=\"og:image:width\" content=\"1600\" \/>\n\t<meta property=\"og:image:height\" content=\"1066\" \/>\n\t<meta property=\"og:image:type\" content=\"image\/jpeg\" \/>\n<meta name=\"author\" content=\"Fatih Cengiarslan\" \/>\n<meta name=\"twitter:card\" content=\"summary_large_image\" \/>\n<meta name=\"twitter:creator\" content=\"@https:\/\/twitter.com\/textilegence\" \/>\n<meta name=\"twitter:site\" content=\"@textilegence\" \/>\n<meta name=\"twitter:label1\" content=\"Written by\" \/>\n\t<meta name=\"twitter:data1\" content=\"Fatih Cengiarslan\" \/>\n\t<meta name=\"twitter:label2\" content=\"Est. reading time\" \/>\n\t<meta name=\"twitter:data2\" content=\"3 minutes\" \/>\n<script type=\"application\/ld+json\" class=\"yoast-schema-graph\">{\"@context\":\"https:\\\/\\\/schema.org\",\"@graph\":[{\"@type\":\"NewsArticle\",\"@id\":\"https:\\\/\\\/www.textilegence.com\\\/en\\\/garanti-bbva-and-ivy-decarb-join-forces-for-sustainable-transformation-in-textile\\\/#article\",\"isPartOf\":{\"@id\":\"https:\\\/\\\/www.textilegence.com\\\/en\\\/garanti-bbva-and-ivy-decarb-join-forces-for-sustainable-transformation-in-textile\\\/\"},\"author\":{\"name\":\"Fatih Cengiarslan\",\"@id\":\"https:\\\/\\\/www.textilegence.com\\\/en\\\/#\\\/schema\\\/person\\\/1c3977109f8a6e1e2b95678836d75cb7\"},\"headline\":\"Garanti BBVA and Ivy Decarb join forces for sustainable transformation in textile\",\"datePublished\":\"2025-09-22T14:25:53+00:00\",\"dateModified\":\"2025-09-22T14:26:09+00:00\",\"mainEntityOfPage\":{\"@id\":\"https:\\\/\\\/www.textilegence.com\\\/en\\\/garanti-bbva-and-ivy-decarb-join-forces-for-sustainable-transformation-in-textile\\\/\"},\"wordCount\":376,\"publisher\":{\"@id\":\"https:\\\/\\\/www.textilegence.com\\\/en\\\/#organization\"},\"image\":{\"@id\":\"https:\\\/\\\/www.textilegence.com\\\/en\\\/garanti-bbva-and-ivy-decarb-join-forces-for-sustainable-transformation-in-textile\\\/#primaryimage\"},\"thumbnailUrl\":\"https:\\\/\\\/www.textilegence.com\\\/wp-content\\\/uploads\\\/2025\\\/09\\\/20250911aw536099-0.jpg\",\"keywords\":[\"sustainability\",\"textile investment\",\"textile news\"],\"articleSection\":[\"Green Times\"],\"inLanguage\":\"en-US\"},{\"@type\":\"WebPage\",\"@id\":\"https:\\\/\\\/www.textilegence.com\\\/en\\\/garanti-bbva-and-ivy-decarb-join-forces-for-sustainable-transformation-in-textile\\\/\",\"url\":\"https:\\\/\\\/www.textilegence.com\\\/en\\\/garanti-bbva-and-ivy-decarb-join-forces-for-sustainable-transformation-in-textile\\\/\",\"name\":\"Garanti BBVA and Ivy Decarb join forces for sustainable transformation in textile - Textilegence\",\"isPartOf\":{\"@id\":\"https:\\\/\\\/www.textilegence.com\\\/en\\\/#website\"},\"primaryImageOfPage\":{\"@id\":\"https:\\\/\\\/www.textilegence.com\\\/en\\\/garanti-bbva-and-ivy-decarb-join-forces-for-sustainable-transformation-in-textile\\\/#primaryimage\"},\"image\":{\"@id\":\"https:\\\/\\\/www.textilegence.com\\\/en\\\/garanti-bbva-and-ivy-decarb-join-forces-for-sustainable-transformation-in-textile\\\/#primaryimage\"},\"thumbnailUrl\":\"https:\\\/\\\/www.textilegence.com\\\/wp-content\\\/uploads\\\/2025\\\/09\\\/20250911aw536099-0.jpg\",\"datePublished\":\"2025-09-22T14:25:53+00:00\",\"dateModified\":\"2025-09-22T14:26:09+00:00\",\"description\":\"Garanti BBVA hosted a major event in collaboration with the Ivy Decarb Marketplace to support the acceleration of sustainable...\",\"breadcrumb\":{\"@id\":\"https:\\\/\\\/www.textilegence.com\\\/en\\\/garanti-bbva-and-ivy-decarb-join-forces-for-sustainable-transformation-in-textile\\\/#breadcrumb\"},\"inLanguage\":\"en-US\",\"potentialAction\":[{\"@type\":\"ReadAction\",\"target\":[\"https:\\\/\\\/www.textilegence.com\\\/en\\\/garanti-bbva-and-ivy-decarb-join-forces-for-sustainable-transformation-in-textile\\\/\"]}]},{\"@type\":\"ImageObject\",\"inLanguage\":\"en-US\",\"@id\":\"https:\\\/\\\/www.textilegence.com\\\/en\\\/garanti-bbva-and-ivy-decarb-join-forces-for-sustainable-transformation-in-textile\\\/#primaryimage\",\"url\":\"https:\\\/\\\/www.textilegence.com\\\/wp-content\\\/uploads\\\/2025\\\/09\\\/20250911aw536099-0.jpg\",\"contentUrl\":\"https:\\\/\\\/www.textilegence.com\\\/wp-content\\\/uploads\\\/2025\\\/09\\\/20250911aw536099-0.jpg\",\"width\":1600,\"height\":1066,\"caption\":\"Garanti BBVA CEO MAHMUT AKTEN (\u0130HA\\\/\u0130STANBUL-\u0130HA)\"},{\"@type\":\"BreadcrumbList\",\"@id\":\"https:\\\/\\\/www.textilegence.com\\\/en\\\/garanti-bbva-and-ivy-decarb-join-forces-for-sustainable-transformation-in-textile\\\/#breadcrumb\",\"itemListElement\":[{\"@type\":\"ListItem\",\"position\":1,\"name\":\"Home Page\",\"item\":\"https:\\\/\\\/www.textilegence.com\\\/en\\\/homepage-the-rimont\\\/\"},{\"@type\":\"ListItem\",\"position\":2,\"name\":\"Green Times\",\"item\":\"https:\\\/\\\/www.textilegence.com\\\/en\\\/category\\\/green-times\\\/\"},{\"@type\":\"ListItem\",\"position\":3,\"name\":\"Garanti BBVA and Ivy Decarb join forces for sustainable transformation in textile\"}]},{\"@type\":\"WebSite\",\"@id\":\"https:\\\/\\\/www.textilegence.com\\\/en\\\/#website\",\"url\":\"https:\\\/\\\/www.textilegence.com\\\/en\\\/\",\"name\":\"Textilegence Magazine and Digital Platform\",\"description\":\"Textile News Center\",\"publisher\":{\"@id\":\"https:\\\/\\\/www.textilegence.com\\\/en\\\/#organization\"},\"potentialAction\":[{\"@type\":\"SearchAction\",\"target\":{\"@type\":\"EntryPoint\",\"urlTemplate\":\"https:\\\/\\\/www.textilegence.com\\\/en\\\/?s={search_term_string}\"},\"query-input\":{\"@type\":\"PropertyValueSpecification\",\"valueRequired\":true,\"valueName\":\"search_term_string\"}}],\"inLanguage\":\"en-US\"},{\"@type\":\"Organization\",\"@id\":\"https:\\\/\\\/www.textilegence.com\\\/en\\\/#organization\",\"name\":\"Textilegence Magazine and Digital Platform\",\"url\":\"https:\\\/\\\/www.textilegence.com\\\/en\\\/\",\"logo\":{\"@type\":\"ImageObject\",\"inLanguage\":\"en-US\",\"@id\":\"https:\\\/\\\/www.textilegence.com\\\/en\\\/#\\\/schema\\\/logo\\\/image\\\/\",\"url\":\"https:\\\/\\\/www.textilegence.com\\\/wp-content\\\/uploads\\\/2016\\\/11\\\/New_Retina_Logo_Textilegence.png\",\"contentUrl\":\"https:\\\/\\\/www.textilegence.com\\\/wp-content\\\/uploads\\\/2016\\\/11\\\/New_Retina_Logo_Textilegence.png\",\"width\":544,\"height\":180,\"caption\":\"Textilegence Magazine and Digital Platform\"},\"image\":{\"@id\":\"https:\\\/\\\/www.textilegence.com\\\/en\\\/#\\\/schema\\\/logo\\\/image\\\/\"},\"sameAs\":[\"https:\\\/\\\/www.facebook.com\\\/TextilegenceMagazine\",\"https:\\\/\\\/x.com\\\/textilegence\",\"https:\\\/\\\/www.instagram.com\\\/textilegence\\\/\",\"https:\\\/\\\/www.linkedin.com\\\/groups\\\/Textilegence-Magazine-Digital-Platform-4897253\",\"https:\\\/\\\/www.youtube.com\\\/user\\\/textilegence\"],\"description\":\"Textilegence is a magazine and digital platform established in 2013. It focuses on the textile industry and sub-segments. The platform provides news, articles, and updates on various aspects of the textile industry, including sustainability, technological advancements, and market trends.\",\"email\":\"editor@textilegence.com\",\"telephone\":\"+90 212 442 24 12\",\"legalName\":\"Textilegence Mag and Digital Platform\",\"foundingDate\":\"2013-01-01\",\"numberOfEmployees\":{\"@type\":\"QuantitativeValue\",\"minValue\":\"1\",\"maxValue\":\"10\"}},{\"@type\":\"Person\",\"@id\":\"https:\\\/\\\/www.textilegence.com\\\/en\\\/#\\\/schema\\\/person\\\/1c3977109f8a6e1e2b95678836d75cb7\",\"name\":\"Fatih Cengiarslan\",\"image\":{\"@type\":\"ImageObject\",\"inLanguage\":\"en-US\",\"@id\":\"https:\\\/\\\/www.textilegence.com\\\/wp-content\\\/uploads\\\/2018\\\/12\\\/fatih-cengiarslan.jpg\",\"url\":\"https:\\\/\\\/www.textilegence.com\\\/wp-content\\\/uploads\\\/2018\\\/12\\\/fatih-cengiarslan.jpg\",\"contentUrl\":\"https:\\\/\\\/www.textilegence.com\\\/wp-content\\\/uploads\\\/2018\\\/12\\\/fatih-cengiarslan.jpg\",\"caption\":\"Fatih Cengiarslan\"},\"description\":\"Fatih Cengiarslan; Akademik \u0130ngilizce e\u011fitimini Bat\u0131 Avustralya \u00dcniversitesi\u2019nde tamamlad\u0131ktan sonra T\u00fcrkiye\u2019ye d\u00f6nerek \u0130stanbul Ayd\u0131n \u00dcniversitesi\u2019nde \u0130nternet Gazetecili\u011fi ve Yay\u0131nc\u0131l\u0131k b\u00f6l\u00fcm\u00fcn\u00fc bitirip, Litvanya \u2013 Kaunas Teknoloji \u00dcniversitesi\u2019nde interaktif media \u00fczerine 8 ayl\u0131k e\u011fitim ald\u0131. Daha sonra Eski\u015fehir Anadolu \u00dcniversitesi girerek \u0130\u015fletme Fak\u00fcltesini ba\u015far\u0131yla tamamlad\u0131. CNNTURK\u2019 kanal\u0131nda staj\u0131n\u0131 tamamlad\u0131ktan sonra Referans Gazetesi\u2019nde \u00e7al\u0131\u015fmaya ba\u015flad\u0131. 2 y\u0131l sonra Textilegence markas\u0131yla tekstil end\u00fcstrisine y\u00f6nelik kendi medyas\u0131n\u0131 kurdu. \u015eu anda Textilegence.com, Printing3D ve NEFA PR Ajans\u0131\u2019n\u0131n 12 y\u0131ld\u0131r y\u00f6netimini yapmaktad\u0131r.\",\"sameAs\":[\"https:\\\/\\\/www.textilegence.com\",\"https:\\\/\\\/www.facebook.com\\\/TextilegenceMagazine\",\"https:\\\/\\\/www.instagram.com\\\/textilegence\\\/\",\"https:\\\/\\\/www.linkedin.com\\\/in\\\/fatih-cengiarslan-32352265\\\/\",\"https:\\\/\\\/x.com\\\/https:\\\/\\\/twitter.com\\\/textilegence\"],\"url\":\"https:\\\/\\\/www.textilegence.com\\\/en\\\/author\\\/admin\\\/\"}]}<\/script>\n<!-- \/ Yoast SEO Premium plugin. -->","yoast_head_json":{"title":"Garanti BBVA and Ivy Decarb join forces for sustainable transformation in textile - Textilegence","description":"Garanti BBVA hosted a major event in collaboration with the Ivy Decarb Marketplace to support the acceleration of sustainable...","robots":{"index":"index","follow":"follow","max-snippet":"max-snippet:-1","max-image-preview":"max-image-preview:large","max-video-preview":"max-video-preview:-1"},"canonical":"https:\/\/www.textilegence.com\/en\/garanti-bbva-and-ivy-decarb-join-forces-for-sustainable-transformation-in-textile\/","og_locale":"en_US","og_type":"article","og_title":"Garanti BBVA and Ivy Decarb join forces for sustainable transformation in textile","og_description":"Garanti BBVA hosted a major event in collaboration with the Ivy Decarb Marketplace to support the acceleration of sustainable transformation in T\u00fcrkiye\u2019s","og_url":"https:\/\/www.textilegence.com\/en\/garanti-bbva-and-ivy-decarb-join-forces-for-sustainable-transformation-in-textile\/","og_site_name":"Textilegence Magazine and Digital Platform","article_publisher":"https:\/\/www.facebook.com\/TextilegenceMagazine","article_author":"https:\/\/www.facebook.com\/TextilegenceMagazine","article_published_time":"2025-09-22T14:25:53+00:00","article_modified_time":"2025-09-22T14:26:09+00:00","og_image":[{"width":1600,"height":1066,"url":"https:\/\/www.textilegence.com\/wp-content\/uploads\/2025\/09\/20250911aw536099-0.jpg","type":"image\/jpeg"}],"author":"Fatih Cengiarslan","twitter_card":"summary_large_image","twitter_creator":"@https:\/\/twitter.com\/textilegence","twitter_site":"@textilegence","twitter_misc":{"Written by":"Fatih Cengiarslan","Est. reading time":"3 minutes"},"schema":{"@context":"https:\/\/schema.org","@graph":[{"@type":"NewsArticle","@id":"https:\/\/www.textilegence.com\/en\/garanti-bbva-and-ivy-decarb-join-forces-for-sustainable-transformation-in-textile\/#article","isPartOf":{"@id":"https:\/\/www.textilegence.com\/en\/garanti-bbva-and-ivy-decarb-join-forces-for-sustainable-transformation-in-textile\/"},"author":{"name":"Fatih Cengiarslan","@id":"https:\/\/www.textilegence.com\/en\/#\/schema\/person\/1c3977109f8a6e1e2b95678836d75cb7"},"headline":"Garanti BBVA and Ivy Decarb join forces for sustainable transformation in textile","datePublished":"2025-09-22T14:25:53+00:00","dateModified":"2025-09-22T14:26:09+00:00","mainEntityOfPage":{"@id":"https:\/\/www.textilegence.com\/en\/garanti-bbva-and-ivy-decarb-join-forces-for-sustainable-transformation-in-textile\/"},"wordCount":376,"publisher":{"@id":"https:\/\/www.textilegence.com\/en\/#organization"},"image":{"@id":"https:\/\/www.textilegence.com\/en\/garanti-bbva-and-ivy-decarb-join-forces-for-sustainable-transformation-in-textile\/#primaryimage"},"thumbnailUrl":"https:\/\/www.textilegence.com\/wp-content\/uploads\/2025\/09\/20250911aw536099-0.jpg","keywords":["sustainability","textile investment","textile news"],"articleSection":["Green Times"],"inLanguage":"en-US"},{"@type":"WebPage","@id":"https:\/\/www.textilegence.com\/en\/garanti-bbva-and-ivy-decarb-join-forces-for-sustainable-transformation-in-textile\/","url":"https:\/\/www.textilegence.com\/en\/garanti-bbva-and-ivy-decarb-join-forces-for-sustainable-transformation-in-textile\/","name":"Garanti BBVA and Ivy Decarb join forces for sustainable transformation in textile - Textilegence","isPartOf":{"@id":"https:\/\/www.textilegence.com\/en\/#website"},"primaryImageOfPage":{"@id":"https:\/\/www.textilegence.com\/en\/garanti-bbva-and-ivy-decarb-join-forces-for-sustainable-transformation-in-textile\/#primaryimage"},"image":{"@id":"https:\/\/www.textilegence.com\/en\/garanti-bbva-and-ivy-decarb-join-forces-for-sustainable-transformation-in-textile\/#primaryimage"},"thumbnailUrl":"https:\/\/www.textilegence.com\/wp-content\/uploads\/2025\/09\/20250911aw536099-0.jpg","datePublished":"2025-09-22T14:25:53+00:00","dateModified":"2025-09-22T14:26:09+00:00","description":"Garanti BBVA hosted a major event in collaboration with the Ivy Decarb Marketplace to support the acceleration of sustainable...","breadcrumb":{"@id":"https:\/\/www.textilegence.com\/en\/garanti-bbva-and-ivy-decarb-join-forces-for-sustainable-transformation-in-textile\/#breadcrumb"},"inLanguage":"en-US","potentialAction":[{"@type":"ReadAction","target":["https:\/\/www.textilegence.com\/en\/garanti-bbva-and-ivy-decarb-join-forces-for-sustainable-transformation-in-textile\/"]}]},{"@type":"ImageObject","inLanguage":"en-US","@id":"https:\/\/www.textilegence.com\/en\/garanti-bbva-and-ivy-decarb-join-forces-for-sustainable-transformation-in-textile\/#primaryimage","url":"https:\/\/www.textilegence.com\/wp-content\/uploads\/2025\/09\/20250911aw536099-0.jpg","contentUrl":"https:\/\/www.textilegence.com\/wp-content\/uploads\/2025\/09\/20250911aw536099-0.jpg","width":1600,"height":1066,"caption":"Garanti BBVA CEO MAHMUT AKTEN (\u0130HA\/\u0130STANBUL-\u0130HA)"},{"@type":"BreadcrumbList","@id":"https:\/\/www.textilegence.com\/en\/garanti-bbva-and-ivy-decarb-join-forces-for-sustainable-transformation-in-textile\/#breadcrumb","itemListElement":[{"@type":"ListItem","position":1,"name":"Home Page","item":"https:\/\/www.textilegence.com\/en\/homepage-the-rimont\/"},{"@type":"ListItem","position":2,"name":"Green Times","item":"https:\/\/www.textilegence.com\/en\/category\/green-times\/"},{"@type":"ListItem","position":3,"name":"Garanti BBVA and Ivy Decarb join forces for sustainable transformation in textile"}]},{"@type":"WebSite","@id":"https:\/\/www.textilegence.com\/en\/#website","url":"https:\/\/www.textilegence.com\/en\/","name":"Textilegence Magazine and Digital Platform","description":"Textile News Center","publisher":{"@id":"https:\/\/www.textilegence.com\/en\/#organization"},"potentialAction":[{"@type":"SearchAction","target":{"@type":"EntryPoint","urlTemplate":"https:\/\/www.textilegence.com\/en\/?s={search_term_string}"},"query-input":{"@type":"PropertyValueSpecification","valueRequired":true,"valueName":"search_term_string"}}],"inLanguage":"en-US"},{"@type":"Organization","@id":"https:\/\/www.textilegence.com\/en\/#organization","name":"Textilegence Magazine and Digital Platform","url":"https:\/\/www.textilegence.com\/en\/","logo":{"@type":"ImageObject","inLanguage":"en-US","@id":"https:\/\/www.textilegence.com\/en\/#\/schema\/logo\/image\/","url":"https:\/\/www.textilegence.com\/wp-content\/uploads\/2016\/11\/New_Retina_Logo_Textilegence.png","contentUrl":"https:\/\/www.textilegence.com\/wp-content\/uploads\/2016\/11\/New_Retina_Logo_Textilegence.png","width":544,"height":180,"caption":"Textilegence Magazine and Digital Platform"},"image":{"@id":"https:\/\/www.textilegence.com\/en\/#\/schema\/logo\/image\/"},"sameAs":["https:\/\/www.facebook.com\/TextilegenceMagazine","https:\/\/x.com\/textilegence","https:\/\/www.instagram.com\/textilegence\/","https:\/\/www.linkedin.com\/groups\/Textilegence-Magazine-Digital-Platform-4897253","https:\/\/www.youtube.com\/user\/textilegence"],"description":"Textilegence is a magazine and digital platform established in 2013. It focuses on the textile industry and sub-segments. The platform provides news, articles, and updates on various aspects of the textile industry, including sustainability, technological advancements, and market trends.","email":"editor@textilegence.com","telephone":"+90 212 442 24 12","legalName":"Textilegence Mag and Digital Platform","foundingDate":"2013-01-01","numberOfEmployees":{"@type":"QuantitativeValue","minValue":"1","maxValue":"10"}},{"@type":"Person","@id":"https:\/\/www.textilegence.com\/en\/#\/schema\/person\/1c3977109f8a6e1e2b95678836d75cb7","name":"Fatih Cengiarslan","image":{"@type":"ImageObject","inLanguage":"en-US","@id":"https:\/\/www.textilegence.com\/wp-content\/uploads\/2018\/12\/fatih-cengiarslan.jpg","url":"https:\/\/www.textilegence.com\/wp-content\/uploads\/2018\/12\/fatih-cengiarslan.jpg","contentUrl":"https:\/\/www.textilegence.com\/wp-content\/uploads\/2018\/12\/fatih-cengiarslan.jpg","caption":"Fatih Cengiarslan"},"description":"Fatih Cengiarslan; Akademik \u0130ngilizce e\u011fitimini Bat\u0131 Avustralya \u00dcniversitesi\u2019nde tamamlad\u0131ktan sonra T\u00fcrkiye\u2019ye d\u00f6nerek \u0130stanbul Ayd\u0131n \u00dcniversitesi\u2019nde \u0130nternet Gazetecili\u011fi ve Yay\u0131nc\u0131l\u0131k b\u00f6l\u00fcm\u00fcn\u00fc bitirip, Litvanya \u2013 Kaunas Teknoloji \u00dcniversitesi\u2019nde interaktif media \u00fczerine 8 ayl\u0131k e\u011fitim ald\u0131. Daha sonra Eski\u015fehir Anadolu \u00dcniversitesi girerek \u0130\u015fletme Fak\u00fcltesini ba\u015far\u0131yla tamamlad\u0131. CNNTURK\u2019 kanal\u0131nda staj\u0131n\u0131 tamamlad\u0131ktan sonra Referans Gazetesi\u2019nde \u00e7al\u0131\u015fmaya ba\u015flad\u0131. 2 y\u0131l sonra Textilegence markas\u0131yla tekstil end\u00fcstrisine y\u00f6nelik kendi medyas\u0131n\u0131 kurdu. \u015eu anda Textilegence.com, Printing3D ve NEFA PR Ajans\u0131\u2019n\u0131n 12 y\u0131ld\u0131r y\u00f6netimini yapmaktad\u0131r.","sameAs":["https:\/\/www.textilegence.com","https:\/\/www.facebook.com\/TextilegenceMagazine","https:\/\/www.instagram.com\/textilegence\/","https:\/\/www.linkedin.com\/in\/fatih-cengiarslan-32352265\/","https:\/\/x.com\/https:\/\/twitter.com\/textilegence"],"url":"https:\/\/www.textilegence.com\/en\/author\/admin\/"}]}},"_links":{"self":[{"href":"https:\/\/www.textilegence.com\/en\/wp-json\/wp\/v2\/posts\/62966","targetHints":{"allow":["GET"]}}],"collection":[{"href":"https:\/\/www.textilegence.com\/en\/wp-json\/wp\/v2\/posts"}],"about":[{"href":"https:\/\/www.textilegence.com\/en\/wp-json\/wp\/v2\/types\/post"}],"author":[{"embeddable":true,"href":"https:\/\/www.textilegence.com\/en\/wp-json\/wp\/v2\/users\/8"}],"replies":[{"embeddable":true,"href":"https:\/\/www.textilegence.com\/en\/wp-json\/wp\/v2\/comments?post=62966"}],"version-history":[{"count":0,"href":"https:\/\/www.textilegence.com\/en\/wp-json\/wp\/v2\/posts\/62966\/revisions"}],"wp:featuredmedia":[{"embeddable":true,"href":"https:\/\/www.textilegence.com\/en\/wp-json\/wp\/v2\/media\/62964"}],"wp:attachment":[{"href":"https:\/\/www.textilegence.com\/en\/wp-json\/wp\/v2\/media?parent=62966"}],"wp:term":[{"taxonomy":"category","embeddable":true,"href":"https:\/\/www.textilegence.com\/en\/wp-json\/wp\/v2\/categories?post=62966"},{"taxonomy":"post_tag","embeddable":true,"href":"https:\/\/www.textilegence.com\/en\/wp-json\/wp\/v2\/tags?post=62966"}],"curies":[{"name":"wp","href":"https:\/\/api.w.org\/{rel}","templated":true}]}}