{"id":63066,"date":"2025-10-07T11:40:07","date_gmt":"2025-10-07T08:40:07","guid":{"rendered":"http:\/\/www.textilegence.com\/?p=63066"},"modified":"2025-10-07T11:40:14","modified_gmt":"2025-10-07T08:40:14","slug":"turkiye-and-five-eu-countries-join-forces-for-ai-powered-circular-fashion","status":"publish","type":"post","link":"https:\/\/www.textilegence.com\/en\/turkiye-and-five-eu-countries-join-forces-for-ai-powered-circular-fashion\/","title":{"rendered":"T\u00fcrkiye and five EU countries join forces for AI-powered circular fashion\u00a0"},"content":{"rendered":"\n<p>Under the TechStyle Erasmus+ Project, France, Sweden, Spain, Greece, Italy, and T\u00fcrkiye will collaborate to develop AI-driven solutions for \u201c<a href=\"https:\/\/www.textilegence.com\/en\/category\/green-times\/\" target=\"_blank\" rel=\"noreferrer noopener\">circular<\/a> and regenerative fashion\u201d within the apparel and garment sector. Funded by the European Union\u2019s Erasmus+ Programme, the project titled \u201cTechStyle: AI-Driven Circular and Regenerative Fashion in VET Education\u201d aims to lead the sector\u2019s digital and sustainable transformation. From T\u00fcrkiye, the <a href=\"https:\/\/en.eib.org.tr\" target=\"_blank\" rel=\"noreferrer noopener\">Aegean Apparel Exporters Association<\/a> will have a role in this project.\u00a0<\/p>\n\n\n\n<p>As the Turkish economy undergoes a disinflation process, labor-intensive industries are seeking new strategies to remain competitive in global markets. T\u00fcrkiye\u2019s apparel and garment industry aims to strengthen its global competitiveness by integrating AI more effectively across all stages\u2014from design to production.&nbsp;<\/p>\n\n\n\n<h2 class=\"wp-block-heading\" id=\"h-techstyle-will-accelerate-transformation-through-ai-nbsp\"><strong>\u201cTechStyle will accelerate transformation through AI\u201d<\/strong>&nbsp;<\/h2>\n\n\n\n<p>Burak Sertba\u015f, Chair of EHK\u0130B, emphasized that the project aligns with the EU\u2019s Sustainable and Circular Textiles Strategy and AI regulations, stating: \u201cTechStyle will focus on digital transformation by providing AI-supported solutions that optimize raw material procurement, waste reduction, and production efficiency in apparel and garment manufacturing. Sweden and France, known for their AI initiatives, will share best practices with Greece, Spain, Italy, and T\u00fcrkiye\u2014countries with strong textile traditions but in need of greater digital and green innovation.\u201d&nbsp;<\/p>\n\n\n\n<p>He noted that the project, with a budget of \u20ac250,000, will run for two years, adding: \u201cThrough TechStyle, EHK\u0130B will enhance the digital skills of the workforce and guide the sector\u2019s transition to data-driven, AI-powered solutions. This project will make a strong contribution to the sustainable transformation of apparel and garment industry.\u201d&nbsp;<\/p>\n\n\n\n<h2 class=\"wp-block-heading\" id=\"h-project-kicks-off-in-france-in-november-nbsp\"><strong>Project kicks off in France in November<\/strong>&nbsp;<\/h2>\n\n\n\n<p>The TechStyle Project will officially launch in November 2025 with an opening meeting in France. Through this initiative:&nbsp;<\/p>\n\n\n\n<p>A vocational training program will be developed to support the integration of AI-driven models and technologies in the apparel industry,&nbsp;<\/p>\n\n\n\n<p>The program will be made available to partner country companies via the TechStyle Platform,&nbsp;<\/p>\n\n\n\n<p>At the local level, AI-based entrepreneurship skills for women will be a key focus,&nbsp;<\/p>\n\n\n\n<p>At the national level, the project will enhance the competitiveness of the apparel sector, contributing to economic growth and export expansion,&nbsp;<\/p>\n\n\n\n<p>In line with the EU Sustainable and Circular Textiles Strategy, the project will accelerate the sector\u2019s adaptation to AI applications, fostering a sustainable and circular economy.&nbsp;<\/p>\n\n\n\n<p>Through TechStyle, apparel employees, designers, entrepreneurs, and new graduates in the Aegean Region will directly benefit from training programs developed at the EU level.&nbsp;<\/p>\n","protected":false},"excerpt":{"rendered":"<p>Under the TechStyle Erasmus+ Project, France, Sweden, Spain, Greece, Italy, and T\u00fcrkiye will collaborate to develop AI-driven solutions for \u201ccircular and regenerative fashion\u201d within the apparel and garment sector. Funded by the European Union\u2019s Erasmus+ Programme, the project titled \u201cTechStyle: AI-Driven Circular and Regenerative Fashion in VET Education\u201d aims to lead the sector\u2019s digital and [&hellip;]<\/p>\n","protected":false},"author":26,"featured_media":63065,"comment_status":"closed","ping_status":"closed","sticky":false,"template":"","format":"standard","meta":{"footnotes":""},"categories":[14912],"tags":[16359,11520,11143,10369],"class_list":{"0":"post-63066","1":"post","2":"type-post","3":"status-publish","4":"format-standard","5":"has-post-thumbnail","7":"category-green-times","8":"tag-artificial-intelligence","9":"tag-ehkib-en","10":"tag-sustainability-en","11":"tag-textile-news-en"},"yoast_head":"<!-- This site is optimized with the Yoast SEO Premium plugin v27.3 (Yoast SEO v27.3) - https:\/\/yoast.com\/product\/yoast-seo-premium-wordpress\/ -->\n<title>T\u00fcrkiye and five EU countries join forces for AI-powered circular fashion - Textilegence<\/title>\n<meta name=\"description\" content=\"France, Sweden, Spain, Greece, Italy, and T\u00fcrkiye will collaborate to develop AI-driven solutions for \u201ccircular and regenerative fashion\u201d...\" \/>\n<meta name=\"robots\" content=\"index, follow, max-snippet:-1, max-image-preview:large, max-video-preview:-1\" \/>\n<link rel=\"canonical\" href=\"https:\/\/www.textilegence.com\/en\/turkiye-and-five-eu-countries-join-forces-for-ai-powered-circular-fashion\/\" \/>\n<meta property=\"og:locale\" content=\"en_US\" \/>\n<meta property=\"og:type\" content=\"article\" \/>\n<meta property=\"og:title\" content=\"T\u00fcrkiye and five EU countries join forces for AI-powered circular fashion\u00a0\" \/>\n<meta property=\"og:description\" content=\"Under the TechStyle Erasmus+ Project, France, Sweden, Spain, Greece, Italy, and T\u00fcrkiye will collaborate to develop AI-driven solutions for \u201ccircular and\" \/>\n<meta property=\"og:url\" content=\"https:\/\/www.textilegence.com\/en\/turkiye-and-five-eu-countries-join-forces-for-ai-powered-circular-fashion\/\" \/>\n<meta property=\"og:site_name\" content=\"Textilegence Magazine and Digital Platform\" \/>\n<meta property=\"article:publisher\" content=\"https:\/\/www.facebook.com\/TextilegenceMagazine\" \/>\n<meta property=\"article:author\" content=\"https:\/\/www.facebook.com\/TextilegenceMagazine\" \/>\n<meta property=\"article:published_time\" content=\"2025-10-07T08:40:07+00:00\" \/>\n<meta property=\"article:modified_time\" content=\"2025-10-07T08:40:14+00:00\" \/>\n<meta property=\"og:image\" content=\"https:\/\/www.textilegence.com\/wp-content\/uploads\/2025\/10\/Haber-Gorseli-28.jpg\" \/>\n\t<meta property=\"og:image:width\" content=\"1920\" \/>\n\t<meta property=\"og:image:height\" content=\"1080\" \/>\n\t<meta property=\"og:image:type\" content=\"image\/jpeg\" \/>\n<meta name=\"author\" content=\"Ya\u011fmur Melis \u015eim\u015fek\" \/>\n<meta name=\"twitter:card\" content=\"summary_large_image\" \/>\n<meta name=\"twitter:creator\" content=\"@https:\/\/twitter.com\/textilegence\" \/>\n<meta name=\"twitter:site\" content=\"@textilegence\" \/>\n<meta name=\"twitter:label1\" content=\"Written by\" \/>\n\t<meta name=\"twitter:data1\" content=\"Ya\u011fmur Melis \u015eim\u015fek\" \/>\n\t<meta name=\"twitter:label2\" content=\"Est. reading time\" \/>\n\t<meta name=\"twitter:data2\" content=\"3 minutes\" \/>\n<script type=\"application\/ld+json\" class=\"yoast-schema-graph\">{\"@context\":\"https:\\\/\\\/schema.org\",\"@graph\":[{\"@type\":\"NewsArticle\",\"@id\":\"https:\\\/\\\/www.textilegence.com\\\/en\\\/turkiye-and-five-eu-countries-join-forces-for-ai-powered-circular-fashion\\\/#article\",\"isPartOf\":{\"@id\":\"https:\\\/\\\/www.textilegence.com\\\/en\\\/turkiye-and-five-eu-countries-join-forces-for-ai-powered-circular-fashion\\\/\"},\"author\":{\"name\":\"Ya\u011fmur Melis \u015eim\u015fek\",\"@id\":\"https:\\\/\\\/www.textilegence.com\\\/en\\\/#\\\/schema\\\/person\\\/cfa6baf17f0478131c673c93a9b88ef3\"},\"headline\":\"T\u00fcrkiye and five EU countries join forces for AI-powered circular fashion\u00a0\",\"datePublished\":\"2025-10-07T08:40:07+00:00\",\"dateModified\":\"2025-10-07T08:40:14+00:00\",\"mainEntityOfPage\":{\"@id\":\"https:\\\/\\\/www.textilegence.com\\\/en\\\/turkiye-and-five-eu-countries-join-forces-for-ai-powered-circular-fashion\\\/\"},\"wordCount\":429,\"publisher\":{\"@id\":\"https:\\\/\\\/www.textilegence.com\\\/en\\\/#organization\"},\"image\":{\"@id\":\"https:\\\/\\\/www.textilegence.com\\\/en\\\/turkiye-and-five-eu-countries-join-forces-for-ai-powered-circular-fashion\\\/#primaryimage\"},\"thumbnailUrl\":\"https:\\\/\\\/www.textilegence.com\\\/wp-content\\\/uploads\\\/2025\\\/10\\\/Haber-Gorseli-28.jpg\",\"keywords\":[\"artificial intelligence\",\"ehkib\",\"sustainability\",\"textile news\"],\"articleSection\":[\"Green Times\"],\"inLanguage\":\"en-US\"},{\"@type\":\"WebPage\",\"@id\":\"https:\\\/\\\/www.textilegence.com\\\/en\\\/turkiye-and-five-eu-countries-join-forces-for-ai-powered-circular-fashion\\\/\",\"url\":\"https:\\\/\\\/www.textilegence.com\\\/en\\\/turkiye-and-five-eu-countries-join-forces-for-ai-powered-circular-fashion\\\/\",\"name\":\"T\u00fcrkiye and five EU countries join forces for AI-powered circular fashion - Textilegence\",\"isPartOf\":{\"@id\":\"https:\\\/\\\/www.textilegence.com\\\/en\\\/#website\"},\"primaryImageOfPage\":{\"@id\":\"https:\\\/\\\/www.textilegence.com\\\/en\\\/turkiye-and-five-eu-countries-join-forces-for-ai-powered-circular-fashion\\\/#primaryimage\"},\"image\":{\"@id\":\"https:\\\/\\\/www.textilegence.com\\\/en\\\/turkiye-and-five-eu-countries-join-forces-for-ai-powered-circular-fashion\\\/#primaryimage\"},\"thumbnailUrl\":\"https:\\\/\\\/www.textilegence.com\\\/wp-content\\\/uploads\\\/2025\\\/10\\\/Haber-Gorseli-28.jpg\",\"datePublished\":\"2025-10-07T08:40:07+00:00\",\"dateModified\":\"2025-10-07T08:40:14+00:00\",\"description\":\"France, Sweden, Spain, Greece, Italy, and T\u00fcrkiye will collaborate to develop AI-driven solutions for \u201ccircular and regenerative fashion\u201d...\",\"breadcrumb\":{\"@id\":\"https:\\\/\\\/www.textilegence.com\\\/en\\\/turkiye-and-five-eu-countries-join-forces-for-ai-powered-circular-fashion\\\/#breadcrumb\"},\"inLanguage\":\"en-US\",\"potentialAction\":[{\"@type\":\"ReadAction\",\"target\":[\"https:\\\/\\\/www.textilegence.com\\\/en\\\/turkiye-and-five-eu-countries-join-forces-for-ai-powered-circular-fashion\\\/\"]}]},{\"@type\":\"ImageObject\",\"inLanguage\":\"en-US\",\"@id\":\"https:\\\/\\\/www.textilegence.com\\\/en\\\/turkiye-and-five-eu-countries-join-forces-for-ai-powered-circular-fashion\\\/#primaryimage\",\"url\":\"https:\\\/\\\/www.textilegence.com\\\/wp-content\\\/uploads\\\/2025\\\/10\\\/Haber-Gorseli-28.jpg\",\"contentUrl\":\"https:\\\/\\\/www.textilegence.com\\\/wp-content\\\/uploads\\\/2025\\\/10\\\/Haber-Gorseli-28.jpg\",\"width\":1920,\"height\":1080,\"caption\":\"The EU-funded TechStyle Erasmus+ Project will contribute to the sustainable transformation of T\u00fcrkiye\u2019s apparel and garment industry by focusing on artificial intelligence (AI) and digitalization Image Source: E\u0130B\"},{\"@type\":\"BreadcrumbList\",\"@id\":\"https:\\\/\\\/www.textilegence.com\\\/en\\\/turkiye-and-five-eu-countries-join-forces-for-ai-powered-circular-fashion\\\/#breadcrumb\",\"itemListElement\":[{\"@type\":\"ListItem\",\"position\":1,\"name\":\"Home Page\",\"item\":\"https:\\\/\\\/www.textilegence.com\\\/en\\\/homepage-the-rimont\\\/\"},{\"@type\":\"ListItem\",\"position\":2,\"name\":\"Green Times\",\"item\":\"https:\\\/\\\/www.textilegence.com\\\/en\\\/category\\\/green-times\\\/\"},{\"@type\":\"ListItem\",\"position\":3,\"name\":\"T\u00fcrkiye and five EU countries join forces for AI-powered circular fashion\u00a0\"}]},{\"@type\":\"WebSite\",\"@id\":\"https:\\\/\\\/www.textilegence.com\\\/en\\\/#website\",\"url\":\"https:\\\/\\\/www.textilegence.com\\\/en\\\/\",\"name\":\"Textilegence Magazine and Digital Platform\",\"description\":\"Textile News Center\",\"publisher\":{\"@id\":\"https:\\\/\\\/www.textilegence.com\\\/en\\\/#organization\"},\"potentialAction\":[{\"@type\":\"SearchAction\",\"target\":{\"@type\":\"EntryPoint\",\"urlTemplate\":\"https:\\\/\\\/www.textilegence.com\\\/en\\\/?s={search_term_string}\"},\"query-input\":{\"@type\":\"PropertyValueSpecification\",\"valueRequired\":true,\"valueName\":\"search_term_string\"}}],\"inLanguage\":\"en-US\"},{\"@type\":\"Organization\",\"@id\":\"https:\\\/\\\/www.textilegence.com\\\/en\\\/#organization\",\"name\":\"Textilegence Magazine and Digital Platform\",\"url\":\"https:\\\/\\\/www.textilegence.com\\\/en\\\/\",\"logo\":{\"@type\":\"ImageObject\",\"inLanguage\":\"en-US\",\"@id\":\"https:\\\/\\\/www.textilegence.com\\\/en\\\/#\\\/schema\\\/logo\\\/image\\\/\",\"url\":\"https:\\\/\\\/www.textilegence.com\\\/wp-content\\\/uploads\\\/2016\\\/11\\\/New_Retina_Logo_Textilegence.png\",\"contentUrl\":\"https:\\\/\\\/www.textilegence.com\\\/wp-content\\\/uploads\\\/2016\\\/11\\\/New_Retina_Logo_Textilegence.png\",\"width\":544,\"height\":180,\"caption\":\"Textilegence Magazine and Digital Platform\"},\"image\":{\"@id\":\"https:\\\/\\\/www.textilegence.com\\\/en\\\/#\\\/schema\\\/logo\\\/image\\\/\"},\"sameAs\":[\"https:\\\/\\\/www.facebook.com\\\/TextilegenceMagazine\",\"https:\\\/\\\/x.com\\\/textilegence\",\"https:\\\/\\\/www.instagram.com\\\/textilegence\\\/\",\"https:\\\/\\\/www.linkedin.com\\\/groups\\\/Textilegence-Magazine-Digital-Platform-4897253\",\"https:\\\/\\\/www.youtube.com\\\/user\\\/textilegence\"],\"description\":\"Textilegence is a magazine and digital platform established in 2013. It focuses on the textile industry and sub-segments. The platform provides news, articles, and updates on various aspects of the textile industry, including sustainability, technological advancements, and market trends.\",\"email\":\"editor@textilegence.com\",\"telephone\":\"+90 212 442 24 12\",\"legalName\":\"Textilegence Mag and Digital Platform\",\"foundingDate\":\"2013-01-01\",\"numberOfEmployees\":{\"@type\":\"QuantitativeValue\",\"minValue\":\"1\",\"maxValue\":\"10\"}},{\"@type\":\"Person\",\"@id\":\"https:\\\/\\\/www.textilegence.com\\\/en\\\/#\\\/schema\\\/person\\\/cfa6baf17f0478131c673c93a9b88ef3\",\"name\":\"Ya\u011fmur Melis \u015eim\u015fek\",\"image\":{\"@type\":\"ImageObject\",\"inLanguage\":\"en-US\",\"@id\":\"https:\\\/\\\/www.textilegence.com\\\/wp-content\\\/uploads\\\/2022\\\/03\\\/Yagmur_photo1.jpg\",\"url\":\"https:\\\/\\\/www.textilegence.com\\\/wp-content\\\/uploads\\\/2022\\\/03\\\/Yagmur_photo1.jpg\",\"contentUrl\":\"https:\\\/\\\/www.textilegence.com\\\/wp-content\\\/uploads\\\/2022\\\/03\\\/Yagmur_photo1.jpg\",\"caption\":\"Ya\u011fmur Melis \u015eim\u015fek\"},\"description\":\"Ya\u011fmur Melis \u015eim\u015fek, Saint-Beno\u00eet Frans\u0131z Lisesi\u2019nde e\u011fitim g\u00f6rm\u00fc\u015f, ard\u0131ndan Anadolu \u00dcniversitesi\u2019nde iki y\u0131ll\u0131k Foto\u011fraf\u00e7\u0131l\u0131k B\u00f6l\u00fcm\u00fc\u2019n\u00fc tamamlam\u0131\u015ft\u0131r. Daha sonra lisans e\u011fitimini \u0130stanbul \u00dcniversitesi Gazetecilik B\u00f6l\u00fcm\u00fc\u2019nde s\u00fcrd\u00fcrm\u00fc\u015f, mezuniyetin ard\u0131ndan ise 2017 y\u0131l\u0131nda i\u015f hayat\u0131na at\u0131lm\u0131\u015ft\u0131r. Pek \u00e7ok farkl\u0131 projede, foto\u011fraf\u00e7\u0131l\u0131k ve grafik tasar\u0131mc\u0131l\u0131\u011f\u0131n yan\u0131 s\u0131ra teknoloji alan\u0131nda i\u00e7erik ve haber yazarl\u0131\u011f\u0131 gibi \u00e7e\u015fitli pozisyonlarda yer alan \u015eim\u015fek, 2021 y\u0131l\u0131ndan bu yana Textilegence\u2019da d\u0131\u015f haberlerde yard\u0131mc\u0131 edit\u00f6r olarak g\u00f6rev yapmaktad\u0131r.\",\"sameAs\":[\"https:\\\/\\\/www.textilegence.com\\\/\",\"https:\\\/\\\/www.facebook.com\\\/TextilegenceMagazine\",\"https:\\\/\\\/www.instagram.com\\\/textilegence\\\/\",\"https:\\\/\\\/www.linkedin.com\\\/company\\\/2985016\",\"https:\\\/\\\/x.com\\\/https:\\\/\\\/twitter.com\\\/textilegence\",\"https:\\\/\\\/www.youtube.com\\\/channel\\\/UCgtcny5ljhiXu-yvOiAlpRA\"],\"url\":\"https:\\\/\\\/www.textilegence.com\\\/en\\\/author\\\/yms\\\/\"}]}<\/script>\n<!-- \/ Yoast SEO Premium plugin. -->","yoast_head_json":{"title":"T\u00fcrkiye and five EU countries join forces for AI-powered circular fashion - Textilegence","description":"France, Sweden, Spain, Greece, Italy, and T\u00fcrkiye will collaborate to develop AI-driven solutions for \u201ccircular and regenerative fashion\u201d...","robots":{"index":"index","follow":"follow","max-snippet":"max-snippet:-1","max-image-preview":"max-image-preview:large","max-video-preview":"max-video-preview:-1"},"canonical":"https:\/\/www.textilegence.com\/en\/turkiye-and-five-eu-countries-join-forces-for-ai-powered-circular-fashion\/","og_locale":"en_US","og_type":"article","og_title":"T\u00fcrkiye and five EU countries join forces for AI-powered circular fashion\u00a0","og_description":"Under the TechStyle Erasmus+ Project, France, Sweden, Spain, Greece, Italy, and T\u00fcrkiye will collaborate to develop AI-driven solutions for \u201ccircular and","og_url":"https:\/\/www.textilegence.com\/en\/turkiye-and-five-eu-countries-join-forces-for-ai-powered-circular-fashion\/","og_site_name":"Textilegence Magazine and Digital Platform","article_publisher":"https:\/\/www.facebook.com\/TextilegenceMagazine","article_author":"https:\/\/www.facebook.com\/TextilegenceMagazine","article_published_time":"2025-10-07T08:40:07+00:00","article_modified_time":"2025-10-07T08:40:14+00:00","og_image":[{"width":1920,"height":1080,"url":"https:\/\/www.textilegence.com\/wp-content\/uploads\/2025\/10\/Haber-Gorseli-28.jpg","type":"image\/jpeg"}],"author":"Ya\u011fmur Melis \u015eim\u015fek","twitter_card":"summary_large_image","twitter_creator":"@https:\/\/twitter.com\/textilegence","twitter_site":"@textilegence","twitter_misc":{"Written by":"Ya\u011fmur Melis \u015eim\u015fek","Est. reading time":"3 minutes"},"schema":{"@context":"https:\/\/schema.org","@graph":[{"@type":"NewsArticle","@id":"https:\/\/www.textilegence.com\/en\/turkiye-and-five-eu-countries-join-forces-for-ai-powered-circular-fashion\/#article","isPartOf":{"@id":"https:\/\/www.textilegence.com\/en\/turkiye-and-five-eu-countries-join-forces-for-ai-powered-circular-fashion\/"},"author":{"name":"Ya\u011fmur Melis \u015eim\u015fek","@id":"https:\/\/www.textilegence.com\/en\/#\/schema\/person\/cfa6baf17f0478131c673c93a9b88ef3"},"headline":"T\u00fcrkiye and five EU countries join forces for AI-powered circular fashion\u00a0","datePublished":"2025-10-07T08:40:07+00:00","dateModified":"2025-10-07T08:40:14+00:00","mainEntityOfPage":{"@id":"https:\/\/www.textilegence.com\/en\/turkiye-and-five-eu-countries-join-forces-for-ai-powered-circular-fashion\/"},"wordCount":429,"publisher":{"@id":"https:\/\/www.textilegence.com\/en\/#organization"},"image":{"@id":"https:\/\/www.textilegence.com\/en\/turkiye-and-five-eu-countries-join-forces-for-ai-powered-circular-fashion\/#primaryimage"},"thumbnailUrl":"https:\/\/www.textilegence.com\/wp-content\/uploads\/2025\/10\/Haber-Gorseli-28.jpg","keywords":["artificial intelligence","ehkib","sustainability","textile news"],"articleSection":["Green Times"],"inLanguage":"en-US"},{"@type":"WebPage","@id":"https:\/\/www.textilegence.com\/en\/turkiye-and-five-eu-countries-join-forces-for-ai-powered-circular-fashion\/","url":"https:\/\/www.textilegence.com\/en\/turkiye-and-five-eu-countries-join-forces-for-ai-powered-circular-fashion\/","name":"T\u00fcrkiye and five EU countries join forces for AI-powered circular fashion - Textilegence","isPartOf":{"@id":"https:\/\/www.textilegence.com\/en\/#website"},"primaryImageOfPage":{"@id":"https:\/\/www.textilegence.com\/en\/turkiye-and-five-eu-countries-join-forces-for-ai-powered-circular-fashion\/#primaryimage"},"image":{"@id":"https:\/\/www.textilegence.com\/en\/turkiye-and-five-eu-countries-join-forces-for-ai-powered-circular-fashion\/#primaryimage"},"thumbnailUrl":"https:\/\/www.textilegence.com\/wp-content\/uploads\/2025\/10\/Haber-Gorseli-28.jpg","datePublished":"2025-10-07T08:40:07+00:00","dateModified":"2025-10-07T08:40:14+00:00","description":"France, Sweden, Spain, Greece, Italy, and T\u00fcrkiye will collaborate to develop AI-driven solutions for \u201ccircular and regenerative fashion\u201d...","breadcrumb":{"@id":"https:\/\/www.textilegence.com\/en\/turkiye-and-five-eu-countries-join-forces-for-ai-powered-circular-fashion\/#breadcrumb"},"inLanguage":"en-US","potentialAction":[{"@type":"ReadAction","target":["https:\/\/www.textilegence.com\/en\/turkiye-and-five-eu-countries-join-forces-for-ai-powered-circular-fashion\/"]}]},{"@type":"ImageObject","inLanguage":"en-US","@id":"https:\/\/www.textilegence.com\/en\/turkiye-and-five-eu-countries-join-forces-for-ai-powered-circular-fashion\/#primaryimage","url":"https:\/\/www.textilegence.com\/wp-content\/uploads\/2025\/10\/Haber-Gorseli-28.jpg","contentUrl":"https:\/\/www.textilegence.com\/wp-content\/uploads\/2025\/10\/Haber-Gorseli-28.jpg","width":1920,"height":1080,"caption":"The EU-funded TechStyle Erasmus+ Project will contribute to the sustainable transformation of T\u00fcrkiye\u2019s apparel and garment industry by focusing on artificial intelligence (AI) and digitalization Image Source: E\u0130B"},{"@type":"BreadcrumbList","@id":"https:\/\/www.textilegence.com\/en\/turkiye-and-five-eu-countries-join-forces-for-ai-powered-circular-fashion\/#breadcrumb","itemListElement":[{"@type":"ListItem","position":1,"name":"Home Page","item":"https:\/\/www.textilegence.com\/en\/homepage-the-rimont\/"},{"@type":"ListItem","position":2,"name":"Green Times","item":"https:\/\/www.textilegence.com\/en\/category\/green-times\/"},{"@type":"ListItem","position":3,"name":"T\u00fcrkiye and five EU countries join forces for AI-powered circular fashion\u00a0"}]},{"@type":"WebSite","@id":"https:\/\/www.textilegence.com\/en\/#website","url":"https:\/\/www.textilegence.com\/en\/","name":"Textilegence Magazine and Digital Platform","description":"Textile News Center","publisher":{"@id":"https:\/\/www.textilegence.com\/en\/#organization"},"potentialAction":[{"@type":"SearchAction","target":{"@type":"EntryPoint","urlTemplate":"https:\/\/www.textilegence.com\/en\/?s={search_term_string}"},"query-input":{"@type":"PropertyValueSpecification","valueRequired":true,"valueName":"search_term_string"}}],"inLanguage":"en-US"},{"@type":"Organization","@id":"https:\/\/www.textilegence.com\/en\/#organization","name":"Textilegence Magazine and Digital Platform","url":"https:\/\/www.textilegence.com\/en\/","logo":{"@type":"ImageObject","inLanguage":"en-US","@id":"https:\/\/www.textilegence.com\/en\/#\/schema\/logo\/image\/","url":"https:\/\/www.textilegence.com\/wp-content\/uploads\/2016\/11\/New_Retina_Logo_Textilegence.png","contentUrl":"https:\/\/www.textilegence.com\/wp-content\/uploads\/2016\/11\/New_Retina_Logo_Textilegence.png","width":544,"height":180,"caption":"Textilegence Magazine and Digital Platform"},"image":{"@id":"https:\/\/www.textilegence.com\/en\/#\/schema\/logo\/image\/"},"sameAs":["https:\/\/www.facebook.com\/TextilegenceMagazine","https:\/\/x.com\/textilegence","https:\/\/www.instagram.com\/textilegence\/","https:\/\/www.linkedin.com\/groups\/Textilegence-Magazine-Digital-Platform-4897253","https:\/\/www.youtube.com\/user\/textilegence"],"description":"Textilegence is a magazine and digital platform established in 2013. It focuses on the textile industry and sub-segments. The platform provides news, articles, and updates on various aspects of the textile industry, including sustainability, technological advancements, and market trends.","email":"editor@textilegence.com","telephone":"+90 212 442 24 12","legalName":"Textilegence Mag and Digital Platform","foundingDate":"2013-01-01","numberOfEmployees":{"@type":"QuantitativeValue","minValue":"1","maxValue":"10"}},{"@type":"Person","@id":"https:\/\/www.textilegence.com\/en\/#\/schema\/person\/cfa6baf17f0478131c673c93a9b88ef3","name":"Ya\u011fmur Melis \u015eim\u015fek","image":{"@type":"ImageObject","inLanguage":"en-US","@id":"https:\/\/www.textilegence.com\/wp-content\/uploads\/2022\/03\/Yagmur_photo1.jpg","url":"https:\/\/www.textilegence.com\/wp-content\/uploads\/2022\/03\/Yagmur_photo1.jpg","contentUrl":"https:\/\/www.textilegence.com\/wp-content\/uploads\/2022\/03\/Yagmur_photo1.jpg","caption":"Ya\u011fmur Melis \u015eim\u015fek"},"description":"Ya\u011fmur Melis \u015eim\u015fek, Saint-Beno\u00eet Frans\u0131z Lisesi\u2019nde e\u011fitim g\u00f6rm\u00fc\u015f, ard\u0131ndan Anadolu \u00dcniversitesi\u2019nde iki y\u0131ll\u0131k Foto\u011fraf\u00e7\u0131l\u0131k B\u00f6l\u00fcm\u00fc\u2019n\u00fc tamamlam\u0131\u015ft\u0131r. Daha sonra lisans e\u011fitimini \u0130stanbul \u00dcniversitesi Gazetecilik B\u00f6l\u00fcm\u00fc\u2019nde s\u00fcrd\u00fcrm\u00fc\u015f, mezuniyetin ard\u0131ndan ise 2017 y\u0131l\u0131nda i\u015f hayat\u0131na at\u0131lm\u0131\u015ft\u0131r. Pek \u00e7ok farkl\u0131 projede, foto\u011fraf\u00e7\u0131l\u0131k ve grafik tasar\u0131mc\u0131l\u0131\u011f\u0131n yan\u0131 s\u0131ra teknoloji alan\u0131nda i\u00e7erik ve haber yazarl\u0131\u011f\u0131 gibi \u00e7e\u015fitli pozisyonlarda yer alan \u015eim\u015fek, 2021 y\u0131l\u0131ndan bu yana Textilegence\u2019da d\u0131\u015f haberlerde yard\u0131mc\u0131 edit\u00f6r olarak g\u00f6rev yapmaktad\u0131r.","sameAs":["https:\/\/www.textilegence.com\/","https:\/\/www.facebook.com\/TextilegenceMagazine","https:\/\/www.instagram.com\/textilegence\/","https:\/\/www.linkedin.com\/company\/2985016","https:\/\/x.com\/https:\/\/twitter.com\/textilegence","https:\/\/www.youtube.com\/channel\/UCgtcny5ljhiXu-yvOiAlpRA"],"url":"https:\/\/www.textilegence.com\/en\/author\/yms\/"}]}},"_links":{"self":[{"href":"https:\/\/www.textilegence.com\/en\/wp-json\/wp\/v2\/posts\/63066","targetHints":{"allow":["GET"]}}],"collection":[{"href":"https:\/\/www.textilegence.com\/en\/wp-json\/wp\/v2\/posts"}],"about":[{"href":"https:\/\/www.textilegence.com\/en\/wp-json\/wp\/v2\/types\/post"}],"author":[{"embeddable":true,"href":"https:\/\/www.textilegence.com\/en\/wp-json\/wp\/v2\/users\/26"}],"replies":[{"embeddable":true,"href":"https:\/\/www.textilegence.com\/en\/wp-json\/wp\/v2\/comments?post=63066"}],"version-history":[{"count":0,"href":"https:\/\/www.textilegence.com\/en\/wp-json\/wp\/v2\/posts\/63066\/revisions"}],"wp:featuredmedia":[{"embeddable":true,"href":"https:\/\/www.textilegence.com\/en\/wp-json\/wp\/v2\/media\/63065"}],"wp:attachment":[{"href":"https:\/\/www.textilegence.com\/en\/wp-json\/wp\/v2\/media?parent=63066"}],"wp:term":[{"taxonomy":"category","embeddable":true,"href":"https:\/\/www.textilegence.com\/en\/wp-json\/wp\/v2\/categories?post=63066"},{"taxonomy":"post_tag","embeddable":true,"href":"https:\/\/www.textilegence.com\/en\/wp-json\/wp\/v2\/tags?post=63066"}],"curies":[{"name":"wp","href":"https:\/\/api.w.org\/{rel}","templated":true}]}}