{"id":63088,"date":"2025-10-07T15:40:39","date_gmt":"2025-10-07T12:40:39","guid":{"rendered":"http:\/\/www.textilegence.com\/?p=63088"},"modified":"2025-10-07T16:14:36","modified_gmt":"2025-10-07T13:14:36","slug":"turkiye-as-a-cotton-country-how-can-it-be-fight-against-drought","status":"publish","type":"post","link":"https:\/\/www.textilegence.com\/en\/turkiye-as-a-cotton-country-how-can-it-be-fight-against-drought\/","title":{"rendered":"T\u00fcrkiye, as a cotton country, how can it fight against drought?"},"content":{"rendered":"\n<p>In a statement made on October 7, World Cotton Day, National Cotton <a href=\"https:\/\/www.upk.org.tr\" target=\"_blank\" rel=\"noreferrer noopener\">Council<\/a> President Fevzi \u00c7ondur emphasized that cotton is of strategic importance for T\u00fcrkiye. He noted that climate change and shrinking water resources are among the biggest threats to cotton production, drawing attention that climate-induced water shortages make production planning impossible.<\/p>\n\n\n\n<p>He shared the following current figures: \u201cAccording to International Cotton Advisory Committee (ICAC) data, 25 million 287 thousand tons of cotton were produced worldwide in the 2024-2025 season. T\u00fcrkiye ranked seventh in cotton production with 840 thousand tons. According to ICAC estimates for the 2025-2026 season, global cotton production is expected to reach 25 million 438 thousand tons, with T\u00fcrkiye\u2019s production forecast at 780 thousand tons.\u201d<\/p>\n\n\n\n<h2 class=\"wp-block-heading\" id=\"h-new-irrigation-projects-should-be-implemented\"><strong>\u201cNew irrigation projects should be implemented\u201d<\/strong><\/h2>\n\n\n\n<p>\u00c7ondur highlighted that cotton producers have suffered serious yield losses in recent years due to drought, saying: \u201cClimate change and the depletion of water resources are among the biggest threats to cotton production. Climate-induced water shortages make production planning impossible. As irrigation costs rise, producers who cannot access water are giving up on growing cotton. This is not only an agricultural problem, but also a problem of rural development and economic stability.\u201d<\/p>\n\n\n\n<p>He added that pressurized irrigation methods should be promoted, new irrigation projects should be implemented, a common will should be demonstrated regarding the effective management of water, cotton varieties that are resistant to climatic conditions and use water more efficiently should be developed, and these varieties should be made available to producers.<\/p>\n\n\n<div class=\"wp-block-image\">\n<figure class=\"aligncenter size-full\"><img loading=\"lazy\" decoding=\"async\" width=\"1920\" height=\"1080\" src=\"https:\/\/www.textilegence.com\/wp-content\/uploads\/2025\/10\/Haber-Gorseli-30.jpg\" alt=\". Approximately 80 percent of cotton is used in apparel, with the remainder used in home textiles and industrial products  Image Source: Freepik\" class=\"wp-image-63086\" srcset=\"https:\/\/www.textilegence.com\/wp-content\/uploads\/2025\/10\/Haber-Gorseli-30.jpg 1920w, https:\/\/www.textilegence.com\/wp-content\/uploads\/2025\/10\/Haber-Gorseli-30-768x432.jpg 768w, https:\/\/www.textilegence.com\/wp-content\/uploads\/2025\/10\/Haber-Gorseli-30-1536x864.jpg 1536w, https:\/\/www.textilegence.com\/wp-content\/uploads\/2025\/10\/Haber-Gorseli-30-300x169.jpg 300w, https:\/\/www.textilegence.com\/wp-content\/uploads\/2025\/10\/Haber-Gorseli-30-600x338.jpg 600w, https:\/\/www.textilegence.com\/wp-content\/uploads\/2025\/10\/Haber-Gorseli-30-696x392.jpg 696w, https:\/\/www.textilegence.com\/wp-content\/uploads\/2025\/10\/Haber-Gorseli-30-1068x601.jpg 1068w\" sizes=\"auto, (max-width: 1920px) 100vw, 1920px\" \/><figcaption class=\"wp-element-caption\">. Approximately 80 percent of cotton is used in apparel, with the remainder used in home textiles and industrial products  Image Source: Freepik<\/figcaption><\/figure>\n<\/div>\n\n\n<h2 class=\"wp-block-heading\" id=\"h-world-cotton-day-2025-the-fabric-of-our-lives\"><strong>World Cotton Day 2025 &#8211; The Fabric of our Lives<\/strong><\/h2>\n\n\n\n<p>The World Cotton Day first held on October 7, 2019, in Geneva, hosted by the World Trade Organization (WTO), proclaimed by the General Assembly of the United Nations on August, 2021. This give an opportunity to remember the fact that the cotton is an indispensable part of our lives and to discuss the better ways to achive a sustainable cotton sector.<\/p>\n\n\n\n<p>World Cotton Day 2025 organized jointly by the Republic of Chad, the Food and Agriculture Organization of the United Nations (FAO), and the International Trade Centre (ITC) takes place on Tuesday, 7 October 2025 at FAO Headquarters.<\/p>\n\n\n\n<p>This year\u2019s celebration showcase the many opportunities within the cotton sector, highlighting its vital role in fostering international trade and inclusive economic growth. Discussions focus on boosting productivity at all levels, advancing innovative strategies for adding value along the value chain, and reinforcing the power of trade to support a better future for all.<\/p>\n\n\n\n<h2 class=\"wp-block-heading\" id=\"h-cotton-is-the-second-most-used-fibre-globally-after-polyester\"><strong>Cotton is the second-most used fibre globally after polyester<\/strong><\/h2>\n\n\n\n<p>Cotton sustains about 24 million growers and benefits over 100 million families globally and is the second-most used fibre globally after polyester, making up approximately 20 percent of total fibre demand. However, cotton\u2019s share of global fibre consumption declined from 60 percent in the 1960s to 22 percent in 2024, while synthetic fibres have seen substantial growth.<\/p>\n\n\n\n<p>The value of global cotton production is estimated at over USD 75 billion annually, while World trade in cotton amounts to approximately USD 20 billion annually. Approximately 80 percent of cotton is used in <a href=\"https:\/\/www.textilegence.com\/en\/category\/topical\/\" target=\"_blank\" rel=\"noreferrer noopener\">apparel<\/a>, with the remainder used in home textiles and industrial products.&nbsp;<\/p>\n\n\n\n<p>Cotton is grown in subtropical and seasonally dry tropical areas in both the northern and southern hemispheres. The top five cotton-producing countries are China, India, Brazil, the United States of America, and Pakistan, which together account for more than three-quarters of global production. In 2024, Brazil and USA were the world\u2019s largest cotton exporters, while Bangladesh and Vietnam were the largest importers.<\/p>\n\n\n\n<p>Women account for an estimated 43 percent of the labour force in cotton production, playing a vital role in tasks such as planting and harvesting \u2013 particularly in Africa and Asia.<\/p>\n","protected":false},"excerpt":{"rendered":"<p>In a statement made on October 7, World Cotton Day, National Cotton Council President Fevzi \u00c7ondur emphasized that cotton is of strategic importance for T\u00fcrkiye. He noted that climate change and shrinking water resources are among the biggest threats to cotton production, drawing attention that climate-induced water shortages make production planning impossible. He shared the [&hellip;]<\/p>\n","protected":false},"author":26,"featured_media":63084,"comment_status":"closed","ping_status":"closed","sticky":false,"template":"","format":"standard","meta":{"footnotes":""},"categories":[9859],"tags":[11345,10369,12450],"class_list":{"0":"post-63088","1":"post","2":"type-post","3":"status-publish","4":"format-standard","5":"has-post-thumbnail","7":"category-topical","8":"tag-cotton","9":"tag-textile-news-en","10":"tag-topical"},"yoast_head":"<!-- This site is optimized with the Yoast SEO Premium plugin v27.3 (Yoast SEO v27.3) - https:\/\/yoast.com\/product\/yoast-seo-premium-wordpress\/ -->\n<title>T\u00fcrkiye, as a cotton country, how can it fight against drought? - Textilegence<\/title>\n<meta name=\"description\" content=\"In a statement made on October 7, World Cotton Day, National Cotton Council Chairman Fevzi \u00c7ondur emphasized that cotton...\" \/>\n<meta name=\"robots\" content=\"index, follow, max-snippet:-1, max-image-preview:large, max-video-preview:-1\" \/>\n<link rel=\"canonical\" href=\"https:\/\/www.textilegence.com\/en\/turkiye-as-a-cotton-country-how-can-it-be-fight-against-drought\/\" \/>\n<meta property=\"og:locale\" content=\"en_US\" \/>\n<meta property=\"og:type\" content=\"article\" \/>\n<meta property=\"og:title\" content=\"T\u00fcrkiye, as a cotton country, how can it fight against drought?\" \/>\n<meta property=\"og:description\" content=\"In a statement made on October 7, World Cotton Day, National Cotton Council President Fevzi \u00c7ondur emphasized that cotton is of strategic importance for\" \/>\n<meta property=\"og:url\" content=\"https:\/\/www.textilegence.com\/en\/turkiye-as-a-cotton-country-how-can-it-be-fight-against-drought\/\" \/>\n<meta property=\"og:site_name\" content=\"Textilegence Magazine and Digital Platform\" \/>\n<meta property=\"article:publisher\" content=\"https:\/\/www.facebook.com\/TextilegenceMagazine\" \/>\n<meta property=\"article:author\" content=\"https:\/\/www.facebook.com\/TextilegenceMagazine\" \/>\n<meta property=\"article:published_time\" content=\"2025-10-07T12:40:39+00:00\" \/>\n<meta property=\"article:modified_time\" content=\"2025-10-07T13:14:36+00:00\" \/>\n<meta property=\"og:image\" content=\"https:\/\/www.textilegence.com\/wp-content\/uploads\/2025\/10\/Haber-Gorseli-29.jpg\" \/>\n\t<meta property=\"og:image:width\" content=\"1920\" \/>\n\t<meta property=\"og:image:height\" content=\"1080\" \/>\n\t<meta property=\"og:image:type\" content=\"image\/jpeg\" \/>\n<meta name=\"author\" content=\"Ya\u011fmur Melis \u015eim\u015fek\" \/>\n<meta name=\"twitter:card\" content=\"summary_large_image\" \/>\n<meta name=\"twitter:creator\" content=\"@https:\/\/twitter.com\/textilegence\" \/>\n<meta name=\"twitter:site\" content=\"@textilegence\" \/>\n<meta name=\"twitter:label1\" content=\"Written by\" \/>\n\t<meta name=\"twitter:data1\" content=\"Ya\u011fmur Melis \u015eim\u015fek\" \/>\n\t<meta name=\"twitter:label2\" content=\"Est. reading time\" \/>\n\t<meta name=\"twitter:data2\" content=\"5 minutes\" \/>\n<script type=\"application\/ld+json\" class=\"yoast-schema-graph\">{\"@context\":\"https:\\\/\\\/schema.org\",\"@graph\":[{\"@type\":\"NewsArticle\",\"@id\":\"https:\\\/\\\/www.textilegence.com\\\/en\\\/turkiye-as-a-cotton-country-how-can-it-be-fight-against-drought\\\/#article\",\"isPartOf\":{\"@id\":\"https:\\\/\\\/www.textilegence.com\\\/en\\\/turkiye-as-a-cotton-country-how-can-it-be-fight-against-drought\\\/\"},\"author\":{\"name\":\"Ya\u011fmur Melis \u015eim\u015fek\",\"@id\":\"https:\\\/\\\/www.textilegence.com\\\/en\\\/#\\\/schema\\\/person\\\/cfa6baf17f0478131c673c93a9b88ef3\"},\"headline\":\"T\u00fcrkiye, as a cotton country, how can it fight against drought?\",\"datePublished\":\"2025-10-07T12:40:39+00:00\",\"dateModified\":\"2025-10-07T13:14:36+00:00\",\"mainEntityOfPage\":{\"@id\":\"https:\\\/\\\/www.textilegence.com\\\/en\\\/turkiye-as-a-cotton-country-how-can-it-be-fight-against-drought\\\/\"},\"wordCount\":629,\"publisher\":{\"@id\":\"https:\\\/\\\/www.textilegence.com\\\/en\\\/#organization\"},\"image\":{\"@id\":\"https:\\\/\\\/www.textilegence.com\\\/en\\\/turkiye-as-a-cotton-country-how-can-it-be-fight-against-drought\\\/#primaryimage\"},\"thumbnailUrl\":\"https:\\\/\\\/www.textilegence.com\\\/wp-content\\\/uploads\\\/2025\\\/10\\\/Haber-Gorseli-29.jpg\",\"keywords\":[\"cotton\",\"textile news\",\"topical\"],\"articleSection\":[\"Topical\"],\"inLanguage\":\"en-US\"},{\"@type\":\"WebPage\",\"@id\":\"https:\\\/\\\/www.textilegence.com\\\/en\\\/turkiye-as-a-cotton-country-how-can-it-be-fight-against-drought\\\/\",\"url\":\"https:\\\/\\\/www.textilegence.com\\\/en\\\/turkiye-as-a-cotton-country-how-can-it-be-fight-against-drought\\\/\",\"name\":\"T\u00fcrkiye, as a cotton country, how can it fight against drought? - Textilegence\",\"isPartOf\":{\"@id\":\"https:\\\/\\\/www.textilegence.com\\\/en\\\/#website\"},\"primaryImageOfPage\":{\"@id\":\"https:\\\/\\\/www.textilegence.com\\\/en\\\/turkiye-as-a-cotton-country-how-can-it-be-fight-against-drought\\\/#primaryimage\"},\"image\":{\"@id\":\"https:\\\/\\\/www.textilegence.com\\\/en\\\/turkiye-as-a-cotton-country-how-can-it-be-fight-against-drought\\\/#primaryimage\"},\"thumbnailUrl\":\"https:\\\/\\\/www.textilegence.com\\\/wp-content\\\/uploads\\\/2025\\\/10\\\/Haber-Gorseli-29.jpg\",\"datePublished\":\"2025-10-07T12:40:39+00:00\",\"dateModified\":\"2025-10-07T13:14:36+00:00\",\"description\":\"In a statement made on October 7, World Cotton Day, National Cotton Council Chairman Fevzi \u00c7ondur emphasized that cotton...\",\"breadcrumb\":{\"@id\":\"https:\\\/\\\/www.textilegence.com\\\/en\\\/turkiye-as-a-cotton-country-how-can-it-be-fight-against-drought\\\/#breadcrumb\"},\"inLanguage\":\"en-US\",\"potentialAction\":[{\"@type\":\"ReadAction\",\"target\":[\"https:\\\/\\\/www.textilegence.com\\\/en\\\/turkiye-as-a-cotton-country-how-can-it-be-fight-against-drought\\\/\"]}]},{\"@type\":\"ImageObject\",\"inLanguage\":\"en-US\",\"@id\":\"https:\\\/\\\/www.textilegence.com\\\/en\\\/turkiye-as-a-cotton-country-how-can-it-be-fight-against-drought\\\/#primaryimage\",\"url\":\"https:\\\/\\\/www.textilegence.com\\\/wp-content\\\/uploads\\\/2025\\\/10\\\/Haber-Gorseli-29.jpg\",\"contentUrl\":\"https:\\\/\\\/www.textilegence.com\\\/wp-content\\\/uploads\\\/2025\\\/10\\\/Haber-Gorseli-29.jpg\",\"width\":1920,\"height\":1080,\"caption\":\"President of the National Cotton Council Fevzi \u00c7ondur said that cotton producers have suffered serious yield losses in recent years due to drought, emphasizing the need to implement new irrigation projects Image Source: Freepik\"},{\"@type\":\"BreadcrumbList\",\"@id\":\"https:\\\/\\\/www.textilegence.com\\\/en\\\/turkiye-as-a-cotton-country-how-can-it-be-fight-against-drought\\\/#breadcrumb\",\"itemListElement\":[{\"@type\":\"ListItem\",\"position\":1,\"name\":\"Home Page\",\"item\":\"https:\\\/\\\/www.textilegence.com\\\/en\\\/homepage-the-rimont\\\/\"},{\"@type\":\"ListItem\",\"position\":2,\"name\":\"Topical\",\"item\":\"https:\\\/\\\/www.textilegence.com\\\/en\\\/category\\\/topical\\\/\"},{\"@type\":\"ListItem\",\"position\":3,\"name\":\"T\u00fcrkiye, as a cotton country, how can it fight against drought?\"}]},{\"@type\":\"WebSite\",\"@id\":\"https:\\\/\\\/www.textilegence.com\\\/en\\\/#website\",\"url\":\"https:\\\/\\\/www.textilegence.com\\\/en\\\/\",\"name\":\"Textilegence Magazine and Digital Platform\",\"description\":\"Textile News Center\",\"publisher\":{\"@id\":\"https:\\\/\\\/www.textilegence.com\\\/en\\\/#organization\"},\"potentialAction\":[{\"@type\":\"SearchAction\",\"target\":{\"@type\":\"EntryPoint\",\"urlTemplate\":\"https:\\\/\\\/www.textilegence.com\\\/en\\\/?s={search_term_string}\"},\"query-input\":{\"@type\":\"PropertyValueSpecification\",\"valueRequired\":true,\"valueName\":\"search_term_string\"}}],\"inLanguage\":\"en-US\"},{\"@type\":\"Organization\",\"@id\":\"https:\\\/\\\/www.textilegence.com\\\/en\\\/#organization\",\"name\":\"Textilegence Magazine and Digital Platform\",\"url\":\"https:\\\/\\\/www.textilegence.com\\\/en\\\/\",\"logo\":{\"@type\":\"ImageObject\",\"inLanguage\":\"en-US\",\"@id\":\"https:\\\/\\\/www.textilegence.com\\\/en\\\/#\\\/schema\\\/logo\\\/image\\\/\",\"url\":\"https:\\\/\\\/www.textilegence.com\\\/wp-content\\\/uploads\\\/2016\\\/11\\\/New_Retina_Logo_Textilegence.png\",\"contentUrl\":\"https:\\\/\\\/www.textilegence.com\\\/wp-content\\\/uploads\\\/2016\\\/11\\\/New_Retina_Logo_Textilegence.png\",\"width\":544,\"height\":180,\"caption\":\"Textilegence Magazine and Digital Platform\"},\"image\":{\"@id\":\"https:\\\/\\\/www.textilegence.com\\\/en\\\/#\\\/schema\\\/logo\\\/image\\\/\"},\"sameAs\":[\"https:\\\/\\\/www.facebook.com\\\/TextilegenceMagazine\",\"https:\\\/\\\/x.com\\\/textilegence\",\"https:\\\/\\\/www.instagram.com\\\/textilegence\\\/\",\"https:\\\/\\\/www.linkedin.com\\\/groups\\\/Textilegence-Magazine-Digital-Platform-4897253\",\"https:\\\/\\\/www.youtube.com\\\/user\\\/textilegence\"],\"description\":\"Textilegence is a magazine and digital platform established in 2013. It focuses on the textile industry and sub-segments. The platform provides news, articles, and updates on various aspects of the textile industry, including sustainability, technological advancements, and market trends.\",\"email\":\"editor@textilegence.com\",\"telephone\":\"+90 212 442 24 12\",\"legalName\":\"Textilegence Mag and Digital Platform\",\"foundingDate\":\"2013-01-01\",\"numberOfEmployees\":{\"@type\":\"QuantitativeValue\",\"minValue\":\"1\",\"maxValue\":\"10\"}},{\"@type\":\"Person\",\"@id\":\"https:\\\/\\\/www.textilegence.com\\\/en\\\/#\\\/schema\\\/person\\\/cfa6baf17f0478131c673c93a9b88ef3\",\"name\":\"Ya\u011fmur Melis \u015eim\u015fek\",\"image\":{\"@type\":\"ImageObject\",\"inLanguage\":\"en-US\",\"@id\":\"https:\\\/\\\/www.textilegence.com\\\/wp-content\\\/uploads\\\/2022\\\/03\\\/Yagmur_photo1.jpg\",\"url\":\"https:\\\/\\\/www.textilegence.com\\\/wp-content\\\/uploads\\\/2022\\\/03\\\/Yagmur_photo1.jpg\",\"contentUrl\":\"https:\\\/\\\/www.textilegence.com\\\/wp-content\\\/uploads\\\/2022\\\/03\\\/Yagmur_photo1.jpg\",\"caption\":\"Ya\u011fmur Melis \u015eim\u015fek\"},\"description\":\"Ya\u011fmur Melis \u015eim\u015fek, Saint-Beno\u00eet Frans\u0131z Lisesi\u2019nde e\u011fitim g\u00f6rm\u00fc\u015f, ard\u0131ndan Anadolu \u00dcniversitesi\u2019nde iki y\u0131ll\u0131k Foto\u011fraf\u00e7\u0131l\u0131k B\u00f6l\u00fcm\u00fc\u2019n\u00fc tamamlam\u0131\u015ft\u0131r. Daha sonra lisans e\u011fitimini \u0130stanbul \u00dcniversitesi Gazetecilik B\u00f6l\u00fcm\u00fc\u2019nde s\u00fcrd\u00fcrm\u00fc\u015f, mezuniyetin ard\u0131ndan ise 2017 y\u0131l\u0131nda i\u015f hayat\u0131na at\u0131lm\u0131\u015ft\u0131r. Pek \u00e7ok farkl\u0131 projede, foto\u011fraf\u00e7\u0131l\u0131k ve grafik tasar\u0131mc\u0131l\u0131\u011f\u0131n yan\u0131 s\u0131ra teknoloji alan\u0131nda i\u00e7erik ve haber yazarl\u0131\u011f\u0131 gibi \u00e7e\u015fitli pozisyonlarda yer alan \u015eim\u015fek, 2021 y\u0131l\u0131ndan bu yana Textilegence\u2019da d\u0131\u015f haberlerde yard\u0131mc\u0131 edit\u00f6r olarak g\u00f6rev yapmaktad\u0131r.\",\"sameAs\":[\"https:\\\/\\\/www.textilegence.com\\\/\",\"https:\\\/\\\/www.facebook.com\\\/TextilegenceMagazine\",\"https:\\\/\\\/www.instagram.com\\\/textilegence\\\/\",\"https:\\\/\\\/www.linkedin.com\\\/company\\\/2985016\",\"https:\\\/\\\/x.com\\\/https:\\\/\\\/twitter.com\\\/textilegence\",\"https:\\\/\\\/www.youtube.com\\\/channel\\\/UCgtcny5ljhiXu-yvOiAlpRA\"],\"url\":\"https:\\\/\\\/www.textilegence.com\\\/en\\\/author\\\/yms\\\/\"}]}<\/script>\n<!-- \/ Yoast SEO Premium plugin. -->","yoast_head_json":{"title":"T\u00fcrkiye, as a cotton country, how can it fight against drought? - Textilegence","description":"In a statement made on October 7, World Cotton Day, National Cotton Council Chairman Fevzi \u00c7ondur emphasized that cotton...","robots":{"index":"index","follow":"follow","max-snippet":"max-snippet:-1","max-image-preview":"max-image-preview:large","max-video-preview":"max-video-preview:-1"},"canonical":"https:\/\/www.textilegence.com\/en\/turkiye-as-a-cotton-country-how-can-it-be-fight-against-drought\/","og_locale":"en_US","og_type":"article","og_title":"T\u00fcrkiye, as a cotton country, how can it fight against drought?","og_description":"In a statement made on October 7, World Cotton Day, National Cotton Council President Fevzi \u00c7ondur emphasized that cotton is of strategic importance for","og_url":"https:\/\/www.textilegence.com\/en\/turkiye-as-a-cotton-country-how-can-it-be-fight-against-drought\/","og_site_name":"Textilegence Magazine and Digital Platform","article_publisher":"https:\/\/www.facebook.com\/TextilegenceMagazine","article_author":"https:\/\/www.facebook.com\/TextilegenceMagazine","article_published_time":"2025-10-07T12:40:39+00:00","article_modified_time":"2025-10-07T13:14:36+00:00","og_image":[{"width":1920,"height":1080,"url":"https:\/\/www.textilegence.com\/wp-content\/uploads\/2025\/10\/Haber-Gorseli-29.jpg","type":"image\/jpeg"}],"author":"Ya\u011fmur Melis \u015eim\u015fek","twitter_card":"summary_large_image","twitter_creator":"@https:\/\/twitter.com\/textilegence","twitter_site":"@textilegence","twitter_misc":{"Written by":"Ya\u011fmur Melis \u015eim\u015fek","Est. reading time":"5 minutes"},"schema":{"@context":"https:\/\/schema.org","@graph":[{"@type":"NewsArticle","@id":"https:\/\/www.textilegence.com\/en\/turkiye-as-a-cotton-country-how-can-it-be-fight-against-drought\/#article","isPartOf":{"@id":"https:\/\/www.textilegence.com\/en\/turkiye-as-a-cotton-country-how-can-it-be-fight-against-drought\/"},"author":{"name":"Ya\u011fmur Melis \u015eim\u015fek","@id":"https:\/\/www.textilegence.com\/en\/#\/schema\/person\/cfa6baf17f0478131c673c93a9b88ef3"},"headline":"T\u00fcrkiye, as a cotton country, how can it fight against drought?","datePublished":"2025-10-07T12:40:39+00:00","dateModified":"2025-10-07T13:14:36+00:00","mainEntityOfPage":{"@id":"https:\/\/www.textilegence.com\/en\/turkiye-as-a-cotton-country-how-can-it-be-fight-against-drought\/"},"wordCount":629,"publisher":{"@id":"https:\/\/www.textilegence.com\/en\/#organization"},"image":{"@id":"https:\/\/www.textilegence.com\/en\/turkiye-as-a-cotton-country-how-can-it-be-fight-against-drought\/#primaryimage"},"thumbnailUrl":"https:\/\/www.textilegence.com\/wp-content\/uploads\/2025\/10\/Haber-Gorseli-29.jpg","keywords":["cotton","textile news","topical"],"articleSection":["Topical"],"inLanguage":"en-US"},{"@type":"WebPage","@id":"https:\/\/www.textilegence.com\/en\/turkiye-as-a-cotton-country-how-can-it-be-fight-against-drought\/","url":"https:\/\/www.textilegence.com\/en\/turkiye-as-a-cotton-country-how-can-it-be-fight-against-drought\/","name":"T\u00fcrkiye, as a cotton country, how can it fight against drought? - Textilegence","isPartOf":{"@id":"https:\/\/www.textilegence.com\/en\/#website"},"primaryImageOfPage":{"@id":"https:\/\/www.textilegence.com\/en\/turkiye-as-a-cotton-country-how-can-it-be-fight-against-drought\/#primaryimage"},"image":{"@id":"https:\/\/www.textilegence.com\/en\/turkiye-as-a-cotton-country-how-can-it-be-fight-against-drought\/#primaryimage"},"thumbnailUrl":"https:\/\/www.textilegence.com\/wp-content\/uploads\/2025\/10\/Haber-Gorseli-29.jpg","datePublished":"2025-10-07T12:40:39+00:00","dateModified":"2025-10-07T13:14:36+00:00","description":"In a statement made on October 7, World Cotton Day, National Cotton Council Chairman Fevzi \u00c7ondur emphasized that cotton...","breadcrumb":{"@id":"https:\/\/www.textilegence.com\/en\/turkiye-as-a-cotton-country-how-can-it-be-fight-against-drought\/#breadcrumb"},"inLanguage":"en-US","potentialAction":[{"@type":"ReadAction","target":["https:\/\/www.textilegence.com\/en\/turkiye-as-a-cotton-country-how-can-it-be-fight-against-drought\/"]}]},{"@type":"ImageObject","inLanguage":"en-US","@id":"https:\/\/www.textilegence.com\/en\/turkiye-as-a-cotton-country-how-can-it-be-fight-against-drought\/#primaryimage","url":"https:\/\/www.textilegence.com\/wp-content\/uploads\/2025\/10\/Haber-Gorseli-29.jpg","contentUrl":"https:\/\/www.textilegence.com\/wp-content\/uploads\/2025\/10\/Haber-Gorseli-29.jpg","width":1920,"height":1080,"caption":"President of the National Cotton Council Fevzi \u00c7ondur said that cotton producers have suffered serious yield losses in recent years due to drought, emphasizing the need to implement new irrigation projects Image Source: Freepik"},{"@type":"BreadcrumbList","@id":"https:\/\/www.textilegence.com\/en\/turkiye-as-a-cotton-country-how-can-it-be-fight-against-drought\/#breadcrumb","itemListElement":[{"@type":"ListItem","position":1,"name":"Home Page","item":"https:\/\/www.textilegence.com\/en\/homepage-the-rimont\/"},{"@type":"ListItem","position":2,"name":"Topical","item":"https:\/\/www.textilegence.com\/en\/category\/topical\/"},{"@type":"ListItem","position":3,"name":"T\u00fcrkiye, as a cotton country, how can it fight against drought?"}]},{"@type":"WebSite","@id":"https:\/\/www.textilegence.com\/en\/#website","url":"https:\/\/www.textilegence.com\/en\/","name":"Textilegence Magazine and Digital Platform","description":"Textile News Center","publisher":{"@id":"https:\/\/www.textilegence.com\/en\/#organization"},"potentialAction":[{"@type":"SearchAction","target":{"@type":"EntryPoint","urlTemplate":"https:\/\/www.textilegence.com\/en\/?s={search_term_string}"},"query-input":{"@type":"PropertyValueSpecification","valueRequired":true,"valueName":"search_term_string"}}],"inLanguage":"en-US"},{"@type":"Organization","@id":"https:\/\/www.textilegence.com\/en\/#organization","name":"Textilegence Magazine and Digital Platform","url":"https:\/\/www.textilegence.com\/en\/","logo":{"@type":"ImageObject","inLanguage":"en-US","@id":"https:\/\/www.textilegence.com\/en\/#\/schema\/logo\/image\/","url":"https:\/\/www.textilegence.com\/wp-content\/uploads\/2016\/11\/New_Retina_Logo_Textilegence.png","contentUrl":"https:\/\/www.textilegence.com\/wp-content\/uploads\/2016\/11\/New_Retina_Logo_Textilegence.png","width":544,"height":180,"caption":"Textilegence Magazine and Digital Platform"},"image":{"@id":"https:\/\/www.textilegence.com\/en\/#\/schema\/logo\/image\/"},"sameAs":["https:\/\/www.facebook.com\/TextilegenceMagazine","https:\/\/x.com\/textilegence","https:\/\/www.instagram.com\/textilegence\/","https:\/\/www.linkedin.com\/groups\/Textilegence-Magazine-Digital-Platform-4897253","https:\/\/www.youtube.com\/user\/textilegence"],"description":"Textilegence is a magazine and digital platform established in 2013. It focuses on the textile industry and sub-segments. The platform provides news, articles, and updates on various aspects of the textile industry, including sustainability, technological advancements, and market trends.","email":"editor@textilegence.com","telephone":"+90 212 442 24 12","legalName":"Textilegence Mag and Digital Platform","foundingDate":"2013-01-01","numberOfEmployees":{"@type":"QuantitativeValue","minValue":"1","maxValue":"10"}},{"@type":"Person","@id":"https:\/\/www.textilegence.com\/en\/#\/schema\/person\/cfa6baf17f0478131c673c93a9b88ef3","name":"Ya\u011fmur Melis \u015eim\u015fek","image":{"@type":"ImageObject","inLanguage":"en-US","@id":"https:\/\/www.textilegence.com\/wp-content\/uploads\/2022\/03\/Yagmur_photo1.jpg","url":"https:\/\/www.textilegence.com\/wp-content\/uploads\/2022\/03\/Yagmur_photo1.jpg","contentUrl":"https:\/\/www.textilegence.com\/wp-content\/uploads\/2022\/03\/Yagmur_photo1.jpg","caption":"Ya\u011fmur Melis \u015eim\u015fek"},"description":"Ya\u011fmur Melis \u015eim\u015fek, Saint-Beno\u00eet Frans\u0131z Lisesi\u2019nde e\u011fitim g\u00f6rm\u00fc\u015f, ard\u0131ndan Anadolu \u00dcniversitesi\u2019nde iki y\u0131ll\u0131k Foto\u011fraf\u00e7\u0131l\u0131k B\u00f6l\u00fcm\u00fc\u2019n\u00fc tamamlam\u0131\u015ft\u0131r. Daha sonra lisans e\u011fitimini \u0130stanbul \u00dcniversitesi Gazetecilik B\u00f6l\u00fcm\u00fc\u2019nde s\u00fcrd\u00fcrm\u00fc\u015f, mezuniyetin ard\u0131ndan ise 2017 y\u0131l\u0131nda i\u015f hayat\u0131na at\u0131lm\u0131\u015ft\u0131r. Pek \u00e7ok farkl\u0131 projede, foto\u011fraf\u00e7\u0131l\u0131k ve grafik tasar\u0131mc\u0131l\u0131\u011f\u0131n yan\u0131 s\u0131ra teknoloji alan\u0131nda i\u00e7erik ve haber yazarl\u0131\u011f\u0131 gibi \u00e7e\u015fitli pozisyonlarda yer alan \u015eim\u015fek, 2021 y\u0131l\u0131ndan bu yana Textilegence\u2019da d\u0131\u015f haberlerde yard\u0131mc\u0131 edit\u00f6r olarak g\u00f6rev yapmaktad\u0131r.","sameAs":["https:\/\/www.textilegence.com\/","https:\/\/www.facebook.com\/TextilegenceMagazine","https:\/\/www.instagram.com\/textilegence\/","https:\/\/www.linkedin.com\/company\/2985016","https:\/\/x.com\/https:\/\/twitter.com\/textilegence","https:\/\/www.youtube.com\/channel\/UCgtcny5ljhiXu-yvOiAlpRA"],"url":"https:\/\/www.textilegence.com\/en\/author\/yms\/"}]}},"_links":{"self":[{"href":"https:\/\/www.textilegence.com\/en\/wp-json\/wp\/v2\/posts\/63088","targetHints":{"allow":["GET"]}}],"collection":[{"href":"https:\/\/www.textilegence.com\/en\/wp-json\/wp\/v2\/posts"}],"about":[{"href":"https:\/\/www.textilegence.com\/en\/wp-json\/wp\/v2\/types\/post"}],"author":[{"embeddable":true,"href":"https:\/\/www.textilegence.com\/en\/wp-json\/wp\/v2\/users\/26"}],"replies":[{"embeddable":true,"href":"https:\/\/www.textilegence.com\/en\/wp-json\/wp\/v2\/comments?post=63088"}],"version-history":[{"count":0,"href":"https:\/\/www.textilegence.com\/en\/wp-json\/wp\/v2\/posts\/63088\/revisions"}],"wp:featuredmedia":[{"embeddable":true,"href":"https:\/\/www.textilegence.com\/en\/wp-json\/wp\/v2\/media\/63084"}],"wp:attachment":[{"href":"https:\/\/www.textilegence.com\/en\/wp-json\/wp\/v2\/media?parent=63088"}],"wp:term":[{"taxonomy":"category","embeddable":true,"href":"https:\/\/www.textilegence.com\/en\/wp-json\/wp\/v2\/categories?post=63088"},{"taxonomy":"post_tag","embeddable":true,"href":"https:\/\/www.textilegence.com\/en\/wp-json\/wp\/v2\/tags?post=63088"}],"curies":[{"name":"wp","href":"https:\/\/api.w.org\/{rel}","templated":true}]}}