{"id":63154,"date":"2025-10-23T15:30:53","date_gmt":"2025-10-23T12:30:53","guid":{"rendered":"http:\/\/www.textilegence.com\/?p=63154"},"modified":"2025-10-23T15:31:23","modified_gmt":"2025-10-23T12:31:23","slug":"aersulate-wadding-is-in-top-ten-at-performance-days-munich","status":"publish","type":"post","link":"https:\/\/www.textilegence.com\/en\/aersulate-wadding-is-in-top-ten-at-performance-days-munich\/","title":{"rendered":"Aersulate Wadding is in top ten at PERFORMANCE DAYS Munich"},"content":{"rendered":"\n<p><a href=\"https:\/\/www.outlast.com\" target=\"_blank\" rel=\"noreferrer noopener\">Outlast Technologies<\/a> is showcasing Aersulate Wadding &#8211; its NASA-inspired, fiber-based insulation &#8211; at PERFORMANCE DAYS Munich on October 29\u201330, 2025. Recognized among the Top Ten in the show\u2019s Innovation Forum, Aersulate\u00ae was selected from over 2,000 fabric submissions, standing out to the jury for its high thermal efficiency with low volume. During the event, the Outlast team will be at Booth L19 to welcome its visitors and present its wide range of applications.\u00a0<\/p>\n\n\n\n<p>\u201cWith our patent-pending fiber technology, Aersulate\u00ae redefines what textile insulation can be: thin, light, and powerful,\u201d said Ari Pachur, Senior Business Development Manager Overseas of Outlast. \u201cBeing selected for the Top Ten out of more than 2,000 entries at PERFORMANCE DAYS is a fantastic recognition of what this technology enables.\u201d&nbsp;<\/p>\n\n\n\n<h2 class=\"wp-block-heading\" id=\"h-proven-performance-sustainable-by-design-nbsp\"><strong>Proven performance, sustainable by design<\/strong>&nbsp;<\/h2>\n\n\n\n<p>At the core of Aersulate is aerogel &#8211; the world\u2019s lightest solid, consisting of up to 99% air. Outlast embeds an impressive 50% by volume of aerogel directly into viscose fibers, creating an <a href=\"https:\/\/www.textilegence.com\/en\/category\/technical-textiles\/\" target=\"_blank\" rel=\"noreferrer noopener\">insulation<\/a> that is exceptionally light yet extraordinarily effective.\u00a0<\/p>\n\n\n\n<p>Independent lab data confirm a significant increase in thermal efficiency versus conventional solutions: +35% higher RCT values in wadding, up to +37% higher RCT in needlefelt applications and same warmth at up to 35% less volume (no extra bulk)&nbsp;<\/p>\n\n\n\n<p>Aersulate Wadding unites aerogel made from quartz sand with renewable, wood-based viscose to offer a sustainable, animal-free alternative to down and conventional synthetic fills &#8211; with no compromise on performance.&nbsp;<\/p>\n\n\n\n<h2 class=\"wp-block-heading\" id=\"h-high-performance-under-pressure\"><strong>High performance under pressure<\/strong>\u00a0<\/h2>\n\n\n\n<p>Aersulate\u00ae Wadding delivers warmth precisely where traditional wadding loses effectiveness &#8211; under compression. Air is an excellent natural insulator, but in conventional fills it is squeezed out when pressure is applied (e.g., kneeling or sitting), causing thermal performance to drop. With an exceptionally high aerogel content &#8211; 50% by volume &#8211; Aersulate stores air within a stable, porous microstructure that keeps it from escaping. The result is consistently high insulation &#8211; even under compression and in humid conditions. From outerwear and ski apparel to technical workwear, Aersulate reliably sustains thermal performance.\u00a0<\/p>\n","protected":false},"excerpt":{"rendered":"<p>Outlast Technologies is showcasing Aersulate Wadding &#8211; its NASA-inspired, fiber-based insulation &#8211; at PERFORMANCE DAYS Munich on October 29\u201330, 2025. Recognized among the Top Ten in the show\u2019s Innovation Forum, Aersulate\u00ae was selected from over 2,000 fabric submissions, standing out to the jury for its high thermal efficiency with low volume. During the event, the [&hellip;]<\/p>\n","protected":false},"author":2,"featured_media":63151,"comment_status":"closed","ping_status":"closed","sticky":false,"template":"","format":"standard","meta":{"footnotes":""},"categories":[9866],"tags":[10223,16440,11285,10369],"class_list":{"0":"post-63154","1":"post","2":"type-post","3":"status-publish","4":"format-standard","5":"has-post-thumbnail","7":"category-technical-textiles","8":"tag-fibre","9":"tag-outlast-technologies","10":"tag-technical-textiles","11":"tag-textile-news-en"},"yoast_head":"<!-- This site is optimized with the Yoast SEO Premium plugin v27.3 (Yoast SEO v27.3) - https:\/\/yoast.com\/product\/yoast-seo-premium-wordpress\/ -->\n<title>Aersulate Wadding is in top ten at PERFORMANCE DAYS Munich - Textilegence<\/title>\n<meta name=\"description\" content=\"Outlast Technologies is showcasing Aersulate Wadding - its NASA-inspired, fiber-based insulation - at PERFORMANCE DAYS Munich on...\" \/>\n<meta name=\"robots\" content=\"index, follow, max-snippet:-1, max-image-preview:large, max-video-preview:-1\" \/>\n<link rel=\"canonical\" href=\"https:\/\/www.textilegence.com\/en\/aersulate-wadding-is-in-top-ten-at-performance-days-munich\/\" \/>\n<meta property=\"og:locale\" content=\"en_US\" \/>\n<meta property=\"og:type\" content=\"article\" \/>\n<meta property=\"og:title\" content=\"Aersulate Wadding is in top ten at PERFORMANCE DAYS Munich\" \/>\n<meta property=\"og:description\" content=\"Outlast Technologies is showcasing Aersulate Wadding - its NASA-inspired, fiber-based insulation - at PERFORMANCE DAYS Munich on October 29\u201330, 2025.\" \/>\n<meta property=\"og:url\" content=\"https:\/\/www.textilegence.com\/en\/aersulate-wadding-is-in-top-ten-at-performance-days-munich\/\" \/>\n<meta property=\"og:site_name\" content=\"Textilegence Magazine and Digital Platform\" \/>\n<meta property=\"article:publisher\" content=\"https:\/\/www.facebook.com\/TextilegenceMagazine\" \/>\n<meta property=\"article:author\" content=\"https:\/\/www.facebook.com\/TextilegenceMagazine\" \/>\n<meta property=\"article:published_time\" content=\"2025-10-23T12:30:53+00:00\" \/>\n<meta property=\"article:modified_time\" content=\"2025-10-23T12:31:23+00:00\" \/>\n<meta property=\"og:image\" content=\"https:\/\/www.textilegence.com\/wp-content\/uploads\/2025\/10\/Haber-Gorseli-38.jpg\" \/>\n\t<meta property=\"og:image:width\" content=\"1920\" \/>\n\t<meta property=\"og:image:height\" content=\"1080\" \/>\n\t<meta property=\"og:image:type\" content=\"image\/jpeg\" \/>\n<meta name=\"author\" content=\"Engin Buz\" \/>\n<meta name=\"twitter:card\" content=\"summary_large_image\" \/>\n<meta name=\"twitter:creator\" content=\"@https:\/\/twitter.com\/textilegence\" \/>\n<meta name=\"twitter:site\" content=\"@textilegence\" \/>\n<meta name=\"twitter:label1\" content=\"Written by\" \/>\n\t<meta name=\"twitter:data1\" content=\"Engin Buz\" \/>\n\t<meta name=\"twitter:label2\" content=\"Est. reading time\" \/>\n\t<meta name=\"twitter:data2\" content=\"3 minutes\" \/>\n<script type=\"application\/ld+json\" class=\"yoast-schema-graph\">{\"@context\":\"https:\\\/\\\/schema.org\",\"@graph\":[{\"@type\":\"NewsArticle\",\"@id\":\"https:\\\/\\\/www.textilegence.com\\\/en\\\/aersulate-wadding-is-in-top-ten-at-performance-days-munich\\\/#article\",\"isPartOf\":{\"@id\":\"https:\\\/\\\/www.textilegence.com\\\/en\\\/aersulate-wadding-is-in-top-ten-at-performance-days-munich\\\/\"},\"author\":{\"name\":\"Engin Buz\",\"@id\":\"https:\\\/\\\/www.textilegence.com\\\/en\\\/#\\\/schema\\\/person\\\/46ccc7bfc34edbc7d46b6b189f88849f\"},\"headline\":\"Aersulate Wadding is in top ten at PERFORMANCE DAYS Munich\",\"datePublished\":\"2025-10-23T12:30:53+00:00\",\"dateModified\":\"2025-10-23T12:31:23+00:00\",\"mainEntityOfPage\":{\"@id\":\"https:\\\/\\\/www.textilegence.com\\\/en\\\/aersulate-wadding-is-in-top-ten-at-performance-days-munich\\\/\"},\"wordCount\":340,\"publisher\":{\"@id\":\"https:\\\/\\\/www.textilegence.com\\\/en\\\/#organization\"},\"image\":{\"@id\":\"https:\\\/\\\/www.textilegence.com\\\/en\\\/aersulate-wadding-is-in-top-ten-at-performance-days-munich\\\/#primaryimage\"},\"thumbnailUrl\":\"https:\\\/\\\/www.textilegence.com\\\/wp-content\\\/uploads\\\/2025\\\/10\\\/Haber-Gorseli-38.jpg\",\"keywords\":[\"fibre\",\"outlast technologies\",\"technical textiles\",\"textile news\"],\"articleSection\":[\"Technical Textiles\"],\"inLanguage\":\"en-US\"},{\"@type\":\"WebPage\",\"@id\":\"https:\\\/\\\/www.textilegence.com\\\/en\\\/aersulate-wadding-is-in-top-ten-at-performance-days-munich\\\/\",\"url\":\"https:\\\/\\\/www.textilegence.com\\\/en\\\/aersulate-wadding-is-in-top-ten-at-performance-days-munich\\\/\",\"name\":\"Aersulate Wadding is in top ten at PERFORMANCE DAYS Munich - Textilegence\",\"isPartOf\":{\"@id\":\"https:\\\/\\\/www.textilegence.com\\\/en\\\/#website\"},\"primaryImageOfPage\":{\"@id\":\"https:\\\/\\\/www.textilegence.com\\\/en\\\/aersulate-wadding-is-in-top-ten-at-performance-days-munich\\\/#primaryimage\"},\"image\":{\"@id\":\"https:\\\/\\\/www.textilegence.com\\\/en\\\/aersulate-wadding-is-in-top-ten-at-performance-days-munich\\\/#primaryimage\"},\"thumbnailUrl\":\"https:\\\/\\\/www.textilegence.com\\\/wp-content\\\/uploads\\\/2025\\\/10\\\/Haber-Gorseli-38.jpg\",\"datePublished\":\"2025-10-23T12:30:53+00:00\",\"dateModified\":\"2025-10-23T12:31:23+00:00\",\"description\":\"Outlast Technologies is showcasing Aersulate Wadding - its NASA-inspired, fiber-based insulation - at PERFORMANCE DAYS Munich on...\",\"breadcrumb\":{\"@id\":\"https:\\\/\\\/www.textilegence.com\\\/en\\\/aersulate-wadding-is-in-top-ten-at-performance-days-munich\\\/#breadcrumb\"},\"inLanguage\":\"en-US\",\"potentialAction\":[{\"@type\":\"ReadAction\",\"target\":[\"https:\\\/\\\/www.textilegence.com\\\/en\\\/aersulate-wadding-is-in-top-ten-at-performance-days-munich\\\/\"]}]},{\"@type\":\"ImageObject\",\"inLanguage\":\"en-US\",\"@id\":\"https:\\\/\\\/www.textilegence.com\\\/en\\\/aersulate-wadding-is-in-top-ten-at-performance-days-munich\\\/#primaryimage\",\"url\":\"https:\\\/\\\/www.textilegence.com\\\/wp-content\\\/uploads\\\/2025\\\/10\\\/Haber-Gorseli-38.jpg\",\"contentUrl\":\"https:\\\/\\\/www.textilegence.com\\\/wp-content\\\/uploads\\\/2025\\\/10\\\/Haber-Gorseli-38.jpg\",\"width\":1920,\"height\":1080,\"caption\":\"Visitors to PERFORMANCE DAYS Munich will be able to explore the Aersulate that has been selected for the Innovation Forum \u201cTop Ten\u201d Image Source: Outlast\"},{\"@type\":\"BreadcrumbList\",\"@id\":\"https:\\\/\\\/www.textilegence.com\\\/en\\\/aersulate-wadding-is-in-top-ten-at-performance-days-munich\\\/#breadcrumb\",\"itemListElement\":[{\"@type\":\"ListItem\",\"position\":1,\"name\":\"Home Page\",\"item\":\"https:\\\/\\\/www.textilegence.com\\\/en\\\/homepage-the-rimont\\\/\"},{\"@type\":\"ListItem\",\"position\":2,\"name\":\"Technical Textiles\",\"item\":\"https:\\\/\\\/www.textilegence.com\\\/en\\\/category\\\/technical-textiles\\\/\"},{\"@type\":\"ListItem\",\"position\":3,\"name\":\"Aersulate Wadding is in top ten at PERFORMANCE DAYS Munich\"}]},{\"@type\":\"WebSite\",\"@id\":\"https:\\\/\\\/www.textilegence.com\\\/en\\\/#website\",\"url\":\"https:\\\/\\\/www.textilegence.com\\\/en\\\/\",\"name\":\"Textilegence Magazine and Digital Platform\",\"description\":\"Textile News Center\",\"publisher\":{\"@id\":\"https:\\\/\\\/www.textilegence.com\\\/en\\\/#organization\"},\"potentialAction\":[{\"@type\":\"SearchAction\",\"target\":{\"@type\":\"EntryPoint\",\"urlTemplate\":\"https:\\\/\\\/www.textilegence.com\\\/en\\\/?s={search_term_string}\"},\"query-input\":{\"@type\":\"PropertyValueSpecification\",\"valueRequired\":true,\"valueName\":\"search_term_string\"}}],\"inLanguage\":\"en-US\"},{\"@type\":\"Organization\",\"@id\":\"https:\\\/\\\/www.textilegence.com\\\/en\\\/#organization\",\"name\":\"Textilegence Magazine and Digital Platform\",\"url\":\"https:\\\/\\\/www.textilegence.com\\\/en\\\/\",\"logo\":{\"@type\":\"ImageObject\",\"inLanguage\":\"en-US\",\"@id\":\"https:\\\/\\\/www.textilegence.com\\\/en\\\/#\\\/schema\\\/logo\\\/image\\\/\",\"url\":\"https:\\\/\\\/www.textilegence.com\\\/wp-content\\\/uploads\\\/2016\\\/11\\\/New_Retina_Logo_Textilegence.png\",\"contentUrl\":\"https:\\\/\\\/www.textilegence.com\\\/wp-content\\\/uploads\\\/2016\\\/11\\\/New_Retina_Logo_Textilegence.png\",\"width\":544,\"height\":180,\"caption\":\"Textilegence Magazine and Digital Platform\"},\"image\":{\"@id\":\"https:\\\/\\\/www.textilegence.com\\\/en\\\/#\\\/schema\\\/logo\\\/image\\\/\"},\"sameAs\":[\"https:\\\/\\\/www.facebook.com\\\/TextilegenceMagazine\",\"https:\\\/\\\/x.com\\\/textilegence\",\"https:\\\/\\\/www.instagram.com\\\/textilegence\\\/\",\"https:\\\/\\\/www.linkedin.com\\\/groups\\\/Textilegence-Magazine-Digital-Platform-4897253\",\"https:\\\/\\\/www.youtube.com\\\/user\\\/textilegence\"],\"description\":\"Textilegence is a magazine and digital platform established in 2013. It focuses on the textile industry and sub-segments. The platform provides news, articles, and updates on various aspects of the textile industry, including sustainability, technological advancements, and market trends.\",\"email\":\"editor@textilegence.com\",\"telephone\":\"+90 212 442 24 12\",\"legalName\":\"Textilegence Mag and Digital Platform\",\"foundingDate\":\"2013-01-01\",\"numberOfEmployees\":{\"@type\":\"QuantitativeValue\",\"minValue\":\"1\",\"maxValue\":\"10\"}},{\"@type\":\"Person\",\"@id\":\"https:\\\/\\\/www.textilegence.com\\\/en\\\/#\\\/schema\\\/person\\\/46ccc7bfc34edbc7d46b6b189f88849f\",\"name\":\"Engin Buz\",\"image\":{\"@type\":\"ImageObject\",\"inLanguage\":\"en-US\",\"@id\":\"https:\\\/\\\/www.textilegence.com\\\/wp-content\\\/uploads\\\/2018\\\/12\\\/engin-buz.jpg\",\"url\":\"https:\\\/\\\/www.textilegence.com\\\/wp-content\\\/uploads\\\/2018\\\/12\\\/engin-buz.jpg\",\"contentUrl\":\"https:\\\/\\\/www.textilegence.com\\\/wp-content\\\/uploads\\\/2018\\\/12\\\/engin-buz.jpg\",\"caption\":\"Engin Buz\"},\"description\":\"Engin Buz, Ankara \u00dcniversitesi \u0130leti\u015fim Fak\u00fcltesi Gazetecilik B\u00f6l\u00fcm\u00fc\u2019nden mezun olduktan sonra Y\u0131ld\u0131z Teknik \u00dcniversitesi\u2019nde Siyaset Bilimi ve Uluslararas\u0131 \u0130li\u015fkiler alan\u0131nda y\u00fcksek lisans\u0131n\u0131 tamamlam\u0131\u015ft\u0131r. 2000 y\u0131l\u0131ndan sonra \u00e7e\u015fitli yay\u0131nc\u0131l\u0131k \u015firketlerinde \u00e7al\u0131\u015fmaya ba\u015flayarak k\u00fclt\u00fcr-sanat ve daha sonra ekonomi haberleri haz\u0131rlam\u0131\u015ft\u0131r. 2009 y\u0131l\u0131ndan itibaren tekstil end\u00fcstrisine d\u00f6n\u00fck yay\u0131nlarda edit\u00f6r olarak g\u00f6rev alan Buz, 2013 itibariyle kurulan Textilegence\u2019de haber edit\u00f6r\u00fc olarak yer almaya ba\u015flam\u0131\u015ft\u0131r. Engin Buz halen ba\u015fta tekstil ve dijital bask\u0131 end\u00fcstrileri olmak \u00fczere ekonomi haberleri haz\u0131rlamaktad\u0131r.\",\"sameAs\":[\"https:\\\/\\\/www.textilegence.com\",\"https:\\\/\\\/www.facebook.com\\\/TextilegenceMagazine\",\"https:\\\/\\\/www.instagram.com\\\/textilegence\\\/\",\"https:\\\/\\\/www.linkedin.com\\\/in\\\/engin-buz-6190799a\\\/\",\"https:\\\/\\\/x.com\\\/https:\\\/\\\/twitter.com\\\/textilegence\"],\"url\":\"https:\\\/\\\/www.textilegence.com\\\/en\\\/author\\\/engin-buz\\\/\"}]}<\/script>\n<!-- \/ Yoast SEO Premium plugin. -->","yoast_head_json":{"title":"Aersulate Wadding is in top ten at PERFORMANCE DAYS Munich - Textilegence","description":"Outlast Technologies is showcasing Aersulate Wadding - its NASA-inspired, fiber-based insulation - at PERFORMANCE DAYS Munich on...","robots":{"index":"index","follow":"follow","max-snippet":"max-snippet:-1","max-image-preview":"max-image-preview:large","max-video-preview":"max-video-preview:-1"},"canonical":"https:\/\/www.textilegence.com\/en\/aersulate-wadding-is-in-top-ten-at-performance-days-munich\/","og_locale":"en_US","og_type":"article","og_title":"Aersulate Wadding is in top ten at PERFORMANCE DAYS Munich","og_description":"Outlast Technologies is showcasing Aersulate Wadding - its NASA-inspired, fiber-based insulation - at PERFORMANCE DAYS Munich on October 29\u201330, 2025.","og_url":"https:\/\/www.textilegence.com\/en\/aersulate-wadding-is-in-top-ten-at-performance-days-munich\/","og_site_name":"Textilegence Magazine and Digital Platform","article_publisher":"https:\/\/www.facebook.com\/TextilegenceMagazine","article_author":"https:\/\/www.facebook.com\/TextilegenceMagazine","article_published_time":"2025-10-23T12:30:53+00:00","article_modified_time":"2025-10-23T12:31:23+00:00","og_image":[{"width":1920,"height":1080,"url":"https:\/\/www.textilegence.com\/wp-content\/uploads\/2025\/10\/Haber-Gorseli-38.jpg","type":"image\/jpeg"}],"author":"Engin Buz","twitter_card":"summary_large_image","twitter_creator":"@https:\/\/twitter.com\/textilegence","twitter_site":"@textilegence","twitter_misc":{"Written by":"Engin Buz","Est. reading time":"3 minutes"},"schema":{"@context":"https:\/\/schema.org","@graph":[{"@type":"NewsArticle","@id":"https:\/\/www.textilegence.com\/en\/aersulate-wadding-is-in-top-ten-at-performance-days-munich\/#article","isPartOf":{"@id":"https:\/\/www.textilegence.com\/en\/aersulate-wadding-is-in-top-ten-at-performance-days-munich\/"},"author":{"name":"Engin Buz","@id":"https:\/\/www.textilegence.com\/en\/#\/schema\/person\/46ccc7bfc34edbc7d46b6b189f88849f"},"headline":"Aersulate Wadding is in top ten at PERFORMANCE DAYS Munich","datePublished":"2025-10-23T12:30:53+00:00","dateModified":"2025-10-23T12:31:23+00:00","mainEntityOfPage":{"@id":"https:\/\/www.textilegence.com\/en\/aersulate-wadding-is-in-top-ten-at-performance-days-munich\/"},"wordCount":340,"publisher":{"@id":"https:\/\/www.textilegence.com\/en\/#organization"},"image":{"@id":"https:\/\/www.textilegence.com\/en\/aersulate-wadding-is-in-top-ten-at-performance-days-munich\/#primaryimage"},"thumbnailUrl":"https:\/\/www.textilegence.com\/wp-content\/uploads\/2025\/10\/Haber-Gorseli-38.jpg","keywords":["fibre","outlast technologies","technical textiles","textile news"],"articleSection":["Technical Textiles"],"inLanguage":"en-US"},{"@type":"WebPage","@id":"https:\/\/www.textilegence.com\/en\/aersulate-wadding-is-in-top-ten-at-performance-days-munich\/","url":"https:\/\/www.textilegence.com\/en\/aersulate-wadding-is-in-top-ten-at-performance-days-munich\/","name":"Aersulate Wadding is in top ten at PERFORMANCE DAYS Munich - Textilegence","isPartOf":{"@id":"https:\/\/www.textilegence.com\/en\/#website"},"primaryImageOfPage":{"@id":"https:\/\/www.textilegence.com\/en\/aersulate-wadding-is-in-top-ten-at-performance-days-munich\/#primaryimage"},"image":{"@id":"https:\/\/www.textilegence.com\/en\/aersulate-wadding-is-in-top-ten-at-performance-days-munich\/#primaryimage"},"thumbnailUrl":"https:\/\/www.textilegence.com\/wp-content\/uploads\/2025\/10\/Haber-Gorseli-38.jpg","datePublished":"2025-10-23T12:30:53+00:00","dateModified":"2025-10-23T12:31:23+00:00","description":"Outlast Technologies is showcasing Aersulate Wadding - its NASA-inspired, fiber-based insulation - at PERFORMANCE DAYS Munich on...","breadcrumb":{"@id":"https:\/\/www.textilegence.com\/en\/aersulate-wadding-is-in-top-ten-at-performance-days-munich\/#breadcrumb"},"inLanguage":"en-US","potentialAction":[{"@type":"ReadAction","target":["https:\/\/www.textilegence.com\/en\/aersulate-wadding-is-in-top-ten-at-performance-days-munich\/"]}]},{"@type":"ImageObject","inLanguage":"en-US","@id":"https:\/\/www.textilegence.com\/en\/aersulate-wadding-is-in-top-ten-at-performance-days-munich\/#primaryimage","url":"https:\/\/www.textilegence.com\/wp-content\/uploads\/2025\/10\/Haber-Gorseli-38.jpg","contentUrl":"https:\/\/www.textilegence.com\/wp-content\/uploads\/2025\/10\/Haber-Gorseli-38.jpg","width":1920,"height":1080,"caption":"Visitors to PERFORMANCE DAYS Munich will be able to explore the Aersulate that has been selected for the Innovation Forum \u201cTop Ten\u201d Image Source: Outlast"},{"@type":"BreadcrumbList","@id":"https:\/\/www.textilegence.com\/en\/aersulate-wadding-is-in-top-ten-at-performance-days-munich\/#breadcrumb","itemListElement":[{"@type":"ListItem","position":1,"name":"Home Page","item":"https:\/\/www.textilegence.com\/en\/homepage-the-rimont\/"},{"@type":"ListItem","position":2,"name":"Technical Textiles","item":"https:\/\/www.textilegence.com\/en\/category\/technical-textiles\/"},{"@type":"ListItem","position":3,"name":"Aersulate Wadding is in top ten at PERFORMANCE DAYS Munich"}]},{"@type":"WebSite","@id":"https:\/\/www.textilegence.com\/en\/#website","url":"https:\/\/www.textilegence.com\/en\/","name":"Textilegence Magazine and Digital Platform","description":"Textile News Center","publisher":{"@id":"https:\/\/www.textilegence.com\/en\/#organization"},"potentialAction":[{"@type":"SearchAction","target":{"@type":"EntryPoint","urlTemplate":"https:\/\/www.textilegence.com\/en\/?s={search_term_string}"},"query-input":{"@type":"PropertyValueSpecification","valueRequired":true,"valueName":"search_term_string"}}],"inLanguage":"en-US"},{"@type":"Organization","@id":"https:\/\/www.textilegence.com\/en\/#organization","name":"Textilegence Magazine and Digital Platform","url":"https:\/\/www.textilegence.com\/en\/","logo":{"@type":"ImageObject","inLanguage":"en-US","@id":"https:\/\/www.textilegence.com\/en\/#\/schema\/logo\/image\/","url":"https:\/\/www.textilegence.com\/wp-content\/uploads\/2016\/11\/New_Retina_Logo_Textilegence.png","contentUrl":"https:\/\/www.textilegence.com\/wp-content\/uploads\/2016\/11\/New_Retina_Logo_Textilegence.png","width":544,"height":180,"caption":"Textilegence Magazine and Digital Platform"},"image":{"@id":"https:\/\/www.textilegence.com\/en\/#\/schema\/logo\/image\/"},"sameAs":["https:\/\/www.facebook.com\/TextilegenceMagazine","https:\/\/x.com\/textilegence","https:\/\/www.instagram.com\/textilegence\/","https:\/\/www.linkedin.com\/groups\/Textilegence-Magazine-Digital-Platform-4897253","https:\/\/www.youtube.com\/user\/textilegence"],"description":"Textilegence is a magazine and digital platform established in 2013. It focuses on the textile industry and sub-segments. The platform provides news, articles, and updates on various aspects of the textile industry, including sustainability, technological advancements, and market trends.","email":"editor@textilegence.com","telephone":"+90 212 442 24 12","legalName":"Textilegence Mag and Digital Platform","foundingDate":"2013-01-01","numberOfEmployees":{"@type":"QuantitativeValue","minValue":"1","maxValue":"10"}},{"@type":"Person","@id":"https:\/\/www.textilegence.com\/en\/#\/schema\/person\/46ccc7bfc34edbc7d46b6b189f88849f","name":"Engin Buz","image":{"@type":"ImageObject","inLanguage":"en-US","@id":"https:\/\/www.textilegence.com\/wp-content\/uploads\/2018\/12\/engin-buz.jpg","url":"https:\/\/www.textilegence.com\/wp-content\/uploads\/2018\/12\/engin-buz.jpg","contentUrl":"https:\/\/www.textilegence.com\/wp-content\/uploads\/2018\/12\/engin-buz.jpg","caption":"Engin Buz"},"description":"Engin Buz, Ankara \u00dcniversitesi \u0130leti\u015fim Fak\u00fcltesi Gazetecilik B\u00f6l\u00fcm\u00fc\u2019nden mezun olduktan sonra Y\u0131ld\u0131z Teknik \u00dcniversitesi\u2019nde Siyaset Bilimi ve Uluslararas\u0131 \u0130li\u015fkiler alan\u0131nda y\u00fcksek lisans\u0131n\u0131 tamamlam\u0131\u015ft\u0131r. 2000 y\u0131l\u0131ndan sonra \u00e7e\u015fitli yay\u0131nc\u0131l\u0131k \u015firketlerinde \u00e7al\u0131\u015fmaya ba\u015flayarak k\u00fclt\u00fcr-sanat ve daha sonra ekonomi haberleri haz\u0131rlam\u0131\u015ft\u0131r. 2009 y\u0131l\u0131ndan itibaren tekstil end\u00fcstrisine d\u00f6n\u00fck yay\u0131nlarda edit\u00f6r olarak g\u00f6rev alan Buz, 2013 itibariyle kurulan Textilegence\u2019de haber edit\u00f6r\u00fc olarak yer almaya ba\u015flam\u0131\u015ft\u0131r. Engin Buz halen ba\u015fta tekstil ve dijital bask\u0131 end\u00fcstrileri olmak \u00fczere ekonomi haberleri haz\u0131rlamaktad\u0131r.","sameAs":["https:\/\/www.textilegence.com","https:\/\/www.facebook.com\/TextilegenceMagazine","https:\/\/www.instagram.com\/textilegence\/","https:\/\/www.linkedin.com\/in\/engin-buz-6190799a\/","https:\/\/x.com\/https:\/\/twitter.com\/textilegence"],"url":"https:\/\/www.textilegence.com\/en\/author\/engin-buz\/"}]}},"_links":{"self":[{"href":"https:\/\/www.textilegence.com\/en\/wp-json\/wp\/v2\/posts\/63154","targetHints":{"allow":["GET"]}}],"collection":[{"href":"https:\/\/www.textilegence.com\/en\/wp-json\/wp\/v2\/posts"}],"about":[{"href":"https:\/\/www.textilegence.com\/en\/wp-json\/wp\/v2\/types\/post"}],"author":[{"embeddable":true,"href":"https:\/\/www.textilegence.com\/en\/wp-json\/wp\/v2\/users\/2"}],"replies":[{"embeddable":true,"href":"https:\/\/www.textilegence.com\/en\/wp-json\/wp\/v2\/comments?post=63154"}],"version-history":[{"count":0,"href":"https:\/\/www.textilegence.com\/en\/wp-json\/wp\/v2\/posts\/63154\/revisions"}],"wp:featuredmedia":[{"embeddable":true,"href":"https:\/\/www.textilegence.com\/en\/wp-json\/wp\/v2\/media\/63151"}],"wp:attachment":[{"href":"https:\/\/www.textilegence.com\/en\/wp-json\/wp\/v2\/media?parent=63154"}],"wp:term":[{"taxonomy":"category","embeddable":true,"href":"https:\/\/www.textilegence.com\/en\/wp-json\/wp\/v2\/categories?post=63154"},{"taxonomy":"post_tag","embeddable":true,"href":"https:\/\/www.textilegence.com\/en\/wp-json\/wp\/v2\/tags?post=63154"}],"curies":[{"name":"wp","href":"https:\/\/api.w.org\/{rel}","templated":true}]}}