{"id":63394,"date":"2025-10-24T14:27:00","date_gmt":"2025-10-24T11:27:00","guid":{"rendered":"https:\/\/www.textilegence.com\/?p=63394"},"modified":"2025-12-08T14:40:48","modified_gmt":"2025-12-08T11:40:48","slug":"todays-textile-finishing-to-be-discussed-at-bruckners-booth","status":"publish","type":"post","link":"https:\/\/www.textilegence.com\/en\/todays-textile-finishing-to-be-discussed-at-bruckners-booth\/","title":{"rendered":"Today\u2019s textile finishing to be discussed at Br\u00fcckner\u2019s booth"},"content":{"rendered":"\n<p>Br\u00fcckner Textile Technologies is presenting German engineering expertise and energy-efficient line <a href=\"https:\/\/www.brueckner-textile.com\/en\/\" target=\"_blank\" rel=\"noreferrer noopener\">concepts<\/a> at this year&#8217;s ITMA ASIA in Singapore on October 28-31. The family-run company, which has been a leader in customized technologies and solutions for textile equipment for over 75 years, focuses on energy efficiency, automation, and maximum productivity. The Br\u00fcckner team will be ready to meet with visitors for a personal discussion and provide individual advice.<\/p>\n\n\n\n<p>The new POWER-FRAME SFP-2 stenter frame generation, particularly attractive for <a href=\"\/?cat_ID=5721\" target=\"_blank\" rel=\"noreferrer noopener\">finishing<\/a> fabrics with a high cotton content, is being presented. This machine can be used for drying and heat-setting processes, is easy to clean thanks to horizontally arranged lint screens, and features an intelligent split-flow air circulation system, a vertical circulating transport chain, and energy-efficient motors and gas burners. With this machine, Br\u00fcckner offers an alternative to the high-tech POWER-FRAME SFP-4 stenter, which is efficient, requires lower investment costs, and has short delivery times.<\/p>\n\n\n\n<p>The POWER-FRAME SFP-4 stenter, standing out with energy efficiency and ease of maintenance, will also be presented for challenging processes and finishing of technical textiles. Here, Br\u00fcckner will introduce new features such as electricity- and hydrogen-powered heating systems and intelligent software solutions for optimizing recipes. In addition, heat-recovery and exhaust air purification systems help to save energy and comply with environmental regulations. A new feature here is a fully automatic cleaning system that significantly reduces maintenance and personnel costs. The cleaning programs are flexible and freely configurable, and production does not have to be interrupted for cleaning purposes.<\/p>\n\n\n\n<p>In principle, new Br\u00fcckner systems can be equipped with various intelligent assistance systems on request, which help machine operators to quickly find the optimum machine settings for each process. The new ExperTex simulation tool uses artificial intelligence to simulate the desired drying or heat-setting production process on a computer. Various KPIs can then be compared with each other, e.g., throughput times, energy consumption, CO2 footprint, and production costs. This innovative system allows for precise pre-calculation of orders, opens up productivity increases and\/or energy savings, and enables \u201cright-first-time production\u201d by means of pre-optimized recipes. This tool and much more is available to customers in the new myBr\u00fcckner customer portal. All important machine information, access to digital services, and a service system are bundled there and can be accessed at any time.<\/p>\n\n\n\n<h2 class=\"wp-block-heading\" id=\"h-maximum-evaporation-capacity-in-the-smallest-possible-length\">Maximum evaporation capacity in the smallest possible length<\/h2>\n\n\n\n<p>Another new product is the POWER-DRY PD-1, a completely newly developed relax and shrink dryer for finishing knitted fabrics. This dryer is suitable for both open and tubular fabrics and can be easily integrated into an existing line concept. Customers benefit from maximum evaporation capacity in the smallest possible length, optimum shrinkage values, excellent accessibility thanks to space-saving sliding doors, horizontal lint screens, low maintenance and cleaning times, and an energy-saving suction zone. The system can also be heated using a hybrid system or even CO2-free using a high-temperature heat pump. The system has been specially designed for high-quality goods with a soft and voluminous hand, e.g., polo shirts, nightwear (interlock), single jersey T-shirts, or lining fabrics such as sweatshirts.<\/p>\n\n\n\n<p>Customers can also look forward to a new unit in the coating sector: the OPTI-COAT 2in1 coating unit combines the advantages of floating knife and knife over cylinder, thus ensuring maximum flexibility. With a high-precision coating cylinder and a perfect ground coating knife, excellent results can be achieved for paste and foam coatings. In addition, the unit&#8217;s special design ensures optimum accessibility for cleaning and maintenance purposes.<\/p>\n","protected":false},"excerpt":{"rendered":"<p>Br\u00fcckner Textile Technologies is presenting German engineering expertise and energy-efficient line concepts at this year&#8217;s ITMA ASIA in Singapore on October 28-31. The family-run company, which has been a leader in customized technologies and solutions for textile equipment for over 75 years, focuses on energy efficiency, automation, and maximum productivity. The Br\u00fcckner team will be [&hellip;]<\/p>\n","protected":false},"author":2,"featured_media":63393,"comment_status":"closed","ping_status":"closed","sticky":false,"template":"","format":"standard","meta":{"footnotes":""},"categories":[9824],"tags":[10256,10255,11188,10369],"class_list":{"0":"post-63394","1":"post","2":"type-post","3":"status-publish","4":"format-standard","5":"has-post-thumbnail","7":"category-finishing","8":"tag-bruckner","9":"tag-finishing-en","10":"tag-itma-asia","11":"tag-textile-news-en"},"yoast_head":"<!-- This site is optimized with the Yoast SEO Premium plugin v27.3 (Yoast SEO v27.3) - https:\/\/yoast.com\/product\/yoast-seo-premium-wordpress\/ -->\n<title>Today\u2019s textile finishing to be discussed at Br\u00fcckner\u2019s booth - Textilegence<\/title>\n<meta name=\"description\" content=\"Br\u00fcckner Textile Technologies is presenting German engineering expertise and energy-efficient line concepts at this year&#039;s ITMA ASIA in...\" \/>\n<meta name=\"robots\" content=\"index, follow, max-snippet:-1, max-image-preview:large, max-video-preview:-1\" \/>\n<link rel=\"canonical\" href=\"https:\/\/www.textilegence.com\/en\/todays-textile-finishing-to-be-discussed-at-bruckners-booth\/\" \/>\n<meta property=\"og:locale\" content=\"en_US\" \/>\n<meta property=\"og:type\" content=\"article\" \/>\n<meta property=\"og:title\" content=\"Today\u2019s textile finishing to be discussed at Br\u00fcckner\u2019s booth\" \/>\n<meta property=\"og:description\" content=\"Br\u00fcckner Textile Technologies is presenting German engineering expertise and energy-efficient line concepts at this year&#039;s ITMA ASIA in Singapore on\" \/>\n<meta property=\"og:url\" content=\"https:\/\/www.textilegence.com\/en\/todays-textile-finishing-to-be-discussed-at-bruckners-booth\/\" \/>\n<meta property=\"og:site_name\" content=\"Textilegence Magazine and Digital Platform\" \/>\n<meta property=\"article:publisher\" content=\"https:\/\/www.facebook.com\/TextilegenceMagazine\" \/>\n<meta property=\"article:author\" content=\"https:\/\/www.facebook.com\/TextilegenceMagazine\" \/>\n<meta property=\"article:published_time\" content=\"2025-10-24T11:27:00+00:00\" \/>\n<meta property=\"article:modified_time\" content=\"2025-12-08T11:40:48+00:00\" \/>\n<meta property=\"og:image\" content=\"https:\/\/www.textilegence.com\/wp-content\/uploads\/2025\/12\/Haber-Gorseli-61.jpg\" \/>\n\t<meta property=\"og:image:width\" content=\"1920\" \/>\n\t<meta property=\"og:image:height\" content=\"1080\" \/>\n\t<meta property=\"og:image:type\" content=\"image\/jpeg\" \/>\n<meta name=\"author\" content=\"Engin Buz\" \/>\n<meta name=\"twitter:card\" content=\"summary_large_image\" \/>\n<meta name=\"twitter:creator\" content=\"@https:\/\/twitter.com\/textilegence\" \/>\n<meta name=\"twitter:site\" content=\"@textilegence\" \/>\n<meta name=\"twitter:label1\" content=\"Written by\" \/>\n\t<meta name=\"twitter:data1\" content=\"Engin Buz\" \/>\n\t<meta name=\"twitter:label2\" content=\"Est. reading time\" \/>\n\t<meta name=\"twitter:data2\" content=\"4 minutes\" \/>\n<script type=\"application\/ld+json\" class=\"yoast-schema-graph\">{\"@context\":\"https:\\\/\\\/schema.org\",\"@graph\":[{\"@type\":\"NewsArticle\",\"@id\":\"https:\\\/\\\/www.textilegence.com\\\/en\\\/todays-textile-finishing-to-be-discussed-at-bruckners-booth\\\/#article\",\"isPartOf\":{\"@id\":\"https:\\\/\\\/www.textilegence.com\\\/en\\\/todays-textile-finishing-to-be-discussed-at-bruckners-booth\\\/\"},\"author\":{\"name\":\"Engin Buz\",\"@id\":\"https:\\\/\\\/www.textilegence.com\\\/en\\\/#\\\/schema\\\/person\\\/46ccc7bfc34edbc7d46b6b189f88849f\"},\"headline\":\"Today\u2019s textile finishing to be discussed at Br\u00fcckner\u2019s booth\",\"datePublished\":\"2025-10-24T11:27:00+00:00\",\"dateModified\":\"2025-12-08T11:40:48+00:00\",\"mainEntityOfPage\":{\"@id\":\"https:\\\/\\\/www.textilegence.com\\\/en\\\/todays-textile-finishing-to-be-discussed-at-bruckners-booth\\\/\"},\"wordCount\":598,\"publisher\":{\"@id\":\"https:\\\/\\\/www.textilegence.com\\\/en\\\/#organization\"},\"image\":{\"@id\":\"https:\\\/\\\/www.textilegence.com\\\/en\\\/todays-textile-finishing-to-be-discussed-at-bruckners-booth\\\/#primaryimage\"},\"thumbnailUrl\":\"https:\\\/\\\/www.textilegence.com\\\/wp-content\\\/uploads\\\/2025\\\/12\\\/Haber-Gorseli-61.jpg\",\"keywords\":[\"br\u00fcckner\",\"finishing\",\"ITMA ASIA\",\"textile news\"],\"articleSection\":[\"Finishing\"],\"inLanguage\":\"en-US\"},{\"@type\":\"WebPage\",\"@id\":\"https:\\\/\\\/www.textilegence.com\\\/en\\\/todays-textile-finishing-to-be-discussed-at-bruckners-booth\\\/\",\"url\":\"https:\\\/\\\/www.textilegence.com\\\/en\\\/todays-textile-finishing-to-be-discussed-at-bruckners-booth\\\/\",\"name\":\"Today\u2019s textile finishing to be discussed at Br\u00fcckner\u2019s booth - Textilegence\",\"isPartOf\":{\"@id\":\"https:\\\/\\\/www.textilegence.com\\\/en\\\/#website\"},\"primaryImageOfPage\":{\"@id\":\"https:\\\/\\\/www.textilegence.com\\\/en\\\/todays-textile-finishing-to-be-discussed-at-bruckners-booth\\\/#primaryimage\"},\"image\":{\"@id\":\"https:\\\/\\\/www.textilegence.com\\\/en\\\/todays-textile-finishing-to-be-discussed-at-bruckners-booth\\\/#primaryimage\"},\"thumbnailUrl\":\"https:\\\/\\\/www.textilegence.com\\\/wp-content\\\/uploads\\\/2025\\\/12\\\/Haber-Gorseli-61.jpg\",\"datePublished\":\"2025-10-24T11:27:00+00:00\",\"dateModified\":\"2025-12-08T11:40:48+00:00\",\"description\":\"Br\u00fcckner Textile Technologies is presenting German engineering expertise and energy-efficient line concepts at this year's ITMA ASIA in...\",\"breadcrumb\":{\"@id\":\"https:\\\/\\\/www.textilegence.com\\\/en\\\/todays-textile-finishing-to-be-discussed-at-bruckners-booth\\\/#breadcrumb\"},\"inLanguage\":\"en-US\",\"potentialAction\":[{\"@type\":\"ReadAction\",\"target\":[\"https:\\\/\\\/www.textilegence.com\\\/en\\\/todays-textile-finishing-to-be-discussed-at-bruckners-booth\\\/\"]}]},{\"@type\":\"ImageObject\",\"inLanguage\":\"en-US\",\"@id\":\"https:\\\/\\\/www.textilegence.com\\\/en\\\/todays-textile-finishing-to-be-discussed-at-bruckners-booth\\\/#primaryimage\",\"url\":\"https:\\\/\\\/www.textilegence.com\\\/wp-content\\\/uploads\\\/2025\\\/12\\\/Haber-Gorseli-61.jpg\",\"contentUrl\":\"https:\\\/\\\/www.textilegence.com\\\/wp-content\\\/uploads\\\/2025\\\/12\\\/Haber-Gorseli-61.jpg\",\"width\":1920,\"height\":1080,\"caption\":\"Br\u00fcckner will be demonstrating what modern textile finishing looks like today at ITMA ASIA Image Source: Br\u00fcckner\"},{\"@type\":\"BreadcrumbList\",\"@id\":\"https:\\\/\\\/www.textilegence.com\\\/en\\\/todays-textile-finishing-to-be-discussed-at-bruckners-booth\\\/#breadcrumb\",\"itemListElement\":[{\"@type\":\"ListItem\",\"position\":1,\"name\":\"Home Page\",\"item\":\"https:\\\/\\\/www.textilegence.com\\\/en\\\/homepage-the-rimont\\\/\"},{\"@type\":\"ListItem\",\"position\":2,\"name\":\"Finishing\",\"item\":\"https:\\\/\\\/www.textilegence.com\\\/en\\\/category\\\/finishing\\\/\"},{\"@type\":\"ListItem\",\"position\":3,\"name\":\"Today\u2019s textile finishing to be discussed at Br\u00fcckner\u2019s booth\"}]},{\"@type\":\"WebSite\",\"@id\":\"https:\\\/\\\/www.textilegence.com\\\/en\\\/#website\",\"url\":\"https:\\\/\\\/www.textilegence.com\\\/en\\\/\",\"name\":\"Textilegence Magazine and Digital Platform\",\"description\":\"Textile News Center\",\"publisher\":{\"@id\":\"https:\\\/\\\/www.textilegence.com\\\/en\\\/#organization\"},\"potentialAction\":[{\"@type\":\"SearchAction\",\"target\":{\"@type\":\"EntryPoint\",\"urlTemplate\":\"https:\\\/\\\/www.textilegence.com\\\/en\\\/?s={search_term_string}\"},\"query-input\":{\"@type\":\"PropertyValueSpecification\",\"valueRequired\":true,\"valueName\":\"search_term_string\"}}],\"inLanguage\":\"en-US\"},{\"@type\":\"Organization\",\"@id\":\"https:\\\/\\\/www.textilegence.com\\\/en\\\/#organization\",\"name\":\"Textilegence Magazine and Digital Platform\",\"url\":\"https:\\\/\\\/www.textilegence.com\\\/en\\\/\",\"logo\":{\"@type\":\"ImageObject\",\"inLanguage\":\"en-US\",\"@id\":\"https:\\\/\\\/www.textilegence.com\\\/en\\\/#\\\/schema\\\/logo\\\/image\\\/\",\"url\":\"https:\\\/\\\/www.textilegence.com\\\/wp-content\\\/uploads\\\/2016\\\/11\\\/New_Retina_Logo_Textilegence.png\",\"contentUrl\":\"https:\\\/\\\/www.textilegence.com\\\/wp-content\\\/uploads\\\/2016\\\/11\\\/New_Retina_Logo_Textilegence.png\",\"width\":544,\"height\":180,\"caption\":\"Textilegence Magazine and Digital Platform\"},\"image\":{\"@id\":\"https:\\\/\\\/www.textilegence.com\\\/en\\\/#\\\/schema\\\/logo\\\/image\\\/\"},\"sameAs\":[\"https:\\\/\\\/www.facebook.com\\\/TextilegenceMagazine\",\"https:\\\/\\\/x.com\\\/textilegence\",\"https:\\\/\\\/www.instagram.com\\\/textilegence\\\/\",\"https:\\\/\\\/www.linkedin.com\\\/groups\\\/Textilegence-Magazine-Digital-Platform-4897253\",\"https:\\\/\\\/www.youtube.com\\\/user\\\/textilegence\"],\"description\":\"Textilegence is a magazine and digital platform established in 2013. It focuses on the textile industry and sub-segments. The platform provides news, articles, and updates on various aspects of the textile industry, including sustainability, technological advancements, and market trends.\",\"email\":\"editor@textilegence.com\",\"telephone\":\"+90 212 442 24 12\",\"legalName\":\"Textilegence Mag and Digital Platform\",\"foundingDate\":\"2013-01-01\",\"numberOfEmployees\":{\"@type\":\"QuantitativeValue\",\"minValue\":\"1\",\"maxValue\":\"10\"}},{\"@type\":\"Person\",\"@id\":\"https:\\\/\\\/www.textilegence.com\\\/en\\\/#\\\/schema\\\/person\\\/46ccc7bfc34edbc7d46b6b189f88849f\",\"name\":\"Engin Buz\",\"image\":{\"@type\":\"ImageObject\",\"inLanguage\":\"en-US\",\"@id\":\"https:\\\/\\\/www.textilegence.com\\\/wp-content\\\/uploads\\\/2018\\\/12\\\/engin-buz.jpg\",\"url\":\"https:\\\/\\\/www.textilegence.com\\\/wp-content\\\/uploads\\\/2018\\\/12\\\/engin-buz.jpg\",\"contentUrl\":\"https:\\\/\\\/www.textilegence.com\\\/wp-content\\\/uploads\\\/2018\\\/12\\\/engin-buz.jpg\",\"caption\":\"Engin Buz\"},\"description\":\"Engin Buz, Ankara \u00dcniversitesi \u0130leti\u015fim Fak\u00fcltesi Gazetecilik B\u00f6l\u00fcm\u00fc\u2019nden mezun olduktan sonra Y\u0131ld\u0131z Teknik \u00dcniversitesi\u2019nde Siyaset Bilimi ve Uluslararas\u0131 \u0130li\u015fkiler alan\u0131nda y\u00fcksek lisans\u0131n\u0131 tamamlam\u0131\u015ft\u0131r. 2000 y\u0131l\u0131ndan sonra \u00e7e\u015fitli yay\u0131nc\u0131l\u0131k \u015firketlerinde \u00e7al\u0131\u015fmaya ba\u015flayarak k\u00fclt\u00fcr-sanat ve daha sonra ekonomi haberleri haz\u0131rlam\u0131\u015ft\u0131r. 2009 y\u0131l\u0131ndan itibaren tekstil end\u00fcstrisine d\u00f6n\u00fck yay\u0131nlarda edit\u00f6r olarak g\u00f6rev alan Buz, 2013 itibariyle kurulan Textilegence\u2019de haber edit\u00f6r\u00fc olarak yer almaya ba\u015flam\u0131\u015ft\u0131r. Engin Buz halen ba\u015fta tekstil ve dijital bask\u0131 end\u00fcstrileri olmak \u00fczere ekonomi haberleri haz\u0131rlamaktad\u0131r.\",\"sameAs\":[\"https:\\\/\\\/www.textilegence.com\",\"https:\\\/\\\/www.facebook.com\\\/TextilegenceMagazine\",\"https:\\\/\\\/www.instagram.com\\\/textilegence\\\/\",\"https:\\\/\\\/www.linkedin.com\\\/in\\\/engin-buz-6190799a\\\/\",\"https:\\\/\\\/x.com\\\/https:\\\/\\\/twitter.com\\\/textilegence\"],\"url\":\"https:\\\/\\\/www.textilegence.com\\\/en\\\/author\\\/engin-buz\\\/\"}]}<\/script>\n<!-- \/ Yoast SEO Premium plugin. -->","yoast_head_json":{"title":"Today\u2019s textile finishing to be discussed at Br\u00fcckner\u2019s booth - Textilegence","description":"Br\u00fcckner Textile Technologies is presenting German engineering expertise and energy-efficient line concepts at this year's ITMA ASIA in...","robots":{"index":"index","follow":"follow","max-snippet":"max-snippet:-1","max-image-preview":"max-image-preview:large","max-video-preview":"max-video-preview:-1"},"canonical":"https:\/\/www.textilegence.com\/en\/todays-textile-finishing-to-be-discussed-at-bruckners-booth\/","og_locale":"en_US","og_type":"article","og_title":"Today\u2019s textile finishing to be discussed at Br\u00fcckner\u2019s booth","og_description":"Br\u00fcckner Textile Technologies is presenting German engineering expertise and energy-efficient line concepts at this year's ITMA ASIA in Singapore on","og_url":"https:\/\/www.textilegence.com\/en\/todays-textile-finishing-to-be-discussed-at-bruckners-booth\/","og_site_name":"Textilegence Magazine and Digital Platform","article_publisher":"https:\/\/www.facebook.com\/TextilegenceMagazine","article_author":"https:\/\/www.facebook.com\/TextilegenceMagazine","article_published_time":"2025-10-24T11:27:00+00:00","article_modified_time":"2025-12-08T11:40:48+00:00","og_image":[{"width":1920,"height":1080,"url":"https:\/\/www.textilegence.com\/wp-content\/uploads\/2025\/12\/Haber-Gorseli-61.jpg","type":"image\/jpeg"}],"author":"Engin Buz","twitter_card":"summary_large_image","twitter_creator":"@https:\/\/twitter.com\/textilegence","twitter_site":"@textilegence","twitter_misc":{"Written by":"Engin Buz","Est. reading time":"4 minutes"},"schema":{"@context":"https:\/\/schema.org","@graph":[{"@type":"NewsArticle","@id":"https:\/\/www.textilegence.com\/en\/todays-textile-finishing-to-be-discussed-at-bruckners-booth\/#article","isPartOf":{"@id":"https:\/\/www.textilegence.com\/en\/todays-textile-finishing-to-be-discussed-at-bruckners-booth\/"},"author":{"name":"Engin Buz","@id":"https:\/\/www.textilegence.com\/en\/#\/schema\/person\/46ccc7bfc34edbc7d46b6b189f88849f"},"headline":"Today\u2019s textile finishing to be discussed at Br\u00fcckner\u2019s booth","datePublished":"2025-10-24T11:27:00+00:00","dateModified":"2025-12-08T11:40:48+00:00","mainEntityOfPage":{"@id":"https:\/\/www.textilegence.com\/en\/todays-textile-finishing-to-be-discussed-at-bruckners-booth\/"},"wordCount":598,"publisher":{"@id":"https:\/\/www.textilegence.com\/en\/#organization"},"image":{"@id":"https:\/\/www.textilegence.com\/en\/todays-textile-finishing-to-be-discussed-at-bruckners-booth\/#primaryimage"},"thumbnailUrl":"https:\/\/www.textilegence.com\/wp-content\/uploads\/2025\/12\/Haber-Gorseli-61.jpg","keywords":["br\u00fcckner","finishing","ITMA ASIA","textile news"],"articleSection":["Finishing"],"inLanguage":"en-US"},{"@type":"WebPage","@id":"https:\/\/www.textilegence.com\/en\/todays-textile-finishing-to-be-discussed-at-bruckners-booth\/","url":"https:\/\/www.textilegence.com\/en\/todays-textile-finishing-to-be-discussed-at-bruckners-booth\/","name":"Today\u2019s textile finishing to be discussed at Br\u00fcckner\u2019s booth - Textilegence","isPartOf":{"@id":"https:\/\/www.textilegence.com\/en\/#website"},"primaryImageOfPage":{"@id":"https:\/\/www.textilegence.com\/en\/todays-textile-finishing-to-be-discussed-at-bruckners-booth\/#primaryimage"},"image":{"@id":"https:\/\/www.textilegence.com\/en\/todays-textile-finishing-to-be-discussed-at-bruckners-booth\/#primaryimage"},"thumbnailUrl":"https:\/\/www.textilegence.com\/wp-content\/uploads\/2025\/12\/Haber-Gorseli-61.jpg","datePublished":"2025-10-24T11:27:00+00:00","dateModified":"2025-12-08T11:40:48+00:00","description":"Br\u00fcckner Textile Technologies is presenting German engineering expertise and energy-efficient line concepts at this year's ITMA ASIA in...","breadcrumb":{"@id":"https:\/\/www.textilegence.com\/en\/todays-textile-finishing-to-be-discussed-at-bruckners-booth\/#breadcrumb"},"inLanguage":"en-US","potentialAction":[{"@type":"ReadAction","target":["https:\/\/www.textilegence.com\/en\/todays-textile-finishing-to-be-discussed-at-bruckners-booth\/"]}]},{"@type":"ImageObject","inLanguage":"en-US","@id":"https:\/\/www.textilegence.com\/en\/todays-textile-finishing-to-be-discussed-at-bruckners-booth\/#primaryimage","url":"https:\/\/www.textilegence.com\/wp-content\/uploads\/2025\/12\/Haber-Gorseli-61.jpg","contentUrl":"https:\/\/www.textilegence.com\/wp-content\/uploads\/2025\/12\/Haber-Gorseli-61.jpg","width":1920,"height":1080,"caption":"Br\u00fcckner will be demonstrating what modern textile finishing looks like today at ITMA ASIA Image Source: Br\u00fcckner"},{"@type":"BreadcrumbList","@id":"https:\/\/www.textilegence.com\/en\/todays-textile-finishing-to-be-discussed-at-bruckners-booth\/#breadcrumb","itemListElement":[{"@type":"ListItem","position":1,"name":"Home Page","item":"https:\/\/www.textilegence.com\/en\/homepage-the-rimont\/"},{"@type":"ListItem","position":2,"name":"Finishing","item":"https:\/\/www.textilegence.com\/en\/category\/finishing\/"},{"@type":"ListItem","position":3,"name":"Today\u2019s textile finishing to be discussed at Br\u00fcckner\u2019s booth"}]},{"@type":"WebSite","@id":"https:\/\/www.textilegence.com\/en\/#website","url":"https:\/\/www.textilegence.com\/en\/","name":"Textilegence Magazine and Digital Platform","description":"Textile News Center","publisher":{"@id":"https:\/\/www.textilegence.com\/en\/#organization"},"potentialAction":[{"@type":"SearchAction","target":{"@type":"EntryPoint","urlTemplate":"https:\/\/www.textilegence.com\/en\/?s={search_term_string}"},"query-input":{"@type":"PropertyValueSpecification","valueRequired":true,"valueName":"search_term_string"}}],"inLanguage":"en-US"},{"@type":"Organization","@id":"https:\/\/www.textilegence.com\/en\/#organization","name":"Textilegence Magazine and Digital Platform","url":"https:\/\/www.textilegence.com\/en\/","logo":{"@type":"ImageObject","inLanguage":"en-US","@id":"https:\/\/www.textilegence.com\/en\/#\/schema\/logo\/image\/","url":"https:\/\/www.textilegence.com\/wp-content\/uploads\/2016\/11\/New_Retina_Logo_Textilegence.png","contentUrl":"https:\/\/www.textilegence.com\/wp-content\/uploads\/2016\/11\/New_Retina_Logo_Textilegence.png","width":544,"height":180,"caption":"Textilegence Magazine and Digital Platform"},"image":{"@id":"https:\/\/www.textilegence.com\/en\/#\/schema\/logo\/image\/"},"sameAs":["https:\/\/www.facebook.com\/TextilegenceMagazine","https:\/\/x.com\/textilegence","https:\/\/www.instagram.com\/textilegence\/","https:\/\/www.linkedin.com\/groups\/Textilegence-Magazine-Digital-Platform-4897253","https:\/\/www.youtube.com\/user\/textilegence"],"description":"Textilegence is a magazine and digital platform established in 2013. It focuses on the textile industry and sub-segments. The platform provides news, articles, and updates on various aspects of the textile industry, including sustainability, technological advancements, and market trends.","email":"editor@textilegence.com","telephone":"+90 212 442 24 12","legalName":"Textilegence Mag and Digital Platform","foundingDate":"2013-01-01","numberOfEmployees":{"@type":"QuantitativeValue","minValue":"1","maxValue":"10"}},{"@type":"Person","@id":"https:\/\/www.textilegence.com\/en\/#\/schema\/person\/46ccc7bfc34edbc7d46b6b189f88849f","name":"Engin Buz","image":{"@type":"ImageObject","inLanguage":"en-US","@id":"https:\/\/www.textilegence.com\/wp-content\/uploads\/2018\/12\/engin-buz.jpg","url":"https:\/\/www.textilegence.com\/wp-content\/uploads\/2018\/12\/engin-buz.jpg","contentUrl":"https:\/\/www.textilegence.com\/wp-content\/uploads\/2018\/12\/engin-buz.jpg","caption":"Engin Buz"},"description":"Engin Buz, Ankara \u00dcniversitesi \u0130leti\u015fim Fak\u00fcltesi Gazetecilik B\u00f6l\u00fcm\u00fc\u2019nden mezun olduktan sonra Y\u0131ld\u0131z Teknik \u00dcniversitesi\u2019nde Siyaset Bilimi ve Uluslararas\u0131 \u0130li\u015fkiler alan\u0131nda y\u00fcksek lisans\u0131n\u0131 tamamlam\u0131\u015ft\u0131r. 2000 y\u0131l\u0131ndan sonra \u00e7e\u015fitli yay\u0131nc\u0131l\u0131k \u015firketlerinde \u00e7al\u0131\u015fmaya ba\u015flayarak k\u00fclt\u00fcr-sanat ve daha sonra ekonomi haberleri haz\u0131rlam\u0131\u015ft\u0131r. 2009 y\u0131l\u0131ndan itibaren tekstil end\u00fcstrisine d\u00f6n\u00fck yay\u0131nlarda edit\u00f6r olarak g\u00f6rev alan Buz, 2013 itibariyle kurulan Textilegence\u2019de haber edit\u00f6r\u00fc olarak yer almaya ba\u015flam\u0131\u015ft\u0131r. Engin Buz halen ba\u015fta tekstil ve dijital bask\u0131 end\u00fcstrileri olmak \u00fczere ekonomi haberleri haz\u0131rlamaktad\u0131r.","sameAs":["https:\/\/www.textilegence.com","https:\/\/www.facebook.com\/TextilegenceMagazine","https:\/\/www.instagram.com\/textilegence\/","https:\/\/www.linkedin.com\/in\/engin-buz-6190799a\/","https:\/\/x.com\/https:\/\/twitter.com\/textilegence"],"url":"https:\/\/www.textilegence.com\/en\/author\/engin-buz\/"}]}},"_links":{"self":[{"href":"https:\/\/www.textilegence.com\/en\/wp-json\/wp\/v2\/posts\/63394","targetHints":{"allow":["GET"]}}],"collection":[{"href":"https:\/\/www.textilegence.com\/en\/wp-json\/wp\/v2\/posts"}],"about":[{"href":"https:\/\/www.textilegence.com\/en\/wp-json\/wp\/v2\/types\/post"}],"author":[{"embeddable":true,"href":"https:\/\/www.textilegence.com\/en\/wp-json\/wp\/v2\/users\/2"}],"replies":[{"embeddable":true,"href":"https:\/\/www.textilegence.com\/en\/wp-json\/wp\/v2\/comments?post=63394"}],"version-history":[{"count":0,"href":"https:\/\/www.textilegence.com\/en\/wp-json\/wp\/v2\/posts\/63394\/revisions"}],"wp:featuredmedia":[{"embeddable":true,"href":"https:\/\/www.textilegence.com\/en\/wp-json\/wp\/v2\/media\/63393"}],"wp:attachment":[{"href":"https:\/\/www.textilegence.com\/en\/wp-json\/wp\/v2\/media?parent=63394"}],"wp:term":[{"taxonomy":"category","embeddable":true,"href":"https:\/\/www.textilegence.com\/en\/wp-json\/wp\/v2\/categories?post=63394"},{"taxonomy":"post_tag","embeddable":true,"href":"https:\/\/www.textilegence.com\/en\/wp-json\/wp\/v2\/tags?post=63394"}],"curies":[{"name":"wp","href":"https:\/\/api.w.org\/{rel}","templated":true}]}}