{"id":63575,"date":"2026-01-21T14:01:55","date_gmt":"2026-01-21T11:01:55","guid":{"rendered":"https:\/\/www.textilegence.com\/?p=63575"},"modified":"2026-01-21T14:02:03","modified_gmt":"2026-01-21T11:02:03","slug":"heimtextil-2026-confirms-its-role-as-the-industrys-meeting-point","status":"publish","type":"post","link":"https:\/\/www.textilegence.com\/en\/heimtextil-2026-confirms-its-role-as-the-industrys-meeting-point\/","title":{"rendered":"Heimtextil 2026 confirms its role as the industry\u2019s meeting point"},"content":{"rendered":"\n<p>With participants from 148 nations, Heimtextil 2026 underscored its growing global relevance and resilience in an increasingly volatile market environment. Once again, around 3,000 exhibitors from across the world gathered in Frankfurt, presenting current collections, materials and textile solutions for holistic interior design to more than 48,000 buyers. Stable exhibitor and visitor numbers at a consistently high year-on-year level, combined with a noticeable rise in visitor quality, reflected strong confidence in the industry\u2019s central <a href=\"https:\/\/www.textilegence.com\/en\/category\/trade-fairs\/\" target=\"_blank\" rel=\"noreferrer noopener\">platform<\/a>. From T\u00fcrkiye, around 200 exhibitors, including leading companies such as Zorlu Tekstil and Boyteks, showcased their latest solutions and collections on the global stage.<\/p>\n\n\n\n<p>As the world\u2019s leading trade fair for home and contract textiles and textile design, Heimtextil translated evolving market dynamics, new business opportunities and technological developments into tangible experiences across the exhibition halls. At the evet held under the motto <a href=\"https:\/\/heimtextil.messefrankfurt.com\/frankfurt\/en.html\" target=\"_blank\" rel=\"noreferrer noopener\">\u201cLead the Change\u201d<\/a>, the focus was on progressive design approaches, visionary talents, functional textiles and new hospitality concepts shaping the future of interior design.<\/p>\n\n\n\n<p>International participation remained a defining strength of Heimtextil 2026. Exhibitors from 148 nations represented 96 percent of the show\u2019s total, spanning the entire textile value chain. The top ten exhibitor countries included China, India, Pakistan, T\u00fcrkiye, Germany, Italy, Spain, Portugal, the United Kingdom and the Netherlands. On the visitor side, internationality reached 86 percent, with growth recorded from markets such as the United States, Switzerland, Denmark, Finland and Peru. The share of top-level decision-makers increased significantly to 78 percent, highlighting Heimtextil\u2019s importance for strategic sourcing, market exploration and networking. The presence of senior executives from companies including Harrods, IKEA, Marriott Hotels, Sainsbury\u2019s and XXXLutz further underlined the high quality of attendance.<\/p>\n\n\n\n<h2 class=\"wp-block-heading\" id=\"h-heimtextil-2026-showed-the-connection-between-ai-and-traditional-craftmanship\">Heimtextil 2026 showed the connection between AI and traditional craftmanship<\/h2>\n\n\n\n<p>As a global hotspot for interior design, Heimtextil offered curated solutions for retail, industry and contract sectors. The Heimtextil Trends 26\/27 theme \u201cCraft is a verb\u201d explored the connection between artificial intelligence and traditional craftsmanship, providing impulses for design, product development and range planning. Designer and architect Patricia Urquiola\u2019s installation \u201camong-all\u201d combined AI, material innovation and sustainability to illustrate future-oriented interior and hospitality concepts.<\/p>\n\n\n\n<p>Artificial intelligence was also positioned as a key business enabler throughout the fair. Under the umbrella \u201cTexpertise Focus AI\u201d, Heimtextil demonstrated how AI can strengthen competitiveness in practical terms\u2014from design concepts and material visualisation to data migration, daily workflows and personalised customer engagement\u2014reinforcing its role as a platform for orientation, innovation and strategic exchange.<\/p>\n","protected":false},"excerpt":{"rendered":"<p>With participants from 148 nations, Heimtextil 2026 underscored its growing global relevance and resilience in an increasingly volatile market environment. Once again, around 3,000 exhibitors from across the world gathered in Frankfurt, presenting current collections, materials and textile solutions for holistic interior design to more than 48,000 buyers. Stable exhibitor and visitor numbers at a [&hellip;]<\/p>\n","protected":false},"author":8,"featured_media":63574,"comment_status":"closed","ping_status":"closed","sticky":false,"template":"","format":"standard","meta":{"footnotes":""},"categories":[9845],"tags":[16359,11794,11043,10369,12448],"class_list":{"0":"post-63575","1":"post","2":"type-post","3":"status-publish","4":"format-standard","5":"has-post-thumbnail","7":"category-trade-fairs","8":"tag-artificial-intelligence","9":"tag-heimtextil-en","10":"tag-home-textiles-en","11":"tag-textile-news-en","12":"tag-trade-fairs"},"yoast_head":"<!-- This site is optimized with the Yoast SEO Premium plugin v27.3 (Yoast SEO v27.3) - https:\/\/yoast.com\/product\/yoast-seo-premium-wordpress\/ -->\n<title>Heimtextil 2026 confirms its role as the industry\u2019s meeting point - Textilegence<\/title>\n<meta name=\"description\" content=\"With participants from 148 nations, Heimtextil 2026 underscored its growing global relevance and resilience in an increasingly volatile...\" \/>\n<meta name=\"robots\" content=\"index, follow, max-snippet:-1, max-image-preview:large, max-video-preview:-1\" \/>\n<link rel=\"canonical\" href=\"https:\/\/www.textilegence.com\/en\/heimtextil-2026-confirms-its-role-as-the-industrys-meeting-point\/\" \/>\n<meta property=\"og:locale\" content=\"en_US\" \/>\n<meta property=\"og:type\" content=\"article\" \/>\n<meta property=\"og:title\" content=\"Heimtextil 2026 confirms its role as the industry\u2019s meeting point\" \/>\n<meta property=\"og:description\" content=\"With participants from 148 nations, Heimtextil 2026 underscored its growing global relevance and resilience in an increasingly volatile market\" \/>\n<meta property=\"og:url\" content=\"https:\/\/www.textilegence.com\/en\/heimtextil-2026-confirms-its-role-as-the-industrys-meeting-point\/\" \/>\n<meta property=\"og:site_name\" content=\"Textilegence Magazine and Digital Platform\" \/>\n<meta property=\"article:publisher\" content=\"https:\/\/www.facebook.com\/TextilegenceMagazine\" \/>\n<meta property=\"article:author\" content=\"https:\/\/www.facebook.com\/TextilegenceMagazine\" \/>\n<meta property=\"article:published_time\" content=\"2026-01-21T11:01:55+00:00\" \/>\n<meta property=\"article:modified_time\" content=\"2026-01-21T11:02:03+00:00\" \/>\n<meta property=\"og:image\" content=\"https:\/\/www.textilegence.com\/wp-content\/uploads\/2026\/01\/Haber-Gorseli-77.jpg\" \/>\n\t<meta property=\"og:image:width\" content=\"1920\" \/>\n\t<meta property=\"og:image:height\" content=\"1080\" \/>\n\t<meta property=\"og:image:type\" content=\"image\/jpeg\" \/>\n<meta name=\"author\" content=\"Fatih Cengiarslan\" \/>\n<meta name=\"twitter:card\" content=\"summary_large_image\" \/>\n<meta name=\"twitter:creator\" content=\"@https:\/\/twitter.com\/textilegence\" \/>\n<meta name=\"twitter:site\" content=\"@textilegence\" \/>\n<meta name=\"twitter:label1\" content=\"Written by\" \/>\n\t<meta name=\"twitter:data1\" content=\"Fatih Cengiarslan\" \/>\n\t<meta name=\"twitter:label2\" content=\"Est. reading time\" \/>\n\t<meta name=\"twitter:data2\" content=\"3 minutes\" \/>\n<script type=\"application\/ld+json\" class=\"yoast-schema-graph\">{\"@context\":\"https:\\\/\\\/schema.org\",\"@graph\":[{\"@type\":\"NewsArticle\",\"@id\":\"https:\\\/\\\/www.textilegence.com\\\/en\\\/heimtextil-2026-confirms-its-role-as-the-industrys-meeting-point\\\/#article\",\"isPartOf\":{\"@id\":\"https:\\\/\\\/www.textilegence.com\\\/en\\\/heimtextil-2026-confirms-its-role-as-the-industrys-meeting-point\\\/\"},\"author\":{\"name\":\"Fatih Cengiarslan\",\"@id\":\"https:\\\/\\\/www.textilegence.com\\\/en\\\/#\\\/schema\\\/person\\\/1c3977109f8a6e1e2b95678836d75cb7\"},\"headline\":\"Heimtextil 2026 confirms its role as the industry\u2019s meeting point\",\"datePublished\":\"2026-01-21T11:01:55+00:00\",\"dateModified\":\"2026-01-21T11:02:03+00:00\",\"mainEntityOfPage\":{\"@id\":\"https:\\\/\\\/www.textilegence.com\\\/en\\\/heimtextil-2026-confirms-its-role-as-the-industrys-meeting-point\\\/\"},\"wordCount\":409,\"publisher\":{\"@id\":\"https:\\\/\\\/www.textilegence.com\\\/en\\\/#organization\"},\"image\":{\"@id\":\"https:\\\/\\\/www.textilegence.com\\\/en\\\/heimtextil-2026-confirms-its-role-as-the-industrys-meeting-point\\\/#primaryimage\"},\"thumbnailUrl\":\"https:\\\/\\\/www.textilegence.com\\\/wp-content\\\/uploads\\\/2026\\\/01\\\/Haber-Gorseli-77.jpg\",\"keywords\":[\"artificial intelligence\",\"heimtextil\",\"home textiles\",\"textile news\",\"trade fairs\"],\"articleSection\":[\"Trade Fairs\"],\"inLanguage\":\"en-US\"},{\"@type\":\"WebPage\",\"@id\":\"https:\\\/\\\/www.textilegence.com\\\/en\\\/heimtextil-2026-confirms-its-role-as-the-industrys-meeting-point\\\/\",\"url\":\"https:\\\/\\\/www.textilegence.com\\\/en\\\/heimtextil-2026-confirms-its-role-as-the-industrys-meeting-point\\\/\",\"name\":\"Heimtextil 2026 confirms its role as the industry\u2019s meeting point - Textilegence\",\"isPartOf\":{\"@id\":\"https:\\\/\\\/www.textilegence.com\\\/en\\\/#website\"},\"primaryImageOfPage\":{\"@id\":\"https:\\\/\\\/www.textilegence.com\\\/en\\\/heimtextil-2026-confirms-its-role-as-the-industrys-meeting-point\\\/#primaryimage\"},\"image\":{\"@id\":\"https:\\\/\\\/www.textilegence.com\\\/en\\\/heimtextil-2026-confirms-its-role-as-the-industrys-meeting-point\\\/#primaryimage\"},\"thumbnailUrl\":\"https:\\\/\\\/www.textilegence.com\\\/wp-content\\\/uploads\\\/2026\\\/01\\\/Haber-Gorseli-77.jpg\",\"datePublished\":\"2026-01-21T11:01:55+00:00\",\"dateModified\":\"2026-01-21T11:02:03+00:00\",\"description\":\"With participants from 148 nations, Heimtextil 2026 underscored its growing global relevance and resilience in an increasingly volatile...\",\"breadcrumb\":{\"@id\":\"https:\\\/\\\/www.textilegence.com\\\/en\\\/heimtextil-2026-confirms-its-role-as-the-industrys-meeting-point\\\/#breadcrumb\"},\"inLanguage\":\"en-US\",\"potentialAction\":[{\"@type\":\"ReadAction\",\"target\":[\"https:\\\/\\\/www.textilegence.com\\\/en\\\/heimtextil-2026-confirms-its-role-as-the-industrys-meeting-point\\\/\"]}]},{\"@type\":\"ImageObject\",\"inLanguage\":\"en-US\",\"@id\":\"https:\\\/\\\/www.textilegence.com\\\/en\\\/heimtextil-2026-confirms-its-role-as-the-industrys-meeting-point\\\/#primaryimage\",\"url\":\"https:\\\/\\\/www.textilegence.com\\\/wp-content\\\/uploads\\\/2026\\\/01\\\/Haber-Gorseli-77.jpg\",\"contentUrl\":\"https:\\\/\\\/www.textilegence.com\\\/wp-content\\\/uploads\\\/2026\\\/01\\\/Haber-Gorseli-77.jpg\",\"width\":1920,\"height\":1080,\"caption\":\"Around 3,000 exhibitors from 148 countries showcased their latest collections, materials and textile solutions for holistic interior design at Heimtextil 2026 Image Source: Messe Frankfurt GmbH \\\/ Pietro Sutera\"},{\"@type\":\"BreadcrumbList\",\"@id\":\"https:\\\/\\\/www.textilegence.com\\\/en\\\/heimtextil-2026-confirms-its-role-as-the-industrys-meeting-point\\\/#breadcrumb\",\"itemListElement\":[{\"@type\":\"ListItem\",\"position\":1,\"name\":\"Home Page\",\"item\":\"https:\\\/\\\/www.textilegence.com\\\/en\\\/homepage-the-rimont\\\/\"},{\"@type\":\"ListItem\",\"position\":2,\"name\":\"Trade Fairs\",\"item\":\"https:\\\/\\\/www.textilegence.com\\\/en\\\/category\\\/trade-fairs\\\/\"},{\"@type\":\"ListItem\",\"position\":3,\"name\":\"Heimtextil 2026 confirms its role as the industry\u2019s meeting point\"}]},{\"@type\":\"WebSite\",\"@id\":\"https:\\\/\\\/www.textilegence.com\\\/en\\\/#website\",\"url\":\"https:\\\/\\\/www.textilegence.com\\\/en\\\/\",\"name\":\"Textilegence Magazine and Digital Platform\",\"description\":\"Textile News Center\",\"publisher\":{\"@id\":\"https:\\\/\\\/www.textilegence.com\\\/en\\\/#organization\"},\"potentialAction\":[{\"@type\":\"SearchAction\",\"target\":{\"@type\":\"EntryPoint\",\"urlTemplate\":\"https:\\\/\\\/www.textilegence.com\\\/en\\\/?s={search_term_string}\"},\"query-input\":{\"@type\":\"PropertyValueSpecification\",\"valueRequired\":true,\"valueName\":\"search_term_string\"}}],\"inLanguage\":\"en-US\"},{\"@type\":\"Organization\",\"@id\":\"https:\\\/\\\/www.textilegence.com\\\/en\\\/#organization\",\"name\":\"Textilegence Magazine and Digital Platform\",\"url\":\"https:\\\/\\\/www.textilegence.com\\\/en\\\/\",\"logo\":{\"@type\":\"ImageObject\",\"inLanguage\":\"en-US\",\"@id\":\"https:\\\/\\\/www.textilegence.com\\\/en\\\/#\\\/schema\\\/logo\\\/image\\\/\",\"url\":\"https:\\\/\\\/www.textilegence.com\\\/wp-content\\\/uploads\\\/2016\\\/11\\\/New_Retina_Logo_Textilegence.png\",\"contentUrl\":\"https:\\\/\\\/www.textilegence.com\\\/wp-content\\\/uploads\\\/2016\\\/11\\\/New_Retina_Logo_Textilegence.png\",\"width\":544,\"height\":180,\"caption\":\"Textilegence Magazine and Digital Platform\"},\"image\":{\"@id\":\"https:\\\/\\\/www.textilegence.com\\\/en\\\/#\\\/schema\\\/logo\\\/image\\\/\"},\"sameAs\":[\"https:\\\/\\\/www.facebook.com\\\/TextilegenceMagazine\",\"https:\\\/\\\/x.com\\\/textilegence\",\"https:\\\/\\\/www.instagram.com\\\/textilegence\\\/\",\"https:\\\/\\\/www.linkedin.com\\\/groups\\\/Textilegence-Magazine-Digital-Platform-4897253\",\"https:\\\/\\\/www.youtube.com\\\/user\\\/textilegence\"],\"description\":\"Textilegence is a magazine and digital platform established in 2013. It focuses on the textile industry and sub-segments. The platform provides news, articles, and updates on various aspects of the textile industry, including sustainability, technological advancements, and market trends.\",\"email\":\"editor@textilegence.com\",\"telephone\":\"+90 212 442 24 12\",\"legalName\":\"Textilegence Mag and Digital Platform\",\"foundingDate\":\"2013-01-01\",\"numberOfEmployees\":{\"@type\":\"QuantitativeValue\",\"minValue\":\"1\",\"maxValue\":\"10\"}},{\"@type\":\"Person\",\"@id\":\"https:\\\/\\\/www.textilegence.com\\\/en\\\/#\\\/schema\\\/person\\\/1c3977109f8a6e1e2b95678836d75cb7\",\"name\":\"Fatih Cengiarslan\",\"image\":{\"@type\":\"ImageObject\",\"inLanguage\":\"en-US\",\"@id\":\"https:\\\/\\\/www.textilegence.com\\\/wp-content\\\/uploads\\\/2018\\\/12\\\/fatih-cengiarslan.jpg\",\"url\":\"https:\\\/\\\/www.textilegence.com\\\/wp-content\\\/uploads\\\/2018\\\/12\\\/fatih-cengiarslan.jpg\",\"contentUrl\":\"https:\\\/\\\/www.textilegence.com\\\/wp-content\\\/uploads\\\/2018\\\/12\\\/fatih-cengiarslan.jpg\",\"caption\":\"Fatih Cengiarslan\"},\"description\":\"Fatih Cengiarslan; Akademik \u0130ngilizce e\u011fitimini Bat\u0131 Avustralya \u00dcniversitesi\u2019nde tamamlad\u0131ktan sonra T\u00fcrkiye\u2019ye d\u00f6nerek \u0130stanbul Ayd\u0131n \u00dcniversitesi\u2019nde \u0130nternet Gazetecili\u011fi ve Yay\u0131nc\u0131l\u0131k b\u00f6l\u00fcm\u00fcn\u00fc bitirip, Litvanya \u2013 Kaunas Teknoloji \u00dcniversitesi\u2019nde interaktif media \u00fczerine 8 ayl\u0131k e\u011fitim ald\u0131. Daha sonra Eski\u015fehir Anadolu \u00dcniversitesi girerek \u0130\u015fletme Fak\u00fcltesini ba\u015far\u0131yla tamamlad\u0131. CNNTURK\u2019 kanal\u0131nda staj\u0131n\u0131 tamamlad\u0131ktan sonra Referans Gazetesi\u2019nde \u00e7al\u0131\u015fmaya ba\u015flad\u0131. 2 y\u0131l sonra Textilegence markas\u0131yla tekstil end\u00fcstrisine y\u00f6nelik kendi medyas\u0131n\u0131 kurdu. \u015eu anda Textilegence.com, Printing3D ve NEFA PR Ajans\u0131\u2019n\u0131n 12 y\u0131ld\u0131r y\u00f6netimini yapmaktad\u0131r.\",\"sameAs\":[\"https:\\\/\\\/www.textilegence.com\",\"https:\\\/\\\/www.facebook.com\\\/TextilegenceMagazine\",\"https:\\\/\\\/www.instagram.com\\\/textilegence\\\/\",\"https:\\\/\\\/www.linkedin.com\\\/in\\\/fatih-cengiarslan-32352265\\\/\",\"https:\\\/\\\/x.com\\\/https:\\\/\\\/twitter.com\\\/textilegence\"],\"url\":\"https:\\\/\\\/www.textilegence.com\\\/en\\\/author\\\/admin\\\/\"}]}<\/script>\n<!-- \/ Yoast SEO Premium plugin. -->","yoast_head_json":{"title":"Heimtextil 2026 confirms its role as the industry\u2019s meeting point - Textilegence","description":"With participants from 148 nations, Heimtextil 2026 underscored its growing global relevance and resilience in an increasingly volatile...","robots":{"index":"index","follow":"follow","max-snippet":"max-snippet:-1","max-image-preview":"max-image-preview:large","max-video-preview":"max-video-preview:-1"},"canonical":"https:\/\/www.textilegence.com\/en\/heimtextil-2026-confirms-its-role-as-the-industrys-meeting-point\/","og_locale":"en_US","og_type":"article","og_title":"Heimtextil 2026 confirms its role as the industry\u2019s meeting point","og_description":"With participants from 148 nations, Heimtextil 2026 underscored its growing global relevance and resilience in an increasingly volatile market","og_url":"https:\/\/www.textilegence.com\/en\/heimtextil-2026-confirms-its-role-as-the-industrys-meeting-point\/","og_site_name":"Textilegence Magazine and Digital Platform","article_publisher":"https:\/\/www.facebook.com\/TextilegenceMagazine","article_author":"https:\/\/www.facebook.com\/TextilegenceMagazine","article_published_time":"2026-01-21T11:01:55+00:00","article_modified_time":"2026-01-21T11:02:03+00:00","og_image":[{"width":1920,"height":1080,"url":"https:\/\/www.textilegence.com\/wp-content\/uploads\/2026\/01\/Haber-Gorseli-77.jpg","type":"image\/jpeg"}],"author":"Fatih Cengiarslan","twitter_card":"summary_large_image","twitter_creator":"@https:\/\/twitter.com\/textilegence","twitter_site":"@textilegence","twitter_misc":{"Written by":"Fatih Cengiarslan","Est. reading time":"3 minutes"},"schema":{"@context":"https:\/\/schema.org","@graph":[{"@type":"NewsArticle","@id":"https:\/\/www.textilegence.com\/en\/heimtextil-2026-confirms-its-role-as-the-industrys-meeting-point\/#article","isPartOf":{"@id":"https:\/\/www.textilegence.com\/en\/heimtextil-2026-confirms-its-role-as-the-industrys-meeting-point\/"},"author":{"name":"Fatih Cengiarslan","@id":"https:\/\/www.textilegence.com\/en\/#\/schema\/person\/1c3977109f8a6e1e2b95678836d75cb7"},"headline":"Heimtextil 2026 confirms its role as the industry\u2019s meeting point","datePublished":"2026-01-21T11:01:55+00:00","dateModified":"2026-01-21T11:02:03+00:00","mainEntityOfPage":{"@id":"https:\/\/www.textilegence.com\/en\/heimtextil-2026-confirms-its-role-as-the-industrys-meeting-point\/"},"wordCount":409,"publisher":{"@id":"https:\/\/www.textilegence.com\/en\/#organization"},"image":{"@id":"https:\/\/www.textilegence.com\/en\/heimtextil-2026-confirms-its-role-as-the-industrys-meeting-point\/#primaryimage"},"thumbnailUrl":"https:\/\/www.textilegence.com\/wp-content\/uploads\/2026\/01\/Haber-Gorseli-77.jpg","keywords":["artificial intelligence","heimtextil","home textiles","textile news","trade fairs"],"articleSection":["Trade Fairs"],"inLanguage":"en-US"},{"@type":"WebPage","@id":"https:\/\/www.textilegence.com\/en\/heimtextil-2026-confirms-its-role-as-the-industrys-meeting-point\/","url":"https:\/\/www.textilegence.com\/en\/heimtextil-2026-confirms-its-role-as-the-industrys-meeting-point\/","name":"Heimtextil 2026 confirms its role as the industry\u2019s meeting point - Textilegence","isPartOf":{"@id":"https:\/\/www.textilegence.com\/en\/#website"},"primaryImageOfPage":{"@id":"https:\/\/www.textilegence.com\/en\/heimtextil-2026-confirms-its-role-as-the-industrys-meeting-point\/#primaryimage"},"image":{"@id":"https:\/\/www.textilegence.com\/en\/heimtextil-2026-confirms-its-role-as-the-industrys-meeting-point\/#primaryimage"},"thumbnailUrl":"https:\/\/www.textilegence.com\/wp-content\/uploads\/2026\/01\/Haber-Gorseli-77.jpg","datePublished":"2026-01-21T11:01:55+00:00","dateModified":"2026-01-21T11:02:03+00:00","description":"With participants from 148 nations, Heimtextil 2026 underscored its growing global relevance and resilience in an increasingly volatile...","breadcrumb":{"@id":"https:\/\/www.textilegence.com\/en\/heimtextil-2026-confirms-its-role-as-the-industrys-meeting-point\/#breadcrumb"},"inLanguage":"en-US","potentialAction":[{"@type":"ReadAction","target":["https:\/\/www.textilegence.com\/en\/heimtextil-2026-confirms-its-role-as-the-industrys-meeting-point\/"]}]},{"@type":"ImageObject","inLanguage":"en-US","@id":"https:\/\/www.textilegence.com\/en\/heimtextil-2026-confirms-its-role-as-the-industrys-meeting-point\/#primaryimage","url":"https:\/\/www.textilegence.com\/wp-content\/uploads\/2026\/01\/Haber-Gorseli-77.jpg","contentUrl":"https:\/\/www.textilegence.com\/wp-content\/uploads\/2026\/01\/Haber-Gorseli-77.jpg","width":1920,"height":1080,"caption":"Around 3,000 exhibitors from 148 countries showcased their latest collections, materials and textile solutions for holistic interior design at Heimtextil 2026 Image Source: Messe Frankfurt GmbH \/ Pietro Sutera"},{"@type":"BreadcrumbList","@id":"https:\/\/www.textilegence.com\/en\/heimtextil-2026-confirms-its-role-as-the-industrys-meeting-point\/#breadcrumb","itemListElement":[{"@type":"ListItem","position":1,"name":"Home Page","item":"https:\/\/www.textilegence.com\/en\/homepage-the-rimont\/"},{"@type":"ListItem","position":2,"name":"Trade Fairs","item":"https:\/\/www.textilegence.com\/en\/category\/trade-fairs\/"},{"@type":"ListItem","position":3,"name":"Heimtextil 2026 confirms its role as the industry\u2019s meeting point"}]},{"@type":"WebSite","@id":"https:\/\/www.textilegence.com\/en\/#website","url":"https:\/\/www.textilegence.com\/en\/","name":"Textilegence Magazine and Digital Platform","description":"Textile News Center","publisher":{"@id":"https:\/\/www.textilegence.com\/en\/#organization"},"potentialAction":[{"@type":"SearchAction","target":{"@type":"EntryPoint","urlTemplate":"https:\/\/www.textilegence.com\/en\/?s={search_term_string}"},"query-input":{"@type":"PropertyValueSpecification","valueRequired":true,"valueName":"search_term_string"}}],"inLanguage":"en-US"},{"@type":"Organization","@id":"https:\/\/www.textilegence.com\/en\/#organization","name":"Textilegence Magazine and Digital Platform","url":"https:\/\/www.textilegence.com\/en\/","logo":{"@type":"ImageObject","inLanguage":"en-US","@id":"https:\/\/www.textilegence.com\/en\/#\/schema\/logo\/image\/","url":"https:\/\/www.textilegence.com\/wp-content\/uploads\/2016\/11\/New_Retina_Logo_Textilegence.png","contentUrl":"https:\/\/www.textilegence.com\/wp-content\/uploads\/2016\/11\/New_Retina_Logo_Textilegence.png","width":544,"height":180,"caption":"Textilegence Magazine and Digital Platform"},"image":{"@id":"https:\/\/www.textilegence.com\/en\/#\/schema\/logo\/image\/"},"sameAs":["https:\/\/www.facebook.com\/TextilegenceMagazine","https:\/\/x.com\/textilegence","https:\/\/www.instagram.com\/textilegence\/","https:\/\/www.linkedin.com\/groups\/Textilegence-Magazine-Digital-Platform-4897253","https:\/\/www.youtube.com\/user\/textilegence"],"description":"Textilegence is a magazine and digital platform established in 2013. It focuses on the textile industry and sub-segments. The platform provides news, articles, and updates on various aspects of the textile industry, including sustainability, technological advancements, and market trends.","email":"editor@textilegence.com","telephone":"+90 212 442 24 12","legalName":"Textilegence Mag and Digital Platform","foundingDate":"2013-01-01","numberOfEmployees":{"@type":"QuantitativeValue","minValue":"1","maxValue":"10"}},{"@type":"Person","@id":"https:\/\/www.textilegence.com\/en\/#\/schema\/person\/1c3977109f8a6e1e2b95678836d75cb7","name":"Fatih Cengiarslan","image":{"@type":"ImageObject","inLanguage":"en-US","@id":"https:\/\/www.textilegence.com\/wp-content\/uploads\/2018\/12\/fatih-cengiarslan.jpg","url":"https:\/\/www.textilegence.com\/wp-content\/uploads\/2018\/12\/fatih-cengiarslan.jpg","contentUrl":"https:\/\/www.textilegence.com\/wp-content\/uploads\/2018\/12\/fatih-cengiarslan.jpg","caption":"Fatih Cengiarslan"},"description":"Fatih Cengiarslan; Akademik \u0130ngilizce e\u011fitimini Bat\u0131 Avustralya \u00dcniversitesi\u2019nde tamamlad\u0131ktan sonra T\u00fcrkiye\u2019ye d\u00f6nerek \u0130stanbul Ayd\u0131n \u00dcniversitesi\u2019nde \u0130nternet Gazetecili\u011fi ve Yay\u0131nc\u0131l\u0131k b\u00f6l\u00fcm\u00fcn\u00fc bitirip, Litvanya \u2013 Kaunas Teknoloji \u00dcniversitesi\u2019nde interaktif media \u00fczerine 8 ayl\u0131k e\u011fitim ald\u0131. Daha sonra Eski\u015fehir Anadolu \u00dcniversitesi girerek \u0130\u015fletme Fak\u00fcltesini ba\u015far\u0131yla tamamlad\u0131. CNNTURK\u2019 kanal\u0131nda staj\u0131n\u0131 tamamlad\u0131ktan sonra Referans Gazetesi\u2019nde \u00e7al\u0131\u015fmaya ba\u015flad\u0131. 2 y\u0131l sonra Textilegence markas\u0131yla tekstil end\u00fcstrisine y\u00f6nelik kendi medyas\u0131n\u0131 kurdu. \u015eu anda Textilegence.com, Printing3D ve NEFA PR Ajans\u0131\u2019n\u0131n 12 y\u0131ld\u0131r y\u00f6netimini yapmaktad\u0131r.","sameAs":["https:\/\/www.textilegence.com","https:\/\/www.facebook.com\/TextilegenceMagazine","https:\/\/www.instagram.com\/textilegence\/","https:\/\/www.linkedin.com\/in\/fatih-cengiarslan-32352265\/","https:\/\/x.com\/https:\/\/twitter.com\/textilegence"],"url":"https:\/\/www.textilegence.com\/en\/author\/admin\/"}]}},"_links":{"self":[{"href":"https:\/\/www.textilegence.com\/en\/wp-json\/wp\/v2\/posts\/63575","targetHints":{"allow":["GET"]}}],"collection":[{"href":"https:\/\/www.textilegence.com\/en\/wp-json\/wp\/v2\/posts"}],"about":[{"href":"https:\/\/www.textilegence.com\/en\/wp-json\/wp\/v2\/types\/post"}],"author":[{"embeddable":true,"href":"https:\/\/www.textilegence.com\/en\/wp-json\/wp\/v2\/users\/8"}],"replies":[{"embeddable":true,"href":"https:\/\/www.textilegence.com\/en\/wp-json\/wp\/v2\/comments?post=63575"}],"version-history":[{"count":0,"href":"https:\/\/www.textilegence.com\/en\/wp-json\/wp\/v2\/posts\/63575\/revisions"}],"wp:featuredmedia":[{"embeddable":true,"href":"https:\/\/www.textilegence.com\/en\/wp-json\/wp\/v2\/media\/63574"}],"wp:attachment":[{"href":"https:\/\/www.textilegence.com\/en\/wp-json\/wp\/v2\/media?parent=63575"}],"wp:term":[{"taxonomy":"category","embeddable":true,"href":"https:\/\/www.textilegence.com\/en\/wp-json\/wp\/v2\/categories?post=63575"},{"taxonomy":"post_tag","embeddable":true,"href":"https:\/\/www.textilegence.com\/en\/wp-json\/wp\/v2\/tags?post=63575"}],"curies":[{"name":"wp","href":"https:\/\/api.w.org\/{rel}","templated":true}]}}