{"id":63625,"date":"2026-01-27T15:19:00","date_gmt":"2026-01-27T12:19:00","guid":{"rendered":"https:\/\/www.textilegence.com\/?p=63625"},"modified":"2026-01-27T20:35:15","modified_gmt":"2026-01-27T17:35:15","slug":"how-will-the-eu-packaging-and-packaging-waste-regulation-affect-exporters","status":"publish","type":"post","link":"https:\/\/www.textilegence.com\/en\/how-will-the-eu-packaging-and-packaging-waste-regulation-affect-exporters\/","title":{"rendered":"How will the EU Packaging and Packaging Waste Regulation affect exporters?"},"content":{"rendered":"\n<p>Prepared as part of the European Union\u2019s efforts to reduce packaging waste and strengthen its <a href=\"https:\/\/www.textilegence.com\/en\/category\/green-times\/\" target=\"_blank\" rel=\"noreferrer noopener\">circular economy<\/a> objectives, the Packaging and Packaging Waste Regulation (PPWR) will become directly applicable in all EU Member States as of 12 August 2026.<\/p>\n\n\n\n<p>Adopted by the Council of the European Union and the European Parliament on 19 December 2024 and published in the <a href=\"https:\/\/eur-lex.europa.eu\/EN\/legal-content\/glossary\/official-journal-of-the-european-union.html\" target=\"_blank\" rel=\"noreferrer noopener\">Official Journal of the European Union<\/a> on 22 January 2025, the regulation establishes a single EU-wide framework governing the technical, environmental and market-related conditions applicable to packaging.<\/p>\n\n\n\n<h2 class=\"wp-block-heading\" id=\"h-from-directive-to-regulation-what-does-this-mean\">From Directive to Regulation: What does this mean?<\/h2>\n\n\n\n<p>While reshaping the existing legal framework for packaging, the PPWR will progressively phase out the application of Directive 94\/62\/EC on Packaging and Packaging Waste. Certain technical provisions and transitional arrangements will continue to apply according to staggered timelines extending into 2028, 2029 and 2030.<\/p>\n\n\n\n<p>Under EU law, directives require transposition into national legislation by Member States, whereas regulations apply directly and uniformly without the need for national implementing measures. In this respect, the PPWR is expected to ensure a more harmonised application of packaging rules across the EU internal market.<\/p>\n\n\n\n<h2 class=\"wp-block-heading\" id=\"h-the-regulation-applies-to-all-packaging-placed-on-the-eu-market\">The Regulation applies to all packaging placed on the EU market<\/h2>\n\n\n\n<p>The regulation applies to all packaging placed on the EU market, regardless of whether it is produced within the EU or imported from third countries. As a result, the PPWR has direct implications for non-EU exporters supplying packaged products to the European market.<\/p>\n\n\n\n<p>Regardless of the product itself, compliance of the packaging with the criteria set out in the regulation will become a prerequisite for access to the EU market.<\/p>\n\n\n<div class=\"wp-block-image\">\n<figure class=\"aligncenter size-full\"><img loading=\"lazy\" decoding=\"async\" width=\"1920\" height=\"1080\" src=\"https:\/\/www.textilegence.com\/wp-content\/uploads\/2026\/01\/Haber-Gorseli-84.jpg\" alt=\"The PPWR therefore goes beyond the concept of packaging merely being \u201cdesigned for recycling\u201d and adopts an approach that requires recyclability to be demonstrated in practice and at industrial scale.   Image Source: Freepik\" class=\"wp-image-63623\" srcset=\"https:\/\/www.textilegence.com\/wp-content\/uploads\/2026\/01\/Haber-Gorseli-84.jpg 1920w, https:\/\/www.textilegence.com\/wp-content\/uploads\/2026\/01\/Haber-Gorseli-84-768x432.jpg 768w, https:\/\/www.textilegence.com\/wp-content\/uploads\/2026\/01\/Haber-Gorseli-84-1536x864.jpg 1536w, https:\/\/www.textilegence.com\/wp-content\/uploads\/2026\/01\/Haber-Gorseli-84-300x169.jpg 300w, https:\/\/www.textilegence.com\/wp-content\/uploads\/2026\/01\/Haber-Gorseli-84-600x338.jpg 600w, https:\/\/www.textilegence.com\/wp-content\/uploads\/2026\/01\/Haber-Gorseli-84-696x392.jpg 696w, https:\/\/www.textilegence.com\/wp-content\/uploads\/2026\/01\/Haber-Gorseli-84-1068x601.jpg 1068w\" sizes=\"auto, (max-width: 1920px) 100vw, 1920px\" \/><figcaption class=\"wp-element-caption\">The PPWR therefore goes beyond the concept of packaging merely being \u201cdesigned for recycling\u201d and adopts an approach that requires recyclability to be demonstrated in practice and at industrial scale.   Image Source: Freepik<\/figcaption><\/figure>\n<\/div>\n\n\n<h2 class=\"wp-block-heading\" id=\"h-how-will-packaging-be-assessed-under-the-ppwr\">How will packaging be assessed under the PPWR?<\/h2>\n\n\n\n<p>The PPWR introduces a phased approach to recyclability requirements for packaging.<\/p>\n\n\n\n<p>From 1 January 2030, all packaging placed on the EU market must be \u201cdesigned for recycling\u201d.<\/p>\n\n\n\n<p>From 2035 onwards, design criteria alone will no longer be sufficient. Packaging will also be assessed based on whether it can be effectively and at scale recycled within recycling infrastructures established in the EU.<\/p>\n\n\n\n<p>To this end, packaging will be classified according to recyclability performance into classes A, B and C. Packaging falling below class C will be considered technically non-recyclable and its placement on the EU market will be restricted.<\/p>\n\n\n\n<p>This classification will be based on design-for-recycling criteria from 2030, and on both design and actual recycling performance from 2035 onwards. From 1 January 2038, only packaging achieving at least class B recyclability will be allowed on the EU market.<\/p>\n\n\n\n<p>The PPWR therefore goes beyond the concept of packaging merely being \u201cdesigned for recycling\u201d and adopts an approach that requires recyclability to be demonstrated in practice and at industrial scale.<\/p>\n\n\n\n<p>Accordingly, the European Commission will establish common methodologies for assessing design for recycling, chain of custody and the measurement of quantities of materials effectively recycled.<\/p>\n\n\n\n<p>By 2030, Member States are expected to report the first data on quantities of packaging waste recycled by packaging category for the purposes of monitoring.<\/p>\n\n\n\n<h2 class=\"wp-block-heading\" id=\"h-textile-packaging-technical-exemptions-financial-obligations-remain\">Textile packaging: technical exemptions, financial obligations remain<\/h2>\n\n\n\n<p>Under the PPWR, packaging made from materials such as textiles, wood, cork, rubber, ceramics and porcelain, which represent very low volumes on the EU market, is exempt from the technical recyclability performance requirements.<\/p>\n\n\n\n<p>However, this exemption does not remove the financial obligations arising under Extended Producer Responsibility (EPR) schemes. In other words, while such packaging may fall outside the technical classification system, it remains subject to producer responsibility obligations.<\/p>\n\n\n\n<h2 class=\"wp-block-heading\" id=\"h-what-does-this-mean-for-turkish-exporters\">What does this mean for Turkish exporters?<\/h2>\n\n\n\n<p>For companies exporting from T\u00fcrkiye to the EU, the PPWR necessitates a reassessment of product packaging strategies.<\/p>\n\n\n\n<p>In particular, the following elements are set to become integral parts of export processes:<\/p>\n\n\n\n<ul class=\"wp-block-list\">\n<li>Compliance of packaging design with regulatory criteria<\/li>\n<\/ul>\n\n\n\n<ul class=\"wp-block-list\">\n<li>Recyclability of materials used<\/li>\n<\/ul>\n\n\n\n<ul class=\"wp-block-list\">\n<li>Traceability and documentation across the supply chain<\/li>\n<\/ul>\n\n\n\n<ul class=\"wp-block-list\">\n<li>Potential financial obligations under EPR schemes<\/li>\n<\/ul>\n\n\n\n<p>As the regulation will apply directly across the EU, independent of national implementation timelines, exporters are required to review and adapt their packaging strategies well in advance of the key compliance milestones.<\/p>\n","protected":false},"excerpt":{"rendered":"<p>Prepared as part of the European Union\u2019s efforts to reduce packaging waste and strengthen its circular economy objectives, the Packaging and Packaging Waste Regulation (PPWR) will become directly applicable in all EU Member States as of 12 August 2026. Adopted by the Council of the European Union and the European Parliament on 19 December 2024 [&hellip;]<\/p>\n","protected":false},"author":26,"featured_media":63624,"comment_status":"closed","ping_status":"closed","sticky":false,"template":"","format":"standard","meta":{"footnotes":""},"categories":[16099],"tags":[11792,10762,10571,11799,16109,16455,10369],"class_list":{"0":"post-63625","1":"post","2":"type-post","3":"status-publish","4":"format-standard","5":"has-post-thumbnail","7":"category-packaging","8":"tag-circular-packaging","9":"tag-european-market","10":"tag-european-union","11":"tag-exports-en","12":"tag-packaging-en","13":"tag-packaging-waste","14":"tag-textile-news-en"},"yoast_head":"<!-- This site is optimized with the Yoast SEO Premium plugin v27.3 (Yoast SEO v27.3) - https:\/\/yoast.com\/product\/yoast-seo-premium-wordpress\/ -->\n<title>How will the EU Packaging and Packaging Waste Regulation affect exporters? - Textilegence<\/title>\n<meta name=\"description\" content=\"Prepared as part of the European Union\u2019s efforts to reduce packaging waste and strengthen its circular economy objectives, the Packaging...\" \/>\n<meta name=\"robots\" content=\"index, follow, max-snippet:-1, max-image-preview:large, max-video-preview:-1\" \/>\n<link rel=\"canonical\" href=\"https:\/\/www.textilegence.com\/en\/how-will-the-eu-packaging-and-packaging-waste-regulation-affect-exporters\/\" \/>\n<meta property=\"og:locale\" content=\"en_US\" \/>\n<meta property=\"og:type\" content=\"article\" \/>\n<meta property=\"og:title\" content=\"How will the EU Packaging and Packaging Waste Regulation affect exporters?\" \/>\n<meta property=\"og:description\" content=\"Prepared as part of the European Union\u2019s efforts to reduce packaging waste and strengthen its circular economy objectives, the Packaging and Packaging\" \/>\n<meta property=\"og:url\" content=\"https:\/\/www.textilegence.com\/en\/how-will-the-eu-packaging-and-packaging-waste-regulation-affect-exporters\/\" \/>\n<meta property=\"og:site_name\" content=\"Textilegence Magazine and Digital Platform\" \/>\n<meta property=\"article:publisher\" content=\"https:\/\/www.facebook.com\/TextilegenceMagazine\" \/>\n<meta property=\"article:author\" content=\"https:\/\/www.facebook.com\/TextilegenceMagazine\" \/>\n<meta property=\"article:published_time\" content=\"2026-01-27T12:19:00+00:00\" \/>\n<meta property=\"article:modified_time\" content=\"2026-01-27T17:35:15+00:00\" \/>\n<meta property=\"og:image\" content=\"https:\/\/www.textilegence.com\/wp-content\/uploads\/2026\/01\/Haber-Gorseli-83.jpg\" \/>\n\t<meta property=\"og:image:width\" content=\"1920\" \/>\n\t<meta property=\"og:image:height\" content=\"1080\" \/>\n\t<meta property=\"og:image:type\" content=\"image\/jpeg\" \/>\n<meta name=\"author\" content=\"Ya\u011fmur Melis \u015eim\u015fek\" \/>\n<meta name=\"twitter:card\" content=\"summary_large_image\" \/>\n<meta name=\"twitter:creator\" content=\"@https:\/\/twitter.com\/textilegence\" \/>\n<meta name=\"twitter:site\" content=\"@textilegence\" \/>\n<meta name=\"twitter:label1\" content=\"Written by\" \/>\n\t<meta name=\"twitter:data1\" content=\"Ya\u011fmur Melis \u015eim\u015fek\" \/>\n\t<meta name=\"twitter:label2\" content=\"Est. reading time\" \/>\n\t<meta name=\"twitter:data2\" content=\"5 minutes\" \/>\n<script type=\"application\/ld+json\" class=\"yoast-schema-graph\">{\"@context\":\"https:\\\/\\\/schema.org\",\"@graph\":[{\"@type\":\"NewsArticle\",\"@id\":\"https:\\\/\\\/www.textilegence.com\\\/en\\\/how-will-the-eu-packaging-and-packaging-waste-regulation-affect-exporters\\\/#article\",\"isPartOf\":{\"@id\":\"https:\\\/\\\/www.textilegence.com\\\/en\\\/how-will-the-eu-packaging-and-packaging-waste-regulation-affect-exporters\\\/\"},\"author\":{\"name\":\"Ya\u011fmur Melis \u015eim\u015fek\",\"@id\":\"https:\\\/\\\/www.textilegence.com\\\/en\\\/#\\\/schema\\\/person\\\/cfa6baf17f0478131c673c93a9b88ef3\"},\"headline\":\"How will the EU Packaging and Packaging Waste Regulation affect exporters?\",\"datePublished\":\"2026-01-27T12:19:00+00:00\",\"dateModified\":\"2026-01-27T17:35:15+00:00\",\"mainEntityOfPage\":{\"@id\":\"https:\\\/\\\/www.textilegence.com\\\/en\\\/how-will-the-eu-packaging-and-packaging-waste-regulation-affect-exporters\\\/\"},\"wordCount\":690,\"publisher\":{\"@id\":\"https:\\\/\\\/www.textilegence.com\\\/en\\\/#organization\"},\"image\":{\"@id\":\"https:\\\/\\\/www.textilegence.com\\\/en\\\/how-will-the-eu-packaging-and-packaging-waste-regulation-affect-exporters\\\/#primaryimage\"},\"thumbnailUrl\":\"https:\\\/\\\/www.textilegence.com\\\/wp-content\\\/uploads\\\/2026\\\/01\\\/Haber-Gorseli-83.jpg\",\"keywords\":[\"circular packaging\",\"european market\",\"european union\",\"exports\",\"packaging\",\"packaging waste\",\"textile news\"],\"articleSection\":[\"Packaging\"],\"inLanguage\":\"en-US\"},{\"@type\":\"WebPage\",\"@id\":\"https:\\\/\\\/www.textilegence.com\\\/en\\\/how-will-the-eu-packaging-and-packaging-waste-regulation-affect-exporters\\\/\",\"url\":\"https:\\\/\\\/www.textilegence.com\\\/en\\\/how-will-the-eu-packaging-and-packaging-waste-regulation-affect-exporters\\\/\",\"name\":\"How will the EU Packaging and Packaging Waste Regulation affect exporters? - Textilegence\",\"isPartOf\":{\"@id\":\"https:\\\/\\\/www.textilegence.com\\\/en\\\/#website\"},\"primaryImageOfPage\":{\"@id\":\"https:\\\/\\\/www.textilegence.com\\\/en\\\/how-will-the-eu-packaging-and-packaging-waste-regulation-affect-exporters\\\/#primaryimage\"},\"image\":{\"@id\":\"https:\\\/\\\/www.textilegence.com\\\/en\\\/how-will-the-eu-packaging-and-packaging-waste-regulation-affect-exporters\\\/#primaryimage\"},\"thumbnailUrl\":\"https:\\\/\\\/www.textilegence.com\\\/wp-content\\\/uploads\\\/2026\\\/01\\\/Haber-Gorseli-83.jpg\",\"datePublished\":\"2026-01-27T12:19:00+00:00\",\"dateModified\":\"2026-01-27T17:35:15+00:00\",\"description\":\"Prepared as part of the European Union\u2019s efforts to reduce packaging waste and strengthen its circular economy objectives, the Packaging...\",\"breadcrumb\":{\"@id\":\"https:\\\/\\\/www.textilegence.com\\\/en\\\/how-will-the-eu-packaging-and-packaging-waste-regulation-affect-exporters\\\/#breadcrumb\"},\"inLanguage\":\"en-US\",\"potentialAction\":[{\"@type\":\"ReadAction\",\"target\":[\"https:\\\/\\\/www.textilegence.com\\\/en\\\/how-will-the-eu-packaging-and-packaging-waste-regulation-affect-exporters\\\/\"]}]},{\"@type\":\"ImageObject\",\"inLanguage\":\"en-US\",\"@id\":\"https:\\\/\\\/www.textilegence.com\\\/en\\\/how-will-the-eu-packaging-and-packaging-waste-regulation-affect-exporters\\\/#primaryimage\",\"url\":\"https:\\\/\\\/www.textilegence.com\\\/wp-content\\\/uploads\\\/2026\\\/01\\\/Haber-Gorseli-83.jpg\",\"contentUrl\":\"https:\\\/\\\/www.textilegence.com\\\/wp-content\\\/uploads\\\/2026\\\/01\\\/Haber-Gorseli-83.jpg\",\"width\":1920,\"height\":1080,\"caption\":\"PPWR applies to all packaging placed on the EU market, regardless of whether it is produced within the EU or imported from third countries Image Source: Freepik\"},{\"@type\":\"BreadcrumbList\",\"@id\":\"https:\\\/\\\/www.textilegence.com\\\/en\\\/how-will-the-eu-packaging-and-packaging-waste-regulation-affect-exporters\\\/#breadcrumb\",\"itemListElement\":[{\"@type\":\"ListItem\",\"position\":1,\"name\":\"Home Page\",\"item\":\"https:\\\/\\\/www.textilegence.com\\\/en\\\/homepage-the-rimont\\\/\"},{\"@type\":\"ListItem\",\"position\":2,\"name\":\"Packaging\",\"item\":\"https:\\\/\\\/www.textilegence.com\\\/en\\\/category\\\/packaging\\\/\"},{\"@type\":\"ListItem\",\"position\":3,\"name\":\"How will the EU Packaging and Packaging Waste Regulation affect exporters?\"}]},{\"@type\":\"WebSite\",\"@id\":\"https:\\\/\\\/www.textilegence.com\\\/en\\\/#website\",\"url\":\"https:\\\/\\\/www.textilegence.com\\\/en\\\/\",\"name\":\"Textilegence Magazine and Digital Platform\",\"description\":\"Textile News Center\",\"publisher\":{\"@id\":\"https:\\\/\\\/www.textilegence.com\\\/en\\\/#organization\"},\"potentialAction\":[{\"@type\":\"SearchAction\",\"target\":{\"@type\":\"EntryPoint\",\"urlTemplate\":\"https:\\\/\\\/www.textilegence.com\\\/en\\\/?s={search_term_string}\"},\"query-input\":{\"@type\":\"PropertyValueSpecification\",\"valueRequired\":true,\"valueName\":\"search_term_string\"}}],\"inLanguage\":\"en-US\"},{\"@type\":\"Organization\",\"@id\":\"https:\\\/\\\/www.textilegence.com\\\/en\\\/#organization\",\"name\":\"Textilegence Magazine and Digital Platform\",\"url\":\"https:\\\/\\\/www.textilegence.com\\\/en\\\/\",\"logo\":{\"@type\":\"ImageObject\",\"inLanguage\":\"en-US\",\"@id\":\"https:\\\/\\\/www.textilegence.com\\\/en\\\/#\\\/schema\\\/logo\\\/image\\\/\",\"url\":\"https:\\\/\\\/www.textilegence.com\\\/wp-content\\\/uploads\\\/2016\\\/11\\\/New_Retina_Logo_Textilegence.png\",\"contentUrl\":\"https:\\\/\\\/www.textilegence.com\\\/wp-content\\\/uploads\\\/2016\\\/11\\\/New_Retina_Logo_Textilegence.png\",\"width\":544,\"height\":180,\"caption\":\"Textilegence Magazine and Digital Platform\"},\"image\":{\"@id\":\"https:\\\/\\\/www.textilegence.com\\\/en\\\/#\\\/schema\\\/logo\\\/image\\\/\"},\"sameAs\":[\"https:\\\/\\\/www.facebook.com\\\/TextilegenceMagazine\",\"https:\\\/\\\/x.com\\\/textilegence\",\"https:\\\/\\\/www.instagram.com\\\/textilegence\\\/\",\"https:\\\/\\\/www.linkedin.com\\\/groups\\\/Textilegence-Magazine-Digital-Platform-4897253\",\"https:\\\/\\\/www.youtube.com\\\/user\\\/textilegence\"],\"description\":\"Textilegence is a magazine and digital platform established in 2013. It focuses on the textile industry and sub-segments. The platform provides news, articles, and updates on various aspects of the textile industry, including sustainability, technological advancements, and market trends.\",\"email\":\"editor@textilegence.com\",\"telephone\":\"+90 212 442 24 12\",\"legalName\":\"Textilegence Mag and Digital Platform\",\"foundingDate\":\"2013-01-01\",\"numberOfEmployees\":{\"@type\":\"QuantitativeValue\",\"minValue\":\"1\",\"maxValue\":\"10\"}},{\"@type\":\"Person\",\"@id\":\"https:\\\/\\\/www.textilegence.com\\\/en\\\/#\\\/schema\\\/person\\\/cfa6baf17f0478131c673c93a9b88ef3\",\"name\":\"Ya\u011fmur Melis \u015eim\u015fek\",\"image\":{\"@type\":\"ImageObject\",\"inLanguage\":\"en-US\",\"@id\":\"https:\\\/\\\/www.textilegence.com\\\/wp-content\\\/uploads\\\/2022\\\/03\\\/Yagmur_photo1.jpg\",\"url\":\"https:\\\/\\\/www.textilegence.com\\\/wp-content\\\/uploads\\\/2022\\\/03\\\/Yagmur_photo1.jpg\",\"contentUrl\":\"https:\\\/\\\/www.textilegence.com\\\/wp-content\\\/uploads\\\/2022\\\/03\\\/Yagmur_photo1.jpg\",\"caption\":\"Ya\u011fmur Melis \u015eim\u015fek\"},\"description\":\"Ya\u011fmur Melis \u015eim\u015fek, Saint-Beno\u00eet Frans\u0131z Lisesi\u2019nde e\u011fitim g\u00f6rm\u00fc\u015f, ard\u0131ndan Anadolu \u00dcniversitesi\u2019nde iki y\u0131ll\u0131k Foto\u011fraf\u00e7\u0131l\u0131k B\u00f6l\u00fcm\u00fc\u2019n\u00fc tamamlam\u0131\u015ft\u0131r. Daha sonra lisans e\u011fitimini \u0130stanbul \u00dcniversitesi Gazetecilik B\u00f6l\u00fcm\u00fc\u2019nde s\u00fcrd\u00fcrm\u00fc\u015f, mezuniyetin ard\u0131ndan ise 2017 y\u0131l\u0131nda i\u015f hayat\u0131na at\u0131lm\u0131\u015ft\u0131r. Pek \u00e7ok farkl\u0131 projede, foto\u011fraf\u00e7\u0131l\u0131k ve grafik tasar\u0131mc\u0131l\u0131\u011f\u0131n yan\u0131 s\u0131ra teknoloji alan\u0131nda i\u00e7erik ve haber yazarl\u0131\u011f\u0131 gibi \u00e7e\u015fitli pozisyonlarda yer alan \u015eim\u015fek, 2021 y\u0131l\u0131ndan bu yana Textilegence\u2019da d\u0131\u015f haberlerde yard\u0131mc\u0131 edit\u00f6r olarak g\u00f6rev yapmaktad\u0131r.\",\"sameAs\":[\"https:\\\/\\\/www.textilegence.com\\\/\",\"https:\\\/\\\/www.facebook.com\\\/TextilegenceMagazine\",\"https:\\\/\\\/www.instagram.com\\\/textilegence\\\/\",\"https:\\\/\\\/www.linkedin.com\\\/company\\\/2985016\",\"https:\\\/\\\/x.com\\\/https:\\\/\\\/twitter.com\\\/textilegence\",\"https:\\\/\\\/www.youtube.com\\\/channel\\\/UCgtcny5ljhiXu-yvOiAlpRA\"],\"url\":\"https:\\\/\\\/www.textilegence.com\\\/en\\\/author\\\/yms\\\/\"}]}<\/script>\n<!-- \/ Yoast SEO Premium plugin. -->","yoast_head_json":{"title":"How will the EU Packaging and Packaging Waste Regulation affect exporters? - Textilegence","description":"Prepared as part of the European Union\u2019s efforts to reduce packaging waste and strengthen its circular economy objectives, the Packaging...","robots":{"index":"index","follow":"follow","max-snippet":"max-snippet:-1","max-image-preview":"max-image-preview:large","max-video-preview":"max-video-preview:-1"},"canonical":"https:\/\/www.textilegence.com\/en\/how-will-the-eu-packaging-and-packaging-waste-regulation-affect-exporters\/","og_locale":"en_US","og_type":"article","og_title":"How will the EU Packaging and Packaging Waste Regulation affect exporters?","og_description":"Prepared as part of the European Union\u2019s efforts to reduce packaging waste and strengthen its circular economy objectives, the Packaging and Packaging","og_url":"https:\/\/www.textilegence.com\/en\/how-will-the-eu-packaging-and-packaging-waste-regulation-affect-exporters\/","og_site_name":"Textilegence Magazine and Digital Platform","article_publisher":"https:\/\/www.facebook.com\/TextilegenceMagazine","article_author":"https:\/\/www.facebook.com\/TextilegenceMagazine","article_published_time":"2026-01-27T12:19:00+00:00","article_modified_time":"2026-01-27T17:35:15+00:00","og_image":[{"width":1920,"height":1080,"url":"https:\/\/www.textilegence.com\/wp-content\/uploads\/2026\/01\/Haber-Gorseli-83.jpg","type":"image\/jpeg"}],"author":"Ya\u011fmur Melis \u015eim\u015fek","twitter_card":"summary_large_image","twitter_creator":"@https:\/\/twitter.com\/textilegence","twitter_site":"@textilegence","twitter_misc":{"Written by":"Ya\u011fmur Melis \u015eim\u015fek","Est. reading time":"5 minutes"},"schema":{"@context":"https:\/\/schema.org","@graph":[{"@type":"NewsArticle","@id":"https:\/\/www.textilegence.com\/en\/how-will-the-eu-packaging-and-packaging-waste-regulation-affect-exporters\/#article","isPartOf":{"@id":"https:\/\/www.textilegence.com\/en\/how-will-the-eu-packaging-and-packaging-waste-regulation-affect-exporters\/"},"author":{"name":"Ya\u011fmur Melis \u015eim\u015fek","@id":"https:\/\/www.textilegence.com\/en\/#\/schema\/person\/cfa6baf17f0478131c673c93a9b88ef3"},"headline":"How will the EU Packaging and Packaging Waste Regulation affect exporters?","datePublished":"2026-01-27T12:19:00+00:00","dateModified":"2026-01-27T17:35:15+00:00","mainEntityOfPage":{"@id":"https:\/\/www.textilegence.com\/en\/how-will-the-eu-packaging-and-packaging-waste-regulation-affect-exporters\/"},"wordCount":690,"publisher":{"@id":"https:\/\/www.textilegence.com\/en\/#organization"},"image":{"@id":"https:\/\/www.textilegence.com\/en\/how-will-the-eu-packaging-and-packaging-waste-regulation-affect-exporters\/#primaryimage"},"thumbnailUrl":"https:\/\/www.textilegence.com\/wp-content\/uploads\/2026\/01\/Haber-Gorseli-83.jpg","keywords":["circular packaging","european market","european union","exports","packaging","packaging waste","textile news"],"articleSection":["Packaging"],"inLanguage":"en-US"},{"@type":"WebPage","@id":"https:\/\/www.textilegence.com\/en\/how-will-the-eu-packaging-and-packaging-waste-regulation-affect-exporters\/","url":"https:\/\/www.textilegence.com\/en\/how-will-the-eu-packaging-and-packaging-waste-regulation-affect-exporters\/","name":"How will the EU Packaging and Packaging Waste Regulation affect exporters? - Textilegence","isPartOf":{"@id":"https:\/\/www.textilegence.com\/en\/#website"},"primaryImageOfPage":{"@id":"https:\/\/www.textilegence.com\/en\/how-will-the-eu-packaging-and-packaging-waste-regulation-affect-exporters\/#primaryimage"},"image":{"@id":"https:\/\/www.textilegence.com\/en\/how-will-the-eu-packaging-and-packaging-waste-regulation-affect-exporters\/#primaryimage"},"thumbnailUrl":"https:\/\/www.textilegence.com\/wp-content\/uploads\/2026\/01\/Haber-Gorseli-83.jpg","datePublished":"2026-01-27T12:19:00+00:00","dateModified":"2026-01-27T17:35:15+00:00","description":"Prepared as part of the European Union\u2019s efforts to reduce packaging waste and strengthen its circular economy objectives, the Packaging...","breadcrumb":{"@id":"https:\/\/www.textilegence.com\/en\/how-will-the-eu-packaging-and-packaging-waste-regulation-affect-exporters\/#breadcrumb"},"inLanguage":"en-US","potentialAction":[{"@type":"ReadAction","target":["https:\/\/www.textilegence.com\/en\/how-will-the-eu-packaging-and-packaging-waste-regulation-affect-exporters\/"]}]},{"@type":"ImageObject","inLanguage":"en-US","@id":"https:\/\/www.textilegence.com\/en\/how-will-the-eu-packaging-and-packaging-waste-regulation-affect-exporters\/#primaryimage","url":"https:\/\/www.textilegence.com\/wp-content\/uploads\/2026\/01\/Haber-Gorseli-83.jpg","contentUrl":"https:\/\/www.textilegence.com\/wp-content\/uploads\/2026\/01\/Haber-Gorseli-83.jpg","width":1920,"height":1080,"caption":"PPWR applies to all packaging placed on the EU market, regardless of whether it is produced within the EU or imported from third countries Image Source: Freepik"},{"@type":"BreadcrumbList","@id":"https:\/\/www.textilegence.com\/en\/how-will-the-eu-packaging-and-packaging-waste-regulation-affect-exporters\/#breadcrumb","itemListElement":[{"@type":"ListItem","position":1,"name":"Home Page","item":"https:\/\/www.textilegence.com\/en\/homepage-the-rimont\/"},{"@type":"ListItem","position":2,"name":"Packaging","item":"https:\/\/www.textilegence.com\/en\/category\/packaging\/"},{"@type":"ListItem","position":3,"name":"How will the EU Packaging and Packaging Waste Regulation affect exporters?"}]},{"@type":"WebSite","@id":"https:\/\/www.textilegence.com\/en\/#website","url":"https:\/\/www.textilegence.com\/en\/","name":"Textilegence Magazine and Digital Platform","description":"Textile News Center","publisher":{"@id":"https:\/\/www.textilegence.com\/en\/#organization"},"potentialAction":[{"@type":"SearchAction","target":{"@type":"EntryPoint","urlTemplate":"https:\/\/www.textilegence.com\/en\/?s={search_term_string}"},"query-input":{"@type":"PropertyValueSpecification","valueRequired":true,"valueName":"search_term_string"}}],"inLanguage":"en-US"},{"@type":"Organization","@id":"https:\/\/www.textilegence.com\/en\/#organization","name":"Textilegence Magazine and Digital Platform","url":"https:\/\/www.textilegence.com\/en\/","logo":{"@type":"ImageObject","inLanguage":"en-US","@id":"https:\/\/www.textilegence.com\/en\/#\/schema\/logo\/image\/","url":"https:\/\/www.textilegence.com\/wp-content\/uploads\/2016\/11\/New_Retina_Logo_Textilegence.png","contentUrl":"https:\/\/www.textilegence.com\/wp-content\/uploads\/2016\/11\/New_Retina_Logo_Textilegence.png","width":544,"height":180,"caption":"Textilegence Magazine and Digital Platform"},"image":{"@id":"https:\/\/www.textilegence.com\/en\/#\/schema\/logo\/image\/"},"sameAs":["https:\/\/www.facebook.com\/TextilegenceMagazine","https:\/\/x.com\/textilegence","https:\/\/www.instagram.com\/textilegence\/","https:\/\/www.linkedin.com\/groups\/Textilegence-Magazine-Digital-Platform-4897253","https:\/\/www.youtube.com\/user\/textilegence"],"description":"Textilegence is a magazine and digital platform established in 2013. It focuses on the textile industry and sub-segments. The platform provides news, articles, and updates on various aspects of the textile industry, including sustainability, technological advancements, and market trends.","email":"editor@textilegence.com","telephone":"+90 212 442 24 12","legalName":"Textilegence Mag and Digital Platform","foundingDate":"2013-01-01","numberOfEmployees":{"@type":"QuantitativeValue","minValue":"1","maxValue":"10"}},{"@type":"Person","@id":"https:\/\/www.textilegence.com\/en\/#\/schema\/person\/cfa6baf17f0478131c673c93a9b88ef3","name":"Ya\u011fmur Melis \u015eim\u015fek","image":{"@type":"ImageObject","inLanguage":"en-US","@id":"https:\/\/www.textilegence.com\/wp-content\/uploads\/2022\/03\/Yagmur_photo1.jpg","url":"https:\/\/www.textilegence.com\/wp-content\/uploads\/2022\/03\/Yagmur_photo1.jpg","contentUrl":"https:\/\/www.textilegence.com\/wp-content\/uploads\/2022\/03\/Yagmur_photo1.jpg","caption":"Ya\u011fmur Melis \u015eim\u015fek"},"description":"Ya\u011fmur Melis \u015eim\u015fek, Saint-Beno\u00eet Frans\u0131z Lisesi\u2019nde e\u011fitim g\u00f6rm\u00fc\u015f, ard\u0131ndan Anadolu \u00dcniversitesi\u2019nde iki y\u0131ll\u0131k Foto\u011fraf\u00e7\u0131l\u0131k B\u00f6l\u00fcm\u00fc\u2019n\u00fc tamamlam\u0131\u015ft\u0131r. Daha sonra lisans e\u011fitimini \u0130stanbul \u00dcniversitesi Gazetecilik B\u00f6l\u00fcm\u00fc\u2019nde s\u00fcrd\u00fcrm\u00fc\u015f, mezuniyetin ard\u0131ndan ise 2017 y\u0131l\u0131nda i\u015f hayat\u0131na at\u0131lm\u0131\u015ft\u0131r. Pek \u00e7ok farkl\u0131 projede, foto\u011fraf\u00e7\u0131l\u0131k ve grafik tasar\u0131mc\u0131l\u0131\u011f\u0131n yan\u0131 s\u0131ra teknoloji alan\u0131nda i\u00e7erik ve haber yazarl\u0131\u011f\u0131 gibi \u00e7e\u015fitli pozisyonlarda yer alan \u015eim\u015fek, 2021 y\u0131l\u0131ndan bu yana Textilegence\u2019da d\u0131\u015f haberlerde yard\u0131mc\u0131 edit\u00f6r olarak g\u00f6rev yapmaktad\u0131r.","sameAs":["https:\/\/www.textilegence.com\/","https:\/\/www.facebook.com\/TextilegenceMagazine","https:\/\/www.instagram.com\/textilegence\/","https:\/\/www.linkedin.com\/company\/2985016","https:\/\/x.com\/https:\/\/twitter.com\/textilegence","https:\/\/www.youtube.com\/channel\/UCgtcny5ljhiXu-yvOiAlpRA"],"url":"https:\/\/www.textilegence.com\/en\/author\/yms\/"}]}},"_links":{"self":[{"href":"https:\/\/www.textilegence.com\/en\/wp-json\/wp\/v2\/posts\/63625","targetHints":{"allow":["GET"]}}],"collection":[{"href":"https:\/\/www.textilegence.com\/en\/wp-json\/wp\/v2\/posts"}],"about":[{"href":"https:\/\/www.textilegence.com\/en\/wp-json\/wp\/v2\/types\/post"}],"author":[{"embeddable":true,"href":"https:\/\/www.textilegence.com\/en\/wp-json\/wp\/v2\/users\/26"}],"replies":[{"embeddable":true,"href":"https:\/\/www.textilegence.com\/en\/wp-json\/wp\/v2\/comments?post=63625"}],"version-history":[{"count":0,"href":"https:\/\/www.textilegence.com\/en\/wp-json\/wp\/v2\/posts\/63625\/revisions"}],"wp:featuredmedia":[{"embeddable":true,"href":"https:\/\/www.textilegence.com\/en\/wp-json\/wp\/v2\/media\/63624"}],"wp:attachment":[{"href":"https:\/\/www.textilegence.com\/en\/wp-json\/wp\/v2\/media?parent=63625"}],"wp:term":[{"taxonomy":"category","embeddable":true,"href":"https:\/\/www.textilegence.com\/en\/wp-json\/wp\/v2\/categories?post=63625"},{"taxonomy":"post_tag","embeddable":true,"href":"https:\/\/www.textilegence.com\/en\/wp-json\/wp\/v2\/tags?post=63625"}],"curies":[{"name":"wp","href":"https:\/\/api.w.org\/{rel}","templated":true}]}}