{"id":63911,"date":"2026-03-12T15:14:24","date_gmt":"2026-03-12T12:14:24","guid":{"rendered":"https:\/\/www.textilegence.com\/?p=63911"},"modified":"2026-03-12T15:14:30","modified_gmt":"2026-03-12T12:14:30","slug":"omafil-expands-its-production-base-in-tokat","status":"publish","type":"post","link":"https:\/\/www.textilegence.com\/en\/omafil-expands-its-production-base-in-tokat\/","title":{"rendered":"OMAFIL expands its production base in Tokat"},"content":{"rendered":"\n<p>Yarn <a href=\"https:\/\/www.omatekstil.com\" target=\"_blank\" rel=\"noreferrer noopener\">manufacturer<\/a> OMA Polimer A.\u015e. \u2013 OMAFIL held the official opening ceremony of its new production facility established in the Erbaa Organized Industrial Zone in Tokat on March 10. Producing for sectors such as socks, narrow weaving, weaving, medical textiles and seamless, the company will manufacture 9,000 tons of POY and 3,000 tons of FDY <a href=\"https:\/\/www.textilegence.com\/en\/category\/topical\/\" target=\"_blank\" rel=\"noreferrer noopener\">yarn<\/a> annually at the plant with the new investment.<\/p>\n\n\n\n<p>\u201cWith the POY and FDY yarns we produce today, we aim not only to meet the needs of the domestic market but also to become a strong player in global markets,\u201d said OMAFIL Chairman and ASKON President Orhan Ayd\u0131n, adding that they will continue to work with all their strength to bring the Turkish textile industry to the level it deserves through a value-added production approach.<\/p>\n\n\n\n<p>OMAFIL established its own production facility with an operational space of 9,000 m\u00b2 in 2013 to produce covered gimped yarn (twisted with elastane). In March 2021, the company launched a new investment in Tokat\u2013Erbaa with a total area of 50,000 m\u00b2. The first phase of this investment \u2013 a 15,000 m\u00b2 production facility \u2013 was recorded as the largest gimped yarn plant in Europe in its field.<\/p>\n\n\n\n<p>Speaking at the opening ceremony of the new production facility, Minister of Trade \u00d6mer Bolat underlined that they learned industrialism through the food and textile industries, stating: \u201cThe textile industry in T\u00fcrkiye has a history of 130\u2013140 years. With this industry, we opened up to global markets, got to know markets around the world and succeeded in marketing our branded products such as Turkish textiles, Turkish fabrics, Turkish apparel, Turkish carpets and Turkish bedding to the world. Last year, our total exports of apparel, carpets and home textiles reached nearly 31 billion dollars. This accounts for 11 percent of our 273.5 billion dollars in total goods exports.\u201d<\/p>\n\n\n\n<h2 class=\"wp-block-heading\" id=\"h-employment-for-300-people-in-erbaa\">Employment for 300 people in Erbaa<\/h2>\n\n\n\n<p>Minister Bolat also visited Bozkurt Tekstil, another company operating in Tokat, and received information about its new investments.<\/p>\n\n\n\n<p>Emphasizing that factory openings are taking place while wars continue around the world, Bolat said: \u201cToday we are inaugurating two textile factories. On behalf of our country, our government, and myself, I would like to express our gratitude to the two esteemed families making these investments. They are stepping up and making these investments with their own resources if available, or through external financing when needed.\u201d He added that these investments will provide employment for 300 people in Erbaa.<\/p>\n","protected":false},"excerpt":{"rendered":"<p>Yarn manufacturer OMA Polimer A.\u015e. \u2013 OMAFIL held the official opening ceremony of its new production facility established in the Erbaa Organized Industrial Zone in Tokat on March 10. Producing for sectors such as socks, narrow weaving, weaving, medical textiles and seamless, the company will manufacture 9,000 tons of POY and 3,000 tons of FDY [&hellip;]<\/p>\n","protected":false},"author":8,"featured_media":63910,"comment_status":"closed","ping_status":"closed","sticky":false,"template":"","format":"standard","meta":{"footnotes":""},"categories":[9859],"tags":[10775,10369,10242],"class_list":{"0":"post-63911","1":"post","2":"type-post","3":"status-publish","4":"format-standard","5":"has-post-thumbnail","7":"category-topical","8":"tag-textile-investment","9":"tag-textile-news-en","10":"tag-yarn"},"yoast_head":"<!-- This site is optimized with the Yoast SEO Premium plugin v27.3 (Yoast SEO v27.3) - https:\/\/yoast.com\/product\/yoast-seo-premium-wordpress\/ -->\n<title>OMAFIL expands its production base in Tokat - Textilegence<\/title>\n<meta name=\"description\" content=\"Yarn manufacturer OMA Polimer A.\u015e. \u2013 OMAFIL held the official opening ceremony of its new production facility established in the...\" \/>\n<meta name=\"robots\" content=\"index, follow, max-snippet:-1, max-image-preview:large, max-video-preview:-1\" \/>\n<link rel=\"canonical\" href=\"https:\/\/www.textilegence.com\/en\/omafil-expands-its-production-base-in-tokat\/\" \/>\n<meta property=\"og:locale\" content=\"en_US\" \/>\n<meta property=\"og:type\" content=\"article\" \/>\n<meta property=\"og:title\" content=\"OMAFIL expands its production base in Tokat\" \/>\n<meta property=\"og:description\" content=\"Yarn manufacturer OMA Polimer A.\u015e. \u2013 OMAFIL held the official opening ceremony of its new production facility established in the Erbaa Organized\" \/>\n<meta property=\"og:url\" content=\"https:\/\/www.textilegence.com\/en\/omafil-expands-its-production-base-in-tokat\/\" \/>\n<meta property=\"og:site_name\" content=\"Textilegence Magazine and Digital Platform\" \/>\n<meta property=\"article:publisher\" content=\"https:\/\/www.facebook.com\/TextilegenceMagazine\" \/>\n<meta property=\"article:author\" content=\"https:\/\/www.facebook.com\/TextilegenceMagazine\" \/>\n<meta property=\"article:published_time\" content=\"2026-03-12T12:14:24+00:00\" \/>\n<meta property=\"article:modified_time\" content=\"2026-03-12T12:14:30+00:00\" \/>\n<meta property=\"og:image\" content=\"https:\/\/www.textilegence.com\/wp-content\/uploads\/2026\/03\/Haber-Gorseli-112.jpg\" \/>\n\t<meta property=\"og:image:width\" content=\"1920\" \/>\n\t<meta property=\"og:image:height\" content=\"1080\" \/>\n\t<meta property=\"og:image:type\" content=\"image\/jpeg\" \/>\n<meta name=\"author\" content=\"Fatih Cengiarslan\" \/>\n<meta name=\"twitter:card\" content=\"summary_large_image\" \/>\n<meta name=\"twitter:creator\" content=\"@https:\/\/twitter.com\/textilegence\" \/>\n<meta name=\"twitter:site\" content=\"@textilegence\" \/>\n<meta name=\"twitter:label1\" content=\"Written by\" \/>\n\t<meta name=\"twitter:data1\" content=\"Fatih Cengiarslan\" \/>\n\t<meta name=\"twitter:label2\" content=\"Est. reading time\" \/>\n\t<meta name=\"twitter:data2\" content=\"3 minutes\" \/>\n<script type=\"application\/ld+json\" class=\"yoast-schema-graph\">{\"@context\":\"https:\\\/\\\/schema.org\",\"@graph\":[{\"@type\":\"NewsArticle\",\"@id\":\"https:\\\/\\\/www.textilegence.com\\\/en\\\/omafil-expands-its-production-base-in-tokat\\\/#article\",\"isPartOf\":{\"@id\":\"https:\\\/\\\/www.textilegence.com\\\/en\\\/omafil-expands-its-production-base-in-tokat\\\/\"},\"author\":{\"name\":\"Fatih Cengiarslan\",\"@id\":\"https:\\\/\\\/www.textilegence.com\\\/en\\\/#\\\/schema\\\/person\\\/1c3977109f8a6e1e2b95678836d75cb7\"},\"headline\":\"OMAFIL expands its production base in Tokat\",\"datePublished\":\"2026-03-12T12:14:24+00:00\",\"dateModified\":\"2026-03-12T12:14:30+00:00\",\"mainEntityOfPage\":{\"@id\":\"https:\\\/\\\/www.textilegence.com\\\/en\\\/omafil-expands-its-production-base-in-tokat\\\/\"},\"wordCount\":400,\"publisher\":{\"@id\":\"https:\\\/\\\/www.textilegence.com\\\/en\\\/#organization\"},\"image\":{\"@id\":\"https:\\\/\\\/www.textilegence.com\\\/en\\\/omafil-expands-its-production-base-in-tokat\\\/#primaryimage\"},\"thumbnailUrl\":\"https:\\\/\\\/www.textilegence.com\\\/wp-content\\\/uploads\\\/2026\\\/03\\\/Haber-Gorseli-112.jpg\",\"keywords\":[\"textile investment\",\"textile news\",\"yarn\"],\"articleSection\":[\"Topical\"],\"inLanguage\":\"en-US\"},{\"@type\":\"WebPage\",\"@id\":\"https:\\\/\\\/www.textilegence.com\\\/en\\\/omafil-expands-its-production-base-in-tokat\\\/\",\"url\":\"https:\\\/\\\/www.textilegence.com\\\/en\\\/omafil-expands-its-production-base-in-tokat\\\/\",\"name\":\"OMAFIL expands its production base in Tokat - Textilegence\",\"isPartOf\":{\"@id\":\"https:\\\/\\\/www.textilegence.com\\\/en\\\/#website\"},\"primaryImageOfPage\":{\"@id\":\"https:\\\/\\\/www.textilegence.com\\\/en\\\/omafil-expands-its-production-base-in-tokat\\\/#primaryimage\"},\"image\":{\"@id\":\"https:\\\/\\\/www.textilegence.com\\\/en\\\/omafil-expands-its-production-base-in-tokat\\\/#primaryimage\"},\"thumbnailUrl\":\"https:\\\/\\\/www.textilegence.com\\\/wp-content\\\/uploads\\\/2026\\\/03\\\/Haber-Gorseli-112.jpg\",\"datePublished\":\"2026-03-12T12:14:24+00:00\",\"dateModified\":\"2026-03-12T12:14:30+00:00\",\"description\":\"Yarn manufacturer OMA Polimer A.\u015e. \u2013 OMAFIL held the official opening ceremony of its new production facility established in the...\",\"breadcrumb\":{\"@id\":\"https:\\\/\\\/www.textilegence.com\\\/en\\\/omafil-expands-its-production-base-in-tokat\\\/#breadcrumb\"},\"inLanguage\":\"en-US\",\"potentialAction\":[{\"@type\":\"ReadAction\",\"target\":[\"https:\\\/\\\/www.textilegence.com\\\/en\\\/omafil-expands-its-production-base-in-tokat\\\/\"]}]},{\"@type\":\"ImageObject\",\"inLanguage\":\"en-US\",\"@id\":\"https:\\\/\\\/www.textilegence.com\\\/en\\\/omafil-expands-its-production-base-in-tokat\\\/#primaryimage\",\"url\":\"https:\\\/\\\/www.textilegence.com\\\/wp-content\\\/uploads\\\/2026\\\/03\\\/Haber-Gorseli-112.jpg\",\"contentUrl\":\"https:\\\/\\\/www.textilegence.com\\\/wp-content\\\/uploads\\\/2026\\\/03\\\/Haber-Gorseli-112.jpg\",\"width\":1920,\"height\":1080,\"caption\":\"OMAFIL, which made its first investment in Tokat\u2013Erbaa in 2021, has brought a new production facility in the region online five years later Image Source: Ticaret Bakanl\u0131\u011f\u0131\"},{\"@type\":\"BreadcrumbList\",\"@id\":\"https:\\\/\\\/www.textilegence.com\\\/en\\\/omafil-expands-its-production-base-in-tokat\\\/#breadcrumb\",\"itemListElement\":[{\"@type\":\"ListItem\",\"position\":1,\"name\":\"Home Page\",\"item\":\"https:\\\/\\\/www.textilegence.com\\\/en\\\/homepage-the-rimont\\\/\"},{\"@type\":\"ListItem\",\"position\":2,\"name\":\"Topical\",\"item\":\"https:\\\/\\\/www.textilegence.com\\\/en\\\/category\\\/topical\\\/\"},{\"@type\":\"ListItem\",\"position\":3,\"name\":\"OMAFIL expands its production base in Tokat\"}]},{\"@type\":\"WebSite\",\"@id\":\"https:\\\/\\\/www.textilegence.com\\\/en\\\/#website\",\"url\":\"https:\\\/\\\/www.textilegence.com\\\/en\\\/\",\"name\":\"Textilegence Magazine and Digital Platform\",\"description\":\"Textile News Center\",\"publisher\":{\"@id\":\"https:\\\/\\\/www.textilegence.com\\\/en\\\/#organization\"},\"potentialAction\":[{\"@type\":\"SearchAction\",\"target\":{\"@type\":\"EntryPoint\",\"urlTemplate\":\"https:\\\/\\\/www.textilegence.com\\\/en\\\/?s={search_term_string}\"},\"query-input\":{\"@type\":\"PropertyValueSpecification\",\"valueRequired\":true,\"valueName\":\"search_term_string\"}}],\"inLanguage\":\"en-US\"},{\"@type\":\"Organization\",\"@id\":\"https:\\\/\\\/www.textilegence.com\\\/en\\\/#organization\",\"name\":\"Textilegence Magazine and Digital Platform\",\"url\":\"https:\\\/\\\/www.textilegence.com\\\/en\\\/\",\"logo\":{\"@type\":\"ImageObject\",\"inLanguage\":\"en-US\",\"@id\":\"https:\\\/\\\/www.textilegence.com\\\/en\\\/#\\\/schema\\\/logo\\\/image\\\/\",\"url\":\"https:\\\/\\\/www.textilegence.com\\\/wp-content\\\/uploads\\\/2016\\\/11\\\/New_Retina_Logo_Textilegence.png\",\"contentUrl\":\"https:\\\/\\\/www.textilegence.com\\\/wp-content\\\/uploads\\\/2016\\\/11\\\/New_Retina_Logo_Textilegence.png\",\"width\":544,\"height\":180,\"caption\":\"Textilegence Magazine and Digital Platform\"},\"image\":{\"@id\":\"https:\\\/\\\/www.textilegence.com\\\/en\\\/#\\\/schema\\\/logo\\\/image\\\/\"},\"sameAs\":[\"https:\\\/\\\/www.facebook.com\\\/TextilegenceMagazine\",\"https:\\\/\\\/x.com\\\/textilegence\",\"https:\\\/\\\/www.instagram.com\\\/textilegence\\\/\",\"https:\\\/\\\/www.linkedin.com\\\/groups\\\/Textilegence-Magazine-Digital-Platform-4897253\",\"https:\\\/\\\/www.youtube.com\\\/user\\\/textilegence\"],\"description\":\"Textilegence is a magazine and digital platform established in 2013. It focuses on the textile industry and sub-segments. The platform provides news, articles, and updates on various aspects of the textile industry, including sustainability, technological advancements, and market trends.\",\"email\":\"editor@textilegence.com\",\"telephone\":\"+90 212 442 24 12\",\"legalName\":\"Textilegence Mag and Digital Platform\",\"foundingDate\":\"2013-01-01\",\"numberOfEmployees\":{\"@type\":\"QuantitativeValue\",\"minValue\":\"1\",\"maxValue\":\"10\"}},{\"@type\":\"Person\",\"@id\":\"https:\\\/\\\/www.textilegence.com\\\/en\\\/#\\\/schema\\\/person\\\/1c3977109f8a6e1e2b95678836d75cb7\",\"name\":\"Fatih Cengiarslan\",\"image\":{\"@type\":\"ImageObject\",\"inLanguage\":\"en-US\",\"@id\":\"https:\\\/\\\/www.textilegence.com\\\/wp-content\\\/uploads\\\/2018\\\/12\\\/fatih-cengiarslan.jpg\",\"url\":\"https:\\\/\\\/www.textilegence.com\\\/wp-content\\\/uploads\\\/2018\\\/12\\\/fatih-cengiarslan.jpg\",\"contentUrl\":\"https:\\\/\\\/www.textilegence.com\\\/wp-content\\\/uploads\\\/2018\\\/12\\\/fatih-cengiarslan.jpg\",\"caption\":\"Fatih Cengiarslan\"},\"description\":\"Fatih Cengiarslan; Akademik \u0130ngilizce e\u011fitimini Bat\u0131 Avustralya \u00dcniversitesi\u2019nde tamamlad\u0131ktan sonra T\u00fcrkiye\u2019ye d\u00f6nerek \u0130stanbul Ayd\u0131n \u00dcniversitesi\u2019nde \u0130nternet Gazetecili\u011fi ve Yay\u0131nc\u0131l\u0131k b\u00f6l\u00fcm\u00fcn\u00fc bitirip, Litvanya \u2013 Kaunas Teknoloji \u00dcniversitesi\u2019nde interaktif media \u00fczerine 8 ayl\u0131k e\u011fitim ald\u0131. Daha sonra Eski\u015fehir Anadolu \u00dcniversitesi girerek \u0130\u015fletme Fak\u00fcltesini ba\u015far\u0131yla tamamlad\u0131. CNNTURK\u2019 kanal\u0131nda staj\u0131n\u0131 tamamlad\u0131ktan sonra Referans Gazetesi\u2019nde \u00e7al\u0131\u015fmaya ba\u015flad\u0131. 2 y\u0131l sonra Textilegence markas\u0131yla tekstil end\u00fcstrisine y\u00f6nelik kendi medyas\u0131n\u0131 kurdu. \u015eu anda Textilegence.com, Printing3D ve NEFA PR Ajans\u0131\u2019n\u0131n 12 y\u0131ld\u0131r y\u00f6netimini yapmaktad\u0131r.\",\"sameAs\":[\"https:\\\/\\\/www.textilegence.com\",\"https:\\\/\\\/www.facebook.com\\\/TextilegenceMagazine\",\"https:\\\/\\\/www.instagram.com\\\/textilegence\\\/\",\"https:\\\/\\\/www.linkedin.com\\\/in\\\/fatih-cengiarslan-32352265\\\/\",\"https:\\\/\\\/x.com\\\/https:\\\/\\\/twitter.com\\\/textilegence\"],\"url\":\"https:\\\/\\\/www.textilegence.com\\\/en\\\/author\\\/admin\\\/\"}]}<\/script>\n<!-- \/ Yoast SEO Premium plugin. -->","yoast_head_json":{"title":"OMAFIL expands its production base in Tokat - Textilegence","description":"Yarn manufacturer OMA Polimer A.\u015e. \u2013 OMAFIL held the official opening ceremony of its new production facility established in the...","robots":{"index":"index","follow":"follow","max-snippet":"max-snippet:-1","max-image-preview":"max-image-preview:large","max-video-preview":"max-video-preview:-1"},"canonical":"https:\/\/www.textilegence.com\/en\/omafil-expands-its-production-base-in-tokat\/","og_locale":"en_US","og_type":"article","og_title":"OMAFIL expands its production base in Tokat","og_description":"Yarn manufacturer OMA Polimer A.\u015e. \u2013 OMAFIL held the official opening ceremony of its new production facility established in the Erbaa Organized","og_url":"https:\/\/www.textilegence.com\/en\/omafil-expands-its-production-base-in-tokat\/","og_site_name":"Textilegence Magazine and Digital Platform","article_publisher":"https:\/\/www.facebook.com\/TextilegenceMagazine","article_author":"https:\/\/www.facebook.com\/TextilegenceMagazine","article_published_time":"2026-03-12T12:14:24+00:00","article_modified_time":"2026-03-12T12:14:30+00:00","og_image":[{"width":1920,"height":1080,"url":"https:\/\/www.textilegence.com\/wp-content\/uploads\/2026\/03\/Haber-Gorseli-112.jpg","type":"image\/jpeg"}],"author":"Fatih Cengiarslan","twitter_card":"summary_large_image","twitter_creator":"@https:\/\/twitter.com\/textilegence","twitter_site":"@textilegence","twitter_misc":{"Written by":"Fatih Cengiarslan","Est. reading time":"3 minutes"},"schema":{"@context":"https:\/\/schema.org","@graph":[{"@type":"NewsArticle","@id":"https:\/\/www.textilegence.com\/en\/omafil-expands-its-production-base-in-tokat\/#article","isPartOf":{"@id":"https:\/\/www.textilegence.com\/en\/omafil-expands-its-production-base-in-tokat\/"},"author":{"name":"Fatih Cengiarslan","@id":"https:\/\/www.textilegence.com\/en\/#\/schema\/person\/1c3977109f8a6e1e2b95678836d75cb7"},"headline":"OMAFIL expands its production base in Tokat","datePublished":"2026-03-12T12:14:24+00:00","dateModified":"2026-03-12T12:14:30+00:00","mainEntityOfPage":{"@id":"https:\/\/www.textilegence.com\/en\/omafil-expands-its-production-base-in-tokat\/"},"wordCount":400,"publisher":{"@id":"https:\/\/www.textilegence.com\/en\/#organization"},"image":{"@id":"https:\/\/www.textilegence.com\/en\/omafil-expands-its-production-base-in-tokat\/#primaryimage"},"thumbnailUrl":"https:\/\/www.textilegence.com\/wp-content\/uploads\/2026\/03\/Haber-Gorseli-112.jpg","keywords":["textile investment","textile news","yarn"],"articleSection":["Topical"],"inLanguage":"en-US"},{"@type":"WebPage","@id":"https:\/\/www.textilegence.com\/en\/omafil-expands-its-production-base-in-tokat\/","url":"https:\/\/www.textilegence.com\/en\/omafil-expands-its-production-base-in-tokat\/","name":"OMAFIL expands its production base in Tokat - Textilegence","isPartOf":{"@id":"https:\/\/www.textilegence.com\/en\/#website"},"primaryImageOfPage":{"@id":"https:\/\/www.textilegence.com\/en\/omafil-expands-its-production-base-in-tokat\/#primaryimage"},"image":{"@id":"https:\/\/www.textilegence.com\/en\/omafil-expands-its-production-base-in-tokat\/#primaryimage"},"thumbnailUrl":"https:\/\/www.textilegence.com\/wp-content\/uploads\/2026\/03\/Haber-Gorseli-112.jpg","datePublished":"2026-03-12T12:14:24+00:00","dateModified":"2026-03-12T12:14:30+00:00","description":"Yarn manufacturer OMA Polimer A.\u015e. \u2013 OMAFIL held the official opening ceremony of its new production facility established in the...","breadcrumb":{"@id":"https:\/\/www.textilegence.com\/en\/omafil-expands-its-production-base-in-tokat\/#breadcrumb"},"inLanguage":"en-US","potentialAction":[{"@type":"ReadAction","target":["https:\/\/www.textilegence.com\/en\/omafil-expands-its-production-base-in-tokat\/"]}]},{"@type":"ImageObject","inLanguage":"en-US","@id":"https:\/\/www.textilegence.com\/en\/omafil-expands-its-production-base-in-tokat\/#primaryimage","url":"https:\/\/www.textilegence.com\/wp-content\/uploads\/2026\/03\/Haber-Gorseli-112.jpg","contentUrl":"https:\/\/www.textilegence.com\/wp-content\/uploads\/2026\/03\/Haber-Gorseli-112.jpg","width":1920,"height":1080,"caption":"OMAFIL, which made its first investment in Tokat\u2013Erbaa in 2021, has brought a new production facility in the region online five years later Image Source: Ticaret Bakanl\u0131\u011f\u0131"},{"@type":"BreadcrumbList","@id":"https:\/\/www.textilegence.com\/en\/omafil-expands-its-production-base-in-tokat\/#breadcrumb","itemListElement":[{"@type":"ListItem","position":1,"name":"Home Page","item":"https:\/\/www.textilegence.com\/en\/homepage-the-rimont\/"},{"@type":"ListItem","position":2,"name":"Topical","item":"https:\/\/www.textilegence.com\/en\/category\/topical\/"},{"@type":"ListItem","position":3,"name":"OMAFIL expands its production base in Tokat"}]},{"@type":"WebSite","@id":"https:\/\/www.textilegence.com\/en\/#website","url":"https:\/\/www.textilegence.com\/en\/","name":"Textilegence Magazine and Digital Platform","description":"Textile News Center","publisher":{"@id":"https:\/\/www.textilegence.com\/en\/#organization"},"potentialAction":[{"@type":"SearchAction","target":{"@type":"EntryPoint","urlTemplate":"https:\/\/www.textilegence.com\/en\/?s={search_term_string}"},"query-input":{"@type":"PropertyValueSpecification","valueRequired":true,"valueName":"search_term_string"}}],"inLanguage":"en-US"},{"@type":"Organization","@id":"https:\/\/www.textilegence.com\/en\/#organization","name":"Textilegence Magazine and Digital Platform","url":"https:\/\/www.textilegence.com\/en\/","logo":{"@type":"ImageObject","inLanguage":"en-US","@id":"https:\/\/www.textilegence.com\/en\/#\/schema\/logo\/image\/","url":"https:\/\/www.textilegence.com\/wp-content\/uploads\/2016\/11\/New_Retina_Logo_Textilegence.png","contentUrl":"https:\/\/www.textilegence.com\/wp-content\/uploads\/2016\/11\/New_Retina_Logo_Textilegence.png","width":544,"height":180,"caption":"Textilegence Magazine and Digital Platform"},"image":{"@id":"https:\/\/www.textilegence.com\/en\/#\/schema\/logo\/image\/"},"sameAs":["https:\/\/www.facebook.com\/TextilegenceMagazine","https:\/\/x.com\/textilegence","https:\/\/www.instagram.com\/textilegence\/","https:\/\/www.linkedin.com\/groups\/Textilegence-Magazine-Digital-Platform-4897253","https:\/\/www.youtube.com\/user\/textilegence"],"description":"Textilegence is a magazine and digital platform established in 2013. It focuses on the textile industry and sub-segments. The platform provides news, articles, and updates on various aspects of the textile industry, including sustainability, technological advancements, and market trends.","email":"editor@textilegence.com","telephone":"+90 212 442 24 12","legalName":"Textilegence Mag and Digital Platform","foundingDate":"2013-01-01","numberOfEmployees":{"@type":"QuantitativeValue","minValue":"1","maxValue":"10"}},{"@type":"Person","@id":"https:\/\/www.textilegence.com\/en\/#\/schema\/person\/1c3977109f8a6e1e2b95678836d75cb7","name":"Fatih Cengiarslan","image":{"@type":"ImageObject","inLanguage":"en-US","@id":"https:\/\/www.textilegence.com\/wp-content\/uploads\/2018\/12\/fatih-cengiarslan.jpg","url":"https:\/\/www.textilegence.com\/wp-content\/uploads\/2018\/12\/fatih-cengiarslan.jpg","contentUrl":"https:\/\/www.textilegence.com\/wp-content\/uploads\/2018\/12\/fatih-cengiarslan.jpg","caption":"Fatih Cengiarslan"},"description":"Fatih Cengiarslan; Akademik \u0130ngilizce e\u011fitimini Bat\u0131 Avustralya \u00dcniversitesi\u2019nde tamamlad\u0131ktan sonra T\u00fcrkiye\u2019ye d\u00f6nerek \u0130stanbul Ayd\u0131n \u00dcniversitesi\u2019nde \u0130nternet Gazetecili\u011fi ve Yay\u0131nc\u0131l\u0131k b\u00f6l\u00fcm\u00fcn\u00fc bitirip, Litvanya \u2013 Kaunas Teknoloji \u00dcniversitesi\u2019nde interaktif media \u00fczerine 8 ayl\u0131k e\u011fitim ald\u0131. Daha sonra Eski\u015fehir Anadolu \u00dcniversitesi girerek \u0130\u015fletme Fak\u00fcltesini ba\u015far\u0131yla tamamlad\u0131. CNNTURK\u2019 kanal\u0131nda staj\u0131n\u0131 tamamlad\u0131ktan sonra Referans Gazetesi\u2019nde \u00e7al\u0131\u015fmaya ba\u015flad\u0131. 2 y\u0131l sonra Textilegence markas\u0131yla tekstil end\u00fcstrisine y\u00f6nelik kendi medyas\u0131n\u0131 kurdu. \u015eu anda Textilegence.com, Printing3D ve NEFA PR Ajans\u0131\u2019n\u0131n 12 y\u0131ld\u0131r y\u00f6netimini yapmaktad\u0131r.","sameAs":["https:\/\/www.textilegence.com","https:\/\/www.facebook.com\/TextilegenceMagazine","https:\/\/www.instagram.com\/textilegence\/","https:\/\/www.linkedin.com\/in\/fatih-cengiarslan-32352265\/","https:\/\/x.com\/https:\/\/twitter.com\/textilegence"],"url":"https:\/\/www.textilegence.com\/en\/author\/admin\/"}]}},"_links":{"self":[{"href":"https:\/\/www.textilegence.com\/en\/wp-json\/wp\/v2\/posts\/63911","targetHints":{"allow":["GET"]}}],"collection":[{"href":"https:\/\/www.textilegence.com\/en\/wp-json\/wp\/v2\/posts"}],"about":[{"href":"https:\/\/www.textilegence.com\/en\/wp-json\/wp\/v2\/types\/post"}],"author":[{"embeddable":true,"href":"https:\/\/www.textilegence.com\/en\/wp-json\/wp\/v2\/users\/8"}],"replies":[{"embeddable":true,"href":"https:\/\/www.textilegence.com\/en\/wp-json\/wp\/v2\/comments?post=63911"}],"version-history":[{"count":2,"href":"https:\/\/www.textilegence.com\/en\/wp-json\/wp\/v2\/posts\/63911\/revisions"}],"predecessor-version":[{"id":63914,"href":"https:\/\/www.textilegence.com\/en\/wp-json\/wp\/v2\/posts\/63911\/revisions\/63914"}],"wp:featuredmedia":[{"embeddable":true,"href":"https:\/\/www.textilegence.com\/en\/wp-json\/wp\/v2\/media\/63910"}],"wp:attachment":[{"href":"https:\/\/www.textilegence.com\/en\/wp-json\/wp\/v2\/media?parent=63911"}],"wp:term":[{"taxonomy":"category","embeddable":true,"href":"https:\/\/www.textilegence.com\/en\/wp-json\/wp\/v2\/categories?post=63911"},{"taxonomy":"post_tag","embeddable":true,"href":"https:\/\/www.textilegence.com\/en\/wp-json\/wp\/v2\/tags?post=63911"}],"curies":[{"name":"wp","href":"https:\/\/api.w.org\/{rel}","templated":true}]}}