{"id":64189,"date":"2026-04-24T17:07:40","date_gmt":"2026-04-24T14:07:40","guid":{"rendered":"https:\/\/www.textilegence.com\/?p=64189"},"modified":"2026-04-24T17:07:45","modified_gmt":"2026-04-24T14:07:45","slug":"president-sisman-flame-retardant-fabrics-should-be-made-mandatory-in-public-spaces","status":"publish","type":"post","link":"https:\/\/www.textilegence.com\/en\/president-sisman-flame-retardant-fabrics-should-be-made-mandatory-in-public-spaces\/","title":{"rendered":"President \u015ei\u015fman: \u201cFlame-retardant fabrics should be made mandatory in public spaces\u201d"},"content":{"rendered":"\n<p>The Turkish <a href=\"https:\/\/www.textilegence.com\/en\/category\/technical-textiles\/\" target=\"_blank\" rel=\"noreferrer noopener\">technical textiles<\/a> sector, which demonstrated a strong presence at Techtextil Frankfurt 2026 with 66 companies, attracted international attention with its innovative products. Sector representatives\u2014among the world\u2019s key suppliers of flame-retardant fabrics\u2014emphasized the need to raise safety standards in hotels, hospitals, student dormitories and other shared-use spaces. In a statement at the exhibition, <a href=\"https:\/\/www.ithib.org.tr\/en\" target=\"_blank\" rel=\"noreferrer noopener\">\u0130TH\u0130B<\/a> President Ahmet \u015ei\u015fman said: \u201cThis is no longer a matter of choice; it is directly a matter of life safety. Necessary steps must be taken not after fires occur, but before risks escalate.\u201d<\/p>\n\n\n\n<p>At one of the world\u2019s leading technical textile exhibitions, a total of 1,659 companies participated\u20141,475 at Techtextil and 184 at Texprocess. T\u00fcrkiye recorded a strong presence with 66 companies at Techtextil and 12 at Texprocess, totaling 78 participants.<\/p>\n\n\n\n<p>Emphasizing the strong presence of Turkish companies at one of the world\u2019s most important technical textile exhibitions, Ahmet \u015ei\u015fman noted that innovative products developed by Turkish firms\u2014from personal protective equipment textiles to automotive textiles, and from geotextiles to ecotextiles\u2014drew significant interest from international visitors. He added that innovation, R&amp;D and high value-added production are shaping the transformation of the textile industry, and that interest in flame-retardant textile products was particularly high at the event. \u201cThe fact that dedicated halls were created for this field at the fair is one of the clearest indicators of this,\u201d he said.<\/p>\n\n\n\n<h2 class=\"wp-block-heading\" id=\"h-there-are-no-clear-legal-requirements-regarding-flame-retardant-properties-of-textiles-in-shared-living-spaces\">\u201cThere are no clear legal requirements regarding flame-retardant properties of textiles in shared living spaces\u201d<\/h2>\n\n\n\n<p>Underlining that the textile sector today stands out not only for fashion and traditional production but also for critical areas that directly affect human life, Ahmet \u015ei\u015fman highlighted the importance of expanding the use of flame-retardant properties in textile products used particularly in hotels, hospitals and shared-use spaces. He stressed that regulations encouraging the use of flame-retardant textile products would be an important step both for public safety and for accelerating the transformation of the technical textiles sector.<\/p>\n\n\n\n<p>Pointing out that there are currently no clear legal requirements regarding flame-retardant properties in products such as curtains, upholstery fabrics and bedspreads used in hotels, student dormitories, hospitals and shared living spaces, President \u015ei\u015fman said: \u201cStandards to be established in this area will both contribute to life safety and further accelerate value-added production in our technical textiles sector.\u201d<\/p>\n\n\n\n<h2 class=\"wp-block-heading\" id=\"h-we-must-implement-in-our-own-country-the-safety-standards-we-export-to-europe\">\u201cWe must implement in our own country the safety standards we export to Europe\u201d<\/h2>\n\n\n\n<p>Highlighting that T\u00fcrkiye has a strong production infrastructure for flame-retardant and high-safety-standard technical textile products, Ahmet \u015ei\u015fman noted that approximately 90\u201395 percent of such production is exported to markets such as European Union countries and the United States. He added that domestic demand remains at around 5 percent, despite the sector having more than sufficient production capacity and technology to meet this need.<\/p>\n\n\n\n<p>\u0130TH\u0130B President \u015ei\u015fman continued: \u201cWe must implement in our own country the safety standards we export to Europe. T\u00fcrkiye produces these goods and sells them to the world; however, their use is not equally widespread in the domestic market. Cost is often cited at this point, yet the impact of using flame-retardant fabrics on total investment costs is not as high as assumed. Establishing standards to encourage the use of these products\u2014particularly in hotels, hospitals, student dormitories and shared living spaces\u2014is no longer an issue that can be postponed.\u201d<\/p>\n","protected":false},"excerpt":{"rendered":"<p>The Turkish technical textiles sector, which demonstrated a strong presence at Techtextil Frankfurt 2026 with 66 companies, attracted international attention with its innovative products. Sector representatives\u2014among the world\u2019s key suppliers of flame-retardant fabrics\u2014emphasized the need to raise safety standards in hotels, hospitals, student dormitories and other shared-use spaces. In a statement at the exhibition, \u0130TH\u0130B [&hellip;]<\/p>\n","protected":false},"author":26,"featured_media":64188,"comment_status":"closed","ping_status":"closed","sticky":false,"template":"","format":"standard","meta":{"footnotes":""},"categories":[9866],"tags":[11285,5745,10369,11368],"class_list":{"0":"post-64189","1":"post","2":"type-post","3":"status-publish","4":"format-standard","5":"has-post-thumbnail","7":"category-technical-textiles","8":"tag-technical-textiles","9":"tag-techtextil","10":"tag-textile-news-en","11":"tag-turkish-textile"},"yoast_head":"<!-- This site is optimized with the Yoast SEO Premium plugin v27.3 (Yoast SEO v27.3) - https:\/\/yoast.com\/product\/yoast-seo-premium-wordpress\/ -->\n<title>President \u015ei\u015fman: \u201cFlame-retardant fabrics should be made mandatory in public spaces\u201d - Textilegence<\/title>\n<meta name=\"description\" content=\"Sector representatives\u2014among the world\u2019s key suppliers of flame-retardant fabrics\u2014emphasized the need to raise safety standards in hotels...\" \/>\n<meta name=\"robots\" content=\"index, follow, max-snippet:-1, max-image-preview:large, max-video-preview:-1\" \/>\n<link rel=\"canonical\" href=\"https:\/\/www.textilegence.com\/en\/president-sisman-flame-retardant-fabrics-should-be-made-mandatory-in-public-spaces\/\" \/>\n<meta property=\"og:locale\" content=\"en_US\" \/>\n<meta property=\"og:type\" content=\"article\" \/>\n<meta property=\"og:title\" content=\"President \u015ei\u015fman: \u201cFlame-retardant fabrics should be made mandatory in public spaces\u201d\" \/>\n<meta property=\"og:description\" content=\"The Turkish technical textiles sector, which demonstrated a strong presence at Techtextil Frankfurt 2026 with 66 companies, attracted international\" \/>\n<meta property=\"og:url\" content=\"https:\/\/www.textilegence.com\/en\/president-sisman-flame-retardant-fabrics-should-be-made-mandatory-in-public-spaces\/\" \/>\n<meta property=\"og:site_name\" content=\"Textilegence Magazine and Digital Platform\" \/>\n<meta property=\"article:publisher\" content=\"https:\/\/www.facebook.com\/TextilegenceMagazine\" \/>\n<meta property=\"article:author\" content=\"https:\/\/www.facebook.com\/TextilegenceMagazine\" \/>\n<meta property=\"article:published_time\" content=\"2026-04-24T14:07:40+00:00\" \/>\n<meta property=\"article:modified_time\" content=\"2026-04-24T14:07:45+00:00\" \/>\n<meta property=\"og:image\" content=\"https:\/\/www.textilegence.com\/wp-content\/uploads\/2026\/04\/Haber-Gorseli-133.jpg\" \/>\n\t<meta property=\"og:image:width\" content=\"1920\" \/>\n\t<meta property=\"og:image:height\" content=\"1080\" \/>\n\t<meta property=\"og:image:type\" content=\"image\/jpeg\" \/>\n<meta name=\"author\" content=\"Ya\u011fmur Melis \u015eim\u015fek\" \/>\n<meta name=\"twitter:card\" content=\"summary_large_image\" \/>\n<meta name=\"twitter:creator\" content=\"@https:\/\/twitter.com\/textilegence\" \/>\n<meta name=\"twitter:site\" content=\"@textilegence\" \/>\n<meta name=\"twitter:label1\" content=\"Written by\" \/>\n\t<meta name=\"twitter:data1\" content=\"Ya\u011fmur Melis \u015eim\u015fek\" \/>\n\t<meta name=\"twitter:label2\" content=\"Est. reading time\" \/>\n\t<meta name=\"twitter:data2\" content=\"4 minutes\" \/>\n<script type=\"application\/ld+json\" class=\"yoast-schema-graph\">{\"@context\":\"https:\\\/\\\/schema.org\",\"@graph\":[{\"@type\":\"NewsArticle\",\"@id\":\"https:\\\/\\\/www.textilegence.com\\\/en\\\/president-sisman-flame-retardant-fabrics-should-be-made-mandatory-in-public-spaces\\\/#article\",\"isPartOf\":{\"@id\":\"https:\\\/\\\/www.textilegence.com\\\/en\\\/president-sisman-flame-retardant-fabrics-should-be-made-mandatory-in-public-spaces\\\/\"},\"author\":{\"name\":\"Ya\u011fmur Melis \u015eim\u015fek\",\"@id\":\"https:\\\/\\\/www.textilegence.com\\\/en\\\/#\\\/schema\\\/person\\\/cfa6baf17f0478131c673c93a9b88ef3\"},\"headline\":\"President \u015ei\u015fman: \u201cFlame-retardant fabrics should be made mandatory in public spaces\u201d\",\"datePublished\":\"2026-04-24T14:07:40+00:00\",\"dateModified\":\"2026-04-24T14:07:45+00:00\",\"mainEntityOfPage\":{\"@id\":\"https:\\\/\\\/www.textilegence.com\\\/en\\\/president-sisman-flame-retardant-fabrics-should-be-made-mandatory-in-public-spaces\\\/\"},\"wordCount\":565,\"publisher\":{\"@id\":\"https:\\\/\\\/www.textilegence.com\\\/en\\\/#organization\"},\"image\":{\"@id\":\"https:\\\/\\\/www.textilegence.com\\\/en\\\/president-sisman-flame-retardant-fabrics-should-be-made-mandatory-in-public-spaces\\\/#primaryimage\"},\"thumbnailUrl\":\"https:\\\/\\\/www.textilegence.com\\\/wp-content\\\/uploads\\\/2026\\\/04\\\/Haber-Gorseli-133.jpg\",\"keywords\":[\"technical textiles\",\"Techtextil\",\"textile news\",\"turkish textile\"],\"articleSection\":[\"Technical Textiles\"],\"inLanguage\":\"en-US\"},{\"@type\":\"WebPage\",\"@id\":\"https:\\\/\\\/www.textilegence.com\\\/en\\\/president-sisman-flame-retardant-fabrics-should-be-made-mandatory-in-public-spaces\\\/\",\"url\":\"https:\\\/\\\/www.textilegence.com\\\/en\\\/president-sisman-flame-retardant-fabrics-should-be-made-mandatory-in-public-spaces\\\/\",\"name\":\"President \u015ei\u015fman: \u201cFlame-retardant fabrics should be made mandatory in public spaces\u201d - Textilegence\",\"isPartOf\":{\"@id\":\"https:\\\/\\\/www.textilegence.com\\\/en\\\/#website\"},\"primaryImageOfPage\":{\"@id\":\"https:\\\/\\\/www.textilegence.com\\\/en\\\/president-sisman-flame-retardant-fabrics-should-be-made-mandatory-in-public-spaces\\\/#primaryimage\"},\"image\":{\"@id\":\"https:\\\/\\\/www.textilegence.com\\\/en\\\/president-sisman-flame-retardant-fabrics-should-be-made-mandatory-in-public-spaces\\\/#primaryimage\"},\"thumbnailUrl\":\"https:\\\/\\\/www.textilegence.com\\\/wp-content\\\/uploads\\\/2026\\\/04\\\/Haber-Gorseli-133.jpg\",\"datePublished\":\"2026-04-24T14:07:40+00:00\",\"dateModified\":\"2026-04-24T14:07:45+00:00\",\"description\":\"Sector representatives\u2014among the world\u2019s key suppliers of flame-retardant fabrics\u2014emphasized the need to raise safety standards in hotels...\",\"breadcrumb\":{\"@id\":\"https:\\\/\\\/www.textilegence.com\\\/en\\\/president-sisman-flame-retardant-fabrics-should-be-made-mandatory-in-public-spaces\\\/#breadcrumb\"},\"inLanguage\":\"en-US\",\"potentialAction\":[{\"@type\":\"ReadAction\",\"target\":[\"https:\\\/\\\/www.textilegence.com\\\/en\\\/president-sisman-flame-retardant-fabrics-should-be-made-mandatory-in-public-spaces\\\/\"]}]},{\"@type\":\"ImageObject\",\"inLanguage\":\"en-US\",\"@id\":\"https:\\\/\\\/www.textilegence.com\\\/en\\\/president-sisman-flame-retardant-fabrics-should-be-made-mandatory-in-public-spaces\\\/#primaryimage\",\"url\":\"https:\\\/\\\/www.textilegence.com\\\/wp-content\\\/uploads\\\/2026\\\/04\\\/Haber-Gorseli-133.jpg\",\"contentUrl\":\"https:\\\/\\\/www.textilegence.com\\\/wp-content\\\/uploads\\\/2026\\\/04\\\/Haber-Gorseli-133.jpg\",\"width\":1920,\"height\":1080,\"caption\":\"President \u015ei\u015fman: \u201cFlame-retardant fabrics should be made mandatory in public spaces\u201d Image Source: \u0130TH\u0130B\"},{\"@type\":\"BreadcrumbList\",\"@id\":\"https:\\\/\\\/www.textilegence.com\\\/en\\\/president-sisman-flame-retardant-fabrics-should-be-made-mandatory-in-public-spaces\\\/#breadcrumb\",\"itemListElement\":[{\"@type\":\"ListItem\",\"position\":1,\"name\":\"Home Page\",\"item\":\"https:\\\/\\\/www.textilegence.com\\\/en\\\/homepage-the-rimont\\\/\"},{\"@type\":\"ListItem\",\"position\":2,\"name\":\"Technical Textiles\",\"item\":\"https:\\\/\\\/www.textilegence.com\\\/en\\\/category\\\/technical-textiles\\\/\"},{\"@type\":\"ListItem\",\"position\":3,\"name\":\"President \u015ei\u015fman: \u201cFlame-retardant fabrics should be made mandatory in public spaces\u201d\"}]},{\"@type\":\"WebSite\",\"@id\":\"https:\\\/\\\/www.textilegence.com\\\/en\\\/#website\",\"url\":\"https:\\\/\\\/www.textilegence.com\\\/en\\\/\",\"name\":\"Textilegence Magazine and Digital Platform\",\"description\":\"Textile News Center\",\"publisher\":{\"@id\":\"https:\\\/\\\/www.textilegence.com\\\/en\\\/#organization\"},\"potentialAction\":[{\"@type\":\"SearchAction\",\"target\":{\"@type\":\"EntryPoint\",\"urlTemplate\":\"https:\\\/\\\/www.textilegence.com\\\/en\\\/?s={search_term_string}\"},\"query-input\":{\"@type\":\"PropertyValueSpecification\",\"valueRequired\":true,\"valueName\":\"search_term_string\"}}],\"inLanguage\":\"en-US\"},{\"@type\":\"Organization\",\"@id\":\"https:\\\/\\\/www.textilegence.com\\\/en\\\/#organization\",\"name\":\"Textilegence Magazine and Digital Platform\",\"url\":\"https:\\\/\\\/www.textilegence.com\\\/en\\\/\",\"logo\":{\"@type\":\"ImageObject\",\"inLanguage\":\"en-US\",\"@id\":\"https:\\\/\\\/www.textilegence.com\\\/en\\\/#\\\/schema\\\/logo\\\/image\\\/\",\"url\":\"https:\\\/\\\/www.textilegence.com\\\/wp-content\\\/uploads\\\/2016\\\/11\\\/New_Retina_Logo_Textilegence.png\",\"contentUrl\":\"https:\\\/\\\/www.textilegence.com\\\/wp-content\\\/uploads\\\/2016\\\/11\\\/New_Retina_Logo_Textilegence.png\",\"width\":544,\"height\":180,\"caption\":\"Textilegence Magazine and Digital Platform\"},\"image\":{\"@id\":\"https:\\\/\\\/www.textilegence.com\\\/en\\\/#\\\/schema\\\/logo\\\/image\\\/\"},\"sameAs\":[\"https:\\\/\\\/www.facebook.com\\\/TextilegenceMagazine\",\"https:\\\/\\\/x.com\\\/textilegence\",\"https:\\\/\\\/www.instagram.com\\\/textilegence\\\/\",\"https:\\\/\\\/www.linkedin.com\\\/groups\\\/Textilegence-Magazine-Digital-Platform-4897253\",\"https:\\\/\\\/www.youtube.com\\\/user\\\/textilegence\"],\"description\":\"Textilegence is a magazine and digital platform established in 2013. It focuses on the textile industry and sub-segments. The platform provides news, articles, and updates on various aspects of the textile industry, including sustainability, technological advancements, and market trends.\",\"email\":\"editor@textilegence.com\",\"telephone\":\"+90 212 442 24 12\",\"legalName\":\"Textilegence Mag and Digital Platform\",\"foundingDate\":\"2013-01-01\",\"numberOfEmployees\":{\"@type\":\"QuantitativeValue\",\"minValue\":\"1\",\"maxValue\":\"10\"}},{\"@type\":\"Person\",\"@id\":\"https:\\\/\\\/www.textilegence.com\\\/en\\\/#\\\/schema\\\/person\\\/cfa6baf17f0478131c673c93a9b88ef3\",\"name\":\"Ya\u011fmur Melis \u015eim\u015fek\",\"image\":{\"@type\":\"ImageObject\",\"inLanguage\":\"en-US\",\"@id\":\"https:\\\/\\\/www.textilegence.com\\\/wp-content\\\/uploads\\\/2022\\\/03\\\/Yagmur_photo1.jpg\",\"url\":\"https:\\\/\\\/www.textilegence.com\\\/wp-content\\\/uploads\\\/2022\\\/03\\\/Yagmur_photo1.jpg\",\"contentUrl\":\"https:\\\/\\\/www.textilegence.com\\\/wp-content\\\/uploads\\\/2022\\\/03\\\/Yagmur_photo1.jpg\",\"caption\":\"Ya\u011fmur Melis \u015eim\u015fek\"},\"description\":\"Ya\u011fmur Melis \u015eim\u015fek, Saint-Beno\u00eet Frans\u0131z Lisesi\u2019nde e\u011fitim g\u00f6rm\u00fc\u015f, ard\u0131ndan Anadolu \u00dcniversitesi\u2019nde iki y\u0131ll\u0131k Foto\u011fraf\u00e7\u0131l\u0131k B\u00f6l\u00fcm\u00fc\u2019n\u00fc tamamlam\u0131\u015ft\u0131r. Daha sonra lisans e\u011fitimini \u0130stanbul \u00dcniversitesi Gazetecilik B\u00f6l\u00fcm\u00fc\u2019nde s\u00fcrd\u00fcrm\u00fc\u015f, mezuniyetin ard\u0131ndan ise 2017 y\u0131l\u0131nda i\u015f hayat\u0131na at\u0131lm\u0131\u015ft\u0131r. Pek \u00e7ok farkl\u0131 projede, foto\u011fraf\u00e7\u0131l\u0131k ve grafik tasar\u0131mc\u0131l\u0131\u011f\u0131n yan\u0131 s\u0131ra teknoloji alan\u0131nda i\u00e7erik ve haber yazarl\u0131\u011f\u0131 gibi \u00e7e\u015fitli pozisyonlarda yer alan \u015eim\u015fek, 2021 y\u0131l\u0131ndan bu yana Textilegence\u2019da d\u0131\u015f haberlerde yard\u0131mc\u0131 edit\u00f6r olarak g\u00f6rev yapmaktad\u0131r.\",\"sameAs\":[\"https:\\\/\\\/www.textilegence.com\\\/\",\"https:\\\/\\\/www.facebook.com\\\/TextilegenceMagazine\",\"https:\\\/\\\/www.instagram.com\\\/textilegence\\\/\",\"https:\\\/\\\/www.linkedin.com\\\/company\\\/2985016\",\"https:\\\/\\\/x.com\\\/https:\\\/\\\/twitter.com\\\/textilegence\",\"https:\\\/\\\/www.youtube.com\\\/channel\\\/UCgtcny5ljhiXu-yvOiAlpRA\"],\"url\":\"https:\\\/\\\/www.textilegence.com\\\/en\\\/author\\\/yms\\\/\"}]}<\/script>\n<!-- \/ Yoast SEO Premium plugin. -->","yoast_head_json":{"title":"President \u015ei\u015fman: \u201cFlame-retardant fabrics should be made mandatory in public spaces\u201d - Textilegence","description":"Sector representatives\u2014among the world\u2019s key suppliers of flame-retardant fabrics\u2014emphasized the need to raise safety standards in hotels...","robots":{"index":"index","follow":"follow","max-snippet":"max-snippet:-1","max-image-preview":"max-image-preview:large","max-video-preview":"max-video-preview:-1"},"canonical":"https:\/\/www.textilegence.com\/en\/president-sisman-flame-retardant-fabrics-should-be-made-mandatory-in-public-spaces\/","og_locale":"en_US","og_type":"article","og_title":"President \u015ei\u015fman: \u201cFlame-retardant fabrics should be made mandatory in public spaces\u201d","og_description":"The Turkish technical textiles sector, which demonstrated a strong presence at Techtextil Frankfurt 2026 with 66 companies, attracted international","og_url":"https:\/\/www.textilegence.com\/en\/president-sisman-flame-retardant-fabrics-should-be-made-mandatory-in-public-spaces\/","og_site_name":"Textilegence Magazine and Digital Platform","article_publisher":"https:\/\/www.facebook.com\/TextilegenceMagazine","article_author":"https:\/\/www.facebook.com\/TextilegenceMagazine","article_published_time":"2026-04-24T14:07:40+00:00","article_modified_time":"2026-04-24T14:07:45+00:00","og_image":[{"width":1920,"height":1080,"url":"https:\/\/www.textilegence.com\/wp-content\/uploads\/2026\/04\/Haber-Gorseli-133.jpg","type":"image\/jpeg"}],"author":"Ya\u011fmur Melis \u015eim\u015fek","twitter_card":"summary_large_image","twitter_creator":"@https:\/\/twitter.com\/textilegence","twitter_site":"@textilegence","twitter_misc":{"Written by":"Ya\u011fmur Melis \u015eim\u015fek","Est. reading time":"4 minutes"},"schema":{"@context":"https:\/\/schema.org","@graph":[{"@type":"NewsArticle","@id":"https:\/\/www.textilegence.com\/en\/president-sisman-flame-retardant-fabrics-should-be-made-mandatory-in-public-spaces\/#article","isPartOf":{"@id":"https:\/\/www.textilegence.com\/en\/president-sisman-flame-retardant-fabrics-should-be-made-mandatory-in-public-spaces\/"},"author":{"name":"Ya\u011fmur Melis \u015eim\u015fek","@id":"https:\/\/www.textilegence.com\/en\/#\/schema\/person\/cfa6baf17f0478131c673c93a9b88ef3"},"headline":"President \u015ei\u015fman: \u201cFlame-retardant fabrics should be made mandatory in public spaces\u201d","datePublished":"2026-04-24T14:07:40+00:00","dateModified":"2026-04-24T14:07:45+00:00","mainEntityOfPage":{"@id":"https:\/\/www.textilegence.com\/en\/president-sisman-flame-retardant-fabrics-should-be-made-mandatory-in-public-spaces\/"},"wordCount":565,"publisher":{"@id":"https:\/\/www.textilegence.com\/en\/#organization"},"image":{"@id":"https:\/\/www.textilegence.com\/en\/president-sisman-flame-retardant-fabrics-should-be-made-mandatory-in-public-spaces\/#primaryimage"},"thumbnailUrl":"https:\/\/www.textilegence.com\/wp-content\/uploads\/2026\/04\/Haber-Gorseli-133.jpg","keywords":["technical textiles","Techtextil","textile news","turkish textile"],"articleSection":["Technical Textiles"],"inLanguage":"en-US"},{"@type":"WebPage","@id":"https:\/\/www.textilegence.com\/en\/president-sisman-flame-retardant-fabrics-should-be-made-mandatory-in-public-spaces\/","url":"https:\/\/www.textilegence.com\/en\/president-sisman-flame-retardant-fabrics-should-be-made-mandatory-in-public-spaces\/","name":"President \u015ei\u015fman: \u201cFlame-retardant fabrics should be made mandatory in public spaces\u201d - Textilegence","isPartOf":{"@id":"https:\/\/www.textilegence.com\/en\/#website"},"primaryImageOfPage":{"@id":"https:\/\/www.textilegence.com\/en\/president-sisman-flame-retardant-fabrics-should-be-made-mandatory-in-public-spaces\/#primaryimage"},"image":{"@id":"https:\/\/www.textilegence.com\/en\/president-sisman-flame-retardant-fabrics-should-be-made-mandatory-in-public-spaces\/#primaryimage"},"thumbnailUrl":"https:\/\/www.textilegence.com\/wp-content\/uploads\/2026\/04\/Haber-Gorseli-133.jpg","datePublished":"2026-04-24T14:07:40+00:00","dateModified":"2026-04-24T14:07:45+00:00","description":"Sector representatives\u2014among the world\u2019s key suppliers of flame-retardant fabrics\u2014emphasized the need to raise safety standards in hotels...","breadcrumb":{"@id":"https:\/\/www.textilegence.com\/en\/president-sisman-flame-retardant-fabrics-should-be-made-mandatory-in-public-spaces\/#breadcrumb"},"inLanguage":"en-US","potentialAction":[{"@type":"ReadAction","target":["https:\/\/www.textilegence.com\/en\/president-sisman-flame-retardant-fabrics-should-be-made-mandatory-in-public-spaces\/"]}]},{"@type":"ImageObject","inLanguage":"en-US","@id":"https:\/\/www.textilegence.com\/en\/president-sisman-flame-retardant-fabrics-should-be-made-mandatory-in-public-spaces\/#primaryimage","url":"https:\/\/www.textilegence.com\/wp-content\/uploads\/2026\/04\/Haber-Gorseli-133.jpg","contentUrl":"https:\/\/www.textilegence.com\/wp-content\/uploads\/2026\/04\/Haber-Gorseli-133.jpg","width":1920,"height":1080,"caption":"President \u015ei\u015fman: \u201cFlame-retardant fabrics should be made mandatory in public spaces\u201d Image Source: \u0130TH\u0130B"},{"@type":"BreadcrumbList","@id":"https:\/\/www.textilegence.com\/en\/president-sisman-flame-retardant-fabrics-should-be-made-mandatory-in-public-spaces\/#breadcrumb","itemListElement":[{"@type":"ListItem","position":1,"name":"Home Page","item":"https:\/\/www.textilegence.com\/en\/homepage-the-rimont\/"},{"@type":"ListItem","position":2,"name":"Technical Textiles","item":"https:\/\/www.textilegence.com\/en\/category\/technical-textiles\/"},{"@type":"ListItem","position":3,"name":"President \u015ei\u015fman: \u201cFlame-retardant fabrics should be made mandatory in public spaces\u201d"}]},{"@type":"WebSite","@id":"https:\/\/www.textilegence.com\/en\/#website","url":"https:\/\/www.textilegence.com\/en\/","name":"Textilegence Magazine and Digital Platform","description":"Textile News Center","publisher":{"@id":"https:\/\/www.textilegence.com\/en\/#organization"},"potentialAction":[{"@type":"SearchAction","target":{"@type":"EntryPoint","urlTemplate":"https:\/\/www.textilegence.com\/en\/?s={search_term_string}"},"query-input":{"@type":"PropertyValueSpecification","valueRequired":true,"valueName":"search_term_string"}}],"inLanguage":"en-US"},{"@type":"Organization","@id":"https:\/\/www.textilegence.com\/en\/#organization","name":"Textilegence Magazine and Digital Platform","url":"https:\/\/www.textilegence.com\/en\/","logo":{"@type":"ImageObject","inLanguage":"en-US","@id":"https:\/\/www.textilegence.com\/en\/#\/schema\/logo\/image\/","url":"https:\/\/www.textilegence.com\/wp-content\/uploads\/2016\/11\/New_Retina_Logo_Textilegence.png","contentUrl":"https:\/\/www.textilegence.com\/wp-content\/uploads\/2016\/11\/New_Retina_Logo_Textilegence.png","width":544,"height":180,"caption":"Textilegence Magazine and Digital Platform"},"image":{"@id":"https:\/\/www.textilegence.com\/en\/#\/schema\/logo\/image\/"},"sameAs":["https:\/\/www.facebook.com\/TextilegenceMagazine","https:\/\/x.com\/textilegence","https:\/\/www.instagram.com\/textilegence\/","https:\/\/www.linkedin.com\/groups\/Textilegence-Magazine-Digital-Platform-4897253","https:\/\/www.youtube.com\/user\/textilegence"],"description":"Textilegence is a magazine and digital platform established in 2013. It focuses on the textile industry and sub-segments. The platform provides news, articles, and updates on various aspects of the textile industry, including sustainability, technological advancements, and market trends.","email":"editor@textilegence.com","telephone":"+90 212 442 24 12","legalName":"Textilegence Mag and Digital Platform","foundingDate":"2013-01-01","numberOfEmployees":{"@type":"QuantitativeValue","minValue":"1","maxValue":"10"}},{"@type":"Person","@id":"https:\/\/www.textilegence.com\/en\/#\/schema\/person\/cfa6baf17f0478131c673c93a9b88ef3","name":"Ya\u011fmur Melis \u015eim\u015fek","image":{"@type":"ImageObject","inLanguage":"en-US","@id":"https:\/\/www.textilegence.com\/wp-content\/uploads\/2022\/03\/Yagmur_photo1.jpg","url":"https:\/\/www.textilegence.com\/wp-content\/uploads\/2022\/03\/Yagmur_photo1.jpg","contentUrl":"https:\/\/www.textilegence.com\/wp-content\/uploads\/2022\/03\/Yagmur_photo1.jpg","caption":"Ya\u011fmur Melis \u015eim\u015fek"},"description":"Ya\u011fmur Melis \u015eim\u015fek, Saint-Beno\u00eet Frans\u0131z Lisesi\u2019nde e\u011fitim g\u00f6rm\u00fc\u015f, ard\u0131ndan Anadolu \u00dcniversitesi\u2019nde iki y\u0131ll\u0131k Foto\u011fraf\u00e7\u0131l\u0131k B\u00f6l\u00fcm\u00fc\u2019n\u00fc tamamlam\u0131\u015ft\u0131r. Daha sonra lisans e\u011fitimini \u0130stanbul \u00dcniversitesi Gazetecilik B\u00f6l\u00fcm\u00fc\u2019nde s\u00fcrd\u00fcrm\u00fc\u015f, mezuniyetin ard\u0131ndan ise 2017 y\u0131l\u0131nda i\u015f hayat\u0131na at\u0131lm\u0131\u015ft\u0131r. Pek \u00e7ok farkl\u0131 projede, foto\u011fraf\u00e7\u0131l\u0131k ve grafik tasar\u0131mc\u0131l\u0131\u011f\u0131n yan\u0131 s\u0131ra teknoloji alan\u0131nda i\u00e7erik ve haber yazarl\u0131\u011f\u0131 gibi \u00e7e\u015fitli pozisyonlarda yer alan \u015eim\u015fek, 2021 y\u0131l\u0131ndan bu yana Textilegence\u2019da d\u0131\u015f haberlerde yard\u0131mc\u0131 edit\u00f6r olarak g\u00f6rev yapmaktad\u0131r.","sameAs":["https:\/\/www.textilegence.com\/","https:\/\/www.facebook.com\/TextilegenceMagazine","https:\/\/www.instagram.com\/textilegence\/","https:\/\/www.linkedin.com\/company\/2985016","https:\/\/x.com\/https:\/\/twitter.com\/textilegence","https:\/\/www.youtube.com\/channel\/UCgtcny5ljhiXu-yvOiAlpRA"],"url":"https:\/\/www.textilegence.com\/en\/author\/yms\/"}]}},"_links":{"self":[{"href":"https:\/\/www.textilegence.com\/en\/wp-json\/wp\/v2\/posts\/64189","targetHints":{"allow":["GET"]}}],"collection":[{"href":"https:\/\/www.textilegence.com\/en\/wp-json\/wp\/v2\/posts"}],"about":[{"href":"https:\/\/www.textilegence.com\/en\/wp-json\/wp\/v2\/types\/post"}],"author":[{"embeddable":true,"href":"https:\/\/www.textilegence.com\/en\/wp-json\/wp\/v2\/users\/26"}],"replies":[{"embeddable":true,"href":"https:\/\/www.textilegence.com\/en\/wp-json\/wp\/v2\/comments?post=64189"}],"version-history":[{"count":1,"href":"https:\/\/www.textilegence.com\/en\/wp-json\/wp\/v2\/posts\/64189\/revisions"}],"predecessor-version":[{"id":64190,"href":"https:\/\/www.textilegence.com\/en\/wp-json\/wp\/v2\/posts\/64189\/revisions\/64190"}],"wp:featuredmedia":[{"embeddable":true,"href":"https:\/\/www.textilegence.com\/en\/wp-json\/wp\/v2\/media\/64188"}],"wp:attachment":[{"href":"https:\/\/www.textilegence.com\/en\/wp-json\/wp\/v2\/media?parent=64189"}],"wp:term":[{"taxonomy":"category","embeddable":true,"href":"https:\/\/www.textilegence.com\/en\/wp-json\/wp\/v2\/categories?post=64189"},{"taxonomy":"post_tag","embeddable":true,"href":"https:\/\/www.textilegence.com\/en\/wp-json\/wp\/v2\/tags?post=64189"}],"curies":[{"name":"wp","href":"https:\/\/api.w.org\/{rel}","templated":true}]}}