{"id":64195,"date":"2026-04-27T13:46:22","date_gmt":"2026-04-27T10:46:22","guid":{"rendered":"https:\/\/www.textilegence.com\/?p=64195"},"modified":"2026-04-27T13:46:28","modified_gmt":"2026-04-27T10:46:28","slug":"techtextil-and-texprocess-2026-become-a-driving-force-for-innovation","status":"publish","type":"post","link":"https:\/\/www.textilegence.com\/en\/techtextil-and-texprocess-2026-become-a-driving-force-for-innovation\/","title":{"rendered":"Techtextil and Texprocess 2026 become a driving force for innovation"},"content":{"rendered":"\n<p>Techtextil and <a href=\"https:\/\/texprocess.messefrankfurt.com\/frankfurt\/en.html\" target=\"_blank\" rel=\"noreferrer noopener\">Texprocess<\/a> 2026 concluded with strong visitor and exhibitor participation. With more than 36,000 visitors and 1,700 exhibitors, the leading international trade <a href=\"https:\/\/www.textilegence.com\/en\/category\/trade-fairs\/\" target=\"_blank\" rel=\"noreferrer noopener\">fairs<\/a> offered opportunities for new business and partnerships. In a challenging market, Techtextil and Texprocess have thus provided the global industry with a stable meeting place on April 21-24.<\/p>\n\n\n\n<p>Participants from 112 countries were represented at the exhibition grounds in Frankfurt. The top ten visitor countries were Germany, Italy, France, T\u00fcrkiye, the Netherlands, Spain, Belgium, the United Kingdom, Poland and Switzerland. Visitor growth was recorded from India, Japan, Portugal, Sweden and the USA, among others. T\u00fcrkiye had a strong presence with a total of 78 companies\u201466 at Techtextil and 12 at Texprocess.<\/p>\n\n\n\n<p>The convergence of research, industry and application proved to be a breeding ground for new material solutions, manufacturing and processing technologies. Natural fibres, performance apparel, connected systems and AI-driven processing technologies emerged as key growth and future markets.<\/p>\n\n\n\n<p>\u201cVolatile market developments are driving lasting changes in business models. Connectivity, flexibility and speed are key success factors in this environment. At Techtextil and Texprocess, relevant partners come together to rapidly translate ideas into applications. New materials and innovations on supply chains are decisive competitive advantages,\u201d says Detlef Braun, Member of the Executive Board of Messe Frankfurt.<\/p>\n\n\n\n<p>From protective clothing to medical and automotive solutions \u2013 the applications of textile innovations span across industries. New applications emerge from chance encounters between manufacturers, processors and application partners. \u201cAt Techtextil and Texprocess, it becomes clear which solutions can succeed in cross-industry markets and secure investment. At the same time, unplanned encounters with new business partners open up access to new markets \u2013 and drive innovation,\u201d says Olaf Schmidt, Vice President Textiles &amp; Textile Technologies at Messe Frankfurt.<\/p>\n\n\n\n<h2 class=\"wp-block-heading\" id=\"h-natural-performance-solutions-for-reduced-dependence-on-fossil-fuels\">Natural performance solutions for reduced dependence on fossil fuels<\/h2>\n\n\n\n<p>The Nature Performance segment at Techtextil presented visitors with natural and bio-based alternatives to synthetic fibres. These materials combine sustainability with high performance, enabling CO\u2082 savings, recyclability and reduced dependence on fossil resources. Whether heat-resilient, tear-resistant or breathable, more than 110 exhibitors demonstrated the growing use in industrial applications.<\/p>\n\n\n\n<p>Cordenka showcased technical viscose fibres for the agricultural sector that can be composted along with plant residues. Oceansafe presented a high-performance polymer made from bio-based and recycled raw materials that can be scaled for industrial use.<\/p>\n\n\n\n<h2 class=\"wp-block-heading\" id=\"h-market-ready-high-performance-textiles-for-apparel\">Market-ready high-performance textiles for apparel<\/h2>\n\n\n\n<p>In the Performance Apparel Textiles segment at Techtextil, the number of exhibitors doubled compared with the previous event. Growing investment in security, defence and civil protection is driving up demand for high-performance, standards-compliant textiles and specialised processing technologies. Companies are increasingly turning to innovative solutions that can withstand heavy wear and tear whilst meeting specific safety requirements. At Techtextil, exhibitors showcased high-performance materials designed for outdoor, sports, fashion, military and industrial safety clothing. Meanwhile, Texprocess showcased the processing technologies required to meet these demands. Concordia offered a durable, permanently flame-retardant fabric with inherent protection. Advance Hitech Textile International presented a stretch fabric for workwear with special abrasion resistance, dimensional stability and colour fastness.<\/p>\n\n\n\n<h2 class=\"wp-block-heading\" id=\"h-connected-demand-driven-systems-and-efficient-processing-technologies\">Connected, demand-driven systems and efficient processing technologies<\/h2>\n\n\n\n<p>At Texprocess, visitors gained a comprehensive market overview \u2013 the basis for investment decisions in challenging times. Alongside processing machinery, connected solutions are becoming increasingly important throughout the production process. They integrate individual process steps more closely \u2013 from design and resource planning through to manufacturing \u2013 thereby enabling more flexible, demand-driven production.<\/p>\n\n\n\n<p>\u201cThe future of apparel production lies in connected supply chains and holistic business models. Innovative system architecture and efficient technologies are crucial for responding flexibly to market demands and customer needs. The latest developments were presented at Texprocess,\u201d says Elgar Straub, Managing Director of VDMA Textile Care, Fabric and Leather Technologies.<\/p>\n\n\n\n<p>Style3D | Assyst showcased new AI solutions for product development. These integrate design and marketing, streamline processes and reduce costs. Comelz demonstrated a cutting system that uses artificial image processing to reduce manual steps. D\u00fcrkopp Adler unveiled a new sewing system that enables simple integration through smart interfaces.<\/p>\n\n\n\n<h2 class=\"wp-block-heading\" id=\"h-techtextil-and-texprocess-innovation-awards-2026-showed-the-power-of-collaboration\">Techtextil and Texprocess Innovation Awards 2026 showed the power of collaboration<\/h2>\n\n\n\n<p>Collaboration between research, industry and application plays a key role in the development of new solutions. This is demonstrated by the Techtextil and Texprocess Innovation Awards 2026. A majority of the award-winning innovations were realised through partnerships. For example, Samsara Eco developed an enzyme-based recycling technology in collaboration with Deakin University, The Lycra Company, Nilit and the consumer brand Lululemon.<\/p>\n","protected":false},"excerpt":{"rendered":"<p>Techtextil and Texprocess 2026 concluded with strong visitor and exhibitor participation. With more than 36,000 visitors and 1,700 exhibitors, the leading international trade fairs offered opportunities for new business and partnerships. In a challenging market, Techtextil and Texprocess have thus provided the global industry with a stable meeting place on April 21-24. Participants from 112 [&hellip;]<\/p>\n","protected":false},"author":2,"featured_media":64194,"comment_status":"closed","ping_status":"closed","sticky":false,"template":"","format":"standard","meta":{"footnotes":""},"categories":[9845],"tags":[11285,10044,10369,12450,12448],"class_list":{"0":"post-64195","1":"post","2":"type-post","3":"status-publish","4":"format-standard","5":"has-post-thumbnail","7":"category-trade-fairs","8":"tag-technical-textiles","9":"tag-texprocess-en","10":"tag-textile-news-en","11":"tag-topical","12":"tag-trade-fairs"},"yoast_head":"<!-- This site is optimized with the Yoast SEO Premium plugin v27.3 (Yoast SEO v27.3) - https:\/\/yoast.com\/product\/yoast-seo-premium-wordpress\/ -->\n<title>Techtextil and Texprocess 2026 become a driving force for innovation - Textilegence<\/title>\n<meta name=\"description\" content=\"Techtextil and Texprocess 2026 concluded with strong visitor and exhibitor participation. With more than 36,000 visitors and 1,700...\" \/>\n<meta name=\"robots\" content=\"index, follow, max-snippet:-1, max-image-preview:large, max-video-preview:-1\" \/>\n<link rel=\"canonical\" href=\"https:\/\/www.textilegence.com\/en\/techtextil-and-texprocess-2026-become-a-driving-force-for-innovation\/\" \/>\n<meta property=\"og:locale\" content=\"en_US\" \/>\n<meta property=\"og:type\" content=\"article\" \/>\n<meta property=\"og:title\" content=\"Techtextil and Texprocess 2026 become a driving force for innovation\" \/>\n<meta property=\"og:description\" content=\"Techtextil and Texprocess 2026 concluded with strong visitor and exhibitor participation. With more than 36,000 visitors and 1,700 exhibitors, the leading\" \/>\n<meta property=\"og:url\" content=\"https:\/\/www.textilegence.com\/en\/techtextil-and-texprocess-2026-become-a-driving-force-for-innovation\/\" \/>\n<meta property=\"og:site_name\" content=\"Textilegence Magazine and Digital Platform\" \/>\n<meta property=\"article:publisher\" content=\"https:\/\/www.facebook.com\/TextilegenceMagazine\" \/>\n<meta property=\"article:author\" content=\"https:\/\/www.facebook.com\/TextilegenceMagazine\" \/>\n<meta property=\"article:published_time\" content=\"2026-04-27T10:46:22+00:00\" \/>\n<meta property=\"article:modified_time\" content=\"2026-04-27T10:46:28+00:00\" \/>\n<meta property=\"og:image\" content=\"https:\/\/www.textilegence.com\/wp-content\/uploads\/2026\/04\/Haber-Gorseli-134.jpg\" \/>\n\t<meta property=\"og:image:width\" content=\"1920\" \/>\n\t<meta property=\"og:image:height\" content=\"1080\" \/>\n\t<meta property=\"og:image:type\" content=\"image\/jpeg\" \/>\n<meta name=\"author\" content=\"Engin Buz\" \/>\n<meta name=\"twitter:card\" content=\"summary_large_image\" \/>\n<meta name=\"twitter:creator\" content=\"@https:\/\/twitter.com\/textilegence\" \/>\n<meta name=\"twitter:site\" content=\"@textilegence\" \/>\n<meta name=\"twitter:label1\" content=\"Written by\" \/>\n\t<meta name=\"twitter:data1\" content=\"Engin Buz\" \/>\n\t<meta name=\"twitter:label2\" content=\"Est. reading time\" \/>\n\t<meta name=\"twitter:data2\" content=\"5 minutes\" \/>\n<script type=\"application\/ld+json\" class=\"yoast-schema-graph\">{\"@context\":\"https:\\\/\\\/schema.org\",\"@graph\":[{\"@type\":\"NewsArticle\",\"@id\":\"https:\\\/\\\/www.textilegence.com\\\/en\\\/techtextil-and-texprocess-2026-become-a-driving-force-for-innovation\\\/#article\",\"isPartOf\":{\"@id\":\"https:\\\/\\\/www.textilegence.com\\\/en\\\/techtextil-and-texprocess-2026-become-a-driving-force-for-innovation\\\/\"},\"author\":{\"name\":\"Engin Buz\",\"@id\":\"https:\\\/\\\/www.textilegence.com\\\/en\\\/#\\\/schema\\\/person\\\/46ccc7bfc34edbc7d46b6b189f88849f\"},\"headline\":\"Techtextil and Texprocess 2026 become a driving force for innovation\",\"datePublished\":\"2026-04-27T10:46:22+00:00\",\"dateModified\":\"2026-04-27T10:46:28+00:00\",\"mainEntityOfPage\":{\"@id\":\"https:\\\/\\\/www.textilegence.com\\\/en\\\/techtextil-and-texprocess-2026-become-a-driving-force-for-innovation\\\/\"},\"wordCount\":728,\"publisher\":{\"@id\":\"https:\\\/\\\/www.textilegence.com\\\/en\\\/#organization\"},\"image\":{\"@id\":\"https:\\\/\\\/www.textilegence.com\\\/en\\\/techtextil-and-texprocess-2026-become-a-driving-force-for-innovation\\\/#primaryimage\"},\"thumbnailUrl\":\"https:\\\/\\\/www.textilegence.com\\\/wp-content\\\/uploads\\\/2026\\\/04\\\/Haber-Gorseli-134.jpg\",\"keywords\":[\"technical textiles\",\"Texprocess\",\"textile news\",\"topical\",\"trade fairs\"],\"articleSection\":[\"Trade Fairs\"],\"inLanguage\":\"en-US\"},{\"@type\":\"WebPage\",\"@id\":\"https:\\\/\\\/www.textilegence.com\\\/en\\\/techtextil-and-texprocess-2026-become-a-driving-force-for-innovation\\\/\",\"url\":\"https:\\\/\\\/www.textilegence.com\\\/en\\\/techtextil-and-texprocess-2026-become-a-driving-force-for-innovation\\\/\",\"name\":\"Techtextil and Texprocess 2026 become a driving force for innovation - Textilegence\",\"isPartOf\":{\"@id\":\"https:\\\/\\\/www.textilegence.com\\\/en\\\/#website\"},\"primaryImageOfPage\":{\"@id\":\"https:\\\/\\\/www.textilegence.com\\\/en\\\/techtextil-and-texprocess-2026-become-a-driving-force-for-innovation\\\/#primaryimage\"},\"image\":{\"@id\":\"https:\\\/\\\/www.textilegence.com\\\/en\\\/techtextil-and-texprocess-2026-become-a-driving-force-for-innovation\\\/#primaryimage\"},\"thumbnailUrl\":\"https:\\\/\\\/www.textilegence.com\\\/wp-content\\\/uploads\\\/2026\\\/04\\\/Haber-Gorseli-134.jpg\",\"datePublished\":\"2026-04-27T10:46:22+00:00\",\"dateModified\":\"2026-04-27T10:46:28+00:00\",\"description\":\"Techtextil and Texprocess 2026 concluded with strong visitor and exhibitor participation. With more than 36,000 visitors and 1,700...\",\"breadcrumb\":{\"@id\":\"https:\\\/\\\/www.textilegence.com\\\/en\\\/techtextil-and-texprocess-2026-become-a-driving-force-for-innovation\\\/#breadcrumb\"},\"inLanguage\":\"en-US\",\"potentialAction\":[{\"@type\":\"ReadAction\",\"target\":[\"https:\\\/\\\/www.textilegence.com\\\/en\\\/techtextil-and-texprocess-2026-become-a-driving-force-for-innovation\\\/\"]}]},{\"@type\":\"ImageObject\",\"inLanguage\":\"en-US\",\"@id\":\"https:\\\/\\\/www.textilegence.com\\\/en\\\/techtextil-and-texprocess-2026-become-a-driving-force-for-innovation\\\/#primaryimage\",\"url\":\"https:\\\/\\\/www.textilegence.com\\\/wp-content\\\/uploads\\\/2026\\\/04\\\/Haber-Gorseli-134.jpg\",\"contentUrl\":\"https:\\\/\\\/www.textilegence.com\\\/wp-content\\\/uploads\\\/2026\\\/04\\\/Haber-Gorseli-134.jpg\",\"width\":1920,\"height\":1080,\"caption\":\"Techtextil and Texprocess 2026, held with strong participation, provided market-ready solutions for industries under pressure and demonstrated how innovation comes into industrial use Image Source: Messe Frankfurt \\\/ Pietro Sutera\"},{\"@type\":\"BreadcrumbList\",\"@id\":\"https:\\\/\\\/www.textilegence.com\\\/en\\\/techtextil-and-texprocess-2026-become-a-driving-force-for-innovation\\\/#breadcrumb\",\"itemListElement\":[{\"@type\":\"ListItem\",\"position\":1,\"name\":\"Home Page\",\"item\":\"https:\\\/\\\/www.textilegence.com\\\/en\\\/homepage-the-rimont\\\/\"},{\"@type\":\"ListItem\",\"position\":2,\"name\":\"Trade Fairs\",\"item\":\"https:\\\/\\\/www.textilegence.com\\\/en\\\/category\\\/trade-fairs\\\/\"},{\"@type\":\"ListItem\",\"position\":3,\"name\":\"Techtextil and Texprocess 2026 become a driving force for innovation\"}]},{\"@type\":\"WebSite\",\"@id\":\"https:\\\/\\\/www.textilegence.com\\\/en\\\/#website\",\"url\":\"https:\\\/\\\/www.textilegence.com\\\/en\\\/\",\"name\":\"Textilegence Magazine and Digital Platform\",\"description\":\"Textile News Center\",\"publisher\":{\"@id\":\"https:\\\/\\\/www.textilegence.com\\\/en\\\/#organization\"},\"potentialAction\":[{\"@type\":\"SearchAction\",\"target\":{\"@type\":\"EntryPoint\",\"urlTemplate\":\"https:\\\/\\\/www.textilegence.com\\\/en\\\/?s={search_term_string}\"},\"query-input\":{\"@type\":\"PropertyValueSpecification\",\"valueRequired\":true,\"valueName\":\"search_term_string\"}}],\"inLanguage\":\"en-US\"},{\"@type\":\"Organization\",\"@id\":\"https:\\\/\\\/www.textilegence.com\\\/en\\\/#organization\",\"name\":\"Textilegence Magazine and Digital Platform\",\"url\":\"https:\\\/\\\/www.textilegence.com\\\/en\\\/\",\"logo\":{\"@type\":\"ImageObject\",\"inLanguage\":\"en-US\",\"@id\":\"https:\\\/\\\/www.textilegence.com\\\/en\\\/#\\\/schema\\\/logo\\\/image\\\/\",\"url\":\"https:\\\/\\\/www.textilegence.com\\\/wp-content\\\/uploads\\\/2016\\\/11\\\/New_Retina_Logo_Textilegence.png\",\"contentUrl\":\"https:\\\/\\\/www.textilegence.com\\\/wp-content\\\/uploads\\\/2016\\\/11\\\/New_Retina_Logo_Textilegence.png\",\"width\":544,\"height\":180,\"caption\":\"Textilegence Magazine and Digital Platform\"},\"image\":{\"@id\":\"https:\\\/\\\/www.textilegence.com\\\/en\\\/#\\\/schema\\\/logo\\\/image\\\/\"},\"sameAs\":[\"https:\\\/\\\/www.facebook.com\\\/TextilegenceMagazine\",\"https:\\\/\\\/x.com\\\/textilegence\",\"https:\\\/\\\/www.instagram.com\\\/textilegence\\\/\",\"https:\\\/\\\/www.linkedin.com\\\/groups\\\/Textilegence-Magazine-Digital-Platform-4897253\",\"https:\\\/\\\/www.youtube.com\\\/user\\\/textilegence\"],\"description\":\"Textilegence is a magazine and digital platform established in 2013. It focuses on the textile industry and sub-segments. The platform provides news, articles, and updates on various aspects of the textile industry, including sustainability, technological advancements, and market trends.\",\"email\":\"editor@textilegence.com\",\"telephone\":\"+90 212 442 24 12\",\"legalName\":\"Textilegence Mag and Digital Platform\",\"foundingDate\":\"2013-01-01\",\"numberOfEmployees\":{\"@type\":\"QuantitativeValue\",\"minValue\":\"1\",\"maxValue\":\"10\"}},{\"@type\":\"Person\",\"@id\":\"https:\\\/\\\/www.textilegence.com\\\/en\\\/#\\\/schema\\\/person\\\/46ccc7bfc34edbc7d46b6b189f88849f\",\"name\":\"Engin Buz\",\"image\":{\"@type\":\"ImageObject\",\"inLanguage\":\"en-US\",\"@id\":\"https:\\\/\\\/www.textilegence.com\\\/wp-content\\\/uploads\\\/2018\\\/12\\\/engin-buz.jpg\",\"url\":\"https:\\\/\\\/www.textilegence.com\\\/wp-content\\\/uploads\\\/2018\\\/12\\\/engin-buz.jpg\",\"contentUrl\":\"https:\\\/\\\/www.textilegence.com\\\/wp-content\\\/uploads\\\/2018\\\/12\\\/engin-buz.jpg\",\"caption\":\"Engin Buz\"},\"description\":\"Engin Buz, Ankara \u00dcniversitesi \u0130leti\u015fim Fak\u00fcltesi Gazetecilik B\u00f6l\u00fcm\u00fc\u2019nden mezun olduktan sonra Y\u0131ld\u0131z Teknik \u00dcniversitesi\u2019nde Siyaset Bilimi ve Uluslararas\u0131 \u0130li\u015fkiler alan\u0131nda y\u00fcksek lisans\u0131n\u0131 tamamlam\u0131\u015ft\u0131r. 2000 y\u0131l\u0131ndan sonra \u00e7e\u015fitli yay\u0131nc\u0131l\u0131k \u015firketlerinde \u00e7al\u0131\u015fmaya ba\u015flayarak k\u00fclt\u00fcr-sanat ve daha sonra ekonomi haberleri haz\u0131rlam\u0131\u015ft\u0131r. 2009 y\u0131l\u0131ndan itibaren tekstil end\u00fcstrisine d\u00f6n\u00fck yay\u0131nlarda edit\u00f6r olarak g\u00f6rev alan Buz, 2013 itibariyle kurulan Textilegence\u2019de haber edit\u00f6r\u00fc olarak yer almaya ba\u015flam\u0131\u015ft\u0131r. Engin Buz halen ba\u015fta tekstil ve dijital bask\u0131 end\u00fcstrileri olmak \u00fczere ekonomi haberleri haz\u0131rlamaktad\u0131r.\",\"sameAs\":[\"https:\\\/\\\/www.textilegence.com\",\"https:\\\/\\\/www.facebook.com\\\/TextilegenceMagazine\",\"https:\\\/\\\/www.instagram.com\\\/textilegence\\\/\",\"https:\\\/\\\/www.linkedin.com\\\/in\\\/engin-buz-6190799a\\\/\",\"https:\\\/\\\/x.com\\\/https:\\\/\\\/twitter.com\\\/textilegence\"],\"url\":\"https:\\\/\\\/www.textilegence.com\\\/en\\\/author\\\/engin-buz\\\/\"}]}<\/script>\n<!-- \/ Yoast SEO Premium plugin. -->","yoast_head_json":{"title":"Techtextil and Texprocess 2026 become a driving force for innovation - Textilegence","description":"Techtextil and Texprocess 2026 concluded with strong visitor and exhibitor participation. With more than 36,000 visitors and 1,700...","robots":{"index":"index","follow":"follow","max-snippet":"max-snippet:-1","max-image-preview":"max-image-preview:large","max-video-preview":"max-video-preview:-1"},"canonical":"https:\/\/www.textilegence.com\/en\/techtextil-and-texprocess-2026-become-a-driving-force-for-innovation\/","og_locale":"en_US","og_type":"article","og_title":"Techtextil and Texprocess 2026 become a driving force for innovation","og_description":"Techtextil and Texprocess 2026 concluded with strong visitor and exhibitor participation. With more than 36,000 visitors and 1,700 exhibitors, the leading","og_url":"https:\/\/www.textilegence.com\/en\/techtextil-and-texprocess-2026-become-a-driving-force-for-innovation\/","og_site_name":"Textilegence Magazine and Digital Platform","article_publisher":"https:\/\/www.facebook.com\/TextilegenceMagazine","article_author":"https:\/\/www.facebook.com\/TextilegenceMagazine","article_published_time":"2026-04-27T10:46:22+00:00","article_modified_time":"2026-04-27T10:46:28+00:00","og_image":[{"width":1920,"height":1080,"url":"https:\/\/www.textilegence.com\/wp-content\/uploads\/2026\/04\/Haber-Gorseli-134.jpg","type":"image\/jpeg"}],"author":"Engin Buz","twitter_card":"summary_large_image","twitter_creator":"@https:\/\/twitter.com\/textilegence","twitter_site":"@textilegence","twitter_misc":{"Written by":"Engin Buz","Est. reading time":"5 minutes"},"schema":{"@context":"https:\/\/schema.org","@graph":[{"@type":"NewsArticle","@id":"https:\/\/www.textilegence.com\/en\/techtextil-and-texprocess-2026-become-a-driving-force-for-innovation\/#article","isPartOf":{"@id":"https:\/\/www.textilegence.com\/en\/techtextil-and-texprocess-2026-become-a-driving-force-for-innovation\/"},"author":{"name":"Engin Buz","@id":"https:\/\/www.textilegence.com\/en\/#\/schema\/person\/46ccc7bfc34edbc7d46b6b189f88849f"},"headline":"Techtextil and Texprocess 2026 become a driving force for innovation","datePublished":"2026-04-27T10:46:22+00:00","dateModified":"2026-04-27T10:46:28+00:00","mainEntityOfPage":{"@id":"https:\/\/www.textilegence.com\/en\/techtextil-and-texprocess-2026-become-a-driving-force-for-innovation\/"},"wordCount":728,"publisher":{"@id":"https:\/\/www.textilegence.com\/en\/#organization"},"image":{"@id":"https:\/\/www.textilegence.com\/en\/techtextil-and-texprocess-2026-become-a-driving-force-for-innovation\/#primaryimage"},"thumbnailUrl":"https:\/\/www.textilegence.com\/wp-content\/uploads\/2026\/04\/Haber-Gorseli-134.jpg","keywords":["technical textiles","Texprocess","textile news","topical","trade fairs"],"articleSection":["Trade Fairs"],"inLanguage":"en-US"},{"@type":"WebPage","@id":"https:\/\/www.textilegence.com\/en\/techtextil-and-texprocess-2026-become-a-driving-force-for-innovation\/","url":"https:\/\/www.textilegence.com\/en\/techtextil-and-texprocess-2026-become-a-driving-force-for-innovation\/","name":"Techtextil and Texprocess 2026 become a driving force for innovation - Textilegence","isPartOf":{"@id":"https:\/\/www.textilegence.com\/en\/#website"},"primaryImageOfPage":{"@id":"https:\/\/www.textilegence.com\/en\/techtextil-and-texprocess-2026-become-a-driving-force-for-innovation\/#primaryimage"},"image":{"@id":"https:\/\/www.textilegence.com\/en\/techtextil-and-texprocess-2026-become-a-driving-force-for-innovation\/#primaryimage"},"thumbnailUrl":"https:\/\/www.textilegence.com\/wp-content\/uploads\/2026\/04\/Haber-Gorseli-134.jpg","datePublished":"2026-04-27T10:46:22+00:00","dateModified":"2026-04-27T10:46:28+00:00","description":"Techtextil and Texprocess 2026 concluded with strong visitor and exhibitor participation. With more than 36,000 visitors and 1,700...","breadcrumb":{"@id":"https:\/\/www.textilegence.com\/en\/techtextil-and-texprocess-2026-become-a-driving-force-for-innovation\/#breadcrumb"},"inLanguage":"en-US","potentialAction":[{"@type":"ReadAction","target":["https:\/\/www.textilegence.com\/en\/techtextil-and-texprocess-2026-become-a-driving-force-for-innovation\/"]}]},{"@type":"ImageObject","inLanguage":"en-US","@id":"https:\/\/www.textilegence.com\/en\/techtextil-and-texprocess-2026-become-a-driving-force-for-innovation\/#primaryimage","url":"https:\/\/www.textilegence.com\/wp-content\/uploads\/2026\/04\/Haber-Gorseli-134.jpg","contentUrl":"https:\/\/www.textilegence.com\/wp-content\/uploads\/2026\/04\/Haber-Gorseli-134.jpg","width":1920,"height":1080,"caption":"Techtextil and Texprocess 2026, held with strong participation, provided market-ready solutions for industries under pressure and demonstrated how innovation comes into industrial use Image Source: Messe Frankfurt \/ Pietro Sutera"},{"@type":"BreadcrumbList","@id":"https:\/\/www.textilegence.com\/en\/techtextil-and-texprocess-2026-become-a-driving-force-for-innovation\/#breadcrumb","itemListElement":[{"@type":"ListItem","position":1,"name":"Home Page","item":"https:\/\/www.textilegence.com\/en\/homepage-the-rimont\/"},{"@type":"ListItem","position":2,"name":"Trade Fairs","item":"https:\/\/www.textilegence.com\/en\/category\/trade-fairs\/"},{"@type":"ListItem","position":3,"name":"Techtextil and Texprocess 2026 become a driving force for innovation"}]},{"@type":"WebSite","@id":"https:\/\/www.textilegence.com\/en\/#website","url":"https:\/\/www.textilegence.com\/en\/","name":"Textilegence Magazine and Digital Platform","description":"Textile News Center","publisher":{"@id":"https:\/\/www.textilegence.com\/en\/#organization"},"potentialAction":[{"@type":"SearchAction","target":{"@type":"EntryPoint","urlTemplate":"https:\/\/www.textilegence.com\/en\/?s={search_term_string}"},"query-input":{"@type":"PropertyValueSpecification","valueRequired":true,"valueName":"search_term_string"}}],"inLanguage":"en-US"},{"@type":"Organization","@id":"https:\/\/www.textilegence.com\/en\/#organization","name":"Textilegence Magazine and Digital Platform","url":"https:\/\/www.textilegence.com\/en\/","logo":{"@type":"ImageObject","inLanguage":"en-US","@id":"https:\/\/www.textilegence.com\/en\/#\/schema\/logo\/image\/","url":"https:\/\/www.textilegence.com\/wp-content\/uploads\/2016\/11\/New_Retina_Logo_Textilegence.png","contentUrl":"https:\/\/www.textilegence.com\/wp-content\/uploads\/2016\/11\/New_Retina_Logo_Textilegence.png","width":544,"height":180,"caption":"Textilegence Magazine and Digital Platform"},"image":{"@id":"https:\/\/www.textilegence.com\/en\/#\/schema\/logo\/image\/"},"sameAs":["https:\/\/www.facebook.com\/TextilegenceMagazine","https:\/\/x.com\/textilegence","https:\/\/www.instagram.com\/textilegence\/","https:\/\/www.linkedin.com\/groups\/Textilegence-Magazine-Digital-Platform-4897253","https:\/\/www.youtube.com\/user\/textilegence"],"description":"Textilegence is a magazine and digital platform established in 2013. It focuses on the textile industry and sub-segments. The platform provides news, articles, and updates on various aspects of the textile industry, including sustainability, technological advancements, and market trends.","email":"editor@textilegence.com","telephone":"+90 212 442 24 12","legalName":"Textilegence Mag and Digital Platform","foundingDate":"2013-01-01","numberOfEmployees":{"@type":"QuantitativeValue","minValue":"1","maxValue":"10"}},{"@type":"Person","@id":"https:\/\/www.textilegence.com\/en\/#\/schema\/person\/46ccc7bfc34edbc7d46b6b189f88849f","name":"Engin Buz","image":{"@type":"ImageObject","inLanguage":"en-US","@id":"https:\/\/www.textilegence.com\/wp-content\/uploads\/2018\/12\/engin-buz.jpg","url":"https:\/\/www.textilegence.com\/wp-content\/uploads\/2018\/12\/engin-buz.jpg","contentUrl":"https:\/\/www.textilegence.com\/wp-content\/uploads\/2018\/12\/engin-buz.jpg","caption":"Engin Buz"},"description":"Engin Buz, Ankara \u00dcniversitesi \u0130leti\u015fim Fak\u00fcltesi Gazetecilik B\u00f6l\u00fcm\u00fc\u2019nden mezun olduktan sonra Y\u0131ld\u0131z Teknik \u00dcniversitesi\u2019nde Siyaset Bilimi ve Uluslararas\u0131 \u0130li\u015fkiler alan\u0131nda y\u00fcksek lisans\u0131n\u0131 tamamlam\u0131\u015ft\u0131r. 2000 y\u0131l\u0131ndan sonra \u00e7e\u015fitli yay\u0131nc\u0131l\u0131k \u015firketlerinde \u00e7al\u0131\u015fmaya ba\u015flayarak k\u00fclt\u00fcr-sanat ve daha sonra ekonomi haberleri haz\u0131rlam\u0131\u015ft\u0131r. 2009 y\u0131l\u0131ndan itibaren tekstil end\u00fcstrisine d\u00f6n\u00fck yay\u0131nlarda edit\u00f6r olarak g\u00f6rev alan Buz, 2013 itibariyle kurulan Textilegence\u2019de haber edit\u00f6r\u00fc olarak yer almaya ba\u015flam\u0131\u015ft\u0131r. Engin Buz halen ba\u015fta tekstil ve dijital bask\u0131 end\u00fcstrileri olmak \u00fczere ekonomi haberleri haz\u0131rlamaktad\u0131r.","sameAs":["https:\/\/www.textilegence.com","https:\/\/www.facebook.com\/TextilegenceMagazine","https:\/\/www.instagram.com\/textilegence\/","https:\/\/www.linkedin.com\/in\/engin-buz-6190799a\/","https:\/\/x.com\/https:\/\/twitter.com\/textilegence"],"url":"https:\/\/www.textilegence.com\/en\/author\/engin-buz\/"}]}},"_links":{"self":[{"href":"https:\/\/www.textilegence.com\/en\/wp-json\/wp\/v2\/posts\/64195","targetHints":{"allow":["GET"]}}],"collection":[{"href":"https:\/\/www.textilegence.com\/en\/wp-json\/wp\/v2\/posts"}],"about":[{"href":"https:\/\/www.textilegence.com\/en\/wp-json\/wp\/v2\/types\/post"}],"author":[{"embeddable":true,"href":"https:\/\/www.textilegence.com\/en\/wp-json\/wp\/v2\/users\/2"}],"replies":[{"embeddable":true,"href":"https:\/\/www.textilegence.com\/en\/wp-json\/wp\/v2\/comments?post=64195"}],"version-history":[{"count":1,"href":"https:\/\/www.textilegence.com\/en\/wp-json\/wp\/v2\/posts\/64195\/revisions"}],"predecessor-version":[{"id":64196,"href":"https:\/\/www.textilegence.com\/en\/wp-json\/wp\/v2\/posts\/64195\/revisions\/64196"}],"wp:featuredmedia":[{"embeddable":true,"href":"https:\/\/www.textilegence.com\/en\/wp-json\/wp\/v2\/media\/64194"}],"wp:attachment":[{"href":"https:\/\/www.textilegence.com\/en\/wp-json\/wp\/v2\/media?parent=64195"}],"wp:term":[{"taxonomy":"category","embeddable":true,"href":"https:\/\/www.textilegence.com\/en\/wp-json\/wp\/v2\/categories?post=64195"},{"taxonomy":"post_tag","embeddable":true,"href":"https:\/\/www.textilegence.com\/en\/wp-json\/wp\/v2\/tags?post=64195"}],"curies":[{"name":"wp","href":"https:\/\/api.w.org\/{rel}","templated":true}]}}